{"id":161275,"date":"2021-08-26T16:16:22","date_gmt":"2021-08-26T14:16:22","guid":{"rendered":"https:\/\/dicodusport.fr\/blog\/?p=161275&#038;preview=true&#038;preview_id=161275"},"modified":"2021-08-26T22:26:57","modified_gmt":"2021-08-26T20:26:57","slug":"didier-deschamps-giroud-cest-simplement-un-choix-sportif-du-moment","status":"publish","type":"post","link":"https:\/\/dicodusport.fr\/blog\/didier-deschamps-giroud-cest-simplement-un-choix-sportif-du-moment\/","title":{"rendered":"Didier Deschamps : \u00ab\u00a0Giroud ? C&rsquo;est simplement un choix sportif du moment\u00a0\u00bb"},"content":{"rendered":"<p style=\"text-align: justify;\"><strong><em>FOOTBALL &#8211; Didier Deschamps s&rsquo;est exprim\u00e9 sur l&rsquo;absence d&rsquo;Olivier Giroud de la <a href=\"https:\/\/dicodusport.fr\/blog\/la-liste-des-bleus-pour-affronter-la-bosnie-herzegovine-la-suede-et-la-finlande\/\">liste des 23 joueurs convoqu\u00e9s pour les trois matchs du mois de septembre<\/a>.<\/em><\/strong><\/p>\n<p style=\"text-align: justify;\">La derni\u00e8re tendance laissait penser qu&rsquo;<strong>Olivier Giroud<\/strong> pourrait ne pas \u00eatre appel\u00e9, et elle s&rsquo;est confirm\u00e9e jeudi. Le s\u00e9lectionneur a expliqu\u00e9 en conf\u00e9rence de presse que la porte n&rsquo;\u00e9tait pas ferm\u00e9e pour l&rsquo;un des meilleurs buteurs de l&rsquo;histoire de l&rsquo;\u00e9quipe de France.<\/p>\n<blockquote>\n<p style=\"text-align: justify;\">Je n&rsquo;ai jamais eu de position radicale pour qui que ce soit. Olivier est toujours disponible. Sa situation a chang\u00e9 avec son transfert \u00e0 l&rsquo;AC Milan, o\u00f9 il a retrouv\u00e9 beaucoup plus de temps de jeu. C&rsquo;est simplement un choix sportif du moment par rapport \u00e0 une liste de 23 joueurs, et avec de la concurrence \u00e9videmment, comme il y en a toujours eu. Il y a aussi le retour d&rsquo;Anthony Martial qui, bless\u00e9, n&rsquo;a pas pu \u00eatre dans le groupe pour l&rsquo;Euro. Il revient avec nous. Ce n&rsquo;est pas se projeter, c&rsquo;est mon choix aujourd&rsquo;hui. \u00c0 Olivier de continuer \u00e0 \u00eatre performant.<\/p>\n<\/blockquote>\n<p style=\"text-align: justify;\">Avec la blessure de Zlatan Ibrahimovic, <strong>Olivier Giroud<\/strong> est pour le moment titulaire avec son nouveau club le Milan AC. Il sait donc ce qu&rsquo;il lui reste \u00e0 faire pour convaincre <strong>Didier Deschamps<\/strong> de le rappeler.<\/p>\n<blockquote class=\"twitter-tweet\">\n<p dir=\"ltr\" lang=\"fr\">Les Bleus avec Th\u00e9o Hernandez et plusieurs nouveaux mais sans Olivier Giroud &#x1f1eb;&#x1f1f7;<a href=\"https:\/\/t.co\/ICy2OPGyGC\">https:\/\/t.co\/ICy2OPGyGC<\/a><\/p>\n<p>\u2014 Dicodusport &#x2b50;&#x2b50; (@dicodusport) <a href=\"https:\/\/twitter.com\/dicodusport\/status\/1430865952430829570?ref_src=twsrc%5Etfw\">August 26, 2021<\/a><\/p><\/blockquote>\n<p><script async src=\"https:\/\/platform.twitter.com\/widgets.js\" charset=\"utf-8\"><\/script><\/p>\n","protected":false},"excerpt":{"rendered":"<p>FOOTBALL &#8211; Didier Deschamps s&rsquo;est exprim\u00e9 sur l&rsquo;absence d&rsquo;Olivier Giroud de la liste des 23 joueurs convoqu\u00e9s pour les trois matchs du mois de septembre.<\/p>\n","protected":false},"author":1,"featured_media":161284,"comment_status":"open","ping_status":"closed","sticky":false,"template":"","format":"standard","meta":{"_acf_changed":false,"_daextam_enable_autolinks":"","footnotes":""},"categories":[2301],"tags":[75,30,2394],"class_list":["post-161275","post","type-post","status-publish","format-standard","has-post-thumbnail","hentry","category-football","tag-football","tag-france","tag-giroud"],"acf":[],"yoast_head":"<!-- This site is optimized with the Yoast SEO Premium plugin v26.7 (Yoast SEO v26.7) - https:\/\/yoast.com\/wordpress\/plugins\/seo\/ -->\n<title>Didier Deschamps : &quot;Giroud ? C&#039;est simplement un choix sportif du moment&quot;<\/title>\n<meta name=\"description\" content=\"Didier Deschamps s&#039;est exprim\u00e9 sur l&#039;absence d&#039;Olivier Giroud de la liste des 23 joueurs convoqu\u00e9s pour les trois matchs du mois de septembre.\" \/>\n<meta name=\"robots\" content=\"index, follow, max-snippet:-1, max-image-preview:large, max-video-preview:-1\" \/>\n<link rel=\"canonical\" href=\"https:\/\/dicodusport.fr\/blog\/didier-deschamps-giroud-cest-simplement-un-choix-sportif-du-moment\/\" \/>\n<meta property=\"og:locale\" content=\"fr_FR\" \/>\n<meta property=\"og:type\" content=\"article\" \/>\n<meta property=\"og:title\" content=\"Didier Deschamps : &quot;Giroud ? C&#039;est simplement un choix sportif du moment&quot;\" \/>\n<meta property=\"og:description\" content=\"Didier Deschamps s&#039;est exprim\u00e9 sur l&#039;absence d&#039;Olivier Giroud de la liste des 23 joueurs convoqu\u00e9s pour les trois matchs du mois de septembre.\" \/>\n<meta property=\"og:url\" content=\"https:\/\/dicodusport.fr\/blog\/didier-deschamps-giroud-cest-simplement-un-choix-sportif-du-moment\/\" \/>\n<meta property=\"og:site_name\" content=\"Dicodusport\" \/>\n<meta property=\"article:publisher\" content=\"https:\/\/www.facebook.com\/dicodusport\" \/>\n<meta property=\"article:author\" content=\"https:\/\/www.facebook.com\/dicodusport\" \/>\n<meta property=\"article:published_time\" content=\"2021-08-26T14:16:22+00:00\" \/>\n<meta property=\"article:modified_time\" content=\"2021-08-26T20:26:57+00:00\" \/>\n<meta property=\"og:image\" content=\"https:\/\/dicodusport.fr\/blog\/wp-content\/uploads\/2021\/08\/Didier-Deschamps-Giroud-Cest-simplement-un-choix-sportif-du-moment.png\" \/>\n\t<meta property=\"og:image:width\" content=\"800\" \/>\n\t<meta property=\"og:image:height\" content=\"445\" \/>\n\t<meta property=\"og:image:type\" content=\"image\/png\" \/>\n<meta name=\"author\" content=\"Nicolas Jacquemard\" \/>\n<meta name=\"twitter:card\" content=\"summary_large_image\" \/>\n<meta name=\"twitter:title\" content=\"Didier Deschamps : &quot;Giroud ? C&#039;est simplement un choix sportif du moment&quot;\" \/>\n<meta name=\"twitter:creator\" content=\"@https:\/\/twitter.com\/Nico_Jacquemard\" \/>\n<meta name=\"twitter:site\" content=\"@dicodusport\" \/>\n<script type=\"application\/ld+json\" class=\"yoast-schema-graph\">{\"@context\":\"https:\/\/schema.org\",\"@graph\":[{\"@type\":\"NewsArticle\",\"@id\":\"https:\/\/dicodusport.fr\/blog\/didier-deschamps-giroud-cest-simplement-un-choix-sportif-du-moment\/#article\",\"isPartOf\":{\"@id\":\"https:\/\/dicodusport.fr\/blog\/didier-deschamps-giroud-cest-simplement-un-choix-sportif-du-moment\/\"},\"author\":{\"name\":\"Nicolas Jacquemard\",\"@id\":\"https:\/\/dicodusport.fr\/blog\/#\/schema\/person\/55dcb50ad410894e431ed812bbb70191\"},\"headline\":\"Didier Deschamps : \u00ab\u00a0Giroud ? C&rsquo;est simplement un choix sportif du moment\u00a0\u00bb\",\"datePublished\":\"2021-08-26T14:16:22+00:00\",\"dateModified\":\"2021-08-26T20:26:57+00:00\",\"mainEntityOfPage\":{\"@id\":\"https:\/\/dicodusport.fr\/blog\/didier-deschamps-giroud-cest-simplement-un-choix-sportif-du-moment\/\"},\"wordCount\":266,\"commentCount\":0,\"publisher\":{\"@id\":\"https:\/\/dicodusport.fr\/blog\/#organization\"},\"image\":{\"@id\":\"https:\/\/dicodusport.fr\/blog\/didier-deschamps-giroud-cest-simplement-un-choix-sportif-du-moment\/#primaryimage\"},\"thumbnailUrl\":\"https:\/\/dicodusport.fr\/blog\/wp-content\/uploads\/2021\/08\/Didier-Deschamps-Giroud-Cest-simplement-un-choix-sportif-du-moment.png\",\"keywords\":[\"Football\",\"France\",\"giroud\"],\"articleSection\":[\"Football\"],\"inLanguage\":\"fr-FR\",\"potentialAction\":[{\"@type\":\"CommentAction\",\"name\":\"Comment\",\"target\":[\"https:\/\/dicodusport.fr\/blog\/didier-deschamps-giroud-cest-simplement-un-choix-sportif-du-moment\/#respond\"]}],\"copyrightYear\":\"2021\",\"copyrightHolder\":{\"@id\":\"https:\/\/dicodusport.fr\/blog\/#organization\"}},{\"@type\":\"WebPage\",\"@id\":\"https:\/\/dicodusport.fr\/blog\/didier-deschamps-giroud-cest-simplement-un-choix-sportif-du-moment\/\",\"url\":\"https:\/\/dicodusport.fr\/blog\/didier-deschamps-giroud-cest-simplement-un-choix-sportif-du-moment\/\",\"name\":\"Didier Deschamps : \\\"Giroud ? C'est simplement un choix sportif du moment\\\"\",\"isPartOf\":{\"@id\":\"https:\/\/dicodusport.fr\/blog\/#website\"},\"primaryImageOfPage\":{\"@id\":\"https:\/\/dicodusport.fr\/blog\/didier-deschamps-giroud-cest-simplement-un-choix-sportif-du-moment\/#primaryimage\"},\"image\":{\"@id\":\"https:\/\/dicodusport.fr\/blog\/didier-deschamps-giroud-cest-simplement-un-choix-sportif-du-moment\/#primaryimage\"},\"thumbnailUrl\":\"https:\/\/dicodusport.fr\/blog\/wp-content\/uploads\/2021\/08\/Didier-Deschamps-Giroud-Cest-simplement-un-choix-sportif-du-moment.png\",\"datePublished\":\"2021-08-26T14:16:22+00:00\",\"dateModified\":\"2021-08-26T20:26:57+00:00\",\"description\":\"Didier Deschamps s'est exprim\u00e9 sur l'absence d'Olivier Giroud de la liste des 23 joueurs convoqu\u00e9s pour les trois matchs du mois de septembre.\",\"breadcrumb\":{\"@id\":\"https:\/\/dicodusport.fr\/blog\/didier-deschamps-giroud-cest-simplement-un-choix-sportif-du-moment\/#breadcrumb\"},\"inLanguage\":\"fr-FR\",\"potentialAction\":[{\"@type\":\"ReadAction\",\"target\":[\"https:\/\/dicodusport.fr\/blog\/didier-deschamps-giroud-cest-simplement-un-choix-sportif-du-moment\/\"]}]},{\"@type\":\"ImageObject\",\"inLanguage\":\"fr-FR\",\"@id\":\"https:\/\/dicodusport.fr\/blog\/didier-deschamps-giroud-cest-simplement-un-choix-sportif-du-moment\/#primaryimage\",\"url\":\"https:\/\/dicodusport.fr\/blog\/wp-content\/uploads\/2021\/08\/Didier-Deschamps-Giroud-Cest-simplement-un-choix-sportif-du-moment.png\",\"contentUrl\":\"https:\/\/dicodusport.fr\/blog\/wp-content\/uploads\/2021\/08\/Didier-Deschamps-Giroud-Cest-simplement-un-choix-sportif-du-moment.png\",\"width\":800,\"height\":445},{\"@type\":\"BreadcrumbList\",\"@id\":\"https:\/\/dicodusport.fr\/blog\/didier-deschamps-giroud-cest-simplement-un-choix-sportif-du-moment\/#breadcrumb\",\"itemListElement\":[{\"@type\":\"ListItem\",\"position\":1,\"name\":\"Accueil\",\"item\":\"https:\/\/dicodusport.fr\/blog\/\"},{\"@type\":\"ListItem\",\"position\":2,\"name\":\"Didier Deschamps : \u00ab\u00a0Giroud ? C&rsquo;est simplement un choix sportif du moment\u00a0\u00bb\"}]},{\"@type\":\"WebSite\",\"@id\":\"https:\/\/dicodusport.fr\/blog\/#website\",\"url\":\"https:\/\/dicodusport.fr\/blog\/\",\"name\":\"Dicodusport\",\"description\":\"L&#039;encyclop\u00e9die de l&#039;actualit\u00e9 sportive\",\"publisher\":{\"@id\":\"https:\/\/dicodusport.fr\/blog\/#organization\"},\"potentialAction\":[{\"@type\":\"SearchAction\",\"target\":{\"@type\":\"EntryPoint\",\"urlTemplate\":\"https:\/\/dicodusport.fr\/blog\/?s={search_term_string}\"},\"query-input\":{\"@type\":\"PropertyValueSpecification\",\"valueRequired\":true,\"valueName\":\"search_term_string\"}}],\"inLanguage\":\"fr-FR\"},{\"@type\":\"NewsMediaOrganization\",\"@id\":\"https:\/\/dicodusport.fr\/blog\/#organization\",\"name\":\"Dicodusport\",\"url\":\"https:\/\/dicodusport.fr\/blog\/\",\"logo\":{\"@type\":\"ImageObject\",\"inLanguage\":\"fr-FR\",\"@id\":\"https:\/\/dicodusport.fr\/blog\/#\/schema\/logo\/image\/\",\"url\":\"https:\/\/dicodusport.fr\/blog\/wp-content\/uploads\/2020\/06\/cropped-LOGO-DICODUSPORT-2020-SANS-FOND-SANS-TEXTE.png\",\"contentUrl\":\"https:\/\/dicodusport.fr\/blog\/wp-content\/uploads\/2020\/06\/cropped-LOGO-DICODUSPORT-2020-SANS-FOND-SANS-TEXTE.png\",\"width\":512,\"height\":512,\"caption\":\"Dicodusport\"},\"image\":{\"@id\":\"https:\/\/dicodusport.fr\/blog\/#\/schema\/logo\/image\/\"},\"sameAs\":[\"https:\/\/www.facebook.com\/dicodusport\",\"https:\/\/x.com\/dicodusport\",\"https:\/\/www.instagram.com\/dicodusport\/\",\"https:\/\/www.youtube.com\/channel\/UC7V2KZ5sd3htJivAbA4ZG3w\"],\"description\":\"Dicodusport est l'encyclop\u00e9die de l'actualit\u00e9 sportive.\",\"email\":\"bonjour@dicodusport.fr\",\"legalName\":\"DICODUSPORT\",\"foundingDate\":\"2018-01-14\",\"vatID\":\"FR71834470973\",\"taxID\":\"83447097300043\",\"numberOfEmployees\":{\"@type\":\"QuantitativeValue\",\"minValue\":\"1\",\"maxValue\":\"10\"}},{\"@type\":\"Person\",\"@id\":\"https:\/\/dicodusport.fr\/blog\/#\/schema\/person\/55dcb50ad410894e431ed812bbb70191\",\"name\":\"Nicolas Jacquemard\",\"image\":{\"@type\":\"ImageObject\",\"inLanguage\":\"fr-FR\",\"@id\":\"https:\/\/dicodusport.fr\/blog\/#\/schema\/person\/image\/\",\"url\":\"https:\/\/dicodusport.fr\/blog\/wp-content\/uploads\/2021\/05\/Nicolas-Jacquemard-150x150.jpeg\",\"contentUrl\":\"https:\/\/dicodusport.fr\/blog\/wp-content\/uploads\/2021\/05\/Nicolas-Jacquemard-150x150.jpeg\",\"caption\":\"Nicolas Jacquemard\"},\"description\":\"Passionn\u00e9 de sport et entrepreneur depuis mes 18 ans, la cr\u00e9ation de Dicodusport m'a sembl\u00e9 \u00e9vidente pour participer \u00e0 la m\u00e9diatisation d'un plus grand nombre de sports. Le chemin est long mais avec une \u00e9quipe des plus motiv\u00e9es et les Jeux Olympiques de Paris 2024 en point de mire, nous y arriverons ! Journaliste dans le monde du sport depuis plus de 5 ans, je traite aussi bien de football, de rugby, de biathlon que de cyclisme.\",\"sameAs\":[\"https:\/\/www.facebook.com\/dicodusport\",\"https:\/\/x.com\/https:\/\/twitter.com\/Nico_Jacquemard\"],\"url\":\"https:\/\/dicodusport.fr\/blog\/author\/dicodusport\/\"}]}<\/script>\n<!-- \/ Yoast SEO Premium plugin. -->","yoast_head_json":{"title":"Didier Deschamps : \"Giroud ? C'est simplement un choix sportif du moment\"","description":"Didier Deschamps s'est exprim\u00e9 sur l'absence d'Olivier Giroud de la liste des 23 joueurs convoqu\u00e9s pour les trois matchs du mois de septembre.","robots":{"index":"index","follow":"follow","max-snippet":"max-snippet:-1","max-image-preview":"max-image-preview:large","max-video-preview":"max-video-preview:-1"},"canonical":"https:\/\/dicodusport.fr\/blog\/didier-deschamps-giroud-cest-simplement-un-choix-sportif-du-moment\/","og_locale":"fr_FR","og_type":"article","og_title":"Didier Deschamps : \"Giroud ? C'est simplement un choix sportif du moment\"","og_description":"Didier Deschamps s'est exprim\u00e9 sur l'absence d'Olivier Giroud de la liste des 23 joueurs convoqu\u00e9s pour les trois matchs du mois de septembre.","og_url":"https:\/\/dicodusport.fr\/blog\/didier-deschamps-giroud-cest-simplement-un-choix-sportif-du-moment\/","og_site_name":"Dicodusport","article_publisher":"https:\/\/www.facebook.com\/dicodusport","article_author":"https:\/\/www.facebook.com\/dicodusport","article_published_time":"2021-08-26T14:16:22+00:00","article_modified_time":"2021-08-26T20:26:57+00:00","og_image":[{"width":800,"height":445,"url":"https:\/\/dicodusport.fr\/blog\/wp-content\/uploads\/2021\/08\/Didier-Deschamps-Giroud-Cest-simplement-un-choix-sportif-du-moment.png","type":"image\/png"}],"author":"Nicolas Jacquemard","twitter_card":"summary_large_image","twitter_title":"Didier Deschamps : \"Giroud ? C'est simplement un choix sportif du moment\"","twitter_creator":"@https:\/\/twitter.com\/Nico_Jacquemard","twitter_site":"@dicodusport","schema":{"@context":"https:\/\/schema.org","@graph":[{"@type":"NewsArticle","@id":"https:\/\/dicodusport.fr\/blog\/didier-deschamps-giroud-cest-simplement-un-choix-sportif-du-moment\/#article","isPartOf":{"@id":"https:\/\/dicodusport.fr\/blog\/didier-deschamps-giroud-cest-simplement-un-choix-sportif-du-moment\/"},"author":{"name":"Nicolas Jacquemard","@id":"https:\/\/dicodusport.fr\/blog\/#\/schema\/person\/55dcb50ad410894e431ed812bbb70191"},"headline":"Didier Deschamps : \u00ab\u00a0Giroud ? C&rsquo;est simplement un choix sportif du moment\u00a0\u00bb","datePublished":"2021-08-26T14:16:22+00:00","dateModified":"2021-08-26T20:26:57+00:00","mainEntityOfPage":{"@id":"https:\/\/dicodusport.fr\/blog\/didier-deschamps-giroud-cest-simplement-un-choix-sportif-du-moment\/"},"wordCount":266,"commentCount":0,"publisher":{"@id":"https:\/\/dicodusport.fr\/blog\/#organization"},"image":{"@id":"https:\/\/dicodusport.fr\/blog\/didier-deschamps-giroud-cest-simplement-un-choix-sportif-du-moment\/#primaryimage"},"thumbnailUrl":"https:\/\/dicodusport.fr\/blog\/wp-content\/uploads\/2021\/08\/Didier-Deschamps-Giroud-Cest-simplement-un-choix-sportif-du-moment.png","keywords":["Football","France","giroud"],"articleSection":["Football"],"inLanguage":"fr-FR","potentialAction":[{"@type":"CommentAction","name":"Comment","target":["https:\/\/dicodusport.fr\/blog\/didier-deschamps-giroud-cest-simplement-un-choix-sportif-du-moment\/#respond"]}],"copyrightYear":"2021","copyrightHolder":{"@id":"https:\/\/dicodusport.fr\/blog\/#organization"}},{"@type":"WebPage","@id":"https:\/\/dicodusport.fr\/blog\/didier-deschamps-giroud-cest-simplement-un-choix-sportif-du-moment\/","url":"https:\/\/dicodusport.fr\/blog\/didier-deschamps-giroud-cest-simplement-un-choix-sportif-du-moment\/","name":"Didier Deschamps : \"Giroud ? C'est simplement un choix sportif du moment\"","isPartOf":{"@id":"https:\/\/dicodusport.fr\/blog\/#website"},"primaryImageOfPage":{"@id":"https:\/\/dicodusport.fr\/blog\/didier-deschamps-giroud-cest-simplement-un-choix-sportif-du-moment\/#primaryimage"},"image":{"@id":"https:\/\/dicodusport.fr\/blog\/didier-deschamps-giroud-cest-simplement-un-choix-sportif-du-moment\/#primaryimage"},"thumbnailUrl":"https:\/\/dicodusport.fr\/blog\/wp-content\/uploads\/2021\/08\/Didier-Deschamps-Giroud-Cest-simplement-un-choix-sportif-du-moment.png","datePublished":"2021-08-26T14:16:22+00:00","dateModified":"2021-08-26T20:26:57+00:00","description":"Didier Deschamps s'est exprim\u00e9 sur l'absence d'Olivier Giroud de la liste des 23 joueurs convoqu\u00e9s pour les trois matchs du mois de septembre.","breadcrumb":{"@id":"https:\/\/dicodusport.fr\/blog\/didier-deschamps-giroud-cest-simplement-un-choix-sportif-du-moment\/#breadcrumb"},"inLanguage":"fr-FR","potentialAction":[{"@type":"ReadAction","target":["https:\/\/dicodusport.fr\/blog\/didier-deschamps-giroud-cest-simplement-un-choix-sportif-du-moment\/"]}]},{"@type":"ImageObject","inLanguage":"fr-FR","@id":"https:\/\/dicodusport.fr\/blog\/didier-deschamps-giroud-cest-simplement-un-choix-sportif-du-moment\/#primaryimage","url":"https:\/\/dicodusport.fr\/blog\/wp-content\/uploads\/2021\/08\/Didier-Deschamps-Giroud-Cest-simplement-un-choix-sportif-du-moment.png","contentUrl":"https:\/\/dicodusport.fr\/blog\/wp-content\/uploads\/2021\/08\/Didier-Deschamps-Giroud-Cest-simplement-un-choix-sportif-du-moment.png","width":800,"height":445},{"@type":"BreadcrumbList","@id":"https:\/\/dicodusport.fr\/blog\/didier-deschamps-giroud-cest-simplement-un-choix-sportif-du-moment\/#breadcrumb","itemListElement":[{"@type":"ListItem","position":1,"name":"Accueil","item":"https:\/\/dicodusport.fr\/blog\/"},{"@type":"ListItem","position":2,"name":"Didier Deschamps : \u00ab\u00a0Giroud ? C&rsquo;est simplement un choix sportif du moment\u00a0\u00bb"}]},{"@type":"WebSite","@id":"https:\/\/dicodusport.fr\/blog\/#website","url":"https:\/\/dicodusport.fr\/blog\/","name":"Dicodusport","description":"L&#039;encyclop\u00e9die de l&#039;actualit\u00e9 sportive","publisher":{"@id":"https:\/\/dicodusport.fr\/blog\/#organization"},"potentialAction":[{"@type":"SearchAction","target":{"@type":"EntryPoint","urlTemplate":"https:\/\/dicodusport.fr\/blog\/?s={search_term_string}"},"query-input":{"@type":"PropertyValueSpecification","valueRequired":true,"valueName":"search_term_string"}}],"inLanguage":"fr-FR"},{"@type":"NewsMediaOrganization","@id":"https:\/\/dicodusport.fr\/blog\/#organization","name":"Dicodusport","url":"https:\/\/dicodusport.fr\/blog\/","logo":{"@type":"ImageObject","inLanguage":"fr-FR","@id":"https:\/\/dicodusport.fr\/blog\/#\/schema\/logo\/image\/","url":"https:\/\/dicodusport.fr\/blog\/wp-content\/uploads\/2020\/06\/cropped-LOGO-DICODUSPORT-2020-SANS-FOND-SANS-TEXTE.png","contentUrl":"https:\/\/dicodusport.fr\/blog\/wp-content\/uploads\/2020\/06\/cropped-LOGO-DICODUSPORT-2020-SANS-FOND-SANS-TEXTE.png","width":512,"height":512,"caption":"Dicodusport"},"image":{"@id":"https:\/\/dicodusport.fr\/blog\/#\/schema\/logo\/image\/"},"sameAs":["https:\/\/www.facebook.com\/dicodusport","https:\/\/x.com\/dicodusport","https:\/\/www.instagram.com\/dicodusport\/","https:\/\/www.youtube.com\/channel\/UC7V2KZ5sd3htJivAbA4ZG3w"],"description":"Dicodusport est l'encyclop\u00e9die de l'actualit\u00e9 sportive.","email":"bonjour@dicodusport.fr","legalName":"DICODUSPORT","foundingDate":"2018-01-14","vatID":"FR71834470973","taxID":"83447097300043","numberOfEmployees":{"@type":"QuantitativeValue","minValue":"1","maxValue":"10"}},{"@type":"Person","@id":"https:\/\/dicodusport.fr\/blog\/#\/schema\/person\/55dcb50ad410894e431ed812bbb70191","name":"Nicolas Jacquemard","image":{"@type":"ImageObject","inLanguage":"fr-FR","@id":"https:\/\/dicodusport.fr\/blog\/#\/schema\/person\/image\/","url":"https:\/\/dicodusport.fr\/blog\/wp-content\/uploads\/2021\/05\/Nicolas-Jacquemard-150x150.jpeg","contentUrl":"https:\/\/dicodusport.fr\/blog\/wp-content\/uploads\/2021\/05\/Nicolas-Jacquemard-150x150.jpeg","caption":"Nicolas Jacquemard"},"description":"Passionn\u00e9 de sport et entrepreneur depuis mes 18 ans, la cr\u00e9ation de Dicodusport m'a sembl\u00e9 \u00e9vidente pour participer \u00e0 la m\u00e9diatisation d'un plus grand nombre de sports. Le chemin est long mais avec une \u00e9quipe des plus motiv\u00e9es et les Jeux Olympiques de Paris 2024 en point de mire, nous y arriverons ! Journaliste dans le monde du sport depuis plus de 5 ans, je traite aussi bien de football, de rugby, de biathlon que de cyclisme.","sameAs":["https:\/\/www.facebook.com\/dicodusport","https:\/\/x.com\/https:\/\/twitter.com\/Nico_Jacquemard"],"url":"https:\/\/dicodusport.fr\/blog\/author\/dicodusport\/"}]}},"_links":{"self":[{"href":"https:\/\/dicodusport.fr\/blog\/wp-json\/wp\/v2\/posts\/161275","targetHints":{"allow":["GET"]}}],"collection":[{"href":"https:\/\/dicodusport.fr\/blog\/wp-json\/wp\/v2\/posts"}],"about":[{"href":"https:\/\/dicodusport.fr\/blog\/wp-json\/wp\/v2\/types\/post"}],"author":[{"embeddable":true,"href":"https:\/\/dicodusport.fr\/blog\/wp-json\/wp\/v2\/users\/1"}],"replies":[{"embeddable":true,"href":"https:\/\/dicodusport.fr\/blog\/wp-json\/wp\/v2\/comments?post=161275"}],"version-history":[{"count":0,"href":"https:\/\/dicodusport.fr\/blog\/wp-json\/wp\/v2\/posts\/161275\/revisions"}],"wp:featuredmedia":[{"embeddable":true,"href":"https:\/\/dicodusport.fr\/blog\/wp-json\/wp\/v2\/media\/161284"}],"wp:attachment":[{"href":"https:\/\/dicodusport.fr\/blog\/wp-json\/wp\/v2\/media?parent=161275"}],"wp:term":[{"taxonomy":"category","embeddable":true,"href":"https:\/\/dicodusport.fr\/blog\/wp-json\/wp\/v2\/categories?post=161275"},{"taxonomy":"post_tag","embeddable":true,"href":"https:\/\/dicodusport.fr\/blog\/wp-json\/wp\/v2\/tags?post=161275"}],"curies":[{"name":"wp","href":"https:\/\/api.w.org\/{rel}","templated":true}]}}