{"id":161335,"date":"2021-08-26T17:31:05","date_gmt":"2021-08-26T15:31:05","guid":{"rendered":"https:\/\/dicodusport.fr\/blog\/?p=161335&#038;preview=true&#038;preview_id=161335"},"modified":"2021-08-26T17:53:25","modified_gmt":"2021-08-26T15:53:25","slug":"vtt-cross-country-pauline-ferrand-prevot-bronze-sina-frei-titree","status":"publish","type":"post","link":"https:\/\/dicodusport.fr\/blog\/vtt-cross-country-pauline-ferrand-prevot-bronze-sina-frei-titree\/","title":{"rendered":"VTT Cross-country : Pauline Ferrand-Pr\u00e9vot en bronze sur la short-track, Sina Frei titr\u00e9e"},"content":{"rendered":"<p style=\"text-align: justify;\"><em><a style=\"font-weight: bold;\" href=\"https:\/\/dicodusport.fr\/blog\/championnats-du-monde-vtt-2021-programme-complet\/\">VTT &#8211; CHAMPIONNATS DU MONDE 2021<\/a><b> &#8211; \u00c0 la lutte pour le titre jusqu&rsquo;au bout, Pauline Ferrand-Pr\u00e9vot a d\u00e9croch\u00e9 la m\u00e9daille de bronze des premiers championnats du monde de short-track, ce jeudi, \u00e0 Val di Sole (Italie). La Suissesse Sina Frei d\u00e9croche l&rsquo;or, devant la Britannique Evie Richards.<\/b><\/em><\/p>\n<p style=\"text-align: justify;\">Pour la premi\u00e8re fois de son histoire, la short-track \u00e9tait au menu des championnats du monde de VTT, avec un titre d\u00e9livr\u00e9 \u00e0 la laur\u00e9ate. Ce jeudi, sur le circuit italien de Val di Sole, c&rsquo;est la Suissesse <strong>Nina Frei<\/strong> qui a d\u00e9croch\u00e9 un sacre historique donc. \u00c0 24 ans, la vice-championne olympique en titre, double championne du monde espoirs en 2017 et 2019, a fait la diff\u00e9rence dans le dernier des six tours. L&rsquo;Helv\u00e8te a n\u00e9anmoins d\u00fb batailler jusque dans les derniers m\u00e8tres pour s&rsquo;imposer au sprint devant la Britannique <strong>Evie Richards<\/strong>, toujours aussi redoutable sur les short-track.<\/p>\n<h2><strong>PFP dans l&rsquo;allure, Neff en retrait<\/strong><\/h2>\n<p style=\"text-align: justify;\">Troisi\u00e8me, <strong>Pauline Ferrand-Pr\u00e9vot<\/strong> a montr\u00e9 un niveau int\u00e9ressant sur un format court qui n&rsquo;est pas vraiment ce qu&rsquo;elle pr\u00e9f\u00e8re. La Fran\u00e7aise a fait un bel effort dans l&rsquo;avant-derni\u00e8re boucle, mais n&rsquo;a pas r\u00e9ussi \u00e0 concr\u00e9tiser dans le final. La R\u00e9moise d\u00e9fendra samedi son (double) titre sur le format olympique, avec l&rsquo;objectif de r\u00e9ussir le tripl\u00e9 et de devenir championne du monde de VTT pour la quatri\u00e8me fois. Cette m\u00e9daille de bronze est \u00e9galement synonyme de quatri\u00e8me breloque en quatre courses pour l&rsquo;\u00e9quipe de France de VTT. De son c\u00f4t\u00e9, la championne olympique en titre, la Suissesse <strong>Jolanda Neff<\/strong>, se classe seulement 5\u00e8me.<\/p>\n<blockquote class=\"twitter-tweet\">\n<p dir=\"ltr\" lang=\"pl\">&#x1f1e8;&#x1f1ed;&#x1f947; SINA FREI &#x1f947;&#x1f1e8;&#x1f1ed;<\/p>\n<p>First-ever UCI MTB XC Short Track World Champion! &#x1f525;<a href=\"https:\/\/twitter.com\/hashtag\/ValdiSole2021?src=hash&amp;ref_src=twsrc%5Etfw\">#ValdiSole2021<\/a> <a href=\"https:\/\/t.co\/gGsnmXmXu8\">pic.twitter.com\/gGsnmXmXu8<\/a><\/p>\n<p>\u2014 UCI MTB (@UCI_MTB) <a href=\"https:\/\/twitter.com\/UCI_MTB\/status\/1430913400419221510?ref_src=twsrc%5Etfw\">August 26, 2021<\/a><\/p><\/blockquote>\n<p><script async src=\"https:\/\/platform.twitter.com\/widgets.js\" charset=\"utf-8\"><\/script><\/p>\n<h2 style=\"text-align: justify;\"><strong>\u00c0 lire aussi\u00a0<\/strong><\/h2>\n<ul>\n<li style=\"text-align: justify;\"><a href=\"https:\/\/dicodusport.fr\/blog\/championnats-du-monde-de-vtt-2021-classement-short-track-femmes\/\"><strong>Le classement de la short-track femmes<\/strong><\/a><\/li>\n<li style=\"text-align: justify;\"><a href=\"https:\/\/dicodusport.fr\/blog\/championnats-du-monde-de-vtt-2021-le-tableau-des-medailles\/\"><strong>Le tableau des m\u00e9dailles<\/strong><\/a><\/li>\n<\/ul>\n","protected":false},"excerpt":{"rendered":"<p>VTT &#8211; CHAMPIONNATS DU MONDE 2021 &#8211; \u00c0 la lutte pour le titre jusqu&rsquo;au bout, Pauline Ferrand-Pr\u00e9vot a d\u00e9croch\u00e9 la m\u00e9daille de bronze des premiers championnats du monde de short-track, ce jeudi, \u00e0 Val di Sole (Italie). La Suissesse Sina Frei d\u00e9croche l&rsquo;or, devant la Britannique Evie Richards.<\/p>\n","protected":false},"author":4,"featured_media":161359,"comment_status":"open","ping_status":"closed","sticky":false,"template":"","format":"standard","meta":{"_acf_changed":false,"_daextam_enable_autolinks":"","footnotes":""},"categories":[10279],"tags":[18860],"class_list":["post-161335","post","type-post","status-publish","format-standard","has-post-thumbnail","hentry","category-vtt","tag-vtt-short-track"],"acf":[],"yoast_head":"<!-- This site is optimized with the Yoast SEO Premium plugin v26.7 (Yoast SEO v26.7) - https:\/\/yoast.com\/wordpress\/plugins\/seo\/ -->\n<title>VTT Cross-country : Pauline Ferrand-Pr\u00e9vot en bronze sur la short-track, Sina Frei titr\u00e9e<\/title>\n<meta name=\"description\" content=\"VTT - CHAMPIONNATS DU MONDE 2021 - Pauline Ferrand-Pr\u00e9vot a d\u00e9croch\u00e9 la m\u00e9daille de bronze des premiers championnats du monde de short-track.\" \/>\n<meta name=\"robots\" content=\"index, follow, max-snippet:-1, max-image-preview:large, max-video-preview:-1\" \/>\n<link rel=\"canonical\" href=\"https:\/\/dicodusport.fr\/blog\/vtt-cross-country-pauline-ferrand-prevot-bronze-sina-frei-titree\/\" \/>\n<meta property=\"og:locale\" content=\"fr_FR\" \/>\n<meta property=\"og:type\" content=\"article\" \/>\n<meta property=\"og:title\" content=\"VTT Cross-country : Pauline Ferrand-Pr\u00e9vot en bronze sur la short-track, Sina Frei titr\u00e9e\" \/>\n<meta property=\"og:description\" content=\"VTT - CHAMPIONNATS DU MONDE 2021 - Pauline Ferrand-Pr\u00e9vot a d\u00e9croch\u00e9 la m\u00e9daille de bronze des premiers championnats du monde de short-track.\" \/>\n<meta property=\"og:url\" content=\"https:\/\/dicodusport.fr\/blog\/vtt-cross-country-pauline-ferrand-prevot-bronze-sina-frei-titree\/\" \/>\n<meta property=\"og:site_name\" content=\"Dicodusport\" \/>\n<meta property=\"article:publisher\" content=\"https:\/\/www.facebook.com\/dicodusport\" \/>\n<meta property=\"article:author\" content=\"https:\/\/www.facebook.com\/florent.ostermann\" \/>\n<meta property=\"article:published_time\" content=\"2021-08-26T15:31:05+00:00\" \/>\n<meta property=\"article:modified_time\" content=\"2021-08-26T15:53:25+00:00\" \/>\n<meta property=\"og:image\" content=\"https:\/\/dicodusport.fr\/blog\/wp-content\/uploads\/2021\/08\/VTT-Cross-country-Pauline-Ferrand-Prevot-en-bronze-sur-le-short-track-Sina-Frei-titree.png\" \/>\n\t<meta property=\"og:image:width\" content=\"800\" \/>\n\t<meta property=\"og:image:height\" content=\"445\" \/>\n\t<meta property=\"og:image:type\" content=\"image\/png\" \/>\n<meta name=\"author\" content=\"Flo Ostermann\" \/>\n<meta name=\"twitter:card\" content=\"summary_large_image\" \/>\n<meta name=\"twitter:title\" content=\"VTT Cross-country : Pauline Ferrand-Pr\u00e9vot en bronze sur la short-track, Sina Frei titr\u00e9e\" \/>\n<meta name=\"twitter:creator\" content=\"@https:\/\/twitter.com\/FlOstermann\" \/>\n<meta name=\"twitter:site\" content=\"@dicodusport\" \/>\n<script type=\"application\/ld+json\" class=\"yoast-schema-graph\">{\"@context\":\"https:\/\/schema.org\",\"@graph\":[{\"@type\":\"NewsArticle\",\"@id\":\"https:\/\/dicodusport.fr\/blog\/vtt-cross-country-pauline-ferrand-prevot-bronze-sina-frei-titree\/#article\",\"isPartOf\":{\"@id\":\"https:\/\/dicodusport.fr\/blog\/vtt-cross-country-pauline-ferrand-prevot-bronze-sina-frei-titree\/\"},\"author\":{\"name\":\"Flo Ostermann\",\"@id\":\"https:\/\/dicodusport.fr\/blog\/#\/schema\/person\/cb02af4c173ce4a653b55e9baf388d4a\"},\"headline\":\"VTT Cross-country : Pauline Ferrand-Pr\u00e9vot en bronze sur la short-track, Sina Frei titr\u00e9e\",\"datePublished\":\"2021-08-26T15:31:05+00:00\",\"dateModified\":\"2021-08-26T15:53:25+00:00\",\"mainEntityOfPage\":{\"@id\":\"https:\/\/dicodusport.fr\/blog\/vtt-cross-country-pauline-ferrand-prevot-bronze-sina-frei-titree\/\"},\"wordCount\":351,\"commentCount\":0,\"publisher\":{\"@id\":\"https:\/\/dicodusport.fr\/blog\/#organization\"},\"image\":{\"@id\":\"https:\/\/dicodusport.fr\/blog\/vtt-cross-country-pauline-ferrand-prevot-bronze-sina-frei-titree\/#primaryimage\"},\"thumbnailUrl\":\"https:\/\/dicodusport.fr\/blog\/wp-content\/uploads\/2021\/08\/VTT-Cross-country-Pauline-Ferrand-Prevot-en-bronze-sur-le-short-track-Sina-Frei-titree.png\",\"keywords\":[\"VTT Short-track\"],\"articleSection\":[\"VTT\"],\"inLanguage\":\"fr-FR\",\"potentialAction\":[{\"@type\":\"CommentAction\",\"name\":\"Comment\",\"target\":[\"https:\/\/dicodusport.fr\/blog\/vtt-cross-country-pauline-ferrand-prevot-bronze-sina-frei-titree\/#respond\"]}],\"copyrightYear\":\"2021\",\"copyrightHolder\":{\"@id\":\"https:\/\/dicodusport.fr\/blog\/#organization\"}},{\"@type\":\"WebPage\",\"@id\":\"https:\/\/dicodusport.fr\/blog\/vtt-cross-country-pauline-ferrand-prevot-bronze-sina-frei-titree\/\",\"url\":\"https:\/\/dicodusport.fr\/blog\/vtt-cross-country-pauline-ferrand-prevot-bronze-sina-frei-titree\/\",\"name\":\"VTT Cross-country : Pauline Ferrand-Pr\u00e9vot en bronze sur la short-track, Sina Frei titr\u00e9e\",\"isPartOf\":{\"@id\":\"https:\/\/dicodusport.fr\/blog\/#website\"},\"primaryImageOfPage\":{\"@id\":\"https:\/\/dicodusport.fr\/blog\/vtt-cross-country-pauline-ferrand-prevot-bronze-sina-frei-titree\/#primaryimage\"},\"image\":{\"@id\":\"https:\/\/dicodusport.fr\/blog\/vtt-cross-country-pauline-ferrand-prevot-bronze-sina-frei-titree\/#primaryimage\"},\"thumbnailUrl\":\"https:\/\/dicodusport.fr\/blog\/wp-content\/uploads\/2021\/08\/VTT-Cross-country-Pauline-Ferrand-Prevot-en-bronze-sur-le-short-track-Sina-Frei-titree.png\",\"datePublished\":\"2021-08-26T15:31:05+00:00\",\"dateModified\":\"2021-08-26T15:53:25+00:00\",\"description\":\"VTT - CHAMPIONNATS DU MONDE 2021 - Pauline Ferrand-Pr\u00e9vot a d\u00e9croch\u00e9 la m\u00e9daille de bronze des premiers championnats du monde de short-track.\",\"breadcrumb\":{\"@id\":\"https:\/\/dicodusport.fr\/blog\/vtt-cross-country-pauline-ferrand-prevot-bronze-sina-frei-titree\/#breadcrumb\"},\"inLanguage\":\"fr-FR\",\"potentialAction\":[{\"@type\":\"ReadAction\",\"target\":[\"https:\/\/dicodusport.fr\/blog\/vtt-cross-country-pauline-ferrand-prevot-bronze-sina-frei-titree\/\"]}]},{\"@type\":\"ImageObject\",\"inLanguage\":\"fr-FR\",\"@id\":\"https:\/\/dicodusport.fr\/blog\/vtt-cross-country-pauline-ferrand-prevot-bronze-sina-frei-titree\/#primaryimage\",\"url\":\"https:\/\/dicodusport.fr\/blog\/wp-content\/uploads\/2021\/08\/VTT-Cross-country-Pauline-Ferrand-Prevot-en-bronze-sur-le-short-track-Sina-Frei-titree.png\",\"contentUrl\":\"https:\/\/dicodusport.fr\/blog\/wp-content\/uploads\/2021\/08\/VTT-Cross-country-Pauline-Ferrand-Prevot-en-bronze-sur-le-short-track-Sina-Frei-titree.png\",\"width\":800,\"height\":445,\"caption\":\"VTT Cross-country Pauline Ferrand-Pr\u00e9vot en bronze sur le short-track, Sina Frei titr\u00e9e\"},{\"@type\":\"BreadcrumbList\",\"@id\":\"https:\/\/dicodusport.fr\/blog\/vtt-cross-country-pauline-ferrand-prevot-bronze-sina-frei-titree\/#breadcrumb\",\"itemListElement\":[{\"@type\":\"ListItem\",\"position\":1,\"name\":\"Accueil\",\"item\":\"https:\/\/dicodusport.fr\/blog\/\"},{\"@type\":\"ListItem\",\"position\":2,\"name\":\"VTT Cross-country : Pauline Ferrand-Pr\u00e9vot en bronze sur la short-track, Sina Frei titr\u00e9e\"}]},{\"@type\":\"WebSite\",\"@id\":\"https:\/\/dicodusport.fr\/blog\/#website\",\"url\":\"https:\/\/dicodusport.fr\/blog\/\",\"name\":\"Dicodusport\",\"description\":\"L&#039;encyclop\u00e9die de l&#039;actualit\u00e9 sportive\",\"publisher\":{\"@id\":\"https:\/\/dicodusport.fr\/blog\/#organization\"},\"potentialAction\":[{\"@type\":\"SearchAction\",\"target\":{\"@type\":\"EntryPoint\",\"urlTemplate\":\"https:\/\/dicodusport.fr\/blog\/?s={search_term_string}\"},\"query-input\":{\"@type\":\"PropertyValueSpecification\",\"valueRequired\":true,\"valueName\":\"search_term_string\"}}],\"inLanguage\":\"fr-FR\"},{\"@type\":\"NewsMediaOrganization\",\"@id\":\"https:\/\/dicodusport.fr\/blog\/#organization\",\"name\":\"Dicodusport\",\"url\":\"https:\/\/dicodusport.fr\/blog\/\",\"logo\":{\"@type\":\"ImageObject\",\"inLanguage\":\"fr-FR\",\"@id\":\"https:\/\/dicodusport.fr\/blog\/#\/schema\/logo\/image\/\",\"url\":\"https:\/\/dicodusport.fr\/blog\/wp-content\/uploads\/2020\/06\/cropped-LOGO-DICODUSPORT-2020-SANS-FOND-SANS-TEXTE.png\",\"contentUrl\":\"https:\/\/dicodusport.fr\/blog\/wp-content\/uploads\/2020\/06\/cropped-LOGO-DICODUSPORT-2020-SANS-FOND-SANS-TEXTE.png\",\"width\":512,\"height\":512,\"caption\":\"Dicodusport\"},\"image\":{\"@id\":\"https:\/\/dicodusport.fr\/blog\/#\/schema\/logo\/image\/\"},\"sameAs\":[\"https:\/\/www.facebook.com\/dicodusport\",\"https:\/\/x.com\/dicodusport\",\"https:\/\/www.instagram.com\/dicodusport\/\",\"https:\/\/www.youtube.com\/channel\/UC7V2KZ5sd3htJivAbA4ZG3w\"],\"description\":\"Dicodusport est l'encyclop\u00e9die de l'actualit\u00e9 sportive.\",\"email\":\"bonjour@dicodusport.fr\",\"legalName\":\"DICODUSPORT\",\"foundingDate\":\"2018-01-14\",\"vatID\":\"FR71834470973\",\"taxID\":\"83447097300043\",\"numberOfEmployees\":{\"@type\":\"QuantitativeValue\",\"minValue\":\"1\",\"maxValue\":\"10\"}},{\"@type\":\"Person\",\"@id\":\"https:\/\/dicodusport.fr\/blog\/#\/schema\/person\/cb02af4c173ce4a653b55e9baf388d4a\",\"name\":\"Flo Ostermann\",\"image\":{\"@type\":\"ImageObject\",\"inLanguage\":\"fr-FR\",\"@id\":\"https:\/\/dicodusport.fr\/blog\/#\/schema\/person\/image\/\",\"url\":\"https:\/\/dicodusport.fr\/blog\/wp-content\/uploads\/2021\/05\/Flo-Ostermann-150x150.jpg\",\"contentUrl\":\"https:\/\/dicodusport.fr\/blog\/wp-content\/uploads\/2021\/05\/Flo-Ostermann-150x150.jpg\",\"caption\":\"Flo Ostermann\"},\"description\":\"Journaliste\/R\u00e9dacteur depuis septembre 2015 - Mes premiers souvenirs dans le sport ? Les envol\u00e9es du Stade Toulousain et les duels Villeneuve-Schumacher et H\u00e4kkinen-Schumacher \u00e0 la fin des ann\u00e9es 90, la Coupe du monde de football en 1998, l\u2019exploit du XV de France face aux All Blacks en 1999, mais aussi Richard C\u0153ur de Lion qui vole sur les montagnes du Tour de France. Bien parti pour devenir professeur d\u2019EPS, les \u00e9v\u00e9nements de la vie (et la flemme d\u2019animer des s\u00e9ances de 3x500 m\u00e8tres toute ma vie) m\u2019ont conduit \u00e0 revoir mes plans. Me voil\u00e0 depuis fin 2017 sur Dicodusport, m\u00e9dia gr\u00e2ce (et pour) lequel je partage ma passion : le sport dans tous ses \u00e9tats. Le tout accompagn\u00e9 par les fous furieux et folles furieuses cit\u00e9s sur cette page !\",\"sameAs\":[\"https:\/\/www.facebook.com\/florent.ostermann\",\"https:\/\/x.com\/https:\/\/twitter.com\/FlOstermann\",\"admin\"],\"url\":\"https:\/\/dicodusport.fr\/blog\/author\/flo\/\"}]}<\/script>\n<!-- \/ Yoast SEO Premium plugin. -->","yoast_head_json":{"title":"VTT Cross-country : Pauline Ferrand-Pr\u00e9vot en bronze sur la short-track, Sina Frei titr\u00e9e","description":"VTT - CHAMPIONNATS DU MONDE 2021 - Pauline Ferrand-Pr\u00e9vot a d\u00e9croch\u00e9 la m\u00e9daille de bronze des premiers championnats du monde de short-track.","robots":{"index":"index","follow":"follow","max-snippet":"max-snippet:-1","max-image-preview":"max-image-preview:large","max-video-preview":"max-video-preview:-1"},"canonical":"https:\/\/dicodusport.fr\/blog\/vtt-cross-country-pauline-ferrand-prevot-bronze-sina-frei-titree\/","og_locale":"fr_FR","og_type":"article","og_title":"VTT Cross-country : Pauline Ferrand-Pr\u00e9vot en bronze sur la short-track, Sina Frei titr\u00e9e","og_description":"VTT - CHAMPIONNATS DU MONDE 2021 - Pauline Ferrand-Pr\u00e9vot a d\u00e9croch\u00e9 la m\u00e9daille de bronze des premiers championnats du monde de short-track.","og_url":"https:\/\/dicodusport.fr\/blog\/vtt-cross-country-pauline-ferrand-prevot-bronze-sina-frei-titree\/","og_site_name":"Dicodusport","article_publisher":"https:\/\/www.facebook.com\/dicodusport","article_author":"https:\/\/www.facebook.com\/florent.ostermann","article_published_time":"2021-08-26T15:31:05+00:00","article_modified_time":"2021-08-26T15:53:25+00:00","og_image":[{"width":800,"height":445,"url":"https:\/\/dicodusport.fr\/blog\/wp-content\/uploads\/2021\/08\/VTT-Cross-country-Pauline-Ferrand-Prevot-en-bronze-sur-le-short-track-Sina-Frei-titree.png","type":"image\/png"}],"author":"Flo Ostermann","twitter_card":"summary_large_image","twitter_title":"VTT Cross-country : Pauline Ferrand-Pr\u00e9vot en bronze sur la short-track, Sina Frei titr\u00e9e","twitter_creator":"@https:\/\/twitter.com\/FlOstermann","twitter_site":"@dicodusport","schema":{"@context":"https:\/\/schema.org","@graph":[{"@type":"NewsArticle","@id":"https:\/\/dicodusport.fr\/blog\/vtt-cross-country-pauline-ferrand-prevot-bronze-sina-frei-titree\/#article","isPartOf":{"@id":"https:\/\/dicodusport.fr\/blog\/vtt-cross-country-pauline-ferrand-prevot-bronze-sina-frei-titree\/"},"author":{"name":"Flo Ostermann","@id":"https:\/\/dicodusport.fr\/blog\/#\/schema\/person\/cb02af4c173ce4a653b55e9baf388d4a"},"headline":"VTT Cross-country : Pauline Ferrand-Pr\u00e9vot en bronze sur la short-track, Sina Frei titr\u00e9e","datePublished":"2021-08-26T15:31:05+00:00","dateModified":"2021-08-26T15:53:25+00:00","mainEntityOfPage":{"@id":"https:\/\/dicodusport.fr\/blog\/vtt-cross-country-pauline-ferrand-prevot-bronze-sina-frei-titree\/"},"wordCount":351,"commentCount":0,"publisher":{"@id":"https:\/\/dicodusport.fr\/blog\/#organization"},"image":{"@id":"https:\/\/dicodusport.fr\/blog\/vtt-cross-country-pauline-ferrand-prevot-bronze-sina-frei-titree\/#primaryimage"},"thumbnailUrl":"https:\/\/dicodusport.fr\/blog\/wp-content\/uploads\/2021\/08\/VTT-Cross-country-Pauline-Ferrand-Prevot-en-bronze-sur-le-short-track-Sina-Frei-titree.png","keywords":["VTT Short-track"],"articleSection":["VTT"],"inLanguage":"fr-FR","potentialAction":[{"@type":"CommentAction","name":"Comment","target":["https:\/\/dicodusport.fr\/blog\/vtt-cross-country-pauline-ferrand-prevot-bronze-sina-frei-titree\/#respond"]}],"copyrightYear":"2021","copyrightHolder":{"@id":"https:\/\/dicodusport.fr\/blog\/#organization"}},{"@type":"WebPage","@id":"https:\/\/dicodusport.fr\/blog\/vtt-cross-country-pauline-ferrand-prevot-bronze-sina-frei-titree\/","url":"https:\/\/dicodusport.fr\/blog\/vtt-cross-country-pauline-ferrand-prevot-bronze-sina-frei-titree\/","name":"VTT Cross-country : Pauline Ferrand-Pr\u00e9vot en bronze sur la short-track, Sina Frei titr\u00e9e","isPartOf":{"@id":"https:\/\/dicodusport.fr\/blog\/#website"},"primaryImageOfPage":{"@id":"https:\/\/dicodusport.fr\/blog\/vtt-cross-country-pauline-ferrand-prevot-bronze-sina-frei-titree\/#primaryimage"},"image":{"@id":"https:\/\/dicodusport.fr\/blog\/vtt-cross-country-pauline-ferrand-prevot-bronze-sina-frei-titree\/#primaryimage"},"thumbnailUrl":"https:\/\/dicodusport.fr\/blog\/wp-content\/uploads\/2021\/08\/VTT-Cross-country-Pauline-Ferrand-Prevot-en-bronze-sur-le-short-track-Sina-Frei-titree.png","datePublished":"2021-08-26T15:31:05+00:00","dateModified":"2021-08-26T15:53:25+00:00","description":"VTT - CHAMPIONNATS DU MONDE 2021 - Pauline Ferrand-Pr\u00e9vot a d\u00e9croch\u00e9 la m\u00e9daille de bronze des premiers championnats du monde de short-track.","breadcrumb":{"@id":"https:\/\/dicodusport.fr\/blog\/vtt-cross-country-pauline-ferrand-prevot-bronze-sina-frei-titree\/#breadcrumb"},"inLanguage":"fr-FR","potentialAction":[{"@type":"ReadAction","target":["https:\/\/dicodusport.fr\/blog\/vtt-cross-country-pauline-ferrand-prevot-bronze-sina-frei-titree\/"]}]},{"@type":"ImageObject","inLanguage":"fr-FR","@id":"https:\/\/dicodusport.fr\/blog\/vtt-cross-country-pauline-ferrand-prevot-bronze-sina-frei-titree\/#primaryimage","url":"https:\/\/dicodusport.fr\/blog\/wp-content\/uploads\/2021\/08\/VTT-Cross-country-Pauline-Ferrand-Prevot-en-bronze-sur-le-short-track-Sina-Frei-titree.png","contentUrl":"https:\/\/dicodusport.fr\/blog\/wp-content\/uploads\/2021\/08\/VTT-Cross-country-Pauline-Ferrand-Prevot-en-bronze-sur-le-short-track-Sina-Frei-titree.png","width":800,"height":445,"caption":"VTT Cross-country Pauline Ferrand-Pr\u00e9vot en bronze sur le short-track, Sina Frei titr\u00e9e"},{"@type":"BreadcrumbList","@id":"https:\/\/dicodusport.fr\/blog\/vtt-cross-country-pauline-ferrand-prevot-bronze-sina-frei-titree\/#breadcrumb","itemListElement":[{"@type":"ListItem","position":1,"name":"Accueil","item":"https:\/\/dicodusport.fr\/blog\/"},{"@type":"ListItem","position":2,"name":"VTT Cross-country : Pauline Ferrand-Pr\u00e9vot en bronze sur la short-track, Sina Frei titr\u00e9e"}]},{"@type":"WebSite","@id":"https:\/\/dicodusport.fr\/blog\/#website","url":"https:\/\/dicodusport.fr\/blog\/","name":"Dicodusport","description":"L&#039;encyclop\u00e9die de l&#039;actualit\u00e9 sportive","publisher":{"@id":"https:\/\/dicodusport.fr\/blog\/#organization"},"potentialAction":[{"@type":"SearchAction","target":{"@type":"EntryPoint","urlTemplate":"https:\/\/dicodusport.fr\/blog\/?s={search_term_string}"},"query-input":{"@type":"PropertyValueSpecification","valueRequired":true,"valueName":"search_term_string"}}],"inLanguage":"fr-FR"},{"@type":"NewsMediaOrganization","@id":"https:\/\/dicodusport.fr\/blog\/#organization","name":"Dicodusport","url":"https:\/\/dicodusport.fr\/blog\/","logo":{"@type":"ImageObject","inLanguage":"fr-FR","@id":"https:\/\/dicodusport.fr\/blog\/#\/schema\/logo\/image\/","url":"https:\/\/dicodusport.fr\/blog\/wp-content\/uploads\/2020\/06\/cropped-LOGO-DICODUSPORT-2020-SANS-FOND-SANS-TEXTE.png","contentUrl":"https:\/\/dicodusport.fr\/blog\/wp-content\/uploads\/2020\/06\/cropped-LOGO-DICODUSPORT-2020-SANS-FOND-SANS-TEXTE.png","width":512,"height":512,"caption":"Dicodusport"},"image":{"@id":"https:\/\/dicodusport.fr\/blog\/#\/schema\/logo\/image\/"},"sameAs":["https:\/\/www.facebook.com\/dicodusport","https:\/\/x.com\/dicodusport","https:\/\/www.instagram.com\/dicodusport\/","https:\/\/www.youtube.com\/channel\/UC7V2KZ5sd3htJivAbA4ZG3w"],"description":"Dicodusport est l'encyclop\u00e9die de l'actualit\u00e9 sportive.","email":"bonjour@dicodusport.fr","legalName":"DICODUSPORT","foundingDate":"2018-01-14","vatID":"FR71834470973","taxID":"83447097300043","numberOfEmployees":{"@type":"QuantitativeValue","minValue":"1","maxValue":"10"}},{"@type":"Person","@id":"https:\/\/dicodusport.fr\/blog\/#\/schema\/person\/cb02af4c173ce4a653b55e9baf388d4a","name":"Flo Ostermann","image":{"@type":"ImageObject","inLanguage":"fr-FR","@id":"https:\/\/dicodusport.fr\/blog\/#\/schema\/person\/image\/","url":"https:\/\/dicodusport.fr\/blog\/wp-content\/uploads\/2021\/05\/Flo-Ostermann-150x150.jpg","contentUrl":"https:\/\/dicodusport.fr\/blog\/wp-content\/uploads\/2021\/05\/Flo-Ostermann-150x150.jpg","caption":"Flo Ostermann"},"description":"Journaliste\/R\u00e9dacteur depuis septembre 2015 - Mes premiers souvenirs dans le sport ? Les envol\u00e9es du Stade Toulousain et les duels Villeneuve-Schumacher et H\u00e4kkinen-Schumacher \u00e0 la fin des ann\u00e9es 90, la Coupe du monde de football en 1998, l\u2019exploit du XV de France face aux All Blacks en 1999, mais aussi Richard C\u0153ur de Lion qui vole sur les montagnes du Tour de France. Bien parti pour devenir professeur d\u2019EPS, les \u00e9v\u00e9nements de la vie (et la flemme d\u2019animer des s\u00e9ances de 3x500 m\u00e8tres toute ma vie) m\u2019ont conduit \u00e0 revoir mes plans. Me voil\u00e0 depuis fin 2017 sur Dicodusport, m\u00e9dia gr\u00e2ce (et pour) lequel je partage ma passion : le sport dans tous ses \u00e9tats. Le tout accompagn\u00e9 par les fous furieux et folles furieuses cit\u00e9s sur cette page !","sameAs":["https:\/\/www.facebook.com\/florent.ostermann","https:\/\/x.com\/https:\/\/twitter.com\/FlOstermann","admin"],"url":"https:\/\/dicodusport.fr\/blog\/author\/flo\/"}]}},"_links":{"self":[{"href":"https:\/\/dicodusport.fr\/blog\/wp-json\/wp\/v2\/posts\/161335","targetHints":{"allow":["GET"]}}],"collection":[{"href":"https:\/\/dicodusport.fr\/blog\/wp-json\/wp\/v2\/posts"}],"about":[{"href":"https:\/\/dicodusport.fr\/blog\/wp-json\/wp\/v2\/types\/post"}],"author":[{"embeddable":true,"href":"https:\/\/dicodusport.fr\/blog\/wp-json\/wp\/v2\/users\/4"}],"replies":[{"embeddable":true,"href":"https:\/\/dicodusport.fr\/blog\/wp-json\/wp\/v2\/comments?post=161335"}],"version-history":[{"count":0,"href":"https:\/\/dicodusport.fr\/blog\/wp-json\/wp\/v2\/posts\/161335\/revisions"}],"wp:featuredmedia":[{"embeddable":true,"href":"https:\/\/dicodusport.fr\/blog\/wp-json\/wp\/v2\/media\/161359"}],"wp:attachment":[{"href":"https:\/\/dicodusport.fr\/blog\/wp-json\/wp\/v2\/media?parent=161335"}],"wp:term":[{"taxonomy":"category","embeddable":true,"href":"https:\/\/dicodusport.fr\/blog\/wp-json\/wp\/v2\/categories?post=161335"},{"taxonomy":"post_tag","embeddable":true,"href":"https:\/\/dicodusport.fr\/blog\/wp-json\/wp\/v2\/tags?post=161335"}],"curies":[{"name":"wp","href":"https:\/\/api.w.org\/{rel}","templated":true}]}}