{"id":16155,"date":"2018-04-11T12:00:00","date_gmt":"2018-04-11T10:00:00","guid":{"rendered":"http:\/\/dicodusport.fr\/blog\/?p=16155"},"modified":"2018-04-11T12:53:20","modified_gmt":"2018-04-11T10:53:20","slug":"face-a-face-pour-ou-contre-la-petanque-aux-jeux-olympiques-de-paris-en-2024","status":"publish","type":"post","link":"https:\/\/dicodusport.fr\/blog\/face-a-face-pour-ou-contre-la-petanque-aux-jeux-olympiques-de-paris-en-2024\/","title":{"rendered":"Face \u00e0 face : pour ou contre la p\u00e9tanque aux Jeux Olympiques de Paris en 2024 ?"},"content":{"rendered":"<p style=\"text-align: justify;\"><em><b>Chaque mercredi, les r\u00e9dacteurs de Dicodusport\u00a0entrent sur le ring et s\u2019affrontent dans un Face \u00e0 Face autour d\u2019un sujet d\u2019actualit\u00e9. Dans ce un-contre-un engag\u00e9, chaque r\u00e9dacteur ou r\u00e9dactrice tentera de convaincre son adversaire ainsi que vous, cher lecteur, qu\u2019il m\u00e9rite de remporter ce Face \u00e0 Face. Un arbitre sera alors charg\u00e9 de les d\u00e9partager et de d\u00e9signer un vainqueur.\u00a0Aujourd&rsquo;hui, le d\u00e9bat porte sur la p\u00e9tanque, et sa possible int\u00e9gration au programme des Jeux Olympiques de Paris en 2024. Tristan et Baptiste sont sur le ring !<\/b><\/em><\/p>\n<hr \/>\n<div id=\"attachment_16157\" style=\"width: 285px\" class=\"wp-caption aligncenter\"><img loading=\"lazy\" decoding=\"async\" aria-describedby=\"caption-attachment-16157\" class=\"wp-image-16157\" src=\"http:\/\/dicodusport.fr\/blog\/wp-content\/uploads\/2018\/04\/Tristan-Mieger.jpg\" alt=\"\" width=\"275\" height=\"489\" srcset=\"https:\/\/dicodusport.fr\/blog\/wp-content\/uploads\/2018\/04\/Tristan-Mieger.jpg 540w, https:\/\/dicodusport.fr\/blog\/wp-content\/uploads\/2018\/04\/Tristan-Mieger-169x300.jpg 169w\" sizes=\"auto, (max-width: 275px) 100vw, 275px\" \/><p id=\"caption-attachment-16157\" class=\"wp-caption-text\">Tristan est oppos\u00e9 \u00e0 l&rsquo;int\u00e9gration de la p\u00e9tanque au programme des JO.<\/p><\/div>\n<h4 style=\"text-align: justify;\">&#x1f44e; Tristan : Contre la p\u00e9tanque aux JO en 2024.<\/h4>\n<p style=\"text-align: justify;\">S\u2019il est ind\u00e9niable que la p\u00e9tanque observe un bond en avant depuis une dizaine d\u2019ann\u00e9es, elle n\u2019a, pour ma part, pas sa place aux Jeux Olympiques de 2024. En effet, \u00e0 ce jour, quand on parle de p\u00e9tanque, on y associe toujours le sud de la France et on parle souvent d\u2019une activit\u00e9 pratiqu\u00e9e l\u2019\u00e9t\u00e9 pendant les vacances, mais pas d\u2019un sport. En y regardant de plus pr\u00e8s, il n\u2019y a, d\u2019apr\u00e8s moi, pas la dimension physique que l\u2019on associe \u00e0 l\u2019activit\u00e9 sportive. D\u2019ailleurs, on a m\u00eame invent\u00e9 l\u2019aimant au bout d\u2019une ficelle pour ramasser les boules sans se baisser, c\u2019est dire.<\/p>\n<p style=\"text-align: justify;\">De plus, la France poss\u00e8de plus de la moiti\u00e9 des joueurs de p\u00e9tanque dans le monde, avec 46 titres de champion du monde \u00e0 la cl\u00e9 notamment. N\u2019est-ce pas un peu trop clivant pour pouvoir \u00eatre pr\u00e9sent\u00e9 aux Jeux Olympiques ? Alors il est vrai qu\u2019en 2024, les Jeux auront lieu en France, mais je suis contre le fait de mettre une discipline o\u00f9 on a le plus de chance de remporter des m\u00e9dailles. C\u2019est m\u00eame l\u00e9g\u00e8rement anti-sportif.<\/p>\n<p style=\"text-align: justify;\">Enfin, en prenant les sports retenus \u00e0 Tokyo en 2020 comme r\u00e9f\u00e9rence, avec le baseball, le softball, l\u2019escalade, le surf et le skateboard, le Japon ainsi que le comit\u00e9 olympique ont d\u00e9cid\u00e9 de mettre \u00e0 l\u2019honneur des sports populaires aupr\u00e8s des jeunes. Est-ce vraiment le cas de la p\u00e9tanque ? En regardant de plus pr\u00e8s, l\u2019\u00e2ge moyen des pratiquants est de 52,6 ans. Quand on sait que c\u2019est la tranche d\u2019\u00e2ge des jeunes qui a le plus r\u00e9pondu pr\u00e9sent lors de la derni\u00e8re quinzaine des Jeux d&rsquo;\u00e9t\u00e9 (57% chez les 4-14 ans et 43% des 15-24 ans), la p\u00e9tanque me semble \u00eatre en d\u00e9calage avec ce que cherchent les spectateurs et t\u00e9l\u00e9spectateurs.<\/p>\n<hr \/>\n<p>&nbsp;<\/p>\n<div id=\"attachment_12627\" style=\"width: 458px\" class=\"wp-caption aligncenter\"><img loading=\"lazy\" decoding=\"async\" aria-describedby=\"caption-attachment-12627\" class=\"wp-image-12627\" src=\"http:\/\/dicodusport.fr\/blog\/wp-content\/uploads\/2018\/02\/Baptiste.jpg\" alt=\"\" width=\"448\" height=\"449\" srcset=\"https:\/\/dicodusport.fr\/blog\/wp-content\/uploads\/2018\/02\/Baptiste.jpg 959w, https:\/\/dicodusport.fr\/blog\/wp-content\/uploads\/2018\/02\/Baptiste-150x150.jpg 150w, https:\/\/dicodusport.fr\/blog\/wp-content\/uploads\/2018\/02\/Baptiste-300x300.jpg 300w, https:\/\/dicodusport.fr\/blog\/wp-content\/uploads\/2018\/02\/Baptiste-768x769.jpg 768w\" sizes=\"auto, (max-width: 448px) 100vw, 448px\" \/><p id=\"caption-attachment-12627\" class=\"wp-caption-text\">En revanche, Baptiste d\u00e9fend la candidature de la p\u00e9tanque, et plus globalement des sports de boules.<\/p><\/div>\n<h4 style=\"text-align: justify;\">&#x1f44d;\u00a0Baptiste : Pour la p\u00e9tanque aux JO en 2024<\/h4>\n<p style=\"text-align: justify;\">Tout d\u2019abord, il faut savoir que la candidature porte sur trois disciplines : la p\u00e9tanque, la plus m\u00e9diatis\u00e9e, les boules lyonnaises et la Raffa Volo. Ces sports sont universels puisqu\u2019ils comptent plus de 200 millions de pratiquants, r\u00e9partis dans plus de 165 pays. 67 nations diff\u00e9rentes ont d\u00e9j\u00e0 obtenu une m\u00e9daille lors des comp\u00e9titions internationales.<\/p>\n<p style=\"text-align: justify;\">De plus, deux tiers des \u00e9preuves propos\u00e9es seront mixtes, ce qui \u00e0 l\u2019heure actuelle, est primordial. En effet, il n\u2019y aura pas de disparit\u00e9 entre la visibilit\u00e9 des \u00e9preuves masculines vis-\u00e0-vis des \u00e9preuves f\u00e9minines puisqu\u2019elles seront, pour la majorit\u00e9, communes. Par ailleurs, ces sports sont pratiqu\u00e9s par des sportifs \u00ab propres \u00bb. Bien qu\u2019avec de v\u00e9ritables \u00e9preuves demandant une forte pr\u00e9paration physique et une certaine endurance pour les boules lyonnaises, \u00e0 ce jour, aucun cas de dopage n\u2019a \u00e9t\u00e9 recens\u00e9.<\/p>\n<p style=\"text-align: justify;\">Enfin, la France est une nation phare des sports de boules avec de grandes chances de m\u00e9dailles. Id\u00e9al pour augmenter le nombre de breloques des Tricolores. Pour ces raisons, on ne peut qu\u2019encourager la candidature des sports de boules aux JO\u2026 d\u00e8s 2024 \u00e0 Paris ! Pour en savoir plus sur les boules lyonnaises et la Raffa Volo, c&rsquo;est <a href=\"https:\/\/www.dailymotion.com\/video\/xops7m\" target=\"_blank\" rel=\"noopener\">ici<\/a> !<\/p>\n<hr \/>\n<h4 style=\"text-align: justify;\">Verdict de l&rsquo;arbitre :<\/h4>\n<p style=\"text-align: justify;\">Deux regards, et deux avis diam\u00e9tralement oppos\u00e9s sur le sujet. Si Tristan admet volontiers que la p\u00e9tanque conna\u00eet un essor non n\u00e9gligeable ces derni\u00e8res ann\u00e9es, il pose plusieurs arguments recevables lorsque l&rsquo;on prend position contre l&rsquo;int\u00e9gration de la p\u00e9tanque aux JO : absence de dimension physique \u00e0 proprement parler, une discipline qui touche que tr\u00e8s peu les jeunes par rapport aux nouvelles faisant leur apparition \u00e0 Tokyo, notre nouveau r\u00e9dacteur met en avant le d\u00e9calage possible avec l&rsquo;attente des spectateurs et t\u00e9l\u00e9spectateurs, et \u00e0 juste titre.<\/p>\n<p style=\"text-align: justify;\">Mais Baptiste se montre tout aussi solide dans son argumentaire. En plus de la p\u00e9tanque, des disciplines comme les boules lyonnaises ou le Raffa Volo font aussi partie de la candidature. Si la question porte essentiellement sur la premi\u00e8re discipline cit\u00e9e, notre Auvergnat met l&rsquo;accent sur la mixit\u00e9 des \u00e9preuves propos\u00e9es\u00a0dans la candidature, un \u00e9l\u00e9ment \u00f4 combien important de nos jours, quand on\u00a0conna\u00eet les trop nombreuses disparit\u00e9s entre femmes et hommes dans les autres disciplines.\u00a0Et c&rsquo;est bien l\u00e0 l&rsquo;essentiel aujourd&rsquo;hui. Dans ce sens, la p\u00e9tanque\u00a0doit\u00a0 faire son entr\u00e9e\u00a0aux JO.\u00a0D&rsquo;ailleurs, il y a quelques jours, Martin Fourcade affirmait que la discipline \u00ab avait sa place \u00bb \u00e0 Paris dans six ans. Si m\u00eame lui le dit&#8230;<\/p>\n<p style=\"text-align: justify;\"><strong>&#x1f3c6;\u00a0<\/strong><strong>Je d\u00e9clare donc\u00a0Baptiste vainqueur !<\/strong><\/p>\n<p><em><strong>Flo Ostermann<\/strong><\/em><em><br \/>\n<\/em><a href=\"https:\/\/www.facebook.com\/florent.ostermann\"><img loading=\"lazy\" decoding=\"async\" class=\"alignnone wp-image-2909\" src=\"http:\/\/dicodusport.fr\/blog\/wp-content\/uploads\/2017\/07\/logo-facebook-150x150.png\" sizes=\"auto, (max-width: 40px) 100vw, 40px\" srcset=\"https:\/\/dicodusport.fr\/blog\/wp-content\/uploads\/2017\/07\/logo-facebook-150x150.png 150w, https:\/\/dicodusport.fr\/blog\/wp-content\/uploads\/2017\/07\/logo-facebook-300x300.png 300w, https:\/\/dicodusport.fr\/blog\/wp-content\/uploads\/2017\/07\/logo-facebook.png 400w\" alt=\"\" width=\"40\" height=\"40\" \/><\/a><a href=\"https:\/\/twitter.com\/SportInsideMag\"><img loading=\"lazy\" decoding=\"async\" class=\"alignnone wp-image-2908\" src=\"http:\/\/dicodusport.fr\/blog\/wp-content\/uploads\/2017\/07\/logo-twitter-150x150.png\" alt=\"\" width=\"39\" height=\"39\" \/><\/a><\/p>\n","protected":false},"excerpt":{"rendered":"<p>Aujourd&rsquo;hui, le d\u00e9bat porte sur la p\u00e9tanque, et sa possible int\u00e9gration au programme des Jeux Olympiques de Paris en 2024. Tristan et Baptiste sont sur le ring !<\/p>\n","protected":false},"author":4,"featured_media":16158,"comment_status":"open","ping_status":"closed","sticky":false,"template":"","format":"standard","meta":{"_acf_changed":false,"_daextam_enable_autolinks":"","footnotes":""},"categories":[2,2348,2316],"tags":[3789,2420,1004,119],"class_list":["post-16155","post","type-post","status-publish","format-standard","has-post-thumbnail","hentry","category-actualites","category-face-a-face","category-tous-les-sports","tag-boules-lyonnaises","tag-debat","tag-paris-2024","tag-petanque"],"acf":[],"yoast_head":"<!-- This site is optimized with the Yoast SEO Premium plugin v26.7 (Yoast SEO v26.7) - https:\/\/yoast.com\/wordpress\/plugins\/seo\/ -->\n<title>Face \u00e0 face : pour ou contre la p\u00e9tanque aux Jeux Olympiques de Paris en 2024 ?<\/title>\n<meta name=\"description\" content=\"Aujourd&#039;hui, le d\u00e9bat porte sur la p\u00e9tanque, et sa possible int\u00e9gration au programme des Jeux Olympiques de Paris en 2024. Tristan et Baptiste sont sur le ring !\" \/>\n<meta name=\"robots\" content=\"index, follow, max-snippet:-1, max-image-preview:large, max-video-preview:-1\" \/>\n<link rel=\"canonical\" href=\"https:\/\/dicodusport.fr\/blog\/face-a-face-pour-ou-contre-la-petanque-aux-jeux-olympiques-de-paris-en-2024\/\" \/>\n<meta property=\"og:locale\" content=\"fr_FR\" \/>\n<meta property=\"og:type\" content=\"article\" \/>\n<meta property=\"og:title\" content=\"Face \u00e0 face : pour ou contre la p\u00e9tanque aux Jeux Olympiques de Paris en 2024 ?\" \/>\n<meta property=\"og:description\" content=\"Aujourd&#039;hui, le d\u00e9bat porte sur la p\u00e9tanque, et sa possible int\u00e9gration au programme des Jeux Olympiques de Paris en 2024. Tristan et Baptiste sont sur le ring !\" \/>\n<meta property=\"og:url\" content=\"https:\/\/dicodusport.fr\/blog\/face-a-face-pour-ou-contre-la-petanque-aux-jeux-olympiques-de-paris-en-2024\/\" \/>\n<meta property=\"og:site_name\" content=\"Dicodusport\" \/>\n<meta property=\"article:publisher\" content=\"https:\/\/www.facebook.com\/dicodusport\" \/>\n<meta property=\"article:author\" content=\"https:\/\/www.facebook.com\/florent.ostermann\" \/>\n<meta property=\"article:published_time\" content=\"2018-04-11T10:00:00+00:00\" \/>\n<meta property=\"article:modified_time\" content=\"2018-04-11T10:53:20+00:00\" \/>\n<meta property=\"og:image\" content=\"https:\/\/dicodusport.fr\/blog\/wp-content\/uploads\/2018\/04\/P\u00e9tanque-Paris-2024-d\u00e9bat.png\" \/>\n\t<meta property=\"og:image:width\" content=\"800\" \/>\n\t<meta property=\"og:image:height\" content=\"445\" \/>\n\t<meta property=\"og:image:type\" content=\"image\/png\" \/>\n<meta name=\"author\" content=\"Flo Ostermann\" \/>\n<meta name=\"twitter:card\" content=\"summary_large_image\" \/>\n<meta name=\"twitter:creator\" content=\"@https:\/\/twitter.com\/FlOstermann\" \/>\n<meta name=\"twitter:site\" content=\"@dicodusport\" \/>\n<script type=\"application\/ld+json\" class=\"yoast-schema-graph\">{\"@context\":\"https:\/\/schema.org\",\"@graph\":[{\"@type\":\"NewsArticle\",\"@id\":\"https:\/\/dicodusport.fr\/blog\/face-a-face-pour-ou-contre-la-petanque-aux-jeux-olympiques-de-paris-en-2024\/#article\",\"isPartOf\":{\"@id\":\"https:\/\/dicodusport.fr\/blog\/face-a-face-pour-ou-contre-la-petanque-aux-jeux-olympiques-de-paris-en-2024\/\"},\"author\":{\"name\":\"Flo Ostermann\",\"@id\":\"https:\/\/dicodusport.fr\/blog\/#\/schema\/person\/cb02af4c173ce4a653b55e9baf388d4a\"},\"headline\":\"Face \u00e0 face : pour ou contre la p\u00e9tanque aux Jeux Olympiques de Paris en 2024 ?\",\"datePublished\":\"2018-04-11T10:00:00+00:00\",\"dateModified\":\"2018-04-11T10:53:20+00:00\",\"mainEntityOfPage\":{\"@id\":\"https:\/\/dicodusport.fr\/blog\/face-a-face-pour-ou-contre-la-petanque-aux-jeux-olympiques-de-paris-en-2024\/\"},\"wordCount\":966,\"commentCount\":0,\"publisher\":{\"@id\":\"https:\/\/dicodusport.fr\/blog\/#organization\"},\"image\":{\"@id\":\"https:\/\/dicodusport.fr\/blog\/face-a-face-pour-ou-contre-la-petanque-aux-jeux-olympiques-de-paris-en-2024\/#primaryimage\"},\"thumbnailUrl\":\"https:\/\/dicodusport.fr\/blog\/wp-content\/uploads\/2018\/04\/P\u00e9tanque-Paris-2024-d\u00e9bat.png\",\"keywords\":[\"Boules lyonnaises\",\"D\u00e9bat\",\"Paris 2024\",\"p\u00e9tanque\"],\"articleSection\":[\"Actualit\u00e9s\",\"Face \u00e0 face\",\"Sports\"],\"inLanguage\":\"fr-FR\",\"potentialAction\":[{\"@type\":\"CommentAction\",\"name\":\"Comment\",\"target\":[\"https:\/\/dicodusport.fr\/blog\/face-a-face-pour-ou-contre-la-petanque-aux-jeux-olympiques-de-paris-en-2024\/#respond\"]}],\"copyrightYear\":\"2018\",\"copyrightHolder\":{\"@id\":\"https:\/\/dicodusport.fr\/blog\/#organization\"}},{\"@type\":\"WebPage\",\"@id\":\"https:\/\/dicodusport.fr\/blog\/face-a-face-pour-ou-contre-la-petanque-aux-jeux-olympiques-de-paris-en-2024\/\",\"url\":\"https:\/\/dicodusport.fr\/blog\/face-a-face-pour-ou-contre-la-petanque-aux-jeux-olympiques-de-paris-en-2024\/\",\"name\":\"Face \u00e0 face : pour ou contre la p\u00e9tanque aux Jeux Olympiques de Paris en 2024 ?\",\"isPartOf\":{\"@id\":\"https:\/\/dicodusport.fr\/blog\/#website\"},\"primaryImageOfPage\":{\"@id\":\"https:\/\/dicodusport.fr\/blog\/face-a-face-pour-ou-contre-la-petanque-aux-jeux-olympiques-de-paris-en-2024\/#primaryimage\"},\"image\":{\"@id\":\"https:\/\/dicodusport.fr\/blog\/face-a-face-pour-ou-contre-la-petanque-aux-jeux-olympiques-de-paris-en-2024\/#primaryimage\"},\"thumbnailUrl\":\"https:\/\/dicodusport.fr\/blog\/wp-content\/uploads\/2018\/04\/P\u00e9tanque-Paris-2024-d\u00e9bat.png\",\"datePublished\":\"2018-04-11T10:00:00+00:00\",\"dateModified\":\"2018-04-11T10:53:20+00:00\",\"description\":\"Aujourd'hui, le d\u00e9bat porte sur la p\u00e9tanque, et sa possible int\u00e9gration au programme des Jeux Olympiques de Paris en 2024. Tristan et Baptiste sont sur le ring !\",\"breadcrumb\":{\"@id\":\"https:\/\/dicodusport.fr\/blog\/face-a-face-pour-ou-contre-la-petanque-aux-jeux-olympiques-de-paris-en-2024\/#breadcrumb\"},\"inLanguage\":\"fr-FR\",\"potentialAction\":[{\"@type\":\"ReadAction\",\"target\":[\"https:\/\/dicodusport.fr\/blog\/face-a-face-pour-ou-contre-la-petanque-aux-jeux-olympiques-de-paris-en-2024\/\"]}]},{\"@type\":\"ImageObject\",\"inLanguage\":\"fr-FR\",\"@id\":\"https:\/\/dicodusport.fr\/blog\/face-a-face-pour-ou-contre-la-petanque-aux-jeux-olympiques-de-paris-en-2024\/#primaryimage\",\"url\":\"https:\/\/dicodusport.fr\/blog\/wp-content\/uploads\/2018\/04\/P\u00e9tanque-Paris-2024-d\u00e9bat.png\",\"contentUrl\":\"https:\/\/dicodusport.fr\/blog\/wp-content\/uploads\/2018\/04\/P\u00e9tanque-Paris-2024-d\u00e9bat.png\",\"width\":800,\"height\":445},{\"@type\":\"BreadcrumbList\",\"@id\":\"https:\/\/dicodusport.fr\/blog\/face-a-face-pour-ou-contre-la-petanque-aux-jeux-olympiques-de-paris-en-2024\/#breadcrumb\",\"itemListElement\":[{\"@type\":\"ListItem\",\"position\":1,\"name\":\"Accueil\",\"item\":\"https:\/\/dicodusport.fr\/blog\/\"},{\"@type\":\"ListItem\",\"position\":2,\"name\":\"Face \u00e0 face : pour ou contre la p\u00e9tanque aux Jeux Olympiques de Paris en 2024 ?\"}]},{\"@type\":\"WebSite\",\"@id\":\"https:\/\/dicodusport.fr\/blog\/#website\",\"url\":\"https:\/\/dicodusport.fr\/blog\/\",\"name\":\"Dicodusport\",\"description\":\"L&#039;encyclop\u00e9die de l&#039;actualit\u00e9 sportive\",\"publisher\":{\"@id\":\"https:\/\/dicodusport.fr\/blog\/#organization\"},\"potentialAction\":[{\"@type\":\"SearchAction\",\"target\":{\"@type\":\"EntryPoint\",\"urlTemplate\":\"https:\/\/dicodusport.fr\/blog\/?s={search_term_string}\"},\"query-input\":{\"@type\":\"PropertyValueSpecification\",\"valueRequired\":true,\"valueName\":\"search_term_string\"}}],\"inLanguage\":\"fr-FR\"},{\"@type\":\"NewsMediaOrganization\",\"@id\":\"https:\/\/dicodusport.fr\/blog\/#organization\",\"name\":\"Dicodusport\",\"url\":\"https:\/\/dicodusport.fr\/blog\/\",\"logo\":{\"@type\":\"ImageObject\",\"inLanguage\":\"fr-FR\",\"@id\":\"https:\/\/dicodusport.fr\/blog\/#\/schema\/logo\/image\/\",\"url\":\"https:\/\/dicodusport.fr\/blog\/wp-content\/uploads\/2020\/06\/cropped-LOGO-DICODUSPORT-2020-SANS-FOND-SANS-TEXTE.png\",\"contentUrl\":\"https:\/\/dicodusport.fr\/blog\/wp-content\/uploads\/2020\/06\/cropped-LOGO-DICODUSPORT-2020-SANS-FOND-SANS-TEXTE.png\",\"width\":512,\"height\":512,\"caption\":\"Dicodusport\"},\"image\":{\"@id\":\"https:\/\/dicodusport.fr\/blog\/#\/schema\/logo\/image\/\"},\"sameAs\":[\"https:\/\/www.facebook.com\/dicodusport\",\"https:\/\/x.com\/dicodusport\",\"https:\/\/www.instagram.com\/dicodusport\/\",\"https:\/\/www.youtube.com\/channel\/UC7V2KZ5sd3htJivAbA4ZG3w\"],\"description\":\"Dicodusport est l'encyclop\u00e9die de l'actualit\u00e9 sportive.\",\"email\":\"bonjour@dicodusport.fr\",\"legalName\":\"DICODUSPORT\",\"foundingDate\":\"2018-01-14\",\"vatID\":\"FR71834470973\",\"taxID\":\"83447097300043\",\"numberOfEmployees\":{\"@type\":\"QuantitativeValue\",\"minValue\":\"1\",\"maxValue\":\"10\"}},{\"@type\":\"Person\",\"@id\":\"https:\/\/dicodusport.fr\/blog\/#\/schema\/person\/cb02af4c173ce4a653b55e9baf388d4a\",\"name\":\"Flo Ostermann\",\"image\":{\"@type\":\"ImageObject\",\"inLanguage\":\"fr-FR\",\"@id\":\"https:\/\/dicodusport.fr\/blog\/#\/schema\/person\/image\/\",\"url\":\"https:\/\/dicodusport.fr\/blog\/wp-content\/uploads\/2021\/05\/Flo-Ostermann-150x150.jpg\",\"contentUrl\":\"https:\/\/dicodusport.fr\/blog\/wp-content\/uploads\/2021\/05\/Flo-Ostermann-150x150.jpg\",\"caption\":\"Flo Ostermann\"},\"description\":\"Journaliste\/R\u00e9dacteur depuis septembre 2015 - Mes premiers souvenirs dans le sport ? Les envol\u00e9es du Stade Toulousain et les duels Villeneuve-Schumacher et H\u00e4kkinen-Schumacher \u00e0 la fin des ann\u00e9es 90, la Coupe du monde de football en 1998, l\u2019exploit du XV de France face aux All Blacks en 1999, mais aussi Richard C\u0153ur de Lion qui vole sur les montagnes du Tour de France. Bien parti pour devenir professeur d\u2019EPS, les \u00e9v\u00e9nements de la vie (et la flemme d\u2019animer des s\u00e9ances de 3x500 m\u00e8tres toute ma vie) m\u2019ont conduit \u00e0 revoir mes plans. Me voil\u00e0 depuis fin 2017 sur Dicodusport, m\u00e9dia gr\u00e2ce (et pour) lequel je partage ma passion : le sport dans tous ses \u00e9tats. Le tout accompagn\u00e9 par les fous furieux et folles furieuses cit\u00e9s sur cette page !\",\"sameAs\":[\"https:\/\/www.facebook.com\/florent.ostermann\",\"https:\/\/x.com\/https:\/\/twitter.com\/FlOstermann\",\"admin\"],\"url\":\"https:\/\/dicodusport.fr\/blog\/author\/flo\/\"}]}<\/script>\n<!-- \/ Yoast SEO Premium plugin. -->","yoast_head_json":{"title":"Face \u00e0 face : pour ou contre la p\u00e9tanque aux Jeux Olympiques de Paris en 2024 ?","description":"Aujourd'hui, le d\u00e9bat porte sur la p\u00e9tanque, et sa possible int\u00e9gration au programme des Jeux Olympiques de Paris en 2024. Tristan et Baptiste sont sur le ring !","robots":{"index":"index","follow":"follow","max-snippet":"max-snippet:-1","max-image-preview":"max-image-preview:large","max-video-preview":"max-video-preview:-1"},"canonical":"https:\/\/dicodusport.fr\/blog\/face-a-face-pour-ou-contre-la-petanque-aux-jeux-olympiques-de-paris-en-2024\/","og_locale":"fr_FR","og_type":"article","og_title":"Face \u00e0 face : pour ou contre la p\u00e9tanque aux Jeux Olympiques de Paris en 2024 ?","og_description":"Aujourd'hui, le d\u00e9bat porte sur la p\u00e9tanque, et sa possible int\u00e9gration au programme des Jeux Olympiques de Paris en 2024. Tristan et Baptiste sont sur le ring !","og_url":"https:\/\/dicodusport.fr\/blog\/face-a-face-pour-ou-contre-la-petanque-aux-jeux-olympiques-de-paris-en-2024\/","og_site_name":"Dicodusport","article_publisher":"https:\/\/www.facebook.com\/dicodusport","article_author":"https:\/\/www.facebook.com\/florent.ostermann","article_published_time":"2018-04-11T10:00:00+00:00","article_modified_time":"2018-04-11T10:53:20+00:00","og_image":[{"width":800,"height":445,"url":"https:\/\/dicodusport.fr\/blog\/wp-content\/uploads\/2018\/04\/P\u00e9tanque-Paris-2024-d\u00e9bat.png","type":"image\/png"}],"author":"Flo Ostermann","twitter_card":"summary_large_image","twitter_creator":"@https:\/\/twitter.com\/FlOstermann","twitter_site":"@dicodusport","schema":{"@context":"https:\/\/schema.org","@graph":[{"@type":"NewsArticle","@id":"https:\/\/dicodusport.fr\/blog\/face-a-face-pour-ou-contre-la-petanque-aux-jeux-olympiques-de-paris-en-2024\/#article","isPartOf":{"@id":"https:\/\/dicodusport.fr\/blog\/face-a-face-pour-ou-contre-la-petanque-aux-jeux-olympiques-de-paris-en-2024\/"},"author":{"name":"Flo Ostermann","@id":"https:\/\/dicodusport.fr\/blog\/#\/schema\/person\/cb02af4c173ce4a653b55e9baf388d4a"},"headline":"Face \u00e0 face : pour ou contre la p\u00e9tanque aux Jeux Olympiques de Paris en 2024 ?","datePublished":"2018-04-11T10:00:00+00:00","dateModified":"2018-04-11T10:53:20+00:00","mainEntityOfPage":{"@id":"https:\/\/dicodusport.fr\/blog\/face-a-face-pour-ou-contre-la-petanque-aux-jeux-olympiques-de-paris-en-2024\/"},"wordCount":966,"commentCount":0,"publisher":{"@id":"https:\/\/dicodusport.fr\/blog\/#organization"},"image":{"@id":"https:\/\/dicodusport.fr\/blog\/face-a-face-pour-ou-contre-la-petanque-aux-jeux-olympiques-de-paris-en-2024\/#primaryimage"},"thumbnailUrl":"https:\/\/dicodusport.fr\/blog\/wp-content\/uploads\/2018\/04\/P\u00e9tanque-Paris-2024-d\u00e9bat.png","keywords":["Boules lyonnaises","D\u00e9bat","Paris 2024","p\u00e9tanque"],"articleSection":["Actualit\u00e9s","Face \u00e0 face","Sports"],"inLanguage":"fr-FR","potentialAction":[{"@type":"CommentAction","name":"Comment","target":["https:\/\/dicodusport.fr\/blog\/face-a-face-pour-ou-contre-la-petanque-aux-jeux-olympiques-de-paris-en-2024\/#respond"]}],"copyrightYear":"2018","copyrightHolder":{"@id":"https:\/\/dicodusport.fr\/blog\/#organization"}},{"@type":"WebPage","@id":"https:\/\/dicodusport.fr\/blog\/face-a-face-pour-ou-contre-la-petanque-aux-jeux-olympiques-de-paris-en-2024\/","url":"https:\/\/dicodusport.fr\/blog\/face-a-face-pour-ou-contre-la-petanque-aux-jeux-olympiques-de-paris-en-2024\/","name":"Face \u00e0 face : pour ou contre la p\u00e9tanque aux Jeux Olympiques de Paris en 2024 ?","isPartOf":{"@id":"https:\/\/dicodusport.fr\/blog\/#website"},"primaryImageOfPage":{"@id":"https:\/\/dicodusport.fr\/blog\/face-a-face-pour-ou-contre-la-petanque-aux-jeux-olympiques-de-paris-en-2024\/#primaryimage"},"image":{"@id":"https:\/\/dicodusport.fr\/blog\/face-a-face-pour-ou-contre-la-petanque-aux-jeux-olympiques-de-paris-en-2024\/#primaryimage"},"thumbnailUrl":"https:\/\/dicodusport.fr\/blog\/wp-content\/uploads\/2018\/04\/P\u00e9tanque-Paris-2024-d\u00e9bat.png","datePublished":"2018-04-11T10:00:00+00:00","dateModified":"2018-04-11T10:53:20+00:00","description":"Aujourd'hui, le d\u00e9bat porte sur la p\u00e9tanque, et sa possible int\u00e9gration au programme des Jeux Olympiques de Paris en 2024. Tristan et Baptiste sont sur le ring !","breadcrumb":{"@id":"https:\/\/dicodusport.fr\/blog\/face-a-face-pour-ou-contre-la-petanque-aux-jeux-olympiques-de-paris-en-2024\/#breadcrumb"},"inLanguage":"fr-FR","potentialAction":[{"@type":"ReadAction","target":["https:\/\/dicodusport.fr\/blog\/face-a-face-pour-ou-contre-la-petanque-aux-jeux-olympiques-de-paris-en-2024\/"]}]},{"@type":"ImageObject","inLanguage":"fr-FR","@id":"https:\/\/dicodusport.fr\/blog\/face-a-face-pour-ou-contre-la-petanque-aux-jeux-olympiques-de-paris-en-2024\/#primaryimage","url":"https:\/\/dicodusport.fr\/blog\/wp-content\/uploads\/2018\/04\/P\u00e9tanque-Paris-2024-d\u00e9bat.png","contentUrl":"https:\/\/dicodusport.fr\/blog\/wp-content\/uploads\/2018\/04\/P\u00e9tanque-Paris-2024-d\u00e9bat.png","width":800,"height":445},{"@type":"BreadcrumbList","@id":"https:\/\/dicodusport.fr\/blog\/face-a-face-pour-ou-contre-la-petanque-aux-jeux-olympiques-de-paris-en-2024\/#breadcrumb","itemListElement":[{"@type":"ListItem","position":1,"name":"Accueil","item":"https:\/\/dicodusport.fr\/blog\/"},{"@type":"ListItem","position":2,"name":"Face \u00e0 face : pour ou contre la p\u00e9tanque aux Jeux Olympiques de Paris en 2024 ?"}]},{"@type":"WebSite","@id":"https:\/\/dicodusport.fr\/blog\/#website","url":"https:\/\/dicodusport.fr\/blog\/","name":"Dicodusport","description":"L&#039;encyclop\u00e9die de l&#039;actualit\u00e9 sportive","publisher":{"@id":"https:\/\/dicodusport.fr\/blog\/#organization"},"potentialAction":[{"@type":"SearchAction","target":{"@type":"EntryPoint","urlTemplate":"https:\/\/dicodusport.fr\/blog\/?s={search_term_string}"},"query-input":{"@type":"PropertyValueSpecification","valueRequired":true,"valueName":"search_term_string"}}],"inLanguage":"fr-FR"},{"@type":"NewsMediaOrganization","@id":"https:\/\/dicodusport.fr\/blog\/#organization","name":"Dicodusport","url":"https:\/\/dicodusport.fr\/blog\/","logo":{"@type":"ImageObject","inLanguage":"fr-FR","@id":"https:\/\/dicodusport.fr\/blog\/#\/schema\/logo\/image\/","url":"https:\/\/dicodusport.fr\/blog\/wp-content\/uploads\/2020\/06\/cropped-LOGO-DICODUSPORT-2020-SANS-FOND-SANS-TEXTE.png","contentUrl":"https:\/\/dicodusport.fr\/blog\/wp-content\/uploads\/2020\/06\/cropped-LOGO-DICODUSPORT-2020-SANS-FOND-SANS-TEXTE.png","width":512,"height":512,"caption":"Dicodusport"},"image":{"@id":"https:\/\/dicodusport.fr\/blog\/#\/schema\/logo\/image\/"},"sameAs":["https:\/\/www.facebook.com\/dicodusport","https:\/\/x.com\/dicodusport","https:\/\/www.instagram.com\/dicodusport\/","https:\/\/www.youtube.com\/channel\/UC7V2KZ5sd3htJivAbA4ZG3w"],"description":"Dicodusport est l'encyclop\u00e9die de l'actualit\u00e9 sportive.","email":"bonjour@dicodusport.fr","legalName":"DICODUSPORT","foundingDate":"2018-01-14","vatID":"FR71834470973","taxID":"83447097300043","numberOfEmployees":{"@type":"QuantitativeValue","minValue":"1","maxValue":"10"}},{"@type":"Person","@id":"https:\/\/dicodusport.fr\/blog\/#\/schema\/person\/cb02af4c173ce4a653b55e9baf388d4a","name":"Flo Ostermann","image":{"@type":"ImageObject","inLanguage":"fr-FR","@id":"https:\/\/dicodusport.fr\/blog\/#\/schema\/person\/image\/","url":"https:\/\/dicodusport.fr\/blog\/wp-content\/uploads\/2021\/05\/Flo-Ostermann-150x150.jpg","contentUrl":"https:\/\/dicodusport.fr\/blog\/wp-content\/uploads\/2021\/05\/Flo-Ostermann-150x150.jpg","caption":"Flo Ostermann"},"description":"Journaliste\/R\u00e9dacteur depuis septembre 2015 - Mes premiers souvenirs dans le sport ? Les envol\u00e9es du Stade Toulousain et les duels Villeneuve-Schumacher et H\u00e4kkinen-Schumacher \u00e0 la fin des ann\u00e9es 90, la Coupe du monde de football en 1998, l\u2019exploit du XV de France face aux All Blacks en 1999, mais aussi Richard C\u0153ur de Lion qui vole sur les montagnes du Tour de France. Bien parti pour devenir professeur d\u2019EPS, les \u00e9v\u00e9nements de la vie (et la flemme d\u2019animer des s\u00e9ances de 3x500 m\u00e8tres toute ma vie) m\u2019ont conduit \u00e0 revoir mes plans. Me voil\u00e0 depuis fin 2017 sur Dicodusport, m\u00e9dia gr\u00e2ce (et pour) lequel je partage ma passion : le sport dans tous ses \u00e9tats. Le tout accompagn\u00e9 par les fous furieux et folles furieuses cit\u00e9s sur cette page !","sameAs":["https:\/\/www.facebook.com\/florent.ostermann","https:\/\/x.com\/https:\/\/twitter.com\/FlOstermann","admin"],"url":"https:\/\/dicodusport.fr\/blog\/author\/flo\/"}]}},"_links":{"self":[{"href":"https:\/\/dicodusport.fr\/blog\/wp-json\/wp\/v2\/posts\/16155","targetHints":{"allow":["GET"]}}],"collection":[{"href":"https:\/\/dicodusport.fr\/blog\/wp-json\/wp\/v2\/posts"}],"about":[{"href":"https:\/\/dicodusport.fr\/blog\/wp-json\/wp\/v2\/types\/post"}],"author":[{"embeddable":true,"href":"https:\/\/dicodusport.fr\/blog\/wp-json\/wp\/v2\/users\/4"}],"replies":[{"embeddable":true,"href":"https:\/\/dicodusport.fr\/blog\/wp-json\/wp\/v2\/comments?post=16155"}],"version-history":[{"count":0,"href":"https:\/\/dicodusport.fr\/blog\/wp-json\/wp\/v2\/posts\/16155\/revisions"}],"wp:featuredmedia":[{"embeddable":true,"href":"https:\/\/dicodusport.fr\/blog\/wp-json\/wp\/v2\/media\/16158"}],"wp:attachment":[{"href":"https:\/\/dicodusport.fr\/blog\/wp-json\/wp\/v2\/media?parent=16155"}],"wp:term":[{"taxonomy":"category","embeddable":true,"href":"https:\/\/dicodusport.fr\/blog\/wp-json\/wp\/v2\/categories?post=16155"},{"taxonomy":"post_tag","embeddable":true,"href":"https:\/\/dicodusport.fr\/blog\/wp-json\/wp\/v2\/tags?post=16155"}],"curies":[{"name":"wp","href":"https:\/\/api.w.org\/{rel}","templated":true}]}}