{"id":161718,"date":"2021-08-30T19:07:43","date_gmt":"2021-08-30T17:07:43","guid":{"rendered":"https:\/\/dicodusport.fr\/blog\/?p=161718&#038;preview=true&#038;preview_id=161718"},"modified":"2021-11-16T13:55:51","modified_gmt":"2021-11-16T12:55:51","slug":"f1-marche-des-transferts-pour-la-saison-2022-le-point-apres-la-treve-estivale","status":"publish","type":"post","link":"https:\/\/dicodusport.fr\/blog\/f1-marche-des-transferts-pour-la-saison-2022-le-point-apres-la-treve-estivale\/","title":{"rendered":"F1 \u2013 March\u00e9 des transferts pour la saison 2022, le bilan"},"content":{"rendered":"<p style=\"text-align: justify;\"><em><b>FORMULE 1 &#8211;\u00a0 Apr\u00e8s quelques courses de la fin de saison 2021, il est temps de faire le point sur les contrats des pilotes pour la saison prochaine. En 2022, une nouvelle r\u00e9glementation des monoplaces peut potentiellement bouleverser la hi\u00e9rarchie en place. Les \u00e9curies et les pilotes doivent alors faire les bons choix entre stabilit\u00e9 et renouveau. Qui a sign\u00e9 des contrats \u00e0 l&rsquo;aube de la deuxi\u00e8me partie de saison ?<\/b><\/em><\/p>\n<h2 style=\"text-align: justify;\">Les \u00e9curies qui garderont les m\u00eames pilotes<\/h2>\n<p style=\"text-align: justify;\"><strong>Red Bull : <\/strong>L&rsquo;\u00e9curie en bataille pour le titre constructeur ainsi que le titre pilote a annonc\u00e9 aujourd&rsquo;hui qu&rsquo;elle garderait le m\u00eame line-up pour la saison prochaine. En effet, leur p\u00e9pite de 23 ans <strong>Max Verstappen<\/strong> est actuellement en bataille pour remporter le championnat du monde pilote face \u00e0 Lewis Hamilton. Le N\u00e9erlandais a sign\u00e9 un contrat avec son \u00e9curie jusqu&rsquo;en 2023. Ensuite, Red Bull a annonc\u00e9 que son deuxi\u00e8me pilote <strong>Sergio Perez<\/strong> continuera de piloter \u00e0 leurs c\u00f4t\u00e9s en 2022. Une annonce pas r\u00e9ellement surprenante mais qui montre que l&rsquo;\u00e9curie change de fusil d&rsquo;\u00e9paule en marquant une stabilit\u00e9 dont elle n&rsquo;avait pas fait preuve ces derni\u00e8res ann\u00e9es.<\/p>\n<blockquote class=\"twitter-tweet\">\n<p dir=\"ltr\" lang=\"pt\">CONFIRMED: Sergio Perez remains at <a href=\"https:\/\/twitter.com\/redbullracing?ref_src=twsrc%5Etfw\">@redbullracing<\/a> for 2022 <a href=\"https:\/\/twitter.com\/hashtag\/BelgianGP?src=hash&amp;ref_src=twsrc%5Etfw\">#BelgianGP<\/a> &#x1f1e7;&#x1f1ea; <a href=\"https:\/\/twitter.com\/hashtag\/F1?src=hash&amp;ref_src=twsrc%5Etfw\">#F1<\/a> <a href=\"https:\/\/twitter.com\/SChecoPerez?ref_src=twsrc%5Etfw\">@SChecoPerez<\/a> <a href=\"https:\/\/t.co\/PcuzYtZuNV\">pic.twitter.com\/PcuzYtZuNV<\/a><\/p>\n<p>\u2014 Formula 1 (@F1) <a href=\"https:\/\/twitter.com\/F1\/status\/1431226287188762627?ref_src=twsrc%5Etfw\">August 27, 2021<\/a><\/p><\/blockquote>\n<p style=\"text-align: justify;\"><script async src=\"https:\/\/platform.twitter.com\/widgets.js\" charset=\"utf-8\"><\/script><\/p>\n<p style=\"text-align: justify;\"><strong>Ferrari<\/strong> : La Scuderia semble avoir trouv\u00e9 le bon \u00e9quilibre concernant ses pilotes. Le Mon\u00e9gasque <strong>Charles Leclerc<\/strong> a obtenu le plus gros contrat jamais sign\u00e9 avec cette \u00e9curie allant jusqu&rsquo;en 2024. Le pilote de 23 ans est toujours tr\u00e8s performant depuis son arriv\u00e9e en 2019 et s&rsquo;entend parfaitement avec son co\u00e9quipier <strong>Carlos Sainz Jr<\/strong>. L&rsquo;Espagnol est arriv\u00e9 dans la voiture rouge cette ann\u00e9e et r\u00e9pond parfaitement aux attentes de Ferrari en \u00e9tant tr\u00e8s comp\u00e9titif. Son contrat est sign\u00e9 jusqu&rsquo;en 2022 mais risque certainement d&rsquo;\u00eatre prolong\u00e9.<\/p>\n<p style=\"text-align: justify;\"><strong>McLaren<\/strong> : L&rsquo;\u00e9curie britannique qui pr\u00e9tend \u00e0 la troisi\u00e8me place du championnat constructeur poss\u00e8de deux pilotes sous longs contrats. En effet, le jeune pilote <strong>Lando Norris<\/strong> arriv\u00e9 en 2019 impressionne fortement cette saison en se pla\u00e7ant \u00e0 la 3\u00e8me place du championnat pilote. Le Britannique a r\u00e9cemment sign\u00e9 un contrat avec son \u00e9curie dont la dur\u00e9e n&rsquo;a pas \u00e9t\u00e9 annonc\u00e9 mais il semblerait aller jusqu&rsquo;en 2023. \u00c0 moins d&rsquo;une surprise et de mauvaises performances, son co\u00e9quipier <strong>Daniel Ricciardo<\/strong> devrait rester \u00e0 ses c\u00f4t\u00e9s. Le pilote australien aux 200 Grands Prix a eu des difficult\u00e9s \u00e0 s&rsquo;adapter \u00e0 sa monoplace depuis le d\u00e9but de la saison. Cependant, il a sign\u00e9 un contrat jusqu&rsquo;en 2023 avec McLaren.<\/p>\n<p style=\"text-align: justify;\"><strong>Alpine<\/strong> : L&rsquo;\u00e9curie fran\u00e7aise victorieuse du Grand Prix de Hongrie a elle aussi choisi la stabilit\u00e9. Le Tricolore <strong>Esteban Ocon<\/strong> avait r\u00e9cemment annonc\u00e9 avoir sign\u00e9 un contrat jusqu&rsquo;en 2024. Son co\u00e9quipier double champion du monde <strong>Fernando Alonso<\/strong> a lui confirm\u00e9 apr\u00e8s la tr\u00eave estivale qu&rsquo;il pilotera pour Alpine en 2022. Une nouvelle attendue qui confirme la bonne entente entre les deux parties.<\/p>\n<blockquote class=\"twitter-tweet\">\n<p dir=\"ltr\" lang=\"en\">\u00ab\u00a0We took one minute to make the decision\u00a0\u00bb<\/p>\n<p>Fernando Alonso says staying with <a href=\"https:\/\/twitter.com\/AlpineF1Team?ref_src=twsrc%5Etfw\">@AlpineF1Team<\/a> was never in doubt<a href=\"https:\/\/twitter.com\/hashtag\/BelgianGP?src=hash&amp;ref_src=twsrc%5Etfw\">#BelgianGP<\/a> &#x1f1e7;&#x1f1ea; <a href=\"https:\/\/twitter.com\/hashtag\/F1?src=hash&amp;ref_src=twsrc%5Etfw\">#F1<\/a> <a href=\"https:\/\/t.co\/zG9ukJfR1Z\">pic.twitter.com\/zG9ukJfR1Z<\/a><\/p>\n<p>\u2014 Formula 1 (@F1) <a href=\"https:\/\/twitter.com\/F1\/status\/1430954948938723330?ref_src=twsrc%5Etfw\">August 26, 2021<\/a><\/p><\/blockquote>\n<p style=\"text-align: justify;\"><script async src=\"https:\/\/platform.twitter.com\/widgets.js\" charset=\"utf-8\"><\/script><\/p>\n<p style=\"text-align: justify;\"><strong>Aston Martin<\/strong> : Le quadruple champion du monde <strong>Sebastian Vettel<\/strong> que s&rsquo;\u00e9tait offert l&rsquo;\u00e9curie pour cette saison a sign\u00e9 un contrat jusqu&rsquo;en 2022. Au vu des bonnes performances de l&rsquo;Allemand, celui-ci devrait rester au sein de l&rsquo;\u00e9curie pour encore un moment. Son co\u00e9quipier <strong>Lance Stroll<\/strong> a aussi \u00e9t\u00e9 confirm\u00e9 pour la saison prochaine apr\u00e8s le Grand Prix d&rsquo;Italie 2021. Il est le fils du propri\u00e9taire de l&rsquo;\u00e9curie : Lawrence Stroll. Le Canadien avait donc de tr\u00e8s grandes chances de rester pilote pour Aston Martin en 2022.<\/p>\n<p style=\"text-align: justify;\"><strong>Haas<\/strong> : L&rsquo;\u00e9curie am\u00e9ricaine avait compl\u00e9tement chang\u00e9 son line-up pour la saison actuelle. Les deux pilotes que sont <strong>Nikita Mazepin<\/strong> et <strong>Mick Schumacher<\/strong> ont sign\u00e9 des contrats jusqu&rsquo;en 2022. Ceux-ci devraient en toute logique poursuivre leur exp\u00e9rience en F1 dans la m\u00eame \u00e9curie pour la saison prochaine.<\/p>\n<p><strong>Alpha Tauri<\/strong> : L&rsquo;\u00e9curie affili\u00e9e \u00e0 Red Bull montre de solides performances depuis le d\u00e9but de saison. En effet, le pilote fran\u00e7ais <strong>Pierre Gasly<\/strong> surperforme et domine largement son co\u00e9quipier <strong>Yuki Tsunoda<\/strong>. Le Japonais rookie en Formule 1 livre des prestations mitig\u00e9es. Cependant, le fournisseur de moteur de l&rsquo;\u00e9curie est l&rsquo;entreprise Honda, qui souhaite un pilote japonais au sein de celle-ci. Dans cette logique, les deux hommes ont prolong\u00e9 leurs contrats avec Alpha Tauri pour la saison 2022.<\/p>\n<h2 style=\"text-align: justify;\">Les \u00e9curies qui ont d\u00e9cid\u00e9 de changer<\/h2>\n<p><strong>Mercedes<\/strong> : L&rsquo;\u00e9curie leader du championnat du monde voit enfin du changement dans son line-up. Le septuple champion du monde <strong>Lewis Hamilton<\/strong> a annonc\u00e9 r\u00e9cemment continuer en Formule 1 avec Mercedes jusqu&rsquo;en 2023. Du c\u00f4t\u00e9 de l&rsquo;autre si\u00e8ge, le Finlandais <strong>Valtteri Bottas<\/strong> a \u00e9t\u00e9 pouss\u00e9 vers la sortie. Il sera remplac\u00e9 par <strong>George Russell<\/strong>, actuellement pilote chez Williams. Le Britannique fait partie du giron Mercedes depuis longtemps et attendait son tour pour prendre un si\u00e8ge dans l&rsquo;\u00e9curie reine.<\/p>\n<p style=\"text-align: justify;\"><strong>Williams<\/strong> : L&rsquo;\u00e9curie historique qui a marqu\u00e9 ses premiers points depuis 3 ans au Grand Prix de Hongrie a aussi voulu du changement. Si son pilote leader <strong>George Russell<\/strong> part chez Mercedes, son remplacement posait question. Nous avons alors appris que nous assisterons \u00e0 un retour du Tha\u00eflandais <strong>Alexander Albon<\/strong> pour la prochaine saison. Du c\u00f4t\u00e9 du deuxi\u00e8me si\u00e8ge, <strong>Nicholas Latifi<\/strong> reste dans l&rsquo;\u00e9curie notamment en raison du capital financier qu&rsquo;il apporte ainsi que pour le c\u00f4t\u00e9 stabilit\u00e9 qu&rsquo;il procure \u00e0 l&rsquo;\u00e9quipe.<\/p>\n<blockquote class=\"twitter-tweet\">\n<p dir=\"ltr\" lang=\"ht\">Albon &#x1f91c;&#x1f91b; Latifi <a href=\"https:\/\/twitter.com\/hashtag\/F1?src=hash&amp;ref_src=twsrc%5Etfw\">#F1<\/a> <a href=\"https:\/\/twitter.com\/WilliamsRacing?ref_src=twsrc%5Etfw\">@WilliamsRacing<\/a> <a href=\"https:\/\/t.co\/CpaaZHtTUZ\">pic.twitter.com\/CpaaZHtTUZ<\/a><\/p>\n<p>\u2014 Formula 1 (@F1) <a href=\"https:\/\/twitter.com\/F1\/status\/1435576521918455816?ref_src=twsrc%5Etfw\">September 8, 2021<\/a><\/p><\/blockquote>\n<p><script async src=\"https:\/\/platform.twitter.com\/widgets.js\" charset=\"utf-8\"><\/script><\/p>\n<p style=\"text-align: justify;\"><strong>Alfa Romeo<\/strong> : L&rsquo;\u00e9curie italo-suisse est la seule qui a compl\u00e9tement chang\u00e9 son line-up. L&rsquo;icone <strong>Kimi R\u00e4ikk\u00f6nen<\/strong> va prendre sa retraite en fin de saison et est remplac\u00e9 par son compatriote <strong>Valtteri Bottas<\/strong>, tout droit venu de chez Mercedes. L&rsquo;autre pilote <strong>Antonio Giovinazzi<\/strong> \u00e9tait \u00e9galement en fin de contrat. Apr\u00e8s 3 ans avec les m\u00eames pilotes, l&rsquo;\u00e9curie a voulu un renouveau total puisque le pilote chinois <strong>Guanyu Zhou<\/strong> remplacera l&rsquo;Italien pour la prochaine saison. Le contrat ne stipule qu&rsquo;une seule ann\u00e9e au sein de l&rsquo;\u00e9curie, pour l&rsquo;instant.<\/p>\n<blockquote class=\"twitter-tweet\">\n<p dir=\"ltr\" lang=\"fr\">C&rsquo;est officiel : Guanyu Zhou signe chez Alfa Romeo pour la saison 2022, il pilotera donc aux c\u00f4t\u00e9s de Valtteri Bottas ! &#x1f1e8;&#x1f1f3;&#x270d;&#xfe0f; <a href=\"https:\/\/t.co\/QAyrCVzcJG\">pic.twitter.com\/QAyrCVzcJG<\/a><\/p>\n<p>\u2014 CANAL+ F1\u00ae (@CanalplusF1) <a href=\"https:\/\/twitter.com\/CanalplusF1\/status\/1460557961407967232?ref_src=twsrc%5Etfw\">November 16, 2021<\/a><\/p><\/blockquote>\n<p><script async src=\"https:\/\/platform.twitter.com\/widgets.js\" charset=\"utf-8\"><\/script><\/p>\n<p style=\"text-align: justify;\">Attention, les contrats des pilotes de Formule 1 sont aussi faits pour \u00eatre bris\u00e9s. Tout est encore possible tant que la saison n&rsquo;aura pas commenc\u00e9.<\/p>\n<h2 style=\"text-align: justify;\"><strong>\u00c0 lire aussi<\/strong><\/h2>\n<ul>\n<li style=\"text-align: justify;\"><a href=\"https:\/\/dicodusport.fr\/blog\/formule-1-le-classement-du-championnat-du-monde-des-pilotes-2021\/\"><strong>Le classement du championnat du monde des pilotes 2021<\/strong><\/a><\/li>\n<li style=\"text-align: justify;\"><a href=\"https:\/\/dicodusport.fr\/blog\/formule-1-le-classement-du-championnat-du-monde-des-constructeurs-2021\/\"><strong>Le classement du championnat du monde des constructeurs 2021<\/strong><\/a><\/li>\n<\/ul>\n","protected":false},"excerpt":{"rendered":"<p>FORMULE 1 &#8211;\u00a0 Apr\u00e8s la tr\u00eave estivale et \u00e0 la mi-saison 2021, il est temps de faire le point sur les contrats des pilotes pour la saison prochaine. En 2022, une nouvelle r\u00e9glementation des monoplaces peut potentiellement bouleverser\u00a0la hi\u00e9rarchie en place. Les \u00e9curies et les pilotes doivent alors faire les bons choix entre stabilit\u00e9 et renouveau. Qui a sign\u00e9 des contrats \u00e0 l&rsquo;aube de la deuxi\u00e8me partie de saison ?<\/p>\n","protected":false},"author":54,"featured_media":162903,"comment_status":"open","ping_status":"closed","sticky":false,"template":"","format":"standard","meta":{"_acf_changed":false,"_daextam_enable_autolinks":"","footnotes":""},"categories":[8653],"tags":[2065,12819,8636],"class_list":["post-161718","post","type-post","status-publish","format-standard","has-post-thumbnail","hentry","category-formule-1","tag-formule-1","tag-george-russell","tag-valtteri-bottas"],"acf":[],"yoast_head":"<!-- This site is optimized with the Yoast SEO Premium plugin v26.7 (Yoast SEO v26.7) - https:\/\/yoast.com\/wordpress\/plugins\/seo\/ -->\n<title>F1 \u2013 March\u00e9 des transferts pour la saison 2022, le bilan<\/title>\n<meta name=\"description\" content=\"F1 - A quelques courses de la fin de la saison 2021, il est temps de faire le point sur les contrats des pilotes pour la saison 2022.\" \/>\n<meta name=\"robots\" content=\"index, follow, max-snippet:-1, max-image-preview:large, max-video-preview:-1\" \/>\n<link rel=\"canonical\" href=\"https:\/\/dicodusport.fr\/blog\/f1-marche-des-transferts-pour-la-saison-2022-le-point-apres-la-treve-estivale\/\" \/>\n<meta property=\"og:locale\" content=\"fr_FR\" \/>\n<meta property=\"og:type\" content=\"article\" \/>\n<meta property=\"og:title\" content=\"F1 \u2013 March\u00e9 des transferts pour la saison 2022, le bilan\" \/>\n<meta property=\"og:description\" content=\"F1 - A quelques courses de la fin de la saison 2021, il est temps de faire le point sur les contrats des pilotes pour la saison 2022.\" \/>\n<meta property=\"og:url\" content=\"https:\/\/dicodusport.fr\/blog\/f1-marche-des-transferts-pour-la-saison-2022-le-point-apres-la-treve-estivale\/\" \/>\n<meta property=\"og:site_name\" content=\"Dicodusport\" \/>\n<meta property=\"article:publisher\" content=\"https:\/\/www.facebook.com\/dicodusport\" \/>\n<meta property=\"article:author\" content=\"https:\/\/www.facebook.com\/roxane.lecacher\" \/>\n<meta property=\"article:published_time\" content=\"2021-08-30T17:07:43+00:00\" \/>\n<meta property=\"article:modified_time\" content=\"2021-11-16T12:55:51+00:00\" \/>\n<meta property=\"og:image\" content=\"https:\/\/dicodusport.fr\/blog\/wp-content\/uploads\/2021\/08\/F1-\u2013-Marche\u0301-des-transferts-pour-la-saison-2022-le-point-apre\u0300s-la-tre\u0302ve-estivale.png\" \/>\n\t<meta property=\"og:image:width\" content=\"800\" \/>\n\t<meta property=\"og:image:height\" content=\"445\" \/>\n\t<meta property=\"og:image:type\" content=\"image\/png\" \/>\n<meta name=\"author\" content=\"Roxane Lecacher\" \/>\n<meta name=\"twitter:card\" content=\"summary_large_image\" \/>\n<meta name=\"twitter:title\" content=\"F1 \u2013 March\u00e9 des transferts pour la saison 2022, le bilan\" \/>\n<meta name=\"twitter:creator\" content=\"@dicodusport\" \/>\n<meta name=\"twitter:site\" content=\"@dicodusport\" \/>\n<script type=\"application\/ld+json\" class=\"yoast-schema-graph\">{\"@context\":\"https:\/\/schema.org\",\"@graph\":[{\"@type\":\"NewsArticle\",\"@id\":\"https:\/\/dicodusport.fr\/blog\/f1-marche-des-transferts-pour-la-saison-2022-le-point-apres-la-treve-estivale\/#article\",\"isPartOf\":{\"@id\":\"https:\/\/dicodusport.fr\/blog\/f1-marche-des-transferts-pour-la-saison-2022-le-point-apres-la-treve-estivale\/\"},\"author\":{\"name\":\"Roxane Lecacher\",\"@id\":\"https:\/\/dicodusport.fr\/blog\/#\/schema\/person\/819fb2545dd2715bd7c0580d6d4b411a\"},\"headline\":\"F1 \u2013 March\u00e9 des transferts pour la saison 2022, le bilan\",\"datePublished\":\"2021-08-30T17:07:43+00:00\",\"dateModified\":\"2021-11-16T12:55:51+00:00\",\"mainEntityOfPage\":{\"@id\":\"https:\/\/dicodusport.fr\/blog\/f1-marche-des-transferts-pour-la-saison-2022-le-point-apres-la-treve-estivale\/\"},\"wordCount\":1150,\"commentCount\":0,\"publisher\":{\"@id\":\"https:\/\/dicodusport.fr\/blog\/#organization\"},\"image\":{\"@id\":\"https:\/\/dicodusport.fr\/blog\/f1-marche-des-transferts-pour-la-saison-2022-le-point-apres-la-treve-estivale\/#primaryimage\"},\"thumbnailUrl\":\"https:\/\/dicodusport.fr\/blog\/wp-content\/uploads\/2021\/08\/F1-\u2013-Marche\u0301-des-transferts-pour-la-saison-2022-le-point-apre\u0300s-la-tre\u0302ve-estivale.png\",\"keywords\":[\"Formule 1\",\"George Russell\",\"Valtteri Bottas\"],\"articleSection\":[\"Formule 1\"],\"inLanguage\":\"fr-FR\",\"potentialAction\":[{\"@type\":\"CommentAction\",\"name\":\"Comment\",\"target\":[\"https:\/\/dicodusport.fr\/blog\/f1-marche-des-transferts-pour-la-saison-2022-le-point-apres-la-treve-estivale\/#respond\"]}],\"copyrightYear\":\"2021\",\"copyrightHolder\":{\"@id\":\"https:\/\/dicodusport.fr\/blog\/#organization\"}},{\"@type\":\"WebPage\",\"@id\":\"https:\/\/dicodusport.fr\/blog\/f1-marche-des-transferts-pour-la-saison-2022-le-point-apres-la-treve-estivale\/\",\"url\":\"https:\/\/dicodusport.fr\/blog\/f1-marche-des-transferts-pour-la-saison-2022-le-point-apres-la-treve-estivale\/\",\"name\":\"F1 \u2013 March\u00e9 des transferts pour la saison 2022, le bilan\",\"isPartOf\":{\"@id\":\"https:\/\/dicodusport.fr\/blog\/#website\"},\"primaryImageOfPage\":{\"@id\":\"https:\/\/dicodusport.fr\/blog\/f1-marche-des-transferts-pour-la-saison-2022-le-point-apres-la-treve-estivale\/#primaryimage\"},\"image\":{\"@id\":\"https:\/\/dicodusport.fr\/blog\/f1-marche-des-transferts-pour-la-saison-2022-le-point-apres-la-treve-estivale\/#primaryimage\"},\"thumbnailUrl\":\"https:\/\/dicodusport.fr\/blog\/wp-content\/uploads\/2021\/08\/F1-\u2013-Marche\u0301-des-transferts-pour-la-saison-2022-le-point-apre\u0300s-la-tre\u0302ve-estivale.png\",\"datePublished\":\"2021-08-30T17:07:43+00:00\",\"dateModified\":\"2021-11-16T12:55:51+00:00\",\"description\":\"F1 - A quelques courses de la fin de la saison 2021, il est temps de faire le point sur les contrats des pilotes pour la saison 2022.\",\"breadcrumb\":{\"@id\":\"https:\/\/dicodusport.fr\/blog\/f1-marche-des-transferts-pour-la-saison-2022-le-point-apres-la-treve-estivale\/#breadcrumb\"},\"inLanguage\":\"fr-FR\",\"potentialAction\":[{\"@type\":\"ReadAction\",\"target\":[\"https:\/\/dicodusport.fr\/blog\/f1-marche-des-transferts-pour-la-saison-2022-le-point-apres-la-treve-estivale\/\"]}]},{\"@type\":\"ImageObject\",\"inLanguage\":\"fr-FR\",\"@id\":\"https:\/\/dicodusport.fr\/blog\/f1-marche-des-transferts-pour-la-saison-2022-le-point-apres-la-treve-estivale\/#primaryimage\",\"url\":\"https:\/\/dicodusport.fr\/blog\/wp-content\/uploads\/2021\/08\/F1-\u2013-Marche\u0301-des-transferts-pour-la-saison-2022-le-point-apre\u0300s-la-tre\u0302ve-estivale.png\",\"contentUrl\":\"https:\/\/dicodusport.fr\/blog\/wp-content\/uploads\/2021\/08\/F1-\u2013-Marche\u0301-des-transferts-pour-la-saison-2022-le-point-apre\u0300s-la-tre\u0302ve-estivale.png\",\"width\":800,\"height\":445},{\"@type\":\"BreadcrumbList\",\"@id\":\"https:\/\/dicodusport.fr\/blog\/f1-marche-des-transferts-pour-la-saison-2022-le-point-apres-la-treve-estivale\/#breadcrumb\",\"itemListElement\":[{\"@type\":\"ListItem\",\"position\":1,\"name\":\"Accueil\",\"item\":\"https:\/\/dicodusport.fr\/blog\/\"},{\"@type\":\"ListItem\",\"position\":2,\"name\":\"F1 \u2013 March\u00e9 des transferts pour la saison 2022, le bilan\"}]},{\"@type\":\"WebSite\",\"@id\":\"https:\/\/dicodusport.fr\/blog\/#website\",\"url\":\"https:\/\/dicodusport.fr\/blog\/\",\"name\":\"Dicodusport\",\"description\":\"L&#039;encyclop\u00e9die de l&#039;actualit\u00e9 sportive\",\"publisher\":{\"@id\":\"https:\/\/dicodusport.fr\/blog\/#organization\"},\"potentialAction\":[{\"@type\":\"SearchAction\",\"target\":{\"@type\":\"EntryPoint\",\"urlTemplate\":\"https:\/\/dicodusport.fr\/blog\/?s={search_term_string}\"},\"query-input\":{\"@type\":\"PropertyValueSpecification\",\"valueRequired\":true,\"valueName\":\"search_term_string\"}}],\"inLanguage\":\"fr-FR\"},{\"@type\":\"NewsMediaOrganization\",\"@id\":\"https:\/\/dicodusport.fr\/blog\/#organization\",\"name\":\"Dicodusport\",\"url\":\"https:\/\/dicodusport.fr\/blog\/\",\"logo\":{\"@type\":\"ImageObject\",\"inLanguage\":\"fr-FR\",\"@id\":\"https:\/\/dicodusport.fr\/blog\/#\/schema\/logo\/image\/\",\"url\":\"https:\/\/dicodusport.fr\/blog\/wp-content\/uploads\/2020\/06\/cropped-LOGO-DICODUSPORT-2020-SANS-FOND-SANS-TEXTE.png\",\"contentUrl\":\"https:\/\/dicodusport.fr\/blog\/wp-content\/uploads\/2020\/06\/cropped-LOGO-DICODUSPORT-2020-SANS-FOND-SANS-TEXTE.png\",\"width\":512,\"height\":512,\"caption\":\"Dicodusport\"},\"image\":{\"@id\":\"https:\/\/dicodusport.fr\/blog\/#\/schema\/logo\/image\/\"},\"sameAs\":[\"https:\/\/www.facebook.com\/dicodusport\",\"https:\/\/x.com\/dicodusport\",\"https:\/\/www.instagram.com\/dicodusport\/\",\"https:\/\/www.youtube.com\/channel\/UC7V2KZ5sd3htJivAbA4ZG3w\"],\"description\":\"Dicodusport est l'encyclop\u00e9die de l'actualit\u00e9 sportive.\",\"email\":\"bonjour@dicodusport.fr\",\"legalName\":\"DICODUSPORT\",\"foundingDate\":\"2018-01-14\",\"vatID\":\"FR71834470973\",\"taxID\":\"83447097300043\",\"numberOfEmployees\":{\"@type\":\"QuantitativeValue\",\"minValue\":\"1\",\"maxValue\":\"10\"}},{\"@type\":\"Person\",\"@id\":\"https:\/\/dicodusport.fr\/blog\/#\/schema\/person\/819fb2545dd2715bd7c0580d6d4b411a\",\"name\":\"Roxane Lecacher\",\"image\":{\"@type\":\"ImageObject\",\"inLanguage\":\"fr-FR\",\"@id\":\"https:\/\/dicodusport.fr\/blog\/#\/schema\/person\/image\/\",\"url\":\"https:\/\/dicodusport.fr\/blog\/wp-content\/uploads\/2021\/05\/Roxane-Lecacher-150x150.jpg\",\"contentUrl\":\"https:\/\/dicodusport.fr\/blog\/wp-content\/uploads\/2021\/05\/Roxane-Lecacher-150x150.jpg\",\"caption\":\"Roxane Lecacher\"},\"description\":\"Journaliste\/r\u00e9dactrice depuis janvier 2021 - N\u00e9e quelques jours avant la premi\u00e8re \u00e9toile des Bleus, je baigne dans une famille tr\u00e8s sportive. Je n\u2019ai eu d\u2019autres choix que de me passionner pour le sujet. Pratiquante de l\u2019athl\u00e9tisme depuis toute petite, j\u2019ai aussi un attrait tout particulier pour la Formule 1, le biathlon et le foot. Pendant les grands \u00e9v\u00e9nements, il est impossible de d\u00e9crocher de ma t\u00e9l\u00e9. C\u2019est \u00e0 travers Dicodusport que j\u2019aime d\u00e9sormais vous transmettre mes \u00e9motions et ma passion.\",\"sameAs\":[\"https:\/\/www.facebook.com\/roxane.lecacher\",\"https:\/\/fr.linkedin.com\/in\/roxane-lecacher-23368313b\"],\"url\":\"https:\/\/dicodusport.fr\/blog\/author\/roxanel\/\"}]}<\/script>\n<!-- \/ Yoast SEO Premium plugin. -->","yoast_head_json":{"title":"F1 \u2013 March\u00e9 des transferts pour la saison 2022, le bilan","description":"F1 - A quelques courses de la fin de la saison 2021, il est temps de faire le point sur les contrats des pilotes pour la saison 2022.","robots":{"index":"index","follow":"follow","max-snippet":"max-snippet:-1","max-image-preview":"max-image-preview:large","max-video-preview":"max-video-preview:-1"},"canonical":"https:\/\/dicodusport.fr\/blog\/f1-marche-des-transferts-pour-la-saison-2022-le-point-apres-la-treve-estivale\/","og_locale":"fr_FR","og_type":"article","og_title":"F1 \u2013 March\u00e9 des transferts pour la saison 2022, le bilan","og_description":"F1 - A quelques courses de la fin de la saison 2021, il est temps de faire le point sur les contrats des pilotes pour la saison 2022.","og_url":"https:\/\/dicodusport.fr\/blog\/f1-marche-des-transferts-pour-la-saison-2022-le-point-apres-la-treve-estivale\/","og_site_name":"Dicodusport","article_publisher":"https:\/\/www.facebook.com\/dicodusport","article_author":"https:\/\/www.facebook.com\/roxane.lecacher","article_published_time":"2021-08-30T17:07:43+00:00","article_modified_time":"2021-11-16T12:55:51+00:00","og_image":[{"width":800,"height":445,"url":"https:\/\/dicodusport.fr\/blog\/wp-content\/uploads\/2021\/08\/F1-\u2013-Marche\u0301-des-transferts-pour-la-saison-2022-le-point-apre\u0300s-la-tre\u0302ve-estivale.png","type":"image\/png"}],"author":"Roxane Lecacher","twitter_card":"summary_large_image","twitter_title":"F1 \u2013 March\u00e9 des transferts pour la saison 2022, le bilan","twitter_creator":"@dicodusport","twitter_site":"@dicodusport","schema":{"@context":"https:\/\/schema.org","@graph":[{"@type":"NewsArticle","@id":"https:\/\/dicodusport.fr\/blog\/f1-marche-des-transferts-pour-la-saison-2022-le-point-apres-la-treve-estivale\/#article","isPartOf":{"@id":"https:\/\/dicodusport.fr\/blog\/f1-marche-des-transferts-pour-la-saison-2022-le-point-apres-la-treve-estivale\/"},"author":{"name":"Roxane Lecacher","@id":"https:\/\/dicodusport.fr\/blog\/#\/schema\/person\/819fb2545dd2715bd7c0580d6d4b411a"},"headline":"F1 \u2013 March\u00e9 des transferts pour la saison 2022, le bilan","datePublished":"2021-08-30T17:07:43+00:00","dateModified":"2021-11-16T12:55:51+00:00","mainEntityOfPage":{"@id":"https:\/\/dicodusport.fr\/blog\/f1-marche-des-transferts-pour-la-saison-2022-le-point-apres-la-treve-estivale\/"},"wordCount":1150,"commentCount":0,"publisher":{"@id":"https:\/\/dicodusport.fr\/blog\/#organization"},"image":{"@id":"https:\/\/dicodusport.fr\/blog\/f1-marche-des-transferts-pour-la-saison-2022-le-point-apres-la-treve-estivale\/#primaryimage"},"thumbnailUrl":"https:\/\/dicodusport.fr\/blog\/wp-content\/uploads\/2021\/08\/F1-\u2013-Marche\u0301-des-transferts-pour-la-saison-2022-le-point-apre\u0300s-la-tre\u0302ve-estivale.png","keywords":["Formule 1","George Russell","Valtteri Bottas"],"articleSection":["Formule 1"],"inLanguage":"fr-FR","potentialAction":[{"@type":"CommentAction","name":"Comment","target":["https:\/\/dicodusport.fr\/blog\/f1-marche-des-transferts-pour-la-saison-2022-le-point-apres-la-treve-estivale\/#respond"]}],"copyrightYear":"2021","copyrightHolder":{"@id":"https:\/\/dicodusport.fr\/blog\/#organization"}},{"@type":"WebPage","@id":"https:\/\/dicodusport.fr\/blog\/f1-marche-des-transferts-pour-la-saison-2022-le-point-apres-la-treve-estivale\/","url":"https:\/\/dicodusport.fr\/blog\/f1-marche-des-transferts-pour-la-saison-2022-le-point-apres-la-treve-estivale\/","name":"F1 \u2013 March\u00e9 des transferts pour la saison 2022, le bilan","isPartOf":{"@id":"https:\/\/dicodusport.fr\/blog\/#website"},"primaryImageOfPage":{"@id":"https:\/\/dicodusport.fr\/blog\/f1-marche-des-transferts-pour-la-saison-2022-le-point-apres-la-treve-estivale\/#primaryimage"},"image":{"@id":"https:\/\/dicodusport.fr\/blog\/f1-marche-des-transferts-pour-la-saison-2022-le-point-apres-la-treve-estivale\/#primaryimage"},"thumbnailUrl":"https:\/\/dicodusport.fr\/blog\/wp-content\/uploads\/2021\/08\/F1-\u2013-Marche\u0301-des-transferts-pour-la-saison-2022-le-point-apre\u0300s-la-tre\u0302ve-estivale.png","datePublished":"2021-08-30T17:07:43+00:00","dateModified":"2021-11-16T12:55:51+00:00","description":"F1 - A quelques courses de la fin de la saison 2021, il est temps de faire le point sur les contrats des pilotes pour la saison 2022.","breadcrumb":{"@id":"https:\/\/dicodusport.fr\/blog\/f1-marche-des-transferts-pour-la-saison-2022-le-point-apres-la-treve-estivale\/#breadcrumb"},"inLanguage":"fr-FR","potentialAction":[{"@type":"ReadAction","target":["https:\/\/dicodusport.fr\/blog\/f1-marche-des-transferts-pour-la-saison-2022-le-point-apres-la-treve-estivale\/"]}]},{"@type":"ImageObject","inLanguage":"fr-FR","@id":"https:\/\/dicodusport.fr\/blog\/f1-marche-des-transferts-pour-la-saison-2022-le-point-apres-la-treve-estivale\/#primaryimage","url":"https:\/\/dicodusport.fr\/blog\/wp-content\/uploads\/2021\/08\/F1-\u2013-Marche\u0301-des-transferts-pour-la-saison-2022-le-point-apre\u0300s-la-tre\u0302ve-estivale.png","contentUrl":"https:\/\/dicodusport.fr\/blog\/wp-content\/uploads\/2021\/08\/F1-\u2013-Marche\u0301-des-transferts-pour-la-saison-2022-le-point-apre\u0300s-la-tre\u0302ve-estivale.png","width":800,"height":445},{"@type":"BreadcrumbList","@id":"https:\/\/dicodusport.fr\/blog\/f1-marche-des-transferts-pour-la-saison-2022-le-point-apres-la-treve-estivale\/#breadcrumb","itemListElement":[{"@type":"ListItem","position":1,"name":"Accueil","item":"https:\/\/dicodusport.fr\/blog\/"},{"@type":"ListItem","position":2,"name":"F1 \u2013 March\u00e9 des transferts pour la saison 2022, le bilan"}]},{"@type":"WebSite","@id":"https:\/\/dicodusport.fr\/blog\/#website","url":"https:\/\/dicodusport.fr\/blog\/","name":"Dicodusport","description":"L&#039;encyclop\u00e9die de l&#039;actualit\u00e9 sportive","publisher":{"@id":"https:\/\/dicodusport.fr\/blog\/#organization"},"potentialAction":[{"@type":"SearchAction","target":{"@type":"EntryPoint","urlTemplate":"https:\/\/dicodusport.fr\/blog\/?s={search_term_string}"},"query-input":{"@type":"PropertyValueSpecification","valueRequired":true,"valueName":"search_term_string"}}],"inLanguage":"fr-FR"},{"@type":"NewsMediaOrganization","@id":"https:\/\/dicodusport.fr\/blog\/#organization","name":"Dicodusport","url":"https:\/\/dicodusport.fr\/blog\/","logo":{"@type":"ImageObject","inLanguage":"fr-FR","@id":"https:\/\/dicodusport.fr\/blog\/#\/schema\/logo\/image\/","url":"https:\/\/dicodusport.fr\/blog\/wp-content\/uploads\/2020\/06\/cropped-LOGO-DICODUSPORT-2020-SANS-FOND-SANS-TEXTE.png","contentUrl":"https:\/\/dicodusport.fr\/blog\/wp-content\/uploads\/2020\/06\/cropped-LOGO-DICODUSPORT-2020-SANS-FOND-SANS-TEXTE.png","width":512,"height":512,"caption":"Dicodusport"},"image":{"@id":"https:\/\/dicodusport.fr\/blog\/#\/schema\/logo\/image\/"},"sameAs":["https:\/\/www.facebook.com\/dicodusport","https:\/\/x.com\/dicodusport","https:\/\/www.instagram.com\/dicodusport\/","https:\/\/www.youtube.com\/channel\/UC7V2KZ5sd3htJivAbA4ZG3w"],"description":"Dicodusport est l'encyclop\u00e9die de l'actualit\u00e9 sportive.","email":"bonjour@dicodusport.fr","legalName":"DICODUSPORT","foundingDate":"2018-01-14","vatID":"FR71834470973","taxID":"83447097300043","numberOfEmployees":{"@type":"QuantitativeValue","minValue":"1","maxValue":"10"}},{"@type":"Person","@id":"https:\/\/dicodusport.fr\/blog\/#\/schema\/person\/819fb2545dd2715bd7c0580d6d4b411a","name":"Roxane Lecacher","image":{"@type":"ImageObject","inLanguage":"fr-FR","@id":"https:\/\/dicodusport.fr\/blog\/#\/schema\/person\/image\/","url":"https:\/\/dicodusport.fr\/blog\/wp-content\/uploads\/2021\/05\/Roxane-Lecacher-150x150.jpg","contentUrl":"https:\/\/dicodusport.fr\/blog\/wp-content\/uploads\/2021\/05\/Roxane-Lecacher-150x150.jpg","caption":"Roxane Lecacher"},"description":"Journaliste\/r\u00e9dactrice depuis janvier 2021 - N\u00e9e quelques jours avant la premi\u00e8re \u00e9toile des Bleus, je baigne dans une famille tr\u00e8s sportive. Je n\u2019ai eu d\u2019autres choix que de me passionner pour le sujet. Pratiquante de l\u2019athl\u00e9tisme depuis toute petite, j\u2019ai aussi un attrait tout particulier pour la Formule 1, le biathlon et le foot. Pendant les grands \u00e9v\u00e9nements, il est impossible de d\u00e9crocher de ma t\u00e9l\u00e9. C\u2019est \u00e0 travers Dicodusport que j\u2019aime d\u00e9sormais vous transmettre mes \u00e9motions et ma passion.","sameAs":["https:\/\/www.facebook.com\/roxane.lecacher","https:\/\/fr.linkedin.com\/in\/roxane-lecacher-23368313b"],"url":"https:\/\/dicodusport.fr\/blog\/author\/roxanel\/"}]}},"_links":{"self":[{"href":"https:\/\/dicodusport.fr\/blog\/wp-json\/wp\/v2\/posts\/161718","targetHints":{"allow":["GET"]}}],"collection":[{"href":"https:\/\/dicodusport.fr\/blog\/wp-json\/wp\/v2\/posts"}],"about":[{"href":"https:\/\/dicodusport.fr\/blog\/wp-json\/wp\/v2\/types\/post"}],"author":[{"embeddable":true,"href":"https:\/\/dicodusport.fr\/blog\/wp-json\/wp\/v2\/users\/54"}],"replies":[{"embeddable":true,"href":"https:\/\/dicodusport.fr\/blog\/wp-json\/wp\/v2\/comments?post=161718"}],"version-history":[{"count":0,"href":"https:\/\/dicodusport.fr\/blog\/wp-json\/wp\/v2\/posts\/161718\/revisions"}],"wp:featuredmedia":[{"embeddable":true,"href":"https:\/\/dicodusport.fr\/blog\/wp-json\/wp\/v2\/media\/162903"}],"wp:attachment":[{"href":"https:\/\/dicodusport.fr\/blog\/wp-json\/wp\/v2\/media?parent=161718"}],"wp:term":[{"taxonomy":"category","embeddable":true,"href":"https:\/\/dicodusport.fr\/blog\/wp-json\/wp\/v2\/categories?post=161718"},{"taxonomy":"post_tag","embeddable":true,"href":"https:\/\/dicodusport.fr\/blog\/wp-json\/wp\/v2\/tags?post=161718"}],"curies":[{"name":"wp","href":"https:\/\/api.w.org\/{rel}","templated":true}]}}