{"id":161755,"date":"2021-08-27T15:51:19","date_gmt":"2021-08-27T13:51:19","guid":{"rendered":"https:\/\/dicodusport.fr\/blog\/?p=161755&#038;preview=true&#038;preview_id=161755"},"modified":"2021-08-27T17:32:48","modified_gmt":"2021-08-27T15:32:48","slug":"vtt-assistance-electrique-laura-charles-vice-championne-du-monde-nicole-goeldi-sacree","status":"publish","type":"post","link":"https:\/\/dicodusport.fr\/blog\/vtt-assistance-electrique-laura-charles-vice-championne-du-monde-nicole-goeldi-sacree\/","title":{"rendered":"VTT \u00e0 Assistance \u00e9lectrique : Laura Charles vice-championne du monde, Nicole Goeldi sacr\u00e9e"},"content":{"rendered":"<p style=\"text-align: justify;\"><em><a style=\"font-weight: bold;\" href=\"https:\/\/dicodusport.fr\/blog\/championnats-du-monde-vtt-2021-programme-complet\/\">VTT &#8211; CHAMPIONNATS DU MONDE 2021<\/a><b> &#8211; Sixi\u00e8me m\u00e9daille pour l&rsquo;\u00e9quipe de France ! Laura Charles est all\u00e9e d\u00e9crocher ce vendredi l&rsquo;argent sur la course cross-country \u00e0 assistance \u00e9lectrique. Devant, la Suissesse Nicole Goeldi, imp\u00e9riale, s&#8217;empare du titre mondial.<\/b><\/em><\/p>\n<p style=\"text-align: justify;\">Et de six pour <strong>l&rsquo;\u00e9quipe de France de VTT<\/strong> \u00e0 Val di Sole. Apr\u00e8s deux excellentes premi\u00e8res journ\u00e9es, les Bleus remettent \u00e7a ce vendredi. <strong>Laura Charles<\/strong> a en effet d\u00e9croch\u00e9 la m\u00e9daille d&rsquo;argent sur la course d&rsquo;E-MTB, le VTT \u00e0 assistance \u00e9lectrique. La Fran\u00e7aise, qui a tenu t\u00eate durant 5 des 6 tours \u00e0 la nouvelle championne du monde <strong>Nicole Goeldi<\/strong>, a termin\u00e9 \u00e0 13 secondes de cette derni\u00e8re. Le podium est compl\u00e9t\u00e9 par l&rsquo;Allemande <strong>Sofia Wiedenroth<\/strong>, qui passe la ligne \u00e0 43 secondes de la Suissesse. Sacr\u00e9e en 2020 \u00e0 Leogang (Autriche), <strong>M\u00e9lanie Pugin<\/strong> se contente cette fois de la 5\u00e8me place.<\/p>\n<blockquote class=\"twitter-tweet\">\n<p dir=\"ltr\" lang=\"en\">&#x1f947;&#x1f1e8;&#x1f1ed; NICOLE GOELDI &#x1f1e8;&#x1f1ed;&#x1f947;<\/p>\n<p>2021 Women&rsquo;s UCI E-MTB Cross-Country World Champion! &#x1f44f; <a href=\"https:\/\/twitter.com\/hashtag\/ValdiSole2021?src=hash&amp;ref_src=twsrc%5Etfw\">#ValdiSole2021<\/a> <a href=\"https:\/\/t.co\/TM7rRaN3ej\">pic.twitter.com\/TM7rRaN3ej<\/a><\/p>\n<p>\u2014 UCI MTB (@UCI_MTB) <a href=\"https:\/\/twitter.com\/UCI_MTB\/status\/1431253943804440578?ref_src=twsrc%5Etfw\">August 27, 2021<\/a><\/p><\/blockquote>\n<p><script async src=\"https:\/\/platform.twitter.com\/widgets.js\" charset=\"utf-8\"><\/script><\/p>\n<h2 style=\"text-align: justify;\"><strong>\u00c0 lire aussi\u00a0<\/strong><\/h2>\n<ul>\n<li style=\"text-align: justify;\"><a href=\"https:\/\/www.tissottiming.com\/File\/0003130000020301FFFFFFFFFFFFFF04#classementvttaefemmes\" target=\"_blank\" rel=\"nofollow noopener\"><strong>Le classement du VTT \u00e0 Assistance \u00e9lectrique femmes<\/strong><\/a><\/li>\n<li style=\"text-align: justify;\"><a href=\"https:\/\/dicodusport.fr\/blog\/championnats-du-monde-de-vtt-2021-le-tableau-des-medailles\/\"><strong>Le tableau des m\u00e9dailles<\/strong><\/a><\/li>\n<\/ul>\n","protected":false},"excerpt":{"rendered":"<p>VTT &#8211; CHAMPIONNATS DU MONDE 2021 &#8211; Sixi\u00e8me m\u00e9daille pour l&rsquo;\u00e9quipe de France ! Laura Charles est all\u00e9e d\u00e9crocher ce vendredi l&rsquo;argent sur la course \u00e0 assistance \u00e9lectrique. Devant, la Suissesse Nicole Goeldi, imp\u00e9riale, s&#8217;empare du titre mondial.<\/p>\n","protected":false},"author":4,"featured_media":161759,"comment_status":"open","ping_status":"closed","sticky":false,"template":"","format":"standard","meta":{"_acf_changed":false,"_daextam_enable_autolinks":"","footnotes":""},"categories":[10279],"tags":[18892],"class_list":["post-161755","post","type-post","status-publish","format-standard","has-post-thumbnail","hentry","category-vtt","tag-vtt-assistance-electrique"],"acf":[],"yoast_head":"<!-- This site is optimized with the Yoast SEO Premium plugin v26.7 (Yoast SEO v26.7) - https:\/\/yoast.com\/wordpress\/plugins\/seo\/ -->\n<title>VTT \u00e0 Assistance \u00e9lectrique : Laura Charles vice-championne du monde, Nicole Goeldi sacr\u00e9e<\/title>\n<meta name=\"description\" content=\"VTT - CHAMPIONNATS DU MONDE 2021 - Laura Charles est all\u00e9e d\u00e9crocher ce vendredi l&#039;argent sur la course \u00e0 assistance \u00e9lectrique.\" \/>\n<meta name=\"robots\" content=\"index, follow, max-snippet:-1, max-image-preview:large, max-video-preview:-1\" \/>\n<link rel=\"canonical\" href=\"https:\/\/dicodusport.fr\/blog\/vtt-assistance-electrique-laura-charles-vice-championne-du-monde-nicole-goeldi-sacree\/\" \/>\n<meta property=\"og:locale\" content=\"fr_FR\" \/>\n<meta property=\"og:type\" content=\"article\" \/>\n<meta property=\"og:title\" content=\"VTT \u00e0 Assistance \u00e9lectrique : Laura Charles vice-championne du monde, Nicole Goeldi sacr\u00e9e\" \/>\n<meta property=\"og:description\" content=\"VTT - CHAMPIONNATS DU MONDE 2021 - Laura Charles est all\u00e9e d\u00e9crocher ce vendredi l&#039;argent sur la course \u00e0 assistance \u00e9lectrique.\" \/>\n<meta property=\"og:url\" content=\"https:\/\/dicodusport.fr\/blog\/vtt-assistance-electrique-laura-charles-vice-championne-du-monde-nicole-goeldi-sacree\/\" \/>\n<meta property=\"og:site_name\" content=\"Dicodusport\" \/>\n<meta property=\"article:publisher\" content=\"https:\/\/www.facebook.com\/dicodusport\" \/>\n<meta property=\"article:author\" content=\"https:\/\/www.facebook.com\/florent.ostermann\" \/>\n<meta property=\"article:published_time\" content=\"2021-08-27T13:51:19+00:00\" \/>\n<meta property=\"article:modified_time\" content=\"2021-08-27T15:32:48+00:00\" \/>\n<meta property=\"og:image\" content=\"https:\/\/dicodusport.fr\/blog\/wp-content\/uploads\/2021\/08\/VTT-a-Assistance-electrique-Laura-Charles-vice-championne-du-monde-Nicole-Goeldi-sacree.png\" \/>\n\t<meta property=\"og:image:width\" content=\"800\" \/>\n\t<meta property=\"og:image:height\" content=\"445\" \/>\n\t<meta property=\"og:image:type\" content=\"image\/png\" \/>\n<meta name=\"author\" content=\"Flo Ostermann\" \/>\n<meta name=\"twitter:card\" content=\"summary_large_image\" \/>\n<meta name=\"twitter:title\" content=\"VTT \u00e0 Assistance \u00e9lectrique : Laura Charles vice-championne du monde, Nicole Goeldi sacr\u00e9e\" \/>\n<meta name=\"twitter:creator\" content=\"@https:\/\/twitter.com\/FlOstermann\" \/>\n<meta name=\"twitter:site\" content=\"@dicodusport\" \/>\n<script type=\"application\/ld+json\" class=\"yoast-schema-graph\">{\"@context\":\"https:\/\/schema.org\",\"@graph\":[{\"@type\":\"NewsArticle\",\"@id\":\"https:\/\/dicodusport.fr\/blog\/vtt-assistance-electrique-laura-charles-vice-championne-du-monde-nicole-goeldi-sacree\/#article\",\"isPartOf\":{\"@id\":\"https:\/\/dicodusport.fr\/blog\/vtt-assistance-electrique-laura-charles-vice-championne-du-monde-nicole-goeldi-sacree\/\"},\"author\":{\"name\":\"Flo Ostermann\",\"@id\":\"https:\/\/dicodusport.fr\/blog\/#\/schema\/person\/cb02af4c173ce4a653b55e9baf388d4a\"},\"headline\":\"VTT \u00e0 Assistance \u00e9lectrique : Laura Charles vice-championne du monde, Nicole Goeldi sacr\u00e9e\",\"datePublished\":\"2021-08-27T13:51:19+00:00\",\"dateModified\":\"2021-08-27T15:32:48+00:00\",\"mainEntityOfPage\":{\"@id\":\"https:\/\/dicodusport.fr\/blog\/vtt-assistance-electrique-laura-charles-vice-championne-du-monde-nicole-goeldi-sacree\/\"},\"wordCount\":217,\"commentCount\":0,\"publisher\":{\"@id\":\"https:\/\/dicodusport.fr\/blog\/#organization\"},\"image\":{\"@id\":\"https:\/\/dicodusport.fr\/blog\/vtt-assistance-electrique-laura-charles-vice-championne-du-monde-nicole-goeldi-sacree\/#primaryimage\"},\"thumbnailUrl\":\"https:\/\/dicodusport.fr\/blog\/wp-content\/uploads\/2021\/08\/VTT-a-Assistance-electrique-Laura-Charles-vice-championne-du-monde-Nicole-Goeldi-sacree.png\",\"keywords\":[\"VTT Assistance \u00e9lectrique\"],\"articleSection\":[\"VTT\"],\"inLanguage\":\"fr-FR\",\"potentialAction\":[{\"@type\":\"CommentAction\",\"name\":\"Comment\",\"target\":[\"https:\/\/dicodusport.fr\/blog\/vtt-assistance-electrique-laura-charles-vice-championne-du-monde-nicole-goeldi-sacree\/#respond\"]}],\"copyrightYear\":\"2021\",\"copyrightHolder\":{\"@id\":\"https:\/\/dicodusport.fr\/blog\/#organization\"}},{\"@type\":\"WebPage\",\"@id\":\"https:\/\/dicodusport.fr\/blog\/vtt-assistance-electrique-laura-charles-vice-championne-du-monde-nicole-goeldi-sacree\/\",\"url\":\"https:\/\/dicodusport.fr\/blog\/vtt-assistance-electrique-laura-charles-vice-championne-du-monde-nicole-goeldi-sacree\/\",\"name\":\"VTT \u00e0 Assistance \u00e9lectrique : Laura Charles vice-championne du monde, Nicole Goeldi sacr\u00e9e\",\"isPartOf\":{\"@id\":\"https:\/\/dicodusport.fr\/blog\/#website\"},\"primaryImageOfPage\":{\"@id\":\"https:\/\/dicodusport.fr\/blog\/vtt-assistance-electrique-laura-charles-vice-championne-du-monde-nicole-goeldi-sacree\/#primaryimage\"},\"image\":{\"@id\":\"https:\/\/dicodusport.fr\/blog\/vtt-assistance-electrique-laura-charles-vice-championne-du-monde-nicole-goeldi-sacree\/#primaryimage\"},\"thumbnailUrl\":\"https:\/\/dicodusport.fr\/blog\/wp-content\/uploads\/2021\/08\/VTT-a-Assistance-electrique-Laura-Charles-vice-championne-du-monde-Nicole-Goeldi-sacree.png\",\"datePublished\":\"2021-08-27T13:51:19+00:00\",\"dateModified\":\"2021-08-27T15:32:48+00:00\",\"description\":\"VTT - CHAMPIONNATS DU MONDE 2021 - Laura Charles est all\u00e9e d\u00e9crocher ce vendredi l'argent sur la course \u00e0 assistance \u00e9lectrique.\",\"breadcrumb\":{\"@id\":\"https:\/\/dicodusport.fr\/blog\/vtt-assistance-electrique-laura-charles-vice-championne-du-monde-nicole-goeldi-sacree\/#breadcrumb\"},\"inLanguage\":\"fr-FR\",\"potentialAction\":[{\"@type\":\"ReadAction\",\"target\":[\"https:\/\/dicodusport.fr\/blog\/vtt-assistance-electrique-laura-charles-vice-championne-du-monde-nicole-goeldi-sacree\/\"]}]},{\"@type\":\"ImageObject\",\"inLanguage\":\"fr-FR\",\"@id\":\"https:\/\/dicodusport.fr\/blog\/vtt-assistance-electrique-laura-charles-vice-championne-du-monde-nicole-goeldi-sacree\/#primaryimage\",\"url\":\"https:\/\/dicodusport.fr\/blog\/wp-content\/uploads\/2021\/08\/VTT-a-Assistance-electrique-Laura-Charles-vice-championne-du-monde-Nicole-Goeldi-sacree.png\",\"contentUrl\":\"https:\/\/dicodusport.fr\/blog\/wp-content\/uploads\/2021\/08\/VTT-a-Assistance-electrique-Laura-Charles-vice-championne-du-monde-Nicole-Goeldi-sacree.png\",\"width\":800,\"height\":445,\"caption\":\"VTT \u00e0 Assistance \u00e9lectrique Laura Charles vice-championne du monde, Nicole Goeldi sacr\u00e9e\"},{\"@type\":\"BreadcrumbList\",\"@id\":\"https:\/\/dicodusport.fr\/blog\/vtt-assistance-electrique-laura-charles-vice-championne-du-monde-nicole-goeldi-sacree\/#breadcrumb\",\"itemListElement\":[{\"@type\":\"ListItem\",\"position\":1,\"name\":\"Accueil\",\"item\":\"https:\/\/dicodusport.fr\/blog\/\"},{\"@type\":\"ListItem\",\"position\":2,\"name\":\"VTT \u00e0 Assistance \u00e9lectrique : Laura Charles vice-championne du monde, Nicole Goeldi sacr\u00e9e\"}]},{\"@type\":\"WebSite\",\"@id\":\"https:\/\/dicodusport.fr\/blog\/#website\",\"url\":\"https:\/\/dicodusport.fr\/blog\/\",\"name\":\"Dicodusport\",\"description\":\"L&#039;encyclop\u00e9die de l&#039;actualit\u00e9 sportive\",\"publisher\":{\"@id\":\"https:\/\/dicodusport.fr\/blog\/#organization\"},\"potentialAction\":[{\"@type\":\"SearchAction\",\"target\":{\"@type\":\"EntryPoint\",\"urlTemplate\":\"https:\/\/dicodusport.fr\/blog\/?s={search_term_string}\"},\"query-input\":{\"@type\":\"PropertyValueSpecification\",\"valueRequired\":true,\"valueName\":\"search_term_string\"}}],\"inLanguage\":\"fr-FR\"},{\"@type\":\"NewsMediaOrganization\",\"@id\":\"https:\/\/dicodusport.fr\/blog\/#organization\",\"name\":\"Dicodusport\",\"url\":\"https:\/\/dicodusport.fr\/blog\/\",\"logo\":{\"@type\":\"ImageObject\",\"inLanguage\":\"fr-FR\",\"@id\":\"https:\/\/dicodusport.fr\/blog\/#\/schema\/logo\/image\/\",\"url\":\"https:\/\/dicodusport.fr\/blog\/wp-content\/uploads\/2020\/06\/cropped-LOGO-DICODUSPORT-2020-SANS-FOND-SANS-TEXTE.png\",\"contentUrl\":\"https:\/\/dicodusport.fr\/blog\/wp-content\/uploads\/2020\/06\/cropped-LOGO-DICODUSPORT-2020-SANS-FOND-SANS-TEXTE.png\",\"width\":512,\"height\":512,\"caption\":\"Dicodusport\"},\"image\":{\"@id\":\"https:\/\/dicodusport.fr\/blog\/#\/schema\/logo\/image\/\"},\"sameAs\":[\"https:\/\/www.facebook.com\/dicodusport\",\"https:\/\/x.com\/dicodusport\",\"https:\/\/www.instagram.com\/dicodusport\/\",\"https:\/\/www.youtube.com\/channel\/UC7V2KZ5sd3htJivAbA4ZG3w\"],\"description\":\"Dicodusport est l'encyclop\u00e9die de l'actualit\u00e9 sportive.\",\"email\":\"bonjour@dicodusport.fr\",\"legalName\":\"DICODUSPORT\",\"foundingDate\":\"2018-01-14\",\"vatID\":\"FR71834470973\",\"taxID\":\"83447097300043\",\"numberOfEmployees\":{\"@type\":\"QuantitativeValue\",\"minValue\":\"1\",\"maxValue\":\"10\"}},{\"@type\":\"Person\",\"@id\":\"https:\/\/dicodusport.fr\/blog\/#\/schema\/person\/cb02af4c173ce4a653b55e9baf388d4a\",\"name\":\"Flo Ostermann\",\"image\":{\"@type\":\"ImageObject\",\"inLanguage\":\"fr-FR\",\"@id\":\"https:\/\/dicodusport.fr\/blog\/#\/schema\/person\/image\/\",\"url\":\"https:\/\/dicodusport.fr\/blog\/wp-content\/uploads\/2021\/05\/Flo-Ostermann-150x150.jpg\",\"contentUrl\":\"https:\/\/dicodusport.fr\/blog\/wp-content\/uploads\/2021\/05\/Flo-Ostermann-150x150.jpg\",\"caption\":\"Flo Ostermann\"},\"description\":\"Journaliste\/R\u00e9dacteur depuis septembre 2015 - Mes premiers souvenirs dans le sport ? Les envol\u00e9es du Stade Toulousain et les duels Villeneuve-Schumacher et H\u00e4kkinen-Schumacher \u00e0 la fin des ann\u00e9es 90, la Coupe du monde de football en 1998, l\u2019exploit du XV de France face aux All Blacks en 1999, mais aussi Richard C\u0153ur de Lion qui vole sur les montagnes du Tour de France. Bien parti pour devenir professeur d\u2019EPS, les \u00e9v\u00e9nements de la vie (et la flemme d\u2019animer des s\u00e9ances de 3x500 m\u00e8tres toute ma vie) m\u2019ont conduit \u00e0 revoir mes plans. Me voil\u00e0 depuis fin 2017 sur Dicodusport, m\u00e9dia gr\u00e2ce (et pour) lequel je partage ma passion : le sport dans tous ses \u00e9tats. Le tout accompagn\u00e9 par les fous furieux et folles furieuses cit\u00e9s sur cette page !\",\"sameAs\":[\"https:\/\/www.facebook.com\/florent.ostermann\",\"https:\/\/x.com\/https:\/\/twitter.com\/FlOstermann\",\"admin\"],\"url\":\"https:\/\/dicodusport.fr\/blog\/author\/flo\/\"}]}<\/script>\n<!-- \/ Yoast SEO Premium plugin. -->","yoast_head_json":{"title":"VTT \u00e0 Assistance \u00e9lectrique : Laura Charles vice-championne du monde, Nicole Goeldi sacr\u00e9e","description":"VTT - CHAMPIONNATS DU MONDE 2021 - Laura Charles est all\u00e9e d\u00e9crocher ce vendredi l'argent sur la course \u00e0 assistance \u00e9lectrique.","robots":{"index":"index","follow":"follow","max-snippet":"max-snippet:-1","max-image-preview":"max-image-preview:large","max-video-preview":"max-video-preview:-1"},"canonical":"https:\/\/dicodusport.fr\/blog\/vtt-assistance-electrique-laura-charles-vice-championne-du-monde-nicole-goeldi-sacree\/","og_locale":"fr_FR","og_type":"article","og_title":"VTT \u00e0 Assistance \u00e9lectrique : Laura Charles vice-championne du monde, Nicole Goeldi sacr\u00e9e","og_description":"VTT - CHAMPIONNATS DU MONDE 2021 - Laura Charles est all\u00e9e d\u00e9crocher ce vendredi l'argent sur la course \u00e0 assistance \u00e9lectrique.","og_url":"https:\/\/dicodusport.fr\/blog\/vtt-assistance-electrique-laura-charles-vice-championne-du-monde-nicole-goeldi-sacree\/","og_site_name":"Dicodusport","article_publisher":"https:\/\/www.facebook.com\/dicodusport","article_author":"https:\/\/www.facebook.com\/florent.ostermann","article_published_time":"2021-08-27T13:51:19+00:00","article_modified_time":"2021-08-27T15:32:48+00:00","og_image":[{"width":800,"height":445,"url":"https:\/\/dicodusport.fr\/blog\/wp-content\/uploads\/2021\/08\/VTT-a-Assistance-electrique-Laura-Charles-vice-championne-du-monde-Nicole-Goeldi-sacree.png","type":"image\/png"}],"author":"Flo Ostermann","twitter_card":"summary_large_image","twitter_title":"VTT \u00e0 Assistance \u00e9lectrique : Laura Charles vice-championne du monde, Nicole Goeldi sacr\u00e9e","twitter_creator":"@https:\/\/twitter.com\/FlOstermann","twitter_site":"@dicodusport","schema":{"@context":"https:\/\/schema.org","@graph":[{"@type":"NewsArticle","@id":"https:\/\/dicodusport.fr\/blog\/vtt-assistance-electrique-laura-charles-vice-championne-du-monde-nicole-goeldi-sacree\/#article","isPartOf":{"@id":"https:\/\/dicodusport.fr\/blog\/vtt-assistance-electrique-laura-charles-vice-championne-du-monde-nicole-goeldi-sacree\/"},"author":{"name":"Flo Ostermann","@id":"https:\/\/dicodusport.fr\/blog\/#\/schema\/person\/cb02af4c173ce4a653b55e9baf388d4a"},"headline":"VTT \u00e0 Assistance \u00e9lectrique : Laura Charles vice-championne du monde, Nicole Goeldi sacr\u00e9e","datePublished":"2021-08-27T13:51:19+00:00","dateModified":"2021-08-27T15:32:48+00:00","mainEntityOfPage":{"@id":"https:\/\/dicodusport.fr\/blog\/vtt-assistance-electrique-laura-charles-vice-championne-du-monde-nicole-goeldi-sacree\/"},"wordCount":217,"commentCount":0,"publisher":{"@id":"https:\/\/dicodusport.fr\/blog\/#organization"},"image":{"@id":"https:\/\/dicodusport.fr\/blog\/vtt-assistance-electrique-laura-charles-vice-championne-du-monde-nicole-goeldi-sacree\/#primaryimage"},"thumbnailUrl":"https:\/\/dicodusport.fr\/blog\/wp-content\/uploads\/2021\/08\/VTT-a-Assistance-electrique-Laura-Charles-vice-championne-du-monde-Nicole-Goeldi-sacree.png","keywords":["VTT Assistance \u00e9lectrique"],"articleSection":["VTT"],"inLanguage":"fr-FR","potentialAction":[{"@type":"CommentAction","name":"Comment","target":["https:\/\/dicodusport.fr\/blog\/vtt-assistance-electrique-laura-charles-vice-championne-du-monde-nicole-goeldi-sacree\/#respond"]}],"copyrightYear":"2021","copyrightHolder":{"@id":"https:\/\/dicodusport.fr\/blog\/#organization"}},{"@type":"WebPage","@id":"https:\/\/dicodusport.fr\/blog\/vtt-assistance-electrique-laura-charles-vice-championne-du-monde-nicole-goeldi-sacree\/","url":"https:\/\/dicodusport.fr\/blog\/vtt-assistance-electrique-laura-charles-vice-championne-du-monde-nicole-goeldi-sacree\/","name":"VTT \u00e0 Assistance \u00e9lectrique : Laura Charles vice-championne du monde, Nicole Goeldi sacr\u00e9e","isPartOf":{"@id":"https:\/\/dicodusport.fr\/blog\/#website"},"primaryImageOfPage":{"@id":"https:\/\/dicodusport.fr\/blog\/vtt-assistance-electrique-laura-charles-vice-championne-du-monde-nicole-goeldi-sacree\/#primaryimage"},"image":{"@id":"https:\/\/dicodusport.fr\/blog\/vtt-assistance-electrique-laura-charles-vice-championne-du-monde-nicole-goeldi-sacree\/#primaryimage"},"thumbnailUrl":"https:\/\/dicodusport.fr\/blog\/wp-content\/uploads\/2021\/08\/VTT-a-Assistance-electrique-Laura-Charles-vice-championne-du-monde-Nicole-Goeldi-sacree.png","datePublished":"2021-08-27T13:51:19+00:00","dateModified":"2021-08-27T15:32:48+00:00","description":"VTT - CHAMPIONNATS DU MONDE 2021 - Laura Charles est all\u00e9e d\u00e9crocher ce vendredi l'argent sur la course \u00e0 assistance \u00e9lectrique.","breadcrumb":{"@id":"https:\/\/dicodusport.fr\/blog\/vtt-assistance-electrique-laura-charles-vice-championne-du-monde-nicole-goeldi-sacree\/#breadcrumb"},"inLanguage":"fr-FR","potentialAction":[{"@type":"ReadAction","target":["https:\/\/dicodusport.fr\/blog\/vtt-assistance-electrique-laura-charles-vice-championne-du-monde-nicole-goeldi-sacree\/"]}]},{"@type":"ImageObject","inLanguage":"fr-FR","@id":"https:\/\/dicodusport.fr\/blog\/vtt-assistance-electrique-laura-charles-vice-championne-du-monde-nicole-goeldi-sacree\/#primaryimage","url":"https:\/\/dicodusport.fr\/blog\/wp-content\/uploads\/2021\/08\/VTT-a-Assistance-electrique-Laura-Charles-vice-championne-du-monde-Nicole-Goeldi-sacree.png","contentUrl":"https:\/\/dicodusport.fr\/blog\/wp-content\/uploads\/2021\/08\/VTT-a-Assistance-electrique-Laura-Charles-vice-championne-du-monde-Nicole-Goeldi-sacree.png","width":800,"height":445,"caption":"VTT \u00e0 Assistance \u00e9lectrique Laura Charles vice-championne du monde, Nicole Goeldi sacr\u00e9e"},{"@type":"BreadcrumbList","@id":"https:\/\/dicodusport.fr\/blog\/vtt-assistance-electrique-laura-charles-vice-championne-du-monde-nicole-goeldi-sacree\/#breadcrumb","itemListElement":[{"@type":"ListItem","position":1,"name":"Accueil","item":"https:\/\/dicodusport.fr\/blog\/"},{"@type":"ListItem","position":2,"name":"VTT \u00e0 Assistance \u00e9lectrique : Laura Charles vice-championne du monde, Nicole Goeldi sacr\u00e9e"}]},{"@type":"WebSite","@id":"https:\/\/dicodusport.fr\/blog\/#website","url":"https:\/\/dicodusport.fr\/blog\/","name":"Dicodusport","description":"L&#039;encyclop\u00e9die de l&#039;actualit\u00e9 sportive","publisher":{"@id":"https:\/\/dicodusport.fr\/blog\/#organization"},"potentialAction":[{"@type":"SearchAction","target":{"@type":"EntryPoint","urlTemplate":"https:\/\/dicodusport.fr\/blog\/?s={search_term_string}"},"query-input":{"@type":"PropertyValueSpecification","valueRequired":true,"valueName":"search_term_string"}}],"inLanguage":"fr-FR"},{"@type":"NewsMediaOrganization","@id":"https:\/\/dicodusport.fr\/blog\/#organization","name":"Dicodusport","url":"https:\/\/dicodusport.fr\/blog\/","logo":{"@type":"ImageObject","inLanguage":"fr-FR","@id":"https:\/\/dicodusport.fr\/blog\/#\/schema\/logo\/image\/","url":"https:\/\/dicodusport.fr\/blog\/wp-content\/uploads\/2020\/06\/cropped-LOGO-DICODUSPORT-2020-SANS-FOND-SANS-TEXTE.png","contentUrl":"https:\/\/dicodusport.fr\/blog\/wp-content\/uploads\/2020\/06\/cropped-LOGO-DICODUSPORT-2020-SANS-FOND-SANS-TEXTE.png","width":512,"height":512,"caption":"Dicodusport"},"image":{"@id":"https:\/\/dicodusport.fr\/blog\/#\/schema\/logo\/image\/"},"sameAs":["https:\/\/www.facebook.com\/dicodusport","https:\/\/x.com\/dicodusport","https:\/\/www.instagram.com\/dicodusport\/","https:\/\/www.youtube.com\/channel\/UC7V2KZ5sd3htJivAbA4ZG3w"],"description":"Dicodusport est l'encyclop\u00e9die de l'actualit\u00e9 sportive.","email":"bonjour@dicodusport.fr","legalName":"DICODUSPORT","foundingDate":"2018-01-14","vatID":"FR71834470973","taxID":"83447097300043","numberOfEmployees":{"@type":"QuantitativeValue","minValue":"1","maxValue":"10"}},{"@type":"Person","@id":"https:\/\/dicodusport.fr\/blog\/#\/schema\/person\/cb02af4c173ce4a653b55e9baf388d4a","name":"Flo Ostermann","image":{"@type":"ImageObject","inLanguage":"fr-FR","@id":"https:\/\/dicodusport.fr\/blog\/#\/schema\/person\/image\/","url":"https:\/\/dicodusport.fr\/blog\/wp-content\/uploads\/2021\/05\/Flo-Ostermann-150x150.jpg","contentUrl":"https:\/\/dicodusport.fr\/blog\/wp-content\/uploads\/2021\/05\/Flo-Ostermann-150x150.jpg","caption":"Flo Ostermann"},"description":"Journaliste\/R\u00e9dacteur depuis septembre 2015 - Mes premiers souvenirs dans le sport ? Les envol\u00e9es du Stade Toulousain et les duels Villeneuve-Schumacher et H\u00e4kkinen-Schumacher \u00e0 la fin des ann\u00e9es 90, la Coupe du monde de football en 1998, l\u2019exploit du XV de France face aux All Blacks en 1999, mais aussi Richard C\u0153ur de Lion qui vole sur les montagnes du Tour de France. Bien parti pour devenir professeur d\u2019EPS, les \u00e9v\u00e9nements de la vie (et la flemme d\u2019animer des s\u00e9ances de 3x500 m\u00e8tres toute ma vie) m\u2019ont conduit \u00e0 revoir mes plans. Me voil\u00e0 depuis fin 2017 sur Dicodusport, m\u00e9dia gr\u00e2ce (et pour) lequel je partage ma passion : le sport dans tous ses \u00e9tats. Le tout accompagn\u00e9 par les fous furieux et folles furieuses cit\u00e9s sur cette page !","sameAs":["https:\/\/www.facebook.com\/florent.ostermann","https:\/\/x.com\/https:\/\/twitter.com\/FlOstermann","admin"],"url":"https:\/\/dicodusport.fr\/blog\/author\/flo\/"}]}},"_links":{"self":[{"href":"https:\/\/dicodusport.fr\/blog\/wp-json\/wp\/v2\/posts\/161755","targetHints":{"allow":["GET"]}}],"collection":[{"href":"https:\/\/dicodusport.fr\/blog\/wp-json\/wp\/v2\/posts"}],"about":[{"href":"https:\/\/dicodusport.fr\/blog\/wp-json\/wp\/v2\/types\/post"}],"author":[{"embeddable":true,"href":"https:\/\/dicodusport.fr\/blog\/wp-json\/wp\/v2\/users\/4"}],"replies":[{"embeddable":true,"href":"https:\/\/dicodusport.fr\/blog\/wp-json\/wp\/v2\/comments?post=161755"}],"version-history":[{"count":0,"href":"https:\/\/dicodusport.fr\/blog\/wp-json\/wp\/v2\/posts\/161755\/revisions"}],"wp:featuredmedia":[{"embeddable":true,"href":"https:\/\/dicodusport.fr\/blog\/wp-json\/wp\/v2\/media\/161759"}],"wp:attachment":[{"href":"https:\/\/dicodusport.fr\/blog\/wp-json\/wp\/v2\/media?parent=161755"}],"wp:term":[{"taxonomy":"category","embeddable":true,"href":"https:\/\/dicodusport.fr\/blog\/wp-json\/wp\/v2\/categories?post=161755"},{"taxonomy":"post_tag","embeddable":true,"href":"https:\/\/dicodusport.fr\/blog\/wp-json\/wp\/v2\/tags?post=161755"}],"curies":[{"name":"wp","href":"https:\/\/api.w.org\/{rel}","templated":true}]}}