{"id":161818,"date":"2021-08-27T17:56:50","date_gmt":"2021-08-27T15:56:50","guid":{"rendered":"https:\/\/dicodusport.fr\/blog\/?p=161818&#038;preview=true&#038;preview_id=161818"},"modified":"2021-08-27T18:16:42","modified_gmt":"2021-08-27T16:16:42","slug":"vtt-a-assistance-electrique-jerome-gilloux-champion-du-monde-devant-hugo-pigeon","status":"publish","type":"post","link":"https:\/\/dicodusport.fr\/blog\/vtt-a-assistance-electrique-jerome-gilloux-champion-du-monde-devant-hugo-pigeon\/","title":{"rendered":"VTT \u00e0 Assistance \u00e9lectrique : J\u00e9r\u00f4me Gilloux champion du monde devant Hugo Pigeon"},"content":{"rendered":"<p style=\"text-align: justify;\"><em><a style=\"font-weight: bold;\" href=\"https:\/\/dicodusport.fr\/blog\/championnats-du-monde-vtt-2021-programme-complet\/\">VTT &#8211; CHAMPIONNATS DU MONDE 2021<\/a><b> &#8211; En t\u00eate d&rsquo;un bout \u00e0 l&rsquo;autre de la course, J\u00e9r\u00f4me Gilloux a remport\u00e9 le titre mondial en VTT Cross-country \u00e0 assistance \u00e9lectrique ce vendredi, \u00e0 Val di Sole (Italie). Il devance son compatriote Hugo Pigeon. L&rsquo;Am\u00e9ricain Christopher Blevins, sacr\u00e9 hier sur la short-track, prend le bronze.<\/b><\/em><\/p>\n<p style=\"text-align: justify;\">Quatri\u00e8me titre mondial pour l&rsquo;\u00e9quipe de France de VTT \u00e0 Val di Sole ! Ce vendredi, <strong>J\u00e9r\u00f4me Gilloux<\/strong> a remport\u00e9 le titre mondial en <strong>VTT Cross-country \u00e0 assistance \u00e9lectrique<\/strong> ! En argent en 2019 \u00e0\u00a0 Mont Sainte-Anne et en 2020 \u00e0 Leogang, le Fran\u00e7ais de 27 ans a \u00e9t\u00e9 imp\u00e9rial durant les sept tours de la course. Parti d\u00e8s le d\u00e9but en compagnie de son compatriote <strong>Hugo Pigeon<\/strong>, Gilloux, num\u00e9ro un mondial et vainqueur de deux manches de Coupe du monde cette saison, a us\u00e9 l&rsquo;Avignonnais de 24 ans, en le devan\u00e7ant sur la ligne de 18 petites secondes. Sacr\u00e9 hier sur la short-track, l&rsquo;Am\u00e9ricain <strong>Christopher Blevins<\/strong> compl\u00e8te le podium (+1&rsquo;11).<\/p>\n<p style=\"text-align: justify;\">Les autres Fran\u00e7ais engag\u00e9s ont \u00e9galement brill\u00e9. <strong>Th\u00e9o Charmes<\/strong> prend la 5\u00e8me place, <strong>Francescu Camoin<\/strong> se classe 7\u00e8me. L&rsquo;illustre <strong>Julien Absalon<\/strong> termine quant \u00e0 lui \u00e0 la 9\u00e8me place. <strong>Lucas Dubau<\/strong> (12\u00e8me), <strong>Natan Patrois<\/strong> (16\u00e8me) et <strong>Olivier Giordanengo<\/strong> (18\u00e8me) ont \u00e9galement termin\u00e9 dans le m\u00eame tour que le vainqueur du jour.<\/p>\n<blockquote class=\"twitter-tweet\">\n<p dir=\"ltr\" lang=\"en\">What a race from Jereme Gilloux &#x1f3c1;<\/p>\n<p>World ranked #1 in the discipline and now the UCI Men\u2019s Elite E-MTB World Champion &#x1f4aa;&#x1f947; <a href=\"https:\/\/twitter.com\/hashtag\/ValdiSole2021?src=hash&amp;ref_src=twsrc%5Etfw\">#ValdiSole2021<\/a> <a href=\"https:\/\/t.co\/idY6AvReSk\">pic.twitter.com\/idY6AvReSk<\/a><\/p>\n<p>\u2014 UCI MTB (@UCI_MTB) <a href=\"https:\/\/twitter.com\/UCI_MTB\/status\/1431281484841816067?ref_src=twsrc%5Etfw\">August 27, 2021<\/a><\/p><\/blockquote>\n<p><script async src=\"https:\/\/platform.twitter.com\/widgets.js\" charset=\"utf-8\"><\/script><\/p>\n<h2 style=\"text-align: justify;\"><strong>\u00c0 lire aussi\u00a0<\/strong><\/h2>\n<ul>\n<li style=\"text-align: justify;\"><a href=\"https:\/\/www.tissottiming.com\/File\/0003130000010301FFFFFFFFFFFFFF04#vttaehommes\" target=\"_blank\" rel=\"nofollow noopener\"><strong>Le classement du VTT \u00e0 Assistance \u00e9lectrique hommes<\/strong><\/a><\/li>\n<li style=\"text-align: justify;\"><a href=\"https:\/\/dicodusport.fr\/blog\/championnats-du-monde-de-vtt-2021-le-tableau-des-medailles\/\"><strong>Le tableau des m\u00e9dailles<\/strong><\/a><\/li>\n<\/ul>\n","protected":false},"excerpt":{"rendered":"<p>VTT &#8211; CHAMPIONNATS DU MONDE 2021 &#8211; En t\u00eate d&rsquo;un bout \u00e0 l&rsquo;autre de la course, J\u00e9r\u00f4me Gilloux a remport\u00e9 le titre mondial en VTT \u00e0 assistance \u00e9lectrique ce vendredi, \u00e0 Val di Sole (Italie). Il devance son compatriote Hugo Pigeon. L&rsquo;Am\u00e9ricain Christopher Blevins, sacr\u00e9 hier sur la short-track, prend le bronze.<\/p>\n","protected":false},"author":4,"featured_media":161841,"comment_status":"open","ping_status":"closed","sticky":false,"template":"","format":"standard","meta":{"_acf_changed":false,"_daextam_enable_autolinks":"","footnotes":""},"categories":[10279],"tags":[24,18892],"class_list":["post-161818","post","type-post","status-publish","format-standard","has-post-thumbnail","hentry","category-vtt","tag-sport","tag-vtt-assistance-electrique"],"acf":[],"yoast_head":"<!-- This site is optimized with the Yoast SEO Premium plugin v26.7 (Yoast SEO v26.7) - https:\/\/yoast.com\/wordpress\/plugins\/seo\/ -->\n<title>VTT \u00e0 Assistance \u00e9lectrique : J\u00e9r\u00f4me Gilloux champion du monde devant Hugo Pigeon<\/title>\n<meta name=\"description\" content=\"VTT - CHAMPIONNATS DU MONDE 2021 - En t\u00eate d&#039;un bout \u00e0 l&#039;autre de la course, J\u00e9r\u00f4me Gilloux a remport\u00e9 le titre mondial en VTT \u00e0 assistance \u00e9lectrique.\" \/>\n<meta name=\"robots\" content=\"index, follow, max-snippet:-1, max-image-preview:large, max-video-preview:-1\" \/>\n<link rel=\"canonical\" href=\"https:\/\/dicodusport.fr\/blog\/vtt-a-assistance-electrique-jerome-gilloux-champion-du-monde-devant-hugo-pigeon\/\" \/>\n<meta property=\"og:locale\" content=\"fr_FR\" \/>\n<meta property=\"og:type\" content=\"article\" \/>\n<meta property=\"og:title\" content=\"VTT \u00e0 Assistance \u00e9lectrique : J\u00e9r\u00f4me Gilloux champion du monde devant Hugo Pigeon\" \/>\n<meta property=\"og:description\" content=\"VTT - CHAMPIONNATS DU MONDE 2021 - En t\u00eate d&#039;un bout \u00e0 l&#039;autre de la course, J\u00e9r\u00f4me Gilloux a remport\u00e9 le titre mondial en VTT \u00e0 assistance \u00e9lectrique.\" \/>\n<meta property=\"og:url\" content=\"https:\/\/dicodusport.fr\/blog\/vtt-a-assistance-electrique-jerome-gilloux-champion-du-monde-devant-hugo-pigeon\/\" \/>\n<meta property=\"og:site_name\" content=\"Dicodusport\" \/>\n<meta property=\"article:publisher\" content=\"https:\/\/www.facebook.com\/dicodusport\" \/>\n<meta property=\"article:author\" content=\"https:\/\/www.facebook.com\/florent.ostermann\" \/>\n<meta property=\"article:published_time\" content=\"2021-08-27T15:56:50+00:00\" \/>\n<meta property=\"article:modified_time\" content=\"2021-08-27T16:16:42+00:00\" \/>\n<meta property=\"og:image\" content=\"https:\/\/dicodusport.fr\/blog\/wp-content\/uploads\/2021\/08\/VTT-a-Assistance-electrique-Jerome-Gilloux-champion-du-monde-devant-Hugo-Pigeon.png\" \/>\n\t<meta property=\"og:image:width\" content=\"800\" \/>\n\t<meta property=\"og:image:height\" content=\"445\" \/>\n\t<meta property=\"og:image:type\" content=\"image\/png\" \/>\n<meta name=\"author\" content=\"Flo Ostermann\" \/>\n<meta name=\"twitter:card\" content=\"summary_large_image\" \/>\n<meta name=\"twitter:title\" content=\"VTT \u00e0 Assistance \u00e9lectrique : J\u00e9r\u00f4me Gilloux champion du monde devant Hugo Pigeon\" \/>\n<meta name=\"twitter:creator\" content=\"@https:\/\/twitter.com\/FlOstermann\" \/>\n<meta name=\"twitter:site\" content=\"@dicodusport\" \/>\n<script type=\"application\/ld+json\" class=\"yoast-schema-graph\">{\"@context\":\"https:\/\/schema.org\",\"@graph\":[{\"@type\":\"NewsArticle\",\"@id\":\"https:\/\/dicodusport.fr\/blog\/vtt-a-assistance-electrique-jerome-gilloux-champion-du-monde-devant-hugo-pigeon\/#article\",\"isPartOf\":{\"@id\":\"https:\/\/dicodusport.fr\/blog\/vtt-a-assistance-electrique-jerome-gilloux-champion-du-monde-devant-hugo-pigeon\/\"},\"author\":{\"name\":\"Flo Ostermann\",\"@id\":\"https:\/\/dicodusport.fr\/blog\/#\/schema\/person\/cb02af4c173ce4a653b55e9baf388d4a\"},\"headline\":\"VTT \u00e0 Assistance \u00e9lectrique : J\u00e9r\u00f4me Gilloux champion du monde devant Hugo Pigeon\",\"datePublished\":\"2021-08-27T15:56:50+00:00\",\"dateModified\":\"2021-08-27T16:16:42+00:00\",\"mainEntityOfPage\":{\"@id\":\"https:\/\/dicodusport.fr\/blog\/vtt-a-assistance-electrique-jerome-gilloux-champion-du-monde-devant-hugo-pigeon\/\"},\"wordCount\":290,\"commentCount\":0,\"publisher\":{\"@id\":\"https:\/\/dicodusport.fr\/blog\/#organization\"},\"image\":{\"@id\":\"https:\/\/dicodusport.fr\/blog\/vtt-a-assistance-electrique-jerome-gilloux-champion-du-monde-devant-hugo-pigeon\/#primaryimage\"},\"thumbnailUrl\":\"https:\/\/dicodusport.fr\/blog\/wp-content\/uploads\/2021\/08\/VTT-a-Assistance-electrique-Jerome-Gilloux-champion-du-monde-devant-Hugo-Pigeon.png\",\"keywords\":[\"sport\",\"VTT Assistance \u00e9lectrique\"],\"articleSection\":[\"VTT\"],\"inLanguage\":\"fr-FR\",\"potentialAction\":[{\"@type\":\"CommentAction\",\"name\":\"Comment\",\"target\":[\"https:\/\/dicodusport.fr\/blog\/vtt-a-assistance-electrique-jerome-gilloux-champion-du-monde-devant-hugo-pigeon\/#respond\"]}],\"copyrightYear\":\"2021\",\"copyrightHolder\":{\"@id\":\"https:\/\/dicodusport.fr\/blog\/#organization\"}},{\"@type\":\"WebPage\",\"@id\":\"https:\/\/dicodusport.fr\/blog\/vtt-a-assistance-electrique-jerome-gilloux-champion-du-monde-devant-hugo-pigeon\/\",\"url\":\"https:\/\/dicodusport.fr\/blog\/vtt-a-assistance-electrique-jerome-gilloux-champion-du-monde-devant-hugo-pigeon\/\",\"name\":\"VTT \u00e0 Assistance \u00e9lectrique : J\u00e9r\u00f4me Gilloux champion du monde devant Hugo Pigeon\",\"isPartOf\":{\"@id\":\"https:\/\/dicodusport.fr\/blog\/#website\"},\"primaryImageOfPage\":{\"@id\":\"https:\/\/dicodusport.fr\/blog\/vtt-a-assistance-electrique-jerome-gilloux-champion-du-monde-devant-hugo-pigeon\/#primaryimage\"},\"image\":{\"@id\":\"https:\/\/dicodusport.fr\/blog\/vtt-a-assistance-electrique-jerome-gilloux-champion-du-monde-devant-hugo-pigeon\/#primaryimage\"},\"thumbnailUrl\":\"https:\/\/dicodusport.fr\/blog\/wp-content\/uploads\/2021\/08\/VTT-a-Assistance-electrique-Jerome-Gilloux-champion-du-monde-devant-Hugo-Pigeon.png\",\"datePublished\":\"2021-08-27T15:56:50+00:00\",\"dateModified\":\"2021-08-27T16:16:42+00:00\",\"description\":\"VTT - CHAMPIONNATS DU MONDE 2021 - En t\u00eate d'un bout \u00e0 l'autre de la course, J\u00e9r\u00f4me Gilloux a remport\u00e9 le titre mondial en VTT \u00e0 assistance \u00e9lectrique.\",\"breadcrumb\":{\"@id\":\"https:\/\/dicodusport.fr\/blog\/vtt-a-assistance-electrique-jerome-gilloux-champion-du-monde-devant-hugo-pigeon\/#breadcrumb\"},\"inLanguage\":\"fr-FR\",\"potentialAction\":[{\"@type\":\"ReadAction\",\"target\":[\"https:\/\/dicodusport.fr\/blog\/vtt-a-assistance-electrique-jerome-gilloux-champion-du-monde-devant-hugo-pigeon\/\"]}]},{\"@type\":\"ImageObject\",\"inLanguage\":\"fr-FR\",\"@id\":\"https:\/\/dicodusport.fr\/blog\/vtt-a-assistance-electrique-jerome-gilloux-champion-du-monde-devant-hugo-pigeon\/#primaryimage\",\"url\":\"https:\/\/dicodusport.fr\/blog\/wp-content\/uploads\/2021\/08\/VTT-a-Assistance-electrique-Jerome-Gilloux-champion-du-monde-devant-Hugo-Pigeon.png\",\"contentUrl\":\"https:\/\/dicodusport.fr\/blog\/wp-content\/uploads\/2021\/08\/VTT-a-Assistance-electrique-Jerome-Gilloux-champion-du-monde-devant-Hugo-Pigeon.png\",\"width\":800,\"height\":445,\"caption\":\"VTT \u00e0 Assistance \u00e9lectrique J\u00e9r\u00f4me Gilloux champion du monde devant Hugo Pigeon\"},{\"@type\":\"BreadcrumbList\",\"@id\":\"https:\/\/dicodusport.fr\/blog\/vtt-a-assistance-electrique-jerome-gilloux-champion-du-monde-devant-hugo-pigeon\/#breadcrumb\",\"itemListElement\":[{\"@type\":\"ListItem\",\"position\":1,\"name\":\"Accueil\",\"item\":\"https:\/\/dicodusport.fr\/blog\/\"},{\"@type\":\"ListItem\",\"position\":2,\"name\":\"VTT \u00e0 Assistance \u00e9lectrique : J\u00e9r\u00f4me Gilloux champion du monde devant Hugo Pigeon\"}]},{\"@type\":\"WebSite\",\"@id\":\"https:\/\/dicodusport.fr\/blog\/#website\",\"url\":\"https:\/\/dicodusport.fr\/blog\/\",\"name\":\"Dicodusport\",\"description\":\"L&#039;encyclop\u00e9die de l&#039;actualit\u00e9 sportive\",\"publisher\":{\"@id\":\"https:\/\/dicodusport.fr\/blog\/#organization\"},\"potentialAction\":[{\"@type\":\"SearchAction\",\"target\":{\"@type\":\"EntryPoint\",\"urlTemplate\":\"https:\/\/dicodusport.fr\/blog\/?s={search_term_string}\"},\"query-input\":{\"@type\":\"PropertyValueSpecification\",\"valueRequired\":true,\"valueName\":\"search_term_string\"}}],\"inLanguage\":\"fr-FR\"},{\"@type\":\"NewsMediaOrganization\",\"@id\":\"https:\/\/dicodusport.fr\/blog\/#organization\",\"name\":\"Dicodusport\",\"url\":\"https:\/\/dicodusport.fr\/blog\/\",\"logo\":{\"@type\":\"ImageObject\",\"inLanguage\":\"fr-FR\",\"@id\":\"https:\/\/dicodusport.fr\/blog\/#\/schema\/logo\/image\/\",\"url\":\"https:\/\/dicodusport.fr\/blog\/wp-content\/uploads\/2020\/06\/cropped-LOGO-DICODUSPORT-2020-SANS-FOND-SANS-TEXTE.png\",\"contentUrl\":\"https:\/\/dicodusport.fr\/blog\/wp-content\/uploads\/2020\/06\/cropped-LOGO-DICODUSPORT-2020-SANS-FOND-SANS-TEXTE.png\",\"width\":512,\"height\":512,\"caption\":\"Dicodusport\"},\"image\":{\"@id\":\"https:\/\/dicodusport.fr\/blog\/#\/schema\/logo\/image\/\"},\"sameAs\":[\"https:\/\/www.facebook.com\/dicodusport\",\"https:\/\/x.com\/dicodusport\",\"https:\/\/www.instagram.com\/dicodusport\/\",\"https:\/\/www.youtube.com\/channel\/UC7V2KZ5sd3htJivAbA4ZG3w\"],\"description\":\"Dicodusport est l'encyclop\u00e9die de l'actualit\u00e9 sportive.\",\"email\":\"bonjour@dicodusport.fr\",\"legalName\":\"DICODUSPORT\",\"foundingDate\":\"2018-01-14\",\"vatID\":\"FR71834470973\",\"taxID\":\"83447097300043\",\"numberOfEmployees\":{\"@type\":\"QuantitativeValue\",\"minValue\":\"1\",\"maxValue\":\"10\"}},{\"@type\":\"Person\",\"@id\":\"https:\/\/dicodusport.fr\/blog\/#\/schema\/person\/cb02af4c173ce4a653b55e9baf388d4a\",\"name\":\"Flo Ostermann\",\"image\":{\"@type\":\"ImageObject\",\"inLanguage\":\"fr-FR\",\"@id\":\"https:\/\/dicodusport.fr\/blog\/#\/schema\/person\/image\/\",\"url\":\"https:\/\/dicodusport.fr\/blog\/wp-content\/uploads\/2021\/05\/Flo-Ostermann-150x150.jpg\",\"contentUrl\":\"https:\/\/dicodusport.fr\/blog\/wp-content\/uploads\/2021\/05\/Flo-Ostermann-150x150.jpg\",\"caption\":\"Flo Ostermann\"},\"description\":\"Journaliste\/R\u00e9dacteur depuis septembre 2015 - Mes premiers souvenirs dans le sport ? Les envol\u00e9es du Stade Toulousain et les duels Villeneuve-Schumacher et H\u00e4kkinen-Schumacher \u00e0 la fin des ann\u00e9es 90, la Coupe du monde de football en 1998, l\u2019exploit du XV de France face aux All Blacks en 1999, mais aussi Richard C\u0153ur de Lion qui vole sur les montagnes du Tour de France. Bien parti pour devenir professeur d\u2019EPS, les \u00e9v\u00e9nements de la vie (et la flemme d\u2019animer des s\u00e9ances de 3x500 m\u00e8tres toute ma vie) m\u2019ont conduit \u00e0 revoir mes plans. Me voil\u00e0 depuis fin 2017 sur Dicodusport, m\u00e9dia gr\u00e2ce (et pour) lequel je partage ma passion : le sport dans tous ses \u00e9tats. Le tout accompagn\u00e9 par les fous furieux et folles furieuses cit\u00e9s sur cette page !\",\"sameAs\":[\"https:\/\/www.facebook.com\/florent.ostermann\",\"https:\/\/x.com\/https:\/\/twitter.com\/FlOstermann\",\"admin\"],\"url\":\"https:\/\/dicodusport.fr\/blog\/author\/flo\/\"}]}<\/script>\n<!-- \/ Yoast SEO Premium plugin. -->","yoast_head_json":{"title":"VTT \u00e0 Assistance \u00e9lectrique : J\u00e9r\u00f4me Gilloux champion du monde devant Hugo Pigeon","description":"VTT - CHAMPIONNATS DU MONDE 2021 - En t\u00eate d'un bout \u00e0 l'autre de la course, J\u00e9r\u00f4me Gilloux a remport\u00e9 le titre mondial en VTT \u00e0 assistance \u00e9lectrique.","robots":{"index":"index","follow":"follow","max-snippet":"max-snippet:-1","max-image-preview":"max-image-preview:large","max-video-preview":"max-video-preview:-1"},"canonical":"https:\/\/dicodusport.fr\/blog\/vtt-a-assistance-electrique-jerome-gilloux-champion-du-monde-devant-hugo-pigeon\/","og_locale":"fr_FR","og_type":"article","og_title":"VTT \u00e0 Assistance \u00e9lectrique : J\u00e9r\u00f4me Gilloux champion du monde devant Hugo Pigeon","og_description":"VTT - CHAMPIONNATS DU MONDE 2021 - En t\u00eate d'un bout \u00e0 l'autre de la course, J\u00e9r\u00f4me Gilloux a remport\u00e9 le titre mondial en VTT \u00e0 assistance \u00e9lectrique.","og_url":"https:\/\/dicodusport.fr\/blog\/vtt-a-assistance-electrique-jerome-gilloux-champion-du-monde-devant-hugo-pigeon\/","og_site_name":"Dicodusport","article_publisher":"https:\/\/www.facebook.com\/dicodusport","article_author":"https:\/\/www.facebook.com\/florent.ostermann","article_published_time":"2021-08-27T15:56:50+00:00","article_modified_time":"2021-08-27T16:16:42+00:00","og_image":[{"width":800,"height":445,"url":"https:\/\/dicodusport.fr\/blog\/wp-content\/uploads\/2021\/08\/VTT-a-Assistance-electrique-Jerome-Gilloux-champion-du-monde-devant-Hugo-Pigeon.png","type":"image\/png"}],"author":"Flo Ostermann","twitter_card":"summary_large_image","twitter_title":"VTT \u00e0 Assistance \u00e9lectrique : J\u00e9r\u00f4me Gilloux champion du monde devant Hugo Pigeon","twitter_creator":"@https:\/\/twitter.com\/FlOstermann","twitter_site":"@dicodusport","schema":{"@context":"https:\/\/schema.org","@graph":[{"@type":"NewsArticle","@id":"https:\/\/dicodusport.fr\/blog\/vtt-a-assistance-electrique-jerome-gilloux-champion-du-monde-devant-hugo-pigeon\/#article","isPartOf":{"@id":"https:\/\/dicodusport.fr\/blog\/vtt-a-assistance-electrique-jerome-gilloux-champion-du-monde-devant-hugo-pigeon\/"},"author":{"name":"Flo Ostermann","@id":"https:\/\/dicodusport.fr\/blog\/#\/schema\/person\/cb02af4c173ce4a653b55e9baf388d4a"},"headline":"VTT \u00e0 Assistance \u00e9lectrique : J\u00e9r\u00f4me Gilloux champion du monde devant Hugo Pigeon","datePublished":"2021-08-27T15:56:50+00:00","dateModified":"2021-08-27T16:16:42+00:00","mainEntityOfPage":{"@id":"https:\/\/dicodusport.fr\/blog\/vtt-a-assistance-electrique-jerome-gilloux-champion-du-monde-devant-hugo-pigeon\/"},"wordCount":290,"commentCount":0,"publisher":{"@id":"https:\/\/dicodusport.fr\/blog\/#organization"},"image":{"@id":"https:\/\/dicodusport.fr\/blog\/vtt-a-assistance-electrique-jerome-gilloux-champion-du-monde-devant-hugo-pigeon\/#primaryimage"},"thumbnailUrl":"https:\/\/dicodusport.fr\/blog\/wp-content\/uploads\/2021\/08\/VTT-a-Assistance-electrique-Jerome-Gilloux-champion-du-monde-devant-Hugo-Pigeon.png","keywords":["sport","VTT Assistance \u00e9lectrique"],"articleSection":["VTT"],"inLanguage":"fr-FR","potentialAction":[{"@type":"CommentAction","name":"Comment","target":["https:\/\/dicodusport.fr\/blog\/vtt-a-assistance-electrique-jerome-gilloux-champion-du-monde-devant-hugo-pigeon\/#respond"]}],"copyrightYear":"2021","copyrightHolder":{"@id":"https:\/\/dicodusport.fr\/blog\/#organization"}},{"@type":"WebPage","@id":"https:\/\/dicodusport.fr\/blog\/vtt-a-assistance-electrique-jerome-gilloux-champion-du-monde-devant-hugo-pigeon\/","url":"https:\/\/dicodusport.fr\/blog\/vtt-a-assistance-electrique-jerome-gilloux-champion-du-monde-devant-hugo-pigeon\/","name":"VTT \u00e0 Assistance \u00e9lectrique : J\u00e9r\u00f4me Gilloux champion du monde devant Hugo Pigeon","isPartOf":{"@id":"https:\/\/dicodusport.fr\/blog\/#website"},"primaryImageOfPage":{"@id":"https:\/\/dicodusport.fr\/blog\/vtt-a-assistance-electrique-jerome-gilloux-champion-du-monde-devant-hugo-pigeon\/#primaryimage"},"image":{"@id":"https:\/\/dicodusport.fr\/blog\/vtt-a-assistance-electrique-jerome-gilloux-champion-du-monde-devant-hugo-pigeon\/#primaryimage"},"thumbnailUrl":"https:\/\/dicodusport.fr\/blog\/wp-content\/uploads\/2021\/08\/VTT-a-Assistance-electrique-Jerome-Gilloux-champion-du-monde-devant-Hugo-Pigeon.png","datePublished":"2021-08-27T15:56:50+00:00","dateModified":"2021-08-27T16:16:42+00:00","description":"VTT - CHAMPIONNATS DU MONDE 2021 - En t\u00eate d'un bout \u00e0 l'autre de la course, J\u00e9r\u00f4me Gilloux a remport\u00e9 le titre mondial en VTT \u00e0 assistance \u00e9lectrique.","breadcrumb":{"@id":"https:\/\/dicodusport.fr\/blog\/vtt-a-assistance-electrique-jerome-gilloux-champion-du-monde-devant-hugo-pigeon\/#breadcrumb"},"inLanguage":"fr-FR","potentialAction":[{"@type":"ReadAction","target":["https:\/\/dicodusport.fr\/blog\/vtt-a-assistance-electrique-jerome-gilloux-champion-du-monde-devant-hugo-pigeon\/"]}]},{"@type":"ImageObject","inLanguage":"fr-FR","@id":"https:\/\/dicodusport.fr\/blog\/vtt-a-assistance-electrique-jerome-gilloux-champion-du-monde-devant-hugo-pigeon\/#primaryimage","url":"https:\/\/dicodusport.fr\/blog\/wp-content\/uploads\/2021\/08\/VTT-a-Assistance-electrique-Jerome-Gilloux-champion-du-monde-devant-Hugo-Pigeon.png","contentUrl":"https:\/\/dicodusport.fr\/blog\/wp-content\/uploads\/2021\/08\/VTT-a-Assistance-electrique-Jerome-Gilloux-champion-du-monde-devant-Hugo-Pigeon.png","width":800,"height":445,"caption":"VTT \u00e0 Assistance \u00e9lectrique J\u00e9r\u00f4me Gilloux champion du monde devant Hugo Pigeon"},{"@type":"BreadcrumbList","@id":"https:\/\/dicodusport.fr\/blog\/vtt-a-assistance-electrique-jerome-gilloux-champion-du-monde-devant-hugo-pigeon\/#breadcrumb","itemListElement":[{"@type":"ListItem","position":1,"name":"Accueil","item":"https:\/\/dicodusport.fr\/blog\/"},{"@type":"ListItem","position":2,"name":"VTT \u00e0 Assistance \u00e9lectrique : J\u00e9r\u00f4me Gilloux champion du monde devant Hugo Pigeon"}]},{"@type":"WebSite","@id":"https:\/\/dicodusport.fr\/blog\/#website","url":"https:\/\/dicodusport.fr\/blog\/","name":"Dicodusport","description":"L&#039;encyclop\u00e9die de l&#039;actualit\u00e9 sportive","publisher":{"@id":"https:\/\/dicodusport.fr\/blog\/#organization"},"potentialAction":[{"@type":"SearchAction","target":{"@type":"EntryPoint","urlTemplate":"https:\/\/dicodusport.fr\/blog\/?s={search_term_string}"},"query-input":{"@type":"PropertyValueSpecification","valueRequired":true,"valueName":"search_term_string"}}],"inLanguage":"fr-FR"},{"@type":"NewsMediaOrganization","@id":"https:\/\/dicodusport.fr\/blog\/#organization","name":"Dicodusport","url":"https:\/\/dicodusport.fr\/blog\/","logo":{"@type":"ImageObject","inLanguage":"fr-FR","@id":"https:\/\/dicodusport.fr\/blog\/#\/schema\/logo\/image\/","url":"https:\/\/dicodusport.fr\/blog\/wp-content\/uploads\/2020\/06\/cropped-LOGO-DICODUSPORT-2020-SANS-FOND-SANS-TEXTE.png","contentUrl":"https:\/\/dicodusport.fr\/blog\/wp-content\/uploads\/2020\/06\/cropped-LOGO-DICODUSPORT-2020-SANS-FOND-SANS-TEXTE.png","width":512,"height":512,"caption":"Dicodusport"},"image":{"@id":"https:\/\/dicodusport.fr\/blog\/#\/schema\/logo\/image\/"},"sameAs":["https:\/\/www.facebook.com\/dicodusport","https:\/\/x.com\/dicodusport","https:\/\/www.instagram.com\/dicodusport\/","https:\/\/www.youtube.com\/channel\/UC7V2KZ5sd3htJivAbA4ZG3w"],"description":"Dicodusport est l'encyclop\u00e9die de l'actualit\u00e9 sportive.","email":"bonjour@dicodusport.fr","legalName":"DICODUSPORT","foundingDate":"2018-01-14","vatID":"FR71834470973","taxID":"83447097300043","numberOfEmployees":{"@type":"QuantitativeValue","minValue":"1","maxValue":"10"}},{"@type":"Person","@id":"https:\/\/dicodusport.fr\/blog\/#\/schema\/person\/cb02af4c173ce4a653b55e9baf388d4a","name":"Flo Ostermann","image":{"@type":"ImageObject","inLanguage":"fr-FR","@id":"https:\/\/dicodusport.fr\/blog\/#\/schema\/person\/image\/","url":"https:\/\/dicodusport.fr\/blog\/wp-content\/uploads\/2021\/05\/Flo-Ostermann-150x150.jpg","contentUrl":"https:\/\/dicodusport.fr\/blog\/wp-content\/uploads\/2021\/05\/Flo-Ostermann-150x150.jpg","caption":"Flo Ostermann"},"description":"Journaliste\/R\u00e9dacteur depuis septembre 2015 - Mes premiers souvenirs dans le sport ? Les envol\u00e9es du Stade Toulousain et les duels Villeneuve-Schumacher et H\u00e4kkinen-Schumacher \u00e0 la fin des ann\u00e9es 90, la Coupe du monde de football en 1998, l\u2019exploit du XV de France face aux All Blacks en 1999, mais aussi Richard C\u0153ur de Lion qui vole sur les montagnes du Tour de France. Bien parti pour devenir professeur d\u2019EPS, les \u00e9v\u00e9nements de la vie (et la flemme d\u2019animer des s\u00e9ances de 3x500 m\u00e8tres toute ma vie) m\u2019ont conduit \u00e0 revoir mes plans. Me voil\u00e0 depuis fin 2017 sur Dicodusport, m\u00e9dia gr\u00e2ce (et pour) lequel je partage ma passion : le sport dans tous ses \u00e9tats. Le tout accompagn\u00e9 par les fous furieux et folles furieuses cit\u00e9s sur cette page !","sameAs":["https:\/\/www.facebook.com\/florent.ostermann","https:\/\/x.com\/https:\/\/twitter.com\/FlOstermann","admin"],"url":"https:\/\/dicodusport.fr\/blog\/author\/flo\/"}]}},"_links":{"self":[{"href":"https:\/\/dicodusport.fr\/blog\/wp-json\/wp\/v2\/posts\/161818","targetHints":{"allow":["GET"]}}],"collection":[{"href":"https:\/\/dicodusport.fr\/blog\/wp-json\/wp\/v2\/posts"}],"about":[{"href":"https:\/\/dicodusport.fr\/blog\/wp-json\/wp\/v2\/types\/post"}],"author":[{"embeddable":true,"href":"https:\/\/dicodusport.fr\/blog\/wp-json\/wp\/v2\/users\/4"}],"replies":[{"embeddable":true,"href":"https:\/\/dicodusport.fr\/blog\/wp-json\/wp\/v2\/comments?post=161818"}],"version-history":[{"count":0,"href":"https:\/\/dicodusport.fr\/blog\/wp-json\/wp\/v2\/posts\/161818\/revisions"}],"wp:featuredmedia":[{"embeddable":true,"href":"https:\/\/dicodusport.fr\/blog\/wp-json\/wp\/v2\/media\/161841"}],"wp:attachment":[{"href":"https:\/\/dicodusport.fr\/blog\/wp-json\/wp\/v2\/media?parent=161818"}],"wp:term":[{"taxonomy":"category","embeddable":true,"href":"https:\/\/dicodusport.fr\/blog\/wp-json\/wp\/v2\/categories?post=161818"},{"taxonomy":"post_tag","embeddable":true,"href":"https:\/\/dicodusport.fr\/blog\/wp-json\/wp\/v2\/tags?post=161818"}],"curies":[{"name":"wp","href":"https:\/\/api.w.org\/{rel}","templated":true}]}}