{"id":161891,"date":"2021-08-27T21:48:01","date_gmt":"2021-08-27T19:48:01","guid":{"rendered":"https:\/\/dicodusport.fr\/blog\/?p=161891&#038;preview=true&#038;preview_id=161891"},"modified":"2021-08-29T10:15:22","modified_gmt":"2021-08-29T08:15:22","slug":"triathlon-jeux-paralympiques-de-tokyo-calendrier-et-resultats","status":"publish","type":"post","link":"https:\/\/dicodusport.fr\/blog\/triathlon-jeux-paralympiques-de-tokyo-calendrier-et-resultats\/","title":{"rendered":"Triathlon &#8211; Jeux Paralympiques de Tokyo : calendrier et r\u00e9sultats"},"content":{"rendered":"<p style=\"text-align: justify;\"><strong><em><a href=\"https:\/\/dicodusport.fr\/blog\/actualites\/jeux-paralympiques-tokyo-2020\/\">JEUX PARALYMPIQUES DE TOKYO 2020<\/a> \u2013 Les \u00e9preuves de triathlon aux Jeux Paralympiques se d\u00e9roulent les 28 et 29 ao\u00fbt. Voici le calendrier et les r\u00e9sultats de la comp\u00e9tition.<\/em><\/strong><\/p>\n<h2 style=\"text-align: justify;\">Samedi 28 ao\u00fbt<\/h2>\n<p style=\"text-align: justify;\"><strong><b>23h30 (vendredi soir) :<\/b><\/strong> <a href=\"https:\/\/olympics.com\/tokyo-2020\/paralympic-games\/en\/results\/triathlon\/results-men-s-pts4-fnl-000100-.htm\">Hommes PTS4<\/a><strong><b><br \/>\n<\/b><\/strong><strong>23h31 (vendredi soir) : <\/strong><a href=\"https:\/\/olympics.com\/tokyo-2020\/paralympic-games\/en\/results\/triathlon\/results-women-s-pts2-fnl-000100-.htm\">Femmes PTS2<\/a><strong><br \/>\n1h30 : <\/strong><a href=\"https:\/\/olympics.com\/tokyo-2020\/paralympic-games\/en\/results\/triathlon\/results-men-s-ptvi-fnl-000100-.htm\">Hommes PTVI<\/a><strong><br \/>\n1h31 : <\/strong><a href=\"https:\/\/olympics.com\/tokyo-2020\/paralympic-games\/en\/results\/triathlon\/results-women-s-ptvi-fnl-000100-.htm\">Femmes PTVI<\/a><\/p>\n<h2 style=\"text-align: justify;\">Dimanche 29 ao\u00fbt<\/h2>\n<p style=\"text-align: justify;\"><strong><b>23h30 (samedi soir) :<\/b><\/strong> <a href=\"https:\/\/olympics.com\/tokyo-2020\/paralympic-games\/en\/results\/triathlon\/results-men-s-ptwc-fnl-000100-.htm\">Hommes PTWC<\/a><strong><b><br \/>\n<\/b><\/strong><strong>23h31 (samedi soir) : <\/strong><a href=\"https:\/\/olympics.com\/tokyo-2020\/paralympic-games\/en\/results\/triathlon\/results-women-s-ptwc-fnl-000100-.htm\">Femmes PTWC<\/a><strong><br \/>\n1h30 : <\/strong><a href=\"https:\/\/olympics.com\/tokyo-2020\/paralympic-games\/en\/results\/triathlon\/results-men-s-pts5-fnl-000100-.htm\">Hommes PTS5<\/a><strong><br \/>\n1h31 : <\/strong><a href=\"https:\/\/olympics.com\/tokyo-2020\/paralympic-games\/en\/results\/triathlon\/results-women-s-pts5-fnl-000100-.htm\">Femmes PTS5<\/a><\/p>\n<hr \/>\n<h2>Les m\u00e9dailles<\/h2>\n<h3 style=\"text-align: justify;\">Femmes<\/h3>\n<div class=\"su-table su-table-alternate\">\n<table style=\"width: 800px;border-collapse: collapse\">\n<tbody>\n<tr>\n<td style=\"text-align: center;width: 200px\"><strong>Cat\u00e9gories<\/strong><\/td>\n<td style=\"background-color: #fff242;text-align: center;width: 200px\"><strong>&#x1f947; Or<\/strong><\/td>\n<td style=\"background-color: #a8a8a8;text-align: center;width: 200px\"><strong>&#x1f948; Argent<\/strong><\/td>\n<td style=\"background-color: #c97159;text-align: center;width: 200px\"><strong>&#x1f949; Bronze<\/strong><\/td>\n<\/tr>\n<tr>\n<td style=\"text-align: center;width: 200px\"><strong>PTS2<\/strong><\/td>\n<td style=\"text-align: center;width: 200px\">&#x1f1fa;&#x1f1f8; Allysa Seely<\/td>\n<td style=\"text-align: center;width: 200px\">&#x1f1fa;&#x1f1f8; Hailey Danz<\/td>\n<td style=\"text-align: center;width: 200px\">&#x1f1ee;&#x1f1f9; Veronica Yoko Plebani<\/td>\n<\/tr>\n<tr>\n<td style=\"text-align: center;width: 200px\"><strong>PTVI<\/strong><\/td>\n<td style=\"text-align: center;width: 200px\">&#x1f1ea;&#x1f1f8; Susana Rodriguez<\/td>\n<td style=\"text-align: center;width: 200px\">&#x1f1ee;&#x1f1f9; Anna Barbaro<\/td>\n<td style=\"text-align: center;width: 200px\">&#x1f1eb;&#x1f1f7; Annouck Curzillat<\/td>\n<\/tr>\n<tr>\n<td style=\"text-align: center;width: 200px\"><strong>PTWC<\/strong><\/td>\n<td style=\"text-align: center;width: 200px\">&#x1f1fa;&#x1f1f8; Kendall Gresch<\/td>\n<td style=\"text-align: center;width: 200px\">&#x1f1e6;&#x1f1fa; Lauren Parker<\/td>\n<td style=\"text-align: center;width: 200px\">&#x1f1ea;&#x1f1f8; Eva Moral Pedrero<\/td>\n<\/tr>\n<tr>\n<td style=\"text-align: center;width: 200px\"><strong>PTS5<\/strong><\/td>\n<td style=\"text-align: center;width: 200px\"><strong>&#x1f1ec;&#x1f1e7; <\/strong>Lauren Steadman<\/td>\n<td style=\"text-align: center;width: 200px\">&#x1f1fa;&#x1f1f8; Grace Norman<\/td>\n<td style=\"text-align: center;width: 200px\"><strong>&#x1f1ec;&#x1f1e7; <\/strong>Claire Cashmore<\/td>\n<\/tr>\n<\/tbody>\n<\/table>\n<\/div>\n<h3 style=\"text-align: justify;\">Hommes<\/h3>\n<div class=\"su-table su-table-alternate\">\n<table style=\"width: 800px;border-collapse: collapse\">\n<tbody>\n<tr>\n<td style=\"text-align: center;width: 200px\"><strong>Cat\u00e9gories<\/strong><\/td>\n<td style=\"background-color: #fff242;text-align: center;width: 200px\"><strong>&#x1f947; Or<\/strong><\/td>\n<td style=\"background-color: #a8a8a8;text-align: center;width: 200px\"><strong>&#x1f948; Argent<\/strong><\/td>\n<td style=\"background-color: #c97159;text-align: center;width: 200px\"><strong>&#x1f949; Bronze<\/strong><\/td>\n<\/tr>\n<tr>\n<td style=\"text-align: center;width: 200px\"><strong>PTS4<\/strong><\/td>\n<td style=\"text-align: center;width: 200px\">&#x1f1eb;&#x1f1f7; Alexis Hanquinquant<\/td>\n<td style=\"text-align: center;width: 200px\">&#x1f1ef;&#x1f1f5; Hideki Uda<\/td>\n<td style=\"text-align: center;width: 200px\">&#x1f1ea;&#x1f1f8; Alejandro Sanchez Palomero<\/td>\n<\/tr>\n<tr>\n<td style=\"text-align: center;width: 200px\"><strong>PTVI<\/strong><\/td>\n<td style=\"text-align: center;width: 200px\">&#x1f1fa;&#x1f1f8; Brad Snyder<\/td>\n<td style=\"text-align: center;width: 200px\">&#x1f1ea;&#x1f1f8; Hector Catala Laparra<\/td>\n<td style=\"text-align: center;width: 200px\">&#x1f1ef;&#x1f1f5; Satoru Yoneoka<\/td>\n<\/tr>\n<tr>\n<td style=\"text-align: center;width: 200px\"><strong>PTWC<\/strong><\/td>\n<td style=\"text-align: center;width: 200px\">&#x1f1f3;&#x1f1f1; Jetze Plat<\/td>\n<td style=\"text-align: center;width: 200px\">&#x1f1e6;&#x1f1f9; Florian Brungraber<\/td>\n<td style=\"text-align: center;width: 200px\">&#x1f1ee;&#x1f1f9; Giovanni Achenza<\/td>\n<\/tr>\n<tr>\n<td style=\"text-align: center;width: 200px\"><strong>PTS5<\/strong><\/td>\n<td style=\"text-align: center;width: 200px\">&#x1f1e9;&#x1f1ea; Martin Schulz<\/td>\n<td style=\"text-align: center;width: 200px\"><strong>&#x1f1ec;&#x1f1e7; <\/strong>George Peasgood<\/td>\n<td style=\"text-align: center;width: 200px\">&#x1f1e8;&#x1f1e6; Stefan Daniel<\/td>\n<\/tr>\n<\/tbody>\n<\/table>\n<\/div>\n<h2 style=\"text-align: justify;\"><strong>\u00c0 lire aussi<\/strong><\/h2>\n<ul>\n<li style=\"text-align: justify;\"><a href=\"https:\/\/dicodusport.fr\/blog\/mieux-comprendre-le-handisport-le-triathlon\/\"><strong>Tout savoir sur le triathlon handisport<\/strong><\/a><\/li>\n<li style=\"text-align: justify;\"><strong><a href=\"https:\/\/dicodusport.fr\/blog\/jeux-paralympiques-de-tokyo-2020-le-tableau-des-medailles\/\">Le tableau des m\u00e9dailles des Jeux Paralympiques de Tokyo<\/a><\/strong><\/li>\n<li style=\"text-align: justify;\"><strong><a href=\"https:\/\/dicodusport.fr\/blog\/toute-l-actualite-des-jeux-paralympiques-de-tokyo-2020\/\">Toute l&rsquo;actualit\u00e9 des Jeux Paralympiques de Tokyo<\/a><\/strong><\/li>\n<\/ul>\n","protected":false},"excerpt":{"rendered":"<p>JEUX PARALYMPIQUES DE TOKYO 2020 \u2013 Les \u00e9preuves de triathlon aux Jeux Paralympiques se d\u00e9roulent les 28 et 29 ao\u00fbt. Voici le calendrier et les r\u00e9sultats de la comp\u00e9tition.<\/p>\n","protected":false},"author":4,"featured_media":161897,"comment_status":"open","ping_status":"closed","sticky":false,"template":"","format":"standard","meta":{"_acf_changed":false,"_daextam_enable_autolinks":"","footnotes":""},"categories":[14180,8303],"tags":[13396],"class_list":["post-161891","post","type-post","status-publish","format-standard","has-post-thumbnail","hentry","category-jeux-paralympiques-tokyo-2020","category-triathlon","tag-jeux-paralympiques-de-tokyo"],"acf":[],"yoast_head":"<!-- This site is optimized with the Yoast SEO Premium plugin v26.7 (Yoast SEO v26.7) - https:\/\/yoast.com\/wordpress\/plugins\/seo\/ -->\n<title>Triathlon - Jeux Paralympiques de Tokyo : calendrier et r\u00e9sultats<\/title>\n<meta name=\"description\" content=\"JEUX PARALYMPIQUES DE TOKYO 2020 \u2013 Voici le calendrier et les r\u00e9sultats des \u00e9preuves de triathlon des Jeux Paralympiques de Tokyo.\" \/>\n<meta name=\"robots\" content=\"index, follow, max-snippet:-1, max-image-preview:large, max-video-preview:-1\" \/>\n<link rel=\"canonical\" href=\"https:\/\/dicodusport.fr\/blog\/triathlon-jeux-paralympiques-de-tokyo-calendrier-et-resultats\/\" \/>\n<meta property=\"og:locale\" content=\"fr_FR\" \/>\n<meta property=\"og:type\" content=\"article\" \/>\n<meta property=\"og:title\" content=\"Triathlon - Jeux Paralympiques de Tokyo : calendrier et r\u00e9sultats\" \/>\n<meta property=\"og:description\" content=\"JEUX PARALYMPIQUES DE TOKYO 2020 \u2013 Voici le calendrier et les r\u00e9sultats des \u00e9preuves de triathlon des Jeux Paralympiques de Tokyo.\" \/>\n<meta property=\"og:url\" content=\"https:\/\/dicodusport.fr\/blog\/triathlon-jeux-paralympiques-de-tokyo-calendrier-et-resultats\/\" \/>\n<meta property=\"og:site_name\" content=\"Dicodusport\" \/>\n<meta property=\"article:publisher\" content=\"https:\/\/www.facebook.com\/dicodusport\" \/>\n<meta property=\"article:author\" content=\"https:\/\/www.facebook.com\/florent.ostermann\" \/>\n<meta property=\"article:published_time\" content=\"2021-08-27T19:48:01+00:00\" \/>\n<meta property=\"article:modified_time\" content=\"2021-08-29T08:15:22+00:00\" \/>\n<meta property=\"og:image\" content=\"https:\/\/dicodusport.fr\/blog\/wp-content\/uploads\/2021\/08\/Triathlon-Jeux-Paralympiques-de-Tokyo-calendrier-et-resultats.png\" \/>\n\t<meta property=\"og:image:width\" content=\"1200\" \/>\n\t<meta property=\"og:image:height\" content=\"670\" \/>\n\t<meta property=\"og:image:type\" content=\"image\/png\" \/>\n<meta name=\"author\" content=\"Flo Ostermann\" \/>\n<meta name=\"twitter:card\" content=\"summary_large_image\" \/>\n<meta name=\"twitter:title\" content=\"Triathlon - Jeux Paralympiques de Tokyo : calendrier et r\u00e9sultats\" \/>\n<meta name=\"twitter:creator\" content=\"@https:\/\/twitter.com\/FlOstermann\" \/>\n<meta name=\"twitter:site\" content=\"@dicodusport\" \/>\n<script type=\"application\/ld+json\" class=\"yoast-schema-graph\">{\"@context\":\"https:\/\/schema.org\",\"@graph\":[{\"@type\":\"NewsArticle\",\"@id\":\"https:\/\/dicodusport.fr\/blog\/triathlon-jeux-paralympiques-de-tokyo-calendrier-et-resultats\/#article\",\"isPartOf\":{\"@id\":\"https:\/\/dicodusport.fr\/blog\/triathlon-jeux-paralympiques-de-tokyo-calendrier-et-resultats\/\"},\"author\":{\"name\":\"Flo Ostermann\",\"@id\":\"https:\/\/dicodusport.fr\/blog\/#\/schema\/person\/cb02af4c173ce4a653b55e9baf388d4a\"},\"headline\":\"Triathlon &#8211; Jeux Paralympiques de Tokyo : calendrier et r\u00e9sultats\",\"datePublished\":\"2021-08-27T19:48:01+00:00\",\"dateModified\":\"2021-08-29T08:15:22+00:00\",\"mainEntityOfPage\":{\"@id\":\"https:\/\/dicodusport.fr\/blog\/triathlon-jeux-paralympiques-de-tokyo-calendrier-et-resultats\/\"},\"wordCount\":342,\"commentCount\":0,\"publisher\":{\"@id\":\"https:\/\/dicodusport.fr\/blog\/#organization\"},\"image\":{\"@id\":\"https:\/\/dicodusport.fr\/blog\/triathlon-jeux-paralympiques-de-tokyo-calendrier-et-resultats\/#primaryimage\"},\"thumbnailUrl\":\"https:\/\/dicodusport.fr\/blog\/wp-content\/uploads\/2021\/08\/Triathlon-Jeux-Paralympiques-de-Tokyo-calendrier-et-resultats.png\",\"keywords\":[\"Jeux Paralympiques de Tokyo\"],\"articleSection\":[\"Jeux Paralympiques de Tokyo 2020\",\"Triathlon\"],\"inLanguage\":\"fr-FR\",\"potentialAction\":[{\"@type\":\"CommentAction\",\"name\":\"Comment\",\"target\":[\"https:\/\/dicodusport.fr\/blog\/triathlon-jeux-paralympiques-de-tokyo-calendrier-et-resultats\/#respond\"]}],\"copyrightYear\":\"2021\",\"copyrightHolder\":{\"@id\":\"https:\/\/dicodusport.fr\/blog\/#organization\"}},{\"@type\":\"WebPage\",\"@id\":\"https:\/\/dicodusport.fr\/blog\/triathlon-jeux-paralympiques-de-tokyo-calendrier-et-resultats\/\",\"url\":\"https:\/\/dicodusport.fr\/blog\/triathlon-jeux-paralympiques-de-tokyo-calendrier-et-resultats\/\",\"name\":\"Triathlon - Jeux Paralympiques de Tokyo : calendrier et r\u00e9sultats\",\"isPartOf\":{\"@id\":\"https:\/\/dicodusport.fr\/blog\/#website\"},\"primaryImageOfPage\":{\"@id\":\"https:\/\/dicodusport.fr\/blog\/triathlon-jeux-paralympiques-de-tokyo-calendrier-et-resultats\/#primaryimage\"},\"image\":{\"@id\":\"https:\/\/dicodusport.fr\/blog\/triathlon-jeux-paralympiques-de-tokyo-calendrier-et-resultats\/#primaryimage\"},\"thumbnailUrl\":\"https:\/\/dicodusport.fr\/blog\/wp-content\/uploads\/2021\/08\/Triathlon-Jeux-Paralympiques-de-Tokyo-calendrier-et-resultats.png\",\"datePublished\":\"2021-08-27T19:48:01+00:00\",\"dateModified\":\"2021-08-29T08:15:22+00:00\",\"description\":\"JEUX PARALYMPIQUES DE TOKYO 2020 \u2013 Voici le calendrier et les r\u00e9sultats des \u00e9preuves de triathlon des Jeux Paralympiques de Tokyo.\",\"breadcrumb\":{\"@id\":\"https:\/\/dicodusport.fr\/blog\/triathlon-jeux-paralympiques-de-tokyo-calendrier-et-resultats\/#breadcrumb\"},\"inLanguage\":\"fr-FR\",\"potentialAction\":[{\"@type\":\"ReadAction\",\"target\":[\"https:\/\/dicodusport.fr\/blog\/triathlon-jeux-paralympiques-de-tokyo-calendrier-et-resultats\/\"]}]},{\"@type\":\"ImageObject\",\"inLanguage\":\"fr-FR\",\"@id\":\"https:\/\/dicodusport.fr\/blog\/triathlon-jeux-paralympiques-de-tokyo-calendrier-et-resultats\/#primaryimage\",\"url\":\"https:\/\/dicodusport.fr\/blog\/wp-content\/uploads\/2021\/08\/Triathlon-Jeux-Paralympiques-de-Tokyo-calendrier-et-resultats.png\",\"contentUrl\":\"https:\/\/dicodusport.fr\/blog\/wp-content\/uploads\/2021\/08\/Triathlon-Jeux-Paralympiques-de-Tokyo-calendrier-et-resultats.png\",\"width\":1200,\"height\":670,\"caption\":\"Triathlon - Jeux Paralympiques de Tokyo calendrier et r\u00e9sultats\"},{\"@type\":\"BreadcrumbList\",\"@id\":\"https:\/\/dicodusport.fr\/blog\/triathlon-jeux-paralympiques-de-tokyo-calendrier-et-resultats\/#breadcrumb\",\"itemListElement\":[{\"@type\":\"ListItem\",\"position\":1,\"name\":\"Accueil\",\"item\":\"https:\/\/dicodusport.fr\/blog\/\"},{\"@type\":\"ListItem\",\"position\":2,\"name\":\"Triathlon &#8211; Jeux Paralympiques de Tokyo : calendrier et r\u00e9sultats\"}]},{\"@type\":\"WebSite\",\"@id\":\"https:\/\/dicodusport.fr\/blog\/#website\",\"url\":\"https:\/\/dicodusport.fr\/blog\/\",\"name\":\"Dicodusport\",\"description\":\"L&#039;encyclop\u00e9die de l&#039;actualit\u00e9 sportive\",\"publisher\":{\"@id\":\"https:\/\/dicodusport.fr\/blog\/#organization\"},\"potentialAction\":[{\"@type\":\"SearchAction\",\"target\":{\"@type\":\"EntryPoint\",\"urlTemplate\":\"https:\/\/dicodusport.fr\/blog\/?s={search_term_string}\"},\"query-input\":{\"@type\":\"PropertyValueSpecification\",\"valueRequired\":true,\"valueName\":\"search_term_string\"}}],\"inLanguage\":\"fr-FR\"},{\"@type\":\"NewsMediaOrganization\",\"@id\":\"https:\/\/dicodusport.fr\/blog\/#organization\",\"name\":\"Dicodusport\",\"url\":\"https:\/\/dicodusport.fr\/blog\/\",\"logo\":{\"@type\":\"ImageObject\",\"inLanguage\":\"fr-FR\",\"@id\":\"https:\/\/dicodusport.fr\/blog\/#\/schema\/logo\/image\/\",\"url\":\"https:\/\/dicodusport.fr\/blog\/wp-content\/uploads\/2020\/06\/cropped-LOGO-DICODUSPORT-2020-SANS-FOND-SANS-TEXTE.png\",\"contentUrl\":\"https:\/\/dicodusport.fr\/blog\/wp-content\/uploads\/2020\/06\/cropped-LOGO-DICODUSPORT-2020-SANS-FOND-SANS-TEXTE.png\",\"width\":512,\"height\":512,\"caption\":\"Dicodusport\"},\"image\":{\"@id\":\"https:\/\/dicodusport.fr\/blog\/#\/schema\/logo\/image\/\"},\"sameAs\":[\"https:\/\/www.facebook.com\/dicodusport\",\"https:\/\/x.com\/dicodusport\",\"https:\/\/www.instagram.com\/dicodusport\/\",\"https:\/\/www.youtube.com\/channel\/UC7V2KZ5sd3htJivAbA4ZG3w\"],\"description\":\"Dicodusport est l'encyclop\u00e9die de l'actualit\u00e9 sportive.\",\"email\":\"bonjour@dicodusport.fr\",\"legalName\":\"DICODUSPORT\",\"foundingDate\":\"2018-01-14\",\"vatID\":\"FR71834470973\",\"taxID\":\"83447097300043\",\"numberOfEmployees\":{\"@type\":\"QuantitativeValue\",\"minValue\":\"1\",\"maxValue\":\"10\"}},{\"@type\":\"Person\",\"@id\":\"https:\/\/dicodusport.fr\/blog\/#\/schema\/person\/cb02af4c173ce4a653b55e9baf388d4a\",\"name\":\"Flo Ostermann\",\"image\":{\"@type\":\"ImageObject\",\"inLanguage\":\"fr-FR\",\"@id\":\"https:\/\/dicodusport.fr\/blog\/#\/schema\/person\/image\/\",\"url\":\"https:\/\/dicodusport.fr\/blog\/wp-content\/uploads\/2021\/05\/Flo-Ostermann-150x150.jpg\",\"contentUrl\":\"https:\/\/dicodusport.fr\/blog\/wp-content\/uploads\/2021\/05\/Flo-Ostermann-150x150.jpg\",\"caption\":\"Flo Ostermann\"},\"description\":\"Journaliste\/R\u00e9dacteur depuis septembre 2015 - Mes premiers souvenirs dans le sport ? Les envol\u00e9es du Stade Toulousain et les duels Villeneuve-Schumacher et H\u00e4kkinen-Schumacher \u00e0 la fin des ann\u00e9es 90, la Coupe du monde de football en 1998, l\u2019exploit du XV de France face aux All Blacks en 1999, mais aussi Richard C\u0153ur de Lion qui vole sur les montagnes du Tour de France. Bien parti pour devenir professeur d\u2019EPS, les \u00e9v\u00e9nements de la vie (et la flemme d\u2019animer des s\u00e9ances de 3x500 m\u00e8tres toute ma vie) m\u2019ont conduit \u00e0 revoir mes plans. Me voil\u00e0 depuis fin 2017 sur Dicodusport, m\u00e9dia gr\u00e2ce (et pour) lequel je partage ma passion : le sport dans tous ses \u00e9tats. Le tout accompagn\u00e9 par les fous furieux et folles furieuses cit\u00e9s sur cette page !\",\"sameAs\":[\"https:\/\/www.facebook.com\/florent.ostermann\",\"https:\/\/x.com\/https:\/\/twitter.com\/FlOstermann\",\"admin\"],\"url\":\"https:\/\/dicodusport.fr\/blog\/author\/flo\/\"}]}<\/script>\n<!-- \/ Yoast SEO Premium plugin. -->","yoast_head_json":{"title":"Triathlon - Jeux Paralympiques de Tokyo : calendrier et r\u00e9sultats","description":"JEUX PARALYMPIQUES DE TOKYO 2020 \u2013 Voici le calendrier et les r\u00e9sultats des \u00e9preuves de triathlon des Jeux Paralympiques de Tokyo.","robots":{"index":"index","follow":"follow","max-snippet":"max-snippet:-1","max-image-preview":"max-image-preview:large","max-video-preview":"max-video-preview:-1"},"canonical":"https:\/\/dicodusport.fr\/blog\/triathlon-jeux-paralympiques-de-tokyo-calendrier-et-resultats\/","og_locale":"fr_FR","og_type":"article","og_title":"Triathlon - Jeux Paralympiques de Tokyo : calendrier et r\u00e9sultats","og_description":"JEUX PARALYMPIQUES DE TOKYO 2020 \u2013 Voici le calendrier et les r\u00e9sultats des \u00e9preuves de triathlon des Jeux Paralympiques de Tokyo.","og_url":"https:\/\/dicodusport.fr\/blog\/triathlon-jeux-paralympiques-de-tokyo-calendrier-et-resultats\/","og_site_name":"Dicodusport","article_publisher":"https:\/\/www.facebook.com\/dicodusport","article_author":"https:\/\/www.facebook.com\/florent.ostermann","article_published_time":"2021-08-27T19:48:01+00:00","article_modified_time":"2021-08-29T08:15:22+00:00","og_image":[{"width":1200,"height":670,"url":"https:\/\/dicodusport.fr\/blog\/wp-content\/uploads\/2021\/08\/Triathlon-Jeux-Paralympiques-de-Tokyo-calendrier-et-resultats.png","type":"image\/png"}],"author":"Flo Ostermann","twitter_card":"summary_large_image","twitter_title":"Triathlon - Jeux Paralympiques de Tokyo : calendrier et r\u00e9sultats","twitter_creator":"@https:\/\/twitter.com\/FlOstermann","twitter_site":"@dicodusport","schema":{"@context":"https:\/\/schema.org","@graph":[{"@type":"NewsArticle","@id":"https:\/\/dicodusport.fr\/blog\/triathlon-jeux-paralympiques-de-tokyo-calendrier-et-resultats\/#article","isPartOf":{"@id":"https:\/\/dicodusport.fr\/blog\/triathlon-jeux-paralympiques-de-tokyo-calendrier-et-resultats\/"},"author":{"name":"Flo Ostermann","@id":"https:\/\/dicodusport.fr\/blog\/#\/schema\/person\/cb02af4c173ce4a653b55e9baf388d4a"},"headline":"Triathlon &#8211; Jeux Paralympiques de Tokyo : calendrier et r\u00e9sultats","datePublished":"2021-08-27T19:48:01+00:00","dateModified":"2021-08-29T08:15:22+00:00","mainEntityOfPage":{"@id":"https:\/\/dicodusport.fr\/blog\/triathlon-jeux-paralympiques-de-tokyo-calendrier-et-resultats\/"},"wordCount":342,"commentCount":0,"publisher":{"@id":"https:\/\/dicodusport.fr\/blog\/#organization"},"image":{"@id":"https:\/\/dicodusport.fr\/blog\/triathlon-jeux-paralympiques-de-tokyo-calendrier-et-resultats\/#primaryimage"},"thumbnailUrl":"https:\/\/dicodusport.fr\/blog\/wp-content\/uploads\/2021\/08\/Triathlon-Jeux-Paralympiques-de-Tokyo-calendrier-et-resultats.png","keywords":["Jeux Paralympiques de Tokyo"],"articleSection":["Jeux Paralympiques de Tokyo 2020","Triathlon"],"inLanguage":"fr-FR","potentialAction":[{"@type":"CommentAction","name":"Comment","target":["https:\/\/dicodusport.fr\/blog\/triathlon-jeux-paralympiques-de-tokyo-calendrier-et-resultats\/#respond"]}],"copyrightYear":"2021","copyrightHolder":{"@id":"https:\/\/dicodusport.fr\/blog\/#organization"}},{"@type":"WebPage","@id":"https:\/\/dicodusport.fr\/blog\/triathlon-jeux-paralympiques-de-tokyo-calendrier-et-resultats\/","url":"https:\/\/dicodusport.fr\/blog\/triathlon-jeux-paralympiques-de-tokyo-calendrier-et-resultats\/","name":"Triathlon - Jeux Paralympiques de Tokyo : calendrier et r\u00e9sultats","isPartOf":{"@id":"https:\/\/dicodusport.fr\/blog\/#website"},"primaryImageOfPage":{"@id":"https:\/\/dicodusport.fr\/blog\/triathlon-jeux-paralympiques-de-tokyo-calendrier-et-resultats\/#primaryimage"},"image":{"@id":"https:\/\/dicodusport.fr\/blog\/triathlon-jeux-paralympiques-de-tokyo-calendrier-et-resultats\/#primaryimage"},"thumbnailUrl":"https:\/\/dicodusport.fr\/blog\/wp-content\/uploads\/2021\/08\/Triathlon-Jeux-Paralympiques-de-Tokyo-calendrier-et-resultats.png","datePublished":"2021-08-27T19:48:01+00:00","dateModified":"2021-08-29T08:15:22+00:00","description":"JEUX PARALYMPIQUES DE TOKYO 2020 \u2013 Voici le calendrier et les r\u00e9sultats des \u00e9preuves de triathlon des Jeux Paralympiques de Tokyo.","breadcrumb":{"@id":"https:\/\/dicodusport.fr\/blog\/triathlon-jeux-paralympiques-de-tokyo-calendrier-et-resultats\/#breadcrumb"},"inLanguage":"fr-FR","potentialAction":[{"@type":"ReadAction","target":["https:\/\/dicodusport.fr\/blog\/triathlon-jeux-paralympiques-de-tokyo-calendrier-et-resultats\/"]}]},{"@type":"ImageObject","inLanguage":"fr-FR","@id":"https:\/\/dicodusport.fr\/blog\/triathlon-jeux-paralympiques-de-tokyo-calendrier-et-resultats\/#primaryimage","url":"https:\/\/dicodusport.fr\/blog\/wp-content\/uploads\/2021\/08\/Triathlon-Jeux-Paralympiques-de-Tokyo-calendrier-et-resultats.png","contentUrl":"https:\/\/dicodusport.fr\/blog\/wp-content\/uploads\/2021\/08\/Triathlon-Jeux-Paralympiques-de-Tokyo-calendrier-et-resultats.png","width":1200,"height":670,"caption":"Triathlon - Jeux Paralympiques de Tokyo calendrier et r\u00e9sultats"},{"@type":"BreadcrumbList","@id":"https:\/\/dicodusport.fr\/blog\/triathlon-jeux-paralympiques-de-tokyo-calendrier-et-resultats\/#breadcrumb","itemListElement":[{"@type":"ListItem","position":1,"name":"Accueil","item":"https:\/\/dicodusport.fr\/blog\/"},{"@type":"ListItem","position":2,"name":"Triathlon &#8211; Jeux Paralympiques de Tokyo : calendrier et r\u00e9sultats"}]},{"@type":"WebSite","@id":"https:\/\/dicodusport.fr\/blog\/#website","url":"https:\/\/dicodusport.fr\/blog\/","name":"Dicodusport","description":"L&#039;encyclop\u00e9die de l&#039;actualit\u00e9 sportive","publisher":{"@id":"https:\/\/dicodusport.fr\/blog\/#organization"},"potentialAction":[{"@type":"SearchAction","target":{"@type":"EntryPoint","urlTemplate":"https:\/\/dicodusport.fr\/blog\/?s={search_term_string}"},"query-input":{"@type":"PropertyValueSpecification","valueRequired":true,"valueName":"search_term_string"}}],"inLanguage":"fr-FR"},{"@type":"NewsMediaOrganization","@id":"https:\/\/dicodusport.fr\/blog\/#organization","name":"Dicodusport","url":"https:\/\/dicodusport.fr\/blog\/","logo":{"@type":"ImageObject","inLanguage":"fr-FR","@id":"https:\/\/dicodusport.fr\/blog\/#\/schema\/logo\/image\/","url":"https:\/\/dicodusport.fr\/blog\/wp-content\/uploads\/2020\/06\/cropped-LOGO-DICODUSPORT-2020-SANS-FOND-SANS-TEXTE.png","contentUrl":"https:\/\/dicodusport.fr\/blog\/wp-content\/uploads\/2020\/06\/cropped-LOGO-DICODUSPORT-2020-SANS-FOND-SANS-TEXTE.png","width":512,"height":512,"caption":"Dicodusport"},"image":{"@id":"https:\/\/dicodusport.fr\/blog\/#\/schema\/logo\/image\/"},"sameAs":["https:\/\/www.facebook.com\/dicodusport","https:\/\/x.com\/dicodusport","https:\/\/www.instagram.com\/dicodusport\/","https:\/\/www.youtube.com\/channel\/UC7V2KZ5sd3htJivAbA4ZG3w"],"description":"Dicodusport est l'encyclop\u00e9die de l'actualit\u00e9 sportive.","email":"bonjour@dicodusport.fr","legalName":"DICODUSPORT","foundingDate":"2018-01-14","vatID":"FR71834470973","taxID":"83447097300043","numberOfEmployees":{"@type":"QuantitativeValue","minValue":"1","maxValue":"10"}},{"@type":"Person","@id":"https:\/\/dicodusport.fr\/blog\/#\/schema\/person\/cb02af4c173ce4a653b55e9baf388d4a","name":"Flo Ostermann","image":{"@type":"ImageObject","inLanguage":"fr-FR","@id":"https:\/\/dicodusport.fr\/blog\/#\/schema\/person\/image\/","url":"https:\/\/dicodusport.fr\/blog\/wp-content\/uploads\/2021\/05\/Flo-Ostermann-150x150.jpg","contentUrl":"https:\/\/dicodusport.fr\/blog\/wp-content\/uploads\/2021\/05\/Flo-Ostermann-150x150.jpg","caption":"Flo Ostermann"},"description":"Journaliste\/R\u00e9dacteur depuis septembre 2015 - Mes premiers souvenirs dans le sport ? Les envol\u00e9es du Stade Toulousain et les duels Villeneuve-Schumacher et H\u00e4kkinen-Schumacher \u00e0 la fin des ann\u00e9es 90, la Coupe du monde de football en 1998, l\u2019exploit du XV de France face aux All Blacks en 1999, mais aussi Richard C\u0153ur de Lion qui vole sur les montagnes du Tour de France. Bien parti pour devenir professeur d\u2019EPS, les \u00e9v\u00e9nements de la vie (et la flemme d\u2019animer des s\u00e9ances de 3x500 m\u00e8tres toute ma vie) m\u2019ont conduit \u00e0 revoir mes plans. Me voil\u00e0 depuis fin 2017 sur Dicodusport, m\u00e9dia gr\u00e2ce (et pour) lequel je partage ma passion : le sport dans tous ses \u00e9tats. Le tout accompagn\u00e9 par les fous furieux et folles furieuses cit\u00e9s sur cette page !","sameAs":["https:\/\/www.facebook.com\/florent.ostermann","https:\/\/x.com\/https:\/\/twitter.com\/FlOstermann","admin"],"url":"https:\/\/dicodusport.fr\/blog\/author\/flo\/"}]}},"_links":{"self":[{"href":"https:\/\/dicodusport.fr\/blog\/wp-json\/wp\/v2\/posts\/161891","targetHints":{"allow":["GET"]}}],"collection":[{"href":"https:\/\/dicodusport.fr\/blog\/wp-json\/wp\/v2\/posts"}],"about":[{"href":"https:\/\/dicodusport.fr\/blog\/wp-json\/wp\/v2\/types\/post"}],"author":[{"embeddable":true,"href":"https:\/\/dicodusport.fr\/blog\/wp-json\/wp\/v2\/users\/4"}],"replies":[{"embeddable":true,"href":"https:\/\/dicodusport.fr\/blog\/wp-json\/wp\/v2\/comments?post=161891"}],"version-history":[{"count":0,"href":"https:\/\/dicodusport.fr\/blog\/wp-json\/wp\/v2\/posts\/161891\/revisions"}],"wp:featuredmedia":[{"embeddable":true,"href":"https:\/\/dicodusport.fr\/blog\/wp-json\/wp\/v2\/media\/161897"}],"wp:attachment":[{"href":"https:\/\/dicodusport.fr\/blog\/wp-json\/wp\/v2\/media?parent=161891"}],"wp:term":[{"taxonomy":"category","embeddable":true,"href":"https:\/\/dicodusport.fr\/blog\/wp-json\/wp\/v2\/categories?post=161891"},{"taxonomy":"post_tag","embeddable":true,"href":"https:\/\/dicodusport.fr\/blog\/wp-json\/wp\/v2\/tags?post=161891"}],"curies":[{"name":"wp","href":"https:\/\/api.w.org\/{rel}","templated":true}]}}