{"id":162400,"date":"2021-08-29T10:31:58","date_gmt":"2021-08-29T08:31:58","guid":{"rendered":"https:\/\/dicodusport.fr\/blog\/?p=162400&#038;preview=true&#038;preview_id=162400"},"modified":"2021-08-29T13:42:03","modified_gmt":"2021-08-29T11:42:03","slug":"romain-bardet-cetait-plus-dur-mentalement-que-physiquement-dans-le-final","status":"publish","type":"post","link":"https:\/\/dicodusport.fr\/blog\/romain-bardet-cetait-plus-dur-mentalement-que-physiquement-dans-le-final\/","title":{"rendered":"Romain Bardet : \u00ab\u00a0C\u2019\u00e9tait plus dur mentalement que physiquement dans le final\u00a0\u00bb"},"content":{"rendered":"<p style=\"text-align: justify;\"><strong><em>TOUR D&rsquo;ESPAGNE 2021 &#8211; <a href=\"https:\/\/dicodusport.fr\/blog\/tour-despagne-2021-romain-bardet-simpose-au-pico-villuercas\/\">Vainqueur de la 14\u00e8me \u00e9tape de la Vuelta en solitaire<\/a>, Romain Bardet (Team DSM) retrouve son meilleur niveau et savoure sa nouvelle exp\u00e9rience.\u00a0<\/em><\/strong><\/p>\n<p style=\"text-align: justify;\">Apr\u00e8s trois saisons moyennes, <strong>Romain Bardet<\/strong> a saut\u00e9 dans l&rsquo;inconnu il y a quelques mois en quittant AG2R, pour rejoindre la Team DSM. Le Fran\u00e7ais vient de gagner deux fois en quelques semaines, \u00e0 chaque fois avec la mani\u00e8re. S&rsquo;il est en marge du <a href=\"https:\/\/dicodusport.fr\/blog\/tour-espagne-2021-le-classement-general-maillot-rouge\/\">classement g\u00e9n\u00e9ral du Tour d&rsquo;Espagne<\/a>, le natif de Brioude savoure ce retour au premier plan comme il l&rsquo;a expliqu\u00e9 sur <em>Eurosport<\/em>.<\/p>\n<blockquote>\n<p style=\"text-align: justify;\">C\u2019\u00e9tait plus dur mentalement que physiquement dans le final. \u00c7a ne roulait pas, il y avait toujours des mecs \u00e0 huit m\u00e8tres devant\u2026 Herrada, il venait me chercher mais il ne roulait pas d\u00e8s qu\u2019il revenait. C\u2019\u00e9tait vraiment dur \u00e0 g\u00e9rer.<\/p>\n<\/blockquote>\n<p style=\"text-align: justify;\"><strong>Romain Bardet<\/strong> avait l&rsquo;\u00e9tiquette du meilleur grimpeur de ce groupe d&rsquo;\u00e9chapp\u00e9s et a d\u00fb r\u00e9aliser un grand num\u00e9ro pour fausser compagnie aux autres coureurs.<\/p>\n<blockquote class=\"twitter-tweet\">\n<p dir=\"ltr\" lang=\"fr\">1507 jours plus tard&#8230; magnifique Romain Bardet&#x1f499;&#x1f90d;&#x2764;&#xfe0f;<\/p>\n<p>\u2014 Eurosport France (@Eurosport_FR) <a href=\"https:\/\/twitter.com\/Eurosport_FR\/status\/1431702811780296709?ref_src=twsrc%5Etfw\">August 28, 2021<\/a><\/p><\/blockquote>\n<p><script async src=\"https:\/\/platform.twitter.com\/widgets.js\" charset=\"utf-8\"><\/script><\/p>\n","protected":false},"excerpt":{"rendered":"<p>TOUR D&rsquo;ESPAGNE 2021 &#8211; Vainqueur de la 14\u00e8me \u00e9tape de la Vuelta en solitaire, Romain Bardet (Team DSM) retrouve son meilleur niveau et savoure sa nouvelle exp\u00e9rience.\u00a0<\/p>\n","protected":false},"author":1,"featured_media":162409,"comment_status":"open","ping_status":"closed","sticky":false,"template":"","format":"standard","meta":{"_acf_changed":false,"_daextam_enable_autolinks":"","footnotes":""},"categories":[47042],"tags":[1446,3646,1670],"class_list":["post-162400","post","type-post","status-publish","format-standard","has-post-thumbnail","hentry","category-tour-d-espagne","tag-bardet","tag-romain-bardet","tag-vuelta"],"acf":[],"yoast_head":"<!-- This site is optimized with the Yoast SEO Premium plugin v26.7 (Yoast SEO v26.7) - https:\/\/yoast.com\/wordpress\/plugins\/seo\/ -->\n<title>Romain Bardet : &quot;C\u2019\u00e9tait plus dur mentalement que physiquement dans le final&quot;<\/title>\n<meta name=\"description\" content=\"TOUR D&#039;ESPAGNE 2021 - Vainqueur de la 14\u00e8me \u00e9tape de la Vuelta en solitaire, Romain Bardet (Team DSM) retrouve son meilleur niveau.\" \/>\n<meta name=\"robots\" content=\"index, follow, max-snippet:-1, max-image-preview:large, max-video-preview:-1\" \/>\n<link rel=\"canonical\" href=\"https:\/\/dicodusport.fr\/blog\/romain-bardet-cetait-plus-dur-mentalement-que-physiquement-dans-le-final\/\" \/>\n<meta property=\"og:locale\" content=\"fr_FR\" \/>\n<meta property=\"og:type\" content=\"article\" \/>\n<meta property=\"og:title\" content=\"Romain Bardet : &quot;C\u2019\u00e9tait plus dur mentalement que physiquement dans le final&quot;\" \/>\n<meta property=\"og:description\" content=\"TOUR D&#039;ESPAGNE 2021 - Vainqueur de la 14\u00e8me \u00e9tape de la Vuelta en solitaire, Romain Bardet (Team DSM) retrouve son meilleur niveau.\" \/>\n<meta property=\"og:url\" content=\"https:\/\/dicodusport.fr\/blog\/romain-bardet-cetait-plus-dur-mentalement-que-physiquement-dans-le-final\/\" \/>\n<meta property=\"og:site_name\" content=\"Dicodusport\" \/>\n<meta property=\"article:publisher\" content=\"https:\/\/www.facebook.com\/dicodusport\" \/>\n<meta property=\"article:author\" content=\"https:\/\/www.facebook.com\/dicodusport\" \/>\n<meta property=\"article:published_time\" content=\"2021-08-29T08:31:58+00:00\" \/>\n<meta property=\"article:modified_time\" content=\"2021-08-29T11:42:03+00:00\" \/>\n<meta property=\"og:image\" content=\"https:\/\/dicodusport.fr\/blog\/wp-content\/uploads\/2021\/08\/Romain-Bardet-Ce\u0301tait-plus-dur-mentalement-que-physiquement-dans-le-final.png\" \/>\n\t<meta property=\"og:image:width\" content=\"800\" \/>\n\t<meta property=\"og:image:height\" content=\"445\" \/>\n\t<meta property=\"og:image:type\" content=\"image\/png\" \/>\n<meta name=\"author\" content=\"Nicolas Jacquemard\" \/>\n<meta name=\"twitter:card\" content=\"summary_large_image\" \/>\n<meta name=\"twitter:title\" content=\"Romain Bardet : &quot;C\u2019\u00e9tait plus dur mentalement que physiquement dans le final&quot;\" \/>\n<meta name=\"twitter:creator\" content=\"@https:\/\/twitter.com\/Nico_Jacquemard\" \/>\n<meta name=\"twitter:site\" content=\"@dicodusport\" \/>\n<script type=\"application\/ld+json\" class=\"yoast-schema-graph\">{\"@context\":\"https:\/\/schema.org\",\"@graph\":[{\"@type\":\"NewsArticle\",\"@id\":\"https:\/\/dicodusport.fr\/blog\/romain-bardet-cetait-plus-dur-mentalement-que-physiquement-dans-le-final\/#article\",\"isPartOf\":{\"@id\":\"https:\/\/dicodusport.fr\/blog\/romain-bardet-cetait-plus-dur-mentalement-que-physiquement-dans-le-final\/\"},\"author\":{\"name\":\"Nicolas Jacquemard\",\"@id\":\"https:\/\/dicodusport.fr\/blog\/#\/schema\/person\/55dcb50ad410894e431ed812bbb70191\"},\"headline\":\"Romain Bardet : \u00ab\u00a0C\u2019\u00e9tait plus dur mentalement que physiquement dans le final\u00a0\u00bb\",\"datePublished\":\"2021-08-29T08:31:58+00:00\",\"dateModified\":\"2021-08-29T11:42:03+00:00\",\"mainEntityOfPage\":{\"@id\":\"https:\/\/dicodusport.fr\/blog\/romain-bardet-cetait-plus-dur-mentalement-que-physiquement-dans-le-final\/\"},\"wordCount\":207,\"commentCount\":0,\"publisher\":{\"@id\":\"https:\/\/dicodusport.fr\/blog\/#organization\"},\"image\":{\"@id\":\"https:\/\/dicodusport.fr\/blog\/romain-bardet-cetait-plus-dur-mentalement-que-physiquement-dans-le-final\/#primaryimage\"},\"thumbnailUrl\":\"https:\/\/dicodusport.fr\/blog\/wp-content\/uploads\/2021\/08\/Romain-Bardet-Ce\u0301tait-plus-dur-mentalement-que-physiquement-dans-le-final.png\",\"keywords\":[\"bardet\",\"Romain Bardet\",\"Vuelta\"],\"articleSection\":[\"Tour d'Espagne\"],\"inLanguage\":\"fr-FR\",\"potentialAction\":[{\"@type\":\"CommentAction\",\"name\":\"Comment\",\"target\":[\"https:\/\/dicodusport.fr\/blog\/romain-bardet-cetait-plus-dur-mentalement-que-physiquement-dans-le-final\/#respond\"]}],\"copyrightYear\":\"2021\",\"copyrightHolder\":{\"@id\":\"https:\/\/dicodusport.fr\/blog\/#organization\"}},{\"@type\":\"WebPage\",\"@id\":\"https:\/\/dicodusport.fr\/blog\/romain-bardet-cetait-plus-dur-mentalement-que-physiquement-dans-le-final\/\",\"url\":\"https:\/\/dicodusport.fr\/blog\/romain-bardet-cetait-plus-dur-mentalement-que-physiquement-dans-le-final\/\",\"name\":\"Romain Bardet : \\\"C\u2019\u00e9tait plus dur mentalement que physiquement dans le final\\\"\",\"isPartOf\":{\"@id\":\"https:\/\/dicodusport.fr\/blog\/#website\"},\"primaryImageOfPage\":{\"@id\":\"https:\/\/dicodusport.fr\/blog\/romain-bardet-cetait-plus-dur-mentalement-que-physiquement-dans-le-final\/#primaryimage\"},\"image\":{\"@id\":\"https:\/\/dicodusport.fr\/blog\/romain-bardet-cetait-plus-dur-mentalement-que-physiquement-dans-le-final\/#primaryimage\"},\"thumbnailUrl\":\"https:\/\/dicodusport.fr\/blog\/wp-content\/uploads\/2021\/08\/Romain-Bardet-Ce\u0301tait-plus-dur-mentalement-que-physiquement-dans-le-final.png\",\"datePublished\":\"2021-08-29T08:31:58+00:00\",\"dateModified\":\"2021-08-29T11:42:03+00:00\",\"description\":\"TOUR D'ESPAGNE 2021 - Vainqueur de la 14\u00e8me \u00e9tape de la Vuelta en solitaire, Romain Bardet (Team DSM) retrouve son meilleur niveau.\",\"breadcrumb\":{\"@id\":\"https:\/\/dicodusport.fr\/blog\/romain-bardet-cetait-plus-dur-mentalement-que-physiquement-dans-le-final\/#breadcrumb\"},\"inLanguage\":\"fr-FR\",\"potentialAction\":[{\"@type\":\"ReadAction\",\"target\":[\"https:\/\/dicodusport.fr\/blog\/romain-bardet-cetait-plus-dur-mentalement-que-physiquement-dans-le-final\/\"]}]},{\"@type\":\"ImageObject\",\"inLanguage\":\"fr-FR\",\"@id\":\"https:\/\/dicodusport.fr\/blog\/romain-bardet-cetait-plus-dur-mentalement-que-physiquement-dans-le-final\/#primaryimage\",\"url\":\"https:\/\/dicodusport.fr\/blog\/wp-content\/uploads\/2021\/08\/Romain-Bardet-Ce\u0301tait-plus-dur-mentalement-que-physiquement-dans-le-final.png\",\"contentUrl\":\"https:\/\/dicodusport.fr\/blog\/wp-content\/uploads\/2021\/08\/Romain-Bardet-Ce\u0301tait-plus-dur-mentalement-que-physiquement-dans-le-final.png\",\"width\":800,\"height\":445},{\"@type\":\"BreadcrumbList\",\"@id\":\"https:\/\/dicodusport.fr\/blog\/romain-bardet-cetait-plus-dur-mentalement-que-physiquement-dans-le-final\/#breadcrumb\",\"itemListElement\":[{\"@type\":\"ListItem\",\"position\":1,\"name\":\"Accueil\",\"item\":\"https:\/\/dicodusport.fr\/blog\/\"},{\"@type\":\"ListItem\",\"position\":2,\"name\":\"Romain Bardet : \u00ab\u00a0C\u2019\u00e9tait plus dur mentalement que physiquement dans le final\u00a0\u00bb\"}]},{\"@type\":\"WebSite\",\"@id\":\"https:\/\/dicodusport.fr\/blog\/#website\",\"url\":\"https:\/\/dicodusport.fr\/blog\/\",\"name\":\"Dicodusport\",\"description\":\"L&#039;encyclop\u00e9die de l&#039;actualit\u00e9 sportive\",\"publisher\":{\"@id\":\"https:\/\/dicodusport.fr\/blog\/#organization\"},\"potentialAction\":[{\"@type\":\"SearchAction\",\"target\":{\"@type\":\"EntryPoint\",\"urlTemplate\":\"https:\/\/dicodusport.fr\/blog\/?s={search_term_string}\"},\"query-input\":{\"@type\":\"PropertyValueSpecification\",\"valueRequired\":true,\"valueName\":\"search_term_string\"}}],\"inLanguage\":\"fr-FR\"},{\"@type\":\"NewsMediaOrganization\",\"@id\":\"https:\/\/dicodusport.fr\/blog\/#organization\",\"name\":\"Dicodusport\",\"url\":\"https:\/\/dicodusport.fr\/blog\/\",\"logo\":{\"@type\":\"ImageObject\",\"inLanguage\":\"fr-FR\",\"@id\":\"https:\/\/dicodusport.fr\/blog\/#\/schema\/logo\/image\/\",\"url\":\"https:\/\/dicodusport.fr\/blog\/wp-content\/uploads\/2020\/06\/cropped-LOGO-DICODUSPORT-2020-SANS-FOND-SANS-TEXTE.png\",\"contentUrl\":\"https:\/\/dicodusport.fr\/blog\/wp-content\/uploads\/2020\/06\/cropped-LOGO-DICODUSPORT-2020-SANS-FOND-SANS-TEXTE.png\",\"width\":512,\"height\":512,\"caption\":\"Dicodusport\"},\"image\":{\"@id\":\"https:\/\/dicodusport.fr\/blog\/#\/schema\/logo\/image\/\"},\"sameAs\":[\"https:\/\/www.facebook.com\/dicodusport\",\"https:\/\/x.com\/dicodusport\",\"https:\/\/www.instagram.com\/dicodusport\/\",\"https:\/\/www.youtube.com\/channel\/UC7V2KZ5sd3htJivAbA4ZG3w\"],\"description\":\"Dicodusport est l'encyclop\u00e9die de l'actualit\u00e9 sportive.\",\"email\":\"bonjour@dicodusport.fr\",\"legalName\":\"DICODUSPORT\",\"foundingDate\":\"2018-01-14\",\"vatID\":\"FR71834470973\",\"taxID\":\"83447097300043\",\"numberOfEmployees\":{\"@type\":\"QuantitativeValue\",\"minValue\":\"1\",\"maxValue\":\"10\"}},{\"@type\":\"Person\",\"@id\":\"https:\/\/dicodusport.fr\/blog\/#\/schema\/person\/55dcb50ad410894e431ed812bbb70191\",\"name\":\"Nicolas Jacquemard\",\"image\":{\"@type\":\"ImageObject\",\"inLanguage\":\"fr-FR\",\"@id\":\"https:\/\/dicodusport.fr\/blog\/#\/schema\/person\/image\/\",\"url\":\"https:\/\/dicodusport.fr\/blog\/wp-content\/uploads\/2021\/05\/Nicolas-Jacquemard-150x150.jpeg\",\"contentUrl\":\"https:\/\/dicodusport.fr\/blog\/wp-content\/uploads\/2021\/05\/Nicolas-Jacquemard-150x150.jpeg\",\"caption\":\"Nicolas Jacquemard\"},\"description\":\"Passionn\u00e9 de sport et entrepreneur depuis mes 18 ans, la cr\u00e9ation de Dicodusport m'a sembl\u00e9 \u00e9vidente pour participer \u00e0 la m\u00e9diatisation d'un plus grand nombre de sports. Le chemin est long mais avec une \u00e9quipe des plus motiv\u00e9es et les Jeux Olympiques de Paris 2024 en point de mire, nous y arriverons ! Journaliste dans le monde du sport depuis plus de 5 ans, je traite aussi bien de football, de rugby, de biathlon que de cyclisme.\",\"sameAs\":[\"https:\/\/www.facebook.com\/dicodusport\",\"https:\/\/x.com\/https:\/\/twitter.com\/Nico_Jacquemard\"],\"url\":\"https:\/\/dicodusport.fr\/blog\/author\/dicodusport\/\"}]}<\/script>\n<!-- \/ Yoast SEO Premium plugin. -->","yoast_head_json":{"title":"Romain Bardet : \"C\u2019\u00e9tait plus dur mentalement que physiquement dans le final\"","description":"TOUR D'ESPAGNE 2021 - Vainqueur de la 14\u00e8me \u00e9tape de la Vuelta en solitaire, Romain Bardet (Team DSM) retrouve son meilleur niveau.","robots":{"index":"index","follow":"follow","max-snippet":"max-snippet:-1","max-image-preview":"max-image-preview:large","max-video-preview":"max-video-preview:-1"},"canonical":"https:\/\/dicodusport.fr\/blog\/romain-bardet-cetait-plus-dur-mentalement-que-physiquement-dans-le-final\/","og_locale":"fr_FR","og_type":"article","og_title":"Romain Bardet : \"C\u2019\u00e9tait plus dur mentalement que physiquement dans le final\"","og_description":"TOUR D'ESPAGNE 2021 - Vainqueur de la 14\u00e8me \u00e9tape de la Vuelta en solitaire, Romain Bardet (Team DSM) retrouve son meilleur niveau.","og_url":"https:\/\/dicodusport.fr\/blog\/romain-bardet-cetait-plus-dur-mentalement-que-physiquement-dans-le-final\/","og_site_name":"Dicodusport","article_publisher":"https:\/\/www.facebook.com\/dicodusport","article_author":"https:\/\/www.facebook.com\/dicodusport","article_published_time":"2021-08-29T08:31:58+00:00","article_modified_time":"2021-08-29T11:42:03+00:00","og_image":[{"width":800,"height":445,"url":"https:\/\/dicodusport.fr\/blog\/wp-content\/uploads\/2021\/08\/Romain-Bardet-Ce\u0301tait-plus-dur-mentalement-que-physiquement-dans-le-final.png","type":"image\/png"}],"author":"Nicolas Jacquemard","twitter_card":"summary_large_image","twitter_title":"Romain Bardet : \"C\u2019\u00e9tait plus dur mentalement que physiquement dans le final\"","twitter_creator":"@https:\/\/twitter.com\/Nico_Jacquemard","twitter_site":"@dicodusport","schema":{"@context":"https:\/\/schema.org","@graph":[{"@type":"NewsArticle","@id":"https:\/\/dicodusport.fr\/blog\/romain-bardet-cetait-plus-dur-mentalement-que-physiquement-dans-le-final\/#article","isPartOf":{"@id":"https:\/\/dicodusport.fr\/blog\/romain-bardet-cetait-plus-dur-mentalement-que-physiquement-dans-le-final\/"},"author":{"name":"Nicolas Jacquemard","@id":"https:\/\/dicodusport.fr\/blog\/#\/schema\/person\/55dcb50ad410894e431ed812bbb70191"},"headline":"Romain Bardet : \u00ab\u00a0C\u2019\u00e9tait plus dur mentalement que physiquement dans le final\u00a0\u00bb","datePublished":"2021-08-29T08:31:58+00:00","dateModified":"2021-08-29T11:42:03+00:00","mainEntityOfPage":{"@id":"https:\/\/dicodusport.fr\/blog\/romain-bardet-cetait-plus-dur-mentalement-que-physiquement-dans-le-final\/"},"wordCount":207,"commentCount":0,"publisher":{"@id":"https:\/\/dicodusport.fr\/blog\/#organization"},"image":{"@id":"https:\/\/dicodusport.fr\/blog\/romain-bardet-cetait-plus-dur-mentalement-que-physiquement-dans-le-final\/#primaryimage"},"thumbnailUrl":"https:\/\/dicodusport.fr\/blog\/wp-content\/uploads\/2021\/08\/Romain-Bardet-Ce\u0301tait-plus-dur-mentalement-que-physiquement-dans-le-final.png","keywords":["bardet","Romain Bardet","Vuelta"],"articleSection":["Tour d'Espagne"],"inLanguage":"fr-FR","potentialAction":[{"@type":"CommentAction","name":"Comment","target":["https:\/\/dicodusport.fr\/blog\/romain-bardet-cetait-plus-dur-mentalement-que-physiquement-dans-le-final\/#respond"]}],"copyrightYear":"2021","copyrightHolder":{"@id":"https:\/\/dicodusport.fr\/blog\/#organization"}},{"@type":"WebPage","@id":"https:\/\/dicodusport.fr\/blog\/romain-bardet-cetait-plus-dur-mentalement-que-physiquement-dans-le-final\/","url":"https:\/\/dicodusport.fr\/blog\/romain-bardet-cetait-plus-dur-mentalement-que-physiquement-dans-le-final\/","name":"Romain Bardet : \"C\u2019\u00e9tait plus dur mentalement que physiquement dans le final\"","isPartOf":{"@id":"https:\/\/dicodusport.fr\/blog\/#website"},"primaryImageOfPage":{"@id":"https:\/\/dicodusport.fr\/blog\/romain-bardet-cetait-plus-dur-mentalement-que-physiquement-dans-le-final\/#primaryimage"},"image":{"@id":"https:\/\/dicodusport.fr\/blog\/romain-bardet-cetait-plus-dur-mentalement-que-physiquement-dans-le-final\/#primaryimage"},"thumbnailUrl":"https:\/\/dicodusport.fr\/blog\/wp-content\/uploads\/2021\/08\/Romain-Bardet-Ce\u0301tait-plus-dur-mentalement-que-physiquement-dans-le-final.png","datePublished":"2021-08-29T08:31:58+00:00","dateModified":"2021-08-29T11:42:03+00:00","description":"TOUR D'ESPAGNE 2021 - Vainqueur de la 14\u00e8me \u00e9tape de la Vuelta en solitaire, Romain Bardet (Team DSM) retrouve son meilleur niveau.","breadcrumb":{"@id":"https:\/\/dicodusport.fr\/blog\/romain-bardet-cetait-plus-dur-mentalement-que-physiquement-dans-le-final\/#breadcrumb"},"inLanguage":"fr-FR","potentialAction":[{"@type":"ReadAction","target":["https:\/\/dicodusport.fr\/blog\/romain-bardet-cetait-plus-dur-mentalement-que-physiquement-dans-le-final\/"]}]},{"@type":"ImageObject","inLanguage":"fr-FR","@id":"https:\/\/dicodusport.fr\/blog\/romain-bardet-cetait-plus-dur-mentalement-que-physiquement-dans-le-final\/#primaryimage","url":"https:\/\/dicodusport.fr\/blog\/wp-content\/uploads\/2021\/08\/Romain-Bardet-Ce\u0301tait-plus-dur-mentalement-que-physiquement-dans-le-final.png","contentUrl":"https:\/\/dicodusport.fr\/blog\/wp-content\/uploads\/2021\/08\/Romain-Bardet-Ce\u0301tait-plus-dur-mentalement-que-physiquement-dans-le-final.png","width":800,"height":445},{"@type":"BreadcrumbList","@id":"https:\/\/dicodusport.fr\/blog\/romain-bardet-cetait-plus-dur-mentalement-que-physiquement-dans-le-final\/#breadcrumb","itemListElement":[{"@type":"ListItem","position":1,"name":"Accueil","item":"https:\/\/dicodusport.fr\/blog\/"},{"@type":"ListItem","position":2,"name":"Romain Bardet : \u00ab\u00a0C\u2019\u00e9tait plus dur mentalement que physiquement dans le final\u00a0\u00bb"}]},{"@type":"WebSite","@id":"https:\/\/dicodusport.fr\/blog\/#website","url":"https:\/\/dicodusport.fr\/blog\/","name":"Dicodusport","description":"L&#039;encyclop\u00e9die de l&#039;actualit\u00e9 sportive","publisher":{"@id":"https:\/\/dicodusport.fr\/blog\/#organization"},"potentialAction":[{"@type":"SearchAction","target":{"@type":"EntryPoint","urlTemplate":"https:\/\/dicodusport.fr\/blog\/?s={search_term_string}"},"query-input":{"@type":"PropertyValueSpecification","valueRequired":true,"valueName":"search_term_string"}}],"inLanguage":"fr-FR"},{"@type":"NewsMediaOrganization","@id":"https:\/\/dicodusport.fr\/blog\/#organization","name":"Dicodusport","url":"https:\/\/dicodusport.fr\/blog\/","logo":{"@type":"ImageObject","inLanguage":"fr-FR","@id":"https:\/\/dicodusport.fr\/blog\/#\/schema\/logo\/image\/","url":"https:\/\/dicodusport.fr\/blog\/wp-content\/uploads\/2020\/06\/cropped-LOGO-DICODUSPORT-2020-SANS-FOND-SANS-TEXTE.png","contentUrl":"https:\/\/dicodusport.fr\/blog\/wp-content\/uploads\/2020\/06\/cropped-LOGO-DICODUSPORT-2020-SANS-FOND-SANS-TEXTE.png","width":512,"height":512,"caption":"Dicodusport"},"image":{"@id":"https:\/\/dicodusport.fr\/blog\/#\/schema\/logo\/image\/"},"sameAs":["https:\/\/www.facebook.com\/dicodusport","https:\/\/x.com\/dicodusport","https:\/\/www.instagram.com\/dicodusport\/","https:\/\/www.youtube.com\/channel\/UC7V2KZ5sd3htJivAbA4ZG3w"],"description":"Dicodusport est l'encyclop\u00e9die de l'actualit\u00e9 sportive.","email":"bonjour@dicodusport.fr","legalName":"DICODUSPORT","foundingDate":"2018-01-14","vatID":"FR71834470973","taxID":"83447097300043","numberOfEmployees":{"@type":"QuantitativeValue","minValue":"1","maxValue":"10"}},{"@type":"Person","@id":"https:\/\/dicodusport.fr\/blog\/#\/schema\/person\/55dcb50ad410894e431ed812bbb70191","name":"Nicolas Jacquemard","image":{"@type":"ImageObject","inLanguage":"fr-FR","@id":"https:\/\/dicodusport.fr\/blog\/#\/schema\/person\/image\/","url":"https:\/\/dicodusport.fr\/blog\/wp-content\/uploads\/2021\/05\/Nicolas-Jacquemard-150x150.jpeg","contentUrl":"https:\/\/dicodusport.fr\/blog\/wp-content\/uploads\/2021\/05\/Nicolas-Jacquemard-150x150.jpeg","caption":"Nicolas Jacquemard"},"description":"Passionn\u00e9 de sport et entrepreneur depuis mes 18 ans, la cr\u00e9ation de Dicodusport m'a sembl\u00e9 \u00e9vidente pour participer \u00e0 la m\u00e9diatisation d'un plus grand nombre de sports. Le chemin est long mais avec une \u00e9quipe des plus motiv\u00e9es et les Jeux Olympiques de Paris 2024 en point de mire, nous y arriverons ! Journaliste dans le monde du sport depuis plus de 5 ans, je traite aussi bien de football, de rugby, de biathlon que de cyclisme.","sameAs":["https:\/\/www.facebook.com\/dicodusport","https:\/\/x.com\/https:\/\/twitter.com\/Nico_Jacquemard"],"url":"https:\/\/dicodusport.fr\/blog\/author\/dicodusport\/"}]}},"_links":{"self":[{"href":"https:\/\/dicodusport.fr\/blog\/wp-json\/wp\/v2\/posts\/162400","targetHints":{"allow":["GET"]}}],"collection":[{"href":"https:\/\/dicodusport.fr\/blog\/wp-json\/wp\/v2\/posts"}],"about":[{"href":"https:\/\/dicodusport.fr\/blog\/wp-json\/wp\/v2\/types\/post"}],"author":[{"embeddable":true,"href":"https:\/\/dicodusport.fr\/blog\/wp-json\/wp\/v2\/users\/1"}],"replies":[{"embeddable":true,"href":"https:\/\/dicodusport.fr\/blog\/wp-json\/wp\/v2\/comments?post=162400"}],"version-history":[{"count":0,"href":"https:\/\/dicodusport.fr\/blog\/wp-json\/wp\/v2\/posts\/162400\/revisions"}],"wp:featuredmedia":[{"embeddable":true,"href":"https:\/\/dicodusport.fr\/blog\/wp-json\/wp\/v2\/media\/162409"}],"wp:attachment":[{"href":"https:\/\/dicodusport.fr\/blog\/wp-json\/wp\/v2\/media?parent=162400"}],"wp:term":[{"taxonomy":"category","embeddable":true,"href":"https:\/\/dicodusport.fr\/blog\/wp-json\/wp\/v2\/categories?post=162400"},{"taxonomy":"post_tag","embeddable":true,"href":"https:\/\/dicodusport.fr\/blog\/wp-json\/wp\/v2\/tags?post=162400"}],"curies":[{"name":"wp","href":"https:\/\/api.w.org\/{rel}","templated":true}]}}