{"id":162503,"date":"2021-08-29T14:07:23","date_gmt":"2021-08-29T12:07:23","guid":{"rendered":"https:\/\/dicodusport.fr\/blog\/?p=162503&#038;preview=true&#038;preview_id=162503"},"modified":"2021-08-30T07:53:54","modified_gmt":"2021-08-30T05:53:54","slug":"vtt-descente-myriam-nicole-championne-du-monde-devant-marine-cabirou","status":"publish","type":"post","link":"https:\/\/dicodusport.fr\/blog\/vtt-descente-myriam-nicole-championne-du-monde-devant-marine-cabirou\/","title":{"rendered":"VTT descente : Myriam Nicole championne du monde devant Marine Cabirou"},"content":{"rendered":"<p style=\"text-align: justify;\"><strong><em><a href=\"https:\/\/dicodusport.fr\/blog\/championnats-du-monde-vtt-2021-programme-complet\/\">VTT \u2013 CHAMPIONNATS DU MONDE 2021<\/a> \u2013 Myriam Nicole remporte un deuxi\u00e8me titre de championne du monde \u00e0 Val di Sole en devan\u00e7ant une autre Tricolore, Marine Cabirou.<\/em><\/strong><\/p>\n<p style=\"text-align: justify;\">Avec son dossard num\u00e9ro 4, <strong>Marine Cabirou<\/strong> a r\u00e9alis\u00e9 une \u00e9norme descente pour prendre la t\u00eate du classement alors qu&rsquo;il ne restait plus que trois filles au d\u00e9part. La Fran\u00e7aise restait en t\u00eate malgr\u00e9 le tr\u00e8s bon passage de la championne du monde 2020, Camille Balanche, finalement troisi\u00e8me, et il ne restait que <strong>Myriam Nicole<\/strong> pour passer devant. La championne du monde 2019 r\u00e9alise une descente de r\u00eave pour aller chercher un nouveau sacre avec plus de quatre seconde d&rsquo;avance sur sa compatriote.<\/p>\n<p style=\"text-align: justify;\"><strong>Valentina H\u00f6ll<\/strong>, championne du monde juniors et meilleur temps des qualifications, a chut\u00e9 en finale alors qu&rsquo;elle \u00e9tait partie pour une tr\u00e8s grosse course.<\/p>\n<blockquote class=\"twitter-tweet\">\n<p dir=\"ltr\" lang=\"en\">&#x1f1eb;&#x1f1f7; &#x1f947; <a href=\"https:\/\/twitter.com\/myriamnicole7?ref_src=twsrc%5Etfw\">@myriamnicole7<\/a> &#x1f947;&#x1f1eb;&#x1f1f7;<\/p>\n<p>2021 UCI MTB Women Elite DH World Champion!<a href=\"https:\/\/twitter.com\/hashtag\/ValdiSole2021?src=hash&amp;ref_src=twsrc%5Etfw\">#ValdiSole2021<\/a> <a href=\"https:\/\/t.co\/J2Rp43j5t0\">pic.twitter.com\/J2Rp43j5t0<\/a><\/p>\n<p>\u2014 UCI MTB (@UCI_MTB) <a href=\"https:\/\/twitter.com\/UCI_MTB\/status\/1431947742851502081?ref_src=twsrc%5Etfw\">August 29, 2021<\/a><\/p><\/blockquote>\n<p style=\"text-align: justify;\"><script async src=\"https:\/\/platform.twitter.com\/widgets.js\" charset=\"utf-8\"><\/script><\/p>\n","protected":false},"excerpt":{"rendered":"<p>VTT \u2013 CHAMPIONNATS DU MONDE 2021 \u2013 Myriam Nicole remporte un deuxi\u00e8me titre de championne du monde \u00e0 Val di Sole en devan\u00e7ant une autre Tricolore, Marine Cabirou.<\/p>\n","protected":false},"author":1,"featured_media":162529,"comment_status":"open","ping_status":"closed","sticky":false,"template":"","format":"standard","meta":{"_acf_changed":false,"_daextam_enable_autolinks":"","footnotes":""},"categories":[10279],"tags":[10993,1259,692],"class_list":["post-162503","post","type-post","status-publish","format-standard","has-post-thumbnail","hentry","category-vtt","tag-marine-cabirou","tag-myriam-nicole","tag-vtt"],"acf":[],"yoast_head":"<!-- This site is optimized with the Yoast SEO Premium plugin v26.7 (Yoast SEO v26.7) - https:\/\/yoast.com\/wordpress\/plugins\/seo\/ -->\n<title>VTT descente : Myriam Nicole championne du monde devant Marine Cabirou<\/title>\n<meta name=\"description\" content=\"VTT \u2013 CHAMPIONNATS DU MONDE 2021 \u2013 Myriam Nicole remporte un deuxi\u00e8me titre de championne du monde \u00e0 Val di Sole en devan\u00e7ant une autre Tricolore, Marine Cabirou.\" \/>\n<meta name=\"robots\" content=\"index, follow, max-snippet:-1, max-image-preview:large, max-video-preview:-1\" \/>\n<link rel=\"canonical\" href=\"https:\/\/dicodusport.fr\/blog\/vtt-descente-myriam-nicole-championne-du-monde-devant-marine-cabirou\/\" \/>\n<meta property=\"og:locale\" content=\"fr_FR\" \/>\n<meta property=\"og:type\" content=\"article\" \/>\n<meta property=\"og:title\" content=\"VTT descente : Myriam Nicole championne du monde devant Marine Cabirou\" \/>\n<meta property=\"og:description\" content=\"VTT \u2013 CHAMPIONNATS DU MONDE 2021 \u2013 Myriam Nicole remporte un deuxi\u00e8me titre de championne du monde \u00e0 Val di Sole en devan\u00e7ant une autre Tricolore, Marine Cabirou.\" \/>\n<meta property=\"og:url\" content=\"https:\/\/dicodusport.fr\/blog\/vtt-descente-myriam-nicole-championne-du-monde-devant-marine-cabirou\/\" \/>\n<meta property=\"og:site_name\" content=\"Dicodusport\" \/>\n<meta property=\"article:publisher\" content=\"https:\/\/www.facebook.com\/dicodusport\" \/>\n<meta property=\"article:author\" content=\"https:\/\/www.facebook.com\/dicodusport\" \/>\n<meta property=\"article:published_time\" content=\"2021-08-29T12:07:23+00:00\" \/>\n<meta property=\"article:modified_time\" content=\"2021-08-30T05:53:54+00:00\" \/>\n<meta property=\"og:image\" content=\"https:\/\/dicodusport.fr\/blog\/wp-content\/uploads\/2021\/08\/Myriam-Nicole-championne-du-monde-devant-Marine-Cabirou-.png\" \/>\n\t<meta property=\"og:image:width\" content=\"800\" \/>\n\t<meta property=\"og:image:height\" content=\"445\" \/>\n\t<meta property=\"og:image:type\" content=\"image\/png\" \/>\n<meta name=\"author\" content=\"Nicolas Jacquemard\" \/>\n<meta name=\"twitter:card\" content=\"summary_large_image\" \/>\n<meta name=\"twitter:title\" content=\"VTT descente : Myriam Nicole championne du monde devant Marine Cabirou\" \/>\n<meta name=\"twitter:creator\" content=\"@https:\/\/twitter.com\/Nico_Jacquemard\" \/>\n<meta name=\"twitter:site\" content=\"@dicodusport\" \/>\n<script type=\"application\/ld+json\" class=\"yoast-schema-graph\">{\"@context\":\"https:\/\/schema.org\",\"@graph\":[{\"@type\":\"NewsArticle\",\"@id\":\"https:\/\/dicodusport.fr\/blog\/vtt-descente-myriam-nicole-championne-du-monde-devant-marine-cabirou\/#article\",\"isPartOf\":{\"@id\":\"https:\/\/dicodusport.fr\/blog\/vtt-descente-myriam-nicole-championne-du-monde-devant-marine-cabirou\/\"},\"author\":{\"name\":\"Nicolas Jacquemard\",\"@id\":\"https:\/\/dicodusport.fr\/blog\/#\/schema\/person\/55dcb50ad410894e431ed812bbb70191\"},\"headline\":\"VTT descente : Myriam Nicole championne du monde devant Marine Cabirou\",\"datePublished\":\"2021-08-29T12:07:23+00:00\",\"dateModified\":\"2021-08-30T05:53:54+00:00\",\"mainEntityOfPage\":{\"@id\":\"https:\/\/dicodusport.fr\/blog\/vtt-descente-myriam-nicole-championne-du-monde-devant-marine-cabirou\/\"},\"wordCount\":192,\"commentCount\":0,\"publisher\":{\"@id\":\"https:\/\/dicodusport.fr\/blog\/#organization\"},\"image\":{\"@id\":\"https:\/\/dicodusport.fr\/blog\/vtt-descente-myriam-nicole-championne-du-monde-devant-marine-cabirou\/#primaryimage\"},\"thumbnailUrl\":\"https:\/\/dicodusport.fr\/blog\/wp-content\/uploads\/2021\/08\/Myriam-Nicole-championne-du-monde-devant-Marine-Cabirou-.png\",\"keywords\":[\"Marine Cabirou\",\"Myriam Nicole\",\"VTT\"],\"articleSection\":[\"VTT\"],\"inLanguage\":\"fr-FR\",\"potentialAction\":[{\"@type\":\"CommentAction\",\"name\":\"Comment\",\"target\":[\"https:\/\/dicodusport.fr\/blog\/vtt-descente-myriam-nicole-championne-du-monde-devant-marine-cabirou\/#respond\"]}],\"copyrightYear\":\"2021\",\"copyrightHolder\":{\"@id\":\"https:\/\/dicodusport.fr\/blog\/#organization\"}},{\"@type\":\"WebPage\",\"@id\":\"https:\/\/dicodusport.fr\/blog\/vtt-descente-myriam-nicole-championne-du-monde-devant-marine-cabirou\/\",\"url\":\"https:\/\/dicodusport.fr\/blog\/vtt-descente-myriam-nicole-championne-du-monde-devant-marine-cabirou\/\",\"name\":\"VTT descente : Myriam Nicole championne du monde devant Marine Cabirou\",\"isPartOf\":{\"@id\":\"https:\/\/dicodusport.fr\/blog\/#website\"},\"primaryImageOfPage\":{\"@id\":\"https:\/\/dicodusport.fr\/blog\/vtt-descente-myriam-nicole-championne-du-monde-devant-marine-cabirou\/#primaryimage\"},\"image\":{\"@id\":\"https:\/\/dicodusport.fr\/blog\/vtt-descente-myriam-nicole-championne-du-monde-devant-marine-cabirou\/#primaryimage\"},\"thumbnailUrl\":\"https:\/\/dicodusport.fr\/blog\/wp-content\/uploads\/2021\/08\/Myriam-Nicole-championne-du-monde-devant-Marine-Cabirou-.png\",\"datePublished\":\"2021-08-29T12:07:23+00:00\",\"dateModified\":\"2021-08-30T05:53:54+00:00\",\"description\":\"VTT \u2013 CHAMPIONNATS DU MONDE 2021 \u2013 Myriam Nicole remporte un deuxi\u00e8me titre de championne du monde \u00e0 Val di Sole en devan\u00e7ant une autre Tricolore, Marine Cabirou.\",\"breadcrumb\":{\"@id\":\"https:\/\/dicodusport.fr\/blog\/vtt-descente-myriam-nicole-championne-du-monde-devant-marine-cabirou\/#breadcrumb\"},\"inLanguage\":\"fr-FR\",\"potentialAction\":[{\"@type\":\"ReadAction\",\"target\":[\"https:\/\/dicodusport.fr\/blog\/vtt-descente-myriam-nicole-championne-du-monde-devant-marine-cabirou\/\"]}]},{\"@type\":\"ImageObject\",\"inLanguage\":\"fr-FR\",\"@id\":\"https:\/\/dicodusport.fr\/blog\/vtt-descente-myriam-nicole-championne-du-monde-devant-marine-cabirou\/#primaryimage\",\"url\":\"https:\/\/dicodusport.fr\/blog\/wp-content\/uploads\/2021\/08\/Myriam-Nicole-championne-du-monde-devant-Marine-Cabirou-.png\",\"contentUrl\":\"https:\/\/dicodusport.fr\/blog\/wp-content\/uploads\/2021\/08\/Myriam-Nicole-championne-du-monde-devant-Marine-Cabirou-.png\",\"width\":800,\"height\":445,\"caption\":\"Myriam Nicole revient sur le toit du monde - Photo UCI\"},{\"@type\":\"BreadcrumbList\",\"@id\":\"https:\/\/dicodusport.fr\/blog\/vtt-descente-myriam-nicole-championne-du-monde-devant-marine-cabirou\/#breadcrumb\",\"itemListElement\":[{\"@type\":\"ListItem\",\"position\":1,\"name\":\"Accueil\",\"item\":\"https:\/\/dicodusport.fr\/blog\/\"},{\"@type\":\"ListItem\",\"position\":2,\"name\":\"VTT descente : Myriam Nicole championne du monde devant Marine Cabirou\"}]},{\"@type\":\"WebSite\",\"@id\":\"https:\/\/dicodusport.fr\/blog\/#website\",\"url\":\"https:\/\/dicodusport.fr\/blog\/\",\"name\":\"Dicodusport\",\"description\":\"L&#039;encyclop\u00e9die de l&#039;actualit\u00e9 sportive\",\"publisher\":{\"@id\":\"https:\/\/dicodusport.fr\/blog\/#organization\"},\"potentialAction\":[{\"@type\":\"SearchAction\",\"target\":{\"@type\":\"EntryPoint\",\"urlTemplate\":\"https:\/\/dicodusport.fr\/blog\/?s={search_term_string}\"},\"query-input\":{\"@type\":\"PropertyValueSpecification\",\"valueRequired\":true,\"valueName\":\"search_term_string\"}}],\"inLanguage\":\"fr-FR\"},{\"@type\":\"NewsMediaOrganization\",\"@id\":\"https:\/\/dicodusport.fr\/blog\/#organization\",\"name\":\"Dicodusport\",\"url\":\"https:\/\/dicodusport.fr\/blog\/\",\"logo\":{\"@type\":\"ImageObject\",\"inLanguage\":\"fr-FR\",\"@id\":\"https:\/\/dicodusport.fr\/blog\/#\/schema\/logo\/image\/\",\"url\":\"https:\/\/dicodusport.fr\/blog\/wp-content\/uploads\/2020\/06\/cropped-LOGO-DICODUSPORT-2020-SANS-FOND-SANS-TEXTE.png\",\"contentUrl\":\"https:\/\/dicodusport.fr\/blog\/wp-content\/uploads\/2020\/06\/cropped-LOGO-DICODUSPORT-2020-SANS-FOND-SANS-TEXTE.png\",\"width\":512,\"height\":512,\"caption\":\"Dicodusport\"},\"image\":{\"@id\":\"https:\/\/dicodusport.fr\/blog\/#\/schema\/logo\/image\/\"},\"sameAs\":[\"https:\/\/www.facebook.com\/dicodusport\",\"https:\/\/x.com\/dicodusport\",\"https:\/\/www.instagram.com\/dicodusport\/\",\"https:\/\/www.youtube.com\/channel\/UC7V2KZ5sd3htJivAbA4ZG3w\"],\"description\":\"Dicodusport est l'encyclop\u00e9die de l'actualit\u00e9 sportive.\",\"email\":\"bonjour@dicodusport.fr\",\"legalName\":\"DICODUSPORT\",\"foundingDate\":\"2018-01-14\",\"vatID\":\"FR71834470973\",\"taxID\":\"83447097300043\",\"numberOfEmployees\":{\"@type\":\"QuantitativeValue\",\"minValue\":\"1\",\"maxValue\":\"10\"}},{\"@type\":\"Person\",\"@id\":\"https:\/\/dicodusport.fr\/blog\/#\/schema\/person\/55dcb50ad410894e431ed812bbb70191\",\"name\":\"Nicolas Jacquemard\",\"image\":{\"@type\":\"ImageObject\",\"inLanguage\":\"fr-FR\",\"@id\":\"https:\/\/dicodusport.fr\/blog\/#\/schema\/person\/image\/\",\"url\":\"https:\/\/dicodusport.fr\/blog\/wp-content\/uploads\/2021\/05\/Nicolas-Jacquemard-150x150.jpeg\",\"contentUrl\":\"https:\/\/dicodusport.fr\/blog\/wp-content\/uploads\/2021\/05\/Nicolas-Jacquemard-150x150.jpeg\",\"caption\":\"Nicolas Jacquemard\"},\"description\":\"Passionn\u00e9 de sport et entrepreneur depuis mes 18 ans, la cr\u00e9ation de Dicodusport m'a sembl\u00e9 \u00e9vidente pour participer \u00e0 la m\u00e9diatisation d'un plus grand nombre de sports. Le chemin est long mais avec une \u00e9quipe des plus motiv\u00e9es et les Jeux Olympiques de Paris 2024 en point de mire, nous y arriverons ! Journaliste dans le monde du sport depuis plus de 5 ans, je traite aussi bien de football, de rugby, de biathlon que de cyclisme.\",\"sameAs\":[\"https:\/\/www.facebook.com\/dicodusport\",\"https:\/\/x.com\/https:\/\/twitter.com\/Nico_Jacquemard\"],\"url\":\"https:\/\/dicodusport.fr\/blog\/author\/dicodusport\/\"}]}<\/script>\n<!-- \/ Yoast SEO Premium plugin. -->","yoast_head_json":{"title":"VTT descente : Myriam Nicole championne du monde devant Marine Cabirou","description":"VTT \u2013 CHAMPIONNATS DU MONDE 2021 \u2013 Myriam Nicole remporte un deuxi\u00e8me titre de championne du monde \u00e0 Val di Sole en devan\u00e7ant une autre Tricolore, Marine Cabirou.","robots":{"index":"index","follow":"follow","max-snippet":"max-snippet:-1","max-image-preview":"max-image-preview:large","max-video-preview":"max-video-preview:-1"},"canonical":"https:\/\/dicodusport.fr\/blog\/vtt-descente-myriam-nicole-championne-du-monde-devant-marine-cabirou\/","og_locale":"fr_FR","og_type":"article","og_title":"VTT descente : Myriam Nicole championne du monde devant Marine Cabirou","og_description":"VTT \u2013 CHAMPIONNATS DU MONDE 2021 \u2013 Myriam Nicole remporte un deuxi\u00e8me titre de championne du monde \u00e0 Val di Sole en devan\u00e7ant une autre Tricolore, Marine Cabirou.","og_url":"https:\/\/dicodusport.fr\/blog\/vtt-descente-myriam-nicole-championne-du-monde-devant-marine-cabirou\/","og_site_name":"Dicodusport","article_publisher":"https:\/\/www.facebook.com\/dicodusport","article_author":"https:\/\/www.facebook.com\/dicodusport","article_published_time":"2021-08-29T12:07:23+00:00","article_modified_time":"2021-08-30T05:53:54+00:00","og_image":[{"width":800,"height":445,"url":"https:\/\/dicodusport.fr\/blog\/wp-content\/uploads\/2021\/08\/Myriam-Nicole-championne-du-monde-devant-Marine-Cabirou-.png","type":"image\/png"}],"author":"Nicolas Jacquemard","twitter_card":"summary_large_image","twitter_title":"VTT descente : Myriam Nicole championne du monde devant Marine Cabirou","twitter_creator":"@https:\/\/twitter.com\/Nico_Jacquemard","twitter_site":"@dicodusport","schema":{"@context":"https:\/\/schema.org","@graph":[{"@type":"NewsArticle","@id":"https:\/\/dicodusport.fr\/blog\/vtt-descente-myriam-nicole-championne-du-monde-devant-marine-cabirou\/#article","isPartOf":{"@id":"https:\/\/dicodusport.fr\/blog\/vtt-descente-myriam-nicole-championne-du-monde-devant-marine-cabirou\/"},"author":{"name":"Nicolas Jacquemard","@id":"https:\/\/dicodusport.fr\/blog\/#\/schema\/person\/55dcb50ad410894e431ed812bbb70191"},"headline":"VTT descente : Myriam Nicole championne du monde devant Marine Cabirou","datePublished":"2021-08-29T12:07:23+00:00","dateModified":"2021-08-30T05:53:54+00:00","mainEntityOfPage":{"@id":"https:\/\/dicodusport.fr\/blog\/vtt-descente-myriam-nicole-championne-du-monde-devant-marine-cabirou\/"},"wordCount":192,"commentCount":0,"publisher":{"@id":"https:\/\/dicodusport.fr\/blog\/#organization"},"image":{"@id":"https:\/\/dicodusport.fr\/blog\/vtt-descente-myriam-nicole-championne-du-monde-devant-marine-cabirou\/#primaryimage"},"thumbnailUrl":"https:\/\/dicodusport.fr\/blog\/wp-content\/uploads\/2021\/08\/Myriam-Nicole-championne-du-monde-devant-Marine-Cabirou-.png","keywords":["Marine Cabirou","Myriam Nicole","VTT"],"articleSection":["VTT"],"inLanguage":"fr-FR","potentialAction":[{"@type":"CommentAction","name":"Comment","target":["https:\/\/dicodusport.fr\/blog\/vtt-descente-myriam-nicole-championne-du-monde-devant-marine-cabirou\/#respond"]}],"copyrightYear":"2021","copyrightHolder":{"@id":"https:\/\/dicodusport.fr\/blog\/#organization"}},{"@type":"WebPage","@id":"https:\/\/dicodusport.fr\/blog\/vtt-descente-myriam-nicole-championne-du-monde-devant-marine-cabirou\/","url":"https:\/\/dicodusport.fr\/blog\/vtt-descente-myriam-nicole-championne-du-monde-devant-marine-cabirou\/","name":"VTT descente : Myriam Nicole championne du monde devant Marine Cabirou","isPartOf":{"@id":"https:\/\/dicodusport.fr\/blog\/#website"},"primaryImageOfPage":{"@id":"https:\/\/dicodusport.fr\/blog\/vtt-descente-myriam-nicole-championne-du-monde-devant-marine-cabirou\/#primaryimage"},"image":{"@id":"https:\/\/dicodusport.fr\/blog\/vtt-descente-myriam-nicole-championne-du-monde-devant-marine-cabirou\/#primaryimage"},"thumbnailUrl":"https:\/\/dicodusport.fr\/blog\/wp-content\/uploads\/2021\/08\/Myriam-Nicole-championne-du-monde-devant-Marine-Cabirou-.png","datePublished":"2021-08-29T12:07:23+00:00","dateModified":"2021-08-30T05:53:54+00:00","description":"VTT \u2013 CHAMPIONNATS DU MONDE 2021 \u2013 Myriam Nicole remporte un deuxi\u00e8me titre de championne du monde \u00e0 Val di Sole en devan\u00e7ant une autre Tricolore, Marine Cabirou.","breadcrumb":{"@id":"https:\/\/dicodusport.fr\/blog\/vtt-descente-myriam-nicole-championne-du-monde-devant-marine-cabirou\/#breadcrumb"},"inLanguage":"fr-FR","potentialAction":[{"@type":"ReadAction","target":["https:\/\/dicodusport.fr\/blog\/vtt-descente-myriam-nicole-championne-du-monde-devant-marine-cabirou\/"]}]},{"@type":"ImageObject","inLanguage":"fr-FR","@id":"https:\/\/dicodusport.fr\/blog\/vtt-descente-myriam-nicole-championne-du-monde-devant-marine-cabirou\/#primaryimage","url":"https:\/\/dicodusport.fr\/blog\/wp-content\/uploads\/2021\/08\/Myriam-Nicole-championne-du-monde-devant-Marine-Cabirou-.png","contentUrl":"https:\/\/dicodusport.fr\/blog\/wp-content\/uploads\/2021\/08\/Myriam-Nicole-championne-du-monde-devant-Marine-Cabirou-.png","width":800,"height":445,"caption":"Myriam Nicole revient sur le toit du monde - Photo UCI"},{"@type":"BreadcrumbList","@id":"https:\/\/dicodusport.fr\/blog\/vtt-descente-myriam-nicole-championne-du-monde-devant-marine-cabirou\/#breadcrumb","itemListElement":[{"@type":"ListItem","position":1,"name":"Accueil","item":"https:\/\/dicodusport.fr\/blog\/"},{"@type":"ListItem","position":2,"name":"VTT descente : Myriam Nicole championne du monde devant Marine Cabirou"}]},{"@type":"WebSite","@id":"https:\/\/dicodusport.fr\/blog\/#website","url":"https:\/\/dicodusport.fr\/blog\/","name":"Dicodusport","description":"L&#039;encyclop\u00e9die de l&#039;actualit\u00e9 sportive","publisher":{"@id":"https:\/\/dicodusport.fr\/blog\/#organization"},"potentialAction":[{"@type":"SearchAction","target":{"@type":"EntryPoint","urlTemplate":"https:\/\/dicodusport.fr\/blog\/?s={search_term_string}"},"query-input":{"@type":"PropertyValueSpecification","valueRequired":true,"valueName":"search_term_string"}}],"inLanguage":"fr-FR"},{"@type":"NewsMediaOrganization","@id":"https:\/\/dicodusport.fr\/blog\/#organization","name":"Dicodusport","url":"https:\/\/dicodusport.fr\/blog\/","logo":{"@type":"ImageObject","inLanguage":"fr-FR","@id":"https:\/\/dicodusport.fr\/blog\/#\/schema\/logo\/image\/","url":"https:\/\/dicodusport.fr\/blog\/wp-content\/uploads\/2020\/06\/cropped-LOGO-DICODUSPORT-2020-SANS-FOND-SANS-TEXTE.png","contentUrl":"https:\/\/dicodusport.fr\/blog\/wp-content\/uploads\/2020\/06\/cropped-LOGO-DICODUSPORT-2020-SANS-FOND-SANS-TEXTE.png","width":512,"height":512,"caption":"Dicodusport"},"image":{"@id":"https:\/\/dicodusport.fr\/blog\/#\/schema\/logo\/image\/"},"sameAs":["https:\/\/www.facebook.com\/dicodusport","https:\/\/x.com\/dicodusport","https:\/\/www.instagram.com\/dicodusport\/","https:\/\/www.youtube.com\/channel\/UC7V2KZ5sd3htJivAbA4ZG3w"],"description":"Dicodusport est l'encyclop\u00e9die de l'actualit\u00e9 sportive.","email":"bonjour@dicodusport.fr","legalName":"DICODUSPORT","foundingDate":"2018-01-14","vatID":"FR71834470973","taxID":"83447097300043","numberOfEmployees":{"@type":"QuantitativeValue","minValue":"1","maxValue":"10"}},{"@type":"Person","@id":"https:\/\/dicodusport.fr\/blog\/#\/schema\/person\/55dcb50ad410894e431ed812bbb70191","name":"Nicolas Jacquemard","image":{"@type":"ImageObject","inLanguage":"fr-FR","@id":"https:\/\/dicodusport.fr\/blog\/#\/schema\/person\/image\/","url":"https:\/\/dicodusport.fr\/blog\/wp-content\/uploads\/2021\/05\/Nicolas-Jacquemard-150x150.jpeg","contentUrl":"https:\/\/dicodusport.fr\/blog\/wp-content\/uploads\/2021\/05\/Nicolas-Jacquemard-150x150.jpeg","caption":"Nicolas Jacquemard"},"description":"Passionn\u00e9 de sport et entrepreneur depuis mes 18 ans, la cr\u00e9ation de Dicodusport m'a sembl\u00e9 \u00e9vidente pour participer \u00e0 la m\u00e9diatisation d'un plus grand nombre de sports. Le chemin est long mais avec une \u00e9quipe des plus motiv\u00e9es et les Jeux Olympiques de Paris 2024 en point de mire, nous y arriverons ! Journaliste dans le monde du sport depuis plus de 5 ans, je traite aussi bien de football, de rugby, de biathlon que de cyclisme.","sameAs":["https:\/\/www.facebook.com\/dicodusport","https:\/\/x.com\/https:\/\/twitter.com\/Nico_Jacquemard"],"url":"https:\/\/dicodusport.fr\/blog\/author\/dicodusport\/"}]}},"_links":{"self":[{"href":"https:\/\/dicodusport.fr\/blog\/wp-json\/wp\/v2\/posts\/162503","targetHints":{"allow":["GET"]}}],"collection":[{"href":"https:\/\/dicodusport.fr\/blog\/wp-json\/wp\/v2\/posts"}],"about":[{"href":"https:\/\/dicodusport.fr\/blog\/wp-json\/wp\/v2\/types\/post"}],"author":[{"embeddable":true,"href":"https:\/\/dicodusport.fr\/blog\/wp-json\/wp\/v2\/users\/1"}],"replies":[{"embeddable":true,"href":"https:\/\/dicodusport.fr\/blog\/wp-json\/wp\/v2\/comments?post=162503"}],"version-history":[{"count":0,"href":"https:\/\/dicodusport.fr\/blog\/wp-json\/wp\/v2\/posts\/162503\/revisions"}],"wp:featuredmedia":[{"embeddable":true,"href":"https:\/\/dicodusport.fr\/blog\/wp-json\/wp\/v2\/media\/162529"}],"wp:attachment":[{"href":"https:\/\/dicodusport.fr\/blog\/wp-json\/wp\/v2\/media?parent=162503"}],"wp:term":[{"taxonomy":"category","embeddable":true,"href":"https:\/\/dicodusport.fr\/blog\/wp-json\/wp\/v2\/categories?post=162503"},{"taxonomy":"post_tag","embeddable":true,"href":"https:\/\/dicodusport.fr\/blog\/wp-json\/wp\/v2\/tags?post=162503"}],"curies":[{"name":"wp","href":"https:\/\/api.w.org\/{rel}","templated":true}]}}