{"id":162740,"date":"2021-08-30T11:40:30","date_gmt":"2021-08-30T09:40:30","guid":{"rendered":"https:\/\/dicodusport.fr\/blog\/?p=162740&#038;preview=true&#038;preview_id=162740"},"modified":"2021-08-31T09:21:26","modified_gmt":"2021-08-31T07:21:26","slug":"top-14-heure-nouveau-depart-asm-clermont","status":"publish","type":"post","link":"https:\/\/dicodusport.fr\/blog\/top-14-heure-nouveau-depart-asm-clermont\/","title":{"rendered":"Top 14 : L&rsquo;heure d&rsquo;un nouveau d\u00e9part pour l&rsquo;ASM Clermont ?"},"content":{"rendered":"<p style=\"text-align: justify;\"><em><strong><a href=\"https:\/\/dicodusport.fr\/blog\/actualites\/rugby\/rugby-a-xv\/top-14-2021-2022\/\">TOP 14 2021-2022<\/a> &#8211; Qualifi\u00e9 de justesse pour les phases finales la saison pass\u00e9e, Clermont aborde ce nouvel exercice avec app\u00e9tit. Avec un nouveau staff et un effectif quelque peu rajeuni, les Clermontois seront forc\u00e9ment \u00e0 suivre de pr\u00e8s, et notamment \u00e0 l&rsquo;approche du printemps. Que peut esp\u00e9rer l&rsquo;ASM durent cette saison 2021-2022 ?<\/strong><\/em><\/p>\n<p style=\"text-align: justify;\">Pour Clermont, il faudra tout d&rsquo;abord gommer toutes les imperfections de la saison derni\u00e8re. Globalement solides sur leurs terres mais aussi en d\u00e9placement, les Auvergnats ont aussi l\u00e2ch\u00e9 de nombreux points, par manque de constance, la faute notamment, \u00e0 une conqu\u00eate parfois catastrophique. Min\u00e9s par les blessures de ses talonneurs <strong>Yohan Beheragaray<\/strong> et <strong>Adrien P\u00e9lissi\u00e9<\/strong>, les Jaunards ont n\u00e9anmoins pu compter sur une m\u00eal\u00e9e plut\u00f4t efficace. Reste d\u00e9sormais \u00e0 bonifier leur attaque de feu, qui a fait la diff\u00e9rence en fin de saison r\u00e9guli\u00e8re au printemps derniers.<\/p>\n<h2 style=\"text-align: justify;\"><strong>Quel objectif pour l&rsquo;ASM Clermont ?<\/strong><\/h2>\n<p style=\"text-align: justify;\">\u00c0 Clermont, l&rsquo;objectif est assez simple \u00e0 trouver.<em> \u00ab On a atteint l&rsquo;objectif minimal \u00bb<\/em> disait en juin dernier le pr\u00e9sident de l&rsquo;ASM Clermont <strong>Jean-Michel Guillon<\/strong>, \u00e0 nos confr\u00e8res de <em>La Montagne<\/em>. Apr\u00e8s la phase finale donc, le club auvergnat va vouloir forc\u00e9ment monter d&rsquo;un cran. Une qualification directe pour les demies ? Ou voire mieux ? Forc\u00e9ment, les ambitions seront revues \u00e0 la hausse. Une place dans le top 6, c&rsquo;est bien, mais une \u00e9limination en barrages est loin du standing clermontois.<\/p>\n<p style=\"text-align: justify;\">Double champions de France (2010 et 2017), les Jaunards devront sans doute faire un choix entre le championnat et la Champions Cup, et nul doute qu&rsquo;ils se tourneront vers le Top 14, pour atteindre \u00e0 nouveau les sommets. Si l&rsquo;effectif est de qualit\u00e9, de nombreux joueurs manquent encore d&rsquo;exp\u00e9rience pour jouer sur deux tableaux.<\/p>\n<h2 style=\"text-align: justify;\">Staff et effectif : Un recrutement intelligent<\/h2>\n<p style=\"text-align: justify;\">C&rsquo;est LA grande r\u00e9volution en Auvergne. Exit Franck Az\u00e9ma, au club depuis 2010, manager depuis 2014, bonjour <strong>Jono Gibbes<\/strong>. L&rsquo;entra\u00eeneur n\u00e9o-z\u00e9landais, qui s&rsquo;est d\u00e9j\u00e0 occup\u00e9 des avants clermontois entre 2014 et 2017, revient \u00e0 Clermont pour devenir le manager du groupe professionnel. \u00c0 ses c\u00f4t\u00e9s, <strong>Davit Zirakashvili<\/strong>, homme d&rsquo;exp\u00e9rience mais surtout l&rsquo;une des pierres angulaires des succ\u00e8s auvergnats entre 2004 et 2020, prend en charge la m\u00eal\u00e9e jaunarde. D\u00e9j\u00e0 en place la saison pass\u00e9e, <strong>Benson Stanley<\/strong> restera \u00e0 la t\u00eate de la d\u00e9fense du club. M\u00eame chose pour <strong>Xavier Sadourny<\/strong>, toujours en charge de l&rsquo;animation offensive et du jeu au pied.<\/p>\n<p style=\"text-align: justify;\">C\u00f4t\u00e9 effectif, les Clermontois ont mis\u00e9 sur la stabilit\u00e9. Seulement trois recrues plut\u00f4t intelligentes, dans des secteurs que Clermont doit am\u00e9liorer : le pilier <strong>Djalil Agueni<\/strong> (19 ans) est arriv\u00e9e d&rsquo;Aix-en-Provence. La recrue phare se nomme <strong>Tomas Lavanini<\/strong> : le deuxi\u00e8me ligne argentin, 28 ans, d\u00e9barque de Leicester afin d&rsquo;amener de la stabilit\u00e9 \u00e0 la touche clermontois, d\u00e9faillante lors de l&rsquo;exercice pr\u00e9c\u00e9dent. Enfin, l&rsquo;ouvreur irlandais <strong>JJ Hanrahan<\/strong> (Munster), 28 ans, va venir apporter son sens du jeu, \u00e0 une ligne d&rsquo;attaque d\u00e9j\u00e0 bien huil\u00e9e. \u00c0 c\u00f4t\u00e9 de \u00e7a, les Clermontois s&rsquo;appuieront \u00e9galement sur leur jeunesse, avec en t\u00eate, le pilier <strong>Daniel Bibi Biziwu<\/strong> ou le centre <strong>Tani Vili<\/strong>.<\/p>\n<ul>\n<li style=\"text-align: justify;\"><a href=\"https:\/\/www.allrugby.com\/clubs\/asm-clermont-auvergne\/effectif\" target=\"_blank\" rel=\"nofollow noopener\"><strong>L&rsquo;effectif de l&rsquo;ASM Clermont pour la saison 2021-2022<\/strong><\/a><\/li>\n<\/ul>\n<h2 style=\"text-align: justify;\">Les joueurs \u00e0 suivre : Tomas Lavanini et Damian Penaud<\/h2>\n<p style=\"text-align: justify;\">Exp\u00e9rience et roublardise, voil\u00e0 ce qu&rsquo;il manquait peut-\u00eatre au pack clermontois sur certains matchs la saison pass\u00e9e. \u00c0 28 ans, le joueur aux 37 s\u00e9lections avec les Pumas de deux saisons int\u00e9ressantes avec Leicester, du moins sur le plan personnel. Excellent joueur de touche, <strong>Tomas Lavanini<\/strong>, car c&rsquo;est bien de lui dont on parle, ne se m\u00e9nage pas non plus dans le combat, faisait r\u00e9guli\u00e8rement partie des meilleurs plaqueurs de son \u00e9quipe. Et Jono Gibbes pourrait bien avoir trouv\u00e9 l\u00e0 son capitaine de touche par la saison \u00e0 venir.<\/p>\n<div id=\"attachment_162770\" style=\"width: 2570px\" class=\"wp-caption aligncenter\"><img loading=\"lazy\" decoding=\"async\" aria-describedby=\"caption-attachment-162770\" class=\"size-full wp-image-162770\" src=\"https:\/\/dicodusport.fr\/blog\/wp-content\/uploads\/2021\/08\/Tomas-Lavanini-latout-majeur-du-pack-clermont-scaled.jpg\" alt=\"Tomas Lavanini, l'atout majeur du pack clermontois ?\" width=\"2560\" height=\"1707\" srcset=\"https:\/\/dicodusport.fr\/blog\/wp-content\/uploads\/2021\/08\/Tomas-Lavanini-latout-majeur-du-pack-clermont-scaled.jpg 2560w, https:\/\/dicodusport.fr\/blog\/wp-content\/uploads\/2021\/08\/Tomas-Lavanini-latout-majeur-du-pack-clermont-300x200.jpg 300w, https:\/\/dicodusport.fr\/blog\/wp-content\/uploads\/2021\/08\/Tomas-Lavanini-latout-majeur-du-pack-clermont-1024x683.jpg 1024w, https:\/\/dicodusport.fr\/blog\/wp-content\/uploads\/2021\/08\/Tomas-Lavanini-latout-majeur-du-pack-clermont-768x512.jpg 768w, https:\/\/dicodusport.fr\/blog\/wp-content\/uploads\/2021\/08\/Tomas-Lavanini-latout-majeur-du-pack-clermont-1536x1024.jpg 1536w, https:\/\/dicodusport.fr\/blog\/wp-content\/uploads\/2021\/08\/Tomas-Lavanini-latout-majeur-du-pack-clermont-2048x1365.jpg 2048w\" sizes=\"auto, (max-width: 2560px) 100vw, 2560px\" \/><p id=\"caption-attachment-162770\" class=\"wp-caption-text\">Tomas Lavanini, l&rsquo;atout majeur du pack clermontois ? &#8211; Photo Icon Sport<\/p><\/div>\n<p style=\"text-align: justify;\">Derri\u00e8re, on s&rsquo;attardera sur <strong>Damian Penaud<\/strong>. Pourquoi lui ? Car \u00e0 24 ans, il est d\u00e9j\u00e0 un cadre de l&rsquo;\u00e9quipe clermontois, lui qui cumule d\u00e9j\u00e0 64 matchs de Top 14, pour 27 essais inscrits. Avec 5 essais en 13 matchs lors de l&rsquo;exercice 2020-2021, il sera une nouvelle fois l&rsquo;un des fers de lance d&rsquo;une attaque clermontoise toujours aussi redoutable. S&rsquo;il devrait manquer \u00e0 son \u00e9quipe cet automne et l&rsquo;hiver prochain, XV de France oblige, pourrait \u00eatre le facteur X de l&rsquo;ASM, si cette derni\u00e8re parvient \u00e0 rallier les phases finales, \u00e0 n&rsquo;en pas douter.<\/p>\n<h2>Notre pronostic : Clermont aura sa place dans le top 6<\/h2>\n<p style=\"text-align: justify;\">Cinqui\u00e8me la saison pass\u00e9e malgr\u00e9 un manque de constance \u00e9vident, Clermont ne devrait pas louper le bon wagon. \u00c9galement handicap\u00e9s par une touche incroyablement laborieuse la saison derni\u00e8re, le club auvergnat a fait ce qu&rsquo;il fait ces derni\u00e8res semaines pour combler ces manques, avec un duo <strong>Gibbes-Zirakashvili<\/strong> et l&rsquo;arriv\u00e9e de <strong>Lavanini<\/strong> qui vont apporter de la stabilit\u00e9 \u00e0 la conqu\u00eate des Jaunards. Ajoutez \u00e0 cela une ligne d&rsquo;attaque dangereuse de la 1\u00e8re \u00e0 la 80\u00e8me minute, et vous avez l\u00e0 une \u00e9quipe capable de faire des \u00e9tincelles. Cependant, il ne faudra pas s&rsquo;\u00e9parpiller en chemin, \u00e0 commencer peut-\u00eatre par faire de la Champions Cup un objectif tr\u00e8s secondaire.<\/p>\n<blockquote class=\"twitter-tweet\">\n<p dir=\"ltr\" lang=\"fr\">&#x1f4c5; Le calendrier de l&rsquo;<a href=\"https:\/\/twitter.com\/ASMOfficiel?ref_src=twsrc%5Etfw\">@ASMOfficiel<\/a> &#x1f4c5; <a href=\"https:\/\/twitter.com\/top14rugby?ref_src=twsrc%5Etfw\">@top14rugby<\/a><\/p>\n<p>les Clermontois d\u00e9buteront leur saison sur la pelouse du <a href=\"https:\/\/twitter.com\/LeLOURugby?ref_src=twsrc%5Etfw\">@LeLOURugby<\/a> et la termineront au <a href=\"https:\/\/twitter.com\/hashtag\/Michelin?src=hash&amp;ref_src=twsrc%5Etfw\">#Michelin<\/a> face \u00e0 <a href=\"https:\/\/twitter.com\/MHR_officiel?ref_src=twsrc%5Etfw\">@MHR_officiel<\/a> <a href=\"https:\/\/twitter.com\/hashtag\/YellowArmy?src=hash&amp;ref_src=twsrc%5Etfw\">#YellowArmy<\/a> &#x1f49b;&#x1f499;<\/p>\n<p>Toutes les dates de la saison &#x1f447; <a href=\"https:\/\/t.co\/m7UJGzHDuu\">pic.twitter.com\/m7UJGzHDuu<\/a><\/p>\n<p>\u2014 ASM Rugby (@ASMOfficiel) <a href=\"https:\/\/twitter.com\/ASMOfficiel\/status\/1413108261868511233?ref_src=twsrc%5Etfw\">July 8, 2021<\/a><\/p><\/blockquote>\n<p><script async src=\"https:\/\/platform.twitter.com\/widgets.js\" charset=\"utf-8\"><\/script><\/p>\n","protected":false},"excerpt":{"rendered":"<p>TOP 14 2021-2022 &#8211; Qualifi\u00e9 de justesse pour les phases finales la saison pass\u00e9e, Clermont aborde ce nouvel exercice avec app\u00e9tit. Avec un nouveau staff et un effectif quelque peu rajeuni, les Clermontois seront forc\u00e9ment \u00e0 suivre de pr\u00e8s, et notamment \u00e0 l&rsquo;approche du printemps. Que peut esp\u00e9rer l&rsquo;ASM durent cette saison 2021-2022 ?<\/p>\n","protected":false},"author":4,"featured_media":162771,"comment_status":"open","ping_status":"closed","sticky":false,"template":"","format":"standard","meta":{"_acf_changed":false,"_daextam_enable_autolinks":"","footnotes":""},"categories":[47050],"tags":[1208,1183,13],"class_list":["post-162740","post","type-post","status-publish","format-standard","has-post-thumbnail","hentry","category-top-14","tag-asm-clermont","tag-clermont","tag-rugby"],"acf":[],"yoast_head":"<!-- This site is optimized with the Yoast SEO Premium plugin v26.7 (Yoast SEO v26.7) - https:\/\/yoast.com\/wordpress\/plugins\/seo\/ -->\n<title>Top 14 : L&#039;heure d&#039;un nouveau d\u00e9part pour l&#039;ASM Clermont ?<\/title>\n<meta name=\"description\" content=\"TOP 14 2021-2022 - Qualifi\u00e9 de justesse pour les phases finales la saison pass\u00e9e, Clermont aborde ce nouvel exercice avec app\u00e9tit.\" \/>\n<meta name=\"robots\" content=\"index, follow, max-snippet:-1, max-image-preview:large, max-video-preview:-1\" \/>\n<link rel=\"canonical\" href=\"https:\/\/dicodusport.fr\/blog\/top-14-heure-nouveau-depart-asm-clermont\/\" \/>\n<meta property=\"og:locale\" content=\"fr_FR\" \/>\n<meta property=\"og:type\" content=\"article\" \/>\n<meta property=\"og:title\" content=\"Top 14 : L&#039;heure d&#039;un nouveau d\u00e9part pour l&#039;ASM Clermont ?\" \/>\n<meta property=\"og:description\" content=\"TOP 14 2021-2022 - Qualifi\u00e9 de justesse pour les phases finales la saison pass\u00e9e, Clermont aborde ce nouvel exercice avec app\u00e9tit.\" \/>\n<meta property=\"og:url\" content=\"https:\/\/dicodusport.fr\/blog\/top-14-heure-nouveau-depart-asm-clermont\/\" \/>\n<meta property=\"og:site_name\" content=\"Dicodusport\" \/>\n<meta property=\"article:publisher\" content=\"https:\/\/www.facebook.com\/dicodusport\" \/>\n<meta property=\"article:author\" content=\"https:\/\/www.facebook.com\/florent.ostermann\" \/>\n<meta property=\"article:published_time\" content=\"2021-08-30T09:40:30+00:00\" \/>\n<meta property=\"article:modified_time\" content=\"2021-08-31T07:21:26+00:00\" \/>\n<meta property=\"og:image\" content=\"https:\/\/dicodusport.fr\/blog\/wp-content\/uploads\/2021\/08\/Top-14-Lheure-dun-nouveau-depart-pour-lASM-Clermont.png\" \/>\n\t<meta property=\"og:image:width\" content=\"800\" \/>\n\t<meta property=\"og:image:height\" content=\"445\" \/>\n\t<meta property=\"og:image:type\" content=\"image\/png\" \/>\n<meta name=\"author\" content=\"Flo Ostermann\" \/>\n<meta name=\"twitter:card\" content=\"summary_large_image\" \/>\n<meta name=\"twitter:title\" content=\"Top 14 : L&#039;heure d&#039;un nouveau d\u00e9part pour l&#039;ASM Clermont ?\" \/>\n<meta name=\"twitter:creator\" content=\"@https:\/\/twitter.com\/FlOstermann\" \/>\n<meta name=\"twitter:site\" content=\"@dicodusport\" \/>\n<script type=\"application\/ld+json\" class=\"yoast-schema-graph\">{\"@context\":\"https:\/\/schema.org\",\"@graph\":[{\"@type\":\"NewsArticle\",\"@id\":\"https:\/\/dicodusport.fr\/blog\/top-14-heure-nouveau-depart-asm-clermont\/#article\",\"isPartOf\":{\"@id\":\"https:\/\/dicodusport.fr\/blog\/top-14-heure-nouveau-depart-asm-clermont\/\"},\"author\":{\"name\":\"Flo Ostermann\",\"@id\":\"https:\/\/dicodusport.fr\/blog\/#\/schema\/person\/cb02af4c173ce4a653b55e9baf388d4a\"},\"headline\":\"Top 14 : L&rsquo;heure d&rsquo;un nouveau d\u00e9part pour l&rsquo;ASM Clermont ?\",\"datePublished\":\"2021-08-30T09:40:30+00:00\",\"dateModified\":\"2021-08-31T07:21:26+00:00\",\"mainEntityOfPage\":{\"@id\":\"https:\/\/dicodusport.fr\/blog\/top-14-heure-nouveau-depart-asm-clermont\/\"},\"wordCount\":963,\"commentCount\":0,\"publisher\":{\"@id\":\"https:\/\/dicodusport.fr\/blog\/#organization\"},\"image\":{\"@id\":\"https:\/\/dicodusport.fr\/blog\/top-14-heure-nouveau-depart-asm-clermont\/#primaryimage\"},\"thumbnailUrl\":\"https:\/\/dicodusport.fr\/blog\/wp-content\/uploads\/2021\/08\/Top-14-Lheure-dun-nouveau-depart-pour-lASM-Clermont.png\",\"keywords\":[\"ASM Clermont\",\"clermont\",\"Rugby\"],\"articleSection\":[\"Top 14\"],\"inLanguage\":\"fr-FR\",\"potentialAction\":[{\"@type\":\"CommentAction\",\"name\":\"Comment\",\"target\":[\"https:\/\/dicodusport.fr\/blog\/top-14-heure-nouveau-depart-asm-clermont\/#respond\"]}],\"copyrightYear\":\"2021\",\"copyrightHolder\":{\"@id\":\"https:\/\/dicodusport.fr\/blog\/#organization\"}},{\"@type\":\"WebPage\",\"@id\":\"https:\/\/dicodusport.fr\/blog\/top-14-heure-nouveau-depart-asm-clermont\/\",\"url\":\"https:\/\/dicodusport.fr\/blog\/top-14-heure-nouveau-depart-asm-clermont\/\",\"name\":\"Top 14 : L'heure d'un nouveau d\u00e9part pour l'ASM Clermont ?\",\"isPartOf\":{\"@id\":\"https:\/\/dicodusport.fr\/blog\/#website\"},\"primaryImageOfPage\":{\"@id\":\"https:\/\/dicodusport.fr\/blog\/top-14-heure-nouveau-depart-asm-clermont\/#primaryimage\"},\"image\":{\"@id\":\"https:\/\/dicodusport.fr\/blog\/top-14-heure-nouveau-depart-asm-clermont\/#primaryimage\"},\"thumbnailUrl\":\"https:\/\/dicodusport.fr\/blog\/wp-content\/uploads\/2021\/08\/Top-14-Lheure-dun-nouveau-depart-pour-lASM-Clermont.png\",\"datePublished\":\"2021-08-30T09:40:30+00:00\",\"dateModified\":\"2021-08-31T07:21:26+00:00\",\"description\":\"TOP 14 2021-2022 - Qualifi\u00e9 de justesse pour les phases finales la saison pass\u00e9e, Clermont aborde ce nouvel exercice avec app\u00e9tit.\",\"breadcrumb\":{\"@id\":\"https:\/\/dicodusport.fr\/blog\/top-14-heure-nouveau-depart-asm-clermont\/#breadcrumb\"},\"inLanguage\":\"fr-FR\",\"potentialAction\":[{\"@type\":\"ReadAction\",\"target\":[\"https:\/\/dicodusport.fr\/blog\/top-14-heure-nouveau-depart-asm-clermont\/\"]}]},{\"@type\":\"ImageObject\",\"inLanguage\":\"fr-FR\",\"@id\":\"https:\/\/dicodusport.fr\/blog\/top-14-heure-nouveau-depart-asm-clermont\/#primaryimage\",\"url\":\"https:\/\/dicodusport.fr\/blog\/wp-content\/uploads\/2021\/08\/Top-14-Lheure-dun-nouveau-depart-pour-lASM-Clermont.png\",\"contentUrl\":\"https:\/\/dicodusport.fr\/blog\/wp-content\/uploads\/2021\/08\/Top-14-Lheure-dun-nouveau-depart-pour-lASM-Clermont.png\",\"width\":800,\"height\":445,\"caption\":\"Top 14 : L'heure d'un nouveau d\u00e9part pour l'ASM Clermont ?\"},{\"@type\":\"BreadcrumbList\",\"@id\":\"https:\/\/dicodusport.fr\/blog\/top-14-heure-nouveau-depart-asm-clermont\/#breadcrumb\",\"itemListElement\":[{\"@type\":\"ListItem\",\"position\":1,\"name\":\"Accueil\",\"item\":\"https:\/\/dicodusport.fr\/blog\/\"},{\"@type\":\"ListItem\",\"position\":2,\"name\":\"Top 14 : L&rsquo;heure d&rsquo;un nouveau d\u00e9part pour l&rsquo;ASM Clermont ?\"}]},{\"@type\":\"WebSite\",\"@id\":\"https:\/\/dicodusport.fr\/blog\/#website\",\"url\":\"https:\/\/dicodusport.fr\/blog\/\",\"name\":\"Dicodusport\",\"description\":\"L&#039;encyclop\u00e9die de l&#039;actualit\u00e9 sportive\",\"publisher\":{\"@id\":\"https:\/\/dicodusport.fr\/blog\/#organization\"},\"potentialAction\":[{\"@type\":\"SearchAction\",\"target\":{\"@type\":\"EntryPoint\",\"urlTemplate\":\"https:\/\/dicodusport.fr\/blog\/?s={search_term_string}\"},\"query-input\":{\"@type\":\"PropertyValueSpecification\",\"valueRequired\":true,\"valueName\":\"search_term_string\"}}],\"inLanguage\":\"fr-FR\"},{\"@type\":\"NewsMediaOrganization\",\"@id\":\"https:\/\/dicodusport.fr\/blog\/#organization\",\"name\":\"Dicodusport\",\"url\":\"https:\/\/dicodusport.fr\/blog\/\",\"logo\":{\"@type\":\"ImageObject\",\"inLanguage\":\"fr-FR\",\"@id\":\"https:\/\/dicodusport.fr\/blog\/#\/schema\/logo\/image\/\",\"url\":\"https:\/\/dicodusport.fr\/blog\/wp-content\/uploads\/2020\/06\/cropped-LOGO-DICODUSPORT-2020-SANS-FOND-SANS-TEXTE.png\",\"contentUrl\":\"https:\/\/dicodusport.fr\/blog\/wp-content\/uploads\/2020\/06\/cropped-LOGO-DICODUSPORT-2020-SANS-FOND-SANS-TEXTE.png\",\"width\":512,\"height\":512,\"caption\":\"Dicodusport\"},\"image\":{\"@id\":\"https:\/\/dicodusport.fr\/blog\/#\/schema\/logo\/image\/\"},\"sameAs\":[\"https:\/\/www.facebook.com\/dicodusport\",\"https:\/\/x.com\/dicodusport\",\"https:\/\/www.instagram.com\/dicodusport\/\",\"https:\/\/www.youtube.com\/channel\/UC7V2KZ5sd3htJivAbA4ZG3w\"],\"description\":\"Dicodusport est l'encyclop\u00e9die de l'actualit\u00e9 sportive.\",\"email\":\"bonjour@dicodusport.fr\",\"legalName\":\"DICODUSPORT\",\"foundingDate\":\"2018-01-14\",\"vatID\":\"FR71834470973\",\"taxID\":\"83447097300043\",\"numberOfEmployees\":{\"@type\":\"QuantitativeValue\",\"minValue\":\"1\",\"maxValue\":\"10\"}},{\"@type\":\"Person\",\"@id\":\"https:\/\/dicodusport.fr\/blog\/#\/schema\/person\/cb02af4c173ce4a653b55e9baf388d4a\",\"name\":\"Flo Ostermann\",\"image\":{\"@type\":\"ImageObject\",\"inLanguage\":\"fr-FR\",\"@id\":\"https:\/\/dicodusport.fr\/blog\/#\/schema\/person\/image\/\",\"url\":\"https:\/\/dicodusport.fr\/blog\/wp-content\/uploads\/2021\/05\/Flo-Ostermann-150x150.jpg\",\"contentUrl\":\"https:\/\/dicodusport.fr\/blog\/wp-content\/uploads\/2021\/05\/Flo-Ostermann-150x150.jpg\",\"caption\":\"Flo Ostermann\"},\"description\":\"Journaliste\/R\u00e9dacteur depuis septembre 2015 - Mes premiers souvenirs dans le sport ? Les envol\u00e9es du Stade Toulousain et les duels Villeneuve-Schumacher et H\u00e4kkinen-Schumacher \u00e0 la fin des ann\u00e9es 90, la Coupe du monde de football en 1998, l\u2019exploit du XV de France face aux All Blacks en 1999, mais aussi Richard C\u0153ur de Lion qui vole sur les montagnes du Tour de France. Bien parti pour devenir professeur d\u2019EPS, les \u00e9v\u00e9nements de la vie (et la flemme d\u2019animer des s\u00e9ances de 3x500 m\u00e8tres toute ma vie) m\u2019ont conduit \u00e0 revoir mes plans. Me voil\u00e0 depuis fin 2017 sur Dicodusport, m\u00e9dia gr\u00e2ce (et pour) lequel je partage ma passion : le sport dans tous ses \u00e9tats. Le tout accompagn\u00e9 par les fous furieux et folles furieuses cit\u00e9s sur cette page !\",\"sameAs\":[\"https:\/\/www.facebook.com\/florent.ostermann\",\"https:\/\/x.com\/https:\/\/twitter.com\/FlOstermann\",\"admin\"],\"url\":\"https:\/\/dicodusport.fr\/blog\/author\/flo\/\"}]}<\/script>\n<!-- \/ Yoast SEO Premium plugin. -->","yoast_head_json":{"title":"Top 14 : L'heure d'un nouveau d\u00e9part pour l'ASM Clermont ?","description":"TOP 14 2021-2022 - Qualifi\u00e9 de justesse pour les phases finales la saison pass\u00e9e, Clermont aborde ce nouvel exercice avec app\u00e9tit.","robots":{"index":"index","follow":"follow","max-snippet":"max-snippet:-1","max-image-preview":"max-image-preview:large","max-video-preview":"max-video-preview:-1"},"canonical":"https:\/\/dicodusport.fr\/blog\/top-14-heure-nouveau-depart-asm-clermont\/","og_locale":"fr_FR","og_type":"article","og_title":"Top 14 : L'heure d'un nouveau d\u00e9part pour l'ASM Clermont ?","og_description":"TOP 14 2021-2022 - Qualifi\u00e9 de justesse pour les phases finales la saison pass\u00e9e, Clermont aborde ce nouvel exercice avec app\u00e9tit.","og_url":"https:\/\/dicodusport.fr\/blog\/top-14-heure-nouveau-depart-asm-clermont\/","og_site_name":"Dicodusport","article_publisher":"https:\/\/www.facebook.com\/dicodusport","article_author":"https:\/\/www.facebook.com\/florent.ostermann","article_published_time":"2021-08-30T09:40:30+00:00","article_modified_time":"2021-08-31T07:21:26+00:00","og_image":[{"width":800,"height":445,"url":"https:\/\/dicodusport.fr\/blog\/wp-content\/uploads\/2021\/08\/Top-14-Lheure-dun-nouveau-depart-pour-lASM-Clermont.png","type":"image\/png"}],"author":"Flo Ostermann","twitter_card":"summary_large_image","twitter_title":"Top 14 : L'heure d'un nouveau d\u00e9part pour l'ASM Clermont ?","twitter_creator":"@https:\/\/twitter.com\/FlOstermann","twitter_site":"@dicodusport","schema":{"@context":"https:\/\/schema.org","@graph":[{"@type":"NewsArticle","@id":"https:\/\/dicodusport.fr\/blog\/top-14-heure-nouveau-depart-asm-clermont\/#article","isPartOf":{"@id":"https:\/\/dicodusport.fr\/blog\/top-14-heure-nouveau-depart-asm-clermont\/"},"author":{"name":"Flo Ostermann","@id":"https:\/\/dicodusport.fr\/blog\/#\/schema\/person\/cb02af4c173ce4a653b55e9baf388d4a"},"headline":"Top 14 : L&rsquo;heure d&rsquo;un nouveau d\u00e9part pour l&rsquo;ASM Clermont ?","datePublished":"2021-08-30T09:40:30+00:00","dateModified":"2021-08-31T07:21:26+00:00","mainEntityOfPage":{"@id":"https:\/\/dicodusport.fr\/blog\/top-14-heure-nouveau-depart-asm-clermont\/"},"wordCount":963,"commentCount":0,"publisher":{"@id":"https:\/\/dicodusport.fr\/blog\/#organization"},"image":{"@id":"https:\/\/dicodusport.fr\/blog\/top-14-heure-nouveau-depart-asm-clermont\/#primaryimage"},"thumbnailUrl":"https:\/\/dicodusport.fr\/blog\/wp-content\/uploads\/2021\/08\/Top-14-Lheure-dun-nouveau-depart-pour-lASM-Clermont.png","keywords":["ASM Clermont","clermont","Rugby"],"articleSection":["Top 14"],"inLanguage":"fr-FR","potentialAction":[{"@type":"CommentAction","name":"Comment","target":["https:\/\/dicodusport.fr\/blog\/top-14-heure-nouveau-depart-asm-clermont\/#respond"]}],"copyrightYear":"2021","copyrightHolder":{"@id":"https:\/\/dicodusport.fr\/blog\/#organization"}},{"@type":"WebPage","@id":"https:\/\/dicodusport.fr\/blog\/top-14-heure-nouveau-depart-asm-clermont\/","url":"https:\/\/dicodusport.fr\/blog\/top-14-heure-nouveau-depart-asm-clermont\/","name":"Top 14 : L'heure d'un nouveau d\u00e9part pour l'ASM Clermont ?","isPartOf":{"@id":"https:\/\/dicodusport.fr\/blog\/#website"},"primaryImageOfPage":{"@id":"https:\/\/dicodusport.fr\/blog\/top-14-heure-nouveau-depart-asm-clermont\/#primaryimage"},"image":{"@id":"https:\/\/dicodusport.fr\/blog\/top-14-heure-nouveau-depart-asm-clermont\/#primaryimage"},"thumbnailUrl":"https:\/\/dicodusport.fr\/blog\/wp-content\/uploads\/2021\/08\/Top-14-Lheure-dun-nouveau-depart-pour-lASM-Clermont.png","datePublished":"2021-08-30T09:40:30+00:00","dateModified":"2021-08-31T07:21:26+00:00","description":"TOP 14 2021-2022 - Qualifi\u00e9 de justesse pour les phases finales la saison pass\u00e9e, Clermont aborde ce nouvel exercice avec app\u00e9tit.","breadcrumb":{"@id":"https:\/\/dicodusport.fr\/blog\/top-14-heure-nouveau-depart-asm-clermont\/#breadcrumb"},"inLanguage":"fr-FR","potentialAction":[{"@type":"ReadAction","target":["https:\/\/dicodusport.fr\/blog\/top-14-heure-nouveau-depart-asm-clermont\/"]}]},{"@type":"ImageObject","inLanguage":"fr-FR","@id":"https:\/\/dicodusport.fr\/blog\/top-14-heure-nouveau-depart-asm-clermont\/#primaryimage","url":"https:\/\/dicodusport.fr\/blog\/wp-content\/uploads\/2021\/08\/Top-14-Lheure-dun-nouveau-depart-pour-lASM-Clermont.png","contentUrl":"https:\/\/dicodusport.fr\/blog\/wp-content\/uploads\/2021\/08\/Top-14-Lheure-dun-nouveau-depart-pour-lASM-Clermont.png","width":800,"height":445,"caption":"Top 14 : L'heure d'un nouveau d\u00e9part pour l'ASM Clermont ?"},{"@type":"BreadcrumbList","@id":"https:\/\/dicodusport.fr\/blog\/top-14-heure-nouveau-depart-asm-clermont\/#breadcrumb","itemListElement":[{"@type":"ListItem","position":1,"name":"Accueil","item":"https:\/\/dicodusport.fr\/blog\/"},{"@type":"ListItem","position":2,"name":"Top 14 : L&rsquo;heure d&rsquo;un nouveau d\u00e9part pour l&rsquo;ASM Clermont ?"}]},{"@type":"WebSite","@id":"https:\/\/dicodusport.fr\/blog\/#website","url":"https:\/\/dicodusport.fr\/blog\/","name":"Dicodusport","description":"L&#039;encyclop\u00e9die de l&#039;actualit\u00e9 sportive","publisher":{"@id":"https:\/\/dicodusport.fr\/blog\/#organization"},"potentialAction":[{"@type":"SearchAction","target":{"@type":"EntryPoint","urlTemplate":"https:\/\/dicodusport.fr\/blog\/?s={search_term_string}"},"query-input":{"@type":"PropertyValueSpecification","valueRequired":true,"valueName":"search_term_string"}}],"inLanguage":"fr-FR"},{"@type":"NewsMediaOrganization","@id":"https:\/\/dicodusport.fr\/blog\/#organization","name":"Dicodusport","url":"https:\/\/dicodusport.fr\/blog\/","logo":{"@type":"ImageObject","inLanguage":"fr-FR","@id":"https:\/\/dicodusport.fr\/blog\/#\/schema\/logo\/image\/","url":"https:\/\/dicodusport.fr\/blog\/wp-content\/uploads\/2020\/06\/cropped-LOGO-DICODUSPORT-2020-SANS-FOND-SANS-TEXTE.png","contentUrl":"https:\/\/dicodusport.fr\/blog\/wp-content\/uploads\/2020\/06\/cropped-LOGO-DICODUSPORT-2020-SANS-FOND-SANS-TEXTE.png","width":512,"height":512,"caption":"Dicodusport"},"image":{"@id":"https:\/\/dicodusport.fr\/blog\/#\/schema\/logo\/image\/"},"sameAs":["https:\/\/www.facebook.com\/dicodusport","https:\/\/x.com\/dicodusport","https:\/\/www.instagram.com\/dicodusport\/","https:\/\/www.youtube.com\/channel\/UC7V2KZ5sd3htJivAbA4ZG3w"],"description":"Dicodusport est l'encyclop\u00e9die de l'actualit\u00e9 sportive.","email":"bonjour@dicodusport.fr","legalName":"DICODUSPORT","foundingDate":"2018-01-14","vatID":"FR71834470973","taxID":"83447097300043","numberOfEmployees":{"@type":"QuantitativeValue","minValue":"1","maxValue":"10"}},{"@type":"Person","@id":"https:\/\/dicodusport.fr\/blog\/#\/schema\/person\/cb02af4c173ce4a653b55e9baf388d4a","name":"Flo Ostermann","image":{"@type":"ImageObject","inLanguage":"fr-FR","@id":"https:\/\/dicodusport.fr\/blog\/#\/schema\/person\/image\/","url":"https:\/\/dicodusport.fr\/blog\/wp-content\/uploads\/2021\/05\/Flo-Ostermann-150x150.jpg","contentUrl":"https:\/\/dicodusport.fr\/blog\/wp-content\/uploads\/2021\/05\/Flo-Ostermann-150x150.jpg","caption":"Flo Ostermann"},"description":"Journaliste\/R\u00e9dacteur depuis septembre 2015 - Mes premiers souvenirs dans le sport ? Les envol\u00e9es du Stade Toulousain et les duels Villeneuve-Schumacher et H\u00e4kkinen-Schumacher \u00e0 la fin des ann\u00e9es 90, la Coupe du monde de football en 1998, l\u2019exploit du XV de France face aux All Blacks en 1999, mais aussi Richard C\u0153ur de Lion qui vole sur les montagnes du Tour de France. Bien parti pour devenir professeur d\u2019EPS, les \u00e9v\u00e9nements de la vie (et la flemme d\u2019animer des s\u00e9ances de 3x500 m\u00e8tres toute ma vie) m\u2019ont conduit \u00e0 revoir mes plans. Me voil\u00e0 depuis fin 2017 sur Dicodusport, m\u00e9dia gr\u00e2ce (et pour) lequel je partage ma passion : le sport dans tous ses \u00e9tats. Le tout accompagn\u00e9 par les fous furieux et folles furieuses cit\u00e9s sur cette page !","sameAs":["https:\/\/www.facebook.com\/florent.ostermann","https:\/\/x.com\/https:\/\/twitter.com\/FlOstermann","admin"],"url":"https:\/\/dicodusport.fr\/blog\/author\/flo\/"}]}},"_links":{"self":[{"href":"https:\/\/dicodusport.fr\/blog\/wp-json\/wp\/v2\/posts\/162740","targetHints":{"allow":["GET"]}}],"collection":[{"href":"https:\/\/dicodusport.fr\/blog\/wp-json\/wp\/v2\/posts"}],"about":[{"href":"https:\/\/dicodusport.fr\/blog\/wp-json\/wp\/v2\/types\/post"}],"author":[{"embeddable":true,"href":"https:\/\/dicodusport.fr\/blog\/wp-json\/wp\/v2\/users\/4"}],"replies":[{"embeddable":true,"href":"https:\/\/dicodusport.fr\/blog\/wp-json\/wp\/v2\/comments?post=162740"}],"version-history":[{"count":0,"href":"https:\/\/dicodusport.fr\/blog\/wp-json\/wp\/v2\/posts\/162740\/revisions"}],"wp:featuredmedia":[{"embeddable":true,"href":"https:\/\/dicodusport.fr\/blog\/wp-json\/wp\/v2\/media\/162771"}],"wp:attachment":[{"href":"https:\/\/dicodusport.fr\/blog\/wp-json\/wp\/v2\/media?parent=162740"}],"wp:term":[{"taxonomy":"category","embeddable":true,"href":"https:\/\/dicodusport.fr\/blog\/wp-json\/wp\/v2\/categories?post=162740"},{"taxonomy":"post_tag","embeddable":true,"href":"https:\/\/dicodusport.fr\/blog\/wp-json\/wp\/v2\/tags?post=162740"}],"curies":[{"name":"wp","href":"https:\/\/api.w.org\/{rel}","templated":true}]}}