{"id":163030,"date":"2021-08-31T13:40:20","date_gmt":"2021-08-31T11:40:20","guid":{"rendered":"https:\/\/dicodusport.fr\/blog\/?p=163030&#038;preview=true&#038;preview_id=163030"},"modified":"2021-08-31T13:40:20","modified_gmt":"2021-08-31T11:40:20","slug":"lol-vise-jerome-boateng-pour-remplacer-marcelo","status":"publish","type":"post","link":"https:\/\/dicodusport.fr\/blog\/lol-vise-jerome-boateng-pour-remplacer-marcelo\/","title":{"rendered":"L&rsquo;OL vise J\u00e9r\u00f4me Boateng pour remplacer Marcelo"},"content":{"rendered":"<p style=\"text-align: justify;\"><strong><em>MERCATO &#8211; Selon Fabrizio Romano, l&rsquo;Olympique Lyonnais discute avec J\u00e9r\u00f4me Boateng pour remplacer Marcelo.<\/em><em><br \/>\n<\/em><\/strong><\/p>\n<p style=\"text-align: justify;\">L&rsquo;<strong>OL<\/strong> cherche un d\u00e9fenseur central pour remplacer <strong>Marcelo<\/strong>, \u00e9cart\u00e9 de l&rsquo;\u00e9quipe premi\u00e8re, et pourrait jeter son d\u00e9volu sur <strong>J\u00e9r\u00f4me Boateng<\/strong>, sans club depuis son d\u00e9part du Bayern Munich. Lyon a tent\u00e9 de r\u00e9activer la piste qui m\u00e8ne \u00e0 Samuel Gigot, d\u00e9fenseur fran\u00e7ais du Spartak Moscou mais l&rsquo;op\u00e9ration est trop complexe. Le club de Jean-Michel Aulas est donc entr\u00e9 en contact avec les agents du d\u00e9fenseur allemand de 33 ans pour tenter de le convaincre de rejoindre l&rsquo;OL. International allemand \u00e0 76 reprises, il semblait loin de son meilleur niveau ces derniers mois mais <strong>Lyon<\/strong> a absolument besoin de renforcer son secteur d\u00e9fensif.<\/p>\n<blockquote class=\"twitter-tweet\">\n<p dir=\"ltr\" lang=\"en\">Olympique Lyon are in talks to sign Jerome Boateng as free agent. Direct contacts with his agent. Sevilla and Hertha Berlin are not working on it. &#x1f535; <a href=\"https:\/\/twitter.com\/hashtag\/OL?src=hash&amp;ref_src=twsrc%5Etfw\">#OL<\/a><\/p>\n<p>\u2014 Fabrizio Romano (@FabrizioRomano) <a href=\"https:\/\/twitter.com\/FabrizioRomano\/status\/1432660086690828290?ref_src=twsrc%5Etfw\">August 31, 2021<\/a><\/p><\/blockquote>\n<p><script async src=\"https:\/\/platform.twitter.com\/widgets.js\" charset=\"utf-8\"><\/script><\/p>\n","protected":false},"excerpt":{"rendered":"<p>MERCATO &#8211; Selon Fabrizio Romano, l&rsquo;Olympique Lyonnais discute avec J\u00e9r\u00f4me Boateng pour remplacer Marcelo.<\/p>\n","protected":false},"author":1,"featured_media":163031,"comment_status":"open","ping_status":"closed","sticky":false,"template":"","format":"standard","meta":{"_acf_changed":false,"_daextam_enable_autolinks":"","footnotes":""},"categories":[47045],"tags":[1554,449,1555,1145],"class_list":["post-163030","post","type-post","status-publish","format-standard","has-post-thumbnail","hentry","category-ligue-1","tag-ligue-1","tag-lyon","tag-mercato","tag-ol"],"acf":[],"yoast_head":"<!-- This site is optimized with the Yoast SEO Premium plugin v26.7 (Yoast SEO v26.7) - https:\/\/yoast.com\/wordpress\/plugins\/seo\/ -->\n<title>L&#039;OL vise J\u00e9r\u00f4me Boateng pour remplacer Marcelo<\/title>\n<meta name=\"description\" content=\"MERCATO - Selon Fabrizio Romano, l&#039;Olympique Lyonnais discute avec J\u00e9r\u00f4me Boateng pour remplacer Marcelo.\" \/>\n<meta name=\"robots\" content=\"index, follow, max-snippet:-1, max-image-preview:large, max-video-preview:-1\" \/>\n<link rel=\"canonical\" href=\"https:\/\/dicodusport.fr\/blog\/lol-vise-jerome-boateng-pour-remplacer-marcelo\/\" \/>\n<meta property=\"og:locale\" content=\"fr_FR\" \/>\n<meta property=\"og:type\" content=\"article\" \/>\n<meta property=\"og:title\" content=\"L&#039;OL vise J\u00e9r\u00f4me Boateng pour remplacer Marcelo\" \/>\n<meta property=\"og:description\" content=\"MERCATO - Selon Fabrizio Romano, l&#039;Olympique Lyonnais discute avec J\u00e9r\u00f4me Boateng pour remplacer Marcelo.\" \/>\n<meta property=\"og:url\" content=\"https:\/\/dicodusport.fr\/blog\/lol-vise-jerome-boateng-pour-remplacer-marcelo\/\" \/>\n<meta property=\"og:site_name\" content=\"Dicodusport\" \/>\n<meta property=\"article:publisher\" content=\"https:\/\/www.facebook.com\/dicodusport\" \/>\n<meta property=\"article:author\" content=\"https:\/\/www.facebook.com\/dicodusport\" \/>\n<meta property=\"article:published_time\" content=\"2021-08-31T11:40:20+00:00\" \/>\n<meta property=\"og:image\" content=\"https:\/\/dicodusport.fr\/blog\/wp-content\/uploads\/2021\/08\/LOL-vise-Je\u0301ro\u0302me-Boateng-pour-remplacer-Marcelo.png\" \/>\n\t<meta property=\"og:image:width\" content=\"800\" \/>\n\t<meta property=\"og:image:height\" content=\"445\" \/>\n\t<meta property=\"og:image:type\" content=\"image\/png\" \/>\n<meta name=\"author\" content=\"Nicolas Jacquemard\" \/>\n<meta name=\"twitter:card\" content=\"summary_large_image\" \/>\n<meta name=\"twitter:title\" content=\"L&#039;OL vise J\u00e9r\u00f4me Boateng pour remplacer Marcelo\" \/>\n<meta name=\"twitter:creator\" content=\"@https:\/\/twitter.com\/Nico_Jacquemard\" \/>\n<meta name=\"twitter:site\" content=\"@dicodusport\" \/>\n<script type=\"application\/ld+json\" class=\"yoast-schema-graph\">{\"@context\":\"https:\/\/schema.org\",\"@graph\":[{\"@type\":\"NewsArticle\",\"@id\":\"https:\/\/dicodusport.fr\/blog\/lol-vise-jerome-boateng-pour-remplacer-marcelo\/#article\",\"isPartOf\":{\"@id\":\"https:\/\/dicodusport.fr\/blog\/lol-vise-jerome-boateng-pour-remplacer-marcelo\/\"},\"author\":{\"name\":\"Nicolas Jacquemard\",\"@id\":\"https:\/\/dicodusport.fr\/blog\/#\/schema\/person\/55dcb50ad410894e431ed812bbb70191\"},\"headline\":\"L&rsquo;OL vise J\u00e9r\u00f4me Boateng pour remplacer Marcelo\",\"datePublished\":\"2021-08-31T11:40:20+00:00\",\"mainEntityOfPage\":{\"@id\":\"https:\/\/dicodusport.fr\/blog\/lol-vise-jerome-boateng-pour-remplacer-marcelo\/\"},\"wordCount\":175,\"commentCount\":0,\"publisher\":{\"@id\":\"https:\/\/dicodusport.fr\/blog\/#organization\"},\"image\":{\"@id\":\"https:\/\/dicodusport.fr\/blog\/lol-vise-jerome-boateng-pour-remplacer-marcelo\/#primaryimage\"},\"thumbnailUrl\":\"https:\/\/dicodusport.fr\/blog\/wp-content\/uploads\/2021\/08\/LOL-vise-Je\u0301ro\u0302me-Boateng-pour-remplacer-Marcelo.png\",\"keywords\":[\"Ligue 1\",\"Lyon\",\"Mercato\",\"OL\"],\"articleSection\":[\"Ligue 1\"],\"inLanguage\":\"fr-FR\",\"potentialAction\":[{\"@type\":\"CommentAction\",\"name\":\"Comment\",\"target\":[\"https:\/\/dicodusport.fr\/blog\/lol-vise-jerome-boateng-pour-remplacer-marcelo\/#respond\"]}],\"copyrightYear\":\"2021\",\"copyrightHolder\":{\"@id\":\"https:\/\/dicodusport.fr\/blog\/#organization\"}},{\"@type\":\"WebPage\",\"@id\":\"https:\/\/dicodusport.fr\/blog\/lol-vise-jerome-boateng-pour-remplacer-marcelo\/\",\"url\":\"https:\/\/dicodusport.fr\/blog\/lol-vise-jerome-boateng-pour-remplacer-marcelo\/\",\"name\":\"L'OL vise J\u00e9r\u00f4me Boateng pour remplacer Marcelo\",\"isPartOf\":{\"@id\":\"https:\/\/dicodusport.fr\/blog\/#website\"},\"primaryImageOfPage\":{\"@id\":\"https:\/\/dicodusport.fr\/blog\/lol-vise-jerome-boateng-pour-remplacer-marcelo\/#primaryimage\"},\"image\":{\"@id\":\"https:\/\/dicodusport.fr\/blog\/lol-vise-jerome-boateng-pour-remplacer-marcelo\/#primaryimage\"},\"thumbnailUrl\":\"https:\/\/dicodusport.fr\/blog\/wp-content\/uploads\/2021\/08\/LOL-vise-Je\u0301ro\u0302me-Boateng-pour-remplacer-Marcelo.png\",\"datePublished\":\"2021-08-31T11:40:20+00:00\",\"description\":\"MERCATO - Selon Fabrizio Romano, l'Olympique Lyonnais discute avec J\u00e9r\u00f4me Boateng pour remplacer Marcelo.\",\"breadcrumb\":{\"@id\":\"https:\/\/dicodusport.fr\/blog\/lol-vise-jerome-boateng-pour-remplacer-marcelo\/#breadcrumb\"},\"inLanguage\":\"fr-FR\",\"potentialAction\":[{\"@type\":\"ReadAction\",\"target\":[\"https:\/\/dicodusport.fr\/blog\/lol-vise-jerome-boateng-pour-remplacer-marcelo\/\"]}]},{\"@type\":\"ImageObject\",\"inLanguage\":\"fr-FR\",\"@id\":\"https:\/\/dicodusport.fr\/blog\/lol-vise-jerome-boateng-pour-remplacer-marcelo\/#primaryimage\",\"url\":\"https:\/\/dicodusport.fr\/blog\/wp-content\/uploads\/2021\/08\/LOL-vise-Je\u0301ro\u0302me-Boateng-pour-remplacer-Marcelo.png\",\"contentUrl\":\"https:\/\/dicodusport.fr\/blog\/wp-content\/uploads\/2021\/08\/LOL-vise-Je\u0301ro\u0302me-Boateng-pour-remplacer-Marcelo.png\",\"width\":800,\"height\":445},{\"@type\":\"BreadcrumbList\",\"@id\":\"https:\/\/dicodusport.fr\/blog\/lol-vise-jerome-boateng-pour-remplacer-marcelo\/#breadcrumb\",\"itemListElement\":[{\"@type\":\"ListItem\",\"position\":1,\"name\":\"Accueil\",\"item\":\"https:\/\/dicodusport.fr\/blog\/\"},{\"@type\":\"ListItem\",\"position\":2,\"name\":\"L&rsquo;OL vise J\u00e9r\u00f4me Boateng pour remplacer Marcelo\"}]},{\"@type\":\"WebSite\",\"@id\":\"https:\/\/dicodusport.fr\/blog\/#website\",\"url\":\"https:\/\/dicodusport.fr\/blog\/\",\"name\":\"Dicodusport\",\"description\":\"L&#039;encyclop\u00e9die de l&#039;actualit\u00e9 sportive\",\"publisher\":{\"@id\":\"https:\/\/dicodusport.fr\/blog\/#organization\"},\"potentialAction\":[{\"@type\":\"SearchAction\",\"target\":{\"@type\":\"EntryPoint\",\"urlTemplate\":\"https:\/\/dicodusport.fr\/blog\/?s={search_term_string}\"},\"query-input\":{\"@type\":\"PropertyValueSpecification\",\"valueRequired\":true,\"valueName\":\"search_term_string\"}}],\"inLanguage\":\"fr-FR\"},{\"@type\":\"NewsMediaOrganization\",\"@id\":\"https:\/\/dicodusport.fr\/blog\/#organization\",\"name\":\"Dicodusport\",\"url\":\"https:\/\/dicodusport.fr\/blog\/\",\"logo\":{\"@type\":\"ImageObject\",\"inLanguage\":\"fr-FR\",\"@id\":\"https:\/\/dicodusport.fr\/blog\/#\/schema\/logo\/image\/\",\"url\":\"https:\/\/dicodusport.fr\/blog\/wp-content\/uploads\/2020\/06\/cropped-LOGO-DICODUSPORT-2020-SANS-FOND-SANS-TEXTE.png\",\"contentUrl\":\"https:\/\/dicodusport.fr\/blog\/wp-content\/uploads\/2020\/06\/cropped-LOGO-DICODUSPORT-2020-SANS-FOND-SANS-TEXTE.png\",\"width\":512,\"height\":512,\"caption\":\"Dicodusport\"},\"image\":{\"@id\":\"https:\/\/dicodusport.fr\/blog\/#\/schema\/logo\/image\/\"},\"sameAs\":[\"https:\/\/www.facebook.com\/dicodusport\",\"https:\/\/x.com\/dicodusport\",\"https:\/\/www.instagram.com\/dicodusport\/\",\"https:\/\/www.youtube.com\/channel\/UC7V2KZ5sd3htJivAbA4ZG3w\"],\"description\":\"Dicodusport est l'encyclop\u00e9die de l'actualit\u00e9 sportive.\",\"email\":\"bonjour@dicodusport.fr\",\"legalName\":\"DICODUSPORT\",\"foundingDate\":\"2018-01-14\",\"vatID\":\"FR71834470973\",\"taxID\":\"83447097300043\",\"numberOfEmployees\":{\"@type\":\"QuantitativeValue\",\"minValue\":\"1\",\"maxValue\":\"10\"}},{\"@type\":\"Person\",\"@id\":\"https:\/\/dicodusport.fr\/blog\/#\/schema\/person\/55dcb50ad410894e431ed812bbb70191\",\"name\":\"Nicolas Jacquemard\",\"image\":{\"@type\":\"ImageObject\",\"inLanguage\":\"fr-FR\",\"@id\":\"https:\/\/dicodusport.fr\/blog\/#\/schema\/person\/image\/\",\"url\":\"https:\/\/dicodusport.fr\/blog\/wp-content\/uploads\/2021\/05\/Nicolas-Jacquemard-150x150.jpeg\",\"contentUrl\":\"https:\/\/dicodusport.fr\/blog\/wp-content\/uploads\/2021\/05\/Nicolas-Jacquemard-150x150.jpeg\",\"caption\":\"Nicolas Jacquemard\"},\"description\":\"Passionn\u00e9 de sport et entrepreneur depuis mes 18 ans, la cr\u00e9ation de Dicodusport m'a sembl\u00e9 \u00e9vidente pour participer \u00e0 la m\u00e9diatisation d'un plus grand nombre de sports. Le chemin est long mais avec une \u00e9quipe des plus motiv\u00e9es et les Jeux Olympiques de Paris 2024 en point de mire, nous y arriverons ! Journaliste dans le monde du sport depuis plus de 5 ans, je traite aussi bien de football, de rugby, de biathlon que de cyclisme.\",\"sameAs\":[\"https:\/\/www.facebook.com\/dicodusport\",\"https:\/\/x.com\/https:\/\/twitter.com\/Nico_Jacquemard\"],\"url\":\"https:\/\/dicodusport.fr\/blog\/author\/dicodusport\/\"}]}<\/script>\n<!-- \/ Yoast SEO Premium plugin. -->","yoast_head_json":{"title":"L'OL vise J\u00e9r\u00f4me Boateng pour remplacer Marcelo","description":"MERCATO - Selon Fabrizio Romano, l'Olympique Lyonnais discute avec J\u00e9r\u00f4me Boateng pour remplacer Marcelo.","robots":{"index":"index","follow":"follow","max-snippet":"max-snippet:-1","max-image-preview":"max-image-preview:large","max-video-preview":"max-video-preview:-1"},"canonical":"https:\/\/dicodusport.fr\/blog\/lol-vise-jerome-boateng-pour-remplacer-marcelo\/","og_locale":"fr_FR","og_type":"article","og_title":"L'OL vise J\u00e9r\u00f4me Boateng pour remplacer Marcelo","og_description":"MERCATO - Selon Fabrizio Romano, l'Olympique Lyonnais discute avec J\u00e9r\u00f4me Boateng pour remplacer Marcelo.","og_url":"https:\/\/dicodusport.fr\/blog\/lol-vise-jerome-boateng-pour-remplacer-marcelo\/","og_site_name":"Dicodusport","article_publisher":"https:\/\/www.facebook.com\/dicodusport","article_author":"https:\/\/www.facebook.com\/dicodusport","article_published_time":"2021-08-31T11:40:20+00:00","og_image":[{"width":800,"height":445,"url":"https:\/\/dicodusport.fr\/blog\/wp-content\/uploads\/2021\/08\/LOL-vise-Je\u0301ro\u0302me-Boateng-pour-remplacer-Marcelo.png","type":"image\/png"}],"author":"Nicolas Jacquemard","twitter_card":"summary_large_image","twitter_title":"L'OL vise J\u00e9r\u00f4me Boateng pour remplacer Marcelo","twitter_creator":"@https:\/\/twitter.com\/Nico_Jacquemard","twitter_site":"@dicodusport","schema":{"@context":"https:\/\/schema.org","@graph":[{"@type":"NewsArticle","@id":"https:\/\/dicodusport.fr\/blog\/lol-vise-jerome-boateng-pour-remplacer-marcelo\/#article","isPartOf":{"@id":"https:\/\/dicodusport.fr\/blog\/lol-vise-jerome-boateng-pour-remplacer-marcelo\/"},"author":{"name":"Nicolas Jacquemard","@id":"https:\/\/dicodusport.fr\/blog\/#\/schema\/person\/55dcb50ad410894e431ed812bbb70191"},"headline":"L&rsquo;OL vise J\u00e9r\u00f4me Boateng pour remplacer Marcelo","datePublished":"2021-08-31T11:40:20+00:00","mainEntityOfPage":{"@id":"https:\/\/dicodusport.fr\/blog\/lol-vise-jerome-boateng-pour-remplacer-marcelo\/"},"wordCount":175,"commentCount":0,"publisher":{"@id":"https:\/\/dicodusport.fr\/blog\/#organization"},"image":{"@id":"https:\/\/dicodusport.fr\/blog\/lol-vise-jerome-boateng-pour-remplacer-marcelo\/#primaryimage"},"thumbnailUrl":"https:\/\/dicodusport.fr\/blog\/wp-content\/uploads\/2021\/08\/LOL-vise-Je\u0301ro\u0302me-Boateng-pour-remplacer-Marcelo.png","keywords":["Ligue 1","Lyon","Mercato","OL"],"articleSection":["Ligue 1"],"inLanguage":"fr-FR","potentialAction":[{"@type":"CommentAction","name":"Comment","target":["https:\/\/dicodusport.fr\/blog\/lol-vise-jerome-boateng-pour-remplacer-marcelo\/#respond"]}],"copyrightYear":"2021","copyrightHolder":{"@id":"https:\/\/dicodusport.fr\/blog\/#organization"}},{"@type":"WebPage","@id":"https:\/\/dicodusport.fr\/blog\/lol-vise-jerome-boateng-pour-remplacer-marcelo\/","url":"https:\/\/dicodusport.fr\/blog\/lol-vise-jerome-boateng-pour-remplacer-marcelo\/","name":"L'OL vise J\u00e9r\u00f4me Boateng pour remplacer Marcelo","isPartOf":{"@id":"https:\/\/dicodusport.fr\/blog\/#website"},"primaryImageOfPage":{"@id":"https:\/\/dicodusport.fr\/blog\/lol-vise-jerome-boateng-pour-remplacer-marcelo\/#primaryimage"},"image":{"@id":"https:\/\/dicodusport.fr\/blog\/lol-vise-jerome-boateng-pour-remplacer-marcelo\/#primaryimage"},"thumbnailUrl":"https:\/\/dicodusport.fr\/blog\/wp-content\/uploads\/2021\/08\/LOL-vise-Je\u0301ro\u0302me-Boateng-pour-remplacer-Marcelo.png","datePublished":"2021-08-31T11:40:20+00:00","description":"MERCATO - Selon Fabrizio Romano, l'Olympique Lyonnais discute avec J\u00e9r\u00f4me Boateng pour remplacer Marcelo.","breadcrumb":{"@id":"https:\/\/dicodusport.fr\/blog\/lol-vise-jerome-boateng-pour-remplacer-marcelo\/#breadcrumb"},"inLanguage":"fr-FR","potentialAction":[{"@type":"ReadAction","target":["https:\/\/dicodusport.fr\/blog\/lol-vise-jerome-boateng-pour-remplacer-marcelo\/"]}]},{"@type":"ImageObject","inLanguage":"fr-FR","@id":"https:\/\/dicodusport.fr\/blog\/lol-vise-jerome-boateng-pour-remplacer-marcelo\/#primaryimage","url":"https:\/\/dicodusport.fr\/blog\/wp-content\/uploads\/2021\/08\/LOL-vise-Je\u0301ro\u0302me-Boateng-pour-remplacer-Marcelo.png","contentUrl":"https:\/\/dicodusport.fr\/blog\/wp-content\/uploads\/2021\/08\/LOL-vise-Je\u0301ro\u0302me-Boateng-pour-remplacer-Marcelo.png","width":800,"height":445},{"@type":"BreadcrumbList","@id":"https:\/\/dicodusport.fr\/blog\/lol-vise-jerome-boateng-pour-remplacer-marcelo\/#breadcrumb","itemListElement":[{"@type":"ListItem","position":1,"name":"Accueil","item":"https:\/\/dicodusport.fr\/blog\/"},{"@type":"ListItem","position":2,"name":"L&rsquo;OL vise J\u00e9r\u00f4me Boateng pour remplacer Marcelo"}]},{"@type":"WebSite","@id":"https:\/\/dicodusport.fr\/blog\/#website","url":"https:\/\/dicodusport.fr\/blog\/","name":"Dicodusport","description":"L&#039;encyclop\u00e9die de l&#039;actualit\u00e9 sportive","publisher":{"@id":"https:\/\/dicodusport.fr\/blog\/#organization"},"potentialAction":[{"@type":"SearchAction","target":{"@type":"EntryPoint","urlTemplate":"https:\/\/dicodusport.fr\/blog\/?s={search_term_string}"},"query-input":{"@type":"PropertyValueSpecification","valueRequired":true,"valueName":"search_term_string"}}],"inLanguage":"fr-FR"},{"@type":"NewsMediaOrganization","@id":"https:\/\/dicodusport.fr\/blog\/#organization","name":"Dicodusport","url":"https:\/\/dicodusport.fr\/blog\/","logo":{"@type":"ImageObject","inLanguage":"fr-FR","@id":"https:\/\/dicodusport.fr\/blog\/#\/schema\/logo\/image\/","url":"https:\/\/dicodusport.fr\/blog\/wp-content\/uploads\/2020\/06\/cropped-LOGO-DICODUSPORT-2020-SANS-FOND-SANS-TEXTE.png","contentUrl":"https:\/\/dicodusport.fr\/blog\/wp-content\/uploads\/2020\/06\/cropped-LOGO-DICODUSPORT-2020-SANS-FOND-SANS-TEXTE.png","width":512,"height":512,"caption":"Dicodusport"},"image":{"@id":"https:\/\/dicodusport.fr\/blog\/#\/schema\/logo\/image\/"},"sameAs":["https:\/\/www.facebook.com\/dicodusport","https:\/\/x.com\/dicodusport","https:\/\/www.instagram.com\/dicodusport\/","https:\/\/www.youtube.com\/channel\/UC7V2KZ5sd3htJivAbA4ZG3w"],"description":"Dicodusport est l'encyclop\u00e9die de l'actualit\u00e9 sportive.","email":"bonjour@dicodusport.fr","legalName":"DICODUSPORT","foundingDate":"2018-01-14","vatID":"FR71834470973","taxID":"83447097300043","numberOfEmployees":{"@type":"QuantitativeValue","minValue":"1","maxValue":"10"}},{"@type":"Person","@id":"https:\/\/dicodusport.fr\/blog\/#\/schema\/person\/55dcb50ad410894e431ed812bbb70191","name":"Nicolas Jacquemard","image":{"@type":"ImageObject","inLanguage":"fr-FR","@id":"https:\/\/dicodusport.fr\/blog\/#\/schema\/person\/image\/","url":"https:\/\/dicodusport.fr\/blog\/wp-content\/uploads\/2021\/05\/Nicolas-Jacquemard-150x150.jpeg","contentUrl":"https:\/\/dicodusport.fr\/blog\/wp-content\/uploads\/2021\/05\/Nicolas-Jacquemard-150x150.jpeg","caption":"Nicolas Jacquemard"},"description":"Passionn\u00e9 de sport et entrepreneur depuis mes 18 ans, la cr\u00e9ation de Dicodusport m'a sembl\u00e9 \u00e9vidente pour participer \u00e0 la m\u00e9diatisation d'un plus grand nombre de sports. Le chemin est long mais avec une \u00e9quipe des plus motiv\u00e9es et les Jeux Olympiques de Paris 2024 en point de mire, nous y arriverons ! Journaliste dans le monde du sport depuis plus de 5 ans, je traite aussi bien de football, de rugby, de biathlon que de cyclisme.","sameAs":["https:\/\/www.facebook.com\/dicodusport","https:\/\/x.com\/https:\/\/twitter.com\/Nico_Jacquemard"],"url":"https:\/\/dicodusport.fr\/blog\/author\/dicodusport\/"}]}},"_links":{"self":[{"href":"https:\/\/dicodusport.fr\/blog\/wp-json\/wp\/v2\/posts\/163030","targetHints":{"allow":["GET"]}}],"collection":[{"href":"https:\/\/dicodusport.fr\/blog\/wp-json\/wp\/v2\/posts"}],"about":[{"href":"https:\/\/dicodusport.fr\/blog\/wp-json\/wp\/v2\/types\/post"}],"author":[{"embeddable":true,"href":"https:\/\/dicodusport.fr\/blog\/wp-json\/wp\/v2\/users\/1"}],"replies":[{"embeddable":true,"href":"https:\/\/dicodusport.fr\/blog\/wp-json\/wp\/v2\/comments?post=163030"}],"version-history":[{"count":0,"href":"https:\/\/dicodusport.fr\/blog\/wp-json\/wp\/v2\/posts\/163030\/revisions"}],"wp:featuredmedia":[{"embeddable":true,"href":"https:\/\/dicodusport.fr\/blog\/wp-json\/wp\/v2\/media\/163031"}],"wp:attachment":[{"href":"https:\/\/dicodusport.fr\/blog\/wp-json\/wp\/v2\/media?parent=163030"}],"wp:term":[{"taxonomy":"category","embeddable":true,"href":"https:\/\/dicodusport.fr\/blog\/wp-json\/wp\/v2\/categories?post=163030"},{"taxonomy":"post_tag","embeddable":true,"href":"https:\/\/dicodusport.fr\/blog\/wp-json\/wp\/v2\/tags?post=163030"}],"curies":[{"name":"wp","href":"https:\/\/api.w.org\/{rel}","templated":true}]}}