{"id":163122,"date":"2021-08-31T17:54:47","date_gmt":"2021-08-31T15:54:47","guid":{"rendered":"https:\/\/dicodusport.fr\/blog\/?p=163122&#038;preview=true&#038;preview_id=163122"},"modified":"2021-09-01T08:12:53","modified_gmt":"2021-09-01T06:12:53","slug":"une-recrue-de-derniere-minute-pour-le-psg","status":"publish","type":"post","link":"https:\/\/dicodusport.fr\/blog\/une-recrue-de-derniere-minute-pour-le-psg\/","title":{"rendered":"Une recrue de derni\u00e8re minute pour le PSG ?"},"content":{"rendered":"<p style=\"text-align: justify;\"><strong><em>MERCATO &#8211; Selon plusieurs m\u00e9dias, le PSG tenterait de boucler l&rsquo;arriv\u00e9e du jeune lat\u00e9ral gauche portugais, Nuno Mendes.<\/em><\/strong><\/p>\n<p style=\"text-align: justify;\">Les dirigeants parisiens sont dans le doute pour le poste de lat\u00e9ral gauche car le retour \u00e0 la comp\u00e9tition de<strong> Juan Bernat<\/strong> tra\u00eene et <strong>Layvin Kurzawa<\/strong> n&rsquo;est pas vraiment dans les plans du coach. Le <strong>PSG<\/strong> essaye donc de signer \u00e0 la derni\u00e8re minute le lat\u00e9ral gauche du Sporting, <strong>Nuno Mendes<\/strong>, mais son club en demande pas moins de 40 millions d&rsquo;euros. Pour faire baisser la facture, <strong>Pablo Sarabia<\/strong> pourrait aller en pr\u00eat dans le club portugais pendant une saison. Si Paris s&rsquo;active sur ce dossier, il n&rsquo;est pas le seul grand club europ\u00e9en puisque Manchester City et Pep Guardiola sont aussi sur le coup.<\/p>\n<blockquote class=\"twitter-tweet\">\n<p dir=\"ltr\" lang=\"fr\">Le PSG lance les man\u0153uvres pour Nuno Mendes ! <a href=\"https:\/\/t.co\/kF0pkzOQhK\">https:\/\/t.co\/kF0pkzOQhK<\/a><\/p>\n<p>\u2014 Foot Mercato (@footmercato) <a href=\"https:\/\/twitter.com\/footmercato\/status\/1432719374205472769?ref_src=twsrc%5Etfw\">August 31, 2021<\/a><\/p><\/blockquote>\n<p style=\"text-align: justify;\"><script async src=\"https:\/\/platform.twitter.com\/widgets.js\" charset=\"utf-8\"><\/script><\/p>\n","protected":false},"excerpt":{"rendered":"<p>MERCATO &#8211; Selon plusieurs m\u00e9dias, le PSG tenterait de boucler l&rsquo;arriv\u00e9e du jeune lat\u00e9ral gauche portugais, Nuno Mendes.<\/p>\n","protected":false},"author":1,"featured_media":163130,"comment_status":"open","ping_status":"closed","sticky":false,"template":"","format":"standard","meta":{"_acf_changed":false,"_daextam_enable_autolinks":"","footnotes":""},"categories":[47045],"tags":[1554,1555,910,3171],"class_list":["post-163122","post","type-post","status-publish","format-standard","has-post-thumbnail","hentry","category-ligue-1","tag-ligue-1","tag-mercato","tag-psg","tag-sporting"],"acf":[],"yoast_head":"<!-- This site is optimized with the Yoast SEO Premium plugin v26.7 (Yoast SEO v26.7) - https:\/\/yoast.com\/wordpress\/plugins\/seo\/ -->\n<title>Une recrue de derni\u00e8re minute pour le PSG ?<\/title>\n<meta name=\"description\" content=\"MERCATO - Selon plusieurs m\u00e9dias, le PSG tenterait de boucler l&#039;arriv\u00e9e du jeune lat\u00e9ral gauche portugais, Nuno Mendes.\" \/>\n<meta name=\"robots\" content=\"index, follow, max-snippet:-1, max-image-preview:large, max-video-preview:-1\" \/>\n<link rel=\"canonical\" href=\"https:\/\/dicodusport.fr\/blog\/une-recrue-de-derniere-minute-pour-le-psg\/\" \/>\n<meta property=\"og:locale\" content=\"fr_FR\" \/>\n<meta property=\"og:type\" content=\"article\" \/>\n<meta property=\"og:title\" content=\"Une recrue de derni\u00e8re minute pour le PSG ?\" \/>\n<meta property=\"og:description\" content=\"MERCATO - Selon plusieurs m\u00e9dias, le PSG tenterait de boucler l&#039;arriv\u00e9e du jeune lat\u00e9ral gauche portugais, Nuno Mendes.\" \/>\n<meta property=\"og:url\" content=\"https:\/\/dicodusport.fr\/blog\/une-recrue-de-derniere-minute-pour-le-psg\/\" \/>\n<meta property=\"og:site_name\" content=\"Dicodusport\" \/>\n<meta property=\"article:publisher\" content=\"https:\/\/www.facebook.com\/dicodusport\" \/>\n<meta property=\"article:author\" content=\"https:\/\/www.facebook.com\/dicodusport\" \/>\n<meta property=\"article:published_time\" content=\"2021-08-31T15:54:47+00:00\" \/>\n<meta property=\"article:modified_time\" content=\"2021-09-01T06:12:53+00:00\" \/>\n<meta property=\"og:image\" content=\"https:\/\/dicodusport.fr\/blog\/wp-content\/uploads\/2021\/08\/Une-recrue-de-dernie\u0300re-minute-pour-le-PSG-.png\" \/>\n\t<meta property=\"og:image:width\" content=\"800\" \/>\n\t<meta property=\"og:image:height\" content=\"445\" \/>\n\t<meta property=\"og:image:type\" content=\"image\/png\" \/>\n<meta name=\"author\" content=\"Nicolas Jacquemard\" \/>\n<meta name=\"twitter:card\" content=\"summary_large_image\" \/>\n<meta name=\"twitter:title\" content=\"Une recrue de derni\u00e8re minute pour le PSG ?\" \/>\n<meta name=\"twitter:creator\" content=\"@https:\/\/twitter.com\/Nico_Jacquemard\" \/>\n<meta name=\"twitter:site\" content=\"@dicodusport\" \/>\n<script type=\"application\/ld+json\" class=\"yoast-schema-graph\">{\"@context\":\"https:\/\/schema.org\",\"@graph\":[{\"@type\":\"NewsArticle\",\"@id\":\"https:\/\/dicodusport.fr\/blog\/une-recrue-de-derniere-minute-pour-le-psg\/#article\",\"isPartOf\":{\"@id\":\"https:\/\/dicodusport.fr\/blog\/une-recrue-de-derniere-minute-pour-le-psg\/\"},\"author\":{\"name\":\"Nicolas Jacquemard\",\"@id\":\"https:\/\/dicodusport.fr\/blog\/#\/schema\/person\/55dcb50ad410894e431ed812bbb70191\"},\"headline\":\"Une recrue de derni\u00e8re minute pour le PSG ?\",\"datePublished\":\"2021-08-31T15:54:47+00:00\",\"dateModified\":\"2021-09-01T06:12:53+00:00\",\"mainEntityOfPage\":{\"@id\":\"https:\/\/dicodusport.fr\/blog\/une-recrue-de-derniere-minute-pour-le-psg\/\"},\"wordCount\":162,\"commentCount\":0,\"publisher\":{\"@id\":\"https:\/\/dicodusport.fr\/blog\/#organization\"},\"image\":{\"@id\":\"https:\/\/dicodusport.fr\/blog\/une-recrue-de-derniere-minute-pour-le-psg\/#primaryimage\"},\"thumbnailUrl\":\"https:\/\/dicodusport.fr\/blog\/wp-content\/uploads\/2021\/08\/Une-recrue-de-dernie\u0300re-minute-pour-le-PSG-.png\",\"keywords\":[\"Ligue 1\",\"Mercato\",\"PSG\",\"Sporting\"],\"articleSection\":[\"Ligue 1\"],\"inLanguage\":\"fr-FR\",\"potentialAction\":[{\"@type\":\"CommentAction\",\"name\":\"Comment\",\"target\":[\"https:\/\/dicodusport.fr\/blog\/une-recrue-de-derniere-minute-pour-le-psg\/#respond\"]}],\"copyrightYear\":\"2021\",\"copyrightHolder\":{\"@id\":\"https:\/\/dicodusport.fr\/blog\/#organization\"}},{\"@type\":\"WebPage\",\"@id\":\"https:\/\/dicodusport.fr\/blog\/une-recrue-de-derniere-minute-pour-le-psg\/\",\"url\":\"https:\/\/dicodusport.fr\/blog\/une-recrue-de-derniere-minute-pour-le-psg\/\",\"name\":\"Une recrue de derni\u00e8re minute pour le PSG ?\",\"isPartOf\":{\"@id\":\"https:\/\/dicodusport.fr\/blog\/#website\"},\"primaryImageOfPage\":{\"@id\":\"https:\/\/dicodusport.fr\/blog\/une-recrue-de-derniere-minute-pour-le-psg\/#primaryimage\"},\"image\":{\"@id\":\"https:\/\/dicodusport.fr\/blog\/une-recrue-de-derniere-minute-pour-le-psg\/#primaryimage\"},\"thumbnailUrl\":\"https:\/\/dicodusport.fr\/blog\/wp-content\/uploads\/2021\/08\/Une-recrue-de-dernie\u0300re-minute-pour-le-PSG-.png\",\"datePublished\":\"2021-08-31T15:54:47+00:00\",\"dateModified\":\"2021-09-01T06:12:53+00:00\",\"description\":\"MERCATO - Selon plusieurs m\u00e9dias, le PSG tenterait de boucler l'arriv\u00e9e du jeune lat\u00e9ral gauche portugais, Nuno Mendes.\",\"breadcrumb\":{\"@id\":\"https:\/\/dicodusport.fr\/blog\/une-recrue-de-derniere-minute-pour-le-psg\/#breadcrumb\"},\"inLanguage\":\"fr-FR\",\"potentialAction\":[{\"@type\":\"ReadAction\",\"target\":[\"https:\/\/dicodusport.fr\/blog\/une-recrue-de-derniere-minute-pour-le-psg\/\"]}]},{\"@type\":\"ImageObject\",\"inLanguage\":\"fr-FR\",\"@id\":\"https:\/\/dicodusport.fr\/blog\/une-recrue-de-derniere-minute-pour-le-psg\/#primaryimage\",\"url\":\"https:\/\/dicodusport.fr\/blog\/wp-content\/uploads\/2021\/08\/Une-recrue-de-dernie\u0300re-minute-pour-le-PSG-.png\",\"contentUrl\":\"https:\/\/dicodusport.fr\/blog\/wp-content\/uploads\/2021\/08\/Une-recrue-de-dernie\u0300re-minute-pour-le-PSG-.png\",\"width\":800,\"height\":445},{\"@type\":\"BreadcrumbList\",\"@id\":\"https:\/\/dicodusport.fr\/blog\/une-recrue-de-derniere-minute-pour-le-psg\/#breadcrumb\",\"itemListElement\":[{\"@type\":\"ListItem\",\"position\":1,\"name\":\"Accueil\",\"item\":\"https:\/\/dicodusport.fr\/blog\/\"},{\"@type\":\"ListItem\",\"position\":2,\"name\":\"Une recrue de derni\u00e8re minute pour le PSG ?\"}]},{\"@type\":\"WebSite\",\"@id\":\"https:\/\/dicodusport.fr\/blog\/#website\",\"url\":\"https:\/\/dicodusport.fr\/blog\/\",\"name\":\"Dicodusport\",\"description\":\"L&#039;encyclop\u00e9die de l&#039;actualit\u00e9 sportive\",\"publisher\":{\"@id\":\"https:\/\/dicodusport.fr\/blog\/#organization\"},\"potentialAction\":[{\"@type\":\"SearchAction\",\"target\":{\"@type\":\"EntryPoint\",\"urlTemplate\":\"https:\/\/dicodusport.fr\/blog\/?s={search_term_string}\"},\"query-input\":{\"@type\":\"PropertyValueSpecification\",\"valueRequired\":true,\"valueName\":\"search_term_string\"}}],\"inLanguage\":\"fr-FR\"},{\"@type\":\"NewsMediaOrganization\",\"@id\":\"https:\/\/dicodusport.fr\/blog\/#organization\",\"name\":\"Dicodusport\",\"url\":\"https:\/\/dicodusport.fr\/blog\/\",\"logo\":{\"@type\":\"ImageObject\",\"inLanguage\":\"fr-FR\",\"@id\":\"https:\/\/dicodusport.fr\/blog\/#\/schema\/logo\/image\/\",\"url\":\"https:\/\/dicodusport.fr\/blog\/wp-content\/uploads\/2020\/06\/cropped-LOGO-DICODUSPORT-2020-SANS-FOND-SANS-TEXTE.png\",\"contentUrl\":\"https:\/\/dicodusport.fr\/blog\/wp-content\/uploads\/2020\/06\/cropped-LOGO-DICODUSPORT-2020-SANS-FOND-SANS-TEXTE.png\",\"width\":512,\"height\":512,\"caption\":\"Dicodusport\"},\"image\":{\"@id\":\"https:\/\/dicodusport.fr\/blog\/#\/schema\/logo\/image\/\"},\"sameAs\":[\"https:\/\/www.facebook.com\/dicodusport\",\"https:\/\/x.com\/dicodusport\",\"https:\/\/www.instagram.com\/dicodusport\/\",\"https:\/\/www.youtube.com\/channel\/UC7V2KZ5sd3htJivAbA4ZG3w\"],\"description\":\"Dicodusport est l'encyclop\u00e9die de l'actualit\u00e9 sportive.\",\"email\":\"bonjour@dicodusport.fr\",\"legalName\":\"DICODUSPORT\",\"foundingDate\":\"2018-01-14\",\"vatID\":\"FR71834470973\",\"taxID\":\"83447097300043\",\"numberOfEmployees\":{\"@type\":\"QuantitativeValue\",\"minValue\":\"1\",\"maxValue\":\"10\"}},{\"@type\":\"Person\",\"@id\":\"https:\/\/dicodusport.fr\/blog\/#\/schema\/person\/55dcb50ad410894e431ed812bbb70191\",\"name\":\"Nicolas Jacquemard\",\"image\":{\"@type\":\"ImageObject\",\"inLanguage\":\"fr-FR\",\"@id\":\"https:\/\/dicodusport.fr\/blog\/#\/schema\/person\/image\/\",\"url\":\"https:\/\/dicodusport.fr\/blog\/wp-content\/uploads\/2021\/05\/Nicolas-Jacquemard-150x150.jpeg\",\"contentUrl\":\"https:\/\/dicodusport.fr\/blog\/wp-content\/uploads\/2021\/05\/Nicolas-Jacquemard-150x150.jpeg\",\"caption\":\"Nicolas Jacquemard\"},\"description\":\"Passionn\u00e9 de sport et entrepreneur depuis mes 18 ans, la cr\u00e9ation de Dicodusport m'a sembl\u00e9 \u00e9vidente pour participer \u00e0 la m\u00e9diatisation d'un plus grand nombre de sports. Le chemin est long mais avec une \u00e9quipe des plus motiv\u00e9es et les Jeux Olympiques de Paris 2024 en point de mire, nous y arriverons ! Journaliste dans le monde du sport depuis plus de 5 ans, je traite aussi bien de football, de rugby, de biathlon que de cyclisme.\",\"sameAs\":[\"https:\/\/www.facebook.com\/dicodusport\",\"https:\/\/x.com\/https:\/\/twitter.com\/Nico_Jacquemard\"],\"url\":\"https:\/\/dicodusport.fr\/blog\/author\/dicodusport\/\"}]}<\/script>\n<!-- \/ Yoast SEO Premium plugin. -->","yoast_head_json":{"title":"Une recrue de derni\u00e8re minute pour le PSG ?","description":"MERCATO - Selon plusieurs m\u00e9dias, le PSG tenterait de boucler l'arriv\u00e9e du jeune lat\u00e9ral gauche portugais, Nuno Mendes.","robots":{"index":"index","follow":"follow","max-snippet":"max-snippet:-1","max-image-preview":"max-image-preview:large","max-video-preview":"max-video-preview:-1"},"canonical":"https:\/\/dicodusport.fr\/blog\/une-recrue-de-derniere-minute-pour-le-psg\/","og_locale":"fr_FR","og_type":"article","og_title":"Une recrue de derni\u00e8re minute pour le PSG ?","og_description":"MERCATO - Selon plusieurs m\u00e9dias, le PSG tenterait de boucler l'arriv\u00e9e du jeune lat\u00e9ral gauche portugais, Nuno Mendes.","og_url":"https:\/\/dicodusport.fr\/blog\/une-recrue-de-derniere-minute-pour-le-psg\/","og_site_name":"Dicodusport","article_publisher":"https:\/\/www.facebook.com\/dicodusport","article_author":"https:\/\/www.facebook.com\/dicodusport","article_published_time":"2021-08-31T15:54:47+00:00","article_modified_time":"2021-09-01T06:12:53+00:00","og_image":[{"width":800,"height":445,"url":"https:\/\/dicodusport.fr\/blog\/wp-content\/uploads\/2021\/08\/Une-recrue-de-dernie\u0300re-minute-pour-le-PSG-.png","type":"image\/png"}],"author":"Nicolas Jacquemard","twitter_card":"summary_large_image","twitter_title":"Une recrue de derni\u00e8re minute pour le PSG ?","twitter_creator":"@https:\/\/twitter.com\/Nico_Jacquemard","twitter_site":"@dicodusport","schema":{"@context":"https:\/\/schema.org","@graph":[{"@type":"NewsArticle","@id":"https:\/\/dicodusport.fr\/blog\/une-recrue-de-derniere-minute-pour-le-psg\/#article","isPartOf":{"@id":"https:\/\/dicodusport.fr\/blog\/une-recrue-de-derniere-minute-pour-le-psg\/"},"author":{"name":"Nicolas Jacquemard","@id":"https:\/\/dicodusport.fr\/blog\/#\/schema\/person\/55dcb50ad410894e431ed812bbb70191"},"headline":"Une recrue de derni\u00e8re minute pour le PSG ?","datePublished":"2021-08-31T15:54:47+00:00","dateModified":"2021-09-01T06:12:53+00:00","mainEntityOfPage":{"@id":"https:\/\/dicodusport.fr\/blog\/une-recrue-de-derniere-minute-pour-le-psg\/"},"wordCount":162,"commentCount":0,"publisher":{"@id":"https:\/\/dicodusport.fr\/blog\/#organization"},"image":{"@id":"https:\/\/dicodusport.fr\/blog\/une-recrue-de-derniere-minute-pour-le-psg\/#primaryimage"},"thumbnailUrl":"https:\/\/dicodusport.fr\/blog\/wp-content\/uploads\/2021\/08\/Une-recrue-de-dernie\u0300re-minute-pour-le-PSG-.png","keywords":["Ligue 1","Mercato","PSG","Sporting"],"articleSection":["Ligue 1"],"inLanguage":"fr-FR","potentialAction":[{"@type":"CommentAction","name":"Comment","target":["https:\/\/dicodusport.fr\/blog\/une-recrue-de-derniere-minute-pour-le-psg\/#respond"]}],"copyrightYear":"2021","copyrightHolder":{"@id":"https:\/\/dicodusport.fr\/blog\/#organization"}},{"@type":"WebPage","@id":"https:\/\/dicodusport.fr\/blog\/une-recrue-de-derniere-minute-pour-le-psg\/","url":"https:\/\/dicodusport.fr\/blog\/une-recrue-de-derniere-minute-pour-le-psg\/","name":"Une recrue de derni\u00e8re minute pour le PSG ?","isPartOf":{"@id":"https:\/\/dicodusport.fr\/blog\/#website"},"primaryImageOfPage":{"@id":"https:\/\/dicodusport.fr\/blog\/une-recrue-de-derniere-minute-pour-le-psg\/#primaryimage"},"image":{"@id":"https:\/\/dicodusport.fr\/blog\/une-recrue-de-derniere-minute-pour-le-psg\/#primaryimage"},"thumbnailUrl":"https:\/\/dicodusport.fr\/blog\/wp-content\/uploads\/2021\/08\/Une-recrue-de-dernie\u0300re-minute-pour-le-PSG-.png","datePublished":"2021-08-31T15:54:47+00:00","dateModified":"2021-09-01T06:12:53+00:00","description":"MERCATO - Selon plusieurs m\u00e9dias, le PSG tenterait de boucler l'arriv\u00e9e du jeune lat\u00e9ral gauche portugais, Nuno Mendes.","breadcrumb":{"@id":"https:\/\/dicodusport.fr\/blog\/une-recrue-de-derniere-minute-pour-le-psg\/#breadcrumb"},"inLanguage":"fr-FR","potentialAction":[{"@type":"ReadAction","target":["https:\/\/dicodusport.fr\/blog\/une-recrue-de-derniere-minute-pour-le-psg\/"]}]},{"@type":"ImageObject","inLanguage":"fr-FR","@id":"https:\/\/dicodusport.fr\/blog\/une-recrue-de-derniere-minute-pour-le-psg\/#primaryimage","url":"https:\/\/dicodusport.fr\/blog\/wp-content\/uploads\/2021\/08\/Une-recrue-de-dernie\u0300re-minute-pour-le-PSG-.png","contentUrl":"https:\/\/dicodusport.fr\/blog\/wp-content\/uploads\/2021\/08\/Une-recrue-de-dernie\u0300re-minute-pour-le-PSG-.png","width":800,"height":445},{"@type":"BreadcrumbList","@id":"https:\/\/dicodusport.fr\/blog\/une-recrue-de-derniere-minute-pour-le-psg\/#breadcrumb","itemListElement":[{"@type":"ListItem","position":1,"name":"Accueil","item":"https:\/\/dicodusport.fr\/blog\/"},{"@type":"ListItem","position":2,"name":"Une recrue de derni\u00e8re minute pour le PSG ?"}]},{"@type":"WebSite","@id":"https:\/\/dicodusport.fr\/blog\/#website","url":"https:\/\/dicodusport.fr\/blog\/","name":"Dicodusport","description":"L&#039;encyclop\u00e9die de l&#039;actualit\u00e9 sportive","publisher":{"@id":"https:\/\/dicodusport.fr\/blog\/#organization"},"potentialAction":[{"@type":"SearchAction","target":{"@type":"EntryPoint","urlTemplate":"https:\/\/dicodusport.fr\/blog\/?s={search_term_string}"},"query-input":{"@type":"PropertyValueSpecification","valueRequired":true,"valueName":"search_term_string"}}],"inLanguage":"fr-FR"},{"@type":"NewsMediaOrganization","@id":"https:\/\/dicodusport.fr\/blog\/#organization","name":"Dicodusport","url":"https:\/\/dicodusport.fr\/blog\/","logo":{"@type":"ImageObject","inLanguage":"fr-FR","@id":"https:\/\/dicodusport.fr\/blog\/#\/schema\/logo\/image\/","url":"https:\/\/dicodusport.fr\/blog\/wp-content\/uploads\/2020\/06\/cropped-LOGO-DICODUSPORT-2020-SANS-FOND-SANS-TEXTE.png","contentUrl":"https:\/\/dicodusport.fr\/blog\/wp-content\/uploads\/2020\/06\/cropped-LOGO-DICODUSPORT-2020-SANS-FOND-SANS-TEXTE.png","width":512,"height":512,"caption":"Dicodusport"},"image":{"@id":"https:\/\/dicodusport.fr\/blog\/#\/schema\/logo\/image\/"},"sameAs":["https:\/\/www.facebook.com\/dicodusport","https:\/\/x.com\/dicodusport","https:\/\/www.instagram.com\/dicodusport\/","https:\/\/www.youtube.com\/channel\/UC7V2KZ5sd3htJivAbA4ZG3w"],"description":"Dicodusport est l'encyclop\u00e9die de l'actualit\u00e9 sportive.","email":"bonjour@dicodusport.fr","legalName":"DICODUSPORT","foundingDate":"2018-01-14","vatID":"FR71834470973","taxID":"83447097300043","numberOfEmployees":{"@type":"QuantitativeValue","minValue":"1","maxValue":"10"}},{"@type":"Person","@id":"https:\/\/dicodusport.fr\/blog\/#\/schema\/person\/55dcb50ad410894e431ed812bbb70191","name":"Nicolas Jacquemard","image":{"@type":"ImageObject","inLanguage":"fr-FR","@id":"https:\/\/dicodusport.fr\/blog\/#\/schema\/person\/image\/","url":"https:\/\/dicodusport.fr\/blog\/wp-content\/uploads\/2021\/05\/Nicolas-Jacquemard-150x150.jpeg","contentUrl":"https:\/\/dicodusport.fr\/blog\/wp-content\/uploads\/2021\/05\/Nicolas-Jacquemard-150x150.jpeg","caption":"Nicolas Jacquemard"},"description":"Passionn\u00e9 de sport et entrepreneur depuis mes 18 ans, la cr\u00e9ation de Dicodusport m'a sembl\u00e9 \u00e9vidente pour participer \u00e0 la m\u00e9diatisation d'un plus grand nombre de sports. Le chemin est long mais avec une \u00e9quipe des plus motiv\u00e9es et les Jeux Olympiques de Paris 2024 en point de mire, nous y arriverons ! Journaliste dans le monde du sport depuis plus de 5 ans, je traite aussi bien de football, de rugby, de biathlon que de cyclisme.","sameAs":["https:\/\/www.facebook.com\/dicodusport","https:\/\/x.com\/https:\/\/twitter.com\/Nico_Jacquemard"],"url":"https:\/\/dicodusport.fr\/blog\/author\/dicodusport\/"}]}},"_links":{"self":[{"href":"https:\/\/dicodusport.fr\/blog\/wp-json\/wp\/v2\/posts\/163122","targetHints":{"allow":["GET"]}}],"collection":[{"href":"https:\/\/dicodusport.fr\/blog\/wp-json\/wp\/v2\/posts"}],"about":[{"href":"https:\/\/dicodusport.fr\/blog\/wp-json\/wp\/v2\/types\/post"}],"author":[{"embeddable":true,"href":"https:\/\/dicodusport.fr\/blog\/wp-json\/wp\/v2\/users\/1"}],"replies":[{"embeddable":true,"href":"https:\/\/dicodusport.fr\/blog\/wp-json\/wp\/v2\/comments?post=163122"}],"version-history":[{"count":0,"href":"https:\/\/dicodusport.fr\/blog\/wp-json\/wp\/v2\/posts\/163122\/revisions"}],"wp:featuredmedia":[{"embeddable":true,"href":"https:\/\/dicodusport.fr\/blog\/wp-json\/wp\/v2\/media\/163130"}],"wp:attachment":[{"href":"https:\/\/dicodusport.fr\/blog\/wp-json\/wp\/v2\/media?parent=163122"}],"wp:term":[{"taxonomy":"category","embeddable":true,"href":"https:\/\/dicodusport.fr\/blog\/wp-json\/wp\/v2\/categories?post=163122"},{"taxonomy":"post_tag","embeddable":true,"href":"https:\/\/dicodusport.fr\/blog\/wp-json\/wp\/v2\/tags?post=163122"}],"curies":[{"name":"wp","href":"https:\/\/api.w.org\/{rel}","templated":true}]}}