{"id":163207,"date":"2021-09-01T13:17:49","date_gmt":"2021-09-01T11:17:49","guid":{"rendered":"https:\/\/dicodusport.fr\/blog\/?p=163207&#038;preview=true&#038;preview_id=163207"},"modified":"2021-09-03T13:03:28","modified_gmt":"2021-09-03T11:03:28","slug":"top-14-racing-92-cinq-ans-apres","status":"publish","type":"post","link":"https:\/\/dicodusport.fr\/blog\/top-14-racing-92-cinq-ans-apres\/","title":{"rendered":"Top 14 : Le Racing 92, six ans apr\u00e8s ?"},"content":{"rendered":"<p style=\"text-align: justify;\"><em><strong><a href=\"https:\/\/dicodusport.fr\/blog\/actualites\/rugby\/rugby-a-xv\/top-14-2021-2022\/\">TOP 14 2021-2022<\/a> &#8211; Troisi\u00e8me de la saison r\u00e9guli\u00e8re puis \u00e9limin\u00e9 dans le dernier carr\u00e9 lors de l&rsquo;exercice pr\u00e9c\u00e9dent, le Racing 92 aborde la saison avec beaucoup d&rsquo;ambitions. Fort d&rsquo;un effectif XXL, le club francilien, sevr\u00e9 de titre depuis 2016, va devoir faire preuve de constance pour esp\u00e9rer retrouver les sommets. Que peut-on attendre des Racingmen ?<\/strong><\/em><\/p>\n<p style=\"text-align: justify;\">Le <strong>Racing 92<\/strong> va devoir r\u00e9gler quelques soucis en vue d&rsquo;un printemps radieux. En effet, la saison pass\u00e9e, le club des Hauts-de-Seine a vu sa saison plomber par un exercice d\u00e9licat sur quelques points. \u00c0 commencer par des prestations \u00e0 domicile parfois d\u00e9cevantes. Seulement huiti\u00e8me \u00e9quipe \u00e0 la maison, avec, quand m\u00eame, 4 d\u00e9faites en 13 matchs, les Ciel &amp; Blanc avaient pu rectifier le tir en d\u00e9placement, en \u00e9tant la premi\u00e8re formation en nombre de points pris \u00e0 l&rsquo;ext\u00e9rieur (36), comme le Stade Toulousain. Outre les r\u00e9sultats bruts, c&rsquo;est aussi un manque de constance qui frapp\u00e9 les Franciliens. Souvent domin\u00e9s devant o\u00f9 le pack aura \u00e9t\u00e9 souvent en difficult\u00e9, les Racingmen ont souvent pay\u00e9 le manque de densit\u00e9 physique devant. Reste d\u00e9sormais \u00e0 gommer ces imperfections pour viser encore plus haut.<\/p>\n<h2 style=\"text-align: justify;\">Racing 92, objectif titre<\/h2>\n<p style=\"text-align: justify;\"><em>\u00ab Les compteurs sont remis \u00e0 z\u00e9ro, oui. L\u2019important, c\u2019est de basculer d\u00e8s aujourd\u2019hui vers une saison que l\u2019on pressent, comme toujours, longue, \u00e9prouvante et disput\u00e9e. Chaque ann\u00e9e, le niveau du Top 14 monte un peu plus \u00bb.<\/em> Tels sont les mots de Laurent Travers \u00e0 nos confr\u00e8res de <em>Midi Olympique &#8211; Rugbyrama<\/em>, \u00e0 quelques jours de la reprise du Top 14. Le boss du sportif au sein du club francilien a donc tourn\u00e9 la page d&rsquo;une saison 2020-2021 frustrante pour son \u00e9quipe. D\u00e9sormais, place \u00e0 un exercice 2021-2022 qui doit \u00eatre celui de la r\u00e9volte pour le <strong>Racing 92<\/strong>. Sans titre depuis 2016, les Franciliens n&rsquo;ont plus disput\u00e9 de finale nationale depuis leur sacre, il y a 5 ans. Long, pour un club ambitieux.<\/p>\n<p style=\"text-align: justify;\">D\u00e9sormais, tous les feux semblent au vert pour les Ciel &amp; Blanc. En effet, avec un effectif stable (deux arriv\u00e9es seulement) et un groupe qui se conna\u00eet bien, le Racing 92 va pouvoir s&rsquo;appuyer sur ses points forts, et notamment sur son attaque de feu, avec, excusez du peu, des joueurs comme <strong>Teddy Thomas<\/strong>, <strong>Virimi Vakatawa<\/strong>, <strong>Ga\u00ebl Fickou<\/strong>, <strong>Kurtley Beale<\/strong> ou <strong>Donovan Taofifenua<\/strong>, capable d&rsquo;ouvrir des br\u00e8ches et de marquer \u00e0 n&rsquo;importe quel moment. Reste, aussi, \u00e0 combler les manques de la saison pass\u00e9e. Le recrutement tr\u00e8s raisonnable des Racingmen va-t-il porter ses fruits ?<\/p>\n<h2 style=\"text-align: justify;\">Staff et effectif : La stabilit\u00e9 comme mot d&rsquo;ordre<\/h2>\n<p style=\"text-align: justify;\">Avant de s&rsquo;attarder sur les joueurs, il est important de noter que le staff francilien a aussi fait de la stabilit\u00e9 son leitmotiv. Aux c\u00f4t\u00e9s de <strong>Laurent Travers<\/strong>, <strong>Mike Prendergast<\/strong> (attaque), <strong>Philippe Doussy<\/strong> (jeu au pied et skills) et <strong>Dimitri Szarzewski<\/strong> (d\u00e9fense) ont \u00e9t\u00e9 logiquement maintenus. Ainsi, un seul changement est \u00e0 signaler : ancien entra\u00eeneur des avants de Brive, <strong>Didier Casade\u00ef<\/strong> a rejoint les Hauts-de-Seine pour s&rsquo;occuper du pack ciel &amp; blanc, en lieu et place de l&rsquo;Argentin <strong>Patricio Noriega<\/strong>. Un poil de sang neuf, dans un secteur qui manque de certitudes.<\/p>\n<p style=\"text-align: justify;\">C\u00f4t\u00e9 joueurs, l\u00e0 aussi, la stabilit\u00e9 est de mise. Seules deux arriv\u00e9es sont \u00e0 noter : le deuxi\u00e8me ligne international <strong>Baptiste Pesenti<\/strong> (24 ans) a d\u00e9barqu\u00e9 de Pau afin d&rsquo;amener de la densit\u00e9 au pack des Racingmen. Mais l&rsquo;arriv\u00e9e de ce dernier risque de ne pas totalement couvrir les d\u00e9parts des deuxi\u00e8mes lignes <strong>Donnacha Ryan<\/strong> (Retraite) et <strong>Dominic Bird<\/strong> (Hurricanes, NZL). <strong>Antonie Claassen<\/strong>, troisi\u00e8me ligne embl\u00e9matique du club, a \u00e9galement quitt\u00e9 le navire francilien. Des d\u00e9parts importants, dans un secteur qu&rsquo;il faudra pourtant booster pour faire mieux que la saison pass\u00e9e. \u00c0 la charnier et derri\u00e8re, <strong>Fran\u00e7ois Trinh-Duc<\/strong> (UBB), <strong>Emiliano Boffelli<\/strong> (Edimbourg) et <strong>Simon Zebo<\/strong> (Munster) ont \u00e9galement pli\u00e9 bagage. L&rsquo;arriv\u00e9e, ou du moins le retour de <strong>Ben Volavola<\/strong> (USAP), ouvreur polyvalent, viendra combler les br\u00e8ches. Suffisant pour tenir toute une saison ?<\/p>\n<ul>\n<li style=\"text-align: justify;\"><a href=\"https:\/\/www.allrugby.com\/clubs\/racing-92\/effectif\" target=\"_blank\" rel=\"nofollow noopener\"><strong>L&rsquo;effectif du Racing 92 pour la saison 2021-2022<\/strong><\/a><\/li>\n<\/ul>\n<h2 style=\"text-align: justify;\">Les joueurs \u00e0 suivre : Baptiste Pesenti et Donovan Taofifenua<\/h2>\n<p style=\"text-align: justify;\">Apr\u00e8s cinq saisons \u00e0 Pau et 59 matchs disput\u00e9s dans l&rsquo;\u00e9lite, <strong>Baptiste Pesenti<\/strong> a donc d\u00e9cid\u00e9 de franchir un cap en rejoignant le Racing 92. D\u00e9sormais international avec le XV de France (4 s\u00e9lections), le joueur de 24 ans va devoir confirmer cette saison, apr\u00e8s avoir \u00e9t\u00e9 l&rsquo;un des r\u00e9v\u00e9lation du Top 14 lors de l&rsquo;exercice 2020-2021. \u00c9galement capable d&rsquo;\u00e9voluer en troisi\u00e8me ligne, sa densit\u00e9 physique et sa pr\u00e9sence dans le combat devraient faire le plus grand bien \u00e0 une \u00e9quipe qui a cruellement manqu\u00e9 d&rsquo;agressivit\u00e9 la saison derni\u00e8re.<\/p>\n<p style=\"text-align: justify;\">Autre joueur qui va devoir confirmer, <strong>Donovan Taofifenua<\/strong>. R\u00e9v\u00e9lation, \u00e9galement, du championnat la saison pass\u00e9e, l&rsquo;ancien Clermontois a brill\u00e9, avec 10 essais en 21 matchs de championnat. L&rsquo;ailier\/arri\u00e8re a du talent \u00e0 revendre. Rapide, fort sur les appuis et redoutable finisseur, le joueur de 22 ans a d\u00e9j\u00e0 beaucoup d&rsquo;assurance dans son jeu. Avec le XV de France en ligne de mire, il va devoir faire preuve de solidit\u00e9 pour confirmer ses exploits de l&rsquo;exercice 2020-2021. Et ce sera tout benef&rsquo; pour le Racing 92.<\/p>\n<div id=\"attachment_163278\" style=\"width: 2570px\" class=\"wp-caption aligncenter\"><img loading=\"lazy\" decoding=\"async\" aria-describedby=\"caption-attachment-163278\" class=\"size-full wp-image-163278\" src=\"https:\/\/dicodusport.fr\/blog\/wp-content\/uploads\/2021\/09\/Donovan-Taofifenua-scaled.jpg\" alt=\"Donovan Taofifenua\" width=\"2560\" height=\"1707\" srcset=\"https:\/\/dicodusport.fr\/blog\/wp-content\/uploads\/2021\/09\/Donovan-Taofifenua-scaled.jpg 2560w, https:\/\/dicodusport.fr\/blog\/wp-content\/uploads\/2021\/09\/Donovan-Taofifenua-300x200.jpg 300w, https:\/\/dicodusport.fr\/blog\/wp-content\/uploads\/2021\/09\/Donovan-Taofifenua-1024x683.jpg 1024w, https:\/\/dicodusport.fr\/blog\/wp-content\/uploads\/2021\/09\/Donovan-Taofifenua-768x512.jpg 768w, https:\/\/dicodusport.fr\/blog\/wp-content\/uploads\/2021\/09\/Donovan-Taofifenua-1536x1024.jpg 1536w, https:\/\/dicodusport.fr\/blog\/wp-content\/uploads\/2021\/09\/Donovan-Taofifenua-2048x1365.jpg 2048w\" sizes=\"auto, (max-width: 2560px) 100vw, 2560px\" \/><p id=\"caption-attachment-163278\" class=\"wp-caption-text\">Donovan Taofifenua &#8211; Photo Icon Sport<\/p><\/div>\n<h2 style=\"text-align: justify;\"><strong>Notre pronostic : Dans le top 3 \u00e0 l&rsquo;issue de la phase r\u00e9guli\u00e8re<\/strong><\/h2>\n<p style=\"text-align: justify;\">Troisi\u00e8me de la saison r\u00e9guli\u00e8re la saison derni\u00e8re, le <strong>Racing 92<\/strong> esp\u00e8re sans doute d\u00e9crocher son ticket direct pour les demi-finales. S\u00fbr de sa force offensive, le club francilien devra se montrer beaucoup plus r\u00e9gulier \u00e0 la maison pour ne pas se mettre en difficult\u00e9, tout en restant aussi performant en d\u00e9placement. Mais il faudra surtout trouver des solutions devant, afin que le pack ne soit plus aussi bouscul\u00e9 qu&rsquo;en 2020-2021. Car face aux grosses \u00e9curies du Top 14, cela ne pardonnera pas. N\u00e9anmoins, pour nous, intrins\u00e8quement, <strong>le Racing 92 s&rsquo;assurera une place dans le top 3 \u00e0 l&rsquo;issue des 26 journ\u00e9es<\/strong>. Reste \u00e0 voir \u00e0 quelle place exactement.<\/p>\n<blockquote class=\"twitter-tweet\">\n<p dir=\"ltr\" lang=\"fr\">&#xfe0f;<\/p>\n<p>Le calendrier &#8211; des Ciel et Blanc !<br \/>\nQu&rsquo;en pensez vous ?<\/p>\n<p>&#x27a1;&#xfe0f; <a href=\"https:\/\/t.co\/F7EDW8oGAk\">https:\/\/t.co\/F7EDW8oGAk<\/a> <a href=\"https:\/\/twitter.com\/hashtag\/RacingFamily?src=hash&amp;ref_src=twsrc%5Etfw\">#RacingFamily<\/a> <a href=\"https:\/\/t.co\/5HuxBtalnR\">pic.twitter.com\/5HuxBtalnR<\/a><\/p>\n<p>\u2014 Racing 92 (@racing92) <a href=\"https:\/\/twitter.com\/racing92\/status\/1413153618509717509?ref_src=twsrc%5Etfw\">July 8, 2021<\/a><\/p><\/blockquote>\n<p><script async src=\"https:\/\/platform.twitter.com\/widgets.js\" charset=\"utf-8\"><\/script><\/p>\n","protected":false},"excerpt":{"rendered":"<p>TOP 14 2021-2022 &#8211; Troisi\u00e8me de la saison r\u00e9guli\u00e8re puis \u00e9limin\u00e9 dans le dernier carr\u00e9 lors de l&rsquo;exercice pr\u00e9c\u00e9dent, le Racing 92 aborde la saison avec beaucoup d&rsquo;ambitions. Fort d&rsquo;un effectif XXL, le club francilien, sevr\u00e9 de titre depuis 2016, va devoir faire preuve de constance pour esp\u00e9rer retrouver les sommets. Que peut-on attendre des Racingmen ?<\/p>\n","protected":false},"author":4,"featured_media":163279,"comment_status":"open","ping_status":"closed","sticky":false,"template":"","format":"standard","meta":{"_acf_changed":false,"_daextam_enable_autolinks":"","footnotes":""},"categories":[47050],"tags":[3131,13],"class_list":["post-163207","post","type-post","status-publish","format-standard","has-post-thumbnail","hentry","category-top-14","tag-racing-92","tag-rugby"],"acf":[],"yoast_head":"<!-- This site is optimized with the Yoast SEO Premium plugin v26.7 (Yoast SEO v26.7) - https:\/\/yoast.com\/wordpress\/plugins\/seo\/ -->\n<title>Top 14 : Le Racing 92, six ans apr\u00e8s ?<\/title>\n<meta name=\"description\" content=\"TOP 14 2021-2022 - Troisi\u00e8me de la saison r\u00e9guli\u00e8re, le Racing 92 aborde la saison avec beaucoup d&#039;ambitions.\" \/>\n<meta name=\"robots\" content=\"index, follow, max-snippet:-1, max-image-preview:large, max-video-preview:-1\" \/>\n<link rel=\"canonical\" href=\"https:\/\/dicodusport.fr\/blog\/top-14-racing-92-cinq-ans-apres\/\" \/>\n<meta property=\"og:locale\" content=\"fr_FR\" \/>\n<meta property=\"og:type\" content=\"article\" \/>\n<meta property=\"og:title\" content=\"Top 14 : Le Racing 92, six ans apr\u00e8s ?\" \/>\n<meta property=\"og:description\" content=\"TOP 14 2021-2022 - Troisi\u00e8me de la saison r\u00e9guli\u00e8re, le Racing 92 aborde la saison avec beaucoup d&#039;ambitions.\" \/>\n<meta property=\"og:url\" content=\"https:\/\/dicodusport.fr\/blog\/top-14-racing-92-cinq-ans-apres\/\" \/>\n<meta property=\"og:site_name\" content=\"Dicodusport\" \/>\n<meta property=\"article:publisher\" content=\"https:\/\/www.facebook.com\/dicodusport\" \/>\n<meta property=\"article:author\" content=\"https:\/\/www.facebook.com\/florent.ostermann\" \/>\n<meta property=\"article:published_time\" content=\"2021-09-01T11:17:49+00:00\" \/>\n<meta property=\"article:modified_time\" content=\"2021-09-03T11:03:28+00:00\" \/>\n<meta property=\"og:image\" content=\"https:\/\/dicodusport.fr\/blog\/wp-content\/uploads\/2021\/09\/Top-14-Le-Racing-92-cinq-ans-apres.png\" \/>\n\t<meta property=\"og:image:width\" content=\"800\" \/>\n\t<meta property=\"og:image:height\" content=\"445\" \/>\n\t<meta property=\"og:image:type\" content=\"image\/png\" \/>\n<meta name=\"author\" content=\"Flo Ostermann\" \/>\n<meta name=\"twitter:card\" content=\"summary_large_image\" \/>\n<meta name=\"twitter:title\" content=\"Top 14 : Le Racing 92, six ans apr\u00e8s ?\" \/>\n<meta name=\"twitter:creator\" content=\"@https:\/\/twitter.com\/FlOstermann\" \/>\n<meta name=\"twitter:site\" content=\"@dicodusport\" \/>\n<script type=\"application\/ld+json\" class=\"yoast-schema-graph\">{\"@context\":\"https:\/\/schema.org\",\"@graph\":[{\"@type\":\"NewsArticle\",\"@id\":\"https:\/\/dicodusport.fr\/blog\/top-14-racing-92-cinq-ans-apres\/#article\",\"isPartOf\":{\"@id\":\"https:\/\/dicodusport.fr\/blog\/top-14-racing-92-cinq-ans-apres\/\"},\"author\":{\"name\":\"Flo Ostermann\",\"@id\":\"https:\/\/dicodusport.fr\/blog\/#\/schema\/person\/cb02af4c173ce4a653b55e9baf388d4a\"},\"headline\":\"Top 14 : Le Racing 92, six ans apr\u00e8s ?\",\"datePublished\":\"2021-09-01T11:17:49+00:00\",\"dateModified\":\"2021-09-03T11:03:28+00:00\",\"mainEntityOfPage\":{\"@id\":\"https:\/\/dicodusport.fr\/blog\/top-14-racing-92-cinq-ans-apres\/\"},\"wordCount\":1069,\"commentCount\":0,\"publisher\":{\"@id\":\"https:\/\/dicodusport.fr\/blog\/#organization\"},\"image\":{\"@id\":\"https:\/\/dicodusport.fr\/blog\/top-14-racing-92-cinq-ans-apres\/#primaryimage\"},\"thumbnailUrl\":\"https:\/\/dicodusport.fr\/blog\/wp-content\/uploads\/2021\/09\/Top-14-Le-Racing-92-cinq-ans-apres.png\",\"keywords\":[\"Racing 92\",\"Rugby\"],\"articleSection\":[\"Top 14\"],\"inLanguage\":\"fr-FR\",\"potentialAction\":[{\"@type\":\"CommentAction\",\"name\":\"Comment\",\"target\":[\"https:\/\/dicodusport.fr\/blog\/top-14-racing-92-cinq-ans-apres\/#respond\"]}],\"copyrightYear\":\"2021\",\"copyrightHolder\":{\"@id\":\"https:\/\/dicodusport.fr\/blog\/#organization\"}},{\"@type\":\"WebPage\",\"@id\":\"https:\/\/dicodusport.fr\/blog\/top-14-racing-92-cinq-ans-apres\/\",\"url\":\"https:\/\/dicodusport.fr\/blog\/top-14-racing-92-cinq-ans-apres\/\",\"name\":\"Top 14 : Le Racing 92, six ans apr\u00e8s ?\",\"isPartOf\":{\"@id\":\"https:\/\/dicodusport.fr\/blog\/#website\"},\"primaryImageOfPage\":{\"@id\":\"https:\/\/dicodusport.fr\/blog\/top-14-racing-92-cinq-ans-apres\/#primaryimage\"},\"image\":{\"@id\":\"https:\/\/dicodusport.fr\/blog\/top-14-racing-92-cinq-ans-apres\/#primaryimage\"},\"thumbnailUrl\":\"https:\/\/dicodusport.fr\/blog\/wp-content\/uploads\/2021\/09\/Top-14-Le-Racing-92-cinq-ans-apres.png\",\"datePublished\":\"2021-09-01T11:17:49+00:00\",\"dateModified\":\"2021-09-03T11:03:28+00:00\",\"description\":\"TOP 14 2021-2022 - Troisi\u00e8me de la saison r\u00e9guli\u00e8re, le Racing 92 aborde la saison avec beaucoup d'ambitions.\",\"breadcrumb\":{\"@id\":\"https:\/\/dicodusport.fr\/blog\/top-14-racing-92-cinq-ans-apres\/#breadcrumb\"},\"inLanguage\":\"fr-FR\",\"potentialAction\":[{\"@type\":\"ReadAction\",\"target\":[\"https:\/\/dicodusport.fr\/blog\/top-14-racing-92-cinq-ans-apres\/\"]}]},{\"@type\":\"ImageObject\",\"inLanguage\":\"fr-FR\",\"@id\":\"https:\/\/dicodusport.fr\/blog\/top-14-racing-92-cinq-ans-apres\/#primaryimage\",\"url\":\"https:\/\/dicodusport.fr\/blog\/wp-content\/uploads\/2021\/09\/Top-14-Le-Racing-92-cinq-ans-apres.png\",\"contentUrl\":\"https:\/\/dicodusport.fr\/blog\/wp-content\/uploads\/2021\/09\/Top-14-Le-Racing-92-cinq-ans-apres.png\",\"width\":800,\"height\":445,\"caption\":\"Top 14 - Le Racing 92, cinq ans apr\u00e8s\"},{\"@type\":\"BreadcrumbList\",\"@id\":\"https:\/\/dicodusport.fr\/blog\/top-14-racing-92-cinq-ans-apres\/#breadcrumb\",\"itemListElement\":[{\"@type\":\"ListItem\",\"position\":1,\"name\":\"Accueil\",\"item\":\"https:\/\/dicodusport.fr\/blog\/\"},{\"@type\":\"ListItem\",\"position\":2,\"name\":\"Top 14 : Le Racing 92, six ans apr\u00e8s ?\"}]},{\"@type\":\"WebSite\",\"@id\":\"https:\/\/dicodusport.fr\/blog\/#website\",\"url\":\"https:\/\/dicodusport.fr\/blog\/\",\"name\":\"Dicodusport\",\"description\":\"L&#039;encyclop\u00e9die de l&#039;actualit\u00e9 sportive\",\"publisher\":{\"@id\":\"https:\/\/dicodusport.fr\/blog\/#organization\"},\"potentialAction\":[{\"@type\":\"SearchAction\",\"target\":{\"@type\":\"EntryPoint\",\"urlTemplate\":\"https:\/\/dicodusport.fr\/blog\/?s={search_term_string}\"},\"query-input\":{\"@type\":\"PropertyValueSpecification\",\"valueRequired\":true,\"valueName\":\"search_term_string\"}}],\"inLanguage\":\"fr-FR\"},{\"@type\":\"NewsMediaOrganization\",\"@id\":\"https:\/\/dicodusport.fr\/blog\/#organization\",\"name\":\"Dicodusport\",\"url\":\"https:\/\/dicodusport.fr\/blog\/\",\"logo\":{\"@type\":\"ImageObject\",\"inLanguage\":\"fr-FR\",\"@id\":\"https:\/\/dicodusport.fr\/blog\/#\/schema\/logo\/image\/\",\"url\":\"https:\/\/dicodusport.fr\/blog\/wp-content\/uploads\/2020\/06\/cropped-LOGO-DICODUSPORT-2020-SANS-FOND-SANS-TEXTE.png\",\"contentUrl\":\"https:\/\/dicodusport.fr\/blog\/wp-content\/uploads\/2020\/06\/cropped-LOGO-DICODUSPORT-2020-SANS-FOND-SANS-TEXTE.png\",\"width\":512,\"height\":512,\"caption\":\"Dicodusport\"},\"image\":{\"@id\":\"https:\/\/dicodusport.fr\/blog\/#\/schema\/logo\/image\/\"},\"sameAs\":[\"https:\/\/www.facebook.com\/dicodusport\",\"https:\/\/x.com\/dicodusport\",\"https:\/\/www.instagram.com\/dicodusport\/\",\"https:\/\/www.youtube.com\/channel\/UC7V2KZ5sd3htJivAbA4ZG3w\"],\"description\":\"Dicodusport est l'encyclop\u00e9die de l'actualit\u00e9 sportive.\",\"email\":\"bonjour@dicodusport.fr\",\"legalName\":\"DICODUSPORT\",\"foundingDate\":\"2018-01-14\",\"vatID\":\"FR71834470973\",\"taxID\":\"83447097300043\",\"numberOfEmployees\":{\"@type\":\"QuantitativeValue\",\"minValue\":\"1\",\"maxValue\":\"10\"}},{\"@type\":\"Person\",\"@id\":\"https:\/\/dicodusport.fr\/blog\/#\/schema\/person\/cb02af4c173ce4a653b55e9baf388d4a\",\"name\":\"Flo Ostermann\",\"image\":{\"@type\":\"ImageObject\",\"inLanguage\":\"fr-FR\",\"@id\":\"https:\/\/dicodusport.fr\/blog\/#\/schema\/person\/image\/\",\"url\":\"https:\/\/dicodusport.fr\/blog\/wp-content\/uploads\/2021\/05\/Flo-Ostermann-150x150.jpg\",\"contentUrl\":\"https:\/\/dicodusport.fr\/blog\/wp-content\/uploads\/2021\/05\/Flo-Ostermann-150x150.jpg\",\"caption\":\"Flo Ostermann\"},\"description\":\"Journaliste\/R\u00e9dacteur depuis septembre 2015 - Mes premiers souvenirs dans le sport ? Les envol\u00e9es du Stade Toulousain et les duels Villeneuve-Schumacher et H\u00e4kkinen-Schumacher \u00e0 la fin des ann\u00e9es 90, la Coupe du monde de football en 1998, l\u2019exploit du XV de France face aux All Blacks en 1999, mais aussi Richard C\u0153ur de Lion qui vole sur les montagnes du Tour de France. Bien parti pour devenir professeur d\u2019EPS, les \u00e9v\u00e9nements de la vie (et la flemme d\u2019animer des s\u00e9ances de 3x500 m\u00e8tres toute ma vie) m\u2019ont conduit \u00e0 revoir mes plans. Me voil\u00e0 depuis fin 2017 sur Dicodusport, m\u00e9dia gr\u00e2ce (et pour) lequel je partage ma passion : le sport dans tous ses \u00e9tats. Le tout accompagn\u00e9 par les fous furieux et folles furieuses cit\u00e9s sur cette page !\",\"sameAs\":[\"https:\/\/www.facebook.com\/florent.ostermann\",\"https:\/\/x.com\/https:\/\/twitter.com\/FlOstermann\",\"admin\"],\"url\":\"https:\/\/dicodusport.fr\/blog\/author\/flo\/\"}]}<\/script>\n<!-- \/ Yoast SEO Premium plugin. -->","yoast_head_json":{"title":"Top 14 : Le Racing 92, six ans apr\u00e8s ?","description":"TOP 14 2021-2022 - Troisi\u00e8me de la saison r\u00e9guli\u00e8re, le Racing 92 aborde la saison avec beaucoup d'ambitions.","robots":{"index":"index","follow":"follow","max-snippet":"max-snippet:-1","max-image-preview":"max-image-preview:large","max-video-preview":"max-video-preview:-1"},"canonical":"https:\/\/dicodusport.fr\/blog\/top-14-racing-92-cinq-ans-apres\/","og_locale":"fr_FR","og_type":"article","og_title":"Top 14 : Le Racing 92, six ans apr\u00e8s ?","og_description":"TOP 14 2021-2022 - Troisi\u00e8me de la saison r\u00e9guli\u00e8re, le Racing 92 aborde la saison avec beaucoup d'ambitions.","og_url":"https:\/\/dicodusport.fr\/blog\/top-14-racing-92-cinq-ans-apres\/","og_site_name":"Dicodusport","article_publisher":"https:\/\/www.facebook.com\/dicodusport","article_author":"https:\/\/www.facebook.com\/florent.ostermann","article_published_time":"2021-09-01T11:17:49+00:00","article_modified_time":"2021-09-03T11:03:28+00:00","og_image":[{"width":800,"height":445,"url":"https:\/\/dicodusport.fr\/blog\/wp-content\/uploads\/2021\/09\/Top-14-Le-Racing-92-cinq-ans-apres.png","type":"image\/png"}],"author":"Flo Ostermann","twitter_card":"summary_large_image","twitter_title":"Top 14 : Le Racing 92, six ans apr\u00e8s ?","twitter_creator":"@https:\/\/twitter.com\/FlOstermann","twitter_site":"@dicodusport","schema":{"@context":"https:\/\/schema.org","@graph":[{"@type":"NewsArticle","@id":"https:\/\/dicodusport.fr\/blog\/top-14-racing-92-cinq-ans-apres\/#article","isPartOf":{"@id":"https:\/\/dicodusport.fr\/blog\/top-14-racing-92-cinq-ans-apres\/"},"author":{"name":"Flo Ostermann","@id":"https:\/\/dicodusport.fr\/blog\/#\/schema\/person\/cb02af4c173ce4a653b55e9baf388d4a"},"headline":"Top 14 : Le Racing 92, six ans apr\u00e8s ?","datePublished":"2021-09-01T11:17:49+00:00","dateModified":"2021-09-03T11:03:28+00:00","mainEntityOfPage":{"@id":"https:\/\/dicodusport.fr\/blog\/top-14-racing-92-cinq-ans-apres\/"},"wordCount":1069,"commentCount":0,"publisher":{"@id":"https:\/\/dicodusport.fr\/blog\/#organization"},"image":{"@id":"https:\/\/dicodusport.fr\/blog\/top-14-racing-92-cinq-ans-apres\/#primaryimage"},"thumbnailUrl":"https:\/\/dicodusport.fr\/blog\/wp-content\/uploads\/2021\/09\/Top-14-Le-Racing-92-cinq-ans-apres.png","keywords":["Racing 92","Rugby"],"articleSection":["Top 14"],"inLanguage":"fr-FR","potentialAction":[{"@type":"CommentAction","name":"Comment","target":["https:\/\/dicodusport.fr\/blog\/top-14-racing-92-cinq-ans-apres\/#respond"]}],"copyrightYear":"2021","copyrightHolder":{"@id":"https:\/\/dicodusport.fr\/blog\/#organization"}},{"@type":"WebPage","@id":"https:\/\/dicodusport.fr\/blog\/top-14-racing-92-cinq-ans-apres\/","url":"https:\/\/dicodusport.fr\/blog\/top-14-racing-92-cinq-ans-apres\/","name":"Top 14 : Le Racing 92, six ans apr\u00e8s ?","isPartOf":{"@id":"https:\/\/dicodusport.fr\/blog\/#website"},"primaryImageOfPage":{"@id":"https:\/\/dicodusport.fr\/blog\/top-14-racing-92-cinq-ans-apres\/#primaryimage"},"image":{"@id":"https:\/\/dicodusport.fr\/blog\/top-14-racing-92-cinq-ans-apres\/#primaryimage"},"thumbnailUrl":"https:\/\/dicodusport.fr\/blog\/wp-content\/uploads\/2021\/09\/Top-14-Le-Racing-92-cinq-ans-apres.png","datePublished":"2021-09-01T11:17:49+00:00","dateModified":"2021-09-03T11:03:28+00:00","description":"TOP 14 2021-2022 - Troisi\u00e8me de la saison r\u00e9guli\u00e8re, le Racing 92 aborde la saison avec beaucoup d'ambitions.","breadcrumb":{"@id":"https:\/\/dicodusport.fr\/blog\/top-14-racing-92-cinq-ans-apres\/#breadcrumb"},"inLanguage":"fr-FR","potentialAction":[{"@type":"ReadAction","target":["https:\/\/dicodusport.fr\/blog\/top-14-racing-92-cinq-ans-apres\/"]}]},{"@type":"ImageObject","inLanguage":"fr-FR","@id":"https:\/\/dicodusport.fr\/blog\/top-14-racing-92-cinq-ans-apres\/#primaryimage","url":"https:\/\/dicodusport.fr\/blog\/wp-content\/uploads\/2021\/09\/Top-14-Le-Racing-92-cinq-ans-apres.png","contentUrl":"https:\/\/dicodusport.fr\/blog\/wp-content\/uploads\/2021\/09\/Top-14-Le-Racing-92-cinq-ans-apres.png","width":800,"height":445,"caption":"Top 14 - Le Racing 92, cinq ans apr\u00e8s"},{"@type":"BreadcrumbList","@id":"https:\/\/dicodusport.fr\/blog\/top-14-racing-92-cinq-ans-apres\/#breadcrumb","itemListElement":[{"@type":"ListItem","position":1,"name":"Accueil","item":"https:\/\/dicodusport.fr\/blog\/"},{"@type":"ListItem","position":2,"name":"Top 14 : Le Racing 92, six ans apr\u00e8s ?"}]},{"@type":"WebSite","@id":"https:\/\/dicodusport.fr\/blog\/#website","url":"https:\/\/dicodusport.fr\/blog\/","name":"Dicodusport","description":"L&#039;encyclop\u00e9die de l&#039;actualit\u00e9 sportive","publisher":{"@id":"https:\/\/dicodusport.fr\/blog\/#organization"},"potentialAction":[{"@type":"SearchAction","target":{"@type":"EntryPoint","urlTemplate":"https:\/\/dicodusport.fr\/blog\/?s={search_term_string}"},"query-input":{"@type":"PropertyValueSpecification","valueRequired":true,"valueName":"search_term_string"}}],"inLanguage":"fr-FR"},{"@type":"NewsMediaOrganization","@id":"https:\/\/dicodusport.fr\/blog\/#organization","name":"Dicodusport","url":"https:\/\/dicodusport.fr\/blog\/","logo":{"@type":"ImageObject","inLanguage":"fr-FR","@id":"https:\/\/dicodusport.fr\/blog\/#\/schema\/logo\/image\/","url":"https:\/\/dicodusport.fr\/blog\/wp-content\/uploads\/2020\/06\/cropped-LOGO-DICODUSPORT-2020-SANS-FOND-SANS-TEXTE.png","contentUrl":"https:\/\/dicodusport.fr\/blog\/wp-content\/uploads\/2020\/06\/cropped-LOGO-DICODUSPORT-2020-SANS-FOND-SANS-TEXTE.png","width":512,"height":512,"caption":"Dicodusport"},"image":{"@id":"https:\/\/dicodusport.fr\/blog\/#\/schema\/logo\/image\/"},"sameAs":["https:\/\/www.facebook.com\/dicodusport","https:\/\/x.com\/dicodusport","https:\/\/www.instagram.com\/dicodusport\/","https:\/\/www.youtube.com\/channel\/UC7V2KZ5sd3htJivAbA4ZG3w"],"description":"Dicodusport est l'encyclop\u00e9die de l'actualit\u00e9 sportive.","email":"bonjour@dicodusport.fr","legalName":"DICODUSPORT","foundingDate":"2018-01-14","vatID":"FR71834470973","taxID":"83447097300043","numberOfEmployees":{"@type":"QuantitativeValue","minValue":"1","maxValue":"10"}},{"@type":"Person","@id":"https:\/\/dicodusport.fr\/blog\/#\/schema\/person\/cb02af4c173ce4a653b55e9baf388d4a","name":"Flo Ostermann","image":{"@type":"ImageObject","inLanguage":"fr-FR","@id":"https:\/\/dicodusport.fr\/blog\/#\/schema\/person\/image\/","url":"https:\/\/dicodusport.fr\/blog\/wp-content\/uploads\/2021\/05\/Flo-Ostermann-150x150.jpg","contentUrl":"https:\/\/dicodusport.fr\/blog\/wp-content\/uploads\/2021\/05\/Flo-Ostermann-150x150.jpg","caption":"Flo Ostermann"},"description":"Journaliste\/R\u00e9dacteur depuis septembre 2015 - Mes premiers souvenirs dans le sport ? Les envol\u00e9es du Stade Toulousain et les duels Villeneuve-Schumacher et H\u00e4kkinen-Schumacher \u00e0 la fin des ann\u00e9es 90, la Coupe du monde de football en 1998, l\u2019exploit du XV de France face aux All Blacks en 1999, mais aussi Richard C\u0153ur de Lion qui vole sur les montagnes du Tour de France. Bien parti pour devenir professeur d\u2019EPS, les \u00e9v\u00e9nements de la vie (et la flemme d\u2019animer des s\u00e9ances de 3x500 m\u00e8tres toute ma vie) m\u2019ont conduit \u00e0 revoir mes plans. Me voil\u00e0 depuis fin 2017 sur Dicodusport, m\u00e9dia gr\u00e2ce (et pour) lequel je partage ma passion : le sport dans tous ses \u00e9tats. Le tout accompagn\u00e9 par les fous furieux et folles furieuses cit\u00e9s sur cette page !","sameAs":["https:\/\/www.facebook.com\/florent.ostermann","https:\/\/x.com\/https:\/\/twitter.com\/FlOstermann","admin"],"url":"https:\/\/dicodusport.fr\/blog\/author\/flo\/"}]}},"_links":{"self":[{"href":"https:\/\/dicodusport.fr\/blog\/wp-json\/wp\/v2\/posts\/163207","targetHints":{"allow":["GET"]}}],"collection":[{"href":"https:\/\/dicodusport.fr\/blog\/wp-json\/wp\/v2\/posts"}],"about":[{"href":"https:\/\/dicodusport.fr\/blog\/wp-json\/wp\/v2\/types\/post"}],"author":[{"embeddable":true,"href":"https:\/\/dicodusport.fr\/blog\/wp-json\/wp\/v2\/users\/4"}],"replies":[{"embeddable":true,"href":"https:\/\/dicodusport.fr\/blog\/wp-json\/wp\/v2\/comments?post=163207"}],"version-history":[{"count":0,"href":"https:\/\/dicodusport.fr\/blog\/wp-json\/wp\/v2\/posts\/163207\/revisions"}],"wp:featuredmedia":[{"embeddable":true,"href":"https:\/\/dicodusport.fr\/blog\/wp-json\/wp\/v2\/media\/163279"}],"wp:attachment":[{"href":"https:\/\/dicodusport.fr\/blog\/wp-json\/wp\/v2\/media?parent=163207"}],"wp:term":[{"taxonomy":"category","embeddable":true,"href":"https:\/\/dicodusport.fr\/blog\/wp-json\/wp\/v2\/categories?post=163207"},{"taxonomy":"post_tag","embeddable":true,"href":"https:\/\/dicodusport.fr\/blog\/wp-json\/wp\/v2\/tags?post=163207"}],"curies":[{"name":"wp","href":"https:\/\/api.w.org\/{rel}","templated":true}]}}