{"id":163950,"date":"2021-09-04T08:03:51","date_gmt":"2021-09-04T06:03:51","guid":{"rendered":"https:\/\/dicodusport.fr\/blog\/?p=163950&#038;preview=true&#038;preview_id=163950"},"modified":"2021-09-04T08:03:51","modified_gmt":"2021-09-04T06:03:51","slug":"jeux-paralympiques-de-tokyo-canoe-kayak-nelia-barbosa-vice-championne-paralympique","status":"publish","type":"post","link":"https:\/\/dicodusport.fr\/blog\/jeux-paralympiques-de-tokyo-canoe-kayak-nelia-barbosa-vice-championne-paralympique\/","title":{"rendered":"Jeux Paralympiques de Tokyo &#8211; Cano\u00eb-Kayak : N\u00e9lia Barbosa vice-championne paralympique"},"content":{"rendered":"<p style=\"text-align: justify;\"><strong><em><a href=\"https:\/\/dicodusport.fr\/blog\/actualites\/jeux-paralympiques-tokyo-2020\/\">JEUX PARALYMPIQUES DE TOKYO 2020<\/a> &#8211; CANO\u00cb-KAYAK &#8211; Apr\u00e8s R\u00e9my Boull\u00e9 hier, c&rsquo;est au tour de N\u00e9lia Barbosa de grimper sur le podium. Engag\u00e9e en kayak 200m KL3, elle s&rsquo;offre la m\u00e9daille d&rsquo;argent dans une course o\u00f9 l&rsquo;or \u00e9tait inaccessible.<\/em><\/strong><\/p>\n<h2 style=\"text-align: justify;\">Jamais deux sans trois<\/h2>\n<p style=\"text-align: justify;\">C&rsquo;est pour l&rsquo;instant un sans faute pour l&rsquo;\u00e9quipe de France de cano\u00eb-kayak dans ces Jeux Paralympiques. Avec seulement 3 athl\u00e8tes engag\u00e9s, la France a d\u00e9j\u00e0 r\u00e9colt\u00e9 2 m\u00e9dailles avant la derni\u00e8re finale. Qualifi\u00e9e en finale gr\u00e2ce \u00e0 sa victoire en s\u00e9ries, <strong>N\u00e9lia Barbosa<\/strong> \u00e9tait clairement l&rsquo;une des favorites pour le titre paralympique. Apr\u00e8s un d\u00e9part au coude \u00e0 coude avec la Britannique <strong>Laura Sugar<\/strong>, la kayakiste fran\u00e7aise devra finalement laisser cette derni\u00e8re s&rsquo;\u00e9chapper pour remporter l&rsquo;or. Derri\u00e8re, elle remporte son duel pour 3 dixi\u00e8mes contre l&rsquo;Allemande <strong>Felicia Laberer\u00a0<\/strong>pour garder cette deuxi\u00e8me place. Elle fait donc mieux que <strong>Cindy Moreau<\/strong>, m\u00e9daill\u00e9e de bronze \u00e0 Rio dans cette m\u00eame cat\u00e9gorie KL3.<\/p>\n<blockquote class=\"twitter-tweet\">\n<p dir=\"ltr\" lang=\"fr\">Nouvelle m\u00e9daille pour la France &#x1f1eb;&#x1f1f7;&#x1f948;<\/p>\n<p>Nelia Barbosa d\u00e9croche l&rsquo;argent sur le 200m KL3 pour ses premiers Jeux ! La Fran\u00e7aise a r\u00e9alis\u00e9 une superbe course, mais doit s&rsquo;incliner face \u00e0 Laura Sugar. C&rsquo;est la 52e m\u00e9daille <a href=\"https:\/\/twitter.com\/hashtag\/JeuxParalympiques?src=hash&amp;ref_src=twsrc%5Etfw\">#JeuxParalympiques<\/a><\/p>\n<p>Suivez les Jeux <a href=\"https:\/\/t.co\/E6QQ2tcQgQ\">https:\/\/t.co\/E6QQ2tcQgQ<\/a> <a href=\"https:\/\/t.co\/em7mRnwQ1k\">pic.twitter.com\/em7mRnwQ1k<\/a><\/p>\n<p>\u2014 francetvsport (@francetvsport) <a href=\"https:\/\/twitter.com\/francetvsport\/status\/1433984366573670410?ref_src=twsrc%5Etfw\">September 4, 2021<\/a><\/p><\/blockquote>\n<p><script async src=\"https:\/\/platform.twitter.com\/widgets.js\" charset=\"utf-8\"><\/script><\/p>\n<h2 style=\"text-align: justify;\">\u00c0 lire aussi<\/h2>\n<ul>\n<li style=\"text-align: justify;\"><a href=\"https:\/\/dicodusport.fr\/blog\/toute-l-actualite-des-jeux-paralympiques-de-tokyo-2020\/\"><strong>Toute l&rsquo;actualit\u00e9 des Jeux Paralympiques de Tokyo<\/strong><\/a><\/li>\n<li style=\"text-align: justify;\"><a href=\"https:\/\/dicodusport.fr\/blog\/jeux-paralympiques-de-tokyo-2020-le-tableau-des-medailles\/\"><strong>Le tableau des m\u00e9dailles<\/strong><\/a><\/li>\n<\/ul>\n","protected":false},"excerpt":{"rendered":"<p>JEUX PARALYMPIQUES DE TOKYO 2020 &#8211; CANO\u00cb-KAYAK &#8211; Apr\u00e8s R\u00e9my Boull\u00e9 hier, c&rsquo;est au tour de N\u00e9lia Barbosa de grimper sur le podium. Engag\u00e9e en kayak 200m KL3, elle s&rsquo;offre la m\u00e9daille d&rsquo;argent dans une course o\u00f9 l&rsquo;or \u00e9tait inaccessible.<\/p>\n","protected":false},"author":43,"featured_media":163959,"comment_status":"open","ping_status":"closed","sticky":false,"template":"","format":"standard","meta":{"_acf_changed":false,"_daextam_enable_autolinks":"","footnotes":""},"categories":[10458,14180],"tags":[1123,1964,13396,19023],"class_list":["post-163950","post","type-post","status-publish","format-standard","has-post-thumbnail","hentry","category-canoe-kayak","category-jeux-paralympiques-tokyo-2020","tag-canoe-kayak","tag-jeux-paralympiques","tag-jeux-paralympiques-de-tokyo","tag-nelia-barbosa"],"acf":[],"yoast_head":"<!-- This site is optimized with the Yoast SEO Premium plugin v26.7 (Yoast SEO v26.7) - https:\/\/yoast.com\/wordpress\/plugins\/seo\/ -->\n<title>Jeux Paralympiques de Tokyo - Cano\u00eb-Kayak : N\u00e9lia Barbosa vice-championne paralympique<\/title>\n<meta name=\"description\" content=\"Deux sur deux pour l&#039;\u00e9quipe de France de cano\u00eb-kayak : apr\u00e8s R\u00e9my Boull\u00e9, N\u00e9lia Barbosa monte elle aussi sur le podium paralympique.\" \/>\n<meta name=\"robots\" content=\"index, follow, max-snippet:-1, max-image-preview:large, max-video-preview:-1\" \/>\n<link rel=\"canonical\" href=\"https:\/\/dicodusport.fr\/blog\/jeux-paralympiques-de-tokyo-canoe-kayak-nelia-barbosa-vice-championne-paralympique\/\" \/>\n<meta property=\"og:locale\" content=\"fr_FR\" \/>\n<meta property=\"og:type\" content=\"article\" \/>\n<meta property=\"og:title\" content=\"Jeux Paralympiques de Tokyo - Cano\u00eb-Kayak : N\u00e9lia Barbosa vice-championne paralympique\" \/>\n<meta property=\"og:description\" content=\"Deux sur deux pour l&#039;\u00e9quipe de France de cano\u00eb-kayak : apr\u00e8s R\u00e9my Boull\u00e9, N\u00e9lia Barbosa monte elle aussi sur le podium paralympique.\" \/>\n<meta property=\"og:url\" content=\"https:\/\/dicodusport.fr\/blog\/jeux-paralympiques-de-tokyo-canoe-kayak-nelia-barbosa-vice-championne-paralympique\/\" \/>\n<meta property=\"og:site_name\" content=\"Dicodusport\" \/>\n<meta property=\"article:publisher\" content=\"https:\/\/www.facebook.com\/dicodusport\" \/>\n<meta property=\"article:author\" content=\"https:\/\/www.facebook.com\/Max.Bld2\/\" \/>\n<meta property=\"article:published_time\" content=\"2021-09-04T06:03:51+00:00\" \/>\n<meta property=\"og:image\" content=\"https:\/\/dicodusport.fr\/blog\/wp-content\/uploads\/2021\/09\/Jeux-Paralympiques-de-Tokyo-Canoe-Kayak-Nelia-Barbosa-vice-championne-paralympique.png\" \/>\n\t<meta property=\"og:image:width\" content=\"800\" \/>\n\t<meta property=\"og:image:height\" content=\"445\" \/>\n\t<meta property=\"og:image:type\" content=\"image\/png\" \/>\n<meta name=\"author\" content=\"Maxime Boulard\" \/>\n<meta name=\"twitter:card\" content=\"summary_large_image\" \/>\n<meta name=\"twitter:title\" content=\"Jeux Paralympiques de Tokyo - Cano\u00eb-Kayak : N\u00e9lia Barbosa vice-championne paralympique\" \/>\n<meta name=\"twitter:creator\" content=\"@https:\/\/twitter.com\/MaximeB_2\" \/>\n<meta name=\"twitter:site\" content=\"@dicodusport\" \/>\n<script type=\"application\/ld+json\" class=\"yoast-schema-graph\">{\"@context\":\"https:\/\/schema.org\",\"@graph\":[{\"@type\":\"NewsArticle\",\"@id\":\"https:\/\/dicodusport.fr\/blog\/jeux-paralympiques-de-tokyo-canoe-kayak-nelia-barbosa-vice-championne-paralympique\/#article\",\"isPartOf\":{\"@id\":\"https:\/\/dicodusport.fr\/blog\/jeux-paralympiques-de-tokyo-canoe-kayak-nelia-barbosa-vice-championne-paralympique\/\"},\"author\":{\"name\":\"Maxime Boulard\",\"@id\":\"https:\/\/dicodusport.fr\/blog\/#\/schema\/person\/5aab10ee856e86ac63e9819a9da34784\"},\"headline\":\"Jeux Paralympiques de Tokyo &#8211; Cano\u00eb-Kayak : N\u00e9lia Barbosa vice-championne paralympique\",\"datePublished\":\"2021-09-04T06:03:51+00:00\",\"mainEntityOfPage\":{\"@id\":\"https:\/\/dicodusport.fr\/blog\/jeux-paralympiques-de-tokyo-canoe-kayak-nelia-barbosa-vice-championne-paralympique\/\"},\"wordCount\":282,\"commentCount\":0,\"publisher\":{\"@id\":\"https:\/\/dicodusport.fr\/blog\/#organization\"},\"image\":{\"@id\":\"https:\/\/dicodusport.fr\/blog\/jeux-paralympiques-de-tokyo-canoe-kayak-nelia-barbosa-vice-championne-paralympique\/#primaryimage\"},\"thumbnailUrl\":\"https:\/\/dicodusport.fr\/blog\/wp-content\/uploads\/2021\/09\/Jeux-Paralympiques-de-Tokyo-Canoe-Kayak-Nelia-Barbosa-vice-championne-paralympique.png\",\"keywords\":[\"canoe kayak\",\"jeux paralympiques\",\"Jeux Paralympiques de Tokyo\",\"N\u00e9lia Barbosa\"],\"articleSection\":[\"Cano\u00eb-Kayak\",\"Jeux Paralympiques de Tokyo 2020\"],\"inLanguage\":\"fr-FR\",\"potentialAction\":[{\"@type\":\"CommentAction\",\"name\":\"Comment\",\"target\":[\"https:\/\/dicodusport.fr\/blog\/jeux-paralympiques-de-tokyo-canoe-kayak-nelia-barbosa-vice-championne-paralympique\/#respond\"]}],\"copyrightYear\":\"2021\",\"copyrightHolder\":{\"@id\":\"https:\/\/dicodusport.fr\/blog\/#organization\"}},{\"@type\":\"WebPage\",\"@id\":\"https:\/\/dicodusport.fr\/blog\/jeux-paralympiques-de-tokyo-canoe-kayak-nelia-barbosa-vice-championne-paralympique\/\",\"url\":\"https:\/\/dicodusport.fr\/blog\/jeux-paralympiques-de-tokyo-canoe-kayak-nelia-barbosa-vice-championne-paralympique\/\",\"name\":\"Jeux Paralympiques de Tokyo - Cano\u00eb-Kayak : N\u00e9lia Barbosa vice-championne paralympique\",\"isPartOf\":{\"@id\":\"https:\/\/dicodusport.fr\/blog\/#website\"},\"primaryImageOfPage\":{\"@id\":\"https:\/\/dicodusport.fr\/blog\/jeux-paralympiques-de-tokyo-canoe-kayak-nelia-barbosa-vice-championne-paralympique\/#primaryimage\"},\"image\":{\"@id\":\"https:\/\/dicodusport.fr\/blog\/jeux-paralympiques-de-tokyo-canoe-kayak-nelia-barbosa-vice-championne-paralympique\/#primaryimage\"},\"thumbnailUrl\":\"https:\/\/dicodusport.fr\/blog\/wp-content\/uploads\/2021\/09\/Jeux-Paralympiques-de-Tokyo-Canoe-Kayak-Nelia-Barbosa-vice-championne-paralympique.png\",\"datePublished\":\"2021-09-04T06:03:51+00:00\",\"description\":\"Deux sur deux pour l'\u00e9quipe de France de cano\u00eb-kayak : apr\u00e8s R\u00e9my Boull\u00e9, N\u00e9lia Barbosa monte elle aussi sur le podium paralympique.\",\"breadcrumb\":{\"@id\":\"https:\/\/dicodusport.fr\/blog\/jeux-paralympiques-de-tokyo-canoe-kayak-nelia-barbosa-vice-championne-paralympique\/#breadcrumb\"},\"inLanguage\":\"fr-FR\",\"potentialAction\":[{\"@type\":\"ReadAction\",\"target\":[\"https:\/\/dicodusport.fr\/blog\/jeux-paralympiques-de-tokyo-canoe-kayak-nelia-barbosa-vice-championne-paralympique\/\"]}]},{\"@type\":\"ImageObject\",\"inLanguage\":\"fr-FR\",\"@id\":\"https:\/\/dicodusport.fr\/blog\/jeux-paralympiques-de-tokyo-canoe-kayak-nelia-barbosa-vice-championne-paralympique\/#primaryimage\",\"url\":\"https:\/\/dicodusport.fr\/blog\/wp-content\/uploads\/2021\/09\/Jeux-Paralympiques-de-Tokyo-Canoe-Kayak-Nelia-Barbosa-vice-championne-paralympique.png\",\"contentUrl\":\"https:\/\/dicodusport.fr\/blog\/wp-content\/uploads\/2021\/09\/Jeux-Paralympiques-de-Tokyo-Canoe-Kayak-Nelia-Barbosa-vice-championne-paralympique.png\",\"width\":800,\"height\":445,\"caption\":\"Jeux Paralympiques de Tokyo - Cano\u00eb-Kayak N\u00e9lia Barbosa vice-championne paralympique\"},{\"@type\":\"BreadcrumbList\",\"@id\":\"https:\/\/dicodusport.fr\/blog\/jeux-paralympiques-de-tokyo-canoe-kayak-nelia-barbosa-vice-championne-paralympique\/#breadcrumb\",\"itemListElement\":[{\"@type\":\"ListItem\",\"position\":1,\"name\":\"Accueil\",\"item\":\"https:\/\/dicodusport.fr\/blog\/\"},{\"@type\":\"ListItem\",\"position\":2,\"name\":\"Jeux Paralympiques de Tokyo &#8211; Cano\u00eb-Kayak : N\u00e9lia Barbosa vice-championne paralympique\"}]},{\"@type\":\"WebSite\",\"@id\":\"https:\/\/dicodusport.fr\/blog\/#website\",\"url\":\"https:\/\/dicodusport.fr\/blog\/\",\"name\":\"Dicodusport\",\"description\":\"L&#039;encyclop\u00e9die de l&#039;actualit\u00e9 sportive\",\"publisher\":{\"@id\":\"https:\/\/dicodusport.fr\/blog\/#organization\"},\"potentialAction\":[{\"@type\":\"SearchAction\",\"target\":{\"@type\":\"EntryPoint\",\"urlTemplate\":\"https:\/\/dicodusport.fr\/blog\/?s={search_term_string}\"},\"query-input\":{\"@type\":\"PropertyValueSpecification\",\"valueRequired\":true,\"valueName\":\"search_term_string\"}}],\"inLanguage\":\"fr-FR\"},{\"@type\":\"NewsMediaOrganization\",\"@id\":\"https:\/\/dicodusport.fr\/blog\/#organization\",\"name\":\"Dicodusport\",\"url\":\"https:\/\/dicodusport.fr\/blog\/\",\"logo\":{\"@type\":\"ImageObject\",\"inLanguage\":\"fr-FR\",\"@id\":\"https:\/\/dicodusport.fr\/blog\/#\/schema\/logo\/image\/\",\"url\":\"https:\/\/dicodusport.fr\/blog\/wp-content\/uploads\/2020\/06\/cropped-LOGO-DICODUSPORT-2020-SANS-FOND-SANS-TEXTE.png\",\"contentUrl\":\"https:\/\/dicodusport.fr\/blog\/wp-content\/uploads\/2020\/06\/cropped-LOGO-DICODUSPORT-2020-SANS-FOND-SANS-TEXTE.png\",\"width\":512,\"height\":512,\"caption\":\"Dicodusport\"},\"image\":{\"@id\":\"https:\/\/dicodusport.fr\/blog\/#\/schema\/logo\/image\/\"},\"sameAs\":[\"https:\/\/www.facebook.com\/dicodusport\",\"https:\/\/x.com\/dicodusport\",\"https:\/\/www.instagram.com\/dicodusport\/\",\"https:\/\/www.youtube.com\/channel\/UC7V2KZ5sd3htJivAbA4ZG3w\"],\"description\":\"Dicodusport est l'encyclop\u00e9die de l'actualit\u00e9 sportive.\",\"email\":\"bonjour@dicodusport.fr\",\"legalName\":\"DICODUSPORT\",\"foundingDate\":\"2018-01-14\",\"vatID\":\"FR71834470973\",\"taxID\":\"83447097300043\",\"numberOfEmployees\":{\"@type\":\"QuantitativeValue\",\"minValue\":\"1\",\"maxValue\":\"10\"}},{\"@type\":\"Person\",\"@id\":\"https:\/\/dicodusport.fr\/blog\/#\/schema\/person\/5aab10ee856e86ac63e9819a9da34784\",\"name\":\"Maxime Boulard\",\"image\":{\"@type\":\"ImageObject\",\"inLanguage\":\"fr-FR\",\"@id\":\"https:\/\/dicodusport.fr\/blog\/#\/schema\/person\/image\/\",\"url\":\"https:\/\/dicodusport.fr\/blog\/wp-content\/uploads\/2021\/05\/Maxime-Boulard-150x150.jpg\",\"contentUrl\":\"https:\/\/dicodusport.fr\/blog\/wp-content\/uploads\/2021\/05\/Maxime-Boulard-150x150.jpg\",\"caption\":\"Maxime Boulard\"},\"description\":\"Journaliste\/r\u00e9dacteur depuis octobre 2020 - Si mon plus vieux souvenir de sport aurait pu m'en d\u00e9go\u00fbter, la finale de la Coupe du monde 2006 a \u00e9t\u00e9 tout le contraire. V\u00e9ritable d\u00e9clencheur d'une passion qui aujourd'hui ne fait que grandir avec le temps, mon leitmotiv est la France qui brille ! Je relate les exploits pass\u00e9s et pr\u00e9sents du sport bleu-blanc-rouge sans m\u00e9nagement depuis octobre 2020. Sport valide ou handisport, aucune diff\u00e9rence, il n'y a que du sport et plusieurs fa\u00e7ons de le pratiquer.\",\"sameAs\":[\"https:\/\/www.facebook.com\/Max.Bld2\/\",\"https:\/\/x.com\/https:\/\/twitter.com\/MaximeB_2\"],\"url\":\"https:\/\/dicodusport.fr\/blog\/author\/maxime-b\/\"}]}<\/script>\n<!-- \/ Yoast SEO Premium plugin. -->","yoast_head_json":{"title":"Jeux Paralympiques de Tokyo - Cano\u00eb-Kayak : N\u00e9lia Barbosa vice-championne paralympique","description":"Deux sur deux pour l'\u00e9quipe de France de cano\u00eb-kayak : apr\u00e8s R\u00e9my Boull\u00e9, N\u00e9lia Barbosa monte elle aussi sur le podium paralympique.","robots":{"index":"index","follow":"follow","max-snippet":"max-snippet:-1","max-image-preview":"max-image-preview:large","max-video-preview":"max-video-preview:-1"},"canonical":"https:\/\/dicodusport.fr\/blog\/jeux-paralympiques-de-tokyo-canoe-kayak-nelia-barbosa-vice-championne-paralympique\/","og_locale":"fr_FR","og_type":"article","og_title":"Jeux Paralympiques de Tokyo - Cano\u00eb-Kayak : N\u00e9lia Barbosa vice-championne paralympique","og_description":"Deux sur deux pour l'\u00e9quipe de France de cano\u00eb-kayak : apr\u00e8s R\u00e9my Boull\u00e9, N\u00e9lia Barbosa monte elle aussi sur le podium paralympique.","og_url":"https:\/\/dicodusport.fr\/blog\/jeux-paralympiques-de-tokyo-canoe-kayak-nelia-barbosa-vice-championne-paralympique\/","og_site_name":"Dicodusport","article_publisher":"https:\/\/www.facebook.com\/dicodusport","article_author":"https:\/\/www.facebook.com\/Max.Bld2\/","article_published_time":"2021-09-04T06:03:51+00:00","og_image":[{"width":800,"height":445,"url":"https:\/\/dicodusport.fr\/blog\/wp-content\/uploads\/2021\/09\/Jeux-Paralympiques-de-Tokyo-Canoe-Kayak-Nelia-Barbosa-vice-championne-paralympique.png","type":"image\/png"}],"author":"Maxime Boulard","twitter_card":"summary_large_image","twitter_title":"Jeux Paralympiques de Tokyo - Cano\u00eb-Kayak : N\u00e9lia Barbosa vice-championne paralympique","twitter_creator":"@https:\/\/twitter.com\/MaximeB_2","twitter_site":"@dicodusport","schema":{"@context":"https:\/\/schema.org","@graph":[{"@type":"NewsArticle","@id":"https:\/\/dicodusport.fr\/blog\/jeux-paralympiques-de-tokyo-canoe-kayak-nelia-barbosa-vice-championne-paralympique\/#article","isPartOf":{"@id":"https:\/\/dicodusport.fr\/blog\/jeux-paralympiques-de-tokyo-canoe-kayak-nelia-barbosa-vice-championne-paralympique\/"},"author":{"name":"Maxime Boulard","@id":"https:\/\/dicodusport.fr\/blog\/#\/schema\/person\/5aab10ee856e86ac63e9819a9da34784"},"headline":"Jeux Paralympiques de Tokyo &#8211; Cano\u00eb-Kayak : N\u00e9lia Barbosa vice-championne paralympique","datePublished":"2021-09-04T06:03:51+00:00","mainEntityOfPage":{"@id":"https:\/\/dicodusport.fr\/blog\/jeux-paralympiques-de-tokyo-canoe-kayak-nelia-barbosa-vice-championne-paralympique\/"},"wordCount":282,"commentCount":0,"publisher":{"@id":"https:\/\/dicodusport.fr\/blog\/#organization"},"image":{"@id":"https:\/\/dicodusport.fr\/blog\/jeux-paralympiques-de-tokyo-canoe-kayak-nelia-barbosa-vice-championne-paralympique\/#primaryimage"},"thumbnailUrl":"https:\/\/dicodusport.fr\/blog\/wp-content\/uploads\/2021\/09\/Jeux-Paralympiques-de-Tokyo-Canoe-Kayak-Nelia-Barbosa-vice-championne-paralympique.png","keywords":["canoe kayak","jeux paralympiques","Jeux Paralympiques de Tokyo","N\u00e9lia Barbosa"],"articleSection":["Cano\u00eb-Kayak","Jeux Paralympiques de Tokyo 2020"],"inLanguage":"fr-FR","potentialAction":[{"@type":"CommentAction","name":"Comment","target":["https:\/\/dicodusport.fr\/blog\/jeux-paralympiques-de-tokyo-canoe-kayak-nelia-barbosa-vice-championne-paralympique\/#respond"]}],"copyrightYear":"2021","copyrightHolder":{"@id":"https:\/\/dicodusport.fr\/blog\/#organization"}},{"@type":"WebPage","@id":"https:\/\/dicodusport.fr\/blog\/jeux-paralympiques-de-tokyo-canoe-kayak-nelia-barbosa-vice-championne-paralympique\/","url":"https:\/\/dicodusport.fr\/blog\/jeux-paralympiques-de-tokyo-canoe-kayak-nelia-barbosa-vice-championne-paralympique\/","name":"Jeux Paralympiques de Tokyo - Cano\u00eb-Kayak : N\u00e9lia Barbosa vice-championne paralympique","isPartOf":{"@id":"https:\/\/dicodusport.fr\/blog\/#website"},"primaryImageOfPage":{"@id":"https:\/\/dicodusport.fr\/blog\/jeux-paralympiques-de-tokyo-canoe-kayak-nelia-barbosa-vice-championne-paralympique\/#primaryimage"},"image":{"@id":"https:\/\/dicodusport.fr\/blog\/jeux-paralympiques-de-tokyo-canoe-kayak-nelia-barbosa-vice-championne-paralympique\/#primaryimage"},"thumbnailUrl":"https:\/\/dicodusport.fr\/blog\/wp-content\/uploads\/2021\/09\/Jeux-Paralympiques-de-Tokyo-Canoe-Kayak-Nelia-Barbosa-vice-championne-paralympique.png","datePublished":"2021-09-04T06:03:51+00:00","description":"Deux sur deux pour l'\u00e9quipe de France de cano\u00eb-kayak : apr\u00e8s R\u00e9my Boull\u00e9, N\u00e9lia Barbosa monte elle aussi sur le podium paralympique.","breadcrumb":{"@id":"https:\/\/dicodusport.fr\/blog\/jeux-paralympiques-de-tokyo-canoe-kayak-nelia-barbosa-vice-championne-paralympique\/#breadcrumb"},"inLanguage":"fr-FR","potentialAction":[{"@type":"ReadAction","target":["https:\/\/dicodusport.fr\/blog\/jeux-paralympiques-de-tokyo-canoe-kayak-nelia-barbosa-vice-championne-paralympique\/"]}]},{"@type":"ImageObject","inLanguage":"fr-FR","@id":"https:\/\/dicodusport.fr\/blog\/jeux-paralympiques-de-tokyo-canoe-kayak-nelia-barbosa-vice-championne-paralympique\/#primaryimage","url":"https:\/\/dicodusport.fr\/blog\/wp-content\/uploads\/2021\/09\/Jeux-Paralympiques-de-Tokyo-Canoe-Kayak-Nelia-Barbosa-vice-championne-paralympique.png","contentUrl":"https:\/\/dicodusport.fr\/blog\/wp-content\/uploads\/2021\/09\/Jeux-Paralympiques-de-Tokyo-Canoe-Kayak-Nelia-Barbosa-vice-championne-paralympique.png","width":800,"height":445,"caption":"Jeux Paralympiques de Tokyo - Cano\u00eb-Kayak N\u00e9lia Barbosa vice-championne paralympique"},{"@type":"BreadcrumbList","@id":"https:\/\/dicodusport.fr\/blog\/jeux-paralympiques-de-tokyo-canoe-kayak-nelia-barbosa-vice-championne-paralympique\/#breadcrumb","itemListElement":[{"@type":"ListItem","position":1,"name":"Accueil","item":"https:\/\/dicodusport.fr\/blog\/"},{"@type":"ListItem","position":2,"name":"Jeux Paralympiques de Tokyo &#8211; Cano\u00eb-Kayak : N\u00e9lia Barbosa vice-championne paralympique"}]},{"@type":"WebSite","@id":"https:\/\/dicodusport.fr\/blog\/#website","url":"https:\/\/dicodusport.fr\/blog\/","name":"Dicodusport","description":"L&#039;encyclop\u00e9die de l&#039;actualit\u00e9 sportive","publisher":{"@id":"https:\/\/dicodusport.fr\/blog\/#organization"},"potentialAction":[{"@type":"SearchAction","target":{"@type":"EntryPoint","urlTemplate":"https:\/\/dicodusport.fr\/blog\/?s={search_term_string}"},"query-input":{"@type":"PropertyValueSpecification","valueRequired":true,"valueName":"search_term_string"}}],"inLanguage":"fr-FR"},{"@type":"NewsMediaOrganization","@id":"https:\/\/dicodusport.fr\/blog\/#organization","name":"Dicodusport","url":"https:\/\/dicodusport.fr\/blog\/","logo":{"@type":"ImageObject","inLanguage":"fr-FR","@id":"https:\/\/dicodusport.fr\/blog\/#\/schema\/logo\/image\/","url":"https:\/\/dicodusport.fr\/blog\/wp-content\/uploads\/2020\/06\/cropped-LOGO-DICODUSPORT-2020-SANS-FOND-SANS-TEXTE.png","contentUrl":"https:\/\/dicodusport.fr\/blog\/wp-content\/uploads\/2020\/06\/cropped-LOGO-DICODUSPORT-2020-SANS-FOND-SANS-TEXTE.png","width":512,"height":512,"caption":"Dicodusport"},"image":{"@id":"https:\/\/dicodusport.fr\/blog\/#\/schema\/logo\/image\/"},"sameAs":["https:\/\/www.facebook.com\/dicodusport","https:\/\/x.com\/dicodusport","https:\/\/www.instagram.com\/dicodusport\/","https:\/\/www.youtube.com\/channel\/UC7V2KZ5sd3htJivAbA4ZG3w"],"description":"Dicodusport est l'encyclop\u00e9die de l'actualit\u00e9 sportive.","email":"bonjour@dicodusport.fr","legalName":"DICODUSPORT","foundingDate":"2018-01-14","vatID":"FR71834470973","taxID":"83447097300043","numberOfEmployees":{"@type":"QuantitativeValue","minValue":"1","maxValue":"10"}},{"@type":"Person","@id":"https:\/\/dicodusport.fr\/blog\/#\/schema\/person\/5aab10ee856e86ac63e9819a9da34784","name":"Maxime Boulard","image":{"@type":"ImageObject","inLanguage":"fr-FR","@id":"https:\/\/dicodusport.fr\/blog\/#\/schema\/person\/image\/","url":"https:\/\/dicodusport.fr\/blog\/wp-content\/uploads\/2021\/05\/Maxime-Boulard-150x150.jpg","contentUrl":"https:\/\/dicodusport.fr\/blog\/wp-content\/uploads\/2021\/05\/Maxime-Boulard-150x150.jpg","caption":"Maxime Boulard"},"description":"Journaliste\/r\u00e9dacteur depuis octobre 2020 - Si mon plus vieux souvenir de sport aurait pu m'en d\u00e9go\u00fbter, la finale de la Coupe du monde 2006 a \u00e9t\u00e9 tout le contraire. V\u00e9ritable d\u00e9clencheur d'une passion qui aujourd'hui ne fait que grandir avec le temps, mon leitmotiv est la France qui brille ! Je relate les exploits pass\u00e9s et pr\u00e9sents du sport bleu-blanc-rouge sans m\u00e9nagement depuis octobre 2020. Sport valide ou handisport, aucune diff\u00e9rence, il n'y a que du sport et plusieurs fa\u00e7ons de le pratiquer.","sameAs":["https:\/\/www.facebook.com\/Max.Bld2\/","https:\/\/x.com\/https:\/\/twitter.com\/MaximeB_2"],"url":"https:\/\/dicodusport.fr\/blog\/author\/maxime-b\/"}]}},"_links":{"self":[{"href":"https:\/\/dicodusport.fr\/blog\/wp-json\/wp\/v2\/posts\/163950","targetHints":{"allow":["GET"]}}],"collection":[{"href":"https:\/\/dicodusport.fr\/blog\/wp-json\/wp\/v2\/posts"}],"about":[{"href":"https:\/\/dicodusport.fr\/blog\/wp-json\/wp\/v2\/types\/post"}],"author":[{"embeddable":true,"href":"https:\/\/dicodusport.fr\/blog\/wp-json\/wp\/v2\/users\/43"}],"replies":[{"embeddable":true,"href":"https:\/\/dicodusport.fr\/blog\/wp-json\/wp\/v2\/comments?post=163950"}],"version-history":[{"count":0,"href":"https:\/\/dicodusport.fr\/blog\/wp-json\/wp\/v2\/posts\/163950\/revisions"}],"wp:featuredmedia":[{"embeddable":true,"href":"https:\/\/dicodusport.fr\/blog\/wp-json\/wp\/v2\/media\/163959"}],"wp:attachment":[{"href":"https:\/\/dicodusport.fr\/blog\/wp-json\/wp\/v2\/media?parent=163950"}],"wp:term":[{"taxonomy":"category","embeddable":true,"href":"https:\/\/dicodusport.fr\/blog\/wp-json\/wp\/v2\/categories?post=163950"},{"taxonomy":"post_tag","embeddable":true,"href":"https:\/\/dicodusport.fr\/blog\/wp-json\/wp\/v2\/tags?post=163950"}],"curies":[{"name":"wp","href":"https:\/\/api.w.org\/{rel}","templated":true}]}}