{"id":163993,"date":"2021-09-04T11:29:44","date_gmt":"2021-09-04T09:29:44","guid":{"rendered":"https:\/\/dicodusport.fr\/blog\/?p=163993&#038;preview=true&#038;preview_id=163993"},"modified":"2021-09-04T12:01:00","modified_gmt":"2021-09-04T10:01:00","slug":"un-nouveau-challenge-en-italie-pour-franck-ribery","status":"publish","type":"post","link":"https:\/\/dicodusport.fr\/blog\/un-nouveau-challenge-en-italie-pour-franck-ribery\/","title":{"rendered":"Un nouveau challenge en Italie pour Franck Rib\u00e9ry ?"},"content":{"rendered":"<p style=\"text-align: justify;\"><strong><em>Selon La Gazzetta dello Sport, Franck Rib\u00e9ry devrait s&rsquo;engager avec le promu de Serie A, la Salernitana.<\/em><\/strong><\/p>\n<p style=\"text-align: justify;\">Sans club depuis son d\u00e9part de la Fiorentina, l&rsquo;ancien international fran\u00e7ais pourrait poursuivre sa carri\u00e8re en Italie. Alors que son nom avait \u00e9t\u00e9 \u00e9voqu\u00e9 \u00e0 Lyon dans les derni\u00e8res heures du mercato sans qu&rsquo;il n&rsquo;y ait finalement de suite, <strong>Franck Rib\u00e9ry<\/strong> devrait accepter la proposition de la <strong>Salernitana<\/strong> pour un contrat d&rsquo;1,5 millions d&rsquo;euros assorti \u00e0 d&rsquo;\u00e9ventuels bonus de performance.<\/p>\n<blockquote class=\"twitter-tweet\">\n<p dir=\"ltr\" lang=\"fr\">&#x1f534; Franck Rib\u00e9ry serait sur le point d&rsquo;accepter la proposition de Salernitana, promu en Serie A. &#x270d;&#x1f1ee;&#x1f1f9;<\/p>\n<p>(Gazzetta) <a href=\"https:\/\/t.co\/pdhb7AFuyN\">pic.twitter.com\/pdhb7AFuyN<\/a><\/p>\n<p>\u2014 BeFoot (@_BeFoot) <a href=\"https:\/\/twitter.com\/_BeFoot\/status\/1434066439317635073?ref_src=twsrc%5Etfw\">September 4, 2021<\/a><\/p><\/blockquote>\n<p style=\"text-align: justify;\"><script async src=\"https:\/\/platform.twitter.com\/widgets.js\" charset=\"utf-8\"><\/script><\/p>\n","protected":false},"excerpt":{"rendered":"<p>Selon La Gazzetta dello Sport, Franck Rib\u00e9ry devrait s&rsquo;engager avec le promu de Serie A, la Salernitana.<\/p>\n","protected":false},"author":1,"featured_media":163994,"comment_status":"open","ping_status":"closed","sticky":false,"template":"","format":"standard","meta":{"_acf_changed":false,"_daextam_enable_autolinks":"","footnotes":""},"categories":[2301],"tags":[75,10335,4613],"class_list":["post-163993","post","type-post","status-publish","format-standard","has-post-thumbnail","hentry","category-football","tag-football","tag-franck-ribery","tag-serie-a"],"acf":[],"yoast_head":"<!-- This site is optimized with the Yoast SEO Premium plugin v26.7 (Yoast SEO v26.7) - https:\/\/yoast.com\/wordpress\/plugins\/seo\/ -->\n<title>Un nouveau challenge en Italie pour Franck Rib\u00e9ry ?<\/title>\n<meta name=\"description\" content=\"Selon La Gazzetta dello Sport, Franck Rib\u00e9ry devrait s&#039;engager avec le promu de Serie A, la Salernitana.\" \/>\n<meta name=\"robots\" content=\"index, follow, max-snippet:-1, max-image-preview:large, max-video-preview:-1\" \/>\n<link rel=\"canonical\" href=\"https:\/\/dicodusport.fr\/blog\/un-nouveau-challenge-en-italie-pour-franck-ribery\/\" \/>\n<meta property=\"og:locale\" content=\"fr_FR\" \/>\n<meta property=\"og:type\" content=\"article\" \/>\n<meta property=\"og:title\" content=\"Un nouveau challenge en Italie pour Franck Rib\u00e9ry ?\" \/>\n<meta property=\"og:description\" content=\"Selon La Gazzetta dello Sport, Franck Rib\u00e9ry devrait s&#039;engager avec le promu de Serie A, la Salernitana.\" \/>\n<meta property=\"og:url\" content=\"https:\/\/dicodusport.fr\/blog\/un-nouveau-challenge-en-italie-pour-franck-ribery\/\" \/>\n<meta property=\"og:site_name\" content=\"Dicodusport\" \/>\n<meta property=\"article:publisher\" content=\"https:\/\/www.facebook.com\/dicodusport\" \/>\n<meta property=\"article:author\" content=\"https:\/\/www.facebook.com\/dicodusport\" \/>\n<meta property=\"article:published_time\" content=\"2021-09-04T09:29:44+00:00\" \/>\n<meta property=\"article:modified_time\" content=\"2021-09-04T10:01:00+00:00\" \/>\n<meta property=\"og:image\" content=\"https:\/\/dicodusport.fr\/blog\/wp-content\/uploads\/2021\/09\/Un-nouveau-challenge-en-Italie-pour-Franck-Ribe\u0301ry-.png\" \/>\n\t<meta property=\"og:image:width\" content=\"800\" \/>\n\t<meta property=\"og:image:height\" content=\"445\" \/>\n\t<meta property=\"og:image:type\" content=\"image\/png\" \/>\n<meta name=\"author\" content=\"Nicolas Jacquemard\" \/>\n<meta name=\"twitter:card\" content=\"summary_large_image\" \/>\n<meta name=\"twitter:title\" content=\"Un nouveau challenge en Italie pour Franck Rib\u00e9ry ?\" \/>\n<meta name=\"twitter:creator\" content=\"@https:\/\/twitter.com\/Nico_Jacquemard\" \/>\n<meta name=\"twitter:site\" content=\"@dicodusport\" \/>\n<script type=\"application\/ld+json\" class=\"yoast-schema-graph\">{\"@context\":\"https:\/\/schema.org\",\"@graph\":[{\"@type\":\"NewsArticle\",\"@id\":\"https:\/\/dicodusport.fr\/blog\/un-nouveau-challenge-en-italie-pour-franck-ribery\/#article\",\"isPartOf\":{\"@id\":\"https:\/\/dicodusport.fr\/blog\/un-nouveau-challenge-en-italie-pour-franck-ribery\/\"},\"author\":{\"name\":\"Nicolas Jacquemard\",\"@id\":\"https:\/\/dicodusport.fr\/blog\/#\/schema\/person\/55dcb50ad410894e431ed812bbb70191\"},\"headline\":\"Un nouveau challenge en Italie pour Franck Rib\u00e9ry ?\",\"datePublished\":\"2021-09-04T09:29:44+00:00\",\"dateModified\":\"2021-09-04T10:01:00+00:00\",\"mainEntityOfPage\":{\"@id\":\"https:\/\/dicodusport.fr\/blog\/un-nouveau-challenge-en-italie-pour-franck-ribery\/\"},\"wordCount\":132,\"commentCount\":0,\"publisher\":{\"@id\":\"https:\/\/dicodusport.fr\/blog\/#organization\"},\"image\":{\"@id\":\"https:\/\/dicodusport.fr\/blog\/un-nouveau-challenge-en-italie-pour-franck-ribery\/#primaryimage\"},\"thumbnailUrl\":\"https:\/\/dicodusport.fr\/blog\/wp-content\/uploads\/2021\/09\/Un-nouveau-challenge-en-Italie-pour-Franck-Ribe\u0301ry-.png\",\"keywords\":[\"Football\",\"Franck Rib\u00e9ry\",\"Serie A\"],\"articleSection\":[\"Football\"],\"inLanguage\":\"fr-FR\",\"potentialAction\":[{\"@type\":\"CommentAction\",\"name\":\"Comment\",\"target\":[\"https:\/\/dicodusport.fr\/blog\/un-nouveau-challenge-en-italie-pour-franck-ribery\/#respond\"]}],\"copyrightYear\":\"2021\",\"copyrightHolder\":{\"@id\":\"https:\/\/dicodusport.fr\/blog\/#organization\"}},{\"@type\":\"WebPage\",\"@id\":\"https:\/\/dicodusport.fr\/blog\/un-nouveau-challenge-en-italie-pour-franck-ribery\/\",\"url\":\"https:\/\/dicodusport.fr\/blog\/un-nouveau-challenge-en-italie-pour-franck-ribery\/\",\"name\":\"Un nouveau challenge en Italie pour Franck Rib\u00e9ry ?\",\"isPartOf\":{\"@id\":\"https:\/\/dicodusport.fr\/blog\/#website\"},\"primaryImageOfPage\":{\"@id\":\"https:\/\/dicodusport.fr\/blog\/un-nouveau-challenge-en-italie-pour-franck-ribery\/#primaryimage\"},\"image\":{\"@id\":\"https:\/\/dicodusport.fr\/blog\/un-nouveau-challenge-en-italie-pour-franck-ribery\/#primaryimage\"},\"thumbnailUrl\":\"https:\/\/dicodusport.fr\/blog\/wp-content\/uploads\/2021\/09\/Un-nouveau-challenge-en-Italie-pour-Franck-Ribe\u0301ry-.png\",\"datePublished\":\"2021-09-04T09:29:44+00:00\",\"dateModified\":\"2021-09-04T10:01:00+00:00\",\"description\":\"Selon La Gazzetta dello Sport, Franck Rib\u00e9ry devrait s'engager avec le promu de Serie A, la Salernitana.\",\"breadcrumb\":{\"@id\":\"https:\/\/dicodusport.fr\/blog\/un-nouveau-challenge-en-italie-pour-franck-ribery\/#breadcrumb\"},\"inLanguage\":\"fr-FR\",\"potentialAction\":[{\"@type\":\"ReadAction\",\"target\":[\"https:\/\/dicodusport.fr\/blog\/un-nouveau-challenge-en-italie-pour-franck-ribery\/\"]}]},{\"@type\":\"ImageObject\",\"inLanguage\":\"fr-FR\",\"@id\":\"https:\/\/dicodusport.fr\/blog\/un-nouveau-challenge-en-italie-pour-franck-ribery\/#primaryimage\",\"url\":\"https:\/\/dicodusport.fr\/blog\/wp-content\/uploads\/2021\/09\/Un-nouveau-challenge-en-Italie-pour-Franck-Ribe\u0301ry-.png\",\"contentUrl\":\"https:\/\/dicodusport.fr\/blog\/wp-content\/uploads\/2021\/09\/Un-nouveau-challenge-en-Italie-pour-Franck-Ribe\u0301ry-.png\",\"width\":800,\"height\":445},{\"@type\":\"BreadcrumbList\",\"@id\":\"https:\/\/dicodusport.fr\/blog\/un-nouveau-challenge-en-italie-pour-franck-ribery\/#breadcrumb\",\"itemListElement\":[{\"@type\":\"ListItem\",\"position\":1,\"name\":\"Accueil\",\"item\":\"https:\/\/dicodusport.fr\/blog\/\"},{\"@type\":\"ListItem\",\"position\":2,\"name\":\"Un nouveau challenge en Italie pour Franck Rib\u00e9ry ?\"}]},{\"@type\":\"WebSite\",\"@id\":\"https:\/\/dicodusport.fr\/blog\/#website\",\"url\":\"https:\/\/dicodusport.fr\/blog\/\",\"name\":\"Dicodusport\",\"description\":\"L&#039;encyclop\u00e9die de l&#039;actualit\u00e9 sportive\",\"publisher\":{\"@id\":\"https:\/\/dicodusport.fr\/blog\/#organization\"},\"potentialAction\":[{\"@type\":\"SearchAction\",\"target\":{\"@type\":\"EntryPoint\",\"urlTemplate\":\"https:\/\/dicodusport.fr\/blog\/?s={search_term_string}\"},\"query-input\":{\"@type\":\"PropertyValueSpecification\",\"valueRequired\":true,\"valueName\":\"search_term_string\"}}],\"inLanguage\":\"fr-FR\"},{\"@type\":\"NewsMediaOrganization\",\"@id\":\"https:\/\/dicodusport.fr\/blog\/#organization\",\"name\":\"Dicodusport\",\"url\":\"https:\/\/dicodusport.fr\/blog\/\",\"logo\":{\"@type\":\"ImageObject\",\"inLanguage\":\"fr-FR\",\"@id\":\"https:\/\/dicodusport.fr\/blog\/#\/schema\/logo\/image\/\",\"url\":\"https:\/\/dicodusport.fr\/blog\/wp-content\/uploads\/2020\/06\/cropped-LOGO-DICODUSPORT-2020-SANS-FOND-SANS-TEXTE.png\",\"contentUrl\":\"https:\/\/dicodusport.fr\/blog\/wp-content\/uploads\/2020\/06\/cropped-LOGO-DICODUSPORT-2020-SANS-FOND-SANS-TEXTE.png\",\"width\":512,\"height\":512,\"caption\":\"Dicodusport\"},\"image\":{\"@id\":\"https:\/\/dicodusport.fr\/blog\/#\/schema\/logo\/image\/\"},\"sameAs\":[\"https:\/\/www.facebook.com\/dicodusport\",\"https:\/\/x.com\/dicodusport\",\"https:\/\/www.instagram.com\/dicodusport\/\",\"https:\/\/www.youtube.com\/channel\/UC7V2KZ5sd3htJivAbA4ZG3w\"],\"description\":\"Dicodusport est l'encyclop\u00e9die de l'actualit\u00e9 sportive.\",\"email\":\"bonjour@dicodusport.fr\",\"legalName\":\"DICODUSPORT\",\"foundingDate\":\"2018-01-14\",\"vatID\":\"FR71834470973\",\"taxID\":\"83447097300043\",\"numberOfEmployees\":{\"@type\":\"QuantitativeValue\",\"minValue\":\"1\",\"maxValue\":\"10\"}},{\"@type\":\"Person\",\"@id\":\"https:\/\/dicodusport.fr\/blog\/#\/schema\/person\/55dcb50ad410894e431ed812bbb70191\",\"name\":\"Nicolas Jacquemard\",\"image\":{\"@type\":\"ImageObject\",\"inLanguage\":\"fr-FR\",\"@id\":\"https:\/\/dicodusport.fr\/blog\/#\/schema\/person\/image\/\",\"url\":\"https:\/\/dicodusport.fr\/blog\/wp-content\/uploads\/2021\/05\/Nicolas-Jacquemard-150x150.jpeg\",\"contentUrl\":\"https:\/\/dicodusport.fr\/blog\/wp-content\/uploads\/2021\/05\/Nicolas-Jacquemard-150x150.jpeg\",\"caption\":\"Nicolas Jacquemard\"},\"description\":\"Passionn\u00e9 de sport et entrepreneur depuis mes 18 ans, la cr\u00e9ation de Dicodusport m'a sembl\u00e9 \u00e9vidente pour participer \u00e0 la m\u00e9diatisation d'un plus grand nombre de sports. Le chemin est long mais avec une \u00e9quipe des plus motiv\u00e9es et les Jeux Olympiques de Paris 2024 en point de mire, nous y arriverons ! Journaliste dans le monde du sport depuis plus de 5 ans, je traite aussi bien de football, de rugby, de biathlon que de cyclisme.\",\"sameAs\":[\"https:\/\/www.facebook.com\/dicodusport\",\"https:\/\/x.com\/https:\/\/twitter.com\/Nico_Jacquemard\"],\"url\":\"https:\/\/dicodusport.fr\/blog\/author\/dicodusport\/\"}]}<\/script>\n<!-- \/ Yoast SEO Premium plugin. -->","yoast_head_json":{"title":"Un nouveau challenge en Italie pour Franck Rib\u00e9ry ?","description":"Selon La Gazzetta dello Sport, Franck Rib\u00e9ry devrait s'engager avec le promu de Serie A, la Salernitana.","robots":{"index":"index","follow":"follow","max-snippet":"max-snippet:-1","max-image-preview":"max-image-preview:large","max-video-preview":"max-video-preview:-1"},"canonical":"https:\/\/dicodusport.fr\/blog\/un-nouveau-challenge-en-italie-pour-franck-ribery\/","og_locale":"fr_FR","og_type":"article","og_title":"Un nouveau challenge en Italie pour Franck Rib\u00e9ry ?","og_description":"Selon La Gazzetta dello Sport, Franck Rib\u00e9ry devrait s'engager avec le promu de Serie A, la Salernitana.","og_url":"https:\/\/dicodusport.fr\/blog\/un-nouveau-challenge-en-italie-pour-franck-ribery\/","og_site_name":"Dicodusport","article_publisher":"https:\/\/www.facebook.com\/dicodusport","article_author":"https:\/\/www.facebook.com\/dicodusport","article_published_time":"2021-09-04T09:29:44+00:00","article_modified_time":"2021-09-04T10:01:00+00:00","og_image":[{"width":800,"height":445,"url":"https:\/\/dicodusport.fr\/blog\/wp-content\/uploads\/2021\/09\/Un-nouveau-challenge-en-Italie-pour-Franck-Ribe\u0301ry-.png","type":"image\/png"}],"author":"Nicolas Jacquemard","twitter_card":"summary_large_image","twitter_title":"Un nouveau challenge en Italie pour Franck Rib\u00e9ry ?","twitter_creator":"@https:\/\/twitter.com\/Nico_Jacquemard","twitter_site":"@dicodusport","schema":{"@context":"https:\/\/schema.org","@graph":[{"@type":"NewsArticle","@id":"https:\/\/dicodusport.fr\/blog\/un-nouveau-challenge-en-italie-pour-franck-ribery\/#article","isPartOf":{"@id":"https:\/\/dicodusport.fr\/blog\/un-nouveau-challenge-en-italie-pour-franck-ribery\/"},"author":{"name":"Nicolas Jacquemard","@id":"https:\/\/dicodusport.fr\/blog\/#\/schema\/person\/55dcb50ad410894e431ed812bbb70191"},"headline":"Un nouveau challenge en Italie pour Franck Rib\u00e9ry ?","datePublished":"2021-09-04T09:29:44+00:00","dateModified":"2021-09-04T10:01:00+00:00","mainEntityOfPage":{"@id":"https:\/\/dicodusport.fr\/blog\/un-nouveau-challenge-en-italie-pour-franck-ribery\/"},"wordCount":132,"commentCount":0,"publisher":{"@id":"https:\/\/dicodusport.fr\/blog\/#organization"},"image":{"@id":"https:\/\/dicodusport.fr\/blog\/un-nouveau-challenge-en-italie-pour-franck-ribery\/#primaryimage"},"thumbnailUrl":"https:\/\/dicodusport.fr\/blog\/wp-content\/uploads\/2021\/09\/Un-nouveau-challenge-en-Italie-pour-Franck-Ribe\u0301ry-.png","keywords":["Football","Franck Rib\u00e9ry","Serie A"],"articleSection":["Football"],"inLanguage":"fr-FR","potentialAction":[{"@type":"CommentAction","name":"Comment","target":["https:\/\/dicodusport.fr\/blog\/un-nouveau-challenge-en-italie-pour-franck-ribery\/#respond"]}],"copyrightYear":"2021","copyrightHolder":{"@id":"https:\/\/dicodusport.fr\/blog\/#organization"}},{"@type":"WebPage","@id":"https:\/\/dicodusport.fr\/blog\/un-nouveau-challenge-en-italie-pour-franck-ribery\/","url":"https:\/\/dicodusport.fr\/blog\/un-nouveau-challenge-en-italie-pour-franck-ribery\/","name":"Un nouveau challenge en Italie pour Franck Rib\u00e9ry ?","isPartOf":{"@id":"https:\/\/dicodusport.fr\/blog\/#website"},"primaryImageOfPage":{"@id":"https:\/\/dicodusport.fr\/blog\/un-nouveau-challenge-en-italie-pour-franck-ribery\/#primaryimage"},"image":{"@id":"https:\/\/dicodusport.fr\/blog\/un-nouveau-challenge-en-italie-pour-franck-ribery\/#primaryimage"},"thumbnailUrl":"https:\/\/dicodusport.fr\/blog\/wp-content\/uploads\/2021\/09\/Un-nouveau-challenge-en-Italie-pour-Franck-Ribe\u0301ry-.png","datePublished":"2021-09-04T09:29:44+00:00","dateModified":"2021-09-04T10:01:00+00:00","description":"Selon La Gazzetta dello Sport, Franck Rib\u00e9ry devrait s'engager avec le promu de Serie A, la Salernitana.","breadcrumb":{"@id":"https:\/\/dicodusport.fr\/blog\/un-nouveau-challenge-en-italie-pour-franck-ribery\/#breadcrumb"},"inLanguage":"fr-FR","potentialAction":[{"@type":"ReadAction","target":["https:\/\/dicodusport.fr\/blog\/un-nouveau-challenge-en-italie-pour-franck-ribery\/"]}]},{"@type":"ImageObject","inLanguage":"fr-FR","@id":"https:\/\/dicodusport.fr\/blog\/un-nouveau-challenge-en-italie-pour-franck-ribery\/#primaryimage","url":"https:\/\/dicodusport.fr\/blog\/wp-content\/uploads\/2021\/09\/Un-nouveau-challenge-en-Italie-pour-Franck-Ribe\u0301ry-.png","contentUrl":"https:\/\/dicodusport.fr\/blog\/wp-content\/uploads\/2021\/09\/Un-nouveau-challenge-en-Italie-pour-Franck-Ribe\u0301ry-.png","width":800,"height":445},{"@type":"BreadcrumbList","@id":"https:\/\/dicodusport.fr\/blog\/un-nouveau-challenge-en-italie-pour-franck-ribery\/#breadcrumb","itemListElement":[{"@type":"ListItem","position":1,"name":"Accueil","item":"https:\/\/dicodusport.fr\/blog\/"},{"@type":"ListItem","position":2,"name":"Un nouveau challenge en Italie pour Franck Rib\u00e9ry ?"}]},{"@type":"WebSite","@id":"https:\/\/dicodusport.fr\/blog\/#website","url":"https:\/\/dicodusport.fr\/blog\/","name":"Dicodusport","description":"L&#039;encyclop\u00e9die de l&#039;actualit\u00e9 sportive","publisher":{"@id":"https:\/\/dicodusport.fr\/blog\/#organization"},"potentialAction":[{"@type":"SearchAction","target":{"@type":"EntryPoint","urlTemplate":"https:\/\/dicodusport.fr\/blog\/?s={search_term_string}"},"query-input":{"@type":"PropertyValueSpecification","valueRequired":true,"valueName":"search_term_string"}}],"inLanguage":"fr-FR"},{"@type":"NewsMediaOrganization","@id":"https:\/\/dicodusport.fr\/blog\/#organization","name":"Dicodusport","url":"https:\/\/dicodusport.fr\/blog\/","logo":{"@type":"ImageObject","inLanguage":"fr-FR","@id":"https:\/\/dicodusport.fr\/blog\/#\/schema\/logo\/image\/","url":"https:\/\/dicodusport.fr\/blog\/wp-content\/uploads\/2020\/06\/cropped-LOGO-DICODUSPORT-2020-SANS-FOND-SANS-TEXTE.png","contentUrl":"https:\/\/dicodusport.fr\/blog\/wp-content\/uploads\/2020\/06\/cropped-LOGO-DICODUSPORT-2020-SANS-FOND-SANS-TEXTE.png","width":512,"height":512,"caption":"Dicodusport"},"image":{"@id":"https:\/\/dicodusport.fr\/blog\/#\/schema\/logo\/image\/"},"sameAs":["https:\/\/www.facebook.com\/dicodusport","https:\/\/x.com\/dicodusport","https:\/\/www.instagram.com\/dicodusport\/","https:\/\/www.youtube.com\/channel\/UC7V2KZ5sd3htJivAbA4ZG3w"],"description":"Dicodusport est l'encyclop\u00e9die de l'actualit\u00e9 sportive.","email":"bonjour@dicodusport.fr","legalName":"DICODUSPORT","foundingDate":"2018-01-14","vatID":"FR71834470973","taxID":"83447097300043","numberOfEmployees":{"@type":"QuantitativeValue","minValue":"1","maxValue":"10"}},{"@type":"Person","@id":"https:\/\/dicodusport.fr\/blog\/#\/schema\/person\/55dcb50ad410894e431ed812bbb70191","name":"Nicolas Jacquemard","image":{"@type":"ImageObject","inLanguage":"fr-FR","@id":"https:\/\/dicodusport.fr\/blog\/#\/schema\/person\/image\/","url":"https:\/\/dicodusport.fr\/blog\/wp-content\/uploads\/2021\/05\/Nicolas-Jacquemard-150x150.jpeg","contentUrl":"https:\/\/dicodusport.fr\/blog\/wp-content\/uploads\/2021\/05\/Nicolas-Jacquemard-150x150.jpeg","caption":"Nicolas Jacquemard"},"description":"Passionn\u00e9 de sport et entrepreneur depuis mes 18 ans, la cr\u00e9ation de Dicodusport m'a sembl\u00e9 \u00e9vidente pour participer \u00e0 la m\u00e9diatisation d'un plus grand nombre de sports. Le chemin est long mais avec une \u00e9quipe des plus motiv\u00e9es et les Jeux Olympiques de Paris 2024 en point de mire, nous y arriverons ! Journaliste dans le monde du sport depuis plus de 5 ans, je traite aussi bien de football, de rugby, de biathlon que de cyclisme.","sameAs":["https:\/\/www.facebook.com\/dicodusport","https:\/\/x.com\/https:\/\/twitter.com\/Nico_Jacquemard"],"url":"https:\/\/dicodusport.fr\/blog\/author\/dicodusport\/"}]}},"_links":{"self":[{"href":"https:\/\/dicodusport.fr\/blog\/wp-json\/wp\/v2\/posts\/163993","targetHints":{"allow":["GET"]}}],"collection":[{"href":"https:\/\/dicodusport.fr\/blog\/wp-json\/wp\/v2\/posts"}],"about":[{"href":"https:\/\/dicodusport.fr\/blog\/wp-json\/wp\/v2\/types\/post"}],"author":[{"embeddable":true,"href":"https:\/\/dicodusport.fr\/blog\/wp-json\/wp\/v2\/users\/1"}],"replies":[{"embeddable":true,"href":"https:\/\/dicodusport.fr\/blog\/wp-json\/wp\/v2\/comments?post=163993"}],"version-history":[{"count":0,"href":"https:\/\/dicodusport.fr\/blog\/wp-json\/wp\/v2\/posts\/163993\/revisions"}],"wp:featuredmedia":[{"embeddable":true,"href":"https:\/\/dicodusport.fr\/blog\/wp-json\/wp\/v2\/media\/163994"}],"wp:attachment":[{"href":"https:\/\/dicodusport.fr\/blog\/wp-json\/wp\/v2\/media?parent=163993"}],"wp:term":[{"taxonomy":"category","embeddable":true,"href":"https:\/\/dicodusport.fr\/blog\/wp-json\/wp\/v2\/categories?post=163993"},{"taxonomy":"post_tag","embeddable":true,"href":"https:\/\/dicodusport.fr\/blog\/wp-json\/wp\/v2\/tags?post=163993"}],"curies":[{"name":"wp","href":"https:\/\/api.w.org\/{rel}","templated":true}]}}