{"id":164102,"date":"2021-09-04T17:29:21","date_gmt":"2021-09-04T15:29:21","guid":{"rendered":"https:\/\/dicodusport.fr\/blog\/?p=164102&#038;preview=true&#038;preview_id=164102"},"modified":"2021-09-04T17:33:56","modified_gmt":"2021-09-04T15:33:56","slug":"vtt-descente-loris-vergier-et-myriam-nicole-simposent-a-lenzerheide","status":"publish","type":"post","link":"https:\/\/dicodusport.fr\/blog\/vtt-descente-loris-vergier-et-myriam-nicole-simposent-a-lenzerheide\/","title":{"rendered":"VTT Descente : Loris Vergier et Myriam Nicole s&rsquo;imposent \u00e0 Lenzerheide"},"content":{"rendered":"<p style=\"text-align: justify;\"><strong><em>Les Tricolores ont brill\u00e9 en VTT descente \u00e0 Lenzerheide avec la victoire de Myriam Nicole chez les femmes et un quadrupl\u00e9 chez les hommes.<\/em><\/strong><\/p>\n<p style=\"text-align: justify;\">Championne du monde la semaine pass\u00e9e devant Marine Cabirou, <strong>Myriam Nicole<\/strong> a de nouveau fait parler la poudre samedi en Suisse. La Tricolore s&rsquo;impose avec pr\u00e8s de 3 secondes d&rsquo;avance sur Tahnee Seagrave et 6 secondes sur Valentina Hoell, malheureuse la semaine pass\u00e9e avec une chute. <strong>Marine Cabirou<\/strong> se contente elle de la sixi\u00e8me place de cette descente.<\/p>\n<p style=\"text-align: justify;\">Chez les hommes, carton plein des Fran\u00e7ais qui s&rsquo;offrent un quadrupl\u00e9. <strong>Loris Vergier<\/strong> s&rsquo;impose avec moins d&rsquo;une seconde d&rsquo;avance sur ses trois compatriotes. <strong>Lo\u00efc Bruni<\/strong> prend la deuxi\u00e8me place, <strong>Thibaut Dapr\u00e9la<\/strong> est troisi\u00e8me alors qu&rsquo;<strong>Amaury Pierron<\/strong> est au pied du podium. <strong>Beno\u00eet Coulanges<\/strong>, m\u00e9daill\u00e9 d&rsquo;argent aux championnats du monde la semaine pass\u00e9e, prend la quatorzi\u00e8me place.<\/p>\n<blockquote class=\"twitter-tweet\">\n<p dir=\"ltr\" lang=\"en\">As last man on the mountain, Loris Vergier brought an incredibly tight Men&rsquo;s race to the perfect crescendo, taking the win in Lenzerheide by 0.197 seconds! &#x1f4a8;<a href=\"https:\/\/twitter.com\/hashtag\/MBWorldCup?src=hash&amp;ref_src=twsrc%5Etfw\">#MBWorldCup<\/a> <a href=\"https:\/\/t.co\/y4XuaSmwFm\">pic.twitter.com\/y4XuaSmwFm<\/a><\/p>\n<p>\u2014 UCI MTB (@UCI_MTB) <a href=\"https:\/\/twitter.com\/UCI_MTB\/status\/1434174611571331079?ref_src=twsrc%5Etfw\">September 4, 2021<\/a><\/p><\/blockquote>\n<p style=\"text-align: justify;\"><script async src=\"https:\/\/platform.twitter.com\/widgets.js\" charset=\"utf-8\"><\/script><\/p>\n","protected":false},"excerpt":{"rendered":"<p>Les Tricolores ont brill\u00e9 en VTT descente \u00e0 Lenzerheide avec la victoire de Myriam Nicole chez les femmes et un quadrupl\u00e9 chez les hommes.<\/p>\n","protected":false},"author":1,"featured_media":164106,"comment_status":"open","ping_status":"closed","sticky":false,"template":"","format":"standard","meta":{"_acf_changed":false,"_daextam_enable_autolinks":"","footnotes":""},"categories":[10279],"tags":[1259,692],"class_list":["post-164102","post","type-post","status-publish","format-standard","has-post-thumbnail","hentry","category-vtt","tag-myriam-nicole","tag-vtt"],"acf":[],"yoast_head":"<!-- This site is optimized with the Yoast SEO Premium plugin v26.7 (Yoast SEO v26.7) - https:\/\/yoast.com\/wordpress\/plugins\/seo\/ -->\n<title>VTT Descente : Loris Vergier et Myriam Nicole s&#039;imposent \u00e0 Lenzerheide<\/title>\n<meta name=\"description\" content=\"Les Tricolores ont brill\u00e9 en VTT descente \u00e0 Lenzerheide avec la victoire de Myriam Nicole chez les femmes et un quadrupl\u00e9 chez les hommes.\" \/>\n<meta name=\"robots\" content=\"index, follow, max-snippet:-1, max-image-preview:large, max-video-preview:-1\" \/>\n<link rel=\"canonical\" href=\"https:\/\/dicodusport.fr\/blog\/vtt-descente-loris-vergier-et-myriam-nicole-simposent-a-lenzerheide\/\" \/>\n<meta property=\"og:locale\" content=\"fr_FR\" \/>\n<meta property=\"og:type\" content=\"article\" \/>\n<meta property=\"og:title\" content=\"VTT Descente : Loris Vergier et Myriam Nicole s&#039;imposent \u00e0 Lenzerheide\" \/>\n<meta property=\"og:description\" content=\"Les Tricolores ont brill\u00e9 en VTT descente \u00e0 Lenzerheide avec la victoire de Myriam Nicole chez les femmes et un quadrupl\u00e9 chez les hommes.\" \/>\n<meta property=\"og:url\" content=\"https:\/\/dicodusport.fr\/blog\/vtt-descente-loris-vergier-et-myriam-nicole-simposent-a-lenzerheide\/\" \/>\n<meta property=\"og:site_name\" content=\"Dicodusport\" \/>\n<meta property=\"article:publisher\" content=\"https:\/\/www.facebook.com\/dicodusport\" \/>\n<meta property=\"article:author\" content=\"https:\/\/www.facebook.com\/dicodusport\" \/>\n<meta property=\"article:published_time\" content=\"2021-09-04T15:29:21+00:00\" \/>\n<meta property=\"article:modified_time\" content=\"2021-09-04T15:33:56+00:00\" \/>\n<meta property=\"og:image\" content=\"https:\/\/dicodusport.fr\/blog\/wp-content\/uploads\/2021\/09\/VTT-descente-Loris-Vergier-et-Myriam-Nicole-simposent-a\u0300-Lenzerheide.png\" \/>\n\t<meta property=\"og:image:width\" content=\"800\" \/>\n\t<meta property=\"og:image:height\" content=\"445\" \/>\n\t<meta property=\"og:image:type\" content=\"image\/png\" \/>\n<meta name=\"author\" content=\"Nicolas Jacquemard\" \/>\n<meta name=\"twitter:card\" content=\"summary_large_image\" \/>\n<meta name=\"twitter:title\" content=\"VTT Descente : Loris Vergier et Myriam Nicole s&#039;imposent \u00e0 Lenzerheide\" \/>\n<meta name=\"twitter:creator\" content=\"@https:\/\/twitter.com\/Nico_Jacquemard\" \/>\n<meta name=\"twitter:site\" content=\"@dicodusport\" \/>\n<script type=\"application\/ld+json\" class=\"yoast-schema-graph\">{\"@context\":\"https:\/\/schema.org\",\"@graph\":[{\"@type\":\"NewsArticle\",\"@id\":\"https:\/\/dicodusport.fr\/blog\/vtt-descente-loris-vergier-et-myriam-nicole-simposent-a-lenzerheide\/#article\",\"isPartOf\":{\"@id\":\"https:\/\/dicodusport.fr\/blog\/vtt-descente-loris-vergier-et-myriam-nicole-simposent-a-lenzerheide\/\"},\"author\":{\"name\":\"Nicolas Jacquemard\",\"@id\":\"https:\/\/dicodusport.fr\/blog\/#\/schema\/person\/55dcb50ad410894e431ed812bbb70191\"},\"headline\":\"VTT Descente : Loris Vergier et Myriam Nicole s&rsquo;imposent \u00e0 Lenzerheide\",\"datePublished\":\"2021-09-04T15:29:21+00:00\",\"dateModified\":\"2021-09-04T15:33:56+00:00\",\"mainEntityOfPage\":{\"@id\":\"https:\/\/dicodusport.fr\/blog\/vtt-descente-loris-vergier-et-myriam-nicole-simposent-a-lenzerheide\/\"},\"wordCount\":206,\"commentCount\":0,\"publisher\":{\"@id\":\"https:\/\/dicodusport.fr\/blog\/#organization\"},\"image\":{\"@id\":\"https:\/\/dicodusport.fr\/blog\/vtt-descente-loris-vergier-et-myriam-nicole-simposent-a-lenzerheide\/#primaryimage\"},\"thumbnailUrl\":\"https:\/\/dicodusport.fr\/blog\/wp-content\/uploads\/2021\/09\/VTT-descente-Loris-Vergier-et-Myriam-Nicole-simposent-a\u0300-Lenzerheide.png\",\"keywords\":[\"Myriam Nicole\",\"VTT\"],\"articleSection\":[\"VTT\"],\"inLanguage\":\"fr-FR\",\"potentialAction\":[{\"@type\":\"CommentAction\",\"name\":\"Comment\",\"target\":[\"https:\/\/dicodusport.fr\/blog\/vtt-descente-loris-vergier-et-myriam-nicole-simposent-a-lenzerheide\/#respond\"]}],\"copyrightYear\":\"2021\",\"copyrightHolder\":{\"@id\":\"https:\/\/dicodusport.fr\/blog\/#organization\"}},{\"@type\":\"WebPage\",\"@id\":\"https:\/\/dicodusport.fr\/blog\/vtt-descente-loris-vergier-et-myriam-nicole-simposent-a-lenzerheide\/\",\"url\":\"https:\/\/dicodusport.fr\/blog\/vtt-descente-loris-vergier-et-myriam-nicole-simposent-a-lenzerheide\/\",\"name\":\"VTT Descente : Loris Vergier et Myriam Nicole s'imposent \u00e0 Lenzerheide\",\"isPartOf\":{\"@id\":\"https:\/\/dicodusport.fr\/blog\/#website\"},\"primaryImageOfPage\":{\"@id\":\"https:\/\/dicodusport.fr\/blog\/vtt-descente-loris-vergier-et-myriam-nicole-simposent-a-lenzerheide\/#primaryimage\"},\"image\":{\"@id\":\"https:\/\/dicodusport.fr\/blog\/vtt-descente-loris-vergier-et-myriam-nicole-simposent-a-lenzerheide\/#primaryimage\"},\"thumbnailUrl\":\"https:\/\/dicodusport.fr\/blog\/wp-content\/uploads\/2021\/09\/VTT-descente-Loris-Vergier-et-Myriam-Nicole-simposent-a\u0300-Lenzerheide.png\",\"datePublished\":\"2021-09-04T15:29:21+00:00\",\"dateModified\":\"2021-09-04T15:33:56+00:00\",\"description\":\"Les Tricolores ont brill\u00e9 en VTT descente \u00e0 Lenzerheide avec la victoire de Myriam Nicole chez les femmes et un quadrupl\u00e9 chez les hommes.\",\"breadcrumb\":{\"@id\":\"https:\/\/dicodusport.fr\/blog\/vtt-descente-loris-vergier-et-myriam-nicole-simposent-a-lenzerheide\/#breadcrumb\"},\"inLanguage\":\"fr-FR\",\"potentialAction\":[{\"@type\":\"ReadAction\",\"target\":[\"https:\/\/dicodusport.fr\/blog\/vtt-descente-loris-vergier-et-myriam-nicole-simposent-a-lenzerheide\/\"]}]},{\"@type\":\"ImageObject\",\"inLanguage\":\"fr-FR\",\"@id\":\"https:\/\/dicodusport.fr\/blog\/vtt-descente-loris-vergier-et-myriam-nicole-simposent-a-lenzerheide\/#primaryimage\",\"url\":\"https:\/\/dicodusport.fr\/blog\/wp-content\/uploads\/2021\/09\/VTT-descente-Loris-Vergier-et-Myriam-Nicole-simposent-a\u0300-Lenzerheide.png\",\"contentUrl\":\"https:\/\/dicodusport.fr\/blog\/wp-content\/uploads\/2021\/09\/VTT-descente-Loris-Vergier-et-Myriam-Nicole-simposent-a\u0300-Lenzerheide.png\",\"width\":800,\"height\":445},{\"@type\":\"BreadcrumbList\",\"@id\":\"https:\/\/dicodusport.fr\/blog\/vtt-descente-loris-vergier-et-myriam-nicole-simposent-a-lenzerheide\/#breadcrumb\",\"itemListElement\":[{\"@type\":\"ListItem\",\"position\":1,\"name\":\"Accueil\",\"item\":\"https:\/\/dicodusport.fr\/blog\/\"},{\"@type\":\"ListItem\",\"position\":2,\"name\":\"VTT Descente : Loris Vergier et Myriam Nicole s&rsquo;imposent \u00e0 Lenzerheide\"}]},{\"@type\":\"WebSite\",\"@id\":\"https:\/\/dicodusport.fr\/blog\/#website\",\"url\":\"https:\/\/dicodusport.fr\/blog\/\",\"name\":\"Dicodusport\",\"description\":\"L&#039;encyclop\u00e9die de l&#039;actualit\u00e9 sportive\",\"publisher\":{\"@id\":\"https:\/\/dicodusport.fr\/blog\/#organization\"},\"potentialAction\":[{\"@type\":\"SearchAction\",\"target\":{\"@type\":\"EntryPoint\",\"urlTemplate\":\"https:\/\/dicodusport.fr\/blog\/?s={search_term_string}\"},\"query-input\":{\"@type\":\"PropertyValueSpecification\",\"valueRequired\":true,\"valueName\":\"search_term_string\"}}],\"inLanguage\":\"fr-FR\"},{\"@type\":\"NewsMediaOrganization\",\"@id\":\"https:\/\/dicodusport.fr\/blog\/#organization\",\"name\":\"Dicodusport\",\"url\":\"https:\/\/dicodusport.fr\/blog\/\",\"logo\":{\"@type\":\"ImageObject\",\"inLanguage\":\"fr-FR\",\"@id\":\"https:\/\/dicodusport.fr\/blog\/#\/schema\/logo\/image\/\",\"url\":\"https:\/\/dicodusport.fr\/blog\/wp-content\/uploads\/2020\/06\/cropped-LOGO-DICODUSPORT-2020-SANS-FOND-SANS-TEXTE.png\",\"contentUrl\":\"https:\/\/dicodusport.fr\/blog\/wp-content\/uploads\/2020\/06\/cropped-LOGO-DICODUSPORT-2020-SANS-FOND-SANS-TEXTE.png\",\"width\":512,\"height\":512,\"caption\":\"Dicodusport\"},\"image\":{\"@id\":\"https:\/\/dicodusport.fr\/blog\/#\/schema\/logo\/image\/\"},\"sameAs\":[\"https:\/\/www.facebook.com\/dicodusport\",\"https:\/\/x.com\/dicodusport\",\"https:\/\/www.instagram.com\/dicodusport\/\",\"https:\/\/www.youtube.com\/channel\/UC7V2KZ5sd3htJivAbA4ZG3w\"],\"description\":\"Dicodusport est l'encyclop\u00e9die de l'actualit\u00e9 sportive.\",\"email\":\"bonjour@dicodusport.fr\",\"legalName\":\"DICODUSPORT\",\"foundingDate\":\"2018-01-14\",\"vatID\":\"FR71834470973\",\"taxID\":\"83447097300043\",\"numberOfEmployees\":{\"@type\":\"QuantitativeValue\",\"minValue\":\"1\",\"maxValue\":\"10\"}},{\"@type\":\"Person\",\"@id\":\"https:\/\/dicodusport.fr\/blog\/#\/schema\/person\/55dcb50ad410894e431ed812bbb70191\",\"name\":\"Nicolas Jacquemard\",\"image\":{\"@type\":\"ImageObject\",\"inLanguage\":\"fr-FR\",\"@id\":\"https:\/\/dicodusport.fr\/blog\/#\/schema\/person\/image\/\",\"url\":\"https:\/\/dicodusport.fr\/blog\/wp-content\/uploads\/2021\/05\/Nicolas-Jacquemard-150x150.jpeg\",\"contentUrl\":\"https:\/\/dicodusport.fr\/blog\/wp-content\/uploads\/2021\/05\/Nicolas-Jacquemard-150x150.jpeg\",\"caption\":\"Nicolas Jacquemard\"},\"description\":\"Passionn\u00e9 de sport et entrepreneur depuis mes 18 ans, la cr\u00e9ation de Dicodusport m'a sembl\u00e9 \u00e9vidente pour participer \u00e0 la m\u00e9diatisation d'un plus grand nombre de sports. Le chemin est long mais avec une \u00e9quipe des plus motiv\u00e9es et les Jeux Olympiques de Paris 2024 en point de mire, nous y arriverons ! Journaliste dans le monde du sport depuis plus de 5 ans, je traite aussi bien de football, de rugby, de biathlon que de cyclisme.\",\"sameAs\":[\"https:\/\/www.facebook.com\/dicodusport\",\"https:\/\/x.com\/https:\/\/twitter.com\/Nico_Jacquemard\"],\"url\":\"https:\/\/dicodusport.fr\/blog\/author\/dicodusport\/\"}]}<\/script>\n<!-- \/ Yoast SEO Premium plugin. -->","yoast_head_json":{"title":"VTT Descente : Loris Vergier et Myriam Nicole s'imposent \u00e0 Lenzerheide","description":"Les Tricolores ont brill\u00e9 en VTT descente \u00e0 Lenzerheide avec la victoire de Myriam Nicole chez les femmes et un quadrupl\u00e9 chez les hommes.","robots":{"index":"index","follow":"follow","max-snippet":"max-snippet:-1","max-image-preview":"max-image-preview:large","max-video-preview":"max-video-preview:-1"},"canonical":"https:\/\/dicodusport.fr\/blog\/vtt-descente-loris-vergier-et-myriam-nicole-simposent-a-lenzerheide\/","og_locale":"fr_FR","og_type":"article","og_title":"VTT Descente : Loris Vergier et Myriam Nicole s'imposent \u00e0 Lenzerheide","og_description":"Les Tricolores ont brill\u00e9 en VTT descente \u00e0 Lenzerheide avec la victoire de Myriam Nicole chez les femmes et un quadrupl\u00e9 chez les hommes.","og_url":"https:\/\/dicodusport.fr\/blog\/vtt-descente-loris-vergier-et-myriam-nicole-simposent-a-lenzerheide\/","og_site_name":"Dicodusport","article_publisher":"https:\/\/www.facebook.com\/dicodusport","article_author":"https:\/\/www.facebook.com\/dicodusport","article_published_time":"2021-09-04T15:29:21+00:00","article_modified_time":"2021-09-04T15:33:56+00:00","og_image":[{"width":800,"height":445,"url":"https:\/\/dicodusport.fr\/blog\/wp-content\/uploads\/2021\/09\/VTT-descente-Loris-Vergier-et-Myriam-Nicole-simposent-a\u0300-Lenzerheide.png","type":"image\/png"}],"author":"Nicolas Jacquemard","twitter_card":"summary_large_image","twitter_title":"VTT Descente : Loris Vergier et Myriam Nicole s'imposent \u00e0 Lenzerheide","twitter_creator":"@https:\/\/twitter.com\/Nico_Jacquemard","twitter_site":"@dicodusport","schema":{"@context":"https:\/\/schema.org","@graph":[{"@type":"NewsArticle","@id":"https:\/\/dicodusport.fr\/blog\/vtt-descente-loris-vergier-et-myriam-nicole-simposent-a-lenzerheide\/#article","isPartOf":{"@id":"https:\/\/dicodusport.fr\/blog\/vtt-descente-loris-vergier-et-myriam-nicole-simposent-a-lenzerheide\/"},"author":{"name":"Nicolas Jacquemard","@id":"https:\/\/dicodusport.fr\/blog\/#\/schema\/person\/55dcb50ad410894e431ed812bbb70191"},"headline":"VTT Descente : Loris Vergier et Myriam Nicole s&rsquo;imposent \u00e0 Lenzerheide","datePublished":"2021-09-04T15:29:21+00:00","dateModified":"2021-09-04T15:33:56+00:00","mainEntityOfPage":{"@id":"https:\/\/dicodusport.fr\/blog\/vtt-descente-loris-vergier-et-myriam-nicole-simposent-a-lenzerheide\/"},"wordCount":206,"commentCount":0,"publisher":{"@id":"https:\/\/dicodusport.fr\/blog\/#organization"},"image":{"@id":"https:\/\/dicodusport.fr\/blog\/vtt-descente-loris-vergier-et-myriam-nicole-simposent-a-lenzerheide\/#primaryimage"},"thumbnailUrl":"https:\/\/dicodusport.fr\/blog\/wp-content\/uploads\/2021\/09\/VTT-descente-Loris-Vergier-et-Myriam-Nicole-simposent-a\u0300-Lenzerheide.png","keywords":["Myriam Nicole","VTT"],"articleSection":["VTT"],"inLanguage":"fr-FR","potentialAction":[{"@type":"CommentAction","name":"Comment","target":["https:\/\/dicodusport.fr\/blog\/vtt-descente-loris-vergier-et-myriam-nicole-simposent-a-lenzerheide\/#respond"]}],"copyrightYear":"2021","copyrightHolder":{"@id":"https:\/\/dicodusport.fr\/blog\/#organization"}},{"@type":"WebPage","@id":"https:\/\/dicodusport.fr\/blog\/vtt-descente-loris-vergier-et-myriam-nicole-simposent-a-lenzerheide\/","url":"https:\/\/dicodusport.fr\/blog\/vtt-descente-loris-vergier-et-myriam-nicole-simposent-a-lenzerheide\/","name":"VTT Descente : Loris Vergier et Myriam Nicole s'imposent \u00e0 Lenzerheide","isPartOf":{"@id":"https:\/\/dicodusport.fr\/blog\/#website"},"primaryImageOfPage":{"@id":"https:\/\/dicodusport.fr\/blog\/vtt-descente-loris-vergier-et-myriam-nicole-simposent-a-lenzerheide\/#primaryimage"},"image":{"@id":"https:\/\/dicodusport.fr\/blog\/vtt-descente-loris-vergier-et-myriam-nicole-simposent-a-lenzerheide\/#primaryimage"},"thumbnailUrl":"https:\/\/dicodusport.fr\/blog\/wp-content\/uploads\/2021\/09\/VTT-descente-Loris-Vergier-et-Myriam-Nicole-simposent-a\u0300-Lenzerheide.png","datePublished":"2021-09-04T15:29:21+00:00","dateModified":"2021-09-04T15:33:56+00:00","description":"Les Tricolores ont brill\u00e9 en VTT descente \u00e0 Lenzerheide avec la victoire de Myriam Nicole chez les femmes et un quadrupl\u00e9 chez les hommes.","breadcrumb":{"@id":"https:\/\/dicodusport.fr\/blog\/vtt-descente-loris-vergier-et-myriam-nicole-simposent-a-lenzerheide\/#breadcrumb"},"inLanguage":"fr-FR","potentialAction":[{"@type":"ReadAction","target":["https:\/\/dicodusport.fr\/blog\/vtt-descente-loris-vergier-et-myriam-nicole-simposent-a-lenzerheide\/"]}]},{"@type":"ImageObject","inLanguage":"fr-FR","@id":"https:\/\/dicodusport.fr\/blog\/vtt-descente-loris-vergier-et-myriam-nicole-simposent-a-lenzerheide\/#primaryimage","url":"https:\/\/dicodusport.fr\/blog\/wp-content\/uploads\/2021\/09\/VTT-descente-Loris-Vergier-et-Myriam-Nicole-simposent-a\u0300-Lenzerheide.png","contentUrl":"https:\/\/dicodusport.fr\/blog\/wp-content\/uploads\/2021\/09\/VTT-descente-Loris-Vergier-et-Myriam-Nicole-simposent-a\u0300-Lenzerheide.png","width":800,"height":445},{"@type":"BreadcrumbList","@id":"https:\/\/dicodusport.fr\/blog\/vtt-descente-loris-vergier-et-myriam-nicole-simposent-a-lenzerheide\/#breadcrumb","itemListElement":[{"@type":"ListItem","position":1,"name":"Accueil","item":"https:\/\/dicodusport.fr\/blog\/"},{"@type":"ListItem","position":2,"name":"VTT Descente : Loris Vergier et Myriam Nicole s&rsquo;imposent \u00e0 Lenzerheide"}]},{"@type":"WebSite","@id":"https:\/\/dicodusport.fr\/blog\/#website","url":"https:\/\/dicodusport.fr\/blog\/","name":"Dicodusport","description":"L&#039;encyclop\u00e9die de l&#039;actualit\u00e9 sportive","publisher":{"@id":"https:\/\/dicodusport.fr\/blog\/#organization"},"potentialAction":[{"@type":"SearchAction","target":{"@type":"EntryPoint","urlTemplate":"https:\/\/dicodusport.fr\/blog\/?s={search_term_string}"},"query-input":{"@type":"PropertyValueSpecification","valueRequired":true,"valueName":"search_term_string"}}],"inLanguage":"fr-FR"},{"@type":"NewsMediaOrganization","@id":"https:\/\/dicodusport.fr\/blog\/#organization","name":"Dicodusport","url":"https:\/\/dicodusport.fr\/blog\/","logo":{"@type":"ImageObject","inLanguage":"fr-FR","@id":"https:\/\/dicodusport.fr\/blog\/#\/schema\/logo\/image\/","url":"https:\/\/dicodusport.fr\/blog\/wp-content\/uploads\/2020\/06\/cropped-LOGO-DICODUSPORT-2020-SANS-FOND-SANS-TEXTE.png","contentUrl":"https:\/\/dicodusport.fr\/blog\/wp-content\/uploads\/2020\/06\/cropped-LOGO-DICODUSPORT-2020-SANS-FOND-SANS-TEXTE.png","width":512,"height":512,"caption":"Dicodusport"},"image":{"@id":"https:\/\/dicodusport.fr\/blog\/#\/schema\/logo\/image\/"},"sameAs":["https:\/\/www.facebook.com\/dicodusport","https:\/\/x.com\/dicodusport","https:\/\/www.instagram.com\/dicodusport\/","https:\/\/www.youtube.com\/channel\/UC7V2KZ5sd3htJivAbA4ZG3w"],"description":"Dicodusport est l'encyclop\u00e9die de l'actualit\u00e9 sportive.","email":"bonjour@dicodusport.fr","legalName":"DICODUSPORT","foundingDate":"2018-01-14","vatID":"FR71834470973","taxID":"83447097300043","numberOfEmployees":{"@type":"QuantitativeValue","minValue":"1","maxValue":"10"}},{"@type":"Person","@id":"https:\/\/dicodusport.fr\/blog\/#\/schema\/person\/55dcb50ad410894e431ed812bbb70191","name":"Nicolas Jacquemard","image":{"@type":"ImageObject","inLanguage":"fr-FR","@id":"https:\/\/dicodusport.fr\/blog\/#\/schema\/person\/image\/","url":"https:\/\/dicodusport.fr\/blog\/wp-content\/uploads\/2021\/05\/Nicolas-Jacquemard-150x150.jpeg","contentUrl":"https:\/\/dicodusport.fr\/blog\/wp-content\/uploads\/2021\/05\/Nicolas-Jacquemard-150x150.jpeg","caption":"Nicolas Jacquemard"},"description":"Passionn\u00e9 de sport et entrepreneur depuis mes 18 ans, la cr\u00e9ation de Dicodusport m'a sembl\u00e9 \u00e9vidente pour participer \u00e0 la m\u00e9diatisation d'un plus grand nombre de sports. Le chemin est long mais avec une \u00e9quipe des plus motiv\u00e9es et les Jeux Olympiques de Paris 2024 en point de mire, nous y arriverons ! Journaliste dans le monde du sport depuis plus de 5 ans, je traite aussi bien de football, de rugby, de biathlon que de cyclisme.","sameAs":["https:\/\/www.facebook.com\/dicodusport","https:\/\/x.com\/https:\/\/twitter.com\/Nico_Jacquemard"],"url":"https:\/\/dicodusport.fr\/blog\/author\/dicodusport\/"}]}},"_links":{"self":[{"href":"https:\/\/dicodusport.fr\/blog\/wp-json\/wp\/v2\/posts\/164102","targetHints":{"allow":["GET"]}}],"collection":[{"href":"https:\/\/dicodusport.fr\/blog\/wp-json\/wp\/v2\/posts"}],"about":[{"href":"https:\/\/dicodusport.fr\/blog\/wp-json\/wp\/v2\/types\/post"}],"author":[{"embeddable":true,"href":"https:\/\/dicodusport.fr\/blog\/wp-json\/wp\/v2\/users\/1"}],"replies":[{"embeddable":true,"href":"https:\/\/dicodusport.fr\/blog\/wp-json\/wp\/v2\/comments?post=164102"}],"version-history":[{"count":0,"href":"https:\/\/dicodusport.fr\/blog\/wp-json\/wp\/v2\/posts\/164102\/revisions"}],"wp:featuredmedia":[{"embeddable":true,"href":"https:\/\/dicodusport.fr\/blog\/wp-json\/wp\/v2\/media\/164106"}],"wp:attachment":[{"href":"https:\/\/dicodusport.fr\/blog\/wp-json\/wp\/v2\/media?parent=164102"}],"wp:term":[{"taxonomy":"category","embeddable":true,"href":"https:\/\/dicodusport.fr\/blog\/wp-json\/wp\/v2\/categories?post=164102"},{"taxonomy":"post_tag","embeddable":true,"href":"https:\/\/dicodusport.fr\/blog\/wp-json\/wp\/v2\/tags?post=164102"}],"curies":[{"name":"wp","href":"https:\/\/api.w.org\/{rel}","templated":true}]}}