{"id":1642,"date":"2017-05-09T08:51:30","date_gmt":"2017-05-09T07:51:30","guid":{"rendered":"http:\/\/dicodusport.fr\/blog\/?p=1642"},"modified":"2021-04-13T23:27:45","modified_gmt":"2021-04-13T21:27:45","slug":"sandrine-gruda-ambition-comme-moteur","status":"publish","type":"post","link":"https:\/\/dicodusport.fr\/blog\/sandrine-gruda-ambition-comme-moteur\/","title":{"rendered":"Sandrine Gruda, l&rsquo;ambition comme moteur"},"content":{"rendered":"<p style=\"text-align: justify;\"><span style=\"color: #000000;\"><em>Nous avons\u00a0rencontr\u00e9 Sandrine Gruda, internationale fran\u00e7aise de <span style=\"color: #0000ff;\"><a style=\"color: #0000ff;\" href=\"http:\/\/dicodusport.fr\/definition-sport\/basket-ball\/\" target=\"_blank\" rel=\"noopener noreferrer\">basket<\/a><\/span>, qui vit une tr\u00e8s belle ann\u00e9e \u00e0 Istanbul apr\u00e8s neuf ans pass\u00e9s en Russie.<\/em><\/span><\/p>\n<p style=\"text-align: justify;\"><span style=\"color: #000000;\"><strong><u>Sandrine, pouvez-vous vous pr<\/u><\/strong><strong><u>\u00e9senter en quelques mots<\/u><\/strong><strong><u>\u00a0? Comment avez-vous commenc<\/u><\/strong><strong><u>\u00e9 le basket<\/u><\/strong><strong><u>\u00a0?<\/u><\/strong><\/span><\/p>\n<p style=\"text-align: justify;\"><span style=\"color: #000000;\">Sandrine Gruda, j\u2019ai 29 ans et je viens de l\u2019\u00eele de la Martinique. Je suis tomb\u00e9e amoureuse du basket gr\u00e2ce \u00e0 mon p\u00e8re qui m\u2019a initi\u00e9. C\u2019est un ancien joueur professionnel qui\u00a0\u00e9tait coach quand je suis venue au monde. J\u2019ai suivi un cursus f\u00e9d\u00e9ral pour devenir une joueuse professionnelle, j\u2019ai tout de suite \u00e9t\u00e9 ambitieuse avec la volont\u00e9 de jouer au plus haut niveau, c\u2019est pourquoi je suis parti en Europe et aux Etats Unis.<\/span><\/p>\n<p style=\"text-align: justify;\"><span style=\"color: #000000;\"><strong><u>Apr<\/u><\/strong><strong><u>\u00e8s 9 ann<\/u><\/strong><strong><u>\u00e9es <\/u><\/strong><strong><u>\u00e0 Ekaterinbourg en Russie, vous avez fait le choix de rejoindre Fenerbahce, est-ce que <\/u><\/strong><strong><u>ce fut<\/u><\/strong><strong><u>\u00a0une d<\/u><\/strong><strong><u>\u00e9cision difficile <\/u><\/strong><strong><u>\u00e0 prendre<\/u><\/strong><strong><u>\u00a0?<\/u><\/strong><\/span><\/p>\n<p style=\"text-align: justify;\"><span style=\"color: #000000;\">Non cela n\u2019a pas \u00e9t\u00e9 difficile car il \u00e9tait temps que je prenne un nouvel envol, c\u2019\u00e9tait la fin d\u2019un cycle et j\u2019\u00e9tais d\u00e9termin\u00e9e \u00e0 d\u00e9couvrir une nouvelle aventure.<\/span><\/p>\n<p style=\"text-align: justify;\"><span style=\"color: #000000;\"><strong><u>Comment s<\/u><\/strong><strong><u>\u2019est pass<\/u><\/strong><strong><u>\u00e9e votre acclimatation en Turquie<\/u><\/strong><strong><u>\u00a0? Quelles sont les diff<\/u><\/strong><strong><u>\u00e9rences entre le championnat turc et russe<\/u><\/strong><strong><u>\u00a0?<\/u><\/strong><\/span><\/p>\n<p style=\"text-align: justify;\"><span style=\"color: #000000;\">Les diff\u00e9rences sont \u00e9normes car le championnat turc est beaucoup plus relev\u00e9, avec un plus grand nombre de joueuses am\u00e9ricaines (venant du championnat WNBA). Il y a aussi plus d\u2019\u00e9quipes donc le championnat est plus long. En plus d\u2019\u00eatre difficile, la victoire n\u2019est jamais acquise m\u00eame si l&rsquo;on joue dans un club phare comme Fenerbache. J\u2019aime cette adversit\u00e9, qui nous permet de jouer des \u00ab\u00a0gros\u00a0\u00bb matchs pour ensuite \u00eatre pr\u00eat \u00e0 jouer l\u2019Euroligue. En Russie, il y avait une vraie diff\u00e9rence entre le niveau du championnat et la coupe d\u2019Europe, nous n\u2019\u00e9tions pas assez pr\u00e9par\u00e9s \u00e0 jouer des matchs de ce niveau.<\/span><\/p>\n<p style=\"text-align: justify;\"><span style=\"color: #000000;\"><strong><u>Vous \u00eates en finale des playoffs, malgr<\/u><\/strong><strong><u>\u00e9 la d<\/u><\/strong><strong><u>\u00e9faite lors du premier match, l<\/u><\/strong><strong><u>\u2019objectif c<\/u><\/strong><strong><u>\u2019est le titre<\/u><\/strong><strong><u>\u00a0?<\/u><\/strong><\/span><\/p>\n<p style=\"text-align: justify;\"><span style=\"color: #000000;\">Le deuxi\u00e8me match va \u00eatre important. On veut vraiment gagner ce titre car nous avons assez perdu de finales pour cette ann\u00e9e\u2026 (apr\u00e8s celle v\u00e9cue en Euroleague).<\/span><\/p>\n<p style=\"text-align: justify;\"><span style=\"color: #000000;\"><strong><u>Quel bilan personnel tirez-vous pour votre premi<\/u><\/strong><strong><u>\u00e8re saison en Turquie<\/u><\/strong><strong><u>\u00a0?<\/u><\/strong><\/span><\/p>\n<p style=\"text-align: justify;\"><span style=\"color: #000000;\">C\u2019est une tr\u00e8s belle exp\u00e9rience humaine qui m\u2019a permis de me confronter \u00e0 un nouvel environnement. J\u2019ai \u00e9galement d\u2019avantage de responsabilit\u00e9s par rapport \u00e0 ce que je pouvais avoir en Russie. Je retrouve une certaine ind\u00e9pendance. J\u2019ai d\u00e9couvert une ville extraordinaire, malgr\u00e9 une arriv\u00e9e dans des circonstances tendues, j\u2019ai pass\u00e9 une superbe saison et c\u2019est vraiment un endroit que je recommande. Le climat aussi est tr\u00e8s appr\u00e9ciable car \u00e0 Ekaterinbourg, il faisait souvent gris et les temp\u00e9ratures \u00e9taient basses. A Istanbul, c\u2019est tr\u00e8s souvent ensoleill\u00e9 et cela influe beaucoup sur le moral\u00a0!<\/span><\/p>\n<p style=\"text-align: justify;\"><span style=\"color: #000000;\">D\u2019un point de vue basket, je suis un peu d\u00e9\u00e7ue car nous n&rsquo;avons encore rien gagn\u00e9. Nous avons particip\u00e9 \u00e0 de nombreuses finales que nous avons laiss\u00e9es \u00e9chapper. Ce titre de champion national est donc vraiment important \u00e0 nos yeux.<\/span><\/p>\n<p style=\"text-align: justify;\"><img loading=\"lazy\" decoding=\"async\" class=\"alignnone size-full wp-image-1644\" src=\"http:\/\/dicodusport.fr\/blog\/wp-content\/uploads\/2017\/05\/Sandrine-Gruda-1.png\" alt=\"\" width=\"1200\" height=\"670\" srcset=\"https:\/\/dicodusport.fr\/blog\/wp-content\/uploads\/2017\/05\/Sandrine-Gruda-1.png 1200w, https:\/\/dicodusport.fr\/blog\/wp-content\/uploads\/2017\/05\/Sandrine-Gruda-1-300x168.png 300w, https:\/\/dicodusport.fr\/blog\/wp-content\/uploads\/2017\/05\/Sandrine-Gruda-1-768x429.png 768w, https:\/\/dicodusport.fr\/blog\/wp-content\/uploads\/2017\/05\/Sandrine-Gruda-1-1024x572.png 1024w\" sizes=\"auto, (max-width: 1200px) 100vw, 1200px\" \/><\/p>\n<p style=\"text-align: justify;\"><span style=\"color: #000000;\"><strong><u>Qu<\/u><\/strong><strong><u>\u2019est-ce que vous retenez de vos diff<\/u><\/strong><strong><u>\u00e9rentes exp<\/u><\/strong><strong><u>\u00e9riences en WNBA<\/u><\/strong><strong><u>\u00a0?<\/u><\/strong><\/span><\/p>\n<p style=\"text-align: justify;\"><span style=\"color: #000000;\">Pas mal de chose. C\u2019est un pays qui m\u2019a toujours attir\u00e9 et j\u2019ai toujours eu envie de le d\u00e9couvrir. J\u2019y suis all\u00e9 la premi\u00e8re fois \u00e0 20 ans et cela a \u00e9t\u00e9 une vraie r\u00e9v\u00e9lation sur le sport que je pratique. Les \u00c9tats-Unis sont le berceau du basket et cela m\u2019a permis de d\u00e9couvrir une nouvelle m\u00e9thode de travail, une autre mentalit\u00e9 et une autre approche du jeu. Ces exp\u00e9riences m\u2019ont vraiment aid\u00e9 \u00e0 passer des \u00e9tapes et j\u2019ai compris que le championnat am\u00e9ricain \u00e9tait le meilleur au monde, j\u2019\u00e9tais donc dans les conditions optimales pour progresser.<\/span><br \/>\n<span style=\"color: #000000;\">Plus globalement, l\u2019opportunit\u00e9 d\u2019avoir pu me confronter aux deux styles, europ\u00e9ens et am\u00e9ricains, \u00e0 contribuer \u00e0 faire de moi une joueuse plus compl\u00e8te.<\/span><\/p>\n<p style=\"text-align: justify;\"><span style=\"color: #000000;\"><strong><u>Si vous deviez ressortir le meilleur moment de votre carri<\/u><\/strong><strong><u>\u00e8re, lequel serait-il<\/u><\/strong><strong><u>\u00a0?<\/u><\/strong><\/span><\/p>\n<p style=\"text-align: justify;\"><span style=\"color: #000000;\">Le titre de championne d\u2019Europe en 2009, la premi\u00e8re et la seule m\u00e9daille d\u2019or que j\u2019ai gagn\u00e9 avec l\u2019\u00e9quipe de France. Sur cette comp\u00e9tition j\u2019ai su porter l\u2019\u00e9quipe jusqu&rsquo;\u00e0 la m\u00e9daille d\u2019or, malgr\u00e9 mon jeune \u00e2ge. C\u2019\u00e9tait la premi\u00e8re fois que j\u2019avais les reines d\u2019une \u00e9quipe que je venais \u00e0 peine d\u2019int\u00e9grer. D\u2019avoir r\u00e9ussi \u00e0 assumer ce r\u00f4le jusqu\u2019\u00e0 la finale a \u00e9t\u00e9 aussi bien un accomplissement personnel que collectif.<\/span><\/p>\n<p style=\"text-align: justify;\"><span style=\"color: #000000;\"><strong><u>Quelle place ont les r<\/u><\/strong><strong><u>\u00e9seaux sociaux dans votre carri<\/u><\/strong><strong><u>\u00e8re de sportive<\/u><\/strong><strong><u>\u00a0?<\/u><\/strong><\/span><\/p>\n<p style=\"text-align: justify;\"><span style=\"color: #000000;\">Une place relativement importante car c\u2019est un outil qui nous permet de pouvoir communiquer de mani\u00e8re instantan\u00e9e avec nos fans en r\u00e9v\u00e9lant un peu de nous. Je trouve \u00e7a super\u00a0! Par exemple, je n\u2019\u00e9volue pas en France et les r\u00e9seaux sociaux me permettent de rester en contact avec les gens qui me suivent depuis l\u2019hexagone notamment. J\u2019esp\u00e8re d\u2019ailleurs retrouver vos lecteurs sur mes r\u00e9seaux sociaux\u00a0!<\/span><\/p>\n<p style=\"text-align: justify;\"><span style=\"color: #000000;\"><strong><u>Est-ce que le manque de m<\/u><\/strong><strong><u>\u00e9diatisation du basket f<\/u><\/strong><strong><u>\u00e9minin par rapport aux hommes est un probl<\/u><\/strong><strong><u>\u00e8me pour vous<\/u><\/strong><strong><u>\u00a0?<\/u><\/strong><\/span><\/p>\n<p style=\"text-align: justify;\"><span style=\"color: #000000;\">Oui c\u2019est un probl\u00e8me et cela va plus loin que le basket, c\u2019est un probl\u00e8me soci\u00e9tal. Les probl\u00e8mes d\u2019\u00e9galit\u00e9 entre hommes et femmes ne datent pas d\u2019aujourd\u2019hui et le basket est un reflet de la soci\u00e9t\u00e9. Nous repr\u00e9sentons la France aussi, nous gagnons des titres aussi donc nous m\u00e9ritons d\u2019\u00eatre reconnues autant que les hommes.<\/span><\/p>\n<p style=\"text-align: justify;\"><span style=\"color: #000000;\"><strong><u>Vous avez seulement 29 ans mais est-ce que vous pensez d<\/u><\/strong><strong><u>\u00e9j<\/u><\/strong><strong><u>\u00e0 <\/u><\/strong><strong><u>\u00e0 l<\/u><\/strong><strong><u>\u2019apr<\/u><\/strong><strong><u>\u00e8s-carri<\/u><\/strong><strong><u>\u00e8re<\/u><\/strong><strong><u>\u00a0?<\/u><\/strong><\/span><\/p>\n<p style=\"text-align: justify;\"><span style=\"color: #000000;\">Non je n\u2019ai pas d\u2019id\u00e9e pr\u00e9cise mais je suis actuellement des \u00e9tudes de journalisme et \u00e7a me plait vraiment. J\u2019aime beaucoup \u00e9crire, j\u2019ai d\u2019ailleurs un <span style=\"color: #0000ff;\"><a style=\"color: #0000ff;\" href=\"http:\/\/www.sandrinegruda.fr\/news\/\" target=\"_blank\" rel=\"noopener noreferrer\">blog<\/a><\/span>, que je vous recommande et dans lequel j\u2019\u00e9voque mes souvenirs ou mes exp\u00e9riences \u00e0 Istanbul.<\/span><\/p>\n<p style=\"text-align: justify;\"><span style=\"color: #000000;\"><strong><u>Qu&rsquo;est-ce qu<\/u><\/strong><strong><u>\u2019on peut vous souhaiter pour la suite<\/u><\/strong><strong><u>\u00a0?<\/u><\/strong><\/span><\/p>\n<p style=\"text-align: justify;\"><span style=\"color: #000000;\">J&rsquo;aimerais avant tout qu\u2019on me souhaite d\u2019\u00eatre heureuse en tant que femme \ud83d\ude42<\/span><\/p>\n<p style=\"text-align: justify;\"><span style=\"color: #000000;\"><strong><u>Et la saison prochaine vous serez toujours en Turquie<\/u><\/strong><strong><u>\u00a0?<\/u><\/strong><\/span><\/p>\n<p style=\"text-align: justify;\"><span style=\"color: #000000;\">Je ne sais pas encore, j\u2019ai vraiment pass\u00e9 une saison incroyable donc pourquoi pas continuer. On verra bien.<\/span><\/p>\n<p>&nbsp;<\/p>\n<p style=\"text-align: justify;\"><a href=\"http:\/\/dicodusport.fr\"><img loading=\"lazy\" decoding=\"async\" class=\"size-thumbnail wp-image-999 aligncenter\" src=\"http:\/\/dicodusport.fr\/blog\/wp-content\/uploads\/2017\/01\/cropped-logo-dicodusport-sans-fond-150x150.png\" alt=\"\" width=\"150\" height=\"150\" srcset=\"https:\/\/dicodusport.fr\/blog\/wp-content\/uploads\/2017\/01\/cropped-logo-dicodusport-sans-fond-150x150.png 150w, https:\/\/dicodusport.fr\/blog\/wp-content\/uploads\/2017\/01\/cropped-logo-dicodusport-sans-fond-300x300.png 300w, https:\/\/dicodusport.fr\/blog\/wp-content\/uploads\/2017\/01\/cropped-logo-dicodusport-sans-fond-270x270.png 270w, https:\/\/dicodusport.fr\/blog\/wp-content\/uploads\/2017\/01\/cropped-logo-dicodusport-sans-fond-192x192.png 192w, https:\/\/dicodusport.fr\/blog\/wp-content\/uploads\/2017\/01\/cropped-logo-dicodusport-sans-fond-180x180.png 180w, https:\/\/dicodusport.fr\/blog\/wp-content\/uploads\/2017\/01\/cropped-logo-dicodusport-sans-fond-32x32.png 32w, https:\/\/dicodusport.fr\/blog\/wp-content\/uploads\/2017\/01\/cropped-logo-dicodusport-sans-fond.png 512w\" sizes=\"auto, (max-width: 150px) 100vw, 150px\" \/><\/a><\/p>\n","protected":false},"excerpt":{"rendered":"<p>Nous avons\u00a0rencontr\u00e9 Sandrine Gruda, internationale fran\u00e7aise de basket, qui vit une tr\u00e8s belle ann\u00e9e \u00e0 Istanbul apr\u00e8s neuf ans pass\u00e9s en Russie. Sandrine, pouvez-vous vous pr\u00e9senter en quelques mots\u00a0? Comment avez-vous commenc\u00e9 le basket\u00a0? Sandrine Gruda, j\u2019ai 29 ans et je viens de l\u2019\u00eele de la Martinique. Je suis tomb\u00e9e amoureuse du basket gr\u00e2ce \u00e0 [&hellip;]<\/p>\n","protected":false},"author":1,"featured_media":1643,"comment_status":"open","ping_status":"closed","sticky":false,"template":"","format":"standard","meta":{"_acf_changed":false,"_daextam_enable_autolinks":"","footnotes":""},"categories":[4],"tags":[174,517,1062],"class_list":["post-1642","post","type-post","status-publish","format-standard","has-post-thumbnail","hentry","category-portraits","tag-basket","tag-basketball","tag-sandrine-gruda"],"acf":[],"yoast_head":"<!-- This site is optimized with the Yoast SEO Premium plugin v26.7 (Yoast SEO v26.7) - https:\/\/yoast.com\/wordpress\/plugins\/seo\/ -->\n<title>Sandrine Gruda, l&#039;ambition comme moteur<\/title>\n<meta name=\"description\" content=\"On a rencontr\u00e9 Sandrine Gruda, internationale fran\u00e7aise de basket, qui vit une tr\u00e8s belle ann\u00e9e \u00e0 Istanbul apr\u00e8s neuf ans pass\u00e9s en Russie.\" \/>\n<meta name=\"robots\" content=\"index, follow, max-snippet:-1, max-image-preview:large, max-video-preview:-1\" \/>\n<link rel=\"canonical\" href=\"https:\/\/dicodusport.fr\/blog\/sandrine-gruda-ambition-comme-moteur\/\" \/>\n<meta property=\"og:locale\" content=\"fr_FR\" \/>\n<meta property=\"og:type\" content=\"article\" \/>\n<meta property=\"og:title\" content=\"Sandrine Gruda, l&#039;ambition comme moteur\" \/>\n<meta property=\"og:description\" content=\"On a rencontr\u00e9 Sandrine Gruda, internationale fran\u00e7aise de basket, qui vit une tr\u00e8s belle ann\u00e9e \u00e0 Istanbul apr\u00e8s neuf ans pass\u00e9s en Russie.\" \/>\n<meta property=\"og:url\" content=\"https:\/\/dicodusport.fr\/blog\/sandrine-gruda-ambition-comme-moteur\/\" \/>\n<meta property=\"og:site_name\" content=\"Dicodusport\" \/>\n<meta property=\"article:publisher\" content=\"https:\/\/www.facebook.com\/dicodusport\" \/>\n<meta property=\"article:author\" content=\"https:\/\/www.facebook.com\/dicodusport\" \/>\n<meta property=\"article:published_time\" content=\"2017-05-09T07:51:30+00:00\" \/>\n<meta property=\"article:modified_time\" content=\"2021-04-13T21:27:45+00:00\" \/>\n<meta property=\"og:image\" content=\"https:\/\/dicodusport.fr\/blog\/wp-content\/uploads\/2017\/05\/Sandrine-Gruda.png\" \/>\n\t<meta property=\"og:image:width\" content=\"1200\" \/>\n\t<meta property=\"og:image:height\" content=\"670\" \/>\n\t<meta property=\"og:image:type\" content=\"image\/png\" \/>\n<meta name=\"author\" content=\"Nicolas Jacquemard\" \/>\n<meta name=\"twitter:card\" content=\"summary_large_image\" \/>\n<meta name=\"twitter:creator\" content=\"@https:\/\/twitter.com\/Nico_Jacquemard\" \/>\n<meta name=\"twitter:site\" content=\"@dicodusport\" \/>\n<script type=\"application\/ld+json\" class=\"yoast-schema-graph\">{\"@context\":\"https:\/\/schema.org\",\"@graph\":[{\"@type\":\"NewsArticle\",\"@id\":\"https:\/\/dicodusport.fr\/blog\/sandrine-gruda-ambition-comme-moteur\/#article\",\"isPartOf\":{\"@id\":\"https:\/\/dicodusport.fr\/blog\/sandrine-gruda-ambition-comme-moteur\/\"},\"author\":{\"name\":\"Nicolas Jacquemard\",\"@id\":\"https:\/\/dicodusport.fr\/blog\/#\/schema\/person\/55dcb50ad410894e431ed812bbb70191\"},\"headline\":\"Sandrine Gruda, l&rsquo;ambition comme moteur\",\"datePublished\":\"2017-05-09T07:51:30+00:00\",\"dateModified\":\"2021-04-13T21:27:45+00:00\",\"mainEntityOfPage\":{\"@id\":\"https:\/\/dicodusport.fr\/blog\/sandrine-gruda-ambition-comme-moteur\/\"},\"wordCount\":1083,\"commentCount\":0,\"publisher\":{\"@id\":\"https:\/\/dicodusport.fr\/blog\/#organization\"},\"image\":{\"@id\":\"https:\/\/dicodusport.fr\/blog\/sandrine-gruda-ambition-comme-moteur\/#primaryimage\"},\"thumbnailUrl\":\"https:\/\/dicodusport.fr\/blog\/wp-content\/uploads\/2017\/05\/Sandrine-Gruda.png\",\"keywords\":[\"basket\",\"basketball\",\"Sandrine Gruda\"],\"articleSection\":[\"Portraits\"],\"inLanguage\":\"fr-FR\",\"potentialAction\":[{\"@type\":\"CommentAction\",\"name\":\"Comment\",\"target\":[\"https:\/\/dicodusport.fr\/blog\/sandrine-gruda-ambition-comme-moteur\/#respond\"]}],\"copyrightYear\":\"2017\",\"copyrightHolder\":{\"@id\":\"https:\/\/dicodusport.fr\/blog\/#organization\"}},{\"@type\":\"WebPage\",\"@id\":\"https:\/\/dicodusport.fr\/blog\/sandrine-gruda-ambition-comme-moteur\/\",\"url\":\"https:\/\/dicodusport.fr\/blog\/sandrine-gruda-ambition-comme-moteur\/\",\"name\":\"Sandrine Gruda, l'ambition comme moteur\",\"isPartOf\":{\"@id\":\"https:\/\/dicodusport.fr\/blog\/#website\"},\"primaryImageOfPage\":{\"@id\":\"https:\/\/dicodusport.fr\/blog\/sandrine-gruda-ambition-comme-moteur\/#primaryimage\"},\"image\":{\"@id\":\"https:\/\/dicodusport.fr\/blog\/sandrine-gruda-ambition-comme-moteur\/#primaryimage\"},\"thumbnailUrl\":\"https:\/\/dicodusport.fr\/blog\/wp-content\/uploads\/2017\/05\/Sandrine-Gruda.png\",\"datePublished\":\"2017-05-09T07:51:30+00:00\",\"dateModified\":\"2021-04-13T21:27:45+00:00\",\"description\":\"On a rencontr\u00e9 Sandrine Gruda, internationale fran\u00e7aise de basket, qui vit une tr\u00e8s belle ann\u00e9e \u00e0 Istanbul apr\u00e8s neuf ans pass\u00e9s en Russie.\",\"breadcrumb\":{\"@id\":\"https:\/\/dicodusport.fr\/blog\/sandrine-gruda-ambition-comme-moteur\/#breadcrumb\"},\"inLanguage\":\"fr-FR\",\"potentialAction\":[{\"@type\":\"ReadAction\",\"target\":[\"https:\/\/dicodusport.fr\/blog\/sandrine-gruda-ambition-comme-moteur\/\"]}]},{\"@type\":\"ImageObject\",\"inLanguage\":\"fr-FR\",\"@id\":\"https:\/\/dicodusport.fr\/blog\/sandrine-gruda-ambition-comme-moteur\/#primaryimage\",\"url\":\"https:\/\/dicodusport.fr\/blog\/wp-content\/uploads\/2017\/05\/Sandrine-Gruda.png\",\"contentUrl\":\"https:\/\/dicodusport.fr\/blog\/wp-content\/uploads\/2017\/05\/Sandrine-Gruda.png\",\"width\":1200,\"height\":670,\"caption\":\"Sandrine Gruda\"},{\"@type\":\"BreadcrumbList\",\"@id\":\"https:\/\/dicodusport.fr\/blog\/sandrine-gruda-ambition-comme-moteur\/#breadcrumb\",\"itemListElement\":[{\"@type\":\"ListItem\",\"position\":1,\"name\":\"Accueil\",\"item\":\"https:\/\/dicodusport.fr\/blog\/\"},{\"@type\":\"ListItem\",\"position\":2,\"name\":\"Sandrine Gruda, l&rsquo;ambition comme moteur\"}]},{\"@type\":\"WebSite\",\"@id\":\"https:\/\/dicodusport.fr\/blog\/#website\",\"url\":\"https:\/\/dicodusport.fr\/blog\/\",\"name\":\"Dicodusport\",\"description\":\"L&#039;encyclop\u00e9die de l&#039;actualit\u00e9 sportive\",\"publisher\":{\"@id\":\"https:\/\/dicodusport.fr\/blog\/#organization\"},\"potentialAction\":[{\"@type\":\"SearchAction\",\"target\":{\"@type\":\"EntryPoint\",\"urlTemplate\":\"https:\/\/dicodusport.fr\/blog\/?s={search_term_string}\"},\"query-input\":{\"@type\":\"PropertyValueSpecification\",\"valueRequired\":true,\"valueName\":\"search_term_string\"}}],\"inLanguage\":\"fr-FR\"},{\"@type\":\"NewsMediaOrganization\",\"@id\":\"https:\/\/dicodusport.fr\/blog\/#organization\",\"name\":\"Dicodusport\",\"url\":\"https:\/\/dicodusport.fr\/blog\/\",\"logo\":{\"@type\":\"ImageObject\",\"inLanguage\":\"fr-FR\",\"@id\":\"https:\/\/dicodusport.fr\/blog\/#\/schema\/logo\/image\/\",\"url\":\"https:\/\/dicodusport.fr\/blog\/wp-content\/uploads\/2020\/06\/cropped-LOGO-DICODUSPORT-2020-SANS-FOND-SANS-TEXTE.png\",\"contentUrl\":\"https:\/\/dicodusport.fr\/blog\/wp-content\/uploads\/2020\/06\/cropped-LOGO-DICODUSPORT-2020-SANS-FOND-SANS-TEXTE.png\",\"width\":512,\"height\":512,\"caption\":\"Dicodusport\"},\"image\":{\"@id\":\"https:\/\/dicodusport.fr\/blog\/#\/schema\/logo\/image\/\"},\"sameAs\":[\"https:\/\/www.facebook.com\/dicodusport\",\"https:\/\/x.com\/dicodusport\",\"https:\/\/www.instagram.com\/dicodusport\/\",\"https:\/\/www.youtube.com\/channel\/UC7V2KZ5sd3htJivAbA4ZG3w\"],\"description\":\"Dicodusport est l'encyclop\u00e9die de l'actualit\u00e9 sportive.\",\"email\":\"bonjour@dicodusport.fr\",\"legalName\":\"DICODUSPORT\",\"foundingDate\":\"2018-01-14\",\"vatID\":\"FR71834470973\",\"taxID\":\"83447097300043\",\"numberOfEmployees\":{\"@type\":\"QuantitativeValue\",\"minValue\":\"1\",\"maxValue\":\"10\"}},{\"@type\":\"Person\",\"@id\":\"https:\/\/dicodusport.fr\/blog\/#\/schema\/person\/55dcb50ad410894e431ed812bbb70191\",\"name\":\"Nicolas Jacquemard\",\"image\":{\"@type\":\"ImageObject\",\"inLanguage\":\"fr-FR\",\"@id\":\"https:\/\/dicodusport.fr\/blog\/#\/schema\/person\/image\/\",\"url\":\"https:\/\/dicodusport.fr\/blog\/wp-content\/uploads\/2021\/05\/Nicolas-Jacquemard-150x150.jpeg\",\"contentUrl\":\"https:\/\/dicodusport.fr\/blog\/wp-content\/uploads\/2021\/05\/Nicolas-Jacquemard-150x150.jpeg\",\"caption\":\"Nicolas Jacquemard\"},\"description\":\"Passionn\u00e9 de sport et entrepreneur depuis mes 18 ans, la cr\u00e9ation de Dicodusport m'a sembl\u00e9 \u00e9vidente pour participer \u00e0 la m\u00e9diatisation d'un plus grand nombre de sports. Le chemin est long mais avec une \u00e9quipe des plus motiv\u00e9es et les Jeux Olympiques de Paris 2024 en point de mire, nous y arriverons ! Journaliste dans le monde du sport depuis plus de 5 ans, je traite aussi bien de football, de rugby, de biathlon que de cyclisme.\",\"sameAs\":[\"https:\/\/www.facebook.com\/dicodusport\",\"https:\/\/x.com\/https:\/\/twitter.com\/Nico_Jacquemard\"],\"url\":\"https:\/\/dicodusport.fr\/blog\/author\/dicodusport\/\"}]}<\/script>\n<!-- \/ Yoast SEO Premium plugin. -->","yoast_head_json":{"title":"Sandrine Gruda, l'ambition comme moteur","description":"On a rencontr\u00e9 Sandrine Gruda, internationale fran\u00e7aise de basket, qui vit une tr\u00e8s belle ann\u00e9e \u00e0 Istanbul apr\u00e8s neuf ans pass\u00e9s en Russie.","robots":{"index":"index","follow":"follow","max-snippet":"max-snippet:-1","max-image-preview":"max-image-preview:large","max-video-preview":"max-video-preview:-1"},"canonical":"https:\/\/dicodusport.fr\/blog\/sandrine-gruda-ambition-comme-moteur\/","og_locale":"fr_FR","og_type":"article","og_title":"Sandrine Gruda, l'ambition comme moteur","og_description":"On a rencontr\u00e9 Sandrine Gruda, internationale fran\u00e7aise de basket, qui vit une tr\u00e8s belle ann\u00e9e \u00e0 Istanbul apr\u00e8s neuf ans pass\u00e9s en Russie.","og_url":"https:\/\/dicodusport.fr\/blog\/sandrine-gruda-ambition-comme-moteur\/","og_site_name":"Dicodusport","article_publisher":"https:\/\/www.facebook.com\/dicodusport","article_author":"https:\/\/www.facebook.com\/dicodusport","article_published_time":"2017-05-09T07:51:30+00:00","article_modified_time":"2021-04-13T21:27:45+00:00","og_image":[{"width":1200,"height":670,"url":"https:\/\/dicodusport.fr\/blog\/wp-content\/uploads\/2017\/05\/Sandrine-Gruda.png","type":"image\/png"}],"author":"Nicolas Jacquemard","twitter_card":"summary_large_image","twitter_creator":"@https:\/\/twitter.com\/Nico_Jacquemard","twitter_site":"@dicodusport","schema":{"@context":"https:\/\/schema.org","@graph":[{"@type":"NewsArticle","@id":"https:\/\/dicodusport.fr\/blog\/sandrine-gruda-ambition-comme-moteur\/#article","isPartOf":{"@id":"https:\/\/dicodusport.fr\/blog\/sandrine-gruda-ambition-comme-moteur\/"},"author":{"name":"Nicolas Jacquemard","@id":"https:\/\/dicodusport.fr\/blog\/#\/schema\/person\/55dcb50ad410894e431ed812bbb70191"},"headline":"Sandrine Gruda, l&rsquo;ambition comme moteur","datePublished":"2017-05-09T07:51:30+00:00","dateModified":"2021-04-13T21:27:45+00:00","mainEntityOfPage":{"@id":"https:\/\/dicodusport.fr\/blog\/sandrine-gruda-ambition-comme-moteur\/"},"wordCount":1083,"commentCount":0,"publisher":{"@id":"https:\/\/dicodusport.fr\/blog\/#organization"},"image":{"@id":"https:\/\/dicodusport.fr\/blog\/sandrine-gruda-ambition-comme-moteur\/#primaryimage"},"thumbnailUrl":"https:\/\/dicodusport.fr\/blog\/wp-content\/uploads\/2017\/05\/Sandrine-Gruda.png","keywords":["basket","basketball","Sandrine Gruda"],"articleSection":["Portraits"],"inLanguage":"fr-FR","potentialAction":[{"@type":"CommentAction","name":"Comment","target":["https:\/\/dicodusport.fr\/blog\/sandrine-gruda-ambition-comme-moteur\/#respond"]}],"copyrightYear":"2017","copyrightHolder":{"@id":"https:\/\/dicodusport.fr\/blog\/#organization"}},{"@type":"WebPage","@id":"https:\/\/dicodusport.fr\/blog\/sandrine-gruda-ambition-comme-moteur\/","url":"https:\/\/dicodusport.fr\/blog\/sandrine-gruda-ambition-comme-moteur\/","name":"Sandrine Gruda, l'ambition comme moteur","isPartOf":{"@id":"https:\/\/dicodusport.fr\/blog\/#website"},"primaryImageOfPage":{"@id":"https:\/\/dicodusport.fr\/blog\/sandrine-gruda-ambition-comme-moteur\/#primaryimage"},"image":{"@id":"https:\/\/dicodusport.fr\/blog\/sandrine-gruda-ambition-comme-moteur\/#primaryimage"},"thumbnailUrl":"https:\/\/dicodusport.fr\/blog\/wp-content\/uploads\/2017\/05\/Sandrine-Gruda.png","datePublished":"2017-05-09T07:51:30+00:00","dateModified":"2021-04-13T21:27:45+00:00","description":"On a rencontr\u00e9 Sandrine Gruda, internationale fran\u00e7aise de basket, qui vit une tr\u00e8s belle ann\u00e9e \u00e0 Istanbul apr\u00e8s neuf ans pass\u00e9s en Russie.","breadcrumb":{"@id":"https:\/\/dicodusport.fr\/blog\/sandrine-gruda-ambition-comme-moteur\/#breadcrumb"},"inLanguage":"fr-FR","potentialAction":[{"@type":"ReadAction","target":["https:\/\/dicodusport.fr\/blog\/sandrine-gruda-ambition-comme-moteur\/"]}]},{"@type":"ImageObject","inLanguage":"fr-FR","@id":"https:\/\/dicodusport.fr\/blog\/sandrine-gruda-ambition-comme-moteur\/#primaryimage","url":"https:\/\/dicodusport.fr\/blog\/wp-content\/uploads\/2017\/05\/Sandrine-Gruda.png","contentUrl":"https:\/\/dicodusport.fr\/blog\/wp-content\/uploads\/2017\/05\/Sandrine-Gruda.png","width":1200,"height":670,"caption":"Sandrine Gruda"},{"@type":"BreadcrumbList","@id":"https:\/\/dicodusport.fr\/blog\/sandrine-gruda-ambition-comme-moteur\/#breadcrumb","itemListElement":[{"@type":"ListItem","position":1,"name":"Accueil","item":"https:\/\/dicodusport.fr\/blog\/"},{"@type":"ListItem","position":2,"name":"Sandrine Gruda, l&rsquo;ambition comme moteur"}]},{"@type":"WebSite","@id":"https:\/\/dicodusport.fr\/blog\/#website","url":"https:\/\/dicodusport.fr\/blog\/","name":"Dicodusport","description":"L&#039;encyclop\u00e9die de l&#039;actualit\u00e9 sportive","publisher":{"@id":"https:\/\/dicodusport.fr\/blog\/#organization"},"potentialAction":[{"@type":"SearchAction","target":{"@type":"EntryPoint","urlTemplate":"https:\/\/dicodusport.fr\/blog\/?s={search_term_string}"},"query-input":{"@type":"PropertyValueSpecification","valueRequired":true,"valueName":"search_term_string"}}],"inLanguage":"fr-FR"},{"@type":"NewsMediaOrganization","@id":"https:\/\/dicodusport.fr\/blog\/#organization","name":"Dicodusport","url":"https:\/\/dicodusport.fr\/blog\/","logo":{"@type":"ImageObject","inLanguage":"fr-FR","@id":"https:\/\/dicodusport.fr\/blog\/#\/schema\/logo\/image\/","url":"https:\/\/dicodusport.fr\/blog\/wp-content\/uploads\/2020\/06\/cropped-LOGO-DICODUSPORT-2020-SANS-FOND-SANS-TEXTE.png","contentUrl":"https:\/\/dicodusport.fr\/blog\/wp-content\/uploads\/2020\/06\/cropped-LOGO-DICODUSPORT-2020-SANS-FOND-SANS-TEXTE.png","width":512,"height":512,"caption":"Dicodusport"},"image":{"@id":"https:\/\/dicodusport.fr\/blog\/#\/schema\/logo\/image\/"},"sameAs":["https:\/\/www.facebook.com\/dicodusport","https:\/\/x.com\/dicodusport","https:\/\/www.instagram.com\/dicodusport\/","https:\/\/www.youtube.com\/channel\/UC7V2KZ5sd3htJivAbA4ZG3w"],"description":"Dicodusport est l'encyclop\u00e9die de l'actualit\u00e9 sportive.","email":"bonjour@dicodusport.fr","legalName":"DICODUSPORT","foundingDate":"2018-01-14","vatID":"FR71834470973","taxID":"83447097300043","numberOfEmployees":{"@type":"QuantitativeValue","minValue":"1","maxValue":"10"}},{"@type":"Person","@id":"https:\/\/dicodusport.fr\/blog\/#\/schema\/person\/55dcb50ad410894e431ed812bbb70191","name":"Nicolas Jacquemard","image":{"@type":"ImageObject","inLanguage":"fr-FR","@id":"https:\/\/dicodusport.fr\/blog\/#\/schema\/person\/image\/","url":"https:\/\/dicodusport.fr\/blog\/wp-content\/uploads\/2021\/05\/Nicolas-Jacquemard-150x150.jpeg","contentUrl":"https:\/\/dicodusport.fr\/blog\/wp-content\/uploads\/2021\/05\/Nicolas-Jacquemard-150x150.jpeg","caption":"Nicolas Jacquemard"},"description":"Passionn\u00e9 de sport et entrepreneur depuis mes 18 ans, la cr\u00e9ation de Dicodusport m'a sembl\u00e9 \u00e9vidente pour participer \u00e0 la m\u00e9diatisation d'un plus grand nombre de sports. Le chemin est long mais avec une \u00e9quipe des plus motiv\u00e9es et les Jeux Olympiques de Paris 2024 en point de mire, nous y arriverons ! Journaliste dans le monde du sport depuis plus de 5 ans, je traite aussi bien de football, de rugby, de biathlon que de cyclisme.","sameAs":["https:\/\/www.facebook.com\/dicodusport","https:\/\/x.com\/https:\/\/twitter.com\/Nico_Jacquemard"],"url":"https:\/\/dicodusport.fr\/blog\/author\/dicodusport\/"}]}},"_links":{"self":[{"href":"https:\/\/dicodusport.fr\/blog\/wp-json\/wp\/v2\/posts\/1642","targetHints":{"allow":["GET"]}}],"collection":[{"href":"https:\/\/dicodusport.fr\/blog\/wp-json\/wp\/v2\/posts"}],"about":[{"href":"https:\/\/dicodusport.fr\/blog\/wp-json\/wp\/v2\/types\/post"}],"author":[{"embeddable":true,"href":"https:\/\/dicodusport.fr\/blog\/wp-json\/wp\/v2\/users\/1"}],"replies":[{"embeddable":true,"href":"https:\/\/dicodusport.fr\/blog\/wp-json\/wp\/v2\/comments?post=1642"}],"version-history":[{"count":0,"href":"https:\/\/dicodusport.fr\/blog\/wp-json\/wp\/v2\/posts\/1642\/revisions"}],"wp:featuredmedia":[{"embeddable":true,"href":"https:\/\/dicodusport.fr\/blog\/wp-json\/wp\/v2\/media\/1643"}],"wp:attachment":[{"href":"https:\/\/dicodusport.fr\/blog\/wp-json\/wp\/v2\/media?parent=1642"}],"wp:term":[{"taxonomy":"category","embeddable":true,"href":"https:\/\/dicodusport.fr\/blog\/wp-json\/wp\/v2\/categories?post=1642"},{"taxonomy":"post_tag","embeddable":true,"href":"https:\/\/dicodusport.fr\/blog\/wp-json\/wp\/v2\/tags?post=1642"}],"curies":[{"name":"wp","href":"https:\/\/api.w.org\/{rel}","templated":true}]}}