{"id":164241,"date":"2021-09-05T08:07:52","date_gmt":"2021-09-05T06:07:52","guid":{"rendered":"https:\/\/dicodusport.fr\/blog\/?p=164241&#038;preview=true&#038;preview_id=164241"},"modified":"2021-09-05T08:07:52","modified_gmt":"2021-09-05T06:07:52","slug":"jeux-paralympiques-de-tokyo-badminton-lucas-mazur-arrache-le-titre-paralympique","status":"publish","type":"post","link":"https:\/\/dicodusport.fr\/blog\/jeux-paralympiques-de-tokyo-badminton-lucas-mazur-arrache-le-titre-paralympique\/","title":{"rendered":"Jeux Paralympiques de Tokyo &#8211; Badminton : Lucas Mazur arrache le titre paralympique"},"content":{"rendered":"<p style=\"text-align: justify;\"><strong><em><a href=\"https:\/\/dicodusport.fr\/blog\/actualites\/jeux-paralympiques-tokyo-2020\/\">JEUX PARALYMPIQUES DE TOKYO 2020<\/a> &#8211; BADMINTON &#8211; Il l&rsquo;a fait ! Lucas Mazur est devenu cette nuit champion paralympique de la cat\u00e9gorie SL4, dans un match spectaculaire. Il apporte la premi\u00e8re m\u00e9daille de l&rsquo;histoire du para badminton \u00e0 la France.<\/em><\/strong><\/p>\n<h2 style=\"text-align: justify;\">Un statut assum\u00e9<\/h2>\n<p style=\"text-align: justify;\">Il l&rsquo;avait dit, en tant que num\u00e9ro 1 mondial il venait \u00e0 Tokyo pour l&rsquo;or, et rien d&rsquo;autre, c&rsquo;est d\u00e9sormais chose faite. En finale, il devait faire face \u00e0 l&rsquo;Indien <strong>Suhas Yathiraj<\/strong> qu&rsquo;il avait battu en phase de groupes 2-0. Bien que favori, <strong>Lucas Mazur<\/strong> est domin\u00e9 en premi\u00e8re manche, subit le jeu de l&rsquo;Indien et s&rsquo;incline 15-21. Le deuxi\u00e8me set commence mal \u00e9galement, puisque le Fran\u00e7ais court apr\u00e8s le score et est men\u00e9 2-5. \u00c0 ce moment l\u00e0, l&rsquo;or semble s&rsquo;\u00e9loigner. Mais c&rsquo;est sans compter sur la force mental de l&rsquo;Orl\u00e9anais qui passe devant en milieu de set pour l&#8217;emporter ensuite 21-17. Un set partout, place \u00e0 la manche d\u00e9cisive.<\/p>\n<p style=\"text-align: justify;\">Et cette fois, la confiance semble avoir chang\u00e9 de camp. Au contact, les deux badistes ne se l\u00e2chent pas mais <strong>Yathiraj <\/strong>semble accuser le coup, et \u00e7a, <strong>Mazur<\/strong> l&rsquo;a bien remarqu\u00e9. Un dernier coup de collier en fin de troisi\u00e8me set permet au Tricolore de s&rsquo;offrir la m\u00e9daille d&rsquo;or 21-15. C&rsquo;est le 11\u00e8me titre paralympique fran\u00e7ais et le premier de l&rsquo;histoire en badminton.<\/p>\n<blockquote class=\"twitter-tweet\">\n<p dir=\"ltr\" lang=\"fr\">MONSTRUEUX MAZUR &#x1f1eb;&#x1f1f7;&#x1f60d;<\/p>\n<p>Enorme Lucas Mazur qui renverse Suhas Yathiraj apr\u00e8s avoir perdu le 1er set ! Le Fran\u00e7ais s&rsquo;impose 15-21, 21-17, 21-15 et devient le premier champion paralympique de la cat\u00e9gorie <a href=\"https:\/\/twitter.com\/hashtag\/JeuxParalympiques?src=hash&amp;ref_src=twsrc%5Etfw\">#JeuxParalympiques<\/a><\/p>\n<p>Suivez les Jeux : <a href=\"https:\/\/t.co\/HBepb4POka\">https:\/\/t.co\/HBepb4POka<\/a> <a href=\"https:\/\/t.co\/xW7Bk5Y6YH\">pic.twitter.com\/xW7Bk5Y6YH<\/a><\/p>\n<p>\u2014 francetvsport (@francetvsport) <a href=\"https:\/\/twitter.com\/francetvsport\/status\/1434339735074398209?ref_src=twsrc%5Etfw\">September 5, 2021<\/a><\/p><\/blockquote>\n<p><script async src=\"https:\/\/platform.twitter.com\/widgets.js\" charset=\"utf-8\"><\/script><\/p>\n<h2 style=\"text-align: justify;\">\u00c0 lire aussi<\/h2>\n<ul>\n<li style=\"text-align: justify;\"><a href=\"https:\/\/dicodusport.fr\/blog\/toute-l-actualite-des-jeux-paralympiques-de-tokyo-2020\/\"><strong>Toute l&rsquo;actualit\u00e9 des Jeux Paralympiques de Tokyo<\/strong><\/a><\/li>\n<li style=\"text-align: justify;\"><a href=\"https:\/\/dicodusport.fr\/blog\/jeux-paralympiques-de-tokyo-2020-le-tableau-des-medailles\/\"><strong>Le tableau des m\u00e9dailles<\/strong><\/a><\/li>\n<\/ul>\n","protected":false},"excerpt":{"rendered":"<p>JEUX PARALYMPIQUES DE TOKYO 2020 &#8211; BADMINTON &#8211; Il l&rsquo;a fait ! Lucas Mazur est devenu cette nuit champion paralympique de la cat\u00e9gorie SL4, dans un match spectaculaire. Il apporte la premi\u00e8re m\u00e9daille de l&rsquo;histoire du para badminton \u00e0 la France.<\/p>\n","protected":false},"author":43,"featured_media":164252,"comment_status":"open","ping_status":"closed","sticky":false,"template":"","format":"standard","meta":{"_acf_changed":false,"_daextam_enable_autolinks":"","footnotes":""},"categories":[13604,14180],"tags":[2184,1964,13396,2573,24],"class_list":["post-164241","post","type-post","status-publish","format-standard","has-post-thumbnail","hentry","category-badminton","category-jeux-paralympiques-tokyo-2020","tag-badminton","tag-jeux-paralympiques","tag-jeux-paralympiques-de-tokyo","tag-lucas-mazur","tag-sport"],"acf":[],"yoast_head":"<!-- This site is optimized with the Yoast SEO Premium plugin v26.7 (Yoast SEO v26.7) - https:\/\/yoast.com\/wordpress\/plugins\/seo\/ -->\n<title>Jeux Paralympiques de Tokyo - Badminton : Lucas Mazur arrache le titre paralympique<\/title>\n<meta name=\"description\" content=\"Splendide Lucas Mazur ! Apr\u00e8s une finale folle, le Fran\u00e7ais d\u00e9croche la toute premi\u00e8re m\u00e9daille du badminton fran\u00e7ais aux Paralympiques, en or\" \/>\n<meta name=\"robots\" content=\"index, follow, max-snippet:-1, max-image-preview:large, max-video-preview:-1\" \/>\n<link rel=\"canonical\" href=\"https:\/\/dicodusport.fr\/blog\/jeux-paralympiques-de-tokyo-badminton-lucas-mazur-arrache-le-titre-paralympique\/\" \/>\n<meta property=\"og:locale\" content=\"fr_FR\" \/>\n<meta property=\"og:type\" content=\"article\" \/>\n<meta property=\"og:title\" content=\"Jeux Paralympiques de Tokyo - Badminton : Lucas Mazur arrache le titre paralympique\" \/>\n<meta property=\"og:description\" content=\"Splendide Lucas Mazur ! Apr\u00e8s une finale folle, le Fran\u00e7ais d\u00e9croche la toute premi\u00e8re m\u00e9daille du badminton fran\u00e7ais aux Paralympiques, en or\" \/>\n<meta property=\"og:url\" content=\"https:\/\/dicodusport.fr\/blog\/jeux-paralympiques-de-tokyo-badminton-lucas-mazur-arrache-le-titre-paralympique\/\" \/>\n<meta property=\"og:site_name\" content=\"Dicodusport\" \/>\n<meta property=\"article:publisher\" content=\"https:\/\/www.facebook.com\/dicodusport\" \/>\n<meta property=\"article:author\" content=\"https:\/\/www.facebook.com\/Max.Bld2\/\" \/>\n<meta property=\"article:published_time\" content=\"2021-09-05T06:07:52+00:00\" \/>\n<meta property=\"og:image\" content=\"https:\/\/dicodusport.fr\/blog\/wp-content\/uploads\/2021\/09\/Jeux-Paralympiques-de-Tokyo-Badminton-Lucas-Mazur-arrache-le-titre-paralympique.png\" \/>\n\t<meta property=\"og:image:width\" content=\"800\" \/>\n\t<meta property=\"og:image:height\" content=\"445\" \/>\n\t<meta property=\"og:image:type\" content=\"image\/png\" \/>\n<meta name=\"author\" content=\"Maxime Boulard\" \/>\n<meta name=\"twitter:card\" content=\"summary_large_image\" \/>\n<meta name=\"twitter:title\" content=\"Jeux Paralympiques de Tokyo - Badminton : Lucas Mazur arrache le titre paralympique\" \/>\n<meta name=\"twitter:creator\" content=\"@https:\/\/twitter.com\/MaximeB_2\" \/>\n<meta name=\"twitter:site\" content=\"@dicodusport\" \/>\n<script type=\"application\/ld+json\" class=\"yoast-schema-graph\">{\"@context\":\"https:\/\/schema.org\",\"@graph\":[{\"@type\":\"NewsArticle\",\"@id\":\"https:\/\/dicodusport.fr\/blog\/jeux-paralympiques-de-tokyo-badminton-lucas-mazur-arrache-le-titre-paralympique\/#article\",\"isPartOf\":{\"@id\":\"https:\/\/dicodusport.fr\/blog\/jeux-paralympiques-de-tokyo-badminton-lucas-mazur-arrache-le-titre-paralympique\/\"},\"author\":{\"name\":\"Maxime Boulard\",\"@id\":\"https:\/\/dicodusport.fr\/blog\/#\/schema\/person\/5aab10ee856e86ac63e9819a9da34784\"},\"headline\":\"Jeux Paralympiques de Tokyo &#8211; Badminton : Lucas Mazur arrache le titre paralympique\",\"datePublished\":\"2021-09-05T06:07:52+00:00\",\"mainEntityOfPage\":{\"@id\":\"https:\/\/dicodusport.fr\/blog\/jeux-paralympiques-de-tokyo-badminton-lucas-mazur-arrache-le-titre-paralympique\/\"},\"wordCount\":334,\"commentCount\":0,\"publisher\":{\"@id\":\"https:\/\/dicodusport.fr\/blog\/#organization\"},\"image\":{\"@id\":\"https:\/\/dicodusport.fr\/blog\/jeux-paralympiques-de-tokyo-badminton-lucas-mazur-arrache-le-titre-paralympique\/#primaryimage\"},\"thumbnailUrl\":\"https:\/\/dicodusport.fr\/blog\/wp-content\/uploads\/2021\/09\/Jeux-Paralympiques-de-Tokyo-Badminton-Lucas-Mazur-arrache-le-titre-paralympique.png\",\"keywords\":[\"Badminton\",\"jeux paralympiques\",\"Jeux Paralympiques de Tokyo\",\"Lucas Mazur\",\"sport\"],\"articleSection\":[\"Badminton\",\"Jeux Paralympiques de Tokyo 2020\"],\"inLanguage\":\"fr-FR\",\"potentialAction\":[{\"@type\":\"CommentAction\",\"name\":\"Comment\",\"target\":[\"https:\/\/dicodusport.fr\/blog\/jeux-paralympiques-de-tokyo-badminton-lucas-mazur-arrache-le-titre-paralympique\/#respond\"]}],\"copyrightYear\":\"2021\",\"copyrightHolder\":{\"@id\":\"https:\/\/dicodusport.fr\/blog\/#organization\"}},{\"@type\":\"WebPage\",\"@id\":\"https:\/\/dicodusport.fr\/blog\/jeux-paralympiques-de-tokyo-badminton-lucas-mazur-arrache-le-titre-paralympique\/\",\"url\":\"https:\/\/dicodusport.fr\/blog\/jeux-paralympiques-de-tokyo-badminton-lucas-mazur-arrache-le-titre-paralympique\/\",\"name\":\"Jeux Paralympiques de Tokyo - Badminton : Lucas Mazur arrache le titre paralympique\",\"isPartOf\":{\"@id\":\"https:\/\/dicodusport.fr\/blog\/#website\"},\"primaryImageOfPage\":{\"@id\":\"https:\/\/dicodusport.fr\/blog\/jeux-paralympiques-de-tokyo-badminton-lucas-mazur-arrache-le-titre-paralympique\/#primaryimage\"},\"image\":{\"@id\":\"https:\/\/dicodusport.fr\/blog\/jeux-paralympiques-de-tokyo-badminton-lucas-mazur-arrache-le-titre-paralympique\/#primaryimage\"},\"thumbnailUrl\":\"https:\/\/dicodusport.fr\/blog\/wp-content\/uploads\/2021\/09\/Jeux-Paralympiques-de-Tokyo-Badminton-Lucas-Mazur-arrache-le-titre-paralympique.png\",\"datePublished\":\"2021-09-05T06:07:52+00:00\",\"description\":\"Splendide Lucas Mazur ! Apr\u00e8s une finale folle, le Fran\u00e7ais d\u00e9croche la toute premi\u00e8re m\u00e9daille du badminton fran\u00e7ais aux Paralympiques, en or\",\"breadcrumb\":{\"@id\":\"https:\/\/dicodusport.fr\/blog\/jeux-paralympiques-de-tokyo-badminton-lucas-mazur-arrache-le-titre-paralympique\/#breadcrumb\"},\"inLanguage\":\"fr-FR\",\"potentialAction\":[{\"@type\":\"ReadAction\",\"target\":[\"https:\/\/dicodusport.fr\/blog\/jeux-paralympiques-de-tokyo-badminton-lucas-mazur-arrache-le-titre-paralympique\/\"]}]},{\"@type\":\"ImageObject\",\"inLanguage\":\"fr-FR\",\"@id\":\"https:\/\/dicodusport.fr\/blog\/jeux-paralympiques-de-tokyo-badminton-lucas-mazur-arrache-le-titre-paralympique\/#primaryimage\",\"url\":\"https:\/\/dicodusport.fr\/blog\/wp-content\/uploads\/2021\/09\/Jeux-Paralympiques-de-Tokyo-Badminton-Lucas-Mazur-arrache-le-titre-paralympique.png\",\"contentUrl\":\"https:\/\/dicodusport.fr\/blog\/wp-content\/uploads\/2021\/09\/Jeux-Paralympiques-de-Tokyo-Badminton-Lucas-Mazur-arrache-le-titre-paralympique.png\",\"width\":800,\"height\":445,\"caption\":\"Jeux Paralympiques de Tokyo - Badminton Lucas Mazur arrache le titre paralympique\"},{\"@type\":\"BreadcrumbList\",\"@id\":\"https:\/\/dicodusport.fr\/blog\/jeux-paralympiques-de-tokyo-badminton-lucas-mazur-arrache-le-titre-paralympique\/#breadcrumb\",\"itemListElement\":[{\"@type\":\"ListItem\",\"position\":1,\"name\":\"Accueil\",\"item\":\"https:\/\/dicodusport.fr\/blog\/\"},{\"@type\":\"ListItem\",\"position\":2,\"name\":\"Jeux Paralympiques de Tokyo &#8211; Badminton : Lucas Mazur arrache le titre paralympique\"}]},{\"@type\":\"WebSite\",\"@id\":\"https:\/\/dicodusport.fr\/blog\/#website\",\"url\":\"https:\/\/dicodusport.fr\/blog\/\",\"name\":\"Dicodusport\",\"description\":\"L&#039;encyclop\u00e9die de l&#039;actualit\u00e9 sportive\",\"publisher\":{\"@id\":\"https:\/\/dicodusport.fr\/blog\/#organization\"},\"potentialAction\":[{\"@type\":\"SearchAction\",\"target\":{\"@type\":\"EntryPoint\",\"urlTemplate\":\"https:\/\/dicodusport.fr\/blog\/?s={search_term_string}\"},\"query-input\":{\"@type\":\"PropertyValueSpecification\",\"valueRequired\":true,\"valueName\":\"search_term_string\"}}],\"inLanguage\":\"fr-FR\"},{\"@type\":\"NewsMediaOrganization\",\"@id\":\"https:\/\/dicodusport.fr\/blog\/#organization\",\"name\":\"Dicodusport\",\"url\":\"https:\/\/dicodusport.fr\/blog\/\",\"logo\":{\"@type\":\"ImageObject\",\"inLanguage\":\"fr-FR\",\"@id\":\"https:\/\/dicodusport.fr\/blog\/#\/schema\/logo\/image\/\",\"url\":\"https:\/\/dicodusport.fr\/blog\/wp-content\/uploads\/2020\/06\/cropped-LOGO-DICODUSPORT-2020-SANS-FOND-SANS-TEXTE.png\",\"contentUrl\":\"https:\/\/dicodusport.fr\/blog\/wp-content\/uploads\/2020\/06\/cropped-LOGO-DICODUSPORT-2020-SANS-FOND-SANS-TEXTE.png\",\"width\":512,\"height\":512,\"caption\":\"Dicodusport\"},\"image\":{\"@id\":\"https:\/\/dicodusport.fr\/blog\/#\/schema\/logo\/image\/\"},\"sameAs\":[\"https:\/\/www.facebook.com\/dicodusport\",\"https:\/\/x.com\/dicodusport\",\"https:\/\/www.instagram.com\/dicodusport\/\",\"https:\/\/www.youtube.com\/channel\/UC7V2KZ5sd3htJivAbA4ZG3w\"],\"description\":\"Dicodusport est l'encyclop\u00e9die de l'actualit\u00e9 sportive.\",\"email\":\"bonjour@dicodusport.fr\",\"legalName\":\"DICODUSPORT\",\"foundingDate\":\"2018-01-14\",\"vatID\":\"FR71834470973\",\"taxID\":\"83447097300043\",\"numberOfEmployees\":{\"@type\":\"QuantitativeValue\",\"minValue\":\"1\",\"maxValue\":\"10\"}},{\"@type\":\"Person\",\"@id\":\"https:\/\/dicodusport.fr\/blog\/#\/schema\/person\/5aab10ee856e86ac63e9819a9da34784\",\"name\":\"Maxime Boulard\",\"image\":{\"@type\":\"ImageObject\",\"inLanguage\":\"fr-FR\",\"@id\":\"https:\/\/dicodusport.fr\/blog\/#\/schema\/person\/image\/\",\"url\":\"https:\/\/dicodusport.fr\/blog\/wp-content\/uploads\/2021\/05\/Maxime-Boulard-150x150.jpg\",\"contentUrl\":\"https:\/\/dicodusport.fr\/blog\/wp-content\/uploads\/2021\/05\/Maxime-Boulard-150x150.jpg\",\"caption\":\"Maxime Boulard\"},\"description\":\"Journaliste\/r\u00e9dacteur depuis octobre 2020 - Si mon plus vieux souvenir de sport aurait pu m'en d\u00e9go\u00fbter, la finale de la Coupe du monde 2006 a \u00e9t\u00e9 tout le contraire. V\u00e9ritable d\u00e9clencheur d'une passion qui aujourd'hui ne fait que grandir avec le temps, mon leitmotiv est la France qui brille ! Je relate les exploits pass\u00e9s et pr\u00e9sents du sport bleu-blanc-rouge sans m\u00e9nagement depuis octobre 2020. Sport valide ou handisport, aucune diff\u00e9rence, il n'y a que du sport et plusieurs fa\u00e7ons de le pratiquer.\",\"sameAs\":[\"https:\/\/www.facebook.com\/Max.Bld2\/\",\"https:\/\/x.com\/https:\/\/twitter.com\/MaximeB_2\"],\"url\":\"https:\/\/dicodusport.fr\/blog\/author\/maxime-b\/\"}]}<\/script>\n<!-- \/ Yoast SEO Premium plugin. -->","yoast_head_json":{"title":"Jeux Paralympiques de Tokyo - Badminton : Lucas Mazur arrache le titre paralympique","description":"Splendide Lucas Mazur ! Apr\u00e8s une finale folle, le Fran\u00e7ais d\u00e9croche la toute premi\u00e8re m\u00e9daille du badminton fran\u00e7ais aux Paralympiques, en or","robots":{"index":"index","follow":"follow","max-snippet":"max-snippet:-1","max-image-preview":"max-image-preview:large","max-video-preview":"max-video-preview:-1"},"canonical":"https:\/\/dicodusport.fr\/blog\/jeux-paralympiques-de-tokyo-badminton-lucas-mazur-arrache-le-titre-paralympique\/","og_locale":"fr_FR","og_type":"article","og_title":"Jeux Paralympiques de Tokyo - Badminton : Lucas Mazur arrache le titre paralympique","og_description":"Splendide Lucas Mazur ! Apr\u00e8s une finale folle, le Fran\u00e7ais d\u00e9croche la toute premi\u00e8re m\u00e9daille du badminton fran\u00e7ais aux Paralympiques, en or","og_url":"https:\/\/dicodusport.fr\/blog\/jeux-paralympiques-de-tokyo-badminton-lucas-mazur-arrache-le-titre-paralympique\/","og_site_name":"Dicodusport","article_publisher":"https:\/\/www.facebook.com\/dicodusport","article_author":"https:\/\/www.facebook.com\/Max.Bld2\/","article_published_time":"2021-09-05T06:07:52+00:00","og_image":[{"width":800,"height":445,"url":"https:\/\/dicodusport.fr\/blog\/wp-content\/uploads\/2021\/09\/Jeux-Paralympiques-de-Tokyo-Badminton-Lucas-Mazur-arrache-le-titre-paralympique.png","type":"image\/png"}],"author":"Maxime Boulard","twitter_card":"summary_large_image","twitter_title":"Jeux Paralympiques de Tokyo - Badminton : Lucas Mazur arrache le titre paralympique","twitter_creator":"@https:\/\/twitter.com\/MaximeB_2","twitter_site":"@dicodusport","schema":{"@context":"https:\/\/schema.org","@graph":[{"@type":"NewsArticle","@id":"https:\/\/dicodusport.fr\/blog\/jeux-paralympiques-de-tokyo-badminton-lucas-mazur-arrache-le-titre-paralympique\/#article","isPartOf":{"@id":"https:\/\/dicodusport.fr\/blog\/jeux-paralympiques-de-tokyo-badminton-lucas-mazur-arrache-le-titre-paralympique\/"},"author":{"name":"Maxime Boulard","@id":"https:\/\/dicodusport.fr\/blog\/#\/schema\/person\/5aab10ee856e86ac63e9819a9da34784"},"headline":"Jeux Paralympiques de Tokyo &#8211; Badminton : Lucas Mazur arrache le titre paralympique","datePublished":"2021-09-05T06:07:52+00:00","mainEntityOfPage":{"@id":"https:\/\/dicodusport.fr\/blog\/jeux-paralympiques-de-tokyo-badminton-lucas-mazur-arrache-le-titre-paralympique\/"},"wordCount":334,"commentCount":0,"publisher":{"@id":"https:\/\/dicodusport.fr\/blog\/#organization"},"image":{"@id":"https:\/\/dicodusport.fr\/blog\/jeux-paralympiques-de-tokyo-badminton-lucas-mazur-arrache-le-titre-paralympique\/#primaryimage"},"thumbnailUrl":"https:\/\/dicodusport.fr\/blog\/wp-content\/uploads\/2021\/09\/Jeux-Paralympiques-de-Tokyo-Badminton-Lucas-Mazur-arrache-le-titre-paralympique.png","keywords":["Badminton","jeux paralympiques","Jeux Paralympiques de Tokyo","Lucas Mazur","sport"],"articleSection":["Badminton","Jeux Paralympiques de Tokyo 2020"],"inLanguage":"fr-FR","potentialAction":[{"@type":"CommentAction","name":"Comment","target":["https:\/\/dicodusport.fr\/blog\/jeux-paralympiques-de-tokyo-badminton-lucas-mazur-arrache-le-titre-paralympique\/#respond"]}],"copyrightYear":"2021","copyrightHolder":{"@id":"https:\/\/dicodusport.fr\/blog\/#organization"}},{"@type":"WebPage","@id":"https:\/\/dicodusport.fr\/blog\/jeux-paralympiques-de-tokyo-badminton-lucas-mazur-arrache-le-titre-paralympique\/","url":"https:\/\/dicodusport.fr\/blog\/jeux-paralympiques-de-tokyo-badminton-lucas-mazur-arrache-le-titre-paralympique\/","name":"Jeux Paralympiques de Tokyo - Badminton : Lucas Mazur arrache le titre paralympique","isPartOf":{"@id":"https:\/\/dicodusport.fr\/blog\/#website"},"primaryImageOfPage":{"@id":"https:\/\/dicodusport.fr\/blog\/jeux-paralympiques-de-tokyo-badminton-lucas-mazur-arrache-le-titre-paralympique\/#primaryimage"},"image":{"@id":"https:\/\/dicodusport.fr\/blog\/jeux-paralympiques-de-tokyo-badminton-lucas-mazur-arrache-le-titre-paralympique\/#primaryimage"},"thumbnailUrl":"https:\/\/dicodusport.fr\/blog\/wp-content\/uploads\/2021\/09\/Jeux-Paralympiques-de-Tokyo-Badminton-Lucas-Mazur-arrache-le-titre-paralympique.png","datePublished":"2021-09-05T06:07:52+00:00","description":"Splendide Lucas Mazur ! Apr\u00e8s une finale folle, le Fran\u00e7ais d\u00e9croche la toute premi\u00e8re m\u00e9daille du badminton fran\u00e7ais aux Paralympiques, en or","breadcrumb":{"@id":"https:\/\/dicodusport.fr\/blog\/jeux-paralympiques-de-tokyo-badminton-lucas-mazur-arrache-le-titre-paralympique\/#breadcrumb"},"inLanguage":"fr-FR","potentialAction":[{"@type":"ReadAction","target":["https:\/\/dicodusport.fr\/blog\/jeux-paralympiques-de-tokyo-badminton-lucas-mazur-arrache-le-titre-paralympique\/"]}]},{"@type":"ImageObject","inLanguage":"fr-FR","@id":"https:\/\/dicodusport.fr\/blog\/jeux-paralympiques-de-tokyo-badminton-lucas-mazur-arrache-le-titre-paralympique\/#primaryimage","url":"https:\/\/dicodusport.fr\/blog\/wp-content\/uploads\/2021\/09\/Jeux-Paralympiques-de-Tokyo-Badminton-Lucas-Mazur-arrache-le-titre-paralympique.png","contentUrl":"https:\/\/dicodusport.fr\/blog\/wp-content\/uploads\/2021\/09\/Jeux-Paralympiques-de-Tokyo-Badminton-Lucas-Mazur-arrache-le-titre-paralympique.png","width":800,"height":445,"caption":"Jeux Paralympiques de Tokyo - Badminton Lucas Mazur arrache le titre paralympique"},{"@type":"BreadcrumbList","@id":"https:\/\/dicodusport.fr\/blog\/jeux-paralympiques-de-tokyo-badminton-lucas-mazur-arrache-le-titre-paralympique\/#breadcrumb","itemListElement":[{"@type":"ListItem","position":1,"name":"Accueil","item":"https:\/\/dicodusport.fr\/blog\/"},{"@type":"ListItem","position":2,"name":"Jeux Paralympiques de Tokyo &#8211; Badminton : Lucas Mazur arrache le titre paralympique"}]},{"@type":"WebSite","@id":"https:\/\/dicodusport.fr\/blog\/#website","url":"https:\/\/dicodusport.fr\/blog\/","name":"Dicodusport","description":"L&#039;encyclop\u00e9die de l&#039;actualit\u00e9 sportive","publisher":{"@id":"https:\/\/dicodusport.fr\/blog\/#organization"},"potentialAction":[{"@type":"SearchAction","target":{"@type":"EntryPoint","urlTemplate":"https:\/\/dicodusport.fr\/blog\/?s={search_term_string}"},"query-input":{"@type":"PropertyValueSpecification","valueRequired":true,"valueName":"search_term_string"}}],"inLanguage":"fr-FR"},{"@type":"NewsMediaOrganization","@id":"https:\/\/dicodusport.fr\/blog\/#organization","name":"Dicodusport","url":"https:\/\/dicodusport.fr\/blog\/","logo":{"@type":"ImageObject","inLanguage":"fr-FR","@id":"https:\/\/dicodusport.fr\/blog\/#\/schema\/logo\/image\/","url":"https:\/\/dicodusport.fr\/blog\/wp-content\/uploads\/2020\/06\/cropped-LOGO-DICODUSPORT-2020-SANS-FOND-SANS-TEXTE.png","contentUrl":"https:\/\/dicodusport.fr\/blog\/wp-content\/uploads\/2020\/06\/cropped-LOGO-DICODUSPORT-2020-SANS-FOND-SANS-TEXTE.png","width":512,"height":512,"caption":"Dicodusport"},"image":{"@id":"https:\/\/dicodusport.fr\/blog\/#\/schema\/logo\/image\/"},"sameAs":["https:\/\/www.facebook.com\/dicodusport","https:\/\/x.com\/dicodusport","https:\/\/www.instagram.com\/dicodusport\/","https:\/\/www.youtube.com\/channel\/UC7V2KZ5sd3htJivAbA4ZG3w"],"description":"Dicodusport est l'encyclop\u00e9die de l'actualit\u00e9 sportive.","email":"bonjour@dicodusport.fr","legalName":"DICODUSPORT","foundingDate":"2018-01-14","vatID":"FR71834470973","taxID":"83447097300043","numberOfEmployees":{"@type":"QuantitativeValue","minValue":"1","maxValue":"10"}},{"@type":"Person","@id":"https:\/\/dicodusport.fr\/blog\/#\/schema\/person\/5aab10ee856e86ac63e9819a9da34784","name":"Maxime Boulard","image":{"@type":"ImageObject","inLanguage":"fr-FR","@id":"https:\/\/dicodusport.fr\/blog\/#\/schema\/person\/image\/","url":"https:\/\/dicodusport.fr\/blog\/wp-content\/uploads\/2021\/05\/Maxime-Boulard-150x150.jpg","contentUrl":"https:\/\/dicodusport.fr\/blog\/wp-content\/uploads\/2021\/05\/Maxime-Boulard-150x150.jpg","caption":"Maxime Boulard"},"description":"Journaliste\/r\u00e9dacteur depuis octobre 2020 - Si mon plus vieux souvenir de sport aurait pu m'en d\u00e9go\u00fbter, la finale de la Coupe du monde 2006 a \u00e9t\u00e9 tout le contraire. V\u00e9ritable d\u00e9clencheur d'une passion qui aujourd'hui ne fait que grandir avec le temps, mon leitmotiv est la France qui brille ! Je relate les exploits pass\u00e9s et pr\u00e9sents du sport bleu-blanc-rouge sans m\u00e9nagement depuis octobre 2020. Sport valide ou handisport, aucune diff\u00e9rence, il n'y a que du sport et plusieurs fa\u00e7ons de le pratiquer.","sameAs":["https:\/\/www.facebook.com\/Max.Bld2\/","https:\/\/x.com\/https:\/\/twitter.com\/MaximeB_2"],"url":"https:\/\/dicodusport.fr\/blog\/author\/maxime-b\/"}]}},"_links":{"self":[{"href":"https:\/\/dicodusport.fr\/blog\/wp-json\/wp\/v2\/posts\/164241","targetHints":{"allow":["GET"]}}],"collection":[{"href":"https:\/\/dicodusport.fr\/blog\/wp-json\/wp\/v2\/posts"}],"about":[{"href":"https:\/\/dicodusport.fr\/blog\/wp-json\/wp\/v2\/types\/post"}],"author":[{"embeddable":true,"href":"https:\/\/dicodusport.fr\/blog\/wp-json\/wp\/v2\/users\/43"}],"replies":[{"embeddable":true,"href":"https:\/\/dicodusport.fr\/blog\/wp-json\/wp\/v2\/comments?post=164241"}],"version-history":[{"count":0,"href":"https:\/\/dicodusport.fr\/blog\/wp-json\/wp\/v2\/posts\/164241\/revisions"}],"wp:featuredmedia":[{"embeddable":true,"href":"https:\/\/dicodusport.fr\/blog\/wp-json\/wp\/v2\/media\/164252"}],"wp:attachment":[{"href":"https:\/\/dicodusport.fr\/blog\/wp-json\/wp\/v2\/media?parent=164241"}],"wp:term":[{"taxonomy":"category","embeddable":true,"href":"https:\/\/dicodusport.fr\/blog\/wp-json\/wp\/v2\/categories?post=164241"},{"taxonomy":"post_tag","embeddable":true,"href":"https:\/\/dicodusport.fr\/blog\/wp-json\/wp\/v2\/tags?post=164241"}],"curies":[{"name":"wp","href":"https:\/\/api.w.org\/{rel}","templated":true}]}}