{"id":164255,"date":"2021-09-05T08:47:56","date_gmt":"2021-09-05T06:47:56","guid":{"rendered":"https:\/\/dicodusport.fr\/blog\/?p=164255&#038;preview=true&#038;preview_id=164255"},"modified":"2021-09-05T08:47:56","modified_gmt":"2021-09-05T06:47:56","slug":"didier-deschamps-la-situation-nest-pas-plus-mauvaise-quavant-le-match","status":"publish","type":"post","link":"https:\/\/dicodusport.fr\/blog\/didier-deschamps-la-situation-nest-pas-plus-mauvaise-quavant-le-match\/","title":{"rendered":"Didier Deschamps : \u00ab\u00a0La situation n&rsquo;est pas plus mauvaise qu&rsquo;avant le match\u00a0\u00bb"},"content":{"rendered":"<p style=\"text-align: justify;\"><strong><em>FOOTBALL &#8211; En conf\u00e9rence de presse, Didier Deschamps est revenu sur <a href=\"https:\/\/dicodusport.fr\/blog\/qualifications-coupes-du-monde-2022-bleus-concedent-match-nul-en-ukraine\/\">le match nul de son \u00e9quipe face \u00e0 l&rsquo;Ukraine (1-1)<\/a>, samedi soir.\u00a0<\/em><\/strong><\/p>\n<p style=\"text-align: justify;\">Le s\u00e9lectionneur des Bleus, Didier Deschamps, demande \u00e0 ses joueurs de faire plus et \u00e9voque le syst\u00e8me align\u00e9 face aux Ukrainiens, dans des propos repris par <em>L&rsquo;\u00c9quipe<\/em>.<\/p>\n<blockquote>\n<p style=\"text-align: justify;\">On est parti en 4-3-3 avec des possibilit\u00e9s de permutation devant. Le syst\u00e8me est une chose. Mais on n&rsquo;a pas mis ce qu&rsquo;il fallait. L&rsquo;Ukraine a \u00e9t\u00e9 sup\u00e9rieure dans les duels et l&rsquo;agressivit\u00e9. On est pass\u00e9s ensuite en 4-4-2 avec une meilleure seconde p\u00e9riode. Il ne faut pas enlever aux joueurs le m\u00e9rite d&rsquo;avoir r\u00e9agi. Avec de la r\u00e9ussite, on aurait pu prendre les trois points. La situation n&rsquo;est pas plus mauvaise qu&rsquo;avant le match. Elle est m\u00eame meilleure avec un point de plus&#8230; Mais le match de mardi face \u00e0 la Finlande sera tr\u00e8s important.<\/p>\n<\/blockquote>\n<p style=\"text-align: justify;\">S&rsquo;il y a eu du mieux en deuxi\u00e8me p\u00e9riode et que les Bleus auraient pu l&#8217;emporter sur la combinaison entre <strong>Benzema<\/strong> et <strong>Diaby<\/strong> (77&prime;), le premier acte fut affligeant de pauvret\u00e9. La France est sur une s\u00e9rie de cinq matchs sans victoire, et la rencontre face \u00e0 la Finlande sera capitale dans la course \u00e0 la qualification pour la Coupe du monde 2022.<\/p>\n<blockquote class=\"twitter-tweet\">\n<p dir=\"ltr\" lang=\"fr\">La France est sur une s\u00e9rie de cinq matchs cons\u00e9cutifs sans victoire &#x1f636; :<\/p>\n<p>&#x1f91d; vs. Hongrie &#x1f1ed;&#x1f1fa;<br \/>\n&#x1f91d; vs. Portugal &#x1f1f5;&#x1f1f9;<br \/>\n&#x1f91d; vs. Suisse &#x1f1e8;&#x1f1ed;<br \/>\n&#x1f91d; vs. Bosnie-Herz\u00e9govine &#x1f1e7;&#x1f1e6;<br \/>\n&#x1f91d; vs. Ukraine &#x1f1fa;&#x1f1e6; <a href=\"https:\/\/t.co\/vSA7PtN2xc\">pic.twitter.com\/vSA7PtN2xc<\/a><\/p>\n<p>\u2014 Vines Foot (@VinesFoot) <a href=\"https:\/\/twitter.com\/VinesFoot\/status\/1434255729033101313?ref_src=twsrc%5Etfw\">September 4, 2021<\/a><\/p><\/blockquote>\n<p><script async src=\"https:\/\/platform.twitter.com\/widgets.js\" charset=\"utf-8\"><\/script><\/p>\n","protected":false},"excerpt":{"rendered":"<p>FOOTBALL &#8211; En conf\u00e9rence de presse, Didier Deschamps est revenu sur le match nul de son \u00e9quipe face \u00e0 l&rsquo;Ukraine (1-1), samedi soir.\u00a0<\/p>\n","protected":false},"author":1,"featured_media":164256,"comment_status":"open","ping_status":"closed","sticky":false,"template":"","format":"standard","meta":{"_acf_changed":false,"_daextam_enable_autolinks":"","footnotes":""},"categories":[2301],"tags":[4318,6966,75,30,357],"class_list":["post-164255","post","type-post","status-publish","format-standard","has-post-thumbnail","hentry","category-football","tag-didier-deschamps","tag-equipe-de-france-de-football","tag-football","tag-france","tag-ukraine"],"acf":[],"yoast_head":"<!-- This site is optimized with the Yoast SEO Premium plugin v26.7 (Yoast SEO v26.7) - https:\/\/yoast.com\/wordpress\/plugins\/seo\/ -->\n<title>Didier Deschamps : &quot;La situation n&#039;est pas plus mauvaise qu&#039;avant le match&quot;<\/title>\n<meta name=\"description\" content=\"FOOTBALL - En conf\u00e9rence de presse, Didier Deschamps est revenu sur le match nul de son \u00e9quipe face \u00e0 l&#039;Ukraine (1-1), samedi soir.\u00a0\" \/>\n<meta name=\"robots\" content=\"index, follow, max-snippet:-1, max-image-preview:large, max-video-preview:-1\" \/>\n<link rel=\"canonical\" href=\"https:\/\/dicodusport.fr\/blog\/didier-deschamps-la-situation-nest-pas-plus-mauvaise-quavant-le-match\/\" \/>\n<meta property=\"og:locale\" content=\"fr_FR\" \/>\n<meta property=\"og:type\" content=\"article\" \/>\n<meta property=\"og:title\" content=\"Didier Deschamps : &quot;La situation n&#039;est pas plus mauvaise qu&#039;avant le match&quot;\" \/>\n<meta property=\"og:description\" content=\"FOOTBALL - En conf\u00e9rence de presse, Didier Deschamps est revenu sur le match nul de son \u00e9quipe face \u00e0 l&#039;Ukraine (1-1), samedi soir.\u00a0\" \/>\n<meta property=\"og:url\" content=\"https:\/\/dicodusport.fr\/blog\/didier-deschamps-la-situation-nest-pas-plus-mauvaise-quavant-le-match\/\" \/>\n<meta property=\"og:site_name\" content=\"Dicodusport\" \/>\n<meta property=\"article:publisher\" content=\"https:\/\/www.facebook.com\/dicodusport\" \/>\n<meta property=\"article:author\" content=\"https:\/\/www.facebook.com\/dicodusport\" \/>\n<meta property=\"article:published_time\" content=\"2021-09-05T06:47:56+00:00\" \/>\n<meta property=\"og:image\" content=\"https:\/\/dicodusport.fr\/blog\/wp-content\/uploads\/2021\/09\/Didier-Deschamps-La-situation-nest-pas-plus-mauvaise-quavant-le-match.png\" \/>\n\t<meta property=\"og:image:width\" content=\"800\" \/>\n\t<meta property=\"og:image:height\" content=\"445\" \/>\n\t<meta property=\"og:image:type\" content=\"image\/png\" \/>\n<meta name=\"author\" content=\"Nicolas Jacquemard\" \/>\n<meta name=\"twitter:card\" content=\"summary_large_image\" \/>\n<meta name=\"twitter:title\" content=\"Didier Deschamps : &quot;La situation n&#039;est pas plus mauvaise qu&#039;avant le match&quot;\" \/>\n<meta name=\"twitter:creator\" content=\"@https:\/\/twitter.com\/Nico_Jacquemard\" \/>\n<meta name=\"twitter:site\" content=\"@dicodusport\" \/>\n<script type=\"application\/ld+json\" class=\"yoast-schema-graph\">{\"@context\":\"https:\/\/schema.org\",\"@graph\":[{\"@type\":\"NewsArticle\",\"@id\":\"https:\/\/dicodusport.fr\/blog\/didier-deschamps-la-situation-nest-pas-plus-mauvaise-quavant-le-match\/#article\",\"isPartOf\":{\"@id\":\"https:\/\/dicodusport.fr\/blog\/didier-deschamps-la-situation-nest-pas-plus-mauvaise-quavant-le-match\/\"},\"author\":{\"name\":\"Nicolas Jacquemard\",\"@id\":\"https:\/\/dicodusport.fr\/blog\/#\/schema\/person\/55dcb50ad410894e431ed812bbb70191\"},\"headline\":\"Didier Deschamps : \u00ab\u00a0La situation n&rsquo;est pas plus mauvaise qu&rsquo;avant le match\u00a0\u00bb\",\"datePublished\":\"2021-09-05T06:47:56+00:00\",\"mainEntityOfPage\":{\"@id\":\"https:\/\/dicodusport.fr\/blog\/didier-deschamps-la-situation-nest-pas-plus-mauvaise-quavant-le-match\/\"},\"wordCount\":326,\"commentCount\":0,\"publisher\":{\"@id\":\"https:\/\/dicodusport.fr\/blog\/#organization\"},\"image\":{\"@id\":\"https:\/\/dicodusport.fr\/blog\/didier-deschamps-la-situation-nest-pas-plus-mauvaise-quavant-le-match\/#primaryimage\"},\"thumbnailUrl\":\"https:\/\/dicodusport.fr\/blog\/wp-content\/uploads\/2021\/09\/Didier-Deschamps-La-situation-nest-pas-plus-mauvaise-quavant-le-match.png\",\"keywords\":[\"Didier Deschamps\",\"Equipe de France de football\",\"Football\",\"France\",\"Ukraine\"],\"articleSection\":[\"Football\"],\"inLanguage\":\"fr-FR\",\"potentialAction\":[{\"@type\":\"CommentAction\",\"name\":\"Comment\",\"target\":[\"https:\/\/dicodusport.fr\/blog\/didier-deschamps-la-situation-nest-pas-plus-mauvaise-quavant-le-match\/#respond\"]}],\"copyrightYear\":\"2021\",\"copyrightHolder\":{\"@id\":\"https:\/\/dicodusport.fr\/blog\/#organization\"}},{\"@type\":\"WebPage\",\"@id\":\"https:\/\/dicodusport.fr\/blog\/didier-deschamps-la-situation-nest-pas-plus-mauvaise-quavant-le-match\/\",\"url\":\"https:\/\/dicodusport.fr\/blog\/didier-deschamps-la-situation-nest-pas-plus-mauvaise-quavant-le-match\/\",\"name\":\"Didier Deschamps : \\\"La situation n'est pas plus mauvaise qu'avant le match\\\"\",\"isPartOf\":{\"@id\":\"https:\/\/dicodusport.fr\/blog\/#website\"},\"primaryImageOfPage\":{\"@id\":\"https:\/\/dicodusport.fr\/blog\/didier-deschamps-la-situation-nest-pas-plus-mauvaise-quavant-le-match\/#primaryimage\"},\"image\":{\"@id\":\"https:\/\/dicodusport.fr\/blog\/didier-deschamps-la-situation-nest-pas-plus-mauvaise-quavant-le-match\/#primaryimage\"},\"thumbnailUrl\":\"https:\/\/dicodusport.fr\/blog\/wp-content\/uploads\/2021\/09\/Didier-Deschamps-La-situation-nest-pas-plus-mauvaise-quavant-le-match.png\",\"datePublished\":\"2021-09-05T06:47:56+00:00\",\"description\":\"FOOTBALL - En conf\u00e9rence de presse, Didier Deschamps est revenu sur le match nul de son \u00e9quipe face \u00e0 l'Ukraine (1-1), samedi soir.\u00a0\",\"breadcrumb\":{\"@id\":\"https:\/\/dicodusport.fr\/blog\/didier-deschamps-la-situation-nest-pas-plus-mauvaise-quavant-le-match\/#breadcrumb\"},\"inLanguage\":\"fr-FR\",\"potentialAction\":[{\"@type\":\"ReadAction\",\"target\":[\"https:\/\/dicodusport.fr\/blog\/didier-deschamps-la-situation-nest-pas-plus-mauvaise-quavant-le-match\/\"]}]},{\"@type\":\"ImageObject\",\"inLanguage\":\"fr-FR\",\"@id\":\"https:\/\/dicodusport.fr\/blog\/didier-deschamps-la-situation-nest-pas-plus-mauvaise-quavant-le-match\/#primaryimage\",\"url\":\"https:\/\/dicodusport.fr\/blog\/wp-content\/uploads\/2021\/09\/Didier-Deschamps-La-situation-nest-pas-plus-mauvaise-quavant-le-match.png\",\"contentUrl\":\"https:\/\/dicodusport.fr\/blog\/wp-content\/uploads\/2021\/09\/Didier-Deschamps-La-situation-nest-pas-plus-mauvaise-quavant-le-match.png\",\"width\":800,\"height\":445},{\"@type\":\"BreadcrumbList\",\"@id\":\"https:\/\/dicodusport.fr\/blog\/didier-deschamps-la-situation-nest-pas-plus-mauvaise-quavant-le-match\/#breadcrumb\",\"itemListElement\":[{\"@type\":\"ListItem\",\"position\":1,\"name\":\"Accueil\",\"item\":\"https:\/\/dicodusport.fr\/blog\/\"},{\"@type\":\"ListItem\",\"position\":2,\"name\":\"Didier Deschamps : \u00ab\u00a0La situation n&rsquo;est pas plus mauvaise qu&rsquo;avant le match\u00a0\u00bb\"}]},{\"@type\":\"WebSite\",\"@id\":\"https:\/\/dicodusport.fr\/blog\/#website\",\"url\":\"https:\/\/dicodusport.fr\/blog\/\",\"name\":\"Dicodusport\",\"description\":\"L&#039;encyclop\u00e9die de l&#039;actualit\u00e9 sportive\",\"publisher\":{\"@id\":\"https:\/\/dicodusport.fr\/blog\/#organization\"},\"potentialAction\":[{\"@type\":\"SearchAction\",\"target\":{\"@type\":\"EntryPoint\",\"urlTemplate\":\"https:\/\/dicodusport.fr\/blog\/?s={search_term_string}\"},\"query-input\":{\"@type\":\"PropertyValueSpecification\",\"valueRequired\":true,\"valueName\":\"search_term_string\"}}],\"inLanguage\":\"fr-FR\"},{\"@type\":\"NewsMediaOrganization\",\"@id\":\"https:\/\/dicodusport.fr\/blog\/#organization\",\"name\":\"Dicodusport\",\"url\":\"https:\/\/dicodusport.fr\/blog\/\",\"logo\":{\"@type\":\"ImageObject\",\"inLanguage\":\"fr-FR\",\"@id\":\"https:\/\/dicodusport.fr\/blog\/#\/schema\/logo\/image\/\",\"url\":\"https:\/\/dicodusport.fr\/blog\/wp-content\/uploads\/2020\/06\/cropped-LOGO-DICODUSPORT-2020-SANS-FOND-SANS-TEXTE.png\",\"contentUrl\":\"https:\/\/dicodusport.fr\/blog\/wp-content\/uploads\/2020\/06\/cropped-LOGO-DICODUSPORT-2020-SANS-FOND-SANS-TEXTE.png\",\"width\":512,\"height\":512,\"caption\":\"Dicodusport\"},\"image\":{\"@id\":\"https:\/\/dicodusport.fr\/blog\/#\/schema\/logo\/image\/\"},\"sameAs\":[\"https:\/\/www.facebook.com\/dicodusport\",\"https:\/\/x.com\/dicodusport\",\"https:\/\/www.instagram.com\/dicodusport\/\",\"https:\/\/www.youtube.com\/channel\/UC7V2KZ5sd3htJivAbA4ZG3w\"],\"description\":\"Dicodusport est l'encyclop\u00e9die de l'actualit\u00e9 sportive.\",\"email\":\"bonjour@dicodusport.fr\",\"legalName\":\"DICODUSPORT\",\"foundingDate\":\"2018-01-14\",\"vatID\":\"FR71834470973\",\"taxID\":\"83447097300043\",\"numberOfEmployees\":{\"@type\":\"QuantitativeValue\",\"minValue\":\"1\",\"maxValue\":\"10\"}},{\"@type\":\"Person\",\"@id\":\"https:\/\/dicodusport.fr\/blog\/#\/schema\/person\/55dcb50ad410894e431ed812bbb70191\",\"name\":\"Nicolas Jacquemard\",\"image\":{\"@type\":\"ImageObject\",\"inLanguage\":\"fr-FR\",\"@id\":\"https:\/\/dicodusport.fr\/blog\/#\/schema\/person\/image\/\",\"url\":\"https:\/\/dicodusport.fr\/blog\/wp-content\/uploads\/2021\/05\/Nicolas-Jacquemard-150x150.jpeg\",\"contentUrl\":\"https:\/\/dicodusport.fr\/blog\/wp-content\/uploads\/2021\/05\/Nicolas-Jacquemard-150x150.jpeg\",\"caption\":\"Nicolas Jacquemard\"},\"description\":\"Passionn\u00e9 de sport et entrepreneur depuis mes 18 ans, la cr\u00e9ation de Dicodusport m'a sembl\u00e9 \u00e9vidente pour participer \u00e0 la m\u00e9diatisation d'un plus grand nombre de sports. Le chemin est long mais avec une \u00e9quipe des plus motiv\u00e9es et les Jeux Olympiques de Paris 2024 en point de mire, nous y arriverons ! Journaliste dans le monde du sport depuis plus de 5 ans, je traite aussi bien de football, de rugby, de biathlon que de cyclisme.\",\"sameAs\":[\"https:\/\/www.facebook.com\/dicodusport\",\"https:\/\/x.com\/https:\/\/twitter.com\/Nico_Jacquemard\"],\"url\":\"https:\/\/dicodusport.fr\/blog\/author\/dicodusport\/\"}]}<\/script>\n<!-- \/ Yoast SEO Premium plugin. -->","yoast_head_json":{"title":"Didier Deschamps : \"La situation n'est pas plus mauvaise qu'avant le match\"","description":"FOOTBALL - En conf\u00e9rence de presse, Didier Deschamps est revenu sur le match nul de son \u00e9quipe face \u00e0 l'Ukraine (1-1), samedi soir.\u00a0","robots":{"index":"index","follow":"follow","max-snippet":"max-snippet:-1","max-image-preview":"max-image-preview:large","max-video-preview":"max-video-preview:-1"},"canonical":"https:\/\/dicodusport.fr\/blog\/didier-deschamps-la-situation-nest-pas-plus-mauvaise-quavant-le-match\/","og_locale":"fr_FR","og_type":"article","og_title":"Didier Deschamps : \"La situation n'est pas plus mauvaise qu'avant le match\"","og_description":"FOOTBALL - En conf\u00e9rence de presse, Didier Deschamps est revenu sur le match nul de son \u00e9quipe face \u00e0 l'Ukraine (1-1), samedi soir.\u00a0","og_url":"https:\/\/dicodusport.fr\/blog\/didier-deschamps-la-situation-nest-pas-plus-mauvaise-quavant-le-match\/","og_site_name":"Dicodusport","article_publisher":"https:\/\/www.facebook.com\/dicodusport","article_author":"https:\/\/www.facebook.com\/dicodusport","article_published_time":"2021-09-05T06:47:56+00:00","og_image":[{"width":800,"height":445,"url":"https:\/\/dicodusport.fr\/blog\/wp-content\/uploads\/2021\/09\/Didier-Deschamps-La-situation-nest-pas-plus-mauvaise-quavant-le-match.png","type":"image\/png"}],"author":"Nicolas Jacquemard","twitter_card":"summary_large_image","twitter_title":"Didier Deschamps : \"La situation n'est pas plus mauvaise qu'avant le match\"","twitter_creator":"@https:\/\/twitter.com\/Nico_Jacquemard","twitter_site":"@dicodusport","schema":{"@context":"https:\/\/schema.org","@graph":[{"@type":"NewsArticle","@id":"https:\/\/dicodusport.fr\/blog\/didier-deschamps-la-situation-nest-pas-plus-mauvaise-quavant-le-match\/#article","isPartOf":{"@id":"https:\/\/dicodusport.fr\/blog\/didier-deschamps-la-situation-nest-pas-plus-mauvaise-quavant-le-match\/"},"author":{"name":"Nicolas Jacquemard","@id":"https:\/\/dicodusport.fr\/blog\/#\/schema\/person\/55dcb50ad410894e431ed812bbb70191"},"headline":"Didier Deschamps : \u00ab\u00a0La situation n&rsquo;est pas plus mauvaise qu&rsquo;avant le match\u00a0\u00bb","datePublished":"2021-09-05T06:47:56+00:00","mainEntityOfPage":{"@id":"https:\/\/dicodusport.fr\/blog\/didier-deschamps-la-situation-nest-pas-plus-mauvaise-quavant-le-match\/"},"wordCount":326,"commentCount":0,"publisher":{"@id":"https:\/\/dicodusport.fr\/blog\/#organization"},"image":{"@id":"https:\/\/dicodusport.fr\/blog\/didier-deschamps-la-situation-nest-pas-plus-mauvaise-quavant-le-match\/#primaryimage"},"thumbnailUrl":"https:\/\/dicodusport.fr\/blog\/wp-content\/uploads\/2021\/09\/Didier-Deschamps-La-situation-nest-pas-plus-mauvaise-quavant-le-match.png","keywords":["Didier Deschamps","Equipe de France de football","Football","France","Ukraine"],"articleSection":["Football"],"inLanguage":"fr-FR","potentialAction":[{"@type":"CommentAction","name":"Comment","target":["https:\/\/dicodusport.fr\/blog\/didier-deschamps-la-situation-nest-pas-plus-mauvaise-quavant-le-match\/#respond"]}],"copyrightYear":"2021","copyrightHolder":{"@id":"https:\/\/dicodusport.fr\/blog\/#organization"}},{"@type":"WebPage","@id":"https:\/\/dicodusport.fr\/blog\/didier-deschamps-la-situation-nest-pas-plus-mauvaise-quavant-le-match\/","url":"https:\/\/dicodusport.fr\/blog\/didier-deschamps-la-situation-nest-pas-plus-mauvaise-quavant-le-match\/","name":"Didier Deschamps : \"La situation n'est pas plus mauvaise qu'avant le match\"","isPartOf":{"@id":"https:\/\/dicodusport.fr\/blog\/#website"},"primaryImageOfPage":{"@id":"https:\/\/dicodusport.fr\/blog\/didier-deschamps-la-situation-nest-pas-plus-mauvaise-quavant-le-match\/#primaryimage"},"image":{"@id":"https:\/\/dicodusport.fr\/blog\/didier-deschamps-la-situation-nest-pas-plus-mauvaise-quavant-le-match\/#primaryimage"},"thumbnailUrl":"https:\/\/dicodusport.fr\/blog\/wp-content\/uploads\/2021\/09\/Didier-Deschamps-La-situation-nest-pas-plus-mauvaise-quavant-le-match.png","datePublished":"2021-09-05T06:47:56+00:00","description":"FOOTBALL - En conf\u00e9rence de presse, Didier Deschamps est revenu sur le match nul de son \u00e9quipe face \u00e0 l'Ukraine (1-1), samedi soir.\u00a0","breadcrumb":{"@id":"https:\/\/dicodusport.fr\/blog\/didier-deschamps-la-situation-nest-pas-plus-mauvaise-quavant-le-match\/#breadcrumb"},"inLanguage":"fr-FR","potentialAction":[{"@type":"ReadAction","target":["https:\/\/dicodusport.fr\/blog\/didier-deschamps-la-situation-nest-pas-plus-mauvaise-quavant-le-match\/"]}]},{"@type":"ImageObject","inLanguage":"fr-FR","@id":"https:\/\/dicodusport.fr\/blog\/didier-deschamps-la-situation-nest-pas-plus-mauvaise-quavant-le-match\/#primaryimage","url":"https:\/\/dicodusport.fr\/blog\/wp-content\/uploads\/2021\/09\/Didier-Deschamps-La-situation-nest-pas-plus-mauvaise-quavant-le-match.png","contentUrl":"https:\/\/dicodusport.fr\/blog\/wp-content\/uploads\/2021\/09\/Didier-Deschamps-La-situation-nest-pas-plus-mauvaise-quavant-le-match.png","width":800,"height":445},{"@type":"BreadcrumbList","@id":"https:\/\/dicodusport.fr\/blog\/didier-deschamps-la-situation-nest-pas-plus-mauvaise-quavant-le-match\/#breadcrumb","itemListElement":[{"@type":"ListItem","position":1,"name":"Accueil","item":"https:\/\/dicodusport.fr\/blog\/"},{"@type":"ListItem","position":2,"name":"Didier Deschamps : \u00ab\u00a0La situation n&rsquo;est pas plus mauvaise qu&rsquo;avant le match\u00a0\u00bb"}]},{"@type":"WebSite","@id":"https:\/\/dicodusport.fr\/blog\/#website","url":"https:\/\/dicodusport.fr\/blog\/","name":"Dicodusport","description":"L&#039;encyclop\u00e9die de l&#039;actualit\u00e9 sportive","publisher":{"@id":"https:\/\/dicodusport.fr\/blog\/#organization"},"potentialAction":[{"@type":"SearchAction","target":{"@type":"EntryPoint","urlTemplate":"https:\/\/dicodusport.fr\/blog\/?s={search_term_string}"},"query-input":{"@type":"PropertyValueSpecification","valueRequired":true,"valueName":"search_term_string"}}],"inLanguage":"fr-FR"},{"@type":"NewsMediaOrganization","@id":"https:\/\/dicodusport.fr\/blog\/#organization","name":"Dicodusport","url":"https:\/\/dicodusport.fr\/blog\/","logo":{"@type":"ImageObject","inLanguage":"fr-FR","@id":"https:\/\/dicodusport.fr\/blog\/#\/schema\/logo\/image\/","url":"https:\/\/dicodusport.fr\/blog\/wp-content\/uploads\/2020\/06\/cropped-LOGO-DICODUSPORT-2020-SANS-FOND-SANS-TEXTE.png","contentUrl":"https:\/\/dicodusport.fr\/blog\/wp-content\/uploads\/2020\/06\/cropped-LOGO-DICODUSPORT-2020-SANS-FOND-SANS-TEXTE.png","width":512,"height":512,"caption":"Dicodusport"},"image":{"@id":"https:\/\/dicodusport.fr\/blog\/#\/schema\/logo\/image\/"},"sameAs":["https:\/\/www.facebook.com\/dicodusport","https:\/\/x.com\/dicodusport","https:\/\/www.instagram.com\/dicodusport\/","https:\/\/www.youtube.com\/channel\/UC7V2KZ5sd3htJivAbA4ZG3w"],"description":"Dicodusport est l'encyclop\u00e9die de l'actualit\u00e9 sportive.","email":"bonjour@dicodusport.fr","legalName":"DICODUSPORT","foundingDate":"2018-01-14","vatID":"FR71834470973","taxID":"83447097300043","numberOfEmployees":{"@type":"QuantitativeValue","minValue":"1","maxValue":"10"}},{"@type":"Person","@id":"https:\/\/dicodusport.fr\/blog\/#\/schema\/person\/55dcb50ad410894e431ed812bbb70191","name":"Nicolas Jacquemard","image":{"@type":"ImageObject","inLanguage":"fr-FR","@id":"https:\/\/dicodusport.fr\/blog\/#\/schema\/person\/image\/","url":"https:\/\/dicodusport.fr\/blog\/wp-content\/uploads\/2021\/05\/Nicolas-Jacquemard-150x150.jpeg","contentUrl":"https:\/\/dicodusport.fr\/blog\/wp-content\/uploads\/2021\/05\/Nicolas-Jacquemard-150x150.jpeg","caption":"Nicolas Jacquemard"},"description":"Passionn\u00e9 de sport et entrepreneur depuis mes 18 ans, la cr\u00e9ation de Dicodusport m'a sembl\u00e9 \u00e9vidente pour participer \u00e0 la m\u00e9diatisation d'un plus grand nombre de sports. Le chemin est long mais avec une \u00e9quipe des plus motiv\u00e9es et les Jeux Olympiques de Paris 2024 en point de mire, nous y arriverons ! Journaliste dans le monde du sport depuis plus de 5 ans, je traite aussi bien de football, de rugby, de biathlon que de cyclisme.","sameAs":["https:\/\/www.facebook.com\/dicodusport","https:\/\/x.com\/https:\/\/twitter.com\/Nico_Jacquemard"],"url":"https:\/\/dicodusport.fr\/blog\/author\/dicodusport\/"}]}},"_links":{"self":[{"href":"https:\/\/dicodusport.fr\/blog\/wp-json\/wp\/v2\/posts\/164255","targetHints":{"allow":["GET"]}}],"collection":[{"href":"https:\/\/dicodusport.fr\/blog\/wp-json\/wp\/v2\/posts"}],"about":[{"href":"https:\/\/dicodusport.fr\/blog\/wp-json\/wp\/v2\/types\/post"}],"author":[{"embeddable":true,"href":"https:\/\/dicodusport.fr\/blog\/wp-json\/wp\/v2\/users\/1"}],"replies":[{"embeddable":true,"href":"https:\/\/dicodusport.fr\/blog\/wp-json\/wp\/v2\/comments?post=164255"}],"version-history":[{"count":0,"href":"https:\/\/dicodusport.fr\/blog\/wp-json\/wp\/v2\/posts\/164255\/revisions"}],"wp:featuredmedia":[{"embeddable":true,"href":"https:\/\/dicodusport.fr\/blog\/wp-json\/wp\/v2\/media\/164256"}],"wp:attachment":[{"href":"https:\/\/dicodusport.fr\/blog\/wp-json\/wp\/v2\/media?parent=164255"}],"wp:term":[{"taxonomy":"category","embeddable":true,"href":"https:\/\/dicodusport.fr\/blog\/wp-json\/wp\/v2\/categories?post=164255"},{"taxonomy":"post_tag","embeddable":true,"href":"https:\/\/dicodusport.fr\/blog\/wp-json\/wp\/v2\/tags?post=164255"}],"curies":[{"name":"wp","href":"https:\/\/api.w.org\/{rel}","templated":true}]}}