{"id":164322,"date":"2021-09-05T16:13:29","date_gmt":"2021-09-05T14:13:29","guid":{"rendered":"https:\/\/dicodusport.fr\/blog\/?p=164322&#038;preview=true&#038;preview_id=164322"},"modified":"2021-09-05T21:06:19","modified_gmt":"2021-09-05T19:06:19","slug":"vtt-xco-lenzerheide-solide-victor-koretzky-devance-schurter-et-fluckiger","status":"publish","type":"post","link":"https:\/\/dicodusport.fr\/blog\/vtt-xco-lenzerheide-solide-victor-koretzky-devance-schurter-et-fluckiger\/","title":{"rendered":"VTT XCO Lenzerheide : Solide, Victor Koretzky devance Schurter et Fl\u00fcckiger"},"content":{"rendered":"<p style=\"text-align: justify;\"><strong><em>VTT &#8211; COUPE DU MONDE DE LENZERHEIDE &#8211; Superbe performance de Victor Koretzky ! Le Fran\u00e7ais a remport\u00e9 ce dimanche la Coupe du monde de Lenzerheide (Suisse), au terme d&rsquo;un dernier tour de folie. M\u00e9daill\u00e9 de bronze aux Mondiaux il y a une semaine, le Biterrois, d\u00e9j\u00e0 vainqueur \u00e0 Albstadt, confirme son statut de num\u00e9ro un fran\u00e7ais, et mondial !<\/em><\/strong><\/p>\n<p style=\"text-align: justify;\">Fantastique <strong>Victor Koretzky<\/strong> ! \u00c0 27 ans, le natif de B\u00e9ziers a enlev\u00e9 ce dimanche la Coupe du monde de Lenzerheide (Suisse), sa deuxi\u00e8me victoire sur le circuit mondial apr\u00e8s son succ\u00e8s \u00e0 Albstadt (Allemagne), en d\u00e9but de saison. M\u00e9daill\u00e9 de bronze aux Mondiaux de Val di Sole (Italie) il y a 8 jours, le pilote du team KMC Eko\u00ef Orbea confirme son excellente forme du moment, apr\u00e8s avoir \u00e9galement d\u00e9croch\u00e9 la troisi\u00e8me place de la short-track vendredi.<\/p>\n<h2 style=\"text-align: justify;\"><strong>Koretzky, l&rsquo;art et la mani\u00e8re<\/strong><\/h2>\n<p style=\"text-align: justify;\">Mais c&rsquo;est surtout la mani\u00e8re avec laquelle <strong>Koretzky<\/strong> s&rsquo;est impos\u00e9 qui rend ce triomphe encore plus beau. Toujours dans les roues du duo suisse <strong>Schurter-Fl\u00fcckiger<\/strong>, le Fran\u00e7ais avait attaqu\u00e9 une premi\u00e8re fois peu apr\u00e8s la mi-course. Sans parvenir \u00e0 distancer les Helv\u00e8tes, mais en faisant une s\u00e9lection, le Br\u00e9silien <strong>Avancini<\/strong> l\u00e2chant quelques secondes. Mais c&rsquo;est bien dans le dernier tour que tout s&rsquo;est jou\u00e9. R\u00e9sistant aux attaques de <strong>Nino Schurter<\/strong> et de <strong>Mathias Fl\u00fcckiger<\/strong>, le Biterrois a fait la diff\u00e9rence dans les parties techniques du circuit suisse, pour s&rsquo;imposer quelques secondes devant le nonuple champion du monde, <strong>Nino Schurter<\/strong>, et le leader de la Coupe du monde, <strong>Mathias Fl\u00fcckiger<\/strong>. Les deux Suisses sont donc tomb\u00e9s sur un os \u00e0 domicile. Quatri\u00e8me, le Sud-Africain Alan Hatherly confirme qu&rsquo;il a tout d&rsquo;un grand. Cinqui\u00e8me, le Fran\u00e7ais Titouan Carod (Absolute Absalon BMC) d\u00e9croche une belle place.<\/p>\n<blockquote class=\"twitter-tweet\">\n<p dir=\"ltr\" lang=\"fr\">&#x1f1eb;&#x1f1f7; Victor Koretzky s&rsquo;offre sa deuxi\u00e8me victoire en Coupe du monde !!<a href=\"https:\/\/twitter.com\/hashtag\/lequipeVTT?src=hash&amp;ref_src=twsrc%5Etfw\">#lequipeVTT<\/a> <a href=\"https:\/\/t.co\/a1V29kmqBL\">pic.twitter.com\/a1V29kmqBL<\/a><\/p>\n<p>\u2014 L&rsquo;\u00c9QUIPE (@lequipe) <a href=\"https:\/\/twitter.com\/lequipe\/status\/1434520861705388032?ref_src=twsrc%5Etfw\">September 5, 2021<\/a><\/p><\/blockquote>\n<p><script async src=\"https:\/\/platform.twitter.com\/widgets.js\" charset=\"utf-8\"><\/script><\/p>\n<ul>\n<li style=\"text-align: justify;\"><strong>\u00c0 lire aussi &#8211; <a href=\"https:\/\/dicodusport.fr\/blog\/vtt-xco-coupe-du-monde-de-lenzerheide-classement-course-hommes\/\">Le classement de la course de VTT XCO \u00e0 Lenzerheide<\/a><\/strong><\/li>\n<\/ul>\n","protected":false},"excerpt":{"rendered":"<p>VTT &#8211; COUPE DU MONDE DE LENZERHEIDE &#8211; Superbe performance de Victor Koretzky ! Le Fran\u00e7ais a remport\u00e9 ce dimanche la Coupe du monde de Lenzerheide (Suisse), au terme d&rsquo;un dernier tour de folie. M\u00e9daill\u00e9 de bronze aux Mondiaux il y a une semaine, le Biterrois, d\u00e9j\u00e0 vainqueur \u00e0 Albstadt, confirme son statut de num\u00e9ro un fran\u00e7ais.<\/p>\n","protected":false},"author":4,"featured_media":128405,"comment_status":"open","ping_status":"closed","sticky":false,"template":"","format":"standard","meta":{"_acf_changed":false,"_daextam_enable_autolinks":"","footnotes":""},"categories":[10279],"tags":[24,692,19044,19045],"class_list":["post-164322","post","type-post","status-publish","format-standard","has-post-thumbnail","hentry","category-vtt","tag-sport","tag-vtt","tag-vtt-lenzerheide","tag-vtt-xco-lenzerheide"],"acf":[],"yoast_head":"<!-- This site is optimized with the Yoast SEO Premium plugin v26.7 (Yoast SEO v26.7) - https:\/\/yoast.com\/wordpress\/plugins\/seo\/ -->\n<title>VTT XCO Lenzerheide : Solide, Victor Koretzky devance Schurter et Fl\u00fcckiger<\/title>\n<meta name=\"description\" content=\"VTT - COUPE DU MONDE DE LENZERHEIDE - Superbe performance de Victor Koretzky ! Le Fran\u00e7ais a remport\u00e9 ce dimanche la Coupe du monde de Lenzerheide.\" \/>\n<meta name=\"robots\" content=\"index, follow, max-snippet:-1, max-image-preview:large, max-video-preview:-1\" \/>\n<link rel=\"canonical\" href=\"https:\/\/dicodusport.fr\/blog\/vtt-xco-lenzerheide-solide-victor-koretzky-devance-schurter-et-fluckiger\/\" \/>\n<meta property=\"og:locale\" content=\"fr_FR\" \/>\n<meta property=\"og:type\" content=\"article\" \/>\n<meta property=\"og:title\" content=\"VTT XCO Lenzerheide : Solide, Victor Koretzky devance Schurter et Fl\u00fcckiger\" \/>\n<meta property=\"og:description\" content=\"VTT - COUPE DU MONDE DE LENZERHEIDE - Superbe performance de Victor Koretzky ! Le Fran\u00e7ais a remport\u00e9 ce dimanche la Coupe du monde de Lenzerheide.\" \/>\n<meta property=\"og:url\" content=\"https:\/\/dicodusport.fr\/blog\/vtt-xco-lenzerheide-solide-victor-koretzky-devance-schurter-et-fluckiger\/\" \/>\n<meta property=\"og:site_name\" content=\"Dicodusport\" \/>\n<meta property=\"article:publisher\" content=\"https:\/\/www.facebook.com\/dicodusport\" \/>\n<meta property=\"article:author\" content=\"https:\/\/www.facebook.com\/florent.ostermann\" \/>\n<meta property=\"article:published_time\" content=\"2021-09-05T14:13:29+00:00\" \/>\n<meta property=\"article:modified_time\" content=\"2021-09-05T19:06:19+00:00\" \/>\n<meta property=\"og:image\" content=\"https:\/\/dicodusport.fr\/blog\/wp-content\/uploads\/2021\/05\/VTT-Victor-Koretzky-gagne-devant-Nino-Schurter-a-Albstadt.jpg\" \/>\n\t<meta property=\"og:image:width\" content=\"1103\" \/>\n\t<meta property=\"og:image:height\" content=\"620\" \/>\n\t<meta property=\"og:image:type\" content=\"image\/jpeg\" \/>\n<meta name=\"author\" content=\"Flo Ostermann\" \/>\n<meta name=\"twitter:card\" content=\"summary_large_image\" \/>\n<meta name=\"twitter:title\" content=\"VTT XCO Lenzerheide : Solide, Victor Koretzky devance Schurter et Fl\u00fcckiger\" \/>\n<meta name=\"twitter:creator\" content=\"@https:\/\/twitter.com\/FlOstermann\" \/>\n<meta name=\"twitter:site\" content=\"@dicodusport\" \/>\n<script type=\"application\/ld+json\" class=\"yoast-schema-graph\">{\"@context\":\"https:\/\/schema.org\",\"@graph\":[{\"@type\":\"NewsArticle\",\"@id\":\"https:\/\/dicodusport.fr\/blog\/vtt-xco-lenzerheide-solide-victor-koretzky-devance-schurter-et-fluckiger\/#article\",\"isPartOf\":{\"@id\":\"https:\/\/dicodusport.fr\/blog\/vtt-xco-lenzerheide-solide-victor-koretzky-devance-schurter-et-fluckiger\/\"},\"author\":{\"name\":\"Flo Ostermann\",\"@id\":\"https:\/\/dicodusport.fr\/blog\/#\/schema\/person\/cb02af4c173ce4a653b55e9baf388d4a\"},\"headline\":\"VTT XCO Lenzerheide : Solide, Victor Koretzky devance Schurter et Fl\u00fcckiger\",\"datePublished\":\"2021-09-05T14:13:29+00:00\",\"dateModified\":\"2021-09-05T19:06:19+00:00\",\"mainEntityOfPage\":{\"@id\":\"https:\/\/dicodusport.fr\/blog\/vtt-xco-lenzerheide-solide-victor-koretzky-devance-schurter-et-fluckiger\/\"},\"wordCount\":370,\"commentCount\":0,\"publisher\":{\"@id\":\"https:\/\/dicodusport.fr\/blog\/#organization\"},\"image\":{\"@id\":\"https:\/\/dicodusport.fr\/blog\/vtt-xco-lenzerheide-solide-victor-koretzky-devance-schurter-et-fluckiger\/#primaryimage\"},\"thumbnailUrl\":\"https:\/\/dicodusport.fr\/blog\/wp-content\/uploads\/2021\/05\/VTT-Victor-Koretzky-gagne-devant-Nino-Schurter-a-Albstadt.jpg\",\"keywords\":[\"sport\",\"VTT\",\"VTT Lenzerheide\",\"VTT XCO Lenzerheide\"],\"articleSection\":[\"VTT\"],\"inLanguage\":\"fr-FR\",\"potentialAction\":[{\"@type\":\"CommentAction\",\"name\":\"Comment\",\"target\":[\"https:\/\/dicodusport.fr\/blog\/vtt-xco-lenzerheide-solide-victor-koretzky-devance-schurter-et-fluckiger\/#respond\"]}],\"copyrightYear\":\"2021\",\"copyrightHolder\":{\"@id\":\"https:\/\/dicodusport.fr\/blog\/#organization\"}},{\"@type\":\"WebPage\",\"@id\":\"https:\/\/dicodusport.fr\/blog\/vtt-xco-lenzerheide-solide-victor-koretzky-devance-schurter-et-fluckiger\/\",\"url\":\"https:\/\/dicodusport.fr\/blog\/vtt-xco-lenzerheide-solide-victor-koretzky-devance-schurter-et-fluckiger\/\",\"name\":\"VTT XCO Lenzerheide : Solide, Victor Koretzky devance Schurter et Fl\u00fcckiger\",\"isPartOf\":{\"@id\":\"https:\/\/dicodusport.fr\/blog\/#website\"},\"primaryImageOfPage\":{\"@id\":\"https:\/\/dicodusport.fr\/blog\/vtt-xco-lenzerheide-solide-victor-koretzky-devance-schurter-et-fluckiger\/#primaryimage\"},\"image\":{\"@id\":\"https:\/\/dicodusport.fr\/blog\/vtt-xco-lenzerheide-solide-victor-koretzky-devance-schurter-et-fluckiger\/#primaryimage\"},\"thumbnailUrl\":\"https:\/\/dicodusport.fr\/blog\/wp-content\/uploads\/2021\/05\/VTT-Victor-Koretzky-gagne-devant-Nino-Schurter-a-Albstadt.jpg\",\"datePublished\":\"2021-09-05T14:13:29+00:00\",\"dateModified\":\"2021-09-05T19:06:19+00:00\",\"description\":\"VTT - COUPE DU MONDE DE LENZERHEIDE - Superbe performance de Victor Koretzky ! Le Fran\u00e7ais a remport\u00e9 ce dimanche la Coupe du monde de Lenzerheide.\",\"breadcrumb\":{\"@id\":\"https:\/\/dicodusport.fr\/blog\/vtt-xco-lenzerheide-solide-victor-koretzky-devance-schurter-et-fluckiger\/#breadcrumb\"},\"inLanguage\":\"fr-FR\",\"potentialAction\":[{\"@type\":\"ReadAction\",\"target\":[\"https:\/\/dicodusport.fr\/blog\/vtt-xco-lenzerheide-solide-victor-koretzky-devance-schurter-et-fluckiger\/\"]}]},{\"@type\":\"ImageObject\",\"inLanguage\":\"fr-FR\",\"@id\":\"https:\/\/dicodusport.fr\/blog\/vtt-xco-lenzerheide-solide-victor-koretzky-devance-schurter-et-fluckiger\/#primaryimage\",\"url\":\"https:\/\/dicodusport.fr\/blog\/wp-content\/uploads\/2021\/05\/VTT-Victor-Koretzky-gagne-devant-Nino-Schurter-a-Albstadt.jpg\",\"contentUrl\":\"https:\/\/dicodusport.fr\/blog\/wp-content\/uploads\/2021\/05\/VTT-Victor-Koretzky-gagne-devant-Nino-Schurter-a-Albstadt.jpg\",\"width\":1103,\"height\":620,\"caption\":\"Victor Koretzky - Photo Icon Sport\"},{\"@type\":\"BreadcrumbList\",\"@id\":\"https:\/\/dicodusport.fr\/blog\/vtt-xco-lenzerheide-solide-victor-koretzky-devance-schurter-et-fluckiger\/#breadcrumb\",\"itemListElement\":[{\"@type\":\"ListItem\",\"position\":1,\"name\":\"Accueil\",\"item\":\"https:\/\/dicodusport.fr\/blog\/\"},{\"@type\":\"ListItem\",\"position\":2,\"name\":\"VTT XCO Lenzerheide : Solide, Victor Koretzky devance Schurter et Fl\u00fcckiger\"}]},{\"@type\":\"WebSite\",\"@id\":\"https:\/\/dicodusport.fr\/blog\/#website\",\"url\":\"https:\/\/dicodusport.fr\/blog\/\",\"name\":\"Dicodusport\",\"description\":\"L&#039;encyclop\u00e9die de l&#039;actualit\u00e9 sportive\",\"publisher\":{\"@id\":\"https:\/\/dicodusport.fr\/blog\/#organization\"},\"potentialAction\":[{\"@type\":\"SearchAction\",\"target\":{\"@type\":\"EntryPoint\",\"urlTemplate\":\"https:\/\/dicodusport.fr\/blog\/?s={search_term_string}\"},\"query-input\":{\"@type\":\"PropertyValueSpecification\",\"valueRequired\":true,\"valueName\":\"search_term_string\"}}],\"inLanguage\":\"fr-FR\"},{\"@type\":\"NewsMediaOrganization\",\"@id\":\"https:\/\/dicodusport.fr\/blog\/#organization\",\"name\":\"Dicodusport\",\"url\":\"https:\/\/dicodusport.fr\/blog\/\",\"logo\":{\"@type\":\"ImageObject\",\"inLanguage\":\"fr-FR\",\"@id\":\"https:\/\/dicodusport.fr\/blog\/#\/schema\/logo\/image\/\",\"url\":\"https:\/\/dicodusport.fr\/blog\/wp-content\/uploads\/2020\/06\/cropped-LOGO-DICODUSPORT-2020-SANS-FOND-SANS-TEXTE.png\",\"contentUrl\":\"https:\/\/dicodusport.fr\/blog\/wp-content\/uploads\/2020\/06\/cropped-LOGO-DICODUSPORT-2020-SANS-FOND-SANS-TEXTE.png\",\"width\":512,\"height\":512,\"caption\":\"Dicodusport\"},\"image\":{\"@id\":\"https:\/\/dicodusport.fr\/blog\/#\/schema\/logo\/image\/\"},\"sameAs\":[\"https:\/\/www.facebook.com\/dicodusport\",\"https:\/\/x.com\/dicodusport\",\"https:\/\/www.instagram.com\/dicodusport\/\",\"https:\/\/www.youtube.com\/channel\/UC7V2KZ5sd3htJivAbA4ZG3w\"],\"description\":\"Dicodusport est l'encyclop\u00e9die de l'actualit\u00e9 sportive.\",\"email\":\"bonjour@dicodusport.fr\",\"legalName\":\"DICODUSPORT\",\"foundingDate\":\"2018-01-14\",\"vatID\":\"FR71834470973\",\"taxID\":\"83447097300043\",\"numberOfEmployees\":{\"@type\":\"QuantitativeValue\",\"minValue\":\"1\",\"maxValue\":\"10\"}},{\"@type\":\"Person\",\"@id\":\"https:\/\/dicodusport.fr\/blog\/#\/schema\/person\/cb02af4c173ce4a653b55e9baf388d4a\",\"name\":\"Flo Ostermann\",\"image\":{\"@type\":\"ImageObject\",\"inLanguage\":\"fr-FR\",\"@id\":\"https:\/\/dicodusport.fr\/blog\/#\/schema\/person\/image\/\",\"url\":\"https:\/\/dicodusport.fr\/blog\/wp-content\/uploads\/2021\/05\/Flo-Ostermann-150x150.jpg\",\"contentUrl\":\"https:\/\/dicodusport.fr\/blog\/wp-content\/uploads\/2021\/05\/Flo-Ostermann-150x150.jpg\",\"caption\":\"Flo Ostermann\"},\"description\":\"Journaliste\/R\u00e9dacteur depuis septembre 2015 - Mes premiers souvenirs dans le sport ? Les envol\u00e9es du Stade Toulousain et les duels Villeneuve-Schumacher et H\u00e4kkinen-Schumacher \u00e0 la fin des ann\u00e9es 90, la Coupe du monde de football en 1998, l\u2019exploit du XV de France face aux All Blacks en 1999, mais aussi Richard C\u0153ur de Lion qui vole sur les montagnes du Tour de France. Bien parti pour devenir professeur d\u2019EPS, les \u00e9v\u00e9nements de la vie (et la flemme d\u2019animer des s\u00e9ances de 3x500 m\u00e8tres toute ma vie) m\u2019ont conduit \u00e0 revoir mes plans. Me voil\u00e0 depuis fin 2017 sur Dicodusport, m\u00e9dia gr\u00e2ce (et pour) lequel je partage ma passion : le sport dans tous ses \u00e9tats. Le tout accompagn\u00e9 par les fous furieux et folles furieuses cit\u00e9s sur cette page !\",\"sameAs\":[\"https:\/\/www.facebook.com\/florent.ostermann\",\"https:\/\/x.com\/https:\/\/twitter.com\/FlOstermann\",\"admin\"],\"url\":\"https:\/\/dicodusport.fr\/blog\/author\/flo\/\"}]}<\/script>\n<!-- \/ Yoast SEO Premium plugin. -->","yoast_head_json":{"title":"VTT XCO Lenzerheide : Solide, Victor Koretzky devance Schurter et Fl\u00fcckiger","description":"VTT - COUPE DU MONDE DE LENZERHEIDE - Superbe performance de Victor Koretzky ! Le Fran\u00e7ais a remport\u00e9 ce dimanche la Coupe du monde de Lenzerheide.","robots":{"index":"index","follow":"follow","max-snippet":"max-snippet:-1","max-image-preview":"max-image-preview:large","max-video-preview":"max-video-preview:-1"},"canonical":"https:\/\/dicodusport.fr\/blog\/vtt-xco-lenzerheide-solide-victor-koretzky-devance-schurter-et-fluckiger\/","og_locale":"fr_FR","og_type":"article","og_title":"VTT XCO Lenzerheide : Solide, Victor Koretzky devance Schurter et Fl\u00fcckiger","og_description":"VTT - COUPE DU MONDE DE LENZERHEIDE - Superbe performance de Victor Koretzky ! Le Fran\u00e7ais a remport\u00e9 ce dimanche la Coupe du monde de Lenzerheide.","og_url":"https:\/\/dicodusport.fr\/blog\/vtt-xco-lenzerheide-solide-victor-koretzky-devance-schurter-et-fluckiger\/","og_site_name":"Dicodusport","article_publisher":"https:\/\/www.facebook.com\/dicodusport","article_author":"https:\/\/www.facebook.com\/florent.ostermann","article_published_time":"2021-09-05T14:13:29+00:00","article_modified_time":"2021-09-05T19:06:19+00:00","og_image":[{"width":1103,"height":620,"url":"https:\/\/dicodusport.fr\/blog\/wp-content\/uploads\/2021\/05\/VTT-Victor-Koretzky-gagne-devant-Nino-Schurter-a-Albstadt.jpg","type":"image\/jpeg"}],"author":"Flo Ostermann","twitter_card":"summary_large_image","twitter_title":"VTT XCO Lenzerheide : Solide, Victor Koretzky devance Schurter et Fl\u00fcckiger","twitter_creator":"@https:\/\/twitter.com\/FlOstermann","twitter_site":"@dicodusport","schema":{"@context":"https:\/\/schema.org","@graph":[{"@type":"NewsArticle","@id":"https:\/\/dicodusport.fr\/blog\/vtt-xco-lenzerheide-solide-victor-koretzky-devance-schurter-et-fluckiger\/#article","isPartOf":{"@id":"https:\/\/dicodusport.fr\/blog\/vtt-xco-lenzerheide-solide-victor-koretzky-devance-schurter-et-fluckiger\/"},"author":{"name":"Flo Ostermann","@id":"https:\/\/dicodusport.fr\/blog\/#\/schema\/person\/cb02af4c173ce4a653b55e9baf388d4a"},"headline":"VTT XCO Lenzerheide : Solide, Victor Koretzky devance Schurter et Fl\u00fcckiger","datePublished":"2021-09-05T14:13:29+00:00","dateModified":"2021-09-05T19:06:19+00:00","mainEntityOfPage":{"@id":"https:\/\/dicodusport.fr\/blog\/vtt-xco-lenzerheide-solide-victor-koretzky-devance-schurter-et-fluckiger\/"},"wordCount":370,"commentCount":0,"publisher":{"@id":"https:\/\/dicodusport.fr\/blog\/#organization"},"image":{"@id":"https:\/\/dicodusport.fr\/blog\/vtt-xco-lenzerheide-solide-victor-koretzky-devance-schurter-et-fluckiger\/#primaryimage"},"thumbnailUrl":"https:\/\/dicodusport.fr\/blog\/wp-content\/uploads\/2021\/05\/VTT-Victor-Koretzky-gagne-devant-Nino-Schurter-a-Albstadt.jpg","keywords":["sport","VTT","VTT Lenzerheide","VTT XCO Lenzerheide"],"articleSection":["VTT"],"inLanguage":"fr-FR","potentialAction":[{"@type":"CommentAction","name":"Comment","target":["https:\/\/dicodusport.fr\/blog\/vtt-xco-lenzerheide-solide-victor-koretzky-devance-schurter-et-fluckiger\/#respond"]}],"copyrightYear":"2021","copyrightHolder":{"@id":"https:\/\/dicodusport.fr\/blog\/#organization"}},{"@type":"WebPage","@id":"https:\/\/dicodusport.fr\/blog\/vtt-xco-lenzerheide-solide-victor-koretzky-devance-schurter-et-fluckiger\/","url":"https:\/\/dicodusport.fr\/blog\/vtt-xco-lenzerheide-solide-victor-koretzky-devance-schurter-et-fluckiger\/","name":"VTT XCO Lenzerheide : Solide, Victor Koretzky devance Schurter et Fl\u00fcckiger","isPartOf":{"@id":"https:\/\/dicodusport.fr\/blog\/#website"},"primaryImageOfPage":{"@id":"https:\/\/dicodusport.fr\/blog\/vtt-xco-lenzerheide-solide-victor-koretzky-devance-schurter-et-fluckiger\/#primaryimage"},"image":{"@id":"https:\/\/dicodusport.fr\/blog\/vtt-xco-lenzerheide-solide-victor-koretzky-devance-schurter-et-fluckiger\/#primaryimage"},"thumbnailUrl":"https:\/\/dicodusport.fr\/blog\/wp-content\/uploads\/2021\/05\/VTT-Victor-Koretzky-gagne-devant-Nino-Schurter-a-Albstadt.jpg","datePublished":"2021-09-05T14:13:29+00:00","dateModified":"2021-09-05T19:06:19+00:00","description":"VTT - COUPE DU MONDE DE LENZERHEIDE - Superbe performance de Victor Koretzky ! Le Fran\u00e7ais a remport\u00e9 ce dimanche la Coupe du monde de Lenzerheide.","breadcrumb":{"@id":"https:\/\/dicodusport.fr\/blog\/vtt-xco-lenzerheide-solide-victor-koretzky-devance-schurter-et-fluckiger\/#breadcrumb"},"inLanguage":"fr-FR","potentialAction":[{"@type":"ReadAction","target":["https:\/\/dicodusport.fr\/blog\/vtt-xco-lenzerheide-solide-victor-koretzky-devance-schurter-et-fluckiger\/"]}]},{"@type":"ImageObject","inLanguage":"fr-FR","@id":"https:\/\/dicodusport.fr\/blog\/vtt-xco-lenzerheide-solide-victor-koretzky-devance-schurter-et-fluckiger\/#primaryimage","url":"https:\/\/dicodusport.fr\/blog\/wp-content\/uploads\/2021\/05\/VTT-Victor-Koretzky-gagne-devant-Nino-Schurter-a-Albstadt.jpg","contentUrl":"https:\/\/dicodusport.fr\/blog\/wp-content\/uploads\/2021\/05\/VTT-Victor-Koretzky-gagne-devant-Nino-Schurter-a-Albstadt.jpg","width":1103,"height":620,"caption":"Victor Koretzky - Photo Icon Sport"},{"@type":"BreadcrumbList","@id":"https:\/\/dicodusport.fr\/blog\/vtt-xco-lenzerheide-solide-victor-koretzky-devance-schurter-et-fluckiger\/#breadcrumb","itemListElement":[{"@type":"ListItem","position":1,"name":"Accueil","item":"https:\/\/dicodusport.fr\/blog\/"},{"@type":"ListItem","position":2,"name":"VTT XCO Lenzerheide : Solide, Victor Koretzky devance Schurter et Fl\u00fcckiger"}]},{"@type":"WebSite","@id":"https:\/\/dicodusport.fr\/blog\/#website","url":"https:\/\/dicodusport.fr\/blog\/","name":"Dicodusport","description":"L&#039;encyclop\u00e9die de l&#039;actualit\u00e9 sportive","publisher":{"@id":"https:\/\/dicodusport.fr\/blog\/#organization"},"potentialAction":[{"@type":"SearchAction","target":{"@type":"EntryPoint","urlTemplate":"https:\/\/dicodusport.fr\/blog\/?s={search_term_string}"},"query-input":{"@type":"PropertyValueSpecification","valueRequired":true,"valueName":"search_term_string"}}],"inLanguage":"fr-FR"},{"@type":"NewsMediaOrganization","@id":"https:\/\/dicodusport.fr\/blog\/#organization","name":"Dicodusport","url":"https:\/\/dicodusport.fr\/blog\/","logo":{"@type":"ImageObject","inLanguage":"fr-FR","@id":"https:\/\/dicodusport.fr\/blog\/#\/schema\/logo\/image\/","url":"https:\/\/dicodusport.fr\/blog\/wp-content\/uploads\/2020\/06\/cropped-LOGO-DICODUSPORT-2020-SANS-FOND-SANS-TEXTE.png","contentUrl":"https:\/\/dicodusport.fr\/blog\/wp-content\/uploads\/2020\/06\/cropped-LOGO-DICODUSPORT-2020-SANS-FOND-SANS-TEXTE.png","width":512,"height":512,"caption":"Dicodusport"},"image":{"@id":"https:\/\/dicodusport.fr\/blog\/#\/schema\/logo\/image\/"},"sameAs":["https:\/\/www.facebook.com\/dicodusport","https:\/\/x.com\/dicodusport","https:\/\/www.instagram.com\/dicodusport\/","https:\/\/www.youtube.com\/channel\/UC7V2KZ5sd3htJivAbA4ZG3w"],"description":"Dicodusport est l'encyclop\u00e9die de l'actualit\u00e9 sportive.","email":"bonjour@dicodusport.fr","legalName":"DICODUSPORT","foundingDate":"2018-01-14","vatID":"FR71834470973","taxID":"83447097300043","numberOfEmployees":{"@type":"QuantitativeValue","minValue":"1","maxValue":"10"}},{"@type":"Person","@id":"https:\/\/dicodusport.fr\/blog\/#\/schema\/person\/cb02af4c173ce4a653b55e9baf388d4a","name":"Flo Ostermann","image":{"@type":"ImageObject","inLanguage":"fr-FR","@id":"https:\/\/dicodusport.fr\/blog\/#\/schema\/person\/image\/","url":"https:\/\/dicodusport.fr\/blog\/wp-content\/uploads\/2021\/05\/Flo-Ostermann-150x150.jpg","contentUrl":"https:\/\/dicodusport.fr\/blog\/wp-content\/uploads\/2021\/05\/Flo-Ostermann-150x150.jpg","caption":"Flo Ostermann"},"description":"Journaliste\/R\u00e9dacteur depuis septembre 2015 - Mes premiers souvenirs dans le sport ? Les envol\u00e9es du Stade Toulousain et les duels Villeneuve-Schumacher et H\u00e4kkinen-Schumacher \u00e0 la fin des ann\u00e9es 90, la Coupe du monde de football en 1998, l\u2019exploit du XV de France face aux All Blacks en 1999, mais aussi Richard C\u0153ur de Lion qui vole sur les montagnes du Tour de France. Bien parti pour devenir professeur d\u2019EPS, les \u00e9v\u00e9nements de la vie (et la flemme d\u2019animer des s\u00e9ances de 3x500 m\u00e8tres toute ma vie) m\u2019ont conduit \u00e0 revoir mes plans. Me voil\u00e0 depuis fin 2017 sur Dicodusport, m\u00e9dia gr\u00e2ce (et pour) lequel je partage ma passion : le sport dans tous ses \u00e9tats. Le tout accompagn\u00e9 par les fous furieux et folles furieuses cit\u00e9s sur cette page !","sameAs":["https:\/\/www.facebook.com\/florent.ostermann","https:\/\/x.com\/https:\/\/twitter.com\/FlOstermann","admin"],"url":"https:\/\/dicodusport.fr\/blog\/author\/flo\/"}]}},"_links":{"self":[{"href":"https:\/\/dicodusport.fr\/blog\/wp-json\/wp\/v2\/posts\/164322","targetHints":{"allow":["GET"]}}],"collection":[{"href":"https:\/\/dicodusport.fr\/blog\/wp-json\/wp\/v2\/posts"}],"about":[{"href":"https:\/\/dicodusport.fr\/blog\/wp-json\/wp\/v2\/types\/post"}],"author":[{"embeddable":true,"href":"https:\/\/dicodusport.fr\/blog\/wp-json\/wp\/v2\/users\/4"}],"replies":[{"embeddable":true,"href":"https:\/\/dicodusport.fr\/blog\/wp-json\/wp\/v2\/comments?post=164322"}],"version-history":[{"count":0,"href":"https:\/\/dicodusport.fr\/blog\/wp-json\/wp\/v2\/posts\/164322\/revisions"}],"wp:featuredmedia":[{"embeddable":true,"href":"https:\/\/dicodusport.fr\/blog\/wp-json\/wp\/v2\/media\/128405"}],"wp:attachment":[{"href":"https:\/\/dicodusport.fr\/blog\/wp-json\/wp\/v2\/media?parent=164322"}],"wp:term":[{"taxonomy":"category","embeddable":true,"href":"https:\/\/dicodusport.fr\/blog\/wp-json\/wp\/v2\/categories?post=164322"},{"taxonomy":"post_tag","embeddable":true,"href":"https:\/\/dicodusport.fr\/blog\/wp-json\/wp\/v2\/tags?post=164322"}],"curies":[{"name":"wp","href":"https:\/\/api.w.org\/{rel}","templated":true}]}}