{"id":16433,"date":"2018-04-15T12:00:17","date_gmt":"2018-04-15T10:00:17","guid":{"rendered":"http:\/\/dicodusport.fr\/blog\/?p=16433"},"modified":"2018-04-15T11:10:03","modified_gmt":"2018-04-15T09:10:03","slug":"ces-francais-qui-ont-brille-sur-amstel-gold-race","status":"publish","type":"post","link":"https:\/\/dicodusport.fr\/blog\/ces-francais-qui-ont-brille-sur-amstel-gold-race\/","title":{"rendered":"Ces Fran\u00e7ais qui ont brill\u00e9 sur l&rsquo;Amstel Gold Race"},"content":{"rendered":"<p style=\"text-align: justify;\"><em><strong>Plus de 50 ans que cette classique sponsoris\u00e9e par une c\u00e9l\u00e8bre marque de bi\u00e8re existe et oppose les meilleurs puncheurs au mois d&rsquo;avril. Quels sont les Fran\u00e7ais qui ont r\u00e9ussi \u00e0 gagner ou \u00e0 briller sur l&rsquo;Amstel Gold Race ? <\/strong><\/em><\/p>\n<h4 style=\"text-align: justify;\">Ils ont gagn\u00e9<\/h4>\n<p style=\"text-align: justify;\">La toute premi\u00e8re \u00e9dition a \u00e9t\u00e9 remport\u00e9e par un Fran\u00e7ais, <strong>Jean Stablinski<\/strong>, qui avait battu son co\u00e9quipier belge Bernard Van De Kerckhove au sprint. Il faut ensuite attendre 1981 et le triomphe de <strong>Bernard Hinault<\/strong>, au sprint devant deux Belges, Roger De Vlaeminck\u00a0et\u00a0Fons De Wolf. A noter aussi la six\u00e8me place de Sean Kelly sur cette m\u00eame \u00e9dition et surtout la cinqui\u00e8me de Jan Raas, recordman de victoires sur cette course, qui avait remport\u00e9 les quatre \u00e9ditions pr\u00e9c\u00e9dentes et qui s&rsquo;adjugera la suivante. Et puis c&rsquo;est tout, plus jamais un Tricolore n&rsquo;a remport\u00e9 la classique n\u00e9erlandaise.<\/p>\n<h4 style=\"text-align: justify;\">Ils sont mont\u00e9s sur le podium<\/h4>\n<p style=\"text-align: justify;\">Triste constat, aucun fran\u00e7ais, \u00e0 part les deux qui ont gagn\u00e9, n&rsquo;a r\u00e9ussi \u00e0 monter sur le podium de l&rsquo;Amstel Gold Race.<\/p>\n<h4 style=\"text-align: justify;\">Ils ne sont pas pass\u00e9s loin (2000 et apr\u00e8s)<\/h4>\n<p style=\"text-align: justify;\"><strong>Jerome Pineau<\/strong>, jeune retrait\u00e9, a termin\u00e9 deux fois dans le top 10 au milieu des ann\u00e9es 2000, alors que <strong>Thomas Voeckler<\/strong> a pris la 5\u00e8me place en 2012 \u00e0 deux secondes du vainqueur,\u00a0Enrico Gasparotto. <strong>Julian Alaphilippe<\/strong> a pris la six\u00e8me et septi\u00e8me place en 2015 et 2016, ann\u00e9e ou <strong>Bryan Coquard<\/strong> \u00e9tait \u00e0 deux doigts de monter sur un podium avec une quatri\u00e8me place.\u00a0<strong>Tony Gallopin<\/strong>\u00a0a lui aussi pris une belle sixi\u00e8me place en 2015.<\/p>\n<h4 style=\"text-align: justify;\">Ils ont brill\u00e9 (avant 2000)<\/h4>\n<p style=\"text-align: justify;\">En 1967, pour la deuxi\u00e8me \u00e9dition, <strong>Jean-Louis Bodin<\/strong> et\u00a0<strong>Georges Chappe <\/strong>se classent septi\u00e8me et huiti\u00e8me au milieu de huit Hollandais dans le top 10. En 1976,\u00a0<strong>Patrick B\u00e9on<\/strong>\u00a0manque le podium au sprint et prend la quatri\u00e8me place tandis qu&rsquo;en 1980, ce fut le plus beau tir group\u00e9 fran\u00e7ais de l&rsquo;histoire de cette course avec quatre fran\u00e7ais dans le top 10 :\u00a0<strong>Jean Chassang<\/strong>,\u00a0<strong>Bernard Hinault<\/strong>,\u00a0<strong>Jacques Bossis<\/strong>\u00a0et\u00a0<strong>Gilbert Duclos-Lassalle<\/strong>, respectivement quatri\u00e8me, cinqui\u00e8me, sixi\u00e8me et huiti\u00e8me.<\/p>\n<p style=\"text-align: justify;\">En 1987, <strong>Bruno Cornillet<\/strong> prend la cinqui\u00e8me place et l&rsquo;ann\u00e9e suivante, <strong>Eric Boyer<\/strong>, prend la quatri\u00e8me.\u00a0<strong>Laurent Jalabart<\/strong> aura r\u00e9ussi \u00e0 terminer deux fois la septi\u00e8me place de la classique n\u00e9erlandaise dans les ann\u00e9es 2000, alors que <strong>Laurent Roux<\/strong> est pass\u00e9 deux fois tr\u00e8s proche du podium, 4\u00e8me en 1997 et 5\u00e8me en 1999. A noter aussi les quatri\u00e8mes place de <strong>Thierry Laurent<\/strong> et <strong>Jean-Claude Colotti<\/strong> en 1991 et 1992.<\/p>\n<p style=\"text-align: justify;\"><em><strong>Nicolas Jacquemard<br \/>\n<\/strong><\/em><a style=\"color: #000000;\" href=\"https:\/\/twitter.com\/Nico_Jacquemard\" target=\"_blank\" rel=\"noopener noreferrer\"><img loading=\"lazy\" decoding=\"async\" class=\"alignnone wp-image-2908\" src=\"http:\/\/dicodusport.fr\/blog\/wp-content\/uploads\/2017\/07\/logo-twitter-150x150.png\" alt=\"\" width=\"39\" height=\"39\" \/><\/a><a style=\"color: #000000;\" href=\"https:\/\/www.facebook.com\/dicodusport\/\" target=\"_blank\" rel=\"noopener noreferrer\"><img loading=\"lazy\" decoding=\"async\" class=\"alignnone wp-image-2909\" src=\"http:\/\/dicodusport.fr\/blog\/wp-content\/uploads\/2017\/07\/logo-facebook-150x150.png\" alt=\"\" width=\"40\" height=\"40\" \/><\/a><\/p>\n","protected":false},"excerpt":{"rendered":"<p>Plus de 50 ans que cette classique sponsoris\u00e9e par une c\u00e9l\u00e8bre marque de bi\u00e8re existe et oppose les meilleurs puncheurs au mois d&rsquo;avril. Quels sont les Fran\u00e7ais qui ont r\u00e9ussi \u00e0 gagner ou \u00e0 briller sur l&rsquo;Amstel Gold Race ? <\/p>\n","protected":false},"author":1,"featured_media":16436,"comment_status":"open","ping_status":"closed","sticky":false,"template":"","format":"standard","meta":{"_acf_changed":false,"_daextam_enable_autolinks":"","footnotes":""},"categories":[2307,8],"tags":[4163,574,1719,579],"class_list":["post-16433","post","type-post","status-publish","format-standard","has-post-thumbnail","hentry","category-cyclisme","category-histoire","tag-amstel-gold-race","tag-cyclisme","tag-julian-alaphilippe","tag-velo"],"acf":[],"yoast_head":"<!-- This site is optimized with the Yoast SEO Premium plugin v26.7 (Yoast SEO v26.7) - https:\/\/yoast.com\/wordpress\/plugins\/seo\/ -->\n<title>Ces Fran\u00e7ais qui ont brill\u00e9 sur l&#039;Amstel Gold Race<\/title>\n<meta name=\"description\" content=\"Plus de 50 ans que cette classique sponsoris\u00e9e par une c\u00e9l\u00e8bre marque de bi\u00e8re existe et oppose les meilleurs puncheurs au mois d&#039;avril. Quels sont les Fran\u00e7ais qui ont r\u00e9ussi \u00e0 gagner ou \u00e0 briller sur l&#039;Amstel Gold Race ?\" \/>\n<meta name=\"robots\" content=\"index, follow, max-snippet:-1, max-image-preview:large, max-video-preview:-1\" \/>\n<link rel=\"canonical\" href=\"https:\/\/dicodusport.fr\/blog\/ces-francais-qui-ont-brille-sur-amstel-gold-race\/\" \/>\n<meta property=\"og:locale\" content=\"fr_FR\" \/>\n<meta property=\"og:type\" content=\"article\" \/>\n<meta property=\"og:title\" content=\"Ces Fran\u00e7ais qui ont brill\u00e9 sur l&#039;Amstel Gold Race\" \/>\n<meta property=\"og:description\" content=\"Plus de 50 ans que cette classique sponsoris\u00e9e par une c\u00e9l\u00e8bre marque de bi\u00e8re existe et oppose les meilleurs puncheurs au mois d&#039;avril. Quels sont les Fran\u00e7ais qui ont r\u00e9ussi \u00e0 gagner ou \u00e0 briller sur l&#039;Amstel Gold Race ?\" \/>\n<meta property=\"og:url\" content=\"https:\/\/dicodusport.fr\/blog\/ces-francais-qui-ont-brille-sur-amstel-gold-race\/\" \/>\n<meta property=\"og:site_name\" content=\"Dicodusport\" \/>\n<meta property=\"article:publisher\" content=\"https:\/\/www.facebook.com\/dicodusport\" \/>\n<meta property=\"article:author\" content=\"https:\/\/www.facebook.com\/dicodusport\" \/>\n<meta property=\"article:published_time\" content=\"2018-04-15T10:00:17+00:00\" \/>\n<meta property=\"og:image\" content=\"https:\/\/dicodusport.fr\/blog\/wp-content\/uploads\/2018\/04\/Fran\u00e7ais-Amstel-Gold-Race-Hinault.png\" \/>\n\t<meta property=\"og:image:width\" content=\"800\" \/>\n\t<meta property=\"og:image:height\" content=\"445\" \/>\n\t<meta property=\"og:image:type\" content=\"image\/png\" \/>\n<meta name=\"author\" content=\"Nicolas Jacquemard\" \/>\n<meta name=\"twitter:card\" content=\"summary_large_image\" \/>\n<meta name=\"twitter:creator\" content=\"@https:\/\/twitter.com\/Nico_Jacquemard\" \/>\n<meta name=\"twitter:site\" content=\"@dicodusport\" \/>\n<script type=\"application\/ld+json\" class=\"yoast-schema-graph\">{\"@context\":\"https:\/\/schema.org\",\"@graph\":[{\"@type\":\"NewsArticle\",\"@id\":\"https:\/\/dicodusport.fr\/blog\/ces-francais-qui-ont-brille-sur-amstel-gold-race\/#article\",\"isPartOf\":{\"@id\":\"https:\/\/dicodusport.fr\/blog\/ces-francais-qui-ont-brille-sur-amstel-gold-race\/\"},\"author\":{\"name\":\"Nicolas Jacquemard\",\"@id\":\"https:\/\/dicodusport.fr\/blog\/#\/schema\/person\/55dcb50ad410894e431ed812bbb70191\"},\"headline\":\"Ces Fran\u00e7ais qui ont brill\u00e9 sur l&rsquo;Amstel Gold Race\",\"datePublished\":\"2018-04-15T10:00:17+00:00\",\"mainEntityOfPage\":{\"@id\":\"https:\/\/dicodusport.fr\/blog\/ces-francais-qui-ont-brille-sur-amstel-gold-race\/\"},\"wordCount\":448,\"commentCount\":0,\"publisher\":{\"@id\":\"https:\/\/dicodusport.fr\/blog\/#organization\"},\"image\":{\"@id\":\"https:\/\/dicodusport.fr\/blog\/ces-francais-qui-ont-brille-sur-amstel-gold-race\/#primaryimage\"},\"thumbnailUrl\":\"https:\/\/dicodusport.fr\/blog\/wp-content\/uploads\/2018\/04\/Fran\u00e7ais-Amstel-Gold-Race-Hinault.png\",\"keywords\":[\"Amstel Gold Race\",\"Cyclisme\",\"Julian Alaphilippe\",\"v\u00e9lo\"],\"articleSection\":[\"Cyclisme\",\"Histoire\"],\"inLanguage\":\"fr-FR\",\"potentialAction\":[{\"@type\":\"CommentAction\",\"name\":\"Comment\",\"target\":[\"https:\/\/dicodusport.fr\/blog\/ces-francais-qui-ont-brille-sur-amstel-gold-race\/#respond\"]}],\"copyrightYear\":\"2018\",\"copyrightHolder\":{\"@id\":\"https:\/\/dicodusport.fr\/blog\/#organization\"}},{\"@type\":\"WebPage\",\"@id\":\"https:\/\/dicodusport.fr\/blog\/ces-francais-qui-ont-brille-sur-amstel-gold-race\/\",\"url\":\"https:\/\/dicodusport.fr\/blog\/ces-francais-qui-ont-brille-sur-amstel-gold-race\/\",\"name\":\"Ces Fran\u00e7ais qui ont brill\u00e9 sur l'Amstel Gold Race\",\"isPartOf\":{\"@id\":\"https:\/\/dicodusport.fr\/blog\/#website\"},\"primaryImageOfPage\":{\"@id\":\"https:\/\/dicodusport.fr\/blog\/ces-francais-qui-ont-brille-sur-amstel-gold-race\/#primaryimage\"},\"image\":{\"@id\":\"https:\/\/dicodusport.fr\/blog\/ces-francais-qui-ont-brille-sur-amstel-gold-race\/#primaryimage\"},\"thumbnailUrl\":\"https:\/\/dicodusport.fr\/blog\/wp-content\/uploads\/2018\/04\/Fran\u00e7ais-Amstel-Gold-Race-Hinault.png\",\"datePublished\":\"2018-04-15T10:00:17+00:00\",\"description\":\"Plus de 50 ans que cette classique sponsoris\u00e9e par une c\u00e9l\u00e8bre marque de bi\u00e8re existe et oppose les meilleurs puncheurs au mois d'avril. Quels sont les Fran\u00e7ais qui ont r\u00e9ussi \u00e0 gagner ou \u00e0 briller sur l'Amstel Gold Race ?\",\"breadcrumb\":{\"@id\":\"https:\/\/dicodusport.fr\/blog\/ces-francais-qui-ont-brille-sur-amstel-gold-race\/#breadcrumb\"},\"inLanguage\":\"fr-FR\",\"potentialAction\":[{\"@type\":\"ReadAction\",\"target\":[\"https:\/\/dicodusport.fr\/blog\/ces-francais-qui-ont-brille-sur-amstel-gold-race\/\"]}]},{\"@type\":\"ImageObject\",\"inLanguage\":\"fr-FR\",\"@id\":\"https:\/\/dicodusport.fr\/blog\/ces-francais-qui-ont-brille-sur-amstel-gold-race\/#primaryimage\",\"url\":\"https:\/\/dicodusport.fr\/blog\/wp-content\/uploads\/2018\/04\/Fran\u00e7ais-Amstel-Gold-Race-Hinault.png\",\"contentUrl\":\"https:\/\/dicodusport.fr\/blog\/wp-content\/uploads\/2018\/04\/Fran\u00e7ais-Amstel-Gold-Race-Hinault.png\",\"width\":800,\"height\":445},{\"@type\":\"BreadcrumbList\",\"@id\":\"https:\/\/dicodusport.fr\/blog\/ces-francais-qui-ont-brille-sur-amstel-gold-race\/#breadcrumb\",\"itemListElement\":[{\"@type\":\"ListItem\",\"position\":1,\"name\":\"Accueil\",\"item\":\"https:\/\/dicodusport.fr\/blog\/\"},{\"@type\":\"ListItem\",\"position\":2,\"name\":\"Ces Fran\u00e7ais qui ont brill\u00e9 sur l&rsquo;Amstel Gold Race\"}]},{\"@type\":\"WebSite\",\"@id\":\"https:\/\/dicodusport.fr\/blog\/#website\",\"url\":\"https:\/\/dicodusport.fr\/blog\/\",\"name\":\"Dicodusport\",\"description\":\"L&#039;encyclop\u00e9die de l&#039;actualit\u00e9 sportive\",\"publisher\":{\"@id\":\"https:\/\/dicodusport.fr\/blog\/#organization\"},\"potentialAction\":[{\"@type\":\"SearchAction\",\"target\":{\"@type\":\"EntryPoint\",\"urlTemplate\":\"https:\/\/dicodusport.fr\/blog\/?s={search_term_string}\"},\"query-input\":{\"@type\":\"PropertyValueSpecification\",\"valueRequired\":true,\"valueName\":\"search_term_string\"}}],\"inLanguage\":\"fr-FR\"},{\"@type\":\"NewsMediaOrganization\",\"@id\":\"https:\/\/dicodusport.fr\/blog\/#organization\",\"name\":\"Dicodusport\",\"url\":\"https:\/\/dicodusport.fr\/blog\/\",\"logo\":{\"@type\":\"ImageObject\",\"inLanguage\":\"fr-FR\",\"@id\":\"https:\/\/dicodusport.fr\/blog\/#\/schema\/logo\/image\/\",\"url\":\"https:\/\/dicodusport.fr\/blog\/wp-content\/uploads\/2020\/06\/cropped-LOGO-DICODUSPORT-2020-SANS-FOND-SANS-TEXTE.png\",\"contentUrl\":\"https:\/\/dicodusport.fr\/blog\/wp-content\/uploads\/2020\/06\/cropped-LOGO-DICODUSPORT-2020-SANS-FOND-SANS-TEXTE.png\",\"width\":512,\"height\":512,\"caption\":\"Dicodusport\"},\"image\":{\"@id\":\"https:\/\/dicodusport.fr\/blog\/#\/schema\/logo\/image\/\"},\"sameAs\":[\"https:\/\/www.facebook.com\/dicodusport\",\"https:\/\/x.com\/dicodusport\",\"https:\/\/www.instagram.com\/dicodusport\/\",\"https:\/\/www.youtube.com\/channel\/UC7V2KZ5sd3htJivAbA4ZG3w\"],\"description\":\"Dicodusport est l'encyclop\u00e9die de l'actualit\u00e9 sportive.\",\"email\":\"bonjour@dicodusport.fr\",\"legalName\":\"DICODUSPORT\",\"foundingDate\":\"2018-01-14\",\"vatID\":\"FR71834470973\",\"taxID\":\"83447097300043\",\"numberOfEmployees\":{\"@type\":\"QuantitativeValue\",\"minValue\":\"1\",\"maxValue\":\"10\"}},{\"@type\":\"Person\",\"@id\":\"https:\/\/dicodusport.fr\/blog\/#\/schema\/person\/55dcb50ad410894e431ed812bbb70191\",\"name\":\"Nicolas Jacquemard\",\"image\":{\"@type\":\"ImageObject\",\"inLanguage\":\"fr-FR\",\"@id\":\"https:\/\/dicodusport.fr\/blog\/#\/schema\/person\/image\/\",\"url\":\"https:\/\/dicodusport.fr\/blog\/wp-content\/uploads\/2021\/05\/Nicolas-Jacquemard-150x150.jpeg\",\"contentUrl\":\"https:\/\/dicodusport.fr\/blog\/wp-content\/uploads\/2021\/05\/Nicolas-Jacquemard-150x150.jpeg\",\"caption\":\"Nicolas Jacquemard\"},\"description\":\"Passionn\u00e9 de sport et entrepreneur depuis mes 18 ans, la cr\u00e9ation de Dicodusport m'a sembl\u00e9 \u00e9vidente pour participer \u00e0 la m\u00e9diatisation d'un plus grand nombre de sports. Le chemin est long mais avec une \u00e9quipe des plus motiv\u00e9es et les Jeux Olympiques de Paris 2024 en point de mire, nous y arriverons ! Journaliste dans le monde du sport depuis plus de 5 ans, je traite aussi bien de football, de rugby, de biathlon que de cyclisme.\",\"sameAs\":[\"https:\/\/www.facebook.com\/dicodusport\",\"https:\/\/x.com\/https:\/\/twitter.com\/Nico_Jacquemard\"],\"url\":\"https:\/\/dicodusport.fr\/blog\/author\/dicodusport\/\"}]}<\/script>\n<!-- \/ Yoast SEO Premium plugin. -->","yoast_head_json":{"title":"Ces Fran\u00e7ais qui ont brill\u00e9 sur l'Amstel Gold Race","description":"Plus de 50 ans que cette classique sponsoris\u00e9e par une c\u00e9l\u00e8bre marque de bi\u00e8re existe et oppose les meilleurs puncheurs au mois d'avril. Quels sont les Fran\u00e7ais qui ont r\u00e9ussi \u00e0 gagner ou \u00e0 briller sur l'Amstel Gold Race ?","robots":{"index":"index","follow":"follow","max-snippet":"max-snippet:-1","max-image-preview":"max-image-preview:large","max-video-preview":"max-video-preview:-1"},"canonical":"https:\/\/dicodusport.fr\/blog\/ces-francais-qui-ont-brille-sur-amstel-gold-race\/","og_locale":"fr_FR","og_type":"article","og_title":"Ces Fran\u00e7ais qui ont brill\u00e9 sur l'Amstel Gold Race","og_description":"Plus de 50 ans que cette classique sponsoris\u00e9e par une c\u00e9l\u00e8bre marque de bi\u00e8re existe et oppose les meilleurs puncheurs au mois d'avril. Quels sont les Fran\u00e7ais qui ont r\u00e9ussi \u00e0 gagner ou \u00e0 briller sur l'Amstel Gold Race ?","og_url":"https:\/\/dicodusport.fr\/blog\/ces-francais-qui-ont-brille-sur-amstel-gold-race\/","og_site_name":"Dicodusport","article_publisher":"https:\/\/www.facebook.com\/dicodusport","article_author":"https:\/\/www.facebook.com\/dicodusport","article_published_time":"2018-04-15T10:00:17+00:00","og_image":[{"width":800,"height":445,"url":"https:\/\/dicodusport.fr\/blog\/wp-content\/uploads\/2018\/04\/Fran\u00e7ais-Amstel-Gold-Race-Hinault.png","type":"image\/png"}],"author":"Nicolas Jacquemard","twitter_card":"summary_large_image","twitter_creator":"@https:\/\/twitter.com\/Nico_Jacquemard","twitter_site":"@dicodusport","schema":{"@context":"https:\/\/schema.org","@graph":[{"@type":"NewsArticle","@id":"https:\/\/dicodusport.fr\/blog\/ces-francais-qui-ont-brille-sur-amstel-gold-race\/#article","isPartOf":{"@id":"https:\/\/dicodusport.fr\/blog\/ces-francais-qui-ont-brille-sur-amstel-gold-race\/"},"author":{"name":"Nicolas Jacquemard","@id":"https:\/\/dicodusport.fr\/blog\/#\/schema\/person\/55dcb50ad410894e431ed812bbb70191"},"headline":"Ces Fran\u00e7ais qui ont brill\u00e9 sur l&rsquo;Amstel Gold Race","datePublished":"2018-04-15T10:00:17+00:00","mainEntityOfPage":{"@id":"https:\/\/dicodusport.fr\/blog\/ces-francais-qui-ont-brille-sur-amstel-gold-race\/"},"wordCount":448,"commentCount":0,"publisher":{"@id":"https:\/\/dicodusport.fr\/blog\/#organization"},"image":{"@id":"https:\/\/dicodusport.fr\/blog\/ces-francais-qui-ont-brille-sur-amstel-gold-race\/#primaryimage"},"thumbnailUrl":"https:\/\/dicodusport.fr\/blog\/wp-content\/uploads\/2018\/04\/Fran\u00e7ais-Amstel-Gold-Race-Hinault.png","keywords":["Amstel Gold Race","Cyclisme","Julian Alaphilippe","v\u00e9lo"],"articleSection":["Cyclisme","Histoire"],"inLanguage":"fr-FR","potentialAction":[{"@type":"CommentAction","name":"Comment","target":["https:\/\/dicodusport.fr\/blog\/ces-francais-qui-ont-brille-sur-amstel-gold-race\/#respond"]}],"copyrightYear":"2018","copyrightHolder":{"@id":"https:\/\/dicodusport.fr\/blog\/#organization"}},{"@type":"WebPage","@id":"https:\/\/dicodusport.fr\/blog\/ces-francais-qui-ont-brille-sur-amstel-gold-race\/","url":"https:\/\/dicodusport.fr\/blog\/ces-francais-qui-ont-brille-sur-amstel-gold-race\/","name":"Ces Fran\u00e7ais qui ont brill\u00e9 sur l'Amstel Gold Race","isPartOf":{"@id":"https:\/\/dicodusport.fr\/blog\/#website"},"primaryImageOfPage":{"@id":"https:\/\/dicodusport.fr\/blog\/ces-francais-qui-ont-brille-sur-amstel-gold-race\/#primaryimage"},"image":{"@id":"https:\/\/dicodusport.fr\/blog\/ces-francais-qui-ont-brille-sur-amstel-gold-race\/#primaryimage"},"thumbnailUrl":"https:\/\/dicodusport.fr\/blog\/wp-content\/uploads\/2018\/04\/Fran\u00e7ais-Amstel-Gold-Race-Hinault.png","datePublished":"2018-04-15T10:00:17+00:00","description":"Plus de 50 ans que cette classique sponsoris\u00e9e par une c\u00e9l\u00e8bre marque de bi\u00e8re existe et oppose les meilleurs puncheurs au mois d'avril. Quels sont les Fran\u00e7ais qui ont r\u00e9ussi \u00e0 gagner ou \u00e0 briller sur l'Amstel Gold Race ?","breadcrumb":{"@id":"https:\/\/dicodusport.fr\/blog\/ces-francais-qui-ont-brille-sur-amstel-gold-race\/#breadcrumb"},"inLanguage":"fr-FR","potentialAction":[{"@type":"ReadAction","target":["https:\/\/dicodusport.fr\/blog\/ces-francais-qui-ont-brille-sur-amstel-gold-race\/"]}]},{"@type":"ImageObject","inLanguage":"fr-FR","@id":"https:\/\/dicodusport.fr\/blog\/ces-francais-qui-ont-brille-sur-amstel-gold-race\/#primaryimage","url":"https:\/\/dicodusport.fr\/blog\/wp-content\/uploads\/2018\/04\/Fran\u00e7ais-Amstel-Gold-Race-Hinault.png","contentUrl":"https:\/\/dicodusport.fr\/blog\/wp-content\/uploads\/2018\/04\/Fran\u00e7ais-Amstel-Gold-Race-Hinault.png","width":800,"height":445},{"@type":"BreadcrumbList","@id":"https:\/\/dicodusport.fr\/blog\/ces-francais-qui-ont-brille-sur-amstel-gold-race\/#breadcrumb","itemListElement":[{"@type":"ListItem","position":1,"name":"Accueil","item":"https:\/\/dicodusport.fr\/blog\/"},{"@type":"ListItem","position":2,"name":"Ces Fran\u00e7ais qui ont brill\u00e9 sur l&rsquo;Amstel Gold Race"}]},{"@type":"WebSite","@id":"https:\/\/dicodusport.fr\/blog\/#website","url":"https:\/\/dicodusport.fr\/blog\/","name":"Dicodusport","description":"L&#039;encyclop\u00e9die de l&#039;actualit\u00e9 sportive","publisher":{"@id":"https:\/\/dicodusport.fr\/blog\/#organization"},"potentialAction":[{"@type":"SearchAction","target":{"@type":"EntryPoint","urlTemplate":"https:\/\/dicodusport.fr\/blog\/?s={search_term_string}"},"query-input":{"@type":"PropertyValueSpecification","valueRequired":true,"valueName":"search_term_string"}}],"inLanguage":"fr-FR"},{"@type":"NewsMediaOrganization","@id":"https:\/\/dicodusport.fr\/blog\/#organization","name":"Dicodusport","url":"https:\/\/dicodusport.fr\/blog\/","logo":{"@type":"ImageObject","inLanguage":"fr-FR","@id":"https:\/\/dicodusport.fr\/blog\/#\/schema\/logo\/image\/","url":"https:\/\/dicodusport.fr\/blog\/wp-content\/uploads\/2020\/06\/cropped-LOGO-DICODUSPORT-2020-SANS-FOND-SANS-TEXTE.png","contentUrl":"https:\/\/dicodusport.fr\/blog\/wp-content\/uploads\/2020\/06\/cropped-LOGO-DICODUSPORT-2020-SANS-FOND-SANS-TEXTE.png","width":512,"height":512,"caption":"Dicodusport"},"image":{"@id":"https:\/\/dicodusport.fr\/blog\/#\/schema\/logo\/image\/"},"sameAs":["https:\/\/www.facebook.com\/dicodusport","https:\/\/x.com\/dicodusport","https:\/\/www.instagram.com\/dicodusport\/","https:\/\/www.youtube.com\/channel\/UC7V2KZ5sd3htJivAbA4ZG3w"],"description":"Dicodusport est l'encyclop\u00e9die de l'actualit\u00e9 sportive.","email":"bonjour@dicodusport.fr","legalName":"DICODUSPORT","foundingDate":"2018-01-14","vatID":"FR71834470973","taxID":"83447097300043","numberOfEmployees":{"@type":"QuantitativeValue","minValue":"1","maxValue":"10"}},{"@type":"Person","@id":"https:\/\/dicodusport.fr\/blog\/#\/schema\/person\/55dcb50ad410894e431ed812bbb70191","name":"Nicolas Jacquemard","image":{"@type":"ImageObject","inLanguage":"fr-FR","@id":"https:\/\/dicodusport.fr\/blog\/#\/schema\/person\/image\/","url":"https:\/\/dicodusport.fr\/blog\/wp-content\/uploads\/2021\/05\/Nicolas-Jacquemard-150x150.jpeg","contentUrl":"https:\/\/dicodusport.fr\/blog\/wp-content\/uploads\/2021\/05\/Nicolas-Jacquemard-150x150.jpeg","caption":"Nicolas Jacquemard"},"description":"Passionn\u00e9 de sport et entrepreneur depuis mes 18 ans, la cr\u00e9ation de Dicodusport m'a sembl\u00e9 \u00e9vidente pour participer \u00e0 la m\u00e9diatisation d'un plus grand nombre de sports. Le chemin est long mais avec une \u00e9quipe des plus motiv\u00e9es et les Jeux Olympiques de Paris 2024 en point de mire, nous y arriverons ! Journaliste dans le monde du sport depuis plus de 5 ans, je traite aussi bien de football, de rugby, de biathlon que de cyclisme.","sameAs":["https:\/\/www.facebook.com\/dicodusport","https:\/\/x.com\/https:\/\/twitter.com\/Nico_Jacquemard"],"url":"https:\/\/dicodusport.fr\/blog\/author\/dicodusport\/"}]}},"_links":{"self":[{"href":"https:\/\/dicodusport.fr\/blog\/wp-json\/wp\/v2\/posts\/16433","targetHints":{"allow":["GET"]}}],"collection":[{"href":"https:\/\/dicodusport.fr\/blog\/wp-json\/wp\/v2\/posts"}],"about":[{"href":"https:\/\/dicodusport.fr\/blog\/wp-json\/wp\/v2\/types\/post"}],"author":[{"embeddable":true,"href":"https:\/\/dicodusport.fr\/blog\/wp-json\/wp\/v2\/users\/1"}],"replies":[{"embeddable":true,"href":"https:\/\/dicodusport.fr\/blog\/wp-json\/wp\/v2\/comments?post=16433"}],"version-history":[{"count":0,"href":"https:\/\/dicodusport.fr\/blog\/wp-json\/wp\/v2\/posts\/16433\/revisions"}],"wp:featuredmedia":[{"embeddable":true,"href":"https:\/\/dicodusport.fr\/blog\/wp-json\/wp\/v2\/media\/16436"}],"wp:attachment":[{"href":"https:\/\/dicodusport.fr\/blog\/wp-json\/wp\/v2\/media?parent=16433"}],"wp:term":[{"taxonomy":"category","embeddable":true,"href":"https:\/\/dicodusport.fr\/blog\/wp-json\/wp\/v2\/categories?post=16433"},{"taxonomy":"post_tag","embeddable":true,"href":"https:\/\/dicodusport.fr\/blog\/wp-json\/wp\/v2\/tags?post=16433"}],"curies":[{"name":"wp","href":"https:\/\/api.w.org\/{rel}","templated":true}]}}