{"id":164492,"date":"2021-09-09T18:25:49","date_gmt":"2021-09-09T16:25:49","guid":{"rendered":"https:\/\/dicodusport.fr\/blog\/?p=164492&#038;preview=true&#038;preview_id=164492"},"modified":"2021-09-12T17:51:39","modified_gmt":"2021-09-12T15:51:39","slug":"championnats-europe-cyclisme-route-2021-programme-complet","status":"publish","type":"post","link":"https:\/\/dicodusport.fr\/blog\/championnats-europe-cyclisme-route-2021-programme-complet\/","title":{"rendered":"Championnats d&rsquo;Europe de cyclisme sur route 2021 : le programme complet"},"content":{"rendered":"<p style=\"text-align: justify;\"><strong><em>CYCLISME SUR ROUTE &#8211; D\u00e9couvrez le programme complet des championnats d&rsquo;Europe de cyclisme sur route 2021, qui se d\u00e9roulent du 8 au 12 septembre \u00e0 Trente (Italie).<\/em><\/strong><\/p>\n<p style=\"text-align: justify;\">Qui pour succ\u00e9der aux <strong>Giacomo Nizzolo<\/strong>, <strong>Stefan K\u00fcng<\/strong>, <strong>Annemiek van Vleuten<\/strong> et autres <strong>Anna van der Breggen<\/strong> ? Sur un parcours vallonn\u00e9 autour de Trente (Italie), les <strong>championnats d&rsquo;Europe de cyclisme sur route 2021<\/strong> vont couronner des coureuses et coureurs \u00e0 l&rsquo;aise sur tous les terrains, que ce soit sur les courses en ligne ou les chronos. Les \u00e9quipes de France, <a href=\"https:\/\/dicodusport.fr\/blog\/trente-2021-audrey-cordon-ragot-et-juliette-labous-meneront-les-bleues\/\">f\u00e9minine<\/a> et <a href=\"https:\/\/dicodusport.fr\/blog\/trente-2021-la-france-avec-thibaut-pinot-et-romain-bardet-aux-championnats-d-europe\/\">masculine<\/a>, tenteront de faire mieux qu&rsquo;\u00e0 Plouay en 2020, avec trois m\u00e9dailles d&rsquo;argent d\u00e9croch\u00e9es.<\/p>\n<h2 style=\"text-align: justify;\">Mercredi 8 septembre<\/h2>\n<p style=\"text-align: justify;\"><strong>9h15 :<\/strong> Contre-la-montre individuel juniors femmes (22,4 km)<br \/>\n<strong><a href=\"https:\/\/dicodusport.fr\/blog\/championnats-europe-cyclisme-2021-classement-contre-la-montre-juniors-femmes\/\">Classement<\/a> &#8211; <a href=\"https:\/\/dicodusport.fr\/blog\/trente-2021-alena-ivanchenko-championne-deurope-juniors-du-contre-la-montre\/\">Ce qu&rsquo;il faut retenir<\/a><\/strong><\/p>\n<p style=\"text-align: justify;\"><strong>10h45 : <\/strong>Contre-la-montre individuel juniors hommes (22,4 km)<br \/>\n<strong><a href=\"https:\/\/dicodusport.fr\/blog\/championnats-europe-cyclisme-2021-classement-contre-la-montre-juniors-hommes\/\">Classement<\/a> &#8211; <a href=\"https:\/\/dicodusport.fr\/blog\/trente-2021-eddy-le-huitouze-en-bronze-sur-le-contre-la-montre-juniors-segaert-sacre\/\">Ce qu&rsquo;il faut retenir<\/a><\/strong><\/p>\n<p style=\"text-align: justify;\"><strong>14h30, en direct sur La Cha\u00eene L&rsquo;\u00c9quipe \u00e0 partir de 16h50 : <\/strong>Relais mixte par \u00e9quipes (22,4 km)<br \/>\n<strong><a href=\"https:\/\/dicodusport.fr\/blog\/trente-2021-italie-championne-europe-relais-mixte-france-4eme\/\">Classement<\/a> &#8211; <a href=\"https:\/\/dicodusport.fr\/blog\/trente-2021-italie-championne-europe-relais-mixte-france-4eme\/\">Ce qu&rsquo;il faut retenir<\/a><\/strong><\/p>\n<hr \/>\n<h2 style=\"text-align: justify;\">Jeudi 9 septembre<\/h2>\n<p style=\"text-align: justify;\"><strong>9h15 :<\/strong> Contre-la-montre individuel espoirs femmes (22,4 km)<br \/>\n<strong><a href=\"https:\/\/dicodusport.fr\/blog\/championnats-europe-cyclisme-classement-contre-la-montre-espoirs-femmes\/\">Classement<\/a> &#8211; <a href=\"https:\/\/dicodusport.fr\/blog\/championnats-europe-cyclisme-classement-contre-la-montre-espoirs-femmes\/\">Ce qu&rsquo;il faut retenir<\/a><\/strong><\/p>\n<p style=\"text-align: justify;\"><strong>10h45, en direct sur La Cha\u00eene L&rsquo;\u00c9quipe : <\/strong>Contre-la-montre individuel \u00e9lites femmes (22,4 km)<br \/>\n<strong><a href=\"https:\/\/dicodusport.fr\/blog\/championnats-europe-cyclisme-classement-du-contre-la-montre-elites-femmes\/\">Classement<\/a> &#8211; <a href=\"https:\/\/dicodusport.fr\/blog\/trente-2021-marlen-reusser-decroche-titre-europeen-contre-la-montre\/\">Ce qu&rsquo;il faut retenir<\/a><\/strong><\/p>\n<p style=\"text-align: justify;\"><strong>14h15 : <\/strong>Contre-la-montre individuel espoirs hommes (22,4 km)<br \/>\n<strong><a href=\"https:\/\/dicodusport.fr\/blog\/championnats-europe-de-cyclisme-classement-du-contre-la-montre-espoirs-hommes\/\">Classement<\/a> &#8211; <a href=\"https:\/\/dicodusport.fr\/blog\/championnats-europe-de-cyclisme-classement-du-contre-la-montre-espoirs-hommes\/\">Ce qu&rsquo;il faut retenir<\/a><\/strong><\/p>\n<p style=\"text-align: justify;\"><strong>16h, en direct sur La Cha\u00eene L&rsquo;\u00c9quipe \u00e0 partir de 16h35 : <\/strong>Contre-la-montre individuel \u00e9lites hommes (22,4 km)<br \/>\n<strong><a href=\"https:\/\/dicodusport.fr\/blog\/championnats-deurope-de-cyclisme-le-classement-du-contre-la-montre-elites-hommes\/\">Classement<\/a> &#8211; <a href=\"https:\/\/dicodusport.fr\/blog\/trente-2021-stefan-kung-conserve-titre-europeen-chrono-devant-filippo-ganna\/\">Ce qu&rsquo;il faut retenir<\/a><\/strong><\/p>\n<hr \/>\n<h2 style=\"text-align: justify;\"><strong>Vendredi 10 septembre<\/strong><\/h2>\n<p style=\"text-align: justify;\"><strong>9h10 :<\/strong> Course en ligne juniors hommes (107,2 km)<br \/>\n<strong><a href=\"https:\/\/dicodusport.fr\/blog\/championnats-europe-cyclisme-classement-course-en-ligne-juniors-hommes\/\">Classement<\/a> &#8211; <a href=\"https:\/\/dicodusport.fr\/blog\/trente-2021-romain-gregoire-champion-europe-juniors-course-en-ligne\/\">Ce qu&rsquo;il faut retenir<\/a><\/strong><\/p>\n<p style=\"text-align: justify;\"><strong>14h : <\/strong>Course en ligne juniors femmes (67,6 km)<br \/>\n<strong><a href=\"https:\/\/dicodusport.fr\/blog\/championnats-europe-cyclisme-classement-course-juniors-femmes\/\">Classement<\/a> &#8211; <a href=\"https:\/\/dicodusport.fr\/blog\/trente-2021-eglantine-rayer-bronze-chez-juniors-linda-riedmann-sacree\/\">Ce qu&rsquo;il faut retenir<\/a><\/strong><\/p>\n<p style=\"text-align: justify;\"><strong>16h10 : <\/strong>Course en ligne espoirs femmes (80,8 km)<br \/>\n<strong><a href=\"https:\/\/dicodusport.fr\/blog\/championnats-europe-cyclisme-classement-course-en-ligne-espoirs-femmes\/\">Classement<\/a> &#8211; <a href=\"https:\/\/dicodusport.fr\/blog\/trente-2021-evita-muzic-en-bronze-chez-espoirs-silvia-zanardi-titree\/\">Ce qu&rsquo;il faut retenir<\/a><\/strong><\/p>\n<hr \/>\n<h2 style=\"text-align: justify;\"><strong>Samedi 11 septembre<\/strong><\/h2>\n<p style=\"text-align: justify;\"><strong>9h10, en direct sur La Cha\u00eene L&rsquo;\u00c9quipe \u00e0 10h45 :<\/strong> Course en ligne espoirs hommes (133,4 km)<br \/>\n<strong><a href=\"https:\/\/dicodusport.fr\/blog\/championnats-europe-cyclisme-classement-course-en-ligne-espoirs-hommes\/\">Classement<\/a> &#8211; <a href=\"https:\/\/dicodusport.fr\/blog\/trente-2021-thibau-nys-champion-deurope-chez-les-espoirs\/\">Ce qu&rsquo;il faut retenir<\/a><\/strong><\/p>\n<p style=\"text-align: justify;\"><strong>14h25, en direct sur Eurosport : <\/strong>Course en ligne \u00e9lites femmes (107,2 km)<br \/>\n<strong><a href=\"https:\/\/dicodusport.fr\/blog\/championnats-europe-cyclisme-classement-course-en-ligne-elites-femmes\/\">Classement<\/a> &#8211; <a href=\"https:\/\/dicodusport.fr\/blog\/trente-2001-ellen-van-dijk-sacree-championne-d-europe-course-en-ligne\/\">Ce qu&rsquo;il faut retenir<\/a><\/strong><\/p>\n<hr \/>\n<h2 style=\"text-align: justify;\"><strong>Dimanche 12 septembre<\/strong><\/h2>\n<p style=\"text-align: justify;\"><strong>12h45, en direct sur La Cha\u00eene L&rsquo;\u00c9quipe :<\/strong> Course en ligne \u00e9lites hommes (179,2 km)<br \/>\n<b><a href=\"https:\/\/dicodusport.fr\/blog\/championnats-europe-cyclisme-classement-course-en-ligne-elites-hommes\/\">Classement<\/a> &#8211; <a href=\"https:\/\/dicodusport.fr\/blog\/trente-2021-sonny-colbrelli-sacre-champion-deurope-benoit-cosnefroy-en-bronze\/\">Ce qu&rsquo;il faut retenir<\/a><\/b><\/p>\n<hr \/>\n<ul>\n<li style=\"text-align: justify;\"><span style=\"font-size: 16px;\"><strong>\u00c0 lire aussi &#8211; <a href=\"https:\/\/dicodusport.fr\/blog\/championnats-europe-cyclisme-route-2021-tableau-medailles\/\">Le tableau des m\u00e9dailles<\/a><\/strong><\/span><\/li>\n<\/ul>\n","protected":false},"excerpt":{"rendered":"<p>CYCLISME SUR ROUTE &#8211; D\u00e9couvrez le programme complet des championnats d&rsquo;Europe de cyclisme sur route, qui se d\u00e9roulent du 8 au 12 septembre \u00e0 Trente (Italie).<\/p>\n","protected":false},"author":4,"featured_media":164497,"comment_status":"open","ping_status":"closed","sticky":false,"template":"","format":"standard","meta":{"_acf_changed":false,"_daextam_enable_autolinks":"","footnotes":""},"categories":[46994],"tags":[574],"class_list":["post-164492","post","type-post","status-publish","format-standard","has-post-thumbnail","hentry","category-cyclisme-sur-route","tag-cyclisme"],"acf":[],"yoast_head":"<!-- This site is optimized with the Yoast SEO Premium plugin v26.7 (Yoast SEO v26.7) - https:\/\/yoast.com\/wordpress\/plugins\/seo\/ -->\n<title>Championnats d&#039;Europe de cyclisme sur route 2021 : le programme complet<\/title>\n<meta name=\"description\" content=\"CYCLISME SUR ROUTE - D\u00e9couvrez le programme complet des championnats d&#039;Europe de cyclisme sur route 2021, qui se d\u00e9roulent \u00e0 Trente (Italie).\" \/>\n<meta name=\"robots\" content=\"index, follow, max-snippet:-1, max-image-preview:large, max-video-preview:-1\" \/>\n<link rel=\"canonical\" href=\"https:\/\/dicodusport.fr\/blog\/championnats-europe-cyclisme-route-2021-programme-complet\/\" \/>\n<meta property=\"og:locale\" content=\"fr_FR\" \/>\n<meta property=\"og:type\" content=\"article\" \/>\n<meta property=\"og:title\" content=\"Championnats d&#039;Europe de cyclisme sur route 2021 : le programme complet\" \/>\n<meta property=\"og:description\" content=\"CYCLISME SUR ROUTE - D\u00e9couvrez le programme complet des championnats d&#039;Europe de cyclisme sur route 2021, qui se d\u00e9roulent \u00e0 Trente (Italie).\" \/>\n<meta property=\"og:url\" content=\"https:\/\/dicodusport.fr\/blog\/championnats-europe-cyclisme-route-2021-programme-complet\/\" \/>\n<meta property=\"og:site_name\" content=\"Dicodusport\" \/>\n<meta property=\"article:publisher\" content=\"https:\/\/www.facebook.com\/dicodusport\" \/>\n<meta property=\"article:author\" content=\"https:\/\/www.facebook.com\/florent.ostermann\" \/>\n<meta property=\"article:published_time\" content=\"2021-09-09T16:25:49+00:00\" \/>\n<meta property=\"article:modified_time\" content=\"2021-09-12T15:51:39+00:00\" \/>\n<meta property=\"og:image\" content=\"https:\/\/dicodusport.fr\/blog\/wp-content\/uploads\/2021\/09\/Championnats-dEurope-de-cyclisme-sur-route-2021-le-programme-complet.png\" \/>\n\t<meta property=\"og:image:width\" content=\"800\" \/>\n\t<meta property=\"og:image:height\" content=\"445\" \/>\n\t<meta property=\"og:image:type\" content=\"image\/png\" \/>\n<meta name=\"author\" content=\"Flo Ostermann\" \/>\n<meta name=\"twitter:card\" content=\"summary_large_image\" \/>\n<meta name=\"twitter:title\" content=\"Championnats d&#039;Europe de cyclisme sur route 2021 : le programme complet\" \/>\n<meta name=\"twitter:creator\" content=\"@https:\/\/twitter.com\/FlOstermann\" \/>\n<meta name=\"twitter:site\" content=\"@dicodusport\" \/>\n<script type=\"application\/ld+json\" class=\"yoast-schema-graph\">{\"@context\":\"https:\/\/schema.org\",\"@graph\":[{\"@type\":\"NewsArticle\",\"@id\":\"https:\/\/dicodusport.fr\/blog\/championnats-europe-cyclisme-route-2021-programme-complet\/#article\",\"isPartOf\":{\"@id\":\"https:\/\/dicodusport.fr\/blog\/championnats-europe-cyclisme-route-2021-programme-complet\/\"},\"author\":{\"name\":\"Flo Ostermann\",\"@id\":\"https:\/\/dicodusport.fr\/blog\/#\/schema\/person\/cb02af4c173ce4a653b55e9baf388d4a\"},\"headline\":\"Championnats d&rsquo;Europe de cyclisme sur route 2021 : le programme complet\",\"datePublished\":\"2021-09-09T16:25:49+00:00\",\"dateModified\":\"2021-09-12T15:51:39+00:00\",\"mainEntityOfPage\":{\"@id\":\"https:\/\/dicodusport.fr\/blog\/championnats-europe-cyclisme-route-2021-programme-complet\/\"},\"wordCount\":362,\"commentCount\":0,\"publisher\":{\"@id\":\"https:\/\/dicodusport.fr\/blog\/#organization\"},\"image\":{\"@id\":\"https:\/\/dicodusport.fr\/blog\/championnats-europe-cyclisme-route-2021-programme-complet\/#primaryimage\"},\"thumbnailUrl\":\"https:\/\/dicodusport.fr\/blog\/wp-content\/uploads\/2021\/09\/Championnats-dEurope-de-cyclisme-sur-route-2021-le-programme-complet.png\",\"keywords\":[\"Cyclisme\"],\"articleSection\":[\"Cyclisme sur route\"],\"inLanguage\":\"fr-FR\",\"potentialAction\":[{\"@type\":\"CommentAction\",\"name\":\"Comment\",\"target\":[\"https:\/\/dicodusport.fr\/blog\/championnats-europe-cyclisme-route-2021-programme-complet\/#respond\"]}],\"copyrightYear\":\"2021\",\"copyrightHolder\":{\"@id\":\"https:\/\/dicodusport.fr\/blog\/#organization\"}},{\"@type\":\"WebPage\",\"@id\":\"https:\/\/dicodusport.fr\/blog\/championnats-europe-cyclisme-route-2021-programme-complet\/\",\"url\":\"https:\/\/dicodusport.fr\/blog\/championnats-europe-cyclisme-route-2021-programme-complet\/\",\"name\":\"Championnats d'Europe de cyclisme sur route 2021 : le programme complet\",\"isPartOf\":{\"@id\":\"https:\/\/dicodusport.fr\/blog\/#website\"},\"primaryImageOfPage\":{\"@id\":\"https:\/\/dicodusport.fr\/blog\/championnats-europe-cyclisme-route-2021-programme-complet\/#primaryimage\"},\"image\":{\"@id\":\"https:\/\/dicodusport.fr\/blog\/championnats-europe-cyclisme-route-2021-programme-complet\/#primaryimage\"},\"thumbnailUrl\":\"https:\/\/dicodusport.fr\/blog\/wp-content\/uploads\/2021\/09\/Championnats-dEurope-de-cyclisme-sur-route-2021-le-programme-complet.png\",\"datePublished\":\"2021-09-09T16:25:49+00:00\",\"dateModified\":\"2021-09-12T15:51:39+00:00\",\"description\":\"CYCLISME SUR ROUTE - D\u00e9couvrez le programme complet des championnats d'Europe de cyclisme sur route 2021, qui se d\u00e9roulent \u00e0 Trente (Italie).\",\"breadcrumb\":{\"@id\":\"https:\/\/dicodusport.fr\/blog\/championnats-europe-cyclisme-route-2021-programme-complet\/#breadcrumb\"},\"inLanguage\":\"fr-FR\",\"potentialAction\":[{\"@type\":\"ReadAction\",\"target\":[\"https:\/\/dicodusport.fr\/blog\/championnats-europe-cyclisme-route-2021-programme-complet\/\"]}]},{\"@type\":\"ImageObject\",\"inLanguage\":\"fr-FR\",\"@id\":\"https:\/\/dicodusport.fr\/blog\/championnats-europe-cyclisme-route-2021-programme-complet\/#primaryimage\",\"url\":\"https:\/\/dicodusport.fr\/blog\/wp-content\/uploads\/2021\/09\/Championnats-dEurope-de-cyclisme-sur-route-2021-le-programme-complet.png\",\"contentUrl\":\"https:\/\/dicodusport.fr\/blog\/wp-content\/uploads\/2021\/09\/Championnats-dEurope-de-cyclisme-sur-route-2021-le-programme-complet.png\",\"width\":800,\"height\":445,\"caption\":\"Championnats d'Europe de cyclisme sur route 2021 : le programme complet\"},{\"@type\":\"BreadcrumbList\",\"@id\":\"https:\/\/dicodusport.fr\/blog\/championnats-europe-cyclisme-route-2021-programme-complet\/#breadcrumb\",\"itemListElement\":[{\"@type\":\"ListItem\",\"position\":1,\"name\":\"Accueil\",\"item\":\"https:\/\/dicodusport.fr\/blog\/\"},{\"@type\":\"ListItem\",\"position\":2,\"name\":\"Championnats d&rsquo;Europe de cyclisme sur route 2021 : le programme complet\"}]},{\"@type\":\"WebSite\",\"@id\":\"https:\/\/dicodusport.fr\/blog\/#website\",\"url\":\"https:\/\/dicodusport.fr\/blog\/\",\"name\":\"Dicodusport\",\"description\":\"L&#039;encyclop\u00e9die de l&#039;actualit\u00e9 sportive\",\"publisher\":{\"@id\":\"https:\/\/dicodusport.fr\/blog\/#organization\"},\"potentialAction\":[{\"@type\":\"SearchAction\",\"target\":{\"@type\":\"EntryPoint\",\"urlTemplate\":\"https:\/\/dicodusport.fr\/blog\/?s={search_term_string}\"},\"query-input\":{\"@type\":\"PropertyValueSpecification\",\"valueRequired\":true,\"valueName\":\"search_term_string\"}}],\"inLanguage\":\"fr-FR\"},{\"@type\":\"NewsMediaOrganization\",\"@id\":\"https:\/\/dicodusport.fr\/blog\/#organization\",\"name\":\"Dicodusport\",\"url\":\"https:\/\/dicodusport.fr\/blog\/\",\"logo\":{\"@type\":\"ImageObject\",\"inLanguage\":\"fr-FR\",\"@id\":\"https:\/\/dicodusport.fr\/blog\/#\/schema\/logo\/image\/\",\"url\":\"https:\/\/dicodusport.fr\/blog\/wp-content\/uploads\/2020\/06\/cropped-LOGO-DICODUSPORT-2020-SANS-FOND-SANS-TEXTE.png\",\"contentUrl\":\"https:\/\/dicodusport.fr\/blog\/wp-content\/uploads\/2020\/06\/cropped-LOGO-DICODUSPORT-2020-SANS-FOND-SANS-TEXTE.png\",\"width\":512,\"height\":512,\"caption\":\"Dicodusport\"},\"image\":{\"@id\":\"https:\/\/dicodusport.fr\/blog\/#\/schema\/logo\/image\/\"},\"sameAs\":[\"https:\/\/www.facebook.com\/dicodusport\",\"https:\/\/x.com\/dicodusport\",\"https:\/\/www.instagram.com\/dicodusport\/\",\"https:\/\/www.youtube.com\/channel\/UC7V2KZ5sd3htJivAbA4ZG3w\"],\"description\":\"Dicodusport est l'encyclop\u00e9die de l'actualit\u00e9 sportive.\",\"email\":\"bonjour@dicodusport.fr\",\"legalName\":\"DICODUSPORT\",\"foundingDate\":\"2018-01-14\",\"vatID\":\"FR71834470973\",\"taxID\":\"83447097300043\",\"numberOfEmployees\":{\"@type\":\"QuantitativeValue\",\"minValue\":\"1\",\"maxValue\":\"10\"}},{\"@type\":\"Person\",\"@id\":\"https:\/\/dicodusport.fr\/blog\/#\/schema\/person\/cb02af4c173ce4a653b55e9baf388d4a\",\"name\":\"Flo Ostermann\",\"image\":{\"@type\":\"ImageObject\",\"inLanguage\":\"fr-FR\",\"@id\":\"https:\/\/dicodusport.fr\/blog\/#\/schema\/person\/image\/\",\"url\":\"https:\/\/dicodusport.fr\/blog\/wp-content\/uploads\/2021\/05\/Flo-Ostermann-150x150.jpg\",\"contentUrl\":\"https:\/\/dicodusport.fr\/blog\/wp-content\/uploads\/2021\/05\/Flo-Ostermann-150x150.jpg\",\"caption\":\"Flo Ostermann\"},\"description\":\"Journaliste\/R\u00e9dacteur depuis septembre 2015 - Mes premiers souvenirs dans le sport ? Les envol\u00e9es du Stade Toulousain et les duels Villeneuve-Schumacher et H\u00e4kkinen-Schumacher \u00e0 la fin des ann\u00e9es 90, la Coupe du monde de football en 1998, l\u2019exploit du XV de France face aux All Blacks en 1999, mais aussi Richard C\u0153ur de Lion qui vole sur les montagnes du Tour de France. Bien parti pour devenir professeur d\u2019EPS, les \u00e9v\u00e9nements de la vie (et la flemme d\u2019animer des s\u00e9ances de 3x500 m\u00e8tres toute ma vie) m\u2019ont conduit \u00e0 revoir mes plans. Me voil\u00e0 depuis fin 2017 sur Dicodusport, m\u00e9dia gr\u00e2ce (et pour) lequel je partage ma passion : le sport dans tous ses \u00e9tats. Le tout accompagn\u00e9 par les fous furieux et folles furieuses cit\u00e9s sur cette page !\",\"sameAs\":[\"https:\/\/www.facebook.com\/florent.ostermann\",\"https:\/\/x.com\/https:\/\/twitter.com\/FlOstermann\",\"admin\"],\"url\":\"https:\/\/dicodusport.fr\/blog\/author\/flo\/\"}]}<\/script>\n<!-- \/ Yoast SEO Premium plugin. -->","yoast_head_json":{"title":"Championnats d'Europe de cyclisme sur route 2021 : le programme complet","description":"CYCLISME SUR ROUTE - D\u00e9couvrez le programme complet des championnats d'Europe de cyclisme sur route 2021, qui se d\u00e9roulent \u00e0 Trente (Italie).","robots":{"index":"index","follow":"follow","max-snippet":"max-snippet:-1","max-image-preview":"max-image-preview:large","max-video-preview":"max-video-preview:-1"},"canonical":"https:\/\/dicodusport.fr\/blog\/championnats-europe-cyclisme-route-2021-programme-complet\/","og_locale":"fr_FR","og_type":"article","og_title":"Championnats d'Europe de cyclisme sur route 2021 : le programme complet","og_description":"CYCLISME SUR ROUTE - D\u00e9couvrez le programme complet des championnats d'Europe de cyclisme sur route 2021, qui se d\u00e9roulent \u00e0 Trente (Italie).","og_url":"https:\/\/dicodusport.fr\/blog\/championnats-europe-cyclisme-route-2021-programme-complet\/","og_site_name":"Dicodusport","article_publisher":"https:\/\/www.facebook.com\/dicodusport","article_author":"https:\/\/www.facebook.com\/florent.ostermann","article_published_time":"2021-09-09T16:25:49+00:00","article_modified_time":"2021-09-12T15:51:39+00:00","og_image":[{"width":800,"height":445,"url":"https:\/\/dicodusport.fr\/blog\/wp-content\/uploads\/2021\/09\/Championnats-dEurope-de-cyclisme-sur-route-2021-le-programme-complet.png","type":"image\/png"}],"author":"Flo Ostermann","twitter_card":"summary_large_image","twitter_title":"Championnats d'Europe de cyclisme sur route 2021 : le programme complet","twitter_creator":"@https:\/\/twitter.com\/FlOstermann","twitter_site":"@dicodusport","schema":{"@context":"https:\/\/schema.org","@graph":[{"@type":"NewsArticle","@id":"https:\/\/dicodusport.fr\/blog\/championnats-europe-cyclisme-route-2021-programme-complet\/#article","isPartOf":{"@id":"https:\/\/dicodusport.fr\/blog\/championnats-europe-cyclisme-route-2021-programme-complet\/"},"author":{"name":"Flo Ostermann","@id":"https:\/\/dicodusport.fr\/blog\/#\/schema\/person\/cb02af4c173ce4a653b55e9baf388d4a"},"headline":"Championnats d&rsquo;Europe de cyclisme sur route 2021 : le programme complet","datePublished":"2021-09-09T16:25:49+00:00","dateModified":"2021-09-12T15:51:39+00:00","mainEntityOfPage":{"@id":"https:\/\/dicodusport.fr\/blog\/championnats-europe-cyclisme-route-2021-programme-complet\/"},"wordCount":362,"commentCount":0,"publisher":{"@id":"https:\/\/dicodusport.fr\/blog\/#organization"},"image":{"@id":"https:\/\/dicodusport.fr\/blog\/championnats-europe-cyclisme-route-2021-programme-complet\/#primaryimage"},"thumbnailUrl":"https:\/\/dicodusport.fr\/blog\/wp-content\/uploads\/2021\/09\/Championnats-dEurope-de-cyclisme-sur-route-2021-le-programme-complet.png","keywords":["Cyclisme"],"articleSection":["Cyclisme sur route"],"inLanguage":"fr-FR","potentialAction":[{"@type":"CommentAction","name":"Comment","target":["https:\/\/dicodusport.fr\/blog\/championnats-europe-cyclisme-route-2021-programme-complet\/#respond"]}],"copyrightYear":"2021","copyrightHolder":{"@id":"https:\/\/dicodusport.fr\/blog\/#organization"}},{"@type":"WebPage","@id":"https:\/\/dicodusport.fr\/blog\/championnats-europe-cyclisme-route-2021-programme-complet\/","url":"https:\/\/dicodusport.fr\/blog\/championnats-europe-cyclisme-route-2021-programme-complet\/","name":"Championnats d'Europe de cyclisme sur route 2021 : le programme complet","isPartOf":{"@id":"https:\/\/dicodusport.fr\/blog\/#website"},"primaryImageOfPage":{"@id":"https:\/\/dicodusport.fr\/blog\/championnats-europe-cyclisme-route-2021-programme-complet\/#primaryimage"},"image":{"@id":"https:\/\/dicodusport.fr\/blog\/championnats-europe-cyclisme-route-2021-programme-complet\/#primaryimage"},"thumbnailUrl":"https:\/\/dicodusport.fr\/blog\/wp-content\/uploads\/2021\/09\/Championnats-dEurope-de-cyclisme-sur-route-2021-le-programme-complet.png","datePublished":"2021-09-09T16:25:49+00:00","dateModified":"2021-09-12T15:51:39+00:00","description":"CYCLISME SUR ROUTE - D\u00e9couvrez le programme complet des championnats d'Europe de cyclisme sur route 2021, qui se d\u00e9roulent \u00e0 Trente (Italie).","breadcrumb":{"@id":"https:\/\/dicodusport.fr\/blog\/championnats-europe-cyclisme-route-2021-programme-complet\/#breadcrumb"},"inLanguage":"fr-FR","potentialAction":[{"@type":"ReadAction","target":["https:\/\/dicodusport.fr\/blog\/championnats-europe-cyclisme-route-2021-programme-complet\/"]}]},{"@type":"ImageObject","inLanguage":"fr-FR","@id":"https:\/\/dicodusport.fr\/blog\/championnats-europe-cyclisme-route-2021-programme-complet\/#primaryimage","url":"https:\/\/dicodusport.fr\/blog\/wp-content\/uploads\/2021\/09\/Championnats-dEurope-de-cyclisme-sur-route-2021-le-programme-complet.png","contentUrl":"https:\/\/dicodusport.fr\/blog\/wp-content\/uploads\/2021\/09\/Championnats-dEurope-de-cyclisme-sur-route-2021-le-programme-complet.png","width":800,"height":445,"caption":"Championnats d'Europe de cyclisme sur route 2021 : le programme complet"},{"@type":"BreadcrumbList","@id":"https:\/\/dicodusport.fr\/blog\/championnats-europe-cyclisme-route-2021-programme-complet\/#breadcrumb","itemListElement":[{"@type":"ListItem","position":1,"name":"Accueil","item":"https:\/\/dicodusport.fr\/blog\/"},{"@type":"ListItem","position":2,"name":"Championnats d&rsquo;Europe de cyclisme sur route 2021 : le programme complet"}]},{"@type":"WebSite","@id":"https:\/\/dicodusport.fr\/blog\/#website","url":"https:\/\/dicodusport.fr\/blog\/","name":"Dicodusport","description":"L&#039;encyclop\u00e9die de l&#039;actualit\u00e9 sportive","publisher":{"@id":"https:\/\/dicodusport.fr\/blog\/#organization"},"potentialAction":[{"@type":"SearchAction","target":{"@type":"EntryPoint","urlTemplate":"https:\/\/dicodusport.fr\/blog\/?s={search_term_string}"},"query-input":{"@type":"PropertyValueSpecification","valueRequired":true,"valueName":"search_term_string"}}],"inLanguage":"fr-FR"},{"@type":"NewsMediaOrganization","@id":"https:\/\/dicodusport.fr\/blog\/#organization","name":"Dicodusport","url":"https:\/\/dicodusport.fr\/blog\/","logo":{"@type":"ImageObject","inLanguage":"fr-FR","@id":"https:\/\/dicodusport.fr\/blog\/#\/schema\/logo\/image\/","url":"https:\/\/dicodusport.fr\/blog\/wp-content\/uploads\/2020\/06\/cropped-LOGO-DICODUSPORT-2020-SANS-FOND-SANS-TEXTE.png","contentUrl":"https:\/\/dicodusport.fr\/blog\/wp-content\/uploads\/2020\/06\/cropped-LOGO-DICODUSPORT-2020-SANS-FOND-SANS-TEXTE.png","width":512,"height":512,"caption":"Dicodusport"},"image":{"@id":"https:\/\/dicodusport.fr\/blog\/#\/schema\/logo\/image\/"},"sameAs":["https:\/\/www.facebook.com\/dicodusport","https:\/\/x.com\/dicodusport","https:\/\/www.instagram.com\/dicodusport\/","https:\/\/www.youtube.com\/channel\/UC7V2KZ5sd3htJivAbA4ZG3w"],"description":"Dicodusport est l'encyclop\u00e9die de l'actualit\u00e9 sportive.","email":"bonjour@dicodusport.fr","legalName":"DICODUSPORT","foundingDate":"2018-01-14","vatID":"FR71834470973","taxID":"83447097300043","numberOfEmployees":{"@type":"QuantitativeValue","minValue":"1","maxValue":"10"}},{"@type":"Person","@id":"https:\/\/dicodusport.fr\/blog\/#\/schema\/person\/cb02af4c173ce4a653b55e9baf388d4a","name":"Flo Ostermann","image":{"@type":"ImageObject","inLanguage":"fr-FR","@id":"https:\/\/dicodusport.fr\/blog\/#\/schema\/person\/image\/","url":"https:\/\/dicodusport.fr\/blog\/wp-content\/uploads\/2021\/05\/Flo-Ostermann-150x150.jpg","contentUrl":"https:\/\/dicodusport.fr\/blog\/wp-content\/uploads\/2021\/05\/Flo-Ostermann-150x150.jpg","caption":"Flo Ostermann"},"description":"Journaliste\/R\u00e9dacteur depuis septembre 2015 - Mes premiers souvenirs dans le sport ? Les envol\u00e9es du Stade Toulousain et les duels Villeneuve-Schumacher et H\u00e4kkinen-Schumacher \u00e0 la fin des ann\u00e9es 90, la Coupe du monde de football en 1998, l\u2019exploit du XV de France face aux All Blacks en 1999, mais aussi Richard C\u0153ur de Lion qui vole sur les montagnes du Tour de France. Bien parti pour devenir professeur d\u2019EPS, les \u00e9v\u00e9nements de la vie (et la flemme d\u2019animer des s\u00e9ances de 3x500 m\u00e8tres toute ma vie) m\u2019ont conduit \u00e0 revoir mes plans. Me voil\u00e0 depuis fin 2017 sur Dicodusport, m\u00e9dia gr\u00e2ce (et pour) lequel je partage ma passion : le sport dans tous ses \u00e9tats. Le tout accompagn\u00e9 par les fous furieux et folles furieuses cit\u00e9s sur cette page !","sameAs":["https:\/\/www.facebook.com\/florent.ostermann","https:\/\/x.com\/https:\/\/twitter.com\/FlOstermann","admin"],"url":"https:\/\/dicodusport.fr\/blog\/author\/flo\/"}]}},"_links":{"self":[{"href":"https:\/\/dicodusport.fr\/blog\/wp-json\/wp\/v2\/posts\/164492","targetHints":{"allow":["GET"]}}],"collection":[{"href":"https:\/\/dicodusport.fr\/blog\/wp-json\/wp\/v2\/posts"}],"about":[{"href":"https:\/\/dicodusport.fr\/blog\/wp-json\/wp\/v2\/types\/post"}],"author":[{"embeddable":true,"href":"https:\/\/dicodusport.fr\/blog\/wp-json\/wp\/v2\/users\/4"}],"replies":[{"embeddable":true,"href":"https:\/\/dicodusport.fr\/blog\/wp-json\/wp\/v2\/comments?post=164492"}],"version-history":[{"count":0,"href":"https:\/\/dicodusport.fr\/blog\/wp-json\/wp\/v2\/posts\/164492\/revisions"}],"wp:featuredmedia":[{"embeddable":true,"href":"https:\/\/dicodusport.fr\/blog\/wp-json\/wp\/v2\/media\/164497"}],"wp:attachment":[{"href":"https:\/\/dicodusport.fr\/blog\/wp-json\/wp\/v2\/media?parent=164492"}],"wp:term":[{"taxonomy":"category","embeddable":true,"href":"https:\/\/dicodusport.fr\/blog\/wp-json\/wp\/v2\/categories?post=164492"},{"taxonomy":"post_tag","embeddable":true,"href":"https:\/\/dicodusport.fr\/blog\/wp-json\/wp\/v2\/tags?post=164492"}],"curies":[{"name":"wp","href":"https:\/\/api.w.org\/{rel}","templated":true}]}}