{"id":164720,"date":"2021-09-07T17:41:23","date_gmt":"2021-09-07T15:41:23","guid":{"rendered":"https:\/\/dicodusport.fr\/blog\/?p=164720&#038;preview=true&#038;preview_id=164720"},"modified":"2021-09-07T17:41:23","modified_gmt":"2021-09-07T15:41:23","slug":"miguel-angel-lopez-le-debut-de-la-fin-chez-movistar","status":"publish","type":"post","link":"https:\/\/dicodusport.fr\/blog\/miguel-angel-lopez-le-debut-de-la-fin-chez-movistar\/","title":{"rendered":"Miguel Angel Lopez, le d\u00e9but de la fin chez Movistar ?"},"content":{"rendered":"<p style=\"text-align: justify;\"><strong><em>CYCLISME &#8211; Alors qu&rsquo;il r\u00e9alisait une tr\u00e8s belle Vuelta, troisi\u00e8me apr\u00e8s 19 \u00e9tapes, Miguel Angle Lopez (Movistar) a tout perdu lors de l&rsquo;avant-derni\u00e8re journ\u00e9e de course, abandonnant la veille de l&rsquo;arriv\u00e9e dans un \u00e9norme imbroglio.<\/em><\/strong><\/p>\n<p style=\"text-align: justify;\">Un petit rappel des faits s&rsquo;impose ! Le grimpeur colombien <strong>Miguel Angel Lopez<\/strong> \u00e9tait troisi\u00e8me au g\u00e9n\u00e9ral, avec des vraies chances de podium. <a href=\"https:\/\/dicodusport.fr\/blog\/tour-despagne-2021-miguel-angel-lopez-simpose-au-sommet-du-terrible-altu-del-gamoniteiru\/\">L&rsquo;ancien coureur d&rsquo;Astana avait notamment remport\u00e9 la 18\u00e8me \u00e9tape en solitaire<\/a>, au sommet du spectaculaire col du Gamoniteiru.<\/p>\n<p style=\"text-align: justify;\">Samedi, on est alors en plein c\u0153ur de l&rsquo;avant-derni\u00e8re \u00e9tape dans l&rsquo;Alto de Mougas : <strong>Egan Bernal<\/strong> place une premi\u00e8re acc\u00e9l\u00e9ration et <strong>Miguel Angle Lopez<\/strong> embraye le pas de son compatriote. Il s&rsquo;en suit un regroupement, puis la fameuse attaque d&rsquo;<strong>Adam Yates <\/strong>: <strong>Primoz Roglic<\/strong> et <strong>Enric Mas<\/strong> embo\u00eetent le pas du Britannique, mais le grimpeur colombien reste cal\u00e9 dans la roue de l&rsquo;autres INEOS, Egan Bernal. Devant, l&rsquo;\u00e9cart se creuse rapidement. <strong>Miguel Angel Lopez<\/strong> tente de boucher le trou, mais c&rsquo;est d\u00e9j\u00e0 trop tard. <em>Superman<\/em> aurait ensuite re\u00e7u la consigne de ne pas rouler derri\u00e8re, pour ne pas ramener des coureurs dangereux pouvant mettre en danger la deuxi\u00e8me place de son co\u00e9quipier, <strong>Enric Mas<\/strong>. Le thread ci-dessous reprend la chronologie en d\u00e9tail.<\/p>\n<blockquote class=\"twitter-tweet\">\n<p dir=\"ltr\" lang=\"fr\">Les amis, petit thread du moment o\u00f9 tout a bascul\u00e9 pour Miguel \u00c1ngel L\u00f3pez <a href=\"https:\/\/twitter.com\/hashtag\/LaVuelta21?src=hash&amp;ref_src=twsrc%5Etfw\">#LaVuelta21<\/a><br \/>\n&#x2b07;&#xfe0f;&#x2b07;&#xfe0f;&#x2b07;&#xfe0f;&#x2b07;&#xfe0f;&#x2b07;&#xfe0f;&#x2b07;&#xfe0f;&#x2b07;&#xfe0f;&#x2b07;&#xfe0f;&#x2b07;&#xfe0f;&#x2b07;&#xfe0f; <a href=\"https:\/\/t.co\/aM3vvYVgU5\">pic.twitter.com\/aM3vvYVgU5<\/a><\/p>\n<p>\u2014 Nico &#x270c;&#x1f6b5;&#x200d;&#x2642;&#xfe0f; (@Nico_isn) <a href=\"https:\/\/twitter.com\/Nico_isn\/status\/1434229581741969411?ref_src=twsrc%5Etfw\">September 4, 2021<\/a><\/p><\/blockquote>\n<p style=\"text-align: justify;\"><script async src=\"https:\/\/platform.twitter.com\/widgets.js\" charset=\"utf-8\"><\/script><\/p>\n<h2 style=\"text-align: justify;\"><strong>Lopez, l&rsquo;imbroglio<\/strong><\/h2>\n<p style=\"text-align: justify;\">Le coureur Movistar abandonne alors la course et dispara\u00eet m\u00eame de la circulation. Ce dernier ne sera m\u00eame pas au d\u00eener de son \u00e9quipe apr\u00e8s la derni\u00e8re \u00e9tape, dimanche. Pour le m\u00e9dia <em>Vox<\/em>, <strong>Eusebio Unzu\u00e9<\/strong>, le boss de la formation espagnole, a expliqu\u00e9 que son \u00e9quipe se penchait sur le cas de <strong>Miguel Angel Lopez<\/strong>, et que le licenciement \u00e9tait une option.<\/p>\n<blockquote>\n<p style=\"text-align: justify;\">C&rsquo;est une des options, clairement. On veut d&rsquo;abord prendre un peu de distance, analyser la Vuelta, et dans quelques jours on prendra une d\u00e9cision d\u00e9finitive. Lopez n&rsquo;a pas assist\u00e9 au d\u00eener de l&rsquo;\u00e9quipe apr\u00e8s la Vuelta, il \u00e9tait avec sa famille. L&rsquo;atmosph\u00e8re \u00e9tait bonne \u00e0 ce d\u00eener. Au final, il faut arriver \u00e0 s\u00e9parer les choses. On \u00e9tait venu sur la Vuelta pour gagner une \u00e9tape et placer un coureur sur le podium, et c&rsquo;est ce qu&rsquo;on a fait.<\/p>\n<\/blockquote>\n<p style=\"text-align: justify;\">L&rsquo;homme fort de Movistar a ajout\u00e9 que <em>\u00ab Miguel Angel Lopez a pris la pire d\u00e9cision \u00bb. <\/em>Son sort devrait \u00eatre connu dans les prochains jours.<\/p>\n<blockquote class=\"twitter-tweet\">\n<p dir=\"ltr\" lang=\"en\">Unzue back on Lopez situation in an interview for vox: he said that Lopez was not in the final dinner of the team in Santiago and that him leaving the team is a possibility. A decision on Lopez will be taken in a couple of days.<a href=\"https:\/\/t.co\/EgGsGw72ip\">https:\/\/t.co\/EgGsGw72ip<\/a><\/p>\n<p>\u2014 La Flamme Rouge (@laflammerouge16) <a href=\"https:\/\/twitter.com\/laflammerouge16\/status\/1435181692675833859?ref_src=twsrc%5Etfw\">September 7, 2021<\/a><\/p><\/blockquote>\n<p style=\"text-align: justify;\"><script async src=\"https:\/\/platform.twitter.com\/widgets.js\" charset=\"utf-8\"><\/script><\/p>\n","protected":false},"excerpt":{"rendered":"<p>CYCLISME &#8211; Alors qu&rsquo;il r\u00e9alisait une tr\u00e8s belle Vuelta, troisi\u00e8me apr\u00e8s 19 \u00e9tapes, Miguel Angle Lopez (Movistar) a tout perdu lors de l&rsquo;avant-derni\u00e8re journ\u00e9e de course, abandonnant la veille de l&rsquo;arriv\u00e9e dans un \u00e9norme imbroglio.<\/p>\n","protected":false},"author":1,"featured_media":164722,"comment_status":"open","ping_status":"closed","sticky":false,"template":"","format":"standard","meta":{"_acf_changed":false,"_daextam_enable_autolinks":"","footnotes":""},"categories":[2307],"tags":[11931,5354,1670],"class_list":["post-164720","post","type-post","status-publish","format-standard","has-post-thumbnail","hentry","category-cyclisme","tag-miguel-angel-lopez","tag-movistar","tag-vuelta"],"acf":[],"yoast_head":"<!-- This site is optimized with the Yoast SEO Premium plugin v26.7 (Yoast SEO v26.7) - https:\/\/yoast.com\/wordpress\/plugins\/seo\/ -->\n<title>Miguel Angel Lopez, le d\u00e9but de la fin chez Movistar ?<\/title>\n<meta name=\"description\" content=\"CYCLISME - Alors qu&#039;il r\u00e9alisait une tr\u00e8s belle Vuelta, troisi\u00e8me apr\u00e8s 19 \u00e9tapes, Miguel Angle Lopez (Movistar) a tout perdu lors de l&#039;avant-derni\u00e8re journ\u00e9e.\" \/>\n<meta name=\"robots\" content=\"index, follow, max-snippet:-1, max-image-preview:large, max-video-preview:-1\" \/>\n<link rel=\"canonical\" href=\"https:\/\/dicodusport.fr\/blog\/miguel-angel-lopez-le-debut-de-la-fin-chez-movistar\/\" \/>\n<meta property=\"og:locale\" content=\"fr_FR\" \/>\n<meta property=\"og:type\" content=\"article\" \/>\n<meta property=\"og:title\" content=\"Miguel Angel Lopez, le d\u00e9but de la fin chez Movistar ?\" \/>\n<meta property=\"og:description\" content=\"CYCLISME - Alors qu&#039;il r\u00e9alisait une tr\u00e8s belle Vuelta, troisi\u00e8me apr\u00e8s 19 \u00e9tapes, Miguel Angle Lopez (Movistar) a tout perdu lors de l&#039;avant-derni\u00e8re journ\u00e9e.\" \/>\n<meta property=\"og:url\" content=\"https:\/\/dicodusport.fr\/blog\/miguel-angel-lopez-le-debut-de-la-fin-chez-movistar\/\" \/>\n<meta property=\"og:site_name\" content=\"Dicodusport\" \/>\n<meta property=\"article:publisher\" content=\"https:\/\/www.facebook.com\/dicodusport\" \/>\n<meta property=\"article:author\" content=\"https:\/\/www.facebook.com\/dicodusport\" \/>\n<meta property=\"article:published_time\" content=\"2021-09-07T15:41:23+00:00\" \/>\n<meta property=\"og:image\" content=\"https:\/\/dicodusport.fr\/blog\/wp-content\/uploads\/2021\/09\/Miguel-Angel-Lopez-le-de\u0301but-de-la-fin-chez-Movistar-.png\" \/>\n\t<meta property=\"og:image:width\" content=\"800\" \/>\n\t<meta property=\"og:image:height\" content=\"445\" \/>\n\t<meta property=\"og:image:type\" content=\"image\/png\" \/>\n<meta name=\"author\" content=\"Nicolas Jacquemard\" \/>\n<meta name=\"twitter:card\" content=\"summary_large_image\" \/>\n<meta name=\"twitter:title\" content=\"Miguel Angel Lopez, le d\u00e9but de la fin chez Movistar ?\" \/>\n<meta name=\"twitter:creator\" content=\"@https:\/\/twitter.com\/Nico_Jacquemard\" \/>\n<meta name=\"twitter:site\" content=\"@dicodusport\" \/>\n<script type=\"application\/ld+json\" class=\"yoast-schema-graph\">{\"@context\":\"https:\/\/schema.org\",\"@graph\":[{\"@type\":\"NewsArticle\",\"@id\":\"https:\/\/dicodusport.fr\/blog\/miguel-angel-lopez-le-debut-de-la-fin-chez-movistar\/#article\",\"isPartOf\":{\"@id\":\"https:\/\/dicodusport.fr\/blog\/miguel-angel-lopez-le-debut-de-la-fin-chez-movistar\/\"},\"author\":{\"name\":\"Nicolas Jacquemard\",\"@id\":\"https:\/\/dicodusport.fr\/blog\/#\/schema\/person\/55dcb50ad410894e431ed812bbb70191\"},\"headline\":\"Miguel Angel Lopez, le d\u00e9but de la fin chez Movistar ?\",\"datePublished\":\"2021-09-07T15:41:23+00:00\",\"mainEntityOfPage\":{\"@id\":\"https:\/\/dicodusport.fr\/blog\/miguel-angel-lopez-le-debut-de-la-fin-chez-movistar\/\"},\"wordCount\":561,\"commentCount\":1,\"publisher\":{\"@id\":\"https:\/\/dicodusport.fr\/blog\/#organization\"},\"image\":{\"@id\":\"https:\/\/dicodusport.fr\/blog\/miguel-angel-lopez-le-debut-de-la-fin-chez-movistar\/#primaryimage\"},\"thumbnailUrl\":\"https:\/\/dicodusport.fr\/blog\/wp-content\/uploads\/2021\/09\/Miguel-Angel-Lopez-le-de\u0301but-de-la-fin-chez-Movistar-.png\",\"keywords\":[\"Miguel Angel Lopez\",\"Movistar\",\"Vuelta\"],\"articleSection\":[\"Cyclisme\"],\"inLanguage\":\"fr-FR\",\"potentialAction\":[{\"@type\":\"CommentAction\",\"name\":\"Comment\",\"target\":[\"https:\/\/dicodusport.fr\/blog\/miguel-angel-lopez-le-debut-de-la-fin-chez-movistar\/#respond\"]}],\"copyrightYear\":\"2021\",\"copyrightHolder\":{\"@id\":\"https:\/\/dicodusport.fr\/blog\/#organization\"}},{\"@type\":\"WebPage\",\"@id\":\"https:\/\/dicodusport.fr\/blog\/miguel-angel-lopez-le-debut-de-la-fin-chez-movistar\/\",\"url\":\"https:\/\/dicodusport.fr\/blog\/miguel-angel-lopez-le-debut-de-la-fin-chez-movistar\/\",\"name\":\"Miguel Angel Lopez, le d\u00e9but de la fin chez Movistar ?\",\"isPartOf\":{\"@id\":\"https:\/\/dicodusport.fr\/blog\/#website\"},\"primaryImageOfPage\":{\"@id\":\"https:\/\/dicodusport.fr\/blog\/miguel-angel-lopez-le-debut-de-la-fin-chez-movistar\/#primaryimage\"},\"image\":{\"@id\":\"https:\/\/dicodusport.fr\/blog\/miguel-angel-lopez-le-debut-de-la-fin-chez-movistar\/#primaryimage\"},\"thumbnailUrl\":\"https:\/\/dicodusport.fr\/blog\/wp-content\/uploads\/2021\/09\/Miguel-Angel-Lopez-le-de\u0301but-de-la-fin-chez-Movistar-.png\",\"datePublished\":\"2021-09-07T15:41:23+00:00\",\"description\":\"CYCLISME - Alors qu'il r\u00e9alisait une tr\u00e8s belle Vuelta, troisi\u00e8me apr\u00e8s 19 \u00e9tapes, Miguel Angle Lopez (Movistar) a tout perdu lors de l'avant-derni\u00e8re journ\u00e9e.\",\"breadcrumb\":{\"@id\":\"https:\/\/dicodusport.fr\/blog\/miguel-angel-lopez-le-debut-de-la-fin-chez-movistar\/#breadcrumb\"},\"inLanguage\":\"fr-FR\",\"potentialAction\":[{\"@type\":\"ReadAction\",\"target\":[\"https:\/\/dicodusport.fr\/blog\/miguel-angel-lopez-le-debut-de-la-fin-chez-movistar\/\"]}]},{\"@type\":\"ImageObject\",\"inLanguage\":\"fr-FR\",\"@id\":\"https:\/\/dicodusport.fr\/blog\/miguel-angel-lopez-le-debut-de-la-fin-chez-movistar\/#primaryimage\",\"url\":\"https:\/\/dicodusport.fr\/blog\/wp-content\/uploads\/2021\/09\/Miguel-Angel-Lopez-le-de\u0301but-de-la-fin-chez-Movistar-.png\",\"contentUrl\":\"https:\/\/dicodusport.fr\/blog\/wp-content\/uploads\/2021\/09\/Miguel-Angel-Lopez-le-de\u0301but-de-la-fin-chez-Movistar-.png\",\"width\":800,\"height\":445},{\"@type\":\"BreadcrumbList\",\"@id\":\"https:\/\/dicodusport.fr\/blog\/miguel-angel-lopez-le-debut-de-la-fin-chez-movistar\/#breadcrumb\",\"itemListElement\":[{\"@type\":\"ListItem\",\"position\":1,\"name\":\"Accueil\",\"item\":\"https:\/\/dicodusport.fr\/blog\/\"},{\"@type\":\"ListItem\",\"position\":2,\"name\":\"Miguel Angel Lopez, le d\u00e9but de la fin chez Movistar ?\"}]},{\"@type\":\"WebSite\",\"@id\":\"https:\/\/dicodusport.fr\/blog\/#website\",\"url\":\"https:\/\/dicodusport.fr\/blog\/\",\"name\":\"Dicodusport\",\"description\":\"L&#039;encyclop\u00e9die de l&#039;actualit\u00e9 sportive\",\"publisher\":{\"@id\":\"https:\/\/dicodusport.fr\/blog\/#organization\"},\"potentialAction\":[{\"@type\":\"SearchAction\",\"target\":{\"@type\":\"EntryPoint\",\"urlTemplate\":\"https:\/\/dicodusport.fr\/blog\/?s={search_term_string}\"},\"query-input\":{\"@type\":\"PropertyValueSpecification\",\"valueRequired\":true,\"valueName\":\"search_term_string\"}}],\"inLanguage\":\"fr-FR\"},{\"@type\":\"NewsMediaOrganization\",\"@id\":\"https:\/\/dicodusport.fr\/blog\/#organization\",\"name\":\"Dicodusport\",\"url\":\"https:\/\/dicodusport.fr\/blog\/\",\"logo\":{\"@type\":\"ImageObject\",\"inLanguage\":\"fr-FR\",\"@id\":\"https:\/\/dicodusport.fr\/blog\/#\/schema\/logo\/image\/\",\"url\":\"https:\/\/dicodusport.fr\/blog\/wp-content\/uploads\/2020\/06\/cropped-LOGO-DICODUSPORT-2020-SANS-FOND-SANS-TEXTE.png\",\"contentUrl\":\"https:\/\/dicodusport.fr\/blog\/wp-content\/uploads\/2020\/06\/cropped-LOGO-DICODUSPORT-2020-SANS-FOND-SANS-TEXTE.png\",\"width\":512,\"height\":512,\"caption\":\"Dicodusport\"},\"image\":{\"@id\":\"https:\/\/dicodusport.fr\/blog\/#\/schema\/logo\/image\/\"},\"sameAs\":[\"https:\/\/www.facebook.com\/dicodusport\",\"https:\/\/x.com\/dicodusport\",\"https:\/\/www.instagram.com\/dicodusport\/\",\"https:\/\/www.youtube.com\/channel\/UC7V2KZ5sd3htJivAbA4ZG3w\"],\"description\":\"Dicodusport est l'encyclop\u00e9die de l'actualit\u00e9 sportive.\",\"email\":\"bonjour@dicodusport.fr\",\"legalName\":\"DICODUSPORT\",\"foundingDate\":\"2018-01-14\",\"vatID\":\"FR71834470973\",\"taxID\":\"83447097300043\",\"numberOfEmployees\":{\"@type\":\"QuantitativeValue\",\"minValue\":\"1\",\"maxValue\":\"10\"}},{\"@type\":\"Person\",\"@id\":\"https:\/\/dicodusport.fr\/blog\/#\/schema\/person\/55dcb50ad410894e431ed812bbb70191\",\"name\":\"Nicolas Jacquemard\",\"image\":{\"@type\":\"ImageObject\",\"inLanguage\":\"fr-FR\",\"@id\":\"https:\/\/dicodusport.fr\/blog\/#\/schema\/person\/image\/\",\"url\":\"https:\/\/dicodusport.fr\/blog\/wp-content\/uploads\/2021\/05\/Nicolas-Jacquemard-150x150.jpeg\",\"contentUrl\":\"https:\/\/dicodusport.fr\/blog\/wp-content\/uploads\/2021\/05\/Nicolas-Jacquemard-150x150.jpeg\",\"caption\":\"Nicolas Jacquemard\"},\"description\":\"Passionn\u00e9 de sport et entrepreneur depuis mes 18 ans, la cr\u00e9ation de Dicodusport m'a sembl\u00e9 \u00e9vidente pour participer \u00e0 la m\u00e9diatisation d'un plus grand nombre de sports. Le chemin est long mais avec une \u00e9quipe des plus motiv\u00e9es et les Jeux Olympiques de Paris 2024 en point de mire, nous y arriverons ! Journaliste dans le monde du sport depuis plus de 5 ans, je traite aussi bien de football, de rugby, de biathlon que de cyclisme.\",\"sameAs\":[\"https:\/\/www.facebook.com\/dicodusport\",\"https:\/\/x.com\/https:\/\/twitter.com\/Nico_Jacquemard\"],\"url\":\"https:\/\/dicodusport.fr\/blog\/author\/dicodusport\/\"}]}<\/script>\n<!-- \/ Yoast SEO Premium plugin. -->","yoast_head_json":{"title":"Miguel Angel Lopez, le d\u00e9but de la fin chez Movistar ?","description":"CYCLISME - Alors qu'il r\u00e9alisait une tr\u00e8s belle Vuelta, troisi\u00e8me apr\u00e8s 19 \u00e9tapes, Miguel Angle Lopez (Movistar) a tout perdu lors de l'avant-derni\u00e8re journ\u00e9e.","robots":{"index":"index","follow":"follow","max-snippet":"max-snippet:-1","max-image-preview":"max-image-preview:large","max-video-preview":"max-video-preview:-1"},"canonical":"https:\/\/dicodusport.fr\/blog\/miguel-angel-lopez-le-debut-de-la-fin-chez-movistar\/","og_locale":"fr_FR","og_type":"article","og_title":"Miguel Angel Lopez, le d\u00e9but de la fin chez Movistar ?","og_description":"CYCLISME - Alors qu'il r\u00e9alisait une tr\u00e8s belle Vuelta, troisi\u00e8me apr\u00e8s 19 \u00e9tapes, Miguel Angle Lopez (Movistar) a tout perdu lors de l'avant-derni\u00e8re journ\u00e9e.","og_url":"https:\/\/dicodusport.fr\/blog\/miguel-angel-lopez-le-debut-de-la-fin-chez-movistar\/","og_site_name":"Dicodusport","article_publisher":"https:\/\/www.facebook.com\/dicodusport","article_author":"https:\/\/www.facebook.com\/dicodusport","article_published_time":"2021-09-07T15:41:23+00:00","og_image":[{"width":800,"height":445,"url":"https:\/\/dicodusport.fr\/blog\/wp-content\/uploads\/2021\/09\/Miguel-Angel-Lopez-le-de\u0301but-de-la-fin-chez-Movistar-.png","type":"image\/png"}],"author":"Nicolas Jacquemard","twitter_card":"summary_large_image","twitter_title":"Miguel Angel Lopez, le d\u00e9but de la fin chez Movistar ?","twitter_creator":"@https:\/\/twitter.com\/Nico_Jacquemard","twitter_site":"@dicodusport","schema":{"@context":"https:\/\/schema.org","@graph":[{"@type":"NewsArticle","@id":"https:\/\/dicodusport.fr\/blog\/miguel-angel-lopez-le-debut-de-la-fin-chez-movistar\/#article","isPartOf":{"@id":"https:\/\/dicodusport.fr\/blog\/miguel-angel-lopez-le-debut-de-la-fin-chez-movistar\/"},"author":{"name":"Nicolas Jacquemard","@id":"https:\/\/dicodusport.fr\/blog\/#\/schema\/person\/55dcb50ad410894e431ed812bbb70191"},"headline":"Miguel Angel Lopez, le d\u00e9but de la fin chez Movistar ?","datePublished":"2021-09-07T15:41:23+00:00","mainEntityOfPage":{"@id":"https:\/\/dicodusport.fr\/blog\/miguel-angel-lopez-le-debut-de-la-fin-chez-movistar\/"},"wordCount":561,"commentCount":1,"publisher":{"@id":"https:\/\/dicodusport.fr\/blog\/#organization"},"image":{"@id":"https:\/\/dicodusport.fr\/blog\/miguel-angel-lopez-le-debut-de-la-fin-chez-movistar\/#primaryimage"},"thumbnailUrl":"https:\/\/dicodusport.fr\/blog\/wp-content\/uploads\/2021\/09\/Miguel-Angel-Lopez-le-de\u0301but-de-la-fin-chez-Movistar-.png","keywords":["Miguel Angel Lopez","Movistar","Vuelta"],"articleSection":["Cyclisme"],"inLanguage":"fr-FR","potentialAction":[{"@type":"CommentAction","name":"Comment","target":["https:\/\/dicodusport.fr\/blog\/miguel-angel-lopez-le-debut-de-la-fin-chez-movistar\/#respond"]}],"copyrightYear":"2021","copyrightHolder":{"@id":"https:\/\/dicodusport.fr\/blog\/#organization"}},{"@type":"WebPage","@id":"https:\/\/dicodusport.fr\/blog\/miguel-angel-lopez-le-debut-de-la-fin-chez-movistar\/","url":"https:\/\/dicodusport.fr\/blog\/miguel-angel-lopez-le-debut-de-la-fin-chez-movistar\/","name":"Miguel Angel Lopez, le d\u00e9but de la fin chez Movistar ?","isPartOf":{"@id":"https:\/\/dicodusport.fr\/blog\/#website"},"primaryImageOfPage":{"@id":"https:\/\/dicodusport.fr\/blog\/miguel-angel-lopez-le-debut-de-la-fin-chez-movistar\/#primaryimage"},"image":{"@id":"https:\/\/dicodusport.fr\/blog\/miguel-angel-lopez-le-debut-de-la-fin-chez-movistar\/#primaryimage"},"thumbnailUrl":"https:\/\/dicodusport.fr\/blog\/wp-content\/uploads\/2021\/09\/Miguel-Angel-Lopez-le-de\u0301but-de-la-fin-chez-Movistar-.png","datePublished":"2021-09-07T15:41:23+00:00","description":"CYCLISME - Alors qu'il r\u00e9alisait une tr\u00e8s belle Vuelta, troisi\u00e8me apr\u00e8s 19 \u00e9tapes, Miguel Angle Lopez (Movistar) a tout perdu lors de l'avant-derni\u00e8re journ\u00e9e.","breadcrumb":{"@id":"https:\/\/dicodusport.fr\/blog\/miguel-angel-lopez-le-debut-de-la-fin-chez-movistar\/#breadcrumb"},"inLanguage":"fr-FR","potentialAction":[{"@type":"ReadAction","target":["https:\/\/dicodusport.fr\/blog\/miguel-angel-lopez-le-debut-de-la-fin-chez-movistar\/"]}]},{"@type":"ImageObject","inLanguage":"fr-FR","@id":"https:\/\/dicodusport.fr\/blog\/miguel-angel-lopez-le-debut-de-la-fin-chez-movistar\/#primaryimage","url":"https:\/\/dicodusport.fr\/blog\/wp-content\/uploads\/2021\/09\/Miguel-Angel-Lopez-le-de\u0301but-de-la-fin-chez-Movistar-.png","contentUrl":"https:\/\/dicodusport.fr\/blog\/wp-content\/uploads\/2021\/09\/Miguel-Angel-Lopez-le-de\u0301but-de-la-fin-chez-Movistar-.png","width":800,"height":445},{"@type":"BreadcrumbList","@id":"https:\/\/dicodusport.fr\/blog\/miguel-angel-lopez-le-debut-de-la-fin-chez-movistar\/#breadcrumb","itemListElement":[{"@type":"ListItem","position":1,"name":"Accueil","item":"https:\/\/dicodusport.fr\/blog\/"},{"@type":"ListItem","position":2,"name":"Miguel Angel Lopez, le d\u00e9but de la fin chez Movistar ?"}]},{"@type":"WebSite","@id":"https:\/\/dicodusport.fr\/blog\/#website","url":"https:\/\/dicodusport.fr\/blog\/","name":"Dicodusport","description":"L&#039;encyclop\u00e9die de l&#039;actualit\u00e9 sportive","publisher":{"@id":"https:\/\/dicodusport.fr\/blog\/#organization"},"potentialAction":[{"@type":"SearchAction","target":{"@type":"EntryPoint","urlTemplate":"https:\/\/dicodusport.fr\/blog\/?s={search_term_string}"},"query-input":{"@type":"PropertyValueSpecification","valueRequired":true,"valueName":"search_term_string"}}],"inLanguage":"fr-FR"},{"@type":"NewsMediaOrganization","@id":"https:\/\/dicodusport.fr\/blog\/#organization","name":"Dicodusport","url":"https:\/\/dicodusport.fr\/blog\/","logo":{"@type":"ImageObject","inLanguage":"fr-FR","@id":"https:\/\/dicodusport.fr\/blog\/#\/schema\/logo\/image\/","url":"https:\/\/dicodusport.fr\/blog\/wp-content\/uploads\/2020\/06\/cropped-LOGO-DICODUSPORT-2020-SANS-FOND-SANS-TEXTE.png","contentUrl":"https:\/\/dicodusport.fr\/blog\/wp-content\/uploads\/2020\/06\/cropped-LOGO-DICODUSPORT-2020-SANS-FOND-SANS-TEXTE.png","width":512,"height":512,"caption":"Dicodusport"},"image":{"@id":"https:\/\/dicodusport.fr\/blog\/#\/schema\/logo\/image\/"},"sameAs":["https:\/\/www.facebook.com\/dicodusport","https:\/\/x.com\/dicodusport","https:\/\/www.instagram.com\/dicodusport\/","https:\/\/www.youtube.com\/channel\/UC7V2KZ5sd3htJivAbA4ZG3w"],"description":"Dicodusport est l'encyclop\u00e9die de l'actualit\u00e9 sportive.","email":"bonjour@dicodusport.fr","legalName":"DICODUSPORT","foundingDate":"2018-01-14","vatID":"FR71834470973","taxID":"83447097300043","numberOfEmployees":{"@type":"QuantitativeValue","minValue":"1","maxValue":"10"}},{"@type":"Person","@id":"https:\/\/dicodusport.fr\/blog\/#\/schema\/person\/55dcb50ad410894e431ed812bbb70191","name":"Nicolas Jacquemard","image":{"@type":"ImageObject","inLanguage":"fr-FR","@id":"https:\/\/dicodusport.fr\/blog\/#\/schema\/person\/image\/","url":"https:\/\/dicodusport.fr\/blog\/wp-content\/uploads\/2021\/05\/Nicolas-Jacquemard-150x150.jpeg","contentUrl":"https:\/\/dicodusport.fr\/blog\/wp-content\/uploads\/2021\/05\/Nicolas-Jacquemard-150x150.jpeg","caption":"Nicolas Jacquemard"},"description":"Passionn\u00e9 de sport et entrepreneur depuis mes 18 ans, la cr\u00e9ation de Dicodusport m'a sembl\u00e9 \u00e9vidente pour participer \u00e0 la m\u00e9diatisation d'un plus grand nombre de sports. Le chemin est long mais avec une \u00e9quipe des plus motiv\u00e9es et les Jeux Olympiques de Paris 2024 en point de mire, nous y arriverons ! Journaliste dans le monde du sport depuis plus de 5 ans, je traite aussi bien de football, de rugby, de biathlon que de cyclisme.","sameAs":["https:\/\/www.facebook.com\/dicodusport","https:\/\/x.com\/https:\/\/twitter.com\/Nico_Jacquemard"],"url":"https:\/\/dicodusport.fr\/blog\/author\/dicodusport\/"}]}},"_links":{"self":[{"href":"https:\/\/dicodusport.fr\/blog\/wp-json\/wp\/v2\/posts\/164720","targetHints":{"allow":["GET"]}}],"collection":[{"href":"https:\/\/dicodusport.fr\/blog\/wp-json\/wp\/v2\/posts"}],"about":[{"href":"https:\/\/dicodusport.fr\/blog\/wp-json\/wp\/v2\/types\/post"}],"author":[{"embeddable":true,"href":"https:\/\/dicodusport.fr\/blog\/wp-json\/wp\/v2\/users\/1"}],"replies":[{"embeddable":true,"href":"https:\/\/dicodusport.fr\/blog\/wp-json\/wp\/v2\/comments?post=164720"}],"version-history":[{"count":0,"href":"https:\/\/dicodusport.fr\/blog\/wp-json\/wp\/v2\/posts\/164720\/revisions"}],"wp:featuredmedia":[{"embeddable":true,"href":"https:\/\/dicodusport.fr\/blog\/wp-json\/wp\/v2\/media\/164722"}],"wp:attachment":[{"href":"https:\/\/dicodusport.fr\/blog\/wp-json\/wp\/v2\/media?parent=164720"}],"wp:term":[{"taxonomy":"category","embeddable":true,"href":"https:\/\/dicodusport.fr\/blog\/wp-json\/wp\/v2\/categories?post=164720"},{"taxonomy":"post_tag","embeddable":true,"href":"https:\/\/dicodusport.fr\/blog\/wp-json\/wp\/v2\/tags?post=164720"}],"curies":[{"name":"wp","href":"https:\/\/api.w.org\/{rel}","templated":true}]}}