{"id":164746,"date":"2021-09-07T22:54:16","date_gmt":"2021-09-07T20:54:16","guid":{"rendered":"https:\/\/dicodusport.fr\/blog\/?p=164746&#038;preview=true&#038;preview_id=164746"},"modified":"2021-09-07T23:10:16","modified_gmt":"2021-09-07T21:10:16","slug":"france-finlande-notes-bleus","status":"publish","type":"post","link":"https:\/\/dicodusport.fr\/blog\/france-finlande-notes-bleus\/","title":{"rendered":"France &#8211; Finlande : les notes des Bleus"},"content":{"rendered":"<p style=\"text-align: justify;\"><strong><em>QUALIFICATIONS COUPE DU MONDE 2022 &#8211; Entreprenante, <a href=\"https:\/\/dicodusport.fr\/blog\/qualifications-mondial-2022-entreprenants-bleus-se-rassurent-contre-finlande\/\">l&rsquo;\u00e9quipe de France s&rsquo;est impos\u00e9e ce mardi contre la Finlande (2-0)<\/a>. Les hommes de Didier Deschamps respirent apr\u00e8s 5 matchs nuls de rang. Les notes des Bleus.<\/em><\/strong><\/p>\n<h2 style=\"text-align: justify;\">Les notes des Bleus face \u00e0 la Finlande<\/h2>\n<h3 style=\"text-align: justify;\">Les notes du gardien, des d\u00e9fenseurs et des lat\u00e9raux<\/h3>\n<p style=\"text-align: justify;\"><strong>Hugo Lloris (6) :<\/strong> Tranquilou bilou.<\/p>\n<p style=\"text-align: justify;\"><strong>Kurt Zouma (6) :<\/strong> D\u00e9fensivement impliqu\u00e9 (80 % de duels gagn\u00e9s), ses mont\u00e9es balle au pied ont souvent apport\u00e9 le surnombre dans le camp finlandais.<\/p>\n<p style=\"text-align: justify;\"><strong>Rapha\u00ebl Varane (5) :<\/strong> \u00c0 force d\u2019entendre qu\u2019il a fini le jeu, Rapha\u00ebl Varane va finir par le croire.<\/p>\n<p style=\"text-align: justify;\"><strong>Presnel Kimpembe (4) :<\/strong> Pimprenelle Kimpembe va-t-il bient\u00f4t se r\u00e9veiller ? Remplac\u00e9 \u00e0 la 90\u00e8me minute par <strong>Cl\u00e9ment Lenglet<\/strong>.<\/p>\n<p style=\"text-align: justify;\"><strong>L\u00e9o Dubois (5) :<\/strong> Il a effectu\u00e9 le nombre impressionnant de 1 passe vers l\u2019avant. Coup de bol, \u00e7a fait passed\u00e9. Un peu mieux apr\u00e8s la pause, il est remplac\u00e9 \u00e0 la 67\u00e8me minute par <strong>Nordi Mukiele<\/strong> qui honorait ce soir sa premi\u00e8re s\u00e9lection.<\/p>\n<p style=\"text-align: justify;\"><strong>Th\u00e9o Hernandez (6,5) :<\/strong> Il s\u2019inscrit avec Lucas dans la grande tradition des fratries du football : les Revelli, les Cheyrou, les Pogba et les Driblou.<\/p>\n<blockquote class=\"twitter-tweet\">\n<p dir=\"ltr\" lang=\"fr\">Lucas Hernandez qui croise Theo Hernandez prendre la titularisation <a href=\"https:\/\/twitter.com\/hashtag\/FRAFIN?src=hash&amp;ref_src=twsrc%5Etfw\">#FRAFIN<\/a> <a href=\"https:\/\/t.co\/14S9qlwyxc\">pic.twitter.com\/14S9qlwyxc<\/a><\/p>\n<p>\u2014  \uea00 (bient\u00f4t en PV) (@tiboenpv) <a href=\"https:\/\/twitter.com\/tiboenpv\/status\/1435326079246520324?ref_src=twsrc%5Etfw\">September 7, 2021<\/a><\/p><\/blockquote>\n<p><script async src=\"https:\/\/platform.twitter.com\/widgets.js\" charset=\"utf-8\"><\/script><\/p>\n<p style=\"text-align: center;\"><a href=\"http:\/\/dicodusport.fr\/blog\/france-finlande-notes-bleus\/2\/#notesmilieuxetattaquants\" class=\"su-button su-button-style-flat\" style=\"color:#FFFFFF;background-color:#005f9b;border-color:#004c7c;border-radius:4px\" target=\"_self\"><span style=\"color:#FFFFFF;padding:0px 26px;font-size:20px;line-height:40px;border-color:#4d8fb9;border-radius:4px;text-shadow:none\"> Les notes des milieux et des attaquants<\/span><\/a>\n<p style=\"text-align: justify;\"><!--nextpage--><a id=\"notesmilieuxetattaquants\"><\/a><strong><em>QUALIFICATIONS COUPE DU MONDE 2022 &#8211; Entreprenante, l&rsquo;\u00e9quipe de France s&rsquo;est impos\u00e9e ce mardi contre la Finlande (2-0). Les hommes de Didier Deschamps respirent apr\u00e8s 5 matchs nuls de rang. Les notes des Bleus.<\/em><\/strong><\/p>\n<h3 style=\"text-align: justify;\">Les notes des milieux et des attaquants<\/h3>\n<p style=\"text-align: justify;\"><strong>Paul Pogba (7) :<\/strong> On a eu le droit au Paul des bons soirs. Il n\u2019\u00e9tait pas seul et \u00e7a change tout. Son habituel rel\u00e2chement aurait pu co\u00fbter un penalty \u00e0 la France.<\/p>\n<p style=\"text-align: justify;\"><strong>Adrien Rabiot (6) :<\/strong> Il n\u2019est pas au poste qu\u2019il pr\u00e9f\u00e8re, pourtant ses passes (94% de r\u00e9ussite) et ses r\u00e9cup\u00e9rations (5) font souvent un bien fou au jeu fran\u00e7ais.<\/p>\n<p style=\"text-align: justify;\"><strong>Antoine Griezmann (8) :<\/strong> Encore une fois buteur, et m\u00eame double buteur, dans un match important pour les Bleus. On attend la fin de la fantaisie capillaire pour retrouver le tr\u00e8s grand Grizou. Remplac\u00e9 dans un applaudissement g\u00e9n\u00e9ral \u00e0 la 90\u00e8me minute par <strong>Aur\u00e9lien Tchouameni<\/strong>.<\/p>\n<blockquote class=\"twitter-tweet\">\n<p dir=\"ltr\" lang=\"fr\">Antoine Griezmann devient le 3e co-meilleur buteur de l&rsquo;histoire de l&rsquo;\u00e9quipe de France en \u00e9galant Michel Platini (41 buts).  <a href=\"https:\/\/t.co\/l7cnYqo4XY\">pic.twitter.com\/l7cnYqo4XY<\/a><\/p>\n<p>\u2014 Actu Foot (@ActuFoot_) <a href=\"https:\/\/twitter.com\/ActuFoot_\/status\/1435331527726882818?ref_src=twsrc%5Etfw\">September 7, 2021<\/a><\/p><\/blockquote>\n<p><script async src=\"https:\/\/platform.twitter.com\/widgets.js\" charset=\"utf-8\"><\/script><\/p>\n<p style=\"text-align: justify;\"><strong>Anthony Martial (7) :<\/strong> Plus discret et moins spectaculaire que ses comparses d\u2019attaque, Anthony Martial n\u2019en a pas moins \u00e9t\u00e9 efficace. Ses appels ont souvent d\u00e9stabilis\u00e9 la d\u00e9fense finlandaise et son jeu simple fluidifi\u00e9 le jeu bleu. Remplac\u00e9 \u00e0 la 80\u00e8me minute par <strong>Wissam Ben Yedder<\/strong>.<\/p>\n<p style=\"text-align: justify;\"><strong>Karim Benzema (7,5) :<\/strong> Lyon est son jardin, le football est sa maison, l\u2019\u00e9quipe de France est sa conqu\u00eate. D\u00e9cisif sur les deux buts de Grizou&rsquo;.<\/p>\n<p style=\"text-align: center;\"><a href=\"http:\/\/dicodusport.fr\/blog\/france-finlande-notes-bleus\/\" class=\"su-button su-button-style-flat\" style=\"color:#FFFFFF;background-color:#005f9b;border-color:#004c7c;border-radius:4px\" target=\"_self\"><span style=\"color:#FFFFFF;padding:0px 26px;font-size:20px;line-height:40px;border-color:#4d8fb9;border-radius:4px;text-shadow:none\"> Revenir aux notes du gardien et des d\u00e9fenseurs<\/span><\/a>\n<p>&nbsp;<\/p>\n","protected":false},"excerpt":{"rendered":"<p>QUALIFICATIONS COUPE DU MONDE 2022 &#8211; Entreprenante, l&rsquo;\u00e9quipe de France s&rsquo;est impos\u00e9e ce mardi contre la Finlande (2-0). Les hommes de Didier Deschamps respirent apr\u00e8s 5 matchs nuls de rang. Les notes des Bleus.<\/p>\n","protected":false},"author":40,"featured_media":164778,"comment_status":"open","ping_status":"closed","sticky":false,"template":"","format":"standard","meta":{"_acf_changed":false,"_daextam_enable_autolinks":"","footnotes":""},"categories":[2301],"tags":[6966,75,30,6693,24],"class_list":["post-164746","post","type-post","status-publish","format-standard","has-post-thumbnail","hentry","category-football","tag-equipe-de-france-de-football","tag-football","tag-france","tag-notes-france","tag-sport"],"acf":[],"yoast_head":"<!-- This site is optimized with the Yoast SEO Premium plugin v26.7 (Yoast SEO v26.7) - https:\/\/yoast.com\/wordpress\/plugins\/seo\/ -->\n<title>France - Finlande : les notes des Bleus<\/title>\n<meta name=\"description\" content=\"QUALIFICATIONS COUPE DU MONDE 2022 - Entreprenante, l&#039;\u00e9quipe de France s&#039;est impos\u00e9e ce mardi contre la Finlande (2-0). Les notes des Bleus.\" \/>\n<meta name=\"robots\" content=\"index, follow, max-snippet:-1, max-image-preview:large, max-video-preview:-1\" \/>\n<link rel=\"canonical\" href=\"https:\/\/dicodusport.fr\/blog\/france-finlande-notes-bleus\/\" \/>\n<link rel=\"next\" href=\"https:\/\/dicodusport.fr\/blog\/france-finlande-notes-bleus\/2\/\" \/>\n<meta property=\"og:locale\" content=\"fr_FR\" \/>\n<meta property=\"og:type\" content=\"article\" \/>\n<meta property=\"og:title\" content=\"France - Finlande : les notes des Bleus\" \/>\n<meta property=\"og:description\" content=\"QUALIFICATIONS COUPE DU MONDE 2022 - Entreprenante, l&#039;\u00e9quipe de France s&#039;est impos\u00e9e ce mardi contre la Finlande (2-0). Les notes des Bleus.\" \/>\n<meta property=\"og:url\" content=\"https:\/\/dicodusport.fr\/blog\/france-finlande-notes-bleus\/\" \/>\n<meta property=\"og:site_name\" content=\"Dicodusport\" \/>\n<meta property=\"article:publisher\" content=\"https:\/\/www.facebook.com\/dicodusport\" \/>\n<meta property=\"article:published_time\" content=\"2021-09-07T20:54:16+00:00\" \/>\n<meta property=\"article:modified_time\" content=\"2021-09-07T21:10:16+00:00\" \/>\n<meta property=\"og:image\" content=\"https:\/\/dicodusport.fr\/blog\/wp-content\/uploads\/2021\/09\/France-Finlande-les-notes-des-Bleus.png\" \/>\n\t<meta property=\"og:image:width\" content=\"800\" \/>\n\t<meta property=\"og:image:height\" content=\"445\" \/>\n\t<meta property=\"og:image:type\" content=\"image\/png\" \/>\n<meta name=\"author\" content=\"Jordane Mougenot-Pelletier\" \/>\n<meta name=\"twitter:card\" content=\"summary_large_image\" \/>\n<meta name=\"twitter:title\" content=\"France - Finlande : les notes des Bleus\" \/>\n<meta name=\"twitter:creator\" content=\"@https:\/\/twitter.com\/jmp_pmj\" \/>\n<meta name=\"twitter:site\" content=\"@dicodusport\" \/>\n<script type=\"application\/ld+json\" class=\"yoast-schema-graph\">{\"@context\":\"https:\/\/schema.org\",\"@graph\":[{\"@type\":\"NewsArticle\",\"@id\":\"https:\/\/dicodusport.fr\/blog\/france-finlande-notes-bleus\/#article\",\"isPartOf\":{\"@id\":\"https:\/\/dicodusport.fr\/blog\/france-finlande-notes-bleus\/\"},\"author\":{\"name\":\"Jordane Mougenot-Pelletier\",\"@id\":\"https:\/\/dicodusport.fr\/blog\/#\/schema\/person\/20a73cde459581e727623fffec174040\"},\"headline\":\"France &#8211; Finlande : les notes des Bleus\",\"datePublished\":\"2021-09-07T20:54:16+00:00\",\"dateModified\":\"2021-09-07T21:10:16+00:00\",\"mainEntityOfPage\":{\"@id\":\"https:\/\/dicodusport.fr\/blog\/france-finlande-notes-bleus\/\"},\"wordCount\":530,\"commentCount\":0,\"publisher\":{\"@id\":\"https:\/\/dicodusport.fr\/blog\/#organization\"},\"image\":{\"@id\":\"https:\/\/dicodusport.fr\/blog\/france-finlande-notes-bleus\/#primaryimage\"},\"thumbnailUrl\":\"https:\/\/dicodusport.fr\/blog\/wp-content\/uploads\/2021\/09\/France-Finlande-les-notes-des-Bleus.png\",\"keywords\":[\"Equipe de France de football\",\"Football\",\"France\",\"Notes France\",\"sport\"],\"articleSection\":[\"Football\"],\"inLanguage\":\"fr-FR\",\"potentialAction\":[{\"@type\":\"CommentAction\",\"name\":\"Comment\",\"target\":[\"https:\/\/dicodusport.fr\/blog\/france-finlande-notes-bleus\/#respond\"]}],\"copyrightYear\":\"2021\",\"copyrightHolder\":{\"@id\":\"https:\/\/dicodusport.fr\/blog\/#organization\"}},{\"@type\":\"WebPage\",\"@id\":\"https:\/\/dicodusport.fr\/blog\/france-finlande-notes-bleus\/\",\"url\":\"https:\/\/dicodusport.fr\/blog\/france-finlande-notes-bleus\/\",\"name\":\"France - Finlande : les notes des Bleus\",\"isPartOf\":{\"@id\":\"https:\/\/dicodusport.fr\/blog\/#website\"},\"primaryImageOfPage\":{\"@id\":\"https:\/\/dicodusport.fr\/blog\/france-finlande-notes-bleus\/#primaryimage\"},\"image\":{\"@id\":\"https:\/\/dicodusport.fr\/blog\/france-finlande-notes-bleus\/#primaryimage\"},\"thumbnailUrl\":\"https:\/\/dicodusport.fr\/blog\/wp-content\/uploads\/2021\/09\/France-Finlande-les-notes-des-Bleus.png\",\"datePublished\":\"2021-09-07T20:54:16+00:00\",\"dateModified\":\"2021-09-07T21:10:16+00:00\",\"description\":\"QUALIFICATIONS COUPE DU MONDE 2022 - Entreprenante, l'\u00e9quipe de France s'est impos\u00e9e ce mardi contre la Finlande (2-0). Les notes des Bleus.\",\"inLanguage\":\"fr-FR\",\"potentialAction\":[{\"@type\":\"ReadAction\",\"target\":[\"https:\/\/dicodusport.fr\/blog\/france-finlande-notes-bleus\/\"]}]},{\"@type\":\"ImageObject\",\"inLanguage\":\"fr-FR\",\"@id\":\"https:\/\/dicodusport.fr\/blog\/france-finlande-notes-bleus\/#primaryimage\",\"url\":\"https:\/\/dicodusport.fr\/blog\/wp-content\/uploads\/2021\/09\/France-Finlande-les-notes-des-Bleus.png\",\"contentUrl\":\"https:\/\/dicodusport.fr\/blog\/wp-content\/uploads\/2021\/09\/France-Finlande-les-notes-des-Bleus.png\",\"width\":800,\"height\":445,\"caption\":\"France - Finlande : les notes des Bleus\"},{\"@type\":\"WebSite\",\"@id\":\"https:\/\/dicodusport.fr\/blog\/#website\",\"url\":\"https:\/\/dicodusport.fr\/blog\/\",\"name\":\"Dicodusport\",\"description\":\"L&#039;encyclop\u00e9die de l&#039;actualit\u00e9 sportive\",\"publisher\":{\"@id\":\"https:\/\/dicodusport.fr\/blog\/#organization\"},\"potentialAction\":[{\"@type\":\"SearchAction\",\"target\":{\"@type\":\"EntryPoint\",\"urlTemplate\":\"https:\/\/dicodusport.fr\/blog\/?s={search_term_string}\"},\"query-input\":{\"@type\":\"PropertyValueSpecification\",\"valueRequired\":true,\"valueName\":\"search_term_string\"}}],\"inLanguage\":\"fr-FR\"},{\"@type\":\"NewsMediaOrganization\",\"@id\":\"https:\/\/dicodusport.fr\/blog\/#organization\",\"name\":\"Dicodusport\",\"url\":\"https:\/\/dicodusport.fr\/blog\/\",\"logo\":{\"@type\":\"ImageObject\",\"inLanguage\":\"fr-FR\",\"@id\":\"https:\/\/dicodusport.fr\/blog\/#\/schema\/logo\/image\/\",\"url\":\"https:\/\/dicodusport.fr\/blog\/wp-content\/uploads\/2020\/06\/cropped-LOGO-DICODUSPORT-2020-SANS-FOND-SANS-TEXTE.png\",\"contentUrl\":\"https:\/\/dicodusport.fr\/blog\/wp-content\/uploads\/2020\/06\/cropped-LOGO-DICODUSPORT-2020-SANS-FOND-SANS-TEXTE.png\",\"width\":512,\"height\":512,\"caption\":\"Dicodusport\"},\"image\":{\"@id\":\"https:\/\/dicodusport.fr\/blog\/#\/schema\/logo\/image\/\"},\"sameAs\":[\"https:\/\/www.facebook.com\/dicodusport\",\"https:\/\/x.com\/dicodusport\",\"https:\/\/www.instagram.com\/dicodusport\/\",\"https:\/\/www.youtube.com\/channel\/UC7V2KZ5sd3htJivAbA4ZG3w\"],\"description\":\"Dicodusport est l'encyclop\u00e9die de l'actualit\u00e9 sportive.\",\"email\":\"bonjour@dicodusport.fr\",\"legalName\":\"DICODUSPORT\",\"foundingDate\":\"2018-01-14\",\"vatID\":\"FR71834470973\",\"taxID\":\"83447097300043\",\"numberOfEmployees\":{\"@type\":\"QuantitativeValue\",\"minValue\":\"1\",\"maxValue\":\"10\"}},{\"@type\":\"Person\",\"@id\":\"https:\/\/dicodusport.fr\/blog\/#\/schema\/person\/20a73cde459581e727623fffec174040\",\"name\":\"Jordane Mougenot-Pelletier\",\"image\":{\"@type\":\"ImageObject\",\"inLanguage\":\"fr-FR\",\"@id\":\"https:\/\/dicodusport.fr\/blog\/#\/schema\/person\/image\/\",\"url\":\"https:\/\/dicodusport.fr\/blog\/wp-content\/uploads\/2021\/05\/Jordane-MP-150x150.jpg\",\"contentUrl\":\"https:\/\/dicodusport.fr\/blog\/wp-content\/uploads\/2021\/05\/Jordane-MP-150x150.jpg\",\"caption\":\"Jordane Mougenot-Pelletier\"},\"description\":\"Journaliste\/r\u00e9dacteur depuis mai 2018 - Dans mon sang coule \u00e0 la fois le feu des penne \u00e0 l'arrabiata et la glace du Grand Colombier. Amoureux des belles lettres et des Talking Heads, je supporte un club olympique. Int\u00e9ress\u00e9 par les relations qu'entretient le sport avec la soci\u00e9t\u00e9, je m'int\u00e9resse autant \u00e0 Marc C\u00e9cillon qu'\u00e0 Pep Guardiola, \u00e0 Tonya Harding qu'\u00e0 Philipp Roth. Enfant des 90's, on ne me fera pas croire qu'il y a eu plus beau \u00e0 voir depuis Zin\u00e9dine Zidane, Marco Pantani et Pete Sampras. La b\u00e9chamel est une invention du diable, la Super Ligue aussi.\",\"sameAs\":[\"https:\/\/x.com\/https:\/\/twitter.com\/jmp_pmj\"],\"url\":\"https:\/\/dicodusport.fr\/blog\/author\/jordane\/\"}]}<\/script>\n<!-- \/ Yoast SEO Premium plugin. -->","yoast_head_json":{"title":"France - Finlande : les notes des Bleus","description":"QUALIFICATIONS COUPE DU MONDE 2022 - Entreprenante, l'\u00e9quipe de France s'est impos\u00e9e ce mardi contre la Finlande (2-0). Les notes des Bleus.","robots":{"index":"index","follow":"follow","max-snippet":"max-snippet:-1","max-image-preview":"max-image-preview:large","max-video-preview":"max-video-preview:-1"},"canonical":"https:\/\/dicodusport.fr\/blog\/france-finlande-notes-bleus\/","next":"https:\/\/dicodusport.fr\/blog\/france-finlande-notes-bleus\/2\/","og_locale":"fr_FR","og_type":"article","og_title":"France - Finlande : les notes des Bleus","og_description":"QUALIFICATIONS COUPE DU MONDE 2022 - Entreprenante, l'\u00e9quipe de France s'est impos\u00e9e ce mardi contre la Finlande (2-0). Les notes des Bleus.","og_url":"https:\/\/dicodusport.fr\/blog\/france-finlande-notes-bleus\/","og_site_name":"Dicodusport","article_publisher":"https:\/\/www.facebook.com\/dicodusport","article_published_time":"2021-09-07T20:54:16+00:00","article_modified_time":"2021-09-07T21:10:16+00:00","og_image":[{"width":800,"height":445,"url":"https:\/\/dicodusport.fr\/blog\/wp-content\/uploads\/2021\/09\/France-Finlande-les-notes-des-Bleus.png","type":"image\/png"}],"author":"Jordane Mougenot-Pelletier","twitter_card":"summary_large_image","twitter_title":"France - Finlande : les notes des Bleus","twitter_creator":"@https:\/\/twitter.com\/jmp_pmj","twitter_site":"@dicodusport","schema":{"@context":"https:\/\/schema.org","@graph":[{"@type":"NewsArticle","@id":"https:\/\/dicodusport.fr\/blog\/france-finlande-notes-bleus\/#article","isPartOf":{"@id":"https:\/\/dicodusport.fr\/blog\/france-finlande-notes-bleus\/"},"author":{"name":"Jordane Mougenot-Pelletier","@id":"https:\/\/dicodusport.fr\/blog\/#\/schema\/person\/20a73cde459581e727623fffec174040"},"headline":"France &#8211; Finlande : les notes des Bleus","datePublished":"2021-09-07T20:54:16+00:00","dateModified":"2021-09-07T21:10:16+00:00","mainEntityOfPage":{"@id":"https:\/\/dicodusport.fr\/blog\/france-finlande-notes-bleus\/"},"wordCount":530,"commentCount":0,"publisher":{"@id":"https:\/\/dicodusport.fr\/blog\/#organization"},"image":{"@id":"https:\/\/dicodusport.fr\/blog\/france-finlande-notes-bleus\/#primaryimage"},"thumbnailUrl":"https:\/\/dicodusport.fr\/blog\/wp-content\/uploads\/2021\/09\/France-Finlande-les-notes-des-Bleus.png","keywords":["Equipe de France de football","Football","France","Notes France","sport"],"articleSection":["Football"],"inLanguage":"fr-FR","potentialAction":[{"@type":"CommentAction","name":"Comment","target":["https:\/\/dicodusport.fr\/blog\/france-finlande-notes-bleus\/#respond"]}],"copyrightYear":"2021","copyrightHolder":{"@id":"https:\/\/dicodusport.fr\/blog\/#organization"}},{"@type":"WebPage","@id":"https:\/\/dicodusport.fr\/blog\/france-finlande-notes-bleus\/","url":"https:\/\/dicodusport.fr\/blog\/france-finlande-notes-bleus\/","name":"France - Finlande : les notes des Bleus","isPartOf":{"@id":"https:\/\/dicodusport.fr\/blog\/#website"},"primaryImageOfPage":{"@id":"https:\/\/dicodusport.fr\/blog\/france-finlande-notes-bleus\/#primaryimage"},"image":{"@id":"https:\/\/dicodusport.fr\/blog\/france-finlande-notes-bleus\/#primaryimage"},"thumbnailUrl":"https:\/\/dicodusport.fr\/blog\/wp-content\/uploads\/2021\/09\/France-Finlande-les-notes-des-Bleus.png","datePublished":"2021-09-07T20:54:16+00:00","dateModified":"2021-09-07T21:10:16+00:00","description":"QUALIFICATIONS COUPE DU MONDE 2022 - Entreprenante, l'\u00e9quipe de France s'est impos\u00e9e ce mardi contre la Finlande (2-0). Les notes des Bleus.","inLanguage":"fr-FR","potentialAction":[{"@type":"ReadAction","target":["https:\/\/dicodusport.fr\/blog\/france-finlande-notes-bleus\/"]}]},{"@type":"ImageObject","inLanguage":"fr-FR","@id":"https:\/\/dicodusport.fr\/blog\/france-finlande-notes-bleus\/#primaryimage","url":"https:\/\/dicodusport.fr\/blog\/wp-content\/uploads\/2021\/09\/France-Finlande-les-notes-des-Bleus.png","contentUrl":"https:\/\/dicodusport.fr\/blog\/wp-content\/uploads\/2021\/09\/France-Finlande-les-notes-des-Bleus.png","width":800,"height":445,"caption":"France - Finlande : les notes des Bleus"},{"@type":"WebSite","@id":"https:\/\/dicodusport.fr\/blog\/#website","url":"https:\/\/dicodusport.fr\/blog\/","name":"Dicodusport","description":"L&#039;encyclop\u00e9die de l&#039;actualit\u00e9 sportive","publisher":{"@id":"https:\/\/dicodusport.fr\/blog\/#organization"},"potentialAction":[{"@type":"SearchAction","target":{"@type":"EntryPoint","urlTemplate":"https:\/\/dicodusport.fr\/blog\/?s={search_term_string}"},"query-input":{"@type":"PropertyValueSpecification","valueRequired":true,"valueName":"search_term_string"}}],"inLanguage":"fr-FR"},{"@type":"NewsMediaOrganization","@id":"https:\/\/dicodusport.fr\/blog\/#organization","name":"Dicodusport","url":"https:\/\/dicodusport.fr\/blog\/","logo":{"@type":"ImageObject","inLanguage":"fr-FR","@id":"https:\/\/dicodusport.fr\/blog\/#\/schema\/logo\/image\/","url":"https:\/\/dicodusport.fr\/blog\/wp-content\/uploads\/2020\/06\/cropped-LOGO-DICODUSPORT-2020-SANS-FOND-SANS-TEXTE.png","contentUrl":"https:\/\/dicodusport.fr\/blog\/wp-content\/uploads\/2020\/06\/cropped-LOGO-DICODUSPORT-2020-SANS-FOND-SANS-TEXTE.png","width":512,"height":512,"caption":"Dicodusport"},"image":{"@id":"https:\/\/dicodusport.fr\/blog\/#\/schema\/logo\/image\/"},"sameAs":["https:\/\/www.facebook.com\/dicodusport","https:\/\/x.com\/dicodusport","https:\/\/www.instagram.com\/dicodusport\/","https:\/\/www.youtube.com\/channel\/UC7V2KZ5sd3htJivAbA4ZG3w"],"description":"Dicodusport est l'encyclop\u00e9die de l'actualit\u00e9 sportive.","email":"bonjour@dicodusport.fr","legalName":"DICODUSPORT","foundingDate":"2018-01-14","vatID":"FR71834470973","taxID":"83447097300043","numberOfEmployees":{"@type":"QuantitativeValue","minValue":"1","maxValue":"10"}},{"@type":"Person","@id":"https:\/\/dicodusport.fr\/blog\/#\/schema\/person\/20a73cde459581e727623fffec174040","name":"Jordane Mougenot-Pelletier","image":{"@type":"ImageObject","inLanguage":"fr-FR","@id":"https:\/\/dicodusport.fr\/blog\/#\/schema\/person\/image\/","url":"https:\/\/dicodusport.fr\/blog\/wp-content\/uploads\/2021\/05\/Jordane-MP-150x150.jpg","contentUrl":"https:\/\/dicodusport.fr\/blog\/wp-content\/uploads\/2021\/05\/Jordane-MP-150x150.jpg","caption":"Jordane Mougenot-Pelletier"},"description":"Journaliste\/r\u00e9dacteur depuis mai 2018 - Dans mon sang coule \u00e0 la fois le feu des penne \u00e0 l'arrabiata et la glace du Grand Colombier. Amoureux des belles lettres et des Talking Heads, je supporte un club olympique. Int\u00e9ress\u00e9 par les relations qu'entretient le sport avec la soci\u00e9t\u00e9, je m'int\u00e9resse autant \u00e0 Marc C\u00e9cillon qu'\u00e0 Pep Guardiola, \u00e0 Tonya Harding qu'\u00e0 Philipp Roth. Enfant des 90's, on ne me fera pas croire qu'il y a eu plus beau \u00e0 voir depuis Zin\u00e9dine Zidane, Marco Pantani et Pete Sampras. La b\u00e9chamel est une invention du diable, la Super Ligue aussi.","sameAs":["https:\/\/x.com\/https:\/\/twitter.com\/jmp_pmj"],"url":"https:\/\/dicodusport.fr\/blog\/author\/jordane\/"}]}},"_links":{"self":[{"href":"https:\/\/dicodusport.fr\/blog\/wp-json\/wp\/v2\/posts\/164746","targetHints":{"allow":["GET"]}}],"collection":[{"href":"https:\/\/dicodusport.fr\/blog\/wp-json\/wp\/v2\/posts"}],"about":[{"href":"https:\/\/dicodusport.fr\/blog\/wp-json\/wp\/v2\/types\/post"}],"author":[{"embeddable":true,"href":"https:\/\/dicodusport.fr\/blog\/wp-json\/wp\/v2\/users\/40"}],"replies":[{"embeddable":true,"href":"https:\/\/dicodusport.fr\/blog\/wp-json\/wp\/v2\/comments?post=164746"}],"version-history":[{"count":0,"href":"https:\/\/dicodusport.fr\/blog\/wp-json\/wp\/v2\/posts\/164746\/revisions"}],"wp:featuredmedia":[{"embeddable":true,"href":"https:\/\/dicodusport.fr\/blog\/wp-json\/wp\/v2\/media\/164778"}],"wp:attachment":[{"href":"https:\/\/dicodusport.fr\/blog\/wp-json\/wp\/v2\/media?parent=164746"}],"wp:term":[{"taxonomy":"category","embeddable":true,"href":"https:\/\/dicodusport.fr\/blog\/wp-json\/wp\/v2\/categories?post=164746"},{"taxonomy":"post_tag","embeddable":true,"href":"https:\/\/dicodusport.fr\/blog\/wp-json\/wp\/v2\/tags?post=164746"}],"curies":[{"name":"wp","href":"https:\/\/api.w.org\/{rel}","templated":true}]}}