{"id":16480,"date":"2018-04-16T12:01:36","date_gmt":"2018-04-16T10:01:36","guid":{"rendered":"http:\/\/dicodusport.fr\/blog\/?p=16480"},"modified":"2018-04-23T11:17:57","modified_gmt":"2018-04-23T09:17:57","slug":"la-femme-du-week-end-elise-mertens-voit-double-en-suisse","status":"publish","type":"post","link":"https:\/\/dicodusport.fr\/blog\/la-femme-du-week-end-elise-mertens-voit-double-en-suisse\/","title":{"rendered":"La femme du week-end : Elise Mertens voit double en Suisse"},"content":{"rendered":"<p style=\"text-align: justify;\"><em><strong>La jeune Belge Elise Mertens a remport\u00e9 le tournoi de Lugano en simple et en double, malgr\u00e9 des conditions climatiques qui ne lui ont pas rendu la t\u00e2che facile, loin de l\u00e0.\u00a0<\/strong><\/em><\/p>\n<p style=\"text-align: justify;\">Dimanche, la Belge de 22 ans a remport\u00e9 son troisi\u00e8me titre en simple en disposant de la jeune Bi\u00e9lorusse,\u00a0Aryna Sabalenka, en deux sets. La veille, elle avait remport\u00e9 le tournoi de double avec sa compatriote,\u00a0Kirsten Flipkens. Racont\u00e9 ainsi tout para\u00eet, si simple, et pourtant c&rsquo;est bien loin d&rsquo;\u00eatre le cas.<\/p>\n<p style=\"text-align: justify;\">Samedi matin\u00a0\u00e0 10h,\u00a0Elise Mertens \u00e9tait \u00ab seulement \u00bb en quart de finale et devait disputer ce match, plus une \u00e9ventuelle demi-finale pour esp\u00e9rer jouer la finale dimanche. Le matin, elle a d&rsquo;abord battu l&rsquo;Allemande Barthel en\u00a0trois sets avant de disposer, en\u00a0trois sets aussi, de la Bi\u00e9lorusse Lapko en milieu d&rsquo;apr\u00e8s-midi. Qualifi\u00e9e pour la finale, le marathon de la Belge ne s&rsquo;est pas arr\u00eat\u00e9 l\u00e0 pour le samedi :\u00a0elle devait disputer la finale du double en fin de journ\u00e9e, qu&rsquo;elle remporta.\u00a0Six sets en simple et\u00a0deux en double, on aurait pu l&rsquo;imaginer \u00e9mouss\u00e9e pour le dimanche mais il n&rsquo;en\u00a0\u00e9tait rien\u00a0:\u00a0elle n&rsquo;a fait qu&rsquo;une bouch\u00e9e de son adversaire,\u00a0Aryna Sabalenka, s&rsquo;imposant 7-5 6-2.<\/p>\n<p><em><strong>Nicolas Jacquemard<\/strong><br \/>\n<\/em><a style=\"color: #000000;\" href=\"https:\/\/twitter.com\/Nico_Jacquemard\" target=\"_blank\" rel=\"noopener noreferrer\"><img loading=\"lazy\" decoding=\"async\" class=\"alignnone wp-image-2908\" src=\"http:\/\/dicodusport.fr\/blog\/wp-content\/uploads\/2017\/07\/logo-twitter-150x150.png\" alt=\"\" width=\"39\" height=\"39\" \/><\/a><a style=\"color: #000000;\" href=\"https:\/\/www.facebook.com\/dicodusport\/\" target=\"_blank\" rel=\"noopener noreferrer\"><img loading=\"lazy\" decoding=\"async\" class=\"alignnone wp-image-2909\" src=\"http:\/\/dicodusport.fr\/blog\/wp-content\/uploads\/2017\/07\/logo-facebook-150x150.png\" alt=\"\" width=\"40\" height=\"40\" \/><\/a><\/p>\n","protected":false},"excerpt":{"rendered":"<p>La jeune Belge Elise Mertens a remport\u00e9 le tournoi de Lugano en simple et en double, malgr\u00e9 des conditions climatiques qui ne lui ont pas rendu la t\u00e2che facile, loin de l\u00e0. <\/p>\n","protected":false},"author":1,"featured_media":16504,"comment_status":"open","ping_status":"closed","sticky":false,"template":"","format":"standard","meta":{"_acf_changed":false,"_daextam_enable_autolinks":"","footnotes":""},"categories":[2,2302],"tags":[3758,1398,136,2099,137],"class_list":["post-16480","post","type-post","status-publish","format-standard","has-post-thumbnail","hentry","category-actualites","category-tennis","tag-elise-mertens","tag-sport-feminin","tag-tennis","tag-tennis-feminin","tag-wta"],"acf":[],"yoast_head":"<!-- This site is optimized with the Yoast SEO Premium plugin v26.7 (Yoast SEO v26.7) - https:\/\/yoast.com\/wordpress\/plugins\/seo\/ -->\n<title>La femme du week-end : Elise Mertens voit double en Suisse<\/title>\n<meta name=\"description\" content=\"La jeune Belge Elise Mertens a remport\u00e9 le tournoi de Lugano en simple et en double, malgr\u00e9 des conditions climatiques qui ne lui ont pas rendu la t\u00e2che facile, loin de l\u00e0.\" \/>\n<meta name=\"robots\" content=\"index, follow, max-snippet:-1, max-image-preview:large, max-video-preview:-1\" \/>\n<link rel=\"canonical\" href=\"https:\/\/dicodusport.fr\/blog\/la-femme-du-week-end-elise-mertens-voit-double-en-suisse\/\" \/>\n<meta property=\"og:locale\" content=\"fr_FR\" \/>\n<meta property=\"og:type\" content=\"article\" \/>\n<meta property=\"og:title\" content=\"La femme du week-end : Elise Mertens voit double en Suisse\" \/>\n<meta property=\"og:description\" content=\"La jeune Belge Elise Mertens a remport\u00e9 le tournoi de Lugano en simple et en double, malgr\u00e9 des conditions climatiques qui ne lui ont pas rendu la t\u00e2che facile, loin de l\u00e0.\" \/>\n<meta property=\"og:url\" content=\"https:\/\/dicodusport.fr\/blog\/la-femme-du-week-end-elise-mertens-voit-double-en-suisse\/\" \/>\n<meta property=\"og:site_name\" content=\"Dicodusport\" \/>\n<meta property=\"article:publisher\" content=\"https:\/\/www.facebook.com\/dicodusport\" \/>\n<meta property=\"article:author\" content=\"https:\/\/www.facebook.com\/dicodusport\" \/>\n<meta property=\"article:published_time\" content=\"2018-04-16T10:01:36+00:00\" \/>\n<meta property=\"article:modified_time\" content=\"2018-04-23T09:17:57+00:00\" \/>\n<meta property=\"og:image\" content=\"https:\/\/dicodusport.fr\/blog\/wp-content\/uploads\/2018\/04\/Elise-Mertens.png\" \/>\n\t<meta property=\"og:image:width\" content=\"1200\" \/>\n\t<meta property=\"og:image:height\" content=\"670\" \/>\n\t<meta property=\"og:image:type\" content=\"image\/png\" \/>\n<meta name=\"author\" content=\"Nicolas Jacquemard\" \/>\n<meta name=\"twitter:card\" content=\"summary_large_image\" \/>\n<meta name=\"twitter:creator\" content=\"@https:\/\/twitter.com\/Nico_Jacquemard\" \/>\n<meta name=\"twitter:site\" content=\"@dicodusport\" \/>\n<script type=\"application\/ld+json\" class=\"yoast-schema-graph\">{\"@context\":\"https:\/\/schema.org\",\"@graph\":[{\"@type\":\"NewsArticle\",\"@id\":\"https:\/\/dicodusport.fr\/blog\/la-femme-du-week-end-elise-mertens-voit-double-en-suisse\/#article\",\"isPartOf\":{\"@id\":\"https:\/\/dicodusport.fr\/blog\/la-femme-du-week-end-elise-mertens-voit-double-en-suisse\/\"},\"author\":{\"name\":\"Nicolas Jacquemard\",\"@id\":\"https:\/\/dicodusport.fr\/blog\/#\/schema\/person\/55dcb50ad410894e431ed812bbb70191\"},\"headline\":\"La femme du week-end : Elise Mertens voit double en Suisse\",\"datePublished\":\"2018-04-16T10:01:36+00:00\",\"dateModified\":\"2018-04-23T09:17:57+00:00\",\"mainEntityOfPage\":{\"@id\":\"https:\/\/dicodusport.fr\/blog\/la-femme-du-week-end-elise-mertens-voit-double-en-suisse\/\"},\"wordCount\":234,\"commentCount\":0,\"publisher\":{\"@id\":\"https:\/\/dicodusport.fr\/blog\/#organization\"},\"image\":{\"@id\":\"https:\/\/dicodusport.fr\/blog\/la-femme-du-week-end-elise-mertens-voit-double-en-suisse\/#primaryimage\"},\"thumbnailUrl\":\"https:\/\/dicodusport.fr\/blog\/wp-content\/uploads\/2018\/04\/Elise-Mertens.png\",\"keywords\":[\"Elise Mertens\",\"sport f\u00e9minin\",\"Tennis\",\"tennis f\u00e9minin\",\"wta\"],\"articleSection\":[\"Actualit\u00e9s\",\"Tennis\"],\"inLanguage\":\"fr-FR\",\"potentialAction\":[{\"@type\":\"CommentAction\",\"name\":\"Comment\",\"target\":[\"https:\/\/dicodusport.fr\/blog\/la-femme-du-week-end-elise-mertens-voit-double-en-suisse\/#respond\"]}],\"copyrightYear\":\"2018\",\"copyrightHolder\":{\"@id\":\"https:\/\/dicodusport.fr\/blog\/#organization\"}},{\"@type\":\"WebPage\",\"@id\":\"https:\/\/dicodusport.fr\/blog\/la-femme-du-week-end-elise-mertens-voit-double-en-suisse\/\",\"url\":\"https:\/\/dicodusport.fr\/blog\/la-femme-du-week-end-elise-mertens-voit-double-en-suisse\/\",\"name\":\"La femme du week-end : Elise Mertens voit double en Suisse\",\"isPartOf\":{\"@id\":\"https:\/\/dicodusport.fr\/blog\/#website\"},\"primaryImageOfPage\":{\"@id\":\"https:\/\/dicodusport.fr\/blog\/la-femme-du-week-end-elise-mertens-voit-double-en-suisse\/#primaryimage\"},\"image\":{\"@id\":\"https:\/\/dicodusport.fr\/blog\/la-femme-du-week-end-elise-mertens-voit-double-en-suisse\/#primaryimage\"},\"thumbnailUrl\":\"https:\/\/dicodusport.fr\/blog\/wp-content\/uploads\/2018\/04\/Elise-Mertens.png\",\"datePublished\":\"2018-04-16T10:01:36+00:00\",\"dateModified\":\"2018-04-23T09:17:57+00:00\",\"description\":\"La jeune Belge Elise Mertens a remport\u00e9 le tournoi de Lugano en simple et en double, malgr\u00e9 des conditions climatiques qui ne lui ont pas rendu la t\u00e2che facile, loin de l\u00e0.\",\"breadcrumb\":{\"@id\":\"https:\/\/dicodusport.fr\/blog\/la-femme-du-week-end-elise-mertens-voit-double-en-suisse\/#breadcrumb\"},\"inLanguage\":\"fr-FR\",\"potentialAction\":[{\"@type\":\"ReadAction\",\"target\":[\"https:\/\/dicodusport.fr\/blog\/la-femme-du-week-end-elise-mertens-voit-double-en-suisse\/\"]}]},{\"@type\":\"ImageObject\",\"inLanguage\":\"fr-FR\",\"@id\":\"https:\/\/dicodusport.fr\/blog\/la-femme-du-week-end-elise-mertens-voit-double-en-suisse\/#primaryimage\",\"url\":\"https:\/\/dicodusport.fr\/blog\/wp-content\/uploads\/2018\/04\/Elise-Mertens.png\",\"contentUrl\":\"https:\/\/dicodusport.fr\/blog\/wp-content\/uploads\/2018\/04\/Elise-Mertens.png\",\"width\":1200,\"height\":670},{\"@type\":\"BreadcrumbList\",\"@id\":\"https:\/\/dicodusport.fr\/blog\/la-femme-du-week-end-elise-mertens-voit-double-en-suisse\/#breadcrumb\",\"itemListElement\":[{\"@type\":\"ListItem\",\"position\":1,\"name\":\"Accueil\",\"item\":\"https:\/\/dicodusport.fr\/blog\/\"},{\"@type\":\"ListItem\",\"position\":2,\"name\":\"La femme du week-end : Elise Mertens voit double en Suisse\"}]},{\"@type\":\"WebSite\",\"@id\":\"https:\/\/dicodusport.fr\/blog\/#website\",\"url\":\"https:\/\/dicodusport.fr\/blog\/\",\"name\":\"Dicodusport\",\"description\":\"L&#039;encyclop\u00e9die de l&#039;actualit\u00e9 sportive\",\"publisher\":{\"@id\":\"https:\/\/dicodusport.fr\/blog\/#organization\"},\"potentialAction\":[{\"@type\":\"SearchAction\",\"target\":{\"@type\":\"EntryPoint\",\"urlTemplate\":\"https:\/\/dicodusport.fr\/blog\/?s={search_term_string}\"},\"query-input\":{\"@type\":\"PropertyValueSpecification\",\"valueRequired\":true,\"valueName\":\"search_term_string\"}}],\"inLanguage\":\"fr-FR\"},{\"@type\":\"NewsMediaOrganization\",\"@id\":\"https:\/\/dicodusport.fr\/blog\/#organization\",\"name\":\"Dicodusport\",\"url\":\"https:\/\/dicodusport.fr\/blog\/\",\"logo\":{\"@type\":\"ImageObject\",\"inLanguage\":\"fr-FR\",\"@id\":\"https:\/\/dicodusport.fr\/blog\/#\/schema\/logo\/image\/\",\"url\":\"https:\/\/dicodusport.fr\/blog\/wp-content\/uploads\/2020\/06\/cropped-LOGO-DICODUSPORT-2020-SANS-FOND-SANS-TEXTE.png\",\"contentUrl\":\"https:\/\/dicodusport.fr\/blog\/wp-content\/uploads\/2020\/06\/cropped-LOGO-DICODUSPORT-2020-SANS-FOND-SANS-TEXTE.png\",\"width\":512,\"height\":512,\"caption\":\"Dicodusport\"},\"image\":{\"@id\":\"https:\/\/dicodusport.fr\/blog\/#\/schema\/logo\/image\/\"},\"sameAs\":[\"https:\/\/www.facebook.com\/dicodusport\",\"https:\/\/x.com\/dicodusport\",\"https:\/\/www.instagram.com\/dicodusport\/\",\"https:\/\/www.youtube.com\/channel\/UC7V2KZ5sd3htJivAbA4ZG3w\"],\"description\":\"Dicodusport est l'encyclop\u00e9die de l'actualit\u00e9 sportive.\",\"email\":\"bonjour@dicodusport.fr\",\"legalName\":\"DICODUSPORT\",\"foundingDate\":\"2018-01-14\",\"vatID\":\"FR71834470973\",\"taxID\":\"83447097300043\",\"numberOfEmployees\":{\"@type\":\"QuantitativeValue\",\"minValue\":\"1\",\"maxValue\":\"10\"}},{\"@type\":\"Person\",\"@id\":\"https:\/\/dicodusport.fr\/blog\/#\/schema\/person\/55dcb50ad410894e431ed812bbb70191\",\"name\":\"Nicolas Jacquemard\",\"image\":{\"@type\":\"ImageObject\",\"inLanguage\":\"fr-FR\",\"@id\":\"https:\/\/dicodusport.fr\/blog\/#\/schema\/person\/image\/\",\"url\":\"https:\/\/dicodusport.fr\/blog\/wp-content\/uploads\/2021\/05\/Nicolas-Jacquemard-150x150.jpeg\",\"contentUrl\":\"https:\/\/dicodusport.fr\/blog\/wp-content\/uploads\/2021\/05\/Nicolas-Jacquemard-150x150.jpeg\",\"caption\":\"Nicolas Jacquemard\"},\"description\":\"Passionn\u00e9 de sport et entrepreneur depuis mes 18 ans, la cr\u00e9ation de Dicodusport m'a sembl\u00e9 \u00e9vidente pour participer \u00e0 la m\u00e9diatisation d'un plus grand nombre de sports. Le chemin est long mais avec une \u00e9quipe des plus motiv\u00e9es et les Jeux Olympiques de Paris 2024 en point de mire, nous y arriverons ! Journaliste dans le monde du sport depuis plus de 5 ans, je traite aussi bien de football, de rugby, de biathlon que de cyclisme.\",\"sameAs\":[\"https:\/\/www.facebook.com\/dicodusport\",\"https:\/\/x.com\/https:\/\/twitter.com\/Nico_Jacquemard\"],\"url\":\"https:\/\/dicodusport.fr\/blog\/author\/dicodusport\/\"}]}<\/script>\n<!-- \/ Yoast SEO Premium plugin. -->","yoast_head_json":{"title":"La femme du week-end : Elise Mertens voit double en Suisse","description":"La jeune Belge Elise Mertens a remport\u00e9 le tournoi de Lugano en simple et en double, malgr\u00e9 des conditions climatiques qui ne lui ont pas rendu la t\u00e2che facile, loin de l\u00e0.","robots":{"index":"index","follow":"follow","max-snippet":"max-snippet:-1","max-image-preview":"max-image-preview:large","max-video-preview":"max-video-preview:-1"},"canonical":"https:\/\/dicodusport.fr\/blog\/la-femme-du-week-end-elise-mertens-voit-double-en-suisse\/","og_locale":"fr_FR","og_type":"article","og_title":"La femme du week-end : Elise Mertens voit double en Suisse","og_description":"La jeune Belge Elise Mertens a remport\u00e9 le tournoi de Lugano en simple et en double, malgr\u00e9 des conditions climatiques qui ne lui ont pas rendu la t\u00e2che facile, loin de l\u00e0.","og_url":"https:\/\/dicodusport.fr\/blog\/la-femme-du-week-end-elise-mertens-voit-double-en-suisse\/","og_site_name":"Dicodusport","article_publisher":"https:\/\/www.facebook.com\/dicodusport","article_author":"https:\/\/www.facebook.com\/dicodusport","article_published_time":"2018-04-16T10:01:36+00:00","article_modified_time":"2018-04-23T09:17:57+00:00","og_image":[{"width":1200,"height":670,"url":"https:\/\/dicodusport.fr\/blog\/wp-content\/uploads\/2018\/04\/Elise-Mertens.png","type":"image\/png"}],"author":"Nicolas Jacquemard","twitter_card":"summary_large_image","twitter_creator":"@https:\/\/twitter.com\/Nico_Jacquemard","twitter_site":"@dicodusport","schema":{"@context":"https:\/\/schema.org","@graph":[{"@type":"NewsArticle","@id":"https:\/\/dicodusport.fr\/blog\/la-femme-du-week-end-elise-mertens-voit-double-en-suisse\/#article","isPartOf":{"@id":"https:\/\/dicodusport.fr\/blog\/la-femme-du-week-end-elise-mertens-voit-double-en-suisse\/"},"author":{"name":"Nicolas Jacquemard","@id":"https:\/\/dicodusport.fr\/blog\/#\/schema\/person\/55dcb50ad410894e431ed812bbb70191"},"headline":"La femme du week-end : Elise Mertens voit double en Suisse","datePublished":"2018-04-16T10:01:36+00:00","dateModified":"2018-04-23T09:17:57+00:00","mainEntityOfPage":{"@id":"https:\/\/dicodusport.fr\/blog\/la-femme-du-week-end-elise-mertens-voit-double-en-suisse\/"},"wordCount":234,"commentCount":0,"publisher":{"@id":"https:\/\/dicodusport.fr\/blog\/#organization"},"image":{"@id":"https:\/\/dicodusport.fr\/blog\/la-femme-du-week-end-elise-mertens-voit-double-en-suisse\/#primaryimage"},"thumbnailUrl":"https:\/\/dicodusport.fr\/blog\/wp-content\/uploads\/2018\/04\/Elise-Mertens.png","keywords":["Elise Mertens","sport f\u00e9minin","Tennis","tennis f\u00e9minin","wta"],"articleSection":["Actualit\u00e9s","Tennis"],"inLanguage":"fr-FR","potentialAction":[{"@type":"CommentAction","name":"Comment","target":["https:\/\/dicodusport.fr\/blog\/la-femme-du-week-end-elise-mertens-voit-double-en-suisse\/#respond"]}],"copyrightYear":"2018","copyrightHolder":{"@id":"https:\/\/dicodusport.fr\/blog\/#organization"}},{"@type":"WebPage","@id":"https:\/\/dicodusport.fr\/blog\/la-femme-du-week-end-elise-mertens-voit-double-en-suisse\/","url":"https:\/\/dicodusport.fr\/blog\/la-femme-du-week-end-elise-mertens-voit-double-en-suisse\/","name":"La femme du week-end : Elise Mertens voit double en Suisse","isPartOf":{"@id":"https:\/\/dicodusport.fr\/blog\/#website"},"primaryImageOfPage":{"@id":"https:\/\/dicodusport.fr\/blog\/la-femme-du-week-end-elise-mertens-voit-double-en-suisse\/#primaryimage"},"image":{"@id":"https:\/\/dicodusport.fr\/blog\/la-femme-du-week-end-elise-mertens-voit-double-en-suisse\/#primaryimage"},"thumbnailUrl":"https:\/\/dicodusport.fr\/blog\/wp-content\/uploads\/2018\/04\/Elise-Mertens.png","datePublished":"2018-04-16T10:01:36+00:00","dateModified":"2018-04-23T09:17:57+00:00","description":"La jeune Belge Elise Mertens a remport\u00e9 le tournoi de Lugano en simple et en double, malgr\u00e9 des conditions climatiques qui ne lui ont pas rendu la t\u00e2che facile, loin de l\u00e0.","breadcrumb":{"@id":"https:\/\/dicodusport.fr\/blog\/la-femme-du-week-end-elise-mertens-voit-double-en-suisse\/#breadcrumb"},"inLanguage":"fr-FR","potentialAction":[{"@type":"ReadAction","target":["https:\/\/dicodusport.fr\/blog\/la-femme-du-week-end-elise-mertens-voit-double-en-suisse\/"]}]},{"@type":"ImageObject","inLanguage":"fr-FR","@id":"https:\/\/dicodusport.fr\/blog\/la-femme-du-week-end-elise-mertens-voit-double-en-suisse\/#primaryimage","url":"https:\/\/dicodusport.fr\/blog\/wp-content\/uploads\/2018\/04\/Elise-Mertens.png","contentUrl":"https:\/\/dicodusport.fr\/blog\/wp-content\/uploads\/2018\/04\/Elise-Mertens.png","width":1200,"height":670},{"@type":"BreadcrumbList","@id":"https:\/\/dicodusport.fr\/blog\/la-femme-du-week-end-elise-mertens-voit-double-en-suisse\/#breadcrumb","itemListElement":[{"@type":"ListItem","position":1,"name":"Accueil","item":"https:\/\/dicodusport.fr\/blog\/"},{"@type":"ListItem","position":2,"name":"La femme du week-end : Elise Mertens voit double en Suisse"}]},{"@type":"WebSite","@id":"https:\/\/dicodusport.fr\/blog\/#website","url":"https:\/\/dicodusport.fr\/blog\/","name":"Dicodusport","description":"L&#039;encyclop\u00e9die de l&#039;actualit\u00e9 sportive","publisher":{"@id":"https:\/\/dicodusport.fr\/blog\/#organization"},"potentialAction":[{"@type":"SearchAction","target":{"@type":"EntryPoint","urlTemplate":"https:\/\/dicodusport.fr\/blog\/?s={search_term_string}"},"query-input":{"@type":"PropertyValueSpecification","valueRequired":true,"valueName":"search_term_string"}}],"inLanguage":"fr-FR"},{"@type":"NewsMediaOrganization","@id":"https:\/\/dicodusport.fr\/blog\/#organization","name":"Dicodusport","url":"https:\/\/dicodusport.fr\/blog\/","logo":{"@type":"ImageObject","inLanguage":"fr-FR","@id":"https:\/\/dicodusport.fr\/blog\/#\/schema\/logo\/image\/","url":"https:\/\/dicodusport.fr\/blog\/wp-content\/uploads\/2020\/06\/cropped-LOGO-DICODUSPORT-2020-SANS-FOND-SANS-TEXTE.png","contentUrl":"https:\/\/dicodusport.fr\/blog\/wp-content\/uploads\/2020\/06\/cropped-LOGO-DICODUSPORT-2020-SANS-FOND-SANS-TEXTE.png","width":512,"height":512,"caption":"Dicodusport"},"image":{"@id":"https:\/\/dicodusport.fr\/blog\/#\/schema\/logo\/image\/"},"sameAs":["https:\/\/www.facebook.com\/dicodusport","https:\/\/x.com\/dicodusport","https:\/\/www.instagram.com\/dicodusport\/","https:\/\/www.youtube.com\/channel\/UC7V2KZ5sd3htJivAbA4ZG3w"],"description":"Dicodusport est l'encyclop\u00e9die de l'actualit\u00e9 sportive.","email":"bonjour@dicodusport.fr","legalName":"DICODUSPORT","foundingDate":"2018-01-14","vatID":"FR71834470973","taxID":"83447097300043","numberOfEmployees":{"@type":"QuantitativeValue","minValue":"1","maxValue":"10"}},{"@type":"Person","@id":"https:\/\/dicodusport.fr\/blog\/#\/schema\/person\/55dcb50ad410894e431ed812bbb70191","name":"Nicolas Jacquemard","image":{"@type":"ImageObject","inLanguage":"fr-FR","@id":"https:\/\/dicodusport.fr\/blog\/#\/schema\/person\/image\/","url":"https:\/\/dicodusport.fr\/blog\/wp-content\/uploads\/2021\/05\/Nicolas-Jacquemard-150x150.jpeg","contentUrl":"https:\/\/dicodusport.fr\/blog\/wp-content\/uploads\/2021\/05\/Nicolas-Jacquemard-150x150.jpeg","caption":"Nicolas Jacquemard"},"description":"Passionn\u00e9 de sport et entrepreneur depuis mes 18 ans, la cr\u00e9ation de Dicodusport m'a sembl\u00e9 \u00e9vidente pour participer \u00e0 la m\u00e9diatisation d'un plus grand nombre de sports. Le chemin est long mais avec une \u00e9quipe des plus motiv\u00e9es et les Jeux Olympiques de Paris 2024 en point de mire, nous y arriverons ! Journaliste dans le monde du sport depuis plus de 5 ans, je traite aussi bien de football, de rugby, de biathlon que de cyclisme.","sameAs":["https:\/\/www.facebook.com\/dicodusport","https:\/\/x.com\/https:\/\/twitter.com\/Nico_Jacquemard"],"url":"https:\/\/dicodusport.fr\/blog\/author\/dicodusport\/"}]}},"_links":{"self":[{"href":"https:\/\/dicodusport.fr\/blog\/wp-json\/wp\/v2\/posts\/16480","targetHints":{"allow":["GET"]}}],"collection":[{"href":"https:\/\/dicodusport.fr\/blog\/wp-json\/wp\/v2\/posts"}],"about":[{"href":"https:\/\/dicodusport.fr\/blog\/wp-json\/wp\/v2\/types\/post"}],"author":[{"embeddable":true,"href":"https:\/\/dicodusport.fr\/blog\/wp-json\/wp\/v2\/users\/1"}],"replies":[{"embeddable":true,"href":"https:\/\/dicodusport.fr\/blog\/wp-json\/wp\/v2\/comments?post=16480"}],"version-history":[{"count":0,"href":"https:\/\/dicodusport.fr\/blog\/wp-json\/wp\/v2\/posts\/16480\/revisions"}],"wp:featuredmedia":[{"embeddable":true,"href":"https:\/\/dicodusport.fr\/blog\/wp-json\/wp\/v2\/media\/16504"}],"wp:attachment":[{"href":"https:\/\/dicodusport.fr\/blog\/wp-json\/wp\/v2\/media?parent=16480"}],"wp:term":[{"taxonomy":"category","embeddable":true,"href":"https:\/\/dicodusport.fr\/blog\/wp-json\/wp\/v2\/categories?post=16480"},{"taxonomy":"post_tag","embeddable":true,"href":"https:\/\/dicodusport.fr\/blog\/wp-json\/wp\/v2\/tags?post=16480"}],"curies":[{"name":"wp","href":"https:\/\/api.w.org\/{rel}","templated":true}]}}