{"id":164924,"date":"2021-09-08T16:34:11","date_gmt":"2021-09-08T14:34:11","guid":{"rendered":"https:\/\/dicodusport.fr\/blog\/?p=164924&#038;preview=true&#038;preview_id=164924"},"modified":"2021-09-08T17:16:32","modified_gmt":"2021-09-08T15:16:32","slug":"trente-2021-italie-championne-europe-relais-mixte-france-4eme","status":"publish","type":"post","link":"https:\/\/dicodusport.fr\/blog\/trente-2021-italie-championne-europe-relais-mixte-france-4eme\/","title":{"rendered":"Trente 2021 : L&rsquo;Italie championne d&rsquo;Europe sur le relais mixte, la France 4\u00e8me"},"content":{"rendered":"<p style=\"text-align: justify;\"><strong><em><a href=\"https:\/\/dicodusport.fr\/blog\/championnats-europe-cyclisme-route-2021-programme-complet\/\">CHAMPIONNATS D&rsquo;EUROPE DE CYCLISME SUR ROUTE 2021<\/a> &#8211; Emmen\u00e9e par Filippo Ganna et Elisa Longo-Borghini, l&rsquo;Italie est devenue ce mercredi championne d&rsquo;Europe du relais mixte, \u00e0 Trente (Italie). L&rsquo;Allemagne et les Pays-Bas compl\u00e8tent le podium. La France est 4\u00e8me.<\/em><\/strong><\/p>\n<p style=\"text-align: justify;\">Une d\u00e9monstration. Ce mercredi, l&rsquo;Italie a fait le show sur le relais mixte des championnats d&rsquo;Europe. \u00c0 domicile, <strong>Filippo Ganna<\/strong>, champion du monde du chrono, <strong>Matteo Sobrero<\/strong>, champion national de l&rsquo;effort en solitaire et <strong>Alessandro De Marchi<\/strong> ont parfaitement pr\u00e9par\u00e9 le terrain lors du premier relais de 22,4 km, en \u00e9tant d\u00e9j\u00e0 devant la concurrence. Derri\u00e8re, <strong>Elisa Longo-Borghini<\/strong>, <strong>Marta Cavalli<\/strong> et <strong>Elena Cecchini<\/strong> ont termin\u00e9 le travail. La Squadra Azzura devance l&rsquo;Allemagne (<strong>Heidemann<\/strong>, <strong>Wolf<\/strong>, <strong>Walscheid<\/strong>, <strong>Lechner<\/strong>, <strong>Kr\u00f6ger<\/strong> et <strong>Erath<\/strong>) de 21 secondes. Les Pays-Bas de <strong>Koen Bouwman<\/strong>, <strong>Jos van Emdem<\/strong>, <strong>Bauke Mollema<\/strong>, <strong>Floortje Mackaij<\/strong>, <strong>Amy Pieters<\/strong> et <strong>Demi Vollering<\/strong> doivent se contenter du bronze, \u00e0 27 secondes des Transalpins. Une surprise, tant les N\u00e9erlandais paraissaient au-dessus sur le papier en terme de densit\u00e9.<\/p>\n<blockquote class=\"twitter-tweet\">\n<p dir=\"ltr\" lang=\"fr\">L&rsquo;Italie remporte le relais mixte des Championnats d&rsquo;Europe, la France termine au pied du podium.<\/p>\n<p>En direct sur la cha\u00eene L&rsquo;\u00c9quipe : <a href=\"https:\/\/t.co\/bWSrhVawF5\">https:\/\/t.co\/bWSrhVawF5<\/a><a href=\"https:\/\/twitter.com\/hashtag\/lequipeVELO?src=hash&amp;ref_src=twsrc%5Etfw\">#lequipeVELO<\/a> <a href=\"https:\/\/twitter.com\/hashtag\/EuroRoad21?src=hash&amp;ref_src=twsrc%5Etfw\">#EuroRoad21<\/a> <a href=\"https:\/\/t.co\/3Jf6C7zDDo\">pic.twitter.com\/3Jf6C7zDDo<\/a><\/p>\n<p>\u2014 la chaine L&rsquo;\u00c9quipe (@lachainelequipe) <a href=\"https:\/\/twitter.com\/lachainelequipe\/status\/1435618154911313923?ref_src=twsrc%5Etfw\">September 8, 2021<\/a><\/p><\/blockquote>\n<p><script async src=\"https:\/\/platform.twitter.com\/widgets.js\" charset=\"utf-8\"><\/script><\/p>\n<h2 style=\"text-align: justify;\"><strong>L&rsquo;\u00e9quipe de France en chocolat<\/strong><\/h2>\n<p style=\"text-align: justify;\">Pour les Tricolores, c&rsquo;est une petite d\u00e9ception. Si l&rsquo;\u00e9quipe de France ne venait pas jouer le titre, elle a bataill\u00e9 pour la m\u00e9daille jusqu&rsquo;\u00e0 mi-course. <strong>Benjamin Thomas<\/strong>, <strong>Bruno Armirail<\/strong> et <strong>Alexis Gougeard<\/strong> ont en effet r\u00e9alis\u00e9 un gros chrono, \u00e0 7 secondes de la breloque au moment de passer le relais aux dames. Malgr\u00e9 un bon d\u00e9part, <strong>Gladys Verhulst<\/strong>, <strong>Coralie Demay<\/strong> et <strong>Eug\u00e9nie Duval<\/strong> ont ensuite c\u00e9d\u00e9, cette derni\u00e8re ne terminant pas dans les roues de ses compatriotes. Au final, c&rsquo;est donc une 4\u00e8me place, \u00e0 1:29 de l&rsquo;Italie, et plus d&rsquo;une minute du podium. Pas loin donc, mais une performance loin d&rsquo;\u00eatre ridicule.<\/p>\n<h2 style=\"text-align: justify;\"><strong>\u00c0 lire aussi<\/strong><\/h2>\n<ul>\n<li style=\"text-align: justify;\"><a href=\"https:\/\/dicodusport.fr\/blog\/championnats-europe-cyclisme-2021-classement-relais-mixte\/\"><strong>Le classement du relais mixte<\/strong><\/a><\/li>\n<li style=\"text-align: justify;\"><a href=\"https:\/\/dicodusport.fr\/blog\/championnats-europe-cyclisme-route-2021-tableau-medailles\/\"><strong>Le tableau des m\u00e9dailles<\/strong><\/a><\/li>\n<\/ul>\n","protected":false},"excerpt":{"rendered":"<p>CHAMPIONNATS D&rsquo;EUROPE DE CYCLISME SUR ROUTE 2021 &#8211; Emmen\u00e9e par Filippo Ganna et Elisa Longo-Borghini, l&rsquo;Italie est devenue ce mercredi championne d&rsquo;Europe du relais mixte, \u00e0 Trente (Italie). L&rsquo;Allemagne et les Pays-Bas compl\u00e8tent le podium. La France est 4\u00e8me.<\/p>\n","protected":false},"author":4,"featured_media":164928,"comment_status":"open","ping_status":"closed","sticky":false,"template":"","format":"standard","meta":{"_acf_changed":false,"_daextam_enable_autolinks":"","footnotes":""},"categories":[46994],"tags":[10789],"class_list":["post-164924","post","type-post","status-publish","format-standard","has-post-thumbnail","hentry","category-cyclisme-sur-route","tag-championnats-deurope-de-cyclisme"],"acf":[],"yoast_head":"<!-- This site is optimized with the Yoast SEO Premium plugin v26.7 (Yoast SEO v26.7) - https:\/\/yoast.com\/wordpress\/plugins\/seo\/ -->\n<title>Trente 2021 : L&#039;Italie championne d&#039;Europe sur le relais mixte, la France 4\u00e8me<\/title>\n<meta name=\"description\" content=\"CHAMPIONNATS D&#039;EUROPE DE CYCLISME SUR ROUTE 2021 - L&#039;Italie est devenue ce mercredi championne d&#039;Europe du relais mixte, \u00e0 Trente (Italie).\" \/>\n<meta name=\"robots\" content=\"index, follow, max-snippet:-1, max-image-preview:large, max-video-preview:-1\" \/>\n<link rel=\"canonical\" href=\"https:\/\/dicodusport.fr\/blog\/trente-2021-italie-championne-europe-relais-mixte-france-4eme\/\" \/>\n<meta property=\"og:locale\" content=\"fr_FR\" \/>\n<meta property=\"og:type\" content=\"article\" \/>\n<meta property=\"og:title\" content=\"Trente 2021 : L&#039;Italie championne d&#039;Europe sur le relais mixte, la France 4\u00e8me\" \/>\n<meta property=\"og:description\" content=\"CHAMPIONNATS D&#039;EUROPE DE CYCLISME SUR ROUTE 2021 - L&#039;Italie est devenue ce mercredi championne d&#039;Europe du relais mixte, \u00e0 Trente (Italie).\" \/>\n<meta property=\"og:url\" content=\"https:\/\/dicodusport.fr\/blog\/trente-2021-italie-championne-europe-relais-mixte-france-4eme\/\" \/>\n<meta property=\"og:site_name\" content=\"Dicodusport\" \/>\n<meta property=\"article:publisher\" content=\"https:\/\/www.facebook.com\/dicodusport\" \/>\n<meta property=\"article:author\" content=\"https:\/\/www.facebook.com\/florent.ostermann\" \/>\n<meta property=\"article:published_time\" content=\"2021-09-08T14:34:11+00:00\" \/>\n<meta property=\"article:modified_time\" content=\"2021-09-08T15:16:32+00:00\" \/>\n<meta property=\"og:image\" content=\"https:\/\/dicodusport.fr\/blog\/wp-content\/uploads\/2021\/09\/Trente-2021-LItalie-championne-dEurope-sur-le-relais-mixte-la-France-4eme.png\" \/>\n\t<meta property=\"og:image:width\" content=\"800\" \/>\n\t<meta property=\"og:image:height\" content=\"445\" \/>\n\t<meta property=\"og:image:type\" content=\"image\/png\" \/>\n<meta name=\"author\" content=\"Flo Ostermann\" \/>\n<meta name=\"twitter:card\" content=\"summary_large_image\" \/>\n<meta name=\"twitter:title\" content=\"Trente 2021 : L&#039;Italie championne d&#039;Europe sur le relais mixte, la France 4\u00e8me\" \/>\n<meta name=\"twitter:creator\" content=\"@https:\/\/twitter.com\/FlOstermann\" \/>\n<meta name=\"twitter:site\" content=\"@dicodusport\" \/>\n<script type=\"application\/ld+json\" class=\"yoast-schema-graph\">{\"@context\":\"https:\/\/schema.org\",\"@graph\":[{\"@type\":\"NewsArticle\",\"@id\":\"https:\/\/dicodusport.fr\/blog\/trente-2021-italie-championne-europe-relais-mixte-france-4eme\/#article\",\"isPartOf\":{\"@id\":\"https:\/\/dicodusport.fr\/blog\/trente-2021-italie-championne-europe-relais-mixte-france-4eme\/\"},\"author\":{\"name\":\"Flo Ostermann\",\"@id\":\"https:\/\/dicodusport.fr\/blog\/#\/schema\/person\/cb02af4c173ce4a653b55e9baf388d4a\"},\"headline\":\"Trente 2021 : L&rsquo;Italie championne d&rsquo;Europe sur le relais mixte, la France 4\u00e8me\",\"datePublished\":\"2021-09-08T14:34:11+00:00\",\"dateModified\":\"2021-09-08T15:16:32+00:00\",\"mainEntityOfPage\":{\"@id\":\"https:\/\/dicodusport.fr\/blog\/trente-2021-italie-championne-europe-relais-mixte-france-4eme\/\"},\"wordCount\":358,\"commentCount\":0,\"publisher\":{\"@id\":\"https:\/\/dicodusport.fr\/blog\/#organization\"},\"image\":{\"@id\":\"https:\/\/dicodusport.fr\/blog\/trente-2021-italie-championne-europe-relais-mixte-france-4eme\/#primaryimage\"},\"thumbnailUrl\":\"https:\/\/dicodusport.fr\/blog\/wp-content\/uploads\/2021\/09\/Trente-2021-LItalie-championne-dEurope-sur-le-relais-mixte-la-France-4eme.png\",\"keywords\":[\"Championnats d'europe de cyclisme\"],\"articleSection\":[\"Cyclisme sur route\"],\"inLanguage\":\"fr-FR\",\"potentialAction\":[{\"@type\":\"CommentAction\",\"name\":\"Comment\",\"target\":[\"https:\/\/dicodusport.fr\/blog\/trente-2021-italie-championne-europe-relais-mixte-france-4eme\/#respond\"]}],\"copyrightYear\":\"2021\",\"copyrightHolder\":{\"@id\":\"https:\/\/dicodusport.fr\/blog\/#organization\"}},{\"@type\":\"WebPage\",\"@id\":\"https:\/\/dicodusport.fr\/blog\/trente-2021-italie-championne-europe-relais-mixte-france-4eme\/\",\"url\":\"https:\/\/dicodusport.fr\/blog\/trente-2021-italie-championne-europe-relais-mixte-france-4eme\/\",\"name\":\"Trente 2021 : L'Italie championne d'Europe sur le relais mixte, la France 4\u00e8me\",\"isPartOf\":{\"@id\":\"https:\/\/dicodusport.fr\/blog\/#website\"},\"primaryImageOfPage\":{\"@id\":\"https:\/\/dicodusport.fr\/blog\/trente-2021-italie-championne-europe-relais-mixte-france-4eme\/#primaryimage\"},\"image\":{\"@id\":\"https:\/\/dicodusport.fr\/blog\/trente-2021-italie-championne-europe-relais-mixte-france-4eme\/#primaryimage\"},\"thumbnailUrl\":\"https:\/\/dicodusport.fr\/blog\/wp-content\/uploads\/2021\/09\/Trente-2021-LItalie-championne-dEurope-sur-le-relais-mixte-la-France-4eme.png\",\"datePublished\":\"2021-09-08T14:34:11+00:00\",\"dateModified\":\"2021-09-08T15:16:32+00:00\",\"description\":\"CHAMPIONNATS D'EUROPE DE CYCLISME SUR ROUTE 2021 - L'Italie est devenue ce mercredi championne d'Europe du relais mixte, \u00e0 Trente (Italie).\",\"breadcrumb\":{\"@id\":\"https:\/\/dicodusport.fr\/blog\/trente-2021-italie-championne-europe-relais-mixte-france-4eme\/#breadcrumb\"},\"inLanguage\":\"fr-FR\",\"potentialAction\":[{\"@type\":\"ReadAction\",\"target\":[\"https:\/\/dicodusport.fr\/blog\/trente-2021-italie-championne-europe-relais-mixte-france-4eme\/\"]}]},{\"@type\":\"ImageObject\",\"inLanguage\":\"fr-FR\",\"@id\":\"https:\/\/dicodusport.fr\/blog\/trente-2021-italie-championne-europe-relais-mixte-france-4eme\/#primaryimage\",\"url\":\"https:\/\/dicodusport.fr\/blog\/wp-content\/uploads\/2021\/09\/Trente-2021-LItalie-championne-dEurope-sur-le-relais-mixte-la-France-4eme.png\",\"contentUrl\":\"https:\/\/dicodusport.fr\/blog\/wp-content\/uploads\/2021\/09\/Trente-2021-LItalie-championne-dEurope-sur-le-relais-mixte-la-France-4eme.png\",\"width\":800,\"height\":445,\"caption\":\"Trente 2021 : L'Italie championne d'Europe sur le relais mixte, la France 4\u00e8me\"},{\"@type\":\"BreadcrumbList\",\"@id\":\"https:\/\/dicodusport.fr\/blog\/trente-2021-italie-championne-europe-relais-mixte-france-4eme\/#breadcrumb\",\"itemListElement\":[{\"@type\":\"ListItem\",\"position\":1,\"name\":\"Accueil\",\"item\":\"https:\/\/dicodusport.fr\/blog\/\"},{\"@type\":\"ListItem\",\"position\":2,\"name\":\"Trente 2021 : L&rsquo;Italie championne d&rsquo;Europe sur le relais mixte, la France 4\u00e8me\"}]},{\"@type\":\"WebSite\",\"@id\":\"https:\/\/dicodusport.fr\/blog\/#website\",\"url\":\"https:\/\/dicodusport.fr\/blog\/\",\"name\":\"Dicodusport\",\"description\":\"L&#039;encyclop\u00e9die de l&#039;actualit\u00e9 sportive\",\"publisher\":{\"@id\":\"https:\/\/dicodusport.fr\/blog\/#organization\"},\"potentialAction\":[{\"@type\":\"SearchAction\",\"target\":{\"@type\":\"EntryPoint\",\"urlTemplate\":\"https:\/\/dicodusport.fr\/blog\/?s={search_term_string}\"},\"query-input\":{\"@type\":\"PropertyValueSpecification\",\"valueRequired\":true,\"valueName\":\"search_term_string\"}}],\"inLanguage\":\"fr-FR\"},{\"@type\":\"NewsMediaOrganization\",\"@id\":\"https:\/\/dicodusport.fr\/blog\/#organization\",\"name\":\"Dicodusport\",\"url\":\"https:\/\/dicodusport.fr\/blog\/\",\"logo\":{\"@type\":\"ImageObject\",\"inLanguage\":\"fr-FR\",\"@id\":\"https:\/\/dicodusport.fr\/blog\/#\/schema\/logo\/image\/\",\"url\":\"https:\/\/dicodusport.fr\/blog\/wp-content\/uploads\/2020\/06\/cropped-LOGO-DICODUSPORT-2020-SANS-FOND-SANS-TEXTE.png\",\"contentUrl\":\"https:\/\/dicodusport.fr\/blog\/wp-content\/uploads\/2020\/06\/cropped-LOGO-DICODUSPORT-2020-SANS-FOND-SANS-TEXTE.png\",\"width\":512,\"height\":512,\"caption\":\"Dicodusport\"},\"image\":{\"@id\":\"https:\/\/dicodusport.fr\/blog\/#\/schema\/logo\/image\/\"},\"sameAs\":[\"https:\/\/www.facebook.com\/dicodusport\",\"https:\/\/x.com\/dicodusport\",\"https:\/\/www.instagram.com\/dicodusport\/\",\"https:\/\/www.youtube.com\/channel\/UC7V2KZ5sd3htJivAbA4ZG3w\"],\"description\":\"Dicodusport est l'encyclop\u00e9die de l'actualit\u00e9 sportive.\",\"email\":\"bonjour@dicodusport.fr\",\"legalName\":\"DICODUSPORT\",\"foundingDate\":\"2018-01-14\",\"vatID\":\"FR71834470973\",\"taxID\":\"83447097300043\",\"numberOfEmployees\":{\"@type\":\"QuantitativeValue\",\"minValue\":\"1\",\"maxValue\":\"10\"}},{\"@type\":\"Person\",\"@id\":\"https:\/\/dicodusport.fr\/blog\/#\/schema\/person\/cb02af4c173ce4a653b55e9baf388d4a\",\"name\":\"Flo Ostermann\",\"image\":{\"@type\":\"ImageObject\",\"inLanguage\":\"fr-FR\",\"@id\":\"https:\/\/dicodusport.fr\/blog\/#\/schema\/person\/image\/\",\"url\":\"https:\/\/dicodusport.fr\/blog\/wp-content\/uploads\/2021\/05\/Flo-Ostermann-150x150.jpg\",\"contentUrl\":\"https:\/\/dicodusport.fr\/blog\/wp-content\/uploads\/2021\/05\/Flo-Ostermann-150x150.jpg\",\"caption\":\"Flo Ostermann\"},\"description\":\"Journaliste\/R\u00e9dacteur depuis septembre 2015 - Mes premiers souvenirs dans le sport ? Les envol\u00e9es du Stade Toulousain et les duels Villeneuve-Schumacher et H\u00e4kkinen-Schumacher \u00e0 la fin des ann\u00e9es 90, la Coupe du monde de football en 1998, l\u2019exploit du XV de France face aux All Blacks en 1999, mais aussi Richard C\u0153ur de Lion qui vole sur les montagnes du Tour de France. Bien parti pour devenir professeur d\u2019EPS, les \u00e9v\u00e9nements de la vie (et la flemme d\u2019animer des s\u00e9ances de 3x500 m\u00e8tres toute ma vie) m\u2019ont conduit \u00e0 revoir mes plans. Me voil\u00e0 depuis fin 2017 sur Dicodusport, m\u00e9dia gr\u00e2ce (et pour) lequel je partage ma passion : le sport dans tous ses \u00e9tats. Le tout accompagn\u00e9 par les fous furieux et folles furieuses cit\u00e9s sur cette page !\",\"sameAs\":[\"https:\/\/www.facebook.com\/florent.ostermann\",\"https:\/\/x.com\/https:\/\/twitter.com\/FlOstermann\",\"admin\"],\"url\":\"https:\/\/dicodusport.fr\/blog\/author\/flo\/\"}]}<\/script>\n<!-- \/ Yoast SEO Premium plugin. -->","yoast_head_json":{"title":"Trente 2021 : L'Italie championne d'Europe sur le relais mixte, la France 4\u00e8me","description":"CHAMPIONNATS D'EUROPE DE CYCLISME SUR ROUTE 2021 - L'Italie est devenue ce mercredi championne d'Europe du relais mixte, \u00e0 Trente (Italie).","robots":{"index":"index","follow":"follow","max-snippet":"max-snippet:-1","max-image-preview":"max-image-preview:large","max-video-preview":"max-video-preview:-1"},"canonical":"https:\/\/dicodusport.fr\/blog\/trente-2021-italie-championne-europe-relais-mixte-france-4eme\/","og_locale":"fr_FR","og_type":"article","og_title":"Trente 2021 : L'Italie championne d'Europe sur le relais mixte, la France 4\u00e8me","og_description":"CHAMPIONNATS D'EUROPE DE CYCLISME SUR ROUTE 2021 - L'Italie est devenue ce mercredi championne d'Europe du relais mixte, \u00e0 Trente (Italie).","og_url":"https:\/\/dicodusport.fr\/blog\/trente-2021-italie-championne-europe-relais-mixte-france-4eme\/","og_site_name":"Dicodusport","article_publisher":"https:\/\/www.facebook.com\/dicodusport","article_author":"https:\/\/www.facebook.com\/florent.ostermann","article_published_time":"2021-09-08T14:34:11+00:00","article_modified_time":"2021-09-08T15:16:32+00:00","og_image":[{"width":800,"height":445,"url":"https:\/\/dicodusport.fr\/blog\/wp-content\/uploads\/2021\/09\/Trente-2021-LItalie-championne-dEurope-sur-le-relais-mixte-la-France-4eme.png","type":"image\/png"}],"author":"Flo Ostermann","twitter_card":"summary_large_image","twitter_title":"Trente 2021 : L'Italie championne d'Europe sur le relais mixte, la France 4\u00e8me","twitter_creator":"@https:\/\/twitter.com\/FlOstermann","twitter_site":"@dicodusport","schema":{"@context":"https:\/\/schema.org","@graph":[{"@type":"NewsArticle","@id":"https:\/\/dicodusport.fr\/blog\/trente-2021-italie-championne-europe-relais-mixte-france-4eme\/#article","isPartOf":{"@id":"https:\/\/dicodusport.fr\/blog\/trente-2021-italie-championne-europe-relais-mixte-france-4eme\/"},"author":{"name":"Flo Ostermann","@id":"https:\/\/dicodusport.fr\/blog\/#\/schema\/person\/cb02af4c173ce4a653b55e9baf388d4a"},"headline":"Trente 2021 : L&rsquo;Italie championne d&rsquo;Europe sur le relais mixte, la France 4\u00e8me","datePublished":"2021-09-08T14:34:11+00:00","dateModified":"2021-09-08T15:16:32+00:00","mainEntityOfPage":{"@id":"https:\/\/dicodusport.fr\/blog\/trente-2021-italie-championne-europe-relais-mixte-france-4eme\/"},"wordCount":358,"commentCount":0,"publisher":{"@id":"https:\/\/dicodusport.fr\/blog\/#organization"},"image":{"@id":"https:\/\/dicodusport.fr\/blog\/trente-2021-italie-championne-europe-relais-mixte-france-4eme\/#primaryimage"},"thumbnailUrl":"https:\/\/dicodusport.fr\/blog\/wp-content\/uploads\/2021\/09\/Trente-2021-LItalie-championne-dEurope-sur-le-relais-mixte-la-France-4eme.png","keywords":["Championnats d'europe de cyclisme"],"articleSection":["Cyclisme sur route"],"inLanguage":"fr-FR","potentialAction":[{"@type":"CommentAction","name":"Comment","target":["https:\/\/dicodusport.fr\/blog\/trente-2021-italie-championne-europe-relais-mixte-france-4eme\/#respond"]}],"copyrightYear":"2021","copyrightHolder":{"@id":"https:\/\/dicodusport.fr\/blog\/#organization"}},{"@type":"WebPage","@id":"https:\/\/dicodusport.fr\/blog\/trente-2021-italie-championne-europe-relais-mixte-france-4eme\/","url":"https:\/\/dicodusport.fr\/blog\/trente-2021-italie-championne-europe-relais-mixte-france-4eme\/","name":"Trente 2021 : L'Italie championne d'Europe sur le relais mixte, la France 4\u00e8me","isPartOf":{"@id":"https:\/\/dicodusport.fr\/blog\/#website"},"primaryImageOfPage":{"@id":"https:\/\/dicodusport.fr\/blog\/trente-2021-italie-championne-europe-relais-mixte-france-4eme\/#primaryimage"},"image":{"@id":"https:\/\/dicodusport.fr\/blog\/trente-2021-italie-championne-europe-relais-mixte-france-4eme\/#primaryimage"},"thumbnailUrl":"https:\/\/dicodusport.fr\/blog\/wp-content\/uploads\/2021\/09\/Trente-2021-LItalie-championne-dEurope-sur-le-relais-mixte-la-France-4eme.png","datePublished":"2021-09-08T14:34:11+00:00","dateModified":"2021-09-08T15:16:32+00:00","description":"CHAMPIONNATS D'EUROPE DE CYCLISME SUR ROUTE 2021 - L'Italie est devenue ce mercredi championne d'Europe du relais mixte, \u00e0 Trente (Italie).","breadcrumb":{"@id":"https:\/\/dicodusport.fr\/blog\/trente-2021-italie-championne-europe-relais-mixte-france-4eme\/#breadcrumb"},"inLanguage":"fr-FR","potentialAction":[{"@type":"ReadAction","target":["https:\/\/dicodusport.fr\/blog\/trente-2021-italie-championne-europe-relais-mixte-france-4eme\/"]}]},{"@type":"ImageObject","inLanguage":"fr-FR","@id":"https:\/\/dicodusport.fr\/blog\/trente-2021-italie-championne-europe-relais-mixte-france-4eme\/#primaryimage","url":"https:\/\/dicodusport.fr\/blog\/wp-content\/uploads\/2021\/09\/Trente-2021-LItalie-championne-dEurope-sur-le-relais-mixte-la-France-4eme.png","contentUrl":"https:\/\/dicodusport.fr\/blog\/wp-content\/uploads\/2021\/09\/Trente-2021-LItalie-championne-dEurope-sur-le-relais-mixte-la-France-4eme.png","width":800,"height":445,"caption":"Trente 2021 : L'Italie championne d'Europe sur le relais mixte, la France 4\u00e8me"},{"@type":"BreadcrumbList","@id":"https:\/\/dicodusport.fr\/blog\/trente-2021-italie-championne-europe-relais-mixte-france-4eme\/#breadcrumb","itemListElement":[{"@type":"ListItem","position":1,"name":"Accueil","item":"https:\/\/dicodusport.fr\/blog\/"},{"@type":"ListItem","position":2,"name":"Trente 2021 : L&rsquo;Italie championne d&rsquo;Europe sur le relais mixte, la France 4\u00e8me"}]},{"@type":"WebSite","@id":"https:\/\/dicodusport.fr\/blog\/#website","url":"https:\/\/dicodusport.fr\/blog\/","name":"Dicodusport","description":"L&#039;encyclop\u00e9die de l&#039;actualit\u00e9 sportive","publisher":{"@id":"https:\/\/dicodusport.fr\/blog\/#organization"},"potentialAction":[{"@type":"SearchAction","target":{"@type":"EntryPoint","urlTemplate":"https:\/\/dicodusport.fr\/blog\/?s={search_term_string}"},"query-input":{"@type":"PropertyValueSpecification","valueRequired":true,"valueName":"search_term_string"}}],"inLanguage":"fr-FR"},{"@type":"NewsMediaOrganization","@id":"https:\/\/dicodusport.fr\/blog\/#organization","name":"Dicodusport","url":"https:\/\/dicodusport.fr\/blog\/","logo":{"@type":"ImageObject","inLanguage":"fr-FR","@id":"https:\/\/dicodusport.fr\/blog\/#\/schema\/logo\/image\/","url":"https:\/\/dicodusport.fr\/blog\/wp-content\/uploads\/2020\/06\/cropped-LOGO-DICODUSPORT-2020-SANS-FOND-SANS-TEXTE.png","contentUrl":"https:\/\/dicodusport.fr\/blog\/wp-content\/uploads\/2020\/06\/cropped-LOGO-DICODUSPORT-2020-SANS-FOND-SANS-TEXTE.png","width":512,"height":512,"caption":"Dicodusport"},"image":{"@id":"https:\/\/dicodusport.fr\/blog\/#\/schema\/logo\/image\/"},"sameAs":["https:\/\/www.facebook.com\/dicodusport","https:\/\/x.com\/dicodusport","https:\/\/www.instagram.com\/dicodusport\/","https:\/\/www.youtube.com\/channel\/UC7V2KZ5sd3htJivAbA4ZG3w"],"description":"Dicodusport est l'encyclop\u00e9die de l'actualit\u00e9 sportive.","email":"bonjour@dicodusport.fr","legalName":"DICODUSPORT","foundingDate":"2018-01-14","vatID":"FR71834470973","taxID":"83447097300043","numberOfEmployees":{"@type":"QuantitativeValue","minValue":"1","maxValue":"10"}},{"@type":"Person","@id":"https:\/\/dicodusport.fr\/blog\/#\/schema\/person\/cb02af4c173ce4a653b55e9baf388d4a","name":"Flo Ostermann","image":{"@type":"ImageObject","inLanguage":"fr-FR","@id":"https:\/\/dicodusport.fr\/blog\/#\/schema\/person\/image\/","url":"https:\/\/dicodusport.fr\/blog\/wp-content\/uploads\/2021\/05\/Flo-Ostermann-150x150.jpg","contentUrl":"https:\/\/dicodusport.fr\/blog\/wp-content\/uploads\/2021\/05\/Flo-Ostermann-150x150.jpg","caption":"Flo Ostermann"},"description":"Journaliste\/R\u00e9dacteur depuis septembre 2015 - Mes premiers souvenirs dans le sport ? Les envol\u00e9es du Stade Toulousain et les duels Villeneuve-Schumacher et H\u00e4kkinen-Schumacher \u00e0 la fin des ann\u00e9es 90, la Coupe du monde de football en 1998, l\u2019exploit du XV de France face aux All Blacks en 1999, mais aussi Richard C\u0153ur de Lion qui vole sur les montagnes du Tour de France. Bien parti pour devenir professeur d\u2019EPS, les \u00e9v\u00e9nements de la vie (et la flemme d\u2019animer des s\u00e9ances de 3x500 m\u00e8tres toute ma vie) m\u2019ont conduit \u00e0 revoir mes plans. Me voil\u00e0 depuis fin 2017 sur Dicodusport, m\u00e9dia gr\u00e2ce (et pour) lequel je partage ma passion : le sport dans tous ses \u00e9tats. Le tout accompagn\u00e9 par les fous furieux et folles furieuses cit\u00e9s sur cette page !","sameAs":["https:\/\/www.facebook.com\/florent.ostermann","https:\/\/x.com\/https:\/\/twitter.com\/FlOstermann","admin"],"url":"https:\/\/dicodusport.fr\/blog\/author\/flo\/"}]}},"_links":{"self":[{"href":"https:\/\/dicodusport.fr\/blog\/wp-json\/wp\/v2\/posts\/164924","targetHints":{"allow":["GET"]}}],"collection":[{"href":"https:\/\/dicodusport.fr\/blog\/wp-json\/wp\/v2\/posts"}],"about":[{"href":"https:\/\/dicodusport.fr\/blog\/wp-json\/wp\/v2\/types\/post"}],"author":[{"embeddable":true,"href":"https:\/\/dicodusport.fr\/blog\/wp-json\/wp\/v2\/users\/4"}],"replies":[{"embeddable":true,"href":"https:\/\/dicodusport.fr\/blog\/wp-json\/wp\/v2\/comments?post=164924"}],"version-history":[{"count":0,"href":"https:\/\/dicodusport.fr\/blog\/wp-json\/wp\/v2\/posts\/164924\/revisions"}],"wp:featuredmedia":[{"embeddable":true,"href":"https:\/\/dicodusport.fr\/blog\/wp-json\/wp\/v2\/media\/164928"}],"wp:attachment":[{"href":"https:\/\/dicodusport.fr\/blog\/wp-json\/wp\/v2\/media?parent=164924"}],"wp:term":[{"taxonomy":"category","embeddable":true,"href":"https:\/\/dicodusport.fr\/blog\/wp-json\/wp\/v2\/categories?post=164924"},{"taxonomy":"post_tag","embeddable":true,"href":"https:\/\/dicodusport.fr\/blog\/wp-json\/wp\/v2\/tags?post=164924"}],"curies":[{"name":"wp","href":"https:\/\/api.w.org\/{rel}","templated":true}]}}