{"id":165028,"date":"2021-09-10T08:00:45","date_gmt":"2021-09-10T06:00:45","guid":{"rendered":"https:\/\/dicodusport.fr\/blog\/?p=165028"},"modified":"2021-09-10T07:46:28","modified_gmt":"2021-09-10T05:46:28","slug":"10-septembre-2017-second-titre-mondial-pour-loic-bruni","status":"publish","type":"post","link":"https:\/\/dicodusport.fr\/blog\/10-septembre-2017-second-titre-mondial-pour-loic-bruni\/","title":{"rendered":"10 septembre 2017 : Second titre mondial pour Lo\u00efc Bruni"},"content":{"rendered":"<p style=\"text-align: justify;\"><em><strong><a href=\"https:\/\/dicodusport.fr\/definition-sport\/vtt\/\">VTT<\/a> &#8211; Lo\u00efc Bruni a d\u00e9j\u00e0 conquis le titre de champion du monde de descente en VTT en 2015. Malheureusement l\u2019ann\u00e9e suivante, une blessure l\u2019\u00e9carte un temps des pistes. Le retour se veut donc triomphant.<\/strong> <\/em><\/p>\n<h2>\u00c7a s&rsquo;est pass\u00e9 le 10 septembre 2017<\/h2>\n<p style=\"text-align: justify;\"><strong>Lo\u00efc Bruni<\/strong> a laiss\u00e9 parler sa vitesse sur la descente de Cairns. Avec des conditions favorables au v\u00e9t\u00e9tiste et un beau soleil en Australie, le Fran\u00e7ais a parfaitement g\u00e9r\u00e9 sa descente pour terminer avec un total de 3\u203226\u2033656, c\u2019est 0\u2033339 de mieux que l\u2019Australien <strong>Michael Hannah<\/strong> et 1\u2033967 plus rapide que l\u2019Am\u00e9ricain <strong>Aaron Gwin<\/strong>, ce dernier prenant le bronze. Malgr\u00e9 quelques petites erreurs sur le parcours, le multiple champion de France engrange quelques centi\u00e8mes, dixi\u00e8mes pr\u00e9cieux \u00e0 chaque interm\u00e9diaire. A l\u2019arriv\u00e9e c\u2019est l\u2019explosion de joie avec son compatriote et ami <strong>Loris Vergier<\/strong>. <strong>Lo\u00efc Bruni<\/strong> r\u00e9cup\u00e8re ainsi l\u2019or mondial apr\u00e8s son sacre en 2015 et confirme son statut, un exploit qu\u2019il r\u00e9it\u00e8re en 2018 puis encore l\u2019ann\u00e9e suivante.<\/p>\n<p><span class=\"ne7DvGuqJ6t2MOIPNfAWTXVEmrx38QbdzUHcB1LFka\"><iframe loading=\"lazy\" title=\"2017 UCI Mountain bike World Championships - Cairns (AUS) \/ Loic Bruni\" width=\"740\" height=\"416\" src=\"https:\/\/www.youtube.com\/embed\/q9tWwZv7xOo?feature=oembed\" frameborder=\"0\" allow=\"accelerometer; autoplay; clipboard-write; encrypted-media; gyroscope; picture-in-picture; web-share\" allowfullscreen><\/iframe><\/span><\/p>\n<p style=\"text-align: justify;\"><strong>Info\u00a0<\/strong>: En plus de s\u2019octroyer une quatri\u00e8me fois le titre de champion du monde de descente en 2019, <strong>Lo\u00efc Bruni<\/strong> r\u00e9alise cette m\u00eame ann\u00e9e le doubl\u00e9 en s\u2019adjugeant \u00e9galement le classement g\u00e9n\u00e9ral de la Coupe du monde.<\/p>\n","protected":false},"excerpt":{"rendered":"<p>Le 10 septembre 2017, Lo\u00efc Bruni remportait pour la seconde fois le titre de champion du monde de descente. Retour sur le sacre du v\u00e9t\u00e9tiste.<\/p>\n","protected":false},"author":18,"featured_media":165272,"comment_status":"open","ping_status":"closed","sticky":false,"template":"","format":"standard","meta":{"_acf_changed":false,"_daextam_enable_autolinks":"","footnotes":""},"categories":[8,10279],"tags":[574,8481,1829,692],"class_list":["post-165028","post","type-post","status-publish","format-standard","has-post-thumbnail","hentry","category-histoire","category-vtt","tag-cyclisme","tag-histoire","tag-loic-bruni","tag-vtt"],"acf":[],"yoast_head":"<!-- This site is optimized with the Yoast SEO Premium plugin v26.7 (Yoast SEO v26.7) - https:\/\/yoast.com\/wordpress\/plugins\/seo\/ -->\n<title>10 septembre 2017 : Second titre mondial pour Lo\u00efc Bruni<\/title>\n<meta name=\"description\" content=\"Le 10 septembre 2017, Lo\u00efc Bruni remportait pour la seconde fois le titre de champion du monde de descente. Retour sur le sacre du v\u00e9t\u00e9tiste.\" \/>\n<meta name=\"robots\" content=\"index, follow, max-snippet:-1, max-image-preview:large, max-video-preview:-1\" \/>\n<link rel=\"canonical\" href=\"https:\/\/dicodusport.fr\/blog\/10-septembre-2017-second-titre-mondial-pour-loic-bruni\/\" \/>\n<meta property=\"og:locale\" content=\"fr_FR\" \/>\n<meta property=\"og:type\" content=\"article\" \/>\n<meta property=\"og:title\" content=\"10 septembre 2017 : Second titre mondial pour Lo\u00efc Bruni\" \/>\n<meta property=\"og:description\" content=\"Le 10 septembre 2017, Lo\u00efc Bruni remportait pour la seconde fois le titre de champion du monde de descente. Retour sur le sacre du v\u00e9t\u00e9tiste.\" \/>\n<meta property=\"og:url\" content=\"https:\/\/dicodusport.fr\/blog\/10-septembre-2017-second-titre-mondial-pour-loic-bruni\/\" \/>\n<meta property=\"og:site_name\" content=\"Dicodusport\" \/>\n<meta property=\"article:publisher\" content=\"https:\/\/www.facebook.com\/dicodusport\" \/>\n<meta property=\"article:author\" content=\"https:\/\/www.facebook.com\/soocube\" \/>\n<meta property=\"article:published_time\" content=\"2021-09-10T06:00:45+00:00\" \/>\n<meta property=\"og:image\" content=\"https:\/\/dicodusport.fr\/blog\/wp-content\/uploads\/2021\/09\/10-septembre-2017-Second-titre-mondial-pour-Loic-Bruni.png\" \/>\n\t<meta property=\"og:image:width\" content=\"800\" \/>\n\t<meta property=\"og:image:height\" content=\"445\" \/>\n\t<meta property=\"og:image:type\" content=\"image\/png\" \/>\n<meta name=\"author\" content=\"Sophie Clapier\" \/>\n<meta name=\"twitter:card\" content=\"summary_large_image\" \/>\n<meta name=\"twitter:title\" content=\"10 septembre 2017 : Second titre mondial pour Lo\u00efc Bruni\" \/>\n<meta name=\"twitter:creator\" content=\"@https:\/\/twitter.com\/soocube\" \/>\n<meta name=\"twitter:site\" content=\"@dicodusport\" \/>\n<script type=\"application\/ld+json\" class=\"yoast-schema-graph\">{\"@context\":\"https:\/\/schema.org\",\"@graph\":[{\"@type\":\"NewsArticle\",\"@id\":\"https:\/\/dicodusport.fr\/blog\/10-septembre-2017-second-titre-mondial-pour-loic-bruni\/#article\",\"isPartOf\":{\"@id\":\"https:\/\/dicodusport.fr\/blog\/10-septembre-2017-second-titre-mondial-pour-loic-bruni\/\"},\"author\":{\"name\":\"Sophie Clapier\",\"@id\":\"https:\/\/dicodusport.fr\/blog\/#\/schema\/person\/416c975648aca9da8839bdfe333a21c9\"},\"headline\":\"10 septembre 2017 : Second titre mondial pour Lo\u00efc Bruni\",\"datePublished\":\"2021-09-10T06:00:45+00:00\",\"mainEntityOfPage\":{\"@id\":\"https:\/\/dicodusport.fr\/blog\/10-septembre-2017-second-titre-mondial-pour-loic-bruni\/\"},\"wordCount\":245,\"commentCount\":0,\"publisher\":{\"@id\":\"https:\/\/dicodusport.fr\/blog\/#organization\"},\"image\":{\"@id\":\"https:\/\/dicodusport.fr\/blog\/10-septembre-2017-second-titre-mondial-pour-loic-bruni\/#primaryimage\"},\"thumbnailUrl\":\"https:\/\/dicodusport.fr\/blog\/wp-content\/uploads\/2021\/09\/10-septembre-2017-Second-titre-mondial-pour-Loic-Bruni.png\",\"keywords\":[\"Cyclisme\",\"histoire\",\"Loic Bruni\",\"VTT\"],\"articleSection\":[\"Histoire\",\"VTT\"],\"inLanguage\":\"fr-FR\",\"potentialAction\":[{\"@type\":\"CommentAction\",\"name\":\"Comment\",\"target\":[\"https:\/\/dicodusport.fr\/blog\/10-septembre-2017-second-titre-mondial-pour-loic-bruni\/#respond\"]}],\"copyrightYear\":\"2021\",\"copyrightHolder\":{\"@id\":\"https:\/\/dicodusport.fr\/blog\/#organization\"}},{\"@type\":\"WebPage\",\"@id\":\"https:\/\/dicodusport.fr\/blog\/10-septembre-2017-second-titre-mondial-pour-loic-bruni\/\",\"url\":\"https:\/\/dicodusport.fr\/blog\/10-septembre-2017-second-titre-mondial-pour-loic-bruni\/\",\"name\":\"10 septembre 2017 : Second titre mondial pour Lo\u00efc Bruni\",\"isPartOf\":{\"@id\":\"https:\/\/dicodusport.fr\/blog\/#website\"},\"primaryImageOfPage\":{\"@id\":\"https:\/\/dicodusport.fr\/blog\/10-septembre-2017-second-titre-mondial-pour-loic-bruni\/#primaryimage\"},\"image\":{\"@id\":\"https:\/\/dicodusport.fr\/blog\/10-septembre-2017-second-titre-mondial-pour-loic-bruni\/#primaryimage\"},\"thumbnailUrl\":\"https:\/\/dicodusport.fr\/blog\/wp-content\/uploads\/2021\/09\/10-septembre-2017-Second-titre-mondial-pour-Loic-Bruni.png\",\"datePublished\":\"2021-09-10T06:00:45+00:00\",\"description\":\"Le 10 septembre 2017, Lo\u00efc Bruni remportait pour la seconde fois le titre de champion du monde de descente. Retour sur le sacre du v\u00e9t\u00e9tiste.\",\"breadcrumb\":{\"@id\":\"https:\/\/dicodusport.fr\/blog\/10-septembre-2017-second-titre-mondial-pour-loic-bruni\/#breadcrumb\"},\"inLanguage\":\"fr-FR\",\"potentialAction\":[{\"@type\":\"ReadAction\",\"target\":[\"https:\/\/dicodusport.fr\/blog\/10-septembre-2017-second-titre-mondial-pour-loic-bruni\/\"]}]},{\"@type\":\"ImageObject\",\"inLanguage\":\"fr-FR\",\"@id\":\"https:\/\/dicodusport.fr\/blog\/10-septembre-2017-second-titre-mondial-pour-loic-bruni\/#primaryimage\",\"url\":\"https:\/\/dicodusport.fr\/blog\/wp-content\/uploads\/2021\/09\/10-septembre-2017-Second-titre-mondial-pour-Loic-Bruni.png\",\"contentUrl\":\"https:\/\/dicodusport.fr\/blog\/wp-content\/uploads\/2021\/09\/10-septembre-2017-Second-titre-mondial-pour-Loic-Bruni.png\",\"width\":800,\"height\":445,\"caption\":\"10 septembre 2017 Second titre mondial pour Lo\u00efc Bruni\"},{\"@type\":\"BreadcrumbList\",\"@id\":\"https:\/\/dicodusport.fr\/blog\/10-septembre-2017-second-titre-mondial-pour-loic-bruni\/#breadcrumb\",\"itemListElement\":[{\"@type\":\"ListItem\",\"position\":1,\"name\":\"Accueil\",\"item\":\"https:\/\/dicodusport.fr\/blog\/\"},{\"@type\":\"ListItem\",\"position\":2,\"name\":\"10 septembre 2017 : Second titre mondial pour Lo\u00efc Bruni\"}]},{\"@type\":\"WebSite\",\"@id\":\"https:\/\/dicodusport.fr\/blog\/#website\",\"url\":\"https:\/\/dicodusport.fr\/blog\/\",\"name\":\"Dicodusport\",\"description\":\"L&#039;encyclop\u00e9die de l&#039;actualit\u00e9 sportive\",\"publisher\":{\"@id\":\"https:\/\/dicodusport.fr\/blog\/#organization\"},\"potentialAction\":[{\"@type\":\"SearchAction\",\"target\":{\"@type\":\"EntryPoint\",\"urlTemplate\":\"https:\/\/dicodusport.fr\/blog\/?s={search_term_string}\"},\"query-input\":{\"@type\":\"PropertyValueSpecification\",\"valueRequired\":true,\"valueName\":\"search_term_string\"}}],\"inLanguage\":\"fr-FR\"},{\"@type\":\"NewsMediaOrganization\",\"@id\":\"https:\/\/dicodusport.fr\/blog\/#organization\",\"name\":\"Dicodusport\",\"url\":\"https:\/\/dicodusport.fr\/blog\/\",\"logo\":{\"@type\":\"ImageObject\",\"inLanguage\":\"fr-FR\",\"@id\":\"https:\/\/dicodusport.fr\/blog\/#\/schema\/logo\/image\/\",\"url\":\"https:\/\/dicodusport.fr\/blog\/wp-content\/uploads\/2020\/06\/cropped-LOGO-DICODUSPORT-2020-SANS-FOND-SANS-TEXTE.png\",\"contentUrl\":\"https:\/\/dicodusport.fr\/blog\/wp-content\/uploads\/2020\/06\/cropped-LOGO-DICODUSPORT-2020-SANS-FOND-SANS-TEXTE.png\",\"width\":512,\"height\":512,\"caption\":\"Dicodusport\"},\"image\":{\"@id\":\"https:\/\/dicodusport.fr\/blog\/#\/schema\/logo\/image\/\"},\"sameAs\":[\"https:\/\/www.facebook.com\/dicodusport\",\"https:\/\/x.com\/dicodusport\",\"https:\/\/www.instagram.com\/dicodusport\/\",\"https:\/\/www.youtube.com\/channel\/UC7V2KZ5sd3htJivAbA4ZG3w\"],\"description\":\"Dicodusport est l'encyclop\u00e9die de l'actualit\u00e9 sportive.\",\"email\":\"bonjour@dicodusport.fr\",\"legalName\":\"DICODUSPORT\",\"foundingDate\":\"2018-01-14\",\"vatID\":\"FR71834470973\",\"taxID\":\"83447097300043\",\"numberOfEmployees\":{\"@type\":\"QuantitativeValue\",\"minValue\":\"1\",\"maxValue\":\"10\"}},{\"@type\":\"Person\",\"@id\":\"https:\/\/dicodusport.fr\/blog\/#\/schema\/person\/416c975648aca9da8839bdfe333a21c9\",\"name\":\"Sophie Clapier\",\"image\":{\"@type\":\"ImageObject\",\"inLanguage\":\"fr-FR\",\"@id\":\"https:\/\/dicodusport.fr\/blog\/#\/schema\/person\/image\/\",\"url\":\"https:\/\/dicodusport.fr\/blog\/wp-content\/uploads\/2021\/05\/Sophie-Clapier-150x150.jpg\",\"contentUrl\":\"https:\/\/dicodusport.fr\/blog\/wp-content\/uploads\/2021\/05\/Sophie-Clapier-150x150.jpg\",\"caption\":\"Sophie Clapier\"},\"description\":\"Journaliste\/r\u00e9dactrice depuis janvier 2016 - Passionn\u00e9e de sport depuis toujours, j\u2019en ai pratiqu\u00e9 quelques-uns. Judo, football, handball ou encore tennis, je n\u2019ai jamais pu me mettre d\u2019accord sur un en particulier. Mais \u00e7a, c\u2019\u00e9tait avant de d\u00e9couvrir le basket, devenu mon sport de pr\u00e9dilection. Les actions NBA, le All-Star Week-end, la fureur des Game 7 pendant les playoffs ou mieux, lors des Finals, this is why we play. Team Spurs T.P, je m\u2019accroche encore \u00e0 Gregg Popovich (don\u2019t leave !). Team chef Curry, je souhaite qu\u2019il finisse aux Warriors (staaaay !). Non, il n\u2019y a pas qu\u2019eux, des petits nouveaux -et des petites nouvelles \u00e9videmment- arrivent chaque jour dans toutes les disciplines et cr\u00e9ent de nouveaux exploits. Alors pour les grands \u00e9v\u00e9nements et comp\u00e9titions internationales, vive les pulsations 240\/minutes et le d\u00e9fibrillateur pas loin, et allez les Bleu(e)s ! C\u2019est s\u00fbr, j\u2019aurai plus vu ma vie sur un terrain de sport, mais \u00e0 d\u00e9faut d\u2019en faire en haut niveau, je le partage avec vous.\",\"sameAs\":[\"https:\/\/www.facebook.com\/soocube\",\"https:\/\/x.com\/https:\/\/twitter.com\/soocube\",\"admin\"],\"url\":\"https:\/\/dicodusport.fr\/blog\/author\/sophie\/\"}]}<\/script>\n<!-- \/ Yoast SEO Premium plugin. -->","yoast_head_json":{"title":"10 septembre 2017 : Second titre mondial pour Lo\u00efc Bruni","description":"Le 10 septembre 2017, Lo\u00efc Bruni remportait pour la seconde fois le titre de champion du monde de descente. Retour sur le sacre du v\u00e9t\u00e9tiste.","robots":{"index":"index","follow":"follow","max-snippet":"max-snippet:-1","max-image-preview":"max-image-preview:large","max-video-preview":"max-video-preview:-1"},"canonical":"https:\/\/dicodusport.fr\/blog\/10-septembre-2017-second-titre-mondial-pour-loic-bruni\/","og_locale":"fr_FR","og_type":"article","og_title":"10 septembre 2017 : Second titre mondial pour Lo\u00efc Bruni","og_description":"Le 10 septembre 2017, Lo\u00efc Bruni remportait pour la seconde fois le titre de champion du monde de descente. Retour sur le sacre du v\u00e9t\u00e9tiste.","og_url":"https:\/\/dicodusport.fr\/blog\/10-septembre-2017-second-titre-mondial-pour-loic-bruni\/","og_site_name":"Dicodusport","article_publisher":"https:\/\/www.facebook.com\/dicodusport","article_author":"https:\/\/www.facebook.com\/soocube","article_published_time":"2021-09-10T06:00:45+00:00","og_image":[{"width":800,"height":445,"url":"https:\/\/dicodusport.fr\/blog\/wp-content\/uploads\/2021\/09\/10-septembre-2017-Second-titre-mondial-pour-Loic-Bruni.png","type":"image\/png"}],"author":"Sophie Clapier","twitter_card":"summary_large_image","twitter_title":"10 septembre 2017 : Second titre mondial pour Lo\u00efc Bruni","twitter_creator":"@https:\/\/twitter.com\/soocube","twitter_site":"@dicodusport","schema":{"@context":"https:\/\/schema.org","@graph":[{"@type":"NewsArticle","@id":"https:\/\/dicodusport.fr\/blog\/10-septembre-2017-second-titre-mondial-pour-loic-bruni\/#article","isPartOf":{"@id":"https:\/\/dicodusport.fr\/blog\/10-septembre-2017-second-titre-mondial-pour-loic-bruni\/"},"author":{"name":"Sophie Clapier","@id":"https:\/\/dicodusport.fr\/blog\/#\/schema\/person\/416c975648aca9da8839bdfe333a21c9"},"headline":"10 septembre 2017 : Second titre mondial pour Lo\u00efc Bruni","datePublished":"2021-09-10T06:00:45+00:00","mainEntityOfPage":{"@id":"https:\/\/dicodusport.fr\/blog\/10-septembre-2017-second-titre-mondial-pour-loic-bruni\/"},"wordCount":245,"commentCount":0,"publisher":{"@id":"https:\/\/dicodusport.fr\/blog\/#organization"},"image":{"@id":"https:\/\/dicodusport.fr\/blog\/10-septembre-2017-second-titre-mondial-pour-loic-bruni\/#primaryimage"},"thumbnailUrl":"https:\/\/dicodusport.fr\/blog\/wp-content\/uploads\/2021\/09\/10-septembre-2017-Second-titre-mondial-pour-Loic-Bruni.png","keywords":["Cyclisme","histoire","Loic Bruni","VTT"],"articleSection":["Histoire","VTT"],"inLanguage":"fr-FR","potentialAction":[{"@type":"CommentAction","name":"Comment","target":["https:\/\/dicodusport.fr\/blog\/10-septembre-2017-second-titre-mondial-pour-loic-bruni\/#respond"]}],"copyrightYear":"2021","copyrightHolder":{"@id":"https:\/\/dicodusport.fr\/blog\/#organization"}},{"@type":"WebPage","@id":"https:\/\/dicodusport.fr\/blog\/10-septembre-2017-second-titre-mondial-pour-loic-bruni\/","url":"https:\/\/dicodusport.fr\/blog\/10-septembre-2017-second-titre-mondial-pour-loic-bruni\/","name":"10 septembre 2017 : Second titre mondial pour Lo\u00efc Bruni","isPartOf":{"@id":"https:\/\/dicodusport.fr\/blog\/#website"},"primaryImageOfPage":{"@id":"https:\/\/dicodusport.fr\/blog\/10-septembre-2017-second-titre-mondial-pour-loic-bruni\/#primaryimage"},"image":{"@id":"https:\/\/dicodusport.fr\/blog\/10-septembre-2017-second-titre-mondial-pour-loic-bruni\/#primaryimage"},"thumbnailUrl":"https:\/\/dicodusport.fr\/blog\/wp-content\/uploads\/2021\/09\/10-septembre-2017-Second-titre-mondial-pour-Loic-Bruni.png","datePublished":"2021-09-10T06:00:45+00:00","description":"Le 10 septembre 2017, Lo\u00efc Bruni remportait pour la seconde fois le titre de champion du monde de descente. Retour sur le sacre du v\u00e9t\u00e9tiste.","breadcrumb":{"@id":"https:\/\/dicodusport.fr\/blog\/10-septembre-2017-second-titre-mondial-pour-loic-bruni\/#breadcrumb"},"inLanguage":"fr-FR","potentialAction":[{"@type":"ReadAction","target":["https:\/\/dicodusport.fr\/blog\/10-septembre-2017-second-titre-mondial-pour-loic-bruni\/"]}]},{"@type":"ImageObject","inLanguage":"fr-FR","@id":"https:\/\/dicodusport.fr\/blog\/10-septembre-2017-second-titre-mondial-pour-loic-bruni\/#primaryimage","url":"https:\/\/dicodusport.fr\/blog\/wp-content\/uploads\/2021\/09\/10-septembre-2017-Second-titre-mondial-pour-Loic-Bruni.png","contentUrl":"https:\/\/dicodusport.fr\/blog\/wp-content\/uploads\/2021\/09\/10-septembre-2017-Second-titre-mondial-pour-Loic-Bruni.png","width":800,"height":445,"caption":"10 septembre 2017 Second titre mondial pour Lo\u00efc Bruni"},{"@type":"BreadcrumbList","@id":"https:\/\/dicodusport.fr\/blog\/10-septembre-2017-second-titre-mondial-pour-loic-bruni\/#breadcrumb","itemListElement":[{"@type":"ListItem","position":1,"name":"Accueil","item":"https:\/\/dicodusport.fr\/blog\/"},{"@type":"ListItem","position":2,"name":"10 septembre 2017 : Second titre mondial pour Lo\u00efc Bruni"}]},{"@type":"WebSite","@id":"https:\/\/dicodusport.fr\/blog\/#website","url":"https:\/\/dicodusport.fr\/blog\/","name":"Dicodusport","description":"L&#039;encyclop\u00e9die de l&#039;actualit\u00e9 sportive","publisher":{"@id":"https:\/\/dicodusport.fr\/blog\/#organization"},"potentialAction":[{"@type":"SearchAction","target":{"@type":"EntryPoint","urlTemplate":"https:\/\/dicodusport.fr\/blog\/?s={search_term_string}"},"query-input":{"@type":"PropertyValueSpecification","valueRequired":true,"valueName":"search_term_string"}}],"inLanguage":"fr-FR"},{"@type":"NewsMediaOrganization","@id":"https:\/\/dicodusport.fr\/blog\/#organization","name":"Dicodusport","url":"https:\/\/dicodusport.fr\/blog\/","logo":{"@type":"ImageObject","inLanguage":"fr-FR","@id":"https:\/\/dicodusport.fr\/blog\/#\/schema\/logo\/image\/","url":"https:\/\/dicodusport.fr\/blog\/wp-content\/uploads\/2020\/06\/cropped-LOGO-DICODUSPORT-2020-SANS-FOND-SANS-TEXTE.png","contentUrl":"https:\/\/dicodusport.fr\/blog\/wp-content\/uploads\/2020\/06\/cropped-LOGO-DICODUSPORT-2020-SANS-FOND-SANS-TEXTE.png","width":512,"height":512,"caption":"Dicodusport"},"image":{"@id":"https:\/\/dicodusport.fr\/blog\/#\/schema\/logo\/image\/"},"sameAs":["https:\/\/www.facebook.com\/dicodusport","https:\/\/x.com\/dicodusport","https:\/\/www.instagram.com\/dicodusport\/","https:\/\/www.youtube.com\/channel\/UC7V2KZ5sd3htJivAbA4ZG3w"],"description":"Dicodusport est l'encyclop\u00e9die de l'actualit\u00e9 sportive.","email":"bonjour@dicodusport.fr","legalName":"DICODUSPORT","foundingDate":"2018-01-14","vatID":"FR71834470973","taxID":"83447097300043","numberOfEmployees":{"@type":"QuantitativeValue","minValue":"1","maxValue":"10"}},{"@type":"Person","@id":"https:\/\/dicodusport.fr\/blog\/#\/schema\/person\/416c975648aca9da8839bdfe333a21c9","name":"Sophie Clapier","image":{"@type":"ImageObject","inLanguage":"fr-FR","@id":"https:\/\/dicodusport.fr\/blog\/#\/schema\/person\/image\/","url":"https:\/\/dicodusport.fr\/blog\/wp-content\/uploads\/2021\/05\/Sophie-Clapier-150x150.jpg","contentUrl":"https:\/\/dicodusport.fr\/blog\/wp-content\/uploads\/2021\/05\/Sophie-Clapier-150x150.jpg","caption":"Sophie Clapier"},"description":"Journaliste\/r\u00e9dactrice depuis janvier 2016 - Passionn\u00e9e de sport depuis toujours, j\u2019en ai pratiqu\u00e9 quelques-uns. Judo, football, handball ou encore tennis, je n\u2019ai jamais pu me mettre d\u2019accord sur un en particulier. Mais \u00e7a, c\u2019\u00e9tait avant de d\u00e9couvrir le basket, devenu mon sport de pr\u00e9dilection. Les actions NBA, le All-Star Week-end, la fureur des Game 7 pendant les playoffs ou mieux, lors des Finals, this is why we play. Team Spurs T.P, je m\u2019accroche encore \u00e0 Gregg Popovich (don\u2019t leave !). Team chef Curry, je souhaite qu\u2019il finisse aux Warriors (staaaay !). Non, il n\u2019y a pas qu\u2019eux, des petits nouveaux -et des petites nouvelles \u00e9videmment- arrivent chaque jour dans toutes les disciplines et cr\u00e9ent de nouveaux exploits. Alors pour les grands \u00e9v\u00e9nements et comp\u00e9titions internationales, vive les pulsations 240\/minutes et le d\u00e9fibrillateur pas loin, et allez les Bleu(e)s ! C\u2019est s\u00fbr, j\u2019aurai plus vu ma vie sur un terrain de sport, mais \u00e0 d\u00e9faut d\u2019en faire en haut niveau, je le partage avec vous.","sameAs":["https:\/\/www.facebook.com\/soocube","https:\/\/x.com\/https:\/\/twitter.com\/soocube","admin"],"url":"https:\/\/dicodusport.fr\/blog\/author\/sophie\/"}]}},"_links":{"self":[{"href":"https:\/\/dicodusport.fr\/blog\/wp-json\/wp\/v2\/posts\/165028","targetHints":{"allow":["GET"]}}],"collection":[{"href":"https:\/\/dicodusport.fr\/blog\/wp-json\/wp\/v2\/posts"}],"about":[{"href":"https:\/\/dicodusport.fr\/blog\/wp-json\/wp\/v2\/types\/post"}],"author":[{"embeddable":true,"href":"https:\/\/dicodusport.fr\/blog\/wp-json\/wp\/v2\/users\/18"}],"replies":[{"embeddable":true,"href":"https:\/\/dicodusport.fr\/blog\/wp-json\/wp\/v2\/comments?post=165028"}],"version-history":[{"count":0,"href":"https:\/\/dicodusport.fr\/blog\/wp-json\/wp\/v2\/posts\/165028\/revisions"}],"wp:featuredmedia":[{"embeddable":true,"href":"https:\/\/dicodusport.fr\/blog\/wp-json\/wp\/v2\/media\/165272"}],"wp:attachment":[{"href":"https:\/\/dicodusport.fr\/blog\/wp-json\/wp\/v2\/media?parent=165028"}],"wp:term":[{"taxonomy":"category","embeddable":true,"href":"https:\/\/dicodusport.fr\/blog\/wp-json\/wp\/v2\/categories?post=165028"},{"taxonomy":"post_tag","embeddable":true,"href":"https:\/\/dicodusport.fr\/blog\/wp-json\/wp\/v2\/tags?post=165028"}],"curies":[{"name":"wp","href":"https:\/\/api.w.org\/{rel}","templated":true}]}}