{"id":165033,"date":"2021-09-12T08:10:13","date_gmt":"2021-09-12T06:10:13","guid":{"rendered":"https:\/\/dicodusport.fr\/blog\/?p=165033"},"modified":"2024-01-24T14:52:25","modified_gmt":"2024-01-24T13:52:25","slug":"12-septembre-1990-premier-match-en-competition-officielle-des-iles-feroe","status":"publish","type":"post","link":"https:\/\/dicodusport.fr\/blog\/12-septembre-1990-premier-match-en-competition-officielle-des-iles-feroe\/","title":{"rendered":"12 septembre 1990 : Premier match en comp\u00e9tition officielle des Iles F\u00e9ro\u00e9"},"content":{"rendered":"<p style=\"text-align: justify;\"><em><strong><a href=\"https:\/\/dicodusport.fr\/definition-sport\/football\/\">FOOTBALL<\/a> &#8211; Les Iles F\u00e9ro\u00e9 ont \u00e9t\u00e9 affili\u00e9es \u00e0 la FIFA en 1988, ann\u00e9e lors de laquelle le pays a jou\u00e9 son premier match officiel. Mais pour une comp\u00e9tition internationale, c\u2019est bien le 12 septembre 1990 contre l\u2019Autriche que les F\u00e9ringiens jouent officiellement leur premi\u00e8re rencontre. Et le r\u00e9sultat pourrait vous surprendre.<\/strong> <\/em><\/p>\n<h2>\u00c7a s&rsquo;est pass\u00e9 le 12 septembre 1990<\/h2>\n<p style=\"text-align: justify;\">A d\u00e9faut d\u2019avoir un stade ad\u00e9quat aux Iles F\u00e9ro\u00e9, la rencontre a lieu en Su\u00e8de. Mais ce n\u2019est pas n\u2019importe quelle rencontre pour les F\u00e9ro\u00efens, celle-ci compte pour les \u00e9liminatoires des Championnats d\u2019Europe 1992. C\u2019est la premi\u00e8re grande comp\u00e9tition internationale pour la nation et pour une premi\u00e8re, celle-ci se transcende. D\u00e9j\u00e0, elle tient le coup d\u00e9fensivement alors que l\u2019Autriche est grande favorite et que les spectateurs s\u2019attendaient plut\u00f4t \u00e0 un score fleuve. Mais en plus de garder leurs cages inviol\u00e9es, les Iles F\u00e9ro\u00e9 ouvrent la marque \u00e0 l\u2019heure de jeu. Cette r\u00e9alisation est sign\u00e9e <strong>Torkil Nielsen<\/strong> qui n\u2019est pas pass\u00e9 loin d\u2019inscrire un doubl\u00e9. Les Autrichiens ne parviennent pas \u00e0 \u00e9galiser, l\u2019arbitre siffle la fin du match sur ce 1-0. C\u2019est ce que certains appellent le \u00ab\u00a0miracle de Landskrona\u00a0\u00bb.<\/p>\n<p>&nbsp;<\/p>\n<p style=\"text-align: justify;\"><strong>Info\u00a0<\/strong>: Cette d\u00e9faite face aux Iles F\u00e9ro\u00e9 suivie de l\u2019\u00e9limination pour l\u2019Euro 1992 co\u00fbte sa place \u00e0 l\u2019entra\u00eeneur de l\u2019Autriche <strong>Josef Hickersberger<\/strong>. Ce dernier reviendra \u00e0 la t\u00eate de l\u2019\u00e9quipe de 2006 \u00e0 2008.<\/p>\n","protected":false},"excerpt":{"rendered":"<p>Retour sur le premier match des Iles F\u00e9ro\u00e9 lors d&rsquo;une grande comp\u00e9tition internationale officielle, un r\u00e9sultat surprenant contre l&rsquo;Autriche.<\/p>\n","protected":false},"author":18,"featured_media":456041,"comment_status":"open","ping_status":"closed","sticky":false,"template":"","format":"standard","meta":{"_acf_changed":false,"_daextam_enable_autolinks":"1","footnotes":""},"categories":[2301,8],"tags":[378,75,8481],"class_list":["post-165033","post","type-post","status-publish","format-standard","has-post-thumbnail","hentry","category-football","category-histoire","tag-autriche","tag-football","tag-histoire"],"acf":[],"yoast_head":"<!-- This site is optimized with the Yoast SEO Premium plugin v26.7 (Yoast SEO v26.7) - https:\/\/yoast.com\/wordpress\/plugins\/seo\/ -->\n<title>12 septembre 1990 : Premier match en comp\u00e9tition officielle des Iles F\u00e9ro\u00e9<\/title>\n<meta name=\"description\" content=\"Retour sur le premier match des Iles F\u00e9ro\u00e9 lors d&#039;une grande comp\u00e9tition internationale officielle, un r\u00e9sultat surprenant contre l&#039;Autriche.\" \/>\n<meta name=\"robots\" content=\"index, follow, max-snippet:-1, max-image-preview:large, max-video-preview:-1\" \/>\n<link rel=\"canonical\" href=\"https:\/\/dicodusport.fr\/blog\/12-septembre-1990-premier-match-en-competition-officielle-des-iles-feroe\/\" \/>\n<meta property=\"og:locale\" content=\"fr_FR\" \/>\n<meta property=\"og:type\" content=\"article\" \/>\n<meta property=\"og:title\" content=\"12 septembre 1990 : Premier match en comp\u00e9tition officielle des Iles F\u00e9ro\u00e9\" \/>\n<meta property=\"og:description\" content=\"Retour sur le premier match des Iles F\u00e9ro\u00e9 lors d&#039;une grande comp\u00e9tition internationale officielle, un r\u00e9sultat surprenant contre l&#039;Autriche.\" \/>\n<meta property=\"og:url\" content=\"https:\/\/dicodusport.fr\/blog\/12-septembre-1990-premier-match-en-competition-officielle-des-iles-feroe\/\" \/>\n<meta property=\"og:site_name\" content=\"Dicodusport\" \/>\n<meta property=\"article:publisher\" content=\"https:\/\/www.facebook.com\/dicodusport\" \/>\n<meta property=\"article:author\" content=\"https:\/\/www.facebook.com\/soocube\" \/>\n<meta property=\"article:published_time\" content=\"2021-09-12T06:10:13+00:00\" \/>\n<meta property=\"article:modified_time\" content=\"2024-01-24T13:52:25+00:00\" \/>\n<meta property=\"og:image\" content=\"https:\/\/dicodusport.fr\/blog\/wp-content\/uploads\/2021\/09\/Premier-match-en-competition-officielle-des-Iles-Feroe.png\" \/>\n\t<meta property=\"og:image:width\" content=\"1200\" \/>\n\t<meta property=\"og:image:height\" content=\"674\" \/>\n\t<meta property=\"og:image:type\" content=\"image\/png\" \/>\n<meta name=\"author\" content=\"Sophie Clapier\" \/>\n<meta name=\"twitter:card\" content=\"summary_large_image\" \/>\n<meta name=\"twitter:title\" content=\"12 septembre 1990 : Premier match en comp\u00e9tition officielle des Iles F\u00e9ro\u00e9\" \/>\n<meta name=\"twitter:creator\" content=\"@https:\/\/twitter.com\/soocube\" \/>\n<meta name=\"twitter:site\" content=\"@dicodusport\" \/>\n<script type=\"application\/ld+json\" class=\"yoast-schema-graph\">{\"@context\":\"https:\/\/schema.org\",\"@graph\":[{\"@type\":\"NewsArticle\",\"@id\":\"https:\/\/dicodusport.fr\/blog\/12-septembre-1990-premier-match-en-competition-officielle-des-iles-feroe\/#article\",\"isPartOf\":{\"@id\":\"https:\/\/dicodusport.fr\/blog\/12-septembre-1990-premier-match-en-competition-officielle-des-iles-feroe\/\"},\"author\":{\"name\":\"Sophie Clapier\",\"@id\":\"https:\/\/dicodusport.fr\/blog\/#\/schema\/person\/416c975648aca9da8839bdfe333a21c9\"},\"headline\":\"12 septembre 1990 : Premier match en comp\u00e9tition officielle des Iles F\u00e9ro\u00e9\",\"datePublished\":\"2021-09-12T06:10:13+00:00\",\"dateModified\":\"2024-01-24T13:52:25+00:00\",\"mainEntityOfPage\":{\"@id\":\"https:\/\/dicodusport.fr\/blog\/12-septembre-1990-premier-match-en-competition-officielle-des-iles-feroe\/\"},\"wordCount\":266,\"commentCount\":0,\"publisher\":{\"@id\":\"https:\/\/dicodusport.fr\/blog\/#organization\"},\"image\":{\"@id\":\"https:\/\/dicodusport.fr\/blog\/12-septembre-1990-premier-match-en-competition-officielle-des-iles-feroe\/#primaryimage\"},\"thumbnailUrl\":\"https:\/\/dicodusport.fr\/blog\/wp-content\/uploads\/2021\/09\/Premier-match-en-competition-officielle-des-Iles-Feroe.png\",\"keywords\":[\"Autriche\",\"Football\",\"histoire\"],\"articleSection\":[\"Football\",\"Histoire\"],\"inLanguage\":\"fr-FR\",\"potentialAction\":[{\"@type\":\"CommentAction\",\"name\":\"Comment\",\"target\":[\"https:\/\/dicodusport.fr\/blog\/12-septembre-1990-premier-match-en-competition-officielle-des-iles-feroe\/#respond\"]}],\"copyrightYear\":\"2021\",\"copyrightHolder\":{\"@id\":\"https:\/\/dicodusport.fr\/blog\/#organization\"}},{\"@type\":\"WebPage\",\"@id\":\"https:\/\/dicodusport.fr\/blog\/12-septembre-1990-premier-match-en-competition-officielle-des-iles-feroe\/\",\"url\":\"https:\/\/dicodusport.fr\/blog\/12-septembre-1990-premier-match-en-competition-officielle-des-iles-feroe\/\",\"name\":\"12 septembre 1990 : Premier match en comp\u00e9tition officielle des Iles F\u00e9ro\u00e9\",\"isPartOf\":{\"@id\":\"https:\/\/dicodusport.fr\/blog\/#website\"},\"primaryImageOfPage\":{\"@id\":\"https:\/\/dicodusport.fr\/blog\/12-septembre-1990-premier-match-en-competition-officielle-des-iles-feroe\/#primaryimage\"},\"image\":{\"@id\":\"https:\/\/dicodusport.fr\/blog\/12-septembre-1990-premier-match-en-competition-officielle-des-iles-feroe\/#primaryimage\"},\"thumbnailUrl\":\"https:\/\/dicodusport.fr\/blog\/wp-content\/uploads\/2021\/09\/Premier-match-en-competition-officielle-des-Iles-Feroe.png\",\"datePublished\":\"2021-09-12T06:10:13+00:00\",\"dateModified\":\"2024-01-24T13:52:25+00:00\",\"description\":\"Retour sur le premier match des Iles F\u00e9ro\u00e9 lors d'une grande comp\u00e9tition internationale officielle, un r\u00e9sultat surprenant contre l'Autriche.\",\"breadcrumb\":{\"@id\":\"https:\/\/dicodusport.fr\/blog\/12-septembre-1990-premier-match-en-competition-officielle-des-iles-feroe\/#breadcrumb\"},\"inLanguage\":\"fr-FR\",\"potentialAction\":[{\"@type\":\"ReadAction\",\"target\":[\"https:\/\/dicodusport.fr\/blog\/12-septembre-1990-premier-match-en-competition-officielle-des-iles-feroe\/\"]}]},{\"@type\":\"ImageObject\",\"inLanguage\":\"fr-FR\",\"@id\":\"https:\/\/dicodusport.fr\/blog\/12-septembre-1990-premier-match-en-competition-officielle-des-iles-feroe\/#primaryimage\",\"url\":\"https:\/\/dicodusport.fr\/blog\/wp-content\/uploads\/2021\/09\/Premier-match-en-competition-officielle-des-Iles-Feroe.png\",\"contentUrl\":\"https:\/\/dicodusport.fr\/blog\/wp-content\/uploads\/2021\/09\/Premier-match-en-competition-officielle-des-Iles-Feroe.png\",\"width\":1200,\"height\":674},{\"@type\":\"BreadcrumbList\",\"@id\":\"https:\/\/dicodusport.fr\/blog\/12-septembre-1990-premier-match-en-competition-officielle-des-iles-feroe\/#breadcrumb\",\"itemListElement\":[{\"@type\":\"ListItem\",\"position\":1,\"name\":\"Accueil\",\"item\":\"https:\/\/dicodusport.fr\/blog\/\"},{\"@type\":\"ListItem\",\"position\":2,\"name\":\"12 septembre 1990 : Premier match en comp\u00e9tition officielle des Iles F\u00e9ro\u00e9\"}]},{\"@type\":\"WebSite\",\"@id\":\"https:\/\/dicodusport.fr\/blog\/#website\",\"url\":\"https:\/\/dicodusport.fr\/blog\/\",\"name\":\"Dicodusport\",\"description\":\"L&#039;encyclop\u00e9die de l&#039;actualit\u00e9 sportive\",\"publisher\":{\"@id\":\"https:\/\/dicodusport.fr\/blog\/#organization\"},\"potentialAction\":[{\"@type\":\"SearchAction\",\"target\":{\"@type\":\"EntryPoint\",\"urlTemplate\":\"https:\/\/dicodusport.fr\/blog\/?s={search_term_string}\"},\"query-input\":{\"@type\":\"PropertyValueSpecification\",\"valueRequired\":true,\"valueName\":\"search_term_string\"}}],\"inLanguage\":\"fr-FR\"},{\"@type\":\"NewsMediaOrganization\",\"@id\":\"https:\/\/dicodusport.fr\/blog\/#organization\",\"name\":\"Dicodusport\",\"url\":\"https:\/\/dicodusport.fr\/blog\/\",\"logo\":{\"@type\":\"ImageObject\",\"inLanguage\":\"fr-FR\",\"@id\":\"https:\/\/dicodusport.fr\/blog\/#\/schema\/logo\/image\/\",\"url\":\"https:\/\/dicodusport.fr\/blog\/wp-content\/uploads\/2020\/06\/cropped-LOGO-DICODUSPORT-2020-SANS-FOND-SANS-TEXTE.png\",\"contentUrl\":\"https:\/\/dicodusport.fr\/blog\/wp-content\/uploads\/2020\/06\/cropped-LOGO-DICODUSPORT-2020-SANS-FOND-SANS-TEXTE.png\",\"width\":512,\"height\":512,\"caption\":\"Dicodusport\"},\"image\":{\"@id\":\"https:\/\/dicodusport.fr\/blog\/#\/schema\/logo\/image\/\"},\"sameAs\":[\"https:\/\/www.facebook.com\/dicodusport\",\"https:\/\/x.com\/dicodusport\",\"https:\/\/www.instagram.com\/dicodusport\/\",\"https:\/\/www.youtube.com\/channel\/UC7V2KZ5sd3htJivAbA4ZG3w\"],\"description\":\"Dicodusport est l'encyclop\u00e9die de l'actualit\u00e9 sportive.\",\"email\":\"bonjour@dicodusport.fr\",\"legalName\":\"DICODUSPORT\",\"foundingDate\":\"2018-01-14\",\"vatID\":\"FR71834470973\",\"taxID\":\"83447097300043\",\"numberOfEmployees\":{\"@type\":\"QuantitativeValue\",\"minValue\":\"1\",\"maxValue\":\"10\"}},{\"@type\":\"Person\",\"@id\":\"https:\/\/dicodusport.fr\/blog\/#\/schema\/person\/416c975648aca9da8839bdfe333a21c9\",\"name\":\"Sophie Clapier\",\"image\":{\"@type\":\"ImageObject\",\"inLanguage\":\"fr-FR\",\"@id\":\"https:\/\/dicodusport.fr\/blog\/#\/schema\/person\/image\/\",\"url\":\"https:\/\/dicodusport.fr\/blog\/wp-content\/uploads\/2021\/05\/Sophie-Clapier-150x150.jpg\",\"contentUrl\":\"https:\/\/dicodusport.fr\/blog\/wp-content\/uploads\/2021\/05\/Sophie-Clapier-150x150.jpg\",\"caption\":\"Sophie Clapier\"},\"description\":\"Journaliste\/r\u00e9dactrice depuis janvier 2016 - Passionn\u00e9e de sport depuis toujours, j\u2019en ai pratiqu\u00e9 quelques-uns. Judo, football, handball ou encore tennis, je n\u2019ai jamais pu me mettre d\u2019accord sur un en particulier. Mais \u00e7a, c\u2019\u00e9tait avant de d\u00e9couvrir le basket, devenu mon sport de pr\u00e9dilection. Les actions NBA, le All-Star Week-end, la fureur des Game 7 pendant les playoffs ou mieux, lors des Finals, this is why we play. Team Spurs T.P, je m\u2019accroche encore \u00e0 Gregg Popovich (don\u2019t leave !). Team chef Curry, je souhaite qu\u2019il finisse aux Warriors (staaaay !). Non, il n\u2019y a pas qu\u2019eux, des petits nouveaux -et des petites nouvelles \u00e9videmment- arrivent chaque jour dans toutes les disciplines et cr\u00e9ent de nouveaux exploits. Alors pour les grands \u00e9v\u00e9nements et comp\u00e9titions internationales, vive les pulsations 240\/minutes et le d\u00e9fibrillateur pas loin, et allez les Bleu(e)s ! C\u2019est s\u00fbr, j\u2019aurai plus vu ma vie sur un terrain de sport, mais \u00e0 d\u00e9faut d\u2019en faire en haut niveau, je le partage avec vous.\",\"sameAs\":[\"https:\/\/www.facebook.com\/soocube\",\"https:\/\/x.com\/https:\/\/twitter.com\/soocube\",\"admin\"],\"url\":\"https:\/\/dicodusport.fr\/blog\/author\/sophie\/\"}]}<\/script>\n<!-- \/ Yoast SEO Premium plugin. -->","yoast_head_json":{"title":"12 septembre 1990 : Premier match en comp\u00e9tition officielle des Iles F\u00e9ro\u00e9","description":"Retour sur le premier match des Iles F\u00e9ro\u00e9 lors d'une grande comp\u00e9tition internationale officielle, un r\u00e9sultat surprenant contre l'Autriche.","robots":{"index":"index","follow":"follow","max-snippet":"max-snippet:-1","max-image-preview":"max-image-preview:large","max-video-preview":"max-video-preview:-1"},"canonical":"https:\/\/dicodusport.fr\/blog\/12-septembre-1990-premier-match-en-competition-officielle-des-iles-feroe\/","og_locale":"fr_FR","og_type":"article","og_title":"12 septembre 1990 : Premier match en comp\u00e9tition officielle des Iles F\u00e9ro\u00e9","og_description":"Retour sur le premier match des Iles F\u00e9ro\u00e9 lors d'une grande comp\u00e9tition internationale officielle, un r\u00e9sultat surprenant contre l'Autriche.","og_url":"https:\/\/dicodusport.fr\/blog\/12-septembre-1990-premier-match-en-competition-officielle-des-iles-feroe\/","og_site_name":"Dicodusport","article_publisher":"https:\/\/www.facebook.com\/dicodusport","article_author":"https:\/\/www.facebook.com\/soocube","article_published_time":"2021-09-12T06:10:13+00:00","article_modified_time":"2024-01-24T13:52:25+00:00","og_image":[{"width":1200,"height":674,"url":"https:\/\/dicodusport.fr\/blog\/wp-content\/uploads\/2021\/09\/Premier-match-en-competition-officielle-des-Iles-Feroe.png","type":"image\/png"}],"author":"Sophie Clapier","twitter_card":"summary_large_image","twitter_title":"12 septembre 1990 : Premier match en comp\u00e9tition officielle des Iles F\u00e9ro\u00e9","twitter_creator":"@https:\/\/twitter.com\/soocube","twitter_site":"@dicodusport","schema":{"@context":"https:\/\/schema.org","@graph":[{"@type":"NewsArticle","@id":"https:\/\/dicodusport.fr\/blog\/12-septembre-1990-premier-match-en-competition-officielle-des-iles-feroe\/#article","isPartOf":{"@id":"https:\/\/dicodusport.fr\/blog\/12-septembre-1990-premier-match-en-competition-officielle-des-iles-feroe\/"},"author":{"name":"Sophie Clapier","@id":"https:\/\/dicodusport.fr\/blog\/#\/schema\/person\/416c975648aca9da8839bdfe333a21c9"},"headline":"12 septembre 1990 : Premier match en comp\u00e9tition officielle des Iles F\u00e9ro\u00e9","datePublished":"2021-09-12T06:10:13+00:00","dateModified":"2024-01-24T13:52:25+00:00","mainEntityOfPage":{"@id":"https:\/\/dicodusport.fr\/blog\/12-septembre-1990-premier-match-en-competition-officielle-des-iles-feroe\/"},"wordCount":266,"commentCount":0,"publisher":{"@id":"https:\/\/dicodusport.fr\/blog\/#organization"},"image":{"@id":"https:\/\/dicodusport.fr\/blog\/12-septembre-1990-premier-match-en-competition-officielle-des-iles-feroe\/#primaryimage"},"thumbnailUrl":"https:\/\/dicodusport.fr\/blog\/wp-content\/uploads\/2021\/09\/Premier-match-en-competition-officielle-des-Iles-Feroe.png","keywords":["Autriche","Football","histoire"],"articleSection":["Football","Histoire"],"inLanguage":"fr-FR","potentialAction":[{"@type":"CommentAction","name":"Comment","target":["https:\/\/dicodusport.fr\/blog\/12-septembre-1990-premier-match-en-competition-officielle-des-iles-feroe\/#respond"]}],"copyrightYear":"2021","copyrightHolder":{"@id":"https:\/\/dicodusport.fr\/blog\/#organization"}},{"@type":"WebPage","@id":"https:\/\/dicodusport.fr\/blog\/12-septembre-1990-premier-match-en-competition-officielle-des-iles-feroe\/","url":"https:\/\/dicodusport.fr\/blog\/12-septembre-1990-premier-match-en-competition-officielle-des-iles-feroe\/","name":"12 septembre 1990 : Premier match en comp\u00e9tition officielle des Iles F\u00e9ro\u00e9","isPartOf":{"@id":"https:\/\/dicodusport.fr\/blog\/#website"},"primaryImageOfPage":{"@id":"https:\/\/dicodusport.fr\/blog\/12-septembre-1990-premier-match-en-competition-officielle-des-iles-feroe\/#primaryimage"},"image":{"@id":"https:\/\/dicodusport.fr\/blog\/12-septembre-1990-premier-match-en-competition-officielle-des-iles-feroe\/#primaryimage"},"thumbnailUrl":"https:\/\/dicodusport.fr\/blog\/wp-content\/uploads\/2021\/09\/Premier-match-en-competition-officielle-des-Iles-Feroe.png","datePublished":"2021-09-12T06:10:13+00:00","dateModified":"2024-01-24T13:52:25+00:00","description":"Retour sur le premier match des Iles F\u00e9ro\u00e9 lors d'une grande comp\u00e9tition internationale officielle, un r\u00e9sultat surprenant contre l'Autriche.","breadcrumb":{"@id":"https:\/\/dicodusport.fr\/blog\/12-septembre-1990-premier-match-en-competition-officielle-des-iles-feroe\/#breadcrumb"},"inLanguage":"fr-FR","potentialAction":[{"@type":"ReadAction","target":["https:\/\/dicodusport.fr\/blog\/12-septembre-1990-premier-match-en-competition-officielle-des-iles-feroe\/"]}]},{"@type":"ImageObject","inLanguage":"fr-FR","@id":"https:\/\/dicodusport.fr\/blog\/12-septembre-1990-premier-match-en-competition-officielle-des-iles-feroe\/#primaryimage","url":"https:\/\/dicodusport.fr\/blog\/wp-content\/uploads\/2021\/09\/Premier-match-en-competition-officielle-des-Iles-Feroe.png","contentUrl":"https:\/\/dicodusport.fr\/blog\/wp-content\/uploads\/2021\/09\/Premier-match-en-competition-officielle-des-Iles-Feroe.png","width":1200,"height":674},{"@type":"BreadcrumbList","@id":"https:\/\/dicodusport.fr\/blog\/12-septembre-1990-premier-match-en-competition-officielle-des-iles-feroe\/#breadcrumb","itemListElement":[{"@type":"ListItem","position":1,"name":"Accueil","item":"https:\/\/dicodusport.fr\/blog\/"},{"@type":"ListItem","position":2,"name":"12 septembre 1990 : Premier match en comp\u00e9tition officielle des Iles F\u00e9ro\u00e9"}]},{"@type":"WebSite","@id":"https:\/\/dicodusport.fr\/blog\/#website","url":"https:\/\/dicodusport.fr\/blog\/","name":"Dicodusport","description":"L&#039;encyclop\u00e9die de l&#039;actualit\u00e9 sportive","publisher":{"@id":"https:\/\/dicodusport.fr\/blog\/#organization"},"potentialAction":[{"@type":"SearchAction","target":{"@type":"EntryPoint","urlTemplate":"https:\/\/dicodusport.fr\/blog\/?s={search_term_string}"},"query-input":{"@type":"PropertyValueSpecification","valueRequired":true,"valueName":"search_term_string"}}],"inLanguage":"fr-FR"},{"@type":"NewsMediaOrganization","@id":"https:\/\/dicodusport.fr\/blog\/#organization","name":"Dicodusport","url":"https:\/\/dicodusport.fr\/blog\/","logo":{"@type":"ImageObject","inLanguage":"fr-FR","@id":"https:\/\/dicodusport.fr\/blog\/#\/schema\/logo\/image\/","url":"https:\/\/dicodusport.fr\/blog\/wp-content\/uploads\/2020\/06\/cropped-LOGO-DICODUSPORT-2020-SANS-FOND-SANS-TEXTE.png","contentUrl":"https:\/\/dicodusport.fr\/blog\/wp-content\/uploads\/2020\/06\/cropped-LOGO-DICODUSPORT-2020-SANS-FOND-SANS-TEXTE.png","width":512,"height":512,"caption":"Dicodusport"},"image":{"@id":"https:\/\/dicodusport.fr\/blog\/#\/schema\/logo\/image\/"},"sameAs":["https:\/\/www.facebook.com\/dicodusport","https:\/\/x.com\/dicodusport","https:\/\/www.instagram.com\/dicodusport\/","https:\/\/www.youtube.com\/channel\/UC7V2KZ5sd3htJivAbA4ZG3w"],"description":"Dicodusport est l'encyclop\u00e9die de l'actualit\u00e9 sportive.","email":"bonjour@dicodusport.fr","legalName":"DICODUSPORT","foundingDate":"2018-01-14","vatID":"FR71834470973","taxID":"83447097300043","numberOfEmployees":{"@type":"QuantitativeValue","minValue":"1","maxValue":"10"}},{"@type":"Person","@id":"https:\/\/dicodusport.fr\/blog\/#\/schema\/person\/416c975648aca9da8839bdfe333a21c9","name":"Sophie Clapier","image":{"@type":"ImageObject","inLanguage":"fr-FR","@id":"https:\/\/dicodusport.fr\/blog\/#\/schema\/person\/image\/","url":"https:\/\/dicodusport.fr\/blog\/wp-content\/uploads\/2021\/05\/Sophie-Clapier-150x150.jpg","contentUrl":"https:\/\/dicodusport.fr\/blog\/wp-content\/uploads\/2021\/05\/Sophie-Clapier-150x150.jpg","caption":"Sophie Clapier"},"description":"Journaliste\/r\u00e9dactrice depuis janvier 2016 - Passionn\u00e9e de sport depuis toujours, j\u2019en ai pratiqu\u00e9 quelques-uns. Judo, football, handball ou encore tennis, je n\u2019ai jamais pu me mettre d\u2019accord sur un en particulier. Mais \u00e7a, c\u2019\u00e9tait avant de d\u00e9couvrir le basket, devenu mon sport de pr\u00e9dilection. Les actions NBA, le All-Star Week-end, la fureur des Game 7 pendant les playoffs ou mieux, lors des Finals, this is why we play. Team Spurs T.P, je m\u2019accroche encore \u00e0 Gregg Popovich (don\u2019t leave !). Team chef Curry, je souhaite qu\u2019il finisse aux Warriors (staaaay !). Non, il n\u2019y a pas qu\u2019eux, des petits nouveaux -et des petites nouvelles \u00e9videmment- arrivent chaque jour dans toutes les disciplines et cr\u00e9ent de nouveaux exploits. Alors pour les grands \u00e9v\u00e9nements et comp\u00e9titions internationales, vive les pulsations 240\/minutes et le d\u00e9fibrillateur pas loin, et allez les Bleu(e)s ! C\u2019est s\u00fbr, j\u2019aurai plus vu ma vie sur un terrain de sport, mais \u00e0 d\u00e9faut d\u2019en faire en haut niveau, je le partage avec vous.","sameAs":["https:\/\/www.facebook.com\/soocube","https:\/\/x.com\/https:\/\/twitter.com\/soocube","admin"],"url":"https:\/\/dicodusport.fr\/blog\/author\/sophie\/"}]}},"_links":{"self":[{"href":"https:\/\/dicodusport.fr\/blog\/wp-json\/wp\/v2\/posts\/165033","targetHints":{"allow":["GET"]}}],"collection":[{"href":"https:\/\/dicodusport.fr\/blog\/wp-json\/wp\/v2\/posts"}],"about":[{"href":"https:\/\/dicodusport.fr\/blog\/wp-json\/wp\/v2\/types\/post"}],"author":[{"embeddable":true,"href":"https:\/\/dicodusport.fr\/blog\/wp-json\/wp\/v2\/users\/18"}],"replies":[{"embeddable":true,"href":"https:\/\/dicodusport.fr\/blog\/wp-json\/wp\/v2\/comments?post=165033"}],"version-history":[{"count":1,"href":"https:\/\/dicodusport.fr\/blog\/wp-json\/wp\/v2\/posts\/165033\/revisions"}],"predecessor-version":[{"id":456042,"href":"https:\/\/dicodusport.fr\/blog\/wp-json\/wp\/v2\/posts\/165033\/revisions\/456042"}],"wp:featuredmedia":[{"embeddable":true,"href":"https:\/\/dicodusport.fr\/blog\/wp-json\/wp\/v2\/media\/456041"}],"wp:attachment":[{"href":"https:\/\/dicodusport.fr\/blog\/wp-json\/wp\/v2\/media?parent=165033"}],"wp:term":[{"taxonomy":"category","embeddable":true,"href":"https:\/\/dicodusport.fr\/blog\/wp-json\/wp\/v2\/categories?post=165033"},{"taxonomy":"post_tag","embeddable":true,"href":"https:\/\/dicodusport.fr\/blog\/wp-json\/wp\/v2\/tags?post=165033"}],"curies":[{"name":"wp","href":"https:\/\/api.w.org\/{rel}","templated":true}]}}