{"id":165085,"date":"2021-09-09T11:48:46","date_gmt":"2021-09-09T09:48:46","guid":{"rendered":"https:\/\/dicodusport.fr\/blog\/?p=165085&#038;preview=true&#038;preview_id=165085"},"modified":"2021-09-09T12:30:43","modified_gmt":"2021-09-09T10:30:43","slug":"trente-2021-marlen-reusser-decroche-titre-europeen-contre-la-montre","status":"publish","type":"post","link":"https:\/\/dicodusport.fr\/blog\/trente-2021-marlen-reusser-decroche-titre-europeen-contre-la-montre\/","title":{"rendered":"Trente 2021 : Marlen Reusser d\u00e9croche le titre europ\u00e9en du contre-la-montre"},"content":{"rendered":"<p style=\"text-align: justify;\"><em><a style=\"font-weight: bold;\" href=\"https:\/\/dicodusport.fr\/blog\/championnats-europe-cyclisme-route-2021-programme-complet\/\">CHAMPIONNATS D&rsquo;EUROPE DE CYCLISME SUR ROUTE 2021<\/a><b> &#8211; Au-dessus du lot, la Suissesse Marlen Reusser a d\u00e9croch\u00e9 le titre europ\u00e9en du contre-la-montre ce jeudi, \u00e0 Trente (Italie). Cit\u00e9e parmi les favorites, elle devance la quadruple championne d&rsquo;Europe de l&rsquo;exercice en solitaire, la N\u00e9erlandaise Ellen van Dijk et l&rsquo;Allemande Lisa Brennauer.\u00a0<\/b><\/em><\/p>\n<p style=\"text-align: justify;\">Il ne lui manquait que \u00e7a pour confirmer qu&rsquo;elle est bien l&rsquo;une des meilleures rouleuses du monde. Vice-championne olympique du chrono \u00e0 Tokyo, en argent aux Mondiaux et en bronze aux Europe l&rsquo;an pass\u00e9 et quadruple championne de Suisse de l&rsquo;exercice en solitaire, <strong>Marlen Reusser<\/strong> a enfin mis au fond sur les championnats d&rsquo;Europe ce jeudi, \u00e0 Trente (Italie). La Suissesse a boucl\u00e9 les 22,4 km du parcours italien en 27:12.95, soit une vitesse moyenne de 49.38 km\/h. Reusser devance ni plus ni moins que la quadruple championne d&rsquo;Europe <strong>Ellen van Dijk <\/strong>(+ 19 secondes), et l&rsquo;Allemande <strong>Lisa Brennauer<\/strong> (+1:02). Cette derni\u00e8re a m\u00eame \u00e9t\u00e9 d\u00e9pass\u00e9e par l&rsquo;Helv\u00e8te, partie une minute derri\u00e8re elle.<\/p>\n<blockquote class=\"twitter-tweet\">\n<p dir=\"ltr\" lang=\"fr\">&#x1f1e8;&#x1f1ed; Marlen Reusser est la nouvelle championne d&rsquo;Europe du contre-la-montre !<br \/>\nLa Suissesse a rattrap\u00e9 deux concurrentes dans le final pour devancer Ellen van Dijk de 20 secondes.<\/p>\n<p>En direct sur la cha\u00eene L&rsquo;\u00c9quipe : <a href=\"https:\/\/t.co\/lr5V3Qs4e6\">https:\/\/t.co\/lr5V3Qs4e6<\/a> <a href=\"https:\/\/twitter.com\/hashtag\/lequipeVELO?src=hash&amp;ref_src=twsrc%5Etfw\">#lequipeVELO<\/a> <a href=\"https:\/\/twitter.com\/hashtag\/EuroRoad21?src=hash&amp;ref_src=twsrc%5Etfw\">#EuroRoad21<\/a> <a href=\"https:\/\/t.co\/rwUqRJlfec\">pic.twitter.com\/rwUqRJlfec<\/a><\/p>\n<p>\u2014 la chaine L&rsquo;\u00c9quipe (@lachainelequipe) <a href=\"https:\/\/twitter.com\/lachainelequipe\/status\/1435903510600638464?ref_src=twsrc%5Etfw\">September 9, 2021<\/a><\/p><\/blockquote>\n<p><script async src=\"https:\/\/platform.twitter.com\/widgets.js\" charset=\"utf-8\"><\/script><\/p>\n<p style=\"text-align: justify;\">C\u00f4t\u00e9 Fran\u00e7aises, seule <strong>Audrey Cordon-Ragot<\/strong> \u00e9tait en course. La Bretonne, loin de ses meilleures sensations sur un parcours sans doute trop roulant pour elle, termine 15\u00e8me, 2:35 sur la nouvelle championne d&rsquo;Europe.<\/p>\n<h2 style=\"text-align: justify;\"><strong>\u00c0 lire aussi<\/strong><\/h2>\n<ul>\n<li style=\"text-align: justify;\"><strong><a href=\"https:\/\/dicodusport.fr\/blog\/championnats-europe-cyclisme-classement-du-contre-la-montre-elites-femmes\/\">Le classement du contre-la-montre \u00e9lites femmes<\/a>\u00a0<\/strong><\/li>\n<li style=\"text-align: justify;\"><a href=\"https:\/\/dicodusport.fr\/blog\/championnats-europe-cyclisme-route-2021-tableau-medailles\/\"><strong>Le tableau des m\u00e9dailles<\/strong><\/a><\/li>\n<\/ul>\n","protected":false},"excerpt":{"rendered":"<p>CHAMPIONNATS D&rsquo;EUROPE DE CYCLISME SUR ROUTE 2021 &#8211; Sacr\u00e9e chez les juniors en 2018, l&rsquo;Italienne Vittoria Guazzini est devenue championne d&rsquo;Europe espoirs du contre-la-montre ce jeudi, \u00e0 Trente. \u00c0 domicile, la sp\u00e9cialiste de la piste a devanc\u00e9 l&rsquo;Allemande Hannah Ludwig, double tenante du titre, et sa compatriote Elena Pirrone.<\/p>\n","protected":false},"author":4,"featured_media":165092,"comment_status":"open","ping_status":"closed","sticky":false,"template":"","format":"standard","meta":{"_acf_changed":false,"_daextam_enable_autolinks":"","footnotes":""},"categories":[46994],"tags":[10789],"class_list":["post-165085","post","type-post","status-publish","format-standard","has-post-thumbnail","hentry","category-cyclisme-sur-route","tag-championnats-deurope-de-cyclisme"],"acf":[],"yoast_head":"<!-- This site is optimized with the Yoast SEO Premium plugin v26.7 (Yoast SEO v26.7) - https:\/\/yoast.com\/wordpress\/plugins\/seo\/ -->\n<title>Trente 2021 : Marlen Reusser d\u00e9croche le titre europ\u00e9en du contre-la-montre<\/title>\n<meta name=\"description\" content=\"CHAMPIONNATS D&#039;EUROPE DE CYCLISME SUR ROUTE 2021 - Marlen Reusser a d\u00e9croch\u00e9 le titre europ\u00e9en du contre-la-montre ce jeudi, \u00e0 Trente (Italie).\" \/>\n<meta name=\"robots\" content=\"index, follow, max-snippet:-1, max-image-preview:large, max-video-preview:-1\" \/>\n<link rel=\"canonical\" href=\"https:\/\/dicodusport.fr\/blog\/trente-2021-marlen-reusser-decroche-titre-europeen-contre-la-montre\/\" \/>\n<meta property=\"og:locale\" content=\"fr_FR\" \/>\n<meta property=\"og:type\" content=\"article\" \/>\n<meta property=\"og:title\" content=\"Trente 2021 : Marlen Reusser d\u00e9croche le titre europ\u00e9en du contre-la-montre\" \/>\n<meta property=\"og:description\" content=\"CHAMPIONNATS D&#039;EUROPE DE CYCLISME SUR ROUTE 2021 - Marlen Reusser a d\u00e9croch\u00e9 le titre europ\u00e9en du contre-la-montre ce jeudi, \u00e0 Trente (Italie).\" \/>\n<meta property=\"og:url\" content=\"https:\/\/dicodusport.fr\/blog\/trente-2021-marlen-reusser-decroche-titre-europeen-contre-la-montre\/\" \/>\n<meta property=\"og:site_name\" content=\"Dicodusport\" \/>\n<meta property=\"article:publisher\" content=\"https:\/\/www.facebook.com\/dicodusport\" \/>\n<meta property=\"article:author\" content=\"https:\/\/www.facebook.com\/florent.ostermann\" \/>\n<meta property=\"article:published_time\" content=\"2021-09-09T09:48:46+00:00\" \/>\n<meta property=\"article:modified_time\" content=\"2021-09-09T10:30:43+00:00\" \/>\n<meta property=\"og:image\" content=\"https:\/\/dicodusport.fr\/blog\/wp-content\/uploads\/2021\/09\/Trente-2021-Marlen-Reusser-decroche-le-titre-europeen-du-contre-la-montre.png\" \/>\n\t<meta property=\"og:image:width\" content=\"800\" \/>\n\t<meta property=\"og:image:height\" content=\"445\" \/>\n\t<meta property=\"og:image:type\" content=\"image\/png\" \/>\n<meta name=\"author\" content=\"Flo Ostermann\" \/>\n<meta name=\"twitter:card\" content=\"summary_large_image\" \/>\n<meta name=\"twitter:title\" content=\"Trente 2021 : Marlen Reusser d\u00e9croche le titre europ\u00e9en du contre-la-montre\" \/>\n<meta name=\"twitter:creator\" content=\"@https:\/\/twitter.com\/FlOstermann\" \/>\n<meta name=\"twitter:site\" content=\"@dicodusport\" \/>\n<script type=\"application\/ld+json\" class=\"yoast-schema-graph\">{\"@context\":\"https:\/\/schema.org\",\"@graph\":[{\"@type\":\"NewsArticle\",\"@id\":\"https:\/\/dicodusport.fr\/blog\/trente-2021-marlen-reusser-decroche-titre-europeen-contre-la-montre\/#article\",\"isPartOf\":{\"@id\":\"https:\/\/dicodusport.fr\/blog\/trente-2021-marlen-reusser-decroche-titre-europeen-contre-la-montre\/\"},\"author\":{\"name\":\"Flo Ostermann\",\"@id\":\"https:\/\/dicodusport.fr\/blog\/#\/schema\/person\/cb02af4c173ce4a653b55e9baf388d4a\"},\"headline\":\"Trente 2021 : Marlen Reusser d\u00e9croche le titre europ\u00e9en du contre-la-montre\",\"datePublished\":\"2021-09-09T09:48:46+00:00\",\"dateModified\":\"2021-09-09T10:30:43+00:00\",\"mainEntityOfPage\":{\"@id\":\"https:\/\/dicodusport.fr\/blog\/trente-2021-marlen-reusser-decroche-titre-europeen-contre-la-montre\/\"},\"wordCount\":293,\"commentCount\":0,\"publisher\":{\"@id\":\"https:\/\/dicodusport.fr\/blog\/#organization\"},\"image\":{\"@id\":\"https:\/\/dicodusport.fr\/blog\/trente-2021-marlen-reusser-decroche-titre-europeen-contre-la-montre\/#primaryimage\"},\"thumbnailUrl\":\"https:\/\/dicodusport.fr\/blog\/wp-content\/uploads\/2021\/09\/Trente-2021-Marlen-Reusser-decroche-le-titre-europeen-du-contre-la-montre.png\",\"keywords\":[\"Championnats d'europe de cyclisme\"],\"articleSection\":[\"Cyclisme sur route\"],\"inLanguage\":\"fr-FR\",\"potentialAction\":[{\"@type\":\"CommentAction\",\"name\":\"Comment\",\"target\":[\"https:\/\/dicodusport.fr\/blog\/trente-2021-marlen-reusser-decroche-titre-europeen-contre-la-montre\/#respond\"]}],\"copyrightYear\":\"2021\",\"copyrightHolder\":{\"@id\":\"https:\/\/dicodusport.fr\/blog\/#organization\"}},{\"@type\":\"WebPage\",\"@id\":\"https:\/\/dicodusport.fr\/blog\/trente-2021-marlen-reusser-decroche-titre-europeen-contre-la-montre\/\",\"url\":\"https:\/\/dicodusport.fr\/blog\/trente-2021-marlen-reusser-decroche-titre-europeen-contre-la-montre\/\",\"name\":\"Trente 2021 : Marlen Reusser d\u00e9croche le titre europ\u00e9en du contre-la-montre\",\"isPartOf\":{\"@id\":\"https:\/\/dicodusport.fr\/blog\/#website\"},\"primaryImageOfPage\":{\"@id\":\"https:\/\/dicodusport.fr\/blog\/trente-2021-marlen-reusser-decroche-titre-europeen-contre-la-montre\/#primaryimage\"},\"image\":{\"@id\":\"https:\/\/dicodusport.fr\/blog\/trente-2021-marlen-reusser-decroche-titre-europeen-contre-la-montre\/#primaryimage\"},\"thumbnailUrl\":\"https:\/\/dicodusport.fr\/blog\/wp-content\/uploads\/2021\/09\/Trente-2021-Marlen-Reusser-decroche-le-titre-europeen-du-contre-la-montre.png\",\"datePublished\":\"2021-09-09T09:48:46+00:00\",\"dateModified\":\"2021-09-09T10:30:43+00:00\",\"description\":\"CHAMPIONNATS D'EUROPE DE CYCLISME SUR ROUTE 2021 - Marlen Reusser a d\u00e9croch\u00e9 le titre europ\u00e9en du contre-la-montre ce jeudi, \u00e0 Trente (Italie).\",\"breadcrumb\":{\"@id\":\"https:\/\/dicodusport.fr\/blog\/trente-2021-marlen-reusser-decroche-titre-europeen-contre-la-montre\/#breadcrumb\"},\"inLanguage\":\"fr-FR\",\"potentialAction\":[{\"@type\":\"ReadAction\",\"target\":[\"https:\/\/dicodusport.fr\/blog\/trente-2021-marlen-reusser-decroche-titre-europeen-contre-la-montre\/\"]}]},{\"@type\":\"ImageObject\",\"inLanguage\":\"fr-FR\",\"@id\":\"https:\/\/dicodusport.fr\/blog\/trente-2021-marlen-reusser-decroche-titre-europeen-contre-la-montre\/#primaryimage\",\"url\":\"https:\/\/dicodusport.fr\/blog\/wp-content\/uploads\/2021\/09\/Trente-2021-Marlen-Reusser-decroche-le-titre-europeen-du-contre-la-montre.png\",\"contentUrl\":\"https:\/\/dicodusport.fr\/blog\/wp-content\/uploads\/2021\/09\/Trente-2021-Marlen-Reusser-decroche-le-titre-europeen-du-contre-la-montre.png\",\"width\":800,\"height\":445,\"caption\":\"Trente 2021 Marlen Reusser d\u00e9croche le titre europ\u00e9en du contre-la-montre\"},{\"@type\":\"BreadcrumbList\",\"@id\":\"https:\/\/dicodusport.fr\/blog\/trente-2021-marlen-reusser-decroche-titre-europeen-contre-la-montre\/#breadcrumb\",\"itemListElement\":[{\"@type\":\"ListItem\",\"position\":1,\"name\":\"Accueil\",\"item\":\"https:\/\/dicodusport.fr\/blog\/\"},{\"@type\":\"ListItem\",\"position\":2,\"name\":\"Trente 2021 : Marlen Reusser d\u00e9croche le titre europ\u00e9en du contre-la-montre\"}]},{\"@type\":\"WebSite\",\"@id\":\"https:\/\/dicodusport.fr\/blog\/#website\",\"url\":\"https:\/\/dicodusport.fr\/blog\/\",\"name\":\"Dicodusport\",\"description\":\"L&#039;encyclop\u00e9die de l&#039;actualit\u00e9 sportive\",\"publisher\":{\"@id\":\"https:\/\/dicodusport.fr\/blog\/#organization\"},\"potentialAction\":[{\"@type\":\"SearchAction\",\"target\":{\"@type\":\"EntryPoint\",\"urlTemplate\":\"https:\/\/dicodusport.fr\/blog\/?s={search_term_string}\"},\"query-input\":{\"@type\":\"PropertyValueSpecification\",\"valueRequired\":true,\"valueName\":\"search_term_string\"}}],\"inLanguage\":\"fr-FR\"},{\"@type\":\"NewsMediaOrganization\",\"@id\":\"https:\/\/dicodusport.fr\/blog\/#organization\",\"name\":\"Dicodusport\",\"url\":\"https:\/\/dicodusport.fr\/blog\/\",\"logo\":{\"@type\":\"ImageObject\",\"inLanguage\":\"fr-FR\",\"@id\":\"https:\/\/dicodusport.fr\/blog\/#\/schema\/logo\/image\/\",\"url\":\"https:\/\/dicodusport.fr\/blog\/wp-content\/uploads\/2020\/06\/cropped-LOGO-DICODUSPORT-2020-SANS-FOND-SANS-TEXTE.png\",\"contentUrl\":\"https:\/\/dicodusport.fr\/blog\/wp-content\/uploads\/2020\/06\/cropped-LOGO-DICODUSPORT-2020-SANS-FOND-SANS-TEXTE.png\",\"width\":512,\"height\":512,\"caption\":\"Dicodusport\"},\"image\":{\"@id\":\"https:\/\/dicodusport.fr\/blog\/#\/schema\/logo\/image\/\"},\"sameAs\":[\"https:\/\/www.facebook.com\/dicodusport\",\"https:\/\/x.com\/dicodusport\",\"https:\/\/www.instagram.com\/dicodusport\/\",\"https:\/\/www.youtube.com\/channel\/UC7V2KZ5sd3htJivAbA4ZG3w\"],\"description\":\"Dicodusport est l'encyclop\u00e9die de l'actualit\u00e9 sportive.\",\"email\":\"bonjour@dicodusport.fr\",\"legalName\":\"DICODUSPORT\",\"foundingDate\":\"2018-01-14\",\"vatID\":\"FR71834470973\",\"taxID\":\"83447097300043\",\"numberOfEmployees\":{\"@type\":\"QuantitativeValue\",\"minValue\":\"1\",\"maxValue\":\"10\"}},{\"@type\":\"Person\",\"@id\":\"https:\/\/dicodusport.fr\/blog\/#\/schema\/person\/cb02af4c173ce4a653b55e9baf388d4a\",\"name\":\"Flo Ostermann\",\"image\":{\"@type\":\"ImageObject\",\"inLanguage\":\"fr-FR\",\"@id\":\"https:\/\/dicodusport.fr\/blog\/#\/schema\/person\/image\/\",\"url\":\"https:\/\/dicodusport.fr\/blog\/wp-content\/uploads\/2021\/05\/Flo-Ostermann-150x150.jpg\",\"contentUrl\":\"https:\/\/dicodusport.fr\/blog\/wp-content\/uploads\/2021\/05\/Flo-Ostermann-150x150.jpg\",\"caption\":\"Flo Ostermann\"},\"description\":\"Journaliste\/R\u00e9dacteur depuis septembre 2015 - Mes premiers souvenirs dans le sport ? Les envol\u00e9es du Stade Toulousain et les duels Villeneuve-Schumacher et H\u00e4kkinen-Schumacher \u00e0 la fin des ann\u00e9es 90, la Coupe du monde de football en 1998, l\u2019exploit du XV de France face aux All Blacks en 1999, mais aussi Richard C\u0153ur de Lion qui vole sur les montagnes du Tour de France. Bien parti pour devenir professeur d\u2019EPS, les \u00e9v\u00e9nements de la vie (et la flemme d\u2019animer des s\u00e9ances de 3x500 m\u00e8tres toute ma vie) m\u2019ont conduit \u00e0 revoir mes plans. Me voil\u00e0 depuis fin 2017 sur Dicodusport, m\u00e9dia gr\u00e2ce (et pour) lequel je partage ma passion : le sport dans tous ses \u00e9tats. Le tout accompagn\u00e9 par les fous furieux et folles furieuses cit\u00e9s sur cette page !\",\"sameAs\":[\"https:\/\/www.facebook.com\/florent.ostermann\",\"https:\/\/x.com\/https:\/\/twitter.com\/FlOstermann\",\"admin\"],\"url\":\"https:\/\/dicodusport.fr\/blog\/author\/flo\/\"}]}<\/script>\n<!-- \/ Yoast SEO Premium plugin. -->","yoast_head_json":{"title":"Trente 2021 : Marlen Reusser d\u00e9croche le titre europ\u00e9en du contre-la-montre","description":"CHAMPIONNATS D'EUROPE DE CYCLISME SUR ROUTE 2021 - Marlen Reusser a d\u00e9croch\u00e9 le titre europ\u00e9en du contre-la-montre ce jeudi, \u00e0 Trente (Italie).","robots":{"index":"index","follow":"follow","max-snippet":"max-snippet:-1","max-image-preview":"max-image-preview:large","max-video-preview":"max-video-preview:-1"},"canonical":"https:\/\/dicodusport.fr\/blog\/trente-2021-marlen-reusser-decroche-titre-europeen-contre-la-montre\/","og_locale":"fr_FR","og_type":"article","og_title":"Trente 2021 : Marlen Reusser d\u00e9croche le titre europ\u00e9en du contre-la-montre","og_description":"CHAMPIONNATS D'EUROPE DE CYCLISME SUR ROUTE 2021 - Marlen Reusser a d\u00e9croch\u00e9 le titre europ\u00e9en du contre-la-montre ce jeudi, \u00e0 Trente (Italie).","og_url":"https:\/\/dicodusport.fr\/blog\/trente-2021-marlen-reusser-decroche-titre-europeen-contre-la-montre\/","og_site_name":"Dicodusport","article_publisher":"https:\/\/www.facebook.com\/dicodusport","article_author":"https:\/\/www.facebook.com\/florent.ostermann","article_published_time":"2021-09-09T09:48:46+00:00","article_modified_time":"2021-09-09T10:30:43+00:00","og_image":[{"width":800,"height":445,"url":"https:\/\/dicodusport.fr\/blog\/wp-content\/uploads\/2021\/09\/Trente-2021-Marlen-Reusser-decroche-le-titre-europeen-du-contre-la-montre.png","type":"image\/png"}],"author":"Flo Ostermann","twitter_card":"summary_large_image","twitter_title":"Trente 2021 : Marlen Reusser d\u00e9croche le titre europ\u00e9en du contre-la-montre","twitter_creator":"@https:\/\/twitter.com\/FlOstermann","twitter_site":"@dicodusport","schema":{"@context":"https:\/\/schema.org","@graph":[{"@type":"NewsArticle","@id":"https:\/\/dicodusport.fr\/blog\/trente-2021-marlen-reusser-decroche-titre-europeen-contre-la-montre\/#article","isPartOf":{"@id":"https:\/\/dicodusport.fr\/blog\/trente-2021-marlen-reusser-decroche-titre-europeen-contre-la-montre\/"},"author":{"name":"Flo Ostermann","@id":"https:\/\/dicodusport.fr\/blog\/#\/schema\/person\/cb02af4c173ce4a653b55e9baf388d4a"},"headline":"Trente 2021 : Marlen Reusser d\u00e9croche le titre europ\u00e9en du contre-la-montre","datePublished":"2021-09-09T09:48:46+00:00","dateModified":"2021-09-09T10:30:43+00:00","mainEntityOfPage":{"@id":"https:\/\/dicodusport.fr\/blog\/trente-2021-marlen-reusser-decroche-titre-europeen-contre-la-montre\/"},"wordCount":293,"commentCount":0,"publisher":{"@id":"https:\/\/dicodusport.fr\/blog\/#organization"},"image":{"@id":"https:\/\/dicodusport.fr\/blog\/trente-2021-marlen-reusser-decroche-titre-europeen-contre-la-montre\/#primaryimage"},"thumbnailUrl":"https:\/\/dicodusport.fr\/blog\/wp-content\/uploads\/2021\/09\/Trente-2021-Marlen-Reusser-decroche-le-titre-europeen-du-contre-la-montre.png","keywords":["Championnats d'europe de cyclisme"],"articleSection":["Cyclisme sur route"],"inLanguage":"fr-FR","potentialAction":[{"@type":"CommentAction","name":"Comment","target":["https:\/\/dicodusport.fr\/blog\/trente-2021-marlen-reusser-decroche-titre-europeen-contre-la-montre\/#respond"]}],"copyrightYear":"2021","copyrightHolder":{"@id":"https:\/\/dicodusport.fr\/blog\/#organization"}},{"@type":"WebPage","@id":"https:\/\/dicodusport.fr\/blog\/trente-2021-marlen-reusser-decroche-titre-europeen-contre-la-montre\/","url":"https:\/\/dicodusport.fr\/blog\/trente-2021-marlen-reusser-decroche-titre-europeen-contre-la-montre\/","name":"Trente 2021 : Marlen Reusser d\u00e9croche le titre europ\u00e9en du contre-la-montre","isPartOf":{"@id":"https:\/\/dicodusport.fr\/blog\/#website"},"primaryImageOfPage":{"@id":"https:\/\/dicodusport.fr\/blog\/trente-2021-marlen-reusser-decroche-titre-europeen-contre-la-montre\/#primaryimage"},"image":{"@id":"https:\/\/dicodusport.fr\/blog\/trente-2021-marlen-reusser-decroche-titre-europeen-contre-la-montre\/#primaryimage"},"thumbnailUrl":"https:\/\/dicodusport.fr\/blog\/wp-content\/uploads\/2021\/09\/Trente-2021-Marlen-Reusser-decroche-le-titre-europeen-du-contre-la-montre.png","datePublished":"2021-09-09T09:48:46+00:00","dateModified":"2021-09-09T10:30:43+00:00","description":"CHAMPIONNATS D'EUROPE DE CYCLISME SUR ROUTE 2021 - Marlen Reusser a d\u00e9croch\u00e9 le titre europ\u00e9en du contre-la-montre ce jeudi, \u00e0 Trente (Italie).","breadcrumb":{"@id":"https:\/\/dicodusport.fr\/blog\/trente-2021-marlen-reusser-decroche-titre-europeen-contre-la-montre\/#breadcrumb"},"inLanguage":"fr-FR","potentialAction":[{"@type":"ReadAction","target":["https:\/\/dicodusport.fr\/blog\/trente-2021-marlen-reusser-decroche-titre-europeen-contre-la-montre\/"]}]},{"@type":"ImageObject","inLanguage":"fr-FR","@id":"https:\/\/dicodusport.fr\/blog\/trente-2021-marlen-reusser-decroche-titre-europeen-contre-la-montre\/#primaryimage","url":"https:\/\/dicodusport.fr\/blog\/wp-content\/uploads\/2021\/09\/Trente-2021-Marlen-Reusser-decroche-le-titre-europeen-du-contre-la-montre.png","contentUrl":"https:\/\/dicodusport.fr\/blog\/wp-content\/uploads\/2021\/09\/Trente-2021-Marlen-Reusser-decroche-le-titre-europeen-du-contre-la-montre.png","width":800,"height":445,"caption":"Trente 2021 Marlen Reusser d\u00e9croche le titre europ\u00e9en du contre-la-montre"},{"@type":"BreadcrumbList","@id":"https:\/\/dicodusport.fr\/blog\/trente-2021-marlen-reusser-decroche-titre-europeen-contre-la-montre\/#breadcrumb","itemListElement":[{"@type":"ListItem","position":1,"name":"Accueil","item":"https:\/\/dicodusport.fr\/blog\/"},{"@type":"ListItem","position":2,"name":"Trente 2021 : Marlen Reusser d\u00e9croche le titre europ\u00e9en du contre-la-montre"}]},{"@type":"WebSite","@id":"https:\/\/dicodusport.fr\/blog\/#website","url":"https:\/\/dicodusport.fr\/blog\/","name":"Dicodusport","description":"L&#039;encyclop\u00e9die de l&#039;actualit\u00e9 sportive","publisher":{"@id":"https:\/\/dicodusport.fr\/blog\/#organization"},"potentialAction":[{"@type":"SearchAction","target":{"@type":"EntryPoint","urlTemplate":"https:\/\/dicodusport.fr\/blog\/?s={search_term_string}"},"query-input":{"@type":"PropertyValueSpecification","valueRequired":true,"valueName":"search_term_string"}}],"inLanguage":"fr-FR"},{"@type":"NewsMediaOrganization","@id":"https:\/\/dicodusport.fr\/blog\/#organization","name":"Dicodusport","url":"https:\/\/dicodusport.fr\/blog\/","logo":{"@type":"ImageObject","inLanguage":"fr-FR","@id":"https:\/\/dicodusport.fr\/blog\/#\/schema\/logo\/image\/","url":"https:\/\/dicodusport.fr\/blog\/wp-content\/uploads\/2020\/06\/cropped-LOGO-DICODUSPORT-2020-SANS-FOND-SANS-TEXTE.png","contentUrl":"https:\/\/dicodusport.fr\/blog\/wp-content\/uploads\/2020\/06\/cropped-LOGO-DICODUSPORT-2020-SANS-FOND-SANS-TEXTE.png","width":512,"height":512,"caption":"Dicodusport"},"image":{"@id":"https:\/\/dicodusport.fr\/blog\/#\/schema\/logo\/image\/"},"sameAs":["https:\/\/www.facebook.com\/dicodusport","https:\/\/x.com\/dicodusport","https:\/\/www.instagram.com\/dicodusport\/","https:\/\/www.youtube.com\/channel\/UC7V2KZ5sd3htJivAbA4ZG3w"],"description":"Dicodusport est l'encyclop\u00e9die de l'actualit\u00e9 sportive.","email":"bonjour@dicodusport.fr","legalName":"DICODUSPORT","foundingDate":"2018-01-14","vatID":"FR71834470973","taxID":"83447097300043","numberOfEmployees":{"@type":"QuantitativeValue","minValue":"1","maxValue":"10"}},{"@type":"Person","@id":"https:\/\/dicodusport.fr\/blog\/#\/schema\/person\/cb02af4c173ce4a653b55e9baf388d4a","name":"Flo Ostermann","image":{"@type":"ImageObject","inLanguage":"fr-FR","@id":"https:\/\/dicodusport.fr\/blog\/#\/schema\/person\/image\/","url":"https:\/\/dicodusport.fr\/blog\/wp-content\/uploads\/2021\/05\/Flo-Ostermann-150x150.jpg","contentUrl":"https:\/\/dicodusport.fr\/blog\/wp-content\/uploads\/2021\/05\/Flo-Ostermann-150x150.jpg","caption":"Flo Ostermann"},"description":"Journaliste\/R\u00e9dacteur depuis septembre 2015 - Mes premiers souvenirs dans le sport ? Les envol\u00e9es du Stade Toulousain et les duels Villeneuve-Schumacher et H\u00e4kkinen-Schumacher \u00e0 la fin des ann\u00e9es 90, la Coupe du monde de football en 1998, l\u2019exploit du XV de France face aux All Blacks en 1999, mais aussi Richard C\u0153ur de Lion qui vole sur les montagnes du Tour de France. Bien parti pour devenir professeur d\u2019EPS, les \u00e9v\u00e9nements de la vie (et la flemme d\u2019animer des s\u00e9ances de 3x500 m\u00e8tres toute ma vie) m\u2019ont conduit \u00e0 revoir mes plans. Me voil\u00e0 depuis fin 2017 sur Dicodusport, m\u00e9dia gr\u00e2ce (et pour) lequel je partage ma passion : le sport dans tous ses \u00e9tats. Le tout accompagn\u00e9 par les fous furieux et folles furieuses cit\u00e9s sur cette page !","sameAs":["https:\/\/www.facebook.com\/florent.ostermann","https:\/\/x.com\/https:\/\/twitter.com\/FlOstermann","admin"],"url":"https:\/\/dicodusport.fr\/blog\/author\/flo\/"}]}},"_links":{"self":[{"href":"https:\/\/dicodusport.fr\/blog\/wp-json\/wp\/v2\/posts\/165085","targetHints":{"allow":["GET"]}}],"collection":[{"href":"https:\/\/dicodusport.fr\/blog\/wp-json\/wp\/v2\/posts"}],"about":[{"href":"https:\/\/dicodusport.fr\/blog\/wp-json\/wp\/v2\/types\/post"}],"author":[{"embeddable":true,"href":"https:\/\/dicodusport.fr\/blog\/wp-json\/wp\/v2\/users\/4"}],"replies":[{"embeddable":true,"href":"https:\/\/dicodusport.fr\/blog\/wp-json\/wp\/v2\/comments?post=165085"}],"version-history":[{"count":0,"href":"https:\/\/dicodusport.fr\/blog\/wp-json\/wp\/v2\/posts\/165085\/revisions"}],"wp:featuredmedia":[{"embeddable":true,"href":"https:\/\/dicodusport.fr\/blog\/wp-json\/wp\/v2\/media\/165092"}],"wp:attachment":[{"href":"https:\/\/dicodusport.fr\/blog\/wp-json\/wp\/v2\/media?parent=165085"}],"wp:term":[{"taxonomy":"category","embeddable":true,"href":"https:\/\/dicodusport.fr\/blog\/wp-json\/wp\/v2\/categories?post=165085"},{"taxonomy":"post_tag","embeddable":true,"href":"https:\/\/dicodusport.fr\/blog\/wp-json\/wp\/v2\/tags?post=165085"}],"curies":[{"name":"wp","href":"https:\/\/api.w.org\/{rel}","templated":true}]}}