{"id":16513,"date":"2018-04-16T18:00:07","date_gmt":"2018-04-16T16:00:07","guid":{"rendered":"http:\/\/dicodusport.fr\/blog\/?p=16513"},"modified":"2018-04-16T19:01:15","modified_gmt":"2018-04-16T17:01:15","slug":"internationaux-de-strasbourg-beau-monde-prevision-sur-les-courts","status":"publish","type":"post","link":"https:\/\/dicodusport.fr\/blog\/internationaux-de-strasbourg-beau-monde-prevision-sur-les-courts\/","title":{"rendered":"Internationaux de Strasbourg : du beau monde en pr\u00e9vision sur les courts"},"content":{"rendered":"<p style=\"text-align: justify;\"><em><strong>Ce jeudi 12 avril avait lieu la traditionnelle conf\u00e9rence de presse de la 31\u00e8me \u00e9dition des Internationaux de Strasbourg, qui auront lieu du 18 au 26 mai prochain. Au centre des attentions, le plateau des joueuses pr\u00e9sentes. Cette ann\u00e9e sera ainsi exceptionnelle, avec pas moins de 11 joueuses du top 50 mondial.<\/strong><\/em><\/p>\n<h4>Une seule fran\u00e7aise pour le moment<\/h4>\n<p style=\"text-align: justify;\">La t\u00eate d&rsquo;affiche sera\u00a0l&rsquo;Australienne <strong>Ashleigh Barty<\/strong>, actuelle 19\u00e8me mondiale. Sa compatriote <strong>Daria Gavrilova<\/strong> (24\u00e8me) ainsi que la Russe <strong>Anastasia Pavlyuchenkova<\/strong> (27\u00e8me) seront \u00e9galement de la partie.\u00a0Double\u00a0laur\u00e9ate du tournoi en 2015 et 2017\u00a0et vainqueur de l&rsquo;US Open en 2011, <strong>Samantha Stosur<\/strong> sera \u00e9galement pr\u00e9sente et tentera de conserver son titre.<\/p>\n<p style=\"text-align: justify;\">Du c\u00f4t\u00e9 des Fran\u00e7aises, on suivra les aventures d&rsquo;<strong>Aliz\u00e9 Cornet<\/strong>. Cette derni\u00e8re reviendra du c\u00f4t\u00e9 de Strasbourg pour la huiti\u00e8me fois d&rsquo;affil\u00e9e. Parmi les autres noms, on retrouvera la gagnante de l&rsquo;\u00e9dition 2014 et championne olympique en 2016, <strong>M\u00f3nica Puig <\/strong>mais aussi <strong>Timea Babos<\/strong> (39\u00e8me mondiale) sp\u00e9cialiste du double. <strong>Camila Giorgi<\/strong>, n\u00b01 italienne et\u00a0<strong>Danielle Collins<\/strong>, 1\/2 finaliste \u00e0 Miami il y a quelques semaines seront aussi de la f\u00eate, sans oublier la Canadienne <strong>Eug\u00e9nie Bouchard<\/strong>, 117\u00e8me mondiale, qui revient apr\u00e8s une premi\u00e8re participation en 2013.<\/p>\n<p style=\"text-align: justify;\">Outre le tableau des joueuses, les organisateurs ont annonc\u00e9 que la Coupe Davis serait expos\u00e9e le lundi 21 mai aux Internationaux de Strasbourg. Une mani\u00e8re de c\u00e9l\u00e9brer la 10\u00e8me victoire de l\u2019\u00e9quipe de France en novembre dernier.<\/p>\n<p><strong><em>Tristan Mieger<br \/>\n<a href=\"https:\/\/twitter.com\/llodra67?lang=fr\" target=\"_blank\" rel=\"noopener\"><img loading=\"lazy\" decoding=\"async\" class=\"alignnone wp-image-2908 size-full\" src=\"http:\/\/dicodusport.fr\/blog\/wp-content\/uploads\/2017\/07\/logo-twitter-e1516110106986.png\" alt=\"\" width=\"39\" height=\"39\" \/><\/a><\/em><\/strong><\/p>\n","protected":false},"excerpt":{"rendered":"<p>Ce jeudi 12 avril avait lieu la traditionnelle conf\u00e9rence de presse de la 31\u00e8me \u00e9dition des Internationaux de Strasbourg, qui auront lieu du 18 au 26 mai prochain. Au centre des attentions, le plateau des joueuses pr\u00e9sentes. Cette ann\u00e9e sera ainsi exceptionnelle, avec pas moins de 11 joueuses du top 50 mondial.<\/p>\n","protected":false},"author":6,"featured_media":16526,"comment_status":"open","ping_status":"closed","sticky":false,"template":"","format":"standard","meta":{"_acf_changed":false,"_daextam_enable_autolinks":"","footnotes":""},"categories":[2,2365,2302],"tags":[4535,4537,1619,136],"class_list":["post-16513","post","type-post","status-publish","format-standard","has-post-thumbnail","hentry","category-actualites","category-sports-de-raquette","category-tennis","tag-cornet","tag-internationaux-de-strasbourg","tag-strasbourg","tag-tennis"],"acf":[],"yoast_head":"<!-- This site is optimized with the Yoast SEO Premium plugin v26.7 (Yoast SEO v26.7) - https:\/\/yoast.com\/wordpress\/plugins\/seo\/ -->\n<title>Internationaux de Strasbourg : du beau monde en pr\u00e9vision sur les courts<\/title>\n<meta name=\"description\" content=\"Ce jeudi 12 avril avait lieu la traditionnelle conf\u00e9rence de presse de la 31\u00e8me \u00e9dition des Internationaux de Strasbourg, qui auront lieu du 18 au 26 mai prochain. Au centre des attentions, le plateau des joueuses pr\u00e9sentes. Cette ann\u00e9e sera ainsi exceptionnelle, avec pas moins de 11 joueuses du top 50 mondial.\" \/>\n<meta name=\"robots\" content=\"index, follow, max-snippet:-1, max-image-preview:large, max-video-preview:-1\" \/>\n<link rel=\"canonical\" href=\"https:\/\/dicodusport.fr\/blog\/internationaux-de-strasbourg-beau-monde-prevision-sur-les-courts\/\" \/>\n<meta property=\"og:locale\" content=\"fr_FR\" \/>\n<meta property=\"og:type\" content=\"article\" \/>\n<meta property=\"og:title\" content=\"Internationaux de Strasbourg : du beau monde en pr\u00e9vision sur les courts\" \/>\n<meta property=\"og:description\" content=\"Ce jeudi 12 avril avait lieu la traditionnelle conf\u00e9rence de presse de la 31\u00e8me \u00e9dition des Internationaux de Strasbourg, qui auront lieu du 18 au 26 mai prochain. Au centre des attentions, le plateau des joueuses pr\u00e9sentes. Cette ann\u00e9e sera ainsi exceptionnelle, avec pas moins de 11 joueuses du top 50 mondial.\" \/>\n<meta property=\"og:url\" content=\"https:\/\/dicodusport.fr\/blog\/internationaux-de-strasbourg-beau-monde-prevision-sur-les-courts\/\" \/>\n<meta property=\"og:site_name\" content=\"Dicodusport\" \/>\n<meta property=\"article:publisher\" content=\"https:\/\/www.facebook.com\/dicodusport\" \/>\n<meta property=\"article:published_time\" content=\"2018-04-16T16:00:07+00:00\" \/>\n<meta property=\"article:modified_time\" content=\"2018-04-16T17:01:15+00:00\" \/>\n<meta property=\"og:image\" content=\"https:\/\/dicodusport.fr\/blog\/wp-content\/uploads\/2018\/04\/Internationaux-de-Strasbourg.png\" \/>\n\t<meta property=\"og:image:width\" content=\"800\" \/>\n\t<meta property=\"og:image:height\" content=\"445\" \/>\n\t<meta property=\"og:image:type\" content=\"image\/png\" \/>\n<meta name=\"author\" content=\"Tristan\" \/>\n<meta name=\"twitter:card\" content=\"summary_large_image\" \/>\n<meta name=\"twitter:creator\" content=\"@dicodusport\" \/>\n<meta name=\"twitter:site\" content=\"@dicodusport\" \/>\n<script type=\"application\/ld+json\" class=\"yoast-schema-graph\">{\"@context\":\"https:\/\/schema.org\",\"@graph\":[{\"@type\":\"NewsArticle\",\"@id\":\"https:\/\/dicodusport.fr\/blog\/internationaux-de-strasbourg-beau-monde-prevision-sur-les-courts\/#article\",\"isPartOf\":{\"@id\":\"https:\/\/dicodusport.fr\/blog\/internationaux-de-strasbourg-beau-monde-prevision-sur-les-courts\/\"},\"author\":{\"name\":\"Tristan\",\"@id\":\"https:\/\/dicodusport.fr\/blog\/#\/schema\/person\/70c332124679336c1a1a6ec090e8a904\"},\"headline\":\"Internationaux de Strasbourg : du beau monde en pr\u00e9vision sur les courts\",\"datePublished\":\"2018-04-16T16:00:07+00:00\",\"dateModified\":\"2018-04-16T17:01:15+00:00\",\"mainEntityOfPage\":{\"@id\":\"https:\/\/dicodusport.fr\/blog\/internationaux-de-strasbourg-beau-monde-prevision-sur-les-courts\/\"},\"wordCount\":264,\"commentCount\":0,\"publisher\":{\"@id\":\"https:\/\/dicodusport.fr\/blog\/#organization\"},\"image\":{\"@id\":\"https:\/\/dicodusport.fr\/blog\/internationaux-de-strasbourg-beau-monde-prevision-sur-les-courts\/#primaryimage\"},\"thumbnailUrl\":\"https:\/\/dicodusport.fr\/blog\/wp-content\/uploads\/2018\/04\/Internationaux-de-Strasbourg.png\",\"keywords\":[\"cornet\",\"internationaux de strasbourg\",\"Strasbourg\",\"Tennis\"],\"articleSection\":[\"Actualit\u00e9s\",\"Sports de raquette\",\"Tennis\"],\"inLanguage\":\"fr-FR\",\"potentialAction\":[{\"@type\":\"CommentAction\",\"name\":\"Comment\",\"target\":[\"https:\/\/dicodusport.fr\/blog\/internationaux-de-strasbourg-beau-monde-prevision-sur-les-courts\/#respond\"]}],\"copyrightYear\":\"2018\",\"copyrightHolder\":{\"@id\":\"https:\/\/dicodusport.fr\/blog\/#organization\"}},{\"@type\":\"WebPage\",\"@id\":\"https:\/\/dicodusport.fr\/blog\/internationaux-de-strasbourg-beau-monde-prevision-sur-les-courts\/\",\"url\":\"https:\/\/dicodusport.fr\/blog\/internationaux-de-strasbourg-beau-monde-prevision-sur-les-courts\/\",\"name\":\"Internationaux de Strasbourg : du beau monde en pr\u00e9vision sur les courts\",\"isPartOf\":{\"@id\":\"https:\/\/dicodusport.fr\/blog\/#website\"},\"primaryImageOfPage\":{\"@id\":\"https:\/\/dicodusport.fr\/blog\/internationaux-de-strasbourg-beau-monde-prevision-sur-les-courts\/#primaryimage\"},\"image\":{\"@id\":\"https:\/\/dicodusport.fr\/blog\/internationaux-de-strasbourg-beau-monde-prevision-sur-les-courts\/#primaryimage\"},\"thumbnailUrl\":\"https:\/\/dicodusport.fr\/blog\/wp-content\/uploads\/2018\/04\/Internationaux-de-Strasbourg.png\",\"datePublished\":\"2018-04-16T16:00:07+00:00\",\"dateModified\":\"2018-04-16T17:01:15+00:00\",\"description\":\"Ce jeudi 12 avril avait lieu la traditionnelle conf\u00e9rence de presse de la 31\u00e8me \u00e9dition des Internationaux de Strasbourg, qui auront lieu du 18 au 26 mai prochain. Au centre des attentions, le plateau des joueuses pr\u00e9sentes. Cette ann\u00e9e sera ainsi exceptionnelle, avec pas moins de 11 joueuses du top 50 mondial.\",\"breadcrumb\":{\"@id\":\"https:\/\/dicodusport.fr\/blog\/internationaux-de-strasbourg-beau-monde-prevision-sur-les-courts\/#breadcrumb\"},\"inLanguage\":\"fr-FR\",\"potentialAction\":[{\"@type\":\"ReadAction\",\"target\":[\"https:\/\/dicodusport.fr\/blog\/internationaux-de-strasbourg-beau-monde-prevision-sur-les-courts\/\"]}]},{\"@type\":\"ImageObject\",\"inLanguage\":\"fr-FR\",\"@id\":\"https:\/\/dicodusport.fr\/blog\/internationaux-de-strasbourg-beau-monde-prevision-sur-les-courts\/#primaryimage\",\"url\":\"https:\/\/dicodusport.fr\/blog\/wp-content\/uploads\/2018\/04\/Internationaux-de-Strasbourg.png\",\"contentUrl\":\"https:\/\/dicodusport.fr\/blog\/wp-content\/uploads\/2018\/04\/Internationaux-de-Strasbourg.png\",\"width\":800,\"height\":445},{\"@type\":\"BreadcrumbList\",\"@id\":\"https:\/\/dicodusport.fr\/blog\/internationaux-de-strasbourg-beau-monde-prevision-sur-les-courts\/#breadcrumb\",\"itemListElement\":[{\"@type\":\"ListItem\",\"position\":1,\"name\":\"Accueil\",\"item\":\"https:\/\/dicodusport.fr\/blog\/\"},{\"@type\":\"ListItem\",\"position\":2,\"name\":\"Internationaux de Strasbourg : du beau monde en pr\u00e9vision sur les courts\"}]},{\"@type\":\"WebSite\",\"@id\":\"https:\/\/dicodusport.fr\/blog\/#website\",\"url\":\"https:\/\/dicodusport.fr\/blog\/\",\"name\":\"Dicodusport\",\"description\":\"L&#039;encyclop\u00e9die de l&#039;actualit\u00e9 sportive\",\"publisher\":{\"@id\":\"https:\/\/dicodusport.fr\/blog\/#organization\"},\"potentialAction\":[{\"@type\":\"SearchAction\",\"target\":{\"@type\":\"EntryPoint\",\"urlTemplate\":\"https:\/\/dicodusport.fr\/blog\/?s={search_term_string}\"},\"query-input\":{\"@type\":\"PropertyValueSpecification\",\"valueRequired\":true,\"valueName\":\"search_term_string\"}}],\"inLanguage\":\"fr-FR\"},{\"@type\":\"NewsMediaOrganization\",\"@id\":\"https:\/\/dicodusport.fr\/blog\/#organization\",\"name\":\"Dicodusport\",\"url\":\"https:\/\/dicodusport.fr\/blog\/\",\"logo\":{\"@type\":\"ImageObject\",\"inLanguage\":\"fr-FR\",\"@id\":\"https:\/\/dicodusport.fr\/blog\/#\/schema\/logo\/image\/\",\"url\":\"https:\/\/dicodusport.fr\/blog\/wp-content\/uploads\/2020\/06\/cropped-LOGO-DICODUSPORT-2020-SANS-FOND-SANS-TEXTE.png\",\"contentUrl\":\"https:\/\/dicodusport.fr\/blog\/wp-content\/uploads\/2020\/06\/cropped-LOGO-DICODUSPORT-2020-SANS-FOND-SANS-TEXTE.png\",\"width\":512,\"height\":512,\"caption\":\"Dicodusport\"},\"image\":{\"@id\":\"https:\/\/dicodusport.fr\/blog\/#\/schema\/logo\/image\/\"},\"sameAs\":[\"https:\/\/www.facebook.com\/dicodusport\",\"https:\/\/x.com\/dicodusport\",\"https:\/\/www.instagram.com\/dicodusport\/\",\"https:\/\/www.youtube.com\/channel\/UC7V2KZ5sd3htJivAbA4ZG3w\"],\"description\":\"Dicodusport est l'encyclop\u00e9die de l'actualit\u00e9 sportive.\",\"email\":\"bonjour@dicodusport.fr\",\"legalName\":\"DICODUSPORT\",\"foundingDate\":\"2018-01-14\",\"vatID\":\"FR71834470973\",\"taxID\":\"83447097300043\",\"numberOfEmployees\":{\"@type\":\"QuantitativeValue\",\"minValue\":\"1\",\"maxValue\":\"10\"}},{\"@type\":\"Person\",\"@id\":\"https:\/\/dicodusport.fr\/blog\/#\/schema\/person\/70c332124679336c1a1a6ec090e8a904\",\"name\":\"Tristan\",\"image\":{\"@type\":\"ImageObject\",\"inLanguage\":\"fr-FR\",\"@id\":\"https:\/\/dicodusport.fr\/blog\/#\/schema\/person\/image\/\",\"url\":\"https:\/\/dicodusport.fr\/blog\/wp-content\/uploads\/2018\/06\/User-blue-icon-150x150.png\",\"contentUrl\":\"https:\/\/dicodusport.fr\/blog\/wp-content\/uploads\/2018\/06\/User-blue-icon-150x150.png\",\"caption\":\"Tristan\"},\"url\":\"https:\/\/dicodusport.fr\/blog\/author\/tristan\/\"}]}<\/script>\n<!-- \/ Yoast SEO Premium plugin. -->","yoast_head_json":{"title":"Internationaux de Strasbourg : du beau monde en pr\u00e9vision sur les courts","description":"Ce jeudi 12 avril avait lieu la traditionnelle conf\u00e9rence de presse de la 31\u00e8me \u00e9dition des Internationaux de Strasbourg, qui auront lieu du 18 au 26 mai prochain. Au centre des attentions, le plateau des joueuses pr\u00e9sentes. Cette ann\u00e9e sera ainsi exceptionnelle, avec pas moins de 11 joueuses du top 50 mondial.","robots":{"index":"index","follow":"follow","max-snippet":"max-snippet:-1","max-image-preview":"max-image-preview:large","max-video-preview":"max-video-preview:-1"},"canonical":"https:\/\/dicodusport.fr\/blog\/internationaux-de-strasbourg-beau-monde-prevision-sur-les-courts\/","og_locale":"fr_FR","og_type":"article","og_title":"Internationaux de Strasbourg : du beau monde en pr\u00e9vision sur les courts","og_description":"Ce jeudi 12 avril avait lieu la traditionnelle conf\u00e9rence de presse de la 31\u00e8me \u00e9dition des Internationaux de Strasbourg, qui auront lieu du 18 au 26 mai prochain. Au centre des attentions, le plateau des joueuses pr\u00e9sentes. Cette ann\u00e9e sera ainsi exceptionnelle, avec pas moins de 11 joueuses du top 50 mondial.","og_url":"https:\/\/dicodusport.fr\/blog\/internationaux-de-strasbourg-beau-monde-prevision-sur-les-courts\/","og_site_name":"Dicodusport","article_publisher":"https:\/\/www.facebook.com\/dicodusport","article_published_time":"2018-04-16T16:00:07+00:00","article_modified_time":"2018-04-16T17:01:15+00:00","og_image":[{"width":800,"height":445,"url":"https:\/\/dicodusport.fr\/blog\/wp-content\/uploads\/2018\/04\/Internationaux-de-Strasbourg.png","type":"image\/png"}],"author":"Tristan","twitter_card":"summary_large_image","twitter_creator":"@dicodusport","twitter_site":"@dicodusport","schema":{"@context":"https:\/\/schema.org","@graph":[{"@type":"NewsArticle","@id":"https:\/\/dicodusport.fr\/blog\/internationaux-de-strasbourg-beau-monde-prevision-sur-les-courts\/#article","isPartOf":{"@id":"https:\/\/dicodusport.fr\/blog\/internationaux-de-strasbourg-beau-monde-prevision-sur-les-courts\/"},"author":{"name":"Tristan","@id":"https:\/\/dicodusport.fr\/blog\/#\/schema\/person\/70c332124679336c1a1a6ec090e8a904"},"headline":"Internationaux de Strasbourg : du beau monde en pr\u00e9vision sur les courts","datePublished":"2018-04-16T16:00:07+00:00","dateModified":"2018-04-16T17:01:15+00:00","mainEntityOfPage":{"@id":"https:\/\/dicodusport.fr\/blog\/internationaux-de-strasbourg-beau-monde-prevision-sur-les-courts\/"},"wordCount":264,"commentCount":0,"publisher":{"@id":"https:\/\/dicodusport.fr\/blog\/#organization"},"image":{"@id":"https:\/\/dicodusport.fr\/blog\/internationaux-de-strasbourg-beau-monde-prevision-sur-les-courts\/#primaryimage"},"thumbnailUrl":"https:\/\/dicodusport.fr\/blog\/wp-content\/uploads\/2018\/04\/Internationaux-de-Strasbourg.png","keywords":["cornet","internationaux de strasbourg","Strasbourg","Tennis"],"articleSection":["Actualit\u00e9s","Sports de raquette","Tennis"],"inLanguage":"fr-FR","potentialAction":[{"@type":"CommentAction","name":"Comment","target":["https:\/\/dicodusport.fr\/blog\/internationaux-de-strasbourg-beau-monde-prevision-sur-les-courts\/#respond"]}],"copyrightYear":"2018","copyrightHolder":{"@id":"https:\/\/dicodusport.fr\/blog\/#organization"}},{"@type":"WebPage","@id":"https:\/\/dicodusport.fr\/blog\/internationaux-de-strasbourg-beau-monde-prevision-sur-les-courts\/","url":"https:\/\/dicodusport.fr\/blog\/internationaux-de-strasbourg-beau-monde-prevision-sur-les-courts\/","name":"Internationaux de Strasbourg : du beau monde en pr\u00e9vision sur les courts","isPartOf":{"@id":"https:\/\/dicodusport.fr\/blog\/#website"},"primaryImageOfPage":{"@id":"https:\/\/dicodusport.fr\/blog\/internationaux-de-strasbourg-beau-monde-prevision-sur-les-courts\/#primaryimage"},"image":{"@id":"https:\/\/dicodusport.fr\/blog\/internationaux-de-strasbourg-beau-monde-prevision-sur-les-courts\/#primaryimage"},"thumbnailUrl":"https:\/\/dicodusport.fr\/blog\/wp-content\/uploads\/2018\/04\/Internationaux-de-Strasbourg.png","datePublished":"2018-04-16T16:00:07+00:00","dateModified":"2018-04-16T17:01:15+00:00","description":"Ce jeudi 12 avril avait lieu la traditionnelle conf\u00e9rence de presse de la 31\u00e8me \u00e9dition des Internationaux de Strasbourg, qui auront lieu du 18 au 26 mai prochain. Au centre des attentions, le plateau des joueuses pr\u00e9sentes. Cette ann\u00e9e sera ainsi exceptionnelle, avec pas moins de 11 joueuses du top 50 mondial.","breadcrumb":{"@id":"https:\/\/dicodusport.fr\/blog\/internationaux-de-strasbourg-beau-monde-prevision-sur-les-courts\/#breadcrumb"},"inLanguage":"fr-FR","potentialAction":[{"@type":"ReadAction","target":["https:\/\/dicodusport.fr\/blog\/internationaux-de-strasbourg-beau-monde-prevision-sur-les-courts\/"]}]},{"@type":"ImageObject","inLanguage":"fr-FR","@id":"https:\/\/dicodusport.fr\/blog\/internationaux-de-strasbourg-beau-monde-prevision-sur-les-courts\/#primaryimage","url":"https:\/\/dicodusport.fr\/blog\/wp-content\/uploads\/2018\/04\/Internationaux-de-Strasbourg.png","contentUrl":"https:\/\/dicodusport.fr\/blog\/wp-content\/uploads\/2018\/04\/Internationaux-de-Strasbourg.png","width":800,"height":445},{"@type":"BreadcrumbList","@id":"https:\/\/dicodusport.fr\/blog\/internationaux-de-strasbourg-beau-monde-prevision-sur-les-courts\/#breadcrumb","itemListElement":[{"@type":"ListItem","position":1,"name":"Accueil","item":"https:\/\/dicodusport.fr\/blog\/"},{"@type":"ListItem","position":2,"name":"Internationaux de Strasbourg : du beau monde en pr\u00e9vision sur les courts"}]},{"@type":"WebSite","@id":"https:\/\/dicodusport.fr\/blog\/#website","url":"https:\/\/dicodusport.fr\/blog\/","name":"Dicodusport","description":"L&#039;encyclop\u00e9die de l&#039;actualit\u00e9 sportive","publisher":{"@id":"https:\/\/dicodusport.fr\/blog\/#organization"},"potentialAction":[{"@type":"SearchAction","target":{"@type":"EntryPoint","urlTemplate":"https:\/\/dicodusport.fr\/blog\/?s={search_term_string}"},"query-input":{"@type":"PropertyValueSpecification","valueRequired":true,"valueName":"search_term_string"}}],"inLanguage":"fr-FR"},{"@type":"NewsMediaOrganization","@id":"https:\/\/dicodusport.fr\/blog\/#organization","name":"Dicodusport","url":"https:\/\/dicodusport.fr\/blog\/","logo":{"@type":"ImageObject","inLanguage":"fr-FR","@id":"https:\/\/dicodusport.fr\/blog\/#\/schema\/logo\/image\/","url":"https:\/\/dicodusport.fr\/blog\/wp-content\/uploads\/2020\/06\/cropped-LOGO-DICODUSPORT-2020-SANS-FOND-SANS-TEXTE.png","contentUrl":"https:\/\/dicodusport.fr\/blog\/wp-content\/uploads\/2020\/06\/cropped-LOGO-DICODUSPORT-2020-SANS-FOND-SANS-TEXTE.png","width":512,"height":512,"caption":"Dicodusport"},"image":{"@id":"https:\/\/dicodusport.fr\/blog\/#\/schema\/logo\/image\/"},"sameAs":["https:\/\/www.facebook.com\/dicodusport","https:\/\/x.com\/dicodusport","https:\/\/www.instagram.com\/dicodusport\/","https:\/\/www.youtube.com\/channel\/UC7V2KZ5sd3htJivAbA4ZG3w"],"description":"Dicodusport est l'encyclop\u00e9die de l'actualit\u00e9 sportive.","email":"bonjour@dicodusport.fr","legalName":"DICODUSPORT","foundingDate":"2018-01-14","vatID":"FR71834470973","taxID":"83447097300043","numberOfEmployees":{"@type":"QuantitativeValue","minValue":"1","maxValue":"10"}},{"@type":"Person","@id":"https:\/\/dicodusport.fr\/blog\/#\/schema\/person\/70c332124679336c1a1a6ec090e8a904","name":"Tristan","image":{"@type":"ImageObject","inLanguage":"fr-FR","@id":"https:\/\/dicodusport.fr\/blog\/#\/schema\/person\/image\/","url":"https:\/\/dicodusport.fr\/blog\/wp-content\/uploads\/2018\/06\/User-blue-icon-150x150.png","contentUrl":"https:\/\/dicodusport.fr\/blog\/wp-content\/uploads\/2018\/06\/User-blue-icon-150x150.png","caption":"Tristan"},"url":"https:\/\/dicodusport.fr\/blog\/author\/tristan\/"}]}},"_links":{"self":[{"href":"https:\/\/dicodusport.fr\/blog\/wp-json\/wp\/v2\/posts\/16513","targetHints":{"allow":["GET"]}}],"collection":[{"href":"https:\/\/dicodusport.fr\/blog\/wp-json\/wp\/v2\/posts"}],"about":[{"href":"https:\/\/dicodusport.fr\/blog\/wp-json\/wp\/v2\/types\/post"}],"author":[{"embeddable":true,"href":"https:\/\/dicodusport.fr\/blog\/wp-json\/wp\/v2\/users\/6"}],"replies":[{"embeddable":true,"href":"https:\/\/dicodusport.fr\/blog\/wp-json\/wp\/v2\/comments?post=16513"}],"version-history":[{"count":0,"href":"https:\/\/dicodusport.fr\/blog\/wp-json\/wp\/v2\/posts\/16513\/revisions"}],"wp:featuredmedia":[{"embeddable":true,"href":"https:\/\/dicodusport.fr\/blog\/wp-json\/wp\/v2\/media\/16526"}],"wp:attachment":[{"href":"https:\/\/dicodusport.fr\/blog\/wp-json\/wp\/v2\/media?parent=16513"}],"wp:term":[{"taxonomy":"category","embeddable":true,"href":"https:\/\/dicodusport.fr\/blog\/wp-json\/wp\/v2\/categories?post=16513"},{"taxonomy":"post_tag","embeddable":true,"href":"https:\/\/dicodusport.fr\/blog\/wp-json\/wp\/v2\/tags?post=16513"}],"curies":[{"name":"wp","href":"https:\/\/api.w.org\/{rel}","templated":true}]}}