{"id":165399,"date":"2021-09-10T15:42:56","date_gmt":"2021-09-10T13:42:56","guid":{"rendered":"https:\/\/dicodusport.fr\/blog\/?p=165399&#038;preview=true&#038;preview_id=165399"},"modified":"2021-09-11T10:33:42","modified_gmt":"2021-09-11T08:33:42","slug":"sergio-ramos-une-rechute-qui-inquiete-le-psg","status":"publish","type":"post","link":"https:\/\/dicodusport.fr\/blog\/sergio-ramos-une-rechute-qui-inquiete-le-psg\/","title":{"rendered":"Sergio Ramos, une rechute qui inqui\u00e8te le PSG"},"content":{"rendered":"<p style=\"text-align: justify;\"><strong><em>FOOTBALL &#8211; Alors que ses d\u00e9buts avec le PSG \u00e9taient attendus pour ce week-end en Ligue 1 ou au plus tard en Ligue des Champions, Sergio Ramos a rechut\u00e9.<\/em><\/strong><\/p>\n<p style=\"text-align: justify;\">Comme le confirment nos confr\u00e8res de <em>L&rsquo;\u00c9quipe<\/em>, l&rsquo;ancien d\u00e9fenseur du Real Madrid, <strong>Sergio Ramos<\/strong>, est forfait pour au moins les deux prochains matchs du PSG \u00e0 cause d&rsquo;une nouvelle blessure au mollet. Arriv\u00e9 \u00e0 Paris dans une super forme selon les m\u00e9decins du club, <strong>Sergio Ramos<\/strong> s&rsquo;est bless\u00e9 au mollet gauche \u00e0 la fin du mois de juillet et n&rsquo;a pas encore pu faire la moindre apparition avec sa nouvelle \u00e9quipe, m\u00eame en amical.<\/p>\n<p style=\"text-align: justify;\">S&rsquo;il est le joueur en activit\u00e9 qui poss\u00e8de l&rsquo;un des plus gros palmar\u00e8s, le d\u00e9fenseur central espagnol de 35 ans n&rsquo;a disput\u00e9 que 21 matchs toutes comp\u00e9titions confondues la saison pass\u00e9e, contre en moyenne plus de 43 sur ses 15 saisons pr\u00e9c\u00e9dentes avec le Real Madrid. Au total <strong>Sergio Ramos<\/strong> a pass\u00e9 plus de 150 jours loin des terrains lors de la saison 2021-2022. Alors qu&rsquo;il \u00e9tait sur le retour apr\u00e8s sa blessure au mollet, il a donc rechut\u00e9 et inqui\u00e8te le club de la capitale, qui ne sait pas quand il pourra faire ses d\u00e9buts. Le PSG esp\u00e8re que l&rsquo;Espagnol ne va pas revivre une saison de gal\u00e8re, car les blessures au mollet sont compliqu\u00e9es \u00e0 soigner. En attendant, le duo Marquinhos-Kimpembe sera sollicit\u00e9 et pourra engranger de la confiance.<\/p>\n<blockquote class=\"twitter-tweet\">\n<p dir=\"ltr\" lang=\"fr\">Ramos souffre encore d&rsquo;un mollet. Il ne sera pas dans le groupe, samedi, ni probablement dans celui de Ligue des champions \u00e0 Bruges, mercredi <a href=\"https:\/\/t.co\/odQwiQlS4J\">https:\/\/t.co\/odQwiQlS4J<\/a> <a href=\"https:\/\/t.co\/SWruZsfYZH\">pic.twitter.com\/SWruZsfYZH<\/a><\/p>\n<p>\u2014 L&rsquo;\u00c9QUIPE (@lequipe) <a href=\"https:\/\/twitter.com\/lequipe\/status\/1436072558005309450?ref_src=twsrc%5Etfw\">September 9, 2021<\/a><\/p><\/blockquote>\n<p style=\"text-align: justify;\"><script async src=\"https:\/\/platform.twitter.com\/widgets.js\" charset=\"utf-8\"><\/script><\/p>\n","protected":false},"excerpt":{"rendered":"<p>FOOTBALL &#8211; Alors que ses d\u00e9buts avec le PSG \u00e9taient attendus pour ce week-end en Ligue 1 ou au plus tard en Ligue des Champions, Sergio Ramos a rechut\u00e9.<\/p>\n","protected":false},"author":1,"featured_media":165409,"comment_status":"open","ping_status":"closed","sticky":false,"template":"","format":"standard","meta":{"_acf_changed":false,"_daextam_enable_autolinks":"","footnotes":""},"categories":[47045],"tags":[910,5349,5041],"class_list":["post-165399","post","type-post","status-publish","format-standard","has-post-thumbnail","hentry","category-ligue-1","tag-psg","tag-ramos","tag-sergio-ramos"],"acf":[],"yoast_head":"<!-- This site is optimized with the Yoast SEO Premium plugin v26.7 (Yoast SEO v26.7) - https:\/\/yoast.com\/wordpress\/plugins\/seo\/ -->\n<title>Sergio Ramos, une rechute qui inqui\u00e8te le PSG<\/title>\n<meta name=\"description\" content=\"FOOTBALL - Alors que ses d\u00e9buts avec le PSG \u00e9taient attendus pour ce week-end en Ligue 1 ou au plus tard en Ligue des Champions, Sergio Ramos a rechut\u00e9.\" \/>\n<meta name=\"robots\" content=\"index, follow, max-snippet:-1, max-image-preview:large, max-video-preview:-1\" \/>\n<link rel=\"canonical\" href=\"https:\/\/dicodusport.fr\/blog\/sergio-ramos-une-rechute-qui-inquiete-le-psg\/\" \/>\n<meta property=\"og:locale\" content=\"fr_FR\" \/>\n<meta property=\"og:type\" content=\"article\" \/>\n<meta property=\"og:title\" content=\"Sergio Ramos, une rechute qui inqui\u00e8te le PSG\" \/>\n<meta property=\"og:description\" content=\"FOOTBALL - Alors que ses d\u00e9buts avec le PSG \u00e9taient attendus pour ce week-end en Ligue 1 ou au plus tard en Ligue des Champions, Sergio Ramos a rechut\u00e9.\" \/>\n<meta property=\"og:url\" content=\"https:\/\/dicodusport.fr\/blog\/sergio-ramos-une-rechute-qui-inquiete-le-psg\/\" \/>\n<meta property=\"og:site_name\" content=\"Dicodusport\" \/>\n<meta property=\"article:publisher\" content=\"https:\/\/www.facebook.com\/dicodusport\" \/>\n<meta property=\"article:author\" content=\"https:\/\/www.facebook.com\/dicodusport\" \/>\n<meta property=\"article:published_time\" content=\"2021-09-10T13:42:56+00:00\" \/>\n<meta property=\"article:modified_time\" content=\"2021-09-11T08:33:42+00:00\" \/>\n<meta property=\"og:image\" content=\"https:\/\/dicodusport.fr\/blog\/wp-content\/uploads\/2021\/09\/Sergio-Ramos-une-rechute-qui-inquie\u0300te-le-PSG.png\" \/>\n\t<meta property=\"og:image:width\" content=\"800\" \/>\n\t<meta property=\"og:image:height\" content=\"445\" \/>\n\t<meta property=\"og:image:type\" content=\"image\/png\" \/>\n<meta name=\"author\" content=\"Nicolas Jacquemard\" \/>\n<meta name=\"twitter:card\" content=\"summary_large_image\" \/>\n<meta name=\"twitter:title\" content=\"Sergio Ramos, une rechute qui inqui\u00e8te le PSG\" \/>\n<meta name=\"twitter:creator\" content=\"@https:\/\/twitter.com\/Nico_Jacquemard\" \/>\n<meta name=\"twitter:site\" content=\"@dicodusport\" \/>\n<script type=\"application\/ld+json\" class=\"yoast-schema-graph\">{\"@context\":\"https:\/\/schema.org\",\"@graph\":[{\"@type\":\"NewsArticle\",\"@id\":\"https:\/\/dicodusport.fr\/blog\/sergio-ramos-une-rechute-qui-inquiete-le-psg\/#article\",\"isPartOf\":{\"@id\":\"https:\/\/dicodusport.fr\/blog\/sergio-ramos-une-rechute-qui-inquiete-le-psg\/\"},\"author\":{\"name\":\"Nicolas Jacquemard\",\"@id\":\"https:\/\/dicodusport.fr\/blog\/#\/schema\/person\/55dcb50ad410894e431ed812bbb70191\"},\"headline\":\"Sergio Ramos, une rechute qui inqui\u00e8te le PSG\",\"datePublished\":\"2021-09-10T13:42:56+00:00\",\"dateModified\":\"2021-09-11T08:33:42+00:00\",\"mainEntityOfPage\":{\"@id\":\"https:\/\/dicodusport.fr\/blog\/sergio-ramos-une-rechute-qui-inquiete-le-psg\/\"},\"wordCount\":298,\"commentCount\":0,\"publisher\":{\"@id\":\"https:\/\/dicodusport.fr\/blog\/#organization\"},\"image\":{\"@id\":\"https:\/\/dicodusport.fr\/blog\/sergio-ramos-une-rechute-qui-inquiete-le-psg\/#primaryimage\"},\"thumbnailUrl\":\"https:\/\/dicodusport.fr\/blog\/wp-content\/uploads\/2021\/09\/Sergio-Ramos-une-rechute-qui-inquie\u0300te-le-PSG.png\",\"keywords\":[\"PSG\",\"Ramos\",\"Sergio Ramos\"],\"articleSection\":[\"Ligue 1\"],\"inLanguage\":\"fr-FR\",\"potentialAction\":[{\"@type\":\"CommentAction\",\"name\":\"Comment\",\"target\":[\"https:\/\/dicodusport.fr\/blog\/sergio-ramos-une-rechute-qui-inquiete-le-psg\/#respond\"]}],\"copyrightYear\":\"2021\",\"copyrightHolder\":{\"@id\":\"https:\/\/dicodusport.fr\/blog\/#organization\"}},{\"@type\":\"WebPage\",\"@id\":\"https:\/\/dicodusport.fr\/blog\/sergio-ramos-une-rechute-qui-inquiete-le-psg\/\",\"url\":\"https:\/\/dicodusport.fr\/blog\/sergio-ramos-une-rechute-qui-inquiete-le-psg\/\",\"name\":\"Sergio Ramos, une rechute qui inqui\u00e8te le PSG\",\"isPartOf\":{\"@id\":\"https:\/\/dicodusport.fr\/blog\/#website\"},\"primaryImageOfPage\":{\"@id\":\"https:\/\/dicodusport.fr\/blog\/sergio-ramos-une-rechute-qui-inquiete-le-psg\/#primaryimage\"},\"image\":{\"@id\":\"https:\/\/dicodusport.fr\/blog\/sergio-ramos-une-rechute-qui-inquiete-le-psg\/#primaryimage\"},\"thumbnailUrl\":\"https:\/\/dicodusport.fr\/blog\/wp-content\/uploads\/2021\/09\/Sergio-Ramos-une-rechute-qui-inquie\u0300te-le-PSG.png\",\"datePublished\":\"2021-09-10T13:42:56+00:00\",\"dateModified\":\"2021-09-11T08:33:42+00:00\",\"description\":\"FOOTBALL - Alors que ses d\u00e9buts avec le PSG \u00e9taient attendus pour ce week-end en Ligue 1 ou au plus tard en Ligue des Champions, Sergio Ramos a rechut\u00e9.\",\"breadcrumb\":{\"@id\":\"https:\/\/dicodusport.fr\/blog\/sergio-ramos-une-rechute-qui-inquiete-le-psg\/#breadcrumb\"},\"inLanguage\":\"fr-FR\",\"potentialAction\":[{\"@type\":\"ReadAction\",\"target\":[\"https:\/\/dicodusport.fr\/blog\/sergio-ramos-une-rechute-qui-inquiete-le-psg\/\"]}]},{\"@type\":\"ImageObject\",\"inLanguage\":\"fr-FR\",\"@id\":\"https:\/\/dicodusport.fr\/blog\/sergio-ramos-une-rechute-qui-inquiete-le-psg\/#primaryimage\",\"url\":\"https:\/\/dicodusport.fr\/blog\/wp-content\/uploads\/2021\/09\/Sergio-Ramos-une-rechute-qui-inquie\u0300te-le-PSG.png\",\"contentUrl\":\"https:\/\/dicodusport.fr\/blog\/wp-content\/uploads\/2021\/09\/Sergio-Ramos-une-rechute-qui-inquie\u0300te-le-PSG.png\",\"width\":800,\"height\":445},{\"@type\":\"BreadcrumbList\",\"@id\":\"https:\/\/dicodusport.fr\/blog\/sergio-ramos-une-rechute-qui-inquiete-le-psg\/#breadcrumb\",\"itemListElement\":[{\"@type\":\"ListItem\",\"position\":1,\"name\":\"Accueil\",\"item\":\"https:\/\/dicodusport.fr\/blog\/\"},{\"@type\":\"ListItem\",\"position\":2,\"name\":\"Sergio Ramos, une rechute qui inqui\u00e8te le PSG\"}]},{\"@type\":\"WebSite\",\"@id\":\"https:\/\/dicodusport.fr\/blog\/#website\",\"url\":\"https:\/\/dicodusport.fr\/blog\/\",\"name\":\"Dicodusport\",\"description\":\"L&#039;encyclop\u00e9die de l&#039;actualit\u00e9 sportive\",\"publisher\":{\"@id\":\"https:\/\/dicodusport.fr\/blog\/#organization\"},\"potentialAction\":[{\"@type\":\"SearchAction\",\"target\":{\"@type\":\"EntryPoint\",\"urlTemplate\":\"https:\/\/dicodusport.fr\/blog\/?s={search_term_string}\"},\"query-input\":{\"@type\":\"PropertyValueSpecification\",\"valueRequired\":true,\"valueName\":\"search_term_string\"}}],\"inLanguage\":\"fr-FR\"},{\"@type\":\"NewsMediaOrganization\",\"@id\":\"https:\/\/dicodusport.fr\/blog\/#organization\",\"name\":\"Dicodusport\",\"url\":\"https:\/\/dicodusport.fr\/blog\/\",\"logo\":{\"@type\":\"ImageObject\",\"inLanguage\":\"fr-FR\",\"@id\":\"https:\/\/dicodusport.fr\/blog\/#\/schema\/logo\/image\/\",\"url\":\"https:\/\/dicodusport.fr\/blog\/wp-content\/uploads\/2020\/06\/cropped-LOGO-DICODUSPORT-2020-SANS-FOND-SANS-TEXTE.png\",\"contentUrl\":\"https:\/\/dicodusport.fr\/blog\/wp-content\/uploads\/2020\/06\/cropped-LOGO-DICODUSPORT-2020-SANS-FOND-SANS-TEXTE.png\",\"width\":512,\"height\":512,\"caption\":\"Dicodusport\"},\"image\":{\"@id\":\"https:\/\/dicodusport.fr\/blog\/#\/schema\/logo\/image\/\"},\"sameAs\":[\"https:\/\/www.facebook.com\/dicodusport\",\"https:\/\/x.com\/dicodusport\",\"https:\/\/www.instagram.com\/dicodusport\/\",\"https:\/\/www.youtube.com\/channel\/UC7V2KZ5sd3htJivAbA4ZG3w\"],\"description\":\"Dicodusport est l'encyclop\u00e9die de l'actualit\u00e9 sportive.\",\"email\":\"bonjour@dicodusport.fr\",\"legalName\":\"DICODUSPORT\",\"foundingDate\":\"2018-01-14\",\"vatID\":\"FR71834470973\",\"taxID\":\"83447097300043\",\"numberOfEmployees\":{\"@type\":\"QuantitativeValue\",\"minValue\":\"1\",\"maxValue\":\"10\"}},{\"@type\":\"Person\",\"@id\":\"https:\/\/dicodusport.fr\/blog\/#\/schema\/person\/55dcb50ad410894e431ed812bbb70191\",\"name\":\"Nicolas Jacquemard\",\"image\":{\"@type\":\"ImageObject\",\"inLanguage\":\"fr-FR\",\"@id\":\"https:\/\/dicodusport.fr\/blog\/#\/schema\/person\/image\/\",\"url\":\"https:\/\/dicodusport.fr\/blog\/wp-content\/uploads\/2021\/05\/Nicolas-Jacquemard-150x150.jpeg\",\"contentUrl\":\"https:\/\/dicodusport.fr\/blog\/wp-content\/uploads\/2021\/05\/Nicolas-Jacquemard-150x150.jpeg\",\"caption\":\"Nicolas Jacquemard\"},\"description\":\"Passionn\u00e9 de sport et entrepreneur depuis mes 18 ans, la cr\u00e9ation de Dicodusport m'a sembl\u00e9 \u00e9vidente pour participer \u00e0 la m\u00e9diatisation d'un plus grand nombre de sports. Le chemin est long mais avec une \u00e9quipe des plus motiv\u00e9es et les Jeux Olympiques de Paris 2024 en point de mire, nous y arriverons ! Journaliste dans le monde du sport depuis plus de 5 ans, je traite aussi bien de football, de rugby, de biathlon que de cyclisme.\",\"sameAs\":[\"https:\/\/www.facebook.com\/dicodusport\",\"https:\/\/x.com\/https:\/\/twitter.com\/Nico_Jacquemard\"],\"url\":\"https:\/\/dicodusport.fr\/blog\/author\/dicodusport\/\"}]}<\/script>\n<!-- \/ Yoast SEO Premium plugin. -->","yoast_head_json":{"title":"Sergio Ramos, une rechute qui inqui\u00e8te le PSG","description":"FOOTBALL - Alors que ses d\u00e9buts avec le PSG \u00e9taient attendus pour ce week-end en Ligue 1 ou au plus tard en Ligue des Champions, Sergio Ramos a rechut\u00e9.","robots":{"index":"index","follow":"follow","max-snippet":"max-snippet:-1","max-image-preview":"max-image-preview:large","max-video-preview":"max-video-preview:-1"},"canonical":"https:\/\/dicodusport.fr\/blog\/sergio-ramos-une-rechute-qui-inquiete-le-psg\/","og_locale":"fr_FR","og_type":"article","og_title":"Sergio Ramos, une rechute qui inqui\u00e8te le PSG","og_description":"FOOTBALL - Alors que ses d\u00e9buts avec le PSG \u00e9taient attendus pour ce week-end en Ligue 1 ou au plus tard en Ligue des Champions, Sergio Ramos a rechut\u00e9.","og_url":"https:\/\/dicodusport.fr\/blog\/sergio-ramos-une-rechute-qui-inquiete-le-psg\/","og_site_name":"Dicodusport","article_publisher":"https:\/\/www.facebook.com\/dicodusport","article_author":"https:\/\/www.facebook.com\/dicodusport","article_published_time":"2021-09-10T13:42:56+00:00","article_modified_time":"2021-09-11T08:33:42+00:00","og_image":[{"width":800,"height":445,"url":"https:\/\/dicodusport.fr\/blog\/wp-content\/uploads\/2021\/09\/Sergio-Ramos-une-rechute-qui-inquie\u0300te-le-PSG.png","type":"image\/png"}],"author":"Nicolas Jacquemard","twitter_card":"summary_large_image","twitter_title":"Sergio Ramos, une rechute qui inqui\u00e8te le PSG","twitter_creator":"@https:\/\/twitter.com\/Nico_Jacquemard","twitter_site":"@dicodusport","schema":{"@context":"https:\/\/schema.org","@graph":[{"@type":"NewsArticle","@id":"https:\/\/dicodusport.fr\/blog\/sergio-ramos-une-rechute-qui-inquiete-le-psg\/#article","isPartOf":{"@id":"https:\/\/dicodusport.fr\/blog\/sergio-ramos-une-rechute-qui-inquiete-le-psg\/"},"author":{"name":"Nicolas Jacquemard","@id":"https:\/\/dicodusport.fr\/blog\/#\/schema\/person\/55dcb50ad410894e431ed812bbb70191"},"headline":"Sergio Ramos, une rechute qui inqui\u00e8te le PSG","datePublished":"2021-09-10T13:42:56+00:00","dateModified":"2021-09-11T08:33:42+00:00","mainEntityOfPage":{"@id":"https:\/\/dicodusport.fr\/blog\/sergio-ramos-une-rechute-qui-inquiete-le-psg\/"},"wordCount":298,"commentCount":0,"publisher":{"@id":"https:\/\/dicodusport.fr\/blog\/#organization"},"image":{"@id":"https:\/\/dicodusport.fr\/blog\/sergio-ramos-une-rechute-qui-inquiete-le-psg\/#primaryimage"},"thumbnailUrl":"https:\/\/dicodusport.fr\/blog\/wp-content\/uploads\/2021\/09\/Sergio-Ramos-une-rechute-qui-inquie\u0300te-le-PSG.png","keywords":["PSG","Ramos","Sergio Ramos"],"articleSection":["Ligue 1"],"inLanguage":"fr-FR","potentialAction":[{"@type":"CommentAction","name":"Comment","target":["https:\/\/dicodusport.fr\/blog\/sergio-ramos-une-rechute-qui-inquiete-le-psg\/#respond"]}],"copyrightYear":"2021","copyrightHolder":{"@id":"https:\/\/dicodusport.fr\/blog\/#organization"}},{"@type":"WebPage","@id":"https:\/\/dicodusport.fr\/blog\/sergio-ramos-une-rechute-qui-inquiete-le-psg\/","url":"https:\/\/dicodusport.fr\/blog\/sergio-ramos-une-rechute-qui-inquiete-le-psg\/","name":"Sergio Ramos, une rechute qui inqui\u00e8te le PSG","isPartOf":{"@id":"https:\/\/dicodusport.fr\/blog\/#website"},"primaryImageOfPage":{"@id":"https:\/\/dicodusport.fr\/blog\/sergio-ramos-une-rechute-qui-inquiete-le-psg\/#primaryimage"},"image":{"@id":"https:\/\/dicodusport.fr\/blog\/sergio-ramos-une-rechute-qui-inquiete-le-psg\/#primaryimage"},"thumbnailUrl":"https:\/\/dicodusport.fr\/blog\/wp-content\/uploads\/2021\/09\/Sergio-Ramos-une-rechute-qui-inquie\u0300te-le-PSG.png","datePublished":"2021-09-10T13:42:56+00:00","dateModified":"2021-09-11T08:33:42+00:00","description":"FOOTBALL - Alors que ses d\u00e9buts avec le PSG \u00e9taient attendus pour ce week-end en Ligue 1 ou au plus tard en Ligue des Champions, Sergio Ramos a rechut\u00e9.","breadcrumb":{"@id":"https:\/\/dicodusport.fr\/blog\/sergio-ramos-une-rechute-qui-inquiete-le-psg\/#breadcrumb"},"inLanguage":"fr-FR","potentialAction":[{"@type":"ReadAction","target":["https:\/\/dicodusport.fr\/blog\/sergio-ramos-une-rechute-qui-inquiete-le-psg\/"]}]},{"@type":"ImageObject","inLanguage":"fr-FR","@id":"https:\/\/dicodusport.fr\/blog\/sergio-ramos-une-rechute-qui-inquiete-le-psg\/#primaryimage","url":"https:\/\/dicodusport.fr\/blog\/wp-content\/uploads\/2021\/09\/Sergio-Ramos-une-rechute-qui-inquie\u0300te-le-PSG.png","contentUrl":"https:\/\/dicodusport.fr\/blog\/wp-content\/uploads\/2021\/09\/Sergio-Ramos-une-rechute-qui-inquie\u0300te-le-PSG.png","width":800,"height":445},{"@type":"BreadcrumbList","@id":"https:\/\/dicodusport.fr\/blog\/sergio-ramos-une-rechute-qui-inquiete-le-psg\/#breadcrumb","itemListElement":[{"@type":"ListItem","position":1,"name":"Accueil","item":"https:\/\/dicodusport.fr\/blog\/"},{"@type":"ListItem","position":2,"name":"Sergio Ramos, une rechute qui inqui\u00e8te le PSG"}]},{"@type":"WebSite","@id":"https:\/\/dicodusport.fr\/blog\/#website","url":"https:\/\/dicodusport.fr\/blog\/","name":"Dicodusport","description":"L&#039;encyclop\u00e9die de l&#039;actualit\u00e9 sportive","publisher":{"@id":"https:\/\/dicodusport.fr\/blog\/#organization"},"potentialAction":[{"@type":"SearchAction","target":{"@type":"EntryPoint","urlTemplate":"https:\/\/dicodusport.fr\/blog\/?s={search_term_string}"},"query-input":{"@type":"PropertyValueSpecification","valueRequired":true,"valueName":"search_term_string"}}],"inLanguage":"fr-FR"},{"@type":"NewsMediaOrganization","@id":"https:\/\/dicodusport.fr\/blog\/#organization","name":"Dicodusport","url":"https:\/\/dicodusport.fr\/blog\/","logo":{"@type":"ImageObject","inLanguage":"fr-FR","@id":"https:\/\/dicodusport.fr\/blog\/#\/schema\/logo\/image\/","url":"https:\/\/dicodusport.fr\/blog\/wp-content\/uploads\/2020\/06\/cropped-LOGO-DICODUSPORT-2020-SANS-FOND-SANS-TEXTE.png","contentUrl":"https:\/\/dicodusport.fr\/blog\/wp-content\/uploads\/2020\/06\/cropped-LOGO-DICODUSPORT-2020-SANS-FOND-SANS-TEXTE.png","width":512,"height":512,"caption":"Dicodusport"},"image":{"@id":"https:\/\/dicodusport.fr\/blog\/#\/schema\/logo\/image\/"},"sameAs":["https:\/\/www.facebook.com\/dicodusport","https:\/\/x.com\/dicodusport","https:\/\/www.instagram.com\/dicodusport\/","https:\/\/www.youtube.com\/channel\/UC7V2KZ5sd3htJivAbA4ZG3w"],"description":"Dicodusport est l'encyclop\u00e9die de l'actualit\u00e9 sportive.","email":"bonjour@dicodusport.fr","legalName":"DICODUSPORT","foundingDate":"2018-01-14","vatID":"FR71834470973","taxID":"83447097300043","numberOfEmployees":{"@type":"QuantitativeValue","minValue":"1","maxValue":"10"}},{"@type":"Person","@id":"https:\/\/dicodusport.fr\/blog\/#\/schema\/person\/55dcb50ad410894e431ed812bbb70191","name":"Nicolas Jacquemard","image":{"@type":"ImageObject","inLanguage":"fr-FR","@id":"https:\/\/dicodusport.fr\/blog\/#\/schema\/person\/image\/","url":"https:\/\/dicodusport.fr\/blog\/wp-content\/uploads\/2021\/05\/Nicolas-Jacquemard-150x150.jpeg","contentUrl":"https:\/\/dicodusport.fr\/blog\/wp-content\/uploads\/2021\/05\/Nicolas-Jacquemard-150x150.jpeg","caption":"Nicolas Jacquemard"},"description":"Passionn\u00e9 de sport et entrepreneur depuis mes 18 ans, la cr\u00e9ation de Dicodusport m'a sembl\u00e9 \u00e9vidente pour participer \u00e0 la m\u00e9diatisation d'un plus grand nombre de sports. Le chemin est long mais avec une \u00e9quipe des plus motiv\u00e9es et les Jeux Olympiques de Paris 2024 en point de mire, nous y arriverons ! Journaliste dans le monde du sport depuis plus de 5 ans, je traite aussi bien de football, de rugby, de biathlon que de cyclisme.","sameAs":["https:\/\/www.facebook.com\/dicodusport","https:\/\/x.com\/https:\/\/twitter.com\/Nico_Jacquemard"],"url":"https:\/\/dicodusport.fr\/blog\/author\/dicodusport\/"}]}},"_links":{"self":[{"href":"https:\/\/dicodusport.fr\/blog\/wp-json\/wp\/v2\/posts\/165399","targetHints":{"allow":["GET"]}}],"collection":[{"href":"https:\/\/dicodusport.fr\/blog\/wp-json\/wp\/v2\/posts"}],"about":[{"href":"https:\/\/dicodusport.fr\/blog\/wp-json\/wp\/v2\/types\/post"}],"author":[{"embeddable":true,"href":"https:\/\/dicodusport.fr\/blog\/wp-json\/wp\/v2\/users\/1"}],"replies":[{"embeddable":true,"href":"https:\/\/dicodusport.fr\/blog\/wp-json\/wp\/v2\/comments?post=165399"}],"version-history":[{"count":0,"href":"https:\/\/dicodusport.fr\/blog\/wp-json\/wp\/v2\/posts\/165399\/revisions"}],"wp:featuredmedia":[{"embeddable":true,"href":"https:\/\/dicodusport.fr\/blog\/wp-json\/wp\/v2\/media\/165409"}],"wp:attachment":[{"href":"https:\/\/dicodusport.fr\/blog\/wp-json\/wp\/v2\/media?parent=165399"}],"wp:term":[{"taxonomy":"category","embeddable":true,"href":"https:\/\/dicodusport.fr\/blog\/wp-json\/wp\/v2\/categories?post=165399"},{"taxonomy":"post_tag","embeddable":true,"href":"https:\/\/dicodusport.fr\/blog\/wp-json\/wp\/v2\/tags?post=165399"}],"curies":[{"name":"wp","href":"https:\/\/api.w.org\/{rel}","templated":true}]}}