{"id":165960,"date":"2021-09-12T14:51:01","date_gmt":"2021-09-12T12:51:01","guid":{"rendered":"https:\/\/dicodusport.fr\/blog\/?p=165960&#038;preview=true&#038;preview_id=165960"},"modified":"2021-09-12T23:09:49","modified_gmt":"2021-09-12T21:09:49","slug":"motogp-grand-prix-aragon-premiere-victoire-en-motogp-pour-francesco-bagnaia","status":"publish","type":"post","link":"https:\/\/dicodusport.fr\/blog\/motogp-grand-prix-aragon-premiere-victoire-en-motogp-pour-francesco-bagnaia\/","title":{"rendered":"Grand Prix d&rsquo;Aragon : Premi\u00e8re victoire en MotoGP pour Francesco Bagnaia"},"content":{"rendered":"<p style=\"text-align: justify;\"><em><a style=\"font-weight: bold;\" href=\"https:\/\/dicodusport.fr\/blog\/motogp-grand-prix-daragon-2021-horaires-programme-tv-et-enjeux\/\">MOTOGP &#8211; GRAND PRIX D&rsquo;ARAGON<\/a><b> &#8211; Au terme d&rsquo;un duel \u00e9pique face \u00e0 Marc Marquez (Honda), Francesco Bagnaia (Ducati) a remport\u00e9 sa premi\u00e8re course en MotoGP. Parti en pole, l&rsquo;Italie devance le sextuple champion du monde en cat\u00e9gorie reine. Le champion en titre, Joan Mir (Suzuki), compl\u00e8te le podium. Fabio Quartararo (Yamaha) doit se contenter de la 8\u00e8me place. Diminu\u00e9 par un d\u00e9but de syndrome des loges, Johann Zarco (Pramac) a souffert (17\u00e8me).<\/b><\/em><\/p>\n<p style=\"text-align: justify;\">Quelle course ! Au terme d&rsquo;un splendide duel, <strong>Francesco Bagnaia<\/strong> (Ducati) a donc remport\u00e9 ce dimanche sa premi\u00e8re course en cat\u00e9gorie reine. Parti en pole pour la deuxi\u00e8me fois cette saison, l&rsquo;Italien a d\u00fb r\u00e9sister durant toute la course \u00e0 un certain <strong>Marc Marquez<\/strong> (Honda). L&rsquo;Espagnol, sextuple champion du monde en <strong>MotoGP<\/strong>, a r\u00e9alis\u00e9 un d\u00e9part canon depuis la 4\u00e8me place sur la grille de d\u00e9part. Le duo italo-espagnol a vite pris ses distances avec le reste de la meute, pour se disputer la victoire en costauds.<\/p>\n<p style=\"text-align: justify;\">Marquez, tr\u00e8s pressant lors des cinq derniers tours notamment, parvenait \u00e0 prendre le leader dans les trois derniers tours, mais devait \u00e0 chaque fois c\u00e9der face \u00e0 un <strong>Bagnaia<\/strong> solide. Et c&rsquo;est bien dans le tout dernier tour que le d\u00e9cision s&rsquo;est faite : \u00e0 l&rsquo;attaque, le pilote Honda virait trop large, laissant le Transalpin s&rsquo;envoler. <strong>Bagnaia<\/strong> premier, devant Marquez, et <strong>Joan Mir<\/strong> (Suzuki), troisi\u00e8me.<\/p>\n<blockquote class=\"twitter-tweet\">\n<p dir=\"ltr\" lang=\"es\">Quel r\u00e9gal !! &#x1f60d; <a href=\"https:\/\/twitter.com\/hashtag\/AragonGP?src=hash&amp;ref_src=twsrc%5Etfw\">#AragonGP<\/a><\/p>\n<p>&#x1f1ee;&#x1f1f9;&#x1f19a;&#x1f1ea;&#x1f1f8;<\/p>\n<p>Ducati 63 &#x1f19a; Honda 93<\/p>\n<p>&#x25b6;&#xfe0f; <a href=\"https:\/\/t.co\/6vTgdTN2gP\">https:\/\/t.co\/6vTgdTN2gP<\/a> <a href=\"https:\/\/t.co\/iAI0zXxIaK\">pic.twitter.com\/iAI0zXxIaK<\/a><\/p>\n<p>\u2014 CANAL+ MotoGP&#x2122; (@CanalplusMotoGP) <a href=\"https:\/\/twitter.com\/CanalplusMotoGP\/status\/1437034334985330692?ref_src=twsrc%5Etfw\">September 12, 2021<\/a><\/p><\/blockquote>\n<p><script async src=\"https:\/\/platform.twitter.com\/widgets.js\" charset=\"utf-8\"><\/script><\/p>\n<h2 style=\"text-align: justify;\"><strong>Quartararo limite les d\u00e9g\u00e2ts<\/strong><\/h2>\n<p style=\"text-align: justify;\">On savait que le circuit d&rsquo;Aragon n&rsquo;\u00e9tait pas son pr\u00e9f\u00e9r\u00e9, loin de l\u00e0. Sa troisi\u00e8me place sur la grille, cachait un vrai manque de rythme sur les longs relais r\u00e9alis\u00e9s lors des essais libres. Pour <strong>Fabio Quartararo<\/strong>, cela s&rsquo;est confirm\u00e9 en course. Auteur d&rsquo;un d\u00e9part tr\u00e8s moyen, le Fran\u00e7ais plongeait vite en fond de top 10, \u00e0 la lutte avec <strong>Iker Lecuona<\/strong> (Tech 3 KTM) ou <strong>Enea Bastianini<\/strong> (Avintia Ducati). Dans le dur tout au long de la course, le leader du championnat du monde est finalement parvenu \u00e0 limiter les d\u00e9g\u00e2ts, en terminant 8\u00e8me. Un moindre mal dans la lutte pour le titre mondial, puisque <strong>Quartararo<\/strong> reste largement en t\u00eate, avec 53 points d&rsquo;avance sur le vainqueur du jour, <strong>Pecco Bagnaia<\/strong>, le tout \u00e0 cinq courses de la fin de la saison. Rendez-vous d\u00e9sormais dans une semaine, \u00e0 Saint-Marin.<\/p>\n<h2 style=\"text-align: justify;\">\u00c0 lire aussi<\/h2>\n<ul>\n<li style=\"text-align: justify;\"><a href=\"https:\/\/dicodusport.fr\/blog\/motogp-grand-prix-aragon-2021-le-classement-de-la-course\/\"><strong>Le classement du Grand Prix d&rsquo;Aragon<\/strong><\/a><\/li>\n<li style=\"text-align: justify;\"><a href=\"https:\/\/dicodusport.fr\/blog\/moto-gp-le-classement-du-championnat-du-monde-des-pilotes-2021\/\"><strong>Le classement du championnat du monde des pilotes<\/strong><\/a><\/li>\n<li style=\"text-align: justify;\"><a href=\"https:\/\/dicodusport.fr\/blog\/motogp-les-10-pilotes-les-mieux-payes-en-2021\/\"><strong>Les 10 pilotes les mieux pay\u00e9s en 2021<\/strong><\/a><\/li>\n<\/ul>\n","protected":false},"excerpt":{"rendered":"<p>MOTOGP &#8211; GRAND PRIX D&rsquo;ARAGON &#8211; Au terme d&rsquo;un duel \u00e9pique face \u00e0 Marc Marquez (Honda), Francesco Bagnaia (Ducati) a remport\u00e9 sa premi\u00e8re course en MotoGP. Parti en pole, l&rsquo;Italie devance le sextuple champion du monde en cat\u00e9gorie reine. Le champion en titre, Joan Mir (Suzuki), compl\u00e8te le podium. Fabio Quartararo (Yamaha) doit se contenter de la 8\u00e8me place.<\/p>\n","protected":false},"author":4,"featured_media":165984,"comment_status":"open","ping_status":"closed","sticky":false,"template":"","format":"standard","meta":{"_acf_changed":false,"_daextam_enable_autolinks":"","footnotes":""},"categories":[47087],"tags":[12087,19146,10938,19126],"class_list":["post-165960","post","type-post","status-publish","format-standard","has-post-thumbnail","hentry","category-motogp","tag-grand-prix-daragon","tag-grand-prix-daragon-motogp","tag-motogp","tag-motogp-aragon"],"acf":[],"yoast_head":"<!-- This site is optimized with the Yoast SEO Premium plugin v26.7 (Yoast SEO v26.7) - https:\/\/yoast.com\/wordpress\/plugins\/seo\/ -->\n<title>Grand Prix d&#039;Aragon : Premi\u00e8re victoire en MotoGP pour Francesco Bagnaia<\/title>\n<meta name=\"description\" content=\"MOTOGP - GRAND PRIX D&#039;ARAGON - Francesco Bagnaia (Ducati) a remport\u00e9 sa premi\u00e8re course en MotoGP \u00e0 Aragon.\" \/>\n<meta name=\"robots\" content=\"index, follow, max-snippet:-1, max-image-preview:large, max-video-preview:-1\" \/>\n<link rel=\"canonical\" href=\"https:\/\/dicodusport.fr\/blog\/motogp-grand-prix-aragon-premiere-victoire-en-motogp-pour-francesco-bagnaia\/\" \/>\n<meta property=\"og:locale\" content=\"fr_FR\" \/>\n<meta property=\"og:type\" content=\"article\" \/>\n<meta property=\"og:title\" content=\"Grand Prix d&#039;Aragon : Premi\u00e8re victoire en MotoGP pour Francesco Bagnaia\" \/>\n<meta property=\"og:description\" content=\"MOTOGP - GRAND PRIX D&#039;ARAGON - Francesco Bagnaia (Ducati) a remport\u00e9 sa premi\u00e8re course en MotoGP \u00e0 Aragon.\" \/>\n<meta property=\"og:url\" content=\"https:\/\/dicodusport.fr\/blog\/motogp-grand-prix-aragon-premiere-victoire-en-motogp-pour-francesco-bagnaia\/\" \/>\n<meta property=\"og:site_name\" content=\"Dicodusport\" \/>\n<meta property=\"article:publisher\" content=\"https:\/\/www.facebook.com\/dicodusport\" \/>\n<meta property=\"article:author\" content=\"https:\/\/www.facebook.com\/florent.ostermann\" \/>\n<meta property=\"article:published_time\" content=\"2021-09-12T12:51:01+00:00\" \/>\n<meta property=\"article:modified_time\" content=\"2021-09-12T21:09:49+00:00\" \/>\n<meta property=\"og:image\" content=\"https:\/\/dicodusport.fr\/blog\/wp-content\/uploads\/2021\/09\/Grand-Prix-dAragon-Premiere-victoire-en-MotoGP-pour-Francesco-Bagnaia.png\" \/>\n\t<meta property=\"og:image:width\" content=\"800\" \/>\n\t<meta property=\"og:image:height\" content=\"445\" \/>\n\t<meta property=\"og:image:type\" content=\"image\/png\" \/>\n<meta name=\"author\" content=\"Flo Ostermann\" \/>\n<meta name=\"twitter:card\" content=\"summary_large_image\" \/>\n<meta name=\"twitter:title\" content=\"Grand Prix d&#039;Aragon : Premi\u00e8re victoire en MotoGP pour Francesco Bagnaia\" \/>\n<meta name=\"twitter:creator\" content=\"@https:\/\/twitter.com\/FlOstermann\" \/>\n<meta name=\"twitter:site\" content=\"@dicodusport\" \/>\n<script type=\"application\/ld+json\" class=\"yoast-schema-graph\">{\"@context\":\"https:\/\/schema.org\",\"@graph\":[{\"@type\":\"NewsArticle\",\"@id\":\"https:\/\/dicodusport.fr\/blog\/motogp-grand-prix-aragon-premiere-victoire-en-motogp-pour-francesco-bagnaia\/#article\",\"isPartOf\":{\"@id\":\"https:\/\/dicodusport.fr\/blog\/motogp-grand-prix-aragon-premiere-victoire-en-motogp-pour-francesco-bagnaia\/\"},\"author\":{\"name\":\"Flo Ostermann\",\"@id\":\"https:\/\/dicodusport.fr\/blog\/#\/schema\/person\/cb02af4c173ce4a653b55e9baf388d4a\"},\"headline\":\"Grand Prix d&rsquo;Aragon : Premi\u00e8re victoire en MotoGP pour Francesco Bagnaia\",\"datePublished\":\"2021-09-12T12:51:01+00:00\",\"dateModified\":\"2021-09-12T21:09:49+00:00\",\"mainEntityOfPage\":{\"@id\":\"https:\/\/dicodusport.fr\/blog\/motogp-grand-prix-aragon-premiere-victoire-en-motogp-pour-francesco-bagnaia\/\"},\"wordCount\":480,\"commentCount\":0,\"publisher\":{\"@id\":\"https:\/\/dicodusport.fr\/blog\/#organization\"},\"image\":{\"@id\":\"https:\/\/dicodusport.fr\/blog\/motogp-grand-prix-aragon-premiere-victoire-en-motogp-pour-francesco-bagnaia\/#primaryimage\"},\"thumbnailUrl\":\"https:\/\/dicodusport.fr\/blog\/wp-content\/uploads\/2021\/09\/Grand-Prix-dAragon-Premiere-victoire-en-MotoGP-pour-Francesco-Bagnaia.png\",\"keywords\":[\"Grand Prix d'Aragon\",\"Grand Prix d'Aragon MotoGP\",\"MotoGP\",\"MotoGP Aragon\"],\"articleSection\":[\"MotoGP\"],\"inLanguage\":\"fr-FR\",\"potentialAction\":[{\"@type\":\"CommentAction\",\"name\":\"Comment\",\"target\":[\"https:\/\/dicodusport.fr\/blog\/motogp-grand-prix-aragon-premiere-victoire-en-motogp-pour-francesco-bagnaia\/#respond\"]}],\"copyrightYear\":\"2021\",\"copyrightHolder\":{\"@id\":\"https:\/\/dicodusport.fr\/blog\/#organization\"}},{\"@type\":\"WebPage\",\"@id\":\"https:\/\/dicodusport.fr\/blog\/motogp-grand-prix-aragon-premiere-victoire-en-motogp-pour-francesco-bagnaia\/\",\"url\":\"https:\/\/dicodusport.fr\/blog\/motogp-grand-prix-aragon-premiere-victoire-en-motogp-pour-francesco-bagnaia\/\",\"name\":\"Grand Prix d'Aragon : Premi\u00e8re victoire en MotoGP pour Francesco Bagnaia\",\"isPartOf\":{\"@id\":\"https:\/\/dicodusport.fr\/blog\/#website\"},\"primaryImageOfPage\":{\"@id\":\"https:\/\/dicodusport.fr\/blog\/motogp-grand-prix-aragon-premiere-victoire-en-motogp-pour-francesco-bagnaia\/#primaryimage\"},\"image\":{\"@id\":\"https:\/\/dicodusport.fr\/blog\/motogp-grand-prix-aragon-premiere-victoire-en-motogp-pour-francesco-bagnaia\/#primaryimage\"},\"thumbnailUrl\":\"https:\/\/dicodusport.fr\/blog\/wp-content\/uploads\/2021\/09\/Grand-Prix-dAragon-Premiere-victoire-en-MotoGP-pour-Francesco-Bagnaia.png\",\"datePublished\":\"2021-09-12T12:51:01+00:00\",\"dateModified\":\"2021-09-12T21:09:49+00:00\",\"description\":\"MOTOGP - GRAND PRIX D'ARAGON - Francesco Bagnaia (Ducati) a remport\u00e9 sa premi\u00e8re course en MotoGP \u00e0 Aragon.\",\"breadcrumb\":{\"@id\":\"https:\/\/dicodusport.fr\/blog\/motogp-grand-prix-aragon-premiere-victoire-en-motogp-pour-francesco-bagnaia\/#breadcrumb\"},\"inLanguage\":\"fr-FR\",\"potentialAction\":[{\"@type\":\"ReadAction\",\"target\":[\"https:\/\/dicodusport.fr\/blog\/motogp-grand-prix-aragon-premiere-victoire-en-motogp-pour-francesco-bagnaia\/\"]}]},{\"@type\":\"ImageObject\",\"inLanguage\":\"fr-FR\",\"@id\":\"https:\/\/dicodusport.fr\/blog\/motogp-grand-prix-aragon-premiere-victoire-en-motogp-pour-francesco-bagnaia\/#primaryimage\",\"url\":\"https:\/\/dicodusport.fr\/blog\/wp-content\/uploads\/2021\/09\/Grand-Prix-dAragon-Premiere-victoire-en-MotoGP-pour-Francesco-Bagnaia.png\",\"contentUrl\":\"https:\/\/dicodusport.fr\/blog\/wp-content\/uploads\/2021\/09\/Grand-Prix-dAragon-Premiere-victoire-en-MotoGP-pour-Francesco-Bagnaia.png\",\"width\":800,\"height\":445,\"caption\":\"Grand Prix d'Aragon : Premi\u00e8re victoire en MotoGP pour Francesco Bagnaia\"},{\"@type\":\"BreadcrumbList\",\"@id\":\"https:\/\/dicodusport.fr\/blog\/motogp-grand-prix-aragon-premiere-victoire-en-motogp-pour-francesco-bagnaia\/#breadcrumb\",\"itemListElement\":[{\"@type\":\"ListItem\",\"position\":1,\"name\":\"Accueil\",\"item\":\"https:\/\/dicodusport.fr\/blog\/\"},{\"@type\":\"ListItem\",\"position\":2,\"name\":\"Grand Prix d&rsquo;Aragon : Premi\u00e8re victoire en MotoGP pour Francesco Bagnaia\"}]},{\"@type\":\"WebSite\",\"@id\":\"https:\/\/dicodusport.fr\/blog\/#website\",\"url\":\"https:\/\/dicodusport.fr\/blog\/\",\"name\":\"Dicodusport\",\"description\":\"L&#039;encyclop\u00e9die de l&#039;actualit\u00e9 sportive\",\"publisher\":{\"@id\":\"https:\/\/dicodusport.fr\/blog\/#organization\"},\"potentialAction\":[{\"@type\":\"SearchAction\",\"target\":{\"@type\":\"EntryPoint\",\"urlTemplate\":\"https:\/\/dicodusport.fr\/blog\/?s={search_term_string}\"},\"query-input\":{\"@type\":\"PropertyValueSpecification\",\"valueRequired\":true,\"valueName\":\"search_term_string\"}}],\"inLanguage\":\"fr-FR\"},{\"@type\":\"NewsMediaOrganization\",\"@id\":\"https:\/\/dicodusport.fr\/blog\/#organization\",\"name\":\"Dicodusport\",\"url\":\"https:\/\/dicodusport.fr\/blog\/\",\"logo\":{\"@type\":\"ImageObject\",\"inLanguage\":\"fr-FR\",\"@id\":\"https:\/\/dicodusport.fr\/blog\/#\/schema\/logo\/image\/\",\"url\":\"https:\/\/dicodusport.fr\/blog\/wp-content\/uploads\/2020\/06\/cropped-LOGO-DICODUSPORT-2020-SANS-FOND-SANS-TEXTE.png\",\"contentUrl\":\"https:\/\/dicodusport.fr\/blog\/wp-content\/uploads\/2020\/06\/cropped-LOGO-DICODUSPORT-2020-SANS-FOND-SANS-TEXTE.png\",\"width\":512,\"height\":512,\"caption\":\"Dicodusport\"},\"image\":{\"@id\":\"https:\/\/dicodusport.fr\/blog\/#\/schema\/logo\/image\/\"},\"sameAs\":[\"https:\/\/www.facebook.com\/dicodusport\",\"https:\/\/x.com\/dicodusport\",\"https:\/\/www.instagram.com\/dicodusport\/\",\"https:\/\/www.youtube.com\/channel\/UC7V2KZ5sd3htJivAbA4ZG3w\"],\"description\":\"Dicodusport est l'encyclop\u00e9die de l'actualit\u00e9 sportive.\",\"email\":\"bonjour@dicodusport.fr\",\"legalName\":\"DICODUSPORT\",\"foundingDate\":\"2018-01-14\",\"vatID\":\"FR71834470973\",\"taxID\":\"83447097300043\",\"numberOfEmployees\":{\"@type\":\"QuantitativeValue\",\"minValue\":\"1\",\"maxValue\":\"10\"}},{\"@type\":\"Person\",\"@id\":\"https:\/\/dicodusport.fr\/blog\/#\/schema\/person\/cb02af4c173ce4a653b55e9baf388d4a\",\"name\":\"Flo Ostermann\",\"image\":{\"@type\":\"ImageObject\",\"inLanguage\":\"fr-FR\",\"@id\":\"https:\/\/dicodusport.fr\/blog\/#\/schema\/person\/image\/\",\"url\":\"https:\/\/dicodusport.fr\/blog\/wp-content\/uploads\/2021\/05\/Flo-Ostermann-150x150.jpg\",\"contentUrl\":\"https:\/\/dicodusport.fr\/blog\/wp-content\/uploads\/2021\/05\/Flo-Ostermann-150x150.jpg\",\"caption\":\"Flo Ostermann\"},\"description\":\"Journaliste\/R\u00e9dacteur depuis septembre 2015 - Mes premiers souvenirs dans le sport ? Les envol\u00e9es du Stade Toulousain et les duels Villeneuve-Schumacher et H\u00e4kkinen-Schumacher \u00e0 la fin des ann\u00e9es 90, la Coupe du monde de football en 1998, l\u2019exploit du XV de France face aux All Blacks en 1999, mais aussi Richard C\u0153ur de Lion qui vole sur les montagnes du Tour de France. Bien parti pour devenir professeur d\u2019EPS, les \u00e9v\u00e9nements de la vie (et la flemme d\u2019animer des s\u00e9ances de 3x500 m\u00e8tres toute ma vie) m\u2019ont conduit \u00e0 revoir mes plans. Me voil\u00e0 depuis fin 2017 sur Dicodusport, m\u00e9dia gr\u00e2ce (et pour) lequel je partage ma passion : le sport dans tous ses \u00e9tats. Le tout accompagn\u00e9 par les fous furieux et folles furieuses cit\u00e9s sur cette page !\",\"sameAs\":[\"https:\/\/www.facebook.com\/florent.ostermann\",\"https:\/\/x.com\/https:\/\/twitter.com\/FlOstermann\",\"admin\"],\"url\":\"https:\/\/dicodusport.fr\/blog\/author\/flo\/\"}]}<\/script>\n<!-- \/ Yoast SEO Premium plugin. -->","yoast_head_json":{"title":"Grand Prix d'Aragon : Premi\u00e8re victoire en MotoGP pour Francesco Bagnaia","description":"MOTOGP - GRAND PRIX D'ARAGON - Francesco Bagnaia (Ducati) a remport\u00e9 sa premi\u00e8re course en MotoGP \u00e0 Aragon.","robots":{"index":"index","follow":"follow","max-snippet":"max-snippet:-1","max-image-preview":"max-image-preview:large","max-video-preview":"max-video-preview:-1"},"canonical":"https:\/\/dicodusport.fr\/blog\/motogp-grand-prix-aragon-premiere-victoire-en-motogp-pour-francesco-bagnaia\/","og_locale":"fr_FR","og_type":"article","og_title":"Grand Prix d'Aragon : Premi\u00e8re victoire en MotoGP pour Francesco Bagnaia","og_description":"MOTOGP - GRAND PRIX D'ARAGON - Francesco Bagnaia (Ducati) a remport\u00e9 sa premi\u00e8re course en MotoGP \u00e0 Aragon.","og_url":"https:\/\/dicodusport.fr\/blog\/motogp-grand-prix-aragon-premiere-victoire-en-motogp-pour-francesco-bagnaia\/","og_site_name":"Dicodusport","article_publisher":"https:\/\/www.facebook.com\/dicodusport","article_author":"https:\/\/www.facebook.com\/florent.ostermann","article_published_time":"2021-09-12T12:51:01+00:00","article_modified_time":"2021-09-12T21:09:49+00:00","og_image":[{"width":800,"height":445,"url":"https:\/\/dicodusport.fr\/blog\/wp-content\/uploads\/2021\/09\/Grand-Prix-dAragon-Premiere-victoire-en-MotoGP-pour-Francesco-Bagnaia.png","type":"image\/png"}],"author":"Flo Ostermann","twitter_card":"summary_large_image","twitter_title":"Grand Prix d'Aragon : Premi\u00e8re victoire en MotoGP pour Francesco Bagnaia","twitter_creator":"@https:\/\/twitter.com\/FlOstermann","twitter_site":"@dicodusport","schema":{"@context":"https:\/\/schema.org","@graph":[{"@type":"NewsArticle","@id":"https:\/\/dicodusport.fr\/blog\/motogp-grand-prix-aragon-premiere-victoire-en-motogp-pour-francesco-bagnaia\/#article","isPartOf":{"@id":"https:\/\/dicodusport.fr\/blog\/motogp-grand-prix-aragon-premiere-victoire-en-motogp-pour-francesco-bagnaia\/"},"author":{"name":"Flo Ostermann","@id":"https:\/\/dicodusport.fr\/blog\/#\/schema\/person\/cb02af4c173ce4a653b55e9baf388d4a"},"headline":"Grand Prix d&rsquo;Aragon : Premi\u00e8re victoire en MotoGP pour Francesco Bagnaia","datePublished":"2021-09-12T12:51:01+00:00","dateModified":"2021-09-12T21:09:49+00:00","mainEntityOfPage":{"@id":"https:\/\/dicodusport.fr\/blog\/motogp-grand-prix-aragon-premiere-victoire-en-motogp-pour-francesco-bagnaia\/"},"wordCount":480,"commentCount":0,"publisher":{"@id":"https:\/\/dicodusport.fr\/blog\/#organization"},"image":{"@id":"https:\/\/dicodusport.fr\/blog\/motogp-grand-prix-aragon-premiere-victoire-en-motogp-pour-francesco-bagnaia\/#primaryimage"},"thumbnailUrl":"https:\/\/dicodusport.fr\/blog\/wp-content\/uploads\/2021\/09\/Grand-Prix-dAragon-Premiere-victoire-en-MotoGP-pour-Francesco-Bagnaia.png","keywords":["Grand Prix d'Aragon","Grand Prix d'Aragon MotoGP","MotoGP","MotoGP Aragon"],"articleSection":["MotoGP"],"inLanguage":"fr-FR","potentialAction":[{"@type":"CommentAction","name":"Comment","target":["https:\/\/dicodusport.fr\/blog\/motogp-grand-prix-aragon-premiere-victoire-en-motogp-pour-francesco-bagnaia\/#respond"]}],"copyrightYear":"2021","copyrightHolder":{"@id":"https:\/\/dicodusport.fr\/blog\/#organization"}},{"@type":"WebPage","@id":"https:\/\/dicodusport.fr\/blog\/motogp-grand-prix-aragon-premiere-victoire-en-motogp-pour-francesco-bagnaia\/","url":"https:\/\/dicodusport.fr\/blog\/motogp-grand-prix-aragon-premiere-victoire-en-motogp-pour-francesco-bagnaia\/","name":"Grand Prix d'Aragon : Premi\u00e8re victoire en MotoGP pour Francesco Bagnaia","isPartOf":{"@id":"https:\/\/dicodusport.fr\/blog\/#website"},"primaryImageOfPage":{"@id":"https:\/\/dicodusport.fr\/blog\/motogp-grand-prix-aragon-premiere-victoire-en-motogp-pour-francesco-bagnaia\/#primaryimage"},"image":{"@id":"https:\/\/dicodusport.fr\/blog\/motogp-grand-prix-aragon-premiere-victoire-en-motogp-pour-francesco-bagnaia\/#primaryimage"},"thumbnailUrl":"https:\/\/dicodusport.fr\/blog\/wp-content\/uploads\/2021\/09\/Grand-Prix-dAragon-Premiere-victoire-en-MotoGP-pour-Francesco-Bagnaia.png","datePublished":"2021-09-12T12:51:01+00:00","dateModified":"2021-09-12T21:09:49+00:00","description":"MOTOGP - GRAND PRIX D'ARAGON - Francesco Bagnaia (Ducati) a remport\u00e9 sa premi\u00e8re course en MotoGP \u00e0 Aragon.","breadcrumb":{"@id":"https:\/\/dicodusport.fr\/blog\/motogp-grand-prix-aragon-premiere-victoire-en-motogp-pour-francesco-bagnaia\/#breadcrumb"},"inLanguage":"fr-FR","potentialAction":[{"@type":"ReadAction","target":["https:\/\/dicodusport.fr\/blog\/motogp-grand-prix-aragon-premiere-victoire-en-motogp-pour-francesco-bagnaia\/"]}]},{"@type":"ImageObject","inLanguage":"fr-FR","@id":"https:\/\/dicodusport.fr\/blog\/motogp-grand-prix-aragon-premiere-victoire-en-motogp-pour-francesco-bagnaia\/#primaryimage","url":"https:\/\/dicodusport.fr\/blog\/wp-content\/uploads\/2021\/09\/Grand-Prix-dAragon-Premiere-victoire-en-MotoGP-pour-Francesco-Bagnaia.png","contentUrl":"https:\/\/dicodusport.fr\/blog\/wp-content\/uploads\/2021\/09\/Grand-Prix-dAragon-Premiere-victoire-en-MotoGP-pour-Francesco-Bagnaia.png","width":800,"height":445,"caption":"Grand Prix d'Aragon : Premi\u00e8re victoire en MotoGP pour Francesco Bagnaia"},{"@type":"BreadcrumbList","@id":"https:\/\/dicodusport.fr\/blog\/motogp-grand-prix-aragon-premiere-victoire-en-motogp-pour-francesco-bagnaia\/#breadcrumb","itemListElement":[{"@type":"ListItem","position":1,"name":"Accueil","item":"https:\/\/dicodusport.fr\/blog\/"},{"@type":"ListItem","position":2,"name":"Grand Prix d&rsquo;Aragon : Premi\u00e8re victoire en MotoGP pour Francesco Bagnaia"}]},{"@type":"WebSite","@id":"https:\/\/dicodusport.fr\/blog\/#website","url":"https:\/\/dicodusport.fr\/blog\/","name":"Dicodusport","description":"L&#039;encyclop\u00e9die de l&#039;actualit\u00e9 sportive","publisher":{"@id":"https:\/\/dicodusport.fr\/blog\/#organization"},"potentialAction":[{"@type":"SearchAction","target":{"@type":"EntryPoint","urlTemplate":"https:\/\/dicodusport.fr\/blog\/?s={search_term_string}"},"query-input":{"@type":"PropertyValueSpecification","valueRequired":true,"valueName":"search_term_string"}}],"inLanguage":"fr-FR"},{"@type":"NewsMediaOrganization","@id":"https:\/\/dicodusport.fr\/blog\/#organization","name":"Dicodusport","url":"https:\/\/dicodusport.fr\/blog\/","logo":{"@type":"ImageObject","inLanguage":"fr-FR","@id":"https:\/\/dicodusport.fr\/blog\/#\/schema\/logo\/image\/","url":"https:\/\/dicodusport.fr\/blog\/wp-content\/uploads\/2020\/06\/cropped-LOGO-DICODUSPORT-2020-SANS-FOND-SANS-TEXTE.png","contentUrl":"https:\/\/dicodusport.fr\/blog\/wp-content\/uploads\/2020\/06\/cropped-LOGO-DICODUSPORT-2020-SANS-FOND-SANS-TEXTE.png","width":512,"height":512,"caption":"Dicodusport"},"image":{"@id":"https:\/\/dicodusport.fr\/blog\/#\/schema\/logo\/image\/"},"sameAs":["https:\/\/www.facebook.com\/dicodusport","https:\/\/x.com\/dicodusport","https:\/\/www.instagram.com\/dicodusport\/","https:\/\/www.youtube.com\/channel\/UC7V2KZ5sd3htJivAbA4ZG3w"],"description":"Dicodusport est l'encyclop\u00e9die de l'actualit\u00e9 sportive.","email":"bonjour@dicodusport.fr","legalName":"DICODUSPORT","foundingDate":"2018-01-14","vatID":"FR71834470973","taxID":"83447097300043","numberOfEmployees":{"@type":"QuantitativeValue","minValue":"1","maxValue":"10"}},{"@type":"Person","@id":"https:\/\/dicodusport.fr\/blog\/#\/schema\/person\/cb02af4c173ce4a653b55e9baf388d4a","name":"Flo Ostermann","image":{"@type":"ImageObject","inLanguage":"fr-FR","@id":"https:\/\/dicodusport.fr\/blog\/#\/schema\/person\/image\/","url":"https:\/\/dicodusport.fr\/blog\/wp-content\/uploads\/2021\/05\/Flo-Ostermann-150x150.jpg","contentUrl":"https:\/\/dicodusport.fr\/blog\/wp-content\/uploads\/2021\/05\/Flo-Ostermann-150x150.jpg","caption":"Flo Ostermann"},"description":"Journaliste\/R\u00e9dacteur depuis septembre 2015 - Mes premiers souvenirs dans le sport ? Les envol\u00e9es du Stade Toulousain et les duels Villeneuve-Schumacher et H\u00e4kkinen-Schumacher \u00e0 la fin des ann\u00e9es 90, la Coupe du monde de football en 1998, l\u2019exploit du XV de France face aux All Blacks en 1999, mais aussi Richard C\u0153ur de Lion qui vole sur les montagnes du Tour de France. Bien parti pour devenir professeur d\u2019EPS, les \u00e9v\u00e9nements de la vie (et la flemme d\u2019animer des s\u00e9ances de 3x500 m\u00e8tres toute ma vie) m\u2019ont conduit \u00e0 revoir mes plans. Me voil\u00e0 depuis fin 2017 sur Dicodusport, m\u00e9dia gr\u00e2ce (et pour) lequel je partage ma passion : le sport dans tous ses \u00e9tats. Le tout accompagn\u00e9 par les fous furieux et folles furieuses cit\u00e9s sur cette page !","sameAs":["https:\/\/www.facebook.com\/florent.ostermann","https:\/\/x.com\/https:\/\/twitter.com\/FlOstermann","admin"],"url":"https:\/\/dicodusport.fr\/blog\/author\/flo\/"}]}},"_links":{"self":[{"href":"https:\/\/dicodusport.fr\/blog\/wp-json\/wp\/v2\/posts\/165960","targetHints":{"allow":["GET"]}}],"collection":[{"href":"https:\/\/dicodusport.fr\/blog\/wp-json\/wp\/v2\/posts"}],"about":[{"href":"https:\/\/dicodusport.fr\/blog\/wp-json\/wp\/v2\/types\/post"}],"author":[{"embeddable":true,"href":"https:\/\/dicodusport.fr\/blog\/wp-json\/wp\/v2\/users\/4"}],"replies":[{"embeddable":true,"href":"https:\/\/dicodusport.fr\/blog\/wp-json\/wp\/v2\/comments?post=165960"}],"version-history":[{"count":0,"href":"https:\/\/dicodusport.fr\/blog\/wp-json\/wp\/v2\/posts\/165960\/revisions"}],"wp:featuredmedia":[{"embeddable":true,"href":"https:\/\/dicodusport.fr\/blog\/wp-json\/wp\/v2\/media\/165984"}],"wp:attachment":[{"href":"https:\/\/dicodusport.fr\/blog\/wp-json\/wp\/v2\/media?parent=165960"}],"wp:term":[{"taxonomy":"category","embeddable":true,"href":"https:\/\/dicodusport.fr\/blog\/wp-json\/wp\/v2\/categories?post=165960"},{"taxonomy":"post_tag","embeddable":true,"href":"https:\/\/dicodusport.fr\/blog\/wp-json\/wp\/v2\/tags?post=165960"}],"curies":[{"name":"wp","href":"https:\/\/api.w.org\/{rel}","templated":true}]}}