{"id":165971,"date":"2021-09-12T16:06:44","date_gmt":"2021-09-12T14:06:44","guid":{"rendered":"https:\/\/dicodusport.fr\/blog\/?p=165971"},"modified":"2021-09-12T22:48:46","modified_gmt":"2021-09-12T20:48:46","slug":"coupe-du-monde-de-canoe-denis-gargaud-chanut-remporte-le-general-en-slalom-c1","status":"publish","type":"post","link":"https:\/\/dicodusport.fr\/blog\/coupe-du-monde-de-canoe-denis-gargaud-chanut-remporte-le-general-en-slalom-c1\/","title":{"rendered":"Coupe du monde de cano\u00eb : Denis Gargaud Chanut remporte le g\u00e9n\u00e9ral en slalom C1"},"content":{"rendered":"<p style=\"text-align: justify;\"><strong><em>COUPE DU MONDE DE CANO\u00cb &#8211; Pas s\u00e9lectionn\u00e9 pour les Jeux Olympiques de Tokyo malgr\u00e9 son titre olympique acquis en 2016, Denis Gargaud Chanut a pu se consoler de bien belle mani\u00e8re. Vainqueur de l&rsquo;\u00e9tape de Pau ce dimanche, le Vauclusien s&rsquo;est offert par la m\u00eame occasion le classement g\u00e9n\u00e9ral de la Coupe du monde en slalom.<\/em><\/strong><\/p>\n<h2>Un haut niveau retrouv\u00e9<\/h2>\n<p style=\"text-align: justify;\">Il n&rsquo;avait plus remport\u00e9 une manche de Coupe du monde depuis 2015, et est remont\u00e9 sur son premier podium depuis 2018 : <strong>Denis Gargaud Chanut<\/strong> s&rsquo;est adjug\u00e9, avec la mani\u00e8re, le classement g\u00e9n\u00e9ral 2021. Il devient par ailleurs le troisi\u00e8me Fran\u00e7ais \u00e0 r\u00e9aliser tel exploit en C1 apr\u00e8s <strong>Patrice<\/strong> et <strong>Tony Estanguet<\/strong>, mettant fin \u00e0 17 ans de disette. Tr\u00e8s d\u00e9\u00e7u de ne pas avoir \u00e9t\u00e9 s\u00e9lectionn\u00e9 pour d\u00e9fendre son titre olympique, <strong>Denis Gargaud Chanut<\/strong> s&rsquo;est veng\u00e9 de la meilleure des mani\u00e8res.<\/p>\n<p style=\"text-align: justify;\">Au terme des 4 \u00e9tapes, il en remportera 2 pour un total de 243 points, malgr\u00e9 une 18\u00e8me place lors de l&rsquo;\u00e9tape tch\u00e8que. Il devance le Slov\u00e8ne <strong>Benjamin Savsek<\/strong>, 217 points, qui, malgr\u00e9 ses 3 podiums, paye sa 29\u00e8me place en Espagne. En troisi\u00e8me position, l&rsquo;Espagnol <strong>Miquel Trave<\/strong>, 207 points, vainqueur de l&rsquo;\u00e9tape \u00e0 domicile. Une victoire qui donne confiance \u00e0 seulement deux semaines des championnats du monde, lui qui a \u00e9galement d\u00e9croch\u00e9 le titre europ\u00e9en cette ann\u00e9e.<\/p>\n<blockquote class=\"twitter-tweet\">\n<p dir=\"ltr\" lang=\"fr\">&#x26a1; INNAR\u00caTABLE &#x26a1;<br \/>\nApr\u00e8s les Championnats de France et d&rsquo;Europe, notre c\u00e9iste du Team EDF Denis Gargaud ajoute une nouvelle ligne \u00e0 son palmar\u00e8s en gagnant le classement g\u00e9n\u00e9ral de la Coupe du Monde 2021 gr\u00e2ce \u00e0 une victoire \u00e0 Pau lors de la grande finale ! &#x1f947; &#x1f3c6; <a href=\"https:\/\/twitter.com\/hashtag\/EnergieduSport?src=hash&amp;ref_src=twsrc%5Etfw\">#EnergieduSport<\/a> <a href=\"https:\/\/t.co\/gIgmLBylbz\">pic.twitter.com\/gIgmLBylbz<\/a><\/p>\n<p>\u2014 \u00c9nergie du Sport (@energiedusport) <a href=\"https:\/\/twitter.com\/energiedusport\/status\/1437011201653891072?ref_src=twsrc%5Etfw\">September 12, 2021<\/a><\/p><\/blockquote>\n<p><script async src=\"https:\/\/platform.twitter.com\/widgets.js\" charset=\"utf-8\"><\/script><\/p>\n","protected":false},"excerpt":{"rendered":"<p>COUPE DU MONDE DE CANO\u00cb &#8211; Pas s\u00e9lectionn\u00e9 pour les Jeux Olympiques de Tokyo malgr\u00e9 son titre olympique acquis en 2016, Denis Gargaud Chanut a pu se consoler de bien belle mani\u00e8re. Vainqueur de l&rsquo;\u00e9tape de Pau ce dimanche, le Vauclusien s&rsquo;est offert par la m\u00eame occasion le classement g\u00e9n\u00e9ral de la Coupe du monde en slalom.<\/p>\n","protected":false},"author":43,"featured_media":166029,"comment_status":"open","ping_status":"closed","sticky":false,"template":"","format":"standard","meta":{"_acf_changed":false,"_daextam_enable_autolinks":"","footnotes":""},"categories":[10458],"tags":[67,17975,1530,24],"class_list":["post-165971","post","type-post","status-publish","format-standard","has-post-thumbnail","hentry","category-canoe-kayak","tag-canoe","tag-canoe-slalom","tag-coupe-du-monde","tag-sport"],"acf":[],"yoast_head":"<!-- This site is optimized with the Yoast SEO Premium plugin v26.7 (Yoast SEO v26.7) - https:\/\/yoast.com\/wordpress\/plugins\/seo\/ -->\n<title>Coupe du monde de cano\u00eb : Denis Gargaud Chanut remporte le g\u00e9n\u00e9ral en slalom C1<\/title>\n<meta name=\"description\" content=\"Pas pr\u00e9sent \u00e0 Tokyo pour les Jeux Olympiques, Denis Gargaud Chanut s&#039;est offert le classement mondial de slalom C1 et succ\u00e8de \u00e0 Tony Estanguet.\" \/>\n<meta name=\"robots\" content=\"index, follow, max-snippet:-1, max-image-preview:large, max-video-preview:-1\" \/>\n<link rel=\"canonical\" href=\"https:\/\/dicodusport.fr\/blog\/coupe-du-monde-de-canoe-denis-gargaud-chanut-remporte-le-general-en-slalom-c1\/\" \/>\n<meta property=\"og:locale\" content=\"fr_FR\" \/>\n<meta property=\"og:type\" content=\"article\" \/>\n<meta property=\"og:title\" content=\"Coupe du monde de cano\u00eb : Denis Gargaud Chanut remporte le g\u00e9n\u00e9ral en slalom C1\" \/>\n<meta property=\"og:description\" content=\"Pas pr\u00e9sent \u00e0 Tokyo pour les Jeux Olympiques, Denis Gargaud Chanut s&#039;est offert le classement mondial de slalom C1 et succ\u00e8de \u00e0 Tony Estanguet.\" \/>\n<meta property=\"og:url\" content=\"https:\/\/dicodusport.fr\/blog\/coupe-du-monde-de-canoe-denis-gargaud-chanut-remporte-le-general-en-slalom-c1\/\" \/>\n<meta property=\"og:site_name\" content=\"Dicodusport\" \/>\n<meta property=\"article:publisher\" content=\"https:\/\/www.facebook.com\/dicodusport\" \/>\n<meta property=\"article:author\" content=\"https:\/\/www.facebook.com\/Max.Bld2\/\" \/>\n<meta property=\"article:published_time\" content=\"2021-09-12T14:06:44+00:00\" \/>\n<meta property=\"article:modified_time\" content=\"2021-09-12T20:48:46+00:00\" \/>\n<meta property=\"og:image\" content=\"https:\/\/dicodusport.fr\/blog\/wp-content\/uploads\/2021\/09\/Coupe-du-monde-de-canoe-Denis-Gargaud-Chanut-remporte-le-general-en-slalom-C.png\" \/>\n\t<meta property=\"og:image:width\" content=\"800\" \/>\n\t<meta property=\"og:image:height\" content=\"445\" \/>\n\t<meta property=\"og:image:type\" content=\"image\/png\" \/>\n<meta name=\"author\" content=\"Maxime Boulard\" \/>\n<meta name=\"twitter:card\" content=\"summary_large_image\" \/>\n<meta name=\"twitter:title\" content=\"Coupe du monde de cano\u00eb : Denis Gargaud Chanut remporte le g\u00e9n\u00e9ral en slalom C1\" \/>\n<meta name=\"twitter:creator\" content=\"@https:\/\/twitter.com\/MaximeB_2\" \/>\n<meta name=\"twitter:site\" content=\"@dicodusport\" \/>\n<script type=\"application\/ld+json\" class=\"yoast-schema-graph\">{\"@context\":\"https:\/\/schema.org\",\"@graph\":[{\"@type\":\"NewsArticle\",\"@id\":\"https:\/\/dicodusport.fr\/blog\/coupe-du-monde-de-canoe-denis-gargaud-chanut-remporte-le-general-en-slalom-c1\/#article\",\"isPartOf\":{\"@id\":\"https:\/\/dicodusport.fr\/blog\/coupe-du-monde-de-canoe-denis-gargaud-chanut-remporte-le-general-en-slalom-c1\/\"},\"author\":{\"name\":\"Maxime Boulard\",\"@id\":\"https:\/\/dicodusport.fr\/blog\/#\/schema\/person\/5aab10ee856e86ac63e9819a9da34784\"},\"headline\":\"Coupe du monde de cano\u00eb : Denis Gargaud Chanut remporte le g\u00e9n\u00e9ral en slalom C1\",\"datePublished\":\"2021-09-12T14:06:44+00:00\",\"dateModified\":\"2021-09-12T20:48:46+00:00\",\"mainEntityOfPage\":{\"@id\":\"https:\/\/dicodusport.fr\/blog\/coupe-du-monde-de-canoe-denis-gargaud-chanut-remporte-le-general-en-slalom-c1\/\"},\"wordCount\":319,\"commentCount\":0,\"publisher\":{\"@id\":\"https:\/\/dicodusport.fr\/blog\/#organization\"},\"image\":{\"@id\":\"https:\/\/dicodusport.fr\/blog\/coupe-du-monde-de-canoe-denis-gargaud-chanut-remporte-le-general-en-slalom-c1\/#primaryimage\"},\"thumbnailUrl\":\"https:\/\/dicodusport.fr\/blog\/wp-content\/uploads\/2021\/09\/Coupe-du-monde-de-canoe-Denis-Gargaud-Chanut-remporte-le-general-en-slalom-C.png\",\"keywords\":[\"cano\u00eb\",\"Cano\u00eb slalom\",\"Coupe du monde\",\"sport\"],\"articleSection\":[\"Cano\u00eb-Kayak\"],\"inLanguage\":\"fr-FR\",\"potentialAction\":[{\"@type\":\"CommentAction\",\"name\":\"Comment\",\"target\":[\"https:\/\/dicodusport.fr\/blog\/coupe-du-monde-de-canoe-denis-gargaud-chanut-remporte-le-general-en-slalom-c1\/#respond\"]}],\"copyrightYear\":\"2021\",\"copyrightHolder\":{\"@id\":\"https:\/\/dicodusport.fr\/blog\/#organization\"}},{\"@type\":\"WebPage\",\"@id\":\"https:\/\/dicodusport.fr\/blog\/coupe-du-monde-de-canoe-denis-gargaud-chanut-remporte-le-general-en-slalom-c1\/\",\"url\":\"https:\/\/dicodusport.fr\/blog\/coupe-du-monde-de-canoe-denis-gargaud-chanut-remporte-le-general-en-slalom-c1\/\",\"name\":\"Coupe du monde de cano\u00eb : Denis Gargaud Chanut remporte le g\u00e9n\u00e9ral en slalom C1\",\"isPartOf\":{\"@id\":\"https:\/\/dicodusport.fr\/blog\/#website\"},\"primaryImageOfPage\":{\"@id\":\"https:\/\/dicodusport.fr\/blog\/coupe-du-monde-de-canoe-denis-gargaud-chanut-remporte-le-general-en-slalom-c1\/#primaryimage\"},\"image\":{\"@id\":\"https:\/\/dicodusport.fr\/blog\/coupe-du-monde-de-canoe-denis-gargaud-chanut-remporte-le-general-en-slalom-c1\/#primaryimage\"},\"thumbnailUrl\":\"https:\/\/dicodusport.fr\/blog\/wp-content\/uploads\/2021\/09\/Coupe-du-monde-de-canoe-Denis-Gargaud-Chanut-remporte-le-general-en-slalom-C.png\",\"datePublished\":\"2021-09-12T14:06:44+00:00\",\"dateModified\":\"2021-09-12T20:48:46+00:00\",\"description\":\"Pas pr\u00e9sent \u00e0 Tokyo pour les Jeux Olympiques, Denis Gargaud Chanut s'est offert le classement mondial de slalom C1 et succ\u00e8de \u00e0 Tony Estanguet.\",\"breadcrumb\":{\"@id\":\"https:\/\/dicodusport.fr\/blog\/coupe-du-monde-de-canoe-denis-gargaud-chanut-remporte-le-general-en-slalom-c1\/#breadcrumb\"},\"inLanguage\":\"fr-FR\",\"potentialAction\":[{\"@type\":\"ReadAction\",\"target\":[\"https:\/\/dicodusport.fr\/blog\/coupe-du-monde-de-canoe-denis-gargaud-chanut-remporte-le-general-en-slalom-c1\/\"]}]},{\"@type\":\"ImageObject\",\"inLanguage\":\"fr-FR\",\"@id\":\"https:\/\/dicodusport.fr\/blog\/coupe-du-monde-de-canoe-denis-gargaud-chanut-remporte-le-general-en-slalom-c1\/#primaryimage\",\"url\":\"https:\/\/dicodusport.fr\/blog\/wp-content\/uploads\/2021\/09\/Coupe-du-monde-de-canoe-Denis-Gargaud-Chanut-remporte-le-general-en-slalom-C.png\",\"contentUrl\":\"https:\/\/dicodusport.fr\/blog\/wp-content\/uploads\/2021\/09\/Coupe-du-monde-de-canoe-Denis-Gargaud-Chanut-remporte-le-general-en-slalom-C.png\",\"width\":800,\"height\":445,\"caption\":\"Coupe du monde de cano\u00eb : Denis Gargaud Chanut remporte le g\u00e9n\u00e9ral en slalom C\"},{\"@type\":\"BreadcrumbList\",\"@id\":\"https:\/\/dicodusport.fr\/blog\/coupe-du-monde-de-canoe-denis-gargaud-chanut-remporte-le-general-en-slalom-c1\/#breadcrumb\",\"itemListElement\":[{\"@type\":\"ListItem\",\"position\":1,\"name\":\"Accueil\",\"item\":\"https:\/\/dicodusport.fr\/blog\/\"},{\"@type\":\"ListItem\",\"position\":2,\"name\":\"Coupe du monde de cano\u00eb : Denis Gargaud Chanut remporte le g\u00e9n\u00e9ral en slalom C1\"}]},{\"@type\":\"WebSite\",\"@id\":\"https:\/\/dicodusport.fr\/blog\/#website\",\"url\":\"https:\/\/dicodusport.fr\/blog\/\",\"name\":\"Dicodusport\",\"description\":\"L&#039;encyclop\u00e9die de l&#039;actualit\u00e9 sportive\",\"publisher\":{\"@id\":\"https:\/\/dicodusport.fr\/blog\/#organization\"},\"potentialAction\":[{\"@type\":\"SearchAction\",\"target\":{\"@type\":\"EntryPoint\",\"urlTemplate\":\"https:\/\/dicodusport.fr\/blog\/?s={search_term_string}\"},\"query-input\":{\"@type\":\"PropertyValueSpecification\",\"valueRequired\":true,\"valueName\":\"search_term_string\"}}],\"inLanguage\":\"fr-FR\"},{\"@type\":\"NewsMediaOrganization\",\"@id\":\"https:\/\/dicodusport.fr\/blog\/#organization\",\"name\":\"Dicodusport\",\"url\":\"https:\/\/dicodusport.fr\/blog\/\",\"logo\":{\"@type\":\"ImageObject\",\"inLanguage\":\"fr-FR\",\"@id\":\"https:\/\/dicodusport.fr\/blog\/#\/schema\/logo\/image\/\",\"url\":\"https:\/\/dicodusport.fr\/blog\/wp-content\/uploads\/2020\/06\/cropped-LOGO-DICODUSPORT-2020-SANS-FOND-SANS-TEXTE.png\",\"contentUrl\":\"https:\/\/dicodusport.fr\/blog\/wp-content\/uploads\/2020\/06\/cropped-LOGO-DICODUSPORT-2020-SANS-FOND-SANS-TEXTE.png\",\"width\":512,\"height\":512,\"caption\":\"Dicodusport\"},\"image\":{\"@id\":\"https:\/\/dicodusport.fr\/blog\/#\/schema\/logo\/image\/\"},\"sameAs\":[\"https:\/\/www.facebook.com\/dicodusport\",\"https:\/\/x.com\/dicodusport\",\"https:\/\/www.instagram.com\/dicodusport\/\",\"https:\/\/www.youtube.com\/channel\/UC7V2KZ5sd3htJivAbA4ZG3w\"],\"description\":\"Dicodusport est l'encyclop\u00e9die de l'actualit\u00e9 sportive.\",\"email\":\"bonjour@dicodusport.fr\",\"legalName\":\"DICODUSPORT\",\"foundingDate\":\"2018-01-14\",\"vatID\":\"FR71834470973\",\"taxID\":\"83447097300043\",\"numberOfEmployees\":{\"@type\":\"QuantitativeValue\",\"minValue\":\"1\",\"maxValue\":\"10\"}},{\"@type\":\"Person\",\"@id\":\"https:\/\/dicodusport.fr\/blog\/#\/schema\/person\/5aab10ee856e86ac63e9819a9da34784\",\"name\":\"Maxime Boulard\",\"image\":{\"@type\":\"ImageObject\",\"inLanguage\":\"fr-FR\",\"@id\":\"https:\/\/dicodusport.fr\/blog\/#\/schema\/person\/image\/\",\"url\":\"https:\/\/dicodusport.fr\/blog\/wp-content\/uploads\/2021\/05\/Maxime-Boulard-150x150.jpg\",\"contentUrl\":\"https:\/\/dicodusport.fr\/blog\/wp-content\/uploads\/2021\/05\/Maxime-Boulard-150x150.jpg\",\"caption\":\"Maxime Boulard\"},\"description\":\"Journaliste\/r\u00e9dacteur depuis octobre 2020 - Si mon plus vieux souvenir de sport aurait pu m'en d\u00e9go\u00fbter, la finale de la Coupe du monde 2006 a \u00e9t\u00e9 tout le contraire. V\u00e9ritable d\u00e9clencheur d'une passion qui aujourd'hui ne fait que grandir avec le temps, mon leitmotiv est la France qui brille ! Je relate les exploits pass\u00e9s et pr\u00e9sents du sport bleu-blanc-rouge sans m\u00e9nagement depuis octobre 2020. Sport valide ou handisport, aucune diff\u00e9rence, il n'y a que du sport et plusieurs fa\u00e7ons de le pratiquer.\",\"sameAs\":[\"https:\/\/www.facebook.com\/Max.Bld2\/\",\"https:\/\/x.com\/https:\/\/twitter.com\/MaximeB_2\"],\"url\":\"https:\/\/dicodusport.fr\/blog\/author\/maxime-b\/\"}]}<\/script>\n<!-- \/ Yoast SEO Premium plugin. -->","yoast_head_json":{"title":"Coupe du monde de cano\u00eb : Denis Gargaud Chanut remporte le g\u00e9n\u00e9ral en slalom C1","description":"Pas pr\u00e9sent \u00e0 Tokyo pour les Jeux Olympiques, Denis Gargaud Chanut s'est offert le classement mondial de slalom C1 et succ\u00e8de \u00e0 Tony Estanguet.","robots":{"index":"index","follow":"follow","max-snippet":"max-snippet:-1","max-image-preview":"max-image-preview:large","max-video-preview":"max-video-preview:-1"},"canonical":"https:\/\/dicodusport.fr\/blog\/coupe-du-monde-de-canoe-denis-gargaud-chanut-remporte-le-general-en-slalom-c1\/","og_locale":"fr_FR","og_type":"article","og_title":"Coupe du monde de cano\u00eb : Denis Gargaud Chanut remporte le g\u00e9n\u00e9ral en slalom C1","og_description":"Pas pr\u00e9sent \u00e0 Tokyo pour les Jeux Olympiques, Denis Gargaud Chanut s'est offert le classement mondial de slalom C1 et succ\u00e8de \u00e0 Tony Estanguet.","og_url":"https:\/\/dicodusport.fr\/blog\/coupe-du-monde-de-canoe-denis-gargaud-chanut-remporte-le-general-en-slalom-c1\/","og_site_name":"Dicodusport","article_publisher":"https:\/\/www.facebook.com\/dicodusport","article_author":"https:\/\/www.facebook.com\/Max.Bld2\/","article_published_time":"2021-09-12T14:06:44+00:00","article_modified_time":"2021-09-12T20:48:46+00:00","og_image":[{"width":800,"height":445,"url":"https:\/\/dicodusport.fr\/blog\/wp-content\/uploads\/2021\/09\/Coupe-du-monde-de-canoe-Denis-Gargaud-Chanut-remporte-le-general-en-slalom-C.png","type":"image\/png"}],"author":"Maxime Boulard","twitter_card":"summary_large_image","twitter_title":"Coupe du monde de cano\u00eb : Denis Gargaud Chanut remporte le g\u00e9n\u00e9ral en slalom C1","twitter_creator":"@https:\/\/twitter.com\/MaximeB_2","twitter_site":"@dicodusport","schema":{"@context":"https:\/\/schema.org","@graph":[{"@type":"NewsArticle","@id":"https:\/\/dicodusport.fr\/blog\/coupe-du-monde-de-canoe-denis-gargaud-chanut-remporte-le-general-en-slalom-c1\/#article","isPartOf":{"@id":"https:\/\/dicodusport.fr\/blog\/coupe-du-monde-de-canoe-denis-gargaud-chanut-remporte-le-general-en-slalom-c1\/"},"author":{"name":"Maxime Boulard","@id":"https:\/\/dicodusport.fr\/blog\/#\/schema\/person\/5aab10ee856e86ac63e9819a9da34784"},"headline":"Coupe du monde de cano\u00eb : Denis Gargaud Chanut remporte le g\u00e9n\u00e9ral en slalom C1","datePublished":"2021-09-12T14:06:44+00:00","dateModified":"2021-09-12T20:48:46+00:00","mainEntityOfPage":{"@id":"https:\/\/dicodusport.fr\/blog\/coupe-du-monde-de-canoe-denis-gargaud-chanut-remporte-le-general-en-slalom-c1\/"},"wordCount":319,"commentCount":0,"publisher":{"@id":"https:\/\/dicodusport.fr\/blog\/#organization"},"image":{"@id":"https:\/\/dicodusport.fr\/blog\/coupe-du-monde-de-canoe-denis-gargaud-chanut-remporte-le-general-en-slalom-c1\/#primaryimage"},"thumbnailUrl":"https:\/\/dicodusport.fr\/blog\/wp-content\/uploads\/2021\/09\/Coupe-du-monde-de-canoe-Denis-Gargaud-Chanut-remporte-le-general-en-slalom-C.png","keywords":["cano\u00eb","Cano\u00eb slalom","Coupe du monde","sport"],"articleSection":["Cano\u00eb-Kayak"],"inLanguage":"fr-FR","potentialAction":[{"@type":"CommentAction","name":"Comment","target":["https:\/\/dicodusport.fr\/blog\/coupe-du-monde-de-canoe-denis-gargaud-chanut-remporte-le-general-en-slalom-c1\/#respond"]}],"copyrightYear":"2021","copyrightHolder":{"@id":"https:\/\/dicodusport.fr\/blog\/#organization"}},{"@type":"WebPage","@id":"https:\/\/dicodusport.fr\/blog\/coupe-du-monde-de-canoe-denis-gargaud-chanut-remporte-le-general-en-slalom-c1\/","url":"https:\/\/dicodusport.fr\/blog\/coupe-du-monde-de-canoe-denis-gargaud-chanut-remporte-le-general-en-slalom-c1\/","name":"Coupe du monde de cano\u00eb : Denis Gargaud Chanut remporte le g\u00e9n\u00e9ral en slalom C1","isPartOf":{"@id":"https:\/\/dicodusport.fr\/blog\/#website"},"primaryImageOfPage":{"@id":"https:\/\/dicodusport.fr\/blog\/coupe-du-monde-de-canoe-denis-gargaud-chanut-remporte-le-general-en-slalom-c1\/#primaryimage"},"image":{"@id":"https:\/\/dicodusport.fr\/blog\/coupe-du-monde-de-canoe-denis-gargaud-chanut-remporte-le-general-en-slalom-c1\/#primaryimage"},"thumbnailUrl":"https:\/\/dicodusport.fr\/blog\/wp-content\/uploads\/2021\/09\/Coupe-du-monde-de-canoe-Denis-Gargaud-Chanut-remporte-le-general-en-slalom-C.png","datePublished":"2021-09-12T14:06:44+00:00","dateModified":"2021-09-12T20:48:46+00:00","description":"Pas pr\u00e9sent \u00e0 Tokyo pour les Jeux Olympiques, Denis Gargaud Chanut s'est offert le classement mondial de slalom C1 et succ\u00e8de \u00e0 Tony Estanguet.","breadcrumb":{"@id":"https:\/\/dicodusport.fr\/blog\/coupe-du-monde-de-canoe-denis-gargaud-chanut-remporte-le-general-en-slalom-c1\/#breadcrumb"},"inLanguage":"fr-FR","potentialAction":[{"@type":"ReadAction","target":["https:\/\/dicodusport.fr\/blog\/coupe-du-monde-de-canoe-denis-gargaud-chanut-remporte-le-general-en-slalom-c1\/"]}]},{"@type":"ImageObject","inLanguage":"fr-FR","@id":"https:\/\/dicodusport.fr\/blog\/coupe-du-monde-de-canoe-denis-gargaud-chanut-remporte-le-general-en-slalom-c1\/#primaryimage","url":"https:\/\/dicodusport.fr\/blog\/wp-content\/uploads\/2021\/09\/Coupe-du-monde-de-canoe-Denis-Gargaud-Chanut-remporte-le-general-en-slalom-C.png","contentUrl":"https:\/\/dicodusport.fr\/blog\/wp-content\/uploads\/2021\/09\/Coupe-du-monde-de-canoe-Denis-Gargaud-Chanut-remporte-le-general-en-slalom-C.png","width":800,"height":445,"caption":"Coupe du monde de cano\u00eb : Denis Gargaud Chanut remporte le g\u00e9n\u00e9ral en slalom C"},{"@type":"BreadcrumbList","@id":"https:\/\/dicodusport.fr\/blog\/coupe-du-monde-de-canoe-denis-gargaud-chanut-remporte-le-general-en-slalom-c1\/#breadcrumb","itemListElement":[{"@type":"ListItem","position":1,"name":"Accueil","item":"https:\/\/dicodusport.fr\/blog\/"},{"@type":"ListItem","position":2,"name":"Coupe du monde de cano\u00eb : Denis Gargaud Chanut remporte le g\u00e9n\u00e9ral en slalom C1"}]},{"@type":"WebSite","@id":"https:\/\/dicodusport.fr\/blog\/#website","url":"https:\/\/dicodusport.fr\/blog\/","name":"Dicodusport","description":"L&#039;encyclop\u00e9die de l&#039;actualit\u00e9 sportive","publisher":{"@id":"https:\/\/dicodusport.fr\/blog\/#organization"},"potentialAction":[{"@type":"SearchAction","target":{"@type":"EntryPoint","urlTemplate":"https:\/\/dicodusport.fr\/blog\/?s={search_term_string}"},"query-input":{"@type":"PropertyValueSpecification","valueRequired":true,"valueName":"search_term_string"}}],"inLanguage":"fr-FR"},{"@type":"NewsMediaOrganization","@id":"https:\/\/dicodusport.fr\/blog\/#organization","name":"Dicodusport","url":"https:\/\/dicodusport.fr\/blog\/","logo":{"@type":"ImageObject","inLanguage":"fr-FR","@id":"https:\/\/dicodusport.fr\/blog\/#\/schema\/logo\/image\/","url":"https:\/\/dicodusport.fr\/blog\/wp-content\/uploads\/2020\/06\/cropped-LOGO-DICODUSPORT-2020-SANS-FOND-SANS-TEXTE.png","contentUrl":"https:\/\/dicodusport.fr\/blog\/wp-content\/uploads\/2020\/06\/cropped-LOGO-DICODUSPORT-2020-SANS-FOND-SANS-TEXTE.png","width":512,"height":512,"caption":"Dicodusport"},"image":{"@id":"https:\/\/dicodusport.fr\/blog\/#\/schema\/logo\/image\/"},"sameAs":["https:\/\/www.facebook.com\/dicodusport","https:\/\/x.com\/dicodusport","https:\/\/www.instagram.com\/dicodusport\/","https:\/\/www.youtube.com\/channel\/UC7V2KZ5sd3htJivAbA4ZG3w"],"description":"Dicodusport est l'encyclop\u00e9die de l'actualit\u00e9 sportive.","email":"bonjour@dicodusport.fr","legalName":"DICODUSPORT","foundingDate":"2018-01-14","vatID":"FR71834470973","taxID":"83447097300043","numberOfEmployees":{"@type":"QuantitativeValue","minValue":"1","maxValue":"10"}},{"@type":"Person","@id":"https:\/\/dicodusport.fr\/blog\/#\/schema\/person\/5aab10ee856e86ac63e9819a9da34784","name":"Maxime Boulard","image":{"@type":"ImageObject","inLanguage":"fr-FR","@id":"https:\/\/dicodusport.fr\/blog\/#\/schema\/person\/image\/","url":"https:\/\/dicodusport.fr\/blog\/wp-content\/uploads\/2021\/05\/Maxime-Boulard-150x150.jpg","contentUrl":"https:\/\/dicodusport.fr\/blog\/wp-content\/uploads\/2021\/05\/Maxime-Boulard-150x150.jpg","caption":"Maxime Boulard"},"description":"Journaliste\/r\u00e9dacteur depuis octobre 2020 - Si mon plus vieux souvenir de sport aurait pu m'en d\u00e9go\u00fbter, la finale de la Coupe du monde 2006 a \u00e9t\u00e9 tout le contraire. V\u00e9ritable d\u00e9clencheur d'une passion qui aujourd'hui ne fait que grandir avec le temps, mon leitmotiv est la France qui brille ! Je relate les exploits pass\u00e9s et pr\u00e9sents du sport bleu-blanc-rouge sans m\u00e9nagement depuis octobre 2020. Sport valide ou handisport, aucune diff\u00e9rence, il n'y a que du sport et plusieurs fa\u00e7ons de le pratiquer.","sameAs":["https:\/\/www.facebook.com\/Max.Bld2\/","https:\/\/x.com\/https:\/\/twitter.com\/MaximeB_2"],"url":"https:\/\/dicodusport.fr\/blog\/author\/maxime-b\/"}]}},"_links":{"self":[{"href":"https:\/\/dicodusport.fr\/blog\/wp-json\/wp\/v2\/posts\/165971","targetHints":{"allow":["GET"]}}],"collection":[{"href":"https:\/\/dicodusport.fr\/blog\/wp-json\/wp\/v2\/posts"}],"about":[{"href":"https:\/\/dicodusport.fr\/blog\/wp-json\/wp\/v2\/types\/post"}],"author":[{"embeddable":true,"href":"https:\/\/dicodusport.fr\/blog\/wp-json\/wp\/v2\/users\/43"}],"replies":[{"embeddable":true,"href":"https:\/\/dicodusport.fr\/blog\/wp-json\/wp\/v2\/comments?post=165971"}],"version-history":[{"count":0,"href":"https:\/\/dicodusport.fr\/blog\/wp-json\/wp\/v2\/posts\/165971\/revisions"}],"wp:featuredmedia":[{"embeddable":true,"href":"https:\/\/dicodusport.fr\/blog\/wp-json\/wp\/v2\/media\/166029"}],"wp:attachment":[{"href":"https:\/\/dicodusport.fr\/blog\/wp-json\/wp\/v2\/media?parent=165971"}],"wp:term":[{"taxonomy":"category","embeddable":true,"href":"https:\/\/dicodusport.fr\/blog\/wp-json\/wp\/v2\/categories?post=165971"},{"taxonomy":"post_tag","embeddable":true,"href":"https:\/\/dicodusport.fr\/blog\/wp-json\/wp\/v2\/tags?post=165971"}],"curies":[{"name":"wp","href":"https:\/\/api.w.org\/{rel}","templated":true}]}}