{"id":166006,"date":"2021-09-12T16:12:30","date_gmt":"2021-09-12T14:12:30","guid":{"rendered":"https:\/\/dicodusport.fr\/blog\/?p=166006&#038;preview=true&#038;preview_id=166006"},"modified":"2021-09-12T19:07:26","modified_gmt":"2021-09-12T17:07:26","slug":"judo-la-france-championne-deurope-juniors-par-equipes","status":"publish","type":"post","link":"https:\/\/dicodusport.fr\/blog\/judo-la-france-championne-deurope-juniors-par-equipes\/","title":{"rendered":"Judo : la France championne d&rsquo;Europe juniors par \u00e9quipes"},"content":{"rendered":"<p style=\"text-align: justify;\"><strong><em><a href=\"https:\/\/www.ffjudo.com\/actualite\/championnats-deurope-juniors-le-guide-complet\" target=\"_blank\" rel=\"noopener\">Championnats d&rsquo;Europe juniors de judo<\/a> &#8211; La France conclut son s\u00e9jour au Luxembourg avec un titre lors de la comp\u00e9tition par \u00e9quipes !<\/em><\/strong><\/p>\n<h2 style=\"text-align: justify;\">Pas de faux-pas face \u00e0 la Pologne<\/h2>\n<p style=\"text-align: justify;\">Dispens\u00e9e de premier tour, la France s&rsquo;est impos\u00e9e 4-2 face \u00e0 la Pologne. En 2019 (l&rsquo;\u00e9dition 2020 n&rsquo;ayant pas eu lieu), la France, t\u00eate de s\u00e9rie n\u00b02, s&rsquo;\u00e9tait faite surprendre par l&rsquo;Italie lors de son entr\u00e9e en lice.<\/p>\n<p style=\"text-align: justify;\">Wojciech Kordyalik (+90 kg) a ouvert le score pour la Pologne, <strong>Tieman Diaby<\/strong> ayant re\u00e7u 3 p\u00e9nalit\u00e9s.<\/p>\n<p style=\"text-align: justify;\"><strong>Faiza Mokdar<\/strong> (-57 kg) a \u00e9galis\u00e9 en s&rsquo;imposant sur ippon face \u00e0 Zuzanna Logozna.<\/p>\n<p style=\"text-align: justify;\"><strong>Joan-Benjamin Gaba<\/strong> (-73 kg) a permis \u00e0 la France de passer devant, Marcin Kowalski ayant re\u00e7u 3 p\u00e9nalit\u00e9s.<\/p>\n<p style=\"text-align: justify;\">Katarzyna Sobierajska (-70 kg) s&rsquo;est impos\u00e9e avec un waza-ari suivi d&rsquo;une immobilisation face \u00e0 <strong>Kaila Issoufi<\/strong>.<\/p>\n<p style=\"text-align: justify;\"><strong>Maxime Ngayap<\/strong> (-90 kg) s&rsquo;est impos\u00e9 avec un waza-ari suivi d&rsquo;une immobilisation en fin de combat face \u00e0 Dymitrij Janczylik.<\/p>\n<p style=\"text-align: justify;\"><strong>L\u00e9a Fontaine<\/strong> (+70 kg) a conclu avec une victoire sur ippon face \u00e0 Kinga Wolszczak.<\/p>\n<h2 style=\"text-align: justify;\">Les Bleus encha\u00eenent face \u00e0 la G\u00e9orgie<\/h2>\n<p style=\"text-align: justify;\">Les Fran\u00e7ais se sont ensuite impos\u00e9s 4-1 face \u00e0 la G\u00e9orgie.<\/p>\n<p style=\"text-align: justify;\"><strong>Faiza Mokdar<\/strong> (-57 kg) et <strong>Joan-Benjamin Gaba<\/strong> (-73 kg) se sont d&rsquo;abord impos\u00e9s sur ippon face \u00e0 Eter Askilashvili et Kote Kapanadze.<\/p>\n<p style=\"text-align: justify;\"><strong>Kaila Issoufi<\/strong> (-70 kg) s&rsquo;est ensuite inclin\u00e9e en ayant re\u00e7u 3 p\u00e9nalit\u00e9s face \u00e0 Nino Gulbani.<\/p>\n<p style=\"text-align: justify;\"><strong>Maxime Ngayap<\/strong> (-90 kg) s&rsquo;est impos\u00e9 avec un waza-ari au golden score face \u00e0 Nika Makishvili.<\/p>\n<p style=\"text-align: justify;\">Et <strong>Coralie Hayme<\/strong> (+70 kg) a scell\u00e9 la victoire avec un ippon face \u00e0 Salome Makishvili.<\/p>\n<h2 style=\"text-align: justify;\">Premier titre pour la France<\/h2>\n<p style=\"text-align: justify;\">En finale, la France affrontait la Turquie qui a cr\u00e9\u00e9 la surprise en \u00e9liminant la <strong>Russie, double tenante du titre<\/strong>, en demi-finale. La Russie qui n&rsquo;avait fait qu&rsquo;une bouch\u00e9e des Pays-Bas lors de son entr\u00e9e en quarts (4-0) avait remport\u00e9 jusqu&rsquo;ici les deux \u00e9ditions de cette comp\u00e9tition qui est devenue mixte en 2018.<\/p>\n<p style=\"text-align: justify;\">Et la France a connu des d\u00e9buts idylliques.<\/p>\n<p style=\"text-align: justify;\"><strong>Joan-Benjamin Gaba<\/strong> (-73 kg) a marqu\u00e9 un waza-ari en fin de combat avant de r\u00e9aliser un ippon quelques secondes plus tard face \u00e0 Umalt Demirel.<\/p>\n<p style=\"text-align: justify;\"><strong>Melodie Turpin<\/strong> (-70 kg) a cru avoir r\u00e9alis\u00e9 un ippon apr\u00e8s seulement 10 secondes face \u00e0 Habibe Afyonlu mais celui-ci a \u00e9t\u00e9 annul\u00e9. Qu&rsquo;\u00e0 cela ne tienne, d\u00e8s l&rsquo;attaque suivante, elle a envoy\u00e9 son adversaire au sol suivi d&rsquo;une immobilisation pour s&rsquo;imposer.<\/p>\n<p style=\"text-align: justify;\"><strong>Maxime Ngayap<\/strong> (-90 kg) \u00e9tait en mauvaise position, ayant re\u00e7u 2 p\u00e9nalit\u00e9s. Mais Ahmet Cuhadar en a re\u00e7u une deuxi\u00e8me \u00e9galement \u00e0 1 minutes 50 de la fin. Et juste apr\u00e8s, le Fran\u00e7ais est parvenu \u00e0 r\u00e9aliser un joli ippon pour s&rsquo;imposer.<\/p>\n<p style=\"text-align: justify;\"><strong>L\u00e9a Fontaine<\/strong> (+70 kg) n&rsquo;a eu besoin que de quelques secondes face \u00e0 Hilal Ozturk pour l&rsquo;envoyer sur le dos et l&rsquo;immobiliser.<\/p>\n<p style=\"text-align: justify;\">Comme en demi-finale, <strong>Khamzat Saparbaev<\/strong> (+90 kg) n&rsquo;aura pas eu besoin de monter sur le tatami.<\/p>\n<p style=\"text-align: justify;\"><strong>Victoire sans appel de la France 4-0<\/strong> !<\/p>\n<p style=\"text-align: justify;\">La France qui avait remport\u00e9 l&rsquo;argent en 2018, devient championne d&rsquo;Europe par \u00e9quipes pour la premi\u00e8re fois !<\/p>\n<blockquote class=\"twitter-tweet\">\n<p dir=\"ltr\" lang=\"fr\">J4 championnats d\u2019Europe juniors : Nos Bleus ram\u00e8nent la coupe \u00e0 la maison !!! &#x1f3c6;&#x1f1eb;&#x1f1f7;<\/p>\n<p>D\u00e9cid\u00e9ment les \u00e9preuves par \u00e9quipes mixtes nous r\u00e9ussissent ! Cette g\u00e9n\u00e9ration pleine de talent est sacr\u00e9e championne d\u2019Europe ! &#x1f60d;&#x1f525;<\/p>\n<p>&#x1f4f8; <a href=\"https:\/\/twitter.com\/europeanjudo?ref_src=twsrc%5Etfw\">@europeanjudo<\/a> \/ C.Feirrera<a href=\"https:\/\/twitter.com\/hashtag\/FierdEtreJudoka?src=hash&amp;ref_src=twsrc%5Etfw\">#FierdEtreJudoka<\/a> <a href=\"https:\/\/t.co\/59oVhI7lvn\">pic.twitter.com\/59oVhI7lvn<\/a><\/p>\n<p>\u2014 France Judo (@francejudo_) <a href=\"https:\/\/twitter.com\/francejudo_\/status\/1437085285309943815?ref_src=twsrc%5Etfw\">September 12, 2021<\/a><\/p><\/blockquote>\n<p><script async src=\"https:\/\/platform.twitter.com\/widgets.js\" charset=\"utf-8\"><\/script><\/p>\n","protected":false},"excerpt":{"rendered":"<p>Championnats d&rsquo;Europe juniors de judo &#8211; La France conclut son s\u00e9jour au Luxembourg avec un titre lors de la comp\u00e9tition par \u00e9quipes !<\/p>\n","protected":false},"author":12,"featured_media":166033,"comment_status":"open","ping_status":"closed","sticky":false,"template":"","format":"standard","meta":{"_acf_changed":false,"_daextam_enable_autolinks":"","footnotes":""},"categories":[8651],"tags":[19150,19119,19135,68,16042,24],"class_list":["post-166006","post","type-post","status-publish","format-standard","has-post-thumbnail","hentry","category-judo","tag-coralie-hayme","tag-faiza-mokdar","tag-joan-benjamin-gaba","tag-judo","tag-lea-fontaine","tag-sport"],"acf":[],"yoast_head":"<!-- This site is optimized with the Yoast SEO Premium plugin v26.7 (Yoast SEO v26.7) - https:\/\/yoast.com\/wordpress\/plugins\/seo\/ -->\n<title>Judo : la France championne d&#039;Europe juniors par \u00e9quipes<\/title>\n<meta name=\"description\" content=\"Championnats d&#039;Europe juniors de judo - La France conclut son s\u00e9jour au Luxembourg avec un titre lors de la comp\u00e9tition par \u00e9quipes !\" \/>\n<meta name=\"robots\" content=\"index, follow, max-snippet:-1, max-image-preview:large, max-video-preview:-1\" \/>\n<link rel=\"canonical\" href=\"https:\/\/dicodusport.fr\/blog\/judo-la-france-championne-deurope-juniors-par-equipes\/\" \/>\n<meta property=\"og:locale\" content=\"fr_FR\" \/>\n<meta property=\"og:type\" content=\"article\" \/>\n<meta property=\"og:title\" content=\"Judo : la France championne d&#039;Europe juniors par \u00e9quipes\" \/>\n<meta property=\"og:description\" content=\"Championnats d&#039;Europe juniors de judo - La France conclut son s\u00e9jour au Luxembourg avec un titre lors de la comp\u00e9tition par \u00e9quipes !\" \/>\n<meta property=\"og:url\" content=\"https:\/\/dicodusport.fr\/blog\/judo-la-france-championne-deurope-juniors-par-equipes\/\" \/>\n<meta property=\"og:site_name\" content=\"Dicodusport\" \/>\n<meta property=\"article:publisher\" content=\"https:\/\/www.facebook.com\/dicodusport\" \/>\n<meta property=\"article:published_time\" content=\"2021-09-12T14:12:30+00:00\" \/>\n<meta property=\"article:modified_time\" content=\"2021-09-12T17:07:26+00:00\" \/>\n<meta property=\"og:image\" content=\"https:\/\/dicodusport.fr\/blog\/wp-content\/uploads\/2021\/09\/Judo-la-France-championne-dEurope-juniors-par-equipes.jpg\" \/>\n\t<meta property=\"og:image:width\" content=\"800\" \/>\n\t<meta property=\"og:image:height\" content=\"446\" \/>\n\t<meta property=\"og:image:type\" content=\"image\/jpeg\" \/>\n<meta name=\"author\" content=\"Arlette Yeye\" \/>\n<meta name=\"twitter:card\" content=\"summary_large_image\" \/>\n<meta name=\"twitter:title\" content=\"Judo : la France championne d&#039;Europe juniors par \u00e9quipes\" \/>\n<meta name=\"twitter:creator\" content=\"@https:\/\/twitter.com\/Shiclette94\" \/>\n<meta name=\"twitter:site\" content=\"@dicodusport\" \/>\n<script type=\"application\/ld+json\" class=\"yoast-schema-graph\">{\"@context\":\"https:\/\/schema.org\",\"@graph\":[{\"@type\":\"NewsArticle\",\"@id\":\"https:\/\/dicodusport.fr\/blog\/judo-la-france-championne-deurope-juniors-par-equipes\/#article\",\"isPartOf\":{\"@id\":\"https:\/\/dicodusport.fr\/blog\/judo-la-france-championne-deurope-juniors-par-equipes\/\"},\"author\":{\"name\":\"Arlette Yeye\",\"@id\":\"https:\/\/dicodusport.fr\/blog\/#\/schema\/person\/cce96fa88785bd8573e3d43078ac8c79\"},\"headline\":\"Judo : la France championne d&rsquo;Europe juniors par \u00e9quipes\",\"datePublished\":\"2021-09-12T14:12:30+00:00\",\"dateModified\":\"2021-09-12T17:07:26+00:00\",\"mainEntityOfPage\":{\"@id\":\"https:\/\/dicodusport.fr\/blog\/judo-la-france-championne-deurope-juniors-par-equipes\/\"},\"wordCount\":604,\"commentCount\":0,\"publisher\":{\"@id\":\"https:\/\/dicodusport.fr\/blog\/#organization\"},\"image\":{\"@id\":\"https:\/\/dicodusport.fr\/blog\/judo-la-france-championne-deurope-juniors-par-equipes\/#primaryimage\"},\"thumbnailUrl\":\"https:\/\/dicodusport.fr\/blog\/wp-content\/uploads\/2021\/09\/Judo-la-France-championne-dEurope-juniors-par-equipes.jpg\",\"keywords\":[\"Coralie Haym\u00e9\",\"Fa\u00efza Mokdar\",\"Joan-Benjamin Gaba\",\"Judo\",\"L\u00e9a Fontaine\",\"sport\"],\"articleSection\":[\"Judo\"],\"inLanguage\":\"fr-FR\",\"potentialAction\":[{\"@type\":\"CommentAction\",\"name\":\"Comment\",\"target\":[\"https:\/\/dicodusport.fr\/blog\/judo-la-france-championne-deurope-juniors-par-equipes\/#respond\"]}],\"copyrightYear\":\"2021\",\"copyrightHolder\":{\"@id\":\"https:\/\/dicodusport.fr\/blog\/#organization\"}},{\"@type\":\"WebPage\",\"@id\":\"https:\/\/dicodusport.fr\/blog\/judo-la-france-championne-deurope-juniors-par-equipes\/\",\"url\":\"https:\/\/dicodusport.fr\/blog\/judo-la-france-championne-deurope-juniors-par-equipes\/\",\"name\":\"Judo : la France championne d'Europe juniors par \u00e9quipes\",\"isPartOf\":{\"@id\":\"https:\/\/dicodusport.fr\/blog\/#website\"},\"primaryImageOfPage\":{\"@id\":\"https:\/\/dicodusport.fr\/blog\/judo-la-france-championne-deurope-juniors-par-equipes\/#primaryimage\"},\"image\":{\"@id\":\"https:\/\/dicodusport.fr\/blog\/judo-la-france-championne-deurope-juniors-par-equipes\/#primaryimage\"},\"thumbnailUrl\":\"https:\/\/dicodusport.fr\/blog\/wp-content\/uploads\/2021\/09\/Judo-la-France-championne-dEurope-juniors-par-equipes.jpg\",\"datePublished\":\"2021-09-12T14:12:30+00:00\",\"dateModified\":\"2021-09-12T17:07:26+00:00\",\"description\":\"Championnats d'Europe juniors de judo - La France conclut son s\u00e9jour au Luxembourg avec un titre lors de la comp\u00e9tition par \u00e9quipes !\",\"breadcrumb\":{\"@id\":\"https:\/\/dicodusport.fr\/blog\/judo-la-france-championne-deurope-juniors-par-equipes\/#breadcrumb\"},\"inLanguage\":\"fr-FR\",\"potentialAction\":[{\"@type\":\"ReadAction\",\"target\":[\"https:\/\/dicodusport.fr\/blog\/judo-la-france-championne-deurope-juniors-par-equipes\/\"]}]},{\"@type\":\"ImageObject\",\"inLanguage\":\"fr-FR\",\"@id\":\"https:\/\/dicodusport.fr\/blog\/judo-la-france-championne-deurope-juniors-par-equipes\/#primaryimage\",\"url\":\"https:\/\/dicodusport.fr\/blog\/wp-content\/uploads\/2021\/09\/Judo-la-France-championne-dEurope-juniors-par-equipes.jpg\",\"contentUrl\":\"https:\/\/dicodusport.fr\/blog\/wp-content\/uploads\/2021\/09\/Judo-la-France-championne-dEurope-juniors-par-equipes.jpg\",\"width\":800,\"height\":446,\"caption\":\"Judo la France championne d'Europe juniors par \u00e9quipes\"},{\"@type\":\"BreadcrumbList\",\"@id\":\"https:\/\/dicodusport.fr\/blog\/judo-la-france-championne-deurope-juniors-par-equipes\/#breadcrumb\",\"itemListElement\":[{\"@type\":\"ListItem\",\"position\":1,\"name\":\"Accueil\",\"item\":\"https:\/\/dicodusport.fr\/blog\/\"},{\"@type\":\"ListItem\",\"position\":2,\"name\":\"Judo : la France championne d&rsquo;Europe juniors par \u00e9quipes\"}]},{\"@type\":\"WebSite\",\"@id\":\"https:\/\/dicodusport.fr\/blog\/#website\",\"url\":\"https:\/\/dicodusport.fr\/blog\/\",\"name\":\"Dicodusport\",\"description\":\"L&#039;encyclop\u00e9die de l&#039;actualit\u00e9 sportive\",\"publisher\":{\"@id\":\"https:\/\/dicodusport.fr\/blog\/#organization\"},\"potentialAction\":[{\"@type\":\"SearchAction\",\"target\":{\"@type\":\"EntryPoint\",\"urlTemplate\":\"https:\/\/dicodusport.fr\/blog\/?s={search_term_string}\"},\"query-input\":{\"@type\":\"PropertyValueSpecification\",\"valueRequired\":true,\"valueName\":\"search_term_string\"}}],\"inLanguage\":\"fr-FR\"},{\"@type\":\"NewsMediaOrganization\",\"@id\":\"https:\/\/dicodusport.fr\/blog\/#organization\",\"name\":\"Dicodusport\",\"url\":\"https:\/\/dicodusport.fr\/blog\/\",\"logo\":{\"@type\":\"ImageObject\",\"inLanguage\":\"fr-FR\",\"@id\":\"https:\/\/dicodusport.fr\/blog\/#\/schema\/logo\/image\/\",\"url\":\"https:\/\/dicodusport.fr\/blog\/wp-content\/uploads\/2020\/06\/cropped-LOGO-DICODUSPORT-2020-SANS-FOND-SANS-TEXTE.png\",\"contentUrl\":\"https:\/\/dicodusport.fr\/blog\/wp-content\/uploads\/2020\/06\/cropped-LOGO-DICODUSPORT-2020-SANS-FOND-SANS-TEXTE.png\",\"width\":512,\"height\":512,\"caption\":\"Dicodusport\"},\"image\":{\"@id\":\"https:\/\/dicodusport.fr\/blog\/#\/schema\/logo\/image\/\"},\"sameAs\":[\"https:\/\/www.facebook.com\/dicodusport\",\"https:\/\/x.com\/dicodusport\",\"https:\/\/www.instagram.com\/dicodusport\/\",\"https:\/\/www.youtube.com\/channel\/UC7V2KZ5sd3htJivAbA4ZG3w\"],\"description\":\"Dicodusport est l'encyclop\u00e9die de l'actualit\u00e9 sportive.\",\"email\":\"bonjour@dicodusport.fr\",\"legalName\":\"DICODUSPORT\",\"foundingDate\":\"2018-01-14\",\"vatID\":\"FR71834470973\",\"taxID\":\"83447097300043\",\"numberOfEmployees\":{\"@type\":\"QuantitativeValue\",\"minValue\":\"1\",\"maxValue\":\"10\"}},{\"@type\":\"Person\",\"@id\":\"https:\/\/dicodusport.fr\/blog\/#\/schema\/person\/cce96fa88785bd8573e3d43078ac8c79\",\"name\":\"Arlette Yeye\",\"image\":{\"@type\":\"ImageObject\",\"inLanguage\":\"fr-FR\",\"@id\":\"https:\/\/dicodusport.fr\/blog\/#\/schema\/person\/image\/\",\"url\":\"https:\/\/secure.gravatar.com\/avatar\/dca4a6239e6d708e46c45d60e160de6c?s=96&d=wp_user_avatar&r=g\",\"contentUrl\":\"https:\/\/secure.gravatar.com\/avatar\/dca4a6239e6d708e46c45d60e160de6c?s=96&d=wp_user_avatar&r=g\",\"caption\":\"Arlette Yeye\"},\"description\":\"Journaliste\/r\u00e9dactrice depuis septembre 2015 - Supportrice de Chelsea, j'ai pour sports de pr\u00e9dilection le handball, l'athl\u00e9tisme et le tennis. Si je tweete plus vite que mon ombre, vous pouvez aussi me retrouver les week-ends sur les playgrounds de Bruxelles pour un petit foot ou basket entre potes. Parcourir la France, l'Europe et plus si affinit\u00e9s pour suivre mes sportifs pr\u00e9f\u00e9r\u00e9s ? Mon kif ! Et c'est avec plaisir que je partage les r\u00e9sultats des sports populaires mais \u00e9galement plus confidentiels pour Dicodusport.\",\"sameAs\":[\"https:\/\/x.com\/https:\/\/twitter.com\/Shiclette94\"],\"url\":\"https:\/\/dicodusport.fr\/blog\/author\/arlette\/\"}]}<\/script>\n<!-- \/ Yoast SEO Premium plugin. -->","yoast_head_json":{"title":"Judo : la France championne d'Europe juniors par \u00e9quipes","description":"Championnats d'Europe juniors de judo - La France conclut son s\u00e9jour au Luxembourg avec un titre lors de la comp\u00e9tition par \u00e9quipes !","robots":{"index":"index","follow":"follow","max-snippet":"max-snippet:-1","max-image-preview":"max-image-preview:large","max-video-preview":"max-video-preview:-1"},"canonical":"https:\/\/dicodusport.fr\/blog\/judo-la-france-championne-deurope-juniors-par-equipes\/","og_locale":"fr_FR","og_type":"article","og_title":"Judo : la France championne d'Europe juniors par \u00e9quipes","og_description":"Championnats d'Europe juniors de judo - La France conclut son s\u00e9jour au Luxembourg avec un titre lors de la comp\u00e9tition par \u00e9quipes !","og_url":"https:\/\/dicodusport.fr\/blog\/judo-la-france-championne-deurope-juniors-par-equipes\/","og_site_name":"Dicodusport","article_publisher":"https:\/\/www.facebook.com\/dicodusport","article_published_time":"2021-09-12T14:12:30+00:00","article_modified_time":"2021-09-12T17:07:26+00:00","og_image":[{"width":800,"height":446,"url":"https:\/\/dicodusport.fr\/blog\/wp-content\/uploads\/2021\/09\/Judo-la-France-championne-dEurope-juniors-par-equipes.jpg","type":"image\/jpeg"}],"author":"Arlette Yeye","twitter_card":"summary_large_image","twitter_title":"Judo : la France championne d'Europe juniors par \u00e9quipes","twitter_creator":"@https:\/\/twitter.com\/Shiclette94","twitter_site":"@dicodusport","schema":{"@context":"https:\/\/schema.org","@graph":[{"@type":"NewsArticle","@id":"https:\/\/dicodusport.fr\/blog\/judo-la-france-championne-deurope-juniors-par-equipes\/#article","isPartOf":{"@id":"https:\/\/dicodusport.fr\/blog\/judo-la-france-championne-deurope-juniors-par-equipes\/"},"author":{"name":"Arlette Yeye","@id":"https:\/\/dicodusport.fr\/blog\/#\/schema\/person\/cce96fa88785bd8573e3d43078ac8c79"},"headline":"Judo : la France championne d&rsquo;Europe juniors par \u00e9quipes","datePublished":"2021-09-12T14:12:30+00:00","dateModified":"2021-09-12T17:07:26+00:00","mainEntityOfPage":{"@id":"https:\/\/dicodusport.fr\/blog\/judo-la-france-championne-deurope-juniors-par-equipes\/"},"wordCount":604,"commentCount":0,"publisher":{"@id":"https:\/\/dicodusport.fr\/blog\/#organization"},"image":{"@id":"https:\/\/dicodusport.fr\/blog\/judo-la-france-championne-deurope-juniors-par-equipes\/#primaryimage"},"thumbnailUrl":"https:\/\/dicodusport.fr\/blog\/wp-content\/uploads\/2021\/09\/Judo-la-France-championne-dEurope-juniors-par-equipes.jpg","keywords":["Coralie Haym\u00e9","Fa\u00efza Mokdar","Joan-Benjamin Gaba","Judo","L\u00e9a Fontaine","sport"],"articleSection":["Judo"],"inLanguage":"fr-FR","potentialAction":[{"@type":"CommentAction","name":"Comment","target":["https:\/\/dicodusport.fr\/blog\/judo-la-france-championne-deurope-juniors-par-equipes\/#respond"]}],"copyrightYear":"2021","copyrightHolder":{"@id":"https:\/\/dicodusport.fr\/blog\/#organization"}},{"@type":"WebPage","@id":"https:\/\/dicodusport.fr\/blog\/judo-la-france-championne-deurope-juniors-par-equipes\/","url":"https:\/\/dicodusport.fr\/blog\/judo-la-france-championne-deurope-juniors-par-equipes\/","name":"Judo : la France championne d'Europe juniors par \u00e9quipes","isPartOf":{"@id":"https:\/\/dicodusport.fr\/blog\/#website"},"primaryImageOfPage":{"@id":"https:\/\/dicodusport.fr\/blog\/judo-la-france-championne-deurope-juniors-par-equipes\/#primaryimage"},"image":{"@id":"https:\/\/dicodusport.fr\/blog\/judo-la-france-championne-deurope-juniors-par-equipes\/#primaryimage"},"thumbnailUrl":"https:\/\/dicodusport.fr\/blog\/wp-content\/uploads\/2021\/09\/Judo-la-France-championne-dEurope-juniors-par-equipes.jpg","datePublished":"2021-09-12T14:12:30+00:00","dateModified":"2021-09-12T17:07:26+00:00","description":"Championnats d'Europe juniors de judo - La France conclut son s\u00e9jour au Luxembourg avec un titre lors de la comp\u00e9tition par \u00e9quipes !","breadcrumb":{"@id":"https:\/\/dicodusport.fr\/blog\/judo-la-france-championne-deurope-juniors-par-equipes\/#breadcrumb"},"inLanguage":"fr-FR","potentialAction":[{"@type":"ReadAction","target":["https:\/\/dicodusport.fr\/blog\/judo-la-france-championne-deurope-juniors-par-equipes\/"]}]},{"@type":"ImageObject","inLanguage":"fr-FR","@id":"https:\/\/dicodusport.fr\/blog\/judo-la-france-championne-deurope-juniors-par-equipes\/#primaryimage","url":"https:\/\/dicodusport.fr\/blog\/wp-content\/uploads\/2021\/09\/Judo-la-France-championne-dEurope-juniors-par-equipes.jpg","contentUrl":"https:\/\/dicodusport.fr\/blog\/wp-content\/uploads\/2021\/09\/Judo-la-France-championne-dEurope-juniors-par-equipes.jpg","width":800,"height":446,"caption":"Judo la France championne d'Europe juniors par \u00e9quipes"},{"@type":"BreadcrumbList","@id":"https:\/\/dicodusport.fr\/blog\/judo-la-france-championne-deurope-juniors-par-equipes\/#breadcrumb","itemListElement":[{"@type":"ListItem","position":1,"name":"Accueil","item":"https:\/\/dicodusport.fr\/blog\/"},{"@type":"ListItem","position":2,"name":"Judo : la France championne d&rsquo;Europe juniors par \u00e9quipes"}]},{"@type":"WebSite","@id":"https:\/\/dicodusport.fr\/blog\/#website","url":"https:\/\/dicodusport.fr\/blog\/","name":"Dicodusport","description":"L&#039;encyclop\u00e9die de l&#039;actualit\u00e9 sportive","publisher":{"@id":"https:\/\/dicodusport.fr\/blog\/#organization"},"potentialAction":[{"@type":"SearchAction","target":{"@type":"EntryPoint","urlTemplate":"https:\/\/dicodusport.fr\/blog\/?s={search_term_string}"},"query-input":{"@type":"PropertyValueSpecification","valueRequired":true,"valueName":"search_term_string"}}],"inLanguage":"fr-FR"},{"@type":"NewsMediaOrganization","@id":"https:\/\/dicodusport.fr\/blog\/#organization","name":"Dicodusport","url":"https:\/\/dicodusport.fr\/blog\/","logo":{"@type":"ImageObject","inLanguage":"fr-FR","@id":"https:\/\/dicodusport.fr\/blog\/#\/schema\/logo\/image\/","url":"https:\/\/dicodusport.fr\/blog\/wp-content\/uploads\/2020\/06\/cropped-LOGO-DICODUSPORT-2020-SANS-FOND-SANS-TEXTE.png","contentUrl":"https:\/\/dicodusport.fr\/blog\/wp-content\/uploads\/2020\/06\/cropped-LOGO-DICODUSPORT-2020-SANS-FOND-SANS-TEXTE.png","width":512,"height":512,"caption":"Dicodusport"},"image":{"@id":"https:\/\/dicodusport.fr\/blog\/#\/schema\/logo\/image\/"},"sameAs":["https:\/\/www.facebook.com\/dicodusport","https:\/\/x.com\/dicodusport","https:\/\/www.instagram.com\/dicodusport\/","https:\/\/www.youtube.com\/channel\/UC7V2KZ5sd3htJivAbA4ZG3w"],"description":"Dicodusport est l'encyclop\u00e9die de l'actualit\u00e9 sportive.","email":"bonjour@dicodusport.fr","legalName":"DICODUSPORT","foundingDate":"2018-01-14","vatID":"FR71834470973","taxID":"83447097300043","numberOfEmployees":{"@type":"QuantitativeValue","minValue":"1","maxValue":"10"}},{"@type":"Person","@id":"https:\/\/dicodusport.fr\/blog\/#\/schema\/person\/cce96fa88785bd8573e3d43078ac8c79","name":"Arlette Yeye","image":{"@type":"ImageObject","inLanguage":"fr-FR","@id":"https:\/\/dicodusport.fr\/blog\/#\/schema\/person\/image\/","url":"https:\/\/secure.gravatar.com\/avatar\/dca4a6239e6d708e46c45d60e160de6c?s=96&d=wp_user_avatar&r=g","contentUrl":"https:\/\/secure.gravatar.com\/avatar\/dca4a6239e6d708e46c45d60e160de6c?s=96&d=wp_user_avatar&r=g","caption":"Arlette Yeye"},"description":"Journaliste\/r\u00e9dactrice depuis septembre 2015 - Supportrice de Chelsea, j'ai pour sports de pr\u00e9dilection le handball, l'athl\u00e9tisme et le tennis. Si je tweete plus vite que mon ombre, vous pouvez aussi me retrouver les week-ends sur les playgrounds de Bruxelles pour un petit foot ou basket entre potes. Parcourir la France, l'Europe et plus si affinit\u00e9s pour suivre mes sportifs pr\u00e9f\u00e9r\u00e9s ? Mon kif ! Et c'est avec plaisir que je partage les r\u00e9sultats des sports populaires mais \u00e9galement plus confidentiels pour Dicodusport.","sameAs":["https:\/\/x.com\/https:\/\/twitter.com\/Shiclette94"],"url":"https:\/\/dicodusport.fr\/blog\/author\/arlette\/"}]}},"_links":{"self":[{"href":"https:\/\/dicodusport.fr\/blog\/wp-json\/wp\/v2\/posts\/166006","targetHints":{"allow":["GET"]}}],"collection":[{"href":"https:\/\/dicodusport.fr\/blog\/wp-json\/wp\/v2\/posts"}],"about":[{"href":"https:\/\/dicodusport.fr\/blog\/wp-json\/wp\/v2\/types\/post"}],"author":[{"embeddable":true,"href":"https:\/\/dicodusport.fr\/blog\/wp-json\/wp\/v2\/users\/12"}],"replies":[{"embeddable":true,"href":"https:\/\/dicodusport.fr\/blog\/wp-json\/wp\/v2\/comments?post=166006"}],"version-history":[{"count":0,"href":"https:\/\/dicodusport.fr\/blog\/wp-json\/wp\/v2\/posts\/166006\/revisions"}],"wp:featuredmedia":[{"embeddable":true,"href":"https:\/\/dicodusport.fr\/blog\/wp-json\/wp\/v2\/media\/166033"}],"wp:attachment":[{"href":"https:\/\/dicodusport.fr\/blog\/wp-json\/wp\/v2\/media?parent=166006"}],"wp:term":[{"taxonomy":"category","embeddable":true,"href":"https:\/\/dicodusport.fr\/blog\/wp-json\/wp\/v2\/categories?post=166006"},{"taxonomy":"post_tag","embeddable":true,"href":"https:\/\/dicodusport.fr\/blog\/wp-json\/wp\/v2\/tags?post=166006"}],"curies":[{"name":"wp","href":"https:\/\/api.w.org\/{rel}","templated":true}]}}