{"id":166226,"date":"2021-09-13T10:30:12","date_gmt":"2021-09-13T08:30:12","guid":{"rendered":"https:\/\/dicodusport.fr\/blog\/?p=166226&#038;preview=true&#038;preview_id=166226"},"modified":"2021-09-14T14:27:42","modified_gmt":"2021-09-14T12:27:42","slug":"tour-du-luxembourg-2021-le-profil-des-etapes","status":"publish","type":"post","link":"https:\/\/dicodusport.fr\/blog\/tour-du-luxembourg-2021-le-profil-des-etapes\/","title":{"rendered":"Tour de Luxembourg 2021 : le profil des \u00e9tapes"},"content":{"rendered":"<p style=\"text-align: justify;\"><em><strong><a href=\"https:\/\/dicodusport.fr\/blog\/actualites\/cyclisme\/\" target=\"_blank\" rel=\"noopener\">CYCLISME<\/a> &#8211; C&rsquo;est ce mardi 14 septembre que d\u00e9bute le Tour du Luxembourg 2021. D\u00e9couvrez le profil des \u00e9tapes de cette 81\u00e8me \u00e9dition<\/strong><\/em><em><strong>.<br \/>\n<\/strong><\/em><\/p>\n<h2 style=\"text-align: justify;\">1\u00e8re \u00e9tape, Luxembourg-City &#8211; Luxembourg-City : Mardi 14 septembre 2021<\/h2>\n<p style=\"text-align: justify;\">\u00c9tape accident\u00e9e longue de 140 km.<\/p>\n<p><a href=\"https:\/\/dicodusport.fr\/blog\/wp-content\/uploads\/2021\/09\/Tour-du-Luxembourg-2021-Etape-1.png\"><img loading=\"lazy\" decoding=\"async\" class=\"wp-image-166228 size-full aligncenter\" src=\"https:\/\/dicodusport.fr\/blog\/wp-content\/uploads\/2021\/09\/Tour-du-Luxembourg-2021-Etape-1.png\" alt=\"\" width=\"1504\" height=\"632\" srcset=\"https:\/\/dicodusport.fr\/blog\/wp-content\/uploads\/2021\/09\/Tour-du-Luxembourg-2021-Etape-1.png 1504w, https:\/\/dicodusport.fr\/blog\/wp-content\/uploads\/2021\/09\/Tour-du-Luxembourg-2021-Etape-1-300x126.png 300w, https:\/\/dicodusport.fr\/blog\/wp-content\/uploads\/2021\/09\/Tour-du-Luxembourg-2021-Etape-1-1024x430.png 1024w, https:\/\/dicodusport.fr\/blog\/wp-content\/uploads\/2021\/09\/Tour-du-Luxembourg-2021-Etape-1-768x323.png 768w\" sizes=\"auto, (max-width: 1504px) 100vw, 1504px\" \/><\/a><\/p>\n<p style=\"text-align: center;\"><a href=\"http:\/\/dicodusport.fr\/blog\/tour-du-luxembourg-2021-le-profil-des-etapes\/2\/#deux\" class=\"su-button su-button-style-flat\" style=\"color:#FFFFFF;background-color:#005f9b;border-color:#004c7c;border-radius:4px\" target=\"_self\"><span style=\"color:#FFFFFF;padding:0px 20px;font-size:16px;line-height:32px;border-color:#4d8fb9;border-radius:4px;text-shadow:none\"> Deuxi\u00e8me \u00e9tape<\/span><\/a><!--nextpage--><\/p>\n<h2 style=\"text-align: justify;\"><a id=\"deux\"><\/a>2\u00e8me \u00e9tape, Steinfort &#8211; Esch-sur-S\u00fbre : Mercredi 15 septembre 2021<\/h2>\n<p style=\"text-align: justify;\">\u00c9tape accident\u00e9e longue de 186,1 km.<\/p>\n<p><a href=\"https:\/\/dicodusport.fr\/blog\/wp-content\/uploads\/2021\/09\/Tour-du-Luxembourg-2021-Etape-2.png\"><img loading=\"lazy\" decoding=\"async\" class=\"size-full wp-image-166229 aligncenter\" src=\"https:\/\/dicodusport.fr\/blog\/wp-content\/uploads\/2021\/09\/Tour-du-Luxembourg-2021-Etape-2.png\" alt=\"\" width=\"1626\" height=\"780\" srcset=\"https:\/\/dicodusport.fr\/blog\/wp-content\/uploads\/2021\/09\/Tour-du-Luxembourg-2021-Etape-2.png 1626w, https:\/\/dicodusport.fr\/blog\/wp-content\/uploads\/2021\/09\/Tour-du-Luxembourg-2021-Etape-2-300x144.png 300w, https:\/\/dicodusport.fr\/blog\/wp-content\/uploads\/2021\/09\/Tour-du-Luxembourg-2021-Etape-2-1024x491.png 1024w, https:\/\/dicodusport.fr\/blog\/wp-content\/uploads\/2021\/09\/Tour-du-Luxembourg-2021-Etape-2-768x368.png 768w, https:\/\/dicodusport.fr\/blog\/wp-content\/uploads\/2021\/09\/Tour-du-Luxembourg-2021-Etape-2-1536x737.png 1536w\" sizes=\"auto, (max-width: 1626px) 100vw, 1626px\" \/><\/a><\/p>\n<p style=\"text-align: center;\"><a href=\"http:\/\/dicodusport.fr\/blog\/tour-du-luxembourg-2021-le-profil-des-etapes\/3\/#trois\" class=\"su-button su-button-style-flat\" style=\"color:#FFFFFF;background-color:#005f9b;border-color:#004c7c;border-radius:4px\" target=\"_self\"><span style=\"color:#FFFFFF;padding:0px 20px;font-size:16px;line-height:32px;border-color:#4d8fb9;border-radius:4px;text-shadow:none\"> Troisi\u00e8me \u00e9tape<\/span><\/a>\n<p><!--nextpage--><\/p>\n<h2 style=\"text-align: justify;\"><a id=\"trois\"><\/a>3\u00e8me \u00e9tape, Mondorf-les-Bains &#8211; Mamer : Jeudi 16 septembre 2021<\/h2>\n<p style=\"text-align: justify;\">\u00c9tape accident\u00e9e longue de 189,3 km.<\/p>\n<p><a href=\"https:\/\/dicodusport.fr\/blog\/wp-content\/uploads\/2021\/09\/Tour-du-Luxembourg-2021-Etape-3.jpeg\"><img loading=\"lazy\" decoding=\"async\" class=\"size-full wp-image-166230 aligncenter\" src=\"https:\/\/dicodusport.fr\/blog\/wp-content\/uploads\/2021\/09\/Tour-du-Luxembourg-2021-Etape-3.jpeg\" alt=\"\" width=\"1680\" height=\"824\" srcset=\"https:\/\/dicodusport.fr\/blog\/wp-content\/uploads\/2021\/09\/Tour-du-Luxembourg-2021-Etape-3.jpeg 1680w, https:\/\/dicodusport.fr\/blog\/wp-content\/uploads\/2021\/09\/Tour-du-Luxembourg-2021-Etape-3-300x147.jpeg 300w, https:\/\/dicodusport.fr\/blog\/wp-content\/uploads\/2021\/09\/Tour-du-Luxembourg-2021-Etape-3-1024x502.jpeg 1024w, https:\/\/dicodusport.fr\/blog\/wp-content\/uploads\/2021\/09\/Tour-du-Luxembourg-2021-Etape-3-768x377.jpeg 768w, https:\/\/dicodusport.fr\/blog\/wp-content\/uploads\/2021\/09\/Tour-du-Luxembourg-2021-Etape-3-1536x753.jpeg 1536w\" sizes=\"auto, (max-width: 1680px) 100vw, 1680px\" \/><\/a><\/p>\n<p style=\"text-align: center;\"><a href=\"http:\/\/dicodusport.fr\/blog\/tour-du-luxembourg-2021-le-profil-des-etapes\/4\/#quatre\" class=\"su-button su-button-style-flat\" style=\"color:#FFFFFF;background-color:#005f9b;border-color:#004c7c;border-radius:4px\" target=\"_self\"><span style=\"color:#FFFFFF;padding:0px 20px;font-size:16px;line-height:32px;border-color:#4d8fb9;border-radius:4px;text-shadow:none\"> Quatri\u00e8me \u00e9tape<\/span><\/a>\n<p><!--nextpage--><\/p>\n<h2 style=\"text-align: justify;\"><a id=\"quatre\"><\/a>4\u00e8me \u00e9tape, Dudelange &#8211; Dudelange : Vendredi 17 septembre 2021<\/h2>\n<p style=\"text-align: justify;\">Contre-la-montre individuel de 25 km.<\/p>\n<p><a href=\"https:\/\/dicodusport.fr\/blog\/wp-content\/uploads\/2021\/09\/Tour-du-Luxembourg-2021-Etape-4.jpeg\"><img loading=\"lazy\" decoding=\"async\" class=\"size-full wp-image-166231 aligncenter\" src=\"https:\/\/dicodusport.fr\/blog\/wp-content\/uploads\/2021\/09\/Tour-du-Luxembourg-2021-Etape-4.jpeg\" alt=\"\" width=\"1250\" height=\"625\" srcset=\"https:\/\/dicodusport.fr\/blog\/wp-content\/uploads\/2021\/09\/Tour-du-Luxembourg-2021-Etape-4.jpeg 1250w, https:\/\/dicodusport.fr\/blog\/wp-content\/uploads\/2021\/09\/Tour-du-Luxembourg-2021-Etape-4-300x150.jpeg 300w, https:\/\/dicodusport.fr\/blog\/wp-content\/uploads\/2021\/09\/Tour-du-Luxembourg-2021-Etape-4-1024x512.jpeg 1024w, https:\/\/dicodusport.fr\/blog\/wp-content\/uploads\/2021\/09\/Tour-du-Luxembourg-2021-Etape-4-768x384.jpeg 768w\" sizes=\"auto, (max-width: 1250px) 100vw, 1250px\" \/><\/a><\/p>\n<p style=\"text-align: center;\"><a href=\"http:\/\/dicodusport.fr\/blog\/tour-du-luxembourg-2021-le-profil-des-etapes\/5\/#cinq\" class=\"su-button su-button-style-flat\" style=\"color:#FFFFFF;background-color:#005f9b;border-color:#004c7c;border-radius:4px\" target=\"_self\"><span style=\"color:#FFFFFF;padding:0px 20px;font-size:16px;line-height:32px;border-color:#4d8fb9;border-radius:4px;text-shadow:none\"> Cinqui\u00e8me \u00e9tape<\/span><\/a>\n<p><!--nextpage--><\/p>\n<h2 style=\"text-align: justify;\"><a id=\"cinq\"><\/a>5\u00e8me \u00e9tape, Mersch &#8211; Luxembourg-City : Samedi 18 septembre 2021<\/h2>\n<p style=\"text-align: justify;\">\u00c9tape accident\u00e9e longue de 183,7 km.<\/p>\n<p><a href=\"https:\/\/dicodusport.fr\/blog\/wp-content\/uploads\/2021\/09\/Tour-du-Luxembourg-2021-Etape-5.jpeg\"><img loading=\"lazy\" decoding=\"async\" class=\"size-full wp-image-166232 aligncenter\" src=\"https:\/\/dicodusport.fr\/blog\/wp-content\/uploads\/2021\/09\/Tour-du-Luxembourg-2021-Etape-5.jpeg\" alt=\"\" width=\"1680\" height=\"832\" srcset=\"https:\/\/dicodusport.fr\/blog\/wp-content\/uploads\/2021\/09\/Tour-du-Luxembourg-2021-Etape-5.jpeg 1680w, https:\/\/dicodusport.fr\/blog\/wp-content\/uploads\/2021\/09\/Tour-du-Luxembourg-2021-Etape-5-300x149.jpeg 300w, https:\/\/dicodusport.fr\/blog\/wp-content\/uploads\/2021\/09\/Tour-du-Luxembourg-2021-Etape-5-1024x507.jpeg 1024w, https:\/\/dicodusport.fr\/blog\/wp-content\/uploads\/2021\/09\/Tour-du-Luxembourg-2021-Etape-5-768x380.jpeg 768w, https:\/\/dicodusport.fr\/blog\/wp-content\/uploads\/2021\/09\/Tour-du-Luxembourg-2021-Etape-5-1536x761.jpeg 1536w\" sizes=\"auto, (max-width: 1680px) 100vw, 1680px\" \/><\/a><\/p>\n<p style=\"text-align: center;\"><a href=\"http:\/\/dicodusport.fr\/blog\/tour-du-luxembourg-2021-le-profil-des-etapes\" class=\"su-button su-button-style-flat\" style=\"color:#FFFFFF;background-color:#005f9b;border-color:#004c7c;border-radius:4px\" target=\"_self\"><span style=\"color:#FFFFFF;padding:0px 20px;font-size:16px;line-height:32px;border-color:#4d8fb9;border-radius:4px;text-shadow:none\"> Revenir au d\u00e9but<\/span><\/a>\n<h2 style=\"text-align: justify;\">\u00c0 lire aussi<\/h2>\n<ul>\n<li style=\"text-align: justify;\"><strong>La liste des engag\u00e9s du Tour du Luxembourg<\/strong><\/li>\n<\/ul>\n","protected":false},"excerpt":{"rendered":"<p>CYCLISME &#8211; C&rsquo;est ce mardi 14 septembre que d\u00e9bute le Tour du Luxembourg 2021. D\u00e9couvrez le profil des \u00e9tapes de cette 81\u00e8me \u00e9dition.<\/p>\n","protected":false},"author":1,"featured_media":166233,"comment_status":"open","ping_status":"closed","sticky":false,"template":"","format":"standard","meta":{"_acf_changed":false,"_daextam_enable_autolinks":"","footnotes":""},"categories":[2307],"tags":[19186],"class_list":["post-166226","post","type-post","status-publish","format-standard","has-post-thumbnail","hentry","category-cyclisme","tag-tour-du-luxembourg"],"acf":[],"yoast_head":"<!-- This site is optimized with the Yoast SEO Premium plugin v26.7 (Yoast SEO v26.7) - https:\/\/yoast.com\/wordpress\/plugins\/seo\/ -->\n<title>Tour de Luxembourg 2021 : le profil des \u00e9tapes<\/title>\n<meta name=\"description\" content=\"CYCLISME - C&#039;est ce mardi 14 septembre que d\u00e9bute le Tour du Luxembourg 2021. D\u00e9couvrez le profil des \u00e9tapes de cette 81\u00e8me \u00e9dition.\" \/>\n<meta name=\"robots\" content=\"index, follow, max-snippet:-1, max-image-preview:large, max-video-preview:-1\" \/>\n<link rel=\"canonical\" href=\"https:\/\/dicodusport.fr\/blog\/tour-du-luxembourg-2021-le-profil-des-etapes\/\" \/>\n<link rel=\"next\" href=\"https:\/\/dicodusport.fr\/blog\/tour-du-luxembourg-2021-le-profil-des-etapes\/2\/\" \/>\n<meta property=\"og:locale\" content=\"fr_FR\" \/>\n<meta property=\"og:type\" content=\"article\" \/>\n<meta property=\"og:title\" content=\"Tour de Luxembourg 2021 : le profil des \u00e9tapes\" \/>\n<meta property=\"og:description\" content=\"CYCLISME - C&#039;est ce mardi 14 septembre que d\u00e9bute le Tour du Luxembourg 2021. D\u00e9couvrez le profil des \u00e9tapes de cette 81\u00e8me \u00e9dition.\" \/>\n<meta property=\"og:url\" content=\"https:\/\/dicodusport.fr\/blog\/tour-du-luxembourg-2021-le-profil-des-etapes\/\" \/>\n<meta property=\"og:site_name\" content=\"Dicodusport\" \/>\n<meta property=\"article:publisher\" content=\"https:\/\/www.facebook.com\/dicodusport\" \/>\n<meta property=\"article:author\" content=\"https:\/\/www.facebook.com\/dicodusport\" \/>\n<meta property=\"article:published_time\" content=\"2021-09-13T08:30:12+00:00\" \/>\n<meta property=\"article:modified_time\" content=\"2021-09-14T12:27:42+00:00\" \/>\n<meta property=\"og:image\" content=\"https:\/\/dicodusport.fr\/blog\/wp-content\/uploads\/2021\/09\/Tour-du-Luxembourg-2021-le-profil-des-e\u0301tapes.png\" \/>\n\t<meta property=\"og:image:width\" content=\"800\" \/>\n\t<meta property=\"og:image:height\" content=\"445\" \/>\n\t<meta property=\"og:image:type\" content=\"image\/png\" \/>\n<meta name=\"author\" content=\"Nicolas Jacquemard\" \/>\n<meta name=\"twitter:card\" content=\"summary_large_image\" \/>\n<meta name=\"twitter:title\" content=\"Tour de Luxembourg 2021 : le profil des \u00e9tapes\" \/>\n<meta name=\"twitter:creator\" content=\"@https:\/\/twitter.com\/Nico_Jacquemard\" \/>\n<meta name=\"twitter:site\" content=\"@dicodusport\" \/>\n<script type=\"application\/ld+json\" class=\"yoast-schema-graph\">{\"@context\":\"https:\/\/schema.org\",\"@graph\":[{\"@type\":\"NewsArticle\",\"@id\":\"https:\/\/dicodusport.fr\/blog\/tour-du-luxembourg-2021-le-profil-des-etapes\/#article\",\"isPartOf\":{\"@id\":\"https:\/\/dicodusport.fr\/blog\/tour-du-luxembourg-2021-le-profil-des-etapes\/\"},\"author\":{\"name\":\"Nicolas Jacquemard\",\"@id\":\"https:\/\/dicodusport.fr\/blog\/#\/schema\/person\/55dcb50ad410894e431ed812bbb70191\"},\"headline\":\"Tour de Luxembourg 2021 : le profil des \u00e9tapes\",\"datePublished\":\"2021-09-13T08:30:12+00:00\",\"dateModified\":\"2021-09-14T12:27:42+00:00\",\"mainEntityOfPage\":{\"@id\":\"https:\/\/dicodusport.fr\/blog\/tour-du-luxembourg-2021-le-profil-des-etapes\/\"},\"wordCount\":216,\"commentCount\":0,\"publisher\":{\"@id\":\"https:\/\/dicodusport.fr\/blog\/#organization\"},\"image\":{\"@id\":\"https:\/\/dicodusport.fr\/blog\/tour-du-luxembourg-2021-le-profil-des-etapes\/#primaryimage\"},\"thumbnailUrl\":\"https:\/\/dicodusport.fr\/blog\/wp-content\/uploads\/2021\/09\/Tour-du-Luxembourg-2021-le-profil-des-e\u0301tapes.png\",\"keywords\":[\"Tour du Luxembourg\"],\"articleSection\":[\"Cyclisme\"],\"inLanguage\":\"fr-FR\",\"potentialAction\":[{\"@type\":\"CommentAction\",\"name\":\"Comment\",\"target\":[\"https:\/\/dicodusport.fr\/blog\/tour-du-luxembourg-2021-le-profil-des-etapes\/#respond\"]}],\"copyrightYear\":\"2021\",\"copyrightHolder\":{\"@id\":\"https:\/\/dicodusport.fr\/blog\/#organization\"}},{\"@type\":\"WebPage\",\"@id\":\"https:\/\/dicodusport.fr\/blog\/tour-du-luxembourg-2021-le-profil-des-etapes\/\",\"url\":\"https:\/\/dicodusport.fr\/blog\/tour-du-luxembourg-2021-le-profil-des-etapes\/\",\"name\":\"Tour de Luxembourg 2021 : le profil des \u00e9tapes\",\"isPartOf\":{\"@id\":\"https:\/\/dicodusport.fr\/blog\/#website\"},\"primaryImageOfPage\":{\"@id\":\"https:\/\/dicodusport.fr\/blog\/tour-du-luxembourg-2021-le-profil-des-etapes\/#primaryimage\"},\"image\":{\"@id\":\"https:\/\/dicodusport.fr\/blog\/tour-du-luxembourg-2021-le-profil-des-etapes\/#primaryimage\"},\"thumbnailUrl\":\"https:\/\/dicodusport.fr\/blog\/wp-content\/uploads\/2021\/09\/Tour-du-Luxembourg-2021-le-profil-des-e\u0301tapes.png\",\"datePublished\":\"2021-09-13T08:30:12+00:00\",\"dateModified\":\"2021-09-14T12:27:42+00:00\",\"description\":\"CYCLISME - C'est ce mardi 14 septembre que d\u00e9bute le Tour du Luxembourg 2021. D\u00e9couvrez le profil des \u00e9tapes de cette 81\u00e8me \u00e9dition.\",\"inLanguage\":\"fr-FR\",\"potentialAction\":[{\"@type\":\"ReadAction\",\"target\":[\"https:\/\/dicodusport.fr\/blog\/tour-du-luxembourg-2021-le-profil-des-etapes\/\"]}]},{\"@type\":\"ImageObject\",\"inLanguage\":\"fr-FR\",\"@id\":\"https:\/\/dicodusport.fr\/blog\/tour-du-luxembourg-2021-le-profil-des-etapes\/#primaryimage\",\"url\":\"https:\/\/dicodusport.fr\/blog\/wp-content\/uploads\/2021\/09\/Tour-du-Luxembourg-2021-le-profil-des-e\u0301tapes.png\",\"contentUrl\":\"https:\/\/dicodusport.fr\/blog\/wp-content\/uploads\/2021\/09\/Tour-du-Luxembourg-2021-le-profil-des-e\u0301tapes.png\",\"width\":800,\"height\":445},{\"@type\":\"WebSite\",\"@id\":\"https:\/\/dicodusport.fr\/blog\/#website\",\"url\":\"https:\/\/dicodusport.fr\/blog\/\",\"name\":\"Dicodusport\",\"description\":\"L&#039;encyclop\u00e9die de l&#039;actualit\u00e9 sportive\",\"publisher\":{\"@id\":\"https:\/\/dicodusport.fr\/blog\/#organization\"},\"potentialAction\":[{\"@type\":\"SearchAction\",\"target\":{\"@type\":\"EntryPoint\",\"urlTemplate\":\"https:\/\/dicodusport.fr\/blog\/?s={search_term_string}\"},\"query-input\":{\"@type\":\"PropertyValueSpecification\",\"valueRequired\":true,\"valueName\":\"search_term_string\"}}],\"inLanguage\":\"fr-FR\"},{\"@type\":\"NewsMediaOrganization\",\"@id\":\"https:\/\/dicodusport.fr\/blog\/#organization\",\"name\":\"Dicodusport\",\"url\":\"https:\/\/dicodusport.fr\/blog\/\",\"logo\":{\"@type\":\"ImageObject\",\"inLanguage\":\"fr-FR\",\"@id\":\"https:\/\/dicodusport.fr\/blog\/#\/schema\/logo\/image\/\",\"url\":\"https:\/\/dicodusport.fr\/blog\/wp-content\/uploads\/2020\/06\/cropped-LOGO-DICODUSPORT-2020-SANS-FOND-SANS-TEXTE.png\",\"contentUrl\":\"https:\/\/dicodusport.fr\/blog\/wp-content\/uploads\/2020\/06\/cropped-LOGO-DICODUSPORT-2020-SANS-FOND-SANS-TEXTE.png\",\"width\":512,\"height\":512,\"caption\":\"Dicodusport\"},\"image\":{\"@id\":\"https:\/\/dicodusport.fr\/blog\/#\/schema\/logo\/image\/\"},\"sameAs\":[\"https:\/\/www.facebook.com\/dicodusport\",\"https:\/\/x.com\/dicodusport\",\"https:\/\/www.instagram.com\/dicodusport\/\",\"https:\/\/www.youtube.com\/channel\/UC7V2KZ5sd3htJivAbA4ZG3w\"],\"description\":\"Dicodusport est l'encyclop\u00e9die de l'actualit\u00e9 sportive.\",\"email\":\"bonjour@dicodusport.fr\",\"legalName\":\"DICODUSPORT\",\"foundingDate\":\"2018-01-14\",\"vatID\":\"FR71834470973\",\"taxID\":\"83447097300043\",\"numberOfEmployees\":{\"@type\":\"QuantitativeValue\",\"minValue\":\"1\",\"maxValue\":\"10\"}},{\"@type\":\"Person\",\"@id\":\"https:\/\/dicodusport.fr\/blog\/#\/schema\/person\/55dcb50ad410894e431ed812bbb70191\",\"name\":\"Nicolas Jacquemard\",\"image\":{\"@type\":\"ImageObject\",\"inLanguage\":\"fr-FR\",\"@id\":\"https:\/\/dicodusport.fr\/blog\/#\/schema\/person\/image\/\",\"url\":\"https:\/\/dicodusport.fr\/blog\/wp-content\/uploads\/2021\/05\/Nicolas-Jacquemard-150x150.jpeg\",\"contentUrl\":\"https:\/\/dicodusport.fr\/blog\/wp-content\/uploads\/2021\/05\/Nicolas-Jacquemard-150x150.jpeg\",\"caption\":\"Nicolas Jacquemard\"},\"description\":\"Passionn\u00e9 de sport et entrepreneur depuis mes 18 ans, la cr\u00e9ation de Dicodusport m'a sembl\u00e9 \u00e9vidente pour participer \u00e0 la m\u00e9diatisation d'un plus grand nombre de sports. Le chemin est long mais avec une \u00e9quipe des plus motiv\u00e9es et les Jeux Olympiques de Paris 2024 en point de mire, nous y arriverons ! Journaliste dans le monde du sport depuis plus de 5 ans, je traite aussi bien de football, de rugby, de biathlon que de cyclisme.\",\"sameAs\":[\"https:\/\/www.facebook.com\/dicodusport\",\"https:\/\/x.com\/https:\/\/twitter.com\/Nico_Jacquemard\"],\"url\":\"https:\/\/dicodusport.fr\/blog\/author\/dicodusport\/\"}]}<\/script>\n<!-- \/ Yoast SEO Premium plugin. -->","yoast_head_json":{"title":"Tour de Luxembourg 2021 : le profil des \u00e9tapes","description":"CYCLISME - C'est ce mardi 14 septembre que d\u00e9bute le Tour du Luxembourg 2021. D\u00e9couvrez le profil des \u00e9tapes de cette 81\u00e8me \u00e9dition.","robots":{"index":"index","follow":"follow","max-snippet":"max-snippet:-1","max-image-preview":"max-image-preview:large","max-video-preview":"max-video-preview:-1"},"canonical":"https:\/\/dicodusport.fr\/blog\/tour-du-luxembourg-2021-le-profil-des-etapes\/","next":"https:\/\/dicodusport.fr\/blog\/tour-du-luxembourg-2021-le-profil-des-etapes\/2\/","og_locale":"fr_FR","og_type":"article","og_title":"Tour de Luxembourg 2021 : le profil des \u00e9tapes","og_description":"CYCLISME - C'est ce mardi 14 septembre que d\u00e9bute le Tour du Luxembourg 2021. D\u00e9couvrez le profil des \u00e9tapes de cette 81\u00e8me \u00e9dition.","og_url":"https:\/\/dicodusport.fr\/blog\/tour-du-luxembourg-2021-le-profil-des-etapes\/","og_site_name":"Dicodusport","article_publisher":"https:\/\/www.facebook.com\/dicodusport","article_author":"https:\/\/www.facebook.com\/dicodusport","article_published_time":"2021-09-13T08:30:12+00:00","article_modified_time":"2021-09-14T12:27:42+00:00","og_image":[{"width":800,"height":445,"url":"https:\/\/dicodusport.fr\/blog\/wp-content\/uploads\/2021\/09\/Tour-du-Luxembourg-2021-le-profil-des-e\u0301tapes.png","type":"image\/png"}],"author":"Nicolas Jacquemard","twitter_card":"summary_large_image","twitter_title":"Tour de Luxembourg 2021 : le profil des \u00e9tapes","twitter_creator":"@https:\/\/twitter.com\/Nico_Jacquemard","twitter_site":"@dicodusport","schema":{"@context":"https:\/\/schema.org","@graph":[{"@type":"NewsArticle","@id":"https:\/\/dicodusport.fr\/blog\/tour-du-luxembourg-2021-le-profil-des-etapes\/#article","isPartOf":{"@id":"https:\/\/dicodusport.fr\/blog\/tour-du-luxembourg-2021-le-profil-des-etapes\/"},"author":{"name":"Nicolas Jacquemard","@id":"https:\/\/dicodusport.fr\/blog\/#\/schema\/person\/55dcb50ad410894e431ed812bbb70191"},"headline":"Tour de Luxembourg 2021 : le profil des \u00e9tapes","datePublished":"2021-09-13T08:30:12+00:00","dateModified":"2021-09-14T12:27:42+00:00","mainEntityOfPage":{"@id":"https:\/\/dicodusport.fr\/blog\/tour-du-luxembourg-2021-le-profil-des-etapes\/"},"wordCount":216,"commentCount":0,"publisher":{"@id":"https:\/\/dicodusport.fr\/blog\/#organization"},"image":{"@id":"https:\/\/dicodusport.fr\/blog\/tour-du-luxembourg-2021-le-profil-des-etapes\/#primaryimage"},"thumbnailUrl":"https:\/\/dicodusport.fr\/blog\/wp-content\/uploads\/2021\/09\/Tour-du-Luxembourg-2021-le-profil-des-e\u0301tapes.png","keywords":["Tour du Luxembourg"],"articleSection":["Cyclisme"],"inLanguage":"fr-FR","potentialAction":[{"@type":"CommentAction","name":"Comment","target":["https:\/\/dicodusport.fr\/blog\/tour-du-luxembourg-2021-le-profil-des-etapes\/#respond"]}],"copyrightYear":"2021","copyrightHolder":{"@id":"https:\/\/dicodusport.fr\/blog\/#organization"}},{"@type":"WebPage","@id":"https:\/\/dicodusport.fr\/blog\/tour-du-luxembourg-2021-le-profil-des-etapes\/","url":"https:\/\/dicodusport.fr\/blog\/tour-du-luxembourg-2021-le-profil-des-etapes\/","name":"Tour de Luxembourg 2021 : le profil des \u00e9tapes","isPartOf":{"@id":"https:\/\/dicodusport.fr\/blog\/#website"},"primaryImageOfPage":{"@id":"https:\/\/dicodusport.fr\/blog\/tour-du-luxembourg-2021-le-profil-des-etapes\/#primaryimage"},"image":{"@id":"https:\/\/dicodusport.fr\/blog\/tour-du-luxembourg-2021-le-profil-des-etapes\/#primaryimage"},"thumbnailUrl":"https:\/\/dicodusport.fr\/blog\/wp-content\/uploads\/2021\/09\/Tour-du-Luxembourg-2021-le-profil-des-e\u0301tapes.png","datePublished":"2021-09-13T08:30:12+00:00","dateModified":"2021-09-14T12:27:42+00:00","description":"CYCLISME - C'est ce mardi 14 septembre que d\u00e9bute le Tour du Luxembourg 2021. D\u00e9couvrez le profil des \u00e9tapes de cette 81\u00e8me \u00e9dition.","inLanguage":"fr-FR","potentialAction":[{"@type":"ReadAction","target":["https:\/\/dicodusport.fr\/blog\/tour-du-luxembourg-2021-le-profil-des-etapes\/"]}]},{"@type":"ImageObject","inLanguage":"fr-FR","@id":"https:\/\/dicodusport.fr\/blog\/tour-du-luxembourg-2021-le-profil-des-etapes\/#primaryimage","url":"https:\/\/dicodusport.fr\/blog\/wp-content\/uploads\/2021\/09\/Tour-du-Luxembourg-2021-le-profil-des-e\u0301tapes.png","contentUrl":"https:\/\/dicodusport.fr\/blog\/wp-content\/uploads\/2021\/09\/Tour-du-Luxembourg-2021-le-profil-des-e\u0301tapes.png","width":800,"height":445},{"@type":"WebSite","@id":"https:\/\/dicodusport.fr\/blog\/#website","url":"https:\/\/dicodusport.fr\/blog\/","name":"Dicodusport","description":"L&#039;encyclop\u00e9die de l&#039;actualit\u00e9 sportive","publisher":{"@id":"https:\/\/dicodusport.fr\/blog\/#organization"},"potentialAction":[{"@type":"SearchAction","target":{"@type":"EntryPoint","urlTemplate":"https:\/\/dicodusport.fr\/blog\/?s={search_term_string}"},"query-input":{"@type":"PropertyValueSpecification","valueRequired":true,"valueName":"search_term_string"}}],"inLanguage":"fr-FR"},{"@type":"NewsMediaOrganization","@id":"https:\/\/dicodusport.fr\/blog\/#organization","name":"Dicodusport","url":"https:\/\/dicodusport.fr\/blog\/","logo":{"@type":"ImageObject","inLanguage":"fr-FR","@id":"https:\/\/dicodusport.fr\/blog\/#\/schema\/logo\/image\/","url":"https:\/\/dicodusport.fr\/blog\/wp-content\/uploads\/2020\/06\/cropped-LOGO-DICODUSPORT-2020-SANS-FOND-SANS-TEXTE.png","contentUrl":"https:\/\/dicodusport.fr\/blog\/wp-content\/uploads\/2020\/06\/cropped-LOGO-DICODUSPORT-2020-SANS-FOND-SANS-TEXTE.png","width":512,"height":512,"caption":"Dicodusport"},"image":{"@id":"https:\/\/dicodusport.fr\/blog\/#\/schema\/logo\/image\/"},"sameAs":["https:\/\/www.facebook.com\/dicodusport","https:\/\/x.com\/dicodusport","https:\/\/www.instagram.com\/dicodusport\/","https:\/\/www.youtube.com\/channel\/UC7V2KZ5sd3htJivAbA4ZG3w"],"description":"Dicodusport est l'encyclop\u00e9die de l'actualit\u00e9 sportive.","email":"bonjour@dicodusport.fr","legalName":"DICODUSPORT","foundingDate":"2018-01-14","vatID":"FR71834470973","taxID":"83447097300043","numberOfEmployees":{"@type":"QuantitativeValue","minValue":"1","maxValue":"10"}},{"@type":"Person","@id":"https:\/\/dicodusport.fr\/blog\/#\/schema\/person\/55dcb50ad410894e431ed812bbb70191","name":"Nicolas Jacquemard","image":{"@type":"ImageObject","inLanguage":"fr-FR","@id":"https:\/\/dicodusport.fr\/blog\/#\/schema\/person\/image\/","url":"https:\/\/dicodusport.fr\/blog\/wp-content\/uploads\/2021\/05\/Nicolas-Jacquemard-150x150.jpeg","contentUrl":"https:\/\/dicodusport.fr\/blog\/wp-content\/uploads\/2021\/05\/Nicolas-Jacquemard-150x150.jpeg","caption":"Nicolas Jacquemard"},"description":"Passionn\u00e9 de sport et entrepreneur depuis mes 18 ans, la cr\u00e9ation de Dicodusport m'a sembl\u00e9 \u00e9vidente pour participer \u00e0 la m\u00e9diatisation d'un plus grand nombre de sports. Le chemin est long mais avec une \u00e9quipe des plus motiv\u00e9es et les Jeux Olympiques de Paris 2024 en point de mire, nous y arriverons ! Journaliste dans le monde du sport depuis plus de 5 ans, je traite aussi bien de football, de rugby, de biathlon que de cyclisme.","sameAs":["https:\/\/www.facebook.com\/dicodusport","https:\/\/x.com\/https:\/\/twitter.com\/Nico_Jacquemard"],"url":"https:\/\/dicodusport.fr\/blog\/author\/dicodusport\/"}]}},"_links":{"self":[{"href":"https:\/\/dicodusport.fr\/blog\/wp-json\/wp\/v2\/posts\/166226","targetHints":{"allow":["GET"]}}],"collection":[{"href":"https:\/\/dicodusport.fr\/blog\/wp-json\/wp\/v2\/posts"}],"about":[{"href":"https:\/\/dicodusport.fr\/blog\/wp-json\/wp\/v2\/types\/post"}],"author":[{"embeddable":true,"href":"https:\/\/dicodusport.fr\/blog\/wp-json\/wp\/v2\/users\/1"}],"replies":[{"embeddable":true,"href":"https:\/\/dicodusport.fr\/blog\/wp-json\/wp\/v2\/comments?post=166226"}],"version-history":[{"count":0,"href":"https:\/\/dicodusport.fr\/blog\/wp-json\/wp\/v2\/posts\/166226\/revisions"}],"wp:featuredmedia":[{"embeddable":true,"href":"https:\/\/dicodusport.fr\/blog\/wp-json\/wp\/v2\/media\/166233"}],"wp:attachment":[{"href":"https:\/\/dicodusport.fr\/blog\/wp-json\/wp\/v2\/media?parent=166226"}],"wp:term":[{"taxonomy":"category","embeddable":true,"href":"https:\/\/dicodusport.fr\/blog\/wp-json\/wp\/v2\/categories?post=166226"},{"taxonomy":"post_tag","embeddable":true,"href":"https:\/\/dicodusport.fr\/blog\/wp-json\/wp\/v2\/tags?post=166226"}],"curies":[{"name":"wp","href":"https:\/\/api.w.org\/{rel}","templated":true}]}}