{"id":166244,"date":"2021-09-13T14:36:24","date_gmt":"2021-09-13T12:36:24","guid":{"rendered":"https:\/\/dicodusport.fr\/blog\/?p=166244&#038;preview=true&#038;preview_id=166244"},"modified":"2021-09-13T14:37:01","modified_gmt":"2021-09-13T12:37:01","slug":"mathieu-van-der-poel-optimiste-pour-les-mondiaux-et-paris-roubaix","status":"publish","type":"post","link":"https:\/\/dicodusport.fr\/blog\/mathieu-van-der-poel-optimiste-pour-les-mondiaux-et-paris-roubaix\/","title":{"rendered":"Mathieu Van der Poel optimiste pour les Mondiaux et Paris Roubaix"},"content":{"rendered":"<p style=\"text-align: justify;\"><em><b>CYCLISME &#8211; <a href=\"https:\/\/dicodusport.fr\/blog\/antwerp-port-epic-2021-le-classement\/\">Vainqueur de l&rsquo;Antwerp Port Epic<\/a> dimanche, Mathieu van der Poel (Alpecin-Fenix) se veut optimiste quand \u00e0 sa participation aux championnats du monde en Belgique et \u00e0 Paris-Roubaix.\u00a0<\/b><\/em><\/p>\n<p style=\"text-align: justify;\">\u00c0 l&rsquo;offensive lors du final de la course belge dimanche, <strong>MVDP<\/strong> s&rsquo;est rassur\u00e9 sur un parcours difficile avec de nombreux chemins de terre et passages pav\u00e9s. S&rsquo;il a eu des douleurs au dos dans la derni\u00e8re heure de course, <strong>Mathieu van der Poel<\/strong> \u00e9tait optimiste \u00e0 l&rsquo;arriv\u00e9e sur sa participation aux deux grands \u00e9v\u00e9nements de la fin de saison, les Mondiaux en Belgique puis Paris-Roubaix.<\/p>\n<blockquote>\n<p style=\"text-align: justify;\">Si je devais estimer mes chances de participation, je pense qu&rsquo;elles sont sup\u00e9rieures \u00e0 50 %. J&rsquo;ai tout fait pour tester mon dos, j&rsquo;ai volontairement provoqu\u00e9 la s\u00e9lection tr\u00e8s t\u00f4t pour voir comment je r\u00e9agissais. Cela a \u00e9t\u00e9 tr\u00e8s instructif. Je prendrai ma d\u00e9cision pour la fin de saison cette semaine. &#8211; <em>Propos rapport\u00e9s par L&rsquo;\u00c9quipe<\/em><\/p>\n<\/blockquote>\n<p style=\"text-align: justify;\">Deuxi\u00e8me du Tour des Flandres au printemps apr\u00e8s l&rsquo;avoir remport\u00e9 en 2020, <strong>Mathieu van der Poel<\/strong> sera un des favoris des championnats du monde s&rsquo;il est bien au d\u00e9part, au m\u00eame titre que son rival de toujours, <strong>Wout Van Aert<\/strong>.<\/p>\n<blockquote class=\"twitter-tweet\">\n<p dir=\"ltr\" lang=\"fr\"><a href=\"https:\/\/twitter.com\/hashtag\/cyclisme?src=hash&amp;ref_src=twsrc%5Etfw\">#cyclisme<\/a> Cyclisme &#8211; Mondiaux (H) &#8211; Mathieu Van der Poel se veut optimiste pour les Mondiaux et Paris-Roubaix <a href=\"https:\/\/t.co\/8G8BM8FaRc\">https:\/\/t.co\/8G8BM8FaRc<\/a> <a href=\"https:\/\/twitter.com\/hashtag\/v%C3%A9lo?src=hash&amp;ref_src=twsrc%5Etfw\">#v\u00e9lo<\/a><\/p>\n<p>\u2014 Actu Cyclisme (@ActuCyclisme365) <a href=\"https:\/\/twitter.com\/ActuCyclisme365\/status\/1437366527410462720?ref_src=twsrc%5Etfw\">September 13, 2021<\/a><\/p><\/blockquote>\n<p><script async src=\"https:\/\/platform.twitter.com\/widgets.js\" charset=\"utf-8\"><\/script><\/p>\n","protected":false},"excerpt":{"rendered":"<p>CYCLISME &#8211; Vainqueur de l&rsquo;Antwerp Port Epic dimanche, Mathieu van der Poel (Alpecin-Fenix) se veut optimiste quand \u00e0 sa participation aux championnats du monde en Belgique et \u00e0 Paris-Roubaix.\u00a0<\/p>\n","protected":false},"author":1,"featured_media":166246,"comment_status":"open","ping_status":"closed","sticky":false,"template":"","format":"standard","meta":{"_acf_changed":false,"_daextam_enable_autolinks":"","footnotes":""},"categories":[2307],"tags":[6597,4164,9202],"class_list":["post-166244","post","type-post","status-publish","format-standard","has-post-thumbnail","hentry","category-cyclisme","tag-mathieu-van-der-poel","tag-paris-roubaix","tag-van-der-poel"],"acf":[],"yoast_head":"<!-- This site is optimized with the Yoast SEO Premium plugin v26.7 (Yoast SEO v26.7) - https:\/\/yoast.com\/wordpress\/plugins\/seo\/ -->\n<title>Mathieu Van der Poel optimiste pour les Mondiaux et Paris Roubaix<\/title>\n<meta name=\"description\" content=\"CYCLISME - Vainqueur de l&#039;Antwerp Port Epic dimanche, Mathieu van der Poel (Alpecin-Fenix) se veut optimiste pour la suite.\" \/>\n<meta name=\"robots\" content=\"index, follow, max-snippet:-1, max-image-preview:large, max-video-preview:-1\" \/>\n<link rel=\"canonical\" href=\"https:\/\/dicodusport.fr\/blog\/mathieu-van-der-poel-optimiste-pour-les-mondiaux-et-paris-roubaix\/\" \/>\n<meta property=\"og:locale\" content=\"fr_FR\" \/>\n<meta property=\"og:type\" content=\"article\" \/>\n<meta property=\"og:title\" content=\"Mathieu Van der Poel optimiste pour les Mondiaux et Paris Roubaix\" \/>\n<meta property=\"og:description\" content=\"CYCLISME - Vainqueur de l&#039;Antwerp Port Epic dimanche, Mathieu van der Poel (Alpecin-Fenix) se veut optimiste pour la suite.\" \/>\n<meta property=\"og:url\" content=\"https:\/\/dicodusport.fr\/blog\/mathieu-van-der-poel-optimiste-pour-les-mondiaux-et-paris-roubaix\/\" \/>\n<meta property=\"og:site_name\" content=\"Dicodusport\" \/>\n<meta property=\"article:publisher\" content=\"https:\/\/www.facebook.com\/dicodusport\" \/>\n<meta property=\"article:author\" content=\"https:\/\/www.facebook.com\/dicodusport\" \/>\n<meta property=\"article:published_time\" content=\"2021-09-13T12:36:24+00:00\" \/>\n<meta property=\"article:modified_time\" content=\"2021-09-13T12:37:01+00:00\" \/>\n<meta property=\"og:image\" content=\"https:\/\/dicodusport.fr\/blog\/wp-content\/uploads\/2021\/09\/Mathieu-Van-der-Poel-optimiste-pour-les-Mondiaux-et-Paris-Roubaix.png\" \/>\n\t<meta property=\"og:image:width\" content=\"800\" \/>\n\t<meta property=\"og:image:height\" content=\"445\" \/>\n\t<meta property=\"og:image:type\" content=\"image\/png\" \/>\n<meta name=\"author\" content=\"Nicolas Jacquemard\" \/>\n<meta name=\"twitter:card\" content=\"summary_large_image\" \/>\n<meta name=\"twitter:title\" content=\"Mathieu Van der Poel optimiste pour les Mondiaux et Paris Roubaix\" \/>\n<meta name=\"twitter:creator\" content=\"@https:\/\/twitter.com\/Nico_Jacquemard\" \/>\n<meta name=\"twitter:site\" content=\"@dicodusport\" \/>\n<script type=\"application\/ld+json\" class=\"yoast-schema-graph\">{\"@context\":\"https:\/\/schema.org\",\"@graph\":[{\"@type\":\"NewsArticle\",\"@id\":\"https:\/\/dicodusport.fr\/blog\/mathieu-van-der-poel-optimiste-pour-les-mondiaux-et-paris-roubaix\/#article\",\"isPartOf\":{\"@id\":\"https:\/\/dicodusport.fr\/blog\/mathieu-van-der-poel-optimiste-pour-les-mondiaux-et-paris-roubaix\/\"},\"author\":{\"name\":\"Nicolas Jacquemard\",\"@id\":\"https:\/\/dicodusport.fr\/blog\/#\/schema\/person\/55dcb50ad410894e431ed812bbb70191\"},\"headline\":\"Mathieu Van der Poel optimiste pour les Mondiaux et Paris Roubaix\",\"datePublished\":\"2021-09-13T12:36:24+00:00\",\"dateModified\":\"2021-09-13T12:37:01+00:00\",\"mainEntityOfPage\":{\"@id\":\"https:\/\/dicodusport.fr\/blog\/mathieu-van-der-poel-optimiste-pour-les-mondiaux-et-paris-roubaix\/\"},\"wordCount\":250,\"commentCount\":0,\"publisher\":{\"@id\":\"https:\/\/dicodusport.fr\/blog\/#organization\"},\"image\":{\"@id\":\"https:\/\/dicodusport.fr\/blog\/mathieu-van-der-poel-optimiste-pour-les-mondiaux-et-paris-roubaix\/#primaryimage\"},\"thumbnailUrl\":\"https:\/\/dicodusport.fr\/blog\/wp-content\/uploads\/2021\/09\/Mathieu-Van-der-Poel-optimiste-pour-les-Mondiaux-et-Paris-Roubaix.png\",\"keywords\":[\"Mathieu van der Poel\",\"Paris-Roubaix\",\"van der Poel\"],\"articleSection\":[\"Cyclisme\"],\"inLanguage\":\"fr-FR\",\"potentialAction\":[{\"@type\":\"CommentAction\",\"name\":\"Comment\",\"target\":[\"https:\/\/dicodusport.fr\/blog\/mathieu-van-der-poel-optimiste-pour-les-mondiaux-et-paris-roubaix\/#respond\"]}],\"copyrightYear\":\"2021\",\"copyrightHolder\":{\"@id\":\"https:\/\/dicodusport.fr\/blog\/#organization\"}},{\"@type\":\"WebPage\",\"@id\":\"https:\/\/dicodusport.fr\/blog\/mathieu-van-der-poel-optimiste-pour-les-mondiaux-et-paris-roubaix\/\",\"url\":\"https:\/\/dicodusport.fr\/blog\/mathieu-van-der-poel-optimiste-pour-les-mondiaux-et-paris-roubaix\/\",\"name\":\"Mathieu Van der Poel optimiste pour les Mondiaux et Paris Roubaix\",\"isPartOf\":{\"@id\":\"https:\/\/dicodusport.fr\/blog\/#website\"},\"primaryImageOfPage\":{\"@id\":\"https:\/\/dicodusport.fr\/blog\/mathieu-van-der-poel-optimiste-pour-les-mondiaux-et-paris-roubaix\/#primaryimage\"},\"image\":{\"@id\":\"https:\/\/dicodusport.fr\/blog\/mathieu-van-der-poel-optimiste-pour-les-mondiaux-et-paris-roubaix\/#primaryimage\"},\"thumbnailUrl\":\"https:\/\/dicodusport.fr\/blog\/wp-content\/uploads\/2021\/09\/Mathieu-Van-der-Poel-optimiste-pour-les-Mondiaux-et-Paris-Roubaix.png\",\"datePublished\":\"2021-09-13T12:36:24+00:00\",\"dateModified\":\"2021-09-13T12:37:01+00:00\",\"description\":\"CYCLISME - Vainqueur de l'Antwerp Port Epic dimanche, Mathieu van der Poel (Alpecin-Fenix) se veut optimiste pour la suite.\",\"breadcrumb\":{\"@id\":\"https:\/\/dicodusport.fr\/blog\/mathieu-van-der-poel-optimiste-pour-les-mondiaux-et-paris-roubaix\/#breadcrumb\"},\"inLanguage\":\"fr-FR\",\"potentialAction\":[{\"@type\":\"ReadAction\",\"target\":[\"https:\/\/dicodusport.fr\/blog\/mathieu-van-der-poel-optimiste-pour-les-mondiaux-et-paris-roubaix\/\"]}]},{\"@type\":\"ImageObject\",\"inLanguage\":\"fr-FR\",\"@id\":\"https:\/\/dicodusport.fr\/blog\/mathieu-van-der-poel-optimiste-pour-les-mondiaux-et-paris-roubaix\/#primaryimage\",\"url\":\"https:\/\/dicodusport.fr\/blog\/wp-content\/uploads\/2021\/09\/Mathieu-Van-der-Poel-optimiste-pour-les-Mondiaux-et-Paris-Roubaix.png\",\"contentUrl\":\"https:\/\/dicodusport.fr\/blog\/wp-content\/uploads\/2021\/09\/Mathieu-Van-der-Poel-optimiste-pour-les-Mondiaux-et-Paris-Roubaix.png\",\"width\":800,\"height\":445},{\"@type\":\"BreadcrumbList\",\"@id\":\"https:\/\/dicodusport.fr\/blog\/mathieu-van-der-poel-optimiste-pour-les-mondiaux-et-paris-roubaix\/#breadcrumb\",\"itemListElement\":[{\"@type\":\"ListItem\",\"position\":1,\"name\":\"Accueil\",\"item\":\"https:\/\/dicodusport.fr\/blog\/\"},{\"@type\":\"ListItem\",\"position\":2,\"name\":\"Mathieu Van der Poel optimiste pour les Mondiaux et Paris Roubaix\"}]},{\"@type\":\"WebSite\",\"@id\":\"https:\/\/dicodusport.fr\/blog\/#website\",\"url\":\"https:\/\/dicodusport.fr\/blog\/\",\"name\":\"Dicodusport\",\"description\":\"L&#039;encyclop\u00e9die de l&#039;actualit\u00e9 sportive\",\"publisher\":{\"@id\":\"https:\/\/dicodusport.fr\/blog\/#organization\"},\"potentialAction\":[{\"@type\":\"SearchAction\",\"target\":{\"@type\":\"EntryPoint\",\"urlTemplate\":\"https:\/\/dicodusport.fr\/blog\/?s={search_term_string}\"},\"query-input\":{\"@type\":\"PropertyValueSpecification\",\"valueRequired\":true,\"valueName\":\"search_term_string\"}}],\"inLanguage\":\"fr-FR\"},{\"@type\":\"NewsMediaOrganization\",\"@id\":\"https:\/\/dicodusport.fr\/blog\/#organization\",\"name\":\"Dicodusport\",\"url\":\"https:\/\/dicodusport.fr\/blog\/\",\"logo\":{\"@type\":\"ImageObject\",\"inLanguage\":\"fr-FR\",\"@id\":\"https:\/\/dicodusport.fr\/blog\/#\/schema\/logo\/image\/\",\"url\":\"https:\/\/dicodusport.fr\/blog\/wp-content\/uploads\/2020\/06\/cropped-LOGO-DICODUSPORT-2020-SANS-FOND-SANS-TEXTE.png\",\"contentUrl\":\"https:\/\/dicodusport.fr\/blog\/wp-content\/uploads\/2020\/06\/cropped-LOGO-DICODUSPORT-2020-SANS-FOND-SANS-TEXTE.png\",\"width\":512,\"height\":512,\"caption\":\"Dicodusport\"},\"image\":{\"@id\":\"https:\/\/dicodusport.fr\/blog\/#\/schema\/logo\/image\/\"},\"sameAs\":[\"https:\/\/www.facebook.com\/dicodusport\",\"https:\/\/x.com\/dicodusport\",\"https:\/\/www.instagram.com\/dicodusport\/\",\"https:\/\/www.youtube.com\/channel\/UC7V2KZ5sd3htJivAbA4ZG3w\"],\"description\":\"Dicodusport est l'encyclop\u00e9die de l'actualit\u00e9 sportive.\",\"email\":\"bonjour@dicodusport.fr\",\"legalName\":\"DICODUSPORT\",\"foundingDate\":\"2018-01-14\",\"vatID\":\"FR71834470973\",\"taxID\":\"83447097300043\",\"numberOfEmployees\":{\"@type\":\"QuantitativeValue\",\"minValue\":\"1\",\"maxValue\":\"10\"}},{\"@type\":\"Person\",\"@id\":\"https:\/\/dicodusport.fr\/blog\/#\/schema\/person\/55dcb50ad410894e431ed812bbb70191\",\"name\":\"Nicolas Jacquemard\",\"image\":{\"@type\":\"ImageObject\",\"inLanguage\":\"fr-FR\",\"@id\":\"https:\/\/dicodusport.fr\/blog\/#\/schema\/person\/image\/\",\"url\":\"https:\/\/dicodusport.fr\/blog\/wp-content\/uploads\/2021\/05\/Nicolas-Jacquemard-150x150.jpeg\",\"contentUrl\":\"https:\/\/dicodusport.fr\/blog\/wp-content\/uploads\/2021\/05\/Nicolas-Jacquemard-150x150.jpeg\",\"caption\":\"Nicolas Jacquemard\"},\"description\":\"Passionn\u00e9 de sport et entrepreneur depuis mes 18 ans, la cr\u00e9ation de Dicodusport m'a sembl\u00e9 \u00e9vidente pour participer \u00e0 la m\u00e9diatisation d'un plus grand nombre de sports. Le chemin est long mais avec une \u00e9quipe des plus motiv\u00e9es et les Jeux Olympiques de Paris 2024 en point de mire, nous y arriverons ! Journaliste dans le monde du sport depuis plus de 5 ans, je traite aussi bien de football, de rugby, de biathlon que de cyclisme.\",\"sameAs\":[\"https:\/\/www.facebook.com\/dicodusport\",\"https:\/\/x.com\/https:\/\/twitter.com\/Nico_Jacquemard\"],\"url\":\"https:\/\/dicodusport.fr\/blog\/author\/dicodusport\/\"}]}<\/script>\n<!-- \/ Yoast SEO Premium plugin. -->","yoast_head_json":{"title":"Mathieu Van der Poel optimiste pour les Mondiaux et Paris Roubaix","description":"CYCLISME - Vainqueur de l'Antwerp Port Epic dimanche, Mathieu van der Poel (Alpecin-Fenix) se veut optimiste pour la suite.","robots":{"index":"index","follow":"follow","max-snippet":"max-snippet:-1","max-image-preview":"max-image-preview:large","max-video-preview":"max-video-preview:-1"},"canonical":"https:\/\/dicodusport.fr\/blog\/mathieu-van-der-poel-optimiste-pour-les-mondiaux-et-paris-roubaix\/","og_locale":"fr_FR","og_type":"article","og_title":"Mathieu Van der Poel optimiste pour les Mondiaux et Paris Roubaix","og_description":"CYCLISME - Vainqueur de l'Antwerp Port Epic dimanche, Mathieu van der Poel (Alpecin-Fenix) se veut optimiste pour la suite.","og_url":"https:\/\/dicodusport.fr\/blog\/mathieu-van-der-poel-optimiste-pour-les-mondiaux-et-paris-roubaix\/","og_site_name":"Dicodusport","article_publisher":"https:\/\/www.facebook.com\/dicodusport","article_author":"https:\/\/www.facebook.com\/dicodusport","article_published_time":"2021-09-13T12:36:24+00:00","article_modified_time":"2021-09-13T12:37:01+00:00","og_image":[{"width":800,"height":445,"url":"https:\/\/dicodusport.fr\/blog\/wp-content\/uploads\/2021\/09\/Mathieu-Van-der-Poel-optimiste-pour-les-Mondiaux-et-Paris-Roubaix.png","type":"image\/png"}],"author":"Nicolas Jacquemard","twitter_card":"summary_large_image","twitter_title":"Mathieu Van der Poel optimiste pour les Mondiaux et Paris Roubaix","twitter_creator":"@https:\/\/twitter.com\/Nico_Jacquemard","twitter_site":"@dicodusport","schema":{"@context":"https:\/\/schema.org","@graph":[{"@type":"NewsArticle","@id":"https:\/\/dicodusport.fr\/blog\/mathieu-van-der-poel-optimiste-pour-les-mondiaux-et-paris-roubaix\/#article","isPartOf":{"@id":"https:\/\/dicodusport.fr\/blog\/mathieu-van-der-poel-optimiste-pour-les-mondiaux-et-paris-roubaix\/"},"author":{"name":"Nicolas Jacquemard","@id":"https:\/\/dicodusport.fr\/blog\/#\/schema\/person\/55dcb50ad410894e431ed812bbb70191"},"headline":"Mathieu Van der Poel optimiste pour les Mondiaux et Paris Roubaix","datePublished":"2021-09-13T12:36:24+00:00","dateModified":"2021-09-13T12:37:01+00:00","mainEntityOfPage":{"@id":"https:\/\/dicodusport.fr\/blog\/mathieu-van-der-poel-optimiste-pour-les-mondiaux-et-paris-roubaix\/"},"wordCount":250,"commentCount":0,"publisher":{"@id":"https:\/\/dicodusport.fr\/blog\/#organization"},"image":{"@id":"https:\/\/dicodusport.fr\/blog\/mathieu-van-der-poel-optimiste-pour-les-mondiaux-et-paris-roubaix\/#primaryimage"},"thumbnailUrl":"https:\/\/dicodusport.fr\/blog\/wp-content\/uploads\/2021\/09\/Mathieu-Van-der-Poel-optimiste-pour-les-Mondiaux-et-Paris-Roubaix.png","keywords":["Mathieu van der Poel","Paris-Roubaix","van der Poel"],"articleSection":["Cyclisme"],"inLanguage":"fr-FR","potentialAction":[{"@type":"CommentAction","name":"Comment","target":["https:\/\/dicodusport.fr\/blog\/mathieu-van-der-poel-optimiste-pour-les-mondiaux-et-paris-roubaix\/#respond"]}],"copyrightYear":"2021","copyrightHolder":{"@id":"https:\/\/dicodusport.fr\/blog\/#organization"}},{"@type":"WebPage","@id":"https:\/\/dicodusport.fr\/blog\/mathieu-van-der-poel-optimiste-pour-les-mondiaux-et-paris-roubaix\/","url":"https:\/\/dicodusport.fr\/blog\/mathieu-van-der-poel-optimiste-pour-les-mondiaux-et-paris-roubaix\/","name":"Mathieu Van der Poel optimiste pour les Mondiaux et Paris Roubaix","isPartOf":{"@id":"https:\/\/dicodusport.fr\/blog\/#website"},"primaryImageOfPage":{"@id":"https:\/\/dicodusport.fr\/blog\/mathieu-van-der-poel-optimiste-pour-les-mondiaux-et-paris-roubaix\/#primaryimage"},"image":{"@id":"https:\/\/dicodusport.fr\/blog\/mathieu-van-der-poel-optimiste-pour-les-mondiaux-et-paris-roubaix\/#primaryimage"},"thumbnailUrl":"https:\/\/dicodusport.fr\/blog\/wp-content\/uploads\/2021\/09\/Mathieu-Van-der-Poel-optimiste-pour-les-Mondiaux-et-Paris-Roubaix.png","datePublished":"2021-09-13T12:36:24+00:00","dateModified":"2021-09-13T12:37:01+00:00","description":"CYCLISME - Vainqueur de l'Antwerp Port Epic dimanche, Mathieu van der Poel (Alpecin-Fenix) se veut optimiste pour la suite.","breadcrumb":{"@id":"https:\/\/dicodusport.fr\/blog\/mathieu-van-der-poel-optimiste-pour-les-mondiaux-et-paris-roubaix\/#breadcrumb"},"inLanguage":"fr-FR","potentialAction":[{"@type":"ReadAction","target":["https:\/\/dicodusport.fr\/blog\/mathieu-van-der-poel-optimiste-pour-les-mondiaux-et-paris-roubaix\/"]}]},{"@type":"ImageObject","inLanguage":"fr-FR","@id":"https:\/\/dicodusport.fr\/blog\/mathieu-van-der-poel-optimiste-pour-les-mondiaux-et-paris-roubaix\/#primaryimage","url":"https:\/\/dicodusport.fr\/blog\/wp-content\/uploads\/2021\/09\/Mathieu-Van-der-Poel-optimiste-pour-les-Mondiaux-et-Paris-Roubaix.png","contentUrl":"https:\/\/dicodusport.fr\/blog\/wp-content\/uploads\/2021\/09\/Mathieu-Van-der-Poel-optimiste-pour-les-Mondiaux-et-Paris-Roubaix.png","width":800,"height":445},{"@type":"BreadcrumbList","@id":"https:\/\/dicodusport.fr\/blog\/mathieu-van-der-poel-optimiste-pour-les-mondiaux-et-paris-roubaix\/#breadcrumb","itemListElement":[{"@type":"ListItem","position":1,"name":"Accueil","item":"https:\/\/dicodusport.fr\/blog\/"},{"@type":"ListItem","position":2,"name":"Mathieu Van der Poel optimiste pour les Mondiaux et Paris Roubaix"}]},{"@type":"WebSite","@id":"https:\/\/dicodusport.fr\/blog\/#website","url":"https:\/\/dicodusport.fr\/blog\/","name":"Dicodusport","description":"L&#039;encyclop\u00e9die de l&#039;actualit\u00e9 sportive","publisher":{"@id":"https:\/\/dicodusport.fr\/blog\/#organization"},"potentialAction":[{"@type":"SearchAction","target":{"@type":"EntryPoint","urlTemplate":"https:\/\/dicodusport.fr\/blog\/?s={search_term_string}"},"query-input":{"@type":"PropertyValueSpecification","valueRequired":true,"valueName":"search_term_string"}}],"inLanguage":"fr-FR"},{"@type":"NewsMediaOrganization","@id":"https:\/\/dicodusport.fr\/blog\/#organization","name":"Dicodusport","url":"https:\/\/dicodusport.fr\/blog\/","logo":{"@type":"ImageObject","inLanguage":"fr-FR","@id":"https:\/\/dicodusport.fr\/blog\/#\/schema\/logo\/image\/","url":"https:\/\/dicodusport.fr\/blog\/wp-content\/uploads\/2020\/06\/cropped-LOGO-DICODUSPORT-2020-SANS-FOND-SANS-TEXTE.png","contentUrl":"https:\/\/dicodusport.fr\/blog\/wp-content\/uploads\/2020\/06\/cropped-LOGO-DICODUSPORT-2020-SANS-FOND-SANS-TEXTE.png","width":512,"height":512,"caption":"Dicodusport"},"image":{"@id":"https:\/\/dicodusport.fr\/blog\/#\/schema\/logo\/image\/"},"sameAs":["https:\/\/www.facebook.com\/dicodusport","https:\/\/x.com\/dicodusport","https:\/\/www.instagram.com\/dicodusport\/","https:\/\/www.youtube.com\/channel\/UC7V2KZ5sd3htJivAbA4ZG3w"],"description":"Dicodusport est l'encyclop\u00e9die de l'actualit\u00e9 sportive.","email":"bonjour@dicodusport.fr","legalName":"DICODUSPORT","foundingDate":"2018-01-14","vatID":"FR71834470973","taxID":"83447097300043","numberOfEmployees":{"@type":"QuantitativeValue","minValue":"1","maxValue":"10"}},{"@type":"Person","@id":"https:\/\/dicodusport.fr\/blog\/#\/schema\/person\/55dcb50ad410894e431ed812bbb70191","name":"Nicolas Jacquemard","image":{"@type":"ImageObject","inLanguage":"fr-FR","@id":"https:\/\/dicodusport.fr\/blog\/#\/schema\/person\/image\/","url":"https:\/\/dicodusport.fr\/blog\/wp-content\/uploads\/2021\/05\/Nicolas-Jacquemard-150x150.jpeg","contentUrl":"https:\/\/dicodusport.fr\/blog\/wp-content\/uploads\/2021\/05\/Nicolas-Jacquemard-150x150.jpeg","caption":"Nicolas Jacquemard"},"description":"Passionn\u00e9 de sport et entrepreneur depuis mes 18 ans, la cr\u00e9ation de Dicodusport m'a sembl\u00e9 \u00e9vidente pour participer \u00e0 la m\u00e9diatisation d'un plus grand nombre de sports. Le chemin est long mais avec une \u00e9quipe des plus motiv\u00e9es et les Jeux Olympiques de Paris 2024 en point de mire, nous y arriverons ! Journaliste dans le monde du sport depuis plus de 5 ans, je traite aussi bien de football, de rugby, de biathlon que de cyclisme.","sameAs":["https:\/\/www.facebook.com\/dicodusport","https:\/\/x.com\/https:\/\/twitter.com\/Nico_Jacquemard"],"url":"https:\/\/dicodusport.fr\/blog\/author\/dicodusport\/"}]}},"_links":{"self":[{"href":"https:\/\/dicodusport.fr\/blog\/wp-json\/wp\/v2\/posts\/166244","targetHints":{"allow":["GET"]}}],"collection":[{"href":"https:\/\/dicodusport.fr\/blog\/wp-json\/wp\/v2\/posts"}],"about":[{"href":"https:\/\/dicodusport.fr\/blog\/wp-json\/wp\/v2\/types\/post"}],"author":[{"embeddable":true,"href":"https:\/\/dicodusport.fr\/blog\/wp-json\/wp\/v2\/users\/1"}],"replies":[{"embeddable":true,"href":"https:\/\/dicodusport.fr\/blog\/wp-json\/wp\/v2\/comments?post=166244"}],"version-history":[{"count":0,"href":"https:\/\/dicodusport.fr\/blog\/wp-json\/wp\/v2\/posts\/166244\/revisions"}],"wp:featuredmedia":[{"embeddable":true,"href":"https:\/\/dicodusport.fr\/blog\/wp-json\/wp\/v2\/media\/166246"}],"wp:attachment":[{"href":"https:\/\/dicodusport.fr\/blog\/wp-json\/wp\/v2\/media?parent=166244"}],"wp:term":[{"taxonomy":"category","embeddable":true,"href":"https:\/\/dicodusport.fr\/blog\/wp-json\/wp\/v2\/categories?post=166244"},{"taxonomy":"post_tag","embeddable":true,"href":"https:\/\/dicodusport.fr\/blog\/wp-json\/wp\/v2\/tags?post=166244"}],"curies":[{"name":"wp","href":"https:\/\/api.w.org\/{rel}","templated":true}]}}