{"id":16631,"date":"2018-04-18T16:23:04","date_gmt":"2018-04-18T14:23:04","guid":{"rendered":"http:\/\/dicodusport.fr\/blog\/?p=16631"},"modified":"2018-04-18T17:25:50","modified_gmt":"2018-04-18T15:25:50","slug":"fleche-wallonne-alaphilippe-dompte-valverde","status":"publish","type":"post","link":"https:\/\/dicodusport.fr\/blog\/fleche-wallonne-alaphilippe-dompte-valverde\/","title":{"rendered":"Fl\u00e8che Wallonne : Alaphilippe dompte Valverde !"},"content":{"rendered":"<p style=\"text-align: justify;\"><em><strong>Fantastique Julian Alaphilippe ! Le Fran\u00e7ais s&rsquo;est impos\u00e9 en haut du Mur de Huy, devant le ma\u00eetre des lieux, Alejandro Valverde.<\/strong><\/em><\/p>\n<p style=\"text-align: justify;\">Huit hommes ont tr\u00e8s vite pris la poudre d&rsquo;escampette. Parmi eux, quatre coureurs fran\u00e7ais, avec Romain Hardy (Fortuneo-Samsic), Anthony Roux (Groupama-FDJ), Anthony Perez (Cofidis) et Romain Combaud (Delko Marseille Provence KTM). L&rsquo;\u00e9cart n&rsquo;aura jamais \u00e9t\u00e9 cons\u00e9quent, avec pas plus de cinq minutes d&rsquo;avance sur le peloton. Ce dernier, men\u00e9 tr\u00e8s t\u00f4t par les co\u00e9quipiers d&rsquo;Alejandro Valverde, attendra les 60 derniers kilom\u00e8tres pour entrer en action.<\/p>\n<h4 style=\"text-align: justify;\">Un peloton secou\u00e9<\/h4>\n<p style=\"text-align: justify;\">Le premier passage sur le Mur de Huy, \u00e0 58km de l&rsquo;arriv\u00e9e, aura eu le m\u00e9rite de r\u00e9veiller le peloton. Michal Kwiatkowki (Sky) est alors le premier \u00e0 passer \u00e0 l&rsquo;attaque, suivi notamment de Mikel Landa (Movistar). C&rsquo;est un groupe d&rsquo;une vingtaine de coureurs qui se retrouvait finalement isol\u00e9 \u00e0 l&rsquo;avant, avec notamment Philippe Gilbert. Si tout rentrait dans l&rsquo;ordre ensuite, c&rsquo;est Vincenzo Nibali (Bahrain Merida) qui contre-attaquait \u00e0 45km de l&rsquo;arriv\u00e9e. Avec lui, Roux (Groupama-FDJ) et Benedetti (Bora-Hansgrohe), rescap\u00e9s de l&rsquo;\u00e9chapp\u00e9e initiale mais aussi Haig (Mitchelton-Scott), Schachmann (Quick-Step), Kangert (Astana).<\/p>\n<p style=\"text-align: justify;\">Avec pr\u00e8s d&rsquo;une minute d&rsquo;avance \u00e0 moins de 20km de l&rsquo;arriv\u00e9e, Nibali et ses compagnons ont bien cru pouvoir cr\u00e9er l&rsquo;exploit. Mais sous l&rsquo;impulsion des Movistar et des Lotto-Soudal, le groupe des favoris revenait tr\u00e8s fort et avalait les hommes de t\u00eate au pied de l&rsquo;ascension finale du Mur de Huy. Et en haut, c&rsquo;est Julian Alaphilippe qui a fait le show ! Parti dans la roue de Jelle Vanendert (Lotto-Soudal), il a d\u00e9marr\u00e9 \u00e0 200m de la ligne pour s&rsquo;imposer en solitaire, r\u00e9sistant au retour d&rsquo;Alejandro Valverde dans les 50 derniers m\u00e8tres. Vanendert compl\u00e8tera finalement le podium.<\/p>\n<p style=\"text-align: justify;\">Vingt-et-un ans apr\u00e8s la derni\u00e8re victoire fran\u00e7aise de Laurent Jalabert, le coureur de la Quick-Step remporte sa premi\u00e8re grande classique et peut savourer, avant de ne pourquoi pas remettre le couvert dimanche sur Li\u00e8ge-Bastogne-Li\u00e8ge. A noter que Romain Bardet (AG2R La Mondiale) prend une belle neuvi\u00e8me place.<\/p>\n<p><em><strong>Flo Ostermann<\/strong><\/em><em><br \/>\n<\/em><a href=\"https:\/\/www.facebook.com\/florent.ostermann\"><img loading=\"lazy\" decoding=\"async\" class=\"alignnone wp-image-2909\" src=\"http:\/\/dicodusport.fr\/blog\/wp-content\/uploads\/2017\/07\/logo-facebook-150x150.png\" sizes=\"auto, (max-width: 40px) 100vw, 40px\" srcset=\"https:\/\/dicodusport.fr\/blog\/wp-content\/uploads\/2017\/07\/logo-facebook-150x150.png 150w, https:\/\/dicodusport.fr\/blog\/wp-content\/uploads\/2017\/07\/logo-facebook-300x300.png 300w, https:\/\/dicodusport.fr\/blog\/wp-content\/uploads\/2017\/07\/logo-facebook.png 400w\" alt=\"\" width=\"40\" height=\"40\" \/><\/a><a href=\"https:\/\/twitter.com\/SportInsideMag\"><img loading=\"lazy\" decoding=\"async\" class=\"alignnone wp-image-2908\" src=\"http:\/\/dicodusport.fr\/blog\/wp-content\/uploads\/2017\/07\/logo-twitter-150x150.png\" alt=\"\" width=\"39\" height=\"39\" \/><\/a><\/p>\n","protected":false},"excerpt":{"rendered":"<p>Fantastique Julian Alaphilippe ! Le Fran\u00e7ais s&rsquo;est impos\u00e9 en haut du Mur de Huy, devant le ma\u00eetre des lieux, Alejandro Valverde.<\/p>\n","protected":false},"author":4,"featured_media":16646,"comment_status":"open","ping_status":"closed","sticky":false,"template":"","format":"standard","meta":{"_acf_changed":false,"_daextam_enable_autolinks":"","footnotes":""},"categories":[2,2307],"tags":[4525,574,4547,1719],"class_list":["post-16631","post","type-post","status-publish","format-standard","has-post-thumbnail","hentry","category-actualites","category-cyclisme","tag-alejandro-valverde","tag-cyclisme","tag-fleche-wallonne","tag-julian-alaphilippe"],"acf":[],"yoast_head":"<!-- This site is optimized with the Yoast SEO Premium plugin v26.7 (Yoast SEO v26.7) - https:\/\/yoast.com\/wordpress\/plugins\/seo\/ -->\n<title>Fl\u00e8che Wallonne : Alaphilippe dompte Valverde !<\/title>\n<meta name=\"description\" content=\"Fantastique Julian Alaphilippe ! Le Fran\u00e7ais s&#039;est impos\u00e9 en haut du Mur de Huy, devant le ma\u00eetre des lieux, Alejandro Valverde.\" \/>\n<meta name=\"robots\" content=\"index, follow, max-snippet:-1, max-image-preview:large, max-video-preview:-1\" \/>\n<link rel=\"canonical\" href=\"https:\/\/dicodusport.fr\/blog\/fleche-wallonne-alaphilippe-dompte-valverde\/\" \/>\n<meta property=\"og:locale\" content=\"fr_FR\" \/>\n<meta property=\"og:type\" content=\"article\" \/>\n<meta property=\"og:title\" content=\"Fl\u00e8che Wallonne : Alaphilippe dompte Valverde !\" \/>\n<meta property=\"og:description\" content=\"Fantastique Julian Alaphilippe ! Le Fran\u00e7ais s&#039;est impos\u00e9 en haut du Mur de Huy, devant le ma\u00eetre des lieux, Alejandro Valverde.\" \/>\n<meta property=\"og:url\" content=\"https:\/\/dicodusport.fr\/blog\/fleche-wallonne-alaphilippe-dompte-valverde\/\" \/>\n<meta property=\"og:site_name\" content=\"Dicodusport\" \/>\n<meta property=\"article:publisher\" content=\"https:\/\/www.facebook.com\/dicodusport\" \/>\n<meta property=\"article:author\" content=\"https:\/\/www.facebook.com\/florent.ostermann\" \/>\n<meta property=\"article:published_time\" content=\"2018-04-18T14:23:04+00:00\" \/>\n<meta property=\"article:modified_time\" content=\"2018-04-18T15:25:50+00:00\" \/>\n<meta property=\"og:image\" content=\"https:\/\/dicodusport.fr\/blog\/wp-content\/uploads\/2018\/04\/Julian-Alaphilippe-Fl\u00e8che-Wallonne-2018.png\" \/>\n\t<meta property=\"og:image:width\" content=\"800\" \/>\n\t<meta property=\"og:image:height\" content=\"445\" \/>\n\t<meta property=\"og:image:type\" content=\"image\/png\" \/>\n<meta name=\"author\" content=\"Flo Ostermann\" \/>\n<meta name=\"twitter:card\" content=\"summary_large_image\" \/>\n<meta name=\"twitter:creator\" content=\"@https:\/\/twitter.com\/FlOstermann\" \/>\n<meta name=\"twitter:site\" content=\"@dicodusport\" \/>\n<script type=\"application\/ld+json\" class=\"yoast-schema-graph\">{\"@context\":\"https:\/\/schema.org\",\"@graph\":[{\"@type\":\"NewsArticle\",\"@id\":\"https:\/\/dicodusport.fr\/blog\/fleche-wallonne-alaphilippe-dompte-valverde\/#article\",\"isPartOf\":{\"@id\":\"https:\/\/dicodusport.fr\/blog\/fleche-wallonne-alaphilippe-dompte-valverde\/\"},\"author\":{\"name\":\"Flo Ostermann\",\"@id\":\"https:\/\/dicodusport.fr\/blog\/#\/schema\/person\/cb02af4c173ce4a653b55e9baf388d4a\"},\"headline\":\"Fl\u00e8che Wallonne : Alaphilippe dompte Valverde !\",\"datePublished\":\"2018-04-18T14:23:04+00:00\",\"dateModified\":\"2018-04-18T15:25:50+00:00\",\"mainEntityOfPage\":{\"@id\":\"https:\/\/dicodusport.fr\/blog\/fleche-wallonne-alaphilippe-dompte-valverde\/\"},\"wordCount\":378,\"commentCount\":0,\"publisher\":{\"@id\":\"https:\/\/dicodusport.fr\/blog\/#organization\"},\"image\":{\"@id\":\"https:\/\/dicodusport.fr\/blog\/fleche-wallonne-alaphilippe-dompte-valverde\/#primaryimage\"},\"thumbnailUrl\":\"https:\/\/dicodusport.fr\/blog\/wp-content\/uploads\/2018\/04\/Julian-Alaphilippe-Fl\u00e8che-Wallonne-2018.png\",\"keywords\":[\"Alejandro Valverde\",\"Cyclisme\",\"fl\u00e8che wallonne\",\"Julian Alaphilippe\"],\"articleSection\":[\"Actualit\u00e9s\",\"Cyclisme\"],\"inLanguage\":\"fr-FR\",\"potentialAction\":[{\"@type\":\"CommentAction\",\"name\":\"Comment\",\"target\":[\"https:\/\/dicodusport.fr\/blog\/fleche-wallonne-alaphilippe-dompte-valverde\/#respond\"]}],\"copyrightYear\":\"2018\",\"copyrightHolder\":{\"@id\":\"https:\/\/dicodusport.fr\/blog\/#organization\"}},{\"@type\":\"WebPage\",\"@id\":\"https:\/\/dicodusport.fr\/blog\/fleche-wallonne-alaphilippe-dompte-valverde\/\",\"url\":\"https:\/\/dicodusport.fr\/blog\/fleche-wallonne-alaphilippe-dompte-valverde\/\",\"name\":\"Fl\u00e8che Wallonne : Alaphilippe dompte Valverde !\",\"isPartOf\":{\"@id\":\"https:\/\/dicodusport.fr\/blog\/#website\"},\"primaryImageOfPage\":{\"@id\":\"https:\/\/dicodusport.fr\/blog\/fleche-wallonne-alaphilippe-dompte-valverde\/#primaryimage\"},\"image\":{\"@id\":\"https:\/\/dicodusport.fr\/blog\/fleche-wallonne-alaphilippe-dompte-valverde\/#primaryimage\"},\"thumbnailUrl\":\"https:\/\/dicodusport.fr\/blog\/wp-content\/uploads\/2018\/04\/Julian-Alaphilippe-Fl\u00e8che-Wallonne-2018.png\",\"datePublished\":\"2018-04-18T14:23:04+00:00\",\"dateModified\":\"2018-04-18T15:25:50+00:00\",\"description\":\"Fantastique Julian Alaphilippe ! Le Fran\u00e7ais s'est impos\u00e9 en haut du Mur de Huy, devant le ma\u00eetre des lieux, Alejandro Valverde.\",\"breadcrumb\":{\"@id\":\"https:\/\/dicodusport.fr\/blog\/fleche-wallonne-alaphilippe-dompte-valverde\/#breadcrumb\"},\"inLanguage\":\"fr-FR\",\"potentialAction\":[{\"@type\":\"ReadAction\",\"target\":[\"https:\/\/dicodusport.fr\/blog\/fleche-wallonne-alaphilippe-dompte-valverde\/\"]}]},{\"@type\":\"ImageObject\",\"inLanguage\":\"fr-FR\",\"@id\":\"https:\/\/dicodusport.fr\/blog\/fleche-wallonne-alaphilippe-dompte-valverde\/#primaryimage\",\"url\":\"https:\/\/dicodusport.fr\/blog\/wp-content\/uploads\/2018\/04\/Julian-Alaphilippe-Fl\u00e8che-Wallonne-2018.png\",\"contentUrl\":\"https:\/\/dicodusport.fr\/blog\/wp-content\/uploads\/2018\/04\/Julian-Alaphilippe-Fl\u00e8che-Wallonne-2018.png\",\"width\":800,\"height\":445},{\"@type\":\"BreadcrumbList\",\"@id\":\"https:\/\/dicodusport.fr\/blog\/fleche-wallonne-alaphilippe-dompte-valverde\/#breadcrumb\",\"itemListElement\":[{\"@type\":\"ListItem\",\"position\":1,\"name\":\"Accueil\",\"item\":\"https:\/\/dicodusport.fr\/blog\/\"},{\"@type\":\"ListItem\",\"position\":2,\"name\":\"Fl\u00e8che Wallonne : Alaphilippe dompte Valverde !\"}]},{\"@type\":\"WebSite\",\"@id\":\"https:\/\/dicodusport.fr\/blog\/#website\",\"url\":\"https:\/\/dicodusport.fr\/blog\/\",\"name\":\"Dicodusport\",\"description\":\"L&#039;encyclop\u00e9die de l&#039;actualit\u00e9 sportive\",\"publisher\":{\"@id\":\"https:\/\/dicodusport.fr\/blog\/#organization\"},\"potentialAction\":[{\"@type\":\"SearchAction\",\"target\":{\"@type\":\"EntryPoint\",\"urlTemplate\":\"https:\/\/dicodusport.fr\/blog\/?s={search_term_string}\"},\"query-input\":{\"@type\":\"PropertyValueSpecification\",\"valueRequired\":true,\"valueName\":\"search_term_string\"}}],\"inLanguage\":\"fr-FR\"},{\"@type\":\"NewsMediaOrganization\",\"@id\":\"https:\/\/dicodusport.fr\/blog\/#organization\",\"name\":\"Dicodusport\",\"url\":\"https:\/\/dicodusport.fr\/blog\/\",\"logo\":{\"@type\":\"ImageObject\",\"inLanguage\":\"fr-FR\",\"@id\":\"https:\/\/dicodusport.fr\/blog\/#\/schema\/logo\/image\/\",\"url\":\"https:\/\/dicodusport.fr\/blog\/wp-content\/uploads\/2020\/06\/cropped-LOGO-DICODUSPORT-2020-SANS-FOND-SANS-TEXTE.png\",\"contentUrl\":\"https:\/\/dicodusport.fr\/blog\/wp-content\/uploads\/2020\/06\/cropped-LOGO-DICODUSPORT-2020-SANS-FOND-SANS-TEXTE.png\",\"width\":512,\"height\":512,\"caption\":\"Dicodusport\"},\"image\":{\"@id\":\"https:\/\/dicodusport.fr\/blog\/#\/schema\/logo\/image\/\"},\"sameAs\":[\"https:\/\/www.facebook.com\/dicodusport\",\"https:\/\/x.com\/dicodusport\",\"https:\/\/www.instagram.com\/dicodusport\/\",\"https:\/\/www.youtube.com\/channel\/UC7V2KZ5sd3htJivAbA4ZG3w\"],\"description\":\"Dicodusport est l'encyclop\u00e9die de l'actualit\u00e9 sportive.\",\"email\":\"bonjour@dicodusport.fr\",\"legalName\":\"DICODUSPORT\",\"foundingDate\":\"2018-01-14\",\"vatID\":\"FR71834470973\",\"taxID\":\"83447097300043\",\"numberOfEmployees\":{\"@type\":\"QuantitativeValue\",\"minValue\":\"1\",\"maxValue\":\"10\"}},{\"@type\":\"Person\",\"@id\":\"https:\/\/dicodusport.fr\/blog\/#\/schema\/person\/cb02af4c173ce4a653b55e9baf388d4a\",\"name\":\"Flo Ostermann\",\"image\":{\"@type\":\"ImageObject\",\"inLanguage\":\"fr-FR\",\"@id\":\"https:\/\/dicodusport.fr\/blog\/#\/schema\/person\/image\/\",\"url\":\"https:\/\/dicodusport.fr\/blog\/wp-content\/uploads\/2021\/05\/Flo-Ostermann-150x150.jpg\",\"contentUrl\":\"https:\/\/dicodusport.fr\/blog\/wp-content\/uploads\/2021\/05\/Flo-Ostermann-150x150.jpg\",\"caption\":\"Flo Ostermann\"},\"description\":\"Journaliste\/R\u00e9dacteur depuis septembre 2015 - Mes premiers souvenirs dans le sport ? Les envol\u00e9es du Stade Toulousain et les duels Villeneuve-Schumacher et H\u00e4kkinen-Schumacher \u00e0 la fin des ann\u00e9es 90, la Coupe du monde de football en 1998, l\u2019exploit du XV de France face aux All Blacks en 1999, mais aussi Richard C\u0153ur de Lion qui vole sur les montagnes du Tour de France. Bien parti pour devenir professeur d\u2019EPS, les \u00e9v\u00e9nements de la vie (et la flemme d\u2019animer des s\u00e9ances de 3x500 m\u00e8tres toute ma vie) m\u2019ont conduit \u00e0 revoir mes plans. Me voil\u00e0 depuis fin 2017 sur Dicodusport, m\u00e9dia gr\u00e2ce (et pour) lequel je partage ma passion : le sport dans tous ses \u00e9tats. Le tout accompagn\u00e9 par les fous furieux et folles furieuses cit\u00e9s sur cette page !\",\"sameAs\":[\"https:\/\/www.facebook.com\/florent.ostermann\",\"https:\/\/x.com\/https:\/\/twitter.com\/FlOstermann\",\"admin\"],\"url\":\"https:\/\/dicodusport.fr\/blog\/author\/flo\/\"}]}<\/script>\n<!-- \/ Yoast SEO Premium plugin. -->","yoast_head_json":{"title":"Fl\u00e8che Wallonne : Alaphilippe dompte Valverde !","description":"Fantastique Julian Alaphilippe ! Le Fran\u00e7ais s'est impos\u00e9 en haut du Mur de Huy, devant le ma\u00eetre des lieux, Alejandro Valverde.","robots":{"index":"index","follow":"follow","max-snippet":"max-snippet:-1","max-image-preview":"max-image-preview:large","max-video-preview":"max-video-preview:-1"},"canonical":"https:\/\/dicodusport.fr\/blog\/fleche-wallonne-alaphilippe-dompte-valverde\/","og_locale":"fr_FR","og_type":"article","og_title":"Fl\u00e8che Wallonne : Alaphilippe dompte Valverde !","og_description":"Fantastique Julian Alaphilippe ! Le Fran\u00e7ais s'est impos\u00e9 en haut du Mur de Huy, devant le ma\u00eetre des lieux, Alejandro Valverde.","og_url":"https:\/\/dicodusport.fr\/blog\/fleche-wallonne-alaphilippe-dompte-valverde\/","og_site_name":"Dicodusport","article_publisher":"https:\/\/www.facebook.com\/dicodusport","article_author":"https:\/\/www.facebook.com\/florent.ostermann","article_published_time":"2018-04-18T14:23:04+00:00","article_modified_time":"2018-04-18T15:25:50+00:00","og_image":[{"width":800,"height":445,"url":"https:\/\/dicodusport.fr\/blog\/wp-content\/uploads\/2018\/04\/Julian-Alaphilippe-Fl\u00e8che-Wallonne-2018.png","type":"image\/png"}],"author":"Flo Ostermann","twitter_card":"summary_large_image","twitter_creator":"@https:\/\/twitter.com\/FlOstermann","twitter_site":"@dicodusport","schema":{"@context":"https:\/\/schema.org","@graph":[{"@type":"NewsArticle","@id":"https:\/\/dicodusport.fr\/blog\/fleche-wallonne-alaphilippe-dompte-valverde\/#article","isPartOf":{"@id":"https:\/\/dicodusport.fr\/blog\/fleche-wallonne-alaphilippe-dompte-valverde\/"},"author":{"name":"Flo Ostermann","@id":"https:\/\/dicodusport.fr\/blog\/#\/schema\/person\/cb02af4c173ce4a653b55e9baf388d4a"},"headline":"Fl\u00e8che Wallonne : Alaphilippe dompte Valverde !","datePublished":"2018-04-18T14:23:04+00:00","dateModified":"2018-04-18T15:25:50+00:00","mainEntityOfPage":{"@id":"https:\/\/dicodusport.fr\/blog\/fleche-wallonne-alaphilippe-dompte-valverde\/"},"wordCount":378,"commentCount":0,"publisher":{"@id":"https:\/\/dicodusport.fr\/blog\/#organization"},"image":{"@id":"https:\/\/dicodusport.fr\/blog\/fleche-wallonne-alaphilippe-dompte-valverde\/#primaryimage"},"thumbnailUrl":"https:\/\/dicodusport.fr\/blog\/wp-content\/uploads\/2018\/04\/Julian-Alaphilippe-Fl\u00e8che-Wallonne-2018.png","keywords":["Alejandro Valverde","Cyclisme","fl\u00e8che wallonne","Julian Alaphilippe"],"articleSection":["Actualit\u00e9s","Cyclisme"],"inLanguage":"fr-FR","potentialAction":[{"@type":"CommentAction","name":"Comment","target":["https:\/\/dicodusport.fr\/blog\/fleche-wallonne-alaphilippe-dompte-valverde\/#respond"]}],"copyrightYear":"2018","copyrightHolder":{"@id":"https:\/\/dicodusport.fr\/blog\/#organization"}},{"@type":"WebPage","@id":"https:\/\/dicodusport.fr\/blog\/fleche-wallonne-alaphilippe-dompte-valverde\/","url":"https:\/\/dicodusport.fr\/blog\/fleche-wallonne-alaphilippe-dompte-valverde\/","name":"Fl\u00e8che Wallonne : Alaphilippe dompte Valverde !","isPartOf":{"@id":"https:\/\/dicodusport.fr\/blog\/#website"},"primaryImageOfPage":{"@id":"https:\/\/dicodusport.fr\/blog\/fleche-wallonne-alaphilippe-dompte-valverde\/#primaryimage"},"image":{"@id":"https:\/\/dicodusport.fr\/blog\/fleche-wallonne-alaphilippe-dompte-valverde\/#primaryimage"},"thumbnailUrl":"https:\/\/dicodusport.fr\/blog\/wp-content\/uploads\/2018\/04\/Julian-Alaphilippe-Fl\u00e8che-Wallonne-2018.png","datePublished":"2018-04-18T14:23:04+00:00","dateModified":"2018-04-18T15:25:50+00:00","description":"Fantastique Julian Alaphilippe ! Le Fran\u00e7ais s'est impos\u00e9 en haut du Mur de Huy, devant le ma\u00eetre des lieux, Alejandro Valverde.","breadcrumb":{"@id":"https:\/\/dicodusport.fr\/blog\/fleche-wallonne-alaphilippe-dompte-valverde\/#breadcrumb"},"inLanguage":"fr-FR","potentialAction":[{"@type":"ReadAction","target":["https:\/\/dicodusport.fr\/blog\/fleche-wallonne-alaphilippe-dompte-valverde\/"]}]},{"@type":"ImageObject","inLanguage":"fr-FR","@id":"https:\/\/dicodusport.fr\/blog\/fleche-wallonne-alaphilippe-dompte-valverde\/#primaryimage","url":"https:\/\/dicodusport.fr\/blog\/wp-content\/uploads\/2018\/04\/Julian-Alaphilippe-Fl\u00e8che-Wallonne-2018.png","contentUrl":"https:\/\/dicodusport.fr\/blog\/wp-content\/uploads\/2018\/04\/Julian-Alaphilippe-Fl\u00e8che-Wallonne-2018.png","width":800,"height":445},{"@type":"BreadcrumbList","@id":"https:\/\/dicodusport.fr\/blog\/fleche-wallonne-alaphilippe-dompte-valverde\/#breadcrumb","itemListElement":[{"@type":"ListItem","position":1,"name":"Accueil","item":"https:\/\/dicodusport.fr\/blog\/"},{"@type":"ListItem","position":2,"name":"Fl\u00e8che Wallonne : Alaphilippe dompte Valverde !"}]},{"@type":"WebSite","@id":"https:\/\/dicodusport.fr\/blog\/#website","url":"https:\/\/dicodusport.fr\/blog\/","name":"Dicodusport","description":"L&#039;encyclop\u00e9die de l&#039;actualit\u00e9 sportive","publisher":{"@id":"https:\/\/dicodusport.fr\/blog\/#organization"},"potentialAction":[{"@type":"SearchAction","target":{"@type":"EntryPoint","urlTemplate":"https:\/\/dicodusport.fr\/blog\/?s={search_term_string}"},"query-input":{"@type":"PropertyValueSpecification","valueRequired":true,"valueName":"search_term_string"}}],"inLanguage":"fr-FR"},{"@type":"NewsMediaOrganization","@id":"https:\/\/dicodusport.fr\/blog\/#organization","name":"Dicodusport","url":"https:\/\/dicodusport.fr\/blog\/","logo":{"@type":"ImageObject","inLanguage":"fr-FR","@id":"https:\/\/dicodusport.fr\/blog\/#\/schema\/logo\/image\/","url":"https:\/\/dicodusport.fr\/blog\/wp-content\/uploads\/2020\/06\/cropped-LOGO-DICODUSPORT-2020-SANS-FOND-SANS-TEXTE.png","contentUrl":"https:\/\/dicodusport.fr\/blog\/wp-content\/uploads\/2020\/06\/cropped-LOGO-DICODUSPORT-2020-SANS-FOND-SANS-TEXTE.png","width":512,"height":512,"caption":"Dicodusport"},"image":{"@id":"https:\/\/dicodusport.fr\/blog\/#\/schema\/logo\/image\/"},"sameAs":["https:\/\/www.facebook.com\/dicodusport","https:\/\/x.com\/dicodusport","https:\/\/www.instagram.com\/dicodusport\/","https:\/\/www.youtube.com\/channel\/UC7V2KZ5sd3htJivAbA4ZG3w"],"description":"Dicodusport est l'encyclop\u00e9die de l'actualit\u00e9 sportive.","email":"bonjour@dicodusport.fr","legalName":"DICODUSPORT","foundingDate":"2018-01-14","vatID":"FR71834470973","taxID":"83447097300043","numberOfEmployees":{"@type":"QuantitativeValue","minValue":"1","maxValue":"10"}},{"@type":"Person","@id":"https:\/\/dicodusport.fr\/blog\/#\/schema\/person\/cb02af4c173ce4a653b55e9baf388d4a","name":"Flo Ostermann","image":{"@type":"ImageObject","inLanguage":"fr-FR","@id":"https:\/\/dicodusport.fr\/blog\/#\/schema\/person\/image\/","url":"https:\/\/dicodusport.fr\/blog\/wp-content\/uploads\/2021\/05\/Flo-Ostermann-150x150.jpg","contentUrl":"https:\/\/dicodusport.fr\/blog\/wp-content\/uploads\/2021\/05\/Flo-Ostermann-150x150.jpg","caption":"Flo Ostermann"},"description":"Journaliste\/R\u00e9dacteur depuis septembre 2015 - Mes premiers souvenirs dans le sport ? Les envol\u00e9es du Stade Toulousain et les duels Villeneuve-Schumacher et H\u00e4kkinen-Schumacher \u00e0 la fin des ann\u00e9es 90, la Coupe du monde de football en 1998, l\u2019exploit du XV de France face aux All Blacks en 1999, mais aussi Richard C\u0153ur de Lion qui vole sur les montagnes du Tour de France. Bien parti pour devenir professeur d\u2019EPS, les \u00e9v\u00e9nements de la vie (et la flemme d\u2019animer des s\u00e9ances de 3x500 m\u00e8tres toute ma vie) m\u2019ont conduit \u00e0 revoir mes plans. Me voil\u00e0 depuis fin 2017 sur Dicodusport, m\u00e9dia gr\u00e2ce (et pour) lequel je partage ma passion : le sport dans tous ses \u00e9tats. Le tout accompagn\u00e9 par les fous furieux et folles furieuses cit\u00e9s sur cette page !","sameAs":["https:\/\/www.facebook.com\/florent.ostermann","https:\/\/x.com\/https:\/\/twitter.com\/FlOstermann","admin"],"url":"https:\/\/dicodusport.fr\/blog\/author\/flo\/"}]}},"_links":{"self":[{"href":"https:\/\/dicodusport.fr\/blog\/wp-json\/wp\/v2\/posts\/16631","targetHints":{"allow":["GET"]}}],"collection":[{"href":"https:\/\/dicodusport.fr\/blog\/wp-json\/wp\/v2\/posts"}],"about":[{"href":"https:\/\/dicodusport.fr\/blog\/wp-json\/wp\/v2\/types\/post"}],"author":[{"embeddable":true,"href":"https:\/\/dicodusport.fr\/blog\/wp-json\/wp\/v2\/users\/4"}],"replies":[{"embeddable":true,"href":"https:\/\/dicodusport.fr\/blog\/wp-json\/wp\/v2\/comments?post=16631"}],"version-history":[{"count":0,"href":"https:\/\/dicodusport.fr\/blog\/wp-json\/wp\/v2\/posts\/16631\/revisions"}],"wp:featuredmedia":[{"embeddable":true,"href":"https:\/\/dicodusport.fr\/blog\/wp-json\/wp\/v2\/media\/16646"}],"wp:attachment":[{"href":"https:\/\/dicodusport.fr\/blog\/wp-json\/wp\/v2\/media?parent=16631"}],"wp:term":[{"taxonomy":"category","embeddable":true,"href":"https:\/\/dicodusport.fr\/blog\/wp-json\/wp\/v2\/categories?post=16631"},{"taxonomy":"post_tag","embeddable":true,"href":"https:\/\/dicodusport.fr\/blog\/wp-json\/wp\/v2\/tags?post=16631"}],"curies":[{"name":"wp","href":"https:\/\/api.w.org\/{rel}","templated":true}]}}