{"id":166471,"date":"2021-09-16T09:21:58","date_gmt":"2021-09-16T07:21:58","guid":{"rendered":"https:\/\/dicodusport.fr\/blog\/?p=166471&#038;preview=true&#038;preview_id=166471"},"modified":"2021-09-17T08:24:37","modified_gmt":"2021-09-17T06:24:37","slug":"motogp-grand-prix-de-saint-marin-2021-horaires-programme-tv-et-enjeux","status":"publish","type":"post","link":"https:\/\/dicodusport.fr\/blog\/motogp-grand-prix-de-saint-marin-2021-horaires-programme-tv-et-enjeux\/","title":{"rendered":"MotoGP &#8211; Grand Prix de Saint-Marin 2021 : Horaires, programme TV et enjeux"},"content":{"rendered":"<p style=\"text-align: justify;\"><em><strong>MOTOGP &#8211; Le Grand Prix de Saint-Marin 2021 de <a href=\"https:\/\/dicodusport.fr\/blog\/actualites\/sports-mecaniques\/moto\/\">MotoGP<\/a> va se d\u00e9rouler ce week-end sur le circuit de <span class=\"tsp-di\">Misano en Italie<\/span>. Apr\u00e8s la premi\u00e8re victoire dans la cat\u00e9gorie de Francesco Bagnaia au <a href=\"https:\/\/dicodusport.fr\/blog\/motogp-grand-prix-aragon-premiere-victoire-en-motogp-pour-francesco-bagnaia\/\">Grand Prix d&rsquo;Aragon<\/a>, qui tirera son \u00e9pingle du jeu ? Histoire, enjeux, records, m\u00e9t\u00e9o, chiffres cl\u00e9s\u2026 Soyez incollables avant la 14<sup>\u00e8me<\/sup> manche du Championnat du monde de MotoGP 2021.<\/strong><\/em><\/p>\n<h2 style=\"text-align: justify;\">Histoire du Grand Prix de Saint-Marin<\/h2>\n<p style=\"text-align: justify;\">Le <strong>Grand Prix de Saint-Marin<\/strong> est une \u00e9tape du Championnat du monde de MotoGP au calendrier entre 1981 et 1987. Il a ensuite fait une pause avant de r\u00e9apparaitre en 1991 et 1993 puis de s&rsquo;interrompre \u00e0 nouveau. Il est ensuite revenu en 2007 pour ne plus jamais dispara\u00eetre jusqu&rsquo;\u00e0 pr\u00e9sent.<\/p>\n<p style=\"text-align: justify;\">Fait rare, cette manche a \u00e9t\u00e9 remport\u00e9e par l&rsquo;Australien <strong>Casey Stoner<\/strong> en 2007 pour sa r\u00e9apparition et depuis, n&rsquo;a \u00e9t\u00e9 gagn\u00e9 que par des Espagnols ou Italiens en MotoGP. Parmi les pilotes vainqueurs, on retrouve les l\u00e9gendes <strong>Valentino Rossi<\/strong> avec sa Yamaha (2008, 2009, 2014) et <strong>Marc M\u00e1rquez<\/strong> (Honda Repsol Team) qui l&rsquo;a gagn\u00e9 aussi 3 fois (2015, 2017, 2019). L&rsquo;Espagnol <strong>Jorge Lorenzo<\/strong> les \u00e9gale avec \u00e9galement trois victoire sur sa Yamaha (2011, 2012, 2013). Enfin, <b>Dani Pedrosa <\/b>compte deux victoires sur ce circuit avec sa Honda (2010, 2016). Les Italiens <strong>Andrea Dovizioso<\/strong> et <strong>Franco Morbidelli<\/strong> ont gagn\u00e9 respectivement les manches de 2018 et 2020.<\/p>\n<p style=\"text-align: justify;\">La derni\u00e8re \u00e9dition en date de 2020 avait d&rsquo;ailleurs vu l&rsquo;Espagnol <strong>Maverick Vi\u00f1ales<\/strong> (Monster Yamaha) d\u00e9crocher la pole position. Le jour de la course, l&rsquo;Italien <strong>Franco Morbidelli<\/strong> avait pris la t\u00eate de la course d\u00e8s le d\u00e9part sans jamais la l\u00e2cher jusqu&rsquo;\u00e0 l&rsquo;arriv\u00e9e. <strong>Francesco Bagnaia<\/strong> et <strong>Joan Mir<\/strong> l&rsquo;avaient accompagn\u00e9 sur le podium. Le Fran\u00e7ais <strong>Fabio Quartararo<\/strong> avait chut\u00e9 au 7\u00e8me tour du Grand Prix.<\/p>\n<p><iframe loading=\"lazy\" title=\"YouTube video player\" src=\"https:\/\/www.youtube.com\/embed\/PElM0ZAPW94?list=PLFdFhj6CALXFUVrpehoR2zYKajXqA181S\" width=\"853\" height=\"480\" frameborder=\"0\" allowfullscreen=\"allowfullscreen\"><\/iframe><\/p>\n<h2 style=\"text-align: justify;\">Les sp\u00e9cificit\u00e9s du circuit<\/h2>\n<p style=\"text-align: justify;\">Un tour de ce circuit, c&rsquo;est 4,2 km ! Le circuit Misano World Circuit Marco Simoncelli comporte 16 virages, 6 \u00e0 gauche et 10 \u00e0 droite. Il est consid\u00e9r\u00e9 comme un circuit moderne des sports m\u00e9caniques, et c&rsquo;est aussi l&rsquo;un des plus diversifi\u00e9s. La course se d\u00e9roulera sur 27 tours, soit environ 114 km. La plus longue ligne droite mesure 530 m, o\u00f9 les pilotes atteignent g\u00e9n\u00e9ralement les 300 km\/h.<\/p>\n<p><a href=\"https:\/\/dicodusport.fr\/blog\/wp-content\/uploads\/2021\/09\/Circuit-Misano-MotoGP.jpg\"><img loading=\"lazy\" decoding=\"async\" class=\"aligncenter wp-image-166569 size-full\" src=\"https:\/\/dicodusport.fr\/blog\/wp-content\/uploads\/2021\/09\/Circuit-Misano-MotoGP.jpg\" alt=\"Misano World Circuit Marco Simoncelli de MotoGP\" width=\"492\" height=\"286\" srcset=\"https:\/\/dicodusport.fr\/blog\/wp-content\/uploads\/2021\/09\/Circuit-Misano-MotoGP.jpg 492w, https:\/\/dicodusport.fr\/blog\/wp-content\/uploads\/2021\/09\/Circuit-Misano-MotoGP-300x174.jpg 300w\" sizes=\"auto, (max-width: 492px) 100vw, 492px\" \/><\/a><\/p>\n<p style=\"text-align: justify;\">C\u00f4t\u00e9 m\u00e9t\u00e9o, les conditions s\u2019annoncent mitig\u00e9es dans le nord-est de l&rsquo;Italie. Les temp\u00e9ratures devraient osciller entre 24 et 26 degr\u00e9s tout au long du week-end. Cependant, des orages sont attendus lors des 3 jours du Grand Prix avec des chances de pluies estim\u00e9es \u00e0 au moins 60%. Reste \u00e0 savoir si cette pluie tombera au moment des rendez-vous Moto, ce qui semble \u00eatre fort probable.<\/p>\n<h2 style=\"text-align: justify;\">Les records<\/h2>\n<p style=\"text-align: justify;\"><strong>Maverick Vi\u00f1ales<\/strong> poss\u00e8de le record du tour sur ce circuit sur son ex-Yamaha, avec un temps de 1:31.077 r\u00e9alis\u00e9 lors de sa pole position en 2020. L&rsquo;Italien <b>Francesco Bagnaia <\/b>s&rsquo;\u00e9tait offert le record du tour en course la m\u00eame ann\u00e9e, avec un temps de 1:32.319 sur une Ducati Pramac. Celui-ci poss\u00e8de \u00e9galement le record de vitesse de pointe la plus \u00e9lev\u00e9e sur le circuit avec 301,6 km\/h r\u00e9alis\u00e9s la m\u00eame ann\u00e9e.<\/p>\n<h2 style=\"text-align: justify;\">Les enjeux<\/h2>\n<p style=\"text-align: justify;\">C&rsquo;est toujours un Fran\u00e7ais qui m\u00e8ne le classement du championnat du monde avec un bon matelas d&rsquo;avance malgr\u00e9 sa contre-performance au dernier Grand Prix. En effet, <strong>Fabio Quartararo<\/strong> (Monster Yamaha Energy) totalise 214 points. C&rsquo;est 53 de plus que son premier poursuivant <strong>Francesco Bagnaia<\/strong> (Ducati Lenovo Team) qui en compte 161. Juste derri\u00e8re, l&rsquo;Espagnol <strong>Joan Mir<\/strong> (Team Suzuki ECSTAR) le talonne avec 157 points. En quatri\u00e8me position, le Fran\u00e7ais <strong>Johann Zarco<\/strong> (Pramac Ducati) attend toujours sa premi\u00e8re victoire en MotoGP et compte 137 points. Enfin, l&rsquo;Australien <strong>Jack Miller<\/strong> (Ducati Lenovo Team) joue sa chance \u00e9galement avec 129 points.<\/p>\n<p style=\"text-align: justify;\">De plus, le sextuple champion du monde de MotoGP <strong>Marc M\u00e1rquez <\/strong>(Honda Repsol Team) aura son mot \u00e0 dire lors de cette course. Avec 3 victoires au compteur, il connait bien le circuit et a termin\u00e9 deuxi\u00e8me lors de la derni\u00e8re course \u00e0 Aragon. Attention aussi \u00e0 la l\u00e9gende septuple championne du monde de la cat\u00e9gorie reine <strong>Valentino Rossi<\/strong> (Petronas Yamaha SRT) qui a d\u00e9j\u00e0 aussi gagn\u00e9 3 fois ici. Il pourra faire parler son exp\u00e9rience et prendre du plaisir avant de prendre sa retraite en fin de saison.<\/p>\n<p style=\"text-align: justify;\">Il ne faudra pas oublier <strong>Jorge Martin<\/strong> et sa Ducati Pramac qui a gagn\u00e9 sa toute premi\u00e8re course en MotoGP r\u00e9cemment avant de finir sur le podium du Grand Prix d&rsquo;Autriche. Le rookie a \u00e9galement d\u00e9croch\u00e9 deux r\u00e9centes poles positions et a impressionn\u00e9 tout au long de ces week-ends.<\/p>\n<p style=\"text-align: justify;\">Les \u00e9preuves de Moto 2 et Moto 3 seront \u00e9galement \u00e0 suivre ce week-end. A noter que le Fran\u00e7ais <strong>Lorenzo Fellon<\/strong> (SIC58 Squadra Corse) passe souvent tout pr\u00e8s de ses premiers points en Moto 3. Serait-ce le moment de les d\u00e9crocher ?<\/p>\n<h2 style=\"text-align: justify;\"><strong>Le programme TV du Grand Prix de Saint-Marin de MotoGP 2021<\/strong><\/h2>\n<h3 style=\"text-align: justify;\">Vendredi 17 septembre 2021<\/h3>\n<p style=\"text-align: justify;\"><strong>9h55 \u2013 10h40 :<\/strong> FP1 (Canal+ D\u00e9cal\u00e9)<br \/>\n<strong>14h10 \u2013 14h55 :<\/strong> FP2 (Canal+ D\u00e9cal\u00e9)<\/p>\n<h3 style=\"text-align: justify;\">Samedi 18 septembre 2021<\/h3>\n<p style=\"text-align: justify;\"><strong>9h55 \u2013 10h40 :<\/strong> FP3 (Canal+ D\u00e9cal\u00e9)<br \/>\n<strong>13h30 \u2013 14h00 :<\/strong> FP4 (Canal+ D\u00e9cal\u00e9)<br \/>\n<strong>14h10 \u2013 14h50 :<\/strong> Qualifications 1 et Qualifications 2 (Canal+)<\/p>\n<h3 style=\"text-align: justify;\">Dimanche 19 septembre 2021<\/h3>\n<p style=\"text-align: justify;\"><strong>9h30 \u2013 9h50 :<\/strong> Warm-up (Canal+ D\u00e9cal\u00e9)<br \/>\n<strong>14h00 :\u00a0<\/strong>Course (Canal+)<\/p>\n<h2 style=\"text-align: justify;\">La derni\u00e8re nouvelle<\/h2>\n<p style=\"text-align: justify;\">R\u00e9cemment, Canal+ a annonc\u00e9 avoir prolong\u00e9 son contrat des droits TV du MotoGP pour 8 ans, jusqu&rsquo;en 2029 !<\/p>\n<blockquote class=\"twitter-tweet\">\n<p dir=\"ltr\" lang=\"fr\">&#x1f6a8; PROLONGATION DE CONTRAT &#x1f6a8;<\/p>\n<p>Encore 8&#x20e3; SAISONS de MotoGP en exclu sur <a href=\"https:\/\/twitter.com\/canalplus?ref_src=twsrc%5Etfw\">@canalplus<\/a> ! &#x1f60d; <a href=\"https:\/\/t.co\/eVS4RqdNj8\">https:\/\/t.co\/eVS4RqdNj8<\/a><\/p>\n<p>\u2014 CANAL+ MotoGP&#x2122; (@CanalplusMotoGP) <a href=\"https:\/\/twitter.com\/CanalplusMotoGP\/status\/1432638715881476100?ref_src=twsrc%5Etfw\">August 31, 2021<\/a><\/p><\/blockquote>\n<p><script async src=\"https:\/\/platform.twitter.com\/widgets.js\" charset=\"utf-8\"><\/script><\/p>\n<h2 style=\"text-align: justify;\"><strong>\u00c0 lire aussi<\/strong><\/h2>\n<ul>\n<li><a href=\"https:\/\/dicodusport.fr\/blog\/moto-gp-le-classement-du-championnat-du-monde-des-pilotes-2021\/\"><strong>Le classement du championnat du monde des pilotes 2021<\/strong><\/a><\/li>\n<li style=\"text-align: justify;\"><a href=\"https:\/\/dicodusport.fr\/blog\/motogp-les-10-pilotes-les-mieux-payes-en-2021\/\"><strong>Les 10 pilotes les mieux pay\u00e9s du MotoGP en 2021<\/strong><\/a><\/li>\n<\/ul>\n","protected":false},"excerpt":{"rendered":"<p>MOTOGP &#8211; Le Grand Prix de Saint-Marin 2021 de MotoGP va se d\u00e9rouler ce week-end sur le circuit de Misano en Italie. Apr\u00e8s la premi\u00e8re victoire dans la cat\u00e9gorie de Francesco Bagnaia au Grand Prix d&rsquo;Aragon, qui tirera son \u00e9pingle du jeu ? Histoire, enjeux, records, m\u00e9t\u00e9o, chiffres cl\u00e9s\u2026 Soyez incollables avant la 14\u00e8me manche du Championnat du monde de MotoGP 2021.<\/p>\n","protected":false},"author":54,"featured_media":165697,"comment_status":"open","ping_status":"closed","sticky":false,"template":"","format":"standard","meta":{"_acf_changed":false,"_daextam_enable_autolinks":"","footnotes":""},"categories":[47087],"tags":[10938,19240],"class_list":["post-166471","post","type-post","status-publish","format-standard","has-post-thumbnail","hentry","category-motogp","tag-motogp","tag-motogp-saint-marin"],"acf":[],"yoast_head":"<!-- This site is optimized with the Yoast SEO Premium plugin v26.7 (Yoast SEO v26.7) - https:\/\/yoast.com\/wordpress\/plugins\/seo\/ -->\n<title>MotoGP - Grand Prix de Saint-Marin 2021 : Horaires, programme TV et enjeux<\/title>\n<meta name=\"description\" content=\"Histoire, enjeux, records, programme TV, chiffres cl\u00e9s\u2026 Soyez incollables avant l&#039;\u00e9dition du Grand Prix de Saint-Marin 2021 de MotoGP.\" \/>\n<meta name=\"robots\" content=\"index, follow, max-snippet:-1, max-image-preview:large, max-video-preview:-1\" \/>\n<link rel=\"canonical\" href=\"https:\/\/dicodusport.fr\/blog\/motogp-grand-prix-de-saint-marin-2021-horaires-programme-tv-et-enjeux\/\" \/>\n<meta property=\"og:locale\" content=\"fr_FR\" \/>\n<meta property=\"og:type\" content=\"article\" \/>\n<meta property=\"og:title\" content=\"MotoGP - Grand Prix de Saint-Marin 2021 : Horaires, programme TV et enjeux\" \/>\n<meta property=\"og:description\" content=\"Histoire, enjeux, records, programme TV, chiffres cl\u00e9s\u2026 Soyez incollables avant l&#039;\u00e9dition du Grand Prix de Saint-Marin 2021 de MotoGP.\" \/>\n<meta property=\"og:url\" content=\"https:\/\/dicodusport.fr\/blog\/motogp-grand-prix-de-saint-marin-2021-horaires-programme-tv-et-enjeux\/\" \/>\n<meta property=\"og:site_name\" content=\"Dicodusport\" \/>\n<meta property=\"article:publisher\" content=\"https:\/\/www.facebook.com\/dicodusport\" \/>\n<meta property=\"article:author\" content=\"https:\/\/www.facebook.com\/roxane.lecacher\" \/>\n<meta property=\"article:published_time\" content=\"2021-09-16T07:21:58+00:00\" \/>\n<meta property=\"article:modified_time\" content=\"2021-09-17T06:24:37+00:00\" \/>\n<meta property=\"og:image\" content=\"https:\/\/dicodusport.fr\/blog\/wp-content\/uploads\/2021\/09\/Grand-Prix-dAragon-Fabio-Quartararo-en-premiere-ligne-Francesco-Bagnaia-en-pole.png\" \/>\n\t<meta property=\"og:image:width\" content=\"800\" \/>\n\t<meta property=\"og:image:height\" content=\"445\" \/>\n\t<meta property=\"og:image:type\" content=\"image\/png\" \/>\n<meta name=\"author\" content=\"Roxane Lecacher\" \/>\n<meta name=\"twitter:card\" content=\"summary_large_image\" \/>\n<meta name=\"twitter:title\" content=\"MotoGP - Grand Prix de Saint-Marin 2021 : Horaires, programme TV et enjeux\" \/>\n<meta name=\"twitter:creator\" content=\"@dicodusport\" \/>\n<meta name=\"twitter:site\" content=\"@dicodusport\" \/>\n<script type=\"application\/ld+json\" class=\"yoast-schema-graph\">{\"@context\":\"https:\/\/schema.org\",\"@graph\":[{\"@type\":\"NewsArticle\",\"@id\":\"https:\/\/dicodusport.fr\/blog\/motogp-grand-prix-de-saint-marin-2021-horaires-programme-tv-et-enjeux\/#article\",\"isPartOf\":{\"@id\":\"https:\/\/dicodusport.fr\/blog\/motogp-grand-prix-de-saint-marin-2021-horaires-programme-tv-et-enjeux\/\"},\"author\":{\"name\":\"Roxane Lecacher\",\"@id\":\"https:\/\/dicodusport.fr\/blog\/#\/schema\/person\/819fb2545dd2715bd7c0580d6d4b411a\"},\"headline\":\"MotoGP &#8211; Grand Prix de Saint-Marin 2021 : Horaires, programme TV et enjeux\",\"datePublished\":\"2021-09-16T07:21:58+00:00\",\"dateModified\":\"2021-09-17T06:24:37+00:00\",\"mainEntityOfPage\":{\"@id\":\"https:\/\/dicodusport.fr\/blog\/motogp-grand-prix-de-saint-marin-2021-horaires-programme-tv-et-enjeux\/\"},\"wordCount\":953,\"commentCount\":0,\"publisher\":{\"@id\":\"https:\/\/dicodusport.fr\/blog\/#organization\"},\"image\":{\"@id\":\"https:\/\/dicodusport.fr\/blog\/motogp-grand-prix-de-saint-marin-2021-horaires-programme-tv-et-enjeux\/#primaryimage\"},\"thumbnailUrl\":\"https:\/\/dicodusport.fr\/blog\/wp-content\/uploads\/2021\/09\/Grand-Prix-dAragon-Fabio-Quartararo-en-premiere-ligne-Francesco-Bagnaia-en-pole.png\",\"keywords\":[\"MotoGP\",\"MotoGP Saint-Marin\"],\"articleSection\":[\"MotoGP\"],\"inLanguage\":\"fr-FR\",\"potentialAction\":[{\"@type\":\"CommentAction\",\"name\":\"Comment\",\"target\":[\"https:\/\/dicodusport.fr\/blog\/motogp-grand-prix-de-saint-marin-2021-horaires-programme-tv-et-enjeux\/#respond\"]}],\"copyrightYear\":\"2021\",\"copyrightHolder\":{\"@id\":\"https:\/\/dicodusport.fr\/blog\/#organization\"}},{\"@type\":\"WebPage\",\"@id\":\"https:\/\/dicodusport.fr\/blog\/motogp-grand-prix-de-saint-marin-2021-horaires-programme-tv-et-enjeux\/\",\"url\":\"https:\/\/dicodusport.fr\/blog\/motogp-grand-prix-de-saint-marin-2021-horaires-programme-tv-et-enjeux\/\",\"name\":\"MotoGP - Grand Prix de Saint-Marin 2021 : Horaires, programme TV et enjeux\",\"isPartOf\":{\"@id\":\"https:\/\/dicodusport.fr\/blog\/#website\"},\"primaryImageOfPage\":{\"@id\":\"https:\/\/dicodusport.fr\/blog\/motogp-grand-prix-de-saint-marin-2021-horaires-programme-tv-et-enjeux\/#primaryimage\"},\"image\":{\"@id\":\"https:\/\/dicodusport.fr\/blog\/motogp-grand-prix-de-saint-marin-2021-horaires-programme-tv-et-enjeux\/#primaryimage\"},\"thumbnailUrl\":\"https:\/\/dicodusport.fr\/blog\/wp-content\/uploads\/2021\/09\/Grand-Prix-dAragon-Fabio-Quartararo-en-premiere-ligne-Francesco-Bagnaia-en-pole.png\",\"datePublished\":\"2021-09-16T07:21:58+00:00\",\"dateModified\":\"2021-09-17T06:24:37+00:00\",\"description\":\"Histoire, enjeux, records, programme TV, chiffres cl\u00e9s\u2026 Soyez incollables avant l'\u00e9dition du Grand Prix de Saint-Marin 2021 de MotoGP.\",\"breadcrumb\":{\"@id\":\"https:\/\/dicodusport.fr\/blog\/motogp-grand-prix-de-saint-marin-2021-horaires-programme-tv-et-enjeux\/#breadcrumb\"},\"inLanguage\":\"fr-FR\",\"potentialAction\":[{\"@type\":\"ReadAction\",\"target\":[\"https:\/\/dicodusport.fr\/blog\/motogp-grand-prix-de-saint-marin-2021-horaires-programme-tv-et-enjeux\/\"]}]},{\"@type\":\"ImageObject\",\"inLanguage\":\"fr-FR\",\"@id\":\"https:\/\/dicodusport.fr\/blog\/motogp-grand-prix-de-saint-marin-2021-horaires-programme-tv-et-enjeux\/#primaryimage\",\"url\":\"https:\/\/dicodusport.fr\/blog\/wp-content\/uploads\/2021\/09\/Grand-Prix-dAragon-Fabio-Quartararo-en-premiere-ligne-Francesco-Bagnaia-en-pole.png\",\"contentUrl\":\"https:\/\/dicodusport.fr\/blog\/wp-content\/uploads\/2021\/09\/Grand-Prix-dAragon-Fabio-Quartararo-en-premiere-ligne-Francesco-Bagnaia-en-pole.png\",\"width\":800,\"height\":445,\"caption\":\"Grand Prix d'Aragon Fabio Quartararo en premi\u00e8re ligne, Francesco Bagnaia en pole\"},{\"@type\":\"BreadcrumbList\",\"@id\":\"https:\/\/dicodusport.fr\/blog\/motogp-grand-prix-de-saint-marin-2021-horaires-programme-tv-et-enjeux\/#breadcrumb\",\"itemListElement\":[{\"@type\":\"ListItem\",\"position\":1,\"name\":\"Accueil\",\"item\":\"https:\/\/dicodusport.fr\/blog\/\"},{\"@type\":\"ListItem\",\"position\":2,\"name\":\"MotoGP &#8211; Grand Prix de Saint-Marin 2021 : Horaires, programme TV et enjeux\"}]},{\"@type\":\"WebSite\",\"@id\":\"https:\/\/dicodusport.fr\/blog\/#website\",\"url\":\"https:\/\/dicodusport.fr\/blog\/\",\"name\":\"Dicodusport\",\"description\":\"L&#039;encyclop\u00e9die de l&#039;actualit\u00e9 sportive\",\"publisher\":{\"@id\":\"https:\/\/dicodusport.fr\/blog\/#organization\"},\"potentialAction\":[{\"@type\":\"SearchAction\",\"target\":{\"@type\":\"EntryPoint\",\"urlTemplate\":\"https:\/\/dicodusport.fr\/blog\/?s={search_term_string}\"},\"query-input\":{\"@type\":\"PropertyValueSpecification\",\"valueRequired\":true,\"valueName\":\"search_term_string\"}}],\"inLanguage\":\"fr-FR\"},{\"@type\":\"NewsMediaOrganization\",\"@id\":\"https:\/\/dicodusport.fr\/blog\/#organization\",\"name\":\"Dicodusport\",\"url\":\"https:\/\/dicodusport.fr\/blog\/\",\"logo\":{\"@type\":\"ImageObject\",\"inLanguage\":\"fr-FR\",\"@id\":\"https:\/\/dicodusport.fr\/blog\/#\/schema\/logo\/image\/\",\"url\":\"https:\/\/dicodusport.fr\/blog\/wp-content\/uploads\/2020\/06\/cropped-LOGO-DICODUSPORT-2020-SANS-FOND-SANS-TEXTE.png\",\"contentUrl\":\"https:\/\/dicodusport.fr\/blog\/wp-content\/uploads\/2020\/06\/cropped-LOGO-DICODUSPORT-2020-SANS-FOND-SANS-TEXTE.png\",\"width\":512,\"height\":512,\"caption\":\"Dicodusport\"},\"image\":{\"@id\":\"https:\/\/dicodusport.fr\/blog\/#\/schema\/logo\/image\/\"},\"sameAs\":[\"https:\/\/www.facebook.com\/dicodusport\",\"https:\/\/x.com\/dicodusport\",\"https:\/\/www.instagram.com\/dicodusport\/\",\"https:\/\/www.youtube.com\/channel\/UC7V2KZ5sd3htJivAbA4ZG3w\"],\"description\":\"Dicodusport est l'encyclop\u00e9die de l'actualit\u00e9 sportive.\",\"email\":\"bonjour@dicodusport.fr\",\"legalName\":\"DICODUSPORT\",\"foundingDate\":\"2018-01-14\",\"vatID\":\"FR71834470973\",\"taxID\":\"83447097300043\",\"numberOfEmployees\":{\"@type\":\"QuantitativeValue\",\"minValue\":\"1\",\"maxValue\":\"10\"}},{\"@type\":\"Person\",\"@id\":\"https:\/\/dicodusport.fr\/blog\/#\/schema\/person\/819fb2545dd2715bd7c0580d6d4b411a\",\"name\":\"Roxane Lecacher\",\"image\":{\"@type\":\"ImageObject\",\"inLanguage\":\"fr-FR\",\"@id\":\"https:\/\/dicodusport.fr\/blog\/#\/schema\/person\/image\/\",\"url\":\"https:\/\/dicodusport.fr\/blog\/wp-content\/uploads\/2021\/05\/Roxane-Lecacher-150x150.jpg\",\"contentUrl\":\"https:\/\/dicodusport.fr\/blog\/wp-content\/uploads\/2021\/05\/Roxane-Lecacher-150x150.jpg\",\"caption\":\"Roxane Lecacher\"},\"description\":\"Journaliste\/r\u00e9dactrice depuis janvier 2021 - N\u00e9e quelques jours avant la premi\u00e8re \u00e9toile des Bleus, je baigne dans une famille tr\u00e8s sportive. Je n\u2019ai eu d\u2019autres choix que de me passionner pour le sujet. Pratiquante de l\u2019athl\u00e9tisme depuis toute petite, j\u2019ai aussi un attrait tout particulier pour la Formule 1, le biathlon et le foot. Pendant les grands \u00e9v\u00e9nements, il est impossible de d\u00e9crocher de ma t\u00e9l\u00e9. C\u2019est \u00e0 travers Dicodusport que j\u2019aime d\u00e9sormais vous transmettre mes \u00e9motions et ma passion.\",\"sameAs\":[\"https:\/\/www.facebook.com\/roxane.lecacher\",\"https:\/\/fr.linkedin.com\/in\/roxane-lecacher-23368313b\"],\"url\":\"https:\/\/dicodusport.fr\/blog\/author\/roxanel\/\"}]}<\/script>\n<!-- \/ Yoast SEO Premium plugin. -->","yoast_head_json":{"title":"MotoGP - Grand Prix de Saint-Marin 2021 : Horaires, programme TV et enjeux","description":"Histoire, enjeux, records, programme TV, chiffres cl\u00e9s\u2026 Soyez incollables avant l'\u00e9dition du Grand Prix de Saint-Marin 2021 de MotoGP.","robots":{"index":"index","follow":"follow","max-snippet":"max-snippet:-1","max-image-preview":"max-image-preview:large","max-video-preview":"max-video-preview:-1"},"canonical":"https:\/\/dicodusport.fr\/blog\/motogp-grand-prix-de-saint-marin-2021-horaires-programme-tv-et-enjeux\/","og_locale":"fr_FR","og_type":"article","og_title":"MotoGP - Grand Prix de Saint-Marin 2021 : Horaires, programme TV et enjeux","og_description":"Histoire, enjeux, records, programme TV, chiffres cl\u00e9s\u2026 Soyez incollables avant l'\u00e9dition du Grand Prix de Saint-Marin 2021 de MotoGP.","og_url":"https:\/\/dicodusport.fr\/blog\/motogp-grand-prix-de-saint-marin-2021-horaires-programme-tv-et-enjeux\/","og_site_name":"Dicodusport","article_publisher":"https:\/\/www.facebook.com\/dicodusport","article_author":"https:\/\/www.facebook.com\/roxane.lecacher","article_published_time":"2021-09-16T07:21:58+00:00","article_modified_time":"2021-09-17T06:24:37+00:00","og_image":[{"width":800,"height":445,"url":"https:\/\/dicodusport.fr\/blog\/wp-content\/uploads\/2021\/09\/Grand-Prix-dAragon-Fabio-Quartararo-en-premiere-ligne-Francesco-Bagnaia-en-pole.png","type":"image\/png"}],"author":"Roxane Lecacher","twitter_card":"summary_large_image","twitter_title":"MotoGP - Grand Prix de Saint-Marin 2021 : Horaires, programme TV et enjeux","twitter_creator":"@dicodusport","twitter_site":"@dicodusport","schema":{"@context":"https:\/\/schema.org","@graph":[{"@type":"NewsArticle","@id":"https:\/\/dicodusport.fr\/blog\/motogp-grand-prix-de-saint-marin-2021-horaires-programme-tv-et-enjeux\/#article","isPartOf":{"@id":"https:\/\/dicodusport.fr\/blog\/motogp-grand-prix-de-saint-marin-2021-horaires-programme-tv-et-enjeux\/"},"author":{"name":"Roxane Lecacher","@id":"https:\/\/dicodusport.fr\/blog\/#\/schema\/person\/819fb2545dd2715bd7c0580d6d4b411a"},"headline":"MotoGP &#8211; Grand Prix de Saint-Marin 2021 : Horaires, programme TV et enjeux","datePublished":"2021-09-16T07:21:58+00:00","dateModified":"2021-09-17T06:24:37+00:00","mainEntityOfPage":{"@id":"https:\/\/dicodusport.fr\/blog\/motogp-grand-prix-de-saint-marin-2021-horaires-programme-tv-et-enjeux\/"},"wordCount":953,"commentCount":0,"publisher":{"@id":"https:\/\/dicodusport.fr\/blog\/#organization"},"image":{"@id":"https:\/\/dicodusport.fr\/blog\/motogp-grand-prix-de-saint-marin-2021-horaires-programme-tv-et-enjeux\/#primaryimage"},"thumbnailUrl":"https:\/\/dicodusport.fr\/blog\/wp-content\/uploads\/2021\/09\/Grand-Prix-dAragon-Fabio-Quartararo-en-premiere-ligne-Francesco-Bagnaia-en-pole.png","keywords":["MotoGP","MotoGP Saint-Marin"],"articleSection":["MotoGP"],"inLanguage":"fr-FR","potentialAction":[{"@type":"CommentAction","name":"Comment","target":["https:\/\/dicodusport.fr\/blog\/motogp-grand-prix-de-saint-marin-2021-horaires-programme-tv-et-enjeux\/#respond"]}],"copyrightYear":"2021","copyrightHolder":{"@id":"https:\/\/dicodusport.fr\/blog\/#organization"}},{"@type":"WebPage","@id":"https:\/\/dicodusport.fr\/blog\/motogp-grand-prix-de-saint-marin-2021-horaires-programme-tv-et-enjeux\/","url":"https:\/\/dicodusport.fr\/blog\/motogp-grand-prix-de-saint-marin-2021-horaires-programme-tv-et-enjeux\/","name":"MotoGP - Grand Prix de Saint-Marin 2021 : Horaires, programme TV et enjeux","isPartOf":{"@id":"https:\/\/dicodusport.fr\/blog\/#website"},"primaryImageOfPage":{"@id":"https:\/\/dicodusport.fr\/blog\/motogp-grand-prix-de-saint-marin-2021-horaires-programme-tv-et-enjeux\/#primaryimage"},"image":{"@id":"https:\/\/dicodusport.fr\/blog\/motogp-grand-prix-de-saint-marin-2021-horaires-programme-tv-et-enjeux\/#primaryimage"},"thumbnailUrl":"https:\/\/dicodusport.fr\/blog\/wp-content\/uploads\/2021\/09\/Grand-Prix-dAragon-Fabio-Quartararo-en-premiere-ligne-Francesco-Bagnaia-en-pole.png","datePublished":"2021-09-16T07:21:58+00:00","dateModified":"2021-09-17T06:24:37+00:00","description":"Histoire, enjeux, records, programme TV, chiffres cl\u00e9s\u2026 Soyez incollables avant l'\u00e9dition du Grand Prix de Saint-Marin 2021 de MotoGP.","breadcrumb":{"@id":"https:\/\/dicodusport.fr\/blog\/motogp-grand-prix-de-saint-marin-2021-horaires-programme-tv-et-enjeux\/#breadcrumb"},"inLanguage":"fr-FR","potentialAction":[{"@type":"ReadAction","target":["https:\/\/dicodusport.fr\/blog\/motogp-grand-prix-de-saint-marin-2021-horaires-programme-tv-et-enjeux\/"]}]},{"@type":"ImageObject","inLanguage":"fr-FR","@id":"https:\/\/dicodusport.fr\/blog\/motogp-grand-prix-de-saint-marin-2021-horaires-programme-tv-et-enjeux\/#primaryimage","url":"https:\/\/dicodusport.fr\/blog\/wp-content\/uploads\/2021\/09\/Grand-Prix-dAragon-Fabio-Quartararo-en-premiere-ligne-Francesco-Bagnaia-en-pole.png","contentUrl":"https:\/\/dicodusport.fr\/blog\/wp-content\/uploads\/2021\/09\/Grand-Prix-dAragon-Fabio-Quartararo-en-premiere-ligne-Francesco-Bagnaia-en-pole.png","width":800,"height":445,"caption":"Grand Prix d'Aragon Fabio Quartararo en premi\u00e8re ligne, Francesco Bagnaia en pole"},{"@type":"BreadcrumbList","@id":"https:\/\/dicodusport.fr\/blog\/motogp-grand-prix-de-saint-marin-2021-horaires-programme-tv-et-enjeux\/#breadcrumb","itemListElement":[{"@type":"ListItem","position":1,"name":"Accueil","item":"https:\/\/dicodusport.fr\/blog\/"},{"@type":"ListItem","position":2,"name":"MotoGP &#8211; Grand Prix de Saint-Marin 2021 : Horaires, programme TV et enjeux"}]},{"@type":"WebSite","@id":"https:\/\/dicodusport.fr\/blog\/#website","url":"https:\/\/dicodusport.fr\/blog\/","name":"Dicodusport","description":"L&#039;encyclop\u00e9die de l&#039;actualit\u00e9 sportive","publisher":{"@id":"https:\/\/dicodusport.fr\/blog\/#organization"},"potentialAction":[{"@type":"SearchAction","target":{"@type":"EntryPoint","urlTemplate":"https:\/\/dicodusport.fr\/blog\/?s={search_term_string}"},"query-input":{"@type":"PropertyValueSpecification","valueRequired":true,"valueName":"search_term_string"}}],"inLanguage":"fr-FR"},{"@type":"NewsMediaOrganization","@id":"https:\/\/dicodusport.fr\/blog\/#organization","name":"Dicodusport","url":"https:\/\/dicodusport.fr\/blog\/","logo":{"@type":"ImageObject","inLanguage":"fr-FR","@id":"https:\/\/dicodusport.fr\/blog\/#\/schema\/logo\/image\/","url":"https:\/\/dicodusport.fr\/blog\/wp-content\/uploads\/2020\/06\/cropped-LOGO-DICODUSPORT-2020-SANS-FOND-SANS-TEXTE.png","contentUrl":"https:\/\/dicodusport.fr\/blog\/wp-content\/uploads\/2020\/06\/cropped-LOGO-DICODUSPORT-2020-SANS-FOND-SANS-TEXTE.png","width":512,"height":512,"caption":"Dicodusport"},"image":{"@id":"https:\/\/dicodusport.fr\/blog\/#\/schema\/logo\/image\/"},"sameAs":["https:\/\/www.facebook.com\/dicodusport","https:\/\/x.com\/dicodusport","https:\/\/www.instagram.com\/dicodusport\/","https:\/\/www.youtube.com\/channel\/UC7V2KZ5sd3htJivAbA4ZG3w"],"description":"Dicodusport est l'encyclop\u00e9die de l'actualit\u00e9 sportive.","email":"bonjour@dicodusport.fr","legalName":"DICODUSPORT","foundingDate":"2018-01-14","vatID":"FR71834470973","taxID":"83447097300043","numberOfEmployees":{"@type":"QuantitativeValue","minValue":"1","maxValue":"10"}},{"@type":"Person","@id":"https:\/\/dicodusport.fr\/blog\/#\/schema\/person\/819fb2545dd2715bd7c0580d6d4b411a","name":"Roxane Lecacher","image":{"@type":"ImageObject","inLanguage":"fr-FR","@id":"https:\/\/dicodusport.fr\/blog\/#\/schema\/person\/image\/","url":"https:\/\/dicodusport.fr\/blog\/wp-content\/uploads\/2021\/05\/Roxane-Lecacher-150x150.jpg","contentUrl":"https:\/\/dicodusport.fr\/blog\/wp-content\/uploads\/2021\/05\/Roxane-Lecacher-150x150.jpg","caption":"Roxane Lecacher"},"description":"Journaliste\/r\u00e9dactrice depuis janvier 2021 - N\u00e9e quelques jours avant la premi\u00e8re \u00e9toile des Bleus, je baigne dans une famille tr\u00e8s sportive. Je n\u2019ai eu d\u2019autres choix que de me passionner pour le sujet. Pratiquante de l\u2019athl\u00e9tisme depuis toute petite, j\u2019ai aussi un attrait tout particulier pour la Formule 1, le biathlon et le foot. Pendant les grands \u00e9v\u00e9nements, il est impossible de d\u00e9crocher de ma t\u00e9l\u00e9. C\u2019est \u00e0 travers Dicodusport que j\u2019aime d\u00e9sormais vous transmettre mes \u00e9motions et ma passion.","sameAs":["https:\/\/www.facebook.com\/roxane.lecacher","https:\/\/fr.linkedin.com\/in\/roxane-lecacher-23368313b"],"url":"https:\/\/dicodusport.fr\/blog\/author\/roxanel\/"}]}},"_links":{"self":[{"href":"https:\/\/dicodusport.fr\/blog\/wp-json\/wp\/v2\/posts\/166471","targetHints":{"allow":["GET"]}}],"collection":[{"href":"https:\/\/dicodusport.fr\/blog\/wp-json\/wp\/v2\/posts"}],"about":[{"href":"https:\/\/dicodusport.fr\/blog\/wp-json\/wp\/v2\/types\/post"}],"author":[{"embeddable":true,"href":"https:\/\/dicodusport.fr\/blog\/wp-json\/wp\/v2\/users\/54"}],"replies":[{"embeddable":true,"href":"https:\/\/dicodusport.fr\/blog\/wp-json\/wp\/v2\/comments?post=166471"}],"version-history":[{"count":0,"href":"https:\/\/dicodusport.fr\/blog\/wp-json\/wp\/v2\/posts\/166471\/revisions"}],"wp:featuredmedia":[{"embeddable":true,"href":"https:\/\/dicodusport.fr\/blog\/wp-json\/wp\/v2\/media\/165697"}],"wp:attachment":[{"href":"https:\/\/dicodusport.fr\/blog\/wp-json\/wp\/v2\/media?parent=166471"}],"wp:term":[{"taxonomy":"category","embeddable":true,"href":"https:\/\/dicodusport.fr\/blog\/wp-json\/wp\/v2\/categories?post=166471"},{"taxonomy":"post_tag","embeddable":true,"href":"https:\/\/dicodusport.fr\/blog\/wp-json\/wp\/v2\/tags?post=166471"}],"curies":[{"name":"wp","href":"https:\/\/api.w.org\/{rel}","templated":true}]}}