{"id":166754,"date":"2021-09-16T08:14:39","date_gmt":"2021-09-16T06:14:39","guid":{"rendered":"https:\/\/dicodusport.fr\/blog\/?p=166754&#038;preview=true&#038;preview_id=166754"},"modified":"2021-09-16T08:14:39","modified_gmt":"2021-09-16T06:14:39","slug":"vtt-diminuee-loana-lecomte-renonce-a-la-finale-de-la-coupe-du-monde-a-snowshoe","status":"publish","type":"post","link":"https:\/\/dicodusport.fr\/blog\/vtt-diminuee-loana-lecomte-renonce-a-la-finale-de-la-coupe-du-monde-a-snowshoe\/","title":{"rendered":"VTT : Diminu\u00e9e, Loana Lecomte renonce \u00e0 la finale de la Coupe du monde \u00e0 Snowshoe"},"content":{"rendered":"<p style=\"text-align: justify;\"><em><b>VTT &#8211; Moins en forme depuis les Jeux Olympiques o\u00f9 elle a pris la 6\u00e8me place, Loana Lecomte a d\u00e9cid\u00e9 de renoncer \u00e0 la finale de la Coupe du monde pr\u00e9vue ce week-end \u00e0 Snowshoe, aux \u00c9tats-Unis.\u00a0<\/b><\/em><\/p>\n<p style=\"text-align: justify;\">Assur\u00e9e de remporter la Coupe du monde pour la premi\u00e8re fois de sa carri\u00e8re depuis <a href=\"https:\/\/dicodusport.fr\/blog\/vtt-xco-lenzerheide-recente-championne-du-monde-evie-richards-s-impose\/\">l&rsquo;\u00e9tape de Lenzerheide<\/a>, <strong>Loana Lecomte<\/strong> ne prendra pas le d\u00e9part de la finale dimanche. Diminu\u00e9e, la championne fran\u00e7aise, laur\u00e9ate de 4 manches cons\u00e9cutives, pr\u00e9f\u00e8re d\u00e9clarer forfait, mais sera malgr\u00e9 tout sur place avec son staff du team Massi. Elle s&rsquo;est expliqu\u00e9e sur Instagram.<\/p>\n<blockquote>\n<p style=\"text-align: justify;\">Ayant quelques soucis de sant\u00e9 depuis plusieurs semaines et \u00e0 la suite d\u2019examens m\u00e9dicaux, je ne pourrai malheureusement pas prendre le d\u00e9part de la finale de coupe du monde @uci_mountainbike ce week-end &#x1f1fa;&#x1f1f8;<br \/>\nCe n\u2019est pas l\u2019envie qui manque, bien au contraire, mais surtout l\u2019\u00e9nergie. Nous avons donc pris la d\u00e9cision avec mon \u00e9quipe et le m\u00e9decin, de pr\u00e9server ma sant\u00e9 physique et mentale, me r\u00e9g\u00e9n\u00e9rer \u00e0 200% pour repartir de plus belle et encore plus d\u00e9termin\u00e9e pour la saison 2022 &#x1f44a;&#x1f3fc;&#x26a1;&#xfe0f;<\/p>\n<p style=\"text-align: justify;\">Je pense que pour \u00eatre performante, \u00eatre capable de courir contre les meilleures pilotes mondiales et surtout prendre du plaisir, il faut \u00eatre l\u00e0 \u00e0 100% &#x1f9e0;&#x1f9b5;&#x1f3fc;&#x1fac1; donc je ne regrette pas du tout cette d\u00e9cision!<\/p>\n<\/blockquote>\n<blockquote class=\"instagram-media\" style=\"background: #FFF; border: 0; border-radius: 3px; box-shadow: 0 0 1px 0 rgba(0,0,0,0.5),0 1px 10px 0 rgba(0,0,0,0.15); margin: 1px; max-width: 540px; min-width: 326px; padding: 0; width: calc(100% - 2px);\" data-instgrm-captioned=\"\" data-instgrm-permalink=\"https:\/\/www.instagram.com\/p\/CT2ePeklL4G\/?utm_source=ig_embed&amp;utm_campaign=loading\" data-instgrm-version=\"13\">\n<div style=\"padding: 16px;\">\n<p>&nbsp;<\/p>\n<div style=\"display: flex; flex-direction: row; align-items: center;\">\n<div style=\"background-color: #f4f4f4; border-radius: 50%; flex-grow: 0; height: 40px; margin-right: 14px; width: 40px;\"><\/div>\n<div style=\"display: flex; flex-direction: column; flex-grow: 1; justify-content: center;\">\n<div style=\"background-color: #f4f4f4; border-radius: 4px; flex-grow: 0; height: 14px; margin-bottom: 6px; width: 100px;\"><\/div>\n<div style=\"background-color: #f4f4f4; border-radius: 4px; flex-grow: 0; height: 14px; width: 60px;\"><\/div>\n<\/div>\n<\/div>\n<div style=\"padding: 19% 0;\"><\/div>\n<div style=\"display: block; height: 50px; margin: 0 auto 12px; width: 50px;\"><\/div>\n<div style=\"padding-top: 8px;\">\n<div style=\"color: #3897f0; font-family: Arial,sans-serif; font-size: 14px; font-style: normal; font-weight: 550; line-height: 18px;\">Voir cette publication sur Instagram<\/div>\n<\/div>\n<div style=\"padding: 12.5% 0;\"><\/div>\n<div style=\"display: flex; flex-direction: row; margin-bottom: 14px; align-items: center;\">\n<div>\n<div style=\"background-color: #f4f4f4; border-radius: 50%; height: 12.5px; width: 12.5px; transform: translateX(0px) translateY(7px);\"><\/div>\n<div style=\"background-color: #f4f4f4; height: 12.5px; transform: rotate(-45deg) translateX(3px) translateY(1px); width: 12.5px; flex-grow: 0; margin-right: 14px; margin-left: 2px;\"><\/div>\n<div style=\"background-color: #f4f4f4; border-radius: 50%; height: 12.5px; width: 12.5px; transform: translateX(9px) translateY(-18px);\"><\/div>\n<\/div>\n<div style=\"margin-left: 8px;\">\n<div style=\"background-color: #f4f4f4; border-radius: 50%; flex-grow: 0; height: 20px; width: 20px;\"><\/div>\n<div style=\"width: 0; height: 0; border-top: 2px solid transparent; border-left: 6px solid #f4f4f4; border-bottom: 2px solid transparent; transform: translateX(16px) translateY(-4px) rotate(30deg);\"><\/div>\n<\/div>\n<div style=\"margin-left: auto;\">\n<div style=\"width: 0px; border-top: 8px solid #F4F4F4; border-right: 8px solid transparent; transform: translateY(16px);\"><\/div>\n<div style=\"background-color: #f4f4f4; flex-grow: 0; height: 12px; width: 16px; transform: translateY(-4px);\"><\/div>\n<div style=\"width: 0; height: 0; border-top: 8px solid #F4F4F4; border-left: 8px solid transparent; transform: translateY(-4px) translateX(8px);\"><\/div>\n<\/div>\n<\/div>\n<div style=\"display: flex; flex-direction: column; flex-grow: 1; justify-content: center; margin-bottom: 24px;\">\n<div style=\"background-color: #f4f4f4; border-radius: 4px; flex-grow: 0; height: 14px; margin-bottom: 6px; width: 224px;\"><\/div>\n<div style=\"background-color: #f4f4f4; border-radius: 4px; flex-grow: 0; height: 14px; width: 144px;\"><\/div>\n<\/div>\n<p>&nbsp;<\/p>\n<p style=\"color: #c9c8cd; font-family: Arial,sans-serif; font-size: 14px; line-height: 17px; margin-bottom: 0; margin-top: 8px; overflow: hidden; padding: 8px 0 7px; text-align: center; text-overflow: ellipsis; white-space: nowrap;\"><a style=\"color: #c9c8cd; font-family: Arial,sans-serif; font-size: 14px; font-style: normal; font-weight: normal; line-height: 17px; text-decoration: none;\" href=\"https:\/\/www.instagram.com\/p\/CT2ePeklL4G\/?utm_source=ig_embed&amp;utm_campaign=loading\" target=\"_blank\" rel=\"noopener\">Une publication partag\u00e9e par Loana Lecomte (@loanalecomte)<\/a><\/p>\n<\/div>\n<\/blockquote>\n<p style=\"text-align: justify;\"><script async src=\"\/\/www.instagram.com\/embed.js\"><\/script><\/p>\n","protected":false},"excerpt":{"rendered":"<p>VTT &#8211; Moins en forme depuis les Jeux Olympiques o\u00f9 elle a pris la 6\u00e8me place, Loana Lecomte a d\u00e9cid\u00e9 de renoncer \u00e0 la finale de la Coupe du monde pr\u00e9vue ce week-end \u00e0 Snowshoe, aux \u00c9tats-Unis.\u00a0<\/p>\n","protected":false},"author":1,"featured_media":166756,"comment_status":"open","ping_status":"closed","sticky":false,"template":"","format":"standard","meta":{"_acf_changed":false,"_daextam_enable_autolinks":"","footnotes":""},"categories":[10279],"tags":[10994,692],"class_list":["post-166754","post","type-post","status-publish","format-standard","has-post-thumbnail","hentry","category-vtt","tag-loana-lecomte","tag-vtt"],"acf":[],"yoast_head":"<!-- This site is optimized with the Yoast SEO Premium plugin v26.7 (Yoast SEO v26.7) - https:\/\/yoast.com\/wordpress\/plugins\/seo\/ -->\n<title>VTT : Diminu\u00e9e, Loana Lecomte renonce \u00e0 la finale de la Coupe du monde \u00e0 Snowshoe<\/title>\n<meta name=\"description\" content=\"VTT - Loana Lecomte a d\u00e9cid\u00e9 de renoncer \u00e0 la finale de la Coupe du monde qui se d\u00e9roule \u00e0 Snowshoe (USA).\" \/>\n<meta name=\"robots\" content=\"index, follow, max-snippet:-1, max-image-preview:large, max-video-preview:-1\" \/>\n<link rel=\"canonical\" href=\"https:\/\/dicodusport.fr\/blog\/vtt-diminuee-loana-lecomte-renonce-a-la-finale-de-la-coupe-du-monde-a-snowshoe\/\" \/>\n<meta property=\"og:locale\" content=\"fr_FR\" \/>\n<meta property=\"og:type\" content=\"article\" \/>\n<meta property=\"og:title\" content=\"VTT : Diminu\u00e9e, Loana Lecomte renonce \u00e0 la finale de la Coupe du monde \u00e0 Snowshoe\" \/>\n<meta property=\"og:description\" content=\"VTT - Loana Lecomte a d\u00e9cid\u00e9 de renoncer \u00e0 la finale de la Coupe du monde qui se d\u00e9roule \u00e0 Snowshoe (USA).\" \/>\n<meta property=\"og:url\" content=\"https:\/\/dicodusport.fr\/blog\/vtt-diminuee-loana-lecomte-renonce-a-la-finale-de-la-coupe-du-monde-a-snowshoe\/\" \/>\n<meta property=\"og:site_name\" content=\"Dicodusport\" \/>\n<meta property=\"article:publisher\" content=\"https:\/\/www.facebook.com\/dicodusport\" \/>\n<meta property=\"article:author\" content=\"https:\/\/www.facebook.com\/dicodusport\" \/>\n<meta property=\"article:published_time\" content=\"2021-09-16T06:14:39+00:00\" \/>\n<meta property=\"og:image\" content=\"https:\/\/dicodusport.fr\/blog\/wp-content\/uploads\/2021\/09\/VTT-Diminue\u0301e-Loana-Lecomte-renonce-a\u0300-la-finale-de-la-Coupe-du-monde.png\" \/>\n\t<meta property=\"og:image:width\" content=\"800\" \/>\n\t<meta property=\"og:image:height\" content=\"445\" \/>\n\t<meta property=\"og:image:type\" content=\"image\/png\" \/>\n<meta name=\"author\" content=\"Nicolas Jacquemard\" \/>\n<meta name=\"twitter:card\" content=\"summary_large_image\" \/>\n<meta name=\"twitter:title\" content=\"VTT : Diminu\u00e9e, Loana Lecomte renonce \u00e0 la finale de la Coupe du monde \u00e0 Snowshoe\" \/>\n<meta name=\"twitter:creator\" content=\"@https:\/\/twitter.com\/Nico_Jacquemard\" \/>\n<meta name=\"twitter:site\" content=\"@dicodusport\" \/>\n<script type=\"application\/ld+json\" class=\"yoast-schema-graph\">{\"@context\":\"https:\/\/schema.org\",\"@graph\":[{\"@type\":\"NewsArticle\",\"@id\":\"https:\/\/dicodusport.fr\/blog\/vtt-diminuee-loana-lecomte-renonce-a-la-finale-de-la-coupe-du-monde-a-snowshoe\/#article\",\"isPartOf\":{\"@id\":\"https:\/\/dicodusport.fr\/blog\/vtt-diminuee-loana-lecomte-renonce-a-la-finale-de-la-coupe-du-monde-a-snowshoe\/\"},\"author\":{\"name\":\"Nicolas Jacquemard\",\"@id\":\"https:\/\/dicodusport.fr\/blog\/#\/schema\/person\/55dcb50ad410894e431ed812bbb70191\"},\"headline\":\"VTT : Diminu\u00e9e, Loana Lecomte renonce \u00e0 la finale de la Coupe du monde \u00e0 Snowshoe\",\"datePublished\":\"2021-09-16T06:14:39+00:00\",\"mainEntityOfPage\":{\"@id\":\"https:\/\/dicodusport.fr\/blog\/vtt-diminuee-loana-lecomte-renonce-a-la-finale-de-la-coupe-du-monde-a-snowshoe\/\"},\"wordCount\":289,\"commentCount\":0,\"publisher\":{\"@id\":\"https:\/\/dicodusport.fr\/blog\/#organization\"},\"image\":{\"@id\":\"https:\/\/dicodusport.fr\/blog\/vtt-diminuee-loana-lecomte-renonce-a-la-finale-de-la-coupe-du-monde-a-snowshoe\/#primaryimage\"},\"thumbnailUrl\":\"https:\/\/dicodusport.fr\/blog\/wp-content\/uploads\/2021\/09\/VTT-Diminue\u0301e-Loana-Lecomte-renonce-a\u0300-la-finale-de-la-Coupe-du-monde.png\",\"keywords\":[\"Loana Lecomte\",\"VTT\"],\"articleSection\":[\"VTT\"],\"inLanguage\":\"fr-FR\",\"potentialAction\":[{\"@type\":\"CommentAction\",\"name\":\"Comment\",\"target\":[\"https:\/\/dicodusport.fr\/blog\/vtt-diminuee-loana-lecomte-renonce-a-la-finale-de-la-coupe-du-monde-a-snowshoe\/#respond\"]}],\"copyrightYear\":\"2021\",\"copyrightHolder\":{\"@id\":\"https:\/\/dicodusport.fr\/blog\/#organization\"}},{\"@type\":\"WebPage\",\"@id\":\"https:\/\/dicodusport.fr\/blog\/vtt-diminuee-loana-lecomte-renonce-a-la-finale-de-la-coupe-du-monde-a-snowshoe\/\",\"url\":\"https:\/\/dicodusport.fr\/blog\/vtt-diminuee-loana-lecomte-renonce-a-la-finale-de-la-coupe-du-monde-a-snowshoe\/\",\"name\":\"VTT : Diminu\u00e9e, Loana Lecomte renonce \u00e0 la finale de la Coupe du monde \u00e0 Snowshoe\",\"isPartOf\":{\"@id\":\"https:\/\/dicodusport.fr\/blog\/#website\"},\"primaryImageOfPage\":{\"@id\":\"https:\/\/dicodusport.fr\/blog\/vtt-diminuee-loana-lecomte-renonce-a-la-finale-de-la-coupe-du-monde-a-snowshoe\/#primaryimage\"},\"image\":{\"@id\":\"https:\/\/dicodusport.fr\/blog\/vtt-diminuee-loana-lecomte-renonce-a-la-finale-de-la-coupe-du-monde-a-snowshoe\/#primaryimage\"},\"thumbnailUrl\":\"https:\/\/dicodusport.fr\/blog\/wp-content\/uploads\/2021\/09\/VTT-Diminue\u0301e-Loana-Lecomte-renonce-a\u0300-la-finale-de-la-Coupe-du-monde.png\",\"datePublished\":\"2021-09-16T06:14:39+00:00\",\"description\":\"VTT - Loana Lecomte a d\u00e9cid\u00e9 de renoncer \u00e0 la finale de la Coupe du monde qui se d\u00e9roule \u00e0 Snowshoe (USA).\",\"breadcrumb\":{\"@id\":\"https:\/\/dicodusport.fr\/blog\/vtt-diminuee-loana-lecomte-renonce-a-la-finale-de-la-coupe-du-monde-a-snowshoe\/#breadcrumb\"},\"inLanguage\":\"fr-FR\",\"potentialAction\":[{\"@type\":\"ReadAction\",\"target\":[\"https:\/\/dicodusport.fr\/blog\/vtt-diminuee-loana-lecomte-renonce-a-la-finale-de-la-coupe-du-monde-a-snowshoe\/\"]}]},{\"@type\":\"ImageObject\",\"inLanguage\":\"fr-FR\",\"@id\":\"https:\/\/dicodusport.fr\/blog\/vtt-diminuee-loana-lecomte-renonce-a-la-finale-de-la-coupe-du-monde-a-snowshoe\/#primaryimage\",\"url\":\"https:\/\/dicodusport.fr\/blog\/wp-content\/uploads\/2021\/09\/VTT-Diminue\u0301e-Loana-Lecomte-renonce-a\u0300-la-finale-de-la-Coupe-du-monde.png\",\"contentUrl\":\"https:\/\/dicodusport.fr\/blog\/wp-content\/uploads\/2021\/09\/VTT-Diminue\u0301e-Loana-Lecomte-renonce-a\u0300-la-finale-de-la-Coupe-du-monde.png\",\"width\":800,\"height\":445,\"caption\":\"Loana Lecomte, la grande confirmation - Photo Icon Sport\"},{\"@type\":\"BreadcrumbList\",\"@id\":\"https:\/\/dicodusport.fr\/blog\/vtt-diminuee-loana-lecomte-renonce-a-la-finale-de-la-coupe-du-monde-a-snowshoe\/#breadcrumb\",\"itemListElement\":[{\"@type\":\"ListItem\",\"position\":1,\"name\":\"Accueil\",\"item\":\"https:\/\/dicodusport.fr\/blog\/\"},{\"@type\":\"ListItem\",\"position\":2,\"name\":\"VTT : Diminu\u00e9e, Loana Lecomte renonce \u00e0 la finale de la Coupe du monde \u00e0 Snowshoe\"}]},{\"@type\":\"WebSite\",\"@id\":\"https:\/\/dicodusport.fr\/blog\/#website\",\"url\":\"https:\/\/dicodusport.fr\/blog\/\",\"name\":\"Dicodusport\",\"description\":\"L&#039;encyclop\u00e9die de l&#039;actualit\u00e9 sportive\",\"publisher\":{\"@id\":\"https:\/\/dicodusport.fr\/blog\/#organization\"},\"potentialAction\":[{\"@type\":\"SearchAction\",\"target\":{\"@type\":\"EntryPoint\",\"urlTemplate\":\"https:\/\/dicodusport.fr\/blog\/?s={search_term_string}\"},\"query-input\":{\"@type\":\"PropertyValueSpecification\",\"valueRequired\":true,\"valueName\":\"search_term_string\"}}],\"inLanguage\":\"fr-FR\"},{\"@type\":\"NewsMediaOrganization\",\"@id\":\"https:\/\/dicodusport.fr\/blog\/#organization\",\"name\":\"Dicodusport\",\"url\":\"https:\/\/dicodusport.fr\/blog\/\",\"logo\":{\"@type\":\"ImageObject\",\"inLanguage\":\"fr-FR\",\"@id\":\"https:\/\/dicodusport.fr\/blog\/#\/schema\/logo\/image\/\",\"url\":\"https:\/\/dicodusport.fr\/blog\/wp-content\/uploads\/2020\/06\/cropped-LOGO-DICODUSPORT-2020-SANS-FOND-SANS-TEXTE.png\",\"contentUrl\":\"https:\/\/dicodusport.fr\/blog\/wp-content\/uploads\/2020\/06\/cropped-LOGO-DICODUSPORT-2020-SANS-FOND-SANS-TEXTE.png\",\"width\":512,\"height\":512,\"caption\":\"Dicodusport\"},\"image\":{\"@id\":\"https:\/\/dicodusport.fr\/blog\/#\/schema\/logo\/image\/\"},\"sameAs\":[\"https:\/\/www.facebook.com\/dicodusport\",\"https:\/\/x.com\/dicodusport\",\"https:\/\/www.instagram.com\/dicodusport\/\",\"https:\/\/www.youtube.com\/channel\/UC7V2KZ5sd3htJivAbA4ZG3w\"],\"description\":\"Dicodusport est l'encyclop\u00e9die de l'actualit\u00e9 sportive.\",\"email\":\"bonjour@dicodusport.fr\",\"legalName\":\"DICODUSPORT\",\"foundingDate\":\"2018-01-14\",\"vatID\":\"FR71834470973\",\"taxID\":\"83447097300043\",\"numberOfEmployees\":{\"@type\":\"QuantitativeValue\",\"minValue\":\"1\",\"maxValue\":\"10\"}},{\"@type\":\"Person\",\"@id\":\"https:\/\/dicodusport.fr\/blog\/#\/schema\/person\/55dcb50ad410894e431ed812bbb70191\",\"name\":\"Nicolas Jacquemard\",\"image\":{\"@type\":\"ImageObject\",\"inLanguage\":\"fr-FR\",\"@id\":\"https:\/\/dicodusport.fr\/blog\/#\/schema\/person\/image\/\",\"url\":\"https:\/\/dicodusport.fr\/blog\/wp-content\/uploads\/2021\/05\/Nicolas-Jacquemard-150x150.jpeg\",\"contentUrl\":\"https:\/\/dicodusport.fr\/blog\/wp-content\/uploads\/2021\/05\/Nicolas-Jacquemard-150x150.jpeg\",\"caption\":\"Nicolas Jacquemard\"},\"description\":\"Passionn\u00e9 de sport et entrepreneur depuis mes 18 ans, la cr\u00e9ation de Dicodusport m'a sembl\u00e9 \u00e9vidente pour participer \u00e0 la m\u00e9diatisation d'un plus grand nombre de sports. Le chemin est long mais avec une \u00e9quipe des plus motiv\u00e9es et les Jeux Olympiques de Paris 2024 en point de mire, nous y arriverons ! Journaliste dans le monde du sport depuis plus de 5 ans, je traite aussi bien de football, de rugby, de biathlon que de cyclisme.\",\"sameAs\":[\"https:\/\/www.facebook.com\/dicodusport\",\"https:\/\/x.com\/https:\/\/twitter.com\/Nico_Jacquemard\"],\"url\":\"https:\/\/dicodusport.fr\/blog\/author\/dicodusport\/\"}]}<\/script>\n<!-- \/ Yoast SEO Premium plugin. -->","yoast_head_json":{"title":"VTT : Diminu\u00e9e, Loana Lecomte renonce \u00e0 la finale de la Coupe du monde \u00e0 Snowshoe","description":"VTT - Loana Lecomte a d\u00e9cid\u00e9 de renoncer \u00e0 la finale de la Coupe du monde qui se d\u00e9roule \u00e0 Snowshoe (USA).","robots":{"index":"index","follow":"follow","max-snippet":"max-snippet:-1","max-image-preview":"max-image-preview:large","max-video-preview":"max-video-preview:-1"},"canonical":"https:\/\/dicodusport.fr\/blog\/vtt-diminuee-loana-lecomte-renonce-a-la-finale-de-la-coupe-du-monde-a-snowshoe\/","og_locale":"fr_FR","og_type":"article","og_title":"VTT : Diminu\u00e9e, Loana Lecomte renonce \u00e0 la finale de la Coupe du monde \u00e0 Snowshoe","og_description":"VTT - Loana Lecomte a d\u00e9cid\u00e9 de renoncer \u00e0 la finale de la Coupe du monde qui se d\u00e9roule \u00e0 Snowshoe (USA).","og_url":"https:\/\/dicodusport.fr\/blog\/vtt-diminuee-loana-lecomte-renonce-a-la-finale-de-la-coupe-du-monde-a-snowshoe\/","og_site_name":"Dicodusport","article_publisher":"https:\/\/www.facebook.com\/dicodusport","article_author":"https:\/\/www.facebook.com\/dicodusport","article_published_time":"2021-09-16T06:14:39+00:00","og_image":[{"width":800,"height":445,"url":"https:\/\/dicodusport.fr\/blog\/wp-content\/uploads\/2021\/09\/VTT-Diminue\u0301e-Loana-Lecomte-renonce-a\u0300-la-finale-de-la-Coupe-du-monde.png","type":"image\/png"}],"author":"Nicolas Jacquemard","twitter_card":"summary_large_image","twitter_title":"VTT : Diminu\u00e9e, Loana Lecomte renonce \u00e0 la finale de la Coupe du monde \u00e0 Snowshoe","twitter_creator":"@https:\/\/twitter.com\/Nico_Jacquemard","twitter_site":"@dicodusport","schema":{"@context":"https:\/\/schema.org","@graph":[{"@type":"NewsArticle","@id":"https:\/\/dicodusport.fr\/blog\/vtt-diminuee-loana-lecomte-renonce-a-la-finale-de-la-coupe-du-monde-a-snowshoe\/#article","isPartOf":{"@id":"https:\/\/dicodusport.fr\/blog\/vtt-diminuee-loana-lecomte-renonce-a-la-finale-de-la-coupe-du-monde-a-snowshoe\/"},"author":{"name":"Nicolas Jacquemard","@id":"https:\/\/dicodusport.fr\/blog\/#\/schema\/person\/55dcb50ad410894e431ed812bbb70191"},"headline":"VTT : Diminu\u00e9e, Loana Lecomte renonce \u00e0 la finale de la Coupe du monde \u00e0 Snowshoe","datePublished":"2021-09-16T06:14:39+00:00","mainEntityOfPage":{"@id":"https:\/\/dicodusport.fr\/blog\/vtt-diminuee-loana-lecomte-renonce-a-la-finale-de-la-coupe-du-monde-a-snowshoe\/"},"wordCount":289,"commentCount":0,"publisher":{"@id":"https:\/\/dicodusport.fr\/blog\/#organization"},"image":{"@id":"https:\/\/dicodusport.fr\/blog\/vtt-diminuee-loana-lecomte-renonce-a-la-finale-de-la-coupe-du-monde-a-snowshoe\/#primaryimage"},"thumbnailUrl":"https:\/\/dicodusport.fr\/blog\/wp-content\/uploads\/2021\/09\/VTT-Diminue\u0301e-Loana-Lecomte-renonce-a\u0300-la-finale-de-la-Coupe-du-monde.png","keywords":["Loana Lecomte","VTT"],"articleSection":["VTT"],"inLanguage":"fr-FR","potentialAction":[{"@type":"CommentAction","name":"Comment","target":["https:\/\/dicodusport.fr\/blog\/vtt-diminuee-loana-lecomte-renonce-a-la-finale-de-la-coupe-du-monde-a-snowshoe\/#respond"]}],"copyrightYear":"2021","copyrightHolder":{"@id":"https:\/\/dicodusport.fr\/blog\/#organization"}},{"@type":"WebPage","@id":"https:\/\/dicodusport.fr\/blog\/vtt-diminuee-loana-lecomte-renonce-a-la-finale-de-la-coupe-du-monde-a-snowshoe\/","url":"https:\/\/dicodusport.fr\/blog\/vtt-diminuee-loana-lecomte-renonce-a-la-finale-de-la-coupe-du-monde-a-snowshoe\/","name":"VTT : Diminu\u00e9e, Loana Lecomte renonce \u00e0 la finale de la Coupe du monde \u00e0 Snowshoe","isPartOf":{"@id":"https:\/\/dicodusport.fr\/blog\/#website"},"primaryImageOfPage":{"@id":"https:\/\/dicodusport.fr\/blog\/vtt-diminuee-loana-lecomte-renonce-a-la-finale-de-la-coupe-du-monde-a-snowshoe\/#primaryimage"},"image":{"@id":"https:\/\/dicodusport.fr\/blog\/vtt-diminuee-loana-lecomte-renonce-a-la-finale-de-la-coupe-du-monde-a-snowshoe\/#primaryimage"},"thumbnailUrl":"https:\/\/dicodusport.fr\/blog\/wp-content\/uploads\/2021\/09\/VTT-Diminue\u0301e-Loana-Lecomte-renonce-a\u0300-la-finale-de-la-Coupe-du-monde.png","datePublished":"2021-09-16T06:14:39+00:00","description":"VTT - Loana Lecomte a d\u00e9cid\u00e9 de renoncer \u00e0 la finale de la Coupe du monde qui se d\u00e9roule \u00e0 Snowshoe (USA).","breadcrumb":{"@id":"https:\/\/dicodusport.fr\/blog\/vtt-diminuee-loana-lecomte-renonce-a-la-finale-de-la-coupe-du-monde-a-snowshoe\/#breadcrumb"},"inLanguage":"fr-FR","potentialAction":[{"@type":"ReadAction","target":["https:\/\/dicodusport.fr\/blog\/vtt-diminuee-loana-lecomte-renonce-a-la-finale-de-la-coupe-du-monde-a-snowshoe\/"]}]},{"@type":"ImageObject","inLanguage":"fr-FR","@id":"https:\/\/dicodusport.fr\/blog\/vtt-diminuee-loana-lecomte-renonce-a-la-finale-de-la-coupe-du-monde-a-snowshoe\/#primaryimage","url":"https:\/\/dicodusport.fr\/blog\/wp-content\/uploads\/2021\/09\/VTT-Diminue\u0301e-Loana-Lecomte-renonce-a\u0300-la-finale-de-la-Coupe-du-monde.png","contentUrl":"https:\/\/dicodusport.fr\/blog\/wp-content\/uploads\/2021\/09\/VTT-Diminue\u0301e-Loana-Lecomte-renonce-a\u0300-la-finale-de-la-Coupe-du-monde.png","width":800,"height":445,"caption":"Loana Lecomte, la grande confirmation - Photo Icon Sport"},{"@type":"BreadcrumbList","@id":"https:\/\/dicodusport.fr\/blog\/vtt-diminuee-loana-lecomte-renonce-a-la-finale-de-la-coupe-du-monde-a-snowshoe\/#breadcrumb","itemListElement":[{"@type":"ListItem","position":1,"name":"Accueil","item":"https:\/\/dicodusport.fr\/blog\/"},{"@type":"ListItem","position":2,"name":"VTT : Diminu\u00e9e, Loana Lecomte renonce \u00e0 la finale de la Coupe du monde \u00e0 Snowshoe"}]},{"@type":"WebSite","@id":"https:\/\/dicodusport.fr\/blog\/#website","url":"https:\/\/dicodusport.fr\/blog\/","name":"Dicodusport","description":"L&#039;encyclop\u00e9die de l&#039;actualit\u00e9 sportive","publisher":{"@id":"https:\/\/dicodusport.fr\/blog\/#organization"},"potentialAction":[{"@type":"SearchAction","target":{"@type":"EntryPoint","urlTemplate":"https:\/\/dicodusport.fr\/blog\/?s={search_term_string}"},"query-input":{"@type":"PropertyValueSpecification","valueRequired":true,"valueName":"search_term_string"}}],"inLanguage":"fr-FR"},{"@type":"NewsMediaOrganization","@id":"https:\/\/dicodusport.fr\/blog\/#organization","name":"Dicodusport","url":"https:\/\/dicodusport.fr\/blog\/","logo":{"@type":"ImageObject","inLanguage":"fr-FR","@id":"https:\/\/dicodusport.fr\/blog\/#\/schema\/logo\/image\/","url":"https:\/\/dicodusport.fr\/blog\/wp-content\/uploads\/2020\/06\/cropped-LOGO-DICODUSPORT-2020-SANS-FOND-SANS-TEXTE.png","contentUrl":"https:\/\/dicodusport.fr\/blog\/wp-content\/uploads\/2020\/06\/cropped-LOGO-DICODUSPORT-2020-SANS-FOND-SANS-TEXTE.png","width":512,"height":512,"caption":"Dicodusport"},"image":{"@id":"https:\/\/dicodusport.fr\/blog\/#\/schema\/logo\/image\/"},"sameAs":["https:\/\/www.facebook.com\/dicodusport","https:\/\/x.com\/dicodusport","https:\/\/www.instagram.com\/dicodusport\/","https:\/\/www.youtube.com\/channel\/UC7V2KZ5sd3htJivAbA4ZG3w"],"description":"Dicodusport est l'encyclop\u00e9die de l'actualit\u00e9 sportive.","email":"bonjour@dicodusport.fr","legalName":"DICODUSPORT","foundingDate":"2018-01-14","vatID":"FR71834470973","taxID":"83447097300043","numberOfEmployees":{"@type":"QuantitativeValue","minValue":"1","maxValue":"10"}},{"@type":"Person","@id":"https:\/\/dicodusport.fr\/blog\/#\/schema\/person\/55dcb50ad410894e431ed812bbb70191","name":"Nicolas Jacquemard","image":{"@type":"ImageObject","inLanguage":"fr-FR","@id":"https:\/\/dicodusport.fr\/blog\/#\/schema\/person\/image\/","url":"https:\/\/dicodusport.fr\/blog\/wp-content\/uploads\/2021\/05\/Nicolas-Jacquemard-150x150.jpeg","contentUrl":"https:\/\/dicodusport.fr\/blog\/wp-content\/uploads\/2021\/05\/Nicolas-Jacquemard-150x150.jpeg","caption":"Nicolas Jacquemard"},"description":"Passionn\u00e9 de sport et entrepreneur depuis mes 18 ans, la cr\u00e9ation de Dicodusport m'a sembl\u00e9 \u00e9vidente pour participer \u00e0 la m\u00e9diatisation d'un plus grand nombre de sports. Le chemin est long mais avec une \u00e9quipe des plus motiv\u00e9es et les Jeux Olympiques de Paris 2024 en point de mire, nous y arriverons ! Journaliste dans le monde du sport depuis plus de 5 ans, je traite aussi bien de football, de rugby, de biathlon que de cyclisme.","sameAs":["https:\/\/www.facebook.com\/dicodusport","https:\/\/x.com\/https:\/\/twitter.com\/Nico_Jacquemard"],"url":"https:\/\/dicodusport.fr\/blog\/author\/dicodusport\/"}]}},"_links":{"self":[{"href":"https:\/\/dicodusport.fr\/blog\/wp-json\/wp\/v2\/posts\/166754","targetHints":{"allow":["GET"]}}],"collection":[{"href":"https:\/\/dicodusport.fr\/blog\/wp-json\/wp\/v2\/posts"}],"about":[{"href":"https:\/\/dicodusport.fr\/blog\/wp-json\/wp\/v2\/types\/post"}],"author":[{"embeddable":true,"href":"https:\/\/dicodusport.fr\/blog\/wp-json\/wp\/v2\/users\/1"}],"replies":[{"embeddable":true,"href":"https:\/\/dicodusport.fr\/blog\/wp-json\/wp\/v2\/comments?post=166754"}],"version-history":[{"count":0,"href":"https:\/\/dicodusport.fr\/blog\/wp-json\/wp\/v2\/posts\/166754\/revisions"}],"wp:featuredmedia":[{"embeddable":true,"href":"https:\/\/dicodusport.fr\/blog\/wp-json\/wp\/v2\/media\/166756"}],"wp:attachment":[{"href":"https:\/\/dicodusport.fr\/blog\/wp-json\/wp\/v2\/media?parent=166754"}],"wp:term":[{"taxonomy":"category","embeddable":true,"href":"https:\/\/dicodusport.fr\/blog\/wp-json\/wp\/v2\/categories?post=166754"},{"taxonomy":"post_tag","embeddable":true,"href":"https:\/\/dicodusport.fr\/blog\/wp-json\/wp\/v2\/tags?post=166754"}],"curies":[{"name":"wp","href":"https:\/\/api.w.org\/{rel}","templated":true}]}}