{"id":167212,"date":"2021-09-17T18:29:14","date_gmt":"2021-09-17T16:29:14","guid":{"rendered":"https:\/\/dicodusport.fr\/blog\/?p=167212&#038;preview=true&#038;preview_id=167212"},"modified":"2022-01-06T11:08:07","modified_gmt":"2022-01-06T10:08:07","slug":"paris-roubaix-2022-n-aura-pas-lieu-10-avril-a-cause-elections-presidentielles","status":"publish","type":"post","link":"https:\/\/dicodusport.fr\/blog\/paris-roubaix-2022-n-aura-pas-lieu-10-avril-a-cause-elections-presidentielles\/","title":{"rendered":"Paris-Roubaix 2022 n&rsquo;aura pas lieu le 10 avril \u00e0 cause des \u00e9lections pr\u00e9sidentielles"},"content":{"rendered":"<p style=\"text-align: justify;\"><strong><em>CYCLISME &#8211; Selon Sporza, Paris-Roubaix 2022 ne pourra se tenir le 10 avril comme initialement pr\u00e9vu, \u00e0 cause du premier tour de l&rsquo;\u00e9lection pr\u00e9sidentielle fran\u00e7aise.\u00a0<\/em><\/strong><\/p>\n<p style=\"text-align: justify;\">D\u00e9cid\u00e9ment, les temps sont durs pour l&rsquo;Enfer du Nord. Apr\u00e8s l&rsquo;annulation de l&rsquo;\u00e9dition 2020 et <a href=\"https:\/\/dicodusport.fr\/blog\/paris-roubaix-2021-officiellement-reporte-en-octobre\/\">le report de celle de 2021 au 3 octobre<\/a>, <strong>Paris-Roubaix<\/strong> sera encore contrari\u00e9 en 2022. \u00c0 cause du premier tour des \u00e9lections pr\u00e9sidentielles, la course ne pourra se tenir le week-end des 9 et 10 avril, et cela oblige l&rsquo;organisation \u00e0 trouver une solution de repli.<\/p>\n<p style=\"text-align: justify;\">Deux options pour la course masculine : soit le samedi 16 avril \u00e0 la veille de l&rsquo;Amstel Gold Race, soit le lundi 18 avril, au lendemain de la course n\u00e9erlandaise, jour de Lundi de P\u00e2ques en France, et donc f\u00e9ri\u00e9. Alors que l&rsquo;\u00e9dition 2021 ne s&rsquo;est pas encore tenue, les organisateurs doivent improviser pour 2022.<\/p>\n<blockquote class=\"twitter-tweet\">\n<p dir=\"ltr\" lang=\"en\">Paris &#8211; Roubaix 2022 can&rsquo;t be held in original date of April 10, due to French Presidential Elections.<\/p>\n<p>Two options on the table: holding it in Saturday before Amstel (april 16) or in Easter Monday (april 18)<a href=\"https:\/\/t.co\/LVOjT1SnFt\">https:\/\/t.co\/LVOjT1SnFt<\/a><\/p>\n<p>\u2014 La Flamme Rouge (@laflammerouge16) <a href=\"https:\/\/twitter.com\/laflammerouge16\/status\/1438890919391080454?ref_src=twsrc%5Etfw\">September 17, 2021<\/a><\/p><\/blockquote>\n<p style=\"text-align: justify;\"><script async src=\"https:\/\/platform.twitter.com\/widgets.js\" charset=\"utf-8\"><\/script><\/p>\n","protected":false},"excerpt":{"rendered":"<p>CYCLISME &#8211; Selon Sporza, Paris-Roubaix 2022 ne pourra se tenir le 10 avril comme initialement pr\u00e9vu, \u00e0 cause du premier tour de l&rsquo;\u00e9lection pr\u00e9sidentielle fran\u00e7aise.\u00a0<\/p>\n","protected":false},"author":1,"featured_media":167216,"comment_status":"open","ping_status":"closed","sticky":false,"template":"","format":"standard","meta":{"_acf_changed":false,"_daextam_enable_autolinks":"","footnotes":""},"categories":[2307,46994],"tags":[574,4164],"class_list":["post-167212","post","type-post","status-publish","format-standard","has-post-thumbnail","hentry","category-cyclisme","category-cyclisme-sur-route","tag-cyclisme","tag-paris-roubaix"],"acf":[],"yoast_head":"<!-- This site is optimized with the Yoast SEO Premium plugin v26.7 (Yoast SEO v26.7) - https:\/\/yoast.com\/wordpress\/plugins\/seo\/ -->\n<title>Paris-Roubaix 2022 n&#039;aura pas lieu le 10 avril \u00e0 cause des \u00e9lections pr\u00e9sidentielles<\/title>\n<meta name=\"description\" content=\"CYCLISME - Selon Sporza, Paris-Roubaix 2022 ne pourra se tenir le 10 avril comme initialement pr\u00e9vu, \u00e0 cause de l&#039;\u00e9lection pr\u00e9sidentielle fran\u00e7aise.\u00a0\" \/>\n<meta name=\"robots\" content=\"index, follow, max-snippet:-1, max-image-preview:large, max-video-preview:-1\" \/>\n<link rel=\"canonical\" href=\"https:\/\/dicodusport.fr\/blog\/paris-roubaix-2022-n-aura-pas-lieu-10-avril-a-cause-elections-presidentielles\/\" \/>\n<meta property=\"og:locale\" content=\"fr_FR\" \/>\n<meta property=\"og:type\" content=\"article\" \/>\n<meta property=\"og:title\" content=\"Paris-Roubaix 2022 n&#039;aura pas lieu le 10 avril \u00e0 cause des \u00e9lections pr\u00e9sidentielles\" \/>\n<meta property=\"og:description\" content=\"CYCLISME - Selon Sporza, Paris-Roubaix 2022 ne pourra se tenir le 10 avril comme initialement pr\u00e9vu, \u00e0 cause de l&#039;\u00e9lection pr\u00e9sidentielle fran\u00e7aise.\u00a0\" \/>\n<meta property=\"og:url\" content=\"https:\/\/dicodusport.fr\/blog\/paris-roubaix-2022-n-aura-pas-lieu-10-avril-a-cause-elections-presidentielles\/\" \/>\n<meta property=\"og:site_name\" content=\"Dicodusport\" \/>\n<meta property=\"article:publisher\" content=\"https:\/\/www.facebook.com\/dicodusport\" \/>\n<meta property=\"article:author\" content=\"https:\/\/www.facebook.com\/dicodusport\" \/>\n<meta property=\"article:published_time\" content=\"2021-09-17T16:29:14+00:00\" \/>\n<meta property=\"article:modified_time\" content=\"2022-01-06T10:08:07+00:00\" \/>\n<meta property=\"og:image\" content=\"https:\/\/dicodusport.fr\/blog\/wp-content\/uploads\/2021\/09\/Paris-Roubaix-2022-naura-pas-lieu-le-10-avril-a-cause-des-elections-presidentielles.png\" \/>\n\t<meta property=\"og:image:width\" content=\"800\" \/>\n\t<meta property=\"og:image:height\" content=\"445\" \/>\n\t<meta property=\"og:image:type\" content=\"image\/png\" \/>\n<meta name=\"author\" content=\"Nicolas Jacquemard\" \/>\n<meta name=\"twitter:card\" content=\"summary_large_image\" \/>\n<meta name=\"twitter:title\" content=\"Paris-Roubaix 2022 n&#039;aura pas lieu le 10 avril \u00e0 cause des \u00e9lections pr\u00e9sidentielles\" \/>\n<meta name=\"twitter:creator\" content=\"@https:\/\/twitter.com\/Nico_Jacquemard\" \/>\n<meta name=\"twitter:site\" content=\"@dicodusport\" \/>\n<script type=\"application\/ld+json\" class=\"yoast-schema-graph\">{\"@context\":\"https:\/\/schema.org\",\"@graph\":[{\"@type\":\"NewsArticle\",\"@id\":\"https:\/\/dicodusport.fr\/blog\/paris-roubaix-2022-n-aura-pas-lieu-10-avril-a-cause-elections-presidentielles\/#article\",\"isPartOf\":{\"@id\":\"https:\/\/dicodusport.fr\/blog\/paris-roubaix-2022-n-aura-pas-lieu-10-avril-a-cause-elections-presidentielles\/\"},\"author\":{\"name\":\"Nicolas Jacquemard\",\"@id\":\"https:\/\/dicodusport.fr\/blog\/#\/schema\/person\/55dcb50ad410894e431ed812bbb70191\"},\"headline\":\"Paris-Roubaix 2022 n&rsquo;aura pas lieu le 10 avril \u00e0 cause des \u00e9lections pr\u00e9sidentielles\",\"datePublished\":\"2021-09-17T16:29:14+00:00\",\"dateModified\":\"2022-01-06T10:08:07+00:00\",\"mainEntityOfPage\":{\"@id\":\"https:\/\/dicodusport.fr\/blog\/paris-roubaix-2022-n-aura-pas-lieu-10-avril-a-cause-elections-presidentielles\/\"},\"wordCount\":198,\"commentCount\":0,\"publisher\":{\"@id\":\"https:\/\/dicodusport.fr\/blog\/#organization\"},\"image\":{\"@id\":\"https:\/\/dicodusport.fr\/blog\/paris-roubaix-2022-n-aura-pas-lieu-10-avril-a-cause-elections-presidentielles\/#primaryimage\"},\"thumbnailUrl\":\"https:\/\/dicodusport.fr\/blog\/wp-content\/uploads\/2021\/09\/Paris-Roubaix-2022-naura-pas-lieu-le-10-avril-a-cause-des-elections-presidentielles.png\",\"keywords\":[\"Cyclisme\",\"Paris-Roubaix\"],\"articleSection\":[\"Cyclisme\",\"Cyclisme sur route\"],\"inLanguage\":\"fr-FR\",\"potentialAction\":[{\"@type\":\"CommentAction\",\"name\":\"Comment\",\"target\":[\"https:\/\/dicodusport.fr\/blog\/paris-roubaix-2022-n-aura-pas-lieu-10-avril-a-cause-elections-presidentielles\/#respond\"]}],\"copyrightYear\":\"2021\",\"copyrightHolder\":{\"@id\":\"https:\/\/dicodusport.fr\/blog\/#organization\"}},{\"@type\":\"WebPage\",\"@id\":\"https:\/\/dicodusport.fr\/blog\/paris-roubaix-2022-n-aura-pas-lieu-10-avril-a-cause-elections-presidentielles\/\",\"url\":\"https:\/\/dicodusport.fr\/blog\/paris-roubaix-2022-n-aura-pas-lieu-10-avril-a-cause-elections-presidentielles\/\",\"name\":\"Paris-Roubaix 2022 n'aura pas lieu le 10 avril \u00e0 cause des \u00e9lections pr\u00e9sidentielles\",\"isPartOf\":{\"@id\":\"https:\/\/dicodusport.fr\/blog\/#website\"},\"primaryImageOfPage\":{\"@id\":\"https:\/\/dicodusport.fr\/blog\/paris-roubaix-2022-n-aura-pas-lieu-10-avril-a-cause-elections-presidentielles\/#primaryimage\"},\"image\":{\"@id\":\"https:\/\/dicodusport.fr\/blog\/paris-roubaix-2022-n-aura-pas-lieu-10-avril-a-cause-elections-presidentielles\/#primaryimage\"},\"thumbnailUrl\":\"https:\/\/dicodusport.fr\/blog\/wp-content\/uploads\/2021\/09\/Paris-Roubaix-2022-naura-pas-lieu-le-10-avril-a-cause-des-elections-presidentielles.png\",\"datePublished\":\"2021-09-17T16:29:14+00:00\",\"dateModified\":\"2022-01-06T10:08:07+00:00\",\"description\":\"CYCLISME - Selon Sporza, Paris-Roubaix 2022 ne pourra se tenir le 10 avril comme initialement pr\u00e9vu, \u00e0 cause de l'\u00e9lection pr\u00e9sidentielle fran\u00e7aise.\u00a0\",\"breadcrumb\":{\"@id\":\"https:\/\/dicodusport.fr\/blog\/paris-roubaix-2022-n-aura-pas-lieu-10-avril-a-cause-elections-presidentielles\/#breadcrumb\"},\"inLanguage\":\"fr-FR\",\"potentialAction\":[{\"@type\":\"ReadAction\",\"target\":[\"https:\/\/dicodusport.fr\/blog\/paris-roubaix-2022-n-aura-pas-lieu-10-avril-a-cause-elections-presidentielles\/\"]}]},{\"@type\":\"ImageObject\",\"inLanguage\":\"fr-FR\",\"@id\":\"https:\/\/dicodusport.fr\/blog\/paris-roubaix-2022-n-aura-pas-lieu-10-avril-a-cause-elections-presidentielles\/#primaryimage\",\"url\":\"https:\/\/dicodusport.fr\/blog\/wp-content\/uploads\/2021\/09\/Paris-Roubaix-2022-naura-pas-lieu-le-10-avril-a-cause-des-elections-presidentielles.png\",\"contentUrl\":\"https:\/\/dicodusport.fr\/blog\/wp-content\/uploads\/2021\/09\/Paris-Roubaix-2022-naura-pas-lieu-le-10-avril-a-cause-des-elections-presidentielles.png\",\"width\":800,\"height\":445,\"caption\":\"Paris-Roubaix 2022 n'aura pas lieu le 10 avril \u00e0 cause des \u00e9lections pr\u00e9sidentielles\"},{\"@type\":\"BreadcrumbList\",\"@id\":\"https:\/\/dicodusport.fr\/blog\/paris-roubaix-2022-n-aura-pas-lieu-10-avril-a-cause-elections-presidentielles\/#breadcrumb\",\"itemListElement\":[{\"@type\":\"ListItem\",\"position\":1,\"name\":\"Accueil\",\"item\":\"https:\/\/dicodusport.fr\/blog\/\"},{\"@type\":\"ListItem\",\"position\":2,\"name\":\"Paris-Roubaix 2022 n&rsquo;aura pas lieu le 10 avril \u00e0 cause des \u00e9lections pr\u00e9sidentielles\"}]},{\"@type\":\"WebSite\",\"@id\":\"https:\/\/dicodusport.fr\/blog\/#website\",\"url\":\"https:\/\/dicodusport.fr\/blog\/\",\"name\":\"Dicodusport\",\"description\":\"L&#039;encyclop\u00e9die de l&#039;actualit\u00e9 sportive\",\"publisher\":{\"@id\":\"https:\/\/dicodusport.fr\/blog\/#organization\"},\"potentialAction\":[{\"@type\":\"SearchAction\",\"target\":{\"@type\":\"EntryPoint\",\"urlTemplate\":\"https:\/\/dicodusport.fr\/blog\/?s={search_term_string}\"},\"query-input\":{\"@type\":\"PropertyValueSpecification\",\"valueRequired\":true,\"valueName\":\"search_term_string\"}}],\"inLanguage\":\"fr-FR\"},{\"@type\":\"NewsMediaOrganization\",\"@id\":\"https:\/\/dicodusport.fr\/blog\/#organization\",\"name\":\"Dicodusport\",\"url\":\"https:\/\/dicodusport.fr\/blog\/\",\"logo\":{\"@type\":\"ImageObject\",\"inLanguage\":\"fr-FR\",\"@id\":\"https:\/\/dicodusport.fr\/blog\/#\/schema\/logo\/image\/\",\"url\":\"https:\/\/dicodusport.fr\/blog\/wp-content\/uploads\/2020\/06\/cropped-LOGO-DICODUSPORT-2020-SANS-FOND-SANS-TEXTE.png\",\"contentUrl\":\"https:\/\/dicodusport.fr\/blog\/wp-content\/uploads\/2020\/06\/cropped-LOGO-DICODUSPORT-2020-SANS-FOND-SANS-TEXTE.png\",\"width\":512,\"height\":512,\"caption\":\"Dicodusport\"},\"image\":{\"@id\":\"https:\/\/dicodusport.fr\/blog\/#\/schema\/logo\/image\/\"},\"sameAs\":[\"https:\/\/www.facebook.com\/dicodusport\",\"https:\/\/x.com\/dicodusport\",\"https:\/\/www.instagram.com\/dicodusport\/\",\"https:\/\/www.youtube.com\/channel\/UC7V2KZ5sd3htJivAbA4ZG3w\"],\"description\":\"Dicodusport est l'encyclop\u00e9die de l'actualit\u00e9 sportive.\",\"email\":\"bonjour@dicodusport.fr\",\"legalName\":\"DICODUSPORT\",\"foundingDate\":\"2018-01-14\",\"vatID\":\"FR71834470973\",\"taxID\":\"83447097300043\",\"numberOfEmployees\":{\"@type\":\"QuantitativeValue\",\"minValue\":\"1\",\"maxValue\":\"10\"}},{\"@type\":\"Person\",\"@id\":\"https:\/\/dicodusport.fr\/blog\/#\/schema\/person\/55dcb50ad410894e431ed812bbb70191\",\"name\":\"Nicolas Jacquemard\",\"image\":{\"@type\":\"ImageObject\",\"inLanguage\":\"fr-FR\",\"@id\":\"https:\/\/dicodusport.fr\/blog\/#\/schema\/person\/image\/\",\"url\":\"https:\/\/dicodusport.fr\/blog\/wp-content\/uploads\/2021\/05\/Nicolas-Jacquemard-150x150.jpeg\",\"contentUrl\":\"https:\/\/dicodusport.fr\/blog\/wp-content\/uploads\/2021\/05\/Nicolas-Jacquemard-150x150.jpeg\",\"caption\":\"Nicolas Jacquemard\"},\"description\":\"Passionn\u00e9 de sport et entrepreneur depuis mes 18 ans, la cr\u00e9ation de Dicodusport m'a sembl\u00e9 \u00e9vidente pour participer \u00e0 la m\u00e9diatisation d'un plus grand nombre de sports. Le chemin est long mais avec une \u00e9quipe des plus motiv\u00e9es et les Jeux Olympiques de Paris 2024 en point de mire, nous y arriverons ! Journaliste dans le monde du sport depuis plus de 5 ans, je traite aussi bien de football, de rugby, de biathlon que de cyclisme.\",\"sameAs\":[\"https:\/\/www.facebook.com\/dicodusport\",\"https:\/\/x.com\/https:\/\/twitter.com\/Nico_Jacquemard\"],\"url\":\"https:\/\/dicodusport.fr\/blog\/author\/dicodusport\/\"}]}<\/script>\n<!-- \/ Yoast SEO Premium plugin. -->","yoast_head_json":{"title":"Paris-Roubaix 2022 n'aura pas lieu le 10 avril \u00e0 cause des \u00e9lections pr\u00e9sidentielles","description":"CYCLISME - Selon Sporza, Paris-Roubaix 2022 ne pourra se tenir le 10 avril comme initialement pr\u00e9vu, \u00e0 cause de l'\u00e9lection pr\u00e9sidentielle fran\u00e7aise.\u00a0","robots":{"index":"index","follow":"follow","max-snippet":"max-snippet:-1","max-image-preview":"max-image-preview:large","max-video-preview":"max-video-preview:-1"},"canonical":"https:\/\/dicodusport.fr\/blog\/paris-roubaix-2022-n-aura-pas-lieu-10-avril-a-cause-elections-presidentielles\/","og_locale":"fr_FR","og_type":"article","og_title":"Paris-Roubaix 2022 n'aura pas lieu le 10 avril \u00e0 cause des \u00e9lections pr\u00e9sidentielles","og_description":"CYCLISME - Selon Sporza, Paris-Roubaix 2022 ne pourra se tenir le 10 avril comme initialement pr\u00e9vu, \u00e0 cause de l'\u00e9lection pr\u00e9sidentielle fran\u00e7aise.\u00a0","og_url":"https:\/\/dicodusport.fr\/blog\/paris-roubaix-2022-n-aura-pas-lieu-10-avril-a-cause-elections-presidentielles\/","og_site_name":"Dicodusport","article_publisher":"https:\/\/www.facebook.com\/dicodusport","article_author":"https:\/\/www.facebook.com\/dicodusport","article_published_time":"2021-09-17T16:29:14+00:00","article_modified_time":"2022-01-06T10:08:07+00:00","og_image":[{"width":800,"height":445,"url":"https:\/\/dicodusport.fr\/blog\/wp-content\/uploads\/2021\/09\/Paris-Roubaix-2022-naura-pas-lieu-le-10-avril-a-cause-des-elections-presidentielles.png","type":"image\/png"}],"author":"Nicolas Jacquemard","twitter_card":"summary_large_image","twitter_title":"Paris-Roubaix 2022 n'aura pas lieu le 10 avril \u00e0 cause des \u00e9lections pr\u00e9sidentielles","twitter_creator":"@https:\/\/twitter.com\/Nico_Jacquemard","twitter_site":"@dicodusport","schema":{"@context":"https:\/\/schema.org","@graph":[{"@type":"NewsArticle","@id":"https:\/\/dicodusport.fr\/blog\/paris-roubaix-2022-n-aura-pas-lieu-10-avril-a-cause-elections-presidentielles\/#article","isPartOf":{"@id":"https:\/\/dicodusport.fr\/blog\/paris-roubaix-2022-n-aura-pas-lieu-10-avril-a-cause-elections-presidentielles\/"},"author":{"name":"Nicolas Jacquemard","@id":"https:\/\/dicodusport.fr\/blog\/#\/schema\/person\/55dcb50ad410894e431ed812bbb70191"},"headline":"Paris-Roubaix 2022 n&rsquo;aura pas lieu le 10 avril \u00e0 cause des \u00e9lections pr\u00e9sidentielles","datePublished":"2021-09-17T16:29:14+00:00","dateModified":"2022-01-06T10:08:07+00:00","mainEntityOfPage":{"@id":"https:\/\/dicodusport.fr\/blog\/paris-roubaix-2022-n-aura-pas-lieu-10-avril-a-cause-elections-presidentielles\/"},"wordCount":198,"commentCount":0,"publisher":{"@id":"https:\/\/dicodusport.fr\/blog\/#organization"},"image":{"@id":"https:\/\/dicodusport.fr\/blog\/paris-roubaix-2022-n-aura-pas-lieu-10-avril-a-cause-elections-presidentielles\/#primaryimage"},"thumbnailUrl":"https:\/\/dicodusport.fr\/blog\/wp-content\/uploads\/2021\/09\/Paris-Roubaix-2022-naura-pas-lieu-le-10-avril-a-cause-des-elections-presidentielles.png","keywords":["Cyclisme","Paris-Roubaix"],"articleSection":["Cyclisme","Cyclisme sur route"],"inLanguage":"fr-FR","potentialAction":[{"@type":"CommentAction","name":"Comment","target":["https:\/\/dicodusport.fr\/blog\/paris-roubaix-2022-n-aura-pas-lieu-10-avril-a-cause-elections-presidentielles\/#respond"]}],"copyrightYear":"2021","copyrightHolder":{"@id":"https:\/\/dicodusport.fr\/blog\/#organization"}},{"@type":"WebPage","@id":"https:\/\/dicodusport.fr\/blog\/paris-roubaix-2022-n-aura-pas-lieu-10-avril-a-cause-elections-presidentielles\/","url":"https:\/\/dicodusport.fr\/blog\/paris-roubaix-2022-n-aura-pas-lieu-10-avril-a-cause-elections-presidentielles\/","name":"Paris-Roubaix 2022 n'aura pas lieu le 10 avril \u00e0 cause des \u00e9lections pr\u00e9sidentielles","isPartOf":{"@id":"https:\/\/dicodusport.fr\/blog\/#website"},"primaryImageOfPage":{"@id":"https:\/\/dicodusport.fr\/blog\/paris-roubaix-2022-n-aura-pas-lieu-10-avril-a-cause-elections-presidentielles\/#primaryimage"},"image":{"@id":"https:\/\/dicodusport.fr\/blog\/paris-roubaix-2022-n-aura-pas-lieu-10-avril-a-cause-elections-presidentielles\/#primaryimage"},"thumbnailUrl":"https:\/\/dicodusport.fr\/blog\/wp-content\/uploads\/2021\/09\/Paris-Roubaix-2022-naura-pas-lieu-le-10-avril-a-cause-des-elections-presidentielles.png","datePublished":"2021-09-17T16:29:14+00:00","dateModified":"2022-01-06T10:08:07+00:00","description":"CYCLISME - Selon Sporza, Paris-Roubaix 2022 ne pourra se tenir le 10 avril comme initialement pr\u00e9vu, \u00e0 cause de l'\u00e9lection pr\u00e9sidentielle fran\u00e7aise.\u00a0","breadcrumb":{"@id":"https:\/\/dicodusport.fr\/blog\/paris-roubaix-2022-n-aura-pas-lieu-10-avril-a-cause-elections-presidentielles\/#breadcrumb"},"inLanguage":"fr-FR","potentialAction":[{"@type":"ReadAction","target":["https:\/\/dicodusport.fr\/blog\/paris-roubaix-2022-n-aura-pas-lieu-10-avril-a-cause-elections-presidentielles\/"]}]},{"@type":"ImageObject","inLanguage":"fr-FR","@id":"https:\/\/dicodusport.fr\/blog\/paris-roubaix-2022-n-aura-pas-lieu-10-avril-a-cause-elections-presidentielles\/#primaryimage","url":"https:\/\/dicodusport.fr\/blog\/wp-content\/uploads\/2021\/09\/Paris-Roubaix-2022-naura-pas-lieu-le-10-avril-a-cause-des-elections-presidentielles.png","contentUrl":"https:\/\/dicodusport.fr\/blog\/wp-content\/uploads\/2021\/09\/Paris-Roubaix-2022-naura-pas-lieu-le-10-avril-a-cause-des-elections-presidentielles.png","width":800,"height":445,"caption":"Paris-Roubaix 2022 n'aura pas lieu le 10 avril \u00e0 cause des \u00e9lections pr\u00e9sidentielles"},{"@type":"BreadcrumbList","@id":"https:\/\/dicodusport.fr\/blog\/paris-roubaix-2022-n-aura-pas-lieu-10-avril-a-cause-elections-presidentielles\/#breadcrumb","itemListElement":[{"@type":"ListItem","position":1,"name":"Accueil","item":"https:\/\/dicodusport.fr\/blog\/"},{"@type":"ListItem","position":2,"name":"Paris-Roubaix 2022 n&rsquo;aura pas lieu le 10 avril \u00e0 cause des \u00e9lections pr\u00e9sidentielles"}]},{"@type":"WebSite","@id":"https:\/\/dicodusport.fr\/blog\/#website","url":"https:\/\/dicodusport.fr\/blog\/","name":"Dicodusport","description":"L&#039;encyclop\u00e9die de l&#039;actualit\u00e9 sportive","publisher":{"@id":"https:\/\/dicodusport.fr\/blog\/#organization"},"potentialAction":[{"@type":"SearchAction","target":{"@type":"EntryPoint","urlTemplate":"https:\/\/dicodusport.fr\/blog\/?s={search_term_string}"},"query-input":{"@type":"PropertyValueSpecification","valueRequired":true,"valueName":"search_term_string"}}],"inLanguage":"fr-FR"},{"@type":"NewsMediaOrganization","@id":"https:\/\/dicodusport.fr\/blog\/#organization","name":"Dicodusport","url":"https:\/\/dicodusport.fr\/blog\/","logo":{"@type":"ImageObject","inLanguage":"fr-FR","@id":"https:\/\/dicodusport.fr\/blog\/#\/schema\/logo\/image\/","url":"https:\/\/dicodusport.fr\/blog\/wp-content\/uploads\/2020\/06\/cropped-LOGO-DICODUSPORT-2020-SANS-FOND-SANS-TEXTE.png","contentUrl":"https:\/\/dicodusport.fr\/blog\/wp-content\/uploads\/2020\/06\/cropped-LOGO-DICODUSPORT-2020-SANS-FOND-SANS-TEXTE.png","width":512,"height":512,"caption":"Dicodusport"},"image":{"@id":"https:\/\/dicodusport.fr\/blog\/#\/schema\/logo\/image\/"},"sameAs":["https:\/\/www.facebook.com\/dicodusport","https:\/\/x.com\/dicodusport","https:\/\/www.instagram.com\/dicodusport\/","https:\/\/www.youtube.com\/channel\/UC7V2KZ5sd3htJivAbA4ZG3w"],"description":"Dicodusport est l'encyclop\u00e9die de l'actualit\u00e9 sportive.","email":"bonjour@dicodusport.fr","legalName":"DICODUSPORT","foundingDate":"2018-01-14","vatID":"FR71834470973","taxID":"83447097300043","numberOfEmployees":{"@type":"QuantitativeValue","minValue":"1","maxValue":"10"}},{"@type":"Person","@id":"https:\/\/dicodusport.fr\/blog\/#\/schema\/person\/55dcb50ad410894e431ed812bbb70191","name":"Nicolas Jacquemard","image":{"@type":"ImageObject","inLanguage":"fr-FR","@id":"https:\/\/dicodusport.fr\/blog\/#\/schema\/person\/image\/","url":"https:\/\/dicodusport.fr\/blog\/wp-content\/uploads\/2021\/05\/Nicolas-Jacquemard-150x150.jpeg","contentUrl":"https:\/\/dicodusport.fr\/blog\/wp-content\/uploads\/2021\/05\/Nicolas-Jacquemard-150x150.jpeg","caption":"Nicolas Jacquemard"},"description":"Passionn\u00e9 de sport et entrepreneur depuis mes 18 ans, la cr\u00e9ation de Dicodusport m'a sembl\u00e9 \u00e9vidente pour participer \u00e0 la m\u00e9diatisation d'un plus grand nombre de sports. Le chemin est long mais avec une \u00e9quipe des plus motiv\u00e9es et les Jeux Olympiques de Paris 2024 en point de mire, nous y arriverons ! Journaliste dans le monde du sport depuis plus de 5 ans, je traite aussi bien de football, de rugby, de biathlon que de cyclisme.","sameAs":["https:\/\/www.facebook.com\/dicodusport","https:\/\/x.com\/https:\/\/twitter.com\/Nico_Jacquemard"],"url":"https:\/\/dicodusport.fr\/blog\/author\/dicodusport\/"}]}},"_links":{"self":[{"href":"https:\/\/dicodusport.fr\/blog\/wp-json\/wp\/v2\/posts\/167212","targetHints":{"allow":["GET"]}}],"collection":[{"href":"https:\/\/dicodusport.fr\/blog\/wp-json\/wp\/v2\/posts"}],"about":[{"href":"https:\/\/dicodusport.fr\/blog\/wp-json\/wp\/v2\/types\/post"}],"author":[{"embeddable":true,"href":"https:\/\/dicodusport.fr\/blog\/wp-json\/wp\/v2\/users\/1"}],"replies":[{"embeddable":true,"href":"https:\/\/dicodusport.fr\/blog\/wp-json\/wp\/v2\/comments?post=167212"}],"version-history":[{"count":0,"href":"https:\/\/dicodusport.fr\/blog\/wp-json\/wp\/v2\/posts\/167212\/revisions"}],"wp:featuredmedia":[{"embeddable":true,"href":"https:\/\/dicodusport.fr\/blog\/wp-json\/wp\/v2\/media\/167216"}],"wp:attachment":[{"href":"https:\/\/dicodusport.fr\/blog\/wp-json\/wp\/v2\/media?parent=167212"}],"wp:term":[{"taxonomy":"category","embeddable":true,"href":"https:\/\/dicodusport.fr\/blog\/wp-json\/wp\/v2\/categories?post=167212"},{"taxonomy":"post_tag","embeddable":true,"href":"https:\/\/dicodusport.fr\/blog\/wp-json\/wp\/v2\/tags?post=167212"}],"curies":[{"name":"wp","href":"https:\/\/api.w.org\/{rel}","templated":true}]}}