{"id":167289,"date":"2021-09-18T07:55:11","date_gmt":"2021-09-18T05:55:11","guid":{"rendered":"https:\/\/dicodusport.fr\/blog\/?p=167289"},"modified":"2021-09-18T19:13:49","modified_gmt":"2021-09-18T17:13:49","slug":"nba-petr-cornelie-decroche-un-two-way-contract-a-denver","status":"publish","type":"post","link":"https:\/\/dicodusport.fr\/blog\/nba-petr-cornelie-decroche-un-two-way-contract-a-denver\/","title":{"rendered":"NBA\u00a0: Petr Cornelie d\u00e9croche un two-way contract \u00e0 Denver"},"content":{"rendered":"<p align=\"justify\"><em><b>NBA &#8211; Auteur d\u2019une saison \u00e9norme o\u00f9 il a litt\u00e9ralement explos\u00e9 avec l\u2019Elan B\u00e9arnais, Petr Cornelie s\u2019appr\u00eate d\u00e9sormais \u00e0 faire le grand saut outre-Atlantique. \u00c0 26 ans, l\u2019international fran\u00e7ais vient de signer un two-way contract avec les Denver Nuggets, bouclant au passage le roster de la franchise du Colorado.<\/b><\/em><\/p>\n<p align=\"justify\">Il aura fallu du temps pour que le r\u00eave se concr\u00e9tise, mais \u00e0 d\u00e9sormais 26 ans, <b>Petr Cornelie<\/b> est enfin sur le point de d\u00e9couvrir la <b>NBA<\/b>. Draft\u00e9 en 53<sup>e<\/sup> position par les <b>Nuggets<\/b> en 2016, l\u2019int\u00e9rieur fran\u00e7ais va enfin faire le grand saut cinq ans plus tard. Il faut dire que depuis qu\u2019Adam Silver a appel\u00e9 son nom, le Calaisien a pris le temps avant d\u2019enfin arriver \u00e0 maturit\u00e9 sous le maillot de l\u2019<b>\u00c9lan<\/b><b> B\u00e9arnais<\/b>.<\/p>\n<blockquote class=\"twitter-tweet\">\n<p dir=\"ltr\" lang=\"en\">OFFICIAL: Nuggets have signed F Petr Cornelie to a two-way contract.<\/p>\n<p>Welcome back to <a href=\"https:\/\/twitter.com\/hashtag\/MileHighBasketball?src=hash&amp;ref_src=twsrc%5Etfw\">#MileHighBasketball<\/a>, <a href=\"https:\/\/twitter.com\/Petr_Cornelie?ref_src=twsrc%5Etfw\">@Petr_Cornelie<\/a>!<\/p>\n<p>&#x1f517; <a href=\"https:\/\/t.co\/MosAVaCPex\">https:\/\/t.co\/MosAVaCPex<\/a> <a href=\"https:\/\/t.co\/YQ5Fmvqyhe\">pic.twitter.com\/YQ5Fmvqyhe<\/a><\/p>\n<p>\u2014 Denver Nuggets (@nuggets) <a href=\"https:\/\/twitter.com\/nuggets\/status\/1438965046835433472?ref_src=twsrc%5Etfw\">September 17, 2021<\/a><\/p><\/blockquote>\n<p><script async src=\"https:\/\/platform.twitter.com\/widgets.js\" charset=\"utf-8\"><\/script><\/p>\n<h2 style=\"text-align: justify;\" align=\"justify\"><b>L\u2019ann\u00e9e de la r\u00e9v\u00e9lation<\/b><\/h2>\n<p align=\"justify\">Rest\u00e9 dans son club formateur du <b>Mans<\/b> jusqu\u2019en 2019 (entrecoup\u00e9 d\u2019un pr\u00eat \u00e0 Levallois), <strong>Petr Cornelie<\/strong> a longtemps ronronn\u00e9, ne disposant jamais de plus de 20 minutes par rencontre pour s\u2019exprimer. Son d\u00e9part \u00e0 <b>Pau-Orthez <\/b>lui a enfin permis de se lib\u00e9rer. Si durant sa premi\u00e8re saison il reste dans ses standards habituels (6,9 points, 5,1 rebonds en 19,8 minutes), l\u2019exercice 2020-2021 est celui de l\u2019explosion tant attendue. Propuls\u00e9 titulaire indiscutable et homme de base du dispositif b\u00e9arnais o\u00f9 son entente avec<b> Justin Bibbins<\/b> est une grande satisfaction, il encha\u00eene les prestations de haut vol. Il cl\u00f4t les 34 rencontres de saison r\u00e9guli\u00e8re avec une production tr\u00e8s solide : <b>14,4 points (54,2\u00a0% au tir, 44,2\u00a0% \u00e0 3 points, 7,9 rebonds en 28,8 minutes\u00a0!<\/b><\/p>\n<p align=\"justify\">Au milieu de ces statistiques fournies, quelques prestations remarquables sont \u00e0 relever, \u00e0 l\u2019image d\u2019un match \u00e0 27 points et 9 rebonds face \u00e0 l\u2019ASVEL, ou encore d&rsquo;un double-double monumental (14 points, 25 rebonds) contre Cholet. Pour couronner le tout, il a \u00e9galement fait partie de l\u2019<strong>\u00e9<\/strong><b>quipe<\/b><b> de France<\/b> ayant d\u00e9croch\u00e9 la m\u00e9daille d\u2019argent aux <b>Jeux Olympiques de Tokyo<\/b>. S\u2019il n\u2019a disput\u00e9 que 18 minutes, sa pr\u00e9sence au sein de ce groupe \u00e9tait d\u00e9j\u00e0 une v\u00e9ritable r\u00e9compense.<\/p>\n<h2 align=\"justify\"><strong>Le plus dur commence maintenant<\/strong><\/h2>\n<p align=\"justify\">Suivi de pr\u00e8s par les <b>Nuggets<\/b> depuis sa draft, il a d\u00e9j\u00e0 port\u00e9 le maillot de la franchise \u00e0 l\u2019occasion de trois <b>Summer League<\/b> disput\u00e9es entre 2016 et 2018. Si l\u2019int\u00e9r\u00eat \u00e9tait moindre depuis, son explosion totale en <b>Betclic <\/b><b>\u00c9lite<\/b> lui a permis de se mettre en \u00e9vidence. Son profil d\u2019int\u00e9rieur polyvalent correspond aux standards NBA, et il dispose de la maturit\u00e9 n\u00e9cessaire pour tenter l\u2019aventure apr\u00e8s huit ann\u00e9es professionnelles en France.<\/p>\n<p align=\"justify\">En signant un <b>two-way contract<\/b>, l&rsquo;international fran\u00e7ais b\u00e9n\u00e9ficie de l\u2019opportunit\u00e9 de disputer jusqu\u2019\u00e0 50 rencontres dans la grande ligue, tout en restant \u00e0 disposition de l\u2019\u00e9quipe de <b>G-League<\/b>. Il devient ainsi le dixi\u00e8me joueur fran\u00e7ais \u00e0 avoir obtenu un spot en NBA pour la saison 2021-2022, et rejoint <a href=\"https:\/\/dicodusport.fr\/blog\/nba-ishmail-wainright-poursuit-son-irresistible-ascension\/\">un autre ancien du championnat de France ayant \u00e9galement sign\u00e9 cet \u00e9t\u00e9 dans la grande ligue, Ishmail Wainright<\/a>.<\/p>\n<p><span class=\"IYiyl\"><iframe loading=\"lazy\" title=\"Petr Cornelie Highlights 2020\/2021 Pau-Lacq-Orthez\" width=\"740\" height=\"416\" src=\"https:\/\/www.youtube.com\/embed\/R-xHx5R4BIY?feature=oembed\" frameborder=\"0\" allow=\"accelerometer; autoplay; clipboard-write; encrypted-media; gyroscope; picture-in-picture; web-share\" allowfullscreen><\/iframe><\/span><\/p>\n","protected":false},"excerpt":{"rendered":"<p>NBA &#8211; Auteur d\u2019une saison \u00e9norme o\u00f9 il a litt\u00e9ralement explos\u00e9 avec l\u2019Elan B\u00e9arnais, Petr Cornelie s\u2019appr\u00eate d\u00e9sormais \u00e0 faire le grand saut outre-Atlantique. \u00c0 26 ans, l\u2019international fran\u00e7ais vient de signer un two-way contract avec les Denver Nuggets, bouclant au passage le roster de la franchise du Colorado.<\/p>\n","protected":false},"author":55,"featured_media":167305,"comment_status":"open","ping_status":"closed","sticky":false,"template":"","format":"standard","meta":{"_acf_changed":false,"_daextam_enable_autolinks":"","footnotes":""},"categories":[2305,10533],"tags":[1991,17110,179],"class_list":["post-167289","post","type-post","status-publish","format-standard","has-post-thumbnail","hentry","category-basket-ball","category-nba","tag-denver-nuggets","tag-elan-bearnais","tag-nba"],"acf":[],"yoast_head":"<!-- This site is optimized with the Yoast SEO Premium plugin v26.7 (Yoast SEO v26.7) - https:\/\/yoast.com\/wordpress\/plugins\/seo\/ -->\n<title>NBA\u00a0: Petr Cornelie d\u00e9croche un two-way contract \u00e0 Denver<\/title>\n<meta name=\"description\" content=\"M\u00e9daill\u00e9 d&#039;argent \u00e0 Tokyo avec les Bleus, Petr Cornelie va d\u00e9couvrir la NBA en signant un two-way contract avec les Denver Nuggets.\" \/>\n<meta name=\"robots\" content=\"index, follow, max-snippet:-1, max-image-preview:large, max-video-preview:-1\" \/>\n<link rel=\"canonical\" href=\"https:\/\/dicodusport.fr\/blog\/nba-petr-cornelie-decroche-un-two-way-contract-a-denver\/\" \/>\n<meta property=\"og:locale\" content=\"fr_FR\" \/>\n<meta property=\"og:type\" content=\"article\" \/>\n<meta property=\"og:title\" content=\"NBA\u00a0: Petr Cornelie d\u00e9croche un two-way contract \u00e0 Denver\" \/>\n<meta property=\"og:description\" content=\"M\u00e9daill\u00e9 d&#039;argent \u00e0 Tokyo avec les Bleus, Petr Cornelie va d\u00e9couvrir la NBA en signant un two-way contract avec les Denver Nuggets.\" \/>\n<meta property=\"og:url\" content=\"https:\/\/dicodusport.fr\/blog\/nba-petr-cornelie-decroche-un-two-way-contract-a-denver\/\" \/>\n<meta property=\"og:site_name\" content=\"Dicodusport\" \/>\n<meta property=\"article:publisher\" content=\"https:\/\/www.facebook.com\/dicodusport\" \/>\n<meta property=\"article:published_time\" content=\"2021-09-18T05:55:11+00:00\" \/>\n<meta property=\"article:modified_time\" content=\"2021-09-18T17:13:49+00:00\" \/>\n<meta property=\"og:image\" content=\"https:\/\/dicodusport.fr\/blog\/wp-content\/uploads\/2021\/09\/NBA-Petr-Cornelie-decroche-un-two-way-contract-a-Denver.png\" \/>\n\t<meta property=\"og:image:width\" content=\"800\" \/>\n\t<meta property=\"og:image:height\" content=\"445\" \/>\n\t<meta property=\"og:image:type\" content=\"image\/png\" \/>\n<meta name=\"author\" content=\"Maxime Cazenave\" \/>\n<meta name=\"twitter:card\" content=\"summary_large_image\" \/>\n<meta name=\"twitter:title\" content=\"NBA\u00a0: Petr Cornelie d\u00e9croche un two-way contract \u00e0 Denver\" \/>\n<meta name=\"twitter:creator\" content=\"@https:\/\/twitter.com\/Maxime_Caze\" \/>\n<meta name=\"twitter:site\" content=\"@dicodusport\" \/>\n<script type=\"application\/ld+json\" class=\"yoast-schema-graph\">{\"@context\":\"https:\/\/schema.org\",\"@graph\":[{\"@type\":\"NewsArticle\",\"@id\":\"https:\/\/dicodusport.fr\/blog\/nba-petr-cornelie-decroche-un-two-way-contract-a-denver\/#article\",\"isPartOf\":{\"@id\":\"https:\/\/dicodusport.fr\/blog\/nba-petr-cornelie-decroche-un-two-way-contract-a-denver\/\"},\"author\":{\"name\":\"Maxime Cazenave\",\"@id\":\"https:\/\/dicodusport.fr\/blog\/#\/schema\/person\/37def232098a7a5cbab3974a3690abb0\"},\"headline\":\"NBA\u00a0: Petr Cornelie d\u00e9croche un two-way contract \u00e0 Denver\",\"datePublished\":\"2021-09-18T05:55:11+00:00\",\"dateModified\":\"2021-09-18T17:13:49+00:00\",\"mainEntityOfPage\":{\"@id\":\"https:\/\/dicodusport.fr\/blog\/nba-petr-cornelie-decroche-un-two-way-contract-a-denver\/\"},\"wordCount\":562,\"commentCount\":0,\"publisher\":{\"@id\":\"https:\/\/dicodusport.fr\/blog\/#organization\"},\"image\":{\"@id\":\"https:\/\/dicodusport.fr\/blog\/nba-petr-cornelie-decroche-un-two-way-contract-a-denver\/#primaryimage\"},\"thumbnailUrl\":\"https:\/\/dicodusport.fr\/blog\/wp-content\/uploads\/2021\/09\/NBA-Petr-Cornelie-decroche-un-two-way-contract-a-Denver.png\",\"keywords\":[\"Denver Nuggets\",\"Elan B\u00e9arnais\",\"NBA\"],\"articleSection\":[\"Basket-ball\",\"NBA\"],\"inLanguage\":\"fr-FR\",\"potentialAction\":[{\"@type\":\"CommentAction\",\"name\":\"Comment\",\"target\":[\"https:\/\/dicodusport.fr\/blog\/nba-petr-cornelie-decroche-un-two-way-contract-a-denver\/#respond\"]}],\"copyrightYear\":\"2021\",\"copyrightHolder\":{\"@id\":\"https:\/\/dicodusport.fr\/blog\/#organization\"}},{\"@type\":\"WebPage\",\"@id\":\"https:\/\/dicodusport.fr\/blog\/nba-petr-cornelie-decroche-un-two-way-contract-a-denver\/\",\"url\":\"https:\/\/dicodusport.fr\/blog\/nba-petr-cornelie-decroche-un-two-way-contract-a-denver\/\",\"name\":\"NBA\u00a0: Petr Cornelie d\u00e9croche un two-way contract \u00e0 Denver\",\"isPartOf\":{\"@id\":\"https:\/\/dicodusport.fr\/blog\/#website\"},\"primaryImageOfPage\":{\"@id\":\"https:\/\/dicodusport.fr\/blog\/nba-petr-cornelie-decroche-un-two-way-contract-a-denver\/#primaryimage\"},\"image\":{\"@id\":\"https:\/\/dicodusport.fr\/blog\/nba-petr-cornelie-decroche-un-two-way-contract-a-denver\/#primaryimage\"},\"thumbnailUrl\":\"https:\/\/dicodusport.fr\/blog\/wp-content\/uploads\/2021\/09\/NBA-Petr-Cornelie-decroche-un-two-way-contract-a-Denver.png\",\"datePublished\":\"2021-09-18T05:55:11+00:00\",\"dateModified\":\"2021-09-18T17:13:49+00:00\",\"description\":\"M\u00e9daill\u00e9 d'argent \u00e0 Tokyo avec les Bleus, Petr Cornelie va d\u00e9couvrir la NBA en signant un two-way contract avec les Denver Nuggets.\",\"breadcrumb\":{\"@id\":\"https:\/\/dicodusport.fr\/blog\/nba-petr-cornelie-decroche-un-two-way-contract-a-denver\/#breadcrumb\"},\"inLanguage\":\"fr-FR\",\"potentialAction\":[{\"@type\":\"ReadAction\",\"target\":[\"https:\/\/dicodusport.fr\/blog\/nba-petr-cornelie-decroche-un-two-way-contract-a-denver\/\"]}]},{\"@type\":\"ImageObject\",\"inLanguage\":\"fr-FR\",\"@id\":\"https:\/\/dicodusport.fr\/blog\/nba-petr-cornelie-decroche-un-two-way-contract-a-denver\/#primaryimage\",\"url\":\"https:\/\/dicodusport.fr\/blog\/wp-content\/uploads\/2021\/09\/NBA-Petr-Cornelie-decroche-un-two-way-contract-a-Denver.png\",\"contentUrl\":\"https:\/\/dicodusport.fr\/blog\/wp-content\/uploads\/2021\/09\/NBA-Petr-Cornelie-decroche-un-two-way-contract-a-Denver.png\",\"width\":800,\"height\":445,\"caption\":\"NBA\u00a0 Petr Cornelie d\u00e9croche un two-way contract \u00e0 Denver\"},{\"@type\":\"BreadcrumbList\",\"@id\":\"https:\/\/dicodusport.fr\/blog\/nba-petr-cornelie-decroche-un-two-way-contract-a-denver\/#breadcrumb\",\"itemListElement\":[{\"@type\":\"ListItem\",\"position\":1,\"name\":\"Accueil\",\"item\":\"https:\/\/dicodusport.fr\/blog\/\"},{\"@type\":\"ListItem\",\"position\":2,\"name\":\"NBA\u00a0: Petr Cornelie d\u00e9croche un two-way contract \u00e0 Denver\"}]},{\"@type\":\"WebSite\",\"@id\":\"https:\/\/dicodusport.fr\/blog\/#website\",\"url\":\"https:\/\/dicodusport.fr\/blog\/\",\"name\":\"Dicodusport\",\"description\":\"L&#039;encyclop\u00e9die de l&#039;actualit\u00e9 sportive\",\"publisher\":{\"@id\":\"https:\/\/dicodusport.fr\/blog\/#organization\"},\"potentialAction\":[{\"@type\":\"SearchAction\",\"target\":{\"@type\":\"EntryPoint\",\"urlTemplate\":\"https:\/\/dicodusport.fr\/blog\/?s={search_term_string}\"},\"query-input\":{\"@type\":\"PropertyValueSpecification\",\"valueRequired\":true,\"valueName\":\"search_term_string\"}}],\"inLanguage\":\"fr-FR\"},{\"@type\":\"NewsMediaOrganization\",\"@id\":\"https:\/\/dicodusport.fr\/blog\/#organization\",\"name\":\"Dicodusport\",\"url\":\"https:\/\/dicodusport.fr\/blog\/\",\"logo\":{\"@type\":\"ImageObject\",\"inLanguage\":\"fr-FR\",\"@id\":\"https:\/\/dicodusport.fr\/blog\/#\/schema\/logo\/image\/\",\"url\":\"https:\/\/dicodusport.fr\/blog\/wp-content\/uploads\/2020\/06\/cropped-LOGO-DICODUSPORT-2020-SANS-FOND-SANS-TEXTE.png\",\"contentUrl\":\"https:\/\/dicodusport.fr\/blog\/wp-content\/uploads\/2020\/06\/cropped-LOGO-DICODUSPORT-2020-SANS-FOND-SANS-TEXTE.png\",\"width\":512,\"height\":512,\"caption\":\"Dicodusport\"},\"image\":{\"@id\":\"https:\/\/dicodusport.fr\/blog\/#\/schema\/logo\/image\/\"},\"sameAs\":[\"https:\/\/www.facebook.com\/dicodusport\",\"https:\/\/x.com\/dicodusport\",\"https:\/\/www.instagram.com\/dicodusport\/\",\"https:\/\/www.youtube.com\/channel\/UC7V2KZ5sd3htJivAbA4ZG3w\"],\"description\":\"Dicodusport est l'encyclop\u00e9die de l'actualit\u00e9 sportive.\",\"email\":\"bonjour@dicodusport.fr\",\"legalName\":\"DICODUSPORT\",\"foundingDate\":\"2018-01-14\",\"vatID\":\"FR71834470973\",\"taxID\":\"83447097300043\",\"numberOfEmployees\":{\"@type\":\"QuantitativeValue\",\"minValue\":\"1\",\"maxValue\":\"10\"}},{\"@type\":\"Person\",\"@id\":\"https:\/\/dicodusport.fr\/blog\/#\/schema\/person\/37def232098a7a5cbab3974a3690abb0\",\"name\":\"Maxime Cazenave\",\"image\":{\"@type\":\"ImageObject\",\"inLanguage\":\"fr-FR\",\"@id\":\"https:\/\/dicodusport.fr\/blog\/#\/schema\/person\/image\/\",\"url\":\"https:\/\/dicodusport.fr\/blog\/wp-content\/uploads\/2021\/05\/Maxime-Cazenave-150x150.jpg\",\"contentUrl\":\"https:\/\/dicodusport.fr\/blog\/wp-content\/uploads\/2021\/05\/Maxime-Cazenave-150x150.jpg\",\"caption\":\"Maxime Cazenave\"},\"description\":\"Journaliste\/R\u00e9dacteur depuis 2012 - Berc\u00e9 par l\u2019amour des Girondins de Bordeaux, les \u00e9checs de Christophe Moreau sur le Tour de France sous l'\u00e8re Lance Armstrong et le fade-away l\u00e9tal de Dirk Nowitzki, ma passion d\u00e9vorante pour le sport a toujours \u00e9t\u00e9 un pan incontournable de ma vie. Transmettre ma passion \u00e0 l\u2019\u00e9crit a \u00e9t\u00e9 une transition naturelle. Suiveur assidu de basket et de hockey sur glace, je garde toujours un peu de place pour suivre le cyclisme, le football et le maximum de performances fran\u00e7aises.\",\"sameAs\":[\"https:\/\/x.com\/https:\/\/twitter.com\/Maxime_Caze\"],\"url\":\"https:\/\/dicodusport.fr\/blog\/author\/maximec\/\"}]}<\/script>\n<!-- \/ Yoast SEO Premium plugin. -->","yoast_head_json":{"title":"NBA\u00a0: Petr Cornelie d\u00e9croche un two-way contract \u00e0 Denver","description":"M\u00e9daill\u00e9 d'argent \u00e0 Tokyo avec les Bleus, Petr Cornelie va d\u00e9couvrir la NBA en signant un two-way contract avec les Denver Nuggets.","robots":{"index":"index","follow":"follow","max-snippet":"max-snippet:-1","max-image-preview":"max-image-preview:large","max-video-preview":"max-video-preview:-1"},"canonical":"https:\/\/dicodusport.fr\/blog\/nba-petr-cornelie-decroche-un-two-way-contract-a-denver\/","og_locale":"fr_FR","og_type":"article","og_title":"NBA\u00a0: Petr Cornelie d\u00e9croche un two-way contract \u00e0 Denver","og_description":"M\u00e9daill\u00e9 d'argent \u00e0 Tokyo avec les Bleus, Petr Cornelie va d\u00e9couvrir la NBA en signant un two-way contract avec les Denver Nuggets.","og_url":"https:\/\/dicodusport.fr\/blog\/nba-petr-cornelie-decroche-un-two-way-contract-a-denver\/","og_site_name":"Dicodusport","article_publisher":"https:\/\/www.facebook.com\/dicodusport","article_published_time":"2021-09-18T05:55:11+00:00","article_modified_time":"2021-09-18T17:13:49+00:00","og_image":[{"width":800,"height":445,"url":"https:\/\/dicodusport.fr\/blog\/wp-content\/uploads\/2021\/09\/NBA-Petr-Cornelie-decroche-un-two-way-contract-a-Denver.png","type":"image\/png"}],"author":"Maxime Cazenave","twitter_card":"summary_large_image","twitter_title":"NBA\u00a0: Petr Cornelie d\u00e9croche un two-way contract \u00e0 Denver","twitter_creator":"@https:\/\/twitter.com\/Maxime_Caze","twitter_site":"@dicodusport","schema":{"@context":"https:\/\/schema.org","@graph":[{"@type":"NewsArticle","@id":"https:\/\/dicodusport.fr\/blog\/nba-petr-cornelie-decroche-un-two-way-contract-a-denver\/#article","isPartOf":{"@id":"https:\/\/dicodusport.fr\/blog\/nba-petr-cornelie-decroche-un-two-way-contract-a-denver\/"},"author":{"name":"Maxime Cazenave","@id":"https:\/\/dicodusport.fr\/blog\/#\/schema\/person\/37def232098a7a5cbab3974a3690abb0"},"headline":"NBA\u00a0: Petr Cornelie d\u00e9croche un two-way contract \u00e0 Denver","datePublished":"2021-09-18T05:55:11+00:00","dateModified":"2021-09-18T17:13:49+00:00","mainEntityOfPage":{"@id":"https:\/\/dicodusport.fr\/blog\/nba-petr-cornelie-decroche-un-two-way-contract-a-denver\/"},"wordCount":562,"commentCount":0,"publisher":{"@id":"https:\/\/dicodusport.fr\/blog\/#organization"},"image":{"@id":"https:\/\/dicodusport.fr\/blog\/nba-petr-cornelie-decroche-un-two-way-contract-a-denver\/#primaryimage"},"thumbnailUrl":"https:\/\/dicodusport.fr\/blog\/wp-content\/uploads\/2021\/09\/NBA-Petr-Cornelie-decroche-un-two-way-contract-a-Denver.png","keywords":["Denver Nuggets","Elan B\u00e9arnais","NBA"],"articleSection":["Basket-ball","NBA"],"inLanguage":"fr-FR","potentialAction":[{"@type":"CommentAction","name":"Comment","target":["https:\/\/dicodusport.fr\/blog\/nba-petr-cornelie-decroche-un-two-way-contract-a-denver\/#respond"]}],"copyrightYear":"2021","copyrightHolder":{"@id":"https:\/\/dicodusport.fr\/blog\/#organization"}},{"@type":"WebPage","@id":"https:\/\/dicodusport.fr\/blog\/nba-petr-cornelie-decroche-un-two-way-contract-a-denver\/","url":"https:\/\/dicodusport.fr\/blog\/nba-petr-cornelie-decroche-un-two-way-contract-a-denver\/","name":"NBA\u00a0: Petr Cornelie d\u00e9croche un two-way contract \u00e0 Denver","isPartOf":{"@id":"https:\/\/dicodusport.fr\/blog\/#website"},"primaryImageOfPage":{"@id":"https:\/\/dicodusport.fr\/blog\/nba-petr-cornelie-decroche-un-two-way-contract-a-denver\/#primaryimage"},"image":{"@id":"https:\/\/dicodusport.fr\/blog\/nba-petr-cornelie-decroche-un-two-way-contract-a-denver\/#primaryimage"},"thumbnailUrl":"https:\/\/dicodusport.fr\/blog\/wp-content\/uploads\/2021\/09\/NBA-Petr-Cornelie-decroche-un-two-way-contract-a-Denver.png","datePublished":"2021-09-18T05:55:11+00:00","dateModified":"2021-09-18T17:13:49+00:00","description":"M\u00e9daill\u00e9 d'argent \u00e0 Tokyo avec les Bleus, Petr Cornelie va d\u00e9couvrir la NBA en signant un two-way contract avec les Denver Nuggets.","breadcrumb":{"@id":"https:\/\/dicodusport.fr\/blog\/nba-petr-cornelie-decroche-un-two-way-contract-a-denver\/#breadcrumb"},"inLanguage":"fr-FR","potentialAction":[{"@type":"ReadAction","target":["https:\/\/dicodusport.fr\/blog\/nba-petr-cornelie-decroche-un-two-way-contract-a-denver\/"]}]},{"@type":"ImageObject","inLanguage":"fr-FR","@id":"https:\/\/dicodusport.fr\/blog\/nba-petr-cornelie-decroche-un-two-way-contract-a-denver\/#primaryimage","url":"https:\/\/dicodusport.fr\/blog\/wp-content\/uploads\/2021\/09\/NBA-Petr-Cornelie-decroche-un-two-way-contract-a-Denver.png","contentUrl":"https:\/\/dicodusport.fr\/blog\/wp-content\/uploads\/2021\/09\/NBA-Petr-Cornelie-decroche-un-two-way-contract-a-Denver.png","width":800,"height":445,"caption":"NBA\u00a0 Petr Cornelie d\u00e9croche un two-way contract \u00e0 Denver"},{"@type":"BreadcrumbList","@id":"https:\/\/dicodusport.fr\/blog\/nba-petr-cornelie-decroche-un-two-way-contract-a-denver\/#breadcrumb","itemListElement":[{"@type":"ListItem","position":1,"name":"Accueil","item":"https:\/\/dicodusport.fr\/blog\/"},{"@type":"ListItem","position":2,"name":"NBA\u00a0: Petr Cornelie d\u00e9croche un two-way contract \u00e0 Denver"}]},{"@type":"WebSite","@id":"https:\/\/dicodusport.fr\/blog\/#website","url":"https:\/\/dicodusport.fr\/blog\/","name":"Dicodusport","description":"L&#039;encyclop\u00e9die de l&#039;actualit\u00e9 sportive","publisher":{"@id":"https:\/\/dicodusport.fr\/blog\/#organization"},"potentialAction":[{"@type":"SearchAction","target":{"@type":"EntryPoint","urlTemplate":"https:\/\/dicodusport.fr\/blog\/?s={search_term_string}"},"query-input":{"@type":"PropertyValueSpecification","valueRequired":true,"valueName":"search_term_string"}}],"inLanguage":"fr-FR"},{"@type":"NewsMediaOrganization","@id":"https:\/\/dicodusport.fr\/blog\/#organization","name":"Dicodusport","url":"https:\/\/dicodusport.fr\/blog\/","logo":{"@type":"ImageObject","inLanguage":"fr-FR","@id":"https:\/\/dicodusport.fr\/blog\/#\/schema\/logo\/image\/","url":"https:\/\/dicodusport.fr\/blog\/wp-content\/uploads\/2020\/06\/cropped-LOGO-DICODUSPORT-2020-SANS-FOND-SANS-TEXTE.png","contentUrl":"https:\/\/dicodusport.fr\/blog\/wp-content\/uploads\/2020\/06\/cropped-LOGO-DICODUSPORT-2020-SANS-FOND-SANS-TEXTE.png","width":512,"height":512,"caption":"Dicodusport"},"image":{"@id":"https:\/\/dicodusport.fr\/blog\/#\/schema\/logo\/image\/"},"sameAs":["https:\/\/www.facebook.com\/dicodusport","https:\/\/x.com\/dicodusport","https:\/\/www.instagram.com\/dicodusport\/","https:\/\/www.youtube.com\/channel\/UC7V2KZ5sd3htJivAbA4ZG3w"],"description":"Dicodusport est l'encyclop\u00e9die de l'actualit\u00e9 sportive.","email":"bonjour@dicodusport.fr","legalName":"DICODUSPORT","foundingDate":"2018-01-14","vatID":"FR71834470973","taxID":"83447097300043","numberOfEmployees":{"@type":"QuantitativeValue","minValue":"1","maxValue":"10"}},{"@type":"Person","@id":"https:\/\/dicodusport.fr\/blog\/#\/schema\/person\/37def232098a7a5cbab3974a3690abb0","name":"Maxime Cazenave","image":{"@type":"ImageObject","inLanguage":"fr-FR","@id":"https:\/\/dicodusport.fr\/blog\/#\/schema\/person\/image\/","url":"https:\/\/dicodusport.fr\/blog\/wp-content\/uploads\/2021\/05\/Maxime-Cazenave-150x150.jpg","contentUrl":"https:\/\/dicodusport.fr\/blog\/wp-content\/uploads\/2021\/05\/Maxime-Cazenave-150x150.jpg","caption":"Maxime Cazenave"},"description":"Journaliste\/R\u00e9dacteur depuis 2012 - Berc\u00e9 par l\u2019amour des Girondins de Bordeaux, les \u00e9checs de Christophe Moreau sur le Tour de France sous l'\u00e8re Lance Armstrong et le fade-away l\u00e9tal de Dirk Nowitzki, ma passion d\u00e9vorante pour le sport a toujours \u00e9t\u00e9 un pan incontournable de ma vie. Transmettre ma passion \u00e0 l\u2019\u00e9crit a \u00e9t\u00e9 une transition naturelle. Suiveur assidu de basket et de hockey sur glace, je garde toujours un peu de place pour suivre le cyclisme, le football et le maximum de performances fran\u00e7aises.","sameAs":["https:\/\/x.com\/https:\/\/twitter.com\/Maxime_Caze"],"url":"https:\/\/dicodusport.fr\/blog\/author\/maximec\/"}]}},"_links":{"self":[{"href":"https:\/\/dicodusport.fr\/blog\/wp-json\/wp\/v2\/posts\/167289","targetHints":{"allow":["GET"]}}],"collection":[{"href":"https:\/\/dicodusport.fr\/blog\/wp-json\/wp\/v2\/posts"}],"about":[{"href":"https:\/\/dicodusport.fr\/blog\/wp-json\/wp\/v2\/types\/post"}],"author":[{"embeddable":true,"href":"https:\/\/dicodusport.fr\/blog\/wp-json\/wp\/v2\/users\/55"}],"replies":[{"embeddable":true,"href":"https:\/\/dicodusport.fr\/blog\/wp-json\/wp\/v2\/comments?post=167289"}],"version-history":[{"count":0,"href":"https:\/\/dicodusport.fr\/blog\/wp-json\/wp\/v2\/posts\/167289\/revisions"}],"wp:featuredmedia":[{"embeddable":true,"href":"https:\/\/dicodusport.fr\/blog\/wp-json\/wp\/v2\/media\/167305"}],"wp:attachment":[{"href":"https:\/\/dicodusport.fr\/blog\/wp-json\/wp\/v2\/media?parent=167289"}],"wp:term":[{"taxonomy":"category","embeddable":true,"href":"https:\/\/dicodusport.fr\/blog\/wp-json\/wp\/v2\/categories?post=167289"},{"taxonomy":"post_tag","embeddable":true,"href":"https:\/\/dicodusport.fr\/blog\/wp-json\/wp\/v2\/tags?post=167289"}],"curies":[{"name":"wp","href":"https:\/\/api.w.org\/{rel}","templated":true}]}}