{"id":167427,"date":"2021-09-18T15:56:10","date_gmt":"2021-09-18T13:56:10","guid":{"rendered":"https:\/\/dicodusport.fr\/blog\/?p=167427"},"modified":"2021-09-18T15:56:10","modified_gmt":"2021-09-18T13:56:10","slug":"championnats-du-monde-de-paracanoe-kayak-nelia-barbosa-medaillee-de-bronze","status":"publish","type":"post","link":"https:\/\/dicodusport.fr\/blog\/championnats-du-monde-de-paracanoe-kayak-nelia-barbosa-medaillee-de-bronze\/","title":{"rendered":"Championnats du monde de paracano\u00eb kayak : N\u00e9lia Barbosa m\u00e9daill\u00e9e de bronze"},"content":{"rendered":"<p style=\"text-align: justify;\"><strong><em>CHAMPIONNATS DU MONDE DE PARACANO\u00cb &#8211; Elle est inarr\u00eatable ! Apr\u00e8s avoir obtenu <a href=\"https:\/\/dicodusport.fr\/blog\/jeux-paralympiques-de-tokyo-canoe-kayak-nelia-barbosa-vice-championne-paralympique\/\">le titre de vice-championne paralympique il y a deux semaines \u00e0 peine<\/a>, N\u00e9lia Barbosa s&rsquo;est offert une nouvelle m\u00e9daille en d\u00e9crochant le bronze mondial sur 200m KL3. Laura Sugar fait coup double et devient championne du monde apr\u00e8s l&rsquo;or paralympique.<\/em><\/strong><\/p>\n<h2>L&rsquo;une des nouvelles r\u00e9f\u00e9rences de la discipline<\/h2>\n<p style=\"text-align: justify;\">Les meilleurs c\u00e9istes et kayakistes mondiaux avaient rendez-vous \u00e0 Copenhague (Danemark) o\u00f9 se d\u00e9roulent les championnats du monde de sprint et paracano\u00eb. Apr\u00e8s une premi\u00e8re m\u00e9daille de bronze d\u00e9croch\u00e9e jeudi par <strong>C\u00e9line Brulais<\/strong> en VL1D sur 200m, <strong>N\u00e9lia Barbosa<\/strong> s&rsquo;est illustr\u00e9e aujourd&rsquo;hui en prenant le m\u00eame m\u00e9tal. Dans une finale \u00e0 9 o\u00f9 6 des 8 finalistes des Jeux Paralympiques \u00e9taient pr\u00e9sentes, le niveau \u00e9tait une nouvelle fois tr\u00e8s relev\u00e9. Couloir num\u00e9ro 6, la Fran\u00e7aise a \u00e9t\u00e9 la seule \u00e0 pourvoir tenir le rythme des deux Britanniques. En moins de 48 secondes et 200m plus tard, <strong>Laura Sugar<\/strong> est championne du monde en cat\u00e9gorie KL3 et signe un magnifique doubl\u00e9 devant sa compatriote <strong>Hope<\/strong> <strong>Gordon<\/strong>.<\/p>\n<p style=\"text-align: justify;\">Une demi-longueur derri\u00e8re on retrouve <strong>N\u00e9lia Barbosa <\/strong>qui n&rsquo;a jamais vraiment \u00e9t\u00e9 inqui\u00e9t\u00e9e pour la course \u00e0 la m\u00e9daille. Elle devance d&rsquo;un bateau la Polonaise <strong>Katarzyna Kozikowska<\/strong> qui avait d\u00e9j\u00e0 \u00e9chou\u00e9 au pied du podium aux Jeux Paralympiques. La Fran\u00e7aise efface ainsi la 4\u00e8me place des Mondiaux de 2019 et remporte sa 4\u00e8me m\u00e9daille internationale.<\/p>\n<blockquote class=\"twitter-tweet\">\n<p dir=\"ltr\" lang=\"fr\">&#x1f6a3;&#x1f1eb;&#x1f1f7; N\u00e9lia Barbosa s&#8217;empare du bronze sur le 200 m KL3 !<\/p>\n<p>&#x1f949; La Fran\u00e7aise continue de truster les podiums internationaux apr\u00e8s sa m\u00e9daille d&rsquo;argent aux Jeux paralympiques de Tokyo <a href=\"https:\/\/t.co\/AMTvQT0xiC\">pic.twitter.com\/AMTvQT0xiC<\/a><\/p>\n<p>\u2014 francetvsport (@francetvsport) <a href=\"https:\/\/twitter.com\/francetvsport\/status\/1439148943347261443?ref_src=twsrc%5Etfw\">September 18, 2021<\/a><\/p><\/blockquote>\n<p><script async src=\"https:\/\/platform.twitter.com\/widgets.js\" charset=\"utf-8\"><\/script><\/p>\n","protected":false},"excerpt":{"rendered":"<p>CHAMPIONNATS DU MONDE DE PARACANO\u00cb &#8211; Elle est inarr\u00eatable ! Apr\u00e8s avoir obtenu le titre de vice-championne paralympique il y a deux semaines \u00e0 peine, N\u00e9lia Barbosa s&rsquo;est offert une nouvelle m\u00e9daille en d\u00e9crochant le bronze mondial. Laura Sugar fait coup double et devient championne du monde apr\u00e8s l&rsquo;or paralympique.<\/p>\n","protected":false},"author":43,"featured_media":163959,"comment_status":"open","ping_status":"closed","sticky":false,"template":"","format":"standard","meta":{"_acf_changed":false,"_daextam_enable_autolinks":"","footnotes":""},"categories":[10458,5753],"tags":[3040,1265,930,19023],"class_list":["post-167427","post","type-post","status-publish","format-standard","has-post-thumbnail","hentry","category-canoe-kayak","category-handisport","tag-championnats-du-monde","tag-handisport","tag-kayak","tag-nelia-barbosa"],"acf":[],"yoast_head":"<!-- This site is optimized with the Yoast SEO Premium plugin v26.7 (Yoast SEO v26.7) - https:\/\/yoast.com\/wordpress\/plugins\/seo\/ -->\n<title>Championnats du monde de paracano\u00eb kayak : N\u00e9lia Barbosa m\u00e9daill\u00e9e de bronze<\/title>\n<meta name=\"description\" content=\"Vice-championne paralympique en titre, N\u00e9lia Barbosa a cette fois remport\u00e9 la m\u00e9daille de bronze des championnats du monde.\" \/>\n<meta name=\"robots\" content=\"index, follow, max-snippet:-1, max-image-preview:large, max-video-preview:-1\" \/>\n<link rel=\"canonical\" href=\"https:\/\/dicodusport.fr\/blog\/championnats-du-monde-de-paracanoe-kayak-nelia-barbosa-medaillee-de-bronze\/\" \/>\n<meta property=\"og:locale\" content=\"fr_FR\" \/>\n<meta property=\"og:type\" content=\"article\" \/>\n<meta property=\"og:title\" content=\"Championnats du monde de paracano\u00eb kayak : N\u00e9lia Barbosa m\u00e9daill\u00e9e de bronze\" \/>\n<meta property=\"og:description\" content=\"Vice-championne paralympique en titre, N\u00e9lia Barbosa a cette fois remport\u00e9 la m\u00e9daille de bronze des championnats du monde.\" \/>\n<meta property=\"og:url\" content=\"https:\/\/dicodusport.fr\/blog\/championnats-du-monde-de-paracanoe-kayak-nelia-barbosa-medaillee-de-bronze\/\" \/>\n<meta property=\"og:site_name\" content=\"Dicodusport\" \/>\n<meta property=\"article:publisher\" content=\"https:\/\/www.facebook.com\/dicodusport\" \/>\n<meta property=\"article:author\" content=\"https:\/\/www.facebook.com\/Max.Bld2\/\" \/>\n<meta property=\"article:published_time\" content=\"2021-09-18T13:56:10+00:00\" \/>\n<meta property=\"og:image\" content=\"https:\/\/dicodusport.fr\/blog\/wp-content\/uploads\/2021\/09\/Jeux-Paralympiques-de-Tokyo-Canoe-Kayak-Nelia-Barbosa-vice-championne-paralympique.png\" \/>\n\t<meta property=\"og:image:width\" content=\"800\" \/>\n\t<meta property=\"og:image:height\" content=\"445\" \/>\n\t<meta property=\"og:image:type\" content=\"image\/png\" \/>\n<meta name=\"author\" content=\"Maxime Boulard\" \/>\n<meta name=\"twitter:card\" content=\"summary_large_image\" \/>\n<meta name=\"twitter:title\" content=\"Championnats du monde de paracano\u00eb kayak : N\u00e9lia Barbosa m\u00e9daill\u00e9e de bronze\" \/>\n<meta name=\"twitter:creator\" content=\"@https:\/\/twitter.com\/MaximeB_2\" \/>\n<meta name=\"twitter:site\" content=\"@dicodusport\" \/>\n<script type=\"application\/ld+json\" class=\"yoast-schema-graph\">{\"@context\":\"https:\/\/schema.org\",\"@graph\":[{\"@type\":\"NewsArticle\",\"@id\":\"https:\/\/dicodusport.fr\/blog\/championnats-du-monde-de-paracanoe-kayak-nelia-barbosa-medaillee-de-bronze\/#article\",\"isPartOf\":{\"@id\":\"https:\/\/dicodusport.fr\/blog\/championnats-du-monde-de-paracanoe-kayak-nelia-barbosa-medaillee-de-bronze\/\"},\"author\":{\"name\":\"Maxime Boulard\",\"@id\":\"https:\/\/dicodusport.fr\/blog\/#\/schema\/person\/5aab10ee856e86ac63e9819a9da34784\"},\"headline\":\"Championnats du monde de paracano\u00eb kayak : N\u00e9lia Barbosa m\u00e9daill\u00e9e de bronze\",\"datePublished\":\"2021-09-18T13:56:10+00:00\",\"mainEntityOfPage\":{\"@id\":\"https:\/\/dicodusport.fr\/blog\/championnats-du-monde-de-paracanoe-kayak-nelia-barbosa-medaillee-de-bronze\/\"},\"wordCount\":324,\"commentCount\":0,\"publisher\":{\"@id\":\"https:\/\/dicodusport.fr\/blog\/#organization\"},\"image\":{\"@id\":\"https:\/\/dicodusport.fr\/blog\/championnats-du-monde-de-paracanoe-kayak-nelia-barbosa-medaillee-de-bronze\/#primaryimage\"},\"thumbnailUrl\":\"https:\/\/dicodusport.fr\/blog\/wp-content\/uploads\/2021\/09\/Jeux-Paralympiques-de-Tokyo-Canoe-Kayak-Nelia-Barbosa-vice-championne-paralympique.png\",\"keywords\":[\"Championnats du Monde\",\"handisport\",\"kayak\",\"N\u00e9lia Barbosa\"],\"articleSection\":[\"Cano\u00eb-Kayak\",\"Handisport\"],\"inLanguage\":\"fr-FR\",\"potentialAction\":[{\"@type\":\"CommentAction\",\"name\":\"Comment\",\"target\":[\"https:\/\/dicodusport.fr\/blog\/championnats-du-monde-de-paracanoe-kayak-nelia-barbosa-medaillee-de-bronze\/#respond\"]}],\"copyrightYear\":\"2021\",\"copyrightHolder\":{\"@id\":\"https:\/\/dicodusport.fr\/blog\/#organization\"}},{\"@type\":\"WebPage\",\"@id\":\"https:\/\/dicodusport.fr\/blog\/championnats-du-monde-de-paracanoe-kayak-nelia-barbosa-medaillee-de-bronze\/\",\"url\":\"https:\/\/dicodusport.fr\/blog\/championnats-du-monde-de-paracanoe-kayak-nelia-barbosa-medaillee-de-bronze\/\",\"name\":\"Championnats du monde de paracano\u00eb kayak : N\u00e9lia Barbosa m\u00e9daill\u00e9e de bronze\",\"isPartOf\":{\"@id\":\"https:\/\/dicodusport.fr\/blog\/#website\"},\"primaryImageOfPage\":{\"@id\":\"https:\/\/dicodusport.fr\/blog\/championnats-du-monde-de-paracanoe-kayak-nelia-barbosa-medaillee-de-bronze\/#primaryimage\"},\"image\":{\"@id\":\"https:\/\/dicodusport.fr\/blog\/championnats-du-monde-de-paracanoe-kayak-nelia-barbosa-medaillee-de-bronze\/#primaryimage\"},\"thumbnailUrl\":\"https:\/\/dicodusport.fr\/blog\/wp-content\/uploads\/2021\/09\/Jeux-Paralympiques-de-Tokyo-Canoe-Kayak-Nelia-Barbosa-vice-championne-paralympique.png\",\"datePublished\":\"2021-09-18T13:56:10+00:00\",\"description\":\"Vice-championne paralympique en titre, N\u00e9lia Barbosa a cette fois remport\u00e9 la m\u00e9daille de bronze des championnats du monde.\",\"breadcrumb\":{\"@id\":\"https:\/\/dicodusport.fr\/blog\/championnats-du-monde-de-paracanoe-kayak-nelia-barbosa-medaillee-de-bronze\/#breadcrumb\"},\"inLanguage\":\"fr-FR\",\"potentialAction\":[{\"@type\":\"ReadAction\",\"target\":[\"https:\/\/dicodusport.fr\/blog\/championnats-du-monde-de-paracanoe-kayak-nelia-barbosa-medaillee-de-bronze\/\"]}]},{\"@type\":\"ImageObject\",\"inLanguage\":\"fr-FR\",\"@id\":\"https:\/\/dicodusport.fr\/blog\/championnats-du-monde-de-paracanoe-kayak-nelia-barbosa-medaillee-de-bronze\/#primaryimage\",\"url\":\"https:\/\/dicodusport.fr\/blog\/wp-content\/uploads\/2021\/09\/Jeux-Paralympiques-de-Tokyo-Canoe-Kayak-Nelia-Barbosa-vice-championne-paralympique.png\",\"contentUrl\":\"https:\/\/dicodusport.fr\/blog\/wp-content\/uploads\/2021\/09\/Jeux-Paralympiques-de-Tokyo-Canoe-Kayak-Nelia-Barbosa-vice-championne-paralympique.png\",\"width\":800,\"height\":445,\"caption\":\"Jeux Paralympiques de Tokyo - Cano\u00eb-Kayak N\u00e9lia Barbosa vice-championne paralympique\"},{\"@type\":\"BreadcrumbList\",\"@id\":\"https:\/\/dicodusport.fr\/blog\/championnats-du-monde-de-paracanoe-kayak-nelia-barbosa-medaillee-de-bronze\/#breadcrumb\",\"itemListElement\":[{\"@type\":\"ListItem\",\"position\":1,\"name\":\"Accueil\",\"item\":\"https:\/\/dicodusport.fr\/blog\/\"},{\"@type\":\"ListItem\",\"position\":2,\"name\":\"Championnats du monde de paracano\u00eb kayak : N\u00e9lia Barbosa m\u00e9daill\u00e9e de bronze\"}]},{\"@type\":\"WebSite\",\"@id\":\"https:\/\/dicodusport.fr\/blog\/#website\",\"url\":\"https:\/\/dicodusport.fr\/blog\/\",\"name\":\"Dicodusport\",\"description\":\"L&#039;encyclop\u00e9die de l&#039;actualit\u00e9 sportive\",\"publisher\":{\"@id\":\"https:\/\/dicodusport.fr\/blog\/#organization\"},\"potentialAction\":[{\"@type\":\"SearchAction\",\"target\":{\"@type\":\"EntryPoint\",\"urlTemplate\":\"https:\/\/dicodusport.fr\/blog\/?s={search_term_string}\"},\"query-input\":{\"@type\":\"PropertyValueSpecification\",\"valueRequired\":true,\"valueName\":\"search_term_string\"}}],\"inLanguage\":\"fr-FR\"},{\"@type\":\"NewsMediaOrganization\",\"@id\":\"https:\/\/dicodusport.fr\/blog\/#organization\",\"name\":\"Dicodusport\",\"url\":\"https:\/\/dicodusport.fr\/blog\/\",\"logo\":{\"@type\":\"ImageObject\",\"inLanguage\":\"fr-FR\",\"@id\":\"https:\/\/dicodusport.fr\/blog\/#\/schema\/logo\/image\/\",\"url\":\"https:\/\/dicodusport.fr\/blog\/wp-content\/uploads\/2020\/06\/cropped-LOGO-DICODUSPORT-2020-SANS-FOND-SANS-TEXTE.png\",\"contentUrl\":\"https:\/\/dicodusport.fr\/blog\/wp-content\/uploads\/2020\/06\/cropped-LOGO-DICODUSPORT-2020-SANS-FOND-SANS-TEXTE.png\",\"width\":512,\"height\":512,\"caption\":\"Dicodusport\"},\"image\":{\"@id\":\"https:\/\/dicodusport.fr\/blog\/#\/schema\/logo\/image\/\"},\"sameAs\":[\"https:\/\/www.facebook.com\/dicodusport\",\"https:\/\/x.com\/dicodusport\",\"https:\/\/www.instagram.com\/dicodusport\/\",\"https:\/\/www.youtube.com\/channel\/UC7V2KZ5sd3htJivAbA4ZG3w\"],\"description\":\"Dicodusport est l'encyclop\u00e9die de l'actualit\u00e9 sportive.\",\"email\":\"bonjour@dicodusport.fr\",\"legalName\":\"DICODUSPORT\",\"foundingDate\":\"2018-01-14\",\"vatID\":\"FR71834470973\",\"taxID\":\"83447097300043\",\"numberOfEmployees\":{\"@type\":\"QuantitativeValue\",\"minValue\":\"1\",\"maxValue\":\"10\"}},{\"@type\":\"Person\",\"@id\":\"https:\/\/dicodusport.fr\/blog\/#\/schema\/person\/5aab10ee856e86ac63e9819a9da34784\",\"name\":\"Maxime Boulard\",\"image\":{\"@type\":\"ImageObject\",\"inLanguage\":\"fr-FR\",\"@id\":\"https:\/\/dicodusport.fr\/blog\/#\/schema\/person\/image\/\",\"url\":\"https:\/\/dicodusport.fr\/blog\/wp-content\/uploads\/2021\/05\/Maxime-Boulard-150x150.jpg\",\"contentUrl\":\"https:\/\/dicodusport.fr\/blog\/wp-content\/uploads\/2021\/05\/Maxime-Boulard-150x150.jpg\",\"caption\":\"Maxime Boulard\"},\"description\":\"Journaliste\/r\u00e9dacteur depuis octobre 2020 - Si mon plus vieux souvenir de sport aurait pu m'en d\u00e9go\u00fbter, la finale de la Coupe du monde 2006 a \u00e9t\u00e9 tout le contraire. V\u00e9ritable d\u00e9clencheur d'une passion qui aujourd'hui ne fait que grandir avec le temps, mon leitmotiv est la France qui brille ! Je relate les exploits pass\u00e9s et pr\u00e9sents du sport bleu-blanc-rouge sans m\u00e9nagement depuis octobre 2020. Sport valide ou handisport, aucune diff\u00e9rence, il n'y a que du sport et plusieurs fa\u00e7ons de le pratiquer.\",\"sameAs\":[\"https:\/\/www.facebook.com\/Max.Bld2\/\",\"https:\/\/x.com\/https:\/\/twitter.com\/MaximeB_2\"],\"url\":\"https:\/\/dicodusport.fr\/blog\/author\/maxime-b\/\"}]}<\/script>\n<!-- \/ Yoast SEO Premium plugin. -->","yoast_head_json":{"title":"Championnats du monde de paracano\u00eb kayak : N\u00e9lia Barbosa m\u00e9daill\u00e9e de bronze","description":"Vice-championne paralympique en titre, N\u00e9lia Barbosa a cette fois remport\u00e9 la m\u00e9daille de bronze des championnats du monde.","robots":{"index":"index","follow":"follow","max-snippet":"max-snippet:-1","max-image-preview":"max-image-preview:large","max-video-preview":"max-video-preview:-1"},"canonical":"https:\/\/dicodusport.fr\/blog\/championnats-du-monde-de-paracanoe-kayak-nelia-barbosa-medaillee-de-bronze\/","og_locale":"fr_FR","og_type":"article","og_title":"Championnats du monde de paracano\u00eb kayak : N\u00e9lia Barbosa m\u00e9daill\u00e9e de bronze","og_description":"Vice-championne paralympique en titre, N\u00e9lia Barbosa a cette fois remport\u00e9 la m\u00e9daille de bronze des championnats du monde.","og_url":"https:\/\/dicodusport.fr\/blog\/championnats-du-monde-de-paracanoe-kayak-nelia-barbosa-medaillee-de-bronze\/","og_site_name":"Dicodusport","article_publisher":"https:\/\/www.facebook.com\/dicodusport","article_author":"https:\/\/www.facebook.com\/Max.Bld2\/","article_published_time":"2021-09-18T13:56:10+00:00","og_image":[{"width":800,"height":445,"url":"https:\/\/dicodusport.fr\/blog\/wp-content\/uploads\/2021\/09\/Jeux-Paralympiques-de-Tokyo-Canoe-Kayak-Nelia-Barbosa-vice-championne-paralympique.png","type":"image\/png"}],"author":"Maxime Boulard","twitter_card":"summary_large_image","twitter_title":"Championnats du monde de paracano\u00eb kayak : N\u00e9lia Barbosa m\u00e9daill\u00e9e de bronze","twitter_creator":"@https:\/\/twitter.com\/MaximeB_2","twitter_site":"@dicodusport","schema":{"@context":"https:\/\/schema.org","@graph":[{"@type":"NewsArticle","@id":"https:\/\/dicodusport.fr\/blog\/championnats-du-monde-de-paracanoe-kayak-nelia-barbosa-medaillee-de-bronze\/#article","isPartOf":{"@id":"https:\/\/dicodusport.fr\/blog\/championnats-du-monde-de-paracanoe-kayak-nelia-barbosa-medaillee-de-bronze\/"},"author":{"name":"Maxime Boulard","@id":"https:\/\/dicodusport.fr\/blog\/#\/schema\/person\/5aab10ee856e86ac63e9819a9da34784"},"headline":"Championnats du monde de paracano\u00eb kayak : N\u00e9lia Barbosa m\u00e9daill\u00e9e de bronze","datePublished":"2021-09-18T13:56:10+00:00","mainEntityOfPage":{"@id":"https:\/\/dicodusport.fr\/blog\/championnats-du-monde-de-paracanoe-kayak-nelia-barbosa-medaillee-de-bronze\/"},"wordCount":324,"commentCount":0,"publisher":{"@id":"https:\/\/dicodusport.fr\/blog\/#organization"},"image":{"@id":"https:\/\/dicodusport.fr\/blog\/championnats-du-monde-de-paracanoe-kayak-nelia-barbosa-medaillee-de-bronze\/#primaryimage"},"thumbnailUrl":"https:\/\/dicodusport.fr\/blog\/wp-content\/uploads\/2021\/09\/Jeux-Paralympiques-de-Tokyo-Canoe-Kayak-Nelia-Barbosa-vice-championne-paralympique.png","keywords":["Championnats du Monde","handisport","kayak","N\u00e9lia Barbosa"],"articleSection":["Cano\u00eb-Kayak","Handisport"],"inLanguage":"fr-FR","potentialAction":[{"@type":"CommentAction","name":"Comment","target":["https:\/\/dicodusport.fr\/blog\/championnats-du-monde-de-paracanoe-kayak-nelia-barbosa-medaillee-de-bronze\/#respond"]}],"copyrightYear":"2021","copyrightHolder":{"@id":"https:\/\/dicodusport.fr\/blog\/#organization"}},{"@type":"WebPage","@id":"https:\/\/dicodusport.fr\/blog\/championnats-du-monde-de-paracanoe-kayak-nelia-barbosa-medaillee-de-bronze\/","url":"https:\/\/dicodusport.fr\/blog\/championnats-du-monde-de-paracanoe-kayak-nelia-barbosa-medaillee-de-bronze\/","name":"Championnats du monde de paracano\u00eb kayak : N\u00e9lia Barbosa m\u00e9daill\u00e9e de bronze","isPartOf":{"@id":"https:\/\/dicodusport.fr\/blog\/#website"},"primaryImageOfPage":{"@id":"https:\/\/dicodusport.fr\/blog\/championnats-du-monde-de-paracanoe-kayak-nelia-barbosa-medaillee-de-bronze\/#primaryimage"},"image":{"@id":"https:\/\/dicodusport.fr\/blog\/championnats-du-monde-de-paracanoe-kayak-nelia-barbosa-medaillee-de-bronze\/#primaryimage"},"thumbnailUrl":"https:\/\/dicodusport.fr\/blog\/wp-content\/uploads\/2021\/09\/Jeux-Paralympiques-de-Tokyo-Canoe-Kayak-Nelia-Barbosa-vice-championne-paralympique.png","datePublished":"2021-09-18T13:56:10+00:00","description":"Vice-championne paralympique en titre, N\u00e9lia Barbosa a cette fois remport\u00e9 la m\u00e9daille de bronze des championnats du monde.","breadcrumb":{"@id":"https:\/\/dicodusport.fr\/blog\/championnats-du-monde-de-paracanoe-kayak-nelia-barbosa-medaillee-de-bronze\/#breadcrumb"},"inLanguage":"fr-FR","potentialAction":[{"@type":"ReadAction","target":["https:\/\/dicodusport.fr\/blog\/championnats-du-monde-de-paracanoe-kayak-nelia-barbosa-medaillee-de-bronze\/"]}]},{"@type":"ImageObject","inLanguage":"fr-FR","@id":"https:\/\/dicodusport.fr\/blog\/championnats-du-monde-de-paracanoe-kayak-nelia-barbosa-medaillee-de-bronze\/#primaryimage","url":"https:\/\/dicodusport.fr\/blog\/wp-content\/uploads\/2021\/09\/Jeux-Paralympiques-de-Tokyo-Canoe-Kayak-Nelia-Barbosa-vice-championne-paralympique.png","contentUrl":"https:\/\/dicodusport.fr\/blog\/wp-content\/uploads\/2021\/09\/Jeux-Paralympiques-de-Tokyo-Canoe-Kayak-Nelia-Barbosa-vice-championne-paralympique.png","width":800,"height":445,"caption":"Jeux Paralympiques de Tokyo - Cano\u00eb-Kayak N\u00e9lia Barbosa vice-championne paralympique"},{"@type":"BreadcrumbList","@id":"https:\/\/dicodusport.fr\/blog\/championnats-du-monde-de-paracanoe-kayak-nelia-barbosa-medaillee-de-bronze\/#breadcrumb","itemListElement":[{"@type":"ListItem","position":1,"name":"Accueil","item":"https:\/\/dicodusport.fr\/blog\/"},{"@type":"ListItem","position":2,"name":"Championnats du monde de paracano\u00eb kayak : N\u00e9lia Barbosa m\u00e9daill\u00e9e de bronze"}]},{"@type":"WebSite","@id":"https:\/\/dicodusport.fr\/blog\/#website","url":"https:\/\/dicodusport.fr\/blog\/","name":"Dicodusport","description":"L&#039;encyclop\u00e9die de l&#039;actualit\u00e9 sportive","publisher":{"@id":"https:\/\/dicodusport.fr\/blog\/#organization"},"potentialAction":[{"@type":"SearchAction","target":{"@type":"EntryPoint","urlTemplate":"https:\/\/dicodusport.fr\/blog\/?s={search_term_string}"},"query-input":{"@type":"PropertyValueSpecification","valueRequired":true,"valueName":"search_term_string"}}],"inLanguage":"fr-FR"},{"@type":"NewsMediaOrganization","@id":"https:\/\/dicodusport.fr\/blog\/#organization","name":"Dicodusport","url":"https:\/\/dicodusport.fr\/blog\/","logo":{"@type":"ImageObject","inLanguage":"fr-FR","@id":"https:\/\/dicodusport.fr\/blog\/#\/schema\/logo\/image\/","url":"https:\/\/dicodusport.fr\/blog\/wp-content\/uploads\/2020\/06\/cropped-LOGO-DICODUSPORT-2020-SANS-FOND-SANS-TEXTE.png","contentUrl":"https:\/\/dicodusport.fr\/blog\/wp-content\/uploads\/2020\/06\/cropped-LOGO-DICODUSPORT-2020-SANS-FOND-SANS-TEXTE.png","width":512,"height":512,"caption":"Dicodusport"},"image":{"@id":"https:\/\/dicodusport.fr\/blog\/#\/schema\/logo\/image\/"},"sameAs":["https:\/\/www.facebook.com\/dicodusport","https:\/\/x.com\/dicodusport","https:\/\/www.instagram.com\/dicodusport\/","https:\/\/www.youtube.com\/channel\/UC7V2KZ5sd3htJivAbA4ZG3w"],"description":"Dicodusport est l'encyclop\u00e9die de l'actualit\u00e9 sportive.","email":"bonjour@dicodusport.fr","legalName":"DICODUSPORT","foundingDate":"2018-01-14","vatID":"FR71834470973","taxID":"83447097300043","numberOfEmployees":{"@type":"QuantitativeValue","minValue":"1","maxValue":"10"}},{"@type":"Person","@id":"https:\/\/dicodusport.fr\/blog\/#\/schema\/person\/5aab10ee856e86ac63e9819a9da34784","name":"Maxime Boulard","image":{"@type":"ImageObject","inLanguage":"fr-FR","@id":"https:\/\/dicodusport.fr\/blog\/#\/schema\/person\/image\/","url":"https:\/\/dicodusport.fr\/blog\/wp-content\/uploads\/2021\/05\/Maxime-Boulard-150x150.jpg","contentUrl":"https:\/\/dicodusport.fr\/blog\/wp-content\/uploads\/2021\/05\/Maxime-Boulard-150x150.jpg","caption":"Maxime Boulard"},"description":"Journaliste\/r\u00e9dacteur depuis octobre 2020 - Si mon plus vieux souvenir de sport aurait pu m'en d\u00e9go\u00fbter, la finale de la Coupe du monde 2006 a \u00e9t\u00e9 tout le contraire. V\u00e9ritable d\u00e9clencheur d'une passion qui aujourd'hui ne fait que grandir avec le temps, mon leitmotiv est la France qui brille ! Je relate les exploits pass\u00e9s et pr\u00e9sents du sport bleu-blanc-rouge sans m\u00e9nagement depuis octobre 2020. Sport valide ou handisport, aucune diff\u00e9rence, il n'y a que du sport et plusieurs fa\u00e7ons de le pratiquer.","sameAs":["https:\/\/www.facebook.com\/Max.Bld2\/","https:\/\/x.com\/https:\/\/twitter.com\/MaximeB_2"],"url":"https:\/\/dicodusport.fr\/blog\/author\/maxime-b\/"}]}},"_links":{"self":[{"href":"https:\/\/dicodusport.fr\/blog\/wp-json\/wp\/v2\/posts\/167427","targetHints":{"allow":["GET"]}}],"collection":[{"href":"https:\/\/dicodusport.fr\/blog\/wp-json\/wp\/v2\/posts"}],"about":[{"href":"https:\/\/dicodusport.fr\/blog\/wp-json\/wp\/v2\/types\/post"}],"author":[{"embeddable":true,"href":"https:\/\/dicodusport.fr\/blog\/wp-json\/wp\/v2\/users\/43"}],"replies":[{"embeddable":true,"href":"https:\/\/dicodusport.fr\/blog\/wp-json\/wp\/v2\/comments?post=167427"}],"version-history":[{"count":0,"href":"https:\/\/dicodusport.fr\/blog\/wp-json\/wp\/v2\/posts\/167427\/revisions"}],"wp:featuredmedia":[{"embeddable":true,"href":"https:\/\/dicodusport.fr\/blog\/wp-json\/wp\/v2\/media\/163959"}],"wp:attachment":[{"href":"https:\/\/dicodusport.fr\/blog\/wp-json\/wp\/v2\/media?parent=167427"}],"wp:term":[{"taxonomy":"category","embeddable":true,"href":"https:\/\/dicodusport.fr\/blog\/wp-json\/wp\/v2\/categories?post=167427"},{"taxonomy":"post_tag","embeddable":true,"href":"https:\/\/dicodusport.fr\/blog\/wp-json\/wp\/v2\/tags?post=167427"}],"curies":[{"name":"wp","href":"https:\/\/api.w.org\/{rel}","templated":true}]}}