{"id":16771,"date":"2018-04-22T09:57:01","date_gmt":"2018-04-22T07:57:01","guid":{"rendered":"http:\/\/dicodusport.fr\/blog\/?p=16771"},"modified":"2018-04-22T10:06:29","modified_gmt":"2018-04-22T08:06:29","slug":"liege-bastogne-liege-alaphilippe-pour-le-double","status":"publish","type":"post","link":"https:\/\/dicodusport.fr\/blog\/liege-bastogne-liege-alaphilippe-pour-le-double\/","title":{"rendered":"Li\u00e8ge-Bastogne-Li\u00e8ge : Alaphilippe pour le doubl\u00e9"},"content":{"rendered":"<p style=\"text-align: justify;\"><span style=\"color: #000000;\"><em><b>Suite et fin de la trilogie \u00ab\u00a0Ardennaise\u00a0\u00bb ce dimanche avec la Doyenne des Classiques, Li\u00e8ge-Bastogne-Li\u00e8ge. Apr\u00e8s la magnifique victoire du Fran\u00e7ais Julian Alaphilippe en milieu de semaine en haut du Mur de Huy, tous les regards sont tourn\u00e9s vers lui. Aura-t-il la m\u00eame force pour s&rsquo;imposer 38 ans apr\u00e8s Bernard Hinault ?<\/b><\/em><\/span><\/p>\n<h4 style=\"text-align: justify;\"><span style=\"color: #000000;\">Alaphilippe en qu\u00eate d&rsquo;un mythique doubl\u00e9<\/span><\/h4>\n<p style=\"text-align: justify;\"><span style=\"color: #000000;\">Et oui car la derni\u00e8re victoire fran\u00e7aise \u00e0 Ans, ville d&rsquo;arriv\u00e9e depuis 1992, dans la banlieue de Li\u00e8ge, remonte \u00e0 1980. Cette ann\u00e9e-l\u00e0, Bernard Hinault remportait son deuxi\u00e8me Li\u00e8ge-Bastogne-Li\u00e8ge. Julian Alaphilippe veut entrer dans la cour des grands. Apr\u00e8s sa d\u00e9monstration mercredi lors de la Fl\u00e8che Wallonne, le jeune fran\u00e7ais r\u00eave de devenir le cinqui\u00e8me tricolore \u00e0 inscrire son nom \u00e0 ce prestigieux palmar\u00e8s. Dauphin d&rsquo;Alejandro Valverde en 2015, il sera l&rsquo;un des principaux favoris pour r\u00e9aliser le doubl\u00e9 \u00ab Fl\u00e8che-Li\u00e8ge\u00a0\u00bb comme l&rsquo;Espagnol en 2006, 2015 et 2017, l&rsquo;Italien Davide Rebellin en 2004 ou encore le Belge Philippe Gilbert en 2011. Ce dernier, absent lors des deux derni\u00e8res \u00e9ditions, sera d&rsquo;ailleurs le lieutenant du Fran\u00e7ais, dans une \u00e9quipe Quick Step Floors qui compte d\u00e9j\u00e0 dix succ\u00e8s dans les courses d&rsquo;un-jour en 2018.\u00a0<\/span><\/p>\n<h4 style=\"text-align: justify;\"><span style=\"color: #000000;\">Valverde pour \u00e9galer le record\u00a0<\/span><\/h4>\n<p style=\"text-align: justify;\"><span style=\"color: #000000;\">La 104\u00e8me \u00e9dition de la \u00ab\u00a0Doyenne\u00a0\u00bb comportera 258,5 kilom\u00e8tres. Avec les principales difficult\u00e9s dans les quarante derniers, la bataille s&rsquo;annonce rude pour d\u00e9jouer les pronostics qui donnent le Fran\u00e7ais et l&rsquo;Espagnol grandissimes favoris. L&rsquo;encha\u00eenement des c\u00f4tes de la Redoute, de la Roche aux faucons et de Saint-Nicolas sera encore une fois d\u00e9terminant dans le final de l&rsquo;\u00e9preuve. La derni\u00e8re \u00ab\u00a0bosse\u00a0\u00bb \u00e9tant plac\u00e9e \u00e0 moins de dix bornes de l&rsquo;arriv\u00e9e, le vainqueur sera forcement parmi les premiers \u00e0 effectuer la bascule vers Ans. Si Valverde, qui n&rsquo;a jamais r\u00e9ussi \u00e0 s&rsquo;imposer deux fois de suite, souhaite rejoindre le grand Eddy Merckx avec une cinqui\u00e8me victoire, il lui faudra conserver suffisamment d&rsquo;explosivit\u00e9 pour r\u00e9aliser cet exploit \u00e0 trois jours de son trente-huiti\u00e8me anniversaire. <\/span><\/p>\n<h4 style=\"text-align: justify;\"><span style=\"color: #000000;\">Des outsiders aux dents longues<\/span><\/h4>\n<p style=\"text-align: justify;\"><span style=\"color: #000000;\">Le tenant du titre devra se m\u00e9fier de l&rsquo;Italien Vincenzo Nibali qui r\u00eave de remporter cette course si difficile. Il devra \u00e9galement surveiller l&rsquo;Australien Michael Matthews qui a prouv\u00e9, en terminant cinqui\u00e8me en haut de Huy, qu&rsquo;il avait la capacit\u00e9 de briller dans les classiques ardennaises, mais aussi les Belges Tim Wellens et Tiesj Benoot. Les Fran\u00e7ais auront deux autres cartes \u00e0 jouer : Romain Bardet, neuvi\u00e8me mercredi et tr\u00e8s \u00e0 l&rsquo;aise sur ce parcours comme le confirme sa sixi\u00e8me place de l&rsquo;ann\u00e9e derni\u00e8re, et Warren Barguil qui avait tir\u00e9 son \u00e9pingle du jeu en 2016 en terminant, lui aussi, \u00e0 la sixi\u00e8me place. Son d\u00e9but de saison avec sa nouvelle \u00e9quipe Fortuneo-Samsic et son retour en France n&rsquo;a pour l&rsquo;instant pas port\u00e9 ses fruits mais avec ce qu&rsquo;il a r\u00e9alis\u00e9 sur le dernier Tour de France, nul doute qu&rsquo;il est capable de faire la diff\u00e9rence lorsque les pourcentages seront les plus \u00e9lev\u00e9s.\u00a0<\/span><\/p>\n<p style=\"text-align: justify;\"><span style=\"color: #000000;\"><em><strong>Alexandre Toussaint<br \/>\n<\/strong><\/em><a style=\"color: #000000;\" href=\"https:\/\/twitter.com\/Alex_Toussaint9\" target=\"_blank\" rel=\"noopener noreferrer\"><img loading=\"lazy\" decoding=\"async\" class=\"alignnone wp-image-2908\" src=\"http:\/\/dicodusport.fr\/blog\/wp-content\/uploads\/2017\/07\/logo-twitter-150x150.png\" alt=\"\" width=\"39\" height=\"39\" \/><\/a><a style=\"color: #000000;\" href=\"https:\/\/www.facebook.com\/dicodusport\/\" target=\"_blank\" rel=\"noopener noreferrer\"><img loading=\"lazy\" decoding=\"async\" class=\"alignnone wp-image-2909\" src=\"http:\/\/dicodusport.fr\/blog\/wp-content\/uploads\/2017\/07\/logo-facebook-150x150.png\" alt=\"\" width=\"40\" height=\"40\" \/><\/a><\/span><\/p>\n","protected":false},"excerpt":{"rendered":"<p>Suite et fin de la trilogie \u00ab\u00a0Ardennaise\u00a0\u00bb ce dimanche avec la Doyenne des Classiques, Li\u00e8ge-Bastogne-Li\u00e8ge. Apr\u00e8s la magnifique victoire du Fran\u00e7ais Julian Alaphilippe en milieu de semaine en haut du Mur de Huy, tous les regards sont tourn\u00e9s vers lui. Aura-t-il la m\u00eame force pour s&rsquo;imposer 38 ans apr\u00e8s Bernard Hinault ?<\/p>\n","protected":false},"author":3,"featured_media":16844,"comment_status":"open","ping_status":"closed","sticky":false,"template":"","format":"standard","meta":{"_acf_changed":false,"_daextam_enable_autolinks":"","footnotes":""},"categories":[2,2307],"tags":[4525,4166,4547,1719,4165,4508,3646,4325,2831,4198],"class_list":["post-16771","post","type-post","status-publish","format-standard","has-post-thumbnail","hentry","category-actualites","category-cyclisme","tag-alejandro-valverde","tag-classique","tag-fleche-wallonne","tag-julian-alaphilippe","tag-liege-bastogne-liege","tag-philippe-gilbert","tag-romain-bardet","tag-tour-des-flandres","tag-uci","tag-vincenzo-nibali"],"acf":[],"yoast_head":"<!-- This site is optimized with the Yoast SEO Premium plugin v26.7 (Yoast SEO v26.7) - https:\/\/yoast.com\/wordpress\/plugins\/seo\/ -->\n<title>Li\u00e8ge-Bastogne-Li\u00e8ge : Alaphilippe pour le doubl\u00e9<\/title>\n<meta name=\"description\" content=\"Suite et fin de la trilogie &quot;Ardennaise&quot; ce dimanche avec la Doyenne des Classiques, Li\u00e8ge-Bastogne-Li\u00e8ge. Apr\u00e8s la magnifique victoire du Fran\u00e7ais Julian Alaphilippe en milieu de semaine en haut du Mur de Huy, tous les regards sont tourn\u00e9s vers lui. Aura-t-il la m\u00eame force pour s&#039;imposer 38 ans apr\u00e8s Bernard Hinault ?\" \/>\n<meta name=\"robots\" content=\"index, follow, max-snippet:-1, max-image-preview:large, max-video-preview:-1\" \/>\n<link rel=\"canonical\" href=\"https:\/\/dicodusport.fr\/blog\/liege-bastogne-liege-alaphilippe-pour-le-double\/\" \/>\n<meta property=\"og:locale\" content=\"fr_FR\" \/>\n<meta property=\"og:type\" content=\"article\" \/>\n<meta property=\"og:title\" content=\"Li\u00e8ge-Bastogne-Li\u00e8ge : Alaphilippe pour le doubl\u00e9\" \/>\n<meta property=\"og:description\" content=\"Suite et fin de la trilogie &quot;Ardennaise&quot; ce dimanche avec la Doyenne des Classiques, Li\u00e8ge-Bastogne-Li\u00e8ge. Apr\u00e8s la magnifique victoire du Fran\u00e7ais Julian Alaphilippe en milieu de semaine en haut du Mur de Huy, tous les regards sont tourn\u00e9s vers lui. Aura-t-il la m\u00eame force pour s&#039;imposer 38 ans apr\u00e8s Bernard Hinault ?\" \/>\n<meta property=\"og:url\" content=\"https:\/\/dicodusport.fr\/blog\/liege-bastogne-liege-alaphilippe-pour-le-double\/\" \/>\n<meta property=\"og:site_name\" content=\"Dicodusport\" \/>\n<meta property=\"article:publisher\" content=\"https:\/\/www.facebook.com\/dicodusport\" \/>\n<meta property=\"article:published_time\" content=\"2018-04-22T07:57:01+00:00\" \/>\n<meta property=\"article:modified_time\" content=\"2018-04-22T08:06:29+00:00\" \/>\n<meta property=\"og:image\" content=\"https:\/\/dicodusport.fr\/blog\/wp-content\/uploads\/2018\/04\/Alaphilippe-Valverde.png\" \/>\n\t<meta property=\"og:image:width\" content=\"1200\" \/>\n\t<meta property=\"og:image:height\" content=\"670\" \/>\n\t<meta property=\"og:image:type\" content=\"image\/png\" \/>\n<meta name=\"author\" content=\"Klay\" \/>\n<meta name=\"twitter:card\" content=\"summary_large_image\" \/>\n<meta name=\"twitter:creator\" content=\"@dicodusport\" \/>\n<meta name=\"twitter:site\" content=\"@dicodusport\" \/>\n<script type=\"application\/ld+json\" class=\"yoast-schema-graph\">{\"@context\":\"https:\/\/schema.org\",\"@graph\":[{\"@type\":\"NewsArticle\",\"@id\":\"https:\/\/dicodusport.fr\/blog\/liege-bastogne-liege-alaphilippe-pour-le-double\/#article\",\"isPartOf\":{\"@id\":\"https:\/\/dicodusport.fr\/blog\/liege-bastogne-liege-alaphilippe-pour-le-double\/\"},\"author\":{\"name\":\"Klay\",\"@id\":\"https:\/\/dicodusport.fr\/blog\/#\/schema\/person\/a8fdbd806968e1f56c78f9e75ae42337\"},\"headline\":\"Li\u00e8ge-Bastogne-Li\u00e8ge : Alaphilippe pour le doubl\u00e9\",\"datePublished\":\"2018-04-22T07:57:01+00:00\",\"dateModified\":\"2018-04-22T08:06:29+00:00\",\"mainEntityOfPage\":{\"@id\":\"https:\/\/dicodusport.fr\/blog\/liege-bastogne-liege-alaphilippe-pour-le-double\/\"},\"wordCount\":541,\"commentCount\":0,\"publisher\":{\"@id\":\"https:\/\/dicodusport.fr\/blog\/#organization\"},\"image\":{\"@id\":\"https:\/\/dicodusport.fr\/blog\/liege-bastogne-liege-alaphilippe-pour-le-double\/#primaryimage\"},\"thumbnailUrl\":\"https:\/\/dicodusport.fr\/blog\/wp-content\/uploads\/2018\/04\/Alaphilippe-Valverde.png\",\"keywords\":[\"Alejandro Valverde\",\"classique\",\"fl\u00e8che wallonne\",\"Julian Alaphilippe\",\"Li\u00e8ge-Bastogne-Li\u00e8ge\",\"philippe gilbert\",\"Romain Bardet\",\"Tour des Flandres\",\"UCI\",\"Vincenzo Nibali\"],\"articleSection\":[\"Actualit\u00e9s\",\"Cyclisme\"],\"inLanguage\":\"fr-FR\",\"potentialAction\":[{\"@type\":\"CommentAction\",\"name\":\"Comment\",\"target\":[\"https:\/\/dicodusport.fr\/blog\/liege-bastogne-liege-alaphilippe-pour-le-double\/#respond\"]}],\"copyrightYear\":\"2018\",\"copyrightHolder\":{\"@id\":\"https:\/\/dicodusport.fr\/blog\/#organization\"}},{\"@type\":\"WebPage\",\"@id\":\"https:\/\/dicodusport.fr\/blog\/liege-bastogne-liege-alaphilippe-pour-le-double\/\",\"url\":\"https:\/\/dicodusport.fr\/blog\/liege-bastogne-liege-alaphilippe-pour-le-double\/\",\"name\":\"Li\u00e8ge-Bastogne-Li\u00e8ge : Alaphilippe pour le doubl\u00e9\",\"isPartOf\":{\"@id\":\"https:\/\/dicodusport.fr\/blog\/#website\"},\"primaryImageOfPage\":{\"@id\":\"https:\/\/dicodusport.fr\/blog\/liege-bastogne-liege-alaphilippe-pour-le-double\/#primaryimage\"},\"image\":{\"@id\":\"https:\/\/dicodusport.fr\/blog\/liege-bastogne-liege-alaphilippe-pour-le-double\/#primaryimage\"},\"thumbnailUrl\":\"https:\/\/dicodusport.fr\/blog\/wp-content\/uploads\/2018\/04\/Alaphilippe-Valverde.png\",\"datePublished\":\"2018-04-22T07:57:01+00:00\",\"dateModified\":\"2018-04-22T08:06:29+00:00\",\"description\":\"Suite et fin de la trilogie \\\"Ardennaise\\\" ce dimanche avec la Doyenne des Classiques, Li\u00e8ge-Bastogne-Li\u00e8ge. Apr\u00e8s la magnifique victoire du Fran\u00e7ais Julian Alaphilippe en milieu de semaine en haut du Mur de Huy, tous les regards sont tourn\u00e9s vers lui. Aura-t-il la m\u00eame force pour s'imposer 38 ans apr\u00e8s Bernard Hinault ?\",\"breadcrumb\":{\"@id\":\"https:\/\/dicodusport.fr\/blog\/liege-bastogne-liege-alaphilippe-pour-le-double\/#breadcrumb\"},\"inLanguage\":\"fr-FR\",\"potentialAction\":[{\"@type\":\"ReadAction\",\"target\":[\"https:\/\/dicodusport.fr\/blog\/liege-bastogne-liege-alaphilippe-pour-le-double\/\"]}]},{\"@type\":\"ImageObject\",\"inLanguage\":\"fr-FR\",\"@id\":\"https:\/\/dicodusport.fr\/blog\/liege-bastogne-liege-alaphilippe-pour-le-double\/#primaryimage\",\"url\":\"https:\/\/dicodusport.fr\/blog\/wp-content\/uploads\/2018\/04\/Alaphilippe-Valverde.png\",\"contentUrl\":\"https:\/\/dicodusport.fr\/blog\/wp-content\/uploads\/2018\/04\/Alaphilippe-Valverde.png\",\"width\":1200,\"height\":670},{\"@type\":\"BreadcrumbList\",\"@id\":\"https:\/\/dicodusport.fr\/blog\/liege-bastogne-liege-alaphilippe-pour-le-double\/#breadcrumb\",\"itemListElement\":[{\"@type\":\"ListItem\",\"position\":1,\"name\":\"Accueil\",\"item\":\"https:\/\/dicodusport.fr\/blog\/\"},{\"@type\":\"ListItem\",\"position\":2,\"name\":\"Li\u00e8ge-Bastogne-Li\u00e8ge : Alaphilippe pour le doubl\u00e9\"}]},{\"@type\":\"WebSite\",\"@id\":\"https:\/\/dicodusport.fr\/blog\/#website\",\"url\":\"https:\/\/dicodusport.fr\/blog\/\",\"name\":\"Dicodusport\",\"description\":\"L&#039;encyclop\u00e9die de l&#039;actualit\u00e9 sportive\",\"publisher\":{\"@id\":\"https:\/\/dicodusport.fr\/blog\/#organization\"},\"potentialAction\":[{\"@type\":\"SearchAction\",\"target\":{\"@type\":\"EntryPoint\",\"urlTemplate\":\"https:\/\/dicodusport.fr\/blog\/?s={search_term_string}\"},\"query-input\":{\"@type\":\"PropertyValueSpecification\",\"valueRequired\":true,\"valueName\":\"search_term_string\"}}],\"inLanguage\":\"fr-FR\"},{\"@type\":\"NewsMediaOrganization\",\"@id\":\"https:\/\/dicodusport.fr\/blog\/#organization\",\"name\":\"Dicodusport\",\"url\":\"https:\/\/dicodusport.fr\/blog\/\",\"logo\":{\"@type\":\"ImageObject\",\"inLanguage\":\"fr-FR\",\"@id\":\"https:\/\/dicodusport.fr\/blog\/#\/schema\/logo\/image\/\",\"url\":\"https:\/\/dicodusport.fr\/blog\/wp-content\/uploads\/2020\/06\/cropped-LOGO-DICODUSPORT-2020-SANS-FOND-SANS-TEXTE.png\",\"contentUrl\":\"https:\/\/dicodusport.fr\/blog\/wp-content\/uploads\/2020\/06\/cropped-LOGO-DICODUSPORT-2020-SANS-FOND-SANS-TEXTE.png\",\"width\":512,\"height\":512,\"caption\":\"Dicodusport\"},\"image\":{\"@id\":\"https:\/\/dicodusport.fr\/blog\/#\/schema\/logo\/image\/\"},\"sameAs\":[\"https:\/\/www.facebook.com\/dicodusport\",\"https:\/\/x.com\/dicodusport\",\"https:\/\/www.instagram.com\/dicodusport\/\",\"https:\/\/www.youtube.com\/channel\/UC7V2KZ5sd3htJivAbA4ZG3w\"],\"description\":\"Dicodusport est l'encyclop\u00e9die de l'actualit\u00e9 sportive.\",\"email\":\"bonjour@dicodusport.fr\",\"legalName\":\"DICODUSPORT\",\"foundingDate\":\"2018-01-14\",\"vatID\":\"FR71834470973\",\"taxID\":\"83447097300043\",\"numberOfEmployees\":{\"@type\":\"QuantitativeValue\",\"minValue\":\"1\",\"maxValue\":\"10\"}},{\"@type\":\"Person\",\"@id\":\"https:\/\/dicodusport.fr\/blog\/#\/schema\/person\/a8fdbd806968e1f56c78f9e75ae42337\",\"name\":\"Klay\",\"image\":{\"@type\":\"ImageObject\",\"inLanguage\":\"fr-FR\",\"@id\":\"https:\/\/dicodusport.fr\/blog\/#\/schema\/person\/image\/\",\"url\":\"https:\/\/dicodusport.fr\/blog\/wp-content\/uploads\/2017\/01\/cropped-logo-dicodusport-sans-fond-1-150x150.png\",\"contentUrl\":\"https:\/\/dicodusport.fr\/blog\/wp-content\/uploads\/2017\/01\/cropped-logo-dicodusport-sans-fond-1-150x150.png\",\"caption\":\"Klay\"},\"url\":\"https:\/\/dicodusport.fr\/blog\/author\/klay\/\"}]}<\/script>\n<!-- \/ Yoast SEO Premium plugin. -->","yoast_head_json":{"title":"Li\u00e8ge-Bastogne-Li\u00e8ge : Alaphilippe pour le doubl\u00e9","description":"Suite et fin de la trilogie \"Ardennaise\" ce dimanche avec la Doyenne des Classiques, Li\u00e8ge-Bastogne-Li\u00e8ge. Apr\u00e8s la magnifique victoire du Fran\u00e7ais Julian Alaphilippe en milieu de semaine en haut du Mur de Huy, tous les regards sont tourn\u00e9s vers lui. Aura-t-il la m\u00eame force pour s'imposer 38 ans apr\u00e8s Bernard Hinault ?","robots":{"index":"index","follow":"follow","max-snippet":"max-snippet:-1","max-image-preview":"max-image-preview:large","max-video-preview":"max-video-preview:-1"},"canonical":"https:\/\/dicodusport.fr\/blog\/liege-bastogne-liege-alaphilippe-pour-le-double\/","og_locale":"fr_FR","og_type":"article","og_title":"Li\u00e8ge-Bastogne-Li\u00e8ge : Alaphilippe pour le doubl\u00e9","og_description":"Suite et fin de la trilogie \"Ardennaise\" ce dimanche avec la Doyenne des Classiques, Li\u00e8ge-Bastogne-Li\u00e8ge. Apr\u00e8s la magnifique victoire du Fran\u00e7ais Julian Alaphilippe en milieu de semaine en haut du Mur de Huy, tous les regards sont tourn\u00e9s vers lui. Aura-t-il la m\u00eame force pour s'imposer 38 ans apr\u00e8s Bernard Hinault ?","og_url":"https:\/\/dicodusport.fr\/blog\/liege-bastogne-liege-alaphilippe-pour-le-double\/","og_site_name":"Dicodusport","article_publisher":"https:\/\/www.facebook.com\/dicodusport","article_published_time":"2018-04-22T07:57:01+00:00","article_modified_time":"2018-04-22T08:06:29+00:00","og_image":[{"width":1200,"height":670,"url":"https:\/\/dicodusport.fr\/blog\/wp-content\/uploads\/2018\/04\/Alaphilippe-Valverde.png","type":"image\/png"}],"author":"Klay","twitter_card":"summary_large_image","twitter_creator":"@dicodusport","twitter_site":"@dicodusport","schema":{"@context":"https:\/\/schema.org","@graph":[{"@type":"NewsArticle","@id":"https:\/\/dicodusport.fr\/blog\/liege-bastogne-liege-alaphilippe-pour-le-double\/#article","isPartOf":{"@id":"https:\/\/dicodusport.fr\/blog\/liege-bastogne-liege-alaphilippe-pour-le-double\/"},"author":{"name":"Klay","@id":"https:\/\/dicodusport.fr\/blog\/#\/schema\/person\/a8fdbd806968e1f56c78f9e75ae42337"},"headline":"Li\u00e8ge-Bastogne-Li\u00e8ge : Alaphilippe pour le doubl\u00e9","datePublished":"2018-04-22T07:57:01+00:00","dateModified":"2018-04-22T08:06:29+00:00","mainEntityOfPage":{"@id":"https:\/\/dicodusport.fr\/blog\/liege-bastogne-liege-alaphilippe-pour-le-double\/"},"wordCount":541,"commentCount":0,"publisher":{"@id":"https:\/\/dicodusport.fr\/blog\/#organization"},"image":{"@id":"https:\/\/dicodusport.fr\/blog\/liege-bastogne-liege-alaphilippe-pour-le-double\/#primaryimage"},"thumbnailUrl":"https:\/\/dicodusport.fr\/blog\/wp-content\/uploads\/2018\/04\/Alaphilippe-Valverde.png","keywords":["Alejandro Valverde","classique","fl\u00e8che wallonne","Julian Alaphilippe","Li\u00e8ge-Bastogne-Li\u00e8ge","philippe gilbert","Romain Bardet","Tour des Flandres","UCI","Vincenzo Nibali"],"articleSection":["Actualit\u00e9s","Cyclisme"],"inLanguage":"fr-FR","potentialAction":[{"@type":"CommentAction","name":"Comment","target":["https:\/\/dicodusport.fr\/blog\/liege-bastogne-liege-alaphilippe-pour-le-double\/#respond"]}],"copyrightYear":"2018","copyrightHolder":{"@id":"https:\/\/dicodusport.fr\/blog\/#organization"}},{"@type":"WebPage","@id":"https:\/\/dicodusport.fr\/blog\/liege-bastogne-liege-alaphilippe-pour-le-double\/","url":"https:\/\/dicodusport.fr\/blog\/liege-bastogne-liege-alaphilippe-pour-le-double\/","name":"Li\u00e8ge-Bastogne-Li\u00e8ge : Alaphilippe pour le doubl\u00e9","isPartOf":{"@id":"https:\/\/dicodusport.fr\/blog\/#website"},"primaryImageOfPage":{"@id":"https:\/\/dicodusport.fr\/blog\/liege-bastogne-liege-alaphilippe-pour-le-double\/#primaryimage"},"image":{"@id":"https:\/\/dicodusport.fr\/blog\/liege-bastogne-liege-alaphilippe-pour-le-double\/#primaryimage"},"thumbnailUrl":"https:\/\/dicodusport.fr\/blog\/wp-content\/uploads\/2018\/04\/Alaphilippe-Valverde.png","datePublished":"2018-04-22T07:57:01+00:00","dateModified":"2018-04-22T08:06:29+00:00","description":"Suite et fin de la trilogie \"Ardennaise\" ce dimanche avec la Doyenne des Classiques, Li\u00e8ge-Bastogne-Li\u00e8ge. Apr\u00e8s la magnifique victoire du Fran\u00e7ais Julian Alaphilippe en milieu de semaine en haut du Mur de Huy, tous les regards sont tourn\u00e9s vers lui. Aura-t-il la m\u00eame force pour s'imposer 38 ans apr\u00e8s Bernard Hinault ?","breadcrumb":{"@id":"https:\/\/dicodusport.fr\/blog\/liege-bastogne-liege-alaphilippe-pour-le-double\/#breadcrumb"},"inLanguage":"fr-FR","potentialAction":[{"@type":"ReadAction","target":["https:\/\/dicodusport.fr\/blog\/liege-bastogne-liege-alaphilippe-pour-le-double\/"]}]},{"@type":"ImageObject","inLanguage":"fr-FR","@id":"https:\/\/dicodusport.fr\/blog\/liege-bastogne-liege-alaphilippe-pour-le-double\/#primaryimage","url":"https:\/\/dicodusport.fr\/blog\/wp-content\/uploads\/2018\/04\/Alaphilippe-Valverde.png","contentUrl":"https:\/\/dicodusport.fr\/blog\/wp-content\/uploads\/2018\/04\/Alaphilippe-Valverde.png","width":1200,"height":670},{"@type":"BreadcrumbList","@id":"https:\/\/dicodusport.fr\/blog\/liege-bastogne-liege-alaphilippe-pour-le-double\/#breadcrumb","itemListElement":[{"@type":"ListItem","position":1,"name":"Accueil","item":"https:\/\/dicodusport.fr\/blog\/"},{"@type":"ListItem","position":2,"name":"Li\u00e8ge-Bastogne-Li\u00e8ge : Alaphilippe pour le doubl\u00e9"}]},{"@type":"WebSite","@id":"https:\/\/dicodusport.fr\/blog\/#website","url":"https:\/\/dicodusport.fr\/blog\/","name":"Dicodusport","description":"L&#039;encyclop\u00e9die de l&#039;actualit\u00e9 sportive","publisher":{"@id":"https:\/\/dicodusport.fr\/blog\/#organization"},"potentialAction":[{"@type":"SearchAction","target":{"@type":"EntryPoint","urlTemplate":"https:\/\/dicodusport.fr\/blog\/?s={search_term_string}"},"query-input":{"@type":"PropertyValueSpecification","valueRequired":true,"valueName":"search_term_string"}}],"inLanguage":"fr-FR"},{"@type":"NewsMediaOrganization","@id":"https:\/\/dicodusport.fr\/blog\/#organization","name":"Dicodusport","url":"https:\/\/dicodusport.fr\/blog\/","logo":{"@type":"ImageObject","inLanguage":"fr-FR","@id":"https:\/\/dicodusport.fr\/blog\/#\/schema\/logo\/image\/","url":"https:\/\/dicodusport.fr\/blog\/wp-content\/uploads\/2020\/06\/cropped-LOGO-DICODUSPORT-2020-SANS-FOND-SANS-TEXTE.png","contentUrl":"https:\/\/dicodusport.fr\/blog\/wp-content\/uploads\/2020\/06\/cropped-LOGO-DICODUSPORT-2020-SANS-FOND-SANS-TEXTE.png","width":512,"height":512,"caption":"Dicodusport"},"image":{"@id":"https:\/\/dicodusport.fr\/blog\/#\/schema\/logo\/image\/"},"sameAs":["https:\/\/www.facebook.com\/dicodusport","https:\/\/x.com\/dicodusport","https:\/\/www.instagram.com\/dicodusport\/","https:\/\/www.youtube.com\/channel\/UC7V2KZ5sd3htJivAbA4ZG3w"],"description":"Dicodusport est l'encyclop\u00e9die de l'actualit\u00e9 sportive.","email":"bonjour@dicodusport.fr","legalName":"DICODUSPORT","foundingDate":"2018-01-14","vatID":"FR71834470973","taxID":"83447097300043","numberOfEmployees":{"@type":"QuantitativeValue","minValue":"1","maxValue":"10"}},{"@type":"Person","@id":"https:\/\/dicodusport.fr\/blog\/#\/schema\/person\/a8fdbd806968e1f56c78f9e75ae42337","name":"Klay","image":{"@type":"ImageObject","inLanguage":"fr-FR","@id":"https:\/\/dicodusport.fr\/blog\/#\/schema\/person\/image\/","url":"https:\/\/dicodusport.fr\/blog\/wp-content\/uploads\/2017\/01\/cropped-logo-dicodusport-sans-fond-1-150x150.png","contentUrl":"https:\/\/dicodusport.fr\/blog\/wp-content\/uploads\/2017\/01\/cropped-logo-dicodusport-sans-fond-1-150x150.png","caption":"Klay"},"url":"https:\/\/dicodusport.fr\/blog\/author\/klay\/"}]}},"_links":{"self":[{"href":"https:\/\/dicodusport.fr\/blog\/wp-json\/wp\/v2\/posts\/16771","targetHints":{"allow":["GET"]}}],"collection":[{"href":"https:\/\/dicodusport.fr\/blog\/wp-json\/wp\/v2\/posts"}],"about":[{"href":"https:\/\/dicodusport.fr\/blog\/wp-json\/wp\/v2\/types\/post"}],"author":[{"embeddable":true,"href":"https:\/\/dicodusport.fr\/blog\/wp-json\/wp\/v2\/users\/3"}],"replies":[{"embeddable":true,"href":"https:\/\/dicodusport.fr\/blog\/wp-json\/wp\/v2\/comments?post=16771"}],"version-history":[{"count":0,"href":"https:\/\/dicodusport.fr\/blog\/wp-json\/wp\/v2\/posts\/16771\/revisions"}],"wp:featuredmedia":[{"embeddable":true,"href":"https:\/\/dicodusport.fr\/blog\/wp-json\/wp\/v2\/media\/16844"}],"wp:attachment":[{"href":"https:\/\/dicodusport.fr\/blog\/wp-json\/wp\/v2\/media?parent=16771"}],"wp:term":[{"taxonomy":"category","embeddable":true,"href":"https:\/\/dicodusport.fr\/blog\/wp-json\/wp\/v2\/categories?post=16771"},{"taxonomy":"post_tag","embeddable":true,"href":"https:\/\/dicodusport.fr\/blog\/wp-json\/wp\/v2\/tags?post=16771"}],"curies":[{"name":"wp","href":"https:\/\/api.w.org\/{rel}","templated":true}]}}