{"id":16777,"date":"2018-04-21T11:00:38","date_gmt":"2018-04-21T09:00:38","guid":{"rendered":"http:\/\/dicodusport.fr\/blog\/?p=16777"},"modified":"2018-04-21T10:56:38","modified_gmt":"2018-04-21T08:56:38","slug":"champions-cup-racing-92-heure-espagnole","status":"publish","type":"post","link":"https:\/\/dicodusport.fr\/blog\/champions-cup-racing-92-heure-espagnole\/","title":{"rendered":"Champions Cup : le Racing 92 \u00e0 l&rsquo;heure espagnole ?"},"content":{"rendered":"<p style=\"text-align: justify;\"><strong><em>Ce dimanche \u00e0 16h15, les Franciliens d\u00e9fieront les Irlandais du Munster en demi-finale de la Champions Cup. Deux ans apr\u00e8s leur finale perdue face aux Saracens, les Racingmen sont pr\u00eats \u00e0 remettre le couvert.<\/em><\/strong><\/p>\n<p style=\"text-align: justify;\">Une semaine apr\u00e8s leur revers sur la pelouse de Stade Toulousain en Top 14, le Racing 92, dernier club fran\u00e7ais en lice dans la \u00ab grande \u00bb Coupe d&rsquo;Europe, attend un autre mastodonte du Vieux Continent de pied ferme, la province irlandaise du Munster. Deux \u00e9quipes qui se sont affront\u00e9es en phase de poules, avec une victoire de chaque c\u00f4t\u00e9. Les Irlandais, double champions d&rsquo;Europe en 2006 et 2008, pourront compter sur leur charni\u00e8re maison, compos\u00e9e de Conor Murray et Ian Keatley, et tenteront d&rsquo;occuper le terrain du Racing, l&rsquo;essence m\u00eame du jeu des Munstermen.<\/p>\n<p style=\"text-align: justify;\">C\u00f4t\u00e9 francilien, on attend avec impatience ce deuxi\u00e8me grand rendez-vous de la saison, apr\u00e8s avoir enterr\u00e9 Clermont lors des quarts de finale. L&rsquo;implication est totale de la part des hommes de Jacky Lorenzetti, sans pour autant se mettre de pression inutile, comme l&rsquo;affirme Laurent Travers : <em>\u00ab On sent de l&rsquo;excitation plus que de la pression. On voit bien que tout le monde, je dis bien tout le monde, veut y \u00eatre. \u00bb<\/em> Le staff des Racingmen aura bien besoin de tout son groupe au stade Chaban-Delmas. Si Dan Carter d\u00e9butera sur le banc, le XV de d\u00e9part sera dense, \u00e0 l&rsquo;image d&rsquo;une troisi\u00e8me ligne Le Roux &#8211; Nyanga &#8211; Lauret qui aura fort \u00e0 faire face \u00e0 Stander et O&rsquo;Mahony. Le combat sera-t-il la cl\u00e9 du match ?<\/p>\n<h4 style=\"text-align: justify;\">Une d\u00e9localisation qui fait parler<\/h4>\n<p style=\"text-align: justify;\">Car oui, comme le pr\u00e9voit le r\u00e8glement, les \u00e9quipes qui jouent \u00e0 domicile lors du dernier carr\u00e9 ne peuvent pas recevoir sur leur pelouse. C&rsquo;est donc Bordeaux qui a \u00e9t\u00e9 choisi, au grand dam de Jacky Lorenzetti. Gr\u00e8ve de la SNCF oblige, les supporters devront se rendre en Gironde par le biais du covoiturage, voire par les airs, des frais auxquels le club participera en prenant en charge soit une partie du prix du billet d&rsquo;entr\u00e9e au stade, soit une partie du prix du billet d&rsquo;avion. Un geste qui a notamment pour but de faire face \u00e0 la <em>\u00ab Red Army\u00a0\u00bb<\/em> : les supporters irlandais seront pr\u00e8s de 5 000 dans les tribunes de Chaban-Delmas, quand le Racing 92 attend un peu plus de 2 000 supporters franciliens.<\/p>\n<p style=\"text-align: justify;\">Une r\u00e9ception qui n&rsquo;en a que le nom donc, mais il faudra passer au-dessus de cela afin d&rsquo;obtenir son ticket pour la finale \u00e0 Bilbao dans trois semaines. Apr\u00e8s avoir remport\u00e9 le Top 14 \u00e0 Barcelone en 2016, les Ciel et Blanc auraient alors de nouveau l&rsquo;occasion de triompher sur le sol espagnol. De quoi donner des id\u00e9es ce dimanche.<\/p>\n<p><em><strong>Flo Ostermann<\/strong><\/em><em><br \/>\n<\/em><a href=\"https:\/\/www.facebook.com\/florent.ostermann\"><img loading=\"lazy\" decoding=\"async\" class=\"alignnone wp-image-2909\" src=\"http:\/\/dicodusport.fr\/blog\/wp-content\/uploads\/2017\/07\/logo-facebook-150x150.png\" sizes=\"auto, (max-width: 40px) 100vw, 40px\" srcset=\"https:\/\/dicodusport.fr\/blog\/wp-content\/uploads\/2017\/07\/logo-facebook-150x150.png 150w, https:\/\/dicodusport.fr\/blog\/wp-content\/uploads\/2017\/07\/logo-facebook-300x300.png 300w, https:\/\/dicodusport.fr\/blog\/wp-content\/uploads\/2017\/07\/logo-facebook.png 400w\" alt=\"\" width=\"40\" height=\"40\" \/><\/a><a href=\"https:\/\/twitter.com\/SportInsideMag\"><img loading=\"lazy\" decoding=\"async\" class=\"alignnone wp-image-2908\" src=\"http:\/\/dicodusport.fr\/blog\/wp-content\/uploads\/2017\/07\/logo-twitter-150x150.png\" alt=\"\" width=\"39\" height=\"39\" \/><\/a><\/p>\n","protected":false},"excerpt":{"rendered":"<p>Ce dimanche \u00e0 16h15, les Franciliens d\u00e9fieront les Irlandais du Munster en demi-finale de la Champions Cup. Deux ans apr\u00e8s leur finale perdue face aux Saracens, les Racingmen sont pr\u00eats \u00e0 remettre le couvert.<\/p>\n","protected":false},"author":4,"featured_media":16803,"comment_status":"open","ping_status":"closed","sticky":false,"template":"","format":"standard","meta":{"_acf_changed":false,"_daextam_enable_autolinks":"","footnotes":""},"categories":[2,2303],"tags":[4086,2823,4361,3131,13],"class_list":["post-16777","post","type-post","status-publish","format-standard","has-post-thumbnail","hentry","category-actualites","category-rugby","tag-bilbao","tag-champions-cup","tag-munster","tag-racing-92","tag-rugby"],"acf":[],"yoast_head":"<!-- This site is optimized with the Yoast SEO Premium plugin v26.7 (Yoast SEO v26.7) - https:\/\/yoast.com\/wordpress\/plugins\/seo\/ -->\n<title>Champions Cup : le Racing 92 \u00e0 l&#039;heure espagnole ?<\/title>\n<meta name=\"description\" content=\"Ce dimanche \u00e0 16h15, les Franciliens d\u00e9fieront les Irlandais du Munster en demi-finale de la Champions Cup. Deux ans apr\u00e8s leur finale perdue face aux Saracens, les Racingmen sont pr\u00eats \u00e0 remettre le couvert.\" \/>\n<meta name=\"robots\" content=\"index, follow, max-snippet:-1, max-image-preview:large, max-video-preview:-1\" \/>\n<link rel=\"canonical\" href=\"https:\/\/dicodusport.fr\/blog\/champions-cup-racing-92-heure-espagnole\/\" \/>\n<meta property=\"og:locale\" content=\"fr_FR\" \/>\n<meta property=\"og:type\" content=\"article\" \/>\n<meta property=\"og:title\" content=\"Champions Cup : le Racing 92 \u00e0 l&#039;heure espagnole ?\" \/>\n<meta property=\"og:description\" content=\"Ce dimanche \u00e0 16h15, les Franciliens d\u00e9fieront les Irlandais du Munster en demi-finale de la Champions Cup. Deux ans apr\u00e8s leur finale perdue face aux Saracens, les Racingmen sont pr\u00eats \u00e0 remettre le couvert.\" \/>\n<meta property=\"og:url\" content=\"https:\/\/dicodusport.fr\/blog\/champions-cup-racing-92-heure-espagnole\/\" \/>\n<meta property=\"og:site_name\" content=\"Dicodusport\" \/>\n<meta property=\"article:publisher\" content=\"https:\/\/www.facebook.com\/dicodusport\" \/>\n<meta property=\"article:author\" content=\"https:\/\/www.facebook.com\/florent.ostermann\" \/>\n<meta property=\"article:published_time\" content=\"2018-04-21T09:00:38+00:00\" \/>\n<meta property=\"og:image\" content=\"https:\/\/dicodusport.fr\/blog\/wp-content\/uploads\/2018\/04\/Racing-92-Champions-Cup.png\" \/>\n\t<meta property=\"og:image:width\" content=\"800\" \/>\n\t<meta property=\"og:image:height\" content=\"445\" \/>\n\t<meta property=\"og:image:type\" content=\"image\/png\" \/>\n<meta name=\"author\" content=\"Flo Ostermann\" \/>\n<meta name=\"twitter:card\" content=\"summary_large_image\" \/>\n<meta name=\"twitter:creator\" content=\"@https:\/\/twitter.com\/FlOstermann\" \/>\n<meta name=\"twitter:site\" content=\"@dicodusport\" \/>\n<script type=\"application\/ld+json\" class=\"yoast-schema-graph\">{\"@context\":\"https:\/\/schema.org\",\"@graph\":[{\"@type\":\"NewsArticle\",\"@id\":\"https:\/\/dicodusport.fr\/blog\/champions-cup-racing-92-heure-espagnole\/#article\",\"isPartOf\":{\"@id\":\"https:\/\/dicodusport.fr\/blog\/champions-cup-racing-92-heure-espagnole\/\"},\"author\":{\"name\":\"Flo Ostermann\",\"@id\":\"https:\/\/dicodusport.fr\/blog\/#\/schema\/person\/cb02af4c173ce4a653b55e9baf388d4a\"},\"headline\":\"Champions Cup : le Racing 92 \u00e0 l&rsquo;heure espagnole ?\",\"datePublished\":\"2018-04-21T09:00:38+00:00\",\"mainEntityOfPage\":{\"@id\":\"https:\/\/dicodusport.fr\/blog\/champions-cup-racing-92-heure-espagnole\/\"},\"wordCount\":473,\"commentCount\":0,\"publisher\":{\"@id\":\"https:\/\/dicodusport.fr\/blog\/#organization\"},\"image\":{\"@id\":\"https:\/\/dicodusport.fr\/blog\/champions-cup-racing-92-heure-espagnole\/#primaryimage\"},\"thumbnailUrl\":\"https:\/\/dicodusport.fr\/blog\/wp-content\/uploads\/2018\/04\/Racing-92-Champions-Cup.png\",\"keywords\":[\"Bilbao\",\"Champions Cup\",\"Munster\",\"Racing 92\",\"Rugby\"],\"articleSection\":[\"Actualit\u00e9s\",\"Rugby\"],\"inLanguage\":\"fr-FR\",\"potentialAction\":[{\"@type\":\"CommentAction\",\"name\":\"Comment\",\"target\":[\"https:\/\/dicodusport.fr\/blog\/champions-cup-racing-92-heure-espagnole\/#respond\"]}],\"copyrightYear\":\"2018\",\"copyrightHolder\":{\"@id\":\"https:\/\/dicodusport.fr\/blog\/#organization\"}},{\"@type\":\"WebPage\",\"@id\":\"https:\/\/dicodusport.fr\/blog\/champions-cup-racing-92-heure-espagnole\/\",\"url\":\"https:\/\/dicodusport.fr\/blog\/champions-cup-racing-92-heure-espagnole\/\",\"name\":\"Champions Cup : le Racing 92 \u00e0 l'heure espagnole ?\",\"isPartOf\":{\"@id\":\"https:\/\/dicodusport.fr\/blog\/#website\"},\"primaryImageOfPage\":{\"@id\":\"https:\/\/dicodusport.fr\/blog\/champions-cup-racing-92-heure-espagnole\/#primaryimage\"},\"image\":{\"@id\":\"https:\/\/dicodusport.fr\/blog\/champions-cup-racing-92-heure-espagnole\/#primaryimage\"},\"thumbnailUrl\":\"https:\/\/dicodusport.fr\/blog\/wp-content\/uploads\/2018\/04\/Racing-92-Champions-Cup.png\",\"datePublished\":\"2018-04-21T09:00:38+00:00\",\"description\":\"Ce dimanche \u00e0 16h15, les Franciliens d\u00e9fieront les Irlandais du Munster en demi-finale de la Champions Cup. Deux ans apr\u00e8s leur finale perdue face aux Saracens, les Racingmen sont pr\u00eats \u00e0 remettre le couvert.\",\"breadcrumb\":{\"@id\":\"https:\/\/dicodusport.fr\/blog\/champions-cup-racing-92-heure-espagnole\/#breadcrumb\"},\"inLanguage\":\"fr-FR\",\"potentialAction\":[{\"@type\":\"ReadAction\",\"target\":[\"https:\/\/dicodusport.fr\/blog\/champions-cup-racing-92-heure-espagnole\/\"]}]},{\"@type\":\"ImageObject\",\"inLanguage\":\"fr-FR\",\"@id\":\"https:\/\/dicodusport.fr\/blog\/champions-cup-racing-92-heure-espagnole\/#primaryimage\",\"url\":\"https:\/\/dicodusport.fr\/blog\/wp-content\/uploads\/2018\/04\/Racing-92-Champions-Cup.png\",\"contentUrl\":\"https:\/\/dicodusport.fr\/blog\/wp-content\/uploads\/2018\/04\/Racing-92-Champions-Cup.png\",\"width\":800,\"height\":445},{\"@type\":\"BreadcrumbList\",\"@id\":\"https:\/\/dicodusport.fr\/blog\/champions-cup-racing-92-heure-espagnole\/#breadcrumb\",\"itemListElement\":[{\"@type\":\"ListItem\",\"position\":1,\"name\":\"Accueil\",\"item\":\"https:\/\/dicodusport.fr\/blog\/\"},{\"@type\":\"ListItem\",\"position\":2,\"name\":\"Champions Cup : le Racing 92 \u00e0 l&rsquo;heure espagnole ?\"}]},{\"@type\":\"WebSite\",\"@id\":\"https:\/\/dicodusport.fr\/blog\/#website\",\"url\":\"https:\/\/dicodusport.fr\/blog\/\",\"name\":\"Dicodusport\",\"description\":\"L&#039;encyclop\u00e9die de l&#039;actualit\u00e9 sportive\",\"publisher\":{\"@id\":\"https:\/\/dicodusport.fr\/blog\/#organization\"},\"potentialAction\":[{\"@type\":\"SearchAction\",\"target\":{\"@type\":\"EntryPoint\",\"urlTemplate\":\"https:\/\/dicodusport.fr\/blog\/?s={search_term_string}\"},\"query-input\":{\"@type\":\"PropertyValueSpecification\",\"valueRequired\":true,\"valueName\":\"search_term_string\"}}],\"inLanguage\":\"fr-FR\"},{\"@type\":\"NewsMediaOrganization\",\"@id\":\"https:\/\/dicodusport.fr\/blog\/#organization\",\"name\":\"Dicodusport\",\"url\":\"https:\/\/dicodusport.fr\/blog\/\",\"logo\":{\"@type\":\"ImageObject\",\"inLanguage\":\"fr-FR\",\"@id\":\"https:\/\/dicodusport.fr\/blog\/#\/schema\/logo\/image\/\",\"url\":\"https:\/\/dicodusport.fr\/blog\/wp-content\/uploads\/2020\/06\/cropped-LOGO-DICODUSPORT-2020-SANS-FOND-SANS-TEXTE.png\",\"contentUrl\":\"https:\/\/dicodusport.fr\/blog\/wp-content\/uploads\/2020\/06\/cropped-LOGO-DICODUSPORT-2020-SANS-FOND-SANS-TEXTE.png\",\"width\":512,\"height\":512,\"caption\":\"Dicodusport\"},\"image\":{\"@id\":\"https:\/\/dicodusport.fr\/blog\/#\/schema\/logo\/image\/\"},\"sameAs\":[\"https:\/\/www.facebook.com\/dicodusport\",\"https:\/\/x.com\/dicodusport\",\"https:\/\/www.instagram.com\/dicodusport\/\",\"https:\/\/www.youtube.com\/channel\/UC7V2KZ5sd3htJivAbA4ZG3w\"],\"description\":\"Dicodusport est l'encyclop\u00e9die de l'actualit\u00e9 sportive.\",\"email\":\"bonjour@dicodusport.fr\",\"legalName\":\"DICODUSPORT\",\"foundingDate\":\"2018-01-14\",\"vatID\":\"FR71834470973\",\"taxID\":\"83447097300043\",\"numberOfEmployees\":{\"@type\":\"QuantitativeValue\",\"minValue\":\"1\",\"maxValue\":\"10\"}},{\"@type\":\"Person\",\"@id\":\"https:\/\/dicodusport.fr\/blog\/#\/schema\/person\/cb02af4c173ce4a653b55e9baf388d4a\",\"name\":\"Flo Ostermann\",\"image\":{\"@type\":\"ImageObject\",\"inLanguage\":\"fr-FR\",\"@id\":\"https:\/\/dicodusport.fr\/blog\/#\/schema\/person\/image\/\",\"url\":\"https:\/\/dicodusport.fr\/blog\/wp-content\/uploads\/2021\/05\/Flo-Ostermann-150x150.jpg\",\"contentUrl\":\"https:\/\/dicodusport.fr\/blog\/wp-content\/uploads\/2021\/05\/Flo-Ostermann-150x150.jpg\",\"caption\":\"Flo Ostermann\"},\"description\":\"Journaliste\/R\u00e9dacteur depuis septembre 2015 - Mes premiers souvenirs dans le sport ? Les envol\u00e9es du Stade Toulousain et les duels Villeneuve-Schumacher et H\u00e4kkinen-Schumacher \u00e0 la fin des ann\u00e9es 90, la Coupe du monde de football en 1998, l\u2019exploit du XV de France face aux All Blacks en 1999, mais aussi Richard C\u0153ur de Lion qui vole sur les montagnes du Tour de France. Bien parti pour devenir professeur d\u2019EPS, les \u00e9v\u00e9nements de la vie (et la flemme d\u2019animer des s\u00e9ances de 3x500 m\u00e8tres toute ma vie) m\u2019ont conduit \u00e0 revoir mes plans. Me voil\u00e0 depuis fin 2017 sur Dicodusport, m\u00e9dia gr\u00e2ce (et pour) lequel je partage ma passion : le sport dans tous ses \u00e9tats. Le tout accompagn\u00e9 par les fous furieux et folles furieuses cit\u00e9s sur cette page !\",\"sameAs\":[\"https:\/\/www.facebook.com\/florent.ostermann\",\"https:\/\/x.com\/https:\/\/twitter.com\/FlOstermann\",\"admin\"],\"url\":\"https:\/\/dicodusport.fr\/blog\/author\/flo\/\"}]}<\/script>\n<!-- \/ Yoast SEO Premium plugin. -->","yoast_head_json":{"title":"Champions Cup : le Racing 92 \u00e0 l'heure espagnole ?","description":"Ce dimanche \u00e0 16h15, les Franciliens d\u00e9fieront les Irlandais du Munster en demi-finale de la Champions Cup. Deux ans apr\u00e8s leur finale perdue face aux Saracens, les Racingmen sont pr\u00eats \u00e0 remettre le couvert.","robots":{"index":"index","follow":"follow","max-snippet":"max-snippet:-1","max-image-preview":"max-image-preview:large","max-video-preview":"max-video-preview:-1"},"canonical":"https:\/\/dicodusport.fr\/blog\/champions-cup-racing-92-heure-espagnole\/","og_locale":"fr_FR","og_type":"article","og_title":"Champions Cup : le Racing 92 \u00e0 l'heure espagnole ?","og_description":"Ce dimanche \u00e0 16h15, les Franciliens d\u00e9fieront les Irlandais du Munster en demi-finale de la Champions Cup. Deux ans apr\u00e8s leur finale perdue face aux Saracens, les Racingmen sont pr\u00eats \u00e0 remettre le couvert.","og_url":"https:\/\/dicodusport.fr\/blog\/champions-cup-racing-92-heure-espagnole\/","og_site_name":"Dicodusport","article_publisher":"https:\/\/www.facebook.com\/dicodusport","article_author":"https:\/\/www.facebook.com\/florent.ostermann","article_published_time":"2018-04-21T09:00:38+00:00","og_image":[{"width":800,"height":445,"url":"https:\/\/dicodusport.fr\/blog\/wp-content\/uploads\/2018\/04\/Racing-92-Champions-Cup.png","type":"image\/png"}],"author":"Flo Ostermann","twitter_card":"summary_large_image","twitter_creator":"@https:\/\/twitter.com\/FlOstermann","twitter_site":"@dicodusport","schema":{"@context":"https:\/\/schema.org","@graph":[{"@type":"NewsArticle","@id":"https:\/\/dicodusport.fr\/blog\/champions-cup-racing-92-heure-espagnole\/#article","isPartOf":{"@id":"https:\/\/dicodusport.fr\/blog\/champions-cup-racing-92-heure-espagnole\/"},"author":{"name":"Flo Ostermann","@id":"https:\/\/dicodusport.fr\/blog\/#\/schema\/person\/cb02af4c173ce4a653b55e9baf388d4a"},"headline":"Champions Cup : le Racing 92 \u00e0 l&rsquo;heure espagnole ?","datePublished":"2018-04-21T09:00:38+00:00","mainEntityOfPage":{"@id":"https:\/\/dicodusport.fr\/blog\/champions-cup-racing-92-heure-espagnole\/"},"wordCount":473,"commentCount":0,"publisher":{"@id":"https:\/\/dicodusport.fr\/blog\/#organization"},"image":{"@id":"https:\/\/dicodusport.fr\/blog\/champions-cup-racing-92-heure-espagnole\/#primaryimage"},"thumbnailUrl":"https:\/\/dicodusport.fr\/blog\/wp-content\/uploads\/2018\/04\/Racing-92-Champions-Cup.png","keywords":["Bilbao","Champions Cup","Munster","Racing 92","Rugby"],"articleSection":["Actualit\u00e9s","Rugby"],"inLanguage":"fr-FR","potentialAction":[{"@type":"CommentAction","name":"Comment","target":["https:\/\/dicodusport.fr\/blog\/champions-cup-racing-92-heure-espagnole\/#respond"]}],"copyrightYear":"2018","copyrightHolder":{"@id":"https:\/\/dicodusport.fr\/blog\/#organization"}},{"@type":"WebPage","@id":"https:\/\/dicodusport.fr\/blog\/champions-cup-racing-92-heure-espagnole\/","url":"https:\/\/dicodusport.fr\/blog\/champions-cup-racing-92-heure-espagnole\/","name":"Champions Cup : le Racing 92 \u00e0 l'heure espagnole ?","isPartOf":{"@id":"https:\/\/dicodusport.fr\/blog\/#website"},"primaryImageOfPage":{"@id":"https:\/\/dicodusport.fr\/blog\/champions-cup-racing-92-heure-espagnole\/#primaryimage"},"image":{"@id":"https:\/\/dicodusport.fr\/blog\/champions-cup-racing-92-heure-espagnole\/#primaryimage"},"thumbnailUrl":"https:\/\/dicodusport.fr\/blog\/wp-content\/uploads\/2018\/04\/Racing-92-Champions-Cup.png","datePublished":"2018-04-21T09:00:38+00:00","description":"Ce dimanche \u00e0 16h15, les Franciliens d\u00e9fieront les Irlandais du Munster en demi-finale de la Champions Cup. Deux ans apr\u00e8s leur finale perdue face aux Saracens, les Racingmen sont pr\u00eats \u00e0 remettre le couvert.","breadcrumb":{"@id":"https:\/\/dicodusport.fr\/blog\/champions-cup-racing-92-heure-espagnole\/#breadcrumb"},"inLanguage":"fr-FR","potentialAction":[{"@type":"ReadAction","target":["https:\/\/dicodusport.fr\/blog\/champions-cup-racing-92-heure-espagnole\/"]}]},{"@type":"ImageObject","inLanguage":"fr-FR","@id":"https:\/\/dicodusport.fr\/blog\/champions-cup-racing-92-heure-espagnole\/#primaryimage","url":"https:\/\/dicodusport.fr\/blog\/wp-content\/uploads\/2018\/04\/Racing-92-Champions-Cup.png","contentUrl":"https:\/\/dicodusport.fr\/blog\/wp-content\/uploads\/2018\/04\/Racing-92-Champions-Cup.png","width":800,"height":445},{"@type":"BreadcrumbList","@id":"https:\/\/dicodusport.fr\/blog\/champions-cup-racing-92-heure-espagnole\/#breadcrumb","itemListElement":[{"@type":"ListItem","position":1,"name":"Accueil","item":"https:\/\/dicodusport.fr\/blog\/"},{"@type":"ListItem","position":2,"name":"Champions Cup : le Racing 92 \u00e0 l&rsquo;heure espagnole ?"}]},{"@type":"WebSite","@id":"https:\/\/dicodusport.fr\/blog\/#website","url":"https:\/\/dicodusport.fr\/blog\/","name":"Dicodusport","description":"L&#039;encyclop\u00e9die de l&#039;actualit\u00e9 sportive","publisher":{"@id":"https:\/\/dicodusport.fr\/blog\/#organization"},"potentialAction":[{"@type":"SearchAction","target":{"@type":"EntryPoint","urlTemplate":"https:\/\/dicodusport.fr\/blog\/?s={search_term_string}"},"query-input":{"@type":"PropertyValueSpecification","valueRequired":true,"valueName":"search_term_string"}}],"inLanguage":"fr-FR"},{"@type":"NewsMediaOrganization","@id":"https:\/\/dicodusport.fr\/blog\/#organization","name":"Dicodusport","url":"https:\/\/dicodusport.fr\/blog\/","logo":{"@type":"ImageObject","inLanguage":"fr-FR","@id":"https:\/\/dicodusport.fr\/blog\/#\/schema\/logo\/image\/","url":"https:\/\/dicodusport.fr\/blog\/wp-content\/uploads\/2020\/06\/cropped-LOGO-DICODUSPORT-2020-SANS-FOND-SANS-TEXTE.png","contentUrl":"https:\/\/dicodusport.fr\/blog\/wp-content\/uploads\/2020\/06\/cropped-LOGO-DICODUSPORT-2020-SANS-FOND-SANS-TEXTE.png","width":512,"height":512,"caption":"Dicodusport"},"image":{"@id":"https:\/\/dicodusport.fr\/blog\/#\/schema\/logo\/image\/"},"sameAs":["https:\/\/www.facebook.com\/dicodusport","https:\/\/x.com\/dicodusport","https:\/\/www.instagram.com\/dicodusport\/","https:\/\/www.youtube.com\/channel\/UC7V2KZ5sd3htJivAbA4ZG3w"],"description":"Dicodusport est l'encyclop\u00e9die de l'actualit\u00e9 sportive.","email":"bonjour@dicodusport.fr","legalName":"DICODUSPORT","foundingDate":"2018-01-14","vatID":"FR71834470973","taxID":"83447097300043","numberOfEmployees":{"@type":"QuantitativeValue","minValue":"1","maxValue":"10"}},{"@type":"Person","@id":"https:\/\/dicodusport.fr\/blog\/#\/schema\/person\/cb02af4c173ce4a653b55e9baf388d4a","name":"Flo Ostermann","image":{"@type":"ImageObject","inLanguage":"fr-FR","@id":"https:\/\/dicodusport.fr\/blog\/#\/schema\/person\/image\/","url":"https:\/\/dicodusport.fr\/blog\/wp-content\/uploads\/2021\/05\/Flo-Ostermann-150x150.jpg","contentUrl":"https:\/\/dicodusport.fr\/blog\/wp-content\/uploads\/2021\/05\/Flo-Ostermann-150x150.jpg","caption":"Flo Ostermann"},"description":"Journaliste\/R\u00e9dacteur depuis septembre 2015 - Mes premiers souvenirs dans le sport ? Les envol\u00e9es du Stade Toulousain et les duels Villeneuve-Schumacher et H\u00e4kkinen-Schumacher \u00e0 la fin des ann\u00e9es 90, la Coupe du monde de football en 1998, l\u2019exploit du XV de France face aux All Blacks en 1999, mais aussi Richard C\u0153ur de Lion qui vole sur les montagnes du Tour de France. Bien parti pour devenir professeur d\u2019EPS, les \u00e9v\u00e9nements de la vie (et la flemme d\u2019animer des s\u00e9ances de 3x500 m\u00e8tres toute ma vie) m\u2019ont conduit \u00e0 revoir mes plans. Me voil\u00e0 depuis fin 2017 sur Dicodusport, m\u00e9dia gr\u00e2ce (et pour) lequel je partage ma passion : le sport dans tous ses \u00e9tats. Le tout accompagn\u00e9 par les fous furieux et folles furieuses cit\u00e9s sur cette page !","sameAs":["https:\/\/www.facebook.com\/florent.ostermann","https:\/\/x.com\/https:\/\/twitter.com\/FlOstermann","admin"],"url":"https:\/\/dicodusport.fr\/blog\/author\/flo\/"}]}},"_links":{"self":[{"href":"https:\/\/dicodusport.fr\/blog\/wp-json\/wp\/v2\/posts\/16777","targetHints":{"allow":["GET"]}}],"collection":[{"href":"https:\/\/dicodusport.fr\/blog\/wp-json\/wp\/v2\/posts"}],"about":[{"href":"https:\/\/dicodusport.fr\/blog\/wp-json\/wp\/v2\/types\/post"}],"author":[{"embeddable":true,"href":"https:\/\/dicodusport.fr\/blog\/wp-json\/wp\/v2\/users\/4"}],"replies":[{"embeddable":true,"href":"https:\/\/dicodusport.fr\/blog\/wp-json\/wp\/v2\/comments?post=16777"}],"version-history":[{"count":0,"href":"https:\/\/dicodusport.fr\/blog\/wp-json\/wp\/v2\/posts\/16777\/revisions"}],"wp:featuredmedia":[{"embeddable":true,"href":"https:\/\/dicodusport.fr\/blog\/wp-json\/wp\/v2\/media\/16803"}],"wp:attachment":[{"href":"https:\/\/dicodusport.fr\/blog\/wp-json\/wp\/v2\/media?parent=16777"}],"wp:term":[{"taxonomy":"category","embeddable":true,"href":"https:\/\/dicodusport.fr\/blog\/wp-json\/wp\/v2\/categories?post=16777"},{"taxonomy":"post_tag","embeddable":true,"href":"https:\/\/dicodusport.fr\/blog\/wp-json\/wp\/v2\/tags?post=16777"}],"curies":[{"name":"wp","href":"https:\/\/api.w.org\/{rel}","templated":true}]}}