{"id":1679,"date":"2017-05-11T16:22:47","date_gmt":"2017-05-11T15:22:47","guid":{"rendered":"http:\/\/dicodusport.fr\/blog\/?p=1679"},"modified":"2021-04-13T23:27:46","modified_gmt":"2021-04-13T21:27:46","slug":"semaine-de-bande-8-deuxieme-place-coupe-de-france","status":"publish","type":"post","link":"https:\/\/dicodusport.fr\/blog\/semaine-de-bande-8-deuxieme-place-coupe-de-france\/","title":{"rendered":"La semaine de La Bande #8 : une deuxi\u00e8me place en Coupe de France"},"content":{"rendered":"<p style=\"text-align: justify;\"><span style=\"color: #000000;\"><em>Chaque mardi, retrouvez \u00ab\u00a0la semaine de <a href=\"http:\/\/dicodusport.fr\/blog\/la-bande\/\" target=\"_blank\" rel=\"noopener noreferrer\">La Bande<\/a>\u00a0\u00bb sur votre blog <span style=\"color: #0000ff;\"><a style=\"color: #0000ff;\" href=\"http:\/\/dicodusport.fr\/blog\/\">dicodusport.fr<\/a><\/span> : r\u00e9sultats, actualit\u00e9s, d\u00e9clarations, courses \u00e0 venir. C&rsquo;est un week-end marqu\u00e9 par la victoire de Clement Bazin \u00e0 Mont de Marsan et la deuxi\u00e8me place du team en Coupe de France.<\/em><\/span><\/p>\n<p class=\"p1\" style=\"text-align: justify;\"><span class=\"s1\" style=\"font-size: 18pt; color: #000000;\"><b>Les R\u00e9sultats<\/b><\/span><\/p>\n<p class=\"p2\" style=\"text-align: justify;\"><span class=\"s2\" style=\"color: #000000;\">07\/05\/2017 : <span style=\"color: #0000ff;\"><a style=\"color: #0000ff;\" href=\"http:\/\/www.directvelo.com\/actualite\/57891\/ronde-nanceienne-classement\" target=\"_blank\" rel=\"noopener noreferrer\">Ronde Nanceienne<\/a><\/span>\u00a0(3eme manche Coupe de France DN3)\u00a0154km<\/span><\/p>\n<p class=\"p3\" style=\"text-align: justify;\"><span style=\"color: #000000;\"><span class=\"s1\">1er DAVY Cl\u00e9ment (Laval Cyclisme 53)<br \/>\n<\/span><span class=\"s1\">7\u00e8me BORN Vivian<br \/>\n<\/span><span class=\"s1\">15\u00e8me LAVIGNE Baptiste<br \/>\n<\/span><span class=\"s1\">22\u00e8me COUTURET Thomas<br \/>\n<\/span><span class=\"s1\">AB CHATELET Nicolas<br \/>\n<\/span><span class=\"s1\">AB MASSAT Max<\/span><\/span><\/p>\n<p class=\"p1\" style=\"text-align: justify;\"><span class=\"s1\" style=\"color: #000000;\">Ce qui fait un total de 232 points et classe l&rsquo;\u00e9quipe <span style=\"color: #0000ff;\"><a style=\"color: #0000ff;\" href=\"http:\/\/www.directvelo.com\/actualite\/57903\/coupe-de-france-dn3-3-classements\" target=\"_blank\" rel=\"noopener noreferrer\">2eme de la manche<\/a><\/span> !\u00a0<\/span><\/p>\n<p class=\"p2\" style=\"text-align: justify;\"><span class=\"s3\" style=\"color: #000000;\">La Bande remonte 4eme au g\u00e9n\u00e9ral de la Coupe de France avec 509 points<\/span><\/p>\n<p class=\"p2\" style=\"text-align: justify;\"><img loading=\"lazy\" decoding=\"async\" class=\"alignnone size-full wp-image-1681\" src=\"http:\/\/dicodusport.fr\/blog\/wp-content\/uploads\/2017\/05\/la-bande-classement.jpg\" alt=\"la bande classement\" width=\"729\" height=\"850\" srcset=\"https:\/\/dicodusport.fr\/blog\/wp-content\/uploads\/2017\/05\/la-bande-classement.jpg 729w, https:\/\/dicodusport.fr\/blog\/wp-content\/uploads\/2017\/05\/la-bande-classement-257x300.jpg 257w\" sizes=\"auto, (max-width: 729px) 100vw, 729px\" \/><\/p>\n<p class=\"p1\"><span class=\"s1\" style=\"color: #000000;\">08\/05\/17 : <span style=\"color: #0000ff;\"><a style=\"color: #0000ff;\" href=\"http:\/\/www.directvelo.com\/actualite\/57915\/tour-de-saint-avold-centre-mosellan-classement\" target=\"_blank\" rel=\"noopener noreferrer\">Tour de Saint-Avold Centre Mosellan<\/a><\/span>\u00a0(158KM)<\/span><\/p>\n<p class=\"p3\"><span style=\"color: #000000;\"><span class=\"s2\">1er GUILLONET Adrien (SCO Dijon)<br \/>\n<\/span><span class=\"s2\">32\u00e8me COUTURET Thomas<br \/>\n<\/span><span class=\"s2\">47\u00e8me CHATELET Nicolas<br \/>\n<\/span><span class=\"s2\">49\u00e8me LAVIGNE Baptiste<\/span><\/span><\/p>\n<p class=\"p1\"><span class=\"s1\" style=\"color: #000000;\">08\/05\/17 :\u00a0<span style=\"color: #0000ff;\"><a style=\"color: #0000ff;\" href=\"http:\/\/www.sudgirondecyclisme.fr\/2017\/05\/clement-bazin-remporte-la-ronde-des-pins-a-mont-de-marsan40\/\" target=\"_blank\" rel=\"noopener noreferrer\">Ronde des Pins \u00e0 Mont de Marsan<\/a><\/span> (2\/3\/j) 113km<\/span><\/p>\n<p class=\"p2\"><span class=\"s2\" style=\"color: #000000;\">1er BAZIN Cl\u00e9ment (La Bande)<\/span><\/p>\n<p class=\"p2\"><img loading=\"lazy\" decoding=\"async\" class=\"alignnone size-full wp-image-1682\" src=\"http:\/\/dicodusport.fr\/blog\/wp-content\/uploads\/2017\/05\/clement-bazin.jpg\" alt=\"Baptiste Lavigne\" width=\"1122\" height=\"750\" srcset=\"https:\/\/dicodusport.fr\/blog\/wp-content\/uploads\/2017\/05\/clement-bazin.jpg 1122w, https:\/\/dicodusport.fr\/blog\/wp-content\/uploads\/2017\/05\/clement-bazin-300x201.jpg 300w, https:\/\/dicodusport.fr\/blog\/wp-content\/uploads\/2017\/05\/clement-bazin-768x513.jpg 768w, https:\/\/dicodusport.fr\/blog\/wp-content\/uploads\/2017\/05\/clement-bazin-1024x684.jpg 1024w\" sizes=\"auto, (max-width: 1122px) 100vw, 1122px\" \/><\/p>\n<p class=\"p1\" style=\"text-align: justify;\"><span class=\"s1\" style=\"font-size: 18pt; color: #000000;\"><b>L\u2019actu<\/b><\/span><\/p>\n<p class=\"p2\" style=\"text-align: justify;\"><span class=\"s1\" style=\"color: #000000;\">Apr\u00e8s une belle manche r\u00e9ussie qui a permis \u00e0 l&rsquo;\u00e9quipe de reprendre la 4eme place au classement g\u00e9n\u00e9ral de la Coupe de France. Direction Vendredi les Pyr\u00e9n\u00e9es pour une derni\u00e8re pr\u00e9paration avant d&rsquo;encha\u00eener Ronde de L&rsquo;isard (2.2), Coupe de France (DN3) et Tour de Gironde International (2.2).<\/span><\/p>\n<p class=\"p1\" style=\"text-align: justify;\"><span class=\"s1\" style=\"color: #000000; font-size: 18pt;\"><b>La Loupe<\/b><\/span><\/p>\n<p class=\"p4\" style=\"text-align: justify;\"><span class=\"s1\" style=\"color: #000000;\">Un nouveau coureur vient renforcer l&rsquo;effectif, \u00e0 suivre sur le <span style=\"color: #0000ff;\"><a style=\"color: #0000ff;\" href=\"https:\/\/www.facebook.com\/asmc.asmuretcycliste\" target=\"_blank\" rel=\"noopener noreferrer\">facebook de l&rsquo;AS Muret Cycliste<\/a><\/span> !<\/span><\/p>\n<p class=\"p5\" style=\"text-align: justify;\"><span class=\"s1\" style=\"color: #000000; font-size: 18pt;\"><b>Les Courses \u00e0 Venir<\/b><\/span><\/p>\n<p class=\"p6\" style=\"text-align: justify;\"><span class=\"s1\" style=\"color: #000000;\">&#8211; Stage : Une bonne partie de l&rsquo;effectif se rendra en stage de vendredi \u00e0 dimanche au pied du plateau de beille.<\/span><\/p>\n<p class=\"p7\" style=\"text-align: justify;\"><span class=\"s1\" style=\"color: #000000;\">&#8211; Ayumu Watanabe courira en 2eme cat\u00e9gorie sous les couleurs de l&rsquo;As Villemur pour le Tour des \u00c9cureuils (Aquitaine).<\/span><\/p>\n<p class=\"p9\" style=\"text-align: justify;\"><span class=\"s1\" style=\"color: #000000; font-size: 18pt;\"><b>Le Mot du Manager<\/b><\/span><\/p>\n<p class=\"p1\" style=\"text-align: justify;\"><span class=\"s1\" style=\"color: #000000;\"><b>Max Massat<\/b>\u00a0: \u00ab\u00a0J&rsquo;ai pass\u00e9 un agr\u00e9able weekend et pourtant cela s\u2019annon\u00e7ait compliqu\u00e9 compte tenu de la distance, de la m\u00e9t\u00e9o et de l&rsquo;indisponibilit\u00e9 de quelques coureurs \u00e0 la derni\u00e8re minute. Il a \u00a0fallu \u00a0remplacer un coureur au d\u00e9part pour ne pas prendre une p\u00e9nalit\u00e9, car si nous sommes moins de 5 c&rsquo;est 15 p de malus par coureur manquant. Je pense avoir r\u00e9ussi \u00e0 trouver les mots pour transformer ce point n\u00e9gatif et que cela devienne une force avant le d\u00e9part.\u00a0Nous avons r\u00e9fl\u00e9chis ensemble \u00e0 la meilleure solution sachant que nous aurions que le Directeur Sportif dans la voiture et personne sur le bord de la route.\u00a0 Finalement nous nous sommes aper\u00e7u que cela pouvait \u00eatre un avantage; m\u00eame\u00a0si je savais\u00a0 que je ne tiendrais pas longtemps compte tenu de mon manque d entrainement.\u00a0 Je pensais\u00a0pouvoir \u00a0 passer les 3 premiers tours en servant d&rsquo;assistant de luxe en cas de crevaison et de conseil pour la \u00a0tactique de course. J&rsquo;avais toujours les gars en visuel et\u00a0j&rsquo;\u00e9tais pr\u00eat \u00e0 m&rsquo;arr\u00eater en cas de chute ou crevaison pour passer ma roue, cela est toujours plus rapide que la voiture. Avant que je jette mes derni\u00e8res forces, j ai \u00a0r\u00e9cup\u00e9r\u00e9 les affaires qu&rsquo;ils ne voulaient plus et j&rsquo;ai fait un dernier \u00a0effort pour les placer \u00e0 l&rsquo;avant avant de me relever et quitter la course au km 50.\u00a0<\/span><\/p>\n<p class=\"p2\" style=\"text-align: justify;\"><span class=\"s1\" style=\"color: #000000;\">\u00c0 partir de l\u00e0 j&rsquo;ai crois\u00e9 les doigts, on avait \u00a0pr\u00e9vu avec Mr Dragan (le directeur sportif du jour) la suite : je r\u00e9cup\u00e8re \u00a0kway, portable, et je vais chercher l&rsquo;autre voiture pour passer les bidons sur le circuit. Nous sommes rest\u00e9 en contact toute la course et cela s&rsquo;est\u00a0d\u00e9roul\u00e9 parfaitement malgr\u00e9 la chute de Nicolas. Nous avions 2 coureurs \u00e0 l&rsquo;avant Vivian et Baptiste dans un groupe de 15, et Thomas dans le peloton pour r\u00e9cup\u00e9rer des points \u00a0en cas de sprint massif. L&rsquo;\u00e9chapp\u00e9e a bien g\u00e9r\u00e9 son avance et cela a fait notre affaire; les gars savaient que cette manche \u00e9tait primordiale pour nous concernant la suite de la coupe de France. Pour jouer le podium Baptiste a essay\u00e9 dans le dernier km de sortir du groupe mais il a \u00e9t\u00e9 repris au 500 m\u00e8tres. Il a tent\u00e9 c&rsquo;est ce qu&rsquo;il fallait faire car au sprint seul Vivian pouvait s&rsquo;en sortir, il ram\u00e8ne une belle \u00a07 \u00e9me place, Baptiste 15eme et Thomas bien seul dans le peloton et au mental arrive \u00e0 prendre la 22eme place.<\/span><\/p>\n<p class=\"p2\" style=\"text-align: justify;\"><span class=\"s1\" style=\"color: #000000;\">Avec cette manche je pense qu&rsquo;ils ont compris que ce n &lsquo;est pas parce que le Staff est nombreux ou parce qu&rsquo;il n&rsquo;y a pas de m\u00e9cano qu&rsquo;on ne peut pas r\u00e9ussir, nous terminons \u00e0 la 2 \u00e9me place sur 28 \u00e9quipes. C&rsquo;est la premi\u00e8re fois que nous reprenons notre 4eme place et maintenant nous n&rsquo; avons plus le droit \u00e0 l&rsquo;erreur si nous voulons jouer le podium sur les deux derni\u00e8res manches. Je f\u00e9licite mes coureurs et le staff du moment qu&rsquo;ils respectent le programme \u00e9tabli. J&rsquo;avais signal\u00e9 que le mois de mai serait notre mois le plus important, Cl\u00e9ment Bazin remporte une belle 2eme cat\u00e9gorie juste apr\u00e8s Ayumu Watanabe, j&rsquo;esp\u00e8re qu&rsquo;ils vont surfer sur la vague maintenant avec les trois belles courses qui arrivent.<\/span><\/p>\n<p class=\"p2\" style=\"text-align: justify;\"><span class=\"s1\" style=\"color: #000000;\">Encore une fois, \u00e0 eux de jouer !\u00a0\u00bb<\/span><\/p>\n<p>&nbsp;<\/p>\n<p class=\"p2\" style=\"text-align: justify;\"><img loading=\"lazy\" decoding=\"async\" class=\"size-thumbnail wp-image-999 aligncenter\" src=\"http:\/\/dicodusport.fr\/blog\/wp-content\/uploads\/2017\/01\/cropped-logo-dicodusport-sans-fond-150x150.png\" alt=\"\" width=\"150\" height=\"150\" srcset=\"https:\/\/dicodusport.fr\/blog\/wp-content\/uploads\/2017\/01\/cropped-logo-dicodusport-sans-fond-150x150.png 150w, https:\/\/dicodusport.fr\/blog\/wp-content\/uploads\/2017\/01\/cropped-logo-dicodusport-sans-fond-300x300.png 300w, https:\/\/dicodusport.fr\/blog\/wp-content\/uploads\/2017\/01\/cropped-logo-dicodusport-sans-fond-270x270.png 270w, https:\/\/dicodusport.fr\/blog\/wp-content\/uploads\/2017\/01\/cropped-logo-dicodusport-sans-fond-192x192.png 192w, https:\/\/dicodusport.fr\/blog\/wp-content\/uploads\/2017\/01\/cropped-logo-dicodusport-sans-fond-180x180.png 180w, https:\/\/dicodusport.fr\/blog\/wp-content\/uploads\/2017\/01\/cropped-logo-dicodusport-sans-fond-32x32.png 32w, https:\/\/dicodusport.fr\/blog\/wp-content\/uploads\/2017\/01\/cropped-logo-dicodusport-sans-fond.png 512w\" sizes=\"auto, (max-width: 150px) 100vw, 150px\" \/><\/p>\n","protected":false},"excerpt":{"rendered":"<p>Chaque mardi, retrouvez \u00ab\u00a0la semaine de La Bande\u00a0\u00bb sur votre blog dicodusport.fr : r\u00e9sultats, actualit\u00e9s, d\u00e9clarations, courses \u00e0 venir. C&rsquo;est un week-end marqu\u00e9 par la victoire de Clement Bazin \u00e0 Mont de Marsan et la deuxi\u00e8me place du team en Coupe de France. Les R\u00e9sultats 07\/05\/2017 : Ronde Nanceienne\u00a0(3eme manche Coupe de France DN3)\u00a0154km 1er [&hellip;]<\/p>\n","protected":false},"author":1,"featured_media":1680,"comment_status":"open","ping_status":"closed","sticky":false,"template":"","format":"standard","meta":{"_acf_changed":false,"_daextam_enable_autolinks":"","footnotes":""},"categories":[2016],"tags":[574,772,773,579],"class_list":["post-1679","post","type-post","status-publish","format-standard","has-post-thumbnail","hentry","category-nos-champions","tag-cyclisme","tag-la-bande","tag-max-massat","tag-velo"],"acf":[],"yoast_head":"<!-- This site is optimized with the Yoast SEO Premium plugin v26.7 (Yoast SEO v26.7) - https:\/\/yoast.com\/wordpress\/plugins\/seo\/ -->\n<title>La semaine de La Bande #8 : une deuxi\u00e8me place en Coupe de France<\/title>\n<meta name=\"description\" content=\"C&#039;est un week-end marqu\u00e9 par la victoire de Clement Bazin \u00e0 Mont de Marsan et la deuxi\u00e8me place du team en Coupe de France.\" \/>\n<meta name=\"robots\" content=\"index, follow, max-snippet:-1, max-image-preview:large, max-video-preview:-1\" \/>\n<link rel=\"canonical\" href=\"https:\/\/dicodusport.fr\/blog\/semaine-de-bande-8-deuxieme-place-coupe-de-france\/\" \/>\n<meta property=\"og:locale\" content=\"fr_FR\" \/>\n<meta property=\"og:type\" content=\"article\" \/>\n<meta property=\"og:title\" content=\"La semaine de La Bande #8 : une deuxi\u00e8me place en Coupe de France\" \/>\n<meta property=\"og:description\" content=\"C&#039;est un week-end marqu\u00e9 par la victoire de Clement Bazin \u00e0 Mont de Marsan et la deuxi\u00e8me place du team en Coupe de France.\" \/>\n<meta property=\"og:url\" content=\"https:\/\/dicodusport.fr\/blog\/semaine-de-bande-8-deuxieme-place-coupe-de-france\/\" \/>\n<meta property=\"og:site_name\" content=\"Dicodusport\" \/>\n<meta property=\"article:publisher\" content=\"https:\/\/www.facebook.com\/dicodusport\" \/>\n<meta property=\"article:author\" content=\"https:\/\/www.facebook.com\/dicodusport\" \/>\n<meta property=\"article:published_time\" content=\"2017-05-11T15:22:47+00:00\" \/>\n<meta property=\"article:modified_time\" content=\"2021-04-13T21:27:46+00:00\" \/>\n<meta property=\"og:image\" content=\"https:\/\/dicodusport.fr\/blog\/wp-content\/uploads\/2017\/05\/victoire-clement-bazin.png\" \/>\n\t<meta property=\"og:image:width\" content=\"1200\" \/>\n\t<meta property=\"og:image:height\" content=\"670\" \/>\n\t<meta property=\"og:image:type\" content=\"image\/png\" \/>\n<meta name=\"author\" content=\"Nicolas Jacquemard\" \/>\n<meta name=\"twitter:card\" content=\"summary_large_image\" \/>\n<meta name=\"twitter:creator\" content=\"@https:\/\/twitter.com\/Nico_Jacquemard\" \/>\n<meta name=\"twitter:site\" content=\"@dicodusport\" \/>\n<script type=\"application\/ld+json\" class=\"yoast-schema-graph\">{\"@context\":\"https:\/\/schema.org\",\"@graph\":[{\"@type\":\"NewsArticle\",\"@id\":\"https:\/\/dicodusport.fr\/blog\/semaine-de-bande-8-deuxieme-place-coupe-de-france\/#article\",\"isPartOf\":{\"@id\":\"https:\/\/dicodusport.fr\/blog\/semaine-de-bande-8-deuxieme-place-coupe-de-france\/\"},\"author\":{\"name\":\"Nicolas Jacquemard\",\"@id\":\"https:\/\/dicodusport.fr\/blog\/#\/schema\/person\/55dcb50ad410894e431ed812bbb70191\"},\"headline\":\"La semaine de La Bande #8 : une deuxi\u00e8me place en Coupe de France\",\"datePublished\":\"2017-05-11T15:22:47+00:00\",\"dateModified\":\"2021-04-13T21:27:46+00:00\",\"mainEntityOfPage\":{\"@id\":\"https:\/\/dicodusport.fr\/blog\/semaine-de-bande-8-deuxieme-place-coupe-de-france\/\"},\"wordCount\":867,\"commentCount\":0,\"publisher\":{\"@id\":\"https:\/\/dicodusport.fr\/blog\/#organization\"},\"image\":{\"@id\":\"https:\/\/dicodusport.fr\/blog\/semaine-de-bande-8-deuxieme-place-coupe-de-france\/#primaryimage\"},\"thumbnailUrl\":\"https:\/\/dicodusport.fr\/blog\/wp-content\/uploads\/2017\/05\/victoire-clement-bazin.png\",\"keywords\":[\"Cyclisme\",\"la bande\",\"max massat\",\"v\u00e9lo\"],\"articleSection\":[\"Nos champions\"],\"inLanguage\":\"fr-FR\",\"potentialAction\":[{\"@type\":\"CommentAction\",\"name\":\"Comment\",\"target\":[\"https:\/\/dicodusport.fr\/blog\/semaine-de-bande-8-deuxieme-place-coupe-de-france\/#respond\"]}],\"copyrightYear\":\"2017\",\"copyrightHolder\":{\"@id\":\"https:\/\/dicodusport.fr\/blog\/#organization\"}},{\"@type\":\"WebPage\",\"@id\":\"https:\/\/dicodusport.fr\/blog\/semaine-de-bande-8-deuxieme-place-coupe-de-france\/\",\"url\":\"https:\/\/dicodusport.fr\/blog\/semaine-de-bande-8-deuxieme-place-coupe-de-france\/\",\"name\":\"La semaine de La Bande #8 : une deuxi\u00e8me place en Coupe de France\",\"isPartOf\":{\"@id\":\"https:\/\/dicodusport.fr\/blog\/#website\"},\"primaryImageOfPage\":{\"@id\":\"https:\/\/dicodusport.fr\/blog\/semaine-de-bande-8-deuxieme-place-coupe-de-france\/#primaryimage\"},\"image\":{\"@id\":\"https:\/\/dicodusport.fr\/blog\/semaine-de-bande-8-deuxieme-place-coupe-de-france\/#primaryimage\"},\"thumbnailUrl\":\"https:\/\/dicodusport.fr\/blog\/wp-content\/uploads\/2017\/05\/victoire-clement-bazin.png\",\"datePublished\":\"2017-05-11T15:22:47+00:00\",\"dateModified\":\"2021-04-13T21:27:46+00:00\",\"description\":\"C'est un week-end marqu\u00e9 par la victoire de Clement Bazin \u00e0 Mont de Marsan et la deuxi\u00e8me place du team en Coupe de France.\",\"breadcrumb\":{\"@id\":\"https:\/\/dicodusport.fr\/blog\/semaine-de-bande-8-deuxieme-place-coupe-de-france\/#breadcrumb\"},\"inLanguage\":\"fr-FR\",\"potentialAction\":[{\"@type\":\"ReadAction\",\"target\":[\"https:\/\/dicodusport.fr\/blog\/semaine-de-bande-8-deuxieme-place-coupe-de-france\/\"]}]},{\"@type\":\"ImageObject\",\"inLanguage\":\"fr-FR\",\"@id\":\"https:\/\/dicodusport.fr\/blog\/semaine-de-bande-8-deuxieme-place-coupe-de-france\/#primaryimage\",\"url\":\"https:\/\/dicodusport.fr\/blog\/wp-content\/uploads\/2017\/05\/victoire-clement-bazin.png\",\"contentUrl\":\"https:\/\/dicodusport.fr\/blog\/wp-content\/uploads\/2017\/05\/victoire-clement-bazin.png\",\"width\":1200,\"height\":670,\"caption\":\"deuxi\u00e8me place coupe de france\"},{\"@type\":\"BreadcrumbList\",\"@id\":\"https:\/\/dicodusport.fr\/blog\/semaine-de-bande-8-deuxieme-place-coupe-de-france\/#breadcrumb\",\"itemListElement\":[{\"@type\":\"ListItem\",\"position\":1,\"name\":\"Accueil\",\"item\":\"https:\/\/dicodusport.fr\/blog\/\"},{\"@type\":\"ListItem\",\"position\":2,\"name\":\"La semaine de La Bande #8 : une deuxi\u00e8me place en Coupe de France\"}]},{\"@type\":\"WebSite\",\"@id\":\"https:\/\/dicodusport.fr\/blog\/#website\",\"url\":\"https:\/\/dicodusport.fr\/blog\/\",\"name\":\"Dicodusport\",\"description\":\"L&#039;encyclop\u00e9die de l&#039;actualit\u00e9 sportive\",\"publisher\":{\"@id\":\"https:\/\/dicodusport.fr\/blog\/#organization\"},\"potentialAction\":[{\"@type\":\"SearchAction\",\"target\":{\"@type\":\"EntryPoint\",\"urlTemplate\":\"https:\/\/dicodusport.fr\/blog\/?s={search_term_string}\"},\"query-input\":{\"@type\":\"PropertyValueSpecification\",\"valueRequired\":true,\"valueName\":\"search_term_string\"}}],\"inLanguage\":\"fr-FR\"},{\"@type\":\"NewsMediaOrganization\",\"@id\":\"https:\/\/dicodusport.fr\/blog\/#organization\",\"name\":\"Dicodusport\",\"url\":\"https:\/\/dicodusport.fr\/blog\/\",\"logo\":{\"@type\":\"ImageObject\",\"inLanguage\":\"fr-FR\",\"@id\":\"https:\/\/dicodusport.fr\/blog\/#\/schema\/logo\/image\/\",\"url\":\"https:\/\/dicodusport.fr\/blog\/wp-content\/uploads\/2020\/06\/cropped-LOGO-DICODUSPORT-2020-SANS-FOND-SANS-TEXTE.png\",\"contentUrl\":\"https:\/\/dicodusport.fr\/blog\/wp-content\/uploads\/2020\/06\/cropped-LOGO-DICODUSPORT-2020-SANS-FOND-SANS-TEXTE.png\",\"width\":512,\"height\":512,\"caption\":\"Dicodusport\"},\"image\":{\"@id\":\"https:\/\/dicodusport.fr\/blog\/#\/schema\/logo\/image\/\"},\"sameAs\":[\"https:\/\/www.facebook.com\/dicodusport\",\"https:\/\/x.com\/dicodusport\",\"https:\/\/www.instagram.com\/dicodusport\/\",\"https:\/\/www.youtube.com\/channel\/UC7V2KZ5sd3htJivAbA4ZG3w\"],\"description\":\"Dicodusport est l'encyclop\u00e9die de l'actualit\u00e9 sportive.\",\"email\":\"bonjour@dicodusport.fr\",\"legalName\":\"DICODUSPORT\",\"foundingDate\":\"2018-01-14\",\"vatID\":\"FR71834470973\",\"taxID\":\"83447097300043\",\"numberOfEmployees\":{\"@type\":\"QuantitativeValue\",\"minValue\":\"1\",\"maxValue\":\"10\"}},{\"@type\":\"Person\",\"@id\":\"https:\/\/dicodusport.fr\/blog\/#\/schema\/person\/55dcb50ad410894e431ed812bbb70191\",\"name\":\"Nicolas Jacquemard\",\"image\":{\"@type\":\"ImageObject\",\"inLanguage\":\"fr-FR\",\"@id\":\"https:\/\/dicodusport.fr\/blog\/#\/schema\/person\/image\/\",\"url\":\"https:\/\/dicodusport.fr\/blog\/wp-content\/uploads\/2021\/05\/Nicolas-Jacquemard-150x150.jpeg\",\"contentUrl\":\"https:\/\/dicodusport.fr\/blog\/wp-content\/uploads\/2021\/05\/Nicolas-Jacquemard-150x150.jpeg\",\"caption\":\"Nicolas Jacquemard\"},\"description\":\"Passionn\u00e9 de sport et entrepreneur depuis mes 18 ans, la cr\u00e9ation de Dicodusport m'a sembl\u00e9 \u00e9vidente pour participer \u00e0 la m\u00e9diatisation d'un plus grand nombre de sports. Le chemin est long mais avec une \u00e9quipe des plus motiv\u00e9es et les Jeux Olympiques de Paris 2024 en point de mire, nous y arriverons ! Journaliste dans le monde du sport depuis plus de 5 ans, je traite aussi bien de football, de rugby, de biathlon que de cyclisme.\",\"sameAs\":[\"https:\/\/www.facebook.com\/dicodusport\",\"https:\/\/x.com\/https:\/\/twitter.com\/Nico_Jacquemard\"],\"url\":\"https:\/\/dicodusport.fr\/blog\/author\/dicodusport\/\"}]}<\/script>\n<!-- \/ Yoast SEO Premium plugin. -->","yoast_head_json":{"title":"La semaine de La Bande #8 : une deuxi\u00e8me place en Coupe de France","description":"C'est un week-end marqu\u00e9 par la victoire de Clement Bazin \u00e0 Mont de Marsan et la deuxi\u00e8me place du team en Coupe de France.","robots":{"index":"index","follow":"follow","max-snippet":"max-snippet:-1","max-image-preview":"max-image-preview:large","max-video-preview":"max-video-preview:-1"},"canonical":"https:\/\/dicodusport.fr\/blog\/semaine-de-bande-8-deuxieme-place-coupe-de-france\/","og_locale":"fr_FR","og_type":"article","og_title":"La semaine de La Bande #8 : une deuxi\u00e8me place en Coupe de France","og_description":"C'est un week-end marqu\u00e9 par la victoire de Clement Bazin \u00e0 Mont de Marsan et la deuxi\u00e8me place du team en Coupe de France.","og_url":"https:\/\/dicodusport.fr\/blog\/semaine-de-bande-8-deuxieme-place-coupe-de-france\/","og_site_name":"Dicodusport","article_publisher":"https:\/\/www.facebook.com\/dicodusport","article_author":"https:\/\/www.facebook.com\/dicodusport","article_published_time":"2017-05-11T15:22:47+00:00","article_modified_time":"2021-04-13T21:27:46+00:00","og_image":[{"width":1200,"height":670,"url":"https:\/\/dicodusport.fr\/blog\/wp-content\/uploads\/2017\/05\/victoire-clement-bazin.png","type":"image\/png"}],"author":"Nicolas Jacquemard","twitter_card":"summary_large_image","twitter_creator":"@https:\/\/twitter.com\/Nico_Jacquemard","twitter_site":"@dicodusport","schema":{"@context":"https:\/\/schema.org","@graph":[{"@type":"NewsArticle","@id":"https:\/\/dicodusport.fr\/blog\/semaine-de-bande-8-deuxieme-place-coupe-de-france\/#article","isPartOf":{"@id":"https:\/\/dicodusport.fr\/blog\/semaine-de-bande-8-deuxieme-place-coupe-de-france\/"},"author":{"name":"Nicolas Jacquemard","@id":"https:\/\/dicodusport.fr\/blog\/#\/schema\/person\/55dcb50ad410894e431ed812bbb70191"},"headline":"La semaine de La Bande #8 : une deuxi\u00e8me place en Coupe de France","datePublished":"2017-05-11T15:22:47+00:00","dateModified":"2021-04-13T21:27:46+00:00","mainEntityOfPage":{"@id":"https:\/\/dicodusport.fr\/blog\/semaine-de-bande-8-deuxieme-place-coupe-de-france\/"},"wordCount":867,"commentCount":0,"publisher":{"@id":"https:\/\/dicodusport.fr\/blog\/#organization"},"image":{"@id":"https:\/\/dicodusport.fr\/blog\/semaine-de-bande-8-deuxieme-place-coupe-de-france\/#primaryimage"},"thumbnailUrl":"https:\/\/dicodusport.fr\/blog\/wp-content\/uploads\/2017\/05\/victoire-clement-bazin.png","keywords":["Cyclisme","la bande","max massat","v\u00e9lo"],"articleSection":["Nos champions"],"inLanguage":"fr-FR","potentialAction":[{"@type":"CommentAction","name":"Comment","target":["https:\/\/dicodusport.fr\/blog\/semaine-de-bande-8-deuxieme-place-coupe-de-france\/#respond"]}],"copyrightYear":"2017","copyrightHolder":{"@id":"https:\/\/dicodusport.fr\/blog\/#organization"}},{"@type":"WebPage","@id":"https:\/\/dicodusport.fr\/blog\/semaine-de-bande-8-deuxieme-place-coupe-de-france\/","url":"https:\/\/dicodusport.fr\/blog\/semaine-de-bande-8-deuxieme-place-coupe-de-france\/","name":"La semaine de La Bande #8 : une deuxi\u00e8me place en Coupe de France","isPartOf":{"@id":"https:\/\/dicodusport.fr\/blog\/#website"},"primaryImageOfPage":{"@id":"https:\/\/dicodusport.fr\/blog\/semaine-de-bande-8-deuxieme-place-coupe-de-france\/#primaryimage"},"image":{"@id":"https:\/\/dicodusport.fr\/blog\/semaine-de-bande-8-deuxieme-place-coupe-de-france\/#primaryimage"},"thumbnailUrl":"https:\/\/dicodusport.fr\/blog\/wp-content\/uploads\/2017\/05\/victoire-clement-bazin.png","datePublished":"2017-05-11T15:22:47+00:00","dateModified":"2021-04-13T21:27:46+00:00","description":"C'est un week-end marqu\u00e9 par la victoire de Clement Bazin \u00e0 Mont de Marsan et la deuxi\u00e8me place du team en Coupe de France.","breadcrumb":{"@id":"https:\/\/dicodusport.fr\/blog\/semaine-de-bande-8-deuxieme-place-coupe-de-france\/#breadcrumb"},"inLanguage":"fr-FR","potentialAction":[{"@type":"ReadAction","target":["https:\/\/dicodusport.fr\/blog\/semaine-de-bande-8-deuxieme-place-coupe-de-france\/"]}]},{"@type":"ImageObject","inLanguage":"fr-FR","@id":"https:\/\/dicodusport.fr\/blog\/semaine-de-bande-8-deuxieme-place-coupe-de-france\/#primaryimage","url":"https:\/\/dicodusport.fr\/blog\/wp-content\/uploads\/2017\/05\/victoire-clement-bazin.png","contentUrl":"https:\/\/dicodusport.fr\/blog\/wp-content\/uploads\/2017\/05\/victoire-clement-bazin.png","width":1200,"height":670,"caption":"deuxi\u00e8me place coupe de france"},{"@type":"BreadcrumbList","@id":"https:\/\/dicodusport.fr\/blog\/semaine-de-bande-8-deuxieme-place-coupe-de-france\/#breadcrumb","itemListElement":[{"@type":"ListItem","position":1,"name":"Accueil","item":"https:\/\/dicodusport.fr\/blog\/"},{"@type":"ListItem","position":2,"name":"La semaine de La Bande #8 : une deuxi\u00e8me place en Coupe de France"}]},{"@type":"WebSite","@id":"https:\/\/dicodusport.fr\/blog\/#website","url":"https:\/\/dicodusport.fr\/blog\/","name":"Dicodusport","description":"L&#039;encyclop\u00e9die de l&#039;actualit\u00e9 sportive","publisher":{"@id":"https:\/\/dicodusport.fr\/blog\/#organization"},"potentialAction":[{"@type":"SearchAction","target":{"@type":"EntryPoint","urlTemplate":"https:\/\/dicodusport.fr\/blog\/?s={search_term_string}"},"query-input":{"@type":"PropertyValueSpecification","valueRequired":true,"valueName":"search_term_string"}}],"inLanguage":"fr-FR"},{"@type":"NewsMediaOrganization","@id":"https:\/\/dicodusport.fr\/blog\/#organization","name":"Dicodusport","url":"https:\/\/dicodusport.fr\/blog\/","logo":{"@type":"ImageObject","inLanguage":"fr-FR","@id":"https:\/\/dicodusport.fr\/blog\/#\/schema\/logo\/image\/","url":"https:\/\/dicodusport.fr\/blog\/wp-content\/uploads\/2020\/06\/cropped-LOGO-DICODUSPORT-2020-SANS-FOND-SANS-TEXTE.png","contentUrl":"https:\/\/dicodusport.fr\/blog\/wp-content\/uploads\/2020\/06\/cropped-LOGO-DICODUSPORT-2020-SANS-FOND-SANS-TEXTE.png","width":512,"height":512,"caption":"Dicodusport"},"image":{"@id":"https:\/\/dicodusport.fr\/blog\/#\/schema\/logo\/image\/"},"sameAs":["https:\/\/www.facebook.com\/dicodusport","https:\/\/x.com\/dicodusport","https:\/\/www.instagram.com\/dicodusport\/","https:\/\/www.youtube.com\/channel\/UC7V2KZ5sd3htJivAbA4ZG3w"],"description":"Dicodusport est l'encyclop\u00e9die de l'actualit\u00e9 sportive.","email":"bonjour@dicodusport.fr","legalName":"DICODUSPORT","foundingDate":"2018-01-14","vatID":"FR71834470973","taxID":"83447097300043","numberOfEmployees":{"@type":"QuantitativeValue","minValue":"1","maxValue":"10"}},{"@type":"Person","@id":"https:\/\/dicodusport.fr\/blog\/#\/schema\/person\/55dcb50ad410894e431ed812bbb70191","name":"Nicolas Jacquemard","image":{"@type":"ImageObject","inLanguage":"fr-FR","@id":"https:\/\/dicodusport.fr\/blog\/#\/schema\/person\/image\/","url":"https:\/\/dicodusport.fr\/blog\/wp-content\/uploads\/2021\/05\/Nicolas-Jacquemard-150x150.jpeg","contentUrl":"https:\/\/dicodusport.fr\/blog\/wp-content\/uploads\/2021\/05\/Nicolas-Jacquemard-150x150.jpeg","caption":"Nicolas Jacquemard"},"description":"Passionn\u00e9 de sport et entrepreneur depuis mes 18 ans, la cr\u00e9ation de Dicodusport m'a sembl\u00e9 \u00e9vidente pour participer \u00e0 la m\u00e9diatisation d'un plus grand nombre de sports. Le chemin est long mais avec une \u00e9quipe des plus motiv\u00e9es et les Jeux Olympiques de Paris 2024 en point de mire, nous y arriverons ! Journaliste dans le monde du sport depuis plus de 5 ans, je traite aussi bien de football, de rugby, de biathlon que de cyclisme.","sameAs":["https:\/\/www.facebook.com\/dicodusport","https:\/\/x.com\/https:\/\/twitter.com\/Nico_Jacquemard"],"url":"https:\/\/dicodusport.fr\/blog\/author\/dicodusport\/"}]}},"_links":{"self":[{"href":"https:\/\/dicodusport.fr\/blog\/wp-json\/wp\/v2\/posts\/1679","targetHints":{"allow":["GET"]}}],"collection":[{"href":"https:\/\/dicodusport.fr\/blog\/wp-json\/wp\/v2\/posts"}],"about":[{"href":"https:\/\/dicodusport.fr\/blog\/wp-json\/wp\/v2\/types\/post"}],"author":[{"embeddable":true,"href":"https:\/\/dicodusport.fr\/blog\/wp-json\/wp\/v2\/users\/1"}],"replies":[{"embeddable":true,"href":"https:\/\/dicodusport.fr\/blog\/wp-json\/wp\/v2\/comments?post=1679"}],"version-history":[{"count":0,"href":"https:\/\/dicodusport.fr\/blog\/wp-json\/wp\/v2\/posts\/1679\/revisions"}],"wp:featuredmedia":[{"embeddable":true,"href":"https:\/\/dicodusport.fr\/blog\/wp-json\/wp\/v2\/media\/1680"}],"wp:attachment":[{"href":"https:\/\/dicodusport.fr\/blog\/wp-json\/wp\/v2\/media?parent=1679"}],"wp:term":[{"taxonomy":"category","embeddable":true,"href":"https:\/\/dicodusport.fr\/blog\/wp-json\/wp\/v2\/categories?post=1679"},{"taxonomy":"post_tag","embeddable":true,"href":"https:\/\/dicodusport.fr\/blog\/wp-json\/wp\/v2\/tags?post=1679"}],"curies":[{"name":"wp","href":"https:\/\/api.w.org\/{rel}","templated":true}]}}