{"id":168027,"date":"2021-09-20T14:01:23","date_gmt":"2021-09-20T12:01:23","guid":{"rendered":"https:\/\/dicodusport.fr\/blog\/?p=168027&#038;preview=true&#038;preview_id=168027"},"modified":"2021-09-20T14:05:26","modified_gmt":"2021-09-20T12:05:26","slug":"james-rodriguez-avec-laurent-blanc-au-qatar","status":"publish","type":"post","link":"https:\/\/dicodusport.fr\/blog\/james-rodriguez-avec-laurent-blanc-au-qatar\/","title":{"rendered":"James Rodriguez avec Laurent Blanc au Qatar ?"},"content":{"rendered":"<p style=\"text-align: justify;\"><strong><em>FOOTBALL &#8211; Selon plusieurs sources dont Sky Sports et Foot Mercato, James Rodriguez devrait quitter Everton pour rejoindre Laurent Blanc au Qatar.\u00a0<\/em><\/strong><\/p>\n<p style=\"text-align: justify;\"><strong>James Rodriguez<\/strong> n&rsquo;a pas jou\u00e9 une seule minute depuis le d\u00e9but de la saison, et l&rsquo;arriv\u00e9e du nouvel entra\u00eeneur Rafael Benitez. Son avenir devrait s&rsquo;inscrire loin d&rsquo;Everton et de l&rsquo;Angleterre, puisque le Colombien est en n\u00e9gociations avanc\u00e9es avec <strong>Al-Rayyan<\/strong>, club qatari entrain\u00e9 par <strong>Laurent Blanc<\/strong>. \u00c0 30 ans, les derni\u00e8res saisons de James Rodriguez ont \u00e9t\u00e9 marqu\u00e9es par de nombreuses blessures. Mais son d\u00e9part dans un championnat de ce niveau interpelle quand on conna\u00eet le talent du joueur.<\/p>\n<blockquote class=\"twitter-tweet\">\n<p dir=\"ltr\" lang=\"fr\">&#x1f6a8;Info : James Rodriguez &#x1f1e8;&#x1f1f4; discute bien avec un club &#x1f1f6;&#x1f1e6;. Il s&rsquo;agit d&rsquo;Al-Rayyan, entra\u00een\u00e9 par Laurent Blanc &#x1f1eb;&#x1f1f7;.<a href=\"https:\/\/t.co\/DPU0eMWTgB\">https:\/\/t.co\/DPU0eMWTgB<\/a><\/p>\n<p>\u2014 Santi Aouna (@Santi_J_FM) <a href=\"https:\/\/twitter.com\/Santi_J_FM\/status\/1439912884557975554?ref_src=twsrc%5Etfw\">September 20, 2021<\/a><\/p><\/blockquote>\n<p><script async src=\"https:\/\/platform.twitter.com\/widgets.js\" charset=\"utf-8\"><\/script><\/p>\n","protected":false},"excerpt":{"rendered":"<p>Selon plusieurs sources dont Sky Sports et Foot Mercato, James Rodriguez devrait quitter Everton pour rejoindre Laurent Blanc au Qatar.<\/p>\n","protected":false},"author":1,"featured_media":168030,"comment_status":"open","ping_status":"closed","sticky":false,"template":"","format":"standard","meta":{"_acf_changed":false,"_daextam_enable_autolinks":"","footnotes":""},"categories":[2301],"tags":[75,6707],"class_list":["post-168027","post","type-post","status-publish","format-standard","has-post-thumbnail","hentry","category-football","tag-football","tag-laurent-blanc"],"acf":[],"yoast_head":"<!-- This site is optimized with the Yoast SEO Premium plugin v26.7 (Yoast SEO v26.7) - https:\/\/yoast.com\/wordpress\/plugins\/seo\/ -->\n<title>James Rodriguez avec Laurent Blanc au Qatar ?<\/title>\n<meta name=\"description\" content=\"Selon plusieurs sources dont Sky Sports et Foot Mercato, James Rodriguez devrait quitter Everton pour rejoindre Laurent Blanc au Qatar.\" \/>\n<meta name=\"robots\" content=\"index, follow, max-snippet:-1, max-image-preview:large, max-video-preview:-1\" \/>\n<link rel=\"canonical\" href=\"https:\/\/dicodusport.fr\/blog\/james-rodriguez-avec-laurent-blanc-au-qatar\/\" \/>\n<meta property=\"og:locale\" content=\"fr_FR\" \/>\n<meta property=\"og:type\" content=\"article\" \/>\n<meta property=\"og:title\" content=\"James Rodriguez avec Laurent Blanc au Qatar ?\" \/>\n<meta property=\"og:description\" content=\"Selon plusieurs sources dont Sky Sports et Foot Mercato, James Rodriguez devrait quitter Everton pour rejoindre Laurent Blanc au Qatar.\" \/>\n<meta property=\"og:url\" content=\"https:\/\/dicodusport.fr\/blog\/james-rodriguez-avec-laurent-blanc-au-qatar\/\" \/>\n<meta property=\"og:site_name\" content=\"Dicodusport\" \/>\n<meta property=\"article:publisher\" content=\"https:\/\/www.facebook.com\/dicodusport\" \/>\n<meta property=\"article:author\" content=\"https:\/\/www.facebook.com\/dicodusport\" \/>\n<meta property=\"article:published_time\" content=\"2021-09-20T12:01:23+00:00\" \/>\n<meta property=\"article:modified_time\" content=\"2021-09-20T12:05:26+00:00\" \/>\n<meta property=\"og:image\" content=\"https:\/\/dicodusport.fr\/blog\/wp-content\/uploads\/2021\/09\/James-Rodriguez-avec-Laurent-Blanc-au-Qatar-.png\" \/>\n\t<meta property=\"og:image:width\" content=\"800\" \/>\n\t<meta property=\"og:image:height\" content=\"445\" \/>\n\t<meta property=\"og:image:type\" content=\"image\/png\" \/>\n<meta name=\"author\" content=\"Nicolas Jacquemard\" \/>\n<meta name=\"twitter:card\" content=\"summary_large_image\" \/>\n<meta name=\"twitter:title\" content=\"James Rodriguez avec Laurent Blanc au Qatar ?\" \/>\n<meta name=\"twitter:creator\" content=\"@https:\/\/twitter.com\/Nico_Jacquemard\" \/>\n<meta name=\"twitter:site\" content=\"@dicodusport\" \/>\n<script type=\"application\/ld+json\" class=\"yoast-schema-graph\">{\"@context\":\"https:\/\/schema.org\",\"@graph\":[{\"@type\":\"NewsArticle\",\"@id\":\"https:\/\/dicodusport.fr\/blog\/james-rodriguez-avec-laurent-blanc-au-qatar\/#article\",\"isPartOf\":{\"@id\":\"https:\/\/dicodusport.fr\/blog\/james-rodriguez-avec-laurent-blanc-au-qatar\/\"},\"author\":{\"name\":\"Nicolas Jacquemard\",\"@id\":\"https:\/\/dicodusport.fr\/blog\/#\/schema\/person\/55dcb50ad410894e431ed812bbb70191\"},\"headline\":\"James Rodriguez avec Laurent Blanc au Qatar ?\",\"datePublished\":\"2021-09-20T12:01:23+00:00\",\"dateModified\":\"2021-09-20T12:05:26+00:00\",\"mainEntityOfPage\":{\"@id\":\"https:\/\/dicodusport.fr\/blog\/james-rodriguez-avec-laurent-blanc-au-qatar\/\"},\"wordCount\":169,\"commentCount\":0,\"publisher\":{\"@id\":\"https:\/\/dicodusport.fr\/blog\/#organization\"},\"image\":{\"@id\":\"https:\/\/dicodusport.fr\/blog\/james-rodriguez-avec-laurent-blanc-au-qatar\/#primaryimage\"},\"thumbnailUrl\":\"https:\/\/dicodusport.fr\/blog\/wp-content\/uploads\/2021\/09\/James-Rodriguez-avec-Laurent-Blanc-au-Qatar-.png\",\"keywords\":[\"Football\",\"Laurent Blanc\"],\"articleSection\":[\"Football\"],\"inLanguage\":\"fr-FR\",\"potentialAction\":[{\"@type\":\"CommentAction\",\"name\":\"Comment\",\"target\":[\"https:\/\/dicodusport.fr\/blog\/james-rodriguez-avec-laurent-blanc-au-qatar\/#respond\"]}],\"copyrightYear\":\"2021\",\"copyrightHolder\":{\"@id\":\"https:\/\/dicodusport.fr\/blog\/#organization\"}},{\"@type\":\"WebPage\",\"@id\":\"https:\/\/dicodusport.fr\/blog\/james-rodriguez-avec-laurent-blanc-au-qatar\/\",\"url\":\"https:\/\/dicodusport.fr\/blog\/james-rodriguez-avec-laurent-blanc-au-qatar\/\",\"name\":\"James Rodriguez avec Laurent Blanc au Qatar ?\",\"isPartOf\":{\"@id\":\"https:\/\/dicodusport.fr\/blog\/#website\"},\"primaryImageOfPage\":{\"@id\":\"https:\/\/dicodusport.fr\/blog\/james-rodriguez-avec-laurent-blanc-au-qatar\/#primaryimage\"},\"image\":{\"@id\":\"https:\/\/dicodusport.fr\/blog\/james-rodriguez-avec-laurent-blanc-au-qatar\/#primaryimage\"},\"thumbnailUrl\":\"https:\/\/dicodusport.fr\/blog\/wp-content\/uploads\/2021\/09\/James-Rodriguez-avec-Laurent-Blanc-au-Qatar-.png\",\"datePublished\":\"2021-09-20T12:01:23+00:00\",\"dateModified\":\"2021-09-20T12:05:26+00:00\",\"description\":\"Selon plusieurs sources dont Sky Sports et Foot Mercato, James Rodriguez devrait quitter Everton pour rejoindre Laurent Blanc au Qatar.\",\"breadcrumb\":{\"@id\":\"https:\/\/dicodusport.fr\/blog\/james-rodriguez-avec-laurent-blanc-au-qatar\/#breadcrumb\"},\"inLanguage\":\"fr-FR\",\"potentialAction\":[{\"@type\":\"ReadAction\",\"target\":[\"https:\/\/dicodusport.fr\/blog\/james-rodriguez-avec-laurent-blanc-au-qatar\/\"]}]},{\"@type\":\"ImageObject\",\"inLanguage\":\"fr-FR\",\"@id\":\"https:\/\/dicodusport.fr\/blog\/james-rodriguez-avec-laurent-blanc-au-qatar\/#primaryimage\",\"url\":\"https:\/\/dicodusport.fr\/blog\/wp-content\/uploads\/2021\/09\/James-Rodriguez-avec-Laurent-Blanc-au-Qatar-.png\",\"contentUrl\":\"https:\/\/dicodusport.fr\/blog\/wp-content\/uploads\/2021\/09\/James-Rodriguez-avec-Laurent-Blanc-au-Qatar-.png\",\"width\":800,\"height\":445},{\"@type\":\"BreadcrumbList\",\"@id\":\"https:\/\/dicodusport.fr\/blog\/james-rodriguez-avec-laurent-blanc-au-qatar\/#breadcrumb\",\"itemListElement\":[{\"@type\":\"ListItem\",\"position\":1,\"name\":\"Accueil\",\"item\":\"https:\/\/dicodusport.fr\/blog\/\"},{\"@type\":\"ListItem\",\"position\":2,\"name\":\"James Rodriguez avec Laurent Blanc au Qatar ?\"}]},{\"@type\":\"WebSite\",\"@id\":\"https:\/\/dicodusport.fr\/blog\/#website\",\"url\":\"https:\/\/dicodusport.fr\/blog\/\",\"name\":\"Dicodusport\",\"description\":\"L&#039;encyclop\u00e9die de l&#039;actualit\u00e9 sportive\",\"publisher\":{\"@id\":\"https:\/\/dicodusport.fr\/blog\/#organization\"},\"potentialAction\":[{\"@type\":\"SearchAction\",\"target\":{\"@type\":\"EntryPoint\",\"urlTemplate\":\"https:\/\/dicodusport.fr\/blog\/?s={search_term_string}\"},\"query-input\":{\"@type\":\"PropertyValueSpecification\",\"valueRequired\":true,\"valueName\":\"search_term_string\"}}],\"inLanguage\":\"fr-FR\"},{\"@type\":\"NewsMediaOrganization\",\"@id\":\"https:\/\/dicodusport.fr\/blog\/#organization\",\"name\":\"Dicodusport\",\"url\":\"https:\/\/dicodusport.fr\/blog\/\",\"logo\":{\"@type\":\"ImageObject\",\"inLanguage\":\"fr-FR\",\"@id\":\"https:\/\/dicodusport.fr\/blog\/#\/schema\/logo\/image\/\",\"url\":\"https:\/\/dicodusport.fr\/blog\/wp-content\/uploads\/2020\/06\/cropped-LOGO-DICODUSPORT-2020-SANS-FOND-SANS-TEXTE.png\",\"contentUrl\":\"https:\/\/dicodusport.fr\/blog\/wp-content\/uploads\/2020\/06\/cropped-LOGO-DICODUSPORT-2020-SANS-FOND-SANS-TEXTE.png\",\"width\":512,\"height\":512,\"caption\":\"Dicodusport\"},\"image\":{\"@id\":\"https:\/\/dicodusport.fr\/blog\/#\/schema\/logo\/image\/\"},\"sameAs\":[\"https:\/\/www.facebook.com\/dicodusport\",\"https:\/\/x.com\/dicodusport\",\"https:\/\/www.instagram.com\/dicodusport\/\",\"https:\/\/www.youtube.com\/channel\/UC7V2KZ5sd3htJivAbA4ZG3w\"],\"description\":\"Dicodusport est l'encyclop\u00e9die de l'actualit\u00e9 sportive.\",\"email\":\"bonjour@dicodusport.fr\",\"legalName\":\"DICODUSPORT\",\"foundingDate\":\"2018-01-14\",\"vatID\":\"FR71834470973\",\"taxID\":\"83447097300043\",\"numberOfEmployees\":{\"@type\":\"QuantitativeValue\",\"minValue\":\"1\",\"maxValue\":\"10\"}},{\"@type\":\"Person\",\"@id\":\"https:\/\/dicodusport.fr\/blog\/#\/schema\/person\/55dcb50ad410894e431ed812bbb70191\",\"name\":\"Nicolas Jacquemard\",\"image\":{\"@type\":\"ImageObject\",\"inLanguage\":\"fr-FR\",\"@id\":\"https:\/\/dicodusport.fr\/blog\/#\/schema\/person\/image\/\",\"url\":\"https:\/\/dicodusport.fr\/blog\/wp-content\/uploads\/2021\/05\/Nicolas-Jacquemard-150x150.jpeg\",\"contentUrl\":\"https:\/\/dicodusport.fr\/blog\/wp-content\/uploads\/2021\/05\/Nicolas-Jacquemard-150x150.jpeg\",\"caption\":\"Nicolas Jacquemard\"},\"description\":\"Passionn\u00e9 de sport et entrepreneur depuis mes 18 ans, la cr\u00e9ation de Dicodusport m'a sembl\u00e9 \u00e9vidente pour participer \u00e0 la m\u00e9diatisation d'un plus grand nombre de sports. Le chemin est long mais avec une \u00e9quipe des plus motiv\u00e9es et les Jeux Olympiques de Paris 2024 en point de mire, nous y arriverons ! Journaliste dans le monde du sport depuis plus de 5 ans, je traite aussi bien de football, de rugby, de biathlon que de cyclisme.\",\"sameAs\":[\"https:\/\/www.facebook.com\/dicodusport\",\"https:\/\/x.com\/https:\/\/twitter.com\/Nico_Jacquemard\"],\"url\":\"https:\/\/dicodusport.fr\/blog\/author\/dicodusport\/\"}]}<\/script>\n<!-- \/ Yoast SEO Premium plugin. -->","yoast_head_json":{"title":"James Rodriguez avec Laurent Blanc au Qatar ?","description":"Selon plusieurs sources dont Sky Sports et Foot Mercato, James Rodriguez devrait quitter Everton pour rejoindre Laurent Blanc au Qatar.","robots":{"index":"index","follow":"follow","max-snippet":"max-snippet:-1","max-image-preview":"max-image-preview:large","max-video-preview":"max-video-preview:-1"},"canonical":"https:\/\/dicodusport.fr\/blog\/james-rodriguez-avec-laurent-blanc-au-qatar\/","og_locale":"fr_FR","og_type":"article","og_title":"James Rodriguez avec Laurent Blanc au Qatar ?","og_description":"Selon plusieurs sources dont Sky Sports et Foot Mercato, James Rodriguez devrait quitter Everton pour rejoindre Laurent Blanc au Qatar.","og_url":"https:\/\/dicodusport.fr\/blog\/james-rodriguez-avec-laurent-blanc-au-qatar\/","og_site_name":"Dicodusport","article_publisher":"https:\/\/www.facebook.com\/dicodusport","article_author":"https:\/\/www.facebook.com\/dicodusport","article_published_time":"2021-09-20T12:01:23+00:00","article_modified_time":"2021-09-20T12:05:26+00:00","og_image":[{"width":800,"height":445,"url":"https:\/\/dicodusport.fr\/blog\/wp-content\/uploads\/2021\/09\/James-Rodriguez-avec-Laurent-Blanc-au-Qatar-.png","type":"image\/png"}],"author":"Nicolas Jacquemard","twitter_card":"summary_large_image","twitter_title":"James Rodriguez avec Laurent Blanc au Qatar ?","twitter_creator":"@https:\/\/twitter.com\/Nico_Jacquemard","twitter_site":"@dicodusport","schema":{"@context":"https:\/\/schema.org","@graph":[{"@type":"NewsArticle","@id":"https:\/\/dicodusport.fr\/blog\/james-rodriguez-avec-laurent-blanc-au-qatar\/#article","isPartOf":{"@id":"https:\/\/dicodusport.fr\/blog\/james-rodriguez-avec-laurent-blanc-au-qatar\/"},"author":{"name":"Nicolas Jacquemard","@id":"https:\/\/dicodusport.fr\/blog\/#\/schema\/person\/55dcb50ad410894e431ed812bbb70191"},"headline":"James Rodriguez avec Laurent Blanc au Qatar ?","datePublished":"2021-09-20T12:01:23+00:00","dateModified":"2021-09-20T12:05:26+00:00","mainEntityOfPage":{"@id":"https:\/\/dicodusport.fr\/blog\/james-rodriguez-avec-laurent-blanc-au-qatar\/"},"wordCount":169,"commentCount":0,"publisher":{"@id":"https:\/\/dicodusport.fr\/blog\/#organization"},"image":{"@id":"https:\/\/dicodusport.fr\/blog\/james-rodriguez-avec-laurent-blanc-au-qatar\/#primaryimage"},"thumbnailUrl":"https:\/\/dicodusport.fr\/blog\/wp-content\/uploads\/2021\/09\/James-Rodriguez-avec-Laurent-Blanc-au-Qatar-.png","keywords":["Football","Laurent Blanc"],"articleSection":["Football"],"inLanguage":"fr-FR","potentialAction":[{"@type":"CommentAction","name":"Comment","target":["https:\/\/dicodusport.fr\/blog\/james-rodriguez-avec-laurent-blanc-au-qatar\/#respond"]}],"copyrightYear":"2021","copyrightHolder":{"@id":"https:\/\/dicodusport.fr\/blog\/#organization"}},{"@type":"WebPage","@id":"https:\/\/dicodusport.fr\/blog\/james-rodriguez-avec-laurent-blanc-au-qatar\/","url":"https:\/\/dicodusport.fr\/blog\/james-rodriguez-avec-laurent-blanc-au-qatar\/","name":"James Rodriguez avec Laurent Blanc au Qatar ?","isPartOf":{"@id":"https:\/\/dicodusport.fr\/blog\/#website"},"primaryImageOfPage":{"@id":"https:\/\/dicodusport.fr\/blog\/james-rodriguez-avec-laurent-blanc-au-qatar\/#primaryimage"},"image":{"@id":"https:\/\/dicodusport.fr\/blog\/james-rodriguez-avec-laurent-blanc-au-qatar\/#primaryimage"},"thumbnailUrl":"https:\/\/dicodusport.fr\/blog\/wp-content\/uploads\/2021\/09\/James-Rodriguez-avec-Laurent-Blanc-au-Qatar-.png","datePublished":"2021-09-20T12:01:23+00:00","dateModified":"2021-09-20T12:05:26+00:00","description":"Selon plusieurs sources dont Sky Sports et Foot Mercato, James Rodriguez devrait quitter Everton pour rejoindre Laurent Blanc au Qatar.","breadcrumb":{"@id":"https:\/\/dicodusport.fr\/blog\/james-rodriguez-avec-laurent-blanc-au-qatar\/#breadcrumb"},"inLanguage":"fr-FR","potentialAction":[{"@type":"ReadAction","target":["https:\/\/dicodusport.fr\/blog\/james-rodriguez-avec-laurent-blanc-au-qatar\/"]}]},{"@type":"ImageObject","inLanguage":"fr-FR","@id":"https:\/\/dicodusport.fr\/blog\/james-rodriguez-avec-laurent-blanc-au-qatar\/#primaryimage","url":"https:\/\/dicodusport.fr\/blog\/wp-content\/uploads\/2021\/09\/James-Rodriguez-avec-Laurent-Blanc-au-Qatar-.png","contentUrl":"https:\/\/dicodusport.fr\/blog\/wp-content\/uploads\/2021\/09\/James-Rodriguez-avec-Laurent-Blanc-au-Qatar-.png","width":800,"height":445},{"@type":"BreadcrumbList","@id":"https:\/\/dicodusport.fr\/blog\/james-rodriguez-avec-laurent-blanc-au-qatar\/#breadcrumb","itemListElement":[{"@type":"ListItem","position":1,"name":"Accueil","item":"https:\/\/dicodusport.fr\/blog\/"},{"@type":"ListItem","position":2,"name":"James Rodriguez avec Laurent Blanc au Qatar ?"}]},{"@type":"WebSite","@id":"https:\/\/dicodusport.fr\/blog\/#website","url":"https:\/\/dicodusport.fr\/blog\/","name":"Dicodusport","description":"L&#039;encyclop\u00e9die de l&#039;actualit\u00e9 sportive","publisher":{"@id":"https:\/\/dicodusport.fr\/blog\/#organization"},"potentialAction":[{"@type":"SearchAction","target":{"@type":"EntryPoint","urlTemplate":"https:\/\/dicodusport.fr\/blog\/?s={search_term_string}"},"query-input":{"@type":"PropertyValueSpecification","valueRequired":true,"valueName":"search_term_string"}}],"inLanguage":"fr-FR"},{"@type":"NewsMediaOrganization","@id":"https:\/\/dicodusport.fr\/blog\/#organization","name":"Dicodusport","url":"https:\/\/dicodusport.fr\/blog\/","logo":{"@type":"ImageObject","inLanguage":"fr-FR","@id":"https:\/\/dicodusport.fr\/blog\/#\/schema\/logo\/image\/","url":"https:\/\/dicodusport.fr\/blog\/wp-content\/uploads\/2020\/06\/cropped-LOGO-DICODUSPORT-2020-SANS-FOND-SANS-TEXTE.png","contentUrl":"https:\/\/dicodusport.fr\/blog\/wp-content\/uploads\/2020\/06\/cropped-LOGO-DICODUSPORT-2020-SANS-FOND-SANS-TEXTE.png","width":512,"height":512,"caption":"Dicodusport"},"image":{"@id":"https:\/\/dicodusport.fr\/blog\/#\/schema\/logo\/image\/"},"sameAs":["https:\/\/www.facebook.com\/dicodusport","https:\/\/x.com\/dicodusport","https:\/\/www.instagram.com\/dicodusport\/","https:\/\/www.youtube.com\/channel\/UC7V2KZ5sd3htJivAbA4ZG3w"],"description":"Dicodusport est l'encyclop\u00e9die de l'actualit\u00e9 sportive.","email":"bonjour@dicodusport.fr","legalName":"DICODUSPORT","foundingDate":"2018-01-14","vatID":"FR71834470973","taxID":"83447097300043","numberOfEmployees":{"@type":"QuantitativeValue","minValue":"1","maxValue":"10"}},{"@type":"Person","@id":"https:\/\/dicodusport.fr\/blog\/#\/schema\/person\/55dcb50ad410894e431ed812bbb70191","name":"Nicolas Jacquemard","image":{"@type":"ImageObject","inLanguage":"fr-FR","@id":"https:\/\/dicodusport.fr\/blog\/#\/schema\/person\/image\/","url":"https:\/\/dicodusport.fr\/blog\/wp-content\/uploads\/2021\/05\/Nicolas-Jacquemard-150x150.jpeg","contentUrl":"https:\/\/dicodusport.fr\/blog\/wp-content\/uploads\/2021\/05\/Nicolas-Jacquemard-150x150.jpeg","caption":"Nicolas Jacquemard"},"description":"Passionn\u00e9 de sport et entrepreneur depuis mes 18 ans, la cr\u00e9ation de Dicodusport m'a sembl\u00e9 \u00e9vidente pour participer \u00e0 la m\u00e9diatisation d'un plus grand nombre de sports. Le chemin est long mais avec une \u00e9quipe des plus motiv\u00e9es et les Jeux Olympiques de Paris 2024 en point de mire, nous y arriverons ! Journaliste dans le monde du sport depuis plus de 5 ans, je traite aussi bien de football, de rugby, de biathlon que de cyclisme.","sameAs":["https:\/\/www.facebook.com\/dicodusport","https:\/\/x.com\/https:\/\/twitter.com\/Nico_Jacquemard"],"url":"https:\/\/dicodusport.fr\/blog\/author\/dicodusport\/"}]}},"_links":{"self":[{"href":"https:\/\/dicodusport.fr\/blog\/wp-json\/wp\/v2\/posts\/168027","targetHints":{"allow":["GET"]}}],"collection":[{"href":"https:\/\/dicodusport.fr\/blog\/wp-json\/wp\/v2\/posts"}],"about":[{"href":"https:\/\/dicodusport.fr\/blog\/wp-json\/wp\/v2\/types\/post"}],"author":[{"embeddable":true,"href":"https:\/\/dicodusport.fr\/blog\/wp-json\/wp\/v2\/users\/1"}],"replies":[{"embeddable":true,"href":"https:\/\/dicodusport.fr\/blog\/wp-json\/wp\/v2\/comments?post=168027"}],"version-history":[{"count":0,"href":"https:\/\/dicodusport.fr\/blog\/wp-json\/wp\/v2\/posts\/168027\/revisions"}],"wp:featuredmedia":[{"embeddable":true,"href":"https:\/\/dicodusport.fr\/blog\/wp-json\/wp\/v2\/media\/168030"}],"wp:attachment":[{"href":"https:\/\/dicodusport.fr\/blog\/wp-json\/wp\/v2\/media?parent=168027"}],"wp:term":[{"taxonomy":"category","embeddable":true,"href":"https:\/\/dicodusport.fr\/blog\/wp-json\/wp\/v2\/categories?post=168027"},{"taxonomy":"post_tag","embeddable":true,"href":"https:\/\/dicodusport.fr\/blog\/wp-json\/wp\/v2\/tags?post=168027"}],"curies":[{"name":"wp","href":"https:\/\/api.w.org\/{rel}","templated":true}]}}