{"id":168112,"date":"2021-09-20T19:10:39","date_gmt":"2021-09-20T17:10:39","guid":{"rendered":"https:\/\/dicodusport.fr\/blog\/?p=168112&#038;preview=true&#038;preview_id=168112"},"modified":"2021-09-20T20:35:56","modified_gmt":"2021-09-20T18:35:56","slug":"championnats-du-monde-2021-profil-et-parcours-contre-la-montre-juniors-hommes","status":"publish","type":"post","link":"https:\/\/dicodusport.fr\/blog\/championnats-du-monde-2021-profil-et-parcours-contre-la-montre-juniors-hommes\/","title":{"rendered":"Championnats du monde : Profil et parcours du contre-la-montre juniors hommes"},"content":{"rendered":"<p style=\"text-align: justify;\"><strong><em><a href=\"https:\/\/dicodusport.fr\/blog\/actualites\/cyclisme\/championnats-monde-cyclisme-sur-route-2021\/\">CYCLISME SUR ROUTE &#8211; CHAMPIONNATS DU MONDE 2021<\/a> &#8211; <span class=\"tojvnm2t a6sixzi8 abs2jz4q a8s20v7p t1p8iaqh k5wvi7nf q3lfd5jv pk4s997a bipmatt0 cebpdrjk qowsmv63 owwhemhu dp1hu0rb dhp61c6y iyyx5f41\">D\u00e9couvrez le profil et le parcours du contre-la-montre juniors hommes (22,3 km) qui se d\u00e9roule ce mardi 21 septembre. Comme pour les juniors dames, le d\u00e9part s&rsquo;effectuera sur le bord de mer, sur un trac\u00e9 plat comme la main ou presque.<\/span><\/em><\/strong><\/p>\n<div id=\"attachment_168115\" style=\"width: 734px\" class=\"wp-caption aligncenter\"><img loading=\"lazy\" decoding=\"async\" aria-describedby=\"caption-attachment-168115\" class=\"size-large wp-image-168115\" src=\"https:\/\/dicodusport.fr\/blog\/wp-content\/uploads\/2021\/09\/Championnats-du-monde-Profil-et-parcours-du-contre-la-montre-juniors-hommes-724x1024.jpg\" alt=\"Championnats du monde - Profil et parcours du contre-la-montre juniors hommes\" width=\"724\" height=\"1024\" srcset=\"https:\/\/dicodusport.fr\/blog\/wp-content\/uploads\/2021\/09\/Championnats-du-monde-Profil-et-parcours-du-contre-la-montre-juniors-hommes-724x1024.jpg 724w, https:\/\/dicodusport.fr\/blog\/wp-content\/uploads\/2021\/09\/Championnats-du-monde-Profil-et-parcours-du-contre-la-montre-juniors-hommes-212x300.jpg 212w, https:\/\/dicodusport.fr\/blog\/wp-content\/uploads\/2021\/09\/Championnats-du-monde-Profil-et-parcours-du-contre-la-montre-juniors-hommes-768x1086.jpg 768w, https:\/\/dicodusport.fr\/blog\/wp-content\/uploads\/2021\/09\/Championnats-du-monde-Profil-et-parcours-du-contre-la-montre-juniors-hommes-1086x1536.jpg 1086w, https:\/\/dicodusport.fr\/blog\/wp-content\/uploads\/2021\/09\/Championnats-du-monde-Profil-et-parcours-du-contre-la-montre-juniors-hommes.jpg 1414w\" sizes=\"auto, (max-width: 724px) 100vw, 724px\" \/><p id=\"caption-attachment-168115\" class=\"wp-caption-text\">Championnats du monde &#8211; Profil et parcours du contre-la-montre juniors hommes<\/p><\/div>\n","protected":false},"excerpt":{"rendered":"<p>CYCLISME SUR ROUTE &#8211; CHAMPIONNATS DU MONDE 2021 &#8211; D\u00e9couvrez le profil et le parcours du contre-la-montre juniors hommes (22,3 km) qui se d\u00e9roule ce mardi 21 septembre. Comme pour les juniors dames, le d\u00e9part s&rsquo;effectuera sur le bord de mer, sur un trac\u00e9 plat comme la main ou presque.<\/p>\n","protected":false},"author":4,"featured_media":167394,"comment_status":"open","ping_status":"closed","sticky":false,"template":"","format":"standard","meta":{"_acf_changed":false,"_daextam_enable_autolinks":"","footnotes":""},"categories":[46994],"tags":[3119,10812],"class_list":["post-168112","post","type-post","status-publish","format-standard","has-post-thumbnail","hentry","category-cyclisme-sur-route","tag-actualite-cyclisme","tag-championnats-du-monde-de-cyclisme"],"acf":[],"yoast_head":"<!-- This site is optimized with the Yoast SEO Premium plugin v26.7 (Yoast SEO v26.7) - https:\/\/yoast.com\/wordpress\/plugins\/seo\/ -->\n<title>Championnats du monde : Profil et parcours du contre-la-montre juniors hommes<\/title>\n<meta name=\"description\" content=\"CYCLISME SUR ROUTE - CHAMPIONNATS DU MONDE 2021 - D\u00e9couvrez le profil et le parcours du contre-la-montre juniors hommes (22,3 km).\" \/>\n<meta name=\"robots\" content=\"index, follow, max-snippet:-1, max-image-preview:large, max-video-preview:-1\" \/>\n<link rel=\"canonical\" href=\"https:\/\/dicodusport.fr\/blog\/championnats-du-monde-2021-profil-et-parcours-contre-la-montre-juniors-hommes\/\" \/>\n<meta property=\"og:locale\" content=\"fr_FR\" \/>\n<meta property=\"og:type\" content=\"article\" \/>\n<meta property=\"og:title\" content=\"Championnats du monde : Profil et parcours du contre-la-montre juniors hommes\" \/>\n<meta property=\"og:description\" content=\"CYCLISME SUR ROUTE - CHAMPIONNATS DU MONDE 2021 - D\u00e9couvrez le profil et le parcours du contre-la-montre juniors hommes (22,3 km).\" \/>\n<meta property=\"og:url\" content=\"https:\/\/dicodusport.fr\/blog\/championnats-du-monde-2021-profil-et-parcours-contre-la-montre-juniors-hommes\/\" \/>\n<meta property=\"og:site_name\" content=\"Dicodusport\" \/>\n<meta property=\"article:publisher\" content=\"https:\/\/www.facebook.com\/dicodusport\" \/>\n<meta property=\"article:author\" content=\"https:\/\/www.facebook.com\/florent.ostermann\" \/>\n<meta property=\"article:published_time\" content=\"2021-09-20T17:10:39+00:00\" \/>\n<meta property=\"article:modified_time\" content=\"2021-09-20T18:35:56+00:00\" \/>\n<meta property=\"og:image\" content=\"https:\/\/dicodusport.fr\/blog\/wp-content\/uploads\/2021\/09\/Championnats-du-monde-2021-le-parcours-du-contre-la-montre-hommes-en-detail.png\" \/>\n\t<meta property=\"og:image:width\" content=\"800\" \/>\n\t<meta property=\"og:image:height\" content=\"445\" \/>\n\t<meta property=\"og:image:type\" content=\"image\/png\" \/>\n<meta name=\"author\" content=\"Flo Ostermann\" \/>\n<meta name=\"twitter:card\" content=\"summary_large_image\" \/>\n<meta name=\"twitter:title\" content=\"Championnats du monde : Profil et parcours du contre-la-montre juniors hommes\" \/>\n<meta name=\"twitter:creator\" content=\"@https:\/\/twitter.com\/FlOstermann\" \/>\n<meta name=\"twitter:site\" content=\"@dicodusport\" \/>\n<script type=\"application\/ld+json\" class=\"yoast-schema-graph\">{\"@context\":\"https:\/\/schema.org\",\"@graph\":[{\"@type\":\"NewsArticle\",\"@id\":\"https:\/\/dicodusport.fr\/blog\/championnats-du-monde-2021-profil-et-parcours-contre-la-montre-juniors-hommes\/#article\",\"isPartOf\":{\"@id\":\"https:\/\/dicodusport.fr\/blog\/championnats-du-monde-2021-profil-et-parcours-contre-la-montre-juniors-hommes\/\"},\"author\":{\"name\":\"Flo Ostermann\",\"@id\":\"https:\/\/dicodusport.fr\/blog\/#\/schema\/person\/cb02af4c173ce4a653b55e9baf388d4a\"},\"headline\":\"Championnats du monde : Profil et parcours du contre-la-montre juniors hommes\",\"datePublished\":\"2021-09-20T17:10:39+00:00\",\"dateModified\":\"2021-09-20T18:35:56+00:00\",\"mainEntityOfPage\":{\"@id\":\"https:\/\/dicodusport.fr\/blog\/championnats-du-monde-2021-profil-et-parcours-contre-la-montre-juniors-hommes\/\"},\"wordCount\":79,\"commentCount\":0,\"publisher\":{\"@id\":\"https:\/\/dicodusport.fr\/blog\/#organization\"},\"image\":{\"@id\":\"https:\/\/dicodusport.fr\/blog\/championnats-du-monde-2021-profil-et-parcours-contre-la-montre-juniors-hommes\/#primaryimage\"},\"thumbnailUrl\":\"https:\/\/dicodusport.fr\/blog\/wp-content\/uploads\/2021\/09\/Championnats-du-monde-2021-le-parcours-du-contre-la-montre-hommes-en-detail.png\",\"keywords\":[\"Actualit\u00e9 Cyclisme\",\"Championnats du monde de cyclisme\"],\"articleSection\":[\"Cyclisme sur route\"],\"inLanguage\":\"fr-FR\",\"potentialAction\":[{\"@type\":\"CommentAction\",\"name\":\"Comment\",\"target\":[\"https:\/\/dicodusport.fr\/blog\/championnats-du-monde-2021-profil-et-parcours-contre-la-montre-juniors-hommes\/#respond\"]}],\"copyrightYear\":\"2021\",\"copyrightHolder\":{\"@id\":\"https:\/\/dicodusport.fr\/blog\/#organization\"}},{\"@type\":\"WebPage\",\"@id\":\"https:\/\/dicodusport.fr\/blog\/championnats-du-monde-2021-profil-et-parcours-contre-la-montre-juniors-hommes\/\",\"url\":\"https:\/\/dicodusport.fr\/blog\/championnats-du-monde-2021-profil-et-parcours-contre-la-montre-juniors-hommes\/\",\"name\":\"Championnats du monde : Profil et parcours du contre-la-montre juniors hommes\",\"isPartOf\":{\"@id\":\"https:\/\/dicodusport.fr\/blog\/#website\"},\"primaryImageOfPage\":{\"@id\":\"https:\/\/dicodusport.fr\/blog\/championnats-du-monde-2021-profil-et-parcours-contre-la-montre-juniors-hommes\/#primaryimage\"},\"image\":{\"@id\":\"https:\/\/dicodusport.fr\/blog\/championnats-du-monde-2021-profil-et-parcours-contre-la-montre-juniors-hommes\/#primaryimage\"},\"thumbnailUrl\":\"https:\/\/dicodusport.fr\/blog\/wp-content\/uploads\/2021\/09\/Championnats-du-monde-2021-le-parcours-du-contre-la-montre-hommes-en-detail.png\",\"datePublished\":\"2021-09-20T17:10:39+00:00\",\"dateModified\":\"2021-09-20T18:35:56+00:00\",\"description\":\"CYCLISME SUR ROUTE - CHAMPIONNATS DU MONDE 2021 - D\u00e9couvrez le profil et le parcours du contre-la-montre juniors hommes (22,3 km).\",\"breadcrumb\":{\"@id\":\"https:\/\/dicodusport.fr\/blog\/championnats-du-monde-2021-profil-et-parcours-contre-la-montre-juniors-hommes\/#breadcrumb\"},\"inLanguage\":\"fr-FR\",\"potentialAction\":[{\"@type\":\"ReadAction\",\"target\":[\"https:\/\/dicodusport.fr\/blog\/championnats-du-monde-2021-profil-et-parcours-contre-la-montre-juniors-hommes\/\"]}]},{\"@type\":\"ImageObject\",\"inLanguage\":\"fr-FR\",\"@id\":\"https:\/\/dicodusport.fr\/blog\/championnats-du-monde-2021-profil-et-parcours-contre-la-montre-juniors-hommes\/#primaryimage\",\"url\":\"https:\/\/dicodusport.fr\/blog\/wp-content\/uploads\/2021\/09\/Championnats-du-monde-2021-le-parcours-du-contre-la-montre-hommes-en-detail.png\",\"contentUrl\":\"https:\/\/dicodusport.fr\/blog\/wp-content\/uploads\/2021\/09\/Championnats-du-monde-2021-le-parcours-du-contre-la-montre-hommes-en-detail.png\",\"width\":800,\"height\":445,\"caption\":\"Championnats du monde 2021 : le parcours du contre-la-montre hommes en d\u00e9tail\"},{\"@type\":\"BreadcrumbList\",\"@id\":\"https:\/\/dicodusport.fr\/blog\/championnats-du-monde-2021-profil-et-parcours-contre-la-montre-juniors-hommes\/#breadcrumb\",\"itemListElement\":[{\"@type\":\"ListItem\",\"position\":1,\"name\":\"Accueil\",\"item\":\"https:\/\/dicodusport.fr\/blog\/\"},{\"@type\":\"ListItem\",\"position\":2,\"name\":\"Championnats du monde : Profil et parcours du contre-la-montre juniors hommes\"}]},{\"@type\":\"WebSite\",\"@id\":\"https:\/\/dicodusport.fr\/blog\/#website\",\"url\":\"https:\/\/dicodusport.fr\/blog\/\",\"name\":\"Dicodusport\",\"description\":\"L&#039;encyclop\u00e9die de l&#039;actualit\u00e9 sportive\",\"publisher\":{\"@id\":\"https:\/\/dicodusport.fr\/blog\/#organization\"},\"potentialAction\":[{\"@type\":\"SearchAction\",\"target\":{\"@type\":\"EntryPoint\",\"urlTemplate\":\"https:\/\/dicodusport.fr\/blog\/?s={search_term_string}\"},\"query-input\":{\"@type\":\"PropertyValueSpecification\",\"valueRequired\":true,\"valueName\":\"search_term_string\"}}],\"inLanguage\":\"fr-FR\"},{\"@type\":\"NewsMediaOrganization\",\"@id\":\"https:\/\/dicodusport.fr\/blog\/#organization\",\"name\":\"Dicodusport\",\"url\":\"https:\/\/dicodusport.fr\/blog\/\",\"logo\":{\"@type\":\"ImageObject\",\"inLanguage\":\"fr-FR\",\"@id\":\"https:\/\/dicodusport.fr\/blog\/#\/schema\/logo\/image\/\",\"url\":\"https:\/\/dicodusport.fr\/blog\/wp-content\/uploads\/2020\/06\/cropped-LOGO-DICODUSPORT-2020-SANS-FOND-SANS-TEXTE.png\",\"contentUrl\":\"https:\/\/dicodusport.fr\/blog\/wp-content\/uploads\/2020\/06\/cropped-LOGO-DICODUSPORT-2020-SANS-FOND-SANS-TEXTE.png\",\"width\":512,\"height\":512,\"caption\":\"Dicodusport\"},\"image\":{\"@id\":\"https:\/\/dicodusport.fr\/blog\/#\/schema\/logo\/image\/\"},\"sameAs\":[\"https:\/\/www.facebook.com\/dicodusport\",\"https:\/\/x.com\/dicodusport\",\"https:\/\/www.instagram.com\/dicodusport\/\",\"https:\/\/www.youtube.com\/channel\/UC7V2KZ5sd3htJivAbA4ZG3w\"],\"description\":\"Dicodusport est l'encyclop\u00e9die de l'actualit\u00e9 sportive.\",\"email\":\"bonjour@dicodusport.fr\",\"legalName\":\"DICODUSPORT\",\"foundingDate\":\"2018-01-14\",\"vatID\":\"FR71834470973\",\"taxID\":\"83447097300043\",\"numberOfEmployees\":{\"@type\":\"QuantitativeValue\",\"minValue\":\"1\",\"maxValue\":\"10\"}},{\"@type\":\"Person\",\"@id\":\"https:\/\/dicodusport.fr\/blog\/#\/schema\/person\/cb02af4c173ce4a653b55e9baf388d4a\",\"name\":\"Flo Ostermann\",\"image\":{\"@type\":\"ImageObject\",\"inLanguage\":\"fr-FR\",\"@id\":\"https:\/\/dicodusport.fr\/blog\/#\/schema\/person\/image\/\",\"url\":\"https:\/\/dicodusport.fr\/blog\/wp-content\/uploads\/2021\/05\/Flo-Ostermann-150x150.jpg\",\"contentUrl\":\"https:\/\/dicodusport.fr\/blog\/wp-content\/uploads\/2021\/05\/Flo-Ostermann-150x150.jpg\",\"caption\":\"Flo Ostermann\"},\"description\":\"Journaliste\/R\u00e9dacteur depuis septembre 2015 - Mes premiers souvenirs dans le sport ? Les envol\u00e9es du Stade Toulousain et les duels Villeneuve-Schumacher et H\u00e4kkinen-Schumacher \u00e0 la fin des ann\u00e9es 90, la Coupe du monde de football en 1998, l\u2019exploit du XV de France face aux All Blacks en 1999, mais aussi Richard C\u0153ur de Lion qui vole sur les montagnes du Tour de France. Bien parti pour devenir professeur d\u2019EPS, les \u00e9v\u00e9nements de la vie (et la flemme d\u2019animer des s\u00e9ances de 3x500 m\u00e8tres toute ma vie) m\u2019ont conduit \u00e0 revoir mes plans. Me voil\u00e0 depuis fin 2017 sur Dicodusport, m\u00e9dia gr\u00e2ce (et pour) lequel je partage ma passion : le sport dans tous ses \u00e9tats. Le tout accompagn\u00e9 par les fous furieux et folles furieuses cit\u00e9s sur cette page !\",\"sameAs\":[\"https:\/\/www.facebook.com\/florent.ostermann\",\"https:\/\/x.com\/https:\/\/twitter.com\/FlOstermann\",\"admin\"],\"url\":\"https:\/\/dicodusport.fr\/blog\/author\/flo\/\"}]}<\/script>\n<!-- \/ Yoast SEO Premium plugin. -->","yoast_head_json":{"title":"Championnats du monde : Profil et parcours du contre-la-montre juniors hommes","description":"CYCLISME SUR ROUTE - CHAMPIONNATS DU MONDE 2021 - D\u00e9couvrez le profil et le parcours du contre-la-montre juniors hommes (22,3 km).","robots":{"index":"index","follow":"follow","max-snippet":"max-snippet:-1","max-image-preview":"max-image-preview:large","max-video-preview":"max-video-preview:-1"},"canonical":"https:\/\/dicodusport.fr\/blog\/championnats-du-monde-2021-profil-et-parcours-contre-la-montre-juniors-hommes\/","og_locale":"fr_FR","og_type":"article","og_title":"Championnats du monde : Profil et parcours du contre-la-montre juniors hommes","og_description":"CYCLISME SUR ROUTE - CHAMPIONNATS DU MONDE 2021 - D\u00e9couvrez le profil et le parcours du contre-la-montre juniors hommes (22,3 km).","og_url":"https:\/\/dicodusport.fr\/blog\/championnats-du-monde-2021-profil-et-parcours-contre-la-montre-juniors-hommes\/","og_site_name":"Dicodusport","article_publisher":"https:\/\/www.facebook.com\/dicodusport","article_author":"https:\/\/www.facebook.com\/florent.ostermann","article_published_time":"2021-09-20T17:10:39+00:00","article_modified_time":"2021-09-20T18:35:56+00:00","og_image":[{"width":800,"height":445,"url":"https:\/\/dicodusport.fr\/blog\/wp-content\/uploads\/2021\/09\/Championnats-du-monde-2021-le-parcours-du-contre-la-montre-hommes-en-detail.png","type":"image\/png"}],"author":"Flo Ostermann","twitter_card":"summary_large_image","twitter_title":"Championnats du monde : Profil et parcours du contre-la-montre juniors hommes","twitter_creator":"@https:\/\/twitter.com\/FlOstermann","twitter_site":"@dicodusport","schema":{"@context":"https:\/\/schema.org","@graph":[{"@type":"NewsArticle","@id":"https:\/\/dicodusport.fr\/blog\/championnats-du-monde-2021-profil-et-parcours-contre-la-montre-juniors-hommes\/#article","isPartOf":{"@id":"https:\/\/dicodusport.fr\/blog\/championnats-du-monde-2021-profil-et-parcours-contre-la-montre-juniors-hommes\/"},"author":{"name":"Flo Ostermann","@id":"https:\/\/dicodusport.fr\/blog\/#\/schema\/person\/cb02af4c173ce4a653b55e9baf388d4a"},"headline":"Championnats du monde : Profil et parcours du contre-la-montre juniors hommes","datePublished":"2021-09-20T17:10:39+00:00","dateModified":"2021-09-20T18:35:56+00:00","mainEntityOfPage":{"@id":"https:\/\/dicodusport.fr\/blog\/championnats-du-monde-2021-profil-et-parcours-contre-la-montre-juniors-hommes\/"},"wordCount":79,"commentCount":0,"publisher":{"@id":"https:\/\/dicodusport.fr\/blog\/#organization"},"image":{"@id":"https:\/\/dicodusport.fr\/blog\/championnats-du-monde-2021-profil-et-parcours-contre-la-montre-juniors-hommes\/#primaryimage"},"thumbnailUrl":"https:\/\/dicodusport.fr\/blog\/wp-content\/uploads\/2021\/09\/Championnats-du-monde-2021-le-parcours-du-contre-la-montre-hommes-en-detail.png","keywords":["Actualit\u00e9 Cyclisme","Championnats du monde de cyclisme"],"articleSection":["Cyclisme sur route"],"inLanguage":"fr-FR","potentialAction":[{"@type":"CommentAction","name":"Comment","target":["https:\/\/dicodusport.fr\/blog\/championnats-du-monde-2021-profil-et-parcours-contre-la-montre-juniors-hommes\/#respond"]}],"copyrightYear":"2021","copyrightHolder":{"@id":"https:\/\/dicodusport.fr\/blog\/#organization"}},{"@type":"WebPage","@id":"https:\/\/dicodusport.fr\/blog\/championnats-du-monde-2021-profil-et-parcours-contre-la-montre-juniors-hommes\/","url":"https:\/\/dicodusport.fr\/blog\/championnats-du-monde-2021-profil-et-parcours-contre-la-montre-juniors-hommes\/","name":"Championnats du monde : Profil et parcours du contre-la-montre juniors hommes","isPartOf":{"@id":"https:\/\/dicodusport.fr\/blog\/#website"},"primaryImageOfPage":{"@id":"https:\/\/dicodusport.fr\/blog\/championnats-du-monde-2021-profil-et-parcours-contre-la-montre-juniors-hommes\/#primaryimage"},"image":{"@id":"https:\/\/dicodusport.fr\/blog\/championnats-du-monde-2021-profil-et-parcours-contre-la-montre-juniors-hommes\/#primaryimage"},"thumbnailUrl":"https:\/\/dicodusport.fr\/blog\/wp-content\/uploads\/2021\/09\/Championnats-du-monde-2021-le-parcours-du-contre-la-montre-hommes-en-detail.png","datePublished":"2021-09-20T17:10:39+00:00","dateModified":"2021-09-20T18:35:56+00:00","description":"CYCLISME SUR ROUTE - CHAMPIONNATS DU MONDE 2021 - D\u00e9couvrez le profil et le parcours du contre-la-montre juniors hommes (22,3 km).","breadcrumb":{"@id":"https:\/\/dicodusport.fr\/blog\/championnats-du-monde-2021-profil-et-parcours-contre-la-montre-juniors-hommes\/#breadcrumb"},"inLanguage":"fr-FR","potentialAction":[{"@type":"ReadAction","target":["https:\/\/dicodusport.fr\/blog\/championnats-du-monde-2021-profil-et-parcours-contre-la-montre-juniors-hommes\/"]}]},{"@type":"ImageObject","inLanguage":"fr-FR","@id":"https:\/\/dicodusport.fr\/blog\/championnats-du-monde-2021-profil-et-parcours-contre-la-montre-juniors-hommes\/#primaryimage","url":"https:\/\/dicodusport.fr\/blog\/wp-content\/uploads\/2021\/09\/Championnats-du-monde-2021-le-parcours-du-contre-la-montre-hommes-en-detail.png","contentUrl":"https:\/\/dicodusport.fr\/blog\/wp-content\/uploads\/2021\/09\/Championnats-du-monde-2021-le-parcours-du-contre-la-montre-hommes-en-detail.png","width":800,"height":445,"caption":"Championnats du monde 2021 : le parcours du contre-la-montre hommes en d\u00e9tail"},{"@type":"BreadcrumbList","@id":"https:\/\/dicodusport.fr\/blog\/championnats-du-monde-2021-profil-et-parcours-contre-la-montre-juniors-hommes\/#breadcrumb","itemListElement":[{"@type":"ListItem","position":1,"name":"Accueil","item":"https:\/\/dicodusport.fr\/blog\/"},{"@type":"ListItem","position":2,"name":"Championnats du monde : Profil et parcours du contre-la-montre juniors hommes"}]},{"@type":"WebSite","@id":"https:\/\/dicodusport.fr\/blog\/#website","url":"https:\/\/dicodusport.fr\/blog\/","name":"Dicodusport","description":"L&#039;encyclop\u00e9die de l&#039;actualit\u00e9 sportive","publisher":{"@id":"https:\/\/dicodusport.fr\/blog\/#organization"},"potentialAction":[{"@type":"SearchAction","target":{"@type":"EntryPoint","urlTemplate":"https:\/\/dicodusport.fr\/blog\/?s={search_term_string}"},"query-input":{"@type":"PropertyValueSpecification","valueRequired":true,"valueName":"search_term_string"}}],"inLanguage":"fr-FR"},{"@type":"NewsMediaOrganization","@id":"https:\/\/dicodusport.fr\/blog\/#organization","name":"Dicodusport","url":"https:\/\/dicodusport.fr\/blog\/","logo":{"@type":"ImageObject","inLanguage":"fr-FR","@id":"https:\/\/dicodusport.fr\/blog\/#\/schema\/logo\/image\/","url":"https:\/\/dicodusport.fr\/blog\/wp-content\/uploads\/2020\/06\/cropped-LOGO-DICODUSPORT-2020-SANS-FOND-SANS-TEXTE.png","contentUrl":"https:\/\/dicodusport.fr\/blog\/wp-content\/uploads\/2020\/06\/cropped-LOGO-DICODUSPORT-2020-SANS-FOND-SANS-TEXTE.png","width":512,"height":512,"caption":"Dicodusport"},"image":{"@id":"https:\/\/dicodusport.fr\/blog\/#\/schema\/logo\/image\/"},"sameAs":["https:\/\/www.facebook.com\/dicodusport","https:\/\/x.com\/dicodusport","https:\/\/www.instagram.com\/dicodusport\/","https:\/\/www.youtube.com\/channel\/UC7V2KZ5sd3htJivAbA4ZG3w"],"description":"Dicodusport est l'encyclop\u00e9die de l'actualit\u00e9 sportive.","email":"bonjour@dicodusport.fr","legalName":"DICODUSPORT","foundingDate":"2018-01-14","vatID":"FR71834470973","taxID":"83447097300043","numberOfEmployees":{"@type":"QuantitativeValue","minValue":"1","maxValue":"10"}},{"@type":"Person","@id":"https:\/\/dicodusport.fr\/blog\/#\/schema\/person\/cb02af4c173ce4a653b55e9baf388d4a","name":"Flo Ostermann","image":{"@type":"ImageObject","inLanguage":"fr-FR","@id":"https:\/\/dicodusport.fr\/blog\/#\/schema\/person\/image\/","url":"https:\/\/dicodusport.fr\/blog\/wp-content\/uploads\/2021\/05\/Flo-Ostermann-150x150.jpg","contentUrl":"https:\/\/dicodusport.fr\/blog\/wp-content\/uploads\/2021\/05\/Flo-Ostermann-150x150.jpg","caption":"Flo Ostermann"},"description":"Journaliste\/R\u00e9dacteur depuis septembre 2015 - Mes premiers souvenirs dans le sport ? Les envol\u00e9es du Stade Toulousain et les duels Villeneuve-Schumacher et H\u00e4kkinen-Schumacher \u00e0 la fin des ann\u00e9es 90, la Coupe du monde de football en 1998, l\u2019exploit du XV de France face aux All Blacks en 1999, mais aussi Richard C\u0153ur de Lion qui vole sur les montagnes du Tour de France. Bien parti pour devenir professeur d\u2019EPS, les \u00e9v\u00e9nements de la vie (et la flemme d\u2019animer des s\u00e9ances de 3x500 m\u00e8tres toute ma vie) m\u2019ont conduit \u00e0 revoir mes plans. Me voil\u00e0 depuis fin 2017 sur Dicodusport, m\u00e9dia gr\u00e2ce (et pour) lequel je partage ma passion : le sport dans tous ses \u00e9tats. Le tout accompagn\u00e9 par les fous furieux et folles furieuses cit\u00e9s sur cette page !","sameAs":["https:\/\/www.facebook.com\/florent.ostermann","https:\/\/x.com\/https:\/\/twitter.com\/FlOstermann","admin"],"url":"https:\/\/dicodusport.fr\/blog\/author\/flo\/"}]}},"_links":{"self":[{"href":"https:\/\/dicodusport.fr\/blog\/wp-json\/wp\/v2\/posts\/168112","targetHints":{"allow":["GET"]}}],"collection":[{"href":"https:\/\/dicodusport.fr\/blog\/wp-json\/wp\/v2\/posts"}],"about":[{"href":"https:\/\/dicodusport.fr\/blog\/wp-json\/wp\/v2\/types\/post"}],"author":[{"embeddable":true,"href":"https:\/\/dicodusport.fr\/blog\/wp-json\/wp\/v2\/users\/4"}],"replies":[{"embeddable":true,"href":"https:\/\/dicodusport.fr\/blog\/wp-json\/wp\/v2\/comments?post=168112"}],"version-history":[{"count":0,"href":"https:\/\/dicodusport.fr\/blog\/wp-json\/wp\/v2\/posts\/168112\/revisions"}],"wp:featuredmedia":[{"embeddable":true,"href":"https:\/\/dicodusport.fr\/blog\/wp-json\/wp\/v2\/media\/167394"}],"wp:attachment":[{"href":"https:\/\/dicodusport.fr\/blog\/wp-json\/wp\/v2\/media?parent=168112"}],"wp:term":[{"taxonomy":"category","embeddable":true,"href":"https:\/\/dicodusport.fr\/blog\/wp-json\/wp\/v2\/categories?post=168112"},{"taxonomy":"post_tag","embeddable":true,"href":"https:\/\/dicodusport.fr\/blog\/wp-json\/wp\/v2\/tags?post=168112"}],"curies":[{"name":"wp","href":"https:\/\/api.w.org\/{rel}","templated":true}]}}