{"id":168167,"date":"2021-09-21T09:32:20","date_gmt":"2021-09-21T07:32:20","guid":{"rendered":"https:\/\/dicodusport.fr\/blog\/?p=168167&#038;preview=true&#038;preview_id=168167"},"modified":"2021-09-21T09:32:20","modified_gmt":"2021-09-21T07:32:20","slug":"imbroglio-autour-de-l-avenir-de-victor-koretzky","status":"publish","type":"post","link":"https:\/\/dicodusport.fr\/blog\/imbroglio-autour-de-l-avenir-de-victor-koretzky\/","title":{"rendered":"Imbroglio autour de l&rsquo;avenir de Victor Koretzky"},"content":{"rendered":"<p style=\"text-align: justify;\"><strong><em>VTT &#8211; <a href=\"https:\/\/dicodusport.fr\/blog\/vtt-victor-koretzky-passe-professionnel-sur-route-et-signe-chez-bb-hotels-pb-ktm\/\">Annonc\u00e9 il y a quelques jours chez B&amp;B Hotels P\/b KTM<\/a> par l&rsquo;\u00e9quipe bretonne elle-m\u00eame, Victor Koretzky va-t-il vraiment rejoindre la formation de J\u00e9r\u00f4me Pineau pour la saison 2022 ?<\/em><\/strong><\/p>\n<p style=\"text-align: justify;\">Alors que tout semblait boucl\u00e9, la formation Team KMC ORBEA, \u00e9quipe de <strong>Victor Koretzky<\/strong> sur le circuit VTT, a publi\u00e9 un communiqu\u00e9 sur son compte Facebook. Ce dernier explique que le champion fran\u00e7ais, vainqueur de deux manches de Coupe du monde XCO et d&rsquo;une short-track sur le circuit mondial cette saison, \u00e9tait toujours sous contrat pour 2022.<\/p>\n<blockquote>\n<p style=\"text-align: justify;\">Nous prenons note de l&rsquo;annonce qui a \u00e9t\u00e9 faite lundi 13 septembre par l&rsquo;\u00e9quipe de cyclisme sur route B&amp;B Hotels p\/b KTM du recrutement de Victor Koretzky pour la saison 2022. Victor Koretzky est sous contrat avec le team KMC ORBEA jusqu&rsquo;au 31 d\u00e9cembre 2022. Ce contrat stipule le pouvoir d\u00e9cisionnaire du Team KMC ORBEA sur le programme de comp\u00e9tition cycliste de Victor Koretzky dans le cadre institutionnel de l&rsquo;Union Cycliste Internationale.<\/p>\n<\/blockquote>\n<p style=\"text-align: justify;\">S&rsquo;il est fr\u00e9quent de voir des coureurs avec des \u00e9quipes diff\u00e9rentes en VTT et\/ou cyclo-cross et sur route, les deux parties se mettent g\u00e9n\u00e9ralement d&rsquo;accord sur les modalit\u00e9s. Ce qui ne semble pas \u00eatre le cas ici, d&rsquo;o\u00f9 la naissance d&rsquo;un sacr\u00e9 imbroglio. <strong>B&amp;B Hotels P\/b KTM<\/strong> a d&rsquo;ailleurs retir\u00e9 son communiqu\u00e9 qui annonce la signature de<strong> Victor Koretzky,<\/strong> et ce, de tous ses supports en ligne. Simple contre-temps ou arriv\u00e9e avort\u00e9e ? R\u00e9ponse dans les prochains jours.<\/p>\n<p>https:\/\/www.facebook.com\/teamkmcorbea\/posts\/510268727086851<\/p>\n","protected":false},"excerpt":{"rendered":"<p>VTT &#8211; Annonc\u00e9 il y a quelques jours chez B&#038;B Hotels P\/b KTM par l&rsquo;\u00e9quipe bretonne elle-m\u00eame, Victor Koretzky va-t-il vraiment rejoindre la formation de J\u00e9r\u00f4me Pineau pour la saison 2022 ?<\/p>\n","protected":false},"author":1,"featured_media":168171,"comment_status":"open","ping_status":"closed","sticky":false,"template":"","format":"standard","meta":{"_acf_changed":false,"_daextam_enable_autolinks":"","footnotes":""},"categories":[2307,10279],"tags":[574,16547,692],"class_list":["post-168167","post","type-post","status-publish","format-standard","has-post-thumbnail","hentry","category-cyclisme","category-vtt","tag-cyclisme","tag-victor-koretzky","tag-vtt"],"acf":[],"yoast_head":"<!-- This site is optimized with the Yoast SEO Premium plugin v26.7 (Yoast SEO v26.7) - https:\/\/yoast.com\/wordpress\/plugins\/seo\/ -->\n<title>Imbroglio autour de l&#039;avenir de Victor Koretzky<\/title>\n<meta name=\"description\" content=\"VTT - Annonc\u00e9 chez B&amp;B Hotels P\/b KTM, Victor Koretzky va-t-il vraiment rejoindre la formation de J\u00e9r\u00f4me Pineau en 2022 ?\" \/>\n<meta name=\"robots\" content=\"index, follow, max-snippet:-1, max-image-preview:large, max-video-preview:-1\" \/>\n<link rel=\"canonical\" href=\"https:\/\/dicodusport.fr\/blog\/imbroglio-autour-de-l-avenir-de-victor-koretzky\/\" \/>\n<meta property=\"og:locale\" content=\"fr_FR\" \/>\n<meta property=\"og:type\" content=\"article\" \/>\n<meta property=\"og:title\" content=\"Imbroglio autour de l&#039;avenir de Victor Koretzky\" \/>\n<meta property=\"og:description\" content=\"VTT - Annonc\u00e9 chez B&amp;B Hotels P\/b KTM, Victor Koretzky va-t-il vraiment rejoindre la formation de J\u00e9r\u00f4me Pineau en 2022 ?\" \/>\n<meta property=\"og:url\" content=\"https:\/\/dicodusport.fr\/blog\/imbroglio-autour-de-l-avenir-de-victor-koretzky\/\" \/>\n<meta property=\"og:site_name\" content=\"Dicodusport\" \/>\n<meta property=\"article:publisher\" content=\"https:\/\/www.facebook.com\/dicodusport\" \/>\n<meta property=\"article:author\" content=\"https:\/\/www.facebook.com\/dicodusport\" \/>\n<meta property=\"article:published_time\" content=\"2021-09-21T07:32:20+00:00\" \/>\n<meta property=\"og:image\" content=\"https:\/\/dicodusport.fr\/blog\/wp-content\/uploads\/2021\/09\/Imbroglio-autour-de-lavenir-de-Victor-Koretzky.png\" \/>\n\t<meta property=\"og:image:width\" content=\"800\" \/>\n\t<meta property=\"og:image:height\" content=\"445\" \/>\n\t<meta property=\"og:image:type\" content=\"image\/png\" \/>\n<meta name=\"author\" content=\"Nicolas Jacquemard\" \/>\n<meta name=\"twitter:card\" content=\"summary_large_image\" \/>\n<meta name=\"twitter:title\" content=\"Imbroglio autour de l&#039;avenir de Victor Koretzky\" \/>\n<meta name=\"twitter:creator\" content=\"@https:\/\/twitter.com\/Nico_Jacquemard\" \/>\n<meta name=\"twitter:site\" content=\"@dicodusport\" \/>\n<script type=\"application\/ld+json\" class=\"yoast-schema-graph\">{\"@context\":\"https:\/\/schema.org\",\"@graph\":[{\"@type\":\"NewsArticle\",\"@id\":\"https:\/\/dicodusport.fr\/blog\/imbroglio-autour-de-l-avenir-de-victor-koretzky\/#article\",\"isPartOf\":{\"@id\":\"https:\/\/dicodusport.fr\/blog\/imbroglio-autour-de-l-avenir-de-victor-koretzky\/\"},\"author\":{\"name\":\"Nicolas Jacquemard\",\"@id\":\"https:\/\/dicodusport.fr\/blog\/#\/schema\/person\/55dcb50ad410894e431ed812bbb70191\"},\"headline\":\"Imbroglio autour de l&rsquo;avenir de Victor Koretzky\",\"datePublished\":\"2021-09-21T07:32:20+00:00\",\"mainEntityOfPage\":{\"@id\":\"https:\/\/dicodusport.fr\/blog\/imbroglio-autour-de-l-avenir-de-victor-koretzky\/\"},\"wordCount\":281,\"commentCount\":0,\"publisher\":{\"@id\":\"https:\/\/dicodusport.fr\/blog\/#organization\"},\"image\":{\"@id\":\"https:\/\/dicodusport.fr\/blog\/imbroglio-autour-de-l-avenir-de-victor-koretzky\/#primaryimage\"},\"thumbnailUrl\":\"https:\/\/dicodusport.fr\/blog\/wp-content\/uploads\/2021\/09\/Imbroglio-autour-de-lavenir-de-Victor-Koretzky.png\",\"keywords\":[\"Cyclisme\",\"Victor Koretzky\",\"VTT\"],\"articleSection\":[\"Cyclisme\",\"VTT\"],\"inLanguage\":\"fr-FR\",\"potentialAction\":[{\"@type\":\"CommentAction\",\"name\":\"Comment\",\"target\":[\"https:\/\/dicodusport.fr\/blog\/imbroglio-autour-de-l-avenir-de-victor-koretzky\/#respond\"]}],\"copyrightYear\":\"2021\",\"copyrightHolder\":{\"@id\":\"https:\/\/dicodusport.fr\/blog\/#organization\"}},{\"@type\":\"WebPage\",\"@id\":\"https:\/\/dicodusport.fr\/blog\/imbroglio-autour-de-l-avenir-de-victor-koretzky\/\",\"url\":\"https:\/\/dicodusport.fr\/blog\/imbroglio-autour-de-l-avenir-de-victor-koretzky\/\",\"name\":\"Imbroglio autour de l'avenir de Victor Koretzky\",\"isPartOf\":{\"@id\":\"https:\/\/dicodusport.fr\/blog\/#website\"},\"primaryImageOfPage\":{\"@id\":\"https:\/\/dicodusport.fr\/blog\/imbroglio-autour-de-l-avenir-de-victor-koretzky\/#primaryimage\"},\"image\":{\"@id\":\"https:\/\/dicodusport.fr\/blog\/imbroglio-autour-de-l-avenir-de-victor-koretzky\/#primaryimage\"},\"thumbnailUrl\":\"https:\/\/dicodusport.fr\/blog\/wp-content\/uploads\/2021\/09\/Imbroglio-autour-de-lavenir-de-Victor-Koretzky.png\",\"datePublished\":\"2021-09-21T07:32:20+00:00\",\"description\":\"VTT - Annonc\u00e9 chez B&B Hotels P\/b KTM, Victor Koretzky va-t-il vraiment rejoindre la formation de J\u00e9r\u00f4me Pineau en 2022 ?\",\"breadcrumb\":{\"@id\":\"https:\/\/dicodusport.fr\/blog\/imbroglio-autour-de-l-avenir-de-victor-koretzky\/#breadcrumb\"},\"inLanguage\":\"fr-FR\",\"potentialAction\":[{\"@type\":\"ReadAction\",\"target\":[\"https:\/\/dicodusport.fr\/blog\/imbroglio-autour-de-l-avenir-de-victor-koretzky\/\"]}]},{\"@type\":\"ImageObject\",\"inLanguage\":\"fr-FR\",\"@id\":\"https:\/\/dicodusport.fr\/blog\/imbroglio-autour-de-l-avenir-de-victor-koretzky\/#primaryimage\",\"url\":\"https:\/\/dicodusport.fr\/blog\/wp-content\/uploads\/2021\/09\/Imbroglio-autour-de-lavenir-de-Victor-Koretzky.png\",\"contentUrl\":\"https:\/\/dicodusport.fr\/blog\/wp-content\/uploads\/2021\/09\/Imbroglio-autour-de-lavenir-de-Victor-Koretzky.png\",\"width\":800,\"height\":445},{\"@type\":\"BreadcrumbList\",\"@id\":\"https:\/\/dicodusport.fr\/blog\/imbroglio-autour-de-l-avenir-de-victor-koretzky\/#breadcrumb\",\"itemListElement\":[{\"@type\":\"ListItem\",\"position\":1,\"name\":\"Accueil\",\"item\":\"https:\/\/dicodusport.fr\/blog\/\"},{\"@type\":\"ListItem\",\"position\":2,\"name\":\"Imbroglio autour de l&rsquo;avenir de Victor Koretzky\"}]},{\"@type\":\"WebSite\",\"@id\":\"https:\/\/dicodusport.fr\/blog\/#website\",\"url\":\"https:\/\/dicodusport.fr\/blog\/\",\"name\":\"Dicodusport\",\"description\":\"L&#039;encyclop\u00e9die de l&#039;actualit\u00e9 sportive\",\"publisher\":{\"@id\":\"https:\/\/dicodusport.fr\/blog\/#organization\"},\"potentialAction\":[{\"@type\":\"SearchAction\",\"target\":{\"@type\":\"EntryPoint\",\"urlTemplate\":\"https:\/\/dicodusport.fr\/blog\/?s={search_term_string}\"},\"query-input\":{\"@type\":\"PropertyValueSpecification\",\"valueRequired\":true,\"valueName\":\"search_term_string\"}}],\"inLanguage\":\"fr-FR\"},{\"@type\":\"NewsMediaOrganization\",\"@id\":\"https:\/\/dicodusport.fr\/blog\/#organization\",\"name\":\"Dicodusport\",\"url\":\"https:\/\/dicodusport.fr\/blog\/\",\"logo\":{\"@type\":\"ImageObject\",\"inLanguage\":\"fr-FR\",\"@id\":\"https:\/\/dicodusport.fr\/blog\/#\/schema\/logo\/image\/\",\"url\":\"https:\/\/dicodusport.fr\/blog\/wp-content\/uploads\/2020\/06\/cropped-LOGO-DICODUSPORT-2020-SANS-FOND-SANS-TEXTE.png\",\"contentUrl\":\"https:\/\/dicodusport.fr\/blog\/wp-content\/uploads\/2020\/06\/cropped-LOGO-DICODUSPORT-2020-SANS-FOND-SANS-TEXTE.png\",\"width\":512,\"height\":512,\"caption\":\"Dicodusport\"},\"image\":{\"@id\":\"https:\/\/dicodusport.fr\/blog\/#\/schema\/logo\/image\/\"},\"sameAs\":[\"https:\/\/www.facebook.com\/dicodusport\",\"https:\/\/x.com\/dicodusport\",\"https:\/\/www.instagram.com\/dicodusport\/\",\"https:\/\/www.youtube.com\/channel\/UC7V2KZ5sd3htJivAbA4ZG3w\"],\"description\":\"Dicodusport est l'encyclop\u00e9die de l'actualit\u00e9 sportive.\",\"email\":\"bonjour@dicodusport.fr\",\"legalName\":\"DICODUSPORT\",\"foundingDate\":\"2018-01-14\",\"vatID\":\"FR71834470973\",\"taxID\":\"83447097300043\",\"numberOfEmployees\":{\"@type\":\"QuantitativeValue\",\"minValue\":\"1\",\"maxValue\":\"10\"}},{\"@type\":\"Person\",\"@id\":\"https:\/\/dicodusport.fr\/blog\/#\/schema\/person\/55dcb50ad410894e431ed812bbb70191\",\"name\":\"Nicolas Jacquemard\",\"image\":{\"@type\":\"ImageObject\",\"inLanguage\":\"fr-FR\",\"@id\":\"https:\/\/dicodusport.fr\/blog\/#\/schema\/person\/image\/\",\"url\":\"https:\/\/dicodusport.fr\/blog\/wp-content\/uploads\/2021\/05\/Nicolas-Jacquemard-150x150.jpeg\",\"contentUrl\":\"https:\/\/dicodusport.fr\/blog\/wp-content\/uploads\/2021\/05\/Nicolas-Jacquemard-150x150.jpeg\",\"caption\":\"Nicolas Jacquemard\"},\"description\":\"Passionn\u00e9 de sport et entrepreneur depuis mes 18 ans, la cr\u00e9ation de Dicodusport m'a sembl\u00e9 \u00e9vidente pour participer \u00e0 la m\u00e9diatisation d'un plus grand nombre de sports. Le chemin est long mais avec une \u00e9quipe des plus motiv\u00e9es et les Jeux Olympiques de Paris 2024 en point de mire, nous y arriverons ! Journaliste dans le monde du sport depuis plus de 5 ans, je traite aussi bien de football, de rugby, de biathlon que de cyclisme.\",\"sameAs\":[\"https:\/\/www.facebook.com\/dicodusport\",\"https:\/\/x.com\/https:\/\/twitter.com\/Nico_Jacquemard\"],\"url\":\"https:\/\/dicodusport.fr\/blog\/author\/dicodusport\/\"}]}<\/script>\n<!-- \/ Yoast SEO Premium plugin. -->","yoast_head_json":{"title":"Imbroglio autour de l'avenir de Victor Koretzky","description":"VTT - Annonc\u00e9 chez B&B Hotels P\/b KTM, Victor Koretzky va-t-il vraiment rejoindre la formation de J\u00e9r\u00f4me Pineau en 2022 ?","robots":{"index":"index","follow":"follow","max-snippet":"max-snippet:-1","max-image-preview":"max-image-preview:large","max-video-preview":"max-video-preview:-1"},"canonical":"https:\/\/dicodusport.fr\/blog\/imbroglio-autour-de-l-avenir-de-victor-koretzky\/","og_locale":"fr_FR","og_type":"article","og_title":"Imbroglio autour de l'avenir de Victor Koretzky","og_description":"VTT - Annonc\u00e9 chez B&B Hotels P\/b KTM, Victor Koretzky va-t-il vraiment rejoindre la formation de J\u00e9r\u00f4me Pineau en 2022 ?","og_url":"https:\/\/dicodusport.fr\/blog\/imbroglio-autour-de-l-avenir-de-victor-koretzky\/","og_site_name":"Dicodusport","article_publisher":"https:\/\/www.facebook.com\/dicodusport","article_author":"https:\/\/www.facebook.com\/dicodusport","article_published_time":"2021-09-21T07:32:20+00:00","og_image":[{"width":800,"height":445,"url":"https:\/\/dicodusport.fr\/blog\/wp-content\/uploads\/2021\/09\/Imbroglio-autour-de-lavenir-de-Victor-Koretzky.png","type":"image\/png"}],"author":"Nicolas Jacquemard","twitter_card":"summary_large_image","twitter_title":"Imbroglio autour de l'avenir de Victor Koretzky","twitter_creator":"@https:\/\/twitter.com\/Nico_Jacquemard","twitter_site":"@dicodusport","schema":{"@context":"https:\/\/schema.org","@graph":[{"@type":"NewsArticle","@id":"https:\/\/dicodusport.fr\/blog\/imbroglio-autour-de-l-avenir-de-victor-koretzky\/#article","isPartOf":{"@id":"https:\/\/dicodusport.fr\/blog\/imbroglio-autour-de-l-avenir-de-victor-koretzky\/"},"author":{"name":"Nicolas Jacquemard","@id":"https:\/\/dicodusport.fr\/blog\/#\/schema\/person\/55dcb50ad410894e431ed812bbb70191"},"headline":"Imbroglio autour de l&rsquo;avenir de Victor Koretzky","datePublished":"2021-09-21T07:32:20+00:00","mainEntityOfPage":{"@id":"https:\/\/dicodusport.fr\/blog\/imbroglio-autour-de-l-avenir-de-victor-koretzky\/"},"wordCount":281,"commentCount":0,"publisher":{"@id":"https:\/\/dicodusport.fr\/blog\/#organization"},"image":{"@id":"https:\/\/dicodusport.fr\/blog\/imbroglio-autour-de-l-avenir-de-victor-koretzky\/#primaryimage"},"thumbnailUrl":"https:\/\/dicodusport.fr\/blog\/wp-content\/uploads\/2021\/09\/Imbroglio-autour-de-lavenir-de-Victor-Koretzky.png","keywords":["Cyclisme","Victor Koretzky","VTT"],"articleSection":["Cyclisme","VTT"],"inLanguage":"fr-FR","potentialAction":[{"@type":"CommentAction","name":"Comment","target":["https:\/\/dicodusport.fr\/blog\/imbroglio-autour-de-l-avenir-de-victor-koretzky\/#respond"]}],"copyrightYear":"2021","copyrightHolder":{"@id":"https:\/\/dicodusport.fr\/blog\/#organization"}},{"@type":"WebPage","@id":"https:\/\/dicodusport.fr\/blog\/imbroglio-autour-de-l-avenir-de-victor-koretzky\/","url":"https:\/\/dicodusport.fr\/blog\/imbroglio-autour-de-l-avenir-de-victor-koretzky\/","name":"Imbroglio autour de l'avenir de Victor Koretzky","isPartOf":{"@id":"https:\/\/dicodusport.fr\/blog\/#website"},"primaryImageOfPage":{"@id":"https:\/\/dicodusport.fr\/blog\/imbroglio-autour-de-l-avenir-de-victor-koretzky\/#primaryimage"},"image":{"@id":"https:\/\/dicodusport.fr\/blog\/imbroglio-autour-de-l-avenir-de-victor-koretzky\/#primaryimage"},"thumbnailUrl":"https:\/\/dicodusport.fr\/blog\/wp-content\/uploads\/2021\/09\/Imbroglio-autour-de-lavenir-de-Victor-Koretzky.png","datePublished":"2021-09-21T07:32:20+00:00","description":"VTT - Annonc\u00e9 chez B&B Hotels P\/b KTM, Victor Koretzky va-t-il vraiment rejoindre la formation de J\u00e9r\u00f4me Pineau en 2022 ?","breadcrumb":{"@id":"https:\/\/dicodusport.fr\/blog\/imbroglio-autour-de-l-avenir-de-victor-koretzky\/#breadcrumb"},"inLanguage":"fr-FR","potentialAction":[{"@type":"ReadAction","target":["https:\/\/dicodusport.fr\/blog\/imbroglio-autour-de-l-avenir-de-victor-koretzky\/"]}]},{"@type":"ImageObject","inLanguage":"fr-FR","@id":"https:\/\/dicodusport.fr\/blog\/imbroglio-autour-de-l-avenir-de-victor-koretzky\/#primaryimage","url":"https:\/\/dicodusport.fr\/blog\/wp-content\/uploads\/2021\/09\/Imbroglio-autour-de-lavenir-de-Victor-Koretzky.png","contentUrl":"https:\/\/dicodusport.fr\/blog\/wp-content\/uploads\/2021\/09\/Imbroglio-autour-de-lavenir-de-Victor-Koretzky.png","width":800,"height":445},{"@type":"BreadcrumbList","@id":"https:\/\/dicodusport.fr\/blog\/imbroglio-autour-de-l-avenir-de-victor-koretzky\/#breadcrumb","itemListElement":[{"@type":"ListItem","position":1,"name":"Accueil","item":"https:\/\/dicodusport.fr\/blog\/"},{"@type":"ListItem","position":2,"name":"Imbroglio autour de l&rsquo;avenir de Victor Koretzky"}]},{"@type":"WebSite","@id":"https:\/\/dicodusport.fr\/blog\/#website","url":"https:\/\/dicodusport.fr\/blog\/","name":"Dicodusport","description":"L&#039;encyclop\u00e9die de l&#039;actualit\u00e9 sportive","publisher":{"@id":"https:\/\/dicodusport.fr\/blog\/#organization"},"potentialAction":[{"@type":"SearchAction","target":{"@type":"EntryPoint","urlTemplate":"https:\/\/dicodusport.fr\/blog\/?s={search_term_string}"},"query-input":{"@type":"PropertyValueSpecification","valueRequired":true,"valueName":"search_term_string"}}],"inLanguage":"fr-FR"},{"@type":"NewsMediaOrganization","@id":"https:\/\/dicodusport.fr\/blog\/#organization","name":"Dicodusport","url":"https:\/\/dicodusport.fr\/blog\/","logo":{"@type":"ImageObject","inLanguage":"fr-FR","@id":"https:\/\/dicodusport.fr\/blog\/#\/schema\/logo\/image\/","url":"https:\/\/dicodusport.fr\/blog\/wp-content\/uploads\/2020\/06\/cropped-LOGO-DICODUSPORT-2020-SANS-FOND-SANS-TEXTE.png","contentUrl":"https:\/\/dicodusport.fr\/blog\/wp-content\/uploads\/2020\/06\/cropped-LOGO-DICODUSPORT-2020-SANS-FOND-SANS-TEXTE.png","width":512,"height":512,"caption":"Dicodusport"},"image":{"@id":"https:\/\/dicodusport.fr\/blog\/#\/schema\/logo\/image\/"},"sameAs":["https:\/\/www.facebook.com\/dicodusport","https:\/\/x.com\/dicodusport","https:\/\/www.instagram.com\/dicodusport\/","https:\/\/www.youtube.com\/channel\/UC7V2KZ5sd3htJivAbA4ZG3w"],"description":"Dicodusport est l'encyclop\u00e9die de l'actualit\u00e9 sportive.","email":"bonjour@dicodusport.fr","legalName":"DICODUSPORT","foundingDate":"2018-01-14","vatID":"FR71834470973","taxID":"83447097300043","numberOfEmployees":{"@type":"QuantitativeValue","minValue":"1","maxValue":"10"}},{"@type":"Person","@id":"https:\/\/dicodusport.fr\/blog\/#\/schema\/person\/55dcb50ad410894e431ed812bbb70191","name":"Nicolas Jacquemard","image":{"@type":"ImageObject","inLanguage":"fr-FR","@id":"https:\/\/dicodusport.fr\/blog\/#\/schema\/person\/image\/","url":"https:\/\/dicodusport.fr\/blog\/wp-content\/uploads\/2021\/05\/Nicolas-Jacquemard-150x150.jpeg","contentUrl":"https:\/\/dicodusport.fr\/blog\/wp-content\/uploads\/2021\/05\/Nicolas-Jacquemard-150x150.jpeg","caption":"Nicolas Jacquemard"},"description":"Passionn\u00e9 de sport et entrepreneur depuis mes 18 ans, la cr\u00e9ation de Dicodusport m'a sembl\u00e9 \u00e9vidente pour participer \u00e0 la m\u00e9diatisation d'un plus grand nombre de sports. Le chemin est long mais avec une \u00e9quipe des plus motiv\u00e9es et les Jeux Olympiques de Paris 2024 en point de mire, nous y arriverons ! Journaliste dans le monde du sport depuis plus de 5 ans, je traite aussi bien de football, de rugby, de biathlon que de cyclisme.","sameAs":["https:\/\/www.facebook.com\/dicodusport","https:\/\/x.com\/https:\/\/twitter.com\/Nico_Jacquemard"],"url":"https:\/\/dicodusport.fr\/blog\/author\/dicodusport\/"}]}},"_links":{"self":[{"href":"https:\/\/dicodusport.fr\/blog\/wp-json\/wp\/v2\/posts\/168167","targetHints":{"allow":["GET"]}}],"collection":[{"href":"https:\/\/dicodusport.fr\/blog\/wp-json\/wp\/v2\/posts"}],"about":[{"href":"https:\/\/dicodusport.fr\/blog\/wp-json\/wp\/v2\/types\/post"}],"author":[{"embeddable":true,"href":"https:\/\/dicodusport.fr\/blog\/wp-json\/wp\/v2\/users\/1"}],"replies":[{"embeddable":true,"href":"https:\/\/dicodusport.fr\/blog\/wp-json\/wp\/v2\/comments?post=168167"}],"version-history":[{"count":0,"href":"https:\/\/dicodusport.fr\/blog\/wp-json\/wp\/v2\/posts\/168167\/revisions"}],"wp:featuredmedia":[{"embeddable":true,"href":"https:\/\/dicodusport.fr\/blog\/wp-json\/wp\/v2\/media\/168171"}],"wp:attachment":[{"href":"https:\/\/dicodusport.fr\/blog\/wp-json\/wp\/v2\/media?parent=168167"}],"wp:term":[{"taxonomy":"category","embeddable":true,"href":"https:\/\/dicodusport.fr\/blog\/wp-json\/wp\/v2\/categories?post=168167"},{"taxonomy":"post_tag","embeddable":true,"href":"https:\/\/dicodusport.fr\/blog\/wp-json\/wp\/v2\/tags?post=168167"}],"curies":[{"name":"wp","href":"https:\/\/api.w.org\/{rel}","templated":true}]}}