{"id":168305,"date":"2021-09-21T18:42:31","date_gmt":"2021-09-21T16:42:31","guid":{"rendered":"https:\/\/dicodusport.fr\/blog\/?p=168305&#038;preview=true&#038;preview_id=168305"},"modified":"2021-09-21T19:59:18","modified_gmt":"2021-09-21T17:59:18","slug":"flandres-2021-senechal-cavagna-demare-laporte-autour-de-julian-alaphilippe","status":"publish","type":"post","link":"https:\/\/dicodusport.fr\/blog\/flandres-2021-senechal-cavagna-demare-laporte-autour-de-julian-alaphilippe\/","title":{"rendered":"Flandres 2021 : S\u00e9n\u00e9chal, Cavagna, Cosnefroy, D\u00e9mare et Laporte autour d&rsquo;Alaphilippe"},"content":{"rendered":"<p style=\"text-align: justify;\"><strong><em><a href=\"https:\/\/dicodusport.fr\/blog\/championnats-monde-cyclisme-sur-route-2021-programme-complet\/\">CHAMPIONNATS DU MONDE DE CYCLISME SUR ROUTE 2021<\/a> &#8211; Ce mardi, Thomas Voeckler a d\u00e9voil\u00e9 la liste des 9 coureurs qui repr\u00e9senteront l&rsquo;\u00e9quipe de France lors de la course en ligne hommes de ce dimanche 26 septembre. Avec quelques surprises.<\/em><\/strong><\/p>\n<p style=\"text-align: justify;\">Nous sommes fix\u00e9s. Ce mardi, <strong>Thomas Voeckler<\/strong> a d\u00e9voil\u00e9 la liste des 8 coureurs qui vont entourer <strong>Julian Alaphilippe<\/strong> ce dimanche, pour la d\u00e9fense de son titre mondial. Le champion du monde sortant pourra compter sur ses deux co\u00e9quipiers de la Deceuninck &#8211; Quick-Step, <strong>R\u00e9mi Cavagna<\/strong> et <strong>Florian S\u00e9n\u00e9chal<\/strong>. Ce dernier pourrait, au regard de sa forme actuelle, avoir sa chance sur un parcours qui lui convient \u00e0 merveille. M\u00e9daill\u00e9 de bronze lors des championnats d&rsquo;Europe, <strong>Beno\u00eet Cosnefroy<\/strong>, en grande forme \u00e9galement, sera aussi de la partie. De m\u00eame que <strong>Valentin Madouas<\/strong>, maillon essentiel du dispositif de l&rsquo;\u00e9quipe de France.<\/p>\n<h2 style=\"text-align: justify;\">D\u00e9mare et Laporte pr\u00e9sents<\/h2>\n<p style=\"text-align: justify;\">Si la pr\u00e9sence de <strong>Christophe Laporte<\/strong> n&rsquo;est pas tant une surprise que \u00e7a, puisque le futur coureur de la Jumbo-Visma est performant sur les parcours vallonn\u00e9s, celle d&rsquo;<strong>Arnaud D\u00e9mare<\/strong> interpelle. Dans le doute depuis de nombreuses semaines et sevr\u00e9 de courses r\u00e9f\u00e9rences cette saison, le Picard est beaucoup moins impressionnant qu&rsquo;en 2020. Pour autant, le coureur de la Groupama-FDJ semble en forme. Mais quel sera son r\u00f4le sur un parcours aussi accident\u00e9 ?<\/p>\n<p style=\"text-align: justify;\">\u00c0 noter la pr\u00e9sence d&rsquo;<strong>Anthony Turgis<\/strong>, le pensionnaire de la formation TotalEnergies. Tr\u00e8s en vue sur les Flandriennes au printemps, il a montr\u00e9 qu&rsquo;il \u00e9tait en forme sur le dernier Tour du Luxembourg. Dernier coureur s\u00e9lectionn\u00e9, <strong>Cl\u00e9ment Russo<\/strong> (Ark\u00e9a-Samsic). Ce dernier, \u00e9quipier mod\u00e8le au sein de la formation bretonne, sera \u00e9galement important dans le dispositif tricolore.<\/p>\n<blockquote class=\"twitter-tweet\">\n<p dir=\"ltr\" lang=\"fr\">Rendez-vous le 26 septembre &#x1f308;<a href=\"https:\/\/twitter.com\/hashtag\/Flanders2021?src=hash&amp;ref_src=twsrc%5Etfw\">#Flanders2021<\/a> <a href=\"https:\/\/t.co\/ufnDA4FhLW\">pic.twitter.com\/ufnDA4FhLW<\/a><\/p>\n<p>\u2014 FFC (@FFCyclisme) <a href=\"https:\/\/twitter.com\/FFCyclisme\/status\/1440349211514458119?ref_src=twsrc%5Etfw\">September 21, 2021<\/a><\/p><\/blockquote>\n<p><script async src=\"https:\/\/platform.twitter.com\/widgets.js\" charset=\"utf-8\"><\/script><\/p>\n<h2 style=\"text-align: justify;\">\u00c0 lire aussi<\/h2>\n<ul>\n<li style=\"text-align: justify;\"><a href=\"https:\/\/dicodusport.fr\/blog\/championnats-du-monde-cyclisme-2021-selections-nations\/\"><strong>Les s\u00e9lections de toutes les nations<\/strong><\/a><\/li>\n<\/ul>\n","protected":false},"excerpt":{"rendered":"<p>CHAMPIONNATS DU MONDE DE CYCLISME SUR ROUTE 2021 &#8211; Ce mardi, Thomas Voeckler a d\u00e9voil\u00e9 la liste des 9 coureurs qui repr\u00e9senteront l&rsquo;\u00e9quipe de France lors de la course en ligne hommes de ce dimanche 26 septembre. Avec quelques surprises.<\/p>\n","protected":false},"author":4,"featured_media":168306,"comment_status":"open","ping_status":"closed","sticky":false,"template":"","format":"standard","meta":{"_acf_changed":false,"_daextam_enable_autolinks":"","footnotes":""},"categories":[46994],"tags":[10812,11984],"class_list":["post-168305","post","type-post","status-publish","format-standard","has-post-thumbnail","hentry","category-cyclisme-sur-route","tag-championnats-du-monde-de-cyclisme","tag-equipe-de-france-de-cyclisme"],"acf":[],"yoast_head":"<!-- This site is optimized with the Yoast SEO Premium plugin v26.7 (Yoast SEO v26.7) - https:\/\/yoast.com\/wordpress\/plugins\/seo\/ -->\n<title>Flandres 2021 : S\u00e9n\u00e9chal, Cavagna, Cosnefroy, D\u00e9mare et Laporte autour d&#039;Alaphilippe<\/title>\n<meta name=\"description\" content=\"CHAMPIONNATS DU MONDE DE CYCLISME 2021 - Thomas Voeckler a d\u00e9voil\u00e9 la liste des coureurs de l&#039;\u00e9quipe de France lors de la course en ligne hommes.\" \/>\n<meta name=\"robots\" content=\"index, follow, max-snippet:-1, max-image-preview:large, max-video-preview:-1\" \/>\n<link rel=\"canonical\" href=\"https:\/\/dicodusport.fr\/blog\/flandres-2021-senechal-cavagna-demare-laporte-autour-de-julian-alaphilippe\/\" \/>\n<meta property=\"og:locale\" content=\"fr_FR\" \/>\n<meta property=\"og:type\" content=\"article\" \/>\n<meta property=\"og:title\" content=\"Flandres 2021 : S\u00e9n\u00e9chal, Cavagna, Cosnefroy, D\u00e9mare et Laporte autour d&#039;Alaphilippe\" \/>\n<meta property=\"og:description\" content=\"CHAMPIONNATS DU MONDE DE CYCLISME 2021 - Thomas Voeckler a d\u00e9voil\u00e9 la liste des coureurs de l&#039;\u00e9quipe de France lors de la course en ligne hommes.\" \/>\n<meta property=\"og:url\" content=\"https:\/\/dicodusport.fr\/blog\/flandres-2021-senechal-cavagna-demare-laporte-autour-de-julian-alaphilippe\/\" \/>\n<meta property=\"og:site_name\" content=\"Dicodusport\" \/>\n<meta property=\"article:publisher\" content=\"https:\/\/www.facebook.com\/dicodusport\" \/>\n<meta property=\"article:author\" content=\"https:\/\/www.facebook.com\/florent.ostermann\" \/>\n<meta property=\"article:published_time\" content=\"2021-09-21T16:42:31+00:00\" \/>\n<meta property=\"article:modified_time\" content=\"2021-09-21T17:59:18+00:00\" \/>\n<meta property=\"og:image\" content=\"https:\/\/dicodusport.fr\/blog\/wp-content\/uploads\/2021\/09\/Flandres-2021-Senechal-Cavagna-Cosnefroy-Demare-et-Laporte-autour-dAlaphilippe.png\" \/>\n\t<meta property=\"og:image:width\" content=\"800\" \/>\n\t<meta property=\"og:image:height\" content=\"445\" \/>\n\t<meta property=\"og:image:type\" content=\"image\/png\" \/>\n<meta name=\"author\" content=\"Flo Ostermann\" \/>\n<meta name=\"twitter:card\" content=\"summary_large_image\" \/>\n<meta name=\"twitter:title\" content=\"Flandres 2021 : S\u00e9n\u00e9chal, Cavagna, Cosnefroy, D\u00e9mare et Laporte autour d&#039;Alaphilippe\" \/>\n<meta name=\"twitter:creator\" content=\"@https:\/\/twitter.com\/FlOstermann\" \/>\n<meta name=\"twitter:site\" content=\"@dicodusport\" \/>\n<script type=\"application\/ld+json\" class=\"yoast-schema-graph\">{\"@context\":\"https:\/\/schema.org\",\"@graph\":[{\"@type\":\"NewsArticle\",\"@id\":\"https:\/\/dicodusport.fr\/blog\/flandres-2021-senechal-cavagna-demare-laporte-autour-de-julian-alaphilippe\/#article\",\"isPartOf\":{\"@id\":\"https:\/\/dicodusport.fr\/blog\/flandres-2021-senechal-cavagna-demare-laporte-autour-de-julian-alaphilippe\/\"},\"author\":{\"name\":\"Flo Ostermann\",\"@id\":\"https:\/\/dicodusport.fr\/blog\/#\/schema\/person\/cb02af4c173ce4a653b55e9baf388d4a\"},\"headline\":\"Flandres 2021 : S\u00e9n\u00e9chal, Cavagna, Cosnefroy, D\u00e9mare et Laporte autour d&rsquo;Alaphilippe\",\"datePublished\":\"2021-09-21T16:42:31+00:00\",\"dateModified\":\"2021-09-21T17:59:18+00:00\",\"mainEntityOfPage\":{\"@id\":\"https:\/\/dicodusport.fr\/blog\/flandres-2021-senechal-cavagna-demare-laporte-autour-de-julian-alaphilippe\/\"},\"wordCount\":335,\"commentCount\":0,\"publisher\":{\"@id\":\"https:\/\/dicodusport.fr\/blog\/#organization\"},\"image\":{\"@id\":\"https:\/\/dicodusport.fr\/blog\/flandres-2021-senechal-cavagna-demare-laporte-autour-de-julian-alaphilippe\/#primaryimage\"},\"thumbnailUrl\":\"https:\/\/dicodusport.fr\/blog\/wp-content\/uploads\/2021\/09\/Flandres-2021-Senechal-Cavagna-Cosnefroy-Demare-et-Laporte-autour-dAlaphilippe.png\",\"keywords\":[\"Championnats du monde de cyclisme\",\"\u00c9quipe de France de cyclisme\"],\"articleSection\":[\"Cyclisme sur route\"],\"inLanguage\":\"fr-FR\",\"potentialAction\":[{\"@type\":\"CommentAction\",\"name\":\"Comment\",\"target\":[\"https:\/\/dicodusport.fr\/blog\/flandres-2021-senechal-cavagna-demare-laporte-autour-de-julian-alaphilippe\/#respond\"]}],\"copyrightYear\":\"2021\",\"copyrightHolder\":{\"@id\":\"https:\/\/dicodusport.fr\/blog\/#organization\"}},{\"@type\":\"WebPage\",\"@id\":\"https:\/\/dicodusport.fr\/blog\/flandres-2021-senechal-cavagna-demare-laporte-autour-de-julian-alaphilippe\/\",\"url\":\"https:\/\/dicodusport.fr\/blog\/flandres-2021-senechal-cavagna-demare-laporte-autour-de-julian-alaphilippe\/\",\"name\":\"Flandres 2021 : S\u00e9n\u00e9chal, Cavagna, Cosnefroy, D\u00e9mare et Laporte autour d'Alaphilippe\",\"isPartOf\":{\"@id\":\"https:\/\/dicodusport.fr\/blog\/#website\"},\"primaryImageOfPage\":{\"@id\":\"https:\/\/dicodusport.fr\/blog\/flandres-2021-senechal-cavagna-demare-laporte-autour-de-julian-alaphilippe\/#primaryimage\"},\"image\":{\"@id\":\"https:\/\/dicodusport.fr\/blog\/flandres-2021-senechal-cavagna-demare-laporte-autour-de-julian-alaphilippe\/#primaryimage\"},\"thumbnailUrl\":\"https:\/\/dicodusport.fr\/blog\/wp-content\/uploads\/2021\/09\/Flandres-2021-Senechal-Cavagna-Cosnefroy-Demare-et-Laporte-autour-dAlaphilippe.png\",\"datePublished\":\"2021-09-21T16:42:31+00:00\",\"dateModified\":\"2021-09-21T17:59:18+00:00\",\"description\":\"CHAMPIONNATS DU MONDE DE CYCLISME 2021 - Thomas Voeckler a d\u00e9voil\u00e9 la liste des coureurs de l'\u00e9quipe de France lors de la course en ligne hommes.\",\"breadcrumb\":{\"@id\":\"https:\/\/dicodusport.fr\/blog\/flandres-2021-senechal-cavagna-demare-laporte-autour-de-julian-alaphilippe\/#breadcrumb\"},\"inLanguage\":\"fr-FR\",\"potentialAction\":[{\"@type\":\"ReadAction\",\"target\":[\"https:\/\/dicodusport.fr\/blog\/flandres-2021-senechal-cavagna-demare-laporte-autour-de-julian-alaphilippe\/\"]}]},{\"@type\":\"ImageObject\",\"inLanguage\":\"fr-FR\",\"@id\":\"https:\/\/dicodusport.fr\/blog\/flandres-2021-senechal-cavagna-demare-laporte-autour-de-julian-alaphilippe\/#primaryimage\",\"url\":\"https:\/\/dicodusport.fr\/blog\/wp-content\/uploads\/2021\/09\/Flandres-2021-Senechal-Cavagna-Cosnefroy-Demare-et-Laporte-autour-dAlaphilippe.png\",\"contentUrl\":\"https:\/\/dicodusport.fr\/blog\/wp-content\/uploads\/2021\/09\/Flandres-2021-Senechal-Cavagna-Cosnefroy-Demare-et-Laporte-autour-dAlaphilippe.png\",\"width\":800,\"height\":445,\"caption\":\"Flandres 2021 : S\u00e9n\u00e9chal, Cavagna, Cosnefroy, D\u00e9mare et Laporte autour d'Alaphilippe\"},{\"@type\":\"BreadcrumbList\",\"@id\":\"https:\/\/dicodusport.fr\/blog\/flandres-2021-senechal-cavagna-demare-laporte-autour-de-julian-alaphilippe\/#breadcrumb\",\"itemListElement\":[{\"@type\":\"ListItem\",\"position\":1,\"name\":\"Accueil\",\"item\":\"https:\/\/dicodusport.fr\/blog\/\"},{\"@type\":\"ListItem\",\"position\":2,\"name\":\"Flandres 2021 : S\u00e9n\u00e9chal, Cavagna, Cosnefroy, D\u00e9mare et Laporte autour d&rsquo;Alaphilippe\"}]},{\"@type\":\"WebSite\",\"@id\":\"https:\/\/dicodusport.fr\/blog\/#website\",\"url\":\"https:\/\/dicodusport.fr\/blog\/\",\"name\":\"Dicodusport\",\"description\":\"L&#039;encyclop\u00e9die de l&#039;actualit\u00e9 sportive\",\"publisher\":{\"@id\":\"https:\/\/dicodusport.fr\/blog\/#organization\"},\"potentialAction\":[{\"@type\":\"SearchAction\",\"target\":{\"@type\":\"EntryPoint\",\"urlTemplate\":\"https:\/\/dicodusport.fr\/blog\/?s={search_term_string}\"},\"query-input\":{\"@type\":\"PropertyValueSpecification\",\"valueRequired\":true,\"valueName\":\"search_term_string\"}}],\"inLanguage\":\"fr-FR\"},{\"@type\":\"NewsMediaOrganization\",\"@id\":\"https:\/\/dicodusport.fr\/blog\/#organization\",\"name\":\"Dicodusport\",\"url\":\"https:\/\/dicodusport.fr\/blog\/\",\"logo\":{\"@type\":\"ImageObject\",\"inLanguage\":\"fr-FR\",\"@id\":\"https:\/\/dicodusport.fr\/blog\/#\/schema\/logo\/image\/\",\"url\":\"https:\/\/dicodusport.fr\/blog\/wp-content\/uploads\/2020\/06\/cropped-LOGO-DICODUSPORT-2020-SANS-FOND-SANS-TEXTE.png\",\"contentUrl\":\"https:\/\/dicodusport.fr\/blog\/wp-content\/uploads\/2020\/06\/cropped-LOGO-DICODUSPORT-2020-SANS-FOND-SANS-TEXTE.png\",\"width\":512,\"height\":512,\"caption\":\"Dicodusport\"},\"image\":{\"@id\":\"https:\/\/dicodusport.fr\/blog\/#\/schema\/logo\/image\/\"},\"sameAs\":[\"https:\/\/www.facebook.com\/dicodusport\",\"https:\/\/x.com\/dicodusport\",\"https:\/\/www.instagram.com\/dicodusport\/\",\"https:\/\/www.youtube.com\/channel\/UC7V2KZ5sd3htJivAbA4ZG3w\"],\"description\":\"Dicodusport est l'encyclop\u00e9die de l'actualit\u00e9 sportive.\",\"email\":\"bonjour@dicodusport.fr\",\"legalName\":\"DICODUSPORT\",\"foundingDate\":\"2018-01-14\",\"vatID\":\"FR71834470973\",\"taxID\":\"83447097300043\",\"numberOfEmployees\":{\"@type\":\"QuantitativeValue\",\"minValue\":\"1\",\"maxValue\":\"10\"}},{\"@type\":\"Person\",\"@id\":\"https:\/\/dicodusport.fr\/blog\/#\/schema\/person\/cb02af4c173ce4a653b55e9baf388d4a\",\"name\":\"Flo Ostermann\",\"image\":{\"@type\":\"ImageObject\",\"inLanguage\":\"fr-FR\",\"@id\":\"https:\/\/dicodusport.fr\/blog\/#\/schema\/person\/image\/\",\"url\":\"https:\/\/dicodusport.fr\/blog\/wp-content\/uploads\/2021\/05\/Flo-Ostermann-150x150.jpg\",\"contentUrl\":\"https:\/\/dicodusport.fr\/blog\/wp-content\/uploads\/2021\/05\/Flo-Ostermann-150x150.jpg\",\"caption\":\"Flo Ostermann\"},\"description\":\"Journaliste\/R\u00e9dacteur depuis septembre 2015 - Mes premiers souvenirs dans le sport ? Les envol\u00e9es du Stade Toulousain et les duels Villeneuve-Schumacher et H\u00e4kkinen-Schumacher \u00e0 la fin des ann\u00e9es 90, la Coupe du monde de football en 1998, l\u2019exploit du XV de France face aux All Blacks en 1999, mais aussi Richard C\u0153ur de Lion qui vole sur les montagnes du Tour de France. Bien parti pour devenir professeur d\u2019EPS, les \u00e9v\u00e9nements de la vie (et la flemme d\u2019animer des s\u00e9ances de 3x500 m\u00e8tres toute ma vie) m\u2019ont conduit \u00e0 revoir mes plans. Me voil\u00e0 depuis fin 2017 sur Dicodusport, m\u00e9dia gr\u00e2ce (et pour) lequel je partage ma passion : le sport dans tous ses \u00e9tats. Le tout accompagn\u00e9 par les fous furieux et folles furieuses cit\u00e9s sur cette page !\",\"sameAs\":[\"https:\/\/www.facebook.com\/florent.ostermann\",\"https:\/\/x.com\/https:\/\/twitter.com\/FlOstermann\",\"admin\"],\"url\":\"https:\/\/dicodusport.fr\/blog\/author\/flo\/\"}]}<\/script>\n<!-- \/ Yoast SEO Premium plugin. -->","yoast_head_json":{"title":"Flandres 2021 : S\u00e9n\u00e9chal, Cavagna, Cosnefroy, D\u00e9mare et Laporte autour d'Alaphilippe","description":"CHAMPIONNATS DU MONDE DE CYCLISME 2021 - Thomas Voeckler a d\u00e9voil\u00e9 la liste des coureurs de l'\u00e9quipe de France lors de la course en ligne hommes.","robots":{"index":"index","follow":"follow","max-snippet":"max-snippet:-1","max-image-preview":"max-image-preview:large","max-video-preview":"max-video-preview:-1"},"canonical":"https:\/\/dicodusport.fr\/blog\/flandres-2021-senechal-cavagna-demare-laporte-autour-de-julian-alaphilippe\/","og_locale":"fr_FR","og_type":"article","og_title":"Flandres 2021 : S\u00e9n\u00e9chal, Cavagna, Cosnefroy, D\u00e9mare et Laporte autour d'Alaphilippe","og_description":"CHAMPIONNATS DU MONDE DE CYCLISME 2021 - Thomas Voeckler a d\u00e9voil\u00e9 la liste des coureurs de l'\u00e9quipe de France lors de la course en ligne hommes.","og_url":"https:\/\/dicodusport.fr\/blog\/flandres-2021-senechal-cavagna-demare-laporte-autour-de-julian-alaphilippe\/","og_site_name":"Dicodusport","article_publisher":"https:\/\/www.facebook.com\/dicodusport","article_author":"https:\/\/www.facebook.com\/florent.ostermann","article_published_time":"2021-09-21T16:42:31+00:00","article_modified_time":"2021-09-21T17:59:18+00:00","og_image":[{"width":800,"height":445,"url":"https:\/\/dicodusport.fr\/blog\/wp-content\/uploads\/2021\/09\/Flandres-2021-Senechal-Cavagna-Cosnefroy-Demare-et-Laporte-autour-dAlaphilippe.png","type":"image\/png"}],"author":"Flo Ostermann","twitter_card":"summary_large_image","twitter_title":"Flandres 2021 : S\u00e9n\u00e9chal, Cavagna, Cosnefroy, D\u00e9mare et Laporte autour d'Alaphilippe","twitter_creator":"@https:\/\/twitter.com\/FlOstermann","twitter_site":"@dicodusport","schema":{"@context":"https:\/\/schema.org","@graph":[{"@type":"NewsArticle","@id":"https:\/\/dicodusport.fr\/blog\/flandres-2021-senechal-cavagna-demare-laporte-autour-de-julian-alaphilippe\/#article","isPartOf":{"@id":"https:\/\/dicodusport.fr\/blog\/flandres-2021-senechal-cavagna-demare-laporte-autour-de-julian-alaphilippe\/"},"author":{"name":"Flo Ostermann","@id":"https:\/\/dicodusport.fr\/blog\/#\/schema\/person\/cb02af4c173ce4a653b55e9baf388d4a"},"headline":"Flandres 2021 : S\u00e9n\u00e9chal, Cavagna, Cosnefroy, D\u00e9mare et Laporte autour d&rsquo;Alaphilippe","datePublished":"2021-09-21T16:42:31+00:00","dateModified":"2021-09-21T17:59:18+00:00","mainEntityOfPage":{"@id":"https:\/\/dicodusport.fr\/blog\/flandres-2021-senechal-cavagna-demare-laporte-autour-de-julian-alaphilippe\/"},"wordCount":335,"commentCount":0,"publisher":{"@id":"https:\/\/dicodusport.fr\/blog\/#organization"},"image":{"@id":"https:\/\/dicodusport.fr\/blog\/flandres-2021-senechal-cavagna-demare-laporte-autour-de-julian-alaphilippe\/#primaryimage"},"thumbnailUrl":"https:\/\/dicodusport.fr\/blog\/wp-content\/uploads\/2021\/09\/Flandres-2021-Senechal-Cavagna-Cosnefroy-Demare-et-Laporte-autour-dAlaphilippe.png","keywords":["Championnats du monde de cyclisme","\u00c9quipe de France de cyclisme"],"articleSection":["Cyclisme sur route"],"inLanguage":"fr-FR","potentialAction":[{"@type":"CommentAction","name":"Comment","target":["https:\/\/dicodusport.fr\/blog\/flandres-2021-senechal-cavagna-demare-laporte-autour-de-julian-alaphilippe\/#respond"]}],"copyrightYear":"2021","copyrightHolder":{"@id":"https:\/\/dicodusport.fr\/blog\/#organization"}},{"@type":"WebPage","@id":"https:\/\/dicodusport.fr\/blog\/flandres-2021-senechal-cavagna-demare-laporte-autour-de-julian-alaphilippe\/","url":"https:\/\/dicodusport.fr\/blog\/flandres-2021-senechal-cavagna-demare-laporte-autour-de-julian-alaphilippe\/","name":"Flandres 2021 : S\u00e9n\u00e9chal, Cavagna, Cosnefroy, D\u00e9mare et Laporte autour d'Alaphilippe","isPartOf":{"@id":"https:\/\/dicodusport.fr\/blog\/#website"},"primaryImageOfPage":{"@id":"https:\/\/dicodusport.fr\/blog\/flandres-2021-senechal-cavagna-demare-laporte-autour-de-julian-alaphilippe\/#primaryimage"},"image":{"@id":"https:\/\/dicodusport.fr\/blog\/flandres-2021-senechal-cavagna-demare-laporte-autour-de-julian-alaphilippe\/#primaryimage"},"thumbnailUrl":"https:\/\/dicodusport.fr\/blog\/wp-content\/uploads\/2021\/09\/Flandres-2021-Senechal-Cavagna-Cosnefroy-Demare-et-Laporte-autour-dAlaphilippe.png","datePublished":"2021-09-21T16:42:31+00:00","dateModified":"2021-09-21T17:59:18+00:00","description":"CHAMPIONNATS DU MONDE DE CYCLISME 2021 - Thomas Voeckler a d\u00e9voil\u00e9 la liste des coureurs de l'\u00e9quipe de France lors de la course en ligne hommes.","breadcrumb":{"@id":"https:\/\/dicodusport.fr\/blog\/flandres-2021-senechal-cavagna-demare-laporte-autour-de-julian-alaphilippe\/#breadcrumb"},"inLanguage":"fr-FR","potentialAction":[{"@type":"ReadAction","target":["https:\/\/dicodusport.fr\/blog\/flandres-2021-senechal-cavagna-demare-laporte-autour-de-julian-alaphilippe\/"]}]},{"@type":"ImageObject","inLanguage":"fr-FR","@id":"https:\/\/dicodusport.fr\/blog\/flandres-2021-senechal-cavagna-demare-laporte-autour-de-julian-alaphilippe\/#primaryimage","url":"https:\/\/dicodusport.fr\/blog\/wp-content\/uploads\/2021\/09\/Flandres-2021-Senechal-Cavagna-Cosnefroy-Demare-et-Laporte-autour-dAlaphilippe.png","contentUrl":"https:\/\/dicodusport.fr\/blog\/wp-content\/uploads\/2021\/09\/Flandres-2021-Senechal-Cavagna-Cosnefroy-Demare-et-Laporte-autour-dAlaphilippe.png","width":800,"height":445,"caption":"Flandres 2021 : S\u00e9n\u00e9chal, Cavagna, Cosnefroy, D\u00e9mare et Laporte autour d'Alaphilippe"},{"@type":"BreadcrumbList","@id":"https:\/\/dicodusport.fr\/blog\/flandres-2021-senechal-cavagna-demare-laporte-autour-de-julian-alaphilippe\/#breadcrumb","itemListElement":[{"@type":"ListItem","position":1,"name":"Accueil","item":"https:\/\/dicodusport.fr\/blog\/"},{"@type":"ListItem","position":2,"name":"Flandres 2021 : S\u00e9n\u00e9chal, Cavagna, Cosnefroy, D\u00e9mare et Laporte autour d&rsquo;Alaphilippe"}]},{"@type":"WebSite","@id":"https:\/\/dicodusport.fr\/blog\/#website","url":"https:\/\/dicodusport.fr\/blog\/","name":"Dicodusport","description":"L&#039;encyclop\u00e9die de l&#039;actualit\u00e9 sportive","publisher":{"@id":"https:\/\/dicodusport.fr\/blog\/#organization"},"potentialAction":[{"@type":"SearchAction","target":{"@type":"EntryPoint","urlTemplate":"https:\/\/dicodusport.fr\/blog\/?s={search_term_string}"},"query-input":{"@type":"PropertyValueSpecification","valueRequired":true,"valueName":"search_term_string"}}],"inLanguage":"fr-FR"},{"@type":"NewsMediaOrganization","@id":"https:\/\/dicodusport.fr\/blog\/#organization","name":"Dicodusport","url":"https:\/\/dicodusport.fr\/blog\/","logo":{"@type":"ImageObject","inLanguage":"fr-FR","@id":"https:\/\/dicodusport.fr\/blog\/#\/schema\/logo\/image\/","url":"https:\/\/dicodusport.fr\/blog\/wp-content\/uploads\/2020\/06\/cropped-LOGO-DICODUSPORT-2020-SANS-FOND-SANS-TEXTE.png","contentUrl":"https:\/\/dicodusport.fr\/blog\/wp-content\/uploads\/2020\/06\/cropped-LOGO-DICODUSPORT-2020-SANS-FOND-SANS-TEXTE.png","width":512,"height":512,"caption":"Dicodusport"},"image":{"@id":"https:\/\/dicodusport.fr\/blog\/#\/schema\/logo\/image\/"},"sameAs":["https:\/\/www.facebook.com\/dicodusport","https:\/\/x.com\/dicodusport","https:\/\/www.instagram.com\/dicodusport\/","https:\/\/www.youtube.com\/channel\/UC7V2KZ5sd3htJivAbA4ZG3w"],"description":"Dicodusport est l'encyclop\u00e9die de l'actualit\u00e9 sportive.","email":"bonjour@dicodusport.fr","legalName":"DICODUSPORT","foundingDate":"2018-01-14","vatID":"FR71834470973","taxID":"83447097300043","numberOfEmployees":{"@type":"QuantitativeValue","minValue":"1","maxValue":"10"}},{"@type":"Person","@id":"https:\/\/dicodusport.fr\/blog\/#\/schema\/person\/cb02af4c173ce4a653b55e9baf388d4a","name":"Flo Ostermann","image":{"@type":"ImageObject","inLanguage":"fr-FR","@id":"https:\/\/dicodusport.fr\/blog\/#\/schema\/person\/image\/","url":"https:\/\/dicodusport.fr\/blog\/wp-content\/uploads\/2021\/05\/Flo-Ostermann-150x150.jpg","contentUrl":"https:\/\/dicodusport.fr\/blog\/wp-content\/uploads\/2021\/05\/Flo-Ostermann-150x150.jpg","caption":"Flo Ostermann"},"description":"Journaliste\/R\u00e9dacteur depuis septembre 2015 - Mes premiers souvenirs dans le sport ? Les envol\u00e9es du Stade Toulousain et les duels Villeneuve-Schumacher et H\u00e4kkinen-Schumacher \u00e0 la fin des ann\u00e9es 90, la Coupe du monde de football en 1998, l\u2019exploit du XV de France face aux All Blacks en 1999, mais aussi Richard C\u0153ur de Lion qui vole sur les montagnes du Tour de France. Bien parti pour devenir professeur d\u2019EPS, les \u00e9v\u00e9nements de la vie (et la flemme d\u2019animer des s\u00e9ances de 3x500 m\u00e8tres toute ma vie) m\u2019ont conduit \u00e0 revoir mes plans. Me voil\u00e0 depuis fin 2017 sur Dicodusport, m\u00e9dia gr\u00e2ce (et pour) lequel je partage ma passion : le sport dans tous ses \u00e9tats. Le tout accompagn\u00e9 par les fous furieux et folles furieuses cit\u00e9s sur cette page !","sameAs":["https:\/\/www.facebook.com\/florent.ostermann","https:\/\/x.com\/https:\/\/twitter.com\/FlOstermann","admin"],"url":"https:\/\/dicodusport.fr\/blog\/author\/flo\/"}]}},"_links":{"self":[{"href":"https:\/\/dicodusport.fr\/blog\/wp-json\/wp\/v2\/posts\/168305","targetHints":{"allow":["GET"]}}],"collection":[{"href":"https:\/\/dicodusport.fr\/blog\/wp-json\/wp\/v2\/posts"}],"about":[{"href":"https:\/\/dicodusport.fr\/blog\/wp-json\/wp\/v2\/types\/post"}],"author":[{"embeddable":true,"href":"https:\/\/dicodusport.fr\/blog\/wp-json\/wp\/v2\/users\/4"}],"replies":[{"embeddable":true,"href":"https:\/\/dicodusport.fr\/blog\/wp-json\/wp\/v2\/comments?post=168305"}],"version-history":[{"count":0,"href":"https:\/\/dicodusport.fr\/blog\/wp-json\/wp\/v2\/posts\/168305\/revisions"}],"wp:featuredmedia":[{"embeddable":true,"href":"https:\/\/dicodusport.fr\/blog\/wp-json\/wp\/v2\/media\/168306"}],"wp:attachment":[{"href":"https:\/\/dicodusport.fr\/blog\/wp-json\/wp\/v2\/media?parent=168305"}],"wp:term":[{"taxonomy":"category","embeddable":true,"href":"https:\/\/dicodusport.fr\/blog\/wp-json\/wp\/v2\/categories?post=168305"},{"taxonomy":"post_tag","embeddable":true,"href":"https:\/\/dicodusport.fr\/blog\/wp-json\/wp\/v2\/tags?post=168305"}],"curies":[{"name":"wp","href":"https:\/\/api.w.org\/{rel}","templated":true}]}}