{"id":168419,"date":"2021-10-08T14:36:10","date_gmt":"2021-10-08T12:36:10","guid":{"rendered":"https:\/\/dicodusport.fr\/blog\/?p=168419"},"modified":"2021-10-08T15:49:10","modified_gmt":"2021-10-08T13:49:10","slug":"tour-de-lombardie-2021-le-parcours-en-detail","status":"publish","type":"post","link":"https:\/\/dicodusport.fr\/blog\/tour-de-lombardie-2021-le-parcours-en-detail\/","title":{"rendered":"Tour de Lombardie 2021 : Le parcours en d\u00e9tail"},"content":{"rendered":"<p style=\"text-align: justify;\"><em><strong>CYCLISME &#8211; La 115\u00e8me \u00e9dition du Tour de Lombardie aura lieu le 9 octobre 2021 et sera le dernier Monument de la saison de cyclisme sur route. Le parcours sera long de 239 kilom\u00e8tres de<\/strong> <\/em><em><strong>C\u00f4me \u00e0 Bergame avec sept difficult\u00e9s au programme et un d\u00e9nivel\u00e9 positif de 4500 m\u00e8tres.<br \/>\n<\/strong><\/em><\/p>\n<p style=\"text-align: justify;\">D&rsquo;abord, les coureurs s&rsquo;\u00e9lanceront de <strong>C\u00f4me<\/strong>, lieu d&rsquo;arriv\u00e9e des quatre derni\u00e8res \u00e9ditions du Tour de Lombardie, pour prendre la direction de <strong>Cant\u00f9 <\/strong>et d&rsquo;<strong>Asso. <\/strong><\/p>\n<p style=\"text-align: justify;\">Puis, les coureurs grimperont la premi\u00e8re ascension de la journ\u00e9e : la <strong>Madonna delle Ghisallo (8,8 km \u00e0 3,9 %)<\/strong>. Les deux premiers tiers de cette mont\u00e9e seront plut\u00f4t roulant malgr\u00e9 des rampes \u00e0 pr\u00e8s de 7 % au pied. Les 3 derniers kilom\u00e8tres pr\u00e9senteront des pourcentages plus int\u00e9ressants entre 5 et 8 %. Ensuite, les coureurs redescendront sur <strong>Bellagio<\/strong> afin de rejoindre <strong>Lecco<\/strong> le long des rives du Lac de C\u00f4me, pour atteindre <strong>Almenno San Bartolomeo<\/strong>. En entrant dans la province de Bergame, ils entreront dans la partie de course la plus difficile avec une accumulation d&rsquo;ascension.<\/p>\n<h2 style=\"text-align: justify;\"><strong>Un encha\u00eenement de mont\u00e9es d\u00e9cisif<\/strong><\/h2>\n<p style=\"text-align: justify;\">La premi\u00e8re mont\u00e9e de cette section sera la <strong>Roncola<\/strong> (9,4 km \u00e0 4,6 %). Apr\u00e8s 1500 premiers m\u00e8tres plut\u00f4t roulants \u00e0 3,2 %, la route s\u2019\u00e9l\u00e8vera s\u00e9rieusement pendant 1,5 kilom\u00e8tres \u00e0 pr\u00e8s de 10 % de moyenne avec des pentes allant jusqu&rsquo;\u00e0 17 %. Apr\u00e8s un tout petit replat, sur 4,5 kilom\u00e8tres, la route restera tr\u00e8s difficile sur des rampes \u00e0 8,2 %. Les 1900 derniers m\u00e8tres seront faciles \u00e0 3,3 %.<\/p>\n<p style=\"text-align: justify;\">Par la suite, la deuxi\u00e8me difficult\u00e9 de la journ\u00e9e sera la mont\u00e9e vers <strong>Berbenno<\/strong> (6,8 km \u00e0 4,6 %) qui pr\u00e9sentera des pentes r\u00e9guli\u00e8res autour 6 % avec une petit portion assez plate au milieu. Le passage le plus dur sera \u00e0 8 % dans la premi\u00e8re moiti\u00e9 de l&rsquo;ascension.<\/p>\n<p style=\"text-align: justify;\">Viendra ensuite la mont\u00e9e de <strong>Dossena<\/strong> (11 km \u00e0 6,2 %). Au sommet, pas de r\u00e9elle descente, puisqu&rsquo;il y a aura un faux-plat descendant sur pr\u00e8s de 3 kilom\u00e8tres avec une petite descente sur la fin avant d&rsquo;attaquer la mont\u00e9e du <strong>Zambla Alta<\/strong> (9 km \u00e0 3,5 %). Apr\u00e8s un pied autour des 7 %, ce sera une longue portion plate avant les 2,5 derniers kilom\u00e8tres \u00e0 7 %.<\/p>\n<p style=\"text-align: justify;\">Le peloton grimpera ensuite le <strong>Passo di Ganda<\/strong> (9,2 km \u00e0 7,3 %). Cette ascension sera en deux parties. La premi\u00e8re sera r\u00e9guli\u00e8re sur 6,5 kilom\u00e8tres avec des rampes \u00e0 6,6 % de moyenne. La seconde sera certes beaucoup plus courte (2700 m\u00e8tres) mais pr\u00e9sentera des pentes difficiles \u00e0 9,8 % de moyenne avec un passage \u00e0 15 % \u00e0 un kilom\u00e8tre du sommet. Au sommet, les concurrents basculeront dans une descente avec 19 virages en \u00e9pingle \u00e0 cheveux jusqu&rsquo;\u00e0 <strong>Nembro<\/strong>.<\/p>\n<p style=\"text-align: justify;\">Ils parcourront ensuite 9 kilom\u00e8tres de plat jusqu&rsquo;\u00e0 la p\u00e9riph\u00e9rie de Bergame. A partir de l\u00e0, il y aura le passage embl\u00e9matique \u00e0 travers la Citt\u00e0 Alta via Porta Garibaldi avec 200 m\u00e8tres de route pav\u00e9e jusqu&rsquo;\u00e0 Largo Aperto. Dans cette ultime mont\u00e9e, les pentes seront toujours sup\u00e9rieures \u00e0 10 % sur une route \u00e9troite. Au sommet, les coureurs plongeront dans une courte descente sur une route large.<\/p>\n<p style=\"text-align: justify;\">A 1 800m de l&rsquo;arriv\u00e9e, il y aura un virage serr\u00e9 avec un court goulot d&rsquo;\u00e9tranglement pour franchir la Porta Sant&rsquo;Agostino. Apr\u00e8s la flamme rouge, une large courbe \u00e0 gauche attend les coureurs avant de rejoindre la ligne droite qui m\u00e8ne \u00e0 l&rsquo;arriv\u00e9e. La ligne droite finale fait 800 m de long sur la<strong> viale Giovanni XXIII<\/strong>.<\/p>\n<h2 style=\"text-align: justify;\"><strong>La carte du parcours du Tour de Lombardie 2021<\/strong><\/h2>\n<div id=\"attachment_172017\" style=\"width: 862px\" class=\"wp-caption aligncenter\"><a href=\"https:\/\/dicodusport.fr\/blog\/wp-content\/uploads\/2021\/10\/Tour-de-Lombardie-2021-La-carte-du-parcours.jpg\"><img loading=\"lazy\" decoding=\"async\" aria-describedby=\"caption-attachment-172017\" class=\"size-full wp-image-172017\" src=\"https:\/\/dicodusport.fr\/blog\/wp-content\/uploads\/2021\/10\/Tour-de-Lombardie-2021-La-carte-du-parcours.jpg\" alt=\"Tour de Lombardie 2021 : Le parcours en d\u00e9tail\" width=\"852\" height=\"944\" srcset=\"https:\/\/dicodusport.fr\/blog\/wp-content\/uploads\/2021\/10\/Tour-de-Lombardie-2021-La-carte-du-parcours.jpg 852w, https:\/\/dicodusport.fr\/blog\/wp-content\/uploads\/2021\/10\/Tour-de-Lombardie-2021-La-carte-du-parcours-271x300.jpg 271w, https:\/\/dicodusport.fr\/blog\/wp-content\/uploads\/2021\/10\/Tour-de-Lombardie-2021-La-carte-du-parcours-768x851.jpg 768w\" sizes=\"auto, (max-width: 852px) 100vw, 852px\" \/><\/a><p id=\"caption-attachment-172017\" class=\"wp-caption-text\">Tour de Lombardie 2021 : Le parcours en d\u00e9tail<\/p><\/div>\n<h2 style=\"text-align: justify;\"><strong>\u00c0 lire aussi<\/strong><\/h2>\n<ul>\n<li style=\"text-align: justify;\"><a href=\"https:\/\/dicodusport.fr\/blog\/tour-de-lombardie-2021-le-profil-de-la-course\/\"><strong>Le profil du Tour de Lombardie 2021<\/strong><\/a><\/li>\n<\/ul>\n<p style=\"text-align: justify;\">\n","protected":false},"excerpt":{"rendered":"<p>CYCLISME &#8211; La 115\u00e8me \u00e9dition du Tour de Lombardie aura lieu le 9 octobre 2021 et sera le dernier Monument de la saison de cyclisme sur route. Le parcours sera long de 239 kilom\u00e8tres de C\u00f4me \u00e0 Bergame avec sept difficult\u00e9s au programme et un d\u00e9nivel\u00e9 positif de 4500 m\u00e8tres.<\/p>\n","protected":false},"author":48,"featured_media":172019,"comment_status":"open","ping_status":"closed","sticky":false,"template":"","format":"standard","meta":{"_acf_changed":false,"_daextam_enable_autolinks":"","footnotes":""},"categories":[2307],"tags":[3119,4168],"class_list":["post-168419","post","type-post","status-publish","format-standard","has-post-thumbnail","hentry","category-cyclisme","tag-actualite-cyclisme","tag-tour-de-lombardie"],"acf":[],"yoast_head":"<!-- This site is optimized with the Yoast SEO Premium plugin v26.7 (Yoast SEO v26.7) - https:\/\/yoast.com\/wordpress\/plugins\/seo\/ -->\n<title>Tour de Lombardie 2021 : Le parcours en d\u00e9tail<\/title>\n<meta name=\"description\" content=\"CYCLISME - La 115\u00e8me \u00e9dition du Tour de Lombardie aura lieu le 9 octobre 2021. D\u00e9couvrez le parcours en d\u00e9tail.\" \/>\n<meta name=\"robots\" content=\"index, follow, max-snippet:-1, max-image-preview:large, max-video-preview:-1\" \/>\n<link rel=\"canonical\" href=\"https:\/\/dicodusport.fr\/blog\/tour-de-lombardie-2021-le-parcours-en-detail\/\" \/>\n<meta property=\"og:locale\" content=\"fr_FR\" \/>\n<meta property=\"og:type\" content=\"article\" \/>\n<meta property=\"og:title\" content=\"Tour de Lombardie 2021 : Le parcours en d\u00e9tail\" \/>\n<meta property=\"og:description\" content=\"CYCLISME - La 115\u00e8me \u00e9dition du Tour de Lombardie aura lieu le 9 octobre 2021. D\u00e9couvrez le parcours en d\u00e9tail.\" \/>\n<meta property=\"og:url\" content=\"https:\/\/dicodusport.fr\/blog\/tour-de-lombardie-2021-le-parcours-en-detail\/\" \/>\n<meta property=\"og:site_name\" content=\"Dicodusport\" \/>\n<meta property=\"article:publisher\" content=\"https:\/\/www.facebook.com\/dicodusport\" \/>\n<meta property=\"article:author\" content=\"https:\/\/www.facebook.com\/groups\/LesRoisDuPeloton\" \/>\n<meta property=\"article:published_time\" content=\"2021-10-08T12:36:10+00:00\" \/>\n<meta property=\"article:modified_time\" content=\"2021-10-08T13:49:10+00:00\" \/>\n<meta property=\"og:image\" content=\"https:\/\/dicodusport.fr\/blog\/wp-content\/uploads\/2021\/10\/Tour-de-Lombardie-2021-Le-parcours-en-detail.png\" \/>\n\t<meta property=\"og:image:width\" content=\"800\" \/>\n\t<meta property=\"og:image:height\" content=\"445\" \/>\n\t<meta property=\"og:image:type\" content=\"image\/png\" \/>\n<meta name=\"author\" content=\"Emilien Descampiaux\" \/>\n<meta name=\"twitter:card\" content=\"summary_large_image\" \/>\n<meta name=\"twitter:title\" content=\"Tour de Lombardie 2021 : Le parcours en d\u00e9tail\" \/>\n<meta name=\"twitter:creator\" content=\"@https:\/\/twitter.com\/LRoisDuPeloton\" \/>\n<meta name=\"twitter:site\" content=\"@dicodusport\" \/>\n<script type=\"application\/ld+json\" class=\"yoast-schema-graph\">{\"@context\":\"https:\/\/schema.org\",\"@graph\":[{\"@type\":\"NewsArticle\",\"@id\":\"https:\/\/dicodusport.fr\/blog\/tour-de-lombardie-2021-le-parcours-en-detail\/#article\",\"isPartOf\":{\"@id\":\"https:\/\/dicodusport.fr\/blog\/tour-de-lombardie-2021-le-parcours-en-detail\/\"},\"author\":{\"name\":\"Emilien Descampiaux\",\"@id\":\"https:\/\/dicodusport.fr\/blog\/#\/schema\/person\/6db4bae06b171592211be385b32876a7\"},\"headline\":\"Tour de Lombardie 2021 : Le parcours en d\u00e9tail\",\"datePublished\":\"2021-10-08T12:36:10+00:00\",\"dateModified\":\"2021-10-08T13:49:10+00:00\",\"mainEntityOfPage\":{\"@id\":\"https:\/\/dicodusport.fr\/blog\/tour-de-lombardie-2021-le-parcours-en-detail\/\"},\"wordCount\":601,\"commentCount\":0,\"publisher\":{\"@id\":\"https:\/\/dicodusport.fr\/blog\/#organization\"},\"image\":{\"@id\":\"https:\/\/dicodusport.fr\/blog\/tour-de-lombardie-2021-le-parcours-en-detail\/#primaryimage\"},\"thumbnailUrl\":\"https:\/\/dicodusport.fr\/blog\/wp-content\/uploads\/2021\/10\/Tour-de-Lombardie-2021-Le-parcours-en-detail.png\",\"keywords\":[\"Actualit\u00e9 Cyclisme\",\"Tour de Lombardie\"],\"articleSection\":[\"Cyclisme\"],\"inLanguage\":\"fr-FR\",\"potentialAction\":[{\"@type\":\"CommentAction\",\"name\":\"Comment\",\"target\":[\"https:\/\/dicodusport.fr\/blog\/tour-de-lombardie-2021-le-parcours-en-detail\/#respond\"]}],\"copyrightYear\":\"2021\",\"copyrightHolder\":{\"@id\":\"https:\/\/dicodusport.fr\/blog\/#organization\"}},{\"@type\":\"WebPage\",\"@id\":\"https:\/\/dicodusport.fr\/blog\/tour-de-lombardie-2021-le-parcours-en-detail\/\",\"url\":\"https:\/\/dicodusport.fr\/blog\/tour-de-lombardie-2021-le-parcours-en-detail\/\",\"name\":\"Tour de Lombardie 2021 : Le parcours en d\u00e9tail\",\"isPartOf\":{\"@id\":\"https:\/\/dicodusport.fr\/blog\/#website\"},\"primaryImageOfPage\":{\"@id\":\"https:\/\/dicodusport.fr\/blog\/tour-de-lombardie-2021-le-parcours-en-detail\/#primaryimage\"},\"image\":{\"@id\":\"https:\/\/dicodusport.fr\/blog\/tour-de-lombardie-2021-le-parcours-en-detail\/#primaryimage\"},\"thumbnailUrl\":\"https:\/\/dicodusport.fr\/blog\/wp-content\/uploads\/2021\/10\/Tour-de-Lombardie-2021-Le-parcours-en-detail.png\",\"datePublished\":\"2021-10-08T12:36:10+00:00\",\"dateModified\":\"2021-10-08T13:49:10+00:00\",\"description\":\"CYCLISME - La 115\u00e8me \u00e9dition du Tour de Lombardie aura lieu le 9 octobre 2021. D\u00e9couvrez le parcours en d\u00e9tail.\",\"breadcrumb\":{\"@id\":\"https:\/\/dicodusport.fr\/blog\/tour-de-lombardie-2021-le-parcours-en-detail\/#breadcrumb\"},\"inLanguage\":\"fr-FR\",\"potentialAction\":[{\"@type\":\"ReadAction\",\"target\":[\"https:\/\/dicodusport.fr\/blog\/tour-de-lombardie-2021-le-parcours-en-detail\/\"]}]},{\"@type\":\"ImageObject\",\"inLanguage\":\"fr-FR\",\"@id\":\"https:\/\/dicodusport.fr\/blog\/tour-de-lombardie-2021-le-parcours-en-detail\/#primaryimage\",\"url\":\"https:\/\/dicodusport.fr\/blog\/wp-content\/uploads\/2021\/10\/Tour-de-Lombardie-2021-Le-parcours-en-detail.png\",\"contentUrl\":\"https:\/\/dicodusport.fr\/blog\/wp-content\/uploads\/2021\/10\/Tour-de-Lombardie-2021-Le-parcours-en-detail.png\",\"width\":800,\"height\":445,\"caption\":\"Tour de Lombardie 2021 : Le parcours en d\u00e9tail\"},{\"@type\":\"BreadcrumbList\",\"@id\":\"https:\/\/dicodusport.fr\/blog\/tour-de-lombardie-2021-le-parcours-en-detail\/#breadcrumb\",\"itemListElement\":[{\"@type\":\"ListItem\",\"position\":1,\"name\":\"Accueil\",\"item\":\"https:\/\/dicodusport.fr\/blog\/\"},{\"@type\":\"ListItem\",\"position\":2,\"name\":\"Tour de Lombardie 2021 : Le parcours en d\u00e9tail\"}]},{\"@type\":\"WebSite\",\"@id\":\"https:\/\/dicodusport.fr\/blog\/#website\",\"url\":\"https:\/\/dicodusport.fr\/blog\/\",\"name\":\"Dicodusport\",\"description\":\"L&#039;encyclop\u00e9die de l&#039;actualit\u00e9 sportive\",\"publisher\":{\"@id\":\"https:\/\/dicodusport.fr\/blog\/#organization\"},\"potentialAction\":[{\"@type\":\"SearchAction\",\"target\":{\"@type\":\"EntryPoint\",\"urlTemplate\":\"https:\/\/dicodusport.fr\/blog\/?s={search_term_string}\"},\"query-input\":{\"@type\":\"PropertyValueSpecification\",\"valueRequired\":true,\"valueName\":\"search_term_string\"}}],\"inLanguage\":\"fr-FR\"},{\"@type\":\"NewsMediaOrganization\",\"@id\":\"https:\/\/dicodusport.fr\/blog\/#organization\",\"name\":\"Dicodusport\",\"url\":\"https:\/\/dicodusport.fr\/blog\/\",\"logo\":{\"@type\":\"ImageObject\",\"inLanguage\":\"fr-FR\",\"@id\":\"https:\/\/dicodusport.fr\/blog\/#\/schema\/logo\/image\/\",\"url\":\"https:\/\/dicodusport.fr\/blog\/wp-content\/uploads\/2020\/06\/cropped-LOGO-DICODUSPORT-2020-SANS-FOND-SANS-TEXTE.png\",\"contentUrl\":\"https:\/\/dicodusport.fr\/blog\/wp-content\/uploads\/2020\/06\/cropped-LOGO-DICODUSPORT-2020-SANS-FOND-SANS-TEXTE.png\",\"width\":512,\"height\":512,\"caption\":\"Dicodusport\"},\"image\":{\"@id\":\"https:\/\/dicodusport.fr\/blog\/#\/schema\/logo\/image\/\"},\"sameAs\":[\"https:\/\/www.facebook.com\/dicodusport\",\"https:\/\/x.com\/dicodusport\",\"https:\/\/www.instagram.com\/dicodusport\/\",\"https:\/\/www.youtube.com\/channel\/UC7V2KZ5sd3htJivAbA4ZG3w\"],\"description\":\"Dicodusport est l'encyclop\u00e9die de l'actualit\u00e9 sportive.\",\"email\":\"bonjour@dicodusport.fr\",\"legalName\":\"DICODUSPORT\",\"foundingDate\":\"2018-01-14\",\"vatID\":\"FR71834470973\",\"taxID\":\"83447097300043\",\"numberOfEmployees\":{\"@type\":\"QuantitativeValue\",\"minValue\":\"1\",\"maxValue\":\"10\"}},{\"@type\":\"Person\",\"@id\":\"https:\/\/dicodusport.fr\/blog\/#\/schema\/person\/6db4bae06b171592211be385b32876a7\",\"name\":\"Emilien Descampiaux\",\"image\":{\"@type\":\"ImageObject\",\"inLanguage\":\"fr-FR\",\"@id\":\"https:\/\/dicodusport.fr\/blog\/#\/schema\/person\/image\/\",\"url\":\"https:\/\/dicodusport.fr\/blog\/wp-content\/uploads\/2021\/05\/Emilien-Descampiaux-150x150.jpg\",\"contentUrl\":\"https:\/\/dicodusport.fr\/blog\/wp-content\/uploads\/2021\/05\/Emilien-Descampiaux-150x150.jpg\",\"caption\":\"Emilien Descampiaux\"},\"description\":\"Journaliste\/r\u00e9dacteur depuis 2014 - Fan de la classe de Frank Vandenbroucke, je vis cyclisme (et de ses paysages) depuis plus de 20 ans. Je suis tr\u00e8s impliqu\u00e9 sur mes diff\u00e9rents r\u00e9seaux sociaux pour partager ma passion sur le monde et l'Histoire de la bicyclette avec ma voix sur les images en noir et blanc du succ\u00e8s de Rik Van Steenbergen lors du Ronde sur le V\u00e9lodrome de Gand.\",\"sameAs\":[\"https:\/\/www.facebook.com\/groups\/LesRoisDuPeloton\",\"https:\/\/x.com\/https:\/\/twitter.com\/LRoisDuPeloton\"],\"url\":\"https:\/\/dicodusport.fr\/blog\/author\/emiliend\/\"}]}<\/script>\n<!-- \/ Yoast SEO Premium plugin. -->","yoast_head_json":{"title":"Tour de Lombardie 2021 : Le parcours en d\u00e9tail","description":"CYCLISME - La 115\u00e8me \u00e9dition du Tour de Lombardie aura lieu le 9 octobre 2021. D\u00e9couvrez le parcours en d\u00e9tail.","robots":{"index":"index","follow":"follow","max-snippet":"max-snippet:-1","max-image-preview":"max-image-preview:large","max-video-preview":"max-video-preview:-1"},"canonical":"https:\/\/dicodusport.fr\/blog\/tour-de-lombardie-2021-le-parcours-en-detail\/","og_locale":"fr_FR","og_type":"article","og_title":"Tour de Lombardie 2021 : Le parcours en d\u00e9tail","og_description":"CYCLISME - La 115\u00e8me \u00e9dition du Tour de Lombardie aura lieu le 9 octobre 2021. D\u00e9couvrez le parcours en d\u00e9tail.","og_url":"https:\/\/dicodusport.fr\/blog\/tour-de-lombardie-2021-le-parcours-en-detail\/","og_site_name":"Dicodusport","article_publisher":"https:\/\/www.facebook.com\/dicodusport","article_author":"https:\/\/www.facebook.com\/groups\/LesRoisDuPeloton","article_published_time":"2021-10-08T12:36:10+00:00","article_modified_time":"2021-10-08T13:49:10+00:00","og_image":[{"width":800,"height":445,"url":"https:\/\/dicodusport.fr\/blog\/wp-content\/uploads\/2021\/10\/Tour-de-Lombardie-2021-Le-parcours-en-detail.png","type":"image\/png"}],"author":"Emilien Descampiaux","twitter_card":"summary_large_image","twitter_title":"Tour de Lombardie 2021 : Le parcours en d\u00e9tail","twitter_creator":"@https:\/\/twitter.com\/LRoisDuPeloton","twitter_site":"@dicodusport","schema":{"@context":"https:\/\/schema.org","@graph":[{"@type":"NewsArticle","@id":"https:\/\/dicodusport.fr\/blog\/tour-de-lombardie-2021-le-parcours-en-detail\/#article","isPartOf":{"@id":"https:\/\/dicodusport.fr\/blog\/tour-de-lombardie-2021-le-parcours-en-detail\/"},"author":{"name":"Emilien Descampiaux","@id":"https:\/\/dicodusport.fr\/blog\/#\/schema\/person\/6db4bae06b171592211be385b32876a7"},"headline":"Tour de Lombardie 2021 : Le parcours en d\u00e9tail","datePublished":"2021-10-08T12:36:10+00:00","dateModified":"2021-10-08T13:49:10+00:00","mainEntityOfPage":{"@id":"https:\/\/dicodusport.fr\/blog\/tour-de-lombardie-2021-le-parcours-en-detail\/"},"wordCount":601,"commentCount":0,"publisher":{"@id":"https:\/\/dicodusport.fr\/blog\/#organization"},"image":{"@id":"https:\/\/dicodusport.fr\/blog\/tour-de-lombardie-2021-le-parcours-en-detail\/#primaryimage"},"thumbnailUrl":"https:\/\/dicodusport.fr\/blog\/wp-content\/uploads\/2021\/10\/Tour-de-Lombardie-2021-Le-parcours-en-detail.png","keywords":["Actualit\u00e9 Cyclisme","Tour de Lombardie"],"articleSection":["Cyclisme"],"inLanguage":"fr-FR","potentialAction":[{"@type":"CommentAction","name":"Comment","target":["https:\/\/dicodusport.fr\/blog\/tour-de-lombardie-2021-le-parcours-en-detail\/#respond"]}],"copyrightYear":"2021","copyrightHolder":{"@id":"https:\/\/dicodusport.fr\/blog\/#organization"}},{"@type":"WebPage","@id":"https:\/\/dicodusport.fr\/blog\/tour-de-lombardie-2021-le-parcours-en-detail\/","url":"https:\/\/dicodusport.fr\/blog\/tour-de-lombardie-2021-le-parcours-en-detail\/","name":"Tour de Lombardie 2021 : Le parcours en d\u00e9tail","isPartOf":{"@id":"https:\/\/dicodusport.fr\/blog\/#website"},"primaryImageOfPage":{"@id":"https:\/\/dicodusport.fr\/blog\/tour-de-lombardie-2021-le-parcours-en-detail\/#primaryimage"},"image":{"@id":"https:\/\/dicodusport.fr\/blog\/tour-de-lombardie-2021-le-parcours-en-detail\/#primaryimage"},"thumbnailUrl":"https:\/\/dicodusport.fr\/blog\/wp-content\/uploads\/2021\/10\/Tour-de-Lombardie-2021-Le-parcours-en-detail.png","datePublished":"2021-10-08T12:36:10+00:00","dateModified":"2021-10-08T13:49:10+00:00","description":"CYCLISME - La 115\u00e8me \u00e9dition du Tour de Lombardie aura lieu le 9 octobre 2021. D\u00e9couvrez le parcours en d\u00e9tail.","breadcrumb":{"@id":"https:\/\/dicodusport.fr\/blog\/tour-de-lombardie-2021-le-parcours-en-detail\/#breadcrumb"},"inLanguage":"fr-FR","potentialAction":[{"@type":"ReadAction","target":["https:\/\/dicodusport.fr\/blog\/tour-de-lombardie-2021-le-parcours-en-detail\/"]}]},{"@type":"ImageObject","inLanguage":"fr-FR","@id":"https:\/\/dicodusport.fr\/blog\/tour-de-lombardie-2021-le-parcours-en-detail\/#primaryimage","url":"https:\/\/dicodusport.fr\/blog\/wp-content\/uploads\/2021\/10\/Tour-de-Lombardie-2021-Le-parcours-en-detail.png","contentUrl":"https:\/\/dicodusport.fr\/blog\/wp-content\/uploads\/2021\/10\/Tour-de-Lombardie-2021-Le-parcours-en-detail.png","width":800,"height":445,"caption":"Tour de Lombardie 2021 : Le parcours en d\u00e9tail"},{"@type":"BreadcrumbList","@id":"https:\/\/dicodusport.fr\/blog\/tour-de-lombardie-2021-le-parcours-en-detail\/#breadcrumb","itemListElement":[{"@type":"ListItem","position":1,"name":"Accueil","item":"https:\/\/dicodusport.fr\/blog\/"},{"@type":"ListItem","position":2,"name":"Tour de Lombardie 2021 : Le parcours en d\u00e9tail"}]},{"@type":"WebSite","@id":"https:\/\/dicodusport.fr\/blog\/#website","url":"https:\/\/dicodusport.fr\/blog\/","name":"Dicodusport","description":"L&#039;encyclop\u00e9die de l&#039;actualit\u00e9 sportive","publisher":{"@id":"https:\/\/dicodusport.fr\/blog\/#organization"},"potentialAction":[{"@type":"SearchAction","target":{"@type":"EntryPoint","urlTemplate":"https:\/\/dicodusport.fr\/blog\/?s={search_term_string}"},"query-input":{"@type":"PropertyValueSpecification","valueRequired":true,"valueName":"search_term_string"}}],"inLanguage":"fr-FR"},{"@type":"NewsMediaOrganization","@id":"https:\/\/dicodusport.fr\/blog\/#organization","name":"Dicodusport","url":"https:\/\/dicodusport.fr\/blog\/","logo":{"@type":"ImageObject","inLanguage":"fr-FR","@id":"https:\/\/dicodusport.fr\/blog\/#\/schema\/logo\/image\/","url":"https:\/\/dicodusport.fr\/blog\/wp-content\/uploads\/2020\/06\/cropped-LOGO-DICODUSPORT-2020-SANS-FOND-SANS-TEXTE.png","contentUrl":"https:\/\/dicodusport.fr\/blog\/wp-content\/uploads\/2020\/06\/cropped-LOGO-DICODUSPORT-2020-SANS-FOND-SANS-TEXTE.png","width":512,"height":512,"caption":"Dicodusport"},"image":{"@id":"https:\/\/dicodusport.fr\/blog\/#\/schema\/logo\/image\/"},"sameAs":["https:\/\/www.facebook.com\/dicodusport","https:\/\/x.com\/dicodusport","https:\/\/www.instagram.com\/dicodusport\/","https:\/\/www.youtube.com\/channel\/UC7V2KZ5sd3htJivAbA4ZG3w"],"description":"Dicodusport est l'encyclop\u00e9die de l'actualit\u00e9 sportive.","email":"bonjour@dicodusport.fr","legalName":"DICODUSPORT","foundingDate":"2018-01-14","vatID":"FR71834470973","taxID":"83447097300043","numberOfEmployees":{"@type":"QuantitativeValue","minValue":"1","maxValue":"10"}},{"@type":"Person","@id":"https:\/\/dicodusport.fr\/blog\/#\/schema\/person\/6db4bae06b171592211be385b32876a7","name":"Emilien Descampiaux","image":{"@type":"ImageObject","inLanguage":"fr-FR","@id":"https:\/\/dicodusport.fr\/blog\/#\/schema\/person\/image\/","url":"https:\/\/dicodusport.fr\/blog\/wp-content\/uploads\/2021\/05\/Emilien-Descampiaux-150x150.jpg","contentUrl":"https:\/\/dicodusport.fr\/blog\/wp-content\/uploads\/2021\/05\/Emilien-Descampiaux-150x150.jpg","caption":"Emilien Descampiaux"},"description":"Journaliste\/r\u00e9dacteur depuis 2014 - Fan de la classe de Frank Vandenbroucke, je vis cyclisme (et de ses paysages) depuis plus de 20 ans. Je suis tr\u00e8s impliqu\u00e9 sur mes diff\u00e9rents r\u00e9seaux sociaux pour partager ma passion sur le monde et l'Histoire de la bicyclette avec ma voix sur les images en noir et blanc du succ\u00e8s de Rik Van Steenbergen lors du Ronde sur le V\u00e9lodrome de Gand.","sameAs":["https:\/\/www.facebook.com\/groups\/LesRoisDuPeloton","https:\/\/x.com\/https:\/\/twitter.com\/LRoisDuPeloton"],"url":"https:\/\/dicodusport.fr\/blog\/author\/emiliend\/"}]}},"_links":{"self":[{"href":"https:\/\/dicodusport.fr\/blog\/wp-json\/wp\/v2\/posts\/168419","targetHints":{"allow":["GET"]}}],"collection":[{"href":"https:\/\/dicodusport.fr\/blog\/wp-json\/wp\/v2\/posts"}],"about":[{"href":"https:\/\/dicodusport.fr\/blog\/wp-json\/wp\/v2\/types\/post"}],"author":[{"embeddable":true,"href":"https:\/\/dicodusport.fr\/blog\/wp-json\/wp\/v2\/users\/48"}],"replies":[{"embeddable":true,"href":"https:\/\/dicodusport.fr\/blog\/wp-json\/wp\/v2\/comments?post=168419"}],"version-history":[{"count":0,"href":"https:\/\/dicodusport.fr\/blog\/wp-json\/wp\/v2\/posts\/168419\/revisions"}],"wp:featuredmedia":[{"embeddable":true,"href":"https:\/\/dicodusport.fr\/blog\/wp-json\/wp\/v2\/media\/172019"}],"wp:attachment":[{"href":"https:\/\/dicodusport.fr\/blog\/wp-json\/wp\/v2\/media?parent=168419"}],"wp:term":[{"taxonomy":"category","embeddable":true,"href":"https:\/\/dicodusport.fr\/blog\/wp-json\/wp\/v2\/categories?post=168419"},{"taxonomy":"post_tag","embeddable":true,"href":"https:\/\/dicodusport.fr\/blog\/wp-json\/wp\/v2\/tags?post=168419"}],"curies":[{"name":"wp","href":"https:\/\/api.w.org\/{rel}","templated":true}]}}